{"id":24158,"date":"2023-09-12T17:21:35","date_gmt":"2023-09-12T17:21:35","guid":{"rendered":"https:\/\/dmsjuridica.com\/buscador_20179478954\/salapenalcronologico20230723\/2023\/09\/12\/3783718-01-12\/"},"modified":"2023-09-12T17:21:35","modified_gmt":"2023-09-12T17:21:35","slug":"3783718-01-12","status":"publish","type":"post","link":"https:\/\/dmsjuridica.com\/buscador_20179478954\/salapenalcronologico20230723\/2023\/09\/12\/3783718-01-12\/","title":{"rendered":"37837(18-01-12)"},"content":{"rendered":"\n<p>\u00a0 \u00a0 Proceso n\u00ba 37837 \u00a0<\/p>\n<p>CORTE SUPREMA DE JUSTICIA \u00a0<\/p>\n<p>SALA DE CASACI\u00d3N PENAL \u00a0<\/p>\n<p>Aprobado \u00a0acta No. \u00a007 \u00a0\u00a0<\/p>\n<p>Magistrado Ponente: \u00a0<\/p>\n<p>JOS\u00c9 LEONIDAS BUSTOS MART\u00cdNEZ \u00a0<\/p>\n<p>Bogot\u00e1, \u00a0D. \u00a0C., \u00a0dieciocho \u00a0 de \u00a0enero \u00a0de \u00a0dos \u00a0mil \u00a0doce. \u00a0\u00a0<\/p>\n<p>Atendiendo \u00a0lo dispuesto por el art\u00edculo 70 \u00a0de \u00a0la \u00a0Ley 1453 de 2011, concept\u00faa la Corte sobre la \u00a0extradici\u00f3n \u00a0 del \u00a0 ciudadano \u00a0 colombiano \u00a0 RICHARD \u00a0ALEXANDER \u00a0DIXON \u00a0FIGUEROA, solicitada por el Gobierno \u00a0de los Estados Unidos de Am\u00e9rica. \u00a0\u00a0<\/p>\n<p>ANTECEDENTES \u00a0<\/p>\n<p>1.- \u00a0El \u00a0Gobierno \u00a0de \u00a0los Estados Unidos de \u00a0Am\u00e9rica, \u00a0por \u00a0conducto \u00a0de \u00a0su \u00a0Embajada en Colombia, mediante Nota Verbal No. \u00a02039 \u00a0 \u00a0fechada \u00a0 \u00a0el \u00a018 \u00a0 \u00a0 de \u00a0agosto \u00a0de \u00a02011, \u00a0 \u00a0dirigida \u00a0 al \u00a0Ministerio \u00a0de \u00a0Relaciones \u00a0Exteriores, \u00a0solicit\u00f3 la detenci\u00f3n provisional con \u00a0fines \u00a0de \u00a0extradici\u00f3n \u00a0del \u00a0se\u00f1or RICHARD ALEXANDER \u00a0DIXON \u00a0FIGUEROA, de quien informa que es ciudadano de \u00a0Colombia, \u00a0nacido \u00a0el \u00a021 de julio de 1970 \u00a0e identificado con la c\u00e9dula de ciudadan\u00eda n\u00famero 79.534.241. \u00a0\u00a0<\/p>\n<p>De \u00a0 esta \u00a0solicitud, \u00a0el \u00a0Ministerio \u00a0de \u00a0Relaciones \u00a0Exteriores \u00a0dio traslado al Ministerio del Interior y de Justicia, y \u00a0a \u00a0la \u00a0Fiscal \u00a0General de la Naci\u00f3n. Esta autoridad, mediante Resoluci\u00f3n de 29 \u00a0de \u00a0agosto \u00a0de \u00a02011, \u00a0libr\u00f3 \u00a0orden \u00a0de \u00a0captura \u00a0en su contra, la cual se hizo \u00a0efectiva \u00a0el \u00a01\u00ba \u00a0de septiembre siguiente en la ciudad de Bogot\u00e1, por miembros \u00a0de \u00a0 la \u00a0Direcci\u00f3n \u00a0de \u00a0Investigaci\u00f3n \u00a0Criminal \u00a0e \u00a0Interpol \u00a0de \u00a0la \u00a0Polic\u00eda \u00a0Nacional1. \u00a0\u00a0<\/p>\n<p>2.- \u00a0 Con \u00a0Nota \u00a0Verbal \u00a0No. \u00a02692 \u00a0 \u00a0del \u00a027 \u00a0 \u00a0 \u00a0 de \u00a0 \u00a0 \u00a0 octubre\u00a0 \u00a0 \u00a0 \u00a0de \u00a0 \u00a0 \u00a02011, \u00a0la \u00a0Embajada de los Estados Unidos de Am\u00e9rica formaliza ante el \u00a0Ministerio \u00a0de \u00a0Relaciones \u00a0Exteriores la solicitud de extradici\u00f3n del referido \u00a0ciudadano. \u00a0\u00a0<\/p>\n<p>Informa que RICHARD \u00a0ALEXANDER \u00a0DIXON FIGUEROA es requerido para comparecer \u00a0a \u00a0 juicio \u00a0por \u00a0delitos \u00a0federales \u00a0de \u00a0tr\u00e1fico \u00a0de \u00a0narc\u00f3ticos. \u00a0 \u00a0 Precisa \u00a0 \u00a0 que\u00a0 \u00a0\u201ces\u00a0 \u00a0el \u00a0 sujeto \u00a0 de \u00a0la \u00a0acusaci\u00f3n \u00a0No. \u00a011-20388 \u00a0CR-LENARD, \u00a0dictada el 7 \u00a0de \u00a0junio \u00a0de \u00a02011, en la \u00a0Corte \u00a0 Distrital \u00a0 de \u00a0 los \u00a0 Estados \u00a0Unidos \u00a0para \u00a0el \u00a0Distrito \u00a0Sur \u00a0 \u00a0 de \u00a0 \u00a0 Florida\u201d, \u00a0mediante \u00a0la \u00a0cual \u00a0se \u00a0le acusa de un \u00a0cargo \u00a0por \u00a0el \u00a0delito \u00a0de \u00a0concierto \u00a0para fabricar y \u00a0distribuir \u00a0una \u00a0sustancia controlada, (cinco kilogramos o m\u00e1s de coca\u00edna) con \u00a0el \u00a0conocimiento \u00a0de \u00a0que \u00a0dicha \u00a0sustancia \u00a0ser\u00eda \u00a0ilegalmente importada a los \u00a0Estados Unidos de Am\u00e9rica. \u00a0\u00a0<\/p>\n<p>Se\u00f1ala que el 7 de \u00a0junio \u00a0de \u00a02011 \u00a0la \u00a0Corte Distrital dict\u00f3 un auto \u00a0de \u00a0 \u00a0detenci\u00f3n \u00a0 \u00a0contra \u00a0 \u00a0el \u00a0 \u00a0se\u00f1or \u00a0 \u00a0DIXON \u00a0FIGUEROA \u00a0con base en la \u00a0acusaci\u00f3n \u00a0proferida \u00a0en \u00a0este \u00a0caso, \u00a0el \u00a0cual permanece v\u00e1lido y ejecutable. \u00a0\u00a0<\/p>\n<p>En \u00a0relaci\u00f3n \u00a0con \u00a0los comportamientos por \u00a0cuya \u00a0realizaci\u00f3n \u00a0se \u00a0formaliza \u00a0el \u00a0pedido \u00a0de \u00a0extradici\u00f3n, \u00a0manifiesta \u00a0lo \u00a0siguiente: \u00a0\u00a0<\/p>\n<p>\u201cLos \u00a0hechos \u00a0 del \u00a0 caso \u00a0 indican \u00a0 que \u00a0 en \u00a0junio \u00a0de \u00a02009, \u00a0agentes de la Agencia para el Control de las \u00a0Drogas \u00a0en \u00a0Miami (DEA Miami) trabajando en conjunto con la Oficina de la DEA en \u00a0Bogot\u00e1, \u00a0comenzaron \u00a0a \u00a0investigar una organizaci\u00f3n de tr\u00e1fico de narc\u00f3ticos \u00a0(DTO) \u00a0con \u00a0sede en Colombia, la cual utilizaba aviones para transportar grandes \u00a0cantidades \u00a0de coca\u00edna desde Suram\u00e9rica a Centroam\u00e9rica, M\u00e9xico y el Caribe, \u00a0para su distribuci\u00f3n final en los Estados Unidos. \u00a0\u00a0<\/p>\n<p>\u201cAlejandro \u00a0Canal \u00a0Duplat \u00a0y \u00a0su esposa, \u00a0Cristina \u00a0 Eblin \u00a0Guerra \u00a0Moo, \u00a0son \u00a0miembros \u00a0de \u00a0la \u00a0DTO \u00a0de \u00a0Colombia \u00a0y \u00a0son \u00a0responsables \u00a0de \u00a0financiar \u00a0despachos \u00a0de \u00a0coca\u00edna \u00a0por \u00a0avi\u00f3n. \u00a0Canal Duplat \u00a0tambi\u00e9n \u00a0viaja frecuentemente a Honduras para inspeccionar pistas de aterrizaje \u00a0clandestinas \u00a0y \u00a0verificar \u00a0que \u00a0los \u00a0cargamentos \u00a0de \u00a0coca\u00edna \u00a0sean entregados \u00a0exitosamente. \u00a0Desde \u00a0Octubre \u00a0de \u00a02010, Canal Duplat y otros miembros de la DTO \u00a0han \u00a0utilizado \u00a0m\u00e1s \u00a0de \u00a020 aviones para despachar m\u00e1s de 13.000 kilogramos de \u00a0coca\u00edna. La coca\u00edna era \u00a0transportada \u00a0en \u00a0distintos \u00a0aviones, \u00a0incluyendo \u00a0aviones \u00a0de matr\u00edcula de los \u00a0Estados \u00a0Unidos, \u00a0desde \u00a0Apure, \u00a0Venezuela, \u00a0a Honduras, con destino final a los \u00a0Estados Unidos. \u00a0\u00a0<\/p>\n<p>\u201cAlejandro \u00a0Canal Duplat, Cristina Eblin \u00a0Guerra \u00a0Moo, \u00a0Jorge Barrag\u00e1n Mej\u00eda, Richard Alexander Dixon Figueroa y Braulio \u00a0Tarquino \u00a0Blanco D\u00e1vila eran responsables de negociar el precio de los aviones, \u00a0las \u00a0tarifas \u00a0para \u00a0los \u00a0pagos \u00a0a los controladores a\u00e9reos, el uso de pistas de \u00a0aterrizaje \u00a0en \u00a0Apure, \u00a0Venezuela, y el costo de los narc\u00f3ticos. Edgar Fernando \u00a0Delgado \u00a0Castro \u00a0y \u00a0Jorge \u00a0Enrique \u00a0Arrauth Gonz\u00e1lez eran pilotos para la DTO y \u00a0durante \u00a0 las \u00a0 fechas \u00a0 del \u00a0delito \u00a0de \u00a0concierto, \u00a0ellos \u00a0llevaron \u00a0numerosos \u00a0cargamentos \u00a0de \u00a0coca\u00edna a Honduras y Guatemala. Dorian Alejandro Menco Delgado \u00a0es \u00a0un \u00a0oficial \u00a0de \u00a0la \u00a0Polic\u00eda Nacional de Colombia, quien se desempe\u00f1a como \u00a0guardaespaldas \u00a0de \u00a0Guerra \u00a0Moo y participa en los arreglos para los cargamentos \u00a0de narc\u00f3ticos. \u00a0\u00a0<\/p>\n<p>\u201cEl \u00a0per\u00edodo \u00a0de \u00a0tiempo \u00a0en \u00a0el que el \u00a0delito \u00a0de \u00a0concierto \u00a0fue cometido, y que aparece descrito en la acusaci\u00f3n, va \u00a0desde \u00a0octubre \u00a0de \u00a02010 \u00a0hasta \u00a0el \u00a017 de mayo de 2011; por lo tanto, todas las \u00a0acciones \u00a0adelantadas \u00a0por \u00a0el \u00a0acusado \u00a0en \u00a0este \u00a0caso \u00a0fueron \u00a0realizadas \u00a0con \u00a0posterioridad \u00a0 al \u00a0 17 \u00a0de \u00a0diciembre \u00a0de \u00a01997\u201d. \u00a0\u00a0<\/p>\n<p>Anota \u00a0 finalmente, \u00a0 que \u00a0 RICHARD \u00a0ALEXANDER \u00a0DIXON \u00a0FIGUEROA es \u00a0ciudadano \u00a0de \u00a0Colombia, \u00a0nacido \u00a0el \u00a021 de julio de \u00a01970 \u00a0y \u00a0se identifica con la c\u00e9dula de ciudadan\u00eda \u00a0n\u00famero \u00a0 79.534.241. \u00a0\u00a0<\/p>\n<p>Para \u00a0tales efectos, adjunta los siguientes \u00a0documentos \u00a0debidamente \u00a0autenticados, traducidos y legalizados por el Consulado \u00a0de Colombia en Washington, D.C.: \u00a0\u00a0<\/p>\n<p>2.1.- \u00a0Declaraciones juradas en apoyo de la \u00a0solicitud \u00a0de \u00a0extradici\u00f3n, \u00a0rendidas \u00a0por Andrea G. \u00a0Hoffman, \u00a0Fiscal \u00a0Auxiliar \u00a0de los Estados Unidos de \u00a0Am\u00e9rica \u00a0 para \u00a0 el \u00a0 Distrito \u00a0 de \u00a0 Sur \u00a0 de \u00a0 Florida \u00a0 y \u00a0 Jeremy \u00a0Eric \u00a0Jones, Agente Especial de \u00a0la \u00a0Administraci\u00f3n de Control de Drogas (\u201cDEA\u201d \u00a0por \u00a0sus \u00a0siglas \u00a0en \u00a0ingl\u00e9s), \u00a0en Miami, \u00a0Florida. \u00a0\u00a0<\/p>\n<p>2.2.- \u00a0 \u00a0 Acusaci\u00f3n \u00a0 \u00a0 Formal \u00a0 de \u00a0los \u00a0Estados \u00a0Unidos \u00a0de \u00a0Am\u00e9rica \u00a0 \u00a0contra \u00a0 \u00a0RICHARD \u00a0 \u00a0ALEXANDER \u00a0 DIXON \u00a0FIGUEROA \u00a0y \u00a0otros, presentada el\u00a0 7 \u00a0 de \u00a0 junio \u00a0 de \u00a02011 \u00a0ante \u00a0la \u00a0Corte Distrital de los Estados Unidos de Am\u00e9rica para \u00a0el \u00a0 \u00a0Distrito \u00a0 \u00a0Sur \u00a0 \u00a0de \u00a0 \u00a0Florida, \u00a0 \u00a0 dentro \u00a0 \u00a0 del \u00a0 \u00a0caso \u00a0 \u00a0penal\u00a0 \u00a0 \u00a0No. \u00a0 \u00a011- \u00a020388 \u00a0 CR-LENARD. \u00a0\u00a0<\/p>\n<p>2.3.- \u201cOrden de \u00a0Arresto\u201d, \u00a0emitida \u00a0por \u00a0la Corte Distrital de los \u00a0Estados \u00a0Unidos \u00a0de \u00a0Am\u00e9rica para el Distrito Sur de \u00a0Florida, \u00a0contra \u00a0RICHARD \u00a0ALEXANDER \u00a0DIXON \u00a0FIGUEROA, por los cargos referidos \u00a0en la acusaci\u00f3n. \u00a0\u00a0<\/p>\n<p>2.4.- Disposiciones sustanciales aplicables \u00a0al \u00a0 \u00a0 \u00a0 caso, \u00a0 \u00a0 \u00a0 Secciones \u00a0 \u00a0 \u00a02 \u00a0 \u00a0 \u00a0(autores) \u00a0 \u00a0 \u00a0y \u00a0 \u00a0 \u00a0 \u00a0 \u00a0 \u00a0 3282 \u00a0(delitos \u00a0no \u00a0conminados \u00a0con la \u00a0pena \u00a0de \u00a0muerte) \u00a0del T\u00edtulo 18 del C\u00f3digo de los Estados Unidos de Am\u00e9rica; \u00a0as\u00ed \u00a0 \u00a0como \u00a0 \u00a0las \u00a0 \u00a0Secciones \u00a0 \u00a0812 \u00a0 \u00a0 (lista \u00a0 \u00a0 de \u00a0 \u00a0 sustancias \u00a0 \u00a0controladas), \u00a0 \u00a0853 \u00a0(extinci\u00f3n \u00a0penal del derecho de \u00a0dominio), \u00a0 \u00a0 \u00a0959 \u00a0(fabricaci\u00f3n, \u00a0 posesi\u00f3n \u00a0 o \u00a0 distribuci\u00f3n \u00a0 de \u00a0 sustancias \u00a0 controladas), \u00a0960 \u00a0(actos \u00a0il\u00edcitos y \u00a0penas) \u00a0y 963 \u00a0(tentativa \u00a0y \u00a0concierto) \u00a0del \u00a0t\u00edtulo \u00a021 ejusdem.\u00a0 \u00a0\u00a0<\/p>\n<p>3.- \u00a0El Ministerio de Relaciones Exteriores \u00a0dio \u00a0 \u00a0traslado \u00a0 de \u00a0 la \u00a0 documentaci\u00f3n \u00a0 al \u00a0 Ministerio \u00a0 de \u00a0 Justicia \u00a0y \u00a0del \u00a0Derecho y conceptu\u00f3, \u00a0adem\u00e1s, \u00a0que \u201cpor no existir Convenio aplicable al \u00a0caso \u00a0en \u00a0menci\u00f3n \u00a0es \u00a0procedente \u00a0obrar \u00a0de \u00a0conformidad \u00a0con \u00a0el ordenamiento \u00a0procesal penal colombiano\u201d. \u00a0\u00a0<\/p>\n<p>El \u00a0 Ministerio \u00a0de \u00a0Justicia \u00a0 y \u00a0 del \u00a0 Derecho, \u00a0por \u00a0su \u00a0parte, \u00a0mediante \u00a0 \u00a0oficio \u00a03000 \u00a0 \u00a0fechado \u00a0 \u00a0el \u00a0 \u00a02 \u00a0 de \u00a0 \u00a0 \u00a0 \u00a0 noviembre \u00a0de \u00a02011, \u00a0dio \u00a0curso ante la Corte de la solicitud de extradici\u00f3n, en donde, de \u00a0 \u00a0 \u00a0 \u00a0 conformidad \u00a0 \u00a0 \u00a0 \u00a0 con \u00a0 \u00a0 \u00a0 \u00a0 lo \u00a0 \u00a0 \u00a0 \u00a0 previsto \u00a0en \u00a0los \u00a0art\u00edculos \u00a0490 \u00a0y \u00a0siguientes \u00a0de la Ley 906 de 2004, corresponde emitir \u00a0el \u00a0concepto \u00a0de rigor, una vez cumplido lo dispuesto \u00a0por \u00a0el \u00a0art\u00edculo \u00a070 \u00a0de \u00a0la \u00a0Ley \u00a01453 \u00a0de \u00a020112. \u00a0\u00a0<\/p>\n<p>SOLICITUD \u00a0 \u00a0 DE \u00a0 \u00a0 TR\u00c1MITE \u00a0SIMPLIFICADO. \u00a0\u00a0<\/p>\n<p>El requerido en extradici\u00f3n, se\u00f1or RICHARD \u00a0ALEXANDER \u00a0DIXON \u00a0FIGUEROA, \u00a0coadyuvado por su defensora, manifest\u00f3 su voluntad \u00a0de \u00a0acogerse \u00a0al \u00a0tr\u00e1mite \u00a0de \u00a0la \u00a0EXTRADICI\u00d3N \u00a0SIMPLIFICADA \u00a0de \u00a0que trata el \u00a0articulo \u00a0 \u00a070 \u00a0 \u00a0de \u00a0 la \u00a0 Ley \u00a0 1453 \u00a0 de \u00a0 20113. \u00a0\u00a0<\/p>\n<p>El \u00a0Procurador \u00a0Tercero \u00a0Delegado \u00a0para \u00a0la \u00a0Casaci\u00f3n \u00a0Penal (e), por su parte, expresa que la manifestaci\u00f3n del requerido, \u00a0de \u00a0acogerse \u00a0al \u00a0tr\u00e1mite de extradici\u00f3n simplificada previsto en el art\u00edculo \u00a070 \u00a0de \u00a0la Ley 1453 de 2011, y la coadyuvancia presentada por su defensora gozan \u00a0de \u00a0la \u00a0presunci\u00f3n de autenticidad contenida en el art\u00edculo 252 del C\u00f3digo de \u00a0Procedimiento \u00a0Civil, y son suficientes para que el Ministerio P\u00fablico concluya \u00a0que \u00a0 el \u00a0 requerido \u00a0declar\u00f3 \u00a0su \u00a0voluntad \u00a0de \u00a0manera \u00a0libre, \u00a0espont\u00e1nea \u00a0y \u00a0voluntaria, \u00a0sin \u00a0apremio \u00a0o \u00a0vicio \u00a0del \u00a0consentimiento \u00a0alguno \u00a0y se encuentra \u00a0suficientemente \u00a0informado \u00a0acerca \u00a0de \u00a0las \u00a0consecuencias \u00a0de \u00a0la \u00a0renuncia \u00a0al \u00a0tr\u00e1mite ordinario previsto en el art. 500 del C.P.P. \u00a0\u00a0<\/p>\n<p>Adicionalmente \u00a0expresa \u00a0que con base en la \u00a0documentaci\u00f3n \u00a0allegada \u00a0al \u00a0tr\u00e1mite, \u00a0se \u00a0puede establecer que en el presente \u00a0caso \u00a0se \u00a0cumplen \u00a0los \u00a0requisitos \u00a0contemplados \u00a0en el art\u00edculo 35 de la Carta \u00a0Pol\u00edtica, \u00a0toda \u00a0vez \u00a0que \u00a0de \u00a0acuerdo \u00a0con \u00a0los \u00a0hechos \u00a0a \u00a0que \u00a0se contrae la \u00a0acusaci\u00f3n, \u00a0el \u00a0se\u00f1or \u00a0RICHARD \u00a0ALEXANDER DIXON FIGUEROA es requerido para que \u00a0responda \u00a0por \u00a0las \u00a0conductas \u00a0punibles \u00a0llevadas \u00a0a cabo a partir de octubre de \u00a02010, \u00a0es \u00a0decir con posterioridad a la expedici\u00f3n del Acto Legislativo n\u00famero \u00a01 de 1997, que contempl\u00f3 la figura de la extradici\u00f3n. \u00a0\u00a0<\/p>\n<p>Se\u00f1ala \u00a0que de esa misma pieza procesal se \u00a0concluye \u00a0que \u00a0los \u00a0delitos \u00a0por \u00a0los cuales se est\u00e1 reclamando al se\u00f1or DIXON \u00a0FIGUEROA, \u00a0no \u00a0tienen \u00a0la connotaci\u00f3n de delitos pol\u00edticos, pues se le imputan \u00a0cargos \u00a0por los delitos de concierto para traficar sustancias controladas,\u00a0 \u00a0los \u00a0 cuales \u00a0 tambi\u00e9n \u00a0est\u00e1n \u00a0contemplados \u00a0como \u00a0tales \u00a0en \u00a0la \u00a0legislaci\u00f3n \u00a0colombiana, \u00a0 a \u00a0trav\u00e9s \u00a0de \u00a0los \u00a0art\u00edculos \u00a0340 \u00a0y \u00a0376 \u00a0de \u00a0la \u00a0Ley \u00a0599 \u00a0de \u00a02000. \u00a0\u00a0<\/p>\n<p>Afirma, \u00a0adem\u00e1s, \u00a0que \u00a0no \u00a0existe \u00a0duda en \u00a0cuanto \u00a0a \u00a0la plena identificaci\u00f3n del se\u00f1or RICHARD ALEXANDER DIXON FIGUEROA, \u00a0pues \u00a0se \u00a0aport\u00f3 \u00a0el \u00a0resultado \u00a0del \u00a0informe \u00a0de \u00a0laboratorio \u00a0con \u00a0el \u00a0fin de \u00a0establecer \u00a0la \u00a0plena \u00a0identidad \u00a0del \u00a0requerido, \u00a0con \u00a0base \u00a0en \u00a0la \u00a0tarjeta de \u00a0preparaci\u00f3n \u00a0 y \u00a0la \u00a0tarjeta \u00a0decadactilar, \u00a0expedidas \u00a0por \u00a0la \u00a0Registradur\u00eda \u00a0Nacional \u00a0del \u00a0Estado \u00a0Civil, \u00a0como \u00a0tambi\u00e9n \u00a0obra \u00a0el \u00a0acta \u00a0de \u00a0derechos \u00a0del \u00a0capturado, \u00a0 documentos \u00a0 que \u00a0permiten \u00a0se\u00f1alar \u00a0que \u00a0se \u00a0trata \u00a0de \u00a0la \u00a0misma \u00a0persona. \u00a0\u00a0<\/p>\n<p>Por lo anterior, al encontrar que se cumplen \u00a0los \u00a0requisitos \u00a0constitucionales \u00a0y \u00a0legales \u00a0en \u00a0el \u00a0tr\u00e1mite \u00a0de extradici\u00f3n \u00a0simplificada \u00a0previsto \u00a0en el art\u00edculo 70 de la Ley 1453 de 2011, el Procurador \u00a0Delegado \u00a0manifiesta \u00a0que \u00a0coadyuva la correspondiente petici\u00f3n, en orden a que \u00a0la \u00a0Corte \u00a0emita \u00a0el \u00a0respectivo \u00a0concepto \u00a0de \u00a0plano, \u00a0en \u00a0la forma y t\u00e9rminos \u00a0se\u00f1alados \u00a0 \u00a0 en \u00a0 \u00a0la \u00a0 \u00a0citada \u00a0 \u00a0disposici\u00f3n4. \u00a0\u00a0<\/p>\n<p>SE CONSIDERA: \u00a0<\/p>\n<p>1.- \u00a0Aclaraci\u00f3n \u00a0previa. \u00a0\u00a0<\/p>\n<p>El \u00a0art\u00edculo \u00a035 \u00a0de \u00a0la \u00a0Carta Pol\u00edtica, \u00a0modificado \u00a0por \u00a0el art\u00edculo 1\u00ba del Acto Legislativo No. 01 de 1997, establece \u00a0que \u00a0la \u00a0extradici\u00f3n se podr\u00e1 solicitar, conceder u ofrecer de acuerdo con los \u00a0tratados p\u00fablicos y en su defecto con la ley. \u00a0\u00a0<\/p>\n<p>Como \u00a0 en \u00a0este \u00a0caso \u00a0el \u00a0Ministerio \u00a0de \u00a0Relaciones \u00a0Exteriores \u00a0de \u00a0Colombia \u00a0conceptu\u00f3 \u00a0sobre \u00a0la ausencia de convenio \u00a0aplicable \u00a0en \u00a0materia \u00a0de extradici\u00f3n con el pa\u00eds solicitante (Estados Unidos \u00a0de \u00a0Am\u00e9rica), \u00a0y \u00a0estableci\u00f3 \u00a0la consecuente aplicaci\u00f3n de lo previsto, en el \u00a0referido \u00a0tema, \u00a0por \u00a0el \u00a0C\u00f3digo \u00a0de \u00a0Procedimiento \u00a0Penal, \u00a0la Corte, en total \u00a0coincidencia \u00a0con \u00a0lo \u00a0expresado \u00a0por \u00a0la \u00a0Procuradur\u00eda \u00a0Delegada, abordar\u00e1 el \u00a0estudio \u00a0de los aspectos sobre los cuales debe emitir el concepto, previstos por \u00a0el art\u00edculo 502 de la Ley 906 de 2004. \u00a0\u00a0<\/p>\n<p>Es de precisar, adem\u00e1s, que de la solicitud \u00a0y \u00a0documentos \u00a0anexos \u00a0se \u00a0establece \u00a0que \u00a0las \u00a0actividades delictivas que se le \u00a0imputan \u00a0 al \u00a0 se\u00f1or \u00a0 RICHARD \u00a0 ALEXANDER \u00a0 DIXON \u00a0FIGUEROA \u00a0 \u00a0tuvieron \u00a0ocurrencia \u00a0en \u00a0el exterior y no versan sobre delitos \u00a0pol\u00edticos, \u00a0toda \u00a0vez \u00a0que \u00a0las conductas definidas \u00a0como \u00a0 concierto \u00a0 para \u00a0 traficar \u00a0con \u00a0sustancias \u00a0estupefacientes, \u00a0 no \u00a0constituyen delito pol\u00edtico. \u00a0\u00a0<\/p>\n<p>Esto \u00a0si \u00a0se \u00a0tiene en cuenta que seg\u00fan el \u00a0relato \u00a0 \u00a0del \u00a0 \u00a0Agente \u00a0 \u00a0Especial \u00a0 de \u00a0la \u00a0Administraci\u00f3n \u00a0de \u00a0Control de \u00a0Drogas \u00a0 de \u00a0los \u00a0Estados \u00a0Unidos \u00a0de \u00a0Am\u00e9rica, \u00a0la \u00a0investigaci\u00f3n \u00a0 permiti\u00f3 \u00a0 establecer \u00a0 que \u00a0 los \u00a0acusados, \u00a0entre \u00a0los \u00a0que se incluye a RICHARD \u00a0 ALEXANDER \u00a0 DIXON \u00a0 FIGUEROA \u00a0\u201ceran \u00a0 miembros \u00a0 \u00a0de \u00a0 \u00a0una \u00a0 organizaci\u00f3n \u00a0 \u00a0 \u00a0 \u00a0de \u00a0 \u00a0 \u00a0 tr\u00e1fico \u00a0 \u00a0 \u00a0 de \u00a0 \u00a0 \u00a0 estupefacientes \u00a0 \u00a0 \u00a0(en \u00a0 \u00a0 \u00a0 \u00a0lo \u00a0 \u00a0 \u00a0 \u00a0sucesivo \u00a0 \u00a0 \u00a0 \u00a0denominada \u00a0 \u00a0 \u00a0 \u00a0\u2018la \u00a0 \u00a0 \u00a0 \u00a0 \u00a0 OTE\u2019) \u00a0 que, \u00a0desde \u00a0octubre \u00a0de 2009, \u00a0conspiraba \u00a0 \u00a0 para \u00a0importar\u00a0 \u00a0cantidades \u00a0de \u00a0m\u00faltiples toneladas de coca\u00edna de Am\u00e9rica del \u00a0Sur \u00a0 \u00a0 a \u00a0 \u00a0los \u00a0 \u00a0Estados \u00a0 \u00a0Unidos\u201d. \u00a0\u00a0<\/p>\n<p>Por \u00a0otra \u00a0parte, \u00a0debe \u00a0resaltarse que los \u00a0hechos \u00a0por \u00a0cuya \u00a0realizaci\u00f3n se solicita la extradici\u00f3n fueron cometidos con \u00a0posterioridad \u00a0a \u00a0la \u00a0entrada \u00a0en \u00a0vigencia del Acto Legislativo No. 01 de 1997, \u00a0modificatorio del art\u00edculo 35 de la Carta Pol\u00edtica. \u00a0\u00a0<\/p>\n<p>2.- \u00a0VALIDEZ \u00a0FORMAL \u00a0DE \u00a0LOS \u00a0DOCUMENTOS \u00a0PRESENTADOS. \u00a0\u00a0<\/p>\n<p>De \u00a0la \u00a0actuaci\u00f3n \u00a0se \u00a0establece \u00a0que \u00a0la \u00a0documentaci\u00f3n \u00a0allegada \u00a0por la Embajada del Estado requirente, relacionada con \u00a0la \u00a0 \u00a0 \u00a0acusaci\u00f3n \u00a0 \u00a0 \u00a0No. \u00a0 \u00a0 \u00a011-20388 \u00a0 \u00a0 \u00a0 \u00a0 \u00a0 CR-LENARD, \u00a0dictada \u00a0el \u00a07 de junio de \u00a02011 \u00a0por \u00a0la \u00a0Corte Distrital de los Estados Unidos \u00a0para \u00a0 el \u00a0 Distrito \u00a0 Sur \u00a0de \u00a0Florida \u00a0 no \u00a0s\u00f3lo \u00a0fue \u00a0autenticada \u00a0mediante \u00a0sello \u00a0y \u00a0firma \u00a0por \u00a0el \u00a0Secretario \u00a0 \u00a0 \u00a0 \u00a0de \u00a0 \u00a0 \u00a0 \u00a0esa \u00a0 \u00a0 \u00a0 \u00a0Corte5, \u00a0 sino \u00a0que \u00a0a \u00a0ella \u00a0hace \u00a0alusi\u00f3n \u00a0 la \u00a0 Fiscal \u00a0Auxiliar \u00a0 \u00a0cuando \u00a0 \u00a0en \u00a0 \u00a0declaraci\u00f3n \u00a0 jurada \u00a0 indic\u00f3 \u00a0 que \u00a0 \u201ces \u00a0norma \u00a0del \u00a0Tribunal de Distrito \u00a0del \u00a0 Distrito \u00a0Sur \u00a0de \u00a0la \u00a0Florida, \u00a0guardar \u00a0el \u00a0original \u00a0de \u00a0la \u00a0acusaci\u00f3n \u00a0formal\u00a0 \u00a0y \u00a0radicarlo \u00a0en \u00a0el \u00a0Despacho \u00a0del Secretario del Juzgado. Por lo \u00a0tanto, \u00a0he \u00a0obtenido una fiel y exacta copia certificada de la acusaci\u00f3n formal \u00a0n\u00famero \u00a0 11-20388-CR-LENARD \u00a0 expedida \u00a0por \u00a0el \u00a0Despacho \u00a0del \u00a0Secretario \u00a0del \u00a0Tribunal, \u00a0y la he adjuntado a la presente Declaraci\u00f3n Jurada en el Anexo B. He \u00a0asimismo \u00a0adjuntado \u00a0una \u00a0fiel \u00a0y \u00a0exacta \u00a0copia \u00a0certificada de las \u00f3rdenes de \u00a0arresto \u00a0 \u00a0en \u00a0 \u00a0los \u00a0 \u00a0Anexos \u00a0 \u00a0C1 \u00a0 \u00a0a \u00a0 \u00a0C8\u201d6. \u00a0\u00a0<\/p>\n<p>Adem\u00e1s,\u00a0 \u00a0 \u00a0 \u00a0 las\u00a0 \u00a0declaraciones\u00a0 \u00a0 \u00a0 juradas\u00a0 \u00a0 \u00a0 rendidas\u00a0 \u00a0 \u00a0 por \u00a0 \u00a0la \u00a0 Fiscal \u00a0 Auxiliar \u00a0 Andrea \u00a0G. \u00a0Hoffman,\u00a0 \u00a0y \u00a0el Agente \u00a0Especial \u00a0 \u00a0Jeremy \u00a0 \u00a0Eric \u00a0 \u00a0Jones, \u00a0 de \u00a0la \u00a0Administraci\u00f3n \u00a0de Control de Drogas de los Estados Unidos \u00a0de \u00a0Am\u00e9rica, \u00a0figuran \u00a0avaladas \u00a0con la firma de un \u00a0Juez \u00a0 \u00a0Federal \u00a0 de \u00a0 Instrucci\u00f3n \u00a0 del \u00a0 \u00a0 \u00a0Distrito \u00a0 \u00a0 \u00a0Sur \u00a0 \u00a0 \u00a0de \u00a0Florida; \u00a0 \u00a0 legalizados \u00a0 \u00a0 por \u00a0 \u00a0 Magdalena \u00a0 \u00a0 \u00a0 A. \u00a0 \u00a0 \u00a0 Boynton, \u00a0Directora \u00a0Asociada de la Oficina de \u00a0Asuntos \u00a0Internacionales \u00a0-Divisi\u00f3n \u00a0de lo Penal- del Departamento de Justicia, \u00a0el \u00a0Procurador \u00a0General \u00a0de \u00a0los \u00a0Estados \u00a0Unidos \u00a0de Am\u00e9rica, la Secretaria de \u00a0Estado, \u00a0y \u00a0la \u00a0 \u00a0 \u00a0 \u00a0Funcionaria \u00a0Auxiliar \u00a0de \u00a0Autenticaciones \u00a0del \u00a0Departamento de Estado de dicho pa\u00eds. \u00a0\u00a0<\/p>\n<p>Estos \u00a0instrumentos, \u00a0por su parte, fueron \u00a0autenticados \u00a0por \u00a0el \u00a0Consulado de Colombia en Washington, D.C., y a su vez por \u00a0el \u00a0 Jefe \u00a0 de \u00a0 Legalizaciones \u00a0del \u00a0Ministerio \u00a0de \u00a0Relaciones \u00a0Exteriores \u00a0de \u00a0Colombia. \u00a0\u00a0<\/p>\n<p>Cabe \u00a0destacar \u00a0que \u00a0en \u00a0la \u00a0Nota \u00a0Verbal \u00a0mediante \u00a0la cual el Gobierno del Estado requirente, a trav\u00e9s de su Embajada en \u00a0Colombia, \u00a0formaliza \u00a0el \u00a0pedido \u00a0de \u00a0extradici\u00f3n, \u00a0se precisa que \u201clas \u00a0 \u00a0p\u00e1ginas \u00a0 iniciales \u00a0 de \u00a0 certificaci\u00f3n \u00a0 tanto \u00a0 del \u00a0Departamento \u00a0de \u00a0Justicia de los Estados Unidos como del Departamento de Estado \u00a0de \u00a0los \u00a0Estados \u00a0Unidos \u00a0tienen \u00a0la \u00a0intenci\u00f3n \u00a0de \u00a0certificar \u00a0que \u00a0todos los \u00a0documentos \u00a0que \u00a0sustentan \u00a0esta \u00a0solicitud \u00a0de extradici\u00f3n son copias fieles y \u00a0verdaderas \u00a0de los originales que servir\u00e1n de base para juzgar a este individuo \u00a0en los Estados Unidos\u201d. \u00a0\u00a0<\/p>\n<p>\u00a0\u00a0 \u00a0<\/p>\n<p>Por lo anterior, teniendo en cuenta que la \u00a0solicitud \u00a0 \u00a0de \u00a0 \u00a0extradici\u00f3n \u00a0 \u00a0del \u00a0 \u00a0ciudadano \u00a0 \u00a0colombiano \u00a0 RICHARD \u00a0ALEXANDER \u00a0DIXON \u00a0FIGUEROA, se \u00a0hizo \u00a0por \u00a0la \u00a0v\u00eda \u00a0diplom\u00e1tica, \u00a0que \u00a0ella contiene la copia aut\u00e9ntica de la \u00a0resoluci\u00f3n \u00a0de \u00a0acusaci\u00f3n, la cual, junto con las declaraciones juradas que se \u00a0allegan \u00a0en \u00a0apoyo \u00a0de \u00a0la \u00a0solicitud, es espec\u00edfica en indicar exactamente las \u00a0conductas \u00a0que motivaron la solicitud\u00a0 y el lugar y las fechas o \u00e9pocas en \u00a0que \u00a0fueron \u00a0realizadas, as\u00ed como los datos necesarios para establecer la plena \u00a0identidad \u00a0de \u00a0la \u00a0persona \u00a0reclamada, \u00a0la copia aut\u00e9ntica de las disposiciones \u00a0sustanciales \u00a0 aplicables \u00a0 al \u00a0caso, \u00a0y \u00a0que \u00a0en \u00a0la \u00a0expedici\u00f3n, \u00a0tr\u00e1mite \u00a0y \u00a0traducci\u00f3n \u00a0de \u00a0los \u00a0citados \u00a0documentos \u00a0se \u00a0cumplieron \u00a0los ritos formales de \u00a0legalizaci\u00f3n \u00a0prescritos \u00a0por \u00a0las \u00a0normas pertinentes de los Estados Unidos de \u00a0Am\u00e9rica, \u00a0la \u00a0Corte los tendr\u00e1 como aptos para servir de prueba de aquello que \u00a0ellos contienen. \u00a0\u00a0<\/p>\n<p>Esto, \u00a0si \u00a0en\u00a0 cuenta se tiene que en \u00a0este \u00a0caso \u00a0asimismo \u00a0se cumple lo establecido por el art\u00edculo\u00a0 259 del C. \u00a0de \u00a0P. \u00a0C., \u00a0modificado por el art\u00edculo 1\u00ba N\u00fam. 1114 del D.E. 2282\/89, seg\u00fan \u00a0el \u00a0cual \u00a0\u201clos \u00a0documentos \u00a0p\u00fablicos otorgados en \u00a0pa\u00eds \u00a0extranjero \u00a0por \u00a0funcionario \u00a0de \u00a0\u00e9ste \u00a0o con su intervenci\u00f3n, deber\u00e1n \u00a0presentarse \u00a0debidamente autenticados por el c\u00f3nsul o agente diplom\u00e1tico de la \u00a0Rep\u00fablica, \u00a0o \u00a0en su defecto por el de una naci\u00f3n amiga, lo cual hace presumir \u00a0que \u00a0 se \u00a0 otorgaron \u00a0 conforme \u00a0 a \u00a0la \u00a0ley \u00a0del \u00a0respectivo \u00a0pa\u00eds\u201d, \u00a0disposici\u00f3n \u00a0aplicable \u00a0al caso por virtud del principio de \u00a0integraci\u00f3n \u00a0normativa \u00a0previsto \u00a0por el art\u00edculo 25 del C. de P. P. de 2004 y \u00a0el inciso \u00faltimo del art\u00edculo 495 ejusdem. \u00a0\u00a0<\/p>\n<p>Acorde \u00a0con \u00a0lo \u00a0analizado en precedencia, \u00a0para \u00a0la \u00a0Corte \u00a0es \u00a0manifiesto \u00a0el \u00a0cumplimiento \u00a0de\u00a0 \u00a0este \u00a0requisito del \u00a0concepto. \u00a0\u00a0<\/p>\n<p>3.- \u00a0DEMOSTRACI\u00d3N PLENA DE LA IDENTIDAD DE \u00a0LA PERSONA REQUERIDA. \u00a0\u00a0<\/p>\n<p>Para la Corte es claro que de lo actuado se \u00a0establece \u00a0 \u00a0 que \u00a0 \u00a0RICHARD \u00a0 \u00a0ALEXANDER \u00a0 \u00a0DIXON \u00a0FIGUEROA, \u00a0quien se encuentra privado de la libertad \u00a0con \u00a0ocasi\u00f3n \u00a0de\u00a0 \u00a0este \u00a0tr\u00e1mite, \u00a0es \u00a0la \u00a0misma persona a\u00a0 la\u00a0 \u00a0que\u00a0 \u00a0 \u00a0 \u00a0 se \u00a0 \u00a0 \u00a0 refiere \u00a0 \u00a0 \u00a0 la \u00a0 \u00a0 \u00a0 acusaci\u00f3n \u00a0 \u00a0 \u00a0 No.11- \u00a0 \u00a0 \u00a0 \u00a0 \u00a0 \u00a020388 \u00a0 \u00a0 \u00a0 \u00a0 \u00a0 CR-LENARD, \u00a0dictada \u00a0 \u00a0el\u00a0 \u00a0 \u00a07 \u00a0 \u00a0de \u00a0 junio \u00a0de 2011 por la Corte Distrital de los \u00a0Estados \u00a0 \u00a0Unidos \u00a0 para \u00a0 el \u00a0 Distrito \u00a0 Sur \u00a0 de \u00a0Florida,\u00a0 \u00a0 \u00a0y\u00a0 \u00a0 la\u00a0 \u00a0 misma\u00a0 \u00a0mencionada\u00a0 \u00a0en\u00a0 \u00a0las\u00a0 \u00a0notas \u00a0verbales\u00a0 \u00a0mediante las\u00a0 \u00a0cuales\u00a0 \u00a0el \u00a0gobierno\u00a0 \u00a0de\u00a0 dicho\u00a0 pa\u00eds, a\u00a0 trav\u00e9s de \u00a0su \u00a0Embajada \u00a0en \u00a0Colombia, \u00a0solicit\u00f3 \u00a0la \u00a0detenci\u00f3n \u00a0provisional con fines de \u00a0extradici\u00f3n, \u00a0y \u00a0posteriormente \u00a0formaliz\u00f3 \u00a0el \u00a0pedido \u00a0ante \u00a0las \u00a0autoridades \u00a0colombianas. \u00a0\u00a0<\/p>\n<p>Esto \u00a0 por \u00a0 cuanto, \u00a0 en \u00a0 el \u00a0documento \u00a0enjuiciatorio \u00a0base \u00a0de \u00a0la solicitud formal de extradici\u00f3n, se precisa que uno \u00a0de \u00a0los \u00a0acusados \u00a0responde \u00a0al \u00a0nombre \u00a0de \u00a0RICHARD \u00a0ALEXANDER \u00a0DIXON \u00a0FIGUEROA, como asimismo se anuncia \u00a0en \u00a0 la \u00a0 declaraci\u00f3n \u00a0rendida \u00a0por \u00a0el \u00a0Agente \u00a0Especial \u00a0de \u00a0la \u00a0Administraci\u00f3n \u00a0 \u00a0 de \u00a0 \u00a0 Control \u00a0 \u00a0de \u00a0 \u00a0Drogas \u00a0 \u00a0de \u00a0los \u00a0Estados \u00a0Unidos \u00a0de \u00a0Am\u00e9rica, \u00a0en \u00a0la \u00a0que indica que el \u00a0acusado \u00a0es \u00a0ciudadano \u00a0colombiano, \u00a0nacido \u00a0el 21 de \u00a0julio \u00a0de \u00a01970 \u00a0y \u00a0se \u00a0identifica con la c\u00e9dula de \u00a0ciudadan\u00eda \u00a0 \u00a0 n\u00famero \u00a0 \u00a0 79.534.241, \u00a0 de \u00a0 quien \u00a0allega \u00a0una \u00a0fotocopia \u00a0del \u00a0 documento \u00a0 de \u00a0preparaci\u00f3n \u00a0 \u00a0 \u00a0de \u00a0 \u00a0 \u00a0su \u00a0 \u00a0 \u00a0c\u00e9dula \u00a0 \u00a0 de \u00a0ciudadan\u00eda7. \u00a0\u00a0<\/p>\n<p>Debe anotarse, que a dichas caracter\u00edsticas \u00a0se \u00a0refieren \u00a0las \u00a0notas \u00a0diplom\u00e1ticas remitidas por la Embajada de los Estados \u00a0Unidos \u00a0en \u00a0Colombia, mediante las cuales solicit\u00f3 la detenci\u00f3n preventiva con \u00a0fines \u00a0de \u00a0extradici\u00f3n \u00a0y \u00a0posteriormente formaliz\u00f3 el pedido ante el gobierno \u00a0colombiano. \u00a0\u00a0<\/p>\n<p>Es \u00a0de resaltarse, asimismo, que al momento \u00a0de \u00a0la aprehensi\u00f3n con fines de extradici\u00f3n, como en el acta de imposici\u00f3n de \u00a0derechos \u00a0del \u00a0capturado, \u00a0se \u00a0identific\u00f3 \u00a0con \u00a0el \u00a0mismo n\u00famero de c\u00e9dula de \u00a0ciudadan\u00eda \u00a0mencionado \u00a0en \u00a0las \u00a0notas \u00a0diplom\u00e1ticas \u00a0mediante \u00a0las \u00a0cuales se \u00a0solicit\u00f3 \u00a0la \u00a0detenci\u00f3n \u00a0provisional \u00a0y \u00a0se \u00a0formaliz\u00f3 \u00a0el pedido, como igual \u00a0ocurri\u00f3 \u00a0en \u00a0el \u00a0poder \u00a0conferido \u00a0a \u00a0un \u00a0profesional \u00a0del \u00a0derecho \u00a0para \u00a0que \u00a0asumiera \u00a0 \u00a0 \u00a0 \u00a0 \u00a0 \u00a0su \u00a0 \u00a0 \u00a0 \u00a0 \u00a0 \u00a0defensa8, \u00a0 estableci\u00e9ndose, \u00a0 por \u00a0tanto, \u00a0 \u00a0que \u00a0 \u00a0la \u00a0 \u00a0persona \u00a0 \u00a0capturada \u00a0 \u00a0es \u00a0 \u00a0la \u00a0 misma \u00a0 requerida \u00a0 en \u00a0extradici\u00f3n.\u00a0\u00a0\u00a0\u00a0 \u00a0\u00a0<\/p>\n<p>Por \u00a0estas \u00a0razones, \u00a0la \u00a0Corte \u00a0encuentra \u00a0satisfecho el requisito en menci\u00f3n. \u00a0\u00a0<\/p>\n<p>4.- PRINCIPIO DE \u00a0LA DOBLE INCRIMINACI\u00d3N. \u00a0\u00a0<\/p>\n<p>De \u00a0conformidad \u00a0con \u00a0lo establecido por el \u00a0art\u00edculo \u00a0493-1 \u00a0C.P.P. \u00a0de \u00a02004, \u00a0para \u00a0conceder la extradici\u00f3n es requisito \u00a0indispensable \u00a0que \u00a0el \u00a0hecho \u00a0que la motiva tambi\u00e9n est\u00e9 previsto en Colombia \u00a0como \u00a0delito \u00a0y \u00a0reprimido con sanci\u00f3n privativa de la libertad cuyo m\u00ednimo no \u00a0sea inferior a cuatro a\u00f1os. \u00a0\u00a0<\/p>\n<p>4.1.- \u00a0Seg\u00fan \u00a0la\u00a0 \u00a0acusaci\u00f3n \u00a0No. \u00a011- \u00a0 \u00a020388 \u00a0 \u00a0 \u00a0 \u00a0 \u00a0 CR-LENARD \u00a0dictada \u00a0 \u00a0el\u00a0 \u00a0 \u00a07 \u00a0 \u00a0de \u00a0 junio \u00a0 \u00a0de \u00a0 2011 \u00a0 contra \u00a0 RICHARD \u00a0ALEXANDER DIXON FIGUEROA por el \u00a0Gran \u00a0Jurado \u00a0en \u00a0sesi\u00f3n \u00a0ante \u00a0la \u00a0Corte \u00a0Distrital \u00a0de \u00a0los Estados Unidos de \u00a0Am\u00e9rica \u00a0para el Distrito Sur de Florida, \u00a0se \u00a0tiene \u00a0que el requerido es acusado en el\u00a0 CARGO \u00a0UNO \u00a0de \u00a0 \u00a0 \u00a0 haber \u00a0 \u00a0 \u00a0 acordado \u00a0 \u00a0 \u00a0il\u00edcitamente \u00a0 con \u00a0otros \u00a0individuos \u00a0la \u00a0 \u00a0 fabricaci\u00f3n \u00a0y \u00a0distribuci\u00f3n \u00a0de \u00a0cinco \u00a0kilogramos \u00a0o \u00a0m\u00e1s \u00a0de \u00a0coca\u00edna, \u00a0 \u00a0con \u00a0 el \u00a0 conocimiento \u00a0 de \u00a0que \u00a0dicha \u00a0sustancia \u00a0ser\u00eda \u00a0il\u00edcitamente \u00a0importada \u00a0a los \u00a0Estados Unidos. \u00a0\u00a0<\/p>\n<p>4.2.- \u00a0Las \u00a0normas sustanciales aplicadas, \u00a0cuya \u00a0traducci\u00f3n fue oportunamente allegada al expediente, tratan del delito de \u00a0concierto \u00a0 \u00a0para \u00a0 \u00a0fabricar \u00a0 \u00a0y \u00a0 \u00a0distribuir \u00a0 \u00a0coca\u00edna, \u00a0 \u00a0con \u00a0 \u00a0el \u00a0conocimiento \u00a0 \u00a0de \u00a0 \u00a0que \u00a0 ser\u00eda \u00a0 importada \u00a0 a \u00a0 los \u00a0 Estados \u00a0 Unidos \u00a0 de \u00a0Am\u00e9rica, \u00a0 por \u00a0 cuya \u00a0conducta \u00a0 se \u00a0 establecen \u00a0 penas \u00a0 de \u00a0prisi\u00f3n \u00a0entre \u00a0diez \u00a0a\u00f1os \u00a0y \u00a0cadena \u00a0perpetua. \u00a0\u00a0<\/p>\n<p>4.2.1.- \u00a0En la legislaci\u00f3n colombiana, por \u00a0su \u00a0parte, \u00a0el delito de \u00a0concierto \u00a0 \u00a0para \u00a0 \u00a0fabricar \u00a0 \u00a0y \u00a0 \u00a0distribuir \u00a0 \u00a0 coca\u00edna, \u00a0 \u00a0 de \u00a0 \u00a0 que \u00a0 \u00a0 trata \u00a0 \u00a0 el \u00a0CARGO \u00a0UNO \u00a0 \u00a0 de \u00a0 \u00a0 la \u00a0acusaci\u00f3n\u00a0 \u00a0No. \u00a0 11- \u00a020388 \u00a0 \u00a0 \u00a0 \u00a0 \u00a0CR-LENARD \u00a0 \u00a0 \u00a0 \u00a0 \u00a0 proferida \u00a0 \u00a0el\u00a0 \u00a0 7 \u00a0 de \u00a0 junio \u00a0 de \u00a02011, \u00a0corresponde \u00a0al \u00a0\u201cconcierto \u00a0para \u00a0delinquir\u201d \u00a0previsto \u00a0por \u00a0el \u00a0art\u00edculo \u00a0340 \u00a0del \u00a0C\u00f3digo \u00a0Penal, \u00a0modificado \u00a0por \u00a0el \u00a0art\u00edculo \u00a08\u00ba \u00a0de \u00a0la \u00a0Ley 733 de 2002, y \u00a0\u00faltimamente \u00a0por \u00a0el \u00a0art\u00edculo \u00a019 \u00a0de \u00a0la \u00a0Ley \u00a01121 \u00a0de 2006 que entre otras \u00a0hip\u00f3tesis \u00a0prev\u00e9 \u00a0pena \u00a0de prisi\u00f3n de ocho (8) a dieciocho (18) a\u00f1os cuando, \u00a0como \u00a0se \u00a0establece \u00a0de \u00a0los \u00a0t\u00e9rminos \u00a0de la acusaci\u00f3n, el concierto sea para \u00a0cometer \u00a0 \u00a0delitos \u00a0 de \u00a0 tr\u00e1fico \u00a0 de \u00a0 estupefacientes \u00a0 o \u00a0 de \u00a0 lavado \u00a0 de \u00a0activos. \u00a0\u00a0<\/p>\n<p>Como \u00a0en\u00a0 \u00a0este \u00a0caso \u00a0las autoridades \u00a0judiciales \u00a0 de \u00a0 los \u00a0 Estados \u00a0 Unidos \u00a0 de \u00a0Am\u00e9rica \u00a0acusan \u00a0a \u00a0RICHARD \u00a0 \u00a0 \u00a0 \u00a0 ALEXANDER \u00a0 \u00a0 \u00a0 \u00a0DIXON \u00a0 \u00a0 \u00a0 \u00a0FIGUEROA\u00a0 \u00a0y a otros de haber concertado, \u00a0junto \u00a0con \u00a0otras \u00a0personas, \u00a0il\u00edcita, \u00a0intencionalmente \u00a0y \u00a0a \u00a0sabiendas \u00a0para \u00a0fabricar \u00a0y \u00a0distribuir \u00a0cinco \u00a0 kilogramos \u00a0 o \u00a0 m\u00e1s \u00a0de \u00a0coca\u00edna \u00a0con \u00a0el \u00a0conocimiento \u00a0de \u00a0que dicha sustancia ser\u00eda ilegalmente importada a los Estados \u00a0Unidos \u00a0 de \u00a0 Am\u00e9rica, \u00a0es \u00a0de \u00a0concluirse \u00a0que \u00a0en \u00a0relaci\u00f3n \u00a0con \u00a0dicho \u00a0cargo\u00a0 \u00a0se cumple el presupuesto relativo a la doble \u00a0incriminaci\u00f3n \u00a0para \u00a0extraditar, pues en la legislaci\u00f3n penal colombiana tales \u00a0comportamientos \u00a0tambi\u00e9n se hallan definidos como delito, y por su realizaci\u00f3n \u00a0prev\u00e9 pena m\u00ednima superior a cuatro a\u00f1os de prisi\u00f3n. \u00a0\u00a0<\/p>\n<p>Cabe \u00a0 destacar \u00a0 que \u00a0 las \u00a0 conductas \u00a0imputadas,\u00a0 \u00a0 dicen \u00a0relaci\u00f3n \u00a0con \u00a0delitos \u00a0de \u00a0concierto \u00a0para \u00a0traficar \u00a0sustancias \u00a0estupefacientes \u00a0y \u00a0no \u00a0\u00fanicamente \u00a0la \u00a0participaci\u00f3n \u00a0en \u00a0un acto \u00a0il\u00edcito \u00a0determinado, \u00a0por medio de llevar a cabo varios actos diferenciados en \u00a0circunstancias \u00a0de \u00a0modo, \u00a0lugar \u00a0y \u00a0tiempo, \u00a0como \u00a0se \u00a0destaca en la acusaci\u00f3n \u00a0proferida \u00a0 y \u00a0 en \u00a0 las \u00a0 declaraciones \u00a0 juradas \u00a0 rendidas \u00a0por \u00a0la \u00a0 \u00a0 \u00a0 Fiscal \u00a0 \u00a0 \u00a0Auxiliar \u00a0 y \u00a0 el \u00a0 Agente \u00a0Especial. \u00a0\u00a0<\/p>\n<p>De \u00a0manera \u00a0que la imputaci\u00f3n no consiste \u00a0simplemente \u00a0en atribuirle coparticipaci\u00f3n criminal en un solo hecho delictivo, \u00a0sino \u00a0que \u00a0se \u00a0funda \u00a0en \u00a0el \u00a0acuerdo de personas asociadas en la preparaci\u00f3n y \u00a0ejecuci\u00f3n \u00a0de programas para llevar a cabo una pluralidad de punibles en cuanto \u00a0planes \u00a0criminales \u00a0relacionados \u00a0con el tr\u00e1fico de sustancias estupefacientes, \u00a0que \u00a0es \u00a0precisamente \u00a0lo \u00a0que \u00a0otorga \u00a0autonom\u00eda \u00a0al \u00a0tipo \u00a0de \u00a0concierto para \u00a0delinquir en tales delitos. \u00a0\u00a0<\/p>\n<p>Se \u00a0satisface, \u00a0por \u00a0tanto, el requisito en \u00a0menci\u00f3n.\u00a0 \u00a0\u00a0<\/p>\n<p>5.- EQUIVALENCIA \u00a0DE \u00a0LA \u00a0PROVIDENCIA PROFERIDA EN EL EXTRANJERO.\u00a0 \u00a0\u00a0<\/p>\n<p>El art\u00edculo 493-2 del C.P.P. de 2004\u00a0 \u00a0establece \u00a0como \u00a0presupuesto \u00a0de \u00a0procedencia \u00a0de \u00a0la \u00a0extradici\u00f3n \u201cque \u00a0por lo menos se haya dictado en el exterior resoluci\u00f3n de \u00a0acusaci\u00f3n o su equivalente\u201d. \u00a0\u00a0<\/p>\n<p>Considera \u00a0la \u00a0Corte \u00a0que\u00a0 \u00a0la\u00a0 \u00a0acusaci\u00f3n\u00a0 \u00a0No.\u00a0 \u00a011\u00a0 CR 20388 \u00a0 \u00a0 \u00a0 \u00a0 \u00a0 CR-LENARD, \u00a0dictada \u00a0 \u00a0el\u00a0 \u00a0 \u00a07 \u00a0 \u00a0de \u00a0 junio \u00a0de 2011 por la Corte Distrital de los \u00a0Estados \u00a0 \u00a0Unidos \u00a0 para \u00a0 el \u00a0 Distrito \u00a0 Sur \u00a0 de \u00a0Florida, \u00a0 \u00a0en \u00a0 contra \u00a0 del \u00a0 se\u00f1or \u00a0RICHARD \u00a0ALEXANDER \u00a0DIXON \u00a0FIGUEROA, y \u00a0con \u00a0 fundamento \u00a0 en \u00a0 la \u00a0 cual \u00a0se \u00a0solicita \u00a0su \u00a0extradici\u00f3n, \u00a0corresponde \u00a0 a \u00a0la \u00a0resoluci\u00f3n \u00a0acusatoria \u00a0en \u00a0la \u00a0legislaci\u00f3n \u00a0colombiana, \u00a0pues \u00a0adem\u00e1s \u00a0de \u00a0que \u00a0con \u00a0dicho acto \u00a0procesal \u00a0la \u00a0actuaci\u00f3n \u00a0subsiguiente \u00a0no \u00a0es \u00a0otra distinta al juicio oral que \u00a0finaliza \u00a0con \u00a0el respectivo fallo de m\u00e9rito, como aqu\u00ed sucede, desde el punto \u00a0de \u00a0vista \u00a0formal es espec\u00edfica en se\u00f1alar el lugar y la fecha o \u00e9poca en que \u00a0ocurrieron \u00a0los \u00a0hechos, \u00a0los \u00a0nombres \u00a0de \u00a0los \u00a0part\u00edcipes \u00a0y la calificaci\u00f3n \u00a0jur\u00eddica \u00a0de la conducta, con lo cual se satisfacen en suficiencia los aspectos \u00a0f\u00e1cticos y jur\u00eddicos de la imputaci\u00f3n. \u00a0\u00a0<\/p>\n<p>Adem\u00e1s, \u00a0en \u00a0la \u00a0documentaci\u00f3n anexa que \u00a0sirve \u00a0de \u00a0apoyo a la solicitud de extradici\u00f3n no s\u00f3lo se indica el nombre del \u00a0acusado, \u00a0sino \u00a0los \u00a0lugares \u00a0y \u00a0fechas \u00a0o \u00a0\u00e9pocas \u00a0en que sucedieron los actos \u00a0determinantes de los delitos imputados. \u00a0\u00a0<\/p>\n<p>Si \u00a0a \u00a0ello \u00a0se agrega que la legislaci\u00f3n \u00a0procesal \u00a0de \u00a0los \u00a0Estados \u00a0Unidos \u00a0de \u00a0Am\u00e9rica \u00a0se estructura sobre el sistema \u00a0acusatorio, \u00a0y \u00a0que el proyecto de acusaci\u00f3n lo presenta el fiscal y lo aprueba \u00a0el \u00a0gran \u00a0jurado \u00a0despu\u00e9s \u00a0de examinar la evidencia allegada por aqu\u00e9l, que en \u00a0\u00e9ste \u00a0la \u00a0acusaci\u00f3n \u00a0es \u00a0un escrito que contiene un pliego de cargos formulado \u00a0por \u00a0la \u00a0Fiscal\u00eda \u00a0en \u00a0contra \u00a0del \u00a0procesado \u00a0para que se defienda de ellos en \u00a0juicio, \u00a0que \u00a0incluye \u00a0la \u00a0individualizaci\u00f3n del acusado, una relaci\u00f3n clara y \u00a0sucinta \u00a0de \u00a0los hechos jur\u00eddicamente relevantes -esto es\u00a0 la descripci\u00f3n \u00a0de \u00a0la \u00a0conducta \u00a0t\u00edpica \u00a0imputada, con las circunstancias que la especifican y \u00a0las \u00a0disposiciones \u00a0sustanciales \u00a0realizadas, \u00a0as\u00ed \u00a0como \u00a0el lugar y la fecha o \u00a0\u00e9poca \u00a0de \u00a0su ocurrencia-, es evidente que la persona reclamada en extradici\u00f3n \u00a0en \u00a0este \u00a0caso, \u00a0ha \u00a0sido \u00a0acusada \u00a0y \u00a0llamada \u00a0a \u00a0responder \u00a0en \u00a0juicio por las \u00a0autoridades \u00a0 \u00a0 \u00a0 \u00a0 \u00a0de \u00a0 \u00a0 \u00a0 \u00a0 \u00a0los \u00a0 \u00a0 \u00a0 \u00a0 \u00a0Estados \u00a0 \u00a0 \u00a0 \u00a0 \u00a0Unidos \u00a0 \u00a0 \u00a0 \u00a0 de \u00a0Am\u00e9rica.\u00a0\u00a0\u00a0\u00a0\u00a0\u00a0\u00a0\u00a0\u00a0\u00a0 \u00a0\u00a0<\/p>\n<p>En \u00a0 consecuencia, \u00a0la \u00a0Corte \u00a0encuentra \u00a0superado \u00a0el \u00a0requisito \u00a0en menci\u00f3n, m\u00e1xime si lo que la ley dom\u00e9stica exige, \u00a0es \u00a0 \u201cequivalencia\u201d \u00a0entre \u00a0 \u00a0 las \u00a0 \u00a0 dos \u00a0 \u00a0 piezas \u00a0 \u00a0 procesales, \u00a0 \u00a0mas \u00a0 \u00a0no \u00a0 \u00a0\u201cidentidad\u201d \u00a0 absoluta \u00a0 entre \u00a0 el \u00a0indictment \u00a0del \u00a0sistema \u00a0procesal \u00a0de \u00a0los \u00a0Estados \u00a0Unidos y la resoluci\u00f3n de \u00a0acusaci\u00f3n \u00a0 \u00a0a \u00a0 \u00a0que \u00a0 \u00a0se \u00a0 \u00a0alude \u00a0 \u00a0en \u00a0 \u00a0el \u00a0 modelo \u00a0 de \u00a0 enjuiciamiento \u00a0colombiano. \u00a0\u00a0<\/p>\n<p>6.-\u00a0 \u00a0 \u00a0 \u00a0 Causas \u00a0 \u00a0 \u00a0 de \u00a0improcedencia. \u00a0\u00a0<\/p>\n<p>La \u00a0Constituci\u00f3n \u00a0Nacional \u00a0proh\u00edbe \u00a0la \u00a0extradici\u00f3n \u00a0 en \u00a0 los \u00a0siguientes \u00a0casos, \u00a0(i) \u00a0cuando \u00a0el \u00a0delito \u00a0objeto \u00a0de \u00a0investigaci\u00f3n \u00a0o juzgamiento es de naturaleza pol\u00edtica, (ii) cuando los hechos \u00a0que \u00a0motivan \u00a0la \u00a0solicitud fueron cometidos con anterioridad al 17 de diciembre \u00a0de \u00a01997, \u00a0y (iii) cuando el solicitado es natural colombiano y el delito que se \u00a0le \u00a0imputa \u00a0ha sido cometido en territorio nacional9. \u00a0 Complementariamente \u00a0 la \u00a0Corte \u00a0ha \u00a0venido \u00a0sosteniendo \u00a0que \u00a0tampoco \u00a0procede \u00a0cuando el caso ya ha sido \u00a0juzgado \u00a0en \u00a0Colombia mediante decisi\u00f3n que haya hecho tr\u00e1nsito a cosa juzgada \u00a0con \u00a0 \u00a0anterioridad \u00a0 \u00a0a \u00a0 \u00a0la \u00a0 \u00a0solicitud \u00a0 \u00a0de \u00a0 \u00a0captura \u00a0 \u00a0con \u00a0 fines \u00a0 de \u00a0extradici\u00f3n. \u00a0\u00a0<\/p>\n<p>Ninguna \u00a0de estas prohibiciones se presenta \u00a0en \u00a0el \u00a0caso \u00a0analizado. \u00a0Los \u00a0delitos \u00a0de \u00a0asociaci\u00f3n \u00a0delictiva \u00a0para cometer \u00a0il\u00edcitos \u00a0 \u00a0 de \u00a0 \u00a0 tr\u00e1fico \u00a0 \u00a0de \u00a0 \u00a0sustancias \u00a0estupefacientes, \u00a0as\u00ed \u00a0como \u00a0la \u00a0efectiva \u00a0realizaci\u00f3n \u00a0de estas conductas, \u00a0que \u00a0la \u00a0Corte \u00a0Distrital \u00a0de \u00a0los \u00a0Estados Unidos para el Distrito Sur \u00a0 \u00a0de \u00a0 Florida \u00a0 le \u00a0 imputa \u00a0 a \u00a0RICHARD \u00a0 ALEXANDER \u00a0 DIXON \u00a0 FIGUEROA, \u00a0son de naturaleza com\u00fan, no pol\u00edtica, y los actos manifiestos \u00a0a \u00a0que \u00a0se \u00a0alude \u00a0en \u00a0la \u00a0documentaci\u00f3n \u00a0anexa \u00a0a \u00a0la solicitud ocurrieron con \u00a0posterioridad \u00a0al 17 de diciembre de 1997, es decir a la entrada en vigencia del \u00a0Acto \u00a0Legislativo \u00a0No. \u00a001 \u00a0de ese a\u00f1o, seg\u00fan se establece del contenido de la \u00a0solicitud y los testimonios de apoyo. \u00a0\u00a0<\/p>\n<p>El lugar de comisi\u00f3n del delito tampoco se \u00a0erige \u00a0en factor de improcedencia de la extradici\u00f3n, porque la acusaci\u00f3n y las \u00a0declaraciones \u00a0 \u00a0 de \u00a0 \u00a0 soporte \u00a0 \u00a0permiten \u00a0 \u00a0constatar \u00a0 \u00a0que \u00a0 \u00a0RICHARD \u00a0 ALEXANDER \u00a0 DIXON \u00a0 FIGUEROA \u00a0hac\u00eda \u00a0 parte \u00a0 de \u00a0 una \u00a0 organizaci\u00f3n \u00a0criminal \u00a0de \u00a0tr\u00e1fico \u00a0de \u00a0drogas, \u00a0cuyos \u00a0integrantes est\u00e1n \u00a0involucrados \u00a0en \u00a0la \u00a0planificaci\u00f3n, \u00a0coordinaci\u00f3n \u00a0y \u00a0uso \u00a0de \u00a0aeronaves para transportar cantidades de \u00a0m\u00faltiples \u00a0 toneladas \u00a0 de \u00a0coca\u00edna \u00a0desde \u00a0Apure, \u00a0Venezuela, \u00a0a \u00a0Centroam\u00e9rica y M\u00e9xico, teniendo por \u00a0destino \u00a0final \u00a0a \u00a0los \u00a0Estados \u00a0Unidos \u00a0de \u00a0Am\u00e9rica \u00a0para \u00a0realizar \u00a0all\u00ed \u00a0su \u00a0distribuci\u00f3n, \u00a0seg\u00fan se establece de los hechos del \u00a0caso. \u00a0\u00a0<\/p>\n<p>Esta \u00a0rese\u00f1a deja en claro, como ya hab\u00eda \u00a0sido \u00a0advertido, \u00a0que \u00a0los \u00a0hechos \u00a0por \u00a0los \u00a0cuales \u00a0se \u00a0acusa \u00a0a \u00a0RICHARD \u00a0 ALEXANDER \u00a0 DIXON \u00a0 FIGUEROA \u00a0trascendieron las fronteras del territorio patrio, y \u00a0que \u00a0se cumple, por tanto, el condicionamiento constitucional consistente en que \u00a0la \u00a0conducta \u00a0haya \u00a0sido \u00a0realizada \u00a0total \u00a0o \u00a0parcialmente \u00a0en \u00a0el \u00a0extranjero, \u00a0cualquiera \u00a0sea \u00a0la teor\u00eda que se aplique para determinar el lugar de comisi\u00f3n \u00a0del il\u00edcito (de la acci\u00f3n, del resultado o de la ubicuidad). \u00a0\u00a0<\/p>\n<p>7.- \u00a0 \u00a0EL \u00a0CONCEPTO. \u00a0\u00a0<\/p>\n<p>La \u00a0Corte \u00a0es del criterio que el Gobierno \u00a0Colombiano \u00a0 \u00a0puede \u00a0 \u00a0extraditar \u00a0 \u00a0al \u00a0 \u00a0ciudadano \u00a0 colombiano \u00a0 RICHARD \u00a0ALEXANDER \u00a0DIXON \u00a0FIGUEROA por \u00a0raz\u00f3n \u00a0del\u00a0 \u00a0CARGO \u00a0UNO \u00a0 \u00a0de \u00a0 \u00a0 la \u00a0 \u00a0acusaci\u00f3n, \u00a0a que se contrae la solicitud,, esto \u00a0es \u00a0 \u00a0 por \u00a0 \u00a0 el \u00a0 \u00a0delito \u00a0 \u00a0de \u00a0 \u00a0\u201cConcierto \u00a0 \u00a0para \u00a0 \u00a0fabricar \u00a0 y \u00a0distribuir \u00a0una \u00a0sustancia \u00a0controlada (cinco kilogramos o m\u00e1s de coca\u00edna) con \u00a0el \u00a0 \u00a0conocimiento \u00a0 \u00a0de \u00a0 \u00a0que \u00a0 \u00a0dicha \u00a0 sustancia \u00a0 controlada \u00a0 iba \u00a0a \u00a0ser importada ilegalmente a los Estados Unidos. \u00a0\u00a0<\/p>\n<p>Este \u00a0cargo \u00a0aparece \u00a0incluido en la acusaci\u00f3n\u00a0 No. 11- \u00a020388 \u00a0 CR-LENARD, \u00a0dictada \u00a0 \u00a0el\u00a0 \u00a0 \u00a07 \u00a0 \u00a0de \u00a0 junio \u00a0de 2011 por la Corte Distrital de los \u00a0Estados \u00a0 \u00a0Unidos \u00a0 para \u00a0 el \u00a0 Distrito \u00a0 Sur \u00a0 de \u00a0Florida, \u00a0conforme \u00a0lo solicita el Gobierno de dicho \u00a0pa\u00eds, \u00a0pues \u00a0se satisfacen los requisitos preestablecidos a estos efectos, como \u00a0viene de demostrarse. \u00a0\u00a0<\/p>\n<p>Es \u00a0 de \u00a0 anotar \u00a0 que \u00a0 en \u00a0el \u00a0CARGO \u00a0DOS,\u00a0 \u00a0no \u00a0se \u00a0menciona \u00a0a RICHARD ALEXANDER \u00a0DIXON \u00a0 \u00a0FIGUEROA \u00a0 como \u00a0 acusado \u00a0 ni \u00a0 respecto \u00a0del \u00a0mismo se formula la \u00a0solicitud \u00a0 de \u00a0 extradici\u00f3n, \u00a0 raz\u00f3n \u00a0 por \u00a0la \u00a0cual \u00a0la \u00a0Corte \u00a0se \u00a0abstiene \u00a0de emitir pronunciamiento \u00a0alguno \u00a0 \u00a0 en \u00a0 \u00a0relaci\u00f3n \u00a0 \u00a0con \u00a0 \u00a0dicha \u00a0 \u00a0 \u00a0 \u00a0imputaci\u00f3n. \u00a0\u00a0<\/p>\n<p>6.1.- Aclaraci\u00f3n \u00a0final.- \u00a0\u00a0<\/p>\n<p>Resulta \u00a0pertinente \u00a0advertir, \u00a0finalmente, \u00a0que \u00a0ata\u00f1e al Gobierno Nacional, si en ejercicio de \u00a0su \u00a0competencia \u00a0lo \u00a0estima, \u00a0subordinar \u00a0la concesi\u00f3n de la extradici\u00f3n a las \u00a0condiciones \u00a0que \u00a0considere \u00a0oportunas, \u00a0exigiendo \u00a0en todo caso, que la persona \u00a0solicitada \u00a0no \u00a0vaya \u00a0a ser juzgada por un hecho anterior diverso del que motiva \u00a0la \u00a0extradici\u00f3n, \u00a0ni \u00a0sometida \u00a0a \u00a0desaparici\u00f3n forzada, a torturas ni penas o \u00a0tratos \u00a0crueles \u00a0inhumanos \u00a0o degradantes, ni a las penas de destierro, prisi\u00f3n \u00a0perpetua \u00a0o \u00a0confiscaci\u00f3n, \u00a0o \u00a0a \u00a0sanciones distintas de las que se le hubieren \u00a0impuesto \u00a0en \u00a0la condena, y si la legislaci\u00f3n del Estado requirente pena con la \u00a0muerte \u00a0el \u00a0injusto \u00a0que \u00a0motiva \u00a0la \u00a0extradici\u00f3n, \u00a0la entrega se har\u00e1 bajo la \u00a0condici\u00f3n \u00a0de \u00a0que \u00a0tal \u00a0pena \u00a0sea \u00a0conmutada, \u00a0atendiendo lo contemplado en el \u00a0art\u00edculo 494 del C.P.P. de 2004. \u00a0\u00a0<\/p>\n<p>De \u00a0 igual \u00a0 modo, \u00a0 la \u00a0Corte \u00a0considera \u00a0necesario \u00a0precisar, \u00a0en \u00a0orden \u00a0a \u00a0resguardar \u00a0los \u00a0derechos \u00a0fundamentales \u00a0del \u00a0requerido, \u00a0que \u00a0-si el \u00a0Gobierno \u00a0Nacional \u00a0lo \u00a0considera \u00a0pertinente-, \u00a0el \u00a0Estado \u00a0requirente \u00a0deber\u00e1 \u00a0garantizar \u00a0la \u00a0permanencia \u00a0en \u00a0el \u00a0pa\u00eds \u00a0extranjero \u00a0y \u00a0su \u00a0repatriaci\u00f3n \u00a0en \u00a0condiciones \u00a0de \u00a0dignidad y respeto por la persona humana, cuando el extraditado \u00a0llegare \u00a0a \u00a0ser \u00a0sobrese\u00eddo, \u00a0absuelto, \u00a0declarado \u00a0no culpable o su situaci\u00f3n \u00a0jur\u00eddica \u00a0 resuelta \u00a0 definitivamente \u00a0 de \u00a0 manera \u00a0 semejante, \u00a0 incluso \u00a0con \u00a0posterioridad \u00a0a su liberaci\u00f3n por haber cumplido la pena que le fuere impuesta \u00a0en \u00a0la sentencia de condena, por raz\u00f3n de los cargos que motivaron la solicitud \u00a0de \u00a0extradici\u00f3n \u00a0y \u00a0por \u00a0los \u00a0cuales \u00a0\u00e9sta hubiere sido concedida.\u00a0\u00a0 \u00a0\u00a0<\/p>\n<p>As\u00ed \u00a0 mismo, \u00a0 al \u00a0Gobierno \u00a0Nacional \u00a0le \u00a0corresponde \u00a0condicionar \u00a0la entrega a que el pa\u00eds reclamante, de acuerdo \u00a0con \u00a0sus \u00a0pol\u00edticas internas sobre la materia, le ofrezca \u00a0posibilidades \u00a0racionales \u00a0y \u00a0reales \u00a0para que el requerido pueda tener contacto \u00a0regular \u00a0con \u00a0sus \u00a0familiares m\u00e1s cercanos, considerando que el art\u00edculo 42 de \u00a0la \u00a0Constituci\u00f3n \u00a0Pol\u00edtica \u00a0reconoce \u00a0a la familia como n\u00facleo esencial de la \u00a0sociedad, \u00a0garantiza \u00a0su protecci\u00f3n, y establece la inviolabilidad de su honra, \u00a0dignidad \u00a0e \u00a0intimidad, lo cual se refuerza con la protecci\u00f3n que a ese n\u00facleo \u00a0tambi\u00e9n \u00a0prodigan \u00a0la Convenci\u00f3n Americana de Derechos Humanos en su art\u00edculo \u00a017 \u00a0 y \u00a0 el \u00a0 Pacto \u00a0Internacional \u00a0de \u00a0Derechos \u00a0Civiles \u00a0y \u00a0Pol\u00edticos \u00a0en \u00a0el \u00a023. \u00a0\u00a0<\/p>\n<p>Adem\u00e1s, \u00a0conforme \u00a0precis\u00f3 la Corte en el \u00a0concepto \u00a0del \u00a015 \u00a0de \u00a0mayo \u00a0de \u00a02004 \u00a0(Rad. \u00a029024), \u00a0como \u00a0el \u00a0mecanismo de la \u00a0extradici\u00f3n \u00a0entre \u00a0Estados \u00a0Unidos de Am\u00e9rica y Colombia se rige, en ausencia \u00a0de \u00a0un \u00a0instrumento internacional que la\u00a0 regule, por las normas contenidas \u00a0en \u00a0 \u00a0la \u00a0 \u00a0Constituci\u00f3n \u00a0 \u00a0Pol\u00edtica \u00a0 (art\u00edculo \u00a035) \u00a0 y \u00a0 en \u00a0 el \u00a0C\u00f3digo \u00a0de \u00a0Procedimiento \u00a0Penal \u00a0(art\u00edculos \u00a0 490 \u00a0 a \u00a0 514 \u00a0 de \u00a0 la \u00a0Ley \u00a0906 \u00a0de \u00a02004), el Gobierno Nacional debe hacer las exigencias \u00a0que \u00a0estime convenientes en orden a que en el Estado reclamante se le reconozcan \u00a0todos \u00a0los \u00a0derechos \u00a0y \u00a0garant\u00edas \u00a0inherentes \u00a0a la persona del solicitado, en \u00a0especial \u00a0las \u00a0contenidas \u00a0en \u00a0la Carta Fundamental y en el denominado Bloque de \u00a0Constitucionalidad, \u00a0es decir, en aquellos convenios internacionales ratificados \u00a0por \u00a0 Colombia \u00a0 que \u00a0consagran \u00a0y \u00a0desarrollan \u00a0derechos \u00a0humanos \u00a0(art\u00edculo \u00a093 \u00a0de \u00a0la \u00a0Constituci\u00f3n, \u00a0Declaraci\u00f3n \u00a0Universal de \u00a0Derechos \u00a0 Humanos, \u00a0 Convenci\u00f3n \u00a0 Americana \u00a0 de \u00a0 Derechos \u00a0 Humanos, \u00a0 Pacto \u00a0Internacional \u00a0de \u00a0Derechos \u00a0Civiles y Pol\u00edticos), en \u00a0virtud \u00a0del \u00a0deber de protecci\u00f3n a esos derechos que para todas las autoridades \u00a0p\u00fablicas \u00a0 emana \u00a0 del \u00a0 art\u00edculo \u00a0 2\u00ba \u00a0 ib\u00eddem10. \u00a0\u00a0<\/p>\n<p>Asimismo, \u00a0el \u00a0Gobierno \u00a0Nacional \u00a0ha \u00a0de \u00a0advertir \u00a0a \u00a0su \u00a0hom\u00f3logo \u00a0del \u00a0Estado requirente, que en el presente evento la \u00a0persona \u00a0solicitada \u00a0en \u00a0extradici\u00f3n \u00a0ha \u00a0permanecido privada de la libertad en \u00a0detenci\u00f3n preventiva por raz\u00f3n de\u00a0 este tr\u00e1mite. \u00a0\u00a0<\/p>\n<p>Adem\u00e1s, la Sala ha de indicar que en virtud \u00a0de \u00a0lo \u00a0dispuesto \u00a0por \u00a0el \u00a0numeral \u00a02\u00ba \u00a0del \u00a0art\u00edculo 189 de la Constituci\u00f3n \u00a0Pol\u00edtica, \u00a0le corresponde al Gobierno, encabezado por el se\u00f1or Presidente como \u00a0supremo \u00a0director \u00a0de la pol\u00edtica exterior y de las relaciones internacionales, \u00a0realizar \u00a0el respectivo seguimiento a los condicionamientos que se impongan a la \u00a0concesi\u00f3n \u00a0de la extradici\u00f3n y determinar las consecuencias que se derivar\u00edan \u00a0de su eventual incumplimiento. \u00a0\u00a0<\/p>\n<p>En \u00a0m\u00e9rito \u00a0de \u00a0lo \u00a0expuesto \u00a0y \u00a0con \u00a0las \u00a0precisiones \u00a0consignadas, LA CORTE SUPREMA DE JUSTICIA, SALA DE CASACI\u00d3N PENAL, \u00a0\u00a0<\/p>\n<p>CONCEPT\u00daA \u00a0 FAVORABLEMENTE \u00a0 a \u00a0 la \u00a0 extradici\u00f3n \u00a0 del \u00a0 ciudadano \u00a0colombiano \u00a0 \u00a0 RICHARD \u00a0 \u00a0 ALEXANDER \u00a0 \u00a0DIXON \u00a0FIGUEROA, \u00a0solicitada al Gobierno de Colombia por su \u00a0hom\u00f3logo \u00a0de \u00a0los \u00a0Estados \u00a0Unidos \u00a0de \u00a0Am\u00e9rica, \u00a0por \u00a0raz\u00f3n del CARGO \u00a0UNO \u00a0contenido \u00a0en la\u00a0 acusaci\u00f3n No. 11-20388 \u00a0 \u00a0 \u00a0 \u00a0 \u00a0 CR-LENARD, \u00a0dictada \u00a0el\u00a0 \u00a07 \u00a0de \u00a0junio \u00a0de \u00a02011 \u00a0por \u00a0la \u00a0Corte \u00a0 Distrital \u00a0 de \u00a0 los \u00a0 Estados \u00a0Unidos \u00a0para \u00a0el \u00a0Distrito \u00a0Sur de Florida. \u00a0\u00a0<\/p>\n<p>Por la Secretar\u00eda de la Sala, comun\u00edquese \u00a0esta \u00a0determinaci\u00f3n \u00a0al \u00a0requerido \u00a0se\u00f1or \u00a0RICHARD \u00a0ALEXANDER \u00a0DIXON \u00a0FIGUEROA, a su defensora \u00a0 \u00a0de \u00a0confianza, \u00a0al \u00a0Ministerio \u00a0P\u00fablico \u00a0y \u00a0a la Fiscal \u00a0General \u00a0de \u00a0la Naci\u00f3n para lo de su cargo en relaci\u00f3n con la persona detenida \u00a0preventivamente con fines de extradici\u00f3n. \u00a0\u00a0<\/p>\n<p>Devu\u00e9lvase \u00a0el \u00a0expediente al Ministerio de \u00a0Justicia y de Derecho para los tr\u00e1mites subsiguientes de ley. \u00a0\u00a0<\/p>\n<p>JAVIER DE JES\u00daS ZAPATA ORTIZ \u00a0<\/p>\n<p>JOS\u00c9 \u00a0 \u00a0 \u00a0 LUIS \u00a0 \u00a0 \u00a0 BARCEL\u00d3 \u00a0CAMACHO\u00a0\u00a0\u00a0\u00a0\u00a0\u00a0\u00a0\u00a0\u00a0\u00a0\u00a0\u00a0\u00a0\u00a0\u00a0\u00a0\u00a0\u00a0\u00a0\u00a0\u00a0\u00a0 \u00a0JOS\u00c9 LEONIDAS BUSTOS MART\u00cdNEZ \u00a0\u00a0<\/p>\n<p>FERNANDO \u00a0 \u00a0 \u00a0ALBERTO \u00a0 \u00a0 \u00a0CASTRO \u00a0CABALLERO\u00a0\u00a0\u00a0\u00a0\u00a0\u00a0\u00a0\u00a0\u00a0\u00a0\u00a0\u00a0\u00a0\u00a0\u00a0\u00a0 \u00a0SIGIFREDO ESPINOSA P\u00c9REZ \u00a0\u00a0<\/p>\n<p>MAR\u00cdA \u00a0 \u00a0DEL \u00a0 \u00a0ROSARIO \u00a0 \u00a0GONZ\u00c1LEZ \u00a0MU\u00d1OZ\u00a0\u00a0\u00a0\u00a0\u00a0\u00a0\u00a0\u00a0\u00a0\u00a0\u00a0\u00a0\u00a0\u00a0\u00a0\u00a0\u00a0\u00a0\u00a0 \u00a0AUGUSTO J. IB\u00c1\u00d1EZ GUZM\u00c1N \u00a0\u00a0<\/p>\n<p>\u00a0\u00a0\u00a0\u00a0\u00a0\u00a0\u00a0\u00a0\u00a0\u00a0\u00a0\u00a0\u00a0\u00a0\u00a0\u00a0\u00a0\u00a0\u00a0\u00a0\u00a0\u00a0\u00a0 \u00a0Aclaro el voto \u00a0\u00a0<\/p>\n<p>LUIS \u00a0 \u00a0 \u00a0GUILLERMO \u00a0 \u00a0 \u00a0SALAZAR \u00a0OTERO\u00a0\u00a0\u00a0\u00a0\u00a0\u00a0\u00a0\u00a0\u00a0\u00a0\u00a0\u00a0\u00a0\u00a0\u00a0\u00a0\u00a0 \u00a0JULIO ENRIQUE SOCHA SALAMANCA \u00a0\u00a0<\/p>\n<p>NUBIA YOLANDA NOVA GARC\u00cdA \u00a0<\/p>\n<p>Secretaria \u00a0<\/p>\n<p>\u00a0 \u00a0\u00a0<\/p>\n<p>1 Fls. \u00a019 y ss. carpeta anexa \u00a0\u00a0<\/p>\n<p>2 Ley \u00a01453 \u00a0de \u00a02011. Art\u00edculo 70. Extradici\u00f3n simplificada. La persona requerida en \u00a0extradici\u00f3n, \u00a0con \u00a0la \u00a0coadyuvancia \u00a0de \u00a0su \u00a0defensor y del Ministerio P\u00fablico \u00a0podr\u00e1 \u00a0renunciar \u00a0al \u00a0procedimiento previsto en este art\u00edculo y solicitar a la \u00a0Sala \u00a0 de \u00a0Casaci\u00f3n \u00a0Penal \u00a0de \u00a0la \u00a0Corte \u00a0Suprema \u00a0de \u00a0Justicia \u00a0de \u00a0plano \u00a0el \u00a0correspondiente \u00a0concepto, \u00a0a lo cual proceder\u00e1 dentro de los veinte (20) d\u00edas \u00a0siguientes si se cumplen los presupuestos para hacerlo.\u00a0 \u00a0\u00a0<\/p>\n<p>3 Fl. 8 \u00a0y 11 cno. Corte. \u00a0\u00a0<\/p>\n<p>4 Fls. \u00a015 y ss. cno. Corte \u00a0\u00a0<\/p>\n<p>5 Fls. \u00a085 anexo \u00a0\u00a0<\/p>\n<p>6 Fl. \u00a0148\u00a0 anexo \u00a0\u00a0<\/p>\n<p>7 Fls. \u00a0190 y 204 anexo \u00a0\u00a0<\/p>\n<p>8 Fls. \u00a014 y ss. anexo y 7 cno. Corte \u00a0\u00a0<\/p>\n<p>9 \u00a0Art\u00edculo \u00a035 \u00a0de la Constituci\u00f3n Nacional, modificado por el art\u00edculo 1\u00b0 del \u00a0Acto Legislativo 01 de 1997, y 114 del C\u00f3digo Penal. \u00a0\u00a0<\/p>\n<p>10 \u00a0As\u00ed, \u00a0con \u00a0arreglo \u00a0al \u00a0art\u00edculo 29 de la Carta; a los art\u00edculos 9 y 10 de la \u00a0Declaraci\u00f3n \u00a0 \u00a0 Universal \u00a0 \u00a0 de \u00a0 \u00a0 Derechos \u00a0 \u00a0 Humanos, \u00a0 \u00a0 5-3.6, \u00a0 \u00a07-2.5, \u00a08-1.2(a)(b)(c)(d)(e)(f)(g)(h).3.4.5, \u00a09 \u00a0de la Convenci\u00f3n Americana de Derechos \u00a0Humanos, \u00a09-2.3, \u00a010-1.2.3, 14-1.2.3,5, y 15 del Pacto Internacional de Derechos \u00a0Civiles \u00a0y \u00a0Pol\u00edticos, \u00a0el \u00a0Gobierno Nacional debe condicionar la entrega de un \u00a0compatriota, \u00a0si \u00a0concede \u00a0la \u00a0extradici\u00f3n, a que se le respeten al extraditado \u00a0\u2013como \u00a0a cualquier otro \u00a0nacional \u00a0 en \u00a0las \u00a0mismas \u00a0condiciones- \u00a0todas \u00a0las \u00a0garant\u00edas \u00a0debidas \u00a0a \u00a0su \u00a0condici\u00f3n \u00a0de \u00a0justiciable, \u00a0en \u00a0particular, \u00a0a \u00a0que \u00a0tenga acceso a un proceso \u00a0p\u00fablico \u00a0sin \u00a0dilaciones \u00a0injustificadas, \u00a0a que se presuma su inocencia, a que \u00a0cuente \u00a0con \u00a0un \u00a0int\u00e9rprete, a que tenga un defensor designado por \u00e9l o por el \u00a0Estado, \u00a0a \u00a0que \u00a0se le conceda el tiempo y los medios adecuados para que prepare \u00a0la \u00a0defensa, \u00a0a presentar pruebas y controvertir las que se aduzcan en contra, a \u00a0que \u00a0su \u00a0situaci\u00f3n \u00a0de \u00a0privaci\u00f3n \u00a0de la libertad se desarrolle en condiciones \u00a0dignas, \u00a0a que la eventual pena que se le imponga no trascienda de su persona, a \u00a0que \u00a0la \u00a0sanci\u00f3n \u00a0pueda \u00a0ser \u00a0apelada \u00a0ante un tribunal superior, a que la pena \u00a0privativa \u00a0de la libertad tenga la finalidad esencial de reforma y readaptaci\u00f3n \u00a0social. \u00a0 \u00a0\u00a0<\/p>\n<p><\/p>\n","protected":false},"excerpt":{"rendered":"<p>\u00a0 \u00a0 Proceso n\u00ba 37837 \u00a0 CORTE SUPREMA DE JUSTICIA \u00a0 SALA DE CASACI\u00d3N PENAL \u00a0 Aprobado \u00a0acta No. \u00a007 \u00a0\u00a0 Magistrado Ponente: \u00a0 JOS\u00c9 LEONIDAS BUSTOS MART\u00cdNEZ \u00a0 Bogot\u00e1, \u00a0D. \u00a0C., \u00a0dieciocho \u00a0 de \u00a0enero \u00a0de \u00a0dos \u00a0mil \u00a0doce. \u00a0\u00a0 Atendiendo \u00a0lo dispuesto por el art\u00edculo 70 \u00a0de \u00a0la \u00a0Ley 1453 de 2011, concept\u00faa [&hellip;]<\/p>\n","protected":false},"author":1,"featured_media":0,"comment_status":"open","ping_status":"open","sticky":false,"template":"","format":"standard","meta":{"footnotes":""},"categories":[20],"tags":[],"class_list":["post-24158","post","type-post","status-publish","format-standard","hentry","category-20"],"_links":{"self":[{"href":"https:\/\/dmsjuridica.com\/buscador_20179478954\/salapenalcronologico20230723\/wp-json\/wp\/v2\/posts\/24158","targetHints":{"allow":["GET"]}}],"collection":[{"href":"https:\/\/dmsjuridica.com\/buscador_20179478954\/salapenalcronologico20230723\/wp-json\/wp\/v2\/posts"}],"about":[{"href":"https:\/\/dmsjuridica.com\/buscador_20179478954\/salapenalcronologico20230723\/wp-json\/wp\/v2\/types\/post"}],"author":[{"embeddable":true,"href":"https:\/\/dmsjuridica.com\/buscador_20179478954\/salapenalcronologico20230723\/wp-json\/wp\/v2\/users\/1"}],"replies":[{"embeddable":true,"href":"https:\/\/dmsjuridica.com\/buscador_20179478954\/salapenalcronologico20230723\/wp-json\/wp\/v2\/comments?post=24158"}],"version-history":[{"count":0,"href":"https:\/\/dmsjuridica.com\/buscador_20179478954\/salapenalcronologico20230723\/wp-json\/wp\/v2\/posts\/24158\/revisions"}],"wp:attachment":[{"href":"https:\/\/dmsjuridica.com\/buscador_20179478954\/salapenalcronologico20230723\/wp-json\/wp\/v2\/media?parent=24158"}],"wp:term":[{"taxonomy":"category","embeddable":true,"href":"https:\/\/dmsjuridica.com\/buscador_20179478954\/salapenalcronologico20230723\/wp-json\/wp\/v2\/categories?post=24158"},{"taxonomy":"post_tag","embeddable":true,"href":"https:\/\/dmsjuridica.com\/buscador_20179478954\/salapenalcronologico20230723\/wp-json\/wp\/v2\/tags?post=24158"}],"curies":[{"name":"wp","href":"https:\/\/api.w.org\/{rel}","templated":true}]}}