{"id":24144,"date":"2023-09-12T17:21:34","date_gmt":"2023-09-12T17:21:34","guid":{"rendered":"https:\/\/dmsjuridica.com\/buscador_20179478954\/salapenalcronologico20230723\/2023\/09\/12\/3782515-02-12\/"},"modified":"2023-09-12T17:21:34","modified_gmt":"2023-09-12T17:21:34","slug":"3782515-02-12","status":"publish","type":"post","link":"https:\/\/dmsjuridica.com\/buscador_20179478954\/salapenalcronologico20230723\/2023\/09\/12\/3782515-02-12\/","title":{"rendered":"37825(15-02-12)"},"content":{"rendered":"\n<p>\u00a0 \u00a0 Proceso n\u00ba 37825 \u00a0<\/p>\n<p>CORTE SUPREMA DE JUSTICIA \u00a0<\/p>\n<p>SALA DE CASACI\u00d3N PENAL \u00a0<\/p>\n<p>MAGISTRADO PONENTE \u00a0<\/p>\n<p>AUGUSTO J. IB\u00c1\u00d1EZ GUZM\u00c1N \u00a0<\/p>\n<p>Aprobado: Acta No. 40- \u00a0<\/p>\n<p>Bogot\u00e1, D. C., quince (15) de febrero de dos \u00a0mil doce (2012). \u00a0\u00a0<\/p>\n<p>ASUNTO \u00a0<\/p>\n<p>La \u00a0Corte \u00a0Suprema \u00a0de \u00a0Justicia de Colombia \u00a0emite \u00a0concepto \u00a0sobre la solicitud de extradici\u00f3n formulada por el Gobierno de \u00a0los \u00a0Estados \u00a0Unidos \u00a0de \u00a0Am\u00e9rica, \u00a0a \u00a0trav\u00e9s de su Embajada en nuestro pa\u00eds, \u00a0respecto \u00a0 del \u00a0ciudadano \u00a0colombiano \u00a0ENRIQUE \u00a0MORENO \u00a0SERRANO. \u00a0\u00a0<\/p>\n<p>ACTUACI\u00d3N JUDICIAL RELEVANTE \u00a0<\/p>\n<p>1. \u00a0Mediante \u00a0Nota \u00a0Verbal \u00a0 No. \u00a0 1991 \u00a0 del \u00a018 \u00a0de \u00a0agosto \u00a0de \u00a020111, \u00a0la \u00a0Embajada \u00a0de los Estados \u00a0Unidos \u00a0 de \u00a0 Am\u00e9rica \u00a0 solicit\u00f3 \u00a0 la \u00a0detenci\u00f3n \u00a0provisional \u00a0con \u00a0fines \u00a0de \u00a0extradici\u00f3n \u00a0del \u00a0ciudadano \u00a0Colombiano ENRIQUE MORENO \u00a0SERRANO, \u00a0petici\u00f3n formalizada con la Nota Verbal No. \u00a02681 \u00a0 \u00a0 del \u00a0 \u00a027 \u00a0 \u00a0de \u00a0 \u00a0octubre \u00a0 \u00a0de \u00a0 \u00a020112. \u00a0\u00a0<\/p>\n<p>2. El Ministerio del \u00a0Interior \u00a0 y \u00a0de \u00a0Justicia, \u00a0previo \u00a0concepto \u00a0de \u00a0su \u00a0hom\u00f3logo \u00a0de \u00a0Relaciones \u00a0Exteriores \u00a0sobre \u00a0la \u00a0inexistencia \u00a0de \u00a0convenio \u00a0aplicable \u00a0al \u00a0caso, \u00a0el 4 de \u00a0noviembre \u00a0 \u00a0 \u00a0 \u00a0 \u00a0 \u00a0 de \u00a0 \u00a0 \u00a0 \u00a0 \u00a0 \u00a0 20113 \u00a0 remiti\u00f3 \u00a0 a \u00a0la \u00a0Corte \u00a0la \u00a0documentaci\u00f3n \u00a0enviada \u00a0por \u00a0la \u00a0Embajada \u00a0de \u00a0los \u00a0Estados Unidos de Am\u00e9rica, \u00a0debidamente traducida y autenticada. \u00a0\u00a0<\/p>\n<p>3. \u00a0 El \u00a011 \u00a0de \u00a0noviembre \u00a0de \u00a02011, \u00a0la \u00a0Corte \u00a0Suprema \u00a0de \u00a0Justicia \u00a0Sala de Casaci\u00f3n Penal, \u00a0inform\u00f3 \u00a0 \u00a0al \u00a0 se\u00f1or \u00a0 ENRIQUE \u00a0 MORENO \u00a0 SERRANO, \u00a0que \u00a0ten\u00eda \u00a0derecho \u00a0a \u00a0nombrar \u00a0un \u00a0defensor \u00a0que lo \u00a0representara \u00a0en \u00a0el tr\u00e1mite ante esta Corporaci\u00f3n4; \u00a0para \u00a0lo cual el d\u00eda 16 del \u00a0mismo \u00a0mes \u00a0alleg\u00f3 \u00a0poder \u00a0otorgado \u00a0a \u00a0su \u00a0apoderado \u00a0de confianza5; \u00a0posteriormente, \u00a0en virtud de la manifestaci\u00f3n hecha por el defensor del se\u00f1or \u00a0MORENO \u00a0 SERRANO \u00a0 alleg\u00f3 \u00a0escrito \u00a0en el\u00a0 que solicit\u00f3 a la Corporaci\u00f3n emitir concepto en el menor \u00a0t\u00e9rmino \u00a0con \u00a0base en el procedimiento de extradici\u00f3n simplificada6, petici\u00f3n que \u00a0fue \u00a0 \u00a0 \u00a0avalada \u00a0 \u00a0 \u00a0por \u00a0 \u00a0 \u00a0el \u00a0 \u00a0 \u00a0requerido7, \u00a0raz\u00f3n \u00a0por \u00a0la cual la Sala \u00a0dispuso \u00a0oficiar al Ministerio P\u00fablico para que manifieste si coadyuva en dicho \u00a0tr\u00e1mite, \u00a0de acuerdo con lo previsto en el art\u00edculo 70 de la Ley 1453 de 2011. \u00a0\u00a0<\/p>\n<p>El se\u00f1or Procurador Segundo Delegado para la \u00a0Casaci\u00f3n \u00a0Penal \u00a0indic\u00f3 \u00a0que \u00a0dicha solicitud resulta procedente por cuanto el \u00a0requerido \u00a0se \u00a0acogi\u00f3 \u00a0al \u00a0procedimiento \u00a0de \u00a0manera libre y espont\u00e1nea, y fue \u00a0debidamente \u00a0asesorado por su defensor sobre las consecuencias que se derivan de \u00a0la renuncia al tr\u00e1mite extraordinario de extradici\u00f3n. \u00a0\u00a0<\/p>\n<p>Adicionalmente, propuso conceptuar de manera \u00a0favorable \u00a0la \u00a0petici\u00f3n \u00a0de \u00a0extradici\u00f3n \u00a0presentada \u00a0por \u00a0el \u00a0Gobierno de los \u00a0Estados \u00a0Unidos, \u00a0en \u00a0contra del ciudadano colombiano de nacimiento, \u00a0ENRIQUE \u00a0MORENO \u00a0SERRANO, \u00a0por los cargos \u00a0atribuidos, \u00a0al considerar satisfechas las exigencias constitucionales y legales \u00a0para proceder en esa direcci\u00f3n. \u00a0\u00a0<\/p>\n<p>DOCUMENTOS ALLEGADOS \u00a0<\/p>\n<p>Con la Nota Verbal No. 2681 del 27 de octubre \u00a0de \u00a0 \u00a020118, \u00a0la \u00a0Embajada \u00a0de \u00a0los \u00a0Estados Unidos de Am\u00e9rica aport\u00f3, con su \u00a0respectiva traducci\u00f3n, los siguientes documentos: \u00a0\u00a0<\/p>\n<p>1. Nota Verbal No. \u00a01991 \u00a0 \u00a0 del \u00a0 \u00a0 18 \u00a0 \u00a0de \u00a0 \u00a0agosto \u00a0 \u00a0de \u00a0 \u00a020119, \u00a0por \u00a0medio \u00a0de \u00a0la \u00a0cual \u00a0la \u00a0Embajada \u00a0del \u00a0Estado peticionario solicit\u00f3 la detenci\u00f3n provisional con fines \u00a0de \u00a0 extradici\u00f3n \u00a0 del \u00a0se\u00f1or\u00a0 \u00a0ENRIQUE \u00a0MORENO \u00a0SERRANO. \u00a0\u00a0<\/p>\n<p>2. Declaraciones en \u00a0apoyo \u00a0de \u00a0la solicitud rendidas bajo juramento el 14 de octubre de 2011 ante un \u00a0Juez \u00a0Magistrado \u00a0de \u00a0los \u00a0Estados \u00a0Unidos, \u00a0del Distrito Sur de la Florida, por \u00a0Andrea \u00a0 \u00a0 \u00a0 \u00a0 \u00a0 \u00a0 G. \u00a0 \u00a0 \u00a0 \u00a0 \u00a0 \u00a0 Hoffman10, \u00a0 Fiscal \u00a0Auxiliar \u00a0de \u00a0los \u00a0Estados \u00a0 Unidos; \u00a0 y \u00a0 por \u00a0 Jeremy \u00a0 Eric \u00a0 Jones11, \u00a0 \u00a0 Agente \u00a0 \u00a0 Especial \u00a0Administraci\u00f3n de Control de Drogas de Estados Unidos (DEA). \u00a0\u00a0<\/p>\n<p>3. Acusaci\u00f3n Formal \u00a0de \u00a0Reemplazo del Tribunal de Distrito de los Estados Unidos, Distrito Sur de la \u00a0Florida, \u00a0 No. \u00a0 10-20798-CR-COOKE(s), \u00a0 del \u00a07 \u00a0de \u00a0junio \u00a0de \u00a0201112, \u00a0en la que \u00a0se \u00a0 le \u00a0formulan \u00a0cargos \u00a0al \u00a0se\u00f1or \u00a0ENRIQUE \u00a0MORENO \u00a0SERRANO, \u00a0 por \u00a0 delitos \u00a0federales \u00a0de \u00a0narc\u00f3ticos. \u00a0\u00a0<\/p>\n<p>4. Orden de arresto \u00a0de \u00a0fecha \u00a07 \u00a0de junio de 2011 contra el se\u00f1or ENRIQUE \u00a0MORENO \u00a0 \u00a0 \u00a0 \u00a0 \u00a0 \u00a0 \u00a0 \u00a0 \u00a0 \u00a0SERRANO13. \u00a0\u00a0<\/p>\n<p>5. Trascripci\u00f3n de \u00a0las disposiciones legales aplicables. \u00a0\u00a0<\/p>\n<p>6. Certificaci\u00f3n de \u00a0la \u00a0C\u00f3nsul de Colombia en Washington D.C. Estados Unidos, sobre la autenticidad \u00a0de \u00a0 \u00a0la \u00a0 \u00a0firma \u00a0 \u00a0de \u00a0 Patrick \u00a0 O\u2019Hatchet, \u00a0quien \u00a0se \u00a0desempe\u00f1a como auxiliar de autenticaciones del \u00a0Departamento \u00a0 de \u00a0Estado \u00a0de \u00a0los \u00a0Estados \u00a0Unidos14. \u00a0\u00a0<\/p>\n<p>CONSIDERACIONES. \u00a0<\/p>\n<p>La \u00a0Sala emitir\u00e1 concepto favorable para la \u00a0extradici\u00f3n \u00a0del \u00a0ciudadano \u00a0colombiano ENRIQUE MORENO \u00a0SERRANO, \u00a0pues se re\u00fanen los \u00a0requisitos \u00a0 \u00a0 legales \u00a0exigidos para ello. \u00a0\u00a0<\/p>\n<p>1. \u00a0Validez formal de la documentaci\u00f3n presentada. \u00a0\u00a0<\/p>\n<p>Seg\u00fan \u00a0 \u00a0las \u00a0 normas \u00a0 procedimentales \u00a0colombianas, \u00a0se \u00a0exige \u00a0que \u00a0la \u00a0solicitud \u00a0de \u00a0extradici\u00f3n \u00a0se \u00a0haga por v\u00eda \u00a0diplom\u00e1tica, \u00a0o de manera excepcional por la consular o de gobierno a gobierno, \u00a0acompa\u00f1ada \u00a0de \u00a0los \u00a0siguientes \u00a0documentos, \u00a0en \u00a0la \u00a0forma \u00a0establecida \u00a0en la \u00a0legislaci\u00f3n \u00a0del \u00a0Estado requirente: (i) copia o trascripci\u00f3n aut\u00e9ntica de la \u00a0acusaci\u00f3n \u00a0o \u00a0del \u00a0fallo dictado en el pa\u00eds extranjero, o su equivalente; (ii) \u00a0indicaci\u00f3n \u00a0exacta de los actos que determinaron la solicitud de extradici\u00f3n y \u00a0del \u00a0lugar \u00a0y \u00a0la \u00a0fecha \u00a0en que fueron ejecutados; (iii) todos los datos que se \u00a0posean \u00a0y que sirvan para establecer la plena identidad de la persona reclamada; \u00a0y \u00a0(iv) \u00a0copia \u00a0aut\u00e9ntica \u00a0de \u00a0las \u00a0disposiciones \u00a0penales \u00a0aplicables \u00a0para el \u00a0caso15. \u00a0\u00a0<\/p>\n<p>El art\u00edculo 259 del C\u00f3digo de Procedimiento \u00a0Civil, \u00a0modificado \u00a0por \u00a0el Art\u00edculo 1\u00b0, numeral 118 del Decreto 2282 de 1989, \u00a0establece, \u00a0a su vez, que los documentos p\u00fablicos otorgados en pa\u00eds extranjero \u00a0por \u00a0sus \u00a0funcionarios, o con su intervenci\u00f3n, deber\u00e1n presentarse debidamente \u00a0autenticados \u00a0por \u00a0el \u00a0c\u00f3nsul \u00a0o \u00a0agente diplom\u00e1tico de la Rep\u00fablica, o en su \u00a0defecto \u00a0por \u00a0el de una naci\u00f3n amiga. As\u00ed mismo, la firma del c\u00f3nsul o agente \u00a0diplom\u00e1tico \u00a0debe \u00a0ser \u00a0abonada \u00a0por \u00a0el Ministerio de Relaciones Exteriores de \u00a0Colombia, \u00a0 y \u00a0si \u00a0se \u00a0trata \u00a0de \u00a0agentes \u00a0consulares \u00a0de \u00a0un \u00a0pa\u00eds \u00a0amigo, \u00a0se \u00a0autenticar\u00e1n \u00a0previamente \u00a0por \u00a0el \u00a0funcionario \u00a0competente \u00a0del mismo y los de \u00a0\u00e9ste \u00a0 \u00a0 \u00a0por \u00a0 \u00a0 el \u00a0 \u00a0 c\u00f3nsul \u00a0 \u00a0 colombiano16. \u00a0\u00a0<\/p>\n<p>Estas \u00a0exigencias \u00a0de \u00a0car\u00e1cter \u00a0formal \u00a0se \u00a0hallan \u00a0debidamente \u00a0reunidas \u00a0en \u00a0el \u00a0caso \u00a0analizado. \u00a0Magdalena \u00a0A. \u00a0Boynton, \u00a0Directora \u00a0Asociada \u00a0de \u00a0la \u00a0Oficina de Asuntos Internacionales, Divisi\u00f3n de lo \u00a0Penal, \u00a0Departamento \u00a0de \u00a0Justicia \u00a0de los EE.UU. Washington DC., certific\u00f3 las \u00a0firmas \u00a0de \u00a0quienes \u00a0suministraron \u00a0las declaraciones de apoyo a la solicitud de \u00a0extradici\u00f3n; \u00a0el \u00a0Procurador de los Estados Unidos, Eric H. Holder Jr., hizo lo \u00a0propio \u00a0 con \u00a0 aqu\u00e9lla \u00a0 y \u00a0el \u00a0Director \u00a0Adjunto \u00a0de \u00a0la \u00a0Oficina \u00a0de \u00a0Asuntos \u00a0Internacionales \u00a0autentic\u00f3 \u00a0la \u00a0de \u00a0\u00e9ste, \u00a0todo \u00a0lo \u00a0cual \u00a0fue certificado por \u00a0Hillary \u00a0Rodham \u00a0Clinton, \u00a0Secretaria \u00a0de \u00a0Estado, \u00a0y \u00a0por \u00a0Patrick O. Hatchett, \u00a0funcionario Auxiliar de Autenticaciones del Departamento de Estado. \u00a0\u00a0<\/p>\n<p>De \u00a0igual \u00a0manera, la C\u00f3nsul de Colombia en \u00a0Washington \u00a0D.C., \u00a0cuya \u00a0firma \u00a0es \u00a0refrendada \u00a0por \u00a0el Ministerio de Relaciones \u00a0Exteriores \u00a0de Colombia, dio fe de que en efecto, quien suscribe el documento es \u00a0el \u00a0 \u00a0funcionario \u00a0 \u00a0auxiliar \u00a0 \u00a0de \u00a0 \u00a0autenticaciones \u00a0 del \u00a0 Departamento \u00a0 de \u00a0Estado17. \u00a0\u00a0<\/p>\n<p>En las anotadas condiciones, se concluye que \u00a0los \u00a0requerimientos formales de legalizaci\u00f3n de la documentaci\u00f3n que sirven de \u00a0sustento \u00a0a \u00a0la \u00a0solicitud \u00a0de \u00a0extradici\u00f3n, exigidos por las normas del Estado \u00a0requirente \u00a0y \u00a0el Estado Colombiano, se cumplieron a cabalidad, y que desde esta \u00a0perspectiva \u00a0los \u00a0documentos \u00a0aportados \u00a0con \u00a0tal \u00a0fin \u00a0se tornan aptos para ser \u00a0considerados \u00a0 por \u00a0 la \u00a0 Corte \u00a0 en \u00a0 el \u00a0 estudio \u00a0 que \u00a0 debe \u00a0 preceder \u00a0 el \u00a0concepto. \u00a0\u00a0<\/p>\n<p>2. Plena identidad de la persona reclamada en extradici\u00f3n. \u00a0\u00a0<\/p>\n<p>El Gobierno de los Estados Unidos inform\u00f3 en \u00a0su \u00a0petici\u00f3n \u00a0que el requerido se llama ENRIQUE MORENO \u00a0SERRANO, \u00a0ciudadano \u00a0colombiano nacido el nueve (9) de \u00a0octubre \u00a0de \u00a01945, \u00a0portador \u00a0de la c\u00e9dula colombiana No. 17.146.123, datos que \u00a0corresponden \u00a0a \u00a0quien \u00a0permanece \u00a0privado \u00a0de \u00a0la \u00a0libertad \u00a0desde \u00a0el \u00a01\u00b0 \u00a0de \u00a0septiembre \u00a0de \u00a02011 \u00a0con fundamento en Nota Verbal No. 1991 del 18 de agosto de \u00a02011, \u00a0procedente \u00a0de \u00a0la Embajada de los Estados Unidos de Am\u00e9rica18, \u00a0informaci\u00f3n \u00a0que \u00a0tambi\u00e9n \u00a0se \u00a0consigna \u00a0en la orden de captura de fecha 29 de \u00a0agosto \u00a0 de \u00a0 2011 \u00a0 proferida \u00a0 por \u00a0 la \u00a0 se\u00f1ora \u00a0 Fiscal \u00a0 General \u00a0 de \u00a0 la \u00a0Naci\u00f3n19. \u00a0\u00a0<\/p>\n<p>Registros que confrontados con el Informe del \u00a0Investigador \u00a0 \u00a0 de \u00a0 \u00a0 Laboratorio \u00a0 \u00a0 practicado \u00a0 \u00a0 por \u00a0 \u00a0un \u00a0 \u00a0Perito \u00a0 \u00a0en \u00a0Dactiloscopia20, \u00a0el \u00a0acta \u00a0de \u00a0derechos \u00a0del capturado21 \u00a0y la tarjeta alfab\u00e9tica de \u00a0preparaci\u00f3n \u00a0 \u00a0 \u00a0 \u00a0 \u00a0 de \u00a0 \u00a0 \u00a0 \u00a0 \u00a0 c\u00e9dula22 \u00a0a \u00a0nombre \u00a0de \u00a0ENRIQUE \u00a0 \u00a0 \u00a0 MORENO \u00a0 \u00a0 \u00a0 SERRANO23, \u00a0dan \u00a0cuenta \u00a0que \u00a0se \u00a0trata de la persona requerida en \u00a0extradici\u00f3n por el Gobierno de los Estados Unidos. \u00a0\u00a0<\/p>\n<p>Por tanto, queda satisfecho el segundo de los \u00a0presupuestos \u00a0a \u00a0los \u00a0que alude el art\u00edculo 495 de la Ley 906 de 2004, para que \u00a0la \u00a0 \u00a0 extradici\u00f3n \u00a0 \u00a0 solicitada \u00a0 \u00a0 pueda otorgarse. \u00a0\u00a0<\/p>\n<p>3. \u00a0 \u00a0 Principio \u00a0 \u00a0 de \u00a0 \u00a0la \u00a0 \u00a0doble \u00a0incriminaci\u00f3n. \u00a0\u00a0<\/p>\n<p>Este \u00a0postulado \u00a0impone \u00a0verificar \u00a0que \u00a0los \u00a0comportamientos \u00a0delictivos \u00a0imputados \u00a0a \u00a0la \u00a0persona \u00a0reclamada \u00a0en \u00a0el \u00a0pa\u00eds \u00a0solicitante \u00a0est\u00e9n \u00a0previstos \u00a0como \u00a0delito \u00a0en Colombia, y que tengan adscrita \u00a0sanci\u00f3n \u00a0privativa \u00a0de \u00a0la \u00a0libertad \u00a0cuyo m\u00ednimo no sea inferior a cuatro (4) \u00a0a\u00f1os. Se analizar\u00e1n, por tanto, estos requerimientos. \u00a0\u00a0<\/p>\n<p>ENRIQUE \u00a0 \u00a0MORENO \u00a0 \u00a0SERRANO \u00a0es \u00a0solicitado \u00a0en \u00a0extradici\u00f3n \u00a0por \u00a0el \u00a0Gobierno de los Estados \u00a0Unidos \u00a0de Am\u00e9rica para que comparezca a responder en juicio por los delitos de \u00a0(1) \u00a0concierto \u00a0para \u00a0delinquir, \u00a0y, \u00a0(2) \u00a0tr\u00e1fico de estupefacientes seg\u00fan lo \u00a0establece \u00a0 \u00a0el \u00a0 \u00a0contenido \u00a0 \u00a0de \u00a0 \u00a0la \u00a0 \u00a0Acusaci\u00f3n \u00a0 Formal \u00a0 de \u00a0 Reemplazo \u00a0No.10-20798-CR-COOKE(s) \u00a0del \u00a07 \u00a0de \u00a0junio \u00a0de 2011. Los cargos formulados en su \u00a0contra \u00a0 \u00a0 \u00a0son \u00a0 \u00a0 \u00a0del \u00a0 \u00a0 siguiente \u00a0 \u00a0 tenor24: \u00a0\u00a0<\/p>\n<p>ACUSACI\u00d2N FORMAL DE REEMPLAZO \u00a0<\/p>\n<p>El \u00a0Gran \u00a0Jurado \u00a0de \u00a0Acusaci\u00f3n acusa que: \u00a0(\u2026) \u00a0\u00a0<\/p>\n<p>CARGO 1 \u00a0<\/p>\n<p>Comenzando \u00a0en abril de 2009 o alrededor de \u00a0ese \u00a0entonces, siendo la fecha exacta desconocida por el Jurado de Acusaci\u00f3n, y \u00a0siguiendo \u00a0realizando \u00a0lo \u00a0aducido \u00a0hasta \u00a0la fecha de emisi\u00f3n de la acusaci\u00f3n \u00a0formal \u00a0de \u00a0reemplazo, \u00a0en \u00a0el \u00a0pa\u00eds \u00a0de \u00a0Colombia, Am\u00e9rica del Sur y en otras \u00a0partes, los acusados \u00a0\u00a0<\/p>\n<p>(\u2026) \u00a0<\/p>\n<p>ENRIQUE MORENO SERRANO, \u00a0<\/p>\n<p>alias \u201cCatalino\u201d \u00a0<\/p>\n<p>(\u2026) \u00a0<\/p>\n<p>a \u00a0sabiendas e intencionalmente se unieron, \u00a0se \u00a0confederaron \u00a0y \u00a0acordaron entre s\u00ed y con personas conocidas y desconocidas \u00a0por \u00a0 el \u00a0Jurado \u00a0de \u00a0Acusaci\u00f3n, \u00a0para \u00a0fabricar \u00a0y \u00a0distribuir \u00a0una \u00a0sustancia \u00a0controlada \u00a0enumerada \u00a0en \u00a0la \u00a0Lista \u00a0II, \u00a0a sabiendas de que dicha sustancia se \u00a0importar\u00eda \u00a0il\u00edcitamente \u00a0a \u00a0los \u00a0Estados \u00a0Unidos \u00a0en violaci\u00f3n del art\u00edculo \u00a0959(a)(2) \u00a0del \u00a0T\u00edtulo \u00a021 del C\u00f3digo Federal de ese pa\u00eds; todo lo cual est\u00e1 \u00a0en violaci\u00f3n del art\u00edculo 963 del mismo T\u00edtulo y C\u00f3digo. \u00a0\u00a0<\/p>\n<p>De acuerdo con el art\u00edculo 960(b)(1)(B) del \u00a0T\u00edtulo \u00a021 del C\u00f3digo Federal de los Estados Unidos, se aduce adem\u00e1s que esta \u00a0violaci\u00f3n \u00a0de \u00a0la \u00a0ley \u00a0se trata de cinco (5) kilogramos o m\u00e1s de una mezcla y \u00a0sustancia que contiene una cantidad detectable de coca\u00edna. \u00a0\u00a0<\/p>\n<p>PRETENSIONES \u00a0 PARA \u00a0 LA \u00a0 EXTINCI\u00d3N \u00a0DE \u00a0DOMINIO \u00a0\u00a0<\/p>\n<p>1. Las pretensiones de los cargos 1 al 4 de \u00a0la \u00a0presente Acusaci\u00f3n Formal de Reemplazo se vuelven a aducir y por referencia \u00a0se \u00a0incorporan \u00a0plenamente \u00a0a la misma para pretender la extinci\u00f3n de dominio a \u00a0favor \u00a0de \u00a0los \u00a0Estados \u00a0Unidos de Am\u00e9rica de la propiedad o propiedades en que \u00a0los acusados tengan participaci\u00f3n. \u00a0\u00a0<\/p>\n<p>2. Al declar\u00e1rseles culpables de cualquier \u00a0violaci\u00f3n \u00a0de \u00a0los \u00a0art\u00edculos \u00a0959(a), 959(b) o 963 del T\u00edtulo 21 del C\u00f3digo \u00a0Federal \u00a0de \u00a0los \u00a0Estados \u00a0Unidos, \u00a0los \u00a0acusados \u00a0perder\u00e1n el dominio, el cual \u00a0pasar\u00e1 \u00a0a \u00a0los Estados Unidos, de toda propiedad que constituya o se derive del \u00a0producto \u00a0obtenido, \u00a0directa \u00a0o \u00a0indirectamente, de tales violaciones, y de toda \u00a0propiedad \u00a0que \u00a0los \u00a0acusados hayan usado o se hayan propuesto usar de cualquier \u00a0manera \u00a0o \u00a0en \u00a0cualquier \u00a0proporci\u00f3n \u00a0para \u00a0cometer o facilitar la comisi\u00f3n de \u00a0tales violaciones de la ley. \u00a0\u00a0<\/p>\n<p>Todo \u00a0lo \u00a0cual \u00a0est\u00e1 \u00a0de \u00a0acuerdo \u00a0con \u00a0el \u00a0art\u00edculo \u00a0 853 \u00a0 del \u00a0 T\u00edtulo \u00a0 21 \u00a0 del \u00a0 C\u00f3digo \u00a0 Federal \u00a0de \u00a0los \u00a0Estados \u00a0Unidos. \u00a0\u00a0<\/p>\n<p>Se \u00a0precisa \u00a0que, \u00a0como el decomiso penal no \u00a0comporta \u00a0imputaci\u00f3n alguna, sino el anuncio de la consecuencia patrimonial que \u00a0la \u00a0declaratoria \u00a0de responsabilidad acarrea respecto de los bienes involucrados \u00a0en \u00a0el \u00a0delito, \u00a0por cuya comisi\u00f3n se acusa al requerido, el tema es ajeno a la \u00a0solicitud \u00a0de \u00a0extradici\u00f3n, \u00a0raz\u00f3n \u00a0por \u00a0la \u00a0cual \u00a0no se encuentra comprendido \u00a0dentro \u00a0 de \u00a0 los \u00a0 aspectos \u00a0 a \u00a0analizar \u00a0en \u00a0el \u00a0concepto \u00a0a \u00a0emitir \u00a0por \u00a0la \u00a0Sala. \u00a0\u00a0<\/p>\n<p>Las \u00a0conductas \u00a0atribuidas \u00a0por \u00a0la \u00a0Corte \u00a0Distrital \u00a0de \u00a0los Estados Unidos para el Distrito Sur de Florida, se recogen en \u00a0la legislaci\u00f3n penal colombiana, as\u00ed: \u00a0\u00a0<\/p>\n<p>Las \u00a0conductas \u00a0descritas \u00a0en \u00a0la acusaci\u00f3n \u00a0emitida \u00a0por \u00a0la \u00a0Corte \u00a0Distrital de los Estados Unidos para el Distrito Sur de \u00a0Florida, \u00a0 se \u00a0 encuentran \u00a0 contenidas \u00a0 en \u00a0 lo \u00a0dispuesto \u00a0en \u00a0el \u00a0 \u00a0 art\u00edculo \u00a0 \u00a0 340 \u00a0 \u00a0 (Modificado \u00a0por \u00a0el \u00a0art\u00edculo \u00a08\u00ba \u00a0de \u00a0la Ley 733 de enero 29 de \u00a02002, \u00a0y \u00a0por \u00a0el \u00a0art\u00edculo 19 de la Ley 1121 de 2006) \u00a0descrito \u00a0como concierto para delinquir, y el art\u00edculo \u00a0376 \u00a0 (Modificado \u00a0por \u00a0el \u00a0art\u00edculo \u00a0 11 \u00a0de \u00a0la \u00a0Ley \u00a01453 \u00a0de \u00a02011) \u00a0bajo \u00a0la \u00a0denominaci\u00f3n \u00a0de \u00a0tr\u00e1fico, fabricaci\u00f3n o porte de estupefacientes del C\u00f3digo \u00a0Penal \u00a0expedido mediante la Ley 599 de 2000. \u00a0\u00a0<\/p>\n<p>Art\u00edculo \u00a0 \u00a0 340. \u00a0 \u00a0 (Modificado \u00a0por \u00a0la \u00a0Ley \u00a0733 \u00a0de 2002, art\u00edculo 8\u00ba). \u00a0Concierto \u00a0para \u00a0delinquir. \u00a0Cuando varias personas se concierten \u00a0con \u00a0el \u00a0fin \u00a0de \u00a0cometer \u00a0delitos, cada una de ellas ser\u00e1 penada, por esa sola \u00a0conducta, con prisi\u00f3n de tres (3) a seis (6) a\u00f1os. \u00a0\u00a0<\/p>\n<p>(Inciso \u00a02\u00ba \u00a0modificado por la Ley 1121 de \u00a02006, \u00a0art\u00edculo 19). Cuando \u00a0el \u00a0concierto \u00a0sea \u00a0para \u00a0cometer delitos de genocidio, desaparici\u00f3n forzada de \u00a0personas, \u00a0tortura, \u00a0desplazamiento \u00a0forzado, homicidio, terrorismo, tr\u00e1fico de \u00a0drogas \u00a0 t\u00f3xicas, \u00a0 estupefacientes \u00a0 o \u00a0sustancias \u00a0sicotr\u00f3picas, \u00a0secuestro, \u00a0secuestro \u00a0extorsivo, \u00a0extorsi\u00f3n, enriquecimiento il\u00edcito, lavado de activos o \u00a0testaferrato \u00a0y \u00a0conexos, \u00a0o \u00a0Financiamiento del Terrorismo y administraci\u00f3n de \u00a0recursos \u00a0relacionados con actividades terroristas, la pena ser\u00e1 de prisi\u00f3n de \u00a0ocho \u00a0(8) \u00a0a \u00a0dieciocho \u00a0(18) \u00a0a\u00f1os y multa de dos mil setecientos (2700) hasta \u00a0treinta mil (30000) salarios m\u00ednimos legales mensuales vigentes. \u00a0\u00a0<\/p>\n<p>La \u00a0pena \u00a0privativa \u00a0de \u00a0la \u00a0libertad \u00a0se \u00a0aumentar\u00e1 \u00a0en \u00a0la \u00a0mitad \u00a0para quienes organicen, fomenten, promuevan, dirijan, \u00a0encabecen, \u00a0constituyan \u00a0o \u00a0financien \u00a0el \u00a0concierto \u00a0para delinquir. \u00a0\u00a0<\/p>\n<p>Art\u00edculo \u00a0 \u00a0 376. \u00a0 \u00a0 (Modificado \u00a0por \u00a0la \u00a0Ley \u00a01453 \u00a0de 2011, art\u00edculo 11). \u00a0 Tr\u00e1fico, \u00a0fabricaci\u00f3n \u00a0o \u00a0porte \u00a0de \u00a0estupefacientes. \u00a0El \u00a0que \u00a0sin \u00a0permiso \u00a0de \u00a0autoridad competente, introduzca al \u00a0pa\u00eds, \u00a0as\u00ed \u00a0sea \u00a0en \u00a0tr\u00e1nsito \u00a0o \u00a0saque \u00a0de \u00a0\u00e9l, \u00a0transporte, lleve consigo, \u00a0almacene, \u00a0conserve, \u00a0elabore, venda, ofrezca, adquiera, financie o suministre a \u00a0cualquier \u00a0t\u00edtulo \u00a0sustancia \u00a0estupefaciente, sicotr\u00f3pica o drogas sint\u00e9ticas \u00a0que \u00a0se \u00a0encuentren \u00a0contempladas \u00a0en \u00a0los \u00a0cuadros \u00a0uno, dos, tres y cuatro del \u00a0Convenio \u00a0de \u00a0las \u00a0Naciones Unidas sobre Sustancias Sicotr\u00f3picas, incurrir\u00e1 en \u00a0prisi\u00f3n \u00a0de \u00a0ciento \u00a0veintiocho (128) a trescientos sesenta (360) meses y multa \u00a0de \u00a0mil \u00a0trescientos \u00a0treinta y cuatro (1.334) a cincuenta mil (50.000) salarios \u00a0m\u00ednimos legales mensuales vigentes. \u00a0\u00a0<\/p>\n<p>Si \u00a0la \u00a0cantidad \u00a0de droga no excede de mil \u00a0(1.000) \u00a0gramos \u00a0de \u00a0marihuana, \u00a0doscientos \u00a0(200) gramos de hach\u00eds, cien (100) \u00a0gramos \u00a0de \u00a0coca\u00edna \u00a0o \u00a0de sustancia estupefaciente a base de coca\u00edna o veinte \u00a0(20) \u00a0gramos \u00a0de \u00a0derivados \u00a0de \u00a0la \u00a0amapola, \u00a0doscientos \u00a0(200) gramos de droga \u00a0sint\u00e9tica, \u00a0sesenta \u00a0(60) \u00a0gramos \u00a0de \u00a0nitrato de amilo, sesenta (60) gramos de \u00a0ketamina \u00a0y \u00a0GHB, \u00a0la \u00a0pena \u00a0ser\u00e1 \u00a0de sesenta y cuatro (64) a ciento ocho (108) \u00a0meses \u00a0de prisi\u00f3n y multa de dos (2) a ciento cincuenta (150) salarios m\u00ednimos \u00a0legales mensuales vigentes. \u00a0\u00a0<\/p>\n<p>Si la cantidad de droga excede los l\u00edmites \u00a0m\u00e1ximos \u00a0previstos \u00a0en el inciso anterior sin pasar de diez mil (10.000) gramos \u00a0de \u00a0marihuana, \u00a0tres \u00a0mil \u00a0(3.000) \u00a0gramos de hach\u00eds, dos mil (2.000) gramos de \u00a0coca\u00edna \u00a0o de sustancia estupefaciente a base de coca\u00edna o sesenta (60) gramos \u00a0de \u00a0derivados \u00a0de \u00a0la \u00a0amapola, \u00a0cuatro \u00a0mil (4.000) gramos de droga sint\u00e9tica, \u00a0quinientos \u00a0(500) \u00a0gramos \u00a0de \u00a0nitrato \u00a0de \u00a0amilo, \u00a0quinientos \u00a0(500) \u00a0gramos de \u00a0ketamina \u00a0y GHB, la pena ser\u00e1 de noventa y seis (96) a ciento cuarenta y cuatro \u00a0(144) \u00a0meses \u00a0de \u00a0prisi\u00f3n \u00a0y \u00a0multa \u00a0de \u00a0ciento \u00a0veinte \u00a0y \u00a0cuatro \u00a0(124) a mil \u00a0quinientos (1.500) salarios m\u00ednimos legales mensuales vigentes. \u00a0\u00a0<\/p>\n<p>Justamente, \u00a0como \u00a0las penas nacionales para \u00a0los \u00a0comportamientos \u00a0descritos \u00a0en la Acusaci\u00f3n por Estados Unidos, superan el \u00a0m\u00ednimo \u00a0de \u00a04 \u00a0a\u00f1os \u00a0de sanci\u00f3n privativa de la libertad que exige el numeral \u00a0primero \u00a0del \u00a0art\u00edculo \u00a0493 \u00a0de \u00a0la \u00a0Ley \u00a0906 \u00a0de \u00a02004, \u00a0se \u00a0cumple \u00a0con \u00a0este \u00a0presupuesto. \u00a0\u00a0<\/p>\n<p>4. Equivalencia de las decisiones \u00a0<\/p>\n<p>Este \u00a0requisito \u00a0impone \u00a0establecer \u00a0si \u00a0la \u00a0decisi\u00f3n \u00a0que \u00a0contiene los cargos por los cuales se pide la extradici\u00f3n de la \u00a0persona \u00a0reclamada, \u00a0corresponde \u00a0en \u00a0sus \u00a0aspectos \u00a0formal y sustancial al acto \u00a0procesal \u00a0 \u00a0conocido \u00a0 en \u00a0 la \u00a0 legislaci\u00f3n \u00a0 colombiana \u00a0 como \u00a0 resoluci\u00f3n \u00a0de \u00a0acusaci\u00f3n y\/o escrito de acusaci\u00f3n, es \u00a0decir, \u00a0a \u00a0la decisi\u00f3n que sirve de introducci\u00f3n a la fase del \u00a0juicio, \u00a0a \u00a0trav\u00e9s \u00a0de \u00a0la \u00a0cual \u00a0el \u00a0Estado acusa a una persona determinada de \u00a0violar \u00a0la \u00a0ley \u00a0penal, discrimina los cargos que le imputa, consigna los hechos \u00a0que \u00a0le \u00a0sirven \u00a0de fundamento y determina la \u00e9poca y el lugar de comisi\u00f3n del \u00a0il\u00edcito \u00a0o \u00a0il\u00edcitos, para que el acusado tenga la posibilidad de conocerlos y \u00a0enfrentarlos.\u00a0 \u00a0\u00a0<\/p>\n<p>La Acusaci\u00f3n emitida por el \u00f3rgano judicial \u00a0de \u00a0los \u00a0Estados \u00a0Unidos, \u00a0contiene \u00a0los \u00a0requisitos \u00a0formales \u00a0previstos en los \u00a0art\u00edculos \u00a0336 y 337 de la Ley 906 de 2004, \u00a0pues, \u00a0consigna las circunstancias de tiempo, modo y lugar en que \u00a0se \u00a0realiz\u00f3 la conducta punible, su descripci\u00f3n t\u00edpica, las pruebas en que se \u00a0apoya, \u00a0las \u00a0normas \u00a0sustanciales aplicables al caso, y permite que se inicie el \u00a0debate al interior del juicio. \u00a0\u00a0<\/p>\n<p>La \u00a0providencia \u00a0dictada en el exterior y la \u00a0regulada \u00a0en la legislaci\u00f3n nacional son equivalentes, cumpliendo as\u00ed con este \u00a0requisito. \u00a0\u00a0<\/p>\n<p>5. \u00a0Condiciones que debe imponer el Gobierno \u00a0si autoriza la extradici\u00f3n. \u00a0\u00a0<\/p>\n<p>Ante la eventual determinaci\u00f3n positiva del \u00a0Gobierno \u00a0Nacional, \u00a0en \u00a0todo \u00a0caso respetando la \u00f3rbita de su competencia como \u00a0Supremo \u00a0 Director \u00a0 de \u00a0las \u00a0relaciones \u00a0internacionales, \u00a0la \u00a0Corte \u00a0considera \u00a0pertinente \u00a0 recordar \u00a0 que \u00a0debe \u00a0someter \u00a0la \u00a0extradici\u00f3n \u00a0a \u00a0los \u00a0siguientes \u00a0condicionamientos al pa\u00eds requirente: \u00a0\u00a0<\/p>\n<p>5.1. \u00a0Excluir \u00a0las \u00a0penas \u00a0 de \u00a0 muerte, \u00a0 la \u00a0 condena \u00a0a \u00a0prisi\u00f3n \u00a0perpetua, \u00a0el \u00a0sometimiento \u00a0a \u00a0desaparici\u00f3n \u00a0 forzada, \u00a0 torturas, \u00a0 tratos \u00a0 o \u00a0penas \u00a0crueles, \u00a0inhumanos \u00a0o \u00a0degradantes, \u00a0la \u00a0sanci\u00f3n \u00a0de \u00a0destierro, \u00a0o \u00a0confiscaci\u00f3n \u00a0para \u00a0los \u00a0delitos \u00a0autorizados, \u00a0pues \u00a0esas \u00a0condenas \u00a0est\u00e1n \u00a0excluidas del ordenamiento jur\u00eddico \u00a0colombiano \u00a0de \u00a0conformidad \u00a0con \u00a0los \u00a0fundamentos de la Constituci\u00f3n Pol\u00edtica \u00a0(art\u00edculos 11, 12 y 34). \u00a0\u00a0<\/p>\n<p>5.2. \u00a0Recordar \u00a0al \u00a0pa\u00eds \u00a0 solicitante \u00a0la \u00a0prohibici\u00f3n \u00a0constitucional \u00a0de \u00a0juzgar \u00a0al \u00a0ciudadano \u00a0solicitado \u00a0por \u00a0conductas \u00a0anteriores \u00a0al 17 de diciembre de 1997 y diversas de \u00a0las que originaron la solicitud de extradici\u00f3n. \u00a0\u00a0<\/p>\n<p>5.3. Con el fin de \u00a0preservar \u00a0los \u00a0derechos \u00a0fundamentales \u00a0del \u00a0requerido, \u00a0el \u00a0Gobierno \u00a0Nacional \u00a0condicionar\u00e1 \u00a0su entrega a que el Estado requirente le garantice su permanencia \u00a0en \u00a0ese \u00a0pa\u00eds \u00a0y el retorno a Colombia en condiciones de dignidad y respeto por \u00a0la \u00a0persona \u00a0humana, \u00a0en \u00a0el eventual caso de ser sobrese\u00eddo, absuelto, hallado \u00a0inocente \u00a0o \u00a0de \u00a0situaciones \u00a0similares \u00a0que \u00a0conduzcan \u00a0a \u00a0su libertad, incluso \u00a0despu\u00e9s \u00a0de \u00a0su liberaci\u00f3n por haber cumplido la pena que le fuere impuesta en \u00a0la \u00a0sentencia de condena, en raz\u00f3n de los delitos por los cuales se autoriza su \u00a0extradici\u00f3n. \u00a0\u00a0<\/p>\n<p>5.4.\u00a0 A partir \u00a0de \u00a0los \u00a0postulados \u00a0axiol\u00f3gicos \u00a0de \u00a0la \u00a0Constituci\u00f3n \u00a0Pol\u00edtica, el Gobierno \u00a0Nacional \u00a0est\u00e1 \u00a0en \u00a0el \u00a0deber \u00a0de \u00a0disponer \u00a0lo \u00a0necesario para que el servicio \u00a0exterior \u00a0 de \u00a0 la \u00a0 Rep\u00fablica \u00a0 realice \u00a0 un \u00a0 detallado \u00a0 seguimiento \u00a0a \u00a0los \u00a0condicionamientos \u00a0 \u00a0 \u00a0 \u00a0 \u00a0 \u00a0 \u00a0referidos25 \u00a0\u00a0<\/p>\n<p>. \u00a0<\/p>\n<p>5.5. Finalmente, se \u00a0recordar\u00e1 \u00a0al pa\u00eds extranjero, la obligaci\u00f3n de sus autoridades de tener como \u00a0parte \u00a0cumplida \u00a0de \u00a0la \u00a0pena \u00a0en \u00a0caso \u00a0de \u00a0condena, \u00a0el tiempo que \u00a0 ENRIQUE \u00a0MORENO \u00a0SERRANO, \u00a0haya permanecido privado de su libertad \u00a0en raz\u00f3n de este tr\u00e1mite. \u00a0\u00a0<\/p>\n<p>CAUSALES DE IMPROCEDENCIA. \u00a0<\/p>\n<p>El \u00a0 art\u00edculo \u00a0 35 \u00a0de \u00a0la \u00a0Constituci\u00f3n \u00a0Pol\u00edtica, \u00a0 modificado \u00a0por \u00a0el \u00a0primero \u00a0del \u00a0Acto \u00a0Legislativo \u00a001 \u00a0de \u00a01997, \u00a0ordena: \u00a0\u00a0<\/p>\n<p>\u201cLa \u00a0extradici\u00f3n \u00a0se \u00a0podr\u00e1 \u00a0solicitar, \u00a0conceder \u00a0u \u00a0ofrecer \u00a0de acuerdo con los tratados p\u00fablicos y, en su defecto con \u00a0la ley. \u00a0\u00a0<\/p>\n<p>\u201cAdem\u00e1s, \u00a0 la \u00a0 extradici\u00f3n \u00a0 de \u00a0los \u00a0colombianos \u00a0por \u00a0nacimiento se conceder\u00e1 por delitos cometidos en el exterior, \u00a0considerados como tales en la legislaci\u00f3n penal colombiana. \u00a0\u00a0<\/p>\n<p>\u201cLa extradici\u00f3n no proceder\u00e1 por delitos \u00a0pol\u00edticos. \u00a0\u00a0<\/p>\n<p>\u201cNo \u00a0proceder\u00e1 la extradici\u00f3n cuando se \u00a0trate \u00a0de \u00a0hechos \u00a0cometidos \u00a0con anterioridad a la promulgaci\u00f3n de la presente \u00a0norma\u201d. \u00a0\u00a0<\/p>\n<p>De \u00a0acuerdo \u00a0con \u00a0esta \u00a0disposici\u00f3n, \u00a0son \u00a0causales \u00a0de improcedencia de la extradici\u00f3n, las siguientes, (i) que el delito \u00a0por \u00a0el cual se procede sea de naturaleza pol\u00edtica, (ii) que se trate de hechos \u00a0cometidos \u00a0con \u00a0anterioridad \u00a0al 17 de diciembre de 1997, fecha de promulgaci\u00f3n \u00a0de \u00a0la \u00a0referida \u00a0norma, \u00a0y (iii) que el delito haya sido cometido en territorio \u00a0colombiano. \u00a0\u00a0<\/p>\n<p>Ninguna de estas prohibiciones concurre en el \u00a0caso \u00a0 analizado. \u00a0Los \u00a0delitos \u00a0de \u00a0concierto \u00a0para \u00a0delinquir \u00a0y \u00a0tr\u00e1fico \u00a0de \u00a0estupefacientes \u00a0 \u00a0 imputados \u00a0 \u00a0 a \u00a0 \u00a0MORENO \u00a0 \u00a0 \u00a0SERRANO,\u00a0 \u00a0la \u00a0acusaci\u00f3n, \u00a0son \u00a0de \u00a0naturaleza \u00a0com\u00fan, \u00a0no pol\u00edtica, y los \u00a0hechos \u00a0en \u00a0los \u00a0cuales se sustentan las imputaciones ocurrieron aproximadamente \u00a0entre \u00a02009 \u00a0y \u00a02010 respectivamente, es decir, despu\u00e9s de la promulgaci\u00f3n del \u00a0acto legislativo. \u00a0\u00a0<\/p>\n<p>El \u00a0lugar de comisi\u00f3n de los hechos tampoco \u00a0se \u00a0erige \u00a0en \u00a0causal \u00a0de \u00a0improcedencia. \u00a0Del estudio de la acusaci\u00f3n y de las \u00a0declaraciones \u00a0de \u00a0apoyo \u00a0se \u00a0establece que el solicitado en extradici\u00f3n, desde \u00a0aproximadamente \u00a0el \u00a0a\u00f1o \u00a02009, era miembro de una organizaci\u00f3n de tr\u00e1fico de \u00a0estupefacientes \u00a0que, \u00a0desde abril de 2009 conspir\u00f3 para importar cantidades de \u00a0m\u00faltiples \u00a0toneladas \u00a0de \u00a0coca\u00edna \u00a0de \u00a0la \u00a0Am\u00e9rica \u00a0del \u00a0Sur \u00a0a \u00a0los \u00a0Estados \u00a0Unidos. \u00a0\u00a0<\/p>\n<p>Seg\u00fan las investigaciones realizadas por el \u00a0Agente \u00a0Especial \u00a0de \u00a0la \u00a0Administraci\u00f3n de Control de Drogas de Estados Unidos \u00a0DEA, \u00a0Jeremy \u00a0Eric \u00a0Jones, \u00a0el \u00a0solicitado en extradici\u00f3n fue identificado como \u00a0parte \u00a0 \u00a0de \u00a0 \u00a0la \u00a0 \u00a0organizaci\u00f3n \u00a0 de \u00a0 narcotr\u00e1fico \u00a0 de \u00a0 \u00c1lvaro \u00a0 Su\u00e1rez \u00a0Granados. \u00a0\u00a0<\/p>\n<p>Durante \u00a0la \u00a0\u00e9poca \u00a0de \u00a0investigaci\u00f3n \u00a0que \u00a0llev\u00f3 \u00a0 a \u00a0 la \u00a0acusaci\u00f3n, \u00a0ENRIQUE \u00a0MORENO \u00a0SERRANO \u00a0de \u00a0 forma \u00a0 voluntaria, \u00a0 incurri\u00f3 \u00a0 en \u00a0 conductas \u00a0tipificadas \u00a0en \u00a0el ordenamiento jur\u00eddico interno como concierto para delinquir \u00a0y tr\u00e1fico de estupefacientes. \u00a0\u00a0<\/p>\n<p>I. ANTECEDENTES. \u00a0<\/p>\n<p>(\u2026) \u00a0<\/p>\n<p>6. \u00a0Esta \u00a0investigaci\u00f3n \u00a0ha \u00a0revelado \u00a0que \u00a0\u2026Enrique \u00a0Moreno \u00a0Serrano, \u00a0alias \u00a0\u201cCatalino\u201d \u00a0(en \u00a0lo sucesivo denominado \u00a0\u201cMORENO\u201d) \u00a0y \u00a0otros, \u00a0eran \u00a0miembros \u00a0de \u00a0una \u00a0organizaci\u00f3n \u00a0de tr\u00e1fico de \u00a0estupefacientes \u00a0(\u201cOTE\u201d) \u00a0que, \u00a0desde abril de 2009, conspir\u00f3 para importar \u00a0cantidades \u00a0de \u00a0m\u00faltiples \u00a0toneladas \u00a0de \u00a0coca\u00edna de la Am\u00e9rica del Sur a los \u00a0Estados Unidos. \u00a0\u00a0<\/p>\n<p>7. Desde febrero de 2010 hasta el presente, \u00a0funcionarios \u00a0 colombianos \u00a0del \u00a0orden \u00a0p\u00fablico \u00a0le \u00a0realizaron \u00a0intervenciones \u00a0telef\u00f3nicas \u00a0l\u00edcitas \u00a0y \u00a0judicialmente \u00a0autorizadas \u00a0a \u00a0la \u00a0OTE de SU\u00c1REZ. Se \u00a0intervinieron \u00a0l\u00edcitamente \u00a0las conversaciones de cada uno de los acusados y de \u00a0otros \u00a0conspiradores \u00a0mientras \u00a0hablaban \u00a0acerca \u00a0de la compra, planificaci\u00f3n y \u00a0coordinaci\u00f3n \u00a0de \u00a0aeronaves \u00a0que \u00a0se \u00a0utilizaron para transportar cantidades de \u00a0m\u00faltiples \u00a0toneladas \u00a0de \u00a0coca\u00edna. \u00a0Entre \u00a0junio de 2009 y septiembre de 2010, \u00a0funcionarios \u00a0colombianos \u00a0del \u00a0orden \u00a0p\u00fablico \u00a0confiscaron \u00a0786 \u00a0kilogramos de \u00a0coca\u00edna y tres aeronaves que pertenec\u00edan a la OTE de SU\u00c1REZ. \u00a0\u00a0<\/p>\n<p>II. \u00a0 Pruebas \u00a0\u00a0<\/p>\n<p>8. \u00a0Las \u00a0pruebas \u00a0contra \u00a0cada \u00a0uno de los \u00a0acusados \u00a0 incluyen \u00a0 informaci\u00f3n \u00a0 incriminatoria \u00a0 obtenida \u00a0 a \u00a0 trav\u00e9s \u00a0de \u00a0intervenciones \u00a0l\u00edcitas \u00a0y judicialmente autorizadas de l\u00edneas telef\u00f3nicas en \u00a0Colombia, \u00a0de \u00a0la \u00a0vigilancia \u00a0realizada por personal de las fuerzas colombianas \u00a0del \u00a0orden \u00a0p\u00fablico \u00a0y \u00a0las \u00a0confiscaciones \u00a0llevadas a cobo por organismos del \u00a0orden \u00a0p\u00fablico de estupefacientes que eran propiedad de la OTE de SU\u00c1REZ o que \u00a0\u00e9sta \u00a0transportaba. \u00a0Las \u00a0conversaciones l\u00edcitamente intervenidas consisten en \u00a0conversaciones \u00a0entre \u00a0miembros \u00a0de \u00a0la \u00a0OTE \u00a0de \u00a0SU\u00c1REZ mientras planificaban, \u00a0coordinaban \u00a0y \u00a0participaban \u00a0en el uso de aeronaves para transportar cantidades \u00a0de \u00a0m\u00faltiples \u00a0toneladas \u00a0de \u00a0coca\u00edna \u00a0de \u00a0la \u00a0Am\u00e9rica \u00a0del Sur a la Am\u00e9rica \u00a0Central \u00a0y \u00a0a \u00a0M\u00e9xico, \u00a0siendo los Estados Unidos su destino final. Las pruebas \u00a0contra \u00a0los \u00a0acusados tambi\u00e9n incluyen el testimonio de m\u00faltiples testigos que \u00a0colaboran \u00a0con \u00a0el \u00a0gobierno \u00a0(en \u00a0los \u00a0sucesivo \u00a0denominados \u201cel testigo\u201d o \u00a0\u201clos \u00a0testigos\u201d) \u00a0que \u00a0se \u00a0reunieron y\/o trabajaron con miembros de la OTE y \u00a0que \u00a0posesi\u00f3n \u00a0(sic) \u00a0conocimiento personal de la participaci\u00f3n del acusado en \u00a0las \u00a0 actividades \u00a0 delictivas \u00a0 que \u00a0se \u00a0aducen \u00a0en \u00a0la \u00a0acusaci\u00f3n \u00a0formal \u00a0de \u00a0reemplazo. \u00a0\u00a0<\/p>\n<p>9. El 25 de junio de 2009 un Piper Navajo, \u00a0que \u00a0llevaba \u00a0el \u00a0n\u00famero \u00a0de \u00a0matr\u00edcula \u00a0N5000H \u00a0de \u00a0los \u00a0Estados \u00a0Unidos, fue \u00a0confiscado \u00a0en \u00a0Popay\u00e1n, \u00a0Colombia \u00a0transportando \u00a0786 \u00a0kilogramos de coca\u00edna. \u00a0Antes \u00a0de la confiscaci\u00f3n, la Unidad Especial de investigaci\u00f3n de Colombia (en \u00a0lo \u00a0sucesivo \u00a0denominada \u00a0\u201cUEI\u201d) \u00a0les \u00a0realiz\u00f3 \u00a0l\u00edcitamente intervenciones \u00a0telef\u00f3nicas \u00a0a \u00a0los \u00a0miembros \u00a0de la OTE de SU\u00c1REZ. El 25 de junio de 2009, la \u00a0Fuerza \u00a0A\u00e9rea \u00a0Colombiana \u00a0(la \u00a0\u201cFAC\u201d) \u00a0intercept\u00f3 \u00a0un \u00a0Piper Navajo 1976, \u00a0n\u00famero \u00a0de serie 31-7612032, que llevaba el n\u00famero de matr\u00edcula N5000H de los \u00a0Estados \u00a0Unidos, \u00a0cuando \u00a0\u00e9ste \u00a0part\u00eda \u00a0de Bogot\u00e1, Colombia. La FAC ubic\u00f3 la \u00a0aeronave \u00a0en \u00a0el \u00a0aeropuerto de Popay\u00e1n y notific\u00f3 la ubicaci\u00f3n de \u00e9sta a la \u00a0Polic\u00eda \u00a0Nacional \u00a0de \u00a0Colombia \u00a0(en \u00a0lo sucesivo denominada la \u201cPNC\u201d). Los \u00a0funcionarios \u00a0de \u00a0la \u00a0PNC \u00a0llegaron \u00a0al \u00a0aeropuerto, interceptaron la aeronave y \u00a0detuvieron \u00a0al \u00a0piloto y al copiloto, a los que encontraron escondidos dentro de \u00a0\u00e9sta. \u00a0La \u00a0PNC \u00a0identific\u00f3 \u00a0a \u00a0los \u00a0dos \u00a0pilotos \u00a0como \u00a0GRACIA y SUAZA. La PNC \u00a0descubri\u00f3 \u00a0y \u00a0confisc\u00f3 \u00a0dentro \u00a0de la aeronave 786 kilogramos de coca\u00edna, dos \u00a0tel\u00e9fonos \u00a0celulares, \u00a0y \u00a0tel\u00e9fono \u00a0celular \u00a0satelital \u00a0Iridium, un Sistema de \u00a0Posicionamiento \u00a0 Global \u00a0 (\u201cGPS\u201d) \u00a0marca \u00a0Garmin \u00a0y \u00a06.000 \u00a0USD \u00a0en \u00a0moneda \u00a0estadounidense. \u00a0Adem\u00e1s \u00a0se \u00a0encontraron \u00a0en \u00a0la \u00a0aeronave \u00a0seis recipientes de \u00a0combustible de avi\u00f3n. \u00a0\u00a0<\/p>\n<p>(\u2026) \u00a0<\/p>\n<p>12. \u00a0En \u00a0febrero de 2010, la PNC intervino \u00a0llamadas \u00a0relacionadas \u00a0con \u00a0cuatro \u00a0distintas \u00a0aeronaves \u00a0que la OTE de SU\u00c1REZ \u00a0quer\u00eda \u00a0utilizar \u00a0para \u00a0transportar \u00a0grandes \u00a0cantidades de coca\u00edna. A MONROY, \u00a0CASTILLO, \u00a0 ORTEGA, \u00a0 SALAZAR \u00a0 y \u00a0MORENO \u00a0se \u00a0les \u00a0escuch\u00f3 \u00a0en \u00a0conversaciones \u00a0l\u00edcitamente \u00a0intervenidas \u00a0hablando sobre diversos detalles de los cargamentos, \u00a0incluyendo: \u00a0el dinero que se iba a enviar a Guatemala para comprar una aeronave \u00a0que \u00a0deb\u00eda transportar coca\u00edna Guatemala (sic) y transportar armas al regresar \u00a0de \u00a0ese \u00a0pa\u00eds \u00a0a \u00a0Venezuela; \u00a0el movimiento de dineros a trav\u00e9s de una empresa \u00a0ubicada \u00a0en los Estados Unidos para la compra de aeronaves; y las modificaciones \u00a0que \u00a0 hac\u00edan \u00a0 (sic) \u00a0falta \u00a0hacerles \u00a0a \u00a0las \u00a0diversas \u00a0aeronaves \u00a0para \u00a0poder \u00a0utilizarlas en el transporte de estupefacientes. \u00a0\u00a0<\/p>\n<p>(\u2026) \u00a0<\/p>\n<p>III. Informaci\u00f3n \u00a0sobre \u00a0identificaci\u00f3n de sujetos y papeles espec\u00edficos desempe\u00f1ados en la OTE \u00a0de Su\u00e1rez \u00a0\u00a0<\/p>\n<p>(\u2026) \u00a0<\/p>\n<p>ENRIQUE \u00a0 \u00a0MORENO \u00a0 \u00a0SERRANO, \u00a0 \u00a0alias \u00a0\u201cCatalino\u201d, \u00a0\u00a0<\/p>\n<p>33. Enrique Moreno Serrano es mec\u00e1nico de \u00a0aeronaves \u00a0y \u00a0asociado \u00a0de MONROY. Enrique Moreno Serrano era responsable de que \u00a0las \u00a0aeronaves \u00a0de \u00a0la \u00a0OTE de SU\u00c1REZ llegaran sin correr peligros mec\u00e1nicos a \u00a0Colombia \u00a0y \u00a0de \u00a0darles \u00a0el \u00a0necesario mantenimiento antes de que partieran para \u00a0transportar coca\u00edna. \u00a0\u00a0<\/p>\n<p>(\u2026) \u00a0<\/p>\n<p>Esta rese\u00f1a de la actividad il\u00edcita deja en \u00a0claro \u00a0que los hechos por los cuales se acusa a ENRIQUE \u00a0MORENO \u00a0SERRANO, \u00a0tuvieron \u00a0como \u00a0fin \u00a0hacer llegar el \u00a0tr\u00e1fico de estupefacientes a los Estados Unidos. \u00a0\u00a0<\/p>\n<p>Por tal raz\u00f3n, se cumple el condicionamiento \u00a0constitucional \u00a0de \u00a0que \u00a0la \u00a0conducta \u00a0haya \u00a0sido \u00a0realizada \u00a0en \u00a0el extranjero, \u00a0cualquiera \u00a0sea \u00a0la teor\u00eda que se aplique para determinar el lugar de comisi\u00f3n \u00a0del il\u00edcito (de la acci\u00f3n, del resultado o de la ubicuidad). \u00a0\u00a0<\/p>\n<p>Ahora \u00a0bien, \u00a0ante \u00a0la \u00a0ausencia \u00a0de tratado \u00a0vigente \u00a0con \u00a0los \u00a0Estados Unidos, la extradici\u00f3n es tramitada de acuerdo a los \u00a0lineamientos \u00a0y \u00a0exigencias \u00a0establecidas \u00a0por \u00a0la \u00a0Ley \u00a0Penal \u00a0Colombiana, cuyo \u00a0cumplimiento la Corporaci\u00f3n examin\u00f3 en detalle. \u00a0\u00a0<\/p>\n<p>Por \u00a0lo \u00a0expuesto, \u00a0la \u00a0Corte \u00a0Suprema \u00a0de \u00a0Justicia, \u00a0 Sala \u00a0 de \u00a0 Casaci\u00f3n \u00a0 Penal, \u00a0CONCEPT\u00daA \u00a0FAVORABLEMENTE \u00a0ante \u00a0la solicitud de extradici\u00f3n del \u00a0ciudadano \u00a0 \u00a0 \u00a0colombiano \u00a0 \u00a0 \u00a0ENRIQUE \u00a0 \u00a0 \u00a0MORENO \u00a0SERRANO, \u00a0hecha \u00a0por el Gobierno de los Estados Unidos \u00a0de \u00a0Am\u00e9rica \u00a0mediante \u00a0Nota \u00a0Verbal No. 2681 del 27 de octubre de 2011, por los \u00a0cargos \u00a0imputados \u00a0en la Acusaci\u00f3n Formal de Reemplazo No. 10-20798-CR-COOKE(s) \u00a0del \u00a07 \u00a0de \u00a0junio \u00a0de \u00a02011, \u00a0emitida por el Tribunal de Distrito de los Estados \u00a0Unidos, Distrito Sur de la Florida. \u00a0\u00a0<\/p>\n<p>Por \u00a0 \u00a0la \u00a0 Secretar\u00eda \u00a0 de \u00a0 la \u00a0 Sala \u00a0ent\u00e9rese de esta decisi\u00f3n a \u00a0los \u00a0interesados \u00a0e \u00a0intervinientes, as\u00ed como a la se\u00f1ora Fiscal General de la \u00a0Naci\u00f3n, para lo de su cargo. \u00a0\u00a0<\/p>\n<p>Rem\u00edtase \u00a0el \u00a0expediente \u00a0al Ministerio del \u00a0Interior, para lo que concierne en adelante al Gobierno Nacional. \u00a0\u00a0<\/p>\n<p>Comun\u00edquese y c\u00famplase \u00a0<\/p>\n<p>JOS\u00c9 LEONIDAS BUSTOS MART\u00cdNEZ \u00a0<\/p>\n<p>JOS\u00c9 \u00a0 \u00a0 \u00a0 LUIS \u00a0 \u00a0 \u00a0 BARCEL\u00d3 \u00a0CAMACHO\u00a0\u00a0\u00a0\u00a0\u00a0\u00a0 \u00a0 \u00a0 \u00a0 FERNANDO \u00a0 \u00a0 \u00a0 A. \u00a0 \u00a0 \u00a0 CASTRO \u00a0CABALLERO\u00a0\u00a0\u00a0\u00a0\u00a0\u00a0\u00a0\u00a0\u00a0\u00a0\u00a0\u00a0\u00a0\u00a0\u00a0 \u00a0\u00a0<\/p>\n<p>SIGIFREDO \u00a0 ESPINOSA \u00a0P\u00c9REZ \u00a0 \u00a0 \u00a0 \u00a0 \u00a0\u00a0 \u00a0\u00a0\u00a0 \u00a0MAR\u00cdA DEL ROSARIO GONZ\u00c1LEZ MU\u00d1OZ\u00a0\u00a0\u00a0\u00a0\u00a0 \u00a0\u00a0<\/p>\n<p>AUGUSTO \u00a0 \u00a0 \u00a0 J. \u00a0 \u00a0 \u00a0 IB\u00c1\u00d1EZ \u00a0GUZM\u00c1N\u00a0\u00a0\u00a0\u00a0\u00a0\u00a0\u00a0\u00a0\u00a0 \u00a0 LUIS \u00a0 GUILLERMO \u00a0SALAZAR \u00a0OTERO\u00a0\u00a0\u00a0\u00a0\u00a0\u00a0\u00a0\u00a0\u00a0\u00a0\u00a0\u00a0 \u00a0\u00a0<\/p>\n<p>JULIO \u00a0ENRIQUE \u00a0SOCHA \u00a0SALAMANCA \u00a0 \u00a0\u00a0 \u00a0\u00a0 \u00a0\u00a0 \u00a0 JAVIER \u00a0DE JES\u00daS ZAPATA ORT\u00cdZ \u00a0\u00a0<\/p>\n<p>NUBIA YOLANDA NOVA GARC\u00cdA \u00a0<\/p>\n<p>Secretaria \u00a0 \u00a0<\/p>\n<p>1 \u00a0Folios \u00a0 3 \u00a0 al \u00a0 7, \u00a0 folios \u00a0 8 \u00a0 al \u00a0 13 \u00a0(traducci\u00f3n \u00a0no \u00a0oficial) \u00a0Carpeta \u00a0Anexa. \u00a0\u00a0<\/p>\n<p>2 \u00a0Folios \u00a0 49 \u00a0 al \u00a0 54, \u00a0 folios \u00a055 \u00a0al \u00a060 \u00a0(traducci\u00f3n \u00a0no \u00a0oficial) \u00a0Carpeta \u00a0Anexa. \u00a0\u00a0<\/p>\n<p>3 Folio \u00a01 Cuaderno de la Corte. \u00a0\u00a0<\/p>\n<p>4 Folio \u00a06 Cuaderno original \u00a0\u00a0<\/p>\n<p>5 Folio \u00a07 Cuaderno original. \u00a0\u00a0<\/p>\n<p>6 \u00a0Folios 9 al 10 Cuaderno Original. \u00a0\u00a0<\/p>\n<p>7 Folio \u00a014 Cuaderno Original. \u00a0\u00a0<\/p>\n<p>8 \u00a0Folios \u00a0 49 \u00a0 al \u00a0 54, \u00a0 folios \u00a055 \u00a0al \u00a060 \u00a0(traducci\u00f3n \u00a0no \u00a0oficial) \u00a0Carpeta \u00a0Anexa. \u00a0\u00a0<\/p>\n<p>9 \u00a0Folios \u00a0 3 \u00a0 al \u00a0 7, \u00a0 folios \u00a0 8 \u00a0 al \u00a0 13 \u00a0(traducci\u00f3n \u00a0no \u00a0oficial) \u00a0Carpeta \u00a0Anexa. \u00a0\u00a0<\/p>\n<p>10 \u00a0Folios \u00a0 66 \u00a0 al \u00a078; \u00a0Folios \u00a0195 \u00a0al \u00a0207 \u00a0(Traducci\u00f3n \u00a0no \u00a0oficial) \u00a0Carpeta \u00a0Anexa. \u00a0\u00a0<\/p>\n<p>11 \u00a0Folios \u00a0133 \u00a0al \u00a0156; \u00a0Folios \u00a0261 \u00a0al \u00a0284 \u00a0(Traducci\u00f3n \u00a0no \u00a0oficial) \u00a0Carpeta \u00a0Anexa. \u00a0\u00a0<\/p>\n<p>12 \u00a0Folios \u00a0 90 \u00a0 al \u00a0 95; \u00a0Folios \u00a028 \u00a0al \u00a0223 \u00a0(Traducci\u00f3n \u00a0no \u00a0oficial) \u00a0Carpeta \u00a0Anexa. \u00a0\u00a0<\/p>\n<p>13 \u00a0Folio 115; Folio 243 (Traducci\u00f3n no oficial) Carpeta Anexa. \u00a0\u00a0<\/p>\n<p>14 \u00a0Folio 61 Carpeta Anexa. \u00a0\u00a0<\/p>\n<p>15 \u00a0Articulo 495 de la Ley 906 de 2004. \u00a0\u00a0<\/p>\n<p>16 \u00a0Esta \u00a0regulaci\u00f3n \u00a0legal \u00a0resulta \u00a0aplicable \u00a0al caso en virtud del principio de \u00a0integraci\u00f3n \u00a0normativa \u00a0prevista \u00a0en \u00a0el \u00a0art\u00edculo \u00a025 \u00a0del \u00a0estatuto procesal \u00a0penal. \u00a0\u00a0<\/p>\n<p>17 \u00a0Folio 61 Carpeta Anexa. \u00a0\u00a0<\/p>\n<p>18 \u00a0Folios \u00a0 3 \u00a0 al \u00a0 7, \u00a0 folios \u00a0 8 \u00a0 al \u00a0 12 \u00a0(traducci\u00f3n \u00a0no \u00a0oficial) \u00a0Carpeta \u00a0Anexa. \u00a0\u00a0<\/p>\n<p>19 \u00a0Folios 44 al 46 Carpeta Anexa. \u00a0\u00a0<\/p>\n<p>20 \u00a0Folios 24 al 27 Carpeta anexa. \u00a0\u00a0<\/p>\n<p>21 \u00a0Folio 22 Carpeta anexa. \u00a0\u00a0<\/p>\n<p>22 \u00a0Folio 28 Carpeta anexa \u00a0\u00a0<\/p>\n<p>23 \u00a0Folio 29 Carpeta anexa \u00a0\u00a0<\/p>\n<p>24 \u00a0Folios \u00a0 90 \u00a0al \u00a095; \u00a0Folios \u00a0218 \u00a0al \u00a0223 \u00a0(Traducci\u00f3n \u00a0no \u00a0oficial). \u00a0Carpeta \u00a0Anexa. \u00a0\u00a0<\/p>\n<p>25 \u00a0\u201c&#8230;es \u00a0preciso advertir que como el instrumento de \u00a0la \u00a0extradici\u00f3n \u00a0entre \u00a0Estados \u00a0Unidos \u00a0de \u00a0Am\u00e9rica \u00a0y \u00a0Colombia \u00a0se rige, en \u00a0ausencia \u00a0de un instrumento internacional que regule los motivos de procedencia, \u00a0requisitos, \u00a0 tr\u00e1mite \u00a0 y \u00a0 condiciones, \u00a0 por \u00a0las \u00a0normas \u00a0contenidas \u00a0en \u00a0la \u00a0Constituci\u00f3n \u00a0Pol\u00edtica \u00a0(art\u00edculo \u00a035) y en el C\u00f3digo de Procedimiento Penal \u00a0(art\u00edculos \u00a0508 \u00a0a \u00a0533 \u00a0de \u00a0la Ley 600 de 2000), cuando recae sobre ciudadanos \u00a0colombianos \u00a0por \u00a0nacimiento \u00a0-si \u00a0es \u00a0pasiva-, \u00a0es \u00a0imperioso \u00a0que \u00a0el Gobierno \u00a0Nacional \u00a0haga \u00a0las exigencias que estime convenientes en aras a que en el pa\u00eds \u00a0reclamante \u00a0se \u00a0le \u00a0reconozcan \u00a0todos \u00a0los derechos y garant\u00edas inherentes a su \u00a0calidad \u00a0de \u00a0colombiano \u00a0y \u00a0de procesado, en especial las contenidas en la Carta \u00a0Fundamental \u00a0y \u00a0en \u00a0el \u00a0denominado \u00a0bloque \u00a0de \u00a0constitucionalidad, es decir, en \u00a0aquellos \u00a0convenios \u00a0internacionales \u00a0ratificados \u00a0por \u00a0Colombia que consagran y \u00a0desarrollan \u00a0derechos \u00a0humanos \u00a0(art\u00edculo \u00a093 de la Constituci\u00f3n, Declaraci\u00f3n \u00a0Universal \u00a0de Derechos Humanos, Convenci\u00f3n Americana de Derechos Humanos, Pacto \u00a0Internacional \u00a0de \u00a0Derechos \u00a0Civiles \u00a0y \u00a0Pol\u00edticos), \u00a0en \u00a0virtud \u00a0del \u00a0deber de \u00a0protecci\u00f3n \u00a0a \u00a0esos derechos que para todas las autoridades p\u00fablicas emana del \u00a0art\u00edculo 2\u00ba ib\u00eddem. \u00a0\u00a0<\/p>\n<p>Los \u00a0condicionamientos \u00a0en cuesti\u00f3n tienen \u00a0car\u00e1cter \u00a0imperioso, \u00a0porque \u00a0la \u00a0extradici\u00f3n \u00a0de \u00a0un ciudadano colombiano por \u00a0nacimiento, \u00a0cualquiera \u00a0sea \u00a0el \u00a0delito \u00a0que \u00a0dio lugar a su entrega a un pa\u00eds \u00a0extranjero, \u00a0no \u00a0implica \u00a0que \u00a0pierda su nacionalidad ni los derechos que le son \u00a0ajenos \u00a0a \u00a0tal \u00a0calidad. \u00a0Por \u00a0tanto, el deber de protecci\u00f3n de las autoridades \u00a0colombianas \u00a0se \u00a0extiende \u00a0a \u00a0tal \u00a0punto, \u00a0que \u00a0han \u00a0de \u00a0vigilar que en el pa\u00eds \u00a0reclamante \u00a0se le respete los derechos y garant\u00edas tal como si fuese juzgado en \u00a0Colombia. \u00a0A lo que renuncia el Estado que accede a la entrega de un connacional \u00a0es \u00a0a \u00a0ejercer \u00a0su \u00a0soberan\u00eda \u00a0jurisdiccional, de modo que en tanto aqu\u00e9l siga \u00a0siendo \u00a0s\u00fabdito \u00a0de \u00a0Colombia, \u00a0conserva \u00a0a \u00a0su \u00a0favor todas las prerrogativas, \u00a0garant\u00edas \u00a0y \u00a0derechos \u00a0que emanan de la Constituci\u00f3n y la ley, en particular, \u00a0aquellos \u00a0que se relacionan con su calidad de procesado y que tienen que ver con \u00a0la dignidad humana\u201d. \u00a0\u00a0<\/p>\n<p>(Concepto \u00a0de \u00a0Extradici\u00f3n \u00a0 \u00a0del \u00a0 \u00a005\/09\/2006, \u00a0 \u00a0rad. \u00a0 \u00a0n\u00fam. \u00a025625) \u00a0 \u00a0\u00a0<\/p>\n<p><\/p>\n","protected":false},"excerpt":{"rendered":"<p>\u00a0 \u00a0 Proceso n\u00ba 37825 \u00a0 CORTE SUPREMA DE JUSTICIA \u00a0 SALA DE CASACI\u00d3N PENAL \u00a0 MAGISTRADO PONENTE \u00a0 AUGUSTO J. IB\u00c1\u00d1EZ GUZM\u00c1N \u00a0 Aprobado: Acta No. 40- \u00a0 Bogot\u00e1, D. C., quince (15) de febrero de dos \u00a0mil doce (2012). \u00a0\u00a0 ASUNTO \u00a0 La \u00a0Corte \u00a0Suprema \u00a0de \u00a0Justicia de Colombia \u00a0emite \u00a0concepto \u00a0sobre la [&hellip;]<\/p>\n","protected":false},"author":1,"featured_media":0,"comment_status":"open","ping_status":"open","sticky":false,"template":"","format":"standard","meta":{"footnotes":""},"categories":[20],"tags":[],"class_list":["post-24144","post","type-post","status-publish","format-standard","hentry","category-20"],"_links":{"self":[{"href":"https:\/\/dmsjuridica.com\/buscador_20179478954\/salapenalcronologico20230723\/wp-json\/wp\/v2\/posts\/24144","targetHints":{"allow":["GET"]}}],"collection":[{"href":"https:\/\/dmsjuridica.com\/buscador_20179478954\/salapenalcronologico20230723\/wp-json\/wp\/v2\/posts"}],"about":[{"href":"https:\/\/dmsjuridica.com\/buscador_20179478954\/salapenalcronologico20230723\/wp-json\/wp\/v2\/types\/post"}],"author":[{"embeddable":true,"href":"https:\/\/dmsjuridica.com\/buscador_20179478954\/salapenalcronologico20230723\/wp-json\/wp\/v2\/users\/1"}],"replies":[{"embeddable":true,"href":"https:\/\/dmsjuridica.com\/buscador_20179478954\/salapenalcronologico20230723\/wp-json\/wp\/v2\/comments?post=24144"}],"version-history":[{"count":0,"href":"https:\/\/dmsjuridica.com\/buscador_20179478954\/salapenalcronologico20230723\/wp-json\/wp\/v2\/posts\/24144\/revisions"}],"wp:attachment":[{"href":"https:\/\/dmsjuridica.com\/buscador_20179478954\/salapenalcronologico20230723\/wp-json\/wp\/v2\/media?parent=24144"}],"wp:term":[{"taxonomy":"category","embeddable":true,"href":"https:\/\/dmsjuridica.com\/buscador_20179478954\/salapenalcronologico20230723\/wp-json\/wp\/v2\/categories?post=24144"},{"taxonomy":"post_tag","embeddable":true,"href":"https:\/\/dmsjuridica.com\/buscador_20179478954\/salapenalcronologico20230723\/wp-json\/wp\/v2\/tags?post=24144"}],"curies":[{"name":"wp","href":"https:\/\/api.w.org\/{rel}","templated":true}]}}