{"id":24141,"date":"2023-09-12T17:21:20","date_gmt":"2023-09-12T17:21:20","guid":{"rendered":"https:\/\/dmsjuridica.com\/buscador_20179478954\/salapenalcronologico20230723\/2023\/09\/12\/3782301-02-12\/"},"modified":"2023-09-12T17:21:20","modified_gmt":"2023-09-12T17:21:20","slug":"3782301-02-12","status":"publish","type":"post","link":"https:\/\/dmsjuridica.com\/buscador_20179478954\/salapenalcronologico20230723\/2023\/09\/12\/3782301-02-12\/","title":{"rendered":"37823(01-02-12)"},"content":{"rendered":"\n<p>\u00a0 \u00a0 Proceso \u00a0n\u00ba 37823 \u00a0\u00a0<\/p>\n<p>CORTE \u00a0 SUPREMA \u00a0 DE \u00a0JUSTICIA \u00a0\u00a0<\/p>\n<p>SALA \u00a0 \u00a0 \u00a0DE \u00a0CASACI\u00d3N \u00a0PENAL \u00a0\u00a0<\/p>\n<p>Magistrado Ponente: \u00a0<\/p>\n<p>\u00a0 \u00a0\u00a0 \u00a0\u00a0 \u00a0\u00a0 \u00a0 \u00a0 \u00a0 \u00a0\u00a0 \u00a0 \u00a0 \u00a0 \u00a0\u00a0 \u00a0 \u00a0 \u00a0 \u00a0\u00a0JULIO \u00a0ENRIQUE \u00a0SOCHA \u00a0SALAMANCA \u00a0\u00a0<\/p>\n<p>\u00a0 \u00a0Aprobado \u00a0Acta No. 21 \u00a0\u00a0<\/p>\n<p>Bogot\u00e1, \u00a0D. \u00a0C., \u00a0primero \u00a0(1\u00b0) \u00a0 de \u00a0 febrero \u00a0 de \u00a0 dos \u00a0 mil \u00a0 doce \u00a0(2012). \u00a0\u00a0<\/p>\n<p>VISTOS \u00a0<\/p>\n<p>Procede \u00a0la \u00a0Sala \u00a0a \u00a0rendir \u00a0el \u00a0concepto \u00a0respecto \u00a0de \u00a0la \u00a0solicitud \u00a0de \u00a0extradici\u00f3n \u00a0del \u00a0ciudadano colombiano ORLANDO \u00a0G\u00d3MEZ \u00a0PINZ\u00d3N, \u00a0presentada \u00a0a \u00a0trav\u00e9s de v\u00eda diplom\u00e1tica por el Gobierno de \u00a0los Estados Unidos de Am\u00e9rica. \u00a0\u00a0<\/p>\n<p>ANTECEDENTES \u00a0<\/p>\n<p>1. \u00a0Mediante Nota \u00a0Verbal \u00a0 \u00a0 2122 \u00a0 \u00a0de \u00a023 \u00a0 \u00a0de \u00a0 \u00a0agosto \u00a0 de \u00a02011, \u00a0la \u00a0Embajada de los \u00a0Estados \u00a0 \u00a0Unidos \u00a0 \u00a0de \u00a0 \u00a0Am\u00e9rica \u00a0 en \u00a0 Colombia, \u00a0solicit\u00f3 \u00a0 \u00a0 \u00a0 \u00a0 \u00a0 la \u00a0 \u00a0 \u00a0 \u00a0 \u00a0detenci\u00f3n \u00a0 \u00a0 \u00a0 \u00a0 \u00a0provisional \u00a0 \u00a0del \u00a0 \u00a0se\u00f1or \u00a0 \u00a0 \u00a0ORLANDO \u00a0 \u00a0 \u00a0G\u00d3MEZ \u00a0 \u00a0 \u00a0 \u00a0 \u00a0PINZ\u00d3N, \u00a0la cual fue \u00a0ordenada \u00a0 \u00a0 por \u00a0 \u00a0la \u00a0se\u00f1ora \u00a0 Fiscal \u00a0General \u00a0 \u00a0 \u00a0 de \u00a0 \u00a0 \u00a0la \u00a0 \u00a0 \u00a0Naci\u00f3n \u00a0 \u00a0 el \u00a0d\u00eda \u00a0 \u00a029 \u00a0de \u00a0dicho \u00a0mes. \u00a0\u00a0<\/p>\n<p>Materializada \u00a0 \u00a0 la \u00a0 \u00a0 aprehensi\u00f3n \u00a0 \u00a0 \u00a0 \u00a0 el \u00a0 1\u00ba \u00a0de \u00a0septiembre \u00a0 \u00a0 \u00a0del \u00a0presente \u00a0a\u00f1o por \u00a0 \u00a0 \u00a0efectivos \u00a0 \u00a0 de \u00a0la Direcci\u00f3n \u00a0de \u00a0 \u00a0 Investigaci\u00f3n \u00a0Criminal\u00a0 \u00a0 \u00a0e \u00a0 \u00a0Interpol \u00a0 \u00a0en \u00a0 este \u00a0Distrito \u00a0Capital, le pusieron \u00a0de \u00a0presente sus derechos y le \u00a0realizaron \u00a0 \u00a0 cotejo \u00a0dactilosc\u00f3pico. \u00a0\u00a0<\/p>\n<p>2. \u00a0A \u00a0 \u00a0 \u00a0trav\u00e9s \u00a0 \u00a0 \u00a0de \u00a0 \u00a0la \u00a0 Nota \u00a0 Verbal \u00a0 2700 \u00a0 \u00a0 \u00a0 \u00a0de \u00a0 \u00a0 \u00a0 27 \u00a0de \u00a0 \u00a0octubre\u00a0 \u00a0del \u00a0 a\u00f1o \u00a0 \u00a0 en \u00a0 \u00a0 curso, \u00a0 \u00a0la \u00a0 Embajada \u00a0de \u00a0los \u00a0Estados \u00a0Unidos \u00a0formaliz\u00f3 \u00a0la solicitud \u00a0de \u00a0 \u00a0 \u00a0 extradici\u00f3n \u00a0 \u00a0 \u00a0de \u00a0 \u00a0 \u00a0ORLANDO \u00a0 G\u00d3MEZ \u00a0 PINZ\u00d3N, \u00a0para \u00a0que \u00a0comparezca a juicio por delitos federales \u00a0de \u00a0 \u00a0 \u00a0 \u00a0 \u00a0 \u00a0 \u00a0 \u00a0 narc\u00f3ticos, \u00a0 \u00a0por \u00a0 \u00a0ser \u00a0 \u00a0el \u00a0 \u00a0sujeto \u00a0 \u00a0de \u00a0 \u00a0la \u00a0 acusaci\u00f3n \u00a0n\u00famero \u00a0 11-20500-CR-MOORE, \u00a0 \u00a0 dictada \u00a0 \u00a0 el \u00a0 \u00a026 \u00a0 \u00a0de \u00a0 \u00a0julio \u00a0 \u00a0de \u00a0 2011, \u00a0 en \u00a0la \u00a0Corte \u00a0Distrital \u00a0de los \u00a0Estados \u00a0 Unidos \u00a0 para \u00a0 el \u00a0Distrito \u00a0Sur \u00a0de \u00a0la \u00a0Florida. \u00a0\u00a0<\/p>\n<p>Se \u00a0anex\u00f3 a la \u00a0petici\u00f3n, \u00a0la \u00a0 \u00a0declaraci\u00f3n \u00a0 \u00a0rendida \u00a0 \u00a0por \u00a0Andrea G. Hoffman, Fiscal \u00a0Auxiliar \u00a0Federal \u00a0de los \u00a0Estados \u00a0 Unidos \u00a0 para \u00a0el \u00a0Distrito \u00a0Sur \u00a0 \u00a0de \u00a0 \u00a0Florida, \u00a0 quien \u00a0 \u00a0 \u00a0sostuvo \u00a0 \u00a0 que \u00a0 \u00a0 \u00a0en \u00a0 \u00a0 ejercicio \u00a0 de \u00a0 sus \u00a0 deberes \u00a0se \u00a0 \u00a0 \u00a0 \u00a0familiariz\u00f3 \u00a0con \u00a0los \u00a0cargos \u00a0y \u00a0las \u00a0pruebas \u00a0del \u00a0caso \u00a0No. \u00a0 11-20500-CR-MOORE \u00a0adelantado \u00a0 \u00a0 \u00a0contra \u00a0 \u00a0 \u00a0ORLANDO \u00a0G\u00d3MEZ \u00a0 \u00a0PINZ\u00d3N \u00a0 y \u00a0otros, \u00a0 por \u00a0 hechos \u00a0que \u00a0tuvieron lugar desde \u00a0el \u00a0 mes \u00a0 de \u00a0marzo \u00a0de \u00a02010, \u00a0hasta \u00a0el \u00a0 \u00a0 \u00a0 \u00a0 \u00a0 \u00a0 26 \u00a0 \u00a0 de \u00a0 \u00a0 julio \u00a0 \u00a0 de 2011. \u00a0\u00a0<\/p>\n<p>Despu\u00e9s \u00a0de \u00a0acreditarse \u00a0como testigo \u00a0y \u00a0 \u00a0se\u00f1alar \u00a0 \u00a0el \u00a0procedimiento \u00a0que \u00a0se \u00a0debe \u00a0seguir \u00a0para \u00a0proferir \u00a0una \u00a0acusaci\u00f3n, \u00a0manifiesta \u00a0 \u00a0que \u00a0 \u00a0en \u00a0 \u00a0este \u00a0 caso, \u00a0el \u00a026 de \u00a0julio \u00a0de \u00a02011, \u00a0 la \u00a0Corte \u00a0Distrital \u00a0de los Estados Unidos para \u00a0 el \u00a0Distrito \u00a0Sur \u00a0de \u00a0 \u00a0 la \u00a0 \u00a0Florida \u00a0 \u00a0emiti\u00f3 \u00a0 la \u00a0 acusaci\u00f3n \u00a0 \u00a011-20500-CR-MOORE \u00a0 contra \u00a0el \u00a0 \u00a0requerido \u00a0 \u00a0y \u00a0otros, \u00a0por un \u00a0 cargo \u00a0 de \u00a0 conspiraci\u00f3n \u00a0para \u00a0fabricar \u00a0y distribuir cinco kilogramos o m\u00e1s de una \u00a0sustancia \u00a0 \u00a0controlada \u00a0 enumerada \u00a0 en \u00a0 la \u00a0 Lista \u00a0 II \u00a0 (coca\u00edna), \u00a0con \u00a0el \u00a0prop\u00f3sito de que dicha \u00a0sustancia \u00a0se \u00a0importara il\u00edcitamente a los \u00a0 \u00a0 Estados \u00a0 \u00a0Unidos, \u00a0 \u00a0 en \u00a0 \u00a0 contravenci\u00f3n \u00a0 \u00a0del \u00a0art\u00edculo \u00a0959 \u00a0(a) \u00a0(2), \u00a0y \u00a0los \u00a0art\u00edculos \u00a0 \u00a0963 \u00a0 \u00a0y \u00a0 \u00a0960 \u00a0 (b) \u00a0 (1) \u00a0 (B) \u00a0 del \u00a0 T\u00edtulo \u00a021 \u00a0del \u00a0C\u00f3digo \u00a0Federal de los \u00a0Estados \u00a0Unidos; \u00a0acusaci\u00f3n que incluye pretensiones \u00a0de \u00a0 \u00a0extinci\u00f3n \u00a0 de \u00a0 dominio \u00a0 en \u00a0 virtud \u00a0 del \u00a0art\u00edculo 853 del T\u00edtulo \u00a021 \u00a0 \u00a0 \u00a0de \u00a0 \u00a0 \u00a0la \u00a0 \u00a0 referida \u00a0 \u00a0 codificaci\u00f3n penal. \u00a0\u00a0<\/p>\n<p>Expone \u00a0 \u00a0 que \u00a0 \u00a0 seg\u00fan \u00a0las \u00a0leyes \u00a0de \u00a0los Estados Unidos, \u00a0una \u00a0conspiraci\u00f3n \u00a0es \u00a0 \u00a0 sencillamente \u00a0 \u00a0 un \u00a0 \u00a0 \u00a0 acuerdo \u00a0 \u00a0 \u00a0para \u00a0violar otra ley penal \u00a0 que \u00a0no \u00a0necesita \u00a0 ser \u00a0 formal \u00a0y \u00a0puede \u00a0ser \u00a0tan \u00a0 \u00a0 \u00a0 s\u00f3lo \u00a0 \u00a0 \u00a0verbal \u00a0 \u00a0o \u00a0 \u00a0impl\u00edcito, \u00a0 incluso \u00a0sin \u00a0tener \u00a0conocimiento \u00a0pleno \u00a0 \u00a0 \u00a0 de \u00a0todos los detalles, ni de \u00a0los \u00a0 \u00a0nombres \u00a0 \u00a0o \u00a0 la \u00a0 identidad \u00a0 de \u00a0los otros part\u00edcipes. Por \u00a0 lo \u00a0 tanto, \u00a0 si \u00a0 un \u00a0 acusado \u00a0 entiende \u00a0la \u00a0\u00edndole \u00a0 \u00a0 \u00a0 \u00a0il\u00edcita \u00a0de un \u00a0designio \u00a0 \u00a0 \u00a0y \u00a0voluntariamente \u00a0se \u00a0une \u00a0por lo menos en \u00a0 \u00a0 \u00a0una \u00a0 \u00a0 ocasi\u00f3n, \u00a0eso \u00a0es \u00a0suficiente \u00a0para condenarlo \u00a0por \u00a0 concierto \u00a0 para \u00a0delinquir, aunque no haya \u00a0participado \u00a0 \u00a0antes \u00a0o \u00a0 \u00a0 desempe\u00f1e \u00a0un \u00a0 \u00a0 \u00a0 \u00a0 papel \u00a0 \u00a0 \u00a0 \u00a0secundario. \u00a0\u00a0<\/p>\n<p>Afirma que para \u00a0condenar \u00a0a ORLANDO G\u00d3MEZ \u00a0PINZON \u00a0 \u00a0 \u00a0 \u00a0 \u00a0 \u00a0 \u00a0 \u00a0 del\u00a0 \u00a0 delito \u00a0 imputado \u00a0 en \u00a0 la \u00a0acusaci\u00f3n \u00a0 \u00a0 \u00a0 \u00a0 \u00a0 \u00a0 formal, \u00a0 los \u00a0Estados \u00a0 Unidos \u00a0 debe \u00a0probar \u00a0en \u00a0juicio, que el \u00a0acusado \u00a0 lleg\u00f3 \u00a0 a \u00a0 un \u00a0 acuerdo \u00a0 con \u00a0 una \u00a0 o \u00a0m\u00e1s personas para lograr \u00a0un \u00a0 plan \u00a0 il\u00edcito \u00a0en \u00a0com\u00fan \u00a0de \u00a0fabricar y distribuir cinco kilogramos o \u00a0m\u00e1s \u00a0de \u00a0coca\u00edna con la \u00a0intenci\u00f3n \u00a0de \u00a0importarla \u00a0a \u00a0los \u00a0Estados \u00a0Unidos. \u00a0\u00a0<\/p>\n<p>Indica \u00a0 que \u00a0la mayor pena \u00a0 \u00a0que \u00a0 corresponde \u00a0 al \u00a0 \u00a0 cargo \u00a0 \u00a0 objeto \u00a0 \u00a0de \u00a0 \u00a0la \u00a0acusaci\u00f3n \u00a0 \u00a0 es \u00a0de \u00a0\u201c(\u2026) \u00a0 \u00a0 cadena \u00a0 \u00a0 perpetua \u00a0m\u00e1s un plazo vitalicio de libertad \u00a0vigilada \u00a0tras \u00a0cumplir \u00a0la \u00a0condena de prisi\u00f3n, una \u00a0multa \u00a0de 4.000.000 de d\u00f3lares y un recargo especial \u00a0de \u00a0 \u00a0100 \u00a0 \u00a0d\u00f3lares \u00a0(\u2026)\u201d. \u00a0\u00a0<\/p>\n<p>En relaci\u00f3n con \u00a0los \u00a0 hechos \u00a0 del \u00a0 caso, \u00a0 hace \u00a0referencia \u00a0a \u00a0lo \u00a0declarado \u00a0por \u00a0 \u00a0el \u00a0 \u00a0Agente \u00a0 \u00a0Especial \u00a0 \u00a0 \u00a0 \u00a0Jeremy \u00a0 \u00a0 \u00a0Eric \u00a0 \u00a0 Jones \u00a0 \u00a0 de \u00a0 \u00a0 la \u00a0Administraci\u00f3n \u00a0de Control de Drogas de los Estados \u00a0Unidos (DEA). \u00a0\u00a0<\/p>\n<p>3. Se \u00a0 \u00a0 \u00a0 \u00a0 \u00a0 \u00a0 acompa\u00f1\u00f3 \u00a0copia \u00a0 \u00a0 de \u00a0 \u00a0 la \u00a0acusaci\u00f3n \u00a0 \u00a0 No. \u00a011-20500-CR-MOORE, \u00a0proferida \u00a0por \u00a0La Corte \u00a0Distrital \u00a0 \u00a0 \u00a0de \u00a0 \u00a0 \u00a0los \u00a0 \u00a0 Estados \u00a0Unidos \u00a0para \u00a0el Distrito Sur de la \u00a0Florida \u00a0el 26 \u00a0 de \u00a0 julio \u00a0 de \u00a02011, \u00a0contra \u00a0ORLANDO \u00a0 \u00a0 G\u00d3MEZ \u00a0PINZ\u00d3N \u00a0 \u00a0 \u00a0 \u00a0 alias \u00a0 \u00a0 \u00a0 \u00a0 \u201cLalo\u201d \u00a0y \u00a0otros, \u00a0 \u00a0 \u00a0como \u00a0 \u00a0 tambi\u00e9n \u00a0 \u00a0 de \u00a0 \u00a0la \u00a0 \u00a0orden \u00a0 \u00a0de \u00a0 arresto \u00a0 expedida \u00a0 a \u00a0 su \u00a0nombre. \u00a0\u00a0<\/p>\n<p>4. \u00a0 \u00a0Se \u00a0aport\u00f3 \u00a0 \u00a0 \u00a0la \u00a0declaraci\u00f3n \u00a0 \u00a0 rendida \u00a0 \u00a0 por \u00a0 \u00a0 Jeremy \u00a0 \u00a0 Eric \u00a0 \u00a0 Jones, \u00a0 \u00a0Agente \u00a0Especial \u00a0de la \u00a0 \u00a0 \u00a0Administraci\u00f3n \u00a0de \u00a0Control \u00a0de \u00a0Drogas (DEA), quien \u00a0expuso \u00a0que en \u00a0 \u00a0 el \u00a0 \u00a0 desempe\u00f1o \u00a0de sus funciones se familiariz\u00f3 con \u00a0los \u00a0cargos \u00a0y \u00a0las pruebas en la causa de \u201cEstados \u00a0Unidos \u00a0de \u00a0Am\u00e9rica contra Jaime Garc\u00eda \u00a0 y \u00a0 otros, \u00a0 n\u00famero \u00a0causa \u00a0penal \u00a011-20500-CR-MOORE, \u00a0 \u00a0la \u00a0 cual \u00a0 surgi\u00f3 \u00a0 de \u00a0 la \u00a0investigaci\u00f3n \u00a0 de \u00a0 una \u00a0organizaci\u00f3n \u00a0 \u00a0narcotraficante \u00a0 que \u00a0 ha \u00a0 conspirado \u00a0 para \u00a0 importar \u00a0 una \u00a0 gran \u00a0 cantidad \u00a0 de \u00a0estupefacientes a los Estados Unidos.\u201d \u00a0\u00a0<\/p>\n<p>Se\u00f1al\u00f3 \u00a0que \u00a0desde \u00a0 el \u00a0 mes \u00a0de \u00a0mayo \u00a0de \u00a02010, \u00a0funcionarios \u00a0colombianos \u00a0 \u00a0del \u00a0 \u00a0orden \u00a0 p\u00fablico \u00a0 realizaron \u00a0intervenciones \u00a0 \u00a0 telef\u00f3nicas \u00a0 \u00a0l\u00edcitas \u00a0 \u00a0 \u00a0 \u00a0y \u00a0 \u00a0 \u00a0 \u00a0judicialmente \u00a0 \u00a0 \u00a0 \u00a0autorizadas, \u00a0de \u00a0las \u00a0conversaciones \u00a0 de \u00a0 los \u00a0acusados \u00a0C\u00e9sar \u00a0Augusto \u00a0Lozano \u00a0Garc\u00eda, ORLANDO \u00a0G\u00d3MEZ PINZ\u00d3N y Fernando \u00a0Sandoval \u00a0V\u00e1squez, \u00a0cuando \u00a0hablaban \u00a0de la compra, \u00a0planificaci\u00f3n \u00a0 \u00a0 y \u00a0 \u00a0 coordinaci\u00f3n \u00a0de aeronaves que se utilizaron para transportar m\u00faltiples \u00a0 \u00a0 \u00a0 \u00a0 \u00a0cantidades \u00a0 \u00a0 \u00a0 \u00a0 \u00a0de \u00a0 \u00a0 \u00a0 \u00a0 coca\u00edna. \u00a0\u00a0<\/p>\n<p>Indic\u00f3 \u00a0que \u00a0ORLANDO \u00a0 \u00a0 G\u00d3MEZ \u00a0PINZ\u00d3N, \u00a0es \u00a0 \u00a0 ciudadano \u00a0 \u00a0 colombiano, \u00a0 \u00a0 nacido \u00a0 \u00a0 el \u00a0 \u00a014 de junio \u00a0de \u00a01956 \u00a0en \u00a0Bucaramanga \u00a0y \u00a0se \u00a0identifica con la \u00a0c\u00e9dula \u00a0de \u00a0ciudadan\u00eda \u00a0No. \u00a0 \u00a0 \u00a0 \u00a0 \u00a0 \u00a0 \u00a0 13.845.357. \u00a0\u00a0<\/p>\n<p>5. \u00a0 \u00a0Se \u00a0acompa\u00f1\u00f3 \u00a0 \u00a0 la \u00a0transcripci\u00f3n \u00a0de \u00a0las \u00a0disposiciones \u00a0 normativas \u00a0 del \u00a0 pa\u00eds \u00a0 \u00a0 \u00a0 \u00a0 \u00a0 requirente, \u00a0 \u00a0 supuestamente \u00a0 \u00a0 \u00a0 \u00a0 \u00a0vulneradas \u00a0 \u00a0 \u00a0 \u00a0 por \u00a0 \u00a0 \u00a0 \u00a0 el \u00a0 \u00a0 \u00a0 \u00a0 solicitado \u00a0en extradici\u00f3n. \u00a0\u00a0<\/p>\n<p>6. El Ministerio \u00a0de \u00a0Justicia y de Derecho \u00a0consider\u00f3 \u00a0 \u00a0completo \u00a0 \u00a0el \u00a0 expediente \u00a0 y \u00a0 lo \u00a0remiti\u00f3 a esta Sala mediante oficio de 2 \u00a0 \u00a0de \u00a0 \u00a0noviembre \u00a0 \u00a0de \u00a0 \u00a0 \u00a0 \u00a0 \u00a0 \u00a02011, \u00a0 \u00a0 \u00a0 \u00a0 \u00a0 \u00a0 transcribiendo \u00a0el concepto emitido por \u00a0su \u00a0 \u00a0 hom\u00f3logo \u00a0 \u00a0 de \u00a0 \u00a0Relaciones \u00a0Exteriores \u00a0a \u00a0trav\u00e9s de oficio No. \u00a0DIAJI.E.2573 del \u00a0d\u00eda \u00a0 \u00a028 \u00a0 \u00a0 \u00a0de \u00a0 \u00a0 octubre, \u00a0en el cual se\u00f1ala que por no mediar \u00a0convenio \u00a0 aplicable \u00a0al \u00a0caso, \u00a0es \u00a0procedente \u00a0obrar \u00a0de \u00a0conformidad \u00a0con \u00a0el \u00a0ordenamiento procesal penal colombiano. \u00a0\u00a0<\/p>\n<p>7. \u00a0 \u00a0A \u00a0trav\u00e9s \u00a0 de \u00a0 \u00a0escrito \u00a0 \u00a0radicado \u00a0 \u00a0en \u00a0 \u00a0la \u00a0Secretar\u00eda de la Sala el \u00a011 \u00a0 \u00a0de \u00a0 noviembre \u00a0de \u00a0 \u00a02011, \u00a0 ORLANDO \u00a0G\u00d3MEZ \u00a0 \u00a0 \u00a0 \u00a0 \u00a0 \u00a0 \u00a0 PINZ\u00d3N, \u00a0solicit\u00f3 \u00a0 a \u00a0 esta \u00a0 Corporaci\u00f3n \u00a0 \u00a0 se \u00a0 \u00a0 diera \u00a0 \u00a0 tr\u00e1mite \u00a0a \u00a0la \u00a0 \u00a0 \u00a0 \u00a0 \u00a0 \u00a0 \u00a0 \u00a0 \u00a0 \u00a0extradici\u00f3n \u00a0simplificada, \u00a0informando que se hab\u00eda \u00a0dirigido \u00a0a la Procuradur\u00eda General \u00a0de \u00a0 \u00a0la \u00a0 \u00a0Naci\u00f3n \u00a0 con \u00a0 el \u00a0 prop\u00f3sito \u00a0 \u00a0de \u00a0 \u00a0que \u00a0 \u00a0coadyuvara \u00a0 \u00a0su \u00a0pretensi\u00f3n. \u00a0\u00a0<\/p>\n<p>8. Mediante \u00a0oficio \u00a0PSDDCP \u00a0No. \u00a0000452 de 21 de noviembre del mismo \u00a0a\u00f1o, \u00a0 el \u00a0Procurador \u00a0Segundo \u00a0Delegado \u00a0para \u00a0la \u00a0Casaci\u00f3n \u00a0Penal \u00a0coadyuva \u00a0la \u00a0petici\u00f3n \u00a0 \u00a0elevada \u00a0 por \u00a0 ORLANDO \u00a0 G\u00d3MEZ \u00a0PINZ\u00d3N, \u00a0 y \u00a0 remite \u00a0 el \u00a0 acta \u00a0de \u00a0verificaci\u00f3n \u00a0de garant\u00edas \u00a0fundamentales, \u00a0en \u00a0la \u00a0que \u00e9ste, \u00a0asistido \u00a0 \u00a0por \u00a0 \u00a0su \u00a0 \u00a0apoderada \u00a0 \u00a0y \u00a0 debidamente \u00a0 informado \u00a0 de \u00a0las \u00a0consecuencias \u00a0de \u00a0la \u00a0renuncia al tr\u00e1mite ordinario \u00a0previsto \u00a0en \u00a0el \u00a0art\u00edculo \u00a0500 del C\u00f3digo \u00a0 \u00a0 \u00a0 \u00a0 \u00a0de \u00a0 \u00a0 \u00a0 \u00a0 \u00a0Procedimiento \u00a0 \u00a0 \u00a0 \u00a0 \u00a0Penal, de manera \u00a0libre, \u00a0espont\u00e1nea y voluntaria, sin apremio o vicio \u00a0del \u00a0 \u00a0consentimiento \u00a0 la \u00a0 ratific\u00f31 \u00a0\u00a0<\/p>\n<p>CONSIDERACIONES \u00a0<\/p>\n<p>1. Con fundamento \u00a0en \u00a0los \u00a0art\u00edculos 35 de la Carta Pol\u00edtica, \u00a0modificado \u00a0por \u00a0el \u00a0Acto Legislativo 01 de 1997 y 18 de la \u00a0Ley \u00a0 \u00a0599 \u00a0 \u00a0de \u00a0 \u00a02000, \u00a0 \u00a0la \u00a0 extradici\u00f3n \u00a0 se \u00a0puede \u00a0conceder u ofrecer de acuerdo con \u00a0los \u00a0tratados \u00a0p\u00fablicos y, en su defecto, a la ley. \u00a0\u00a0<\/p>\n<p>2. La Ley 1453 de \u00a02011, \u00a0 dispuso \u00a0 que \u00a0el \u00a0art\u00edculo \u00a0500 \u00a0del \u00a0C\u00f3digo \u00a0de \u00a0Procedimiento \u00a0Penal (Ley 906 de 2004), \u00a0tendr\u00e1 \u00a0un \u00a0quinto \u00a0inciso \u00a0cuyo \u00a0contenido \u00a0es del \u00a0siguiente tenor: \u00a0\u00a0<\/p>\n<p>\u201cPar\u00e1grafo \u00a0 \u00a0 \u00a0 1\u00ba. \u00a0 Extradici\u00f3n \u00a0 Simplificada. \u00a0 La \u00a0persona \u00a0 \u00a0requerida \u00a0 en \u00a0 extradici\u00f3n, \u00a0 con \u00a0 la \u00a0 coayuvancia \u00a0 de \u00a0su \u00a0defensor \u00a0y \u00a0del \u00a0Ministerio \u00a0P\u00fablico podr\u00e1 renunciar \u00a0al \u00a0 \u00a0 procedimiento \u00a0 \u00a0 previsto\u00a0\u00a0 \u00a0 \u00a0en \u00a0 \u00a0este \u00a0 \u00a0art\u00edculo \u00a0 \u00a0y \u00a0 \u00a0solicitar \u00a0 a \u00a0 la \u00a0 Sala \u00a0 de \u00a0 Casaci\u00f3n \u00a0 Penal \u00a0 de \u00a0 la \u00a0 Corte \u00a0 Suprema \u00a0de \u00a0Justicia \u00a0de \u00a0plano \u00a0el \u00a0correspondiente \u00a0 \u00a0concepto, \u00a0 \u00a0a \u00a0 \u00a0lo \u00a0cual \u00a0proceder\u00e1 dentro de los veinte \u00a0(20) \u00a0d\u00edas siguientes si se cumplen los presupuestos \u00a0para hacerlo. \u00a0\u00a0<\/p>\n<p>\u201cPar\u00e1grafo \u00a0 \u00a0 \u00a0 2\u00ba. \u00a0 Esta \u00a0 misma \u00a0 facultad \u00a0opera \u00a0respecto \u00a0al \u00a0tr\u00e1mite \u00a0de \u00a0extradici\u00f3n \u00a0previsto en la \u00a0Ley 600 de 2000\u201d. \u00a0\u00a0<\/p>\n<p>En \u00a0uso \u00a0de \u00a0dicha \u00a0facultad, ORLANDO \u00a0 \u00a0 G\u00d3MEZ \u00a0 \u00a0PINZ\u00d3N, \u00a0solicit\u00f3 \u00a0 \u00a0a \u00a0 \u00a0esta \u00a0 \u00a0Corporaci\u00f3n \u00a0que \u00a0se \u00a0procediera \u00a0 \u00a0a \u00a0 la \u00a0 extradici\u00f3n \u00a0 simplificada, \u00a0petici\u00f3n \u00a0 que \u00a0 por \u00a0 reunir \u00a0 los \u00a0 presupuestos \u00a0all\u00ed \u00a0 \u00a0exigidos, \u00a0 \u00a0hacen \u00a0 \u00a0viable\u00a0 \u00a0 \u00a0su \u00a0an\u00e1lisis. \u00a0\u00a0<\/p>\n<p>3. Seg\u00fan \u00a0lo \u00a0manifestado \u00a0por \u00a0el \u00a0Ministerio \u00a0de \u00a0Relaciones \u00a0Exteriores, en virtud a que no \u00a0existe \u00a0 \u00a0convenio \u00a0 \u00a0de \u00a0 extradici\u00f3n \u00a0 aplicable \u00a0 entre \u00a0 los \u00a0Estados \u00a0Unidos \u00a0de \u00a0Am\u00e9rica \u00a0 \u00a0 \u00a0 \u00a0 \u00a0y \u00a0 \u00a0 \u00a0 \u00a0 \u00a0Colombia, \u00a0 \u00a0 \u00a0 \u00a0 es \u00a0 \u00a0 \u00a0 \u00a0 adecuado \u00a0obrar \u00a0de conformidad con la \u00a0Ley 906 de 2004. \u00a0\u00a0<\/p>\n<p>4. El \u00a0 \u00a0art\u00edculo \u00a0 502 \u00a0 ib\u00eddem \u00a0dispone \u00a0 que \u00a0 la \u00a0 Corte \u00a0 Suprema \u00a0 de \u00a0 Justicia \u00a0 fundamentar\u00e1 \u00a0su \u00a0concepto \u00a0en la validez formal de \u00a0la \u00a0 \u00a0 documentaci\u00f3n \u00a0 \u00a0 presentada, \u00a0 \u00a0en \u00a0 \u00a0la \u00a0demostraci\u00f3n \u00a0plena de la identidad del solicitado, \u00a0en \u00a0el \u00a0principio \u00a0de \u00a0la doble incriminaci\u00f3n, en la \u00a0equivalencia \u00a0de \u00a0la \u00a0providencia \u00a0proferida \u00a0en \u00a0el exterior y, cuando fuere el \u00a0caso, \u00a0 \u00a0 en \u00a0 \u00a0 el \u00a0 \u00a0 cumplimiento \u00a0 \u00a0 de \u00a0 \u00a0 lo \u00a0 \u00a0 previsto \u00a0 \u00a0 en \u00a0 los \u00a0 tratados \u00a0 p\u00fablicos. \u00a0\u00a0<\/p>\n<p>Todos \u00a0estos \u00a0elementos \u00a0convergen \u00a0en \u00a0el \u00a0expediente. \u00a0\u00a0<\/p>\n<p>4.1. \u00a0 \u00a0 \u00a0 \u00a0 \u00a0 \u00a0 \u00a0Validez \u00a0formal \u00a0 \u00a0 de \u00a0 \u00a0 la \u00a0 \u00a0documentaci\u00f3n. \u00a0\u00a0<\/p>\n<p>De \u00a0acuerdo con \u00a0la \u00a0 \u00a0previsi\u00f3n \u00a0 \u00a0contenida \u00a0 \u00a0en \u00a0 el \u00a0art\u00edculo \u00a0495 \u00a0de \u00a0la \u00a0Ley 906 de \u00a02004 \u00a0 \u00a0(C\u00f3digo \u00a0 de \u00a0Procedimiento \u00a0 Penal), \u00a0para \u00a0conceder \u00a0u \u00a0ofrecer \u00a0la \u00a0extradici\u00f3n \u00a0de una \u00a0persona, \u00a0 la \u00a0 petici\u00f3n \u00a0 debe \u00a0 presentarse \u00a0por \u00a0v\u00eda \u00a0diplom\u00e1tica o, en \u00a0casos \u00a0excepcionales, \u00a0por la consular, o de gobierno a gobierno, anexando copia \u00a0de \u00a0 \u00a0 la \u00a0 \u00a0 transcripci\u00f3n \u00a0 \u00a0aut\u00e9ntica \u00a0 de \u00a0 la \u00a0 sentencia \u00a0 o \u00a0 de \u00a0 la \u00a0 resoluci\u00f3n \u00a0 \u00a0 de \u00a0 \u00a0 acusaci\u00f3n \u00a0 \u00a0 o \u00a0 \u00a0su \u00a0equivalente, \u00a0indicando \u00a0con \u00a0 \u00a0exactitud \u00a0 los \u00a0 actos \u00a0 que \u00a0 determinan \u00a0 la \u00a0 reclamaci\u00f3n, \u00a0as\u00ed como el lugar y la fecha de su \u00a0ejecuci\u00f3n, \u00a0aportando \u00a0la \u00a0informaci\u00f3n \u00a0que \u00a0posea \u00a0y que sirva para acreditar la plena identidad de la \u00a0persona \u00a0 requerida \u00a0 y \u00a0 copia \u00a0aut\u00e9ntica \u00a0de \u00a0las \u00a0disposiciones \u00a0penales \u00a0aplicables \u00a0 \u00a0al \u00a0 caso, \u00a0 la \u00a0 cual \u00a0 debe \u00a0 ser \u00a0 expedida \u00a0 con \u00a0arreglo \u00a0a \u00a0las \u00a0formalidades \u00a0de \u00a0la \u00a0legislaci\u00f3n \u00a0del \u00a0Estado \u00a0requirente y traducida al \u00a0castellano de ser ello preciso. \u00a0\u00a0<\/p>\n<p>El art\u00edculo 259 \u00a0del \u00a0C\u00f3digo \u00a0de Procedimiento Civil, modificado por \u00a0el \u00a0art\u00edculo 1\u00ba, numeral \u00a0118 \u00a0del \u00a0Decreto \u00a02282 \u00a0de \u00a01989, \u00a0prescribe que los documentos p\u00fablicos \u00a0otorgados \u00a0en \u00a0pa\u00eds extranjero \u00a0por \u00a0 \u00a0funcionarios \u00a0 \u00a0de \u00a0 \u00a0\u00e9ste \u00a0 \u00a0o \u00a0 con \u00a0 su \u00a0intervenci\u00f3n, \u00a0deben ser presentados y autenticados \u00a0por \u00a0 el \u00a0 c\u00f3nsul \u00a0o \u00a0agente \u00a0diplom\u00e1tico \u00a0 de \u00a0 la \u00a0 Rep\u00fablica \u00a0o \u00a0en \u00a0su \u00a0defecto \u00a0por \u00a0el \u00a0de una \u00a0naci\u00f3n \u00a0 amiga, \u00a0lo \u00a0cual \u00a0hace \u00a0presumir \u00a0que \u00a0se \u00a0otorgaron \u00a0conforme a la ley del respectivo pa\u00eds. La \u00a0firma \u00a0del \u00a0c\u00f3nsul \u00a0o \u00a0agente \u00a0diplom\u00e1tico \u00a0se \u00a0abonar\u00e1 por el Ministerio de \u00a0Relaciones \u00a0Exteriores \u00a0de \u00a0Colombia, \u00a0y \u00a0si \u00a0se \u00a0trata \u00a0de \u00a0agentes \u00a0consulares \u00a0de \u00a0un \u00a0pa\u00eds \u00a0amigo, \u00a0se \u00a0autenticar\u00e1 previamente \u00a0por \u00a0 el \u00a0 funcionario \u00a0 competente \u00a0 del \u00a0 mismo \u00a0 y \u00a0 los \u00a0 de \u00a0\u00e9ste \u00a0 con \u00a0 el \u00a0 C\u00f3nsul \u00a0colombiano. \u00a0\u00a0<\/p>\n<p>En este caso, tales exigencias \u00a0fueron \u00a0observadas por el Gobierno de \u00a0los \u00a0Estados \u00a0Unidos \u00a0de \u00a0Am\u00e9rica \u00a0al \u00a0presentar la \u00a0petici\u00f3n \u00a0 \u00a0 \u00a0 \u00a0de \u00a0 \u00a0 \u00a0 \u00a0extradici\u00f3n \u00a0 \u00a0 por \u00a0 \u00a0 v\u00eda \u00a0diplom\u00e1tica, esto es, por medio de \u00a0su \u00a0 \u00a0Embajada \u00a0 \u00a0en \u00a0 \u00a0nuestro \u00a0 pa\u00eds, a la que \u00a0se \u00a0acompa\u00f1\u00f3 copia de \u00a0la \u00a0 \u00a0Acusaci\u00f3n \u00a0 \u00a0 \u00a0 \u00a0 No. \u00a0 \u00a0 \u00a0 \u00a0 \u00a0 \u00a011- \u00a0 \u00a0 \u00a0 \u00a0 \u00a0 \u00a0 20500, \u00a0CR \u00a0MOORE dictada \u00a0 el \u00a0 26 \u00a0 de \u00a0 julio \u00a0de \u00a02011 en \u00a0la \u00a0 Corte \u00a0 Distrital \u00a0de \u00a0los \u00a0Estados Unidos para el Distrito \u00a0 \u00a0Sur \u00a0 \u00a0de \u00a0 \u00a0Florida, \u00a0mediante \u00a0la \u00a0cual \u00a0se le atribuye a \u00a0ORLANDO \u00a0 \u00a0 G\u00d3MEZ \u00a0PINZ\u00d3N, \u00a0el \u00a0siguiente \u00a0cargo: \u00a0\u00a0<\/p>\n<p>\u201cComenzando en \u00a0marzo \u00a0de \u00a02010 \u00a0o alrededor de ese entonces, siendo la fecha exacta desconocida \u00a0por \u00a0el \u00a0Jurado de Acusaci\u00f3n, y siguiendo realizando \u00a0lo \u00a0aducido \u00a0hasta la fecha de emisi\u00f3n de \u00a0 la \u00a0 presente, \u00a0 en \u00a0el \u00a0pa\u00eds \u00a0de \u00a0Colombia, \u00a0Am\u00e9rica \u00a0del \u00a0Sur y en otras partes, los \u00a0acusados \u00a0\u00a0<\/p>\n<p>\u201cAUGUSTO \u00a0LOZANO GARC\u00cdA, \u00a0\u00a0<\/p>\n<p>alias \u00a0\u201cCris\u201d, \u00a0\u00a0<\/p>\n<p>alias \u00a0\u201cCesar\u201d, \u00a0\u00a0<\/p>\n<p>alias \u00a0\u201cIv\u00e1n\u201d, \u00a0\u00a0<\/p>\n<p>alias \u00a0\u201cCarlos\u201d \u00a0\u00a0<\/p>\n<p>alias \u00a0\u201cCristo\u201d, \u00a0\u00a0<\/p>\n<p>alias \u00a0\u201cSantamar\u00eda\u201d, \u00a0\u00a0<\/p>\n<p>\u201cORLANDO \u00a0G\u00d3MEZ \u00a0 \u00a0 \u00a0 \u00a0 \u00a0 \u00a0 \u00a0 PINZ\u00d3N \u00a0\u00a0<\/p>\n<p>alias \u00a0 \u00a0 \u00a0 \u00a0 \u201cLalo\u201d \u00a0y \u00a0\u00a0<\/p>\n<p>\u201cFERNANDO \u00a0SANDOVAL \u00a0 \u00a0 \u00a0 \u00a0 \u00a0 \u00a0 \u00a0 V\u00c1SQUEZ \u00a0\u00a0<\/p>\n<p>alias \u00a0 \u00a0 \u00a0 \u00a0 \u201cEl Viejo\u201d \u00a0\u00a0<\/p>\n<p>\u201ca sabiendas e \u00a0intencionalmente \u00a0 \u00a0 \u00a0se \u00a0 \u00a0 \u00a0unieron, \u00a0 \u00a0 conspiraron, \u00a0 \u00a0 se \u00a0 \u00a0 confederaron \u00a0y \u00a0acordaron \u00a0entre \u00a0s\u00ed y \u00a0con \u00a0personas \u00a0conocidas \u00a0y \u00a0desconocidas por el Jurado de Acusaci\u00f3n, \u00a0para \u00a0fabricar y distribuir una sustancia controlada enumerada \u00a0en \u00a0la \u00a0Lista II, a sabiendas de que dicha sustancia \u00a0se \u00a0 \u00a0 \u00a0 \u00a0 importar\u00eda \u00a0 \u00a0 \u00a0 \u00a0il\u00edcitamente \u00a0 a \u00a0 los \u00a0 Estados \u00a0 Unidos \u00a0 en \u00a0violaci\u00f3n \u00a0 \u00a0del \u00a0 \u00a0art\u00edculo \u00a0 959 \u00a0 (a)(2) \u00a0del \u00a0 T\u00edtulo \u00a021 \u00a0del \u00a0C\u00f3digo \u00a0Federal de ese \u00a0pa\u00eds; todo lo cual est\u00e1 \u00a0en \u00a0 \u00a0 \u00a0violaci\u00f3n \u00a0 \u00a0 del \u00a0 \u00a0 art\u00edculo \u00a0 963 \u00a0 del \u00a0 mismo \u00a0 t\u00edtulo \u00a0y \u00a0C\u00f3digo. \u00a0\u00a0<\/p>\n<p>\u201cDe \u00a0acuerdo \u00a0con \u00a0el \u00a0art\u00edculo 960 (b)(1)(B) del T\u00edtulo \u00a021 \u00a0del \u00a0C\u00f3digo \u00a0Federal de los \u00a0Estados \u00a0Unidos cinco (5) \u00a0kilogramos \u00a0o \u00a0m\u00e1s \u00a0de \u00a0una \u00a0mezcla y sustancia que \u00a0contiene \u00a0 \u00a0 \u00a0 una \u00a0 \u00a0 \u00a0cantidad \u00a0 \u00a0 \u00a0detectable \u00a0 \u00a0 \u00a0de \u00a0 \u00a0 \u00a0coca\u00edna.\u201d \u00a0\u00a0<\/p>\n<p>Adem\u00e1s, \u00a0en la nota diplom\u00e1tica a trav\u00e9s \u00a0de \u00a0la \u00a0cual \u00a0se \u00a0formaliz\u00f3 \u00a0la \u00a0reclamaci\u00f3n \u00a0y las declaraciones rendidas por \u00a0Andrea \u00a0G. \u00a0Hoffman, \u00a0Fiscal \u00a0Federal \u00a0Auxiliar \u00a0de \u00a0los \u00a0Estados Unidos para el \u00a0Distrito \u00a0Sur \u00a0de \u00a0la \u00a0Florida \u00a0y \u00a0Jeremy \u00a0Eric \u00a0Jones, \u00a0Agente \u00a0Especial \u00a0de la \u00a0Administraci\u00f3n \u00a0de \u00a0Control \u00a0de \u00a0Drogas, ante un Juez Magistrado de los Estados \u00a0Unidos \u00a0se determinan las circunstancias de modo, tiempo y lugar que rodearon la \u00a0comisi\u00f3n \u00a0 de \u00a0 las \u00a0 conductas \u00a0 punibles \u00a0 que \u00a0 soportan \u00a0 la \u00a0solicitud \u00a0de \u00a0extradici\u00f3n. \u00a0\u00a0<\/p>\n<p>Los \u00a0anexos \u00a0contienen los datos necesarios \u00a0para \u00a0comprobar \u00a0la \u00a0identidad \u00a0del requerido, como se expondr\u00e1 posteriormente, \u00a0igual \u00a0 que \u00a0 la \u00a0 reproducci\u00f3n \u00a0de \u00a0las \u00a0disposiciones \u00a0penales \u00a0probablemente \u00a0contravenidas. \u00a0Y, por estar autenticados acorde a las previsiones del art\u00edculo \u00a0259 \u00a0del \u00a0C\u00f3digo \u00a0de \u00a0Procedimiento Civil, deben ser considerados otorgados con \u00a0arreglo al ordenamiento jur\u00eddico del pa\u00eds solicitante. \u00a0\u00a0<\/p>\n<p>As\u00ed, la Directora Asociada de la Oficina de \u00a0Asuntos \u00a0Internacionales, \u00a0Divisi\u00f3n \u00a0de \u00a0lo Penal del Departamento de Justicia, \u00a0Magdalena \u00a0A. \u00a0Boynton, \u00a0certific\u00f3 \u00a0que \u00a0copias \u00a0fieles \u00a0de \u00a0las \u00a0declaraciones \u00a0rendidas \u00a0por \u00a0el \u00a0Fiscal Auxiliar de los Estados Unidos para el Distrito Sur de \u00a0la \u00a0Florida \u00a0y el Agente Especial ante un Juez Magistrado de los Estados Unidos, \u00a0se \u00a0mantienen \u00a0en \u00a0los \u00a0archivos \u00a0oficiales \u00a0del Departamento de Justicia de los \u00a0Estados Unidos de Am\u00e9rica, en Washington D.C. \u00a0\u00a0<\/p>\n<p>El \u00a0Procurador \u00a0estadounidense, \u00a0Eric \u00a0H. \u00a0Holder, \u00a0Jr., \u00a0hizo \u00a0constar \u00a0que, \u00a0para \u00a0ese \u00a0entonces, \u00a0Magdalena \u00a0A. \u00a0Boynton \u00a0desempe\u00f1aba \u00a0 el \u00a0 cargo \u00a0de \u00a0Directora \u00a0Asociada \u00a0de \u00a0la \u00a0Oficina \u00a0de \u00a0Asuntos \u00a0Internacionales, \u00a0Divisi\u00f3n \u00a0de \u00a0lo \u00a0Penal, \u00a0del Departamento de Justicia de esa \u00a0Naci\u00f3n; \u00a0quien \u00a0con ese fin hizo estampar el sello del Departamento de Justicia \u00a0y \u00a0solicit\u00f3 \u00a0al \u00a0Director \u00a0Adjunto de la Oficina de Asuntos Internacionales que \u00a0diera fe de su firma. \u00a0\u00a0<\/p>\n<p>La \u00a0Secretaria \u00a0de \u00a0Estado, \u00a0Hillary Rodham \u00a0Clinton, \u00a0certific\u00f3 \u00a0que \u00a0al \u00a0documento \u00a0anexo le fueron fijados los sellos del \u00a0Departamento \u00a0de \u00a0Justicia \u00a0de \u00a0los Estados Unidos, autenticaciones del mismo en \u00a0Washington, y que Patrick O. Hatchett. suscribi\u00f3 su nombre. \u00a0\u00a0<\/p>\n<p>La C\u00f3nsul de Colombia en Washington, Libia \u00a0Mosquera \u00a0Viveros \u00a0autentic\u00f3 \u00a0la \u00a0firma \u00a0de \u00a0Patrick \u00a0O. \u00a0Hatchett; la suya fue \u00a0abonada \u00a0 por \u00a0 el \u00a0 Jefe \u00a0 de \u00a0Autenticaciones \u00a0del \u00a0Ministerio \u00a0de \u00a0Relaciones \u00a0Exteriores. \u00a0\u00a0<\/p>\n<p>Reunidas las exigencias del art\u00edculo 495 de \u00a0la Ley 906 de 2004, se da por satisfecho este presupuesto. \u00a0\u00a0<\/p>\n<p>4.2. \u00a0 \u00a0 \u00a0 \u00a0Plena \u00a0 \u00a0 \u00a0 identidad \u00a0del \u00a0 \u00a0requerido. \u00a0\u00a0<\/p>\n<p>De \u00a0 \u00a0 la \u00a0 \u00a0 valoraci\u00f3n \u00a0 conjunta \u00a0 de \u00a0 la \u00a0 informaci\u00f3n \u00a0suministrada \u00a0por \u00a0el \u00a0pa\u00eds reclamante en las notas \u00a0diplom\u00e1ticas y en los testimonios rendidos en apoyo \u00a0de \u00a0 la \u00a0 solicitud, \u00a0 con \u00a0 los \u00a0datos \u00a0conocidos \u00a0por \u00a0motivo \u00a0de \u00a0la \u00a0captura \u00a0del \u00a0requerido, \u00a0la Sala \u00a0concluye \u00a0que la persona aprehendida y que permanece \u00a0privada \u00a0 de \u00a0 su \u00a0 libertad \u00a0 por \u00a0raz\u00f3n \u00a0de \u00a0este \u00a0tr\u00e1mite \u00a0es \u00a0la misma solicitada por el Gobierno de \u00a0los \u00a0 \u00a0Estados \u00a0 \u00a0Unidos \u00a0 \u00a0de \u00a0 \u00a0Am\u00e9rica. \u00a0\u00a0<\/p>\n<p>En \u00a0 \u00a0la \u00a0 nota \u00a0 diplom\u00e1tica \u00a0 \u00a0 No. \u00a0 \u00a02122 \u00a0 \u00a0de \u00a0 \u00a0 \u00a0 \u00a0 \u00a0 \u00a0 23 \u00a0 \u00a0de \u00a0agosto \u00a0de 2011, \u00a0mediante \u00a0 \u00a0la \u00a0 \u00a0cual \u00a0 se \u00a0 solicit\u00f3 \u00a0 \u00a0 \u00a0la \u00a0 \u00a0 detenci\u00f3n \u00a0 \u00a0 provisional \u00a0 \u00a0con \u00a0 \u00a0fines \u00a0 \u00a0de \u00a0 \u00a0extradici\u00f3n, \u00a0 fueron \u00a0consignados \u00a0como \u00a0datos \u00a0relativos \u00a0a \u00a0la \u00a0identidad \u00a0del \u00a0 \u00a0reclamado, \u00a0los \u00a0siguientes: \u00a0nombre, \u00a0ORLANDO \u00a0 \u00a0 G\u00d3MEZ \u00a0PINZ\u00d3N, \u00a0nacido \u00a0 \u00a0 \u00a0 el \u00a0 \u00a0 \u00a014 de junio \u00a0de \u00a0 1956 \u00a0 \u00a0en \u00a0Colombia, portador de la \u00a0c\u00e9dula \u00a0 \u00a0 \u00a0colombiana \u00a0 \u00a0 No. \u00a0 \u00a0 13.845.357 \u00a0informaci\u00f3n \u00a0 que \u00a0fue \u00a0incluida \u00a0 \u00a0 en \u00a0 \u00a0 la \u00a0 \u00a0 resoluci\u00f3n \u00a0 de \u00a029 \u00a0de \u00a0agosto \u00a0de \u00a0 \u00a0 \u00a0 \u00a0 \u00a0 \u00a02011 \u00a0 \u00a0expedida \u00a0 \u00a0por \u00a0 \u00a0la \u00a0 \u00a0 \u00a0 \u00a0 \u00a0 se\u00f1ora Fiscal \u00a0General \u00a0 de \u00a0 la \u00a0 Naci\u00f3n \u00a0 a \u00a0trav\u00e9s \u00a0 \u00a0de \u00a0 \u00a0la \u00a0 \u00a0cual \u00a0 \u00a0dispuso \u00a0 su \u00a0 captura \u00a0 con \u00a0 fines \u00a0 de \u00a0extradici\u00f3n, \u00a0ratificada \u00a0por \u00a0la \u00a0Nota Diplom\u00e1tica \u00a0n\u00famero \u00a0 2700 \u00a0 \u00a0 \u00a0 \u00a0de \u00a0 \u00a0 \u00a0 27 \u00a0de \u00a0octubre de \u00a0 \u00a0 \u00a0 \u00a0 \u00a0 \u00a02011, con la \u00a0que \u00a0 se \u00a0 formaliz\u00f3 \u00a0 la \u00a0reclamaci\u00f3n, \u00a0 y \u00a0 las \u00a0 declaraciones \u00a0 rendidas \u00a0en \u00a0su \u00a0apoyo; \u00a0 \u00a0 \u00a0 \u00a0datos \u00a0 \u00a0 \u00a0 corroborados \u00a0 \u00a0al \u00a0 \u00a0momento \u00a0 \u00a0de \u00a0 \u00a0notificarle \u00a0 al \u00a0 \u00a0 \u00a0procesado \u00a0 \u00a0 \u00a0los \u00a0 \u00a0 \u00a0 motivos \u00a0 \u00a0 \u00a0de \u00a0 \u00a0 \u00a0su \u00a0aprehensi\u00f3n. \u00a0\u00a0<\/p>\n<p>Adem\u00e1s, \u00a0 \u00a0 la \u00a0 \u00a0 Polic\u00eda \u00a0 \u00a0Nacional \u00a0 \u00a0efectu\u00f3 \u00a0 cotejo \u00a0dactilosc\u00f3pico \u00a0 \u00a0de \u00a0 \u00a0la \u00a0 \u00a0rese\u00f1a \u00a0que \u00a0le \u00a0hizo con las huellas que \u00a0aparecen \u00a0en \u00a0la \u00a0cartilla decadactilar que a nombre \u00a0de \u00a0 ORLANDO \u00a0 G\u00d3MEZ \u00a0PINZ\u00d3N, \u00a0 reposa \u00a0 en \u00a0 la \u00a0 Registradur\u00eda \u00a0Nacional \u00a0del \u00a0Estado \u00a0Civil, \u00a0concluyendo \u00a0que \u00a0es la misma persona. \u00a0\u00a0<\/p>\n<p>4.3. \u00a0 \u00a0 \u00a0 \u00a0 \u00a0 Principio \u00a0 \u00a0 \u00a0 \u00a0de \u00a0 \u00a0 \u00a0 \u00a0doble \u00a0 \u00a0 \u00a0 \u00a0incriminaci\u00f3n. \u00a0\u00a0<\/p>\n<p>A \u00a0la luz de \u00a0los \u00a0condicionamientos \u00a0del \u00a0numeral \u00a01\u00ba \u00a0del \u00a0art\u00edculo \u00a0493 \u00a0de \u00a0la Ley 906 de 2004, para que se \u00a0pueda \u00a0 ofrecer \u00a0 o \u00a0conceder \u00a0la \u00a0extradici\u00f3n \u00a0es \u00a0necesario \u00a0que el hecho que la motiva est\u00e9 previsto \u00a0como \u00a0delito \u00a0en \u00a0Colombia \u00a0y reprimido con sanci\u00f3n \u00a0privativa \u00a0de \u00a0la libertad cuyo m\u00ednimo no \u00a0 \u00a0 \u00a0sea \u00a0 \u00a0 \u00a0inferior \u00a0 \u00a0 \u00a0a \u00a0 \u00a0 \u00a0cuatro \u00a0 \u00a0 \u00a0a\u00f1os. \u00a0\u00a0<\/p>\n<p>El \u00a0comportamiento con base \u00a0en \u00a0el cual la autoridad \u00a0judicial \u00a0de \u00a0los \u00a0Estados Unidos llam\u00f3 \u00a0 \u00a0a \u00a0 \u00a0ORLANDO \u00a0 G\u00d3MEZ \u00a0 \u00a0 \u00a0PINZ\u00d3N \u00a0 \u00a0 a \u00a0 \u00a0responder \u00a0 \u00a0en \u00a0 juicio, \u00a0 es \u00a0relatado \u00a0 en \u00a0 la \u00a0 Nota \u00a0Verbal \u00a0No. \u00a02700 de \u00a027 \u00a0 \u00a0 \u00a0 \u00a0de \u00a0 \u00a0 \u00a0 \u00a0octubre \u00a0 \u00a0 \u00a0de \u00a0 \u00a0 2011, \u00a0cuando \u00a0se \u00a0formaliz\u00f3 \u00a0 \u00a0 \u00a0 el \u00a0 \u00a0 \u00a0pedido \u00a0de \u00a0extradici\u00f3n, a los cuales \u00a0ya \u00a0 se \u00a0 hizo \u00a0 alusi\u00f3n \u00a0en \u00a0el \u00a0cuerpo \u00a0de \u00a0esta \u00a0providencia \u00a0 y \u00a0 constituyen \u00a0 la \u00a0raz\u00f3n \u00a0de \u00a0los \u00a0cargos formulados en la \u00a0Acusaci\u00f3n \u00a0 \u00a0 \u00a0 \u00a0 \u00a0 \u00a0 \u00a0 N\u00famero \u00a0 \u00a0 \u00a0 \u00a0 \u00a011-20500 \u00a0 CR- \u00a0 MOORE \u00a0dictada \u00a0 por \u00a0 la \u00a0Corte \u00a0Distrital \u00a0de \u00a0los \u00a0Estados Unidos \u00a0para \u00a0el \u00a0Distrito \u00a0de \u00a0Sur \u00a0de la Florida, \u00a0 \u00a0 por \u00a0 \u00a0 violaci\u00f3n \u00a0 \u00a0 \u00a0 \u00a0de \u00a0 \u00a0 \u00a0 \u00a0 \u00a0 \u00a0los \u00a0 \u00a0 \u00a0 \u00a0 \u00a0 art\u00edculos \u00a0 \u00a0 959 \u00a0 \u00a0 (a)(2), \u00a0 963 \u00a0 y \u00a0 960 \u00a0 (b)(1)(B) \u00a0 del \u00a0T\u00edtulo \u00a021 del C\u00f3digo \u00a0Federal de los Estados Unidos. \u00a0\u00a0<\/p>\n<p>Al confrontar las normas invocadas por el \u00a0pa\u00eds \u00a0requirente \u00a0con \u00a0la \u00a0legislaci\u00f3n \u00a0colombiana, \u00a0se \u00a0advierte \u00a0que la conducta de concierto \u00a0para \u00a0delinquir, \u00a0agravada por la naturaleza de los actos, \u00a0en \u00a0 \u00a0 \u00a0 cuanto \u00a0 \u00a0 \u00a0 est\u00e1 \u00a0 \u00a0 \u00a0 relacionado \u00a0con \u00a0lavado \u00a0de activos, \u00a0se \u00a0encuentra \u00a0penalizada \u00a0en \u00a0uno \u00a0y \u00a0otro \u00a0Estado. \u00a0\u00a0<\/p>\n<p>Al confrontar las normas invocadas por el \u00a0pa\u00eds \u00a0requirente \u00a0con \u00a0la \u00a0legislaci\u00f3n \u00a0colombiana, \u00a0se \u00a0advierte \u00a0que la \u00a0conducta \u00a0de \u00a0concierto para delinquir, agravada por la naturaleza de los actos, \u00a0en \u00a0cuanto est\u00e1 relacionado con el tr\u00e1fico \u00a0de \u00a0narc\u00f3ticos, \u00a0se encuentra \u00a0penalizada en uno y otro Estado. \u00a0\u00a0<\/p>\n<p>En \u00a0 \u00a0 \u00a0 Colombia, \u00a0 \u00a0 es \u00a0 \u00a0sancionada \u00a0bajo \u00a0la denominaci\u00f3n \u00a0 \u00a0t\u00edpica \u00a0 \u00a0de \u00a0 concierto \u00a0 \u00a0 para \u00a0 \u00a0 delinquir \u00a0 \u00a0 en \u00a0 \u00a0el \u00a0 \u00a0art\u00edculo \u00a0 340 \u00a0 de \u00a0 la \u00a0 Ley \u00a0 599 \u00a0 de \u00a02000 \u00a0(modificado \u00a0por \u00a0el \u00a0art\u00edculo \u00a0 \u00a0 \u00a0 \u00a0 \u00a0 \u00a0 \u00a0 8\u00ba de la \u00a0Ley \u00a0733 \u00a0de \u00a02002 \u00a0y \u00a019 \u00a0de \u00a0Ley \u00a01121 \u00a0de 2006), entendido como el acuerdo de \u00a0voluntades \u00a0entre \u00a0varias \u00a0personas \u00a0con \u00a0el fin de cometer delitos, y cuando la \u00a0especie \u00a0 de \u00a0 estos \u00a0se \u00a0concreta \u00a0al \u00a0delito \u00a0de \u00a0narcotr\u00e1fico \u00a0 la \u00a0 pena \u00a0 es \u00a0de \u00a08 \u00a0a \u00a018 \u00a0a\u00f1os \u00a0y \u00a0multa \u00a0de \u00a02.700 \u00a0hasta \u00a030.000 \u00a0salarios \u00a0m\u00ednimos legales mensuales vigentes, acorde con las \u00a0modificaciones \u00a0introducidas \u00a0por \u00a0la \u00a0Ley \u00a01121 \u00a0de \u00a02006, las cuales, antes de \u00a0entrar \u00a0a regir las Leyes 890 y 906 de 2004, eran de \u00a06 \u00a0 \u00a0a \u00a0 \u00a012 \u00a0 \u00a0a\u00f1os \u00a0 \u00a0de \u00a0 prisi\u00f3n \u00a0 y \u00a0 multa \u00a0de \u00a02000 \u00a0hasta \u00a020.000 \u00a0salarios \u00a0m\u00ednimos legales mensuales vigentes. \u00a0\u00a0<\/p>\n<p>As\u00ed mismo, el \u00a0art\u00edculo \u00a0 \u00a0 \u00a0376 \u00a0 \u00a0 \u00a0del \u00a0 \u00a0 C\u00f3digo \u00a0 \u00a0 Penal, \u00a0 \u00a0 modificado \u00a0 \u00a0 por \u00a0 \u00a0el \u00a0 \u00a0art\u00edculo \u00a0 11 \u00a0 de \u00a0 la \u00a0Ley \u00a01453 \u00a0de \u00a02011, \u00a0sanciona \u00a0al \u00a0que \u00a0sin \u00a0permiso \u00a0de \u00a0autoridad \u00a0competente, \u00a0introduzca \u00a0al \u00a0pa\u00eds, \u00a0as\u00ed \u00a0sea \u00a0en \u00a0tr\u00e1nsito \u00a0 \u00a0 o \u00a0 \u00a0saque \u00a0 \u00a0de \u00a0 \u00a0\u00e9l, \u00a0 transporte, \u00a0lleve \u00a0consigo, \u00a0almacene, \u00a0conserve, \u00a0elabore, \u00a0venda, \u00a0ofrezca, \u00a0adquiera, \u00a0financie \u00a0o \u00a0suministre a cualquier t\u00edtulo \u00a0 \u00a0 \u00a0sustancia \u00a0 \u00a0 \u00a0estupefaciente, \u00a0 \u00a0 sicotr\u00f3pica \u00a0 \u00a0o \u00a0 drogas \u00a0 sint\u00e9ticas \u00a0 \u00a0que \u00a0 se \u00a0 encuentren \u00a0contempladas \u00a0en \u00a0los \u00a0cuadros \u00a0uno, \u00a0dos, \u00a0tres \u00a0y \u00a0cuatro \u00a0del Convenio de las \u00a0Naciones \u00a0Unidas \u00a0sobre \u00a0Sustancias \u00a0Sicotr\u00f3picas, \u00a0incurrir\u00e1 \u00a0en prisi\u00f3n \u00a0de \u00a0ciento \u00a0veintiocho \u00a0(128) \u00a0a \u00a0trescientos sesenta (360) meses y multa de mil \u00a0trescientos \u00a0treinta y \u00a0cuatro \u00a0 \u00a0(1.334) \u00a0 \u00a0a \u00a0 cincuenta \u00a0 mil \u00a0 (50.000) \u00a0 salarios \u00a0 m\u00ednimos \u00a0 \u00a0 \u00a0 \u00a0legales \u00a0 \u00a0 \u00a0 \u00a0mensuales \u00a0 \u00a0 \u00a0 \u00a0vigentes. \u00a0\u00a0<\/p>\n<p>Las \u00a0 \u00a0 \u00a0 \u00a0conductas \u00a0 \u00a0 \u00a0 \u00a0imputadas, \u00a0 entonces, \u00a0 adem\u00e1s \u00a0 \u00a0de \u00a0 ser \u00a0 t\u00edpicas \u00a0 en \u00a0 nuestro \u00a0 pa\u00eds, \u00a0 \u00a0 \u00a0 \u00a0 est\u00e1n \u00a0 \u00a0 \u00a0 \u00a0sancionadas \u00a0 \u00a0con \u00a0 \u00a0prisi\u00f3n \u00a0 no \u00a0 inferior \u00a0a \u00a04 \u00a0a\u00f1os, \u00a0agot\u00e1ndose en consecuencia este \u00a0elemento. \u00a0\u00a0<\/p>\n<p>4.4. \u00a0 \u00a0 \u00a0 \u00a0 \u00a0 Equivalencia \u00a0 \u00a0de \u00a0 la \u00a0 decisi\u00f3n \u00a0proferida en el exterior. \u00a0\u00a0<\/p>\n<p>Con arreglo a lo estipulado en el art\u00edculo \u00a0493 \u00a0de \u00a0la Ley 906 de 2004, es preciso que el Estado requirente haya proferido, \u00a0en \u00a0 \u00a0contra \u00a0 \u00a0del \u00a0 \u00a0solicitado, \u00a0 \u00a0resoluci\u00f3n \u00a0 \u00a0de \u00a0 \u00a0acusaci\u00f3n \u00a0 \u00a0o \u00a0 \u00a0su \u00a0equivalente. \u00a0\u00a0<\/p>\n<p>Este \u00a0presupuesto \u00a0fue \u00a0acreditado \u00a0por \u00a0el \u00a0Gobierno \u00a0de \u00a0los \u00a0Estados Unidos de Am\u00e9rica, ya que la Acusaci\u00f3n No. 11-20500 \u00a0CR-MOORE \u00a0dictada \u00a0el 26 de julio de 2011, por la Corte Distrital de los Estados \u00a0Unidos \u00a0para \u00a0el Distrito de la Florida, es equiparable al escrito de acusaci\u00f3n \u00a0que \u00a0el \u00a0Fiscal \u00a0presenta \u00a0ante \u00a0el \u00a0juez \u00a0competente \u00a0para \u00a0adelantar el juicio \u00a0estatuido \u00a0en \u00a0los \u00a0art\u00edculos \u00a0336 y 337 de la Ley 906 de 2004, por contener la \u00a0individualizaci\u00f3n \u00a0de \u00a0la persona acusada, una relaci\u00f3n circunstanciada de las \u00a0conductas \u00a0endilgadas \u00a0junto \u00a0con su calificaci\u00f3n jur\u00eddica y la transcripci\u00f3n \u00a0de \u00a0las \u00a0normas \u00a0penales \u00a0sustantivas \u00a0supuestamente \u00a0violadas; \u00a0adem\u00e1s \u00a0de que \u00a0constituye \u00a0el \u00a0inicio \u00a0de \u00a0la \u00a0fase \u00a0del \u00a0juicio en donde el procesado tiene la \u00a0oportunidad \u00a0de \u00a0defenderse \u00a0de \u00a0los cargos a \u00e9l imputados y que culmina con la \u00a0sentencia que pone fin al proceso. \u00a0\u00a0<\/p>\n<p>Conclusi\u00f3n. \u00a0\u00a0<\/p>\n<p>Reunidos como se encuentran los requisitos \u00a0exigidos \u00a0por el C\u00f3digo de Procedimiento Penal (Ley \u00a0906 \u00a0de \u00a02004), \u00a0y \u00a0acorde \u00a0con lo solicitado por el \u00a0se\u00f1or \u00a0 Procurador \u00a0Segundo \u00a0 \u00a0 \u00a0 \u00a0 \u00a0 \u00a0 \u00a0 \u00a0 Delegado \u00a0para \u00a0 la \u00a0 Casaci\u00f3n \u00a0Penal, \u00a0 la \u00a0Corte \u00a0proceder\u00e1 \u00a0a \u00a0emitir \u00a0concepto \u00a0favorable \u00a0 a \u00a0 la \u00a0 solicitud \u00a0 de \u00a0 extradici\u00f3n \u00a0de \u00a0 ORLANDO \u00a0 G\u00d3MEZ \u00a0PINZ\u00d3N, \u00a0exigiendo al \u00a0Gobierno \u00a0Nacional \u00a0que \u00a0de \u00a0acoger \u00a0esta \u00a0opini\u00f3n \u00a0condicione \u00a0 su \u00a0 entrega \u00a0 a \u00a0 que \u00a0no \u00a0le \u00a0sean \u00a0impuestas \u00a0penas \u00a0de \u00a0muerte, \u00a0destierro, \u00a0 prisi\u00f3n \u00a0perpetua \u00a0 \u00a0 \u00a0 o \u00a0 \u00a0 \u00a0 confiscaci\u00f3n, \u00a0 \u00a0 \u00a0 ni \u00a0desaparici\u00f3n \u00a0 forzada \u00a0por \u00a0el \u00a0pa\u00eds \u00a0 solicitante, \u00a0 de \u00a0 conformidad \u00a0con \u00a0lo \u00a0dispuesto \u00a0por \u00a0los \u00a0art\u00edculos \u00a012 \u00a0y \u00a034 de la Carta Pol\u00edtica. \u00a0\u00a0<\/p>\n<p>En \u00a0igual \u00a0forma, \u00a0a \u00a0que \u00a0se le respeten \u00a0\u2013como \u00a0a \u00a0cualquier \u00a0otro \u00a0nacional \u00a0en las mismas condiciones- todas las \u00a0garant\u00edas \u00a0 debidas \u00a0a \u00a0su \u00a0condici\u00f3n \u00a0de \u00a0justiciable, \u00a0en \u00a0particular, \u00a0a que: 1) tenga acceso a un \u00a0proceso \u00a0p\u00fablico sin dilaciones injustificadas, 2) \u00a0se \u00a0 \u00a0presuma \u00a0 \u00a0su \u00a0 \u00a0inocencia, \u00a0 \u00a03) \u00a0 \u00a0cuente \u00a0 con \u00a0 un \u00a0 int\u00e9rprete, \u00a0 4) \u00a0tenga \u00a0un \u00a0defensor \u00a0designado \u00a0por \u00a0\u00e9l \u00a0 \u00a0 \u00a0o \u00a0 \u00a0 por \u00a0 \u00a0 el \u00a0Estado, \u00a05) \u00a0se \u00a0le \u00a0conceda el tiempo y los medios adecuados \u00a0para \u00a0que \u00a0prepare \u00a0la defensa, 6) a presentar pruebas y controvertir las que se \u00a0aduzcan \u00a0 en \u00a0 su \u00a0 contra, \u00a07) \u00a0su \u00a0situaci\u00f3n \u00a0de \u00a0privaci\u00f3n \u00a0 de \u00a0 la \u00a0libertad \u00a0se \u00a0desarrolle \u00a0en \u00a0condiciones \u00a0 dignas, \u00a08) \u00a0la \u00a0eventual \u00a0pena \u00a0que \u00a0se \u00a0le \u00a0imponga \u00a0no \u00a0trascienda de su persona, 9) la \u00a0sanci\u00f3n \u00a0 pueda \u00a0ser \u00a0apelada \u00a0ante \u00a0un \u00a0tribunal \u00a0superior, \u00a010) \u00a0la \u00a0pena privativa de la libertad tenga la finalidad esencial de \u00a0reforma \u00a0y \u00a0readaptaci\u00f3n social (art\u00edculos \u00a0 29 \u00a0 de \u00a0 la \u00a0 Constituci\u00f3n \u00a0Pol\u00edtica; \u00a0 \u00a0 \u00a0 \u00a0 \u00a09 \u00a0 \u00a0 \u00a0 \u00a0 \u00a0y \u00a010 \u00a0de la Declaraci\u00f3n \u00a0 \u00a0 \u00a0 \u00a0 \u00a0Universal \u00a0 \u00a0 \u00a0 \u00a0 de \u00a0 \u00a0 \u00a0 \u00a0 Derechos \u00a0 \u00a0 \u00a0 \u00a0 Humanos; \u00a05-3.6,7-2.5,8-1.2(a)(b)(c)(d)(e)(f)(g)(h).3.4.5,9 \u00a0de \u00a0la Convenci\u00f3n \u00a0Americana \u00a0de Derechos Humanos; 9-2.3, 10-1.2.3, 14-1.2.3,5, y \u00a015 \u00a0 del \u00a0 Pacto \u00a0 Internacional \u00a0 de \u00a0 Derechos \u00a0 Civiles \u00a0y \u00a0Pol\u00edticos), \u00a0en \u00a0aras \u00a0de garantizar sus derechos fundamentales. \u00a0\u00a0<\/p>\n<p>As\u00ed mismo, a \u00a0que \u00a0el \u00a0Gobierno de los Estados Unidos, \u00a0conforme a sus pol\u00edticas internas \u00a0sobre \u00a0la \u00a0materia, \u00a0le \u00a0ofrezca \u00a0posibilidades \u00a0racionales y reales para que el \u00a0extraditado \u00a0 pueda \u00a0 tener \u00a0 contacto \u00a0 regular \u00a0 con \u00a0sus \u00a0familiares \u00a0m\u00e1s cercanos, esto en cuanto la \u00a0Constituci\u00f3n Pol\u00edtica \u00a0en \u00a0su \u00a0art\u00edculo \u00a042, \u00a0reconoce \u00a0a la familia como \u00a0n\u00facleo \u00a0esencial \u00a0de \u00a0la \u00a0sociedad, \u00a0garantiza \u00a0su \u00a0protecci\u00f3n \u00a0 y \u00a0reconoce \u00a0su \u00a0honra, \u00a0dignidad \u00a0e \u00a0intimidad, \u00a0lo \u00a0cual \u00a0se \u00a0refuerza \u00a0con el amparo adicional que a ese \u00a0 \u00a0 \u00a0 \u00a0 \u00a0 n\u00facleo \u00a0 le \u00a0 otorgan \u00a0la \u00a0Convenci\u00f3n \u00a0Americana \u00a0sobre \u00a0Derechos \u00a0Humanos (art\u00edculo 17) y \u00a0el \u00a0 \u00a0Pacto \u00a0 \u00a0Internacional \u00a0 \u00a0de \u00a0 \u00a0Derechos \u00a0 Civiles \u00a0 y \u00a0 Pol\u00edticos (art\u00edculo 23). \u00a0\u00a0<\/p>\n<p>En \u00a0 cumplimiento \u00a0 de \u00a0 su \u00a0 deber \u00a0de \u00a0protecci\u00f3n \u00a0 \u00a0 a \u00a0 \u00a0las \u00a0 \u00a0garant\u00edas \u00a0y \u00a0derechos \u00a0del \u00a0nacional colombiano entregado en \u00a0 \u00a0 \u00a0 \u00a0extradici\u00f3n, \u00a0 \u00a0 \u00a0 es \u00a0misi\u00f3n \u00a0del \u00a0Estado, \u00a0por medio del \u00e1mbito \u00a0 \u00a0 \u00a0de \u00a0 \u00a0 \u00a0competencias \u00a0 \u00a0 de \u00a0 \u00a0 los \u00a0 \u00a0 \u00f3rganos \u00a0 respectivos, \u00a0 vigilar \u00a0 que \u00a0 en \u00a0 el \u00a0pa\u00eds \u00a0 \u00a0reclamante \u00a0 se \u00a0 respeten \u00a0 las \u00a0 mencionadas \u00a0 condiciones \u00a0(art\u00edculo \u00a09 \u00a0y 226 de la Carta). As\u00ed, \u00a0en \u00a0primer \u00a0orden, \u00a0a \u00a0trav\u00e9s del \u00a0cuerpo \u00a0 \u00a0 \u00a0 \u00a0 \u00a0 \u00a0 \u00a0 diplom\u00e1tico, \u00a0 en \u00a0 concreto, \u00a0 por \u00a0las \u00a0diferentes \u00a0 oficinas \u00a0consulares, \u00a0con \u00a0apoyo \u00a0de \u00a0la \u00a0Procuradur\u00eda \u00a0 \u00a0General \u00a0 \u00a0de \u00a0 \u00a0la \u00a0 \u00a0Naci\u00f3n \u00a0(art\u00edculo \u00a0 277 \u00a0de \u00a0la \u00a0Constituci\u00f3n) \u00a0y \u00a0de \u00a0la \u00a0Defensor\u00eda del Pueblo \u00a0(art\u00edculo \u00a0 \u00a0 \u00a0 \u00a0282 \u00a0 \u00a0 \u00a0 \u00a0ib\u00eddem), \u00a0con \u00a0el \u00a0fin de que todos los estamentos con injerencia en \u00a0el \u00a0 tema \u00a0 tengan \u00a0elementos \u00a0de \u00a0juicio \u00a0que \u00a0les \u00a0permitan sopesar la conveniencia de privilegiar \u00a0jurisdicciones \u00a0 \u00a0 for\u00e1neas \u00a0 \u00a0frente \u00a0 \u00a0a \u00a0 \u00a0la \u00a0interna. \u00a0\u00a0<\/p>\n<p>Del \u00a0mismo modo, el Gobierno Nacional, si \u00a0lo \u00a0considera \u00a0pertinente, \u00a0deber\u00e1 exigir al Estado \u00a0requirente \u00a0que \u00a0responda \u00a0por \u00a0la \u00a0permanencia del \u00a0extraditado \u00a0en \u00a0el pa\u00eds extranjero y el retorno al \u00a0de \u00a0origen, \u00a0en \u00a0condiciones de dignidad y respeto por la persona humana, cuando \u00a0aqu\u00e9l \u00a0 llegare \u00a0 a \u00a0 ser \u00a0 sobrese\u00eddo, \u00a0absuelto, declarado no culpable o eventos similares, incluso \u00a0despu\u00e9s \u00a0 \u00a0 \u00a0de \u00a0 \u00a0 \u00a0su \u00a0 \u00a0 \u00a0liberaci\u00f3n \u00a0por \u00a0haber cumplido la pena que le fuere impuesta en la sentencia de condena, en \u00a0raz\u00f3n \u00a0de los cargos que motivaron la solicitud de \u00a0extradici\u00f3n \u00a0 y \u00a0por \u00a0los \u00a0cuales \u00a0\u00e9sta hubiese sido concedida. \u00a0\u00a0<\/p>\n<p>Por \u00a0lo \u00a0expuesto, \u00a0la \u00a0Corte \u00a0Suprema de \u00a0Justicia, \u00a0 \u00a0 Sala \u00a0 \u00a0 de \u00a0 \u00a0 Casaci\u00f3n \u00a0 \u00a0 \u00a0Penal, \u00a0 \u00a0 CONCEPT\u00daA \u00a0FAVORABLEMENTE \u00a0 a \u00a0 la \u00a0 extradici\u00f3n \u00a0 \u00a0de \u00a0 ORLANDO \u00a0 G\u00d3MEZ \u00a0 \u00a0 \u00a0 \u00a0PINZ\u00d3N, \u00a0 de \u00a0condiciones \u00a0 civiles \u00a0y \u00a0personales \u00a0conocidas \u00a0en \u00a0el \u00a0expediente, \u00a0identificado con la c\u00e9dula \u00a0 \u00a0colombiana \u00a0 No \u00a0 \u00a0 \u00a013.845.357 \u00a0 \u00a0 por \u00a0 \u00a0 \u00a0 \u00a0 \u00a0 el \u00a0 \u00a0 \u00a0cargo \u00a0 \u00a0 \u00a0que \u00a0 \u00a0 \u00a0se \u00a0 \u00a0 \u00a0le \u00a0 \u00a0 \u00a0atribuye \u00a0 \u00a0 \u00a0en \u00a0 \u00a0 la \u00a0 \u00a0 Acusaci\u00f3n \u00a0 No. \u00a011-20500-CR-MOORE \u00a0 \u00a0 \u00a0de \u00a0 \u00a0 \u00a026 \u00a0de \u00a0julio \u00a0 \u00a0 \u00a0de \u00a02011, \u00a0proferida \u00a0en la \u00a0Corte \u00a0Distrital \u00a0de los Estados Unidos \u00a0 para \u00a0 el \u00a0Distrito \u00a0de \u00a0 \u00a0 \u00a0 \u00a0la \u00a0 \u00a0 \u00a0 Florida. \u00a0\u00a0<\/p>\n<p>Comun\u00edquese \u00a0por \u00a0 \u00a0la \u00a0 \u00a0Secretar\u00eda \u00a0 \u00a0de \u00a0 la \u00a0 Sala \u00a0 esta \u00a0determinaci\u00f3n \u00a0 \u00a0 al \u00a0 \u00a0 requerido, \u00a0 a \u00a0su \u00a0defensor, \u00a0al \u00a0 \u00a0 Procurador \u00a0 \u00a0 Segundo \u00a0 \u00a0 \u00a0Delegado \u00a0 para \u00a0 la \u00a0Casaci\u00f3n \u00a0 \u00a0 Penal \u00a0 \u00a0y \u00a0 \u00a0a \u00a0 la \u00a0se\u00f1ora \u00a0Fiscal General \u00a0de la Naci\u00f3n, para lo de su cargo. \u00a0\u00a0<\/p>\n<p>Devu\u00e9lvase el \u00a0expediente \u00a0 al \u00a0 Ministerio \u00a0 de \u00a0 Justicia \u00a0y \u00a0de \u00a0Derecho para lo de su competencia. \u00a0\u00a0<\/p>\n<p>Comun\u00edquese y c\u00famplase \u00a0<\/p>\n<p>JOS\u00c9 LEONIDAS BUSTOS MART\u00cdNEZ \u00a0<\/p>\n<p>JOS\u00c9\u00a0 \u00a0 \u00a0 LUIS \u00a0 \u00a0 BARCEL\u00d3 \u00a0CAMACHO \u00a0\u00a0 \u00a0\u00a0 \u00a0\u00a0 \u00a0\u00a0\u00a0\u00a0\u00a0\u00a0\u00a0\u00a0\u00a0\u00a0\u00a0\u00a0\u00a0\u00a0\u00a0\u00a0\u00a0\u00a0\u00a0 \u00a0FERNANDO \u00a0ALBERTO \u00a0CASTRO \u00a0CABALLERO \u00a0\u00a0 \u00a0 \u00a0\u00a0 \u00a0 \u00a0 \u00a0 \u00a0 \u00a0 \u00a0 \u00a0 \u00a0\u00a0 \u00a0 \u00a0\u00a0 \u00a0\u00a0 \u00a0\u00a0<\/p>\n<p>SIGIFREDO \u00a0 \u00a0 \u00a0 \u00a0 ESPINOSA \u00a0P\u00c9REZ\u00a0\u00a0\u00a0\u00a0\u00a0\u00a0\u00a0\u00a0\u00a0\u00a0\u00a0\u00a0\u00a0\u00a0\u00a0\u00a0\u00a0\u00a0\u00a0\u00a0\u00a0\u00a0\u00a0\u00a0 \u00a0MAR\u00cdA \u00a0DEL \u00a0ROSARIO GONZ\u00c1LEZ MU\u00d1OZ \u00a0\u00a0 \u00a0 \u00a0\u00a0 \u00a0 \u00a0 \u00a0 \u00a0 \u00a0 \u00a0 \u00a0 \u00a0\u00a0 \u00a0 \u00a0\u00a0 \u00a0\u00a0 \u00a0\u00a0 \u00a0\u00a0 \u00a0\u00a0 \u00a0\u00a0 \u00a0\u00a0 \u00a0\u00a0 \u00a0 \u00a0 \u00a0 \u00a0\u00a0 \u00a0 \u00a0 \u00a0 \u00a0 \u00a0 \u00a0 \u00a0 \u00a0 \u00a0\u00a0 \u00a0\u00a0 \u00a0\u00a0 \u00a0\u00a0 \u00a0\u00a0 \u00a0\u00a0 \u00a0\u00a0 \u00a0\u00a0 \u00a0\u00a0 \u00a0Aclaro \u00a0voto \u00a0\u00a0<\/p>\n<p>\u00a0 \u00a0 \u00a0 \u00a0 \u00a0<\/p>\n<p>AUGUSTO \u00a0 J. \u00a0 IB\u00c1\u00d1EZ \u00a0 GUZM\u00c1N\u00a0 \u00a0 \u00a0 \u00a0\u00a0 \u00a0 \u00a0 \u00a0 \u00a0 \u00a0 \u00a0 \u00a0 \u00a0 \u00a0 \u00a0\u00a0 \u00a0 \u00a0 \u00a0 \u00a0 \u00a0 \u00a0 \u00a0 \u00a0 \u00a0 \u00a0 \u00a0 \u00a0\u00a0\u00a0\u00a0\u00a0\u00a0\u00a0\u00a0\u00a0\u00a0 LUIS \u00a0GUILLERMO SALAZAR OTERO \u00a0\u00a0<\/p>\n<p>JULIO ENRIQUE SOCHA SALAMANCA \u00a0 \u00a0 \u00a0 \u00a0\u00a0 \u00a0 \u00a0\u00a0 \u00a0 \u00a0\u00a0 \u00a0\u00a0\u00a0\u00a0\u00a0\u00a0\u00a0\u00a0\u00a0\u00a0\u00a0\u00a0\u00a0\u00a0\u00a0\u00a0\u00a0\u00a0\u00a0\u00a0\u00a0\u00a0\u00a0\u00a0\u00a0\u00a0\u00a0\u00a0\u00a0\u00a0\u00a0\u00a0\u00a0\u00a0\u00a0\u00a0\u00a0 \u00a0JAVIER ZAPATA ORTIZ \u00a0\u00a0<\/p>\n<p>NUBIA YOLANDA NOVA GARCIA \u00a0<\/p>\n<p>Secretaria \u00a0<\/p>\n<p>\u00a0\u00a0 \u00a0<\/p>\n<p>\u00a0 \u00a0\u00a0<\/p>\n<p>1 Ver \u00a0folio 15. \u00a0 \u00a0\u00a0<\/p>\n<p><\/p>\n","protected":false},"excerpt":{"rendered":"<p>\u00a0 \u00a0 Proceso \u00a0n\u00ba 37823 \u00a0\u00a0 CORTE \u00a0 SUPREMA \u00a0 DE \u00a0JUSTICIA \u00a0\u00a0 SALA \u00a0 \u00a0 \u00a0DE \u00a0CASACI\u00d3N \u00a0PENAL \u00a0\u00a0 Magistrado Ponente: \u00a0 \u00a0 \u00a0\u00a0 \u00a0\u00a0 \u00a0\u00a0 \u00a0 \u00a0 \u00a0 \u00a0\u00a0 \u00a0 \u00a0 \u00a0 \u00a0\u00a0 \u00a0 \u00a0 \u00a0 \u00a0\u00a0JULIO \u00a0ENRIQUE \u00a0SOCHA \u00a0SALAMANCA \u00a0\u00a0 \u00a0 \u00a0Aprobado \u00a0Acta No. 21 \u00a0\u00a0 Bogot\u00e1, \u00a0D. \u00a0C., \u00a0primero \u00a0(1\u00b0) \u00a0 [&hellip;]<\/p>\n","protected":false},"author":1,"featured_media":0,"comment_status":"open","ping_status":"open","sticky":false,"template":"","format":"standard","meta":{"footnotes":""},"categories":[20],"tags":[],"class_list":["post-24141","post","type-post","status-publish","format-standard","hentry","category-20"],"_links":{"self":[{"href":"https:\/\/dmsjuridica.com\/buscador_20179478954\/salapenalcronologico20230723\/wp-json\/wp\/v2\/posts\/24141","targetHints":{"allow":["GET"]}}],"collection":[{"href":"https:\/\/dmsjuridica.com\/buscador_20179478954\/salapenalcronologico20230723\/wp-json\/wp\/v2\/posts"}],"about":[{"href":"https:\/\/dmsjuridica.com\/buscador_20179478954\/salapenalcronologico20230723\/wp-json\/wp\/v2\/types\/post"}],"author":[{"embeddable":true,"href":"https:\/\/dmsjuridica.com\/buscador_20179478954\/salapenalcronologico20230723\/wp-json\/wp\/v2\/users\/1"}],"replies":[{"embeddable":true,"href":"https:\/\/dmsjuridica.com\/buscador_20179478954\/salapenalcronologico20230723\/wp-json\/wp\/v2\/comments?post=24141"}],"version-history":[{"count":0,"href":"https:\/\/dmsjuridica.com\/buscador_20179478954\/salapenalcronologico20230723\/wp-json\/wp\/v2\/posts\/24141\/revisions"}],"wp:attachment":[{"href":"https:\/\/dmsjuridica.com\/buscador_20179478954\/salapenalcronologico20230723\/wp-json\/wp\/v2\/media?parent=24141"}],"wp:term":[{"taxonomy":"category","embeddable":true,"href":"https:\/\/dmsjuridica.com\/buscador_20179478954\/salapenalcronologico20230723\/wp-json\/wp\/v2\/categories?post=24141"},{"taxonomy":"post_tag","embeddable":true,"href":"https:\/\/dmsjuridica.com\/buscador_20179478954\/salapenalcronologico20230723\/wp-json\/wp\/v2\/tags?post=24141"}],"curies":[{"name":"wp","href":"https:\/\/api.w.org\/{rel}","templated":true}]}}