{"id":24032,"date":"2023-09-12T17:21:11","date_gmt":"2023-09-12T17:21:11","guid":{"rendered":"https:\/\/dmsjuridica.com\/buscador_20179478954\/salapenalcronologico20230723\/2023\/09\/12\/3761401-10-12\/"},"modified":"2023-09-12T17:21:11","modified_gmt":"2023-09-12T17:21:11","slug":"3761401-10-12","status":"publish","type":"post","link":"https:\/\/dmsjuridica.com\/buscador_20179478954\/salapenalcronologico20230723\/2023\/09\/12\/3761401-10-12\/","title":{"rendered":"37614(01-10-12)"},"content":{"rendered":"\n<p>\u00a0 \u00a0 \u00a0\u00a0<\/p>\n<p>CORTE SUPREMA DE JUSTICIA \u00a0<\/p>\n<p>SALA DE CASACION PENAL \u00a0<\/p>\n<p>Magistrado Ponente \u00a0<\/p>\n<p>JOS\u00c9 LEONIDAS BUSTOS MART\u00cdNEZ \u00a0<\/p>\n<p>Aprobado Acta No. 364 \u00a0<\/p>\n<p>Bogot\u00e1 \u00a0D.C., primero de octubre de dos mil \u00a0doce. \u00a0\u00a0<\/p>\n<p>VISTOS \u00a0<\/p>\n<p>El \u00a0pasado \u00a024 \u00a0de julio de 2012, la Sala de \u00a0Casaci\u00f3n \u00a0Penal \u00a0de la Corte Suprema de Justicia profiri\u00f3 sentencia anticipada \u00a0en \u00a0contra del ex Gobernador de La Guajira JOS\u00c9 LUIS GONZ\u00c1LEZ CRESPO, por cuyo \u00a0medio \u00a0le \u00a0fue \u00a0impuesta \u00a0pena \u00a0de prisi\u00f3n de diez a\u00f1os;\u00a0 inhabilitaci\u00f3n \u00a0para \u00a0el ejercicio de derechos y funciones p\u00fablicas por igual t\u00e9rmino; y multa \u00a0equivalente \u00a0a \u00a0dos \u00a0mil \u00a0setecientos \u00a0noventa \u00a0y tres salarios m\u00ednimos legales \u00a0mensuales \u00a0 vigentes \u00a0 a \u00a0favor \u00a0del \u00a0Tesoro \u00a0Nacional, \u00a0como \u00a0autor \u00a0penalmente \u00a0responsable \u00a0de \u00a0los \u00a0delitos \u00a0de \u00a0contrato \u00a0sin \u00a0el \u00a0cumplimiento de requisitos \u00a0legales \u00a0 \u00a0y \u00a0 \u00a0peculado \u00a0 \u00a0por \u00a0 apropiaci\u00f3n, \u00a0 en \u00a0 concurso \u00a0 homog\u00e9neo \u00a0 y \u00a0heterog\u00e9neo. \u00a0\u00a0<\/p>\n<p>Con \u00a0ocasi\u00f3n de las comunicaciones a librar \u00a0para \u00a0la \u00a0ejecuci\u00f3n de la sentencia, advirti\u00f3 la Secretar\u00eda de la Sala que en \u00a0el \u00a0numeral \u00a0segundo \u00a0de su parte resolutiva, a prop\u00f3sito de la pena pecuniaria \u00a0impuesta \u00a0al procesado, el valor consignado en letras fue de dos mil setecientos \u00a0noventa y tres pesos, pero en \u00a0n\u00fameros \u00a0se \u00a0mencion\u00f3 \u00a0la \u00a0suma \u00a0de 2.763. \u00a0\u00a0<\/p>\n<p>CONSIDERACIONES \u00a0<\/p>\n<p>1. Con fundamento en \u00a0el \u00a0art\u00edculo \u00a0412 \u00a0del \u00a0C\u00f3digo de Procedimiento Penal, corresponde corregir la \u00a0asincron\u00eda \u00a0 advertida \u00a0 por \u00a0la \u00a0Secretar\u00eda \u00a0de \u00a0la \u00a0Sala, \u00a0fruto \u00a0del \u00a0error \u00a0mecanogr\u00e1fico \u00a0verificado \u00a0al \u00a0traducir \u00a0en \u00a0n\u00fameros \u00a0la \u00a0cuant\u00eda de la multa \u00a0impuesta \u00a0al procesado, pues como puede constatarse a trav\u00e9s de las operaciones \u00a0efectuadas \u00a0en \u00a0la \u00a0parte \u00a0considerativa \u00a0del \u00a0fallo, \u00a0dicha sanci\u00f3n equivale a \u00a0DOS \u00a0MIL \u00a0SETECIENTOS NOVENTA Y TRES SALARIOS M\u00cdNIMOS \u00a0LEGALES \u00a0MENSUALES \u00a0VIGENTES y no a la cifra num\u00e9rica \u00a0contenida en la parte resolutiva -2.763-. \u00a0\u00a0<\/p>\n<p>2. \u00a0Adicionalmente, \u00a0la \u00a0revisi\u00f3n \u00a0de \u00a0ese \u00a0puntual aspecto permiti\u00f3 advertir a la Sala la omisi\u00f3n \u00a0sustancial \u00a0en \u00a0que \u00a0se \u00a0incurri\u00f3 en la parte resolutiva del fallo, como quiera \u00a0que \u00a0habi\u00e9ndose reconocido en sus motivaciones rebaja de la tercera parte de la \u00a0pena \u00a0a \u00a0favor \u00a0del procesado como consecuencia de su acogimiento a cargos en el \u00a0marco \u00a0de \u00a0la \u00a0sentencia \u00a0anticipada, \u00a0tal \u00a0descuento se comput\u00f3 a las penas de \u00a0prisi\u00f3n \u00a0y \u00a0de \u00a0inhabilitaci\u00f3n de derechos y funciones p\u00fablicas, m\u00e1s no a la \u00a0penal pecuniaria. \u00a0\u00a0<\/p>\n<p>3. En consecuencia, \u00a0de \u00a0conformidad \u00a0con \u00a0las \u00a0previsiones\u00a0 \u00a0del art\u00edculo 412 de la Ley 600 de \u00a02000, \u00a0se \u00a0proceder\u00e1 a corregir dicha omisi\u00f3n sustancial, aclarando el numeral \u00a0segundo \u00a0de \u00a0la sentencia condenatoria emitida, en el sentido de se\u00f1alar que la \u00a0pena \u00a0de \u00a0multa \u00a0impuesta al procesado, en raz\u00f3n de la reducci\u00f3n por sentencia \u00a0anticipada, \u00a0es \u00a0de \u00a0MIL \u00a0OCHOCIENTOS \u00a0SESENTA \u00a0Y \u00a0DOS \u00a0SALARIOS \u00a0 \u00a0M\u00cdNIMOS \u00a0 LEGALES \u00a0 MENSUALES \u00a0 -1.862-. \u00a0\u00a0<\/p>\n<p>En \u00a0m\u00e9rito de lo expuesto, la CORTE SUPREMA \u00a0DE \u00a0JUSTICIA, \u00a0SALA \u00a0DE \u00a0CASACI\u00d3N PENAL, administrando justicia en nombre de la \u00a0Rep\u00fablica y por autoridad de la ley, \u00a0\u00a0<\/p>\n<p>RESUELVE \u00a0<\/p>\n<p>PRIMERO.- ACLARAR el \u00a0numeral \u00a0segundo de la sentencia anticipada proferida el 24 de julio de 2012, en \u00a0el \u00a0sentido \u00a0de se\u00f1alar que la pena de multa a la que queda sometido JOS\u00c9 LUIS \u00a0GONZ\u00c1LEZ \u00a0 CRESPO, \u00a0una \u00a0vez \u00a0deducida \u00a0la \u00a0rebaja \u00a0de \u00a0la \u00a0tercera \u00a0parte \u00a0por \u00a0acogimiento \u00a0a \u00a0cargos, \u00a0es \u00a0de\u00a0 \u00a0MIL OCHOCIENTOS \u00a0SESENTA \u00a0 Y \u00a0 DOS \u00a0 SALARIOS \u00a0 M\u00cdNIMOS \u00a0LEGALES \u00a0MENSULAES \u00a0-1.862-, \u00a0suma \u00a0que deber\u00e1 consignar a \u00f3rdenes del Consejo Superior de la \u00a0Judicatura, \u00a0conforme \u00a0a las previsiones del art\u00edculo 42 de la Ley 599 de 2000. \u00a0\u00a0<\/p>\n<p>SEGUNDO.- \u00a0 \u00a0 \u00a0 \u00a0 REMITIR \u00a0copia de \u00a0esta \u00a0determinaci\u00f3n \u00a0al \u00a0Consejo \u00a0Superior \u00a0de \u00a0la \u00a0Judicatura \u00a0y al Juzgado de \u00a0Ejecuci\u00f3n \u00a0de Penas y Medidas de Seguridad a quien corresponda el control de la \u00a0ejecuci\u00f3n del fallo, para los fines pertinentes. \u00a0\u00a0<\/p>\n<p>Notif\u00edquese y c\u00famplase \u00a0<\/p>\n<p>JOS\u00c9 LEONIDAS BUSTOS MART\u00cdNEZ \u00a0<\/p>\n<p>JOS\u00c9 \u00a0 \u00a0 \u00a0 \u00a0LUIS \u00a0 \u00a0 \u00a0 BARCEL\u00d3 \u00a0CAMACHO\u00a0\u00a0\u00a0\u00a0\u00a0\u00a0\u00a0\u00a0\u00a0\u00a0\u00a0\u00a0\u00a0\u00a0\u00a0\u00a0\u00a0\u00a0\u00a0\u00a0 \u00a0 \u00a0 \u00a0\u00a0 \u00a0 \u00a0\u00a0 \u00a0 \u00a0\u00a0 \u00a0 \u00a0\u00a0FERNANDO A.\u00a0 CASTRO CABALLERO \u00a0\u00a0<\/p>\n<p>MARIA \u00a0 DEL \u00a0 ROSARIO \u00a0 GONZ\u00c1LEZ\u00a0 \u00a0MU\u00d1OZ \u00a0 \u00a0 \u00a0 \u00a0 \u00a0 \u00a0 \u00a0\u00a0 \u00a0 \u00a0 \u00a0 \u00a0 \u00a0\u00a0\u00a0\u00a0\u00a0\u00a0 \u00a0 \u00a0 \u00a0LUIS \u00a0 \u00a0 \u00a0GUILLERMO \u00a0 \u00a0 \u00a0SALAZAR \u00a0OTERO\u00a0\u00a0\u00a0\u00a0\u00a0 \u00a0\u00a0<\/p>\n<p>JULIO \u00a0 \u00a0 \u00a0 ENRIQUE \u00a0 \u00a0 \u00a0 SOCHA \u00a0SALAMANCA\u00a0\u00a0\u00a0\u00a0\u00a0\u00a0\u00a0\u00a0\u00a0\u00a0\u00a0\u00a0\u00a0\u00a0 JAVIER ZAPATA ORTIZ \u00a0\u00a0<\/p>\n<p>Nubia Yolanda Nova Garc\u00eda \u00a0<\/p>\n<p>Secretaria \u00a0<\/p>\n<p>\u00a0 \u00a0\u00a0<\/p>\n<p><\/p>\n","protected":false},"excerpt":{"rendered":"<p>\u00a0 \u00a0 \u00a0\u00a0 CORTE SUPREMA DE JUSTICIA \u00a0 SALA DE CASACION PENAL \u00a0 Magistrado Ponente \u00a0 JOS\u00c9 LEONIDAS BUSTOS MART\u00cdNEZ \u00a0 Aprobado Acta No. 364 \u00a0 Bogot\u00e1 \u00a0D.C., primero de octubre de dos mil \u00a0doce. \u00a0\u00a0 VISTOS \u00a0 El \u00a0pasado \u00a024 \u00a0de julio de 2012, la Sala de \u00a0Casaci\u00f3n \u00a0Penal \u00a0de la Corte Suprema de [&hellip;]<\/p>\n","protected":false},"author":1,"featured_media":0,"comment_status":"open","ping_status":"open","sticky":false,"template":"","format":"standard","meta":{"footnotes":""},"categories":[20],"tags":[],"class_list":["post-24032","post","type-post","status-publish","format-standard","hentry","category-20"],"_links":{"self":[{"href":"https:\/\/dmsjuridica.com\/buscador_20179478954\/salapenalcronologico20230723\/wp-json\/wp\/v2\/posts\/24032","targetHints":{"allow":["GET"]}}],"collection":[{"href":"https:\/\/dmsjuridica.com\/buscador_20179478954\/salapenalcronologico20230723\/wp-json\/wp\/v2\/posts"}],"about":[{"href":"https:\/\/dmsjuridica.com\/buscador_20179478954\/salapenalcronologico20230723\/wp-json\/wp\/v2\/types\/post"}],"author":[{"embeddable":true,"href":"https:\/\/dmsjuridica.com\/buscador_20179478954\/salapenalcronologico20230723\/wp-json\/wp\/v2\/users\/1"}],"replies":[{"embeddable":true,"href":"https:\/\/dmsjuridica.com\/buscador_20179478954\/salapenalcronologico20230723\/wp-json\/wp\/v2\/comments?post=24032"}],"version-history":[{"count":0,"href":"https:\/\/dmsjuridica.com\/buscador_20179478954\/salapenalcronologico20230723\/wp-json\/wp\/v2\/posts\/24032\/revisions"}],"wp:attachment":[{"href":"https:\/\/dmsjuridica.com\/buscador_20179478954\/salapenalcronologico20230723\/wp-json\/wp\/v2\/media?parent=24032"}],"wp:term":[{"taxonomy":"category","embeddable":true,"href":"https:\/\/dmsjuridica.com\/buscador_20179478954\/salapenalcronologico20230723\/wp-json\/wp\/v2\/categories?post=24032"},{"taxonomy":"post_tag","embeddable":true,"href":"https:\/\/dmsjuridica.com\/buscador_20179478954\/salapenalcronologico20230723\/wp-json\/wp\/v2\/tags?post=24032"}],"curies":[{"name":"wp","href":"https:\/\/api.w.org\/{rel}","templated":true}]}}