{"id":23893,"date":"2023-09-12T17:20:28","date_gmt":"2023-09-12T17:20:28","guid":{"rendered":"https:\/\/dmsjuridica.com\/buscador_20179478954\/salapenalcronologico20230723\/2023\/09\/12\/3711730-05-12\/"},"modified":"2023-09-12T17:20:28","modified_gmt":"2023-09-12T17:20:28","slug":"3711730-05-12","status":"publish","type":"post","link":"https:\/\/dmsjuridica.com\/buscador_20179478954\/salapenalcronologico20230723\/2023\/09\/12\/3711730-05-12\/","title":{"rendered":"37117(30-05-12)"},"content":{"rendered":"\n<p>\u00a0 \u00a0 Proceso n\u00ba 37117 \u00a0<\/p>\n<p>CORTE SUPREMA DE JUSTICIA \u00a0<\/p>\n<p>SALA DE CASACI\u00d3N PENAL \u00a0<\/p>\n<p>\u00a0 \u00a0\u00a0 \u00a0\u00a0 \u00a0\u00a0 \u00a0\u00a0 \u00a0 \u00a0 \u00a0 \u00a0 \u00a0 \u00a0\u00a0 \u00a0 \u00a0\u00a0<\/p>\n<p>\u00a0\u00a0\u00a0\u00a0\u00a0\u00a0\u00a0\u00a0\u00a0\u00a0\u00a0\u00a0 \u00a0Magistrado Ponente: \u00a0\u00a0<\/p>\n<p>\u00a0 \u00a0\u00a0 \u00a0\u00a0 \u00a0\u00a0 \u00a0\u00a0 \u00a0 \u00a0 \u00a0 \u00a0 \u00a0 \u00a0\u00a0 \u00a0AUGUSTO J. IB\u00c1\u00d1EZ GUZM\u00c1N \u00a0\u00a0<\/p>\n<p>Aprobado Acta No. 206- \u00a0<\/p>\n<p>Bogot\u00e1 \u00a0D.C.,\u00a0 \u00a0treinta (30) de mayo de \u00a0dos mil once (2012). \u00a0\u00a0<\/p>\n<p>MOTIVO DE LA DECISI\u00d3N \u00a0<\/p>\n<p>Se \u00a0pronuncia \u00a0la \u00a0Sala \u00a0sobre \u00a0el recurso de \u00a0reposici\u00f3n \u00a0interpuesto \u00a0por \u00a0el \u00a0defensor de Reinaldo \u00a0Antonio \u00a0Bedoya \u00a0Zapata, requerido en extradici\u00f3n por \u00a0el \u00a0Gobierno de los Estados Unidos de Am\u00e9rica, contra la decisi\u00f3n del pasado 2 \u00a0de \u00a0mayo \u00a0de \u00a02012 \u00a0que \u00a0neg\u00f3 \u00a0las \u00a0pruebas \u00a0pedidas por la defensa. \u00a0\u00a0<\/p>\n<p>El ciudadano Bedoya \u00a0Zapata \u00a0es \u00a0solicitado \u00a0en \u00a0extradici\u00f3n \u00a0 \u00a0 \u00a0por \u00a0 \u00a0 \u00a0el \u00a0 \u00a0 \u00a0Gobierno \u00a0 \u00a0de \u00a0 \u00a0los \u00a0 Estados \u00a0 Unidos \u00a0a \u00a0trav\u00e9s \u00a0de \u00a0su \u00a0Embajada \u00a0en \u00a0Colombia, \u00a0mediante \u00a0Nota \u00a0Verbal \u00a0No. 1757 del \u00a022 \u00a0de \u00a0julio \u00a0de 2011, por \u00a0delitos federales de narc\u00f3ticos. \u00a0\u00a0<\/p>\n<p>PRUEBAS SOLICITADAS \u00a0<\/p>\n<p>POR LA DEFENSA \u00a0<\/p>\n<p>1. \u201cSe fije fecha \u00a0y \u00a0hora \u00a0y \u00a0se \u00a0escuche \u00a0a \u00a0los \u00a0se\u00f1ores JOS\u00c9 MANUEL \u00a0\u00c1LVAREZ \u00a0TONGUINO \u00a0y \u00a0HERMEL \u00a0ARNUBIO ALARC\u00d3N D\u00cdAZ, \u00a0con \u00a0el fin que estos manifiesten a su despacho sobre las actividades del se\u00f1or \u00a0REINALDO \u00a0 \u00a0 ANTONIO \u00a0BEDOYA y todo lo que sobre el mencionado se\u00f1or \u00a0 \u00a0 \u00a0se \u00a0 \u00a0 \u00a0conozca, \u00a0 \u00a0 solicitando \u00a0 \u00a0al \u00a0 \u00a0Se\u00f1or \u00a0Magistrado \u00a0se \u00a0decrete \u00a0escuchar prioritariamente al \u00a0se\u00f1or \u00a0\u00c1LVAREZ \u00a0TONGUINO, \u00a0quien \u00a0esta \u00a0(sic) delicado \u00a0de \u00a0 salud \u00a0 y \u00a0 Hospitalizado \u00a0en \u00a0la \u00a0Cl\u00ednica \u00a0 \u00a0 \u00a0Cardio \u00a0 \u00a0 Infantil, bajo custodia del INPEC.\u201d \u00a0\u00a0<\/p>\n<p>2. \u00a0\u201cSe oficie a la Fiscal\u00eda Veinticuatro \u00a0Seccional \u00a0Cali, \u00a0con \u00a0destino \u00a0a \u00a0este \u00a0proceso y se \u00a0conozca \u00a0en \u00a0detalle \u00a0sobre \u00a0la \u00a0diligencias \u00a0llevada \u00a0a \u00a0cabo en el inmueble de \u00a0propiedad \u00a0de \u00a0la \u00a0familia \u00a0BEDOYA TAPIAS.\u201d \u00a0\u00a0<\/p>\n<p>3. \u201cSe \u00a0 oficie \u00a0 al \u00a0 Departamento \u00a0Administrativo \u00a0de \u00a0Seguridad \u00a0DAS \u00a0y\/o \u00a0a \u00a0la \u00a0entidad \u00a0que haga sus veces con el fin de \u00a0verificar \u00a0 \u00a0 si \u00a0 \u00a0 el \u00a0 \u00a0 se\u00f1or \u00a0 \u00a0REINALDO \u00a0 ANTONIO \u00a0 BEDOYA \u00a0 ZAPATA, \u00a0a \u00a0(sic) \u00a0salido \u00a0del Pa\u00eds, a \u00a0que pa\u00edses\u00a0 y con qu\u00e9 frecuencia.\u201d \u00a0\u00a0<\/p>\n<p>4. \u201cSe oficie a \u00a0la \u00a0Direcci\u00f3n de \u00a0 \u00a0 Investigaciones \u00a0 \u00a0Criminal \u00a0 e \u00a0Interpol \u00a0con \u00a0destino \u00a0al \u00a0proceso \u00a0de \u00a0la \u00a0referencia \u00a0y \u00a0se \u00a0solicite \u00a0informe \u00a0detallado \u00a0sobre \u00a0el \u00a0Procedimiento \u00a0de \u00a0Captura \u00a0del \u00a0se\u00f1or \u00a0REINALDO \u00a0ANTONIO \u00a0BEDOYA \u00a0ZAPATA, esto es si se le incautaron armas, dineros.\u201d \u00a0\u00a0<\/p>\n<p>5. \u201cSe \u00a0 oficie \u00a0 a \u00a0 la \u00a0 Embajada \u00a0de \u00a0los \u00a0EEUU \u00a0(sic) \u00a0con \u00a0el \u00a0fin \u00a0de \u00a0 allegar \u00a0las \u00a0declaraciones \u00a0del \u00a0Se\u00f1or \u00a0 JOS\u00c9 \u00a0 ARBEY \u00a0 JOVEN \u00a0REND\u00d3N, \u00a0con\u00a0 \u00a0la \u00a0anterior \u00a0prueba \u00a0se pretende demostrar \u00a0que \u00a0mi \u00a0patrocinado no es responsable del tr\u00e1fico internacional de Drogas, que \u00a0los \u00a0verdaderos \u00a0responsables \u00a0del \u00a0delito \u00a0son otras \u00a0personas \u00a0 y \u00a0 no \u00a0 (sic) \u00a0prohijado.\u201d \u00a0\u00a0<\/p>\n<p>POR EL MINISTERIO P\u00daBLICO \u00a0<\/p>\n<p>\u201c\u2026oficie a \u00a0la \u00a0Fiscal\u00eda \u00a0General \u00a0de \u00a0la \u00a0Naci\u00f3n, \u00a0para que informe si contra \u00a0 REINALDO \u00a0 ANTONIO \u00a0 BEDOYA \u00a0 ZAPATA \u00a0se \u00a0 adelant\u00f3 \u00a0 o \u00a0actualmente \u00a0se \u00a0tramita \u00a0alguna \u00a0investigaci\u00f3n \u00a0o \u00a0juicio \u00a0penal, \u00a0o \u00a0ha \u00a0sido \u00a0absuelto \u00a0o condenado por alg\u00fan \u00a0delito\u201d. \u00a0\u00a0<\/p>\n<p>De otra parte, se oficie a la Registradur\u00eda \u00a0General \u00a0(sic) \u00a0del Estado \u00a0Civil, \u00a0para \u00a0que \u00a0remita con destino al mismo tarjeta decadactilar a nombre del \u00a0requerido \u00a0 REINALDO \u00a0 ANTONIO \u00a0 BEDOYA \u00a0ZAPATA, \u00a0identificado \u00a0con \u00a0C\u00e9dula \u00a0de \u00a0Ciudadan\u00eda n\u00famero 86.035.101\u201d \u00a0\u00a0<\/p>\n<p>CONSIDERACIONES \u00a0\u00a0<\/p>\n<p>La Sala confirmar\u00e1 la decisi\u00f3n objeto del \u00a0recurso \u00a0en \u00a0la \u00a0medida \u00a0que \u00a0el impugnante no propuso argumento novedoso alguno \u00a0diferente \u00a0 a \u00a0 los \u00a0 examinados \u00a0 en \u00a0 la \u00a0decisi\u00f3n \u00a0del \u00a0pasado \u00a02 \u00a0de \u00a0mayo \u00a0de \u00a02012, \u00a0se \u00a0basa en manifestar su inconformismo con \u00a0razones \u00a0 \u00a0 \u00a0similares \u00a0 \u00a0 a \u00a0 \u00a0 las \u00a0 \u00a0 inicialmente \u00a0 \u00a0 planteadas: \u00a0\u00a0<\/p>\n<p>1) La \u00a0 conducencia \u00a0 de \u00a0las \u00a0 \u00a0 \u00a0 \u00a0 \u00a0 pruebas \u00a0est\u00e1 \u00a0marcada \u00a0por la necesidad de \u00a0disponer \u00a0la \u00a0pr\u00e1ctica \u00a0de \u00a0un \u00a0medio \u00a0de \u00a0convicci\u00f3n, \u00a0y \u00a0es carga del sujeto \u00a0procesal \u00a0 \u00a0que \u00a0 \u00a0la \u00a0 \u00a0requiere, \u00a0 \u00a0demostrar \u00a0 \u00a0que \u00a0 \u00a0con \u00a0 ellas \u00a0controvertir\u00e1 de alguna manera los \u00a0temas \u00a0sobre \u00a0los \u00a0que \u00a0versa \u00a0el \u00a0concepto \u00a0de \u00a0extradici\u00f3n que emite la Corte \u00a0Suprema en dicho tr\u00e1mite. \u00a0\u00a0<\/p>\n<p>De \u00a0 manera \u00a0 que \u00a0 si \u00a0 las \u00a0 \u00a0 \u00a0 \u00a0 \u00a0pruebas \u00a0 \u00a0 \u00a0 \u00a0solicitadas \u00a0 \u00a0no \u00a0 \u00a0se \u00a0 \u00a0orientan \u00a0 \u00a0 a \u00a0 \u00a0 desvirtuar \u00a0 \u201cla \u00a0 validez \u00a0 formal \u00a0 de \u00a0 la \u00a0documentaci\u00f3n \u00a0que \u00a0presenta \u00a0el pa\u00eds solicitante; \u00a0la \u00a0 plena \u00a0 identidad \u00a0de \u00a0la \u00a0persona \u00a0pedida \u00a0en \u00a0extradici\u00f3n;\u00a0 \u00a0 \u00a0 \u00a0 \u00a0 la \u00a0 \u00a0 \u00a0 \u00a0 doble \u00a0incriminaci\u00f3n; \u00a0la equivalencia de las resoluciones \u00a0que \u00a0llaman \u00a0a \u00a0juicio \u00a0con \u00a0la acusaci\u00f3n del sistema procesal colombiano, o el \u00a0cumplimiento \u00a0 \u00a0de \u00a0 \u00a0tratados \u00a0 p\u00fablicos \u00a0 internacionales \u00a0 en \u00a0 materia \u00a0 de \u00a0extradici\u00f3n\u201d,\u00a0 \u00a0 ning\u00fan \u00a0 sentido \u00a0 tiene \u00a0requerir \u00a0 \u00a0 \u00a0pruebas \u00a0 \u00a0 que \u00a0 \u00a0 \u2013por \u00a0s\u00ed- \u00a0no \u00a0desquiciar\u00e1n \u00a0los \u00a0ejes tem\u00e1ticos del concepto de \u00a0extradici\u00f3n. \u00a0\u00a0<\/p>\n<p>Lo \u00a0 evidente \u00a0 del \u00a0 requerimiento \u00a0 que \u00a0 formula \u00a0 la \u00a0defensa, \u00a0no \u00a0 se \u00a0 orienta \u00a0a \u00a0controvertir \u00a0alguno \u00a0 de \u00a0los \u00a0puntos \u00a0sobre \u00a0los \u00a0que \u00a0versar\u00e1 \u00a0el \u00a0concepto \u00a0que \u00a0emite \u00a0la \u00a0Sala \u00a0en \u00a0el tr\u00e1mite de extradici\u00f3n de \u00a0REINALDO \u00a0BEDOYA \u00a0ZAPATA, \u00a0requerido \u00a0 por \u00a0 actividades \u00a0involucradas \u00a0con \u00a0el \u00a0tr\u00e1fico \u00a0 \u00a0 \u00a0de \u00a0 \u00a0 \u00a0narc\u00f3ticos \u00a0 \u00a0 y \u00a0 \u00a0 lavado \u00a0 \u00a0 de \u00a0 \u00a0 dinero. \u00a0\u00a0<\/p>\n<p>Es \u00a0 \u00a0 \u00a0 \u00a0 claro, \u00a0 \u00a0 \u00a0 que \u00a0 \u00a0 \u00a0 las \u00a0 \u00a0 \u00a0 \u00a0 \u00a0pruebas \u00a0 \u00a0 \u00a0 \u00a0 \u00a0 \u00a0 que \u00a0solicita \u00a0se \u00a0tengan en cuenta en \u00a0relaci\u00f3n \u00a0con \u00a0su \u00a0calidad, condici\u00f3n, \u00a0 \u00a0 \u00a0conducta \u00a0 \u00a0 personal \u00a0 \u00a0 y\/o \u00a0familiar, \u00a0no \u00a0guardan ninguna relaci\u00f3n \u00a0con \u00a0la \u00a0imputaci\u00f3n \u00a0que formula el Tribunal de Justicia de los \u00a0Estados \u00a0Unidos \u00a0contra \u00a0el \u00a0ciudadano \u00a0requerido por \u00a0delitos \u00a0 \u00a0 \u00a0federales \u00a0 \u00a0 \u00a0de \u00a0 \u00a0 \u00a0Narc\u00f3ticos \u00a0 \u00a0 \u00a0 y \u00a0 \u00a0 \u00a0 lavado \u00a0 \u00a0 \u00a0 de \u00a0 \u00a0 \u00a0dineros. \u00a0\u00a0<\/p>\n<p>La \u00a0 \u00a0 \u00a0 \u00a0 \u00a0conducencia de la prueba en materia de \u00a0extradici\u00f3n \u00a0\u2013insiste \u00a0la \u00a0Sala- radica en solicitar aquellas que demuestren que no se cumple alguno de \u00a0los \u00a0fundamentos \u00a0tem\u00e1ticos sobre los que versa el concepto de extradici\u00f3n que \u00a0rinde \u00a0 la \u00a0 Corte, \u00a0 referidos \u00a0 en \u00a0 el \u00a0 art\u00edculo \u00a0502 \u00a0de \u00a0la \u00a0Ley \u00a0906 \u00a0de \u00a02004. \u00a0\u00a0<\/p>\n<p>Como el escrito de impugnaci\u00f3n no sugiere \u00a0argumento \u00a0nuevo \u00a0a \u00a0la \u00a0respuesta de la Sala, ello es raz\u00f3n suficiente para no \u00a0reponer la decisi\u00f3n objeto del recurso. \u00a0\u00a0<\/p>\n<p>2)\u00a0 \u00a0Acerca \u00a0 \u00a0de \u00a0 \u00a0las \u00a0 peticiones\u00a0 \u00a03 y\u00a0 \u00a04\u00a0 \u00a0en los que se \u00a0solicita \u00a0allegar \u00a0los \u00a0requisitos \u00a0migratorios, las \u00a0fechas \u00a0de \u00a0salida \u00a0del \u00a0pa\u00eds \u00a0y \u00a0los \u00a0lugares \u00a0del destino del se\u00f1or REINALDO \u00a0ANTONIO \u00a0 \u00a0 \u00a0BEDOYA\u00a0 \u00a0 \u00a0 e\u00a0 \u00a0informaci\u00f3n \u00a0sobre el procedimiento \u00a0de \u00a0 \u00a0 captura \u00a0 \u00a0 e \u00a0 \u00a0 incautaci\u00f3n \u00a0 \u00a0de \u00a0 \u00a0armas \u00a0 \u00a0o \u00a0 \u00a0dineros. \u00a0Reitera \u00a0la \u00a0Sala \u00a0que \u00a0son \u00a0temas \u00a0que \u00a0deben ser debatidos y probados ante la autoridad \u00a0judicial \u00a0competente \u00a0para \u00a0el \u00a0juzgamiento \u00a0ordinario, \u00a0que \u00a0no \u00a0es otra que el \u00a0Tribunal \u00a0 \u00a0de \u00a0 \u00a0Distrito \u00a0 \u00a0de \u00a0 \u00a0los \u00a0 \u00a0Estados \u00a0Unidos, \u00a0 \u00a0Distrito \u00a0Este \u00a0 \u00a0 \u00a0 de \u00a0 \u00a0 \u00a0 Nueva \u00a0 \u00a0 \u00a0York. \u00a0\u00a0<\/p>\n<p>3) Respecto \u00a0a las peticiones descritas en \u00a0los \u00a0 \u00a0numerales \u00a0 \u00a01, \u00a02 \u00a0 \u00a0 y \u00a0 \u00a0 \u00a05 \u00a0 \u00a0 \u00a0en \u00a0 \u00a0 las \u00a0 que \u00a0solicita \u00a0 \u00a0 \u00a0 \u00a0 escuchar \u00a0 \u00a0 \u00a0 \u00a0los \u00a0testimonios \u00a0 de \u00a0 los \u00a0se\u00f1ores \u00a0Jos\u00e9 \u00a0Manuel \u00a0\u00c1lvarez Tonguino y Hermel Arnubio Alarc\u00f3n, oficiar a \u00a0la \u00a0embajada \u00a0de \u00a0los Estados Unidos con el fin de allegar las declaraciones del \u00a0se\u00f1or \u00a0 \u00a0 Jos\u00e9 \u00a0 \u00a0Arbey \u00a0 \u00a0Joven \u00a0 \u00a0Rend\u00f3n \u00a0 \u00a0e \u00a0 \u00a0igualmente \u00a0 \u00a0oficiar \u00a0a la Fiscal\u00eda para \u201cconocer \u00a0en \u00a0detalle \u00a0el \u00a0modo \u00a0de \u00a0vivir \u00a0del \u00a0se\u00f1or REINALDO BEDOYA ZAPATA\u201d, \u00a0con \u00a0las que pretende exponer la \u00a0inocencia \u00a0 \u00a0de \u00a0 \u00a0su \u00a0 \u00a0prohijado \u00a0 demostrando \u00a0 sus \u00a0lazos \u00a0familiares \u00a0y \u00a0sociales. \u00a0\u00a0<\/p>\n<p>Insiste la Sala en que los medios probatorios \u00a0solicitados \u00a0por \u00a0la \u00a0defensa \u00a0del se\u00f1or BEDOYA ZAPATA no son materia a evaluar \u00a0dentro \u00a0 de \u00a0 los \u00a0 requisitos \u00a0para \u00a0emitir \u00a0concepto \u00a0por \u00a0esta \u00a0Corporaci\u00f3n. \u00a0\u00a0<\/p>\n<p>Asimismo \u00a0en \u00a0la \u00a0documentaci\u00f3n \u00a0allegada \u00a0por \u00a0el \u00a0Gobierno \u00a0 de \u00a0 los \u00a0 Estados \u00a0 Unidos\u00a0 \u00a0y \u00a0en \u00a0la \u00a0 \u00a0\u00a0 \u00a0 \u00a0 \u00a0 \u00a0 \u00a0 \u00a0 \u00a0Acusaci\u00f3n \u00a0Formal de Remplazo 06-091-(S-3) (SLT) se \u00a0evidencia \u00a0claramente \u00a0la validez de la documentaci\u00f3n presentada y se considera \u00a0suficiente \u00a0para emitir decisiones de fondo frente a \u00a0lo que compete a la corporaci\u00f3n. \u00a0\u00a0<\/p>\n<p>En \u00a0s\u00edntesis, \u00a0el \u00a0impugnante no ofreci\u00f3 \u00a0argumento \u00a0novedoso \u00a0alguno \u00a0a \u00a0la \u00a0negaci\u00f3n \u00a0de \u00a0pruebas \u00a0(auto del \u00a0 02 \u00a0 de \u00a0mayo \u00a0de \u00a02012);\u00a0 por ello, la decisi\u00f3n ser\u00e1 \u00a0confirmada. \u00a0\u00a0<\/p>\n<p>3)\u00a0 \u00a0Por \u00a0la Secretar\u00eda de la Sala de Casaci\u00f3n penal se \u00a0CORRER\u00c1 \u00a0 EL \u00a0TRASLADO \u00a0durante \u00a0el \u00a0t\u00e9rmino \u00a0de \u00a0cinco \u00a0(5) d\u00edas, al solicitado en extradici\u00f3n, a su \u00a0defensor \u00a0t\u00e9cnico \u00a0y \u00a0al Procurador Delegado para que presenten sus alegaciones \u00a0(Art\u00edculo 500 inc. 3 de la Ley 906 de 2004). \u00a0\u00a0<\/p>\n<p>En \u00a0m\u00e9rito \u00a0de lo expuesto, la CORTE \u00a0SUPREMA \u00a0DE \u00a0JUSTICIA \u00a0en \u00a0Sala \u00a0de \u00a0Casaci\u00f3n Penal, \u00a0\u00a0<\/p>\n<p>RESUELVE: \u00a0<\/p>\n<p>Primero.\u00a0 \u00a0NO REPONER la decisi\u00f3n del 2 \u00a0de \u00a0mayo \u00a0de \u00a02012 \u00a0que \u00a0neg\u00f3 \u00a0las pruebas pedidas por el defensor t\u00e9cnico del \u00a0ciudadano \u00a0REINALDO \u00a0ANTONIO BEDOYA ZAPATA, \u00a0requerido \u00a0en \u00a0extradici\u00f3n por el Gobierno de los Estados Unidos \u00a0de Am\u00e9rica. \u00a0\u00a0<\/p>\n<p>Segundo.\u00a0 \u00a0DEJAR \u00a0 el \u00a0expediente \u00a0en \u00a0Secretar\u00eda \u00a0de \u00a0la \u00a0Sala \u00a0Penal \u00a0por \u00a0el \u00a0t\u00e9rmino \u00a0de cinco (5) d\u00edas para las \u00a0alegaciones \u00a0de m\u00e9rito (Art\u00edculo 500 inc. 3 de la Ley 906 de 2004). \u00a0\u00a0<\/p>\n<p>Notif\u00edquese y c\u00famplase \u00a0<\/p>\n<p>JOS\u00c9 LEONIDAS BUSTOS MART\u00cdNEZ \u00a0<\/p>\n<p>JOS\u00c9 \u00a0 \u00a0 \u00a0 LUIS \u00a0 \u00a0 \u00a0 BARCEL\u00d3 \u00a0CAMACHO\u00a0\u00a0\u00a0\u00a0\u00a0\u00a0\u00a0\u00a0 \u00a0 \u00a0 FERNANDO \u00a0 \u00a0 A. \u00a0 \u00a0 CASTRO \u00a0 \u00a0 CABALLERO\u00a0\u00a0\u00a0\u00a0\u00a0\u00a0\u00a0\u00a0\u00a0\u00a0\u00a0\u00a0\u00a0\u00a0\u00a0 \u00a0\u00a0<\/p>\n<p>SIGIFREDO \u00a0 ESPINOSA \u00a0P\u00c9REZ\u00a0\u00a0\u00a0\u00a0\u00a0 \u00a0MAR\u00cdA \u00a0DEL \u00a0 \u00a0 \u00a0ROSARIO \u00a0 \u00a0 \u00a0GONZ\u00c1LEZ \u00a0 \u00a0 MU\u00d1OZ \u00a0\u00a0<\/p>\n<p>AUGUSTO \u00a0 \u00a0 \u00a0 J. \u00a0 \u00a0 \u00a0 IB\u00c1\u00d1EZ \u00a0GUZM\u00c1N\u00a0\u00a0\u00a0\u00a0\u00a0\u00a0\u00a0\u00a0\u00a0\u00a0\u00a0 \u00a0 \u00a0 \u00a0LUIS \u00a0 \u00a0 GUILLERMO \u00a0 \u00a0 SALAZAR \u00a0OTERO \u00a0\u00a0<\/p>\n<p>JULIO \u00a0ENRIQUE \u00a0SOCHA \u00a0SALAMANCA\u00a0\u00a0\u00a0\u00a0\u00a0\u00a0\u00a0\u00a0\u00a0\u00a0\u00a0\u00a0\u00a0\u00a0\u00a0\u00a0\u00a0\u00a0\u00a0\u00a0\u00a0 \u00a0JAVIER ZAPATA ORT\u00cdZ \u00a0\u00a0<\/p>\n<p>\u00a0 \u00a0\u00a0 \u00a0 \u00a0 \u00a0\u00a0<\/p>\n<p>NUBIA YOLANDA NOVA GARC\u00cdA \u00a0<\/p>\n<p>Secretaria \u00a0<\/p>\n<p>\u00a0 \u00a0\u00a0<\/p>\n<p><\/p>\n","protected":false},"excerpt":{"rendered":"<p>\u00a0 \u00a0 Proceso n\u00ba 37117 \u00a0 CORTE SUPREMA DE JUSTICIA \u00a0 SALA DE CASACI\u00d3N PENAL \u00a0 \u00a0 \u00a0\u00a0 \u00a0\u00a0 \u00a0\u00a0 \u00a0\u00a0 \u00a0 \u00a0 \u00a0 \u00a0 \u00a0 \u00a0\u00a0 \u00a0 \u00a0\u00a0 \u00a0\u00a0\u00a0\u00a0\u00a0\u00a0\u00a0\u00a0\u00a0\u00a0\u00a0\u00a0 \u00a0Magistrado Ponente: \u00a0\u00a0 \u00a0 \u00a0\u00a0 \u00a0\u00a0 \u00a0\u00a0 \u00a0\u00a0 \u00a0 \u00a0 \u00a0 \u00a0 \u00a0 \u00a0\u00a0 \u00a0AUGUSTO J. IB\u00c1\u00d1EZ GUZM\u00c1N \u00a0\u00a0 Aprobado Acta No. 206- \u00a0 Bogot\u00e1 [&hellip;]<\/p>\n","protected":false},"author":1,"featured_media":0,"comment_status":"open","ping_status":"open","sticky":false,"template":"","format":"standard","meta":{"footnotes":""},"categories":[20],"tags":[],"class_list":["post-23893","post","type-post","status-publish","format-standard","hentry","category-20"],"_links":{"self":[{"href":"https:\/\/dmsjuridica.com\/buscador_20179478954\/salapenalcronologico20230723\/wp-json\/wp\/v2\/posts\/23893","targetHints":{"allow":["GET"]}}],"collection":[{"href":"https:\/\/dmsjuridica.com\/buscador_20179478954\/salapenalcronologico20230723\/wp-json\/wp\/v2\/posts"}],"about":[{"href":"https:\/\/dmsjuridica.com\/buscador_20179478954\/salapenalcronologico20230723\/wp-json\/wp\/v2\/types\/post"}],"author":[{"embeddable":true,"href":"https:\/\/dmsjuridica.com\/buscador_20179478954\/salapenalcronologico20230723\/wp-json\/wp\/v2\/users\/1"}],"replies":[{"embeddable":true,"href":"https:\/\/dmsjuridica.com\/buscador_20179478954\/salapenalcronologico20230723\/wp-json\/wp\/v2\/comments?post=23893"}],"version-history":[{"count":0,"href":"https:\/\/dmsjuridica.com\/buscador_20179478954\/salapenalcronologico20230723\/wp-json\/wp\/v2\/posts\/23893\/revisions"}],"wp:attachment":[{"href":"https:\/\/dmsjuridica.com\/buscador_20179478954\/salapenalcronologico20230723\/wp-json\/wp\/v2\/media?parent=23893"}],"wp:term":[{"taxonomy":"category","embeddable":true,"href":"https:\/\/dmsjuridica.com\/buscador_20179478954\/salapenalcronologico20230723\/wp-json\/wp\/v2\/categories?post=23893"},{"taxonomy":"post_tag","embeddable":true,"href":"https:\/\/dmsjuridica.com\/buscador_20179478954\/salapenalcronologico20230723\/wp-json\/wp\/v2\/tags?post=23893"}],"curies":[{"name":"wp","href":"https:\/\/api.w.org\/{rel}","templated":true}]}}