{"id":23801,"date":"2023-09-12T17:20:21","date_gmt":"2023-09-12T17:20:21","guid":{"rendered":"https:\/\/dmsjuridica.com\/buscador_20179478954\/salapenalcronologico20230723\/2023\/09\/12\/3668123-05-12\/"},"modified":"2023-09-12T17:20:21","modified_gmt":"2023-09-12T17:20:21","slug":"3668123-05-12","status":"publish","type":"post","link":"https:\/\/dmsjuridica.com\/buscador_20179478954\/salapenalcronologico20230723\/2023\/09\/12\/3668123-05-12\/","title":{"rendered":"36681(23-05-12)"},"content":{"rendered":"\n<p>\u00a0 \u00a0 Proceso n\u00ba 36681 \u00a0<\/p>\n<p>CORTE SUPREMA DE JUSTICIA \u00a0<\/p>\n<p>SALA DE CASACI\u00d3N PENAL \u00a0<\/p>\n<p>MAGISTRADO \u00a0PONENTE \u00a0\u00a0<\/p>\n<p>AUGUSTO J. IB\u00c1\u00d1EZ GUZM\u00c1N \u00a0<\/p>\n<p>APROBADO ACTA N\u00ba. 198- \u00a0<\/p>\n<p>Bogot\u00e1, D.C., veintitr\u00e9s (23) de mayo de dos \u00a0mil doce (2012) \u00a0\u00a0<\/p>\n<p>ASUNTO \u00a0<\/p>\n<p>Se \u00a0pronuncia \u00a0la \u00a0Sala \u00a0sobre \u00a0la demanda de \u00a0revisi\u00f3n \u00a0 presentada \u00a0por \u00a0los \u00a0apoderados \u00a0principal \u00a0y \u00a0suplente1, de GILBERTO DE \u00a0JES\u00daS \u00a0TORRES \u00a0MU\u00d1ET\u00d3N, \u00a0contra \u00a0la sentencia proferida el 13 de diciembre de \u00a02006 \u00a0por \u00a0la \u00a0Sala \u00a0\u00danica \u00a0del \u00a0Tribunal Superior de Quibd\u00f3, que confirm\u00f3 la \u00a0emitida \u00a0por el Juzgado Penal del Circuito Especializado de la misma ciudad, por \u00a0cuyo \u00a0medio \u00a0conden\u00f3 \u00a0al \u00a0procesado \u00a0como coautor responsable de los delitos de \u00a0homicidio \u00a0en \u00a0persona \u00a0protegida, \u00a0lesiones \u00a0personales \u00a0en \u00a0persona protegida, \u00a0rebeli\u00f3n, \u00a0utilizaci\u00f3n \u00a0de \u00a0medios \u00a0y \u00a0m\u00e9todos \u00a0de guerra il\u00edcitos, actos de \u00a0terrorismo, \u00a0destrucci\u00f3n \u00a0de \u00a0lugares \u00a0de \u00a0culto \u00a0y \u00a0destrucci\u00f3n \u00a0de \u00a0bienes e \u00a0instalaciones de car\u00e1cter sanitario. \u00a0\u00a0<\/p>\n<p>HECHOS Y ACTUACI\u00d3N PROCESAL \u00a0<\/p>\n<p>1. \u00a0Se \u00a0desprende de la foliatura que a ra\u00edz \u00a0del \u00a0enfrentamiento \u00a0suscitado \u00a0desde \u00a0el \u00a01\u00ba \u00a0de \u00a0mayo \u00a0de 2002, en Bellavista \u00a0cabecera \u00a0 municipal \u00a0de \u00a0Bojay\u00e1, \u00a0Choc\u00f3, \u00a0entre \u00a0miembros \u00a0del \u00a0bloque \u00a0Elmer \u00a0C\u00e1rdenas \u00a0de \u00a0las AUC y guerrilleros de las Farc que se encontraban ubicados en \u00a0el \u00a0municipio de Vig\u00eda del Fuerte, Antioquia, frente a Bellavista, separado por \u00a0el \u00a0 \u00a0 r\u00edo \u00a0 \u00a0 Atrato, \u00a0 \u00a0 los \u00a0 \u00a0 pobladores \u00a0 \u00a0 del \u00a0 \u00a0 lugar \u00a0 \u00a0\u2013hombres, \u00a0 \u00a0ancianos, \u00a0 mujeres \u00a0 y \u00a0ni\u00f1os- \u00a0 en \u00a0compa\u00f1\u00eda \u00a0del \u00a0sacerdote, \u00a0se \u00a0vieron \u00a0obligados \u00a0a refugiarse en la iglesia. Al d\u00eda siguiente, una c\u00e9lula del bloque \u00a0JOS\u00c9 \u00a0MAR\u00cdA \u00a0C\u00d3RDOBA de las Farc, luego de avanzar y cruzar el r\u00edo, lanzaron \u00a0aproximadamente \u00a0cuatro \u00a0(4) \u00a0cilindros \u00a0de \u00a0gas \u00a0que \u00a0impactaron el techo de la \u00a0iglesia \u00a0y viviendas cercanas, generando su destrucci\u00f3n, al igual que la de los \u00a0sistemas \u00a0sanitarios \u00a0artesanales \u00a0y \u00a0ocasionando \u00a0la \u00a0muerte \u00a0a \u00a0119 personas y \u00a0heridas a 114 m\u00e1s. \u00a0\u00a0<\/p>\n<p>2. \u00a0El \u00a013 de marzo de 2006, el Juzgado Penal \u00a0del \u00a0Circuito \u00a0Especializado \u00a0de \u00a0Quibd\u00f3 \u00a0conden\u00f3 \u00a0a GILBERTO DE JES\u00daS TORRES \u00a0MU\u00d1ET\u00d3N \u00a0como \u00a0coautor \u00a0de \u00a0los \u00a0delitos \u00a0de \u00a0homicidio \u00a0en persona protegida, \u00a0lesiones \u00a0personales \u00a0en \u00a0persona protegida, rebeli\u00f3n, utilizaci\u00f3n de medios y \u00a0m\u00e9todos \u00a0de \u00a0guerra \u00a0il\u00edcitos, actos de terrorismo, destrucci\u00f3n de lugares de \u00a0culto \u00a0y \u00a0destrucci\u00f3n \u00a0de \u00a0bienes \u00a0e \u00a0instalaciones \u00a0de car\u00e1cter sanitario. Le \u00a0impuso \u00a0la \u00a0pena \u00a0de \u00a0treinta \u00a0y \u00a0siete (37) a\u00f1os y seis (6) meses de prisi\u00f3n, \u00a0multa \u00a0de \u00a0cuatro \u00a0mil \u00a0doscientos \u00a0cincuenta \u00a0(4.250) salarios m\u00ednimos legales \u00a0mensuales \u00a0vigentes, la accesoria de inhabilidad para el ejercicio de derechos y \u00a0funciones \u00a0p\u00fablicas \u00a0por \u00a0el \u00a0t\u00e9rmino \u00a0de \u00a0diez \u00a0(10) \u00a0a\u00f1os \u00a0y el pago de los \u00a0perjuicios \u00a0materiales \u00a0y \u00a0morales \u00a0causados \u00a0con \u00a0la \u00a0infracci\u00f3n. \u00a0Le neg\u00f3 la \u00a0suspensi\u00f3n \u00a0 condicional \u00a0 de \u00a0 la \u00a0 ejecuci\u00f3n \u00a0 de \u00a0la \u00a0pena \u00a0y \u00a0la \u00a0prisi\u00f3n \u00a0domiciliaria. \u00a0\u00a0<\/p>\n<p>La \u00a0decisi\u00f3n \u00a0fue confirmada por el Tribunal \u00a0Superior \u00a0 de \u00a0 Quibd\u00f3, \u00a0 en \u00a0 providencia \u00a0 del \u00a013 \u00a0de \u00a0diciembre \u00a0del \u00a0mismo \u00a0a\u00f1o. \u00a0\u00a0<\/p>\n<p>LA DEMANDA \u00a0<\/p>\n<p>Invoca \u00a0el \u00a0defensor \u00a0la \u00a0causal \u00a0tercera del \u00a0art\u00edculo \u00a0220 \u00a0del \u00a0C\u00f3digo \u00a0de \u00a0Procedimiento Penal, toda vez que los hechos y \u00a0pruebas \u00a0sobrevinientes, \u00a0dejan \u00a0entrever \u00a0varios \u00a0aspectos \u00a0que le dan sustento \u00a0f\u00e1ctico y jur\u00eddico a la acci\u00f3n de revisi\u00f3n. \u00a0\u00a0<\/p>\n<p>A continuaci\u00f3n refiere que para la \u00e9poca de \u00a0los \u00a0hechos \u00a0ocurridos \u00a0en \u00a0Bojay\u00e1 \u00a0el 2 de mayo de 2002, la Cuarta Brigada del \u00a0Ej\u00e9rcito \u00a0 ya \u00a0 contaba \u00a0 en \u00a0sus \u00a0archivos \u00a0de \u00a0inteligencia \u00a0con \u00a0una \u00a0imagen \u00a0fotogr\u00e1fica \u00a0 de \u00a0 \u201cquien \u00a0cre\u00eda\u201d \u00a0era \u00a0alias \u00a0\u201cel becerro\u201d, jefe del 57 frente de las Farc, que le \u00a0sirvi\u00f3 \u00a0de fuente de consulta y apoyo al servidor de polic\u00eda judicial asignado \u00a0para \u00a0el \u00a0caso, \u00a0quien la arrim\u00f3 para el conocimiento de la Fiscal\u00eda, tal como \u00a0lo \u00a0plasm\u00f3 \u00a0en \u00a0el \u00a0informe \u00a0de \u00a0Polic\u00eda \u00a0Judicial \u00a0UDH-DIH del 17 de abril de \u00a02004. \u00a0\u00a0<\/p>\n<p>El \u00a0archivo \u00a0documental \u00a0y \u00a0fotogr\u00e1fico \u00a0de \u00a0inteligencia \u00a0reposaba \u00a0en \u00a0la Cuarta Brigada desde el 9 de julio de 1997, fecha \u00a0en \u00a0que \u00a0por \u00a0primera \u00a0vez \u00a0le \u00a0tomaron \u00a0fotograf\u00eda a GILBERTO DE JES\u00daS TORRES \u00a0MU\u00d1ETON \u00a0cuando \u00a0fue \u00a0privado de la libertad por orden de la Fiscal\u00eda Regional \u00a0ante \u00a0esa \u00a0brigada, \u00a0que \u00a0\u00fanicamente \u00a0se bas\u00f3 en el informe de inteligencia No \u00a0002236, \u00a0donde \u00a0reposaba \u00a0un \u00a0video \u00a0incautado \u00a0a \u00a0las farc en un combate con el \u00a0Ej\u00e9rcito, \u00a0que \u00a0fue \u00a0rendido el 4 de julio de 1997 por decisi\u00f3n del Comandante \u00a0del \u00a0Batall\u00f3n \u00a0de \u00a0inteligencia \u00a0No \u00a06, \u00a0indicando \u00a0que \u00a0para \u00a0eses entonces el \u00a0cabecilla \u00a0del \u00a0frente \u00a036 de las Farc se apodaba con varios alias, entre ellos, \u00a0\u201cGilberto \u00a0Guevara \u00a0R\u00edos\u201d, \u00a0\u201cFredy\u201d, \u201cel becerro\u201d, \u201cel burro\u201d y \u00a0que \u00a0 su \u00a0nombre \u00a0corresponder\u00eda \u00a0a \u00a0GILBERTO \u00a0TORRES \u00a0MU\u00d1ET\u00d3N, \u00a0sin \u00a0que \u00a0se \u00a0mencionara \u00a0 \u00a0el \u00a0 \u00a0segundo \u00a0 \u00a0nombre \u00a0 \u00a0\u201cDe \u00a0 \u00a0Jes\u00fas\u201d \u00a0 que \u00a0 ostenta \u00a0 el \u00a0procesado. \u00a0\u00a0<\/p>\n<p>Informe \u00a0 que \u00a0 motiv\u00f3 \u00a0 la \u00a0 apertura \u00a0de \u00a0investigaci\u00f3n \u00a0previa \u00a0por \u00a0el \u00a0delito de rebeli\u00f3n y la materializaci\u00f3n de la \u00a0orden \u00a0de \u00a0captura, \u00a0\u201cprocediendo entonces a tomarle \u00a0la \u00a0respectiva fotograf\u00eda deliberadamente COMO ERA LA \u00a0COSTUMBRE \u00a0para \u00a0que \u00a0esta \u00a0empezara \u00a0 \u00a0a \u00a0 \u00a0obrar \u00a0 \u00a0dentro \u00a0 de \u00a0 los \u00a0 archivos \u00a0 de \u00a0 inteligencia \u00a0 del \u00a0Estado\u201d \u00a0 y \u00a0desde \u00a0ese \u00a0momento \u00a0para las fuerzas del orden dicha fotograf\u00eda comenz\u00f3 a tener car\u00e1cter \u00a0de \u00a0id\u00f3nea \u00a0sin \u00a0considerar \u00a0el \u00a0principio \u00a0de \u00a0presunci\u00f3n de inocencia que se \u00a0debi\u00f3 \u00a0tener \u00a0en \u00a0cuenta cuando la autoridad judicial lo absolvi\u00f3 en el primer \u00a0proceso. \u00a0Es \u00a0decir, \u00a0se debi\u00f3 cuestionar aquella identificaci\u00f3n o fotograf\u00eda \u00a0o, \u00a0al \u00a0menos, \u00a0revisar \u00a0la \u00a0fuente \u00a0humana que dio lugar a la obtenci\u00f3n de esa \u00a0informaci\u00f3n, \u00a0para \u00a0evitar posteriores errores como el que se present\u00f3 en este \u00a0caso. \u00a0\u00a0<\/p>\n<p>Era de esperar que la fotograf\u00eda de GILBERTO \u00a0DE \u00a0JES\u00daS \u00a0TORRES MU\u00d1ET\u00d3N fuera instalada en la \u201corden de batalla\u201d de las \u00a0Farc \u00a0y \u00a0empezara a aparecer all\u00ed como comandante del frente 36 y luego del 57, \u00a0error \u00a0de \u00a0credibilidad \u00a0que \u00a0las \u00a0Fuerzas \u00a0Militares y de Polic\u00eda comenzaron a \u00a0darle \u00a0al \u00a0registro \u00a0fotogr\u00e1fico, \u00a0sin atender que la decisi\u00f3n absolutoria por \u00a0parte \u00a0del \u00a0Tribunal Superior de Medell\u00edn, por el cargo de rebeli\u00f3n, se debi\u00f3 \u00a0a \u00a0 \u00a0la \u00a0 \u00a0falta \u00a0 \u00a0de \u00a0 \u00a0plena \u00a0 identificaci\u00f3n \u00a0 e \u00a0 individualizaci\u00f3n \u00a0 del \u00a0procesado. \u00a0\u00a0<\/p>\n<p>Acerca \u00a0de \u00a0la identidad e individualidad del \u00a0comandante \u00a0 del \u00a0 frente \u00a0 57 \u00a0de \u00a0las \u00a0Farc, \u00a0alias \u00a0\u201cel \u00a0becerro\u201d \u00a0seg\u00fan \u00a0inteligencia \u00a0militar, \u00a0s\u00f3lo \u00a0conoc\u00edan \u00a0que \u00a0se \u00a0hac\u00eda llamar GILBERTO TORRES \u00a0MU\u00d1ETON \u00a0\u201cy de esa manera equivocada desde siempre, \u00a0se traslad\u00f3 aqu\u00e9l registro al caso de Bojay\u00e1 Choc\u00f3\u201d. \u00a0\u00a0<\/p>\n<p>Fallo \u00a0 revocatorio \u00a0 de \u00a0 1999 \u00a0 que \u00a0 las \u00a0instituciones \u00a0investigativas \u00a0de \u00a0Estado no tuvieron en cuenta para la fecha de \u00a0ocurrencia \u00a0de \u00a0los \u00a0hechos \u00a0de Bojay\u00e1, cuyo an\u00e1lisis se bas\u00f3 precisamente en \u00a0los \u00a0elementos \u00a0esenciales \u00a0que deben acompa\u00f1ar a una prueba de cargo, como son \u00a0la \u00a0plena identificaci\u00f3n e individualizaci\u00f3n del sujeto, pues a\u00fan reposaba en \u00a0esos \u00a0archivos la imagen del se\u00f1or GILBERTO TORRES MU\u00d1ET\u00d3N con ropa de civil, \u00a0as\u00ed \u00a0como \u00a0le \u00a0fue \u00a0tomada \u00a0la \u00a0fotograf\u00eda \u00a0el \u00a09 de julio de 1997, d\u00eda de su \u00a0captura, \u00a0y \u00a0desde \u00a0all\u00ed \u00a0para \u00a0las \u00a0Fuerzas Militares ese era \u201cel becerro\u201d \u00a0comandante \u00a0del \u00a0frente \u00a057 \u00a0de \u00a0las \u00a0Farc y nunca hicieron nada por confirmar o \u00a0desvirtuar esa informaci\u00f3n. \u00a0\u00a0<\/p>\n<p>Tiempo \u00a0despu\u00e9s \u00a0que \u00a0las \u00a0autoridades \u00a0de \u00a0inteligencia \u00a0Militares \u00a0y \u00a0de Polic\u00eda se percataron que TORRES MU\u00d1ETON hab\u00eda \u00a0sido \u00a0absuelto \u00a0por el Tribunal, desplegaron una masiva actividad de registro de \u00a0su \u00a0 \u00a0 fotograf\u00eda \u00a0 \u00a0 y \u00a0 \u00a0 nombre, \u00a0 \u00a0 en \u00a0 \u00a0 los \u00a0 \u00a0conocidos \u00a0 \u00a0\u2018afiches\u2019 \u00a0de \u00a0los terroristas m\u00e1s buscados de \u00a0la \u00a0Regi\u00f3n \u00a0Pac\u00edfica \u00a0y \u00a0ofrecieron \u00a0una \u00a0recompensa \u00a0por \u00a0su \u00a0captura. \u00a0All\u00ed \u00a0aparec\u00eda \u00a0la foto tantas veces aludida, que ya exist\u00eda en los carteles para la \u00a0\u00e9poca \u00a0de \u00a0los \u00a0hechos \u00a0de \u00a0Bojay\u00e1, \u00a0cuando \u00a0la \u00a0Fiscal\u00eda 37 de D.H. y D.I.H. \u00a0orden\u00f3 y logr\u00f3 la captura de GILBERTO DE JES\u00daS TORRES MU\u00d1ET\u00d3N. \u00a0\u00a0<\/p>\n<p>Bajo \u00a0 \u00a0el \u00a0 \u00a0r\u00f3tulo \u00a0 de \u00a0 \u201cCambio \u00a0de \u00a0fotograf\u00eda \u00a0dentro \u00a0de los archivos de inteligencia \u00a0del \u00a0Estado y un nuevo hecho\u201d, aduce el libelista que \u00a0no \u00a0pretende dilucidar c\u00f3mo fueron obtenidas al menos dos fotograf\u00edas de alias \u00a0\u201cel \u00a0becerro\u201d \u00a0presuntamente \u00a0identificado \u00a0como \u00a0GILBERTO TORRES MU\u00d1ET\u00d3N, \u00a0pero \u00a0 ya \u00a0 vestido \u00a0 de \u00a0militar \u00a0o \u00a0\u2018camuflado\u2019 \u00a0y \u00a0sin \u00a0el segundo nombre de su apoderado \u2013de \u00a0Jes\u00fas-, \u00a0porque \u00a0es \u00a0informaci\u00f3n \u00a0reservada de la inteligencia \u00a0militar. \u00a0\u00a0<\/p>\n<p>Aquellas \u00a0fotograf\u00edas \u00a0fueron \u00a0insertadas al \u00a0\u2018orden \u00a0 \u00a0 \u00a0 de \u00a0batalla\u2019 \u00a0que \u00a0tienen las \u00a0agencias \u00a0castrenses \u00a0contra \u00a0el frente 57 de las Farc, despu\u00e9s que GILBERTO DE \u00a0JES\u00daS \u00a0TORRES \u00a0MU\u00d1ETON \u00a0estaba \u00a0condenado y recluido en la C\u00e1rcel de C\u00f3mbita \u00a0Boyac\u00e1 \u00a0y \u00a0las \u00a0fuerzas del orden reconocieron a alias \u201cel becerro\u201d como el \u00a0comandante \u00a0del \u00a0frente \u00a057 y que ahora se encuentra delinquiendo en la frontera \u00a0con \u00a0Panam\u00e1. \u00a0Informaci\u00f3n \u00a0y fotograf\u00edas que fueron publicadas por los medios \u00a0de comunicaci\u00f3n, como televisi\u00f3n, prensa e internet. \u00a0\u00a0<\/p>\n<p>Paralelo \u00a0a \u00a0ello, \u00a0en \u00a0el \u00a0\u201cafiche\u201d \u00a0de \u00a0recompensas \u00a0reposaba la foto del presunto GILBERTO TORRES MUNET\u00d3N, alias \u201cel \u00a0becerro\u201d, \u00a0vestido \u00a0de militar o camuflado y se ofrec\u00eda una recompensa de 150 \u00a0mil \u00a0d\u00f3lares \u00a0por su captura, toda vez que era\u00a0 buscado a nivel nacional e \u00a0internacional. \u00a0\u00a0<\/p>\n<p>La \u00a0 pregunta \u00a0que \u00a0surge \u00a0es \u00a0\u201cPor \u00a0qu\u00e9 todav\u00eda buscan y ofrecen recompensa por la captura de \u00a0GILBERTO \u00a0TORRES MU\u00d1ET\u00d3N alias \u201cbecerro\u201d sabiendo que ya est\u00e1 condenado e \u00a0interno en la c\u00e1rcel de Combita Boyac\u00e1?\u201d. \u00a0\u00a0<\/p>\n<p>Para el an\u00e1lisis de lo anterior es necesario \u00a0tener \u00a0en \u00a0cuenta \u00a0la \u00a0situaci\u00f3n \u00a0de \u00a0GILBERTO \u00a0DE \u00a0JES\u00daS \u00a0TORRES MU\u00d1ET\u00d3N ya \u00a0condenado \u00a0por \u00a0los \u00a0hechos \u00a0de \u00a0Bojay\u00e1-Choc\u00f3, \u00a0e \u00a0interno \u00a0en \u00a0la \u00a0c\u00e1rcel de \u00a0C\u00f3mbita-Boyac\u00e1 \u00a0y \u00a0la intensa b\u00fasqueda, a nivel nacional e internacional, por \u00a0parte \u00a0de \u00a0las \u00a0fuerzas \u00a0militares \u00a0contra alias \u201cel becerro\u201d comandante del \u00a0frente \u00a057 de las Farc, pues Panam\u00e1 no es ajeno a ese prop\u00f3sito. Por ello, los \u00a0gobernantes \u00a0 \u00a0y \u00a0 \u00a0jefes \u00a0 \u00a0militares \u00a0 de \u00a0 los \u00a0 dos \u00a0 pa\u00edses \u00a0 reconocieron \u00a0p\u00fablicamente\u00a0 \u00a0que \u00a0GILBERTO TORRES MU\u00d1ET\u00d3N alias \u201cel becerro\u201d es el \u00a0nuevo \u201czar\u201d del narcotr\u00e1fico de la guerrilla de las Farc. \u00a0\u00a0<\/p>\n<p>Dicen los libelistas que, en orden a demostrar \u00a0que \u00a0el \u00a0hoy \u00a0condenado \u00a0no solo es inocente sino que es totalmente diferente al \u00a0verdadero \u00a0alias \u00a0\u201cbecerro\u201d \u00a0que en la actualidad se mantiene pr\u00f3fugo de la \u00a0justicia, \u00a0 liderando \u00a0 el \u00a0 frente \u00a0 guerrillero, \u00a0 y \u00a0as\u00ed \u00a0lo \u00a0reconocen \u00a0las \u00a0instituciones \u00a0de orden p\u00fablico de ambos pa\u00edses, es necesario referir el orden \u00a0de \u00a0los \u00a0hechos teniendo en cuenta la fecha de su ocurrencia, la publicaci\u00f3n en \u00a0los \u00a0 \u00a0medios \u00a0 de \u00a0 comunicaci\u00f3n \u00a0 y \u00a0 su \u00a0 direcci\u00f3n \u00a0 de \u00a0 ubicaci\u00f3n \u00a0 por \u00a0internet. \u00a0\u00a0<\/p>\n<p>1. El Tiempo, 11 de diciembre de 2004: captura \u00a0de \u00a0Gilberto \u00a0Torres \u00a0Mu\u00f1et\u00f3n \u00a0alias \u00a0\u201cel \u00a0becerro\u201d, hoy condenado por los \u00a0hechos \u00a0 de \u00a0 Bojay\u00e1, \u00a0 Choc\u00f3 \u00a0 e \u00a0 interno \u00a0 en \u00a0 la \u00a0 c\u00e1rcel \u00a0de \u00a0C\u00f3mbita, \u00a0Boyac\u00e1. \u00a0\u00a0<\/p>\n<p>2. El Tiempo, La Naci\u00f3n, 16 de julio de 2005: \u00a0Fiscal\u00eda \u00a0dicta \u00a0resoluci\u00f3n \u00a0de \u00a0acusaci\u00f3n \u00a0contra \u00a0Gilberto Torres Mu\u00f1et\u00f3n \u00a0alias \u201cel becerro\u201d. \u00a0\u00a0<\/p>\n<p>3. \u00a0Publicaci\u00f3n \u00a0entre \u00a0el \u00a031 \u00a0de \u00a0julio \u00a0y \u00a0primeros \u00a0d\u00edas \u00a0de \u00a0agosto \u00a0de \u00a02007: \u00a0entrevista \u00a0del periodista espa\u00f1ol Paco \u00a0G\u00f3mez \u00a0Nadal, \u00a0quien \u00a0da \u00a0cuenta que tuvo contacto con alias \u201cel becerro\u201d y \u00a0c\u00f3mo \u00a0logr\u00f3 \u00a0tener \u00a0acceso por primera vez al frente guerrillero para escuchar \u00a0la historia del mismo. \u00a0\u00a0<\/p>\n<p>4. \u00a0Comunicado \u00a0del \u00a026 \u00a0de febrero de 2008 a \u00a0medios \u00a0de \u00a0comunicaci\u00f3n, al pueblo y al Gobierno de Panam\u00e1: es una misiva que \u00a0env\u00eda \u00a0alias \u201cel becerro\u201d como Comandante del bloque Jos\u00e9 Mar\u00eda C\u00f3rdoba, \u00a0donde \u00a0hace \u00a0relaci\u00f3n \u00a0a \u00a0la \u00a0presunta \u00a0peligrosa \u00a0situaci\u00f3n \u00a0en \u00a0que \u00a0se \u00a0han \u00a0comprometido \u00a0las \u00a0autoridades \u00a0paname\u00f1as al \u201csecuestrar\u201d 6 miembros de ese \u00a0ej\u00e9rcito, cerca de Jaque, hace unos d\u00edas. \u00a0\u00a0<\/p>\n<p>5. \u00a0Hecho \u00a0importante: 28 de mayo de 2008, la \u00a0Polic\u00eda \u00a0Colombiana \u00a0detuvo \u00a0hoy \u00a0a \u00a0Yimmi \u00a0S\u00e1nchez \u00a0Tello, alias \u201cMurri\u201d, \u00a0considerado \u00a0el \u00a0tercer \u00a0jefe \u00a0del \u00a0frente \u00a057 \u00a0de \u00a0las \u00a0Farc, \u00a0que act\u00faa en el \u00a0Departamento \u00a0del \u00a0Choc\u00f3, \u00a0noroeste, informaron hoy fuentes oficiales. Tambi\u00e9n \u00a0era \u00a0considerado \u00a0el \u00a0jefe \u00a0de \u00a0seguridad \u00a0de alias \u201cel becerro\u201d, uno de los \u00a0l\u00edderes \u00a0del \u00a0frente \u00a057 y en la actualidad la Fiscal\u00eda de Derechos Humanos de \u00a0Medell\u00edn \u00a0adelanta un proceso en su contra por la presunta participaci\u00f3n en la \u00a0masacre de Bojay\u00e1, en 2002, en la que murieron 119 personas. \u00a0\u00a0<\/p>\n<p>6. \u00a04 \u00a0de \u00a0abril \u00a0de \u00a02008: \u00a0secuestro \u00a0del \u00a0empresario \u00a0 cubano-estadounidense \u00a0Cecilio \u00a0Cubas \u00a0Padr\u00f3n, \u00a0en \u00a0la \u00a0ciudad \u00a0de \u00a0Panam\u00e1, por parte del frente 57 de las Farc. \u00a0\u00a0<\/p>\n<p>7. \u00a0Seg\u00fan \u00a0publicaci\u00f3n \u00a0del \u00a012 de abril de \u00a02009, \u00a0en \u00a0el \u00a0Nuevo \u00a0Herald de Cuba, tres presuntos desmovilizados de las Farc, \u00a0acusados \u00a0del \u00a0secuestro \u00a0del cubano estadounidense Cecilio\u00a0 el 28 de abril \u00a0de \u00a02008 \u00a0en \u00a0Panam\u00e1 \u00a0y \u00a0pedidos \u00a0en \u00a0extradici\u00f3n \u00a0por \u00a0Estados Unidos, fueron \u00a0detenidos \u00a0 hoy \u00a0 en \u00a0 Medell\u00edn, \u00a0 noroeste \u00a0de \u00a0Colombia, \u00a0informaron \u00a0fuentes \u00a0oficiales. \u00a0\u00a0<\/p>\n<p>Los detenidos son, Alejandro Palacio Rengifo, \u00a0alias \u00a0\u201cEl \u00a0gato\u201d,\u00a0 \u00a0de las Farc, Edilberto Berr\u00edo Ort\u00edz, alias \u201cel \u00a0gavil\u00e1n\u201d \u00a0y \u00a0Anderson \u00a0Chamapuro \u00a0Dogirama, \u00a0alias \u00a0\u201cel \u00a0tigre\u201d presuntos \u00a0desertores del frente 57 de las Farc. \u00a0\u00a0<\/p>\n<p>8. \u00a0El \u00a020 \u00a0de \u00a0abril \u00a0de \u00a02009, \u00a0cae \u00a0otro \u00a0extraditable, \u00a0Luis \u00a0Orobio \u00a0Lob\u00f3n \u00a0alias \u201cmello\u201d, part\u00edcipe del secuestro \u00a0del \u00a0 cubano-estadounidense. \u00a0En \u00a0esta \u00a0columna \u00a0se \u00a0dice \u00a0que \u00a0Gilberto \u00a0Torres \u00a0Mu\u00f1et\u00f3n, \u00a0 alias \u00a0\u201cel \u00a0becerro\u201d \u00a0y \u00a0Luis \u00a0Fernando \u00a0Mora \u00a0Pesta\u00f1a, \u00a0alias \u00a0\u201csilver\u201d realizaban la exigencia dineraria a la familia. \u00a0\u00a0<\/p>\n<p>9. \u00a0En \u00a0publicaci\u00f3n del 15 de junio de 2009, \u00a0Estudio \u00a0Uno \u00a0Panam\u00e1 \u00a0realiza un amplio comentario sobre alias \u201cel becerro\u201d \u00a0como comandante actual del frente 57 de las Farc. \u00a0\u00a0<\/p>\n<p>10. El Tiempo.com. \u201cel becerro\u201d, jefe del \u00a0frente \u00a057 es el nuevo bar\u00f3n de la droga de las Farc. Gilberto Torres Mu\u00f1et\u00f3n \u00a0controla \u00a0el \u00a0narcotr\u00e1fico, el contrabando de armas y secuestros en la frontera \u00a0entre \u00a0Colombia \u00a0y \u00a0Panam\u00e1. \u00a0Por \u00a0eso, \u00a0su \u00a0captura \u00a0es \u00a0prioridad para los dos \u00a0pa\u00edses. \u00a0\u00a0<\/p>\n<p>11. \u00a016 \u00a0de \u00a0junio \u00a0de 2009. \u00a0 \u00a0 \u00a0 wsala@prensa.com. \u00a0 Las \u00a0 autoridades \u00a0 paname\u00f1as \u00a0 y \u00a0 colombianas \u00a0intercambiaban \u00a0informaci\u00f3n \u00a0sensitiva \u00a0para \u00a0intentar \u00a0arrestar \u00a0a \u00a0Gilberto Torres Mu\u00f1et\u00f3n, \u00a0alias \u00a0\u201cel becerro\u201d, encargado de las finanzas de las farc y de los negocios \u00a0del \u00a0narcotr\u00e1fico \u00a0y \u00a0el \u00a0tr\u00e1fico \u00a0de \u00a0armas \u00a0en la regi\u00f3n de Dari\u00e9n, seg\u00fan \u00a0revel\u00f3 el diario colombiano El Tiempo. \u00a0\u00a0<\/p>\n<p>12.\u00a0 \u00a0El \u00a013 \u00a0de \u00a0julio \u00a0de 2009, en una \u00a0publicaci\u00f3n \u00a0del \u00a0El \u00a0Tiempo, \u00a0se \u00a0hace \u00a0un \u00a0recuento de que Colombia y Panam\u00e1 \u00a0estrechan \u00a0cooperaci\u00f3n \u00a0para \u00a0combatir \u00a0el \u00a0terrorismo \u00a0y \u00a0lavado de activo del \u00a0narcotr\u00e1fico. \u00a0\u00a0<\/p>\n<p>13- El 14 de julio de 2009, Colprensa Bogot\u00e1, \u00a0anuncia \u00a0que los Gobiernos de Colombia y Panam\u00e1 identificaron a Gilberto Torres \u00a0Mu\u00f1et\u00f3n, \u00a0alias \u00a0\u201cel \u00a0becerro\u201d \u00a0como uno de los principales cabecillas del \u00a0frente \u00a057 de las Farc, de quien se dice, intercambia drogas il\u00edcitas por armas \u00a0en el litoral pac\u00edfico. \u00a0\u00a0<\/p>\n<p>Sobre \u00a0el \u00a0particular \u00a0se \u00a0pronunciaron \u00a0el \u00a0Director \u00a0de \u00a0la \u00a0Polic\u00eda, \u00a0General \u00a0\u00d3scar \u00a0Naranjo \u00a0Trujillo y el Ministro de \u00a0Gobierno y Justicia de Panam\u00e1. \u00a0\u00a0<\/p>\n<p>14. \u00a0Documento \u00a0importante \u00a0de 14 de julio de \u00a02009, \u00a0seg\u00fan \u00a0el \u00a0cual, \u00a0la \u00a0Polic\u00eda \u00a0y las autoridades paname\u00f1as desarrollan \u00a0acciones \u00a0conjuntas \u00a0para \u00a0enfrentar el narcotr\u00e1fico y el secuestro, por cuanto \u00a0se \u00a0ha \u00a0identificado \u00a0a \u00a0Gilberto \u00a0Torres Mu\u00f1et\u00f3n, alias \u201cel becerro\u201d como \u00a0el\u00a0 \u00a0 \u00a0 principal \u00a0 \u00a0 objetivo \u00a0 \u00a0 en \u00a0 \u00a0la \u00a0 \u00a0persecuci\u00f3n \u00a0 \u00a0de \u00a0 \u00a0dichas \u00a0estructuras. \u00a0\u00a0<\/p>\n<p>Esfuerzos \u00a0 binacionales \u00a0 que \u00a0 estar\u00edan \u00a0orientados \u00a0a \u00a0combatir \u00a0el \u00a0blanqueo \u00a0de \u00a0capitales \u00a0y \u00a0el \u00a0flujo \u00a0de \u00a0recursos \u00a0provenientes del narcotr\u00e1fico. \u00a0\u00a0<\/p>\n<p>15. \u00a0Seg\u00fan publicaci\u00f3n de El Mundo, el 4 de \u00a0octubre \u00a0de 2010, el Ministro de Defensa revel\u00f3 que la Fuerza A\u00e9rea Colombiana \u00a0abati\u00f3 \u00a0en las \u00faltimas horas\u00a0 al rebelde conocido como \u201csilver\u201d, jefe \u00a0financiero \u00a0y log\u00edstico del frente 57 de las Farc, que opera en la frontera con \u00a0Panam\u00e1, \u00a0junto \u00a0con \u00a0otros \u00a0cinco guerrilleros, en el marco de la \u201coperaci\u00f3n \u00a0Dari\u00e9n\u201d, \u00a0cuyo objetivo era el rebelde Gilberto Torres Mu\u00f1et\u00f3n, alias \u201cel \u00a0becerro\u201d jefe de dicho frente. \u00a0\u00a0<\/p>\n<p>La \u00a0noticia \u00a0fue \u00a0reproducida en el Diario El \u00a0Siglo de Torre\u00f3n en M\u00e9xico. \u00a0\u00a0<\/p>\n<p>16. El 5 de octubre de 2010, en entrevista con \u00a0caracol radio, as\u00ed lo confirm\u00f3 el Ministro de Defensa. \u00a0\u00a0<\/p>\n<p>17. \u00a0El \u00a05 de octubre de 2010, por fuentes de \u00a0inteligencia \u00a0se \u00a0obtuvo \u00a0informaci\u00f3n \u00a0de \u00a0que \u00a0tres \u00a0jefes de esa guerrilla se \u00a0reunir\u00edan \u00a0en ese campamento rebelde y, por ello, en una operaci\u00f3n conjunta de \u00a0las \u00a0fuerzas \u00a0especiales \u00a0del \u00a0Ej\u00e9rcito \u00a0y \u00a0de \u00a0la \u00a0Polic\u00eda \u00a0se \u00a0atac\u00f3 \u00a0dicho \u00a0campamento en la madrugada. \u00a0\u00a0<\/p>\n<p>18. \u00a0El 5 de octubre de 2010, en publicaci\u00f3n \u00a0del \u00a0El \u00a0Espacio \u00a0y \u00a0El Colombiano, en bombardeo a las Farc habr\u00eda ca\u00eddo alias \u00a0\u201cel becerro\u201d, comandante del frente 57. \u00a0\u00a0<\/p>\n<p>19. Seg\u00fan publicaci\u00f3n del 13 de diciembre de \u00a02010 \u00a0en \u00a0El \u00a0Tiempo, \u00a0Jefferson Ostaiza Amay el narco ecuatoriano que volvi\u00f3 a \u00a0operar \u00a0en \u00a0el \u00a0pa\u00eds\u00a0 \u00a0y \u00a0se encuentra refugiado en el frente 57 por alias \u00a0\u201cel becerro\u201d su m\u00e1ximo jefe. \u00a0\u00a0<\/p>\n<p>20. \u00a0Noticias \u00a0RCN: \u00a0Las \u00a0fuerzas \u00a0militares \u00a0dirig\u00edan \u00a0 sus \u00a0operaciones \u00a0contra \u00a0seis \u00a0jefes \u00a0guerrilleros \u00a0encargados \u00a0del \u00a0tr\u00e1fico \u00a0de \u00a0drogas y el secretariado de las Farc. El mapa del grupo subversivo \u00a0incluye \u00a0seis \u00a0departamentos \u00a0desde donde env\u00eda coca\u00edna hacia M\u00e9xico, Estados \u00a0Unidos, Espa\u00f1a y la costa occidental de \u00c1frica. \u00a0\u00a0<\/p>\n<p>21. \u00a0En \u00a0publicaci\u00f3n \u00a0del 26 de diciembre de \u00a02010, \u00a0en \u00a0El \u00a0Tiempo, \u00a0dijo el vocero de prensa de la Polic\u00eda Nacional, Wilson \u00a0Baquero, \u00a0sabemos \u00a0que \u00a0\u201cel \u00a0becerro\u201d \u00a0est\u00e1 \u00a0pr\u00f3fugo \u00a0y \u00a0la Dipol lo tiene \u00a0identificado; \u00a0usa \u00a0la identidad de Gilberto Torres y no corresponde al preso de \u00a0C\u00f3mbita\u201d. \u00a0\u00a0<\/p>\n<p>22. \u00a0El Mundo, 12 de febrero de 2011, Alianza \u00a0contra \u00a0el \u00a0crimen: \u00a0El \u00a0Ministro \u00a0Mulino, dijo que \u201clos gobiernos tenemos que \u00a0buscar \u00a0identidad \u00a0de \u00a0prop\u00f3sitos \u00a0y \u00a0metas comunes\u201d y una de las metas de su \u00a0gobierno \u00a0es \u00a0expulsar \u00a0de \u00a0su \u00a0territorio al frente 57 de las Farc y que ten\u00eda \u00a0testimonios \u00a0e \u00a0im\u00e1genes \u00a0de \u00a0menores \u00a0de \u00a0edad, \u00a0reclutados \u00a0por \u00a0alias \u00a0\u201cel \u00a0becerro\u201d, uno de los comandantes de ese grupo. \u00a0\u00a0<\/p>\n<p>23. \u00a013 \u00a0de \u00a0julio \u00a0de 2009: Jefe de las Farc \u00a0opera en la frontera con Panam\u00e1. \u00a0\u00a0<\/p>\n<p>24. \u00a012 de octubre de 2010: Peri\u00f3dico Q UBO: \u00a0La condena de un guerrillero. \u00a0\u00a0<\/p>\n<p>25. \u00a04 de octubre de 2010: cinco guerrilleros \u00a0mueren \u00a0cerca \u00a0a \u00a0Panam\u00e1 \u00a0y \u00a0en \u00a0TV \u00a0noticias, \u00a0muere jefe del frente 57 de las \u00a0Farc. \u00a0\u00a0<\/p>\n<p>26. \u00a015 de junio de 2009: buscan en Panam\u00e1 a \u00a0l\u00edder de las Farc. \u00a0\u00a0<\/p>\n<p>27. \u00a016 \u00a0de septiembre de 2010: comunidad del \u00a0Dari\u00e9n era asediada por guerrilleros. \u00a0\u00a0<\/p>\n<p>28. \u00a0 Dos \u00a0 afiches \u00a0de \u00a0recompensa \u00a0\u201cSos \u00a0Colombia\u201d y \u201cRegi\u00f3n Pac\u00edfico\u201d. \u00a0\u00a0<\/p>\n<p>29. Dos fotograf\u00edas archivos de inteligencia \u00a0militar. \u00a0\u00a0<\/p>\n<p>30. \u00a017 \u00a0de \u00a0abril \u00a0de 2011: hecho importante \u00a0ubicable \u00a0por \u00a0p\u00e1gina electr\u00f3nica: en \u00faltimo bombardeo a un campamento de las \u00a0Farc, \u00a0se\u00a0 \u00a0encontr\u00f3 un video grabado por un subversivo, en el que se ve a \u00a0Carmenza \u00a0Hern\u00e1ndez, \u00a0alias \u201cGloria\u201d, responsable del trabajo pol\u00edtico del \u00a0frente \u00a0guerrillero. \u00a0Cerca \u00a0de \u00a0ella, \u00a0est\u00e1 \u00a0alias \u00a0\u201cel becerro\u201d, quien al \u00a0momento \u00a0del \u00a0bombardeo \u00a0se \u00a0encontraba \u00a0dentro \u00a0del \u00a0campamento. \u00a0Fuente \u00a0Canal \u00a0RCN. \u00a0\u00a0<\/p>\n<p>La \u00a0acci\u00f3n operativa dej\u00f3 como resultado la \u00a0neutralizaci\u00f3n \u00a0de \u00a0seis \u00a0guerrilleros \u00a0y \u00a0la incautaci\u00f3n de armas, uniformes, \u00a0material \u00a0de \u00a0intendencia, \u00a0pol\u00edtico \u00a0y \u00a0propagand\u00edstico \u00a0de \u00a0las \u00a0Farc, entre \u00a0otros. \u00a0\u00a0<\/p>\n<p>Agrega \u00a0el \u00a0apoderado que en la actualidad se \u00a0cuenta \u00a0con \u00a0el testimonio del ciudadano Jorge Tulio Arango Mora, ex secuestrado \u00a0por \u00a0el \u00a0frente \u00a057 \u00a0de \u00a0las Farc, el cual genera gran respaldo a los anteriores \u00a0hechos, \u00a0pues \u00a0confirma \u00a0que \u00a0GILBERTO DE JES\u00daS TORRES MU\u00d1ETON, detenido en la \u00a0c\u00e1rcel \u00a0de \u00a0C\u00f3mbita \u00a0en Boyac\u00e1, no es el comandante del frente 57 de las Farc \u00a0alias \u00a0\u201cel \u00a0becerro\u201d, pues afirma haber tenido contacto con \u00e9l y lamenta la \u00a0equivocaci\u00f3n que sucede con TORRES MU\u00d1ETON condenado por error. \u00a0\u00a0<\/p>\n<p>As\u00ed \u00a0 \u00a0mismo, \u00a0 las \u00a0 declaraciones \u00a0 de \u00a0desmovilizados \u00a0de \u00a0los \u00a0frentes \u00a036 y 57 de las Farc, que fueron subalternos de \u00a0alias \u00a0 \u201cel \u00a0 becerro\u201d, \u00a0quienes \u00a0lo \u00a0conocieron \u00a0de \u00a0manera \u00a0directa \u00a0y \u00a0lo \u00a0individualizan \u00a0plenamente, \u00a0son \u00a0necesarias y tienen gran relevancia dentro del \u00a0proceso, \u00a0pues \u00a0la revisi\u00f3n no solo se basa en los hechos nuevos, sino tambi\u00e9n \u00a0en \u00a0 el \u00a0yerro \u00a0de \u00a0la \u00a0condena \u00a0a \u00a0una \u00a0persona \u00a0err\u00f3neamente \u00a0identificada \u00a0e \u00a0individualizada. \u00a0\u00a0<\/p>\n<p>Lo \u00a0anterior, porque dentro de las pruebas de \u00a0cargo \u00a0de la fiscal\u00eda, y que sirvieron de soporte al fallo condenatorio, est\u00e1n \u00a0las \u00a0declaraciones \u00a0de \u00a0habitantes \u00a0de \u00a0la \u00a0zona \u00a0y \u00a0desmovilizados \u00a0de las Farc \u00a0\u201cdonde \u00a0brindan descripciones que daban indicios de \u00a0una \u00a0 posible \u00a0 individualizaci\u00f3n\u201d \u00a0pero \u00a0de \u00a0estos \u00a0deponentes, \u00a0solo \u00a0dos \u00a0habitantes \u00a0de \u00a0la zona fueron a realizar reconocimiento \u00a0fotogr\u00e1fico \u00a0y \u00a0en \u00a0fila \u00a0de \u00a0personas. \u00a0Los \u00a0desmovilizados que declararon, no \u00a0fueron \u00a0contemplados \u00a0para \u00a0esa \u00a0finalidad de reconocimiento, como s\u00ed se podr\u00e1 \u00a0hacer en el periodo probatorio de esta acci\u00f3n de revisi\u00f3n. \u00a0\u00a0<\/p>\n<p>Estas \u00a0 personas \u00a0est\u00e1n \u00a0en \u00a0capacidad \u00a0de \u00a0individualizar \u00a0 \u00a0plenamente \u00a0 \u00a0a \u00a0 alias \u00a0 \u201cel \u00a0 becerro\u201d \u00a0 y \u00a0 reconocerlo \u00a0fotogr\u00e1ficamente \u00a0sometiendo \u00a0a \u00a0su \u00a0consideraci\u00f3n las dos fotograf\u00edas, la de \u00a0civil \u00a0y \u00a0la \u00a0de \u00a0militar que reposa en los archivos de inteligencia del Estado; \u00a0tambi\u00e9n \u00a0se \u00a0puede \u00a0disponer \u00a0el \u00a0reconocimiento \u00a0en fila de personas, para que \u00a0indiquen \u00a0si \u00a0el \u00a0hoy \u00a0recluido \u00a0corresponde \u00a0o \u00a0no \u00a0al \u00a0verdadero \u00a0alias \u00a0\u201cel \u00a0becerro\u201d. \u00a0\u00a0<\/p>\n<p>A \u00a0los \u00a0citados \u00a0testigos les dio claridad el \u00a0video \u00a0hallado \u00a0por las Fuerzas Militares dentro del campamento del frente 57 de \u00a0las \u00a0Farc \u00a0despu\u00e9s \u00a0del \u00a0bombardeo, \u00a0el \u00a0d\u00eda \u00a017 \u00a0de \u00a0abril de 2011, y que fue \u00a0revelado \u00a0por \u00a0el \u00a0canal RCN, donde muestran al verdadero alias \u201cel becerro\u201d \u00a0encerrado \u00a0en \u00a0un \u00a0c\u00edrculo para ilustraci\u00f3n del televidente; se\u00f1alamiento que \u00a0solo \u00a0 pudieron \u00a0 hacer \u00a0las \u00a0Fuerzas \u00a0Militares \u00a0con \u00a0ayuda \u00a0de \u00a0informantes \u00a0o \u00a0desmovilizados \u00a0del grupo guerrillero, al presentarles el video incautado, en la \u00a0denominada \u00a0\u201cOperaci\u00f3n \u00a0Dari\u00e9n II\u201d en contra del frente 57 para se\u00f1alarlo \u00a0con \u00a0exactitud. As\u00ed tambi\u00e9n lo har\u00e1n los testigos relacionados en el ac\u00e1pite \u00a0de \u00a0pruebas, \u00a0dando \u00a0a \u00a0conocer \u00a0la \u00a0verdadera \u00a0individualidad \u00a0de \u00a0alias \u00a0\u201cel \u00a0becerro\u201d. \u00a0\u00a0<\/p>\n<p>Solicitan \u00a0se \u00a0deje \u00a0sin \u00a0valor los fallos de \u00a0primera \u00a0y \u00a0segunda \u00a0instancia \u00a0y, \u00a0como \u00a0consecuencia, \u00a0se disponga la libertad \u00a0inmediata \u00a0de \u00a0GILBERTO \u00a0DE JES\u00daS TORRES MU\u00d1ET\u00d3N y se ordene a los organismos \u00a0correspondientes, \u00a0dar \u00a0de \u00a0baja \u00a0su nombre y n\u00famero de c\u00e9dula, del sistema de \u00a0antecedentes penales y pendientes con la justicia. \u00a0\u00a0<\/p>\n<p>CONSIDERACIONES \u00a0<\/p>\n<p>1. \u00a0Cuando \u00a0se \u00a0acude \u00a0a la causal tercera de \u00a0revisi\u00f3n, \u00a0consagrada \u00a0en \u00a0el art\u00edculo 220 del C\u00f3digo de Procedimiento Penal, \u00a0en \u00a0aras \u00a0de \u00a0remover los efectos de cosa juzgada de una providencia injusta, es \u00a0imperativo \u00a0acreditar \u00a0el \u00a0surgimiento \u00a0de \u00a0hechos o pruebas no conocidas por el \u00a0fallador \u00a0al \u00a0tiempo \u00a0de \u00a0los \u00a0debates, \u00a0con \u00a0suficiente aptitud probatoria para \u00a0determinar la inocencia del procesado o su inimputabilidad. \u00a0\u00a0<\/p>\n<p>El \u00a0car\u00e1cter \u00a0rogado \u00a0y \u00a0t\u00e9cnico \u00a0de \u00a0este \u00a0mecanismo, \u00a0precisa \u00a0de \u00a0una exposici\u00f3n ordenada y coherente, que demuestre sin \u00a0ambages \u00a0la \u00a0ocurrencia del motivo invocado y la necesidad de rescindir el fallo \u00a0objeto de cuestionamiento. \u00a0\u00a0<\/p>\n<p>No se trata, por tanto, de un espacio procesal \u00a0destinado \u00a0a \u00a0reabrir \u00a0un \u00a0debate procesal ya culminado en las instancias o para \u00a0discutir \u00a0un asunto que los funcionarios judiciales examinaron en su momento con \u00a0base \u00a0en el conjunto probatorio allegado a la foliatura; la acci\u00f3n de revisi\u00f3n \u00a0ha \u00a0sido \u00a0concebida \u00a0como \u00a0una \u00a0herramienta \u00a0a \u00a0la que pueden acudir los sujetos \u00a0procesales, \u00a0en \u00a0aras \u00a0de \u00a0a \u00a0obtener la correcci\u00f3n del yerro en que pudo haber \u00a0incurrido \u00a0el \u00a0sentenciador, \u00a0en el marco de alguna de las causales establecidas \u00a0en la ley. \u00a0\u00a0<\/p>\n<p>Con \u00a0ese \u00a0prop\u00f3sito, \u00a0el \u00a0actor, \u00a0adem\u00e1s de \u00a0relacionar \u00a0las \u00a0pruebas \u00a0en \u00a0que \u00a0su \u00a0funda su pretensi\u00f3n y acompa\u00f1arlas a la \u00a0demanda, \u00a0tiene la carga argumentativa de comprobar que su oportuno conocimiento \u00a0en \u00a0el \u00a0transcurso \u00a0de \u00a0la \u00a0actuaci\u00f3n, \u00a0hubiese \u00a0motivado \u00a0la \u00a0absoluci\u00f3n \u00a0del \u00a0sentenciado \u00a0o la declaraci\u00f3n de haber actuado en estado de inimputabilidad. De \u00a0esa \u00a0manera \u00a0se le comprueba a la Sala, fundadamente, que la decisi\u00f3n proferida \u00a0debe ser revisada para reparar el yerro denunciado. \u00a0\u00a0<\/p>\n<p>2. \u00a0El \u00a0apoderado \u00a0del \u00a0procesado, adem\u00e1s de \u00a0aportar \u00a0 \u00a0copia \u00a0 de \u00a0 los \u00a0 fallos \u00a0 de \u00a0 instancia \u00a0 y \u00a0 constancia \u00a0 de \u00a0 su \u00a0ejecutoria2, \u00a0 \u00a0adjunta \u00a0 copia \u00a0 de \u00a0 declaraciones \u00a0 extraproceso3, rendidas ante \u00a0notario \u00a0por \u00a0algunos \u00a0ex \u00a0integrantes \u00a0de \u00a0las \u00a0Farc, \u00a0quienes manifiestan bajo \u00a0juramento \u00a0que \u00a0el \u00a0procesado, \u00a0a \u00a0quien mostraron en un programa de televisi\u00f3n \u00a0(Especiales \u00a0Pirry), \u00a0recluido \u00a0en \u00a0la \u00a0c\u00e1rcel \u00a0de \u00a0C\u00f3mbita, no corresponde al \u00a0verdadero \u00a0alias \u00a0\u201cel \u00a0becerro\u201d, \u00a0comandante de los frentes 36 y 57 de dicha \u00a0organizaci\u00f3n. \u00a0\u00a0<\/p>\n<p>Adem\u00e1s, \u00a0 en \u00a0orden \u00a0a \u00a0demostrar \u00a0que \u00a0su \u00a0representado \u00a0no solo es inocente, sino que es totalmente diferente al verdadero \u00a0alias \u00a0\u201cel \u00a0becerro\u201d, \u00a0que en la actualidad se mantiene pr\u00f3fugo, aporta los \u00a0datos \u00a0 de \u00a0 los \u00a0comunicados \u00a0de \u00a0prensa, \u00a0televisi\u00f3n \u00a0e \u00a0Internet4, para demostrar \u00a0que \u00a0este \u00a0individuo \u00a0se \u00a0encuentra delinquiendo en la frontera con Panam\u00e1 y es \u00a0buscado por las Fuerzas Militares. \u00a0\u00a0<\/p>\n<p>3. \u00a0Como bien se sabe, el hecho nuevo es todo \u00a0suceso \u00a0o \u00a0acaecimiento \u00a0f\u00e1ctico \u00a0vinculado \u00a0a \u00a0la \u00a0conducta \u00a0punible objeto de \u00a0investigaci\u00f3n, \u00a0que \u00a0no \u00a0pudo \u00a0ser \u00a0controvertido \u00a0por cuanto no se conoci\u00f3 al \u00a0tiempo \u00a0de \u00a0los \u00a0debates, \u00a0en \u00a0tanto \u00a0que \u00a0la \u00a0prueba \u00a0nueva \u00a0hace referencia al \u00a0mecanismo \u00a0 \u00a0 \u00a0 \u00a0probatorio \u00a0 \u00a0 \u00a0 \u00a0(documental, \u00a0 pericial \u00a0 o \u00a0testimonial) \u00a0que \u00a0no \u00a0fue \u00a0incorporado \u00a0al \u00a0proceso y que su aporte \u00a0ex novo tiene la virtualidad \u00a0de \u00a0derruir \u00a0el \u00a0juicio \u00a0positivo de responsabilidad (o de imputabilidad) que se \u00a0concret\u00f3 en la decisi\u00f3n de condena. \u00a0\u00a0<\/p>\n<p>Se trata, por tanto, de hacer ver una realidad \u00a0distinta \u00a0a \u00a0la declarada en la sentencia y la consecuente variaci\u00f3n sustancial \u00a0del juicio de responsabilidad \u00a0\u00a0<\/p>\n<p>En \u00a0ese \u00a0sentido, \u00a0es \u00a0pertinente reiterar el \u00a0siguiente criterio de la Sala: \u00a0\u00a0<\/p>\n<p>&#8220;Por \u00a0ello, la jurisprudencia ha establecido \u00a0que \u00a0el \u00a0ejercicio \u00a0de \u00a0la acci\u00f3n, cuando tiene fundamento en la causal tercera \u00a0del \u00a0art\u00edculo \u00a0220 \u00a0del \u00a0estatuto \u00a0procesal \u00a0penal, hoy del 192 del C\u00f3digo del \u00a02004, \u00a0re\u00fana \u00a0los \u00a0siguientes presupuestos a) el surgimiento de hechos nuevos o \u00a0de \u00a0pruebas \u00a0no \u00a0conocidas al tiempo de los debates en las instancias ordinarias \u00a0del \u00a0tr\u00e1mite; \u00a0b) \u00a0que el acontecer f\u00e1ctico est\u00e9 ligado a la conducta punible \u00a0materia \u00a0de \u00a0investigaci\u00f3n \u00a0y \u00a0juzgamiento; \u00a0y c) que las pruebas aducidas sean \u00a0aptas \u00a0para \u00a0establecer \u00a0en \u00a0grado \u00a0de \u00a0certeza \u00a0la inocencia del procesado o su \u00a0inimputabilidad, \u00a0o \u00a0de tornar cuando menos discutible la verdad declarada en el \u00a0fallo, haciendo que no pueda probatoriamente mantenerse. \u00a0\u00a0<\/p>\n<p>&#8220;De \u00a0manera \u00a0pues \u00a0que \u00a0quien \u00a0acude \u00a0a \u00a0la \u00a0revisi\u00f3n \u00a0tiene \u00a0la carga de proponer el surgimiento de un hecho nuevo o de una \u00a0prueba \u00a0con \u00a0igual significado, pero adicionalmente, de probar que de haber sido \u00a0conocido \u00a0 y \u00a0valorado, \u00a0habr\u00eda \u00a0llevado \u00a0a \u00a0los \u00a0falladores \u00a0a \u00a0una \u00a0decisi\u00f3n \u00a0totalmente \u00a0 \u00a0 opuesta \u00a0 \u00a0 a \u00a0 \u00a0 la \u00a0 \u00a0 adoptada.5&#8221; \u00a0\u00a0<\/p>\n<p>3.1. \u00a0En \u00a0el \u00a0sub \u00a0lite, \u00a0se \u00a0debe \u00a0admitir \u00a0que \u00a0las declaraciones extra \u00a0proceso \u00a0no \u00a0fueron \u00a0conocidas \u00a0al \u00a0tiempo \u00a0de los debates y que la informaci\u00f3n \u00a0noticiosa \u00a0se produjo con posterioridad a la emisi\u00f3n de los fallos de primera y \u00a0segunda \u00a0instancia. \u00a0Sin embargo, es perceptible que estos componentes de prueba \u00a0adolecen \u00a0de \u00a0la \u00a0capacidad \u00a0suficiente \u00a0para evidenciar la inocencia o falta de \u00a0responsabilidad \u00a0del \u00a0procesado \u00a0frente \u00a0a \u00a0los \u00a0hechos \u00a0por los cuales result\u00f3 \u00a0condenado \u00a0 que \u00a0 es, \u00a0 en \u00a0 realidad, \u00a0 la \u00a0 finalidad \u00a0 de \u00a0 la \u00a0 acci\u00f3n \u00a0 de \u00a0revisi\u00f3n. \u00a0\u00a0<\/p>\n<p>Lo anterior porque, como el mismo libelista lo \u00a0indica, \u00a0tales \u00a0elementos apuntan a demostrar que su representado es una persona \u00a0distinta \u00a0 al \u00a0presunto \u00a0Gilberto \u00a0Torres \u00a0Mu\u00f1et\u00f3n, \u00a0alias \u00a0\u201cel \u00a0becerro\u201d, \u00a0comandante \u00a0 del \u00a0 frente \u00a057 \u00a0de \u00a0las \u00a0Farc, \u00a0situaci\u00f3n \u00a0que \u00a0difiere \u00a0de \u00a0las \u00a0motivaciones \u00a0consignadas por los sentenciadores, quienes pudieron evidenciar, a \u00a0trav\u00e9s \u00a0de \u00a0la \u00a0prueba recaudada, la activa participaci\u00f3n del procesado en los \u00a0hechos \u00a0acaecidos \u00a0el \u00a02 \u00a0de \u00a0mayo \u00a0de \u00a02002 \u00a0en \u00a0la \u00a0poblaci\u00f3n de Bojay\u00e1, que \u00a0ocasionaron la muerte a 119 personas y heridas a 114 m\u00e1s. \u00a0\u00a0<\/p>\n<p>Incluso, \u00a0la alegada divergencia de identidad \u00a0que \u00a0en \u00a0sede \u00a0de \u00a0revisi\u00f3n se postula por el profesional, fue desechada por el \u00a0Tribunal, \u00a0 al \u00a0 examinar \u00a0 similar \u00a0 propuesta \u00a0defensiva, \u00a0en \u00a0los \u00a0siguientes \u00a0t\u00e9rminos: \u00a0\u00a0<\/p>\n<p>Finalmente \u00a0 en \u00a0cuanto \u00a0al \u00a0registro \u00a0de \u00a0recompensas \u00a0aportado \u00a0por la defensora (Folio 215 C.17) y el procesado (folio 5 \u00a0cuaderno \u00a0de \u00a0segunda instancia) para manifestar que alias EL BECERRO o C\u00d3RDOBA \u00a0que \u00a0all\u00ed \u00a0figura \u00a0es \u00a0muy \u00a0distinto \u00a0a \u00e9l, simplemente ha de acotarse, que en \u00a0efecto \u00a0bien \u00a0puede \u00a0suceder \u00a0que \u00a0quien \u00a0aparece \u00a0en \u00a0ese registro fotogr\u00e1fico \u00a0nominado \u00a0con \u00a0el \u00a0alias \u00a0GILBERTO \u00a0O \u00a0BECERRO no guarde ninguna correspondencia \u00a0f\u00edsica \u00a0con \u00a0GILBERTO \u00a0TORRES \u00a0MU\u00d1ET\u00d3N \u00a0sin embargo, ello no tiene el alcance \u00a0suficiente \u00a0para \u00a0destruir \u00a0lo \u00a0demostrado \u00a0por \u00a0las \u00a0pruebas \u00a0que \u00a0obran \u00a0en el \u00a0plenario, \u00a0a \u00a0las cuales se ha hecho referencia a lo largo de esta providencia y \u00a0que \u00a0indican \u00a0con plena certeza que la persona reconocida mediante fotograf\u00eda y \u00a0en \u00a0forma \u00a0personal \u00a0por MARCOS ORTELIO ROVIRA Y MILLIWILSON MENA PALACIOS, como \u00a0alias \u00a0EL \u00a0BECERRO, \u00a0miembro \u00a0del grupo insurgente de las FARC., es quien aflora \u00a0como \u00a0 acusado \u00a0 en \u00a0 este \u00a0 proceso, \u00a0 se\u00f1or \u00a0 GILBERTO \u00a0 DE \u00a0 JES\u00daS \u00a0 TORRES \u00a0MU\u00d1ET\u00d3N6. \u00a0\u00a0<\/p>\n<p>Es \u00a0que, \u00a0la \u00a0posibilidad de demostrar que el \u00a0condenado \u00a0es \u00a0por \u00a0completo diferente al verdadero comandante guerrillero alias \u00a0\u201cbecerro\u201d, \u00a0no puede conducir autom\u00e1ticamente a descartar su participaci\u00f3n \u00a0y \u00a0consecuente \u00a0responsabilidad \u00a0penal \u00a0que se le atribuy\u00f3 a t\u00edtulo de coautor \u00a0inmediato, \u00a0 porque \u00a0para \u00a0ello, \u00a0surge \u00a0ineludible \u00a0confrontar \u00a0la \u00a0valoraci\u00f3n \u00a0conjunta \u00a0de \u00a0los medios de persuasi\u00f3n efectuada por los juzgadores, en orden a \u00a0desvirtuar \u00a0la verdad declarada en el fallo, que de paso sea dicho, fue ignorada \u00a0por el libelista. \u00a0\u00a0<\/p>\n<p>3.2. \u00a0Tampoco \u00a0habilita \u00a0la \u00a0procedencia \u00a0del \u00a0mecanismo, \u00a0el \u00a0simple \u00a0desacuerdo \u00a0con \u00a0el \u00a0examen y valoraci\u00f3n de las pruebas \u00a0allegadas \u00a0al \u00a0proceso. \u00a0Por \u00a0ello, \u00a0oportuno \u00a0resulta \u00a0insistir, \u00a0como en otras \u00a0ocasiones, que: \u00a0\u00a0<\/p>\n<p>[\u2026] \u00a0la prueba nueva que se presenta como \u00a0fundamento \u00a0de \u00a0la \u00a0acci\u00f3n \u00a0de \u00a0revisi\u00f3n, \u00a0debe \u00a0ser \u00a0coincidente \u00a0en aspectos \u00a0esenciales \u00a0con \u00a0los \u00a0dem\u00e1s \u00a0elementos \u00a0de \u00a0convicci\u00f3n legalmente aportados al \u00a0proceso, \u00a0a \u00a0pesar de que, al contrastarla con \u00e9stos, fundadamente insin\u00fae una \u00a0hip\u00f3tesis \u00a0opuesta \u00a0a la considerada en la sentencia, que el juzgador no estuvo \u00a0en \u00a0posibilidad de contemplar por no haber sido tributada en el transcurso de la \u00a0actuaci\u00f3n, \u00a0pues su funci\u00f3n esencial es hacer posible la reconstrucci\u00f3n de la \u00a0verdad \u00a0 hist\u00f3rica \u00a0y \u00a0la \u00a0determinaci\u00f3n \u00a0de \u00a0las \u00a0correlativas \u00a0consecuencias \u00a0jur\u00eddicas, \u00a0sin \u00a0entrar a controvertir la rectitud de los medios de convicci\u00f3n \u00a0que \u00a0 \u00a0justifican \u00a0 \u00a0la \u00a0 sentencia \u00a0 de \u00a0 condena7. \u00a0\u00a0<\/p>\n<p>En \u00a0ese orden, no surge motivo atendible para \u00a0considerar \u00a0que \u00a0la \u00a0informaci\u00f3n \u00a0aportada \u00a0por el togado tiene la capacidad de \u00a0desarticular \u00a0la \u00a0doble \u00a0presunci\u00f3n \u00a0de \u00a0acierto \u00a0y \u00a0legalidad \u00a0que \u00a0cobija \u00a0la \u00a0sentencia \u00a0cuestionada, \u00a0porque \u00a0el \u00a0contenido \u00a0del \u00a0material que se aporta como \u00a0ex \u00a0novo nada verifica sobre \u00a0la \u00a0inocencia \u00a0de GILBERTO DE JES\u00daS TORRES MU\u00d1ET\u00d3N, ni da cuenta de un evento \u00a0desconocido, \u00a0porque \u00a0como \u00a0ya \u00a0se \u00a0indic\u00f3, la falta de correspondencia f\u00edsica \u00a0entre \u00a0el \u00a0procesado \u00a0y el nominado alias Gilberto o \u201cbecerro\u201d fue objeto de \u00a0an\u00e1lisis por parte del Tribunal. \u00a0\u00a0<\/p>\n<p>4. Agr\u00e9guese que los medios de comprobaci\u00f3n \u00a0aludidos \u00a0en el libelo, no alcanzan a comprometer la consistencia probatoria del \u00a0juicio \u00a0positivo \u00a0de responsabilidad que se materializ\u00f3 en la condena de TORRES \u00a0MU\u00d1ET\u00d3N, \u00a0dado \u00a0que \u00a0no \u00a0guardan \u00a0relaci\u00f3n \u00a0con \u00a0los \u00a0hechos declarados en la \u00a0sentencia. \u00a0Por \u00a0ende, \u00a0el \u00a0actor \u00a0no \u00a0logr\u00f3 \u00a0evidenciar \u00a0que \u00a0se \u00a0cometi\u00f3 una \u00a0injusticia \u00a0material \u00a0que \u00a0debe \u00a0ser \u00a0corregida, \u00a0sino \u00a0que, \u00a0en el marco de una \u00a0alegaci\u00f3n \u00a0de \u00a0libre \u00a0factura, \u00a0muestra \u00a0su \u00a0discrepancia con el an\u00e1lisis y la \u00a0valoraci\u00f3n \u00a0efectuada \u00a0por \u00a0los \u00a0juzgadores, al considerar que condenaron a una \u00a0persona err\u00f3neamente individualizada. \u00a0\u00a0<\/p>\n<p>Obs\u00e9rvese: \u00a0<\/p>\n<p>4.1. \u00a0El \u00a0primer \u00a0aspecto \u00a0que \u00a0aclar\u00f3 \u00a0la \u00a0Colegiatura, \u00a0hace \u00a0relaci\u00f3n \u00a0a que la decisi\u00f3n absolutoria proferida el 23 de \u00a0agosto \u00a0de \u00a01999 \u00a0por \u00a0la \u00a0Sala \u00a0Penal \u00a0del \u00a0Tribunal Superior de Medell\u00edn, que \u00a0revoc\u00f3 \u00a0la \u00a0condena \u00a0impuesta \u00a0al \u00a0procesado por el delito de rebeli\u00f3n, seg\u00fan \u00a0hechos \u00a0ocurridos en 1997, obedeci\u00f3 a la aplicaci\u00f3n del principio in \u00a0dubio pro reo, porque afloraban serias \u00a0dudas \u00a0sobre la condici\u00f3n de TORRES MU\u00d1ET\u00d3N como uno de los jefe de las FARC, \u00a0en \u00a0cuanto \u00a0no \u00a0se encontraba individualizado por sus rasgos f\u00edsicos y se\u00f1ales \u00a0particulares. \u00a0\u00a0<\/p>\n<p>4.2. Ahora bien, frente al material probatorio \u00a0adosado \u00a0a \u00a0la foliatura, en punto de la identidad e individualizaci\u00f3n de alias \u00a0\u201cel \u00a0becerro\u201d \u00a0y GILBERTO DE JES\u00daS TORRES MU\u00d1ET\u00d3N, el Tribunal acudi\u00f3 al \u00a0informe \u00a0de \u00a0inteligencia \u00a0de \u00a0la \u00a0Cuarta \u00a0Brigada de Medell\u00edn y la inspecci\u00f3n \u00a0judicial \u00a0all\u00ed \u00a0practicada, para afirmar que la fotograf\u00eda tomada al procesado \u00a0en \u00a01997, \u00a0es \u00a0la que reposa en esos archivos con el alias de el \u201cbecerro\u201d y \u00a0el mismo acusado corrobor\u00f3 la fecha en que le fue tomada. \u00a0\u00a0<\/p>\n<p>Tambi\u00e9n \u00a0se \u00a0refiri\u00f3 \u00a0a \u00a0los \u00a0testimonios y \u00a0ampliaciones \u00a0 de \u00a0 los \u00a0 se\u00f1ores \u00a0 Marco \u00a0Ortelio \u00a0Rovira \u00a0Mena, \u00a0\u201cquien \u00a0sin \u00a0dubitaci\u00f3n \u00a0alguna \u00a0en diligencia realizada el 4 de \u00a0noviembre \u00a0de 2004, contando con la presencia del Agente del Ministerio P\u00fablico \u00a0y \u00a0del \u00a0defensor de oficio de los sindicados, reconoce en el \u00e1lbum fotogr\u00e1fico \u00a0n\u00famero \u00a02 \u00a0a \u00a0BECERRO \u2013no \u00a0le \u00a0sabe \u00a0su \u00a0nombre-, \u00a0como \u00a0una \u00a0de \u00a0las personas que particip\u00f3 en los hechos \u00a0violentos \u00a0ocurridos \u00a0en \u00a0Bojay\u00e1 \u00a0el \u00a02 \u00a0de mayo de 2002 (folio 26 cuaderno 13) \u00a0estableci\u00e9ndose \u00a0que \u00a0esta \u00a0fotograf\u00eda \u00a0corresponde \u00a0al \u00a0nombre de GILBERTO DE \u00a0JES\u00daS \u00a0 \u00a0 \u00a0 \u00a0 \u00a0TORRES \u00a0 \u00a0 \u00a0 \u00a0 \u00a0MU\u00d1ET\u00d3N\u201d8. \u00a0\u00a0<\/p>\n<p>Reconocimiento \u00a0 que \u00a0 igualmente \u00a0efectu\u00f3 \u00a0Milliwilson \u00a0 Mena \u00a0 Palacio, \u00a0 \u201chabitante \u00a0de \u00a0la \u00a0comunidad \u00a0de \u00a0Bojay\u00e1 en diligencia realizada el 10 de noviembre de 2004, quien \u00a0identifica \u00a0a \u00a0alias BECERRO, tampoco le sabe el nombre, como guerrillero de las \u00a0FARC, \u00a0porque \u00a0lo \u00a0ha \u00a0visto \u00a0uniformado haciendo compras en el pueblo, y que no \u00a0recuerda \u00a0haberlo \u00a0visto \u00a0ese \u00a0d\u00eda porque eran muchas las personas uniformadas, \u00a0pero \u00a0si \u00a0lo \u00a0vio \u00a0como \u00a0el \u00a03 \u00a0o 4 de mayo en Vig\u00eda y despu\u00e9s no lo volvi\u00f3 a \u00a0ver\u201d9. \u00a0\u00a0<\/p>\n<p>Con \u00a0 los \u00a0mismos \u00a0deponentes \u00a0se \u00a0efectu\u00f3 \u00a0reconocimiento \u00a0en \u00a0fila \u00a0de \u00a0personas, \u201cquienes sin \u00a0vacilaci\u00f3n \u00a0reconocen \u00a0al \u00a0acusado \u00a0ya \u00a0capturado, \u00a0como \u00a0EL \u00a0BECERRO, \u00a0miembro \u00a0integrante \u00a0de \u00a0las \u00a0FARC \u00a0y \u00a0que \u00a0para mayo de 2002, si bien no fue visto en el \u00a0momento \u00a0en \u00a0que \u00a0se \u00a0registraron \u00a0los \u00a0hechos \u00a0luctuosos, si pudo ser observado \u00a0durante \u00a0los \u00a0d\u00edas \u00a03 \u00a0y 4 de mayo de 2002 en el municipio de Vig\u00eda del Fuerte \u00a0donde \u00a0se \u00a0encontraban los ochocientos hombres del Bloque JOS\u00c9 MAR\u00cdA C\u00d3RDOBA, \u00a0quien \u00a0fuera \u00a0observado por MILLIWILSON MENA, habitante de esa zona, que por ser \u00a0dominada \u00a0 por \u00a0 ese \u00a0 grupo \u00a0guerrillero \u00a0y \u00a0de \u00a0permanente \u00a0presencia \u00a0de \u00a0sus \u00a0integrantes, \u00a0y \u00a0por \u00a0las reuniones que realizaban, les permit\u00eda familiarizarse \u00a0con \u00a0los \u00a0alias \u00a0de \u00a0algunos de sus miembros y de los comandantes\u201d10. \u00a0\u00a0<\/p>\n<p>Sobre el mismo t\u00f3pico, m\u00e1s adelante apunt\u00f3 \u00a0el \u00a0Ad quem que \u201cpara \u00a0la \u00a0Sala \u00a0resulta \u00a0plenamente \u00a0demostrado \u00a0que \u00a0el \u00a0se\u00f1or \u00a0GILBERTO \u00a0DE \u00a0JESUS \u00a0TORRES \u00a0MU\u00d1ET\u00d3N, cuya fotograf\u00eda obra en el expediente y \u00a0cuya \u00a0huella \u00a0dactilar \u00a0tiene \u00a0uniprocedencia \u00a0su \u00a0tarjeta \u00a0dactilosc\u00f3pica y su \u00a0c\u00e9dula \u00a0de \u00a0ciudadan\u00eda, \u00a0seg\u00fan \u00a0consta \u00a0en \u00a0el dictamen visto a folio 256 del \u00a0cuaderno \u00a0n\u00famero \u00a03, \u00a0es \u00a0la \u00a0misma \u00a0persona que fue reconocida con el alias EL \u00a0BECERRO, \u00a0comandante \u00a0del frente 57 de las FARC, que hace parte del Bloque JOS\u00c9 \u00a0MAR\u00cdA \u00a0 C\u00d3RDOBA, \u00a0protagonista \u00a0de \u00a0la \u00a0incursi\u00f3n \u00a0al \u00a0municipio \u00a0de \u00a0Bojay\u00e1 \u00a0\u2013 \u00a0cabecera municipal de \u00a0Bellavista, \u00a0el \u00a0d\u00eda 2 de mayo de 2002 y que acab\u00f3 con la vida de 119 personas \u00a0y \u00a0 \u00a0 \u00a0 heridas \u00a0 \u00a0 \u00a0 a \u00a0 \u00a0 \u00a0otro \u00a0 \u00a0 \u00a0tanto\u201d11. \u00a0\u00a0<\/p>\n<p>De \u00a0la anterior referencia se extracta que la \u00a0fotograf\u00eda \u00a0que \u00a0fue \u00a0suministrada \u00a0por \u00a0la \u00a0Cuarta \u00a0Brigada \u00a0del Ej\u00e9rcito, se \u00a0utiliz\u00f3 \u00a0para \u00a0las \u00a0diligencias \u00a0de \u00a0reconocimiento \u00a0aludidas, \u00a0sin que resulte \u00a0exacto \u00a0sostener, \u00a0sin \u00a0enfrentar \u00a0esta \u00a0realidad probatoria, que se cometi\u00f3 un \u00a0error \u00a0frente \u00a0a la persona condenada, pues las pruebas allegadas con el libelo, \u00a0tampoco lo demuestran. \u00a0\u00a0<\/p>\n<p>4.2. Explic\u00f3, adem\u00e1s, el Juez Colegiado, que \u00a0la \u00a0extracci\u00f3n \u00a0campesina del procesado y el ser propietario de una finca en el \u00a0Aro, \u00a0 corregimiento \u00a0 de \u00a0 Ituango-Antioquia, \u00a0no \u00a0se \u00a0muestra \u00a0como \u00a0argumento \u00a0suficiente \u00a0para desvirtuar su pertenencia a grupos al margen de la ley como las \u00a0Farc, \u00a0dado \u00a0que \u00a0varios \u00a0testigos, \u00a0como Jhon Andrey S\u00e1nchez C\u00e1rdenas, Carlos \u00a0Enrique \u00a0 \u00a0Areiza \u00a0 Torres \u00a0 y \u00a0 Amado \u00a0 de \u00a0 Jes\u00fas \u00a0 Jaramillo, \u00a0 \u201cque \u00a0 identificando \u00a0plenamente \u00a0a \u00a0GILBERTO \u00a0DE \u00a0JES\u00daS \u00a0TORRES \u00a0MU\u00d1ET\u00d3N, \u00a0dan \u00a0cuenta \u00a0de \u00a0conocerse desde muy peque\u00f1os en esa regi\u00f3n, en su \u00a0finca \u00a0el \u00a0ARO, \u00a0pero \u00a0tambi\u00e9n \u00a0son \u00a0contestes en aseverar de su permanencia en \u00a0grupos \u00a0guerrilleros \u00a0desde hace aproximadamente 18 a 20 a\u00f1os, lo que soportan, \u00a0en \u00a0ser conocedores de haberlo visto cobrando las vacunas, por lo que incluso el \u00a0primero \u00a0declara \u00a0que \u00a0mat\u00f3 \u00a0a \u00a0su padre y el segundo, sea decir CARLOS ENRIQUE \u00a0AREIZA \u00a0TORRES, \u00a0con \u00a0quien \u00a0lo \u00a0unen \u00a0v\u00ednculos \u00a0de \u00a0parentesco, \u00a0lo ubica como \u00a0integrante \u00a0de \u00a0las \u00a0FARC, \u00a0aseverando \u00a0que \u00a0orden\u00f3 \u00a0la \u00a0muerte \u00a0de \u00a0su hermano \u00a0ULDARICO, \u00a0diciendo que era paramilitar y adem\u00e1s se\u00f1ala que en esa regi\u00f3n era \u00a0conocido \u00a0con \u00a0el \u00a0alias \u00a0de \u201c24\u201d lo que en ning\u00fan momento conlleva a decir \u00a0que \u00a0hay \u00a0confusi\u00f3n respecto de la persona investigada y procesada, como quiera \u00a0que \u00a0no \u00a0existe \u00a0discusi\u00f3n respecto a que se trata de la misma persona GILBERTO \u00a0DE \u00a0JES\u00daS \u00a0TORRES \u00a0MU\u00d1ET\u00d3N, el que no registra hom\u00f3nimos, como lo certific\u00f3 \u00a0la \u00a0Registradur\u00eda \u00a0Nacional \u00a0del \u00a0Estado \u00a0Civil \u00a0(folio 88 c.17) as\u00ed haya sido \u00a0conocido \u00a0en \u00a0\u00e9pocas \u00a0pret\u00e9ritas en la regi\u00f3n del Nordeste Antioque\u00f1o con el \u00a0alias \u00a0de \u00a0\u201c24\u201d, \u00a0mientras que en este proceso haya sido identificado con el \u00a0apodo \u00a0EL BECERRO, lo que tiene su raz\u00f3n de ser en virtud de los cambios de una \u00a0estructura \u00a0de \u00a0la organizaci\u00f3n a otra, ya que algunos de los excombatientes lo \u00a0ubican \u00a0en \u00a0el \u00a0frente \u00a036 \u00a0donde \u00a0lo \u00a0conocieron, \u00a0y otros, lo se\u00f1alan como el \u00a0Comandante \u00a0del \u00a0frente 57 de las FARC, que particip\u00f3 en la toma guerrillera de \u00a0Bojay\u00e112. \u00a0\u00a0<\/p>\n<p>4.3. \u00a0A\u00f1\u00e1dase \u00a0que el procesado suministr\u00f3 \u00a0una \u00a0serie \u00a0de \u00a0explicaciones \u00a0que resultaron fallidas, puesto que al momento de \u00a0rendir \u00a0indagatoria manifest\u00f3 que no recordaba si para el d\u00eda de los hechos se \u00a0encontraba \u00a0en \u00a0su \u00a0finca en el Aro o en Medell\u00edn, pero luego, en diligencia de \u00a0ampliaci\u00f3n, \u00a0asegur\u00f3 que se encontraba en Medell\u00edn porque se acercaba el d\u00eda \u00a0de \u00a0la madre y asisti\u00f3 a realizarse un tratamiento odontol\u00f3gico, exhibiendo el \u00a0respectivo \u00a0 \u00a0carnet \u00a0 \u00a0del \u00a0 \u00a0Consultorio \u00a0 \u00a0y \u00a0 \u00a0Laboratorio \u00a0 Dental \u00a0 \u201cSan \u00a0Jos\u00e9\u201d. \u00a0\u00a0<\/p>\n<p>Sin \u00a0embargo, \u00a0en \u00a0la \u00a0inspecci\u00f3n \u00a0judicial \u00a0practicada \u00a0el \u00a011 de marzo de 2005, se pudo establecer que para el 3 de mayo de \u00a02002 \u00a0no \u00a0aparece \u00a0su \u00a0nombre \u00a0en \u00a0ninguno de los tres libros revisados y que la \u00a0tarjeta \u00a0aportada \u00a0hab\u00eda \u00a0sido \u00a0timbrada un (1) a\u00f1o atr\u00e1s, pues el formato de \u00a0las correspondientes al a\u00f1o 2002 era diferente. \u00a0\u00a0<\/p>\n<p>Aspecto que fue corroborado por el propietario \u00a0del \u00a0laboratorio, \u00a0la \u00a0gerente \u00a0y auxiliar del mismo establecimiento, desechando \u00a0estas \u00a0\u00faltimas \u00a0la \u00a0posibilidad \u00a0de \u00a0haberle suministrado a TORRES MU\u00d1ET\u00d3N la \u00a0nueva \u00a0tarjeta \u00a0en reposici\u00f3n por el deterioro de la anterior, pues a\u00fan cuando \u00a0la \u00a0firma \u00a0que \u00a0all\u00ed aparece es la de la auxiliar, ella no record\u00f3 haber hecho \u00a0ese \u00a0documento, mientras que la primera asegur\u00f3 que ello se hac\u00eda en casos muy \u00a0excepcionales, con personas muy reconocidas en el laboratorio. \u00a0\u00a0<\/p>\n<p>Para la Sala es perceptible que el apoderado, \u00a0en \u00a0lugar \u00a0de \u00a0ofrecer \u00a0una realidad distinta a la declarada por los falladores, \u00a0con \u00a0fuerza \u00a0de \u00a0cosa juzgada, pretende que se reabra un debate que ya culmin\u00f3, \u00a0con \u00a0miras \u00a0a \u00a0que \u00a0se \u00a0valore \u00a0la \u00a0misma cuesti\u00f3n f\u00e1ctica pero, ahora, con la \u00a0novedad \u00a0informativa \u00a0referida \u00a0a las pesquisas que seg\u00fan las distintas fuentes \u00a0de \u00a0informaci\u00f3n \u00a0adelantan las autoridades para dar con la captura del nominado \u00a0alias \u00a0\u201cel \u00a0becerro\u201d, \u00a0quien \u00a0no \u00a0corresponde \u00a0a \u00a0su \u00a0representado, pero sin \u00a0consideraci\u00f3n \u00a0alguna \u00a0a \u00a0los \u00a0hechos \u00a0concretos \u00a0por \u00a0los cuales se dispuso su \u00a0condena. \u00a0\u00a0<\/p>\n<p>Bajo ese entendido, se aventuran a cuestionar \u00a0las \u00a0declaraciones \u00a0de \u00a0los \u00a0habitantes de la zona y desmovilizados de las Farc, \u00a0que \u00a0a \u00a0su \u00a0juicio \u00a0\u201cbrindan descripciones que daban \u00a0indicios \u00a0 de \u00a0 una \u00a0 posible \u00a0 individualizaci\u00f3n\u201d \u00a0afirmando \u00a0que de ellos, s\u00f3lo dos deponentes fueron a \u00a0realizar reconocimiento fotogr\u00e1fico y en fila de personas. \u00a0\u00a0<\/p>\n<p>Reiterada objeci\u00f3n defensiva se plante\u00f3 a la \u00a0Colegiatura, \u00a0argumentando \u00a0que \u00a0el \u00a0reconocimiento \u00a0personal \u00a0efectuado por los \u00a0se\u00f1ores \u00a0Rovira \u00a0y \u00a0Mena, \u00a0surgi\u00f3 \u00a0del reconocimiento por \u00e1lbum fotogr\u00e1fico, \u00a0basado \u00a0en las fotograf\u00edas que reposaban en los archivos del B2, donde alias el \u00a0becerro es otro y no el procesado. \u00a0\u00a0<\/p>\n<p>Tal \u00a0discusi\u00f3n, \u00a0fue zanjada de la siguiente \u00a0manera: \u00a0\u00a0<\/p>\n<p>Ante \u00a0la alegaci\u00f3n de la defensa, obligado \u00a0resulta \u00a0reiterar \u00a0que \u00a0si \u00a0bien \u00a0es cierto que la fotograf\u00eda utilizada para el \u00a0reconocimiento \u00a0es \u00a0la \u00a0misma \u00a0que \u00a0reposa \u00a0en \u00a0los archivos del B2 y que le fue \u00a0tomada \u00a0al \u00a0se\u00f1or \u00a0TORRES \u00a0en \u00a01997 \u00a0cuando \u00a0fue capturado por rebeli\u00f3n, quien \u00a0despu\u00e9s \u00a0de \u00a0mentir \u00a0sobre este punto en su injurada inicial, en la ampliaci\u00f3n \u00a0si \u00a0admite \u00a0y \u00a0reconoce \u00a0que \u00a0es su foto, no debemos dejar de lado que en primer \u00a0lugar \u00a0los \u00a0se\u00f1ores \u00a0MARCOS \u00a0ORTELIO ROVIRA Y MILLIWILSON MENA PALACIOS, rinden \u00a0declaraci\u00f3n \u00a0ante \u00a0la \u00a0comisi\u00f3n \u00a0de investigaci\u00f3n, con ocasi\u00f3n de los hechos \u00a0presentados \u00a0en mayo de 2002 y en forma detallada, clara, minuciosa, exponen sus \u00a0vivencias \u00a0desde \u00a0el \u00a01 \u00a0de \u00a0mayo de ese a\u00f1o, indicando de manera enf\u00e1tica que \u00a0quines \u00a0lanzaron \u00a0el \u00a0cilindro \u00a0bomba \u00a0que \u00a0cay\u00f3 en la iglesia fueron las FARC, \u00a0dicho \u00a0(sic) es reforzado por personas que pertenecieron a ese grupo guerrillero \u00a0y \u00a0que \u00a0depusieron en este proceso, cuando aseguran que para esa toma se unieron \u00a0diversos \u00a0frentes \u00a0del \u00a0bloque \u00a0JOS\u00c9 \u00a0MAR\u00cdA \u00a0C\u00d3RDOBA, \u00a0comandados por SILVER, \u00a0MANTECO, \u00a0BECERRO, \u00a0TRUJILLO, KARINA, entre otros, por lo tanto no resulta ajena \u00a0a \u00a0la \u00a0realidad \u00a0la informaci\u00f3n que estos testigos suministraron, mucho m\u00e1s la \u00a0de \u00a0MILLIWILSON, \u00a0poblador \u00a0de la regi\u00f3n que solicit\u00f3 no disparar a la iglesia \u00a0donde \u00a0estaba \u00a0civiles, \u00a0obteniendo \u00a0como \u00a0respuesta \u00a0que el cilindro no caer\u00eda \u00a0all\u00ed, \u00a0pero \u00a0cuando ello pas\u00f3, observ\u00f3 como celebraban el acontecimiento, con \u00a0las \u00a0consecuencias \u00a0ya \u00a0conocidas, vi\u00e9ndose obligado a atravesar el r\u00edo con su \u00a0familia \u00a0y \u00a0llegar \u00a0al pueblo antioque\u00f1o de VIG\u00cdA DEL FUERTE, que se encuentra \u00a0al \u00a0frente \u00a0de \u00a0Bellavista \u00a0y despu\u00e9s alojarse en la casa cural; testigo que da \u00a0explicaci\u00f3n \u00a0de lo sucedido, de la reuni\u00f3n que (sic) hizo en Vig\u00eda, en la que \u00a0la \u00a0guerrilla \u00a0pidi\u00f3 \u00a0disculpas \u00a0por \u00a0lo \u00a0ocurrido y dio las condolencias, y es \u00a0m\u00e1s, \u00a0asegura que a BECERRO lo vio despu\u00e9s de los hechos, el 3 y 4 de mayo, no \u00a0el \u00a0d\u00eda \u00a0de \u00a0los \u00a0insucesos, \u00a0y \u00a0obviamente \u00a0\u00e9l \u00a0puede dar fe de eso porque se \u00a0encontraba \u00a0en \u00a0la localidad que en ese momento estaba inundada de guerrilleros, \u00a0ya \u00a0que \u00a0como es sabido y as\u00ed lo inform\u00f3 uno de ellos, s\u00f3lo 200 pelearon, los \u00a0otros \u00a0800 \u00a0se \u00a0quedaron \u00a0en \u00a0Vig\u00eda, \u00a0entonces es di\u00e1fano que el dicho de este \u00a0ciudadano \u00a0goza \u00a0de toda credibilidad y no obedece a ning\u00fan montaje, ni pago de \u00a0recompensa, \u00a0lo \u00a0que \u00a0por \u00a0dem\u00e1s \u00a0se \u00a0encuentra hu\u00e9rfano de prueba13. \u00a0\u00a0<\/p>\n<p>De \u00a0todo \u00a0lo \u00a0anterior \u00a0se \u00a0concluye \u00a0que \u00a0el \u00a0demandante \u00a0incumpli\u00f3 \u00a0con \u00a0el \u00a0deber \u00a0confrontar \u00a0la \u00a0declaraci\u00f3n de justicia \u00a0contenida \u00a0en el fallo que aspira remover, toda vez que las pruebas aducidas con \u00a0el \u00a0libelo \u00a0en \u00a0esta oportunidad, nada ilustran sobre la inocencia del procesado \u00a0y, \u00a0por \u00a0tanto, \u00a0adolecen de la capacidad demostrativa para alterar la decisi\u00f3n \u00a0de \u00a0condena \u00a0soportada \u00a0en \u00a0el \u00a0conjunto \u00a0probatorio \u00a0recaudado \u00a0al interior del \u00a0diligenciamiento. \u00a0\u00a0<\/p>\n<p>Fuerza insistir que la acci\u00f3n de revisi\u00f3n es \u00a0de \u00a0car\u00e1cter \u00a0rogado \u00a0y \u00a0no \u00a0opera \u00a0por el simple surgimiento de situaciones no \u00a0conocidas \u00a0al \u00a0tiempo \u00a0de los debates, sino de la capacidad de los elementos con \u00a0car\u00e1cter \u00a0 ex \u00a0novo, \u00a0cuya \u00a0demostraci\u00f3n \u00a0precisa \u00a0de \u00a0una \u00a0exposici\u00f3n clara y razonada de los fundamentos \u00a0f\u00e1cticos y jur\u00eddicos de la causal invocada. \u00a0\u00a0<\/p>\n<p>Consecuente \u00a0con \u00a0lo se\u00f1alado, no es posible \u00a0dar \u00a0tr\u00e1mite \u00a0a la demanda formulada, por ausencia de los requisitos legalmente \u00a0exigidos. \u00a0\u00a0<\/p>\n<p>En \u00a0m\u00e9rito \u00a0de \u00a0lo \u00a0expuesto, \u00a0la \u00a0Sala \u00a0de \u00a0Casaci\u00f3n Penal de la Corte Suprema de Justicia, \u00a0\u00a0<\/p>\n<p>RESUELVE \u00a0<\/p>\n<p>Primero. \u00a0Inadmitir \u00a0la \u00a0demanda \u00a0de \u00a0revisi\u00f3n \u00a0presentada \u00a0a \u00a0nombre \u00a0de \u00a0GILBERTO DE JES\u00daS TORRES \u00a0MU\u00d1ET\u00d3N. \u00a0\u00a0<\/p>\n<p>Segundo. Contra esta \u00a0decisi\u00f3n procede el recurso de reposici\u00f3n. \u00a0\u00a0<\/p>\n<p>\u00a0 \u00a0 \u00a0 \u00a0 \u00a0<\/p>\n<p>Notif\u00edquese y c\u00famplase. \u00a0<\/p>\n<p>JOS\u00c9 LEONIDAS BUSTOS MART\u00cdNEZ \u00a0<\/p>\n<p>JOS\u00c9 LUIS BARCEL\u00d3 \u00a0CAMACHO \u00a0\u00a0<\/p>\n<p>\u00a0\u00a0 \u00a0 \u00a0 \u00a0 \u00a0 \u00a0<\/p>\n<p>FERNANDO ALBERTO \u00a0CASTRO CABALLERO \u00a0<\/p>\n<p>SIGIFREDO ESPINOSA \u00a0P\u00c9REZ \u00a0\u00a0<\/p>\n<p>\u00a0\u00a0 \u00a0 \u00a0 \u00a0 \u00a0 \u00a0<\/p>\n<p>MAR\u00cdA \u00a0DEL \u00a0ROSARIO \u00a0GONZ\u00c1LEZ \u00a0MU\u00d1OZ \u00a0<\/p>\n<p>AUGUSTO J. IB\u00c1\u00d1EZ \u00a0GUZM\u00c1N \u00a0\u00a0<\/p>\n<p>\u00a0\u00a0 \u00a0 \u00a0 \u00a0 \u00a0 \u00a0<\/p>\n<p>LUIS \u00a0GUILLERMO \u00a0SALAZAR OTERO \u00a0<\/p>\n<p>JULIO ENRIQUE SOCHA \u00a0SALAMANCA \u00a0\u00a0<\/p>\n<p>\u00a0\u00a0 \u00a0 \u00a0 \u00a0 \u00a0 \u00a0<\/p>\n<p>JAVIER DE JES\u00daS \u00a0ZAPATA ORTIZ \u00a0<\/p>\n<p>NUBIA YOLANDA NOVA GARC\u00cdA \u00a0<\/p>\n<p>Secretaria \u00a0<\/p>\n<p>\u00a0 \u00a0\u00a0<\/p>\n<p>1 \u00a0La \u00a0Corte \u00a0tendr\u00e1 \u00a0como defensor principal al doctor \u00a0Guillermo Le\u00f3n Giraldo Montes. \u00a0\u00a0<\/p>\n<p>2 Cfr \u00a0fls 29 a 90 vto. \u00a0\u00a0<\/p>\n<p>3 Cfr \u00a0fls 105 a 111. \u00a0\u00a0<\/p>\n<p>4 Cfr \u00a0fls 112 a 148. \u00a0\u00a0<\/p>\n<p>5 Auto \u00a0del 5 de febrero de 2005. \u00a0\u00a0<\/p>\n<p>6 Cfr \u00a0fls 88 y 89. \u00a0\u00a0<\/p>\n<p>7 Cfr \u00a0auto de revisi\u00f3n No 31261 del 12 de agosto de 2009. \u00a0\u00a0<\/p>\n<p>8 \u00a0Fl \u00a078. \u00a0\u00a0<\/p>\n<p>9 \u00a0\u00cdd. \u00a0\u00a0<\/p>\n<p>10 Fl \u00a079. \u00a0\u00a0<\/p>\n<p>11 Fl \u00a082. \u00a0\u00a0<\/p>\n<p>12 Fls \u00a079 y 80. \u00a0\u00a0<\/p>\n<p>13 Fls \u00a084 y 85. \u00a0 \u00a0\u00a0<\/p>\n<p><\/p>\n","protected":false},"excerpt":{"rendered":"<p>\u00a0 \u00a0 Proceso n\u00ba 36681 \u00a0 CORTE SUPREMA DE JUSTICIA \u00a0 SALA DE CASACI\u00d3N PENAL \u00a0 MAGISTRADO \u00a0PONENTE \u00a0\u00a0 AUGUSTO J. IB\u00c1\u00d1EZ GUZM\u00c1N \u00a0 APROBADO ACTA N\u00ba. 198- \u00a0 Bogot\u00e1, D.C., veintitr\u00e9s (23) de mayo de dos \u00a0mil doce (2012) \u00a0\u00a0 ASUNTO \u00a0 Se \u00a0pronuncia \u00a0la \u00a0Sala \u00a0sobre \u00a0la demanda de \u00a0revisi\u00f3n \u00a0 presentada \u00a0por [&hellip;]<\/p>\n","protected":false},"author":1,"featured_media":0,"comment_status":"open","ping_status":"open","sticky":false,"template":"","format":"standard","meta":{"footnotes":""},"categories":[20],"tags":[],"class_list":["post-23801","post","type-post","status-publish","format-standard","hentry","category-20"],"_links":{"self":[{"href":"https:\/\/dmsjuridica.com\/buscador_20179478954\/salapenalcronologico20230723\/wp-json\/wp\/v2\/posts\/23801","targetHints":{"allow":["GET"]}}],"collection":[{"href":"https:\/\/dmsjuridica.com\/buscador_20179478954\/salapenalcronologico20230723\/wp-json\/wp\/v2\/posts"}],"about":[{"href":"https:\/\/dmsjuridica.com\/buscador_20179478954\/salapenalcronologico20230723\/wp-json\/wp\/v2\/types\/post"}],"author":[{"embeddable":true,"href":"https:\/\/dmsjuridica.com\/buscador_20179478954\/salapenalcronologico20230723\/wp-json\/wp\/v2\/users\/1"}],"replies":[{"embeddable":true,"href":"https:\/\/dmsjuridica.com\/buscador_20179478954\/salapenalcronologico20230723\/wp-json\/wp\/v2\/comments?post=23801"}],"version-history":[{"count":0,"href":"https:\/\/dmsjuridica.com\/buscador_20179478954\/salapenalcronologico20230723\/wp-json\/wp\/v2\/posts\/23801\/revisions"}],"wp:attachment":[{"href":"https:\/\/dmsjuridica.com\/buscador_20179478954\/salapenalcronologico20230723\/wp-json\/wp\/v2\/media?parent=23801"}],"wp:term":[{"taxonomy":"category","embeddable":true,"href":"https:\/\/dmsjuridica.com\/buscador_20179478954\/salapenalcronologico20230723\/wp-json\/wp\/v2\/categories?post=23801"},{"taxonomy":"post_tag","embeddable":true,"href":"https:\/\/dmsjuridica.com\/buscador_20179478954\/salapenalcronologico20230723\/wp-json\/wp\/v2\/tags?post=23801"}],"curies":[{"name":"wp","href":"https:\/\/api.w.org\/{rel}","templated":true}]}}