{"id":23707,"date":"2023-09-12T17:20:13","date_gmt":"2023-09-12T17:20:13","guid":{"rendered":"https:\/\/dmsjuridica.com\/buscador_20179478954\/salapenalcronologico20230723\/2023\/09\/12\/3612328-03-12\/"},"modified":"2023-09-12T17:20:13","modified_gmt":"2023-09-12T17:20:13","slug":"3612328-03-12","status":"publish","type":"post","link":"https:\/\/dmsjuridica.com\/buscador_20179478954\/salapenalcronologico20230723\/2023\/09\/12\/3612328-03-12\/","title":{"rendered":"36123(28-03-12)"},"content":{"rendered":"\n<p>\u00a0 \u00a0 Proceso n\u00ba 36123 \u00a0<\/p>\n<p>CORTE \u00a0 SUPREMA \u00a0 DE \u00a0JUSTICIA \u00a0\u00a0<\/p>\n<p>SALA \u00a0DE \u00a0CASACI\u00d3N \u00a0PENAL \u00a0\u00a0<\/p>\n<p>Magistrado Ponente \u00a0<\/p>\n<p>JOS\u00c9 \u00a0 LUIS \u00a0BARCEL\u00d3 CAMACHO \u00a0 Aprobado \u00a0 \u00a0acta \u00a0N\u00b0 \u00a0 108 \u00a0\u00a0<\/p>\n<p>Bogot\u00e1, \u00a0D. C., \u00a0veintiocho \u00a0(28) \u00a0 \u00a0de \u00a0 marzo \u00a0 de \u00a0 dos \u00a0 mil \u00a0 doce \u00a0(2012) \u00a0\u00a0<\/p>\n<p>\u00a0 \u00a0\u00a0 \u00a0\u00a0 \u00a0V I S T O S \u00a0\u00a0<\/p>\n<p>Procede \u00a0la Corte \u00a0a \u00a0pronunciarse \u00a0sobre los \u00a0efectos \u00a0 \u00a0 procesales \u00a0 \u00a0de \u00a0 \u00a0la \u00a0 \u00a0muerte \u00a0 \u00a0del \u00a0 \u00a0procesado \u00a0 \u00a0Guillermo \u00a0 \u00a0 Le\u00f3n \u00a0 \u00a0S\u00e1enz \u00a0 \u00a0Vargas, \u00a0 \u00a0alias \u00a0 \u2018Alfonso \u00a0 \u00a0 \u00a0 \u00a0Cano\u2019. \u00a0\u00a0<\/p>\n<p>HECHOS \u00a0 \u00a0Y \u00a0 ANTECEDENTES \u00a0 PROCESALES \u00a0RELEVANTES \u00a0\u00a0<\/p>\n<p>1. \u00a0Por raz\u00f3n de \u00a0las \u00a0numerosas \u00a0v\u00edctimas \u00a0humanas y da\u00f1os \u00a0 \u00a0materiales \u00a0 \u00a0que \u00a0 \u00a0arroj\u00f3 \u00a0 la \u00a0activaci\u00f3n \u00a0 \u00a0de \u00a0 \u00a0un \u00a0 \u00a0artefacto \u00a0 explosivo \u00a0localizado \u00a0en \u00a0un \u00a0veh\u00edculo \u00a0automotor, \u00a0seg\u00fan hechos acaecidos hacia las 20:10hr \u00a0del \u00a07 \u00a0de febrero de 2003 en el Club El Nogal de esta ciudad, los cuales fueron \u00a0atribuidos \u00a0 a \u00a0 la \u00a0agrupaci\u00f3n \u00a0subversiva \u00a0Fuerzas \u00a0Armadas \u00a0 \u00a0 \u00a0 \u00a0Revolucionarias \u00a0 \u00a0 \u00a0 \u00a0de \u00a0 \u00a0 \u00a0 Colombia, \u00a0 \u00a0 \u00a0 FARC-EP, \u00a0 \u00a0 fue \u00a0 \u00a0 acusado, \u00a0a trav\u00e9s de \u00a0resoluci\u00f3n \u00a0 que \u00a0cobr\u00f3 \u00a0firmeza \u00a0el \u00a020 \u00a0de \u00a0octubre \u00a0de \u00a02004, \u00a0entre \u00a0otros, el ciudadano Guillermo \u00a0 \u00a0 Le\u00f3n \u00a0 \u00a0S\u00e1enz \u00a0Vargas, \u00a0conocido \u00a0por \u00a0el alias de \u00a0\u2018Alfonso Cano\u2019, \u00a0por \u00a0los \u00a0delitos \u00a0de \u00a0terrorismo, \u00a0homicidio \u00a0agravado, \u00a0tentativa de homicidio agravado, \u00a0rebeli\u00f3n \u00a0y \u00a0da\u00f1o en bien \u00a0ajeno. \u00a0\u00a0<\/p>\n<p>2. \u00a0 As\u00ed, \u00a0a \u00a0trav\u00e9s \u00a0de \u00a0sentencia \u00a0de \u00a0primer \u00a0grado \u00a0del \u00a028 de \u00a0noviembre \u00a0de \u00a02008, el Juzgado 8\u00ba Penal del Circuito \u00a0Especializado \u00a0 \u00a0de \u00a0 \u00a0Bogot\u00e1, \u00a0 junto \u00a0 a \u00a0 otras \u00a0determinaciones \u00a0 all\u00ed \u00a0 contenidas, \u00a0 conden\u00f3 \u00a0 \u00a0 \u00a0 a \u00a0 \u00a0 \u00a0 S\u00e1enz \u00a0Vargas \u00a0por \u00a0los \u00a0delitos de homicidio agravado, tentativa de \u00a0homicidio \u00a0agravado \u00a0y \u00a0terrorismo, \u00a0en \u00a0concurso, al tiempo que lo absolvi\u00f3 \u00a0por \u00a0los \u00a0de da\u00f1o \u00a0 \u00a0en \u00a0 bien \u00a0 ajeno \u00a0 y \u00a0 rebeli\u00f3n. \u00a0\u00a0<\/p>\n<p>3. \u00a0 \u00a0El \u00a0 \u00a0Tribunal \u00a0 \u00a0Superior \u00a0 \u00a0de \u00a0Bogot\u00e1, \u00a0en \u00a0decisi\u00f3n de \u00a0segundo \u00a0grado \u00a0del \u00a026 de agosto de 2010, declar\u00f3 la \u00a0prescripci\u00f3n \u00a0de la acci\u00f3n penal correspondiente a \u00a0los \u00a0delitos \u00a0contra \u00a0el \u00a0patrimonio \u00a0econ\u00f3mico y el \u00a0r\u00e9gimen \u00a0constitucional y legal, motivo por el cual \u00a0modific\u00f3 la decisi\u00f3n de \u00a0primera \u00a0instancia \u00a0\u201cen \u00a0el sentido de suprimir la \u00a0absoluci\u00f3n \u00a0indicada \u00a0y \u00a0mantener \u00a0la \u00a0cesaci\u00f3n de \u00a0procedimiento\u201d. \u00a0\u00a0<\/p>\n<p>CONSIDERACIONES\u00a0 \u00a0DE\u00a0 \u00a0LA\u00a0 \u00a0CORTE \u00a0\u00a0<\/p>\n<p>Ser\u00eda del caso que la Corte se pronunciara \u00a0sobre \u00a0 \u00a0los \u00a0 \u00a0efectos \u00a0 \u00a0de \u00a0 \u00a0la \u00a0 \u00a0muerte \u00a0 \u00a0del \u00a0 \u00a0procesado \u00a0 Guillermo \u00a0Le\u00f3n \u00a0S\u00e1enz \u00a0Vargas, esto \u00a0es, \u00a0disponiendo \u00a0la \u00a0extinci\u00f3n de la acci\u00f3n penal y la consiguiente cesaci\u00f3n \u00a0de \u00a0procedimiento, \u00a0seg\u00fan as\u00ed se desprende del art\u00edculo 82-2 de la Ley 600 de \u00a02000, \u00a0en concordancia con el 39 del mismo estatuto, si no fuera porque advierte \u00a0que \u00a0el \u00a0aludido \u00a0ciudadano, \u00a0al \u00a0tiempo \u00a0que \u00a0fue \u00a0condenado \u00a0por las conductas \u00a0punibles \u00a0de \u00a0homicidio \u00a0agravado, tentativa de homicidio agravado y terrorismo, \u00a0tambi\u00e9n \u00a0fue \u00a0absuelto \u00a0por \u00a0las \u00a0conductas \u00a0punibles \u00a0de da\u00f1o en bien ajeno y \u00a0rebeli\u00f3n, antes de que sobreviniera su muerte. \u00a0\u00a0<\/p>\n<p>Sea \u00a0lo primero se\u00f1alar que el deceso del \u00a0mencionado \u00a0 procesado, \u00a0 conocido \u00a0 en \u00a0 vida \u00a0por \u00a0el \u00a0alias \u00a0de \u00a0\u2018Alfonso \u00a0 \u00a0 \u00a0 Cano\u2019, \u00a0se \u00a0produjo como consecuencia de \u00a0un \u00a0enfrentamiento \u00a0entre \u00a0las \u00a0Fuerzas Armadas del Estado y la guerrilla de las \u00a0FARC \u00a0(agrupaci\u00f3n subversiva de la cual aquel fue integrante de su secretariado \u00a0y \u00a0comandante \u00a0en \u00a0jefe), operaci\u00f3n que tuvo lugar el 4 de noviembre de 2011 en \u00a0el \u00a0municipio \u00a0de \u00a0Su\u00e1rez, \u00a0departamento del Cauca. Dicha acci\u00f3n militar y sus \u00a0resultados \u00a0fueron \u00a0p\u00fablicamente \u00a0conocidos \u00a0y \u00a0divulgados \u00a0por \u00a0los \u00a0medios de \u00a0comunicaci\u00f3n \u00a0 hablados \u00a0 y \u00a0 escritos \u00a0del \u00a0pa\u00eds \u00a0y \u00a0el \u00a0exterior1, \u00a0 \u00a0y \u00a0particularmente \u00a0registrada \u00a0por \u00a0el \u00a0Sistema Informativo &#8211; Sala de Prensa de la \u00a0Presidencia \u00a0de \u00a0la Rep\u00fablica, como consta en el correspondiente bolet\u00edn del 5 \u00a0de \u00a0 \u00a0 \u00a0 \u00a0 noviembre \u00a0 \u00a0 \u00a0 \u00a0 de \u00a0 \u00a0 \u00a0 \u00a0 20112. \u00a0\u00a0<\/p>\n<p>Por \u00a0lo \u00a0tanto, \u00a0la \u00a0certeza de la aludida \u00a0muerte \u00a0 proviene \u00a0 de \u00a0 su \u00a0 notoriedad \u00a0 y, \u00a0 en \u00a0 tal \u00a0 medida, \u00a0no \u00a0requiere \u00a0prueba3, \u00a0pues \u00a0evidentemente \u00a0no \u00a0se \u00a0trat\u00f3 \u00a0de \u00a0un \u00a0rumor indefinido y \u00a0general, \u00a0ni \u00a0es \u00a0una \u00a0informaci\u00f3n \u00a0que \u00a0haga \u00a0parte solamente del conocimiento \u00a0privado del funcionario judicial. \u00a0\u00a0<\/p>\n<p>Ahora \u00a0bien, \u00a0acreditada de esta manera la \u00a0muerte \u00a0del \u00a0guerrillero \u00a0S\u00e1enz \u00a0Vargas, \u00a0se tiene que el mismo fue absuelto en primera instancia por los \u00a0delitos \u00a0de \u00a0da\u00f1o en bien ajeno y rebeli\u00f3n; y que dicha decisi\u00f3n fue revocada \u00a0por \u00a0el \u00a0ad \u00a0quem, \u00a0tras \u00a0considerar \u00a0que \u00a0como \u00a0la \u00a0absoluci\u00f3n \u00a0no se hab\u00eda consolidado, por haber sido \u00a0cuestionada \u00a0por \u00a0la \u00a0fiscal\u00eda, \u00a0se impon\u00eda, entonces, decretar en su lugar la \u00a0prescripci\u00f3n de la acci\u00f3n penal.\u00a0\u00a0 \u00a0\u00a0<\/p>\n<p>Por \u00a0otra \u00a0parte, \u00a0para \u00a0el \u00a0efecto \u00a0de la \u00a0determinaci\u00f3n \u00a0 que \u00a0 habr\u00e1 \u00a0 de \u00a0adoptarse, \u00a0es \u00a0necesario \u00a0recordar \u00a0que \u00a0la \u00a0jurisprudencia \u00a0 \u00a0 \u00a0 \u00a0de \u00a0 \u00a0 \u00a0 la \u00a0 \u00a0 \u00a0 Corte4 \u00a0\u00a0<\/p>\n<p>ha definido que en aquellos eventos en que \u00a0ha \u00a0operado \u00a0la \u00a0prescripci\u00f3n de la acci\u00f3n penal correspondiente a delitos por \u00a0los \u00a0que \u00a0el \u00a0procesado \u00a0ha \u00a0sido \u00a0absuelto \u00a0en \u00a0las \u00a0instancias es esta \u00faltima \u00a0determinaci\u00f3n \u00a0la \u00a0que \u00a0prevalece frente a la primera, debido a la necesidad de \u00a0asegurar \u00a0la \u00a0protecci\u00f3n \u00a0a \u00a0las \u00a0garant\u00edas \u00a0de \u00a0dignidad humana, honra y buen \u00a0nombre. \u00a0\u00a0<\/p>\n<p>As\u00ed \u00a0las \u00a0cosas, \u00a0en \u00a0el \u00a0caso \u00a0que ahora \u00a0concita \u00a0la atenci\u00f3n de la Sala se observa que con posterioridad a la decisi\u00f3n \u00a0absolutoria \u00a0de \u00a0primera \u00a0instancia \u00a0se \u00a0configuraron dos fen\u00f3menos que har\u00edan \u00a0procedente \u00a0 la \u00a0 cesaci\u00f3n \u00a0 de \u00a0 procedimiento \u00a0 a \u00a0favor \u00a0del \u00a0procesado: \u00a0la \u00a0prescripci\u00f3n \u00a0de \u00a0la \u00a0acci\u00f3n \u00a0penal por los delitos rese\u00f1ados y su comprobada \u00a0muerte. \u00a0Por \u00a0lo \u00a0tanto, \u00a0surge \u00a0evidente \u00a0que la soluci\u00f3n a la situaci\u00f3n as\u00ed \u00a0planteada \u00a0debe \u00a0ser la de mantener la vigencia de la \u00a0absoluci\u00f3n \u00a0por los delitos de rebeli\u00f3n y da\u00f1o en \u00a0bien \u00a0ajeno, \u00a0as\u00ed \u00a0como \u00a0disponer \u00a0la \u00a0cesaci\u00f3n de \u00a0procedimiento \u00a0por \u00a0los \u00a0de \u00a0homicidio, tentativa de \u00a0homicidio \u00a0y \u00a0terrorismo, \u00a0pues \u00a0por \u00a0estos \u00a0el \u00a0procesado \u00a0fue condenado en las \u00a0instancias. \u00a0\u00a0<\/p>\n<p>En m\u00e9rito de lo expuesto, la CORTE \u00a0 \u00a0 SUPREMA \u00a0 \u00a0DE \u00a0 \u00a0JUSTICIA, \u00a0SALA \u00a0 \u00a0 \u00a0DE \u00a0 \u00a0 CASACI\u00d3N \u00a0 \u00a0 PENAL, \u00a0\u00a0<\/p>\n<p>R E S U E L V E \u00a0<\/p>\n<p>PRIMERO: \u00a0Disponer \u00a0 \u00a0la \u00a0 \u00a0cesaci\u00f3n \u00a0 de \u00a0 procedimiento \u00a0 a \u00a0 favor \u00a0 de \u00a0 Guillermo \u00a0Le\u00f3n S\u00e1enz Vargas, por los \u00a0delitos \u00a0 de \u00a0 homicidio \u00a0 agravado, \u00a0 tentativa \u00a0 de \u00a0 homicidio \u00a0 agravado \u00a0 y \u00a0terrorismo. \u00a0\u00a0<\/p>\n<p>SEGUNDO: \u00a0Mantener \u00a0la \u00a0vigencia \u00a0de \u00a0la \u00a0absoluci\u00f3n \u00a0dispuesta \u00a0a \u00a0favor \u00a0del \u00a0procesado \u00a0S\u00e1enz Vargas en el fallo \u00a0de \u00a0primer grado, por las conductas punibles de da\u00f1o en bien ajeno y rebeli\u00f3n. \u00a0\u00a0<\/p>\n<p>Contra \u00a0las \u00a0anteriores \u00a0determinaciones \u00a0procede el recurso de reposici\u00f3n \u00a0\u00a0<\/p>\n<p>C\u00f3piese, \u00a0 \u00a0 \u00a0 \u00a0notif\u00edquese, \u00a0c\u00famplase. \u00a0\u00a0<\/p>\n<p>JOS\u00c9 LEONIDAS BUSTOS MART\u00cdNEZ \u00a0<\/p>\n<p>\u00a0 \u00a0\u00a0 \u00a0 \u00a0 \u00a0\u00a0 \u00a0\u00a0 \u00a0\u00a0 \u00a0\u00a0 \u00a0 \u00a0\u00a0 \u00a0 \u00a0 \u00a0 \u00a0 \u00a0 \u00a0 \u00a0 \u00a0 \u00a0 \u00a0 \u00a0\u00a0 \u00a0 \u00a0 \u00a0\u00a0 \u00a0\u00a0 \u00a0\u00a0 \u00a0\u00a0 \u00a0\u00a0 \u00a0\u00a0 \u00a0\u00a0 \u00a0 \u00a0\u00a0 \u00a0 \u00a0 \u00a0\u00a0<\/p>\n<p>JOS\u00c9 \u00a0 \u00a0 \u00a0 LUIS \u00a0 \u00a0 \u00a0 BARCEL\u00d3 \u00a0CAMACHO\u00a0\u00a0\u00a0\u00a0\u00a0\u00a0\u00a0\u00a0\u00a0\u00a0\u00a0 \u00a0FERNANDO ALBERTO CASTRO CABALLERO \u00a0\u00a0<\/p>\n<p>\u00a0 \u00a0\u00a0 \u00a0 \u00a0 \u00a0\u00a0 \u00a0\u00a0 \u00a0\u00a0 \u00a0\u00a0 \u00a0 \u00a0\u00a0 \u00a0 \u00a0 \u00a0 \u00a0 \u00a0 \u00a0 \u00a0 \u00a0 \u00a0 \u00a0 \u00a0\u00a0 \u00a0 \u00a0 \u00a0\u00a0 \u00a0\u00a0 \u00a0\u00a0 \u00a0\u00a0 \u00a0\u00a0 \u00a0\u00a0 \u00a0\u00a0 \u00a0 \u00a0\u00a0 \u00a0 \u00a0 \u00a0 \u00a0 \u00a0 \u00a0 \u00a0 \u00a0 \u00a0 \u00a0 \u00a0\u00a0 \u00a0 \u00a0 \u00a0\u00a0 \u00a0\u00a0 \u00a0\u00a0Cita m\u00e9dica \u00a0\u00a0<\/p>\n<p>\u00a0 \u00a0 \u00a0 \u00a0 \u00a0<\/p>\n<p>SIGIFREDO \u00a0ESPINOSA \u00a0P\u00c9REZ \u00a0 \u00a0 \u00a0 \u00a0 \u00a0\u00a0 \u00a0 \u00a0 \u00a0 \u00a0\u00a0 \u00a0 \u00a0 \u00a0 \u00a0 \u00a0 \u00a0 \u00a0 \u00a0\u00a0\u00a0\u00a0\u00a0\u00a0\u00a0\u00a0\u00a0\u00a0\u00a0\u00a0\u00a0 \u00a0MAR\u00cdA DEL ROSARIO GONZ\u00c1LEZ MU\u00d1OZ \u00a0\u00a0<\/p>\n<p>\u00a0\u00a0\u00a0\u00a0\u00a0\u00a0\u00a0\u00a0\u00a0\u00a0\u00a0\u00a0\u00a0\u00a0\u00a0\u00a0\u00a0 \u00a0Permiso \u00a0\u00a0<\/p>\n<p>AUGUSTO \u00a0J. \u00a0IB\u00c1\u00d1EZ GUZM\u00c1N \u00a0 \u00a0 \u00a0 \u00a0 \u00a0 \u00a0 \u00a0 \u00a0 \u00a0\u00a0 \u00a0 \u00a0 \u00a0 \u00a0 \u00a0 \u00a0 \u00a0 \u00a0\u00a0\u00a0\u00a0\u00a0\u00a0\u00a0\u00a0\u00a0\u00a0\u00a0\u00a0\u00a0\u00a0\u00a0\u00a0\u00a0\u00a0\u00a0\u00a0\u00a0\u00a0\u00a0 \u00a0LUIS GUILLERMO SALAZAR OTERO \u00a0\u00a0<\/p>\n<p>\u00a0 Impedido \u00a0<\/p>\n<p>JULIO ENRIQUE SOCHA SALAMANCA \u00a0 \u00a0 \u00a0\u00a0 \u00a0\u00a0 \u00a0\u00a0 \u00a0 \u00a0\u00a0 \u00a0 \u00a0 \u00a0 \u00a0 \u00a0 \u00a0 \u00a0 \u00a0 \u00a0 \u00a0 \u00a0 \u00a0 \u00a0 \u00a0 \u00a0 \u00a0 \u00a0 \u00a0 \u00a0 \u00a0 \u00a0 \u00a0 \u00a0 \u00a0 \u00a0 \u00a0\u00a0\u00a0\u00a0\u00a0\u00a0\u00a0\u00a0\u00a0\u00a0\u00a0\u00a0\u00a0\u00a0\u00a0\u00a0\u00a0\u00a0\u00a0 \u00a0JAVIER ZAPATA ORTIZ \u00a0\u00a0<\/p>\n<p>NUBIA YOLANDA NOVA GARC\u00cdA \u00a0<\/p>\n<p>Secretaria \u00a0<\/p>\n<p>\u00a0 \u00a0\u00a0<\/p>\n<p>1 \u00a0Cfr. \u00a0 \u00a0 http:\/\/www.el-nacional.com\/noticia\/8300\/11\/Muere-en-Colombia-Alfonso-Cano,-el-m\u00e1ximo-l\u00edder-de-las-FARC.html. \u00a0 \u00a0 \u00a0En \u00a0 \u00a0 \u00a0igual \u00a0 \u00a0 \u00a0sentido: \u00a0 \u00a0 http:\/\/www.elespectador.com\/noticias\/judicial\/articulo-309627-alfonso-cano-lider-maximo-de-farc-fue-abatido. \u00a0\u00a0<\/p>\n<p>2 \u00a0Cfr. \u00a0http:\/\/wsp.presidencia.gov.co\/Prensa\/2011\/Noviembre\/Paginas\/20111105_01.aspx \u00a0\u00a0<\/p>\n<p>3 \u00a0Corte \u00a0Suprema de Justicia, Sala de Casaci\u00f3n Penal, sentencia del 29 de mayo de \u00a02010, rad. 29798. \u00a0\u00a0<\/p>\n<p>4 \u00a0Rad. \u00a024374, \u00a0auto \u00a0del \u00a016 \u00a0de \u00a0mayo \u00a0de \u00a02007. Ver \u00a0tambi\u00e9n \u00a0Rad. 28067, auto del 26 de septiembre de 2007, rad. 28264, auto del 26 \u00a0de septiembre de 2007, rad. 26973, auto del 10 de octubre de 2007. \u00a0 \u00a0\u00a0<\/p>\n<p><\/p>\n","protected":false},"excerpt":{"rendered":"<p>\u00a0 \u00a0 Proceso n\u00ba 36123 \u00a0 CORTE \u00a0 SUPREMA \u00a0 DE \u00a0JUSTICIA \u00a0\u00a0 SALA \u00a0DE \u00a0CASACI\u00d3N \u00a0PENAL \u00a0\u00a0 Magistrado Ponente \u00a0 JOS\u00c9 \u00a0 LUIS \u00a0BARCEL\u00d3 CAMACHO \u00a0 Aprobado \u00a0 \u00a0acta \u00a0N\u00b0 \u00a0 108 \u00a0\u00a0 Bogot\u00e1, \u00a0D. C., \u00a0veintiocho \u00a0(28) \u00a0 \u00a0de \u00a0 marzo \u00a0 de \u00a0 dos \u00a0 mil \u00a0 doce \u00a0(2012) \u00a0\u00a0 \u00a0 \u00a0\u00a0 [&hellip;]<\/p>\n","protected":false},"author":1,"featured_media":0,"comment_status":"open","ping_status":"open","sticky":false,"template":"","format":"standard","meta":{"footnotes":""},"categories":[20],"tags":[],"class_list":["post-23707","post","type-post","status-publish","format-standard","hentry","category-20"],"_links":{"self":[{"href":"https:\/\/dmsjuridica.com\/buscador_20179478954\/salapenalcronologico20230723\/wp-json\/wp\/v2\/posts\/23707","targetHints":{"allow":["GET"]}}],"collection":[{"href":"https:\/\/dmsjuridica.com\/buscador_20179478954\/salapenalcronologico20230723\/wp-json\/wp\/v2\/posts"}],"about":[{"href":"https:\/\/dmsjuridica.com\/buscador_20179478954\/salapenalcronologico20230723\/wp-json\/wp\/v2\/types\/post"}],"author":[{"embeddable":true,"href":"https:\/\/dmsjuridica.com\/buscador_20179478954\/salapenalcronologico20230723\/wp-json\/wp\/v2\/users\/1"}],"replies":[{"embeddable":true,"href":"https:\/\/dmsjuridica.com\/buscador_20179478954\/salapenalcronologico20230723\/wp-json\/wp\/v2\/comments?post=23707"}],"version-history":[{"count":0,"href":"https:\/\/dmsjuridica.com\/buscador_20179478954\/salapenalcronologico20230723\/wp-json\/wp\/v2\/posts\/23707\/revisions"}],"wp:attachment":[{"href":"https:\/\/dmsjuridica.com\/buscador_20179478954\/salapenalcronologico20230723\/wp-json\/wp\/v2\/media?parent=23707"}],"wp:term":[{"taxonomy":"category","embeddable":true,"href":"https:\/\/dmsjuridica.com\/buscador_20179478954\/salapenalcronologico20230723\/wp-json\/wp\/v2\/categories?post=23707"},{"taxonomy":"post_tag","embeddable":true,"href":"https:\/\/dmsjuridica.com\/buscador_20179478954\/salapenalcronologico20230723\/wp-json\/wp\/v2\/tags?post=23707"}],"curies":[{"name":"wp","href":"https:\/\/api.w.org\/{rel}","templated":true}]}}