{"id":23658,"date":"2023-09-12T17:20:09","date_gmt":"2023-09-12T17:20:09","guid":{"rendered":"https:\/\/dmsjuridica.com\/buscador_20179478954\/salapenalcronologico20230723\/2023\/09\/12\/3574323-05-12\/"},"modified":"2023-09-12T17:20:09","modified_gmt":"2023-09-12T17:20:09","slug":"3574323-05-12","status":"publish","type":"post","link":"https:\/\/dmsjuridica.com\/buscador_20179478954\/salapenalcronologico20230723\/2023\/09\/12\/3574323-05-12\/","title":{"rendered":"35743(23-05-12)"},"content":{"rendered":"\n<p>\u00a0 \u00a0 Proceso n\u00ba 35743 \u00a0<\/p>\n<p>CORTE \u00a0 SUPREMA \u00a0 DE \u00a0JUSTICIA \u00a0\u00a0<\/p>\n<p>SALA DE CASACI\u00d3N PENAL \u00a0<\/p>\n<p>Magistrado Ponente \u00a0<\/p>\n<p>JOS\u00c9 LEONIDAS BUSTOS MART\u00cdNEZ \u00a0<\/p>\n<p>Aprobado Acta N\u00b0 198 \u00a0<\/p>\n<p>Bogot\u00e1, D. C., veintitr\u00e9s \u00a0de \u00a0mayo \u00a0de \u00a0dos \u00a0mil \u00a0doce. \u00a0\u00a0 \u00a0 \u00a0 \u00a0 \u00a0\u00a0<\/p>\n<p>\u00a0 \u00a0\u00a0 \u00a0\u00a0 \u00a0\u00a0 \u00a0 \u00a0 \u00a0 \u00a0\u00a0 \u00a0\u00a0<\/p>\n<p>VISTOS \u00a0<\/p>\n<p>Se \u00a0pronuncia \u00a0la Corte sobre su competencia \u00a0para \u00a0investigar \u00a0la \u00a0presunta \u00a0comisi\u00f3n de la conducta punible de peculado por \u00a0apropiaci\u00f3n, \u00a0atribuida \u00a0al \u00a0ex Senador de la Rep\u00fablica MANUEL JULI\u00c1N MAZENET \u00a0CORRALES. \u00a0\u00a0<\/p>\n<p>ANTECEDENTES \u00a0<\/p>\n<p>1.\u00a0 \u00a0La \u00a0Fiscal\u00eda General de la Naci\u00f3n compuls\u00f3 copia de \u00a0la \u00a0investigaci\u00f3n adelantada en contra de varios funcionarios y ex funcionarios \u00a0de \u00a0la \u00a0Gobernaci\u00f3n de Magdalena que en 2008 participaron en la adquisici\u00f3n de \u00a039.5769 \u00a0kits \u00a0escolares \u00a0para \u00a0instituciones \u00a0educativas \u00a0de \u00a0los municipios no \u00a0certificados \u00a0 \u00a0de \u00a0 \u00a0ese \u00a0 departamento \u00a0 por \u00a0 valor \u00a0 de \u00a0 $4.134\u2019960.500 \u00a0y en la compra de 27.000 m\u00e1s \u00a0en \u00a0la \u00a0vigencia \u00a02009 \u00a0por valor de $2\u2019829\u2019357.000, \u00a0al \u00a0 \u00a0advertirse \u00a0 que \u00a0 tales \u00a0 elementos \u00a0 probablemente \u00a0 registraron \u00a0 sobre \u00a0costos. \u00a0\u00a0<\/p>\n<p>2. La expedici\u00f3n de \u00a0copias \u00a0se \u00a0origin\u00f3 \u00a0en la constataci\u00f3n de que uno de los investigados, MANUEL \u00a0JULI\u00c1N \u00a0MAZENET \u00a0CORRALES, \u00a0ostentaba \u00a0la \u00a0calidad de Senador de la Rep\u00fablica, \u00a0seg\u00fan \u00a0se \u00a0verific\u00f3 \u00a0a \u00a0trav\u00e9s de la certificaci\u00f3n emanada de la Secretar\u00eda \u00a0General \u00a0 \u00a0 \u00a0 de \u00a0 \u00a0 \u00a0 dicha \u00a0 \u00a0 \u00a0 Corporaci\u00f3n1. \u00a0\u00a0<\/p>\n<p>3. \u00a0Acreditada \u00a0 la \u00a0calidad \u00a0foral \u00a0del \u00a0Congresista, \u00a0la \u00a0Sala \u00a0avoc\u00f3 \u00a0conocimiento \u00a0y \u00a0orden\u00f3 \u00a0la pr\u00e1ctica de diversas pruebas llamadas a determinar \u00a0la \u00a0posible \u00a0participaci\u00f3n del imputado en los hechos materia de averiguaci\u00f3n, \u00a0como tambi\u00e9n su eventual caracterizaci\u00f3n t\u00edpica. \u00a0\u00a0<\/p>\n<p>4. El pasado 10 de \u00a0abril \u00a0de \u00a02012, \u00a0la \u00a0Mesa \u00a0Directiva \u00a0del \u00a0Senado \u00a0de \u00a0la \u00a0Rep\u00fablica \u00a0expidi\u00f3 \u00a0la \u00a0Resoluci\u00f3n \u00a0N\u00b0163, \u00a0mediante \u00a0la \u00a0cual \u00a0se \u00a0hizo \u00a0efectiva \u00a0la \u00a0sanci\u00f3n \u00a0disciplinaria \u00a0de \u00a0destituci\u00f3n \u00a0e \u00a0inhabilidad \u00a0por \u00a0el \u00a0t\u00e9rmino \u00a0de \u00a012 \u00a0a\u00f1os \u00a0impuesta \u00a0por \u00a0el \u00a0Procurador \u00a0General de la Naci\u00f3n al \u00a0Senador \u00a0MANUEL \u00a0JULI\u00c1N \u00a0MAZENET \u00a0CORRALES, \u00a0mediante \u00a0fallo \u00a0disciplinario que \u00a0cobr\u00f3 ejecutoria el 30 de marzo de 2012. \u00a0\u00a0<\/p>\n<p>CONSIDERACIONES DE LA SALA \u00a0<\/p>\n<p>1. De conformidad \u00a0con \u00a0la \u00a0preceptiva \u00a0de \u00a0los art\u00edculos 235 de la Carta Pol\u00edtica y 75 de la Ley \u00a0600 \u00a0de \u00a02000, \u00a0el \u00a0fuero \u00a0de \u00a0los \u00a0congresistas \u00a0emerge en virtud de una de dos \u00a0condiciones: \u00a0(i) \u00a0que \u00a0el \u00a0sindicado \u00a0de una conducta \u00a0delictiva \u00a0se \u00a0desempe\u00f1e \u00a0como \u00a0Senador \u00a0o \u00a0Representante a la C\u00e1mara, lo cual \u00a0exige \u00a0actualidad \u00a0de \u00a0la \u00a0investidura, \u00a0o \u00a0bien que, (ii) habiendo cesado en el \u00a0ejercicio \u00a0 \u00a0del \u00a0 \u00a0cargo, \u00a0 \u00a0el \u00a0 \u00a0comportamiento \u00a0 endilgado \u00a0 \u201ctenga \u00a0 relaci\u00f3n \u00a0 con \u00a0 las \u00a0funciones \u00a0desempe\u00f1adas\u201d, esto es, con las de congresista. \u00a0\u00a0<\/p>\n<p>2. \u00a0En el caso que \u00a0ocupa \u00a0 la \u00a0 atenci\u00f3n \u00a0 de \u00a0la \u00a0Sala, \u00a0se \u00a0tiene \u00a0acreditado \u00a0que \u00a0la \u00a0Mesa \u00a0Directiva \u00a0del \u00a0Senado \u00a0de \u00a0la \u00a0Rep\u00fablica \u00a0expidi\u00f3 acto \u00a0administrativo \u00a0dirigido \u00a0a \u00a0hacer efectiva la sanci\u00f3n \u00a0disciplinaria \u00a0de \u00a0destituci\u00f3n \u00a0e \u00a0inhabilidad \u00a0por \u00a012 \u00a0a\u00f1os \u00a0impuesta por el \u00a0Procurador \u00a0General \u00a0de \u00a0la Naci\u00f3n al doctor MAZENET CORRALES, como conclusi\u00f3n \u00a0del \u00a0proceso \u00a0radicado bajo el n\u00famero UIC2010-650-252391, produci\u00e9ndose de esa \u00a0forma la cesaci\u00f3n definitiva de sus actividades congresionales. \u00a0\u00a0<\/p>\n<p>3. En consecuencia, \u00a0para \u00a0que \u00a0esta \u00a0Corporaci\u00f3n pudiera con plena competencia seguir conociendo de \u00a0estas \u00a0diligencias, \u00a0necesario \u00a0ser\u00eda \u00a0que \u00a0mediara \u00a0un \u00a0nexo probable entre la \u00a0conducta \u00a0punible \u00a0por \u00a0la \u00a0cual \u00a0se \u00a0investiga \u00a0al doctor MAZENET CORRALES y la \u00a0actividad \u00a0que \u00a0desempe\u00f1\u00f3 \u00a0como \u00a0Senador \u00a0de \u00a0la \u00a0Rep\u00fablica. \u00a0No obstante esa \u00a0hip\u00f3tesis \u00a0resulta \u00a0improbada, \u00a0por \u00a0cuanto \u00a0los \u00a0hechos materia de indagaci\u00f3n \u00a0preliminar \u00a0guardan \u00a0relaci\u00f3n \u00a0con \u00a0presuntas \u00a0conductas \u00a0punibles \u00a0que \u00a0le son \u00a0atribuidas \u00a0cuando se desempe\u00f1\u00f3 como Secretario de Despacho de la Gobernaci\u00f3n \u00a0de Magdalena, con delegaci\u00f3n para contratar. \u00a0\u00a0<\/p>\n<p>4. \u00a0As\u00ed las cosas, \u00a0sin \u00a0dificultad \u00a0se advierte que el doctor MAZENET CORRALES no est\u00e1 cobijado en \u00a0la \u00a0actualidad por fuero constitucional, por ausencia de acreditaci\u00f3n de alguno \u00a0de \u00a0los \u00a0presupuestos \u00a0de \u00a0que \u00a0trata \u00a0el \u00a0art\u00edculo \u00a0235 \u00a0de \u00a0la \u00a0Constituci\u00f3n \u00a0Pol\u00edtica. \u00a0\u00a0<\/p>\n<p>5. \u00a0Lo \u00a0dicho \u00a0en \u00a0precedencia, \u00a0apareja \u00a0que \u00a0la \u00a0Corte \u00a0ha \u00a0perdido competencia para proseguir la \u00a0presente \u00a0investigaci\u00f3n \u00a0previa, \u00a0motivo \u00a0por \u00a0el \u00a0cual \u00a0dispondr\u00e1 \u00a0su \u00a0env\u00edo \u00a0inmediato \u00a0a \u00a0la \u00a0Fiscal\u00eda \u00a035 Delegada ante los Jueces Penales del Circuito de \u00a0Santa \u00a0Marta, \u00a0que conforme a las constancias procesales adelanta la indagaci\u00f3n \u00a0contra \u00a0los \u00a0restantes \u00a0investigados, por los mismos hechos atribuidos al doctor \u00a0MAZANET CORRALES. \u00a0\u00a0<\/p>\n<p>En \u00a0m\u00e9rito de lo expuesto, la Corte Suprema \u00a0de Justicia, Sala de Casaci\u00f3n Penal, \u00a0\u00a0<\/p>\n<p>RESUELVE \u00a0\u00a0<\/p>\n<p>\u00a0 \u00a0 \u00a0 \u00a0 \u00a0<\/p>\n<p>Primero.- \u00a0DECLARAR \u00a0que \u00a0la \u00a0Corte \u00a0Suprema de Justicia carece de competencia para seguir conociendo \u00a0de \u00a0 \u00a0las \u00a0 \u00a0diligencias \u00a0 \u00a0adelantadas \u00a0 \u00a0contra \u00a0 \u00a0MANUEL \u00a0 \u00a0JULI\u00c1N \u00a0 MAZENET \u00a0CORRALES, \u00a0por \u00a0las razones \u00a0contenidas en la anterior motivaci\u00f3n. \u00a0\u00a0<\/p>\n<p>Segundo.- \u00a0REMITIR \u00a0por \u00a0competencia \u00a0la \u00a0actuaci\u00f3n \u00a0a \u00a0la \u00a0Fiscal\u00eda \u00a035 \u00a0Delegada ante los Jueces \u00a0Penales del Circuito de Santa Marta, para lo de su cargo. \u00a0\u00a0<\/p>\n<p>Contra \u00a0esta decisi\u00f3n procede el recurso de \u00a0reposici\u00f3n. \u00a0\u00a0<\/p>\n<p>Notif\u00edquese y c\u00famplase \u00a0<\/p>\n<p>\u00a0\u00a0\u00a0\u00a0\u00a0\u00a0\u00a0\u00a0\u00a0\u00a0\u00a0\u00a0\u00a0\u00a0\u00a0\u00a0\u00a0\u00a0\u00a0\u00a0\u00a0\u00a0\u00a0\u00a0\u00a0\u00a0\u00a0\u00a0\u00a0\u00a0\u00a0\u00a0\u00a0\u00a0\u00a0\u00a0\u00a0\u00a0 \u00a0JOS\u00c9 LEONIDAS BUSTOS MART\u00cdNEZ \u00a0\u00a0<\/p>\n<p>JOS\u00c9 \u00a0 \u00a0 \u00a0 LUIS \u00a0 \u00a0 \u00a0 BARCEL\u00d3 \u00a0CAMACHO\u00a0\u00a0\u00a0\u00a0\u00a0\u00a0\u00a0\u00a0\u00a0\u00a0\u00a0\u00a0\u00a0\u00a0\u00a0\u00a0\u00a0\u00a0\u00a0\u00a0\u00a0\u00a0\u00a0\u00a0\u00a0\u00a0\u00a0\u00a0\u00a0\u00a0 \u00a0FERNANDO\u00a0 CASTRO \u00a0CABALLERO\u00a0\u00a0\u00a0\u00a0\u00a0\u00a0\u00a0\u00a0\u00a0\u00a0\u00a0\u00a0\u00a0\u00a0\u00a0\u00a0\u00a0\u00a0\u00a0\u00a0\u00a0\u00a0\u00a0\u00a0\u00a0\u00a0 \u00a0\u00a0<\/p>\n<p>SIGIFREDO \u00a0 \u00a0 \u00a0 \u00a0 \u00a0ESPINOSA \u00a0P\u00c9REZ\u00a0\u00a0\u00a0\u00a0\u00a0\u00a0\u00a0\u00a0\u00a0\u00a0\u00a0\u00a0\u00a0\u00a0\u00a0\u00a0\u00a0\u00a0\u00a0 \u00a0MARIA \u00a0 \u00a0 \u00a0 \u00a0 \u00a0 \u00a0 \u00a0 \u00a0 \u00a0 DEL \u00a0 \u00a0 \u00a0 \u00a0 \u00a0 \u00a0 \u00a0 \u00a0 \u00a0 ROSARIO \u00a0 \u00a0 \u00a0 \u00a0 \u00a0 \u00a0 \u00a0 \u00a0 \u00a0GONZ\u00c1LEZ \u00a0MU\u00d1OZ\u00a0\u00a0\u00a0\u00a0\u00a0\u00a0\u00a0\u00a0\u00a0\u00a0\u00a0 \u00a0\u00a0<\/p>\n<p>AUGUSTO \u00a0 \u00a0 \u00a0 \u00a0 \u00a0 IBA\u00d1EZ \u00a0GUZM\u00c1N\u00a0\u00a0\u00a0\u00a0\u00a0\u00a0\u00a0\u00a0\u00a0\u00a0\u00a0\u00a0\u00a0\u00a0\u00a0\u00a0\u00a0\u00a0\u00a0\u00a0\u00a0\u00a0\u00a0\u00a0\u00a0\u00a0\u00a0\u00a0\u00a0\u00a0\u00a0\u00a0\u00a0\u00a0\u00a0\u00a0\u00a0\u00a0\u00a0\u00a0\u00a0\u00a0 \u00a0JULIO E. SOCHA SALAMANCA\u00a0 \u00a0\u00a0<\/p>\n<p>LUIS \u00a0 \u00a0 \u00a0 GUILLERMO \u00a0 \u00a0 \u00a0SALAZAR \u00a0OTERO\u00a0\u00a0\u00a0\u00a0\u00a0\u00a0\u00a0\u00a0\u00a0\u00a0\u00a0\u00a0\u00a0\u00a0\u00a0\u00a0\u00a0\u00a0\u00a0 \u00a0JAVIER ZAPATA ORT\u00cdZ \u00a0\u00a0<\/p>\n<p>Nubia Yolanda Nova Garc\u00eda \u00a0<\/p>\n<p>\u00a0\u00a0\u00a0\u00a0\u00a0\u00a0\u00a0\u00a0\u00a0\u00a0\u00a0\u00a0\u00a0\u00a0\u00a0\u00a0\u00a0\u00a0\u00a0\u00a0\u00a0\u00a0\u00a0\u00a0\u00a0\u00a0\u00a0\u00a0\u00a0\u00a0\u00a0\u00a0\u00a0\u00a0\u00a0\u00a0\u00a0\u00a0\u00a0\u00a0\u00a0\u00a0\u00a0\u00a0\u00a0\u00a0\u00a0\u00a0\u00a0 \u00a0Secretaria \u00a0\u00a0<\/p>\n<p>\u00a0 \u00a0\u00a0<\/p>\n<p>1 Cfr. \u00a0Folio 152, cuaderno 2 \u00a0 \u00a0\u00a0<\/p>\n<p><\/p>\n","protected":false},"excerpt":{"rendered":"<p>\u00a0 \u00a0 Proceso n\u00ba 35743 \u00a0 CORTE \u00a0 SUPREMA \u00a0 DE \u00a0JUSTICIA \u00a0\u00a0 SALA DE CASACI\u00d3N PENAL \u00a0 Magistrado Ponente \u00a0 JOS\u00c9 LEONIDAS BUSTOS MART\u00cdNEZ \u00a0 Aprobado Acta N\u00b0 198 \u00a0 Bogot\u00e1, D. C., veintitr\u00e9s \u00a0de \u00a0mayo \u00a0de \u00a0dos \u00a0mil \u00a0doce. \u00a0\u00a0 \u00a0 \u00a0 \u00a0 \u00a0\u00a0 \u00a0 \u00a0\u00a0 \u00a0\u00a0 \u00a0\u00a0 \u00a0 \u00a0 \u00a0 \u00a0\u00a0 \u00a0\u00a0 [&hellip;]<\/p>\n","protected":false},"author":1,"featured_media":0,"comment_status":"open","ping_status":"open","sticky":false,"template":"","format":"standard","meta":{"footnotes":""},"categories":[20],"tags":[],"class_list":["post-23658","post","type-post","status-publish","format-standard","hentry","category-20"],"_links":{"self":[{"href":"https:\/\/dmsjuridica.com\/buscador_20179478954\/salapenalcronologico20230723\/wp-json\/wp\/v2\/posts\/23658","targetHints":{"allow":["GET"]}}],"collection":[{"href":"https:\/\/dmsjuridica.com\/buscador_20179478954\/salapenalcronologico20230723\/wp-json\/wp\/v2\/posts"}],"about":[{"href":"https:\/\/dmsjuridica.com\/buscador_20179478954\/salapenalcronologico20230723\/wp-json\/wp\/v2\/types\/post"}],"author":[{"embeddable":true,"href":"https:\/\/dmsjuridica.com\/buscador_20179478954\/salapenalcronologico20230723\/wp-json\/wp\/v2\/users\/1"}],"replies":[{"embeddable":true,"href":"https:\/\/dmsjuridica.com\/buscador_20179478954\/salapenalcronologico20230723\/wp-json\/wp\/v2\/comments?post=23658"}],"version-history":[{"count":0,"href":"https:\/\/dmsjuridica.com\/buscador_20179478954\/salapenalcronologico20230723\/wp-json\/wp\/v2\/posts\/23658\/revisions"}],"wp:attachment":[{"href":"https:\/\/dmsjuridica.com\/buscador_20179478954\/salapenalcronologico20230723\/wp-json\/wp\/v2\/media?parent=23658"}],"wp:term":[{"taxonomy":"category","embeddable":true,"href":"https:\/\/dmsjuridica.com\/buscador_20179478954\/salapenalcronologico20230723\/wp-json\/wp\/v2\/categories?post=23658"},{"taxonomy":"post_tag","embeddable":true,"href":"https:\/\/dmsjuridica.com\/buscador_20179478954\/salapenalcronologico20230723\/wp-json\/wp\/v2\/tags?post=23658"}],"curies":[{"name":"wp","href":"https:\/\/api.w.org\/{rel}","templated":true}]}}