{"id":23616,"date":"2023-09-12T17:20:06","date_gmt":"2023-09-12T17:20:06","guid":{"rendered":"https:\/\/dmsjuridica.com\/buscador_20179478954\/salapenalcronologico20230723\/2023\/09\/12\/3533121-03-12\/"},"modified":"2023-09-12T17:20:06","modified_gmt":"2023-09-12T17:20:06","slug":"3533121-03-12","status":"publish","type":"post","link":"https:\/\/dmsjuridica.com\/buscador_20179478954\/salapenalcronologico20230723\/2023\/09\/12\/3533121-03-12\/","title":{"rendered":"35331(21-03-12)"},"content":{"rendered":"\n<p>\u00a0 \u00a0 Proceso \u00a0 \u00a0 n\u00ba \u00a035331 \u00a0\u00a0<\/p>\n<p>CORTE \u00a0 SUPREMA \u00a0 DE \u00a0JUSTICIA \u00a0\u00a0<\/p>\n<p>SALA DE CASACI\u00d3N PENAL \u00a0<\/p>\n<p>Bogot\u00e1, D. C.,\u00a0 veintiuno (21) de marzo \u00a0de dos mil doce (2012). \u00a0\u00a0<\/p>\n<p>La \u00a0doctora \u00a0NANCY \u00a0PATRICIA \u00a0GUTIERREZ \u00a0CASTA\u00d1EDA\u00a0 \u00a0en \u00a0diligencia \u00a0de \u00a0inspecci\u00f3n \u00a0judicial \u00a0llevada a cabo el 8 de marzo del a\u00f1o que \u00a0avanza, present\u00f3 varias peticiones las que se resumen as\u00ed: \u00a0\u00a0<\/p>\n<p>\u00a0 \u00a0\u00a0<\/p>\n<p>1. Que \u201c\u2026se revise en el expediente o en \u00a0los \u00a0expedientes \u00a0que \u00a0sobre la participaci\u00f3n de la Senadora Piedad C\u00f3rdoba en \u00a0el \u00a0Simposio \u00a0de \u00a0M\u00e9xico \u00a0en \u00a0el \u00a0a\u00f1o \u00a02007 se abrieron en la Corte Suprema de \u00a0Justicia,\u00a0 \u00a0si \u00a0existe la compulsa de copias motivo de esta diligencia y si \u00a0en \u00a0esos expedientes aparece alg\u00fan elemento probatorio que pueda servir al caso \u00a0que \u00a0 era \u00a0 el \u00a0 objeto \u00a0 de \u00a0 la \u00a0diligencia \u00a0en \u00a0el \u00a0d\u00eda \u00a0de \u00a0hoy\u201d.\u00a0 \u00a0 \u00a0\u00a0<\/p>\n<p>\u00a0 \u00a0\u00a0<\/p>\n<p>1. Se \u00a0autorice que los desplazamientos necesarios para su asistencia a \u00a0las \u00a0diligencias \u00a0citadas \u00a0por la Corte los pueda hacer aportando el transporte, \u00a0por \u00a0 \u00a0cuanto \u00a0 \u00a0en \u00a0 \u00a0el \u00a0 \u00a0INPEC \u00a0 \u00a0se \u00a0 \u00a0presentan \u00a0 \u00a0dificultades \u00a0 con \u00a0 la \u00a0destinaci\u00f3n. \u00a0 \u00a0\u00a0<\/p>\n<p>\u00a0 \u00a0\u00a0<\/p>\n<p>1. Se \u00a0le \u00a0entregue en calidad de pr\u00e9stamo los videos originales de la \u00a0sesi\u00f3n \u00a0del \u00a025 \u00a0de marzo de 2008, que est\u00e1n en poder la Corte por entrega que \u00a0le \u00a0hizo \u00a0el \u00a0Senado \u00a0de \u00a0la \u00a0Rep\u00fablica \u00a0y \u00a0que \u00a0ya \u00a0fueron \u00a0analizados por los \u00a0investigadores, \u00a0esto \u00a0con \u00a0el \u00a0fin \u00a0de ejercer el derecho de contradicci\u00f3n del \u00a0peritaje que se hizo. \u00a0 \u00a0\u00a0<\/p>\n<p>En \u00a0cuanto \u00a0a \u00a0la primera solicitud\u00a0 que \u00a0constituye \u00a0reiteraci\u00f3n \u00a0probatoria, que, valga anotar, ya hab\u00eda sido resuelta \u00a0desfavorablemente \u00a0por \u00a0la \u00a0Corte \u00a0en \u00a0la audiencia preparatoria, la cual no fue \u00a0recurrida \u00a0por la defensa en su oportunidad procesal, incluso se\u00f1al\u00f3 que sobre \u00a0este \u00a0tema \u00a0no\u00a0 \u00a0insistir\u00eda,\u00a0 \u00a0la Sala se abstendr\u00e1 de considerarla, \u00a0por improcedente, adem\u00e1s de ser abiertamente extempor\u00e1nea. \u00a0\u00a0<\/p>\n<p>S\u00ed \u00a0 accede \u00a0 la \u00a0Sala \u00a0a \u00a0verificar, \u00a0por \u00a0Secretar\u00eda \u00a0y \u00a0conforme \u00a0al art\u00edculo de prensa anexo a la inspecci\u00f3n judicial \u00a0que \u00a0fuera \u00a0suministrado por la procesada, si se compulsaron,\u00a0 por parte de \u00a0la \u00a0Corte, \u00a0algunas copias en contra del ex fiscal y ex embajador en M\u00e9xico Dr. \u00a0LUIS \u00a0CAMILO \u00a0OSORIO \u00a0ISAZA; \u00a0caso \u00a0afirmativo \u00a0se verificar\u00e1 la existencia del \u00a0proceso \u00a0en \u00a0la \u00a0comisi\u00f3n \u00a0de \u00a0Investigaci\u00f3n \u00a0y \u00a0Acusaci\u00f3n \u00a0de \u00a0la C\u00e1mara de \u00a0Representantes y se proceder\u00e1 a su inspecci\u00f3n.\u00a0 \u00a0\u00a0<\/p>\n<p>Sobre \u00a0la segunda petici\u00f3n considera la Sala \u00a0que \u00a0es \u00a0un \u00a0asunto\u00a0 \u00a0que \u00a0ata\u00f1e \u00a0\u00fanica \u00a0y exclusivamente a la Direcci\u00f3n \u00a0del\u00a0 \u00a0INPEC, \u00a0organismo encargado de la seguridad en los desplazamientos de \u00a0la \u00a0procesada \u00a0y \u00a0es \u00a0all\u00ed \u00a0donde debe dirigirse, si como lo manifiesta, se han \u00a0presentado \u00a0deficiencias \u00a0en \u00a0el \u00a0servicio; \u00a0de \u00a0ah\u00ed \u00a0que no encuentra la Corte \u00a0viable \u00a0 ni \u00a0 procedente \u00a0 autorizar \u00a0 la \u00a0 petici\u00f3n \u00a0que \u00a0es \u00a0elevada \u00a0por \u00a0la \u00a0procesada. \u00a0\u00a0<\/p>\n<p>En \u00a0atenci\u00f3n \u00a0a \u00a0la \u00a0tercera \u00a0solicitud \u00a0se \u00a0autoriza la entrega de copias de los mencionados videos. \u00a0\u00a0<\/p>\n<p>Contra \u00a0 \u00a0esta \u00a0 \u00a0providencia \u00a0 no \u00a0 cabe \u00a0recurso. \u00a0\u00a0<\/p>\n<p>COMUN\u00cdQUESE Y C\u00daMPLASE \u00a0<\/p>\n<p>JOS\u00c9 \u00a0LEONIDAS \u00a0BUSTOS MART\u00cdNEZ \u00a0\u00a0<\/p>\n<p>JOS\u00c9 \u00a0LUIS \u00a0BARCEL\u00d3 \u00a0CAMACHO \u00a0 \u00a0 \u00a0 \u00a0\u00a0 \u00a0 \u00a0 \u00a0 \u00a0\u00a0 \u00a0 \u00a0 \u00a0 \u00a0\u00a0 \u00a0 \u00a0 \u00a0 \u00a0\u00a0\u00a0\u00a0\u00a0\u00a0\u00a0\u00a0\u00a0\u00a0\u00a0\u00a0\u00a0\u00a0\u00a0\u00a0\u00a0\u00a0\u00a0\u00a0\u00a0\u00a0\u00a0\u00a0\u00a0\u00a0\u00a0\u00a0\u00a0\u00a0 \u00a0FERNANDO A. CASTRO CABALLERO \u00a0\u00a0<\/p>\n<p>SIGIFREDO \u00a0 \u00a0 \u00a0 \u00a0 \u00a0ESPINOSA \u00a0P\u00c9REZ\u00a0\u00a0\u00a0\u00a0\u00a0\u00a0\u00a0\u00a0\u00a0\u00a0\u00a0\u00a0\u00a0\u00a0\u00a0\u00a0\u00a0\u00a0\u00a0\u00a0\u00a0\u00a0\u00a0 \u00a0MAR\u00cdA DEL ROSARIO GONZ\u00c1LEZ MU\u00d1OZ \u00a0\u00a0<\/p>\n<p>AUGUSTO \u00a0 \u00a0 \u00a0 J. \u00a0 \u00a0 \u00a0 IB\u00c1\u00d1EZ \u00a0GUZM\u00c1N\u00a0\u00a0\u00a0\u00a0\u00a0\u00a0\u00a0\u00a0\u00a0\u00a0\u00a0\u00a0\u00a0\u00a0\u00a0\u00a0\u00a0\u00a0\u00a0\u00a0\u00a0\u00a0\u00a0\u00a0\u00a0\u00a0\u00a0\u00a0\u00a0\u00a0\u00a0\u00a0\u00a0\u00a0\u00a0\u00a0\u00a0 \u00a0LUIS GUILLERMO SALAZAR OTERO \u00a0\u00a0<\/p>\n<p>Excusa justificada \u00a0<\/p>\n<p>JULIO \u00a0 \u00a0 \u00a0ENRIQUE\u00a0 \u00a0 \u00a0 \u00a0SOCHA \u00a0SALAMANCA\u00a0\u00a0\u00a0\u00a0\u00a0\u00a0\u00a0\u00a0\u00a0\u00a0\u00a0\u00a0\u00a0\u00a0\u00a0\u00a0\u00a0\u00a0\u00a0\u00a0\u00a0\u00a0\u00a0\u00a0\u00a0\u00a0 \u00a0JAVIER DE JES\u00daS ZAPATA ORTIZ \u00a0\u00a0<\/p>\n<p>Excusa justificada \u00a0<\/p>\n<p>Nubia Yolanda Nova \u00a0Garc\u00eda \u00a0\u00a0<\/p>\n<p>Secretaria \u00a0<\/p>\n<p>\u00a0 \u00a0\u00a0<\/p>\n<p><\/p>\n","protected":false},"excerpt":{"rendered":"<p>\u00a0 \u00a0 Proceso \u00a0 \u00a0 n\u00ba \u00a035331 \u00a0\u00a0 CORTE \u00a0 SUPREMA \u00a0 DE \u00a0JUSTICIA \u00a0\u00a0 SALA DE CASACI\u00d3N PENAL \u00a0 Bogot\u00e1, D. C.,\u00a0 veintiuno (21) de marzo \u00a0de dos mil doce (2012). \u00a0\u00a0 La \u00a0doctora \u00a0NANCY \u00a0PATRICIA \u00a0GUTIERREZ \u00a0CASTA\u00d1EDA\u00a0 \u00a0en \u00a0diligencia \u00a0de \u00a0inspecci\u00f3n \u00a0judicial \u00a0llevada a cabo el 8 de marzo del a\u00f1o que \u00a0avanza, [&hellip;]<\/p>\n","protected":false},"author":1,"featured_media":0,"comment_status":"open","ping_status":"open","sticky":false,"template":"","format":"standard","meta":{"footnotes":""},"categories":[20],"tags":[],"class_list":["post-23616","post","type-post","status-publish","format-standard","hentry","category-20"],"_links":{"self":[{"href":"https:\/\/dmsjuridica.com\/buscador_20179478954\/salapenalcronologico20230723\/wp-json\/wp\/v2\/posts\/23616","targetHints":{"allow":["GET"]}}],"collection":[{"href":"https:\/\/dmsjuridica.com\/buscador_20179478954\/salapenalcronologico20230723\/wp-json\/wp\/v2\/posts"}],"about":[{"href":"https:\/\/dmsjuridica.com\/buscador_20179478954\/salapenalcronologico20230723\/wp-json\/wp\/v2\/types\/post"}],"author":[{"embeddable":true,"href":"https:\/\/dmsjuridica.com\/buscador_20179478954\/salapenalcronologico20230723\/wp-json\/wp\/v2\/users\/1"}],"replies":[{"embeddable":true,"href":"https:\/\/dmsjuridica.com\/buscador_20179478954\/salapenalcronologico20230723\/wp-json\/wp\/v2\/comments?post=23616"}],"version-history":[{"count":0,"href":"https:\/\/dmsjuridica.com\/buscador_20179478954\/salapenalcronologico20230723\/wp-json\/wp\/v2\/posts\/23616\/revisions"}],"wp:attachment":[{"href":"https:\/\/dmsjuridica.com\/buscador_20179478954\/salapenalcronologico20230723\/wp-json\/wp\/v2\/media?parent=23616"}],"wp:term":[{"taxonomy":"category","embeddable":true,"href":"https:\/\/dmsjuridica.com\/buscador_20179478954\/salapenalcronologico20230723\/wp-json\/wp\/v2\/categories?post=23616"},{"taxonomy":"post_tag","embeddable":true,"href":"https:\/\/dmsjuridica.com\/buscador_20179478954\/salapenalcronologico20230723\/wp-json\/wp\/v2\/tags?post=23616"}],"curies":[{"name":"wp","href":"https:\/\/api.w.org\/{rel}","templated":true}]}}