{"id":23600,"date":"2023-09-12T17:20:05","date_gmt":"2023-09-12T17:20:05","guid":{"rendered":"https:\/\/dmsjuridica.com\/buscador_20179478954\/salapenalcronologico20230723\/2023\/09\/12\/3522721-02-12\/"},"modified":"2023-09-12T17:20:05","modified_gmt":"2023-09-12T17:20:05","slug":"3522721-02-12","status":"publish","type":"post","link":"https:\/\/dmsjuridica.com\/buscador_20179478954\/salapenalcronologico20230723\/2023\/09\/12\/3522721-02-12\/","title":{"rendered":"35227(21-02-12)"},"content":{"rendered":"\n<p>\u00a0 \u00a0 \u00a0\u00a0<\/p>\n<p>Proceso \u00a0n.\u00ba \u00a035227 \u00a0\u00a0<\/p>\n<p>CORTE \u00a0 SUPREMA \u00a0 DE \u00a0JUSTICIA \u00a0\u00a0<\/p>\n<p>SALA \u00a0 \u00a0 \u00a0DE \u00a0CASACI\u00d3N \u00a0PENAL \u00a0\u00a0<\/p>\n<p>Bogot\u00e1, \u00a0D.C. \u00a0Febrero veintiuno (21) de dos mil doce (2012). \u00a0\u00a0<\/p>\n<p>Mediante \u00a0 memorial \u00a0 radicado \u00a0 en \u00a0 la \u00a0secretar\u00eda \u00a0 de \u00a0 la \u00a0 Sala \u00a0 el \u00a0 d\u00eda \u00a009 \u00a0de \u00a0febrero \u00a0de \u00a0la \u00a0presente \u00a0anualidad, \u00a0por \u00a0el apoderado \u00a0del \u00a0 encausado \u00a0 JES\u00daS \u00a0MAR\u00cdA \u00a0 \u00a0 \u00a0L\u00d3PEZ \u00a0G\u00d3MEZ, \u00a0solicita \u00a0se \u00a0le \u00a0conceda \u00a0a su prohijado la \u00a0medida \u00a0sustitutiva \u00a0de \u00a0la \u00a0prisi\u00f3n domiciliaria, de \u00a0conformidad \u00a0con \u00a0las \u00a0disposiciones \u00a0legales, \u00a0invocando \u00a0para ello: \u00a0\u00a0<\/p>\n<p>\u201c\u2026que \u00a0 se \u00a0de \u00a0 continuidad \u00a0 a \u00a0la \u00a0sanci\u00f3n \u00a0 de \u00a0 prisi\u00f3n \u00a0domiciliaria\u2026concedida \u00a0por \u00a0la \u00a0sala \u00a0penal \u00a0de \u00a0la corte suprema de justicia \u00a0dentro \u00a0 del \u00a0 radicado \u00a02009-00090, \u00a0en \u00a0el \u00a0cual \u00a0se \u00a0le \u00a0conden\u00f3 \u00a0 como \u00a0 autor \u00a0 penalmente \u00a0 responsable \u00a0 de \u00a0 los \u00a0 delitos \u00a0de \u00a0celebraci\u00f3n \u00a0de \u00a0contrato \u00a0sin \u00a0cumplimiento \u00a0de los \u00a0requisitos \u00a0legales \u00a0y peculado por apropiaci\u00f3n, \u00a0bajo \u00a0el \u00a0entendido \u00a0de \u00a0que se \u00a0encuentra \u00a0en \u00a0un grave y delicado estado de salud diagnosticada desde el mes de \u00a0mayo \u00a0de 2009, y que hasta la fecha implica un compromiso serio de las funciones \u00a0mentales \u00a0 y \u00a0 motoras \u00a0 del \u00a0movimiento \u00a0debidas \u00a0a \u00a0la \u00a0progresi\u00f3n \u00a0 de \u00a0 la \u00a0enfermedad \u00a0de \u00a0alzheimer \u00a0y parkinson; situaci\u00f3n que \u00a0ha \u00a0sido \u00a0diagnosticada \u00a0y \u00a0tratada \u00a0por \u00a0el \u00a0m\u00e9dico \u00a0especialista en neurolog\u00eda\u2026\u201d \u00a0\u00a0<\/p>\n<p>Como fundamento de su pretensi\u00f3n \u00a0invoca \u00a0el \u00a0memorialista \u00a0las causales de suspensi\u00f3n \u00a0de la detenci\u00f3n preventiva, previstas \u00a0en \u00a0 los \u00a0numerales \u00a01 \u00a0y \u00a03 \u00a0del \u00a0art\u00edculo \u00a0362 de la ley 600 de 2000, atendiendo al hecho de su avanzada \u00a0edad \u00a0\u2013 85 a\u00f1os \u00a0 &#8211; \u00a0 y \u00a0 sus \u00a0 precarias \u00a0 condiciones \u00a0de \u00a0salud; \u00a0igualmente, \u00a0\u201cque se de continuidad a \u00a0la \u00a0 \u00a0 \u00a0 \u00a0sanci\u00f3n \u00a0 \u00a0 \u00a0 \u00a0de \u00a0 \u00a0 \u00a0 prisi\u00f3n \u00a0 \u00a0 domiciliaria\u201d \u00a0concedida \u00a0por la Sala cuando se le \u00a0conden\u00f3 \u00a0 como \u00a0 autor \u00a0penalmente \u00a0responsable de los delitos de celebraci\u00f3n \u00a0de \u00a0 contrato \u00a0sin \u00a0cumplimiento \u00a0de \u00a0los \u00a0requisitos \u00a0legales \u00a0y \u00a0peculado \u00a0por \u00a0apropiaci\u00f3n, \u00a0 con \u00a0 fundamento \u00a0 en \u00a0 las \u00a0 mismas \u00a0circunstancias de edad y grave estado de enfermedad. \u00a0\u00a0<\/p>\n<p>Para \u00a0 \u00a0resolver \u00a0 \u00a0se \u00a0 \u00a0considera: \u00a0\u00a0<\/p>\n<p>En la sentencia condenatoria proferida contra \u00a0el \u00a0 \u00a0se\u00f1or \u00a0 \u00a0JES\u00daS \u00a0MAR\u00cdA \u00a0 \u00a0 \u00a0L\u00d3PEZ \u00a0G\u00d3MEZ \u00a0y \u00a0otros \u00a0por \u00a0el \u00a0delito \u00a0de \u00a0concierto para \u00a0delinquir \u00a0agravado, \u00a0la \u00a0Sala \u00a0dispuso en el ac\u00e1pite \u00a0pertinente \u00a0 a \u00a0la \u00a0situaci\u00f3n \u00a0de \u00a0libertad \u00a0de \u00a0los \u00a0procesados, \u00a0 \u00a0la \u00a0 \u00a0improcedencia \u00a0 del \u00a0 mecanismo \u00a0sustitutivo \u00a0 de \u00a0 la \u00a0 prisi\u00f3n \u00a0 intramural, \u00a0 por \u00a0considerarse \u00a0 fallido \u00a0 el \u00a0 requisito \u00a0 objetivo \u00a0 exigido \u00a0 en \u00a0 el \u00a0 numeral \u00a01\u00ba \u00a0del \u00a0art\u00edculo 38 del \u00a0c\u00f3digo \u00a0de \u00a0las \u00a0penas que exige que la sentencia se \u00a0imponga \u00a0 por \u00a0conducta \u00a0punible \u00a0cuya \u00a0pena \u00a0m\u00ednima \u00a0prevista \u00a0en \u00a0la \u00a0ley sea de \u00a0cinco \u00a0(5) a\u00f1os de prisi\u00f3n \u00a0o \u00a0menos, \u00a0condici\u00f3n \u00a0que \u00a0permanece invariable a lo \u00a0largo \u00a0de \u00a0la \u00a0ejecuci\u00f3n \u00a0de \u00a0la \u00a0pena \u00a0mientras \u00a0el \u00a0legislador \u00a0no \u00a0modifique \u00a0el quantum de la misma o los requisitos del instituto \u00a0de la prisi\u00f3n domiciliaria. \u00a0\u00a0<\/p>\n<p>Ahora, \u00a0 \u00a0no \u00a0 es \u00a0 cierto, \u00a0como \u00a0lo \u00a0postula \u00a0la \u00a0defensa del ex Gobernador L\u00d3PEZ \u00a0 \u00a0G\u00d3MEZ, \u00a0 \u00a0que \u00a0 \u00a0la \u00a0 \u00a0Corte \u00a0le \u00a0 \u00a0haya \u00a0 \u00a0otorgado \u00a0 \u00a0en \u00a0 \u00a0pret\u00e9rita \u00a0 \u00a0oportunidad \u00a0 \u00a0el \u00a0 \u00a0subrogado \u00a0 \u00a0de \u00a0 \u00a0la \u00a0 \u00a0prisi\u00f3n \u00a0 \u00a0domiciliaria, \u00a0pues \u00a0uno \u00a0de \u00a0los \u00a0delitos por los cuales fue condenado, es el \u00a0de \u00a0 peculado, \u00a0que \u00a0no \u00a0admite \u00a0 esa \u00a0 modalidad \u00a0por \u00a0 \u00a0 \u00a0 \u00a0el \u00a0 \u00a0 \u00a0 quantum \u00a0 \u00a0 \u00a0 punitivo; \u00a0 \u00a0 sin \u00a0 \u00a0embargo, \u00a0 \u00a0en \u00a0decisi\u00f3n \u00a0posterior \u00a0y \u00a0dentro \u00a0del t\u00e9rmino \u00a0de notificaci\u00f3n de la sentencia \u00a0condenatoria, \u00a0 la \u00a0Sala \u00a0accedi\u00f3 \u00a0al \u00a0aplazamiento \u00a0 o \u00a0 suspensi\u00f3n \u00a0de \u00a0la \u00a0ejecuci\u00f3n \u00a0de \u00a0la pena1 \u00a0 con \u00a0 fundamento \u00a0 en \u00a0el \u00a0art\u00edculo \u00a0471 \u00a0de \u00a0la \u00a0ley \u00a0600 de 2000, \u00a0 \u00a0en \u00a0concordancia \u00a0 con \u00a0 el \u00a0 numeral \u00a0 3\u00ba \u00a0 \u00a0 \u00a0 del \u00a0 \u00a0 \u00a0 art\u00edculo \u00a0362 \u00a0ib\u00eddem, \u00a0previsto \u00a0para \u00a0los eventos de grave enfermedad. \u00a0\u00a0<\/p>\n<p>El \u00a0 \u00a0 presupuesto \u00a0 \u00a0f\u00e1ctico \u00a0de la norma que invoca la defensa, se encuentra previsto en \u00a0el \u00a0 \u00a0 art\u00edculo \u00a0 \u00a0 68 \u00a0 \u00a0del \u00a0 \u00a0C\u00f3digo Penal que prescribe: \u00a0\u00a0<\/p>\n<p>\u201cRECLUSION \u00a0DOMICILIARIA \u00a0U \u00a0HOSPITALARIA \u00a0POR \u00a0ENFERMEDAD \u00a0MUY \u00a0GRAVE. \u00a0 \u00a0 El \u00a0 \u00a0juez \u00a0 \u00a0podr\u00e1 \u00a0 \u00a0autorizar \u00a0 \u00a0la \u00a0ejecuci\u00f3n de la pena privativa de la libertad en la \u00a0residencia \u00a0del \u00a0penado \u00a0o centro hospitalario determinado por el INPEC, en caso \u00a0que \u00a0 \u00a0se \u00a0 \u00a0encuentre \u00a0 aquejado \u00a0 por \u00a0 una \u00a0 enfermedad \u00a0 muy \u00a0 grave \u00a0incompatible \u00a0con \u00a0la \u00a0vida \u00a0en \u00a0reclusi\u00f3n \u00a0formal, \u00a0salvo \u00a0que \u00a0en el momento de la \u00a0comisi\u00f3n \u00a0de \u00a0la \u00a0conducta \u00a0tuviese \u00a0ya \u00a0otra \u00a0pena \u00a0suspendida \u00a0por \u00a0el mismo motivo. Cuando el condenado sea quien escoja el centro \u00a0hospitalario, \u00a0 los \u00a0 gastos \u00a0 correr\u00e1n \u00a0 por \u00a0 su \u00a0cuenta. \u00a0\u00a0<\/p>\n<p>Para \u00a0 la \u00a0concesi\u00f3n de este beneficio debe mediar concepto de \u00a0m\u00e9dico legista especializado. \u00a0\u00a0<\/p>\n<p>Se \u00a0aplicar\u00e1 lo \u00a0dispuesto \u00a0 \u00a0en \u00a0 el \u00a0 inciso \u00a0 3 \u00a0 del \u00a0 art\u00edculo \u00a038. \u00a0\u00a0<\/p>\n<p>El Juez ordenar\u00e1 \u00a0ex\u00e1menes \u00a0peri\u00f3dicos al \u00a0sentenciado \u00a0a fin de determinar si la situaci\u00f3n que \u00a0dio \u00a0lugar a la concesi\u00f3n \u00a0de la medida persiste. \u00a0\u00a0<\/p>\n<p>En \u00a0 el \u00a0 evento \u00a0 de \u00a0 que \u00a0 la \u00a0 prueba \u00a0m\u00e9dica \u00a0 \u00a0arroje \u00a0 \u00a0evidencia \u00a0 \u00a0de \u00a0 \u00a0que \u00a0 \u00a0la \u00a0patolog\u00eda que padece el sentenciado ha evolucionado \u00a0al \u00a0punto \u00a0que \u00a0su \u00a0tratamiento \u00a0sea \u00a0compatible \u00a0con \u00a0la \u00a0reclusi\u00f3n \u00a0 \u00a0 \u00a0formal, \u00a0 \u00a0 revocar\u00e1 \u00a0 \u00a0 la \u00a0medida. \u00a0\u00a0<\/p>\n<p>Si \u00a0 cumplido \u00a0el \u00a0tiempo \u00a0impuesto \u00a0 \u00a0como \u00a0 \u00a0pena \u00a0 \u00a0privativa \u00a0 \u00a0de \u00a0 \u00a0la \u00a0 \u00a0libertad, \u00a0 \u00a0la \u00a0condici\u00f3n \u00a0 \u00a0 de \u00a0 \u00a0 salud \u00a0 \u00a0del \u00a0 \u00a0sentenciado \u00a0contin\u00faa \u00a0presentando \u00a0las \u00a0caracter\u00edsticas \u00a0 \u00a0 \u00a0que \u00a0 \u00a0 justificaron \u00a0 \u00a0 su \u00a0 \u00a0 suspensi\u00f3n, \u00a0 se \u00a0 declarar\u00e1 \u00a0 extinguida \u00a0la \u00a0sanci\u00f3n. \u00a0\u00a0<\/p>\n<p>Tal \u00a0presupuesto se encuentra acreditado en \u00a0la \u00a0 \u00a0 foliatura \u00a0 \u00a0 a \u00a0 \u00a0 trav\u00e9s \u00a0 \u00a0del \u00a0 \u00a0 \u00a0 \u00a0oficio \u00a0 \u00a0 \u00a0 \u00a0n\u00famero \u00a0DSCORD-DRNROCC-0287-2012 \u00a0de \u00a0fecha \u00a016 \u00a0de \u00a0febrero \u00a0de \u00a02012, \u00a0signado \u00a0por el \u00a0Asistente \u00a0III \u00a0del \u00a0Instituto Nacional de Medicina Legal y Ciencias Forenses de \u00a0la \u00a0 Seccional \u00a0 C\u00f3rdoba, \u00a0 mediante \u00a0el \u00a0cual \u00a0se \u00a0remiti\u00f3 \u00a0a la Direcci\u00f3n \u00a0Seccional \u00a0del \u00a0CTI, en 15 \u00a0folios, \u00a0el \u00a0informe \u00a0t\u00e9cnico Medico Legal de Estado \u00a0de \u00a0Salud \u00a0a \u00a0nombre \u00a0del \u00a0se\u00f1or \u00a0JES\u00daS \u00a0 \u00a0 \u00a0MAR\u00cdA \u00a0 \u00a0 \u00a0L\u00d3PEZ \u00a0G\u00d3MEZ, \u00a0obrante a folios 492-499 \u00a0del \u00a0cuaderno 39 de la presente actuaci\u00f3n, en el que \u00a0se consigna: \u00a0\u00a0<\/p>\n<p>\u201c \u00a0DISCUSI\u00d3N \u00a0Y \u00a0AN\u00c1LISIS. \u00a0\u201cPaciente \u00a0de \u00a0avanzada \u00a0edad, \u00a084 a\u00f1os, \u00a0 con \u00a0 previos \u00a0ex\u00e1menes \u00a0m\u00e9dico legales realizados en el \u00a0a\u00f1o \u00a02009, \u00a0desde los cuales se anotan las diversas \u00a0patolog\u00edas \u00a0 que \u00a0lo \u00a0afectan, \u00a0adem\u00e1s \u00a0de \u00a0otras \u00a0patolog\u00edas \u00a0de reciente \u00a0aparici\u00f3n \u00a0, tales como: 1) Cardiopat\u00eda \u00a0que requiri\u00f3 aplicaci\u00f3n \u00a0de \u00a0marcapaso definitivo, \u00a0por \u00a0bloqueo \u00a0A-V \u00a0completo, \u00a02) \u00a0Trastorno Extrapiramidal, con \u00a0temblor \u00a0mixto \u00a0(parkinsoniano o postural), con compromiso de la marcha y de los \u00a0reflejos\u00a0 \u00a0posturales, \u00a03) \u00a0Hipertiroidismo, \u00a04) \u00a0Anemia \u00a0apl\u00e1stica, \u00a0 \u00a05) \u00a0 \u00a0D\u00e9ficit \u00a0 cognitivo \u00a0progresivo \u00a0 \u00a0compatible \u00a0 con \u00a0 enfermedad \u00a0 de \u00a0 Alzhaimer, \u00a0para \u00a0las \u00a0cuales \u00a0recibe \u00a0m\u00faltiples \u00a0 medicamentos, \u00a0requiriendo \u00a0de \u00a0control \u00a0permanente \u00a0por \u00a0m\u00e9dicos \u00a0 \u00a0especialistas \u00a0 \u00a0de \u00a0 las \u00a0 diferentes \u00a0\u00e1reas. \u00a0Al \u00a0comparar con el examen realizado en los \u00a0informes \u00a0periciales \u00a0previos, \u00a0es \u00a0evidente \u00a0el \u00a0deterioro neurol\u00f3gico \u00a0y \u00a0cognitivo \u00a0que \u00a0presenta \u00a0el \u00a0examinado, \u00a0quien depende en gran medida de la asistencia de sus familiares para \u00a0realizar \u00a0 \u00a0 \u00a0sus \u00a0 \u00a0 \u00a0actividades \u00a0 \u00a0 \u00a0b\u00e1sicas \u00a0cotidianas\u2026La \u00a0 \u00a0 \u00a0 \u00a0conjunci\u00f3n \u00a0 de \u00a0 todas \u00a0 estas \u00a0patolog\u00edas \u00a0y \u00a0afecciones \u00a0 determinan \u00a0 que \u00a0 este \u00a0 paciente \u00a0presenta \u00a0unas \u00a0condiciones \u00a0 \u00a0 \u00a0 \u00a0cl\u00ednicas predisponentes para padecer \u00a0\u00a0<\/p>\n<p>un \u00a0 probable \u00a0 evento \u00a0cardiovascular \u00a0o \u00a0cerebro-vascular \u00a0 \u00a0que \u00a0 \u00a0pondr\u00eda \u00a0 \u00a0en \u00a0 riesgo \u00a0inminente\u00a0 \u00a0su \u00a0salud y su vida\u2026 C O N C L U S \u00a0I \u00a0\u00d3 \u00a0N: \u00a0Todo lo anotado anteriormente nos permite \u00a0conceptuar \u00a0 \u00a0que \u00a0 el \u00a0 se\u00f1or \u00a0 JES\u00daS \u00a0 \u00a0 \u00a0MAR\u00cdA \u00a0 \u00a0 \u00a0L\u00d3PEZ G\u00d3MEZ, \u00a0en \u00a0la \u00a0fecha del examen actual 13-febrero de 2012, presenta un Estado Grave por \u00a0Enfermedad, \u00a0 el \u00a0 cual \u00a0 es \u00a0 incompatible \u00a0 con \u00a0 la \u00a0 internaci\u00f3n en un centro carcelario.\u201d \u00a0\u00a0<\/p>\n<p>As\u00ed las cosas, \u00a0la \u00a0Sala \u00a0autorizar\u00e1, de \u00a0conformidad \u00a0 \u00a0con \u00a0 \u00a0la \u00a0 \u00a0norma \u00a0 \u00a0citada \u00a0 \u00a0y \u00a0 \u00a0la \u00a0 \u00a0evaluaci\u00f3n \u00a0m\u00e9dico \u00a0legal \u00a0acreditada, la ejecuci\u00f3n de la pena privativa \u00a0de \u00a0la \u00a0libertad \u00a0en \u00a0la \u00a0residencia del penado, previa constituci\u00f3n \u00a0de \u00a0la \u00a0cauci\u00f3n a que se refiere el \u00a0numeral \u00a03 \u00a0del \u00a0art\u00edculo \u00a038 \u00a0del \u00a0C\u00f3digo \u00a0 Penal, \u00a0 como \u00a0 lo \u00a0 ordena \u00a0el \u00a0art\u00edculo 68 en cita, con \u00a0el \u00a0 fin \u00a0 de \u00a0garantizar \u00a0el \u00a0cumplimiento \u00a0de \u00a0las \u00a0obligaciones \u00a0 all\u00ed \u00a0 previstas, \u00a0 advirtiendo \u00a0la \u00a0improcedencia \u00a0en \u00a0este \u00a0caso \u00a0de \u00a0la \u00a0causal 3\u00ba del \u00a0art\u00edculo \u00a0362 \u00a0de la ley 600 de 2000\u00a0 invocada \u00a0por \u00a0 el \u00a0 representante \u00a0judicial \u00a0para \u00a0acceder \u00a0a \u00a0la \u00a0suspensi\u00f3n \u00a0 \u00a0de \u00a0 \u00a0la \u00a0 \u00a0privaci\u00f3n \u00a0 de \u00a0 la \u00a0libertad de su prohijado \u00a0por \u00a0tratarse \u00a0de una persona mayor de 65 a\u00f1os, pues \u00a0dicha \u00a0 \u00a0previsi\u00f3n \u00a0 normativa \u00a0 condiciona \u00a0 tal \u00a0circunstancia \u00a0 \u00a0a \u00a0 \u00a0que \u00a0 \u00a0la \u00a0 \u00a0\u201cpersonalidad \u00a0y \u00a0la \u00a0naturaleza \u00a0o \u00a0la \u00a0modalidad \u00a0de \u00a0la conducta \u00a0punible \u00a0hagan \u00a0aconsejable \u00a0la medida\u201d, \u00a0 \u00a0 \u00a0teni\u00e9ndose \u00a0 \u00a0 que \u00a0 \u00a0 los \u00a0criterios \u00a0considerados \u00a0por la Corte en \u00a0su \u00a0momento, al valorar la responsabilidad del ex Gobernador del \u00a0Departamento \u00a0de C\u00f3rdoba en los hechos imputados, lo \u00a0hicieron \u00a0acreedor \u00a0al \u00a0m\u00e1ximo reproche penal en el \u00a0marco \u00a0 de \u00a0 punibilidad \u00a0 seleccionado, \u00a0 atendida \u00a0 la \u00a0 responsabilidad \u00a0para \u00a0con \u00a0la \u00a0sociedad \u00a0y \u00a0el \u00a0Estado \u00a0 \u00a0 que \u00a0 \u00a0 se \u00a0 \u00a0 desprend\u00edan \u00a0 \u00a0de \u00a0 \u00a0su \u00a0investidura. \u00a0\u00a0<\/p>\n<p>Para \u00a0 \u00a0 finalizar, \u00a0 \u00a0 llama \u00a0 \u00a0 la \u00a0atenci\u00f3n de la Sala la circunstancia evidenciada en \u00a0el \u00a0 actual \u00a0 tr\u00e1mite, \u00a0 en \u00a0 relaci\u00f3n \u00a0con \u00a0el cumplimiento de la pena derivada de la condena impuesta \u00a0contra el ex Gobernador, mediante sentencia del 4 de \u00a0febrero \u00a0de \u00a02009, \u00a0pues \u00a0se \u00a0advierte \u00a0que \u00a0el Juzgado de Ejecuci\u00f3n \u00a0de \u00a0Penas \u00a0y \u00a0Medidas \u00a0de \u00a0Seguridad \u00a0del \u00a0Circuito Judicial de \u00a0Monter\u00eda, \u00a0 \u00a0luego \u00a0 de \u00a0 otorgarle \u00a0 al \u00a0 penado \u00a0JES\u00daS \u00a0 MAR\u00cdA \u00a0LOPEZ \u00a0G\u00d3MEZ \u00a0 el \u00a0beneficio \u00a0de \u00a0la \u00a0PRISI\u00d3N \u00a0 \u00a0 \u00a0 \u00a0 \u00a0 \u00a0 DOMICILIARIA \u00a0 \u201cporque \u00a0 un \u00a0galeno \u00a0oficial \u00a0 diagnostic\u00f3 \u00a0 su \u00a0 delicado \u00a0 estado \u00a0de \u00a0salud\u201d, \u00a0 dispuso \u00a0a \u00a0trav\u00e9s \u00a0de \u00a0sendas \u00a0decisiones \u00a0proferidas \u00a0el 7 de \u00a0abril \u00a0de \u00a02009 \u00a0y \u00a0luego \u00a0el 8 del mismo mes y a\u00f1o, \u00a0virtualmente \u00a0 la \u00a0 inejecuci\u00f3n \u00a0de \u00a0la \u00a0pena, \u00a0al \u00a0concederle \u00a0PERMISO \u00a0PARA \u00a0TRABAJAR \u00a0en \u00a0su \u00a0oficina \u00a0\u201c\u2026tiempo \u00a0completo \u00a0durante \u00a0 \u00a0todos \u00a0 \u00a0los \u00a0 \u00a0d\u00edas \u00a0 h\u00e1biles \u00a0 de \u00a0la \u00a0semana\u201d, \u00a0 y, \u00a0 con \u00a0 los \u00a0 mismos \u00a0 fines, \u00a0 para \u00a0visitar, \u00a0\u201ctodos \u00a0los \u00a0fines \u00a0de \u00a0semana, \u00a0sus \u00a0fincas \u00a0\u201clas \u00a0olas\u201d, \u00a0\u201cla \u00a0 \u00a0 playa\u201d, \u00a0\u201clas \u00a0 negritas\u201d, \u00a0\u201cflor \u00a0 \u00a0 \u00a0 \u00a0 de \u00a0 \u00a0 \u00a0 \u00a0 mar\u00eda\u201d \u00a0 \u00a0 \u00a0 y \u00a0 \u00a0 \u00a0\u201cla \u00a0 cruz\u2026por \u00a0supuesto \u00a0pernoctando \u00a0en \u00a0 \u00a0alguno \u00a0 \u00a0de \u00a0 \u00a0sus \u00a0 predios\u201d, \u00a0en circunstancias incompatibles con \u00a0la \u00a0 \u00a0norma \u00a0 \u00a0que \u00a0 \u00a0autoriza \u00a0 \u00a0su \u00a0 \u00a0reclusi\u00f3n \u00a0domiciliaria,\u00a0 \u00a0 \u00a0 su \u00a0 \u00a0actual \u00a0 \u00a0condici\u00f3n \u00a0cl\u00ednica y su avanzada edad, de las que deviene \u00a0de \u00a0manera \u00a0natural \u00a0y obvia la incapacidad para trabajar \u00a0del \u00a0 \u00a0 penado, \u00a0 \u00a0y \u00a0 \u00a0en \u00a0 \u00a0tal \u00a0 \u00a0sentido \u00a0 \u00a0la \u00a0autorizaci\u00f3n \u00a0 \u00a0otorgada \u00a0 \u00a0por \u00a0 \u00a0el \u00a0 \u00a0operador \u00a0judicial no s\u00f3lo resulta \u00a0abiertamente \u00a0contraria \u00a0a los fines de la norma, sino peligrosa para la salud o \u00a0la vida del justiciado. \u00a0\u00a0<\/p>\n<p>En \u00a0 \u00a0estas \u00a0 \u00a0condiciones \u00a0 \u00a0la \u00a0 sala \u00a0compulsar\u00e1 \u00a0 \u00a0 \u00a0copias \u00a0 \u00a0 \u00a0para \u00a0 \u00a0 que \u00a0 \u00a0 se \u00a0investigue \u00a0disciplinaria \u00a0y \u00a0penalmente la conducta en que pudo haber incurrido \u00a0el \u00a0 Juez \u00a0de \u00a0Ejecuci\u00f3n \u00a0de \u00a0Penas \u00a0y \u00a0Medidas \u00a0de \u00a0Seguridad \u00a0del \u00a0Circuito \u00a0de Monter\u00eda, al desatender \u00a0las \u00a0normas \u00a0legales que le imponen la obligaci\u00f3n de \u00a0vigilar el cumplimiento de la pena y sus fines. \u00a0\u00a0<\/p>\n<p>En m\u00e9rito de lo \u00a0expuesto, la Sala de Casaci\u00f3n Penal \u00a0\u00a0<\/p>\n<p>RESUELVE \u00a0<\/p>\n<p>PRIMERO.- \u00a0Autorizarle \u00a0 \u00a0 al \u00a0 \u00a0 sentenciado \u00a0 \u00a0JES\u00daS \u00a0 \u00a0 \u00a0 \u00a0MAR\u00cdA \u00a0 \u00a0 \u00a0L\u00d3PEZ \u00a0 \u00a0 \u00a0G\u00d3MEZ \u00a0 \u00a0 la \u00a0 \u00a0ejecuci\u00f3n \u00a0de \u00a0la \u00a0pena privativa de la libertad impuesta en la sentencia, \u00a0para \u00a0ser \u00a0ejecutada \u00a0en \u00a0su residencia, de \u00a0 conformidad \u00a0 con \u00a0 las \u00a0 razones \u00a0expuestas. \u00a0\u00a0<\/p>\n<p>SEGUNDO.- \u00a0Para \u00a0tales \u00a0efectos, \u00a0el \u00a0Juez \u00a0de \u00a0Ejecuci\u00f3n de Penas y \u00a0Medidas \u00a0de \u00a0Seguridad, \u00a0a \u00a0quien por reparto le corresponda la vigilancia de la \u00a0ejecuci\u00f3n \u00a0de \u00a0la \u00a0sentencia, \u00a0deber\u00e1 \u00a0 \u00a0 \u00a0ordenar \u00a0 \u00a0 los \u00a0 \u00a0 ex\u00e1menes \u00a0peri\u00f3dicos \u00a0 al \u00a0 sentenciado, \u00a0 que \u00a0 ordena \u00a0 el \u00a0inciso \u00a0 \u00a04\u00ba \u00a0 \u00a0del \u00a0art\u00edculo \u00a068 del C\u00f3digo \u00a0Penal. \u00a0\u00a0<\/p>\n<p>TERCERO.- \u00a0Conforme \u00a0 a \u00a0 lo \u00a0 dispuesto \u00a0 en \u00a0el \u00a0numeral \u00a03\u00ba \u00a0del \u00a0 \u00a0art\u00edculo \u00a0 38 \u00a0ib\u00eddem, \u00a0 \u00a0y \u00a0 para \u00a0garantizar \u00a0 las \u00a0 obligaciones \u00a0 all\u00ed \u00a0 \u00a0enunciadas, \u00a0 \u00a0se \u00a0 \u00a0fija \u00a0 \u00a0una \u00a0cauci\u00f3n \u00a0de \u00a0diez \u00a0(10) \u00a0salarios \u00a0m\u00ednimos mensuales legales vigentes. \u00a0\u00a0<\/p>\n<p>CUARTO: \u00a0Ordenar \u00a0la \u00a0expedici\u00f3n \u00a0 de \u00a0 copias \u00a0 con \u00a0 destino \u00a0a \u00a0la \u00a0Fiscal\u00eda \u00a0 General \u00a0 de \u00a0 la \u00a0 Naci\u00f3n \u00a0 y \u00a0 al \u00a0 Consejo \u00a0 Superior \u00a0 de \u00a0la \u00a0Judicatura \u00a0\u2013 \u00a0Sala \u00a0Disciplinaria, \u00a0para que se \u00a0adelanten \u00a0 las \u00a0 investigaciones \u00a0 a \u00a0 que \u00a0 haya \u00a0 lugar \u00a0contra \u00a0el \u00a0Juez \u00a0de \u00a0Ejecuci\u00f3n \u00a0de Penas y Medidas de Seguridad \u00a0 \u00a0 del \u00a0 \u00a0 Circuito \u00a0 \u00a0Judicial \u00a0 \u00a0de \u00a0 \u00a0Monter\u00eda, \u00a0de conformidad con las razones expuestas en la parte motiva de \u00a0esta providencia. \u00a0\u00a0<\/p>\n<p>QUINTO.- \u00a0Por \u00a0Secretar\u00eda, of\u00edciese al \u00a0Instituto \u00a0Nacional \u00a0de \u00a0Medicina \u00a0Legal \u00a0y Ciencias Forenses de la Seccional de \u00a0Monter\u00eda, \u00a0 \u00a0 para \u00a0 \u00a0 que \u00a0 \u00a0se \u00a0 \u00a0sirvan \u00a0remitir, \u00a0a \u00a0la mayor brevedad posible, con destino a este \u00a0proceso, \u00a0 el \u00a0 original \u00a0 de \u00a0 la \u00a0 certificaci\u00f3n \u00a0m\u00e9dico \u00a0legal, soporte de esta decisi\u00f3n. \u00a0\u00a0<\/p>\n<p>Notif\u00edquese \u00a0 \u00a0 \u00a0y \u00a0 \u00a0 \u00a0C\u00famplase \u00a0\u00a0<\/p>\n<p>JOS\u00c9 LEONIDAS \u00a0BUSTOS \u00a0 \u00a0 MART\u00cdNEZ\u00a0\u00a0\u00a0\u00a0\u00a0 \u00a0\u00a0<\/p>\n<p>JOS\u00c9 \u00a0 LUIS \u00a0BARCEL\u00d3 \u00a0 \u00a0CAMACHO\u00a0\u00a0\u00a0 \u00a0 \u00a0FERNANDO \u00a0ALBERTO \u00a0 \u00a0 \u00a0 \u00a0 \u00a0 \u00a0 \u00a0 \u00a0 \u00a0 \u00a0CASTRO \u00a0CABALLERO\u00a0\u00a0\u00a0\u00a0\u00a0\u00a0 \u00a0\u00a0<\/p>\n<p>SIGIFREDO \u00a0 \u00a0ESPINOSA \u00a0 P\u00c9REZ \u00a0 \u00a0 \u00a0 \u00a0 \u00a0 \u00a0 \u00a0 \u00a0\u00a0 \u00a0\u00a0\u00a0\u00a0\u00a0\u00a0\u00a0\u00a0\u00a0\u00a0 \u00a0MAR\u00cdA \u00a0 \u00a0 DEL \u00a0 \u00a0 ROSARIO \u00a0 \u00a0 GONZ\u00c1LEZ MU\u00d1OZ\u00a0\u00a0\u00a0\u00a0\u00a0\u00a0\u00a0\u00a0\u00a0\u00a0 \u00a0\u00a0<\/p>\n<p>AUGUSTO \u00a0 \u00a0 J. \u00a0 \u00a0 IB\u00c1\u00d1EZ GUZM\u00c1N\u00a0\u00a0\u00a0\u00a0\u00a0\u00a0\u00a0\u00a0\u00a0\u00a0\u00a0\u00a0\u00a0\u00a0\u00a0\u00a0\u00a0\u00a0\u00a0 \u00a0LUIS \u00a0 \u00a0 GUILLERMO \u00a0 \u00a0SALAZAR \u00a0 \u00a0OTERO\u00a0\u00a0\u00a0\u00a0\u00a0\u00a0\u00a0 \u00a0\u00a0<\/p>\n<p>JULIO \u00a0 \u00a0 \u00a0 ENRIQUE \u00a0 \u00a0 \u00a0 SOCHA \u00a0SALAMANCA\u00a0\u00a0\u00a0\u00a0\u00a0\u00a0\u00a0\u00a0\u00a0\u00a0\u00a0\u00a0\u00a0\u00a0\u00a0\u00a0\u00a0\u00a0\u00a0\u00a0\u00a0\u00a0\u00a0\u00a0\u00a0\u00a0 JAVIER ZAPATA ORTIZ \u00a0\u00a0<\/p>\n<p>NUBIA \u00a0YOLANDA \u00a0NOVA \u00a0GARC\u00cdA \u00a0\u00a0<\/p>\n<p>Secretaria \u00a0<\/p>\n<p>\u00a0 \u00a0\u00a0<\/p>\n<p>1 \u00a0\u201chasta tanto el m\u00e9dico \u00a0forense \u00a0dictamine que la sanci\u00f3n la puede descontar en un centro de reclusi\u00f3n \u00a0sin \u00a0que \u00a0haya \u00a0riesgo \u00a0para \u00a0su \u00a0vida \u00a0o \u00a0su integridad f\u00edsica.\u201d, \u00a0 decisi\u00f3n \u00a0 del \u00a012 \u00a0de \u00a0febrero \u00a0del \u00a0a\u00f1o \u00a02009.\u00a0 \u00a0 \u00a0\u00a0<\/p>\n<p><\/p>\n","protected":false},"excerpt":{"rendered":"<p>\u00a0 \u00a0 \u00a0\u00a0 Proceso \u00a0n.\u00ba \u00a035227 \u00a0\u00a0 CORTE \u00a0 SUPREMA \u00a0 DE \u00a0JUSTICIA \u00a0\u00a0 SALA \u00a0 \u00a0 \u00a0DE \u00a0CASACI\u00d3N \u00a0PENAL \u00a0\u00a0 Bogot\u00e1, \u00a0D.C. \u00a0Febrero veintiuno (21) de dos mil doce (2012). \u00a0\u00a0 Mediante \u00a0 memorial \u00a0 radicado \u00a0 en \u00a0 la \u00a0secretar\u00eda \u00a0 de \u00a0 la \u00a0 Sala \u00a0 el \u00a0 d\u00eda \u00a009 \u00a0de \u00a0febrero [&hellip;]<\/p>\n","protected":false},"author":1,"featured_media":0,"comment_status":"open","ping_status":"open","sticky":false,"template":"","format":"standard","meta":{"footnotes":""},"categories":[20],"tags":[],"class_list":["post-23600","post","type-post","status-publish","format-standard","hentry","category-20"],"_links":{"self":[{"href":"https:\/\/dmsjuridica.com\/buscador_20179478954\/salapenalcronologico20230723\/wp-json\/wp\/v2\/posts\/23600","targetHints":{"allow":["GET"]}}],"collection":[{"href":"https:\/\/dmsjuridica.com\/buscador_20179478954\/salapenalcronologico20230723\/wp-json\/wp\/v2\/posts"}],"about":[{"href":"https:\/\/dmsjuridica.com\/buscador_20179478954\/salapenalcronologico20230723\/wp-json\/wp\/v2\/types\/post"}],"author":[{"embeddable":true,"href":"https:\/\/dmsjuridica.com\/buscador_20179478954\/salapenalcronologico20230723\/wp-json\/wp\/v2\/users\/1"}],"replies":[{"embeddable":true,"href":"https:\/\/dmsjuridica.com\/buscador_20179478954\/salapenalcronologico20230723\/wp-json\/wp\/v2\/comments?post=23600"}],"version-history":[{"count":0,"href":"https:\/\/dmsjuridica.com\/buscador_20179478954\/salapenalcronologico20230723\/wp-json\/wp\/v2\/posts\/23600\/revisions"}],"wp:attachment":[{"href":"https:\/\/dmsjuridica.com\/buscador_20179478954\/salapenalcronologico20230723\/wp-json\/wp\/v2\/media?parent=23600"}],"wp:term":[{"taxonomy":"category","embeddable":true,"href":"https:\/\/dmsjuridica.com\/buscador_20179478954\/salapenalcronologico20230723\/wp-json\/wp\/v2\/categories?post=23600"},{"taxonomy":"post_tag","embeddable":true,"href":"https:\/\/dmsjuridica.com\/buscador_20179478954\/salapenalcronologico20230723\/wp-json\/wp\/v2\/tags?post=23600"}],"curies":[{"name":"wp","href":"https:\/\/api.w.org\/{rel}","templated":true}]}}