{"id":23443,"date":"2023-09-12T17:19:53","date_gmt":"2023-09-12T17:19:53","guid":{"rendered":"https:\/\/dmsjuridica.com\/buscador_20179478954\/salapenalcronologico20230723\/2023\/09\/12\/3256318-04-12\/"},"modified":"2023-09-12T17:19:53","modified_gmt":"2023-09-12T17:19:53","slug":"3256318-04-12","status":"publish","type":"post","link":"https:\/\/dmsjuridica.com\/buscador_20179478954\/salapenalcronologico20230723\/2023\/09\/12\/3256318-04-12\/","title":{"rendered":"32563(18-04-12)"},"content":{"rendered":"\n<p>\u00a0 \u00a0 \u00a0\u00a0<\/p>\n<p>Proceso n\u00ba 32563 \u00a0<\/p>\n<p>CORTE SUPREMA DE JUSTICIA \u00a0<\/p>\n<p>SALA \u00a0DE \u00a0CASACI\u00d3N \u00a0PENAL \u00a0\u00a0<\/p>\n<p>Magistrado Ponente: \u00a0<\/p>\n<p>JOS\u00c9 \u00a0LEONIDAS \u00a0BUSTOS \u00a0MART\u00cdNEZ \u00a0\u00a0<\/p>\n<p>Aprobado \u00a0acta No. \u00a0139\u00a0\u00a0 \u00a0\u00a0<\/p>\n<p>Bogot\u00e1, \u00a0 \u00a0 \u00a0D. \u00a0 \u00a0 C.,\u00a0 \u00a0 \u00a0 \u00a0 \u00a0 \u00a0 \u00a0dieciocho \u00a0 de \u00a0 abril \u00a0 de \u00a0 dos \u00a0 mil \u00a0doce. \u00a0\u00a0<\/p>\n<p>Se pronuncia la Corte sobre el desistimiento \u00a0del \u00a0recurso \u00a0de \u00a0casaci\u00f3n expresado por el defensor de la acusada FLOR \u00a0 \u00a0 \u00a0 \u00a0 \u00a0MAR\u00cdA \u00a0 \u00a0 \u00a0 \u00a0 \u00a0HERN\u00c1NDEZ \u00a0 \u00a0 \u00a0 \u00a0 \u00a0PE\u00d1A. \u00a0\u00a0<\/p>\n<p>SE CONSIDERA: \u00a0<\/p>\n<p>1.- \u00a0El \u00a0defensor de la acusada FLOR \u00a0MAR\u00cdA \u00a0HERN\u00c1NDEZ \u00a0PE\u00d1A present\u00f3 \u00a0demanda \u00a0de \u00a0casaci\u00f3n contra la sentencia de segunda instancia proferida por el \u00a0Tribunal \u00a0Superior \u00a0del \u00a0Distrito \u00a0Judicial \u00a0de \u00a0Bogot\u00e1, \u00a0a \u00a0trav\u00e9s de la cual \u00a0confirm\u00f3 \u00a0la \u00a0dictada \u00a0por \u00a0el \u00a0Juzgado \u00a0Noveno Penal del Circuito de esa misma \u00a0ciudad, \u00a0por \u00a0cuyo \u00a0medio la conden\u00f3 por el delito de tr\u00e1fico, fabricaci\u00f3n, o \u00a0porte de estupefacientes. \u00a0\u00a0<\/p>\n<p>2.- Mediante escrito presentado personalmente \u00a0ante \u00a0notario \u00a0p\u00fablico, \u00a0la \u00a0acusada, \u00a0se\u00f1ora \u00a0FLOR \u00a0MAR\u00cdA \u00a0HERN\u00c1NDEZ PE\u00d1A, \u00a0confiri\u00f3 \u00a0poder \u00a0a \u00a0un \u00a0nuevo \u00a0profesional \u00a0del \u00a0derecho \u00a0quien \u00a0acept\u00f3 \u00a0dicha \u00a0designaci\u00f3n \u00a0e \u00a0hizo \u00a0presentaci\u00f3n \u00a0personal \u00a0del mismo ante la Secretar\u00eda de \u00a0esta Corporaci\u00f3n.\u00a0\u00a0 \u00a0\u00a0<\/p>\n<p>3.- \u00a0Hall\u00e1ndose \u00a0el \u00a0asunto \u00a0en \u00a0turno para \u00a0calificar \u00a0la \u00a0idoneidad formal y sustancial del libelo, el citado defensor hizo \u00a0llegar \u00a0un \u00a0memorial, mediante el cual desiste del recurso extraordinario.\u00a0 \u00a0\u00a0<\/p>\n<p>4.- \u00a0El art\u00edculo 199 de la Ley 906 de 2004, \u00a0establece \u00a0que quien haya interpuesto recurso de casaci\u00f3n puede desistir de \u00e9l \u00a0hasta antes de que la Sala se pronuncie al respecto. \u00a0\u00a0<\/p>\n<p>5.-Como \u00a0quiera \u00a0que \u00a0en \u00a0forma \u00a0expresa \u00a0y \u00a0motivada \u00a0el \u00a0nuevo \u00a0defensor \u00a0t\u00e9cnico \u00a0ha \u00a0hecho conocer su decisi\u00f3n de\u00a0 \u00a0desistir \u00a0del \u00a0recurso \u00a0de \u00a0casaci\u00f3n \u00a0interpuesto \u00a0por \u00a0su \u00a0antecesor, \u00a0goza de \u00a0facultad \u00a0y \u00a0de legitimidad para renunciar a la\u00a0 pretensi\u00f3n impugnatoria y \u00a0se \u00a0cumple \u00a0el \u00a0requerimiento \u00a0relacionado \u00a0con \u00a0la oportunidad para hacerlo, la \u00a0Corte \u00a0acceder\u00e1 \u00a0a \u00a0su pretensi\u00f3n y ordenar\u00e1 devolver el proceso a la oficina \u00a0de origen para los fines pertinentes. \u00a0\u00a0<\/p>\n<p>En \u00a0m\u00e9rito de lo expuesto, LA CORTE SUPREMA \u00a0DE JUSTICIA, SALA DE CASACI\u00d3N PENAL, \u00a0\u00a0<\/p>\n<p>\u00a0 \u00a0\u00a0 \u00a0\u00a0 \u00a0\u00a0R E S U E L V E: \u00a0\u00a0<\/p>\n<p>ACEPTAR \u00a0 el \u00a0 desistimiento \u00a0del \u00a0recurso \u00a0de \u00a0casaci\u00f3n\u00a0 \u00a0 expresado \u00a0 por \u00a0 el \u00a0defensor \u00a0de la \u00a0acusada \u00a0 FLOR \u00a0 \u00a0MAR\u00cdA \u00a0 \u00a0HERN\u00c1NDEZ \u00a0 \u00a0PE\u00d1A, \u00a0por \u00a0lo \u00a0anotado en la motivaci\u00f3n de este prove\u00eddo. \u00a0\u00a0<\/p>\n<p>Devu\u00e9lvase \u00a0la \u00a0actuaci\u00f3n \u00a0al \u00a0Tribunal de \u00a0origen. \u00a0\u00a0<\/p>\n<p>Notif\u00edquese \u00a0 \u00a0 \u00a0y \u00a0 \u00a0 c\u00famplase. \u00a0\u00a0<\/p>\n<p>JOS\u00c9 LEONIDAS BUSTOS MART\u00cdNEZ \u00a0<\/p>\n<p>JOS\u00c9 \u00a0 \u00a0 \u00a0 LUIS \u00a0 \u00a0 \u00a0 BARCEL\u00d3 \u00a0CAMACHO\u00a0\u00a0\u00a0\u00a0\u00a0\u00a0\u00a0\u00a0\u00a0\u00a0\u00a0\u00a0\u00a0\u00a0\u00a0\u00a0\u00a0\u00a0\u00a0\u00a0\u00a0\u00a0 \u00a0FERNANDO ALBERTO CASTRO CABALLERO \u00a0\u00a0<\/p>\n<p>SIGIFREDO \u00a0 \u00a0 \u00a0 \u00a0 \u00a0ESPINOSA \u00a0P\u00c9REZ\u00a0\u00a0\u00a0\u00a0\u00a0\u00a0\u00a0\u00a0\u00a0\u00a0\u00a0\u00a0\u00a0\u00a0\u00a0\u00a0\u00a0\u00a0\u00a0\u00a0\u00a0\u00a0\u00a0\u00a0\u00a0\u00a0\u00a0\u00a0\u00a0 \u00a0MAR\u00cdA DEL ROSARIO GONZ\u00c1LEZ MU\u00d1OZ \u00a0\u00a0<\/p>\n<p>AUGUSTO \u00a0 \u00a0 \u00a0 J. \u00a0 \u00a0 \u00a0 IB\u00c1\u00d1EZ \u00a0GUZM\u00c1N\u00a0\u00a0\u00a0\u00a0\u00a0\u00a0\u00a0\u00a0\u00a0\u00a0\u00a0\u00a0\u00a0\u00a0\u00a0\u00a0\u00a0\u00a0\u00a0\u00a0\u00a0\u00a0\u00a0\u00a0\u00a0\u00a0\u00a0\u00a0\u00a0\u00a0\u00a0\u00a0\u00a0\u00a0\u00a0\u00a0\u00a0\u00a0 \u00a0LUIS GUILLERMO SALAZAR OTERO \u00a0\u00a0<\/p>\n<p>JULIO \u00a0 \u00a0 \u00a0 ENRIQUE \u00a0 \u00a0 \u00a0 SOCHA \u00a0SALAMANCA\u00a0\u00a0\u00a0\u00a0\u00a0\u00a0\u00a0\u00a0\u00a0\u00a0\u00a0\u00a0\u00a0\u00a0\u00a0\u00a0\u00a0\u00a0\u00a0\u00a0\u00a0\u00a0\u00a0\u00a0\u00a0\u00a0\u00a0\u00a0\u00a0\u00a0 \u00a0JAVIER DE JES\u00daS ZAPATA ORTIZ \u00a0\u00a0<\/p>\n<p>NUBIA YOLANDA NOVA GARC\u00cdA \u00a0<\/p>\n<p>Secretaria \u00a0<\/p>\n<p>\u00a0 \u00a0\u00a0<\/p>\n<p><\/p>\n","protected":false},"excerpt":{"rendered":"<p>\u00a0 \u00a0 \u00a0\u00a0 Proceso n\u00ba 32563 \u00a0 CORTE SUPREMA DE JUSTICIA \u00a0 SALA \u00a0DE \u00a0CASACI\u00d3N \u00a0PENAL \u00a0\u00a0 Magistrado Ponente: \u00a0 JOS\u00c9 \u00a0LEONIDAS \u00a0BUSTOS \u00a0MART\u00cdNEZ \u00a0\u00a0 Aprobado \u00a0acta No. \u00a0139\u00a0\u00a0 \u00a0\u00a0 Bogot\u00e1, \u00a0 \u00a0 \u00a0D. \u00a0 \u00a0 C.,\u00a0 \u00a0 \u00a0 \u00a0 \u00a0 \u00a0 \u00a0dieciocho \u00a0 de \u00a0 abril \u00a0 de \u00a0 dos \u00a0 mil \u00a0doce. \u00a0\u00a0 [&hellip;]<\/p>\n","protected":false},"author":1,"featured_media":0,"comment_status":"open","ping_status":"open","sticky":false,"template":"","format":"standard","meta":{"footnotes":""},"categories":[20],"tags":[],"class_list":["post-23443","post","type-post","status-publish","format-standard","hentry","category-20"],"_links":{"self":[{"href":"https:\/\/dmsjuridica.com\/buscador_20179478954\/salapenalcronologico20230723\/wp-json\/wp\/v2\/posts\/23443","targetHints":{"allow":["GET"]}}],"collection":[{"href":"https:\/\/dmsjuridica.com\/buscador_20179478954\/salapenalcronologico20230723\/wp-json\/wp\/v2\/posts"}],"about":[{"href":"https:\/\/dmsjuridica.com\/buscador_20179478954\/salapenalcronologico20230723\/wp-json\/wp\/v2\/types\/post"}],"author":[{"embeddable":true,"href":"https:\/\/dmsjuridica.com\/buscador_20179478954\/salapenalcronologico20230723\/wp-json\/wp\/v2\/users\/1"}],"replies":[{"embeddable":true,"href":"https:\/\/dmsjuridica.com\/buscador_20179478954\/salapenalcronologico20230723\/wp-json\/wp\/v2\/comments?post=23443"}],"version-history":[{"count":0,"href":"https:\/\/dmsjuridica.com\/buscador_20179478954\/salapenalcronologico20230723\/wp-json\/wp\/v2\/posts\/23443\/revisions"}],"wp:attachment":[{"href":"https:\/\/dmsjuridica.com\/buscador_20179478954\/salapenalcronologico20230723\/wp-json\/wp\/v2\/media?parent=23443"}],"wp:term":[{"taxonomy":"category","embeddable":true,"href":"https:\/\/dmsjuridica.com\/buscador_20179478954\/salapenalcronologico20230723\/wp-json\/wp\/v2\/categories?post=23443"},{"taxonomy":"post_tag","embeddable":true,"href":"https:\/\/dmsjuridica.com\/buscador_20179478954\/salapenalcronologico20230723\/wp-json\/wp\/v2\/tags?post=23443"}],"curies":[{"name":"wp","href":"https:\/\/api.w.org\/{rel}","templated":true}]}}