{"id":23422,"date":"2023-09-12T17:19:51","date_gmt":"2023-09-12T17:19:51","guid":{"rendered":"https:\/\/dmsjuridica.com\/buscador_20179478954\/salapenalcronologico20230723\/2023\/09\/12\/3114513-06-12\/"},"modified":"2023-09-12T17:19:51","modified_gmt":"2023-09-12T17:19:51","slug":"3114513-06-12","status":"publish","type":"post","link":"https:\/\/dmsjuridica.com\/buscador_20179478954\/salapenalcronologico20230723\/2023\/09\/12\/3114513-06-12\/","title":{"rendered":"31145(13-06-12)"},"content":{"rendered":"\n<p>\u00a0 \u00a0 CORTE SUPREMA DE JUSTICIA \u00a0<\/p>\n<p>SALA DE CASACI\u00d3N PENAL \u00a0<\/p>\n<p>Magistrado \u00a0 \u00a0 \u00a0Ponente: \u00a0\u00a0<\/p>\n<p>FERNANDO ALBERTO CASTRO CABALLERO \u00a0<\/p>\n<p>Aprobado Acta No.227 \u00a0<\/p>\n<p>Bogot\u00e1, D. C., trece (13) de junio de dos mil \u00a0doce (2012). \u00a0\u00a0<\/p>\n<p>VISTOS: \u00a0<\/p>\n<p>Se pronuncia la Sala acerca de la solicitud de \u00a0adici\u00f3n \u00a0del \u00a0fallo \u00a0de casaci\u00f3n proferido por esta Colegiatura el 22 de abril \u00a0de \u00a0 \u00a02009, \u00a0 \u00a0formulada \u00a0 \u00a0por \u00a0 el \u00a0 sentenciado \u00a0 C\u00e9sar \u00a0 Tulio \u00a0 Guti\u00e9rrez \u00a0Raigosa. \u00a0\u00a0<\/p>\n<p>ANTECEDENTES: \u00a0<\/p>\n<p>1.\u00a0 \u00a0El 21 de \u00a0febrero \u00a0de 2005, el Juzgado Penal del Circuito Especializado de Popay\u00e1n dict\u00f3 \u00a0sentencia, por cuyo medio adopt\u00f3 las siguientes determinaciones: \u00a0\u00a0<\/p>\n<p>1.1.\u00a0 Conden\u00f3 \u00a0a \u00a0 \u201cJos\u00e9 \u00a0Antonio \u00a0Morales \u00a0Galindo, \u00a0Gumersindo \u00a0Pati\u00f1o \u00a0 Valencia, \u00a0 Hamilton \u00a0 Mart\u00ednez \u00a0 Gonz\u00e1lez \u00a0(sic), \u00a0Wilson Ra\u00fal Agudelo Matallana, Ricardo Dagua \u00a0Guegia, \u00a0Luis \u00a0Alberto \u00a0Mu\u00f1oz \u00a0Mart\u00ednez, \u00a0Jairo \u00a0Bienvenido \u00a0Buend\u00eda \u00a0Torres, \u00a0Gilberto \u00a0S\u00e1nchez Zapata, Hugo Le\u00f3n Molina Tabares, Jos\u00e9 Norbey Cometa Yandi, \u00a0Luis \u00a0 Fernando \u00a0Mart\u00ednez \u00a0Ramos, \u00a0Vladimir \u00a0Pechen\u00e9, \u00a0Jos\u00e9 \u00a0Jaime \u00a0Pillimu\u00e9 \u00a0Pillimu\u00e9 \u00a0y \u00a0Jhon \u00a0Fredy P\u00e9rez Jim\u00e9nez\u201d, a la pena \u00a0principal \u00a0de \u00a0480 meses de prisi\u00f3n como coautores de las conductas punibles de \u00a0homicidio agravado con fines terroristas y desplazamiento forzado. \u00a0\u00a0<\/p>\n<p>1.2.\u00a0 Conden\u00f3 \u00a0a \u00a0 \u201cHamilton \u00a0 Mart\u00ednez \u00a0Gonz\u00e1lez, \u00a0Jorge \u00a0Luis \u00a0S\u00e1nchez \u00a0Ram\u00edrez, \u00a0Manuel de Jes\u00fas Guachet\u00e1 Le\u00f3n, Francisco Manuel Jim\u00e9nez \u00a0Hern\u00e1ndez, \u00a0Carlos \u00a0Andr\u00e9s \u00a0Campo, Julio C\u00e9sar Mosquera, Edilson Bedoya, Jhon \u00a0Fredy \u00a0P\u00e9rez Jim\u00e9nez (sic), \u00a0Jhon \u00a0Jairo \u00a0Echeverri, \u00a0Holman \u00a0Ovidio \u00a0Cartagena, \u00a0Luis Miguel Ter\u00e1n Garc\u00eda, \u00a0Jos\u00e9 \u00a0Mar\u00eda \u00a0Erazo \u00a0Sarmiento, \u00a0Ra\u00fal Fernando V\u00e9lez S\u00e1nchez, Edinson Duarte \u00a0Londo\u00f1o, \u00a0Diego \u00a0Alexander Valencia Cabrera, Jos\u00e9 Didier Duque Bernal, Alcides \u00a0Botero \u00a0Cardona, \u00a0Diego \u00a0Alexander \u00a0Pulgar\u00edn \u00a0Caro1, \u00a0Vladimir \u00a0S\u00e1nchez Pechen\u00e9 \u00a0(sic), \u00a0 Manuel \u00a0 Pereira \u00a0Peralta, \u00a0Reinaldo \u00a0Ceballos \u00a0Serna, \u00a0Jhon Fredy Montoya Monsalve, Diego Alberto \u00a0P\u00e9rez \u00a0L\u00f3pez, \u00a0Jos\u00e9 \u00a0Caro \u00a0Higuita (sic), \u00a0Albeiro \u00a0Enrique \u00a0Serna \u00a0Ortiz, \u00a0Fabi\u00e1n \u00a0Andr\u00e9s \u00a0Roa \u00a0Palacios \u00a0(sic), Eduardo Rafael Torres \u00a0Balceiro, \u00a0Antonio \u00a0Garc\u00eda \u00a0Capataz, \u00a0Alonso \u00a0Giraldo \u00a0\u00dasuga, \u00a0Andr\u00e9s \u00a0Felipe \u00a0Hern\u00e1ndez \u00a0Alegr\u00eda, \u00a0Sandro \u00a0Fernando \u00a0Villegas \u00a0Ria\u00f1o, \u00a0Delio Gerardo Mu\u00f1oz \u00a0Garc\u00e9s, \u00a0Antidio \u00a0Guachet\u00e1 \u00a0Camayo, \u00a0Jair \u00a0Alexander \u00a0Mu\u00f1oz Borga2, \u00a0 Nilson \u00a0Javier \u00a0 \u00a0 \u00a0 \u00a0 \u00a0 \u00a0P\u00e9rez \u00a0 \u00a0 \u00a0 \u00a0 \u00a0 Grandet3, \u00a0 Francisco \u00a0 Manuel \u00a0Ramos \u00a0Montalvo, \u00a0Andr\u00e9s \u00a0Felipe \u00a0Solarte, \u00a0Javier \u00a0Golu Carabal\u00ed, Luis Fernando Arce \u00a0(sic) \u00a0Mart\u00ednez4, \u00a0 Emerson \u00a0Angulo \u00a0Bustamante, \u00a0C\u00e9sar \u00a0Tulio \u00a0Guti\u00e9rrez \u00a0Raigosa, Jairo Vi\u00e1fara Lucum\u00ed, \u00a0Wilfrido \u00a0Jos\u00e9 \u00a0Medrano \u00a0Hoyos, \u00a0Jhon \u00a0Jairo \u00a0Poso Giraldo, Jos\u00e9 Edwin Peralta \u00a0Tobar, \u00a0F\u00e9lix \u00a0Anselmo \u00a0Jim\u00e9nez \u00a0Gonz\u00e1lez, \u00a0Eyber Gonz\u00e1lez Mu\u00f1oz, Francisco \u00a0Armando \u00a0Velasco, \u00a0Arley \u00a0Ruiz \u00a0Gaviria, \u00a0Jorge \u00a0Enrique Julio Hoyos5, \u00a0 \u00d3scar \u00a0Fernando \u00a0Ni\u00f1o \u00a0Naranjo y Mario Orrego Ocampo\u201d, a la \u00a0pena \u00a0principal \u00a0de \u00a0480 \u00a0meses \u00a0de \u00a0prisi\u00f3n \u00a0como \u00a0coautores de los delitos de \u00a0homicidio \u00a0 con \u00a0 fines \u00a0 terroristas, \u00a0 concierto \u00a0para \u00a0delinquir \u00a0agravado \u00a0y \u00a0desplazamiento forzado. \u00a0\u00a0<\/p>\n<p>1.3.\u00a0 Absolvi\u00f3 \u00a0a \u00a0Ram\u00f3n \u00a0Vallecilla \u00a0Escobar de los cargos de homicidio con fines terroristas, \u00a0concierto para delinquir agravado y desplazamiento forzado. \u00a0\u00a0<\/p>\n<p>2.\u00a0 \u00a0 Con \u00a0providencia \u00a0del 2 de marzo de 2005, el Juzgado Penal del Circuito Especializado \u00a0de \u00a0Popay\u00e1n \u00a0corrigi\u00f3 \u00a0la \u00a0sentencia \u00a0del \u00a021 \u00a0de \u00a0febrero de ese mismo a\u00f1o y \u00a0se\u00f1al\u00f3 \u00a0que \u00a0si \u00a0bien \u00a0en el numeral primero de su parte resolutiva se cit\u00f3 a \u00a0Hamilton \u00a0Mart\u00ednez \u00a0Gonz\u00e1lez, \u00a0deb\u00eda \u00a0entenderse que se trataba de Jhon Faver \u00a0Mar\u00edn \u00a0D\u00e1vila. \u00a0As\u00ed \u00a0mismo, \u00a0que \u00a0a pesar de haberse mencionado en el numeral \u00a0segundo \u00a0a \u00a0Jhon \u00a0Fredy P\u00e9rez Jim\u00e9nez y Vladimir S\u00e1nchez Pechen\u00e9 \u00f3 Vladimir \u00a0Pechen\u00e9, \u00a0en \u00a0su lugar deb\u00eda tenerse a Weimar Ambuila Caracas y Jos\u00e9 Joaqu\u00edn \u00a0Garc\u00eda Correa, respectivamente. \u00a0\u00a0<\/p>\n<p>3.\u00a0 \u00a0El \u00a06 de \u00a0abril \u00a0de \u00a02005, \u00a0nuevamente \u00a0el \u00a0juzgado \u00a0aludido corrigi\u00f3 la sentencia con el \u00a0prop\u00f3sito \u00a0de \u00a0se\u00f1alar \u00a0que \u00a0equivocadamente \u00a0se hab\u00eda incluido en la misma a \u00a0Fabi\u00e1n \u00a0Andr\u00e9s \u00a0Roa Palacios, a pesar de que a \u00e9ste ya se le hab\u00eda precluido \u00a0la \u00a0instrucci\u00f3n \u00a0al \u00a0calificar \u00a0el \u00a0m\u00e9rito del sumario y se\u00f1al\u00f3 que a cambio \u00a0deb\u00eda \u00a0tenerse \u00a0en cuenta a Melquisedec Fajardo Ospina. Igualmente, se precis\u00f3 \u00a0que \u00a0el \u00a0nombre \u00a0correcto \u00a0de Jos\u00e9 Caro Higuita era el de Elsuar de Jes\u00fas Caro \u00a0Higuita \u00a0 y \u00a0 el \u00a0 de \u00a0 Fernando \u00a0 Arce \u00a0Mart\u00ednez \u00a0era \u00a0el \u00a0de \u00a0Fernando \u00a0Arcia \u00a0Mart\u00ednez. \u00a0\u00a0<\/p>\n<p>4.\u00a0 \u00a0El 30 de \u00a0abril \u00a0de \u00a02008, \u00a0el \u00a0Tribunal \u00a0Superior \u00a0de \u00a0Popay\u00e1n \u00a0confirm\u00f3 el fallo en su \u00a0integridad, \u00a0contra \u00a0el \u00a0cual \u00a0uno de los procesados6 \u00a0 \u00a0 \u00a0present\u00f3 \u00a0 \u00a0 recurso \u00a0extraordinario. \u00a0\u00a0<\/p>\n<p>5. \u00a0La \u00a0Corte, con \u00a0providencia \u00a0 del \u00a0 22 \u00a0 de \u00a0 abril \u00a0 de \u00a02009, \u00a0se \u00a0ocup\u00f3 \u00a0de \u00a0los \u00a0siguientes \u00a0temas: \u00a0\u00a0<\/p>\n<p>5.1.\u00a0 Calificar \u00a0la demanda de casaci\u00f3n. \u00a0\u00a0<\/p>\n<p>5.2.\u00a0 \u00a0Casar \u00a0oficiosa \u00a0y parcialmente la sentencia, por cuanto en el fallo de primer grado se \u00a0omiti\u00f3 \u00a0hacer \u00a0referencia \u00a0en \u00a0la \u00a0parte \u00a0considerativa \u00a0a \u00a0la \u00a0situaci\u00f3n \u00a0del \u00a0procesado Melquisedec Fajardo Ospina. \u00a0\u00a0<\/p>\n<p>5.3.\u00a0 Declarar \u00a0la \u00a0prescripci\u00f3n \u00a0de la acci\u00f3n penal en relaci\u00f3n con todos los procesados por \u00a0el \u00a0delito \u00a0de \u00a0desplazamiento \u00a0forzado \u00a0y \u00a0frente \u00a0al \u00a0concierto para delinquir \u00a0agravado \u00a0por \u00a0la \u00a0finalidad \u00a0ocurri\u00f3 \u00a0lo \u00a0propio, \u00a0salvo \u00a0respecto de aquellos \u00a0inculpados \u00a0 a \u00a0los \u00a0que \u00a0adicionalmente \u00a0se \u00a0les \u00a0dedujo \u00a0la \u00a0circunstancia \u00a0de \u00a0agravaci\u00f3n \u00a0prevista \u00a0en \u00a0el inciso 3\u00ba del art\u00edculo 340 del C\u00f3digo Penal, es \u00a0decir, \u00a0a \u00a0\u201cDiego \u00a0Alexander Valencia Cabrera, Jair \u00a0Alexander \u00a0Mu\u00f1oz \u00a0Borja, \u00a0Nilson \u00a0Javier \u00a0P\u00e9rez \u00a0Grandet, \u00a0Luis \u00a0Fernando Arce \u00a0(sic) \u00a0Mart\u00ednez \u00a0y \u00a0Jorge \u00a0Enrique \u00a0Julio \u00a0Hoyos\u201d, \u00a0as\u00ed \u00a0como a quienes se les \u00a0imput\u00f3 \u00a0 \u00a0 la \u00a0 \u00a0 contemplada \u00a0 \u00a0 en \u00a0 \u00a0 el \u00a0 \u00a0art\u00edculo \u00a0 \u00a0342 \u00a0 \u00a0ib\u00eddem, \u00a0 esto \u00a0 es, \u00a0 a \u00a0 \u201cP\u00e9rez \u00a0Grandet, \u00a0Holman Ovidio Cartagena, Ra\u00fal Fernando V\u00e9lez \u00a0S\u00e1nchez, \u00a0Jos\u00e9 \u00a0Didier \u00a0Duque \u00a0Bernal, Reinaldo Ceballos Serna, Eduardo Rafael \u00a0Torres \u00a0Balceiro, \u00a0Antidio \u00a0Guachet\u00e1 \u00a0Camayo, \u00a0Francisco Manuel Ramos Montalvo, \u00a0Luis \u00a0 \u00a0 Felipe \u00a0 \u00a0 Arce \u00a0 \u00a0 (sic) \u00a0 \u00a0 Mart\u00ednez y Melquisedec Fajardo Ospina\u201d. \u00a0\u00a0<\/p>\n<p>6.\u00a0 \u00a0Por \u00a0lo \u00a0tanto, en la parte resolutiva precis\u00f3: \u00a0\u00a0<\/p>\n<p>\u201c1. \u00a0Inadmitir \u00a0la \u00a0demanda \u00a0de casaci\u00f3n \u00a0presentada \u00a0 \u00a0en \u00a0 \u00a0defensa \u00a0 \u00a0del \u00a0 \u00a0procesado \u00a0 \u00a0Diego \u00a0 \u00a0Alexander \u00a0 Valencia \u00a0Cabrera. \u00a0\u00a0<\/p>\n<p>2. \u00a0CASAR \u00a0OFICIOSA Y PARCIALMENTE el fallo \u00a0impugnado, \u00a0 y, \u00a0 en \u00a0 consecuencia, \u00a0 ordenar \u00a0 que \u00a0 el \u00a0asunto \u00a0sea \u00a0remitido \u00a0inmediatamente \u00a0al Juzgado Penal del Circuito Especializado de Popay\u00e1n para que \u00a0dicte \u00a0el \u00a0fallo correspondiente en relaci\u00f3n con el acusado Melquisedec Fajardo \u00a0Ospina, \u00a0por los delitos de homicidio agravado con fines terroristas y concierto \u00a0para delinquir agravado por el art\u00edculo 342 del C.P. \u00a0\u00a0<\/p>\n<p>3. \u00a0DECLARAR \u00a0PRESCRITA \u00a0la \u00a0acci\u00f3n \u00a0penal \u00a0derivada \u00a0de \u00a0la \u00a0conducta \u00a0punible \u00a0de \u00a0desplazamiento \u00a0forzado, \u00a0y ordenar, en \u00a0consecuencia, \u00a0la \u00a0cesaci\u00f3n \u00a0del \u00a0procedimiento \u00a0adelantado \u00a0contra \u00a0todos \u00a0los \u00a0procesados por tal delito. \u00a0\u00a0<\/p>\n<p>4. \u00a0DECLARAR \u00a0PRESCRITA \u00a0la \u00a0acci\u00f3n \u00a0penal \u00a0deriva \u00a0del \u00a0delito \u00a0de concierto para delinquir agravado por la finalidad y, en \u00a0consecuencia, \u00a0ordenar \u00a0la \u00a0cesaci\u00f3n \u00a0del \u00a0procedimiento \u00a0seguido contra Weimar \u00a0Ambuila \u00a0Caracas, \u00a0Jos\u00e9 \u00a0Joaqu\u00edn Garc\u00eda Correa, Hamilton Mart\u00ednez Gonz\u00e1lez, \u00a0Jorge \u00a0Luis \u00a0S\u00e1nchez \u00a0Ram\u00edrez, \u00a0Manuel \u00a0de \u00a0Jes\u00fas \u00a0Guachet\u00e1 Le\u00f3n, Francisco \u00a0Manuel \u00a0Jim\u00e9nez \u00a0Hern\u00e1ndez, \u00a0Carlos \u00a0Andr\u00e9s \u00a0Campo, \u00a0Julio \u00a0C\u00e9sar \u00a0Mosquera, \u00a0Edilson \u00a0Bedoya, \u00a0John Jairo Echeverri, Luis Miguel Ter\u00e1n Garc\u00eda, Jos\u00e9 Mar\u00eda \u00a0Erazo \u00a0 Sarmiento, \u00a0Edinson \u00a0Duarte \u00a0Londo\u00f1o, \u00a0Alcides \u00a0Botero \u00a0Cardona, \u00a0Diego \u00a0Alexander \u00a0Pulgar\u00edn \u00a0Caro, Manuel Pereira Peralta, John Fredy Montoya Monsalve, \u00a0Diego \u00a0 \u00a0Alberto \u00a0 \u00a0P\u00e9rez \u00a0 \u00a0L\u00f3pez, \u00a0 \u00a0Jos\u00e9 \u00a0 \u00a0Caro \u00a0 \u00a0Higuita \u00a0 (sic), \u00a0 Albeiro \u00a0Enrique \u00a0Serna \u00a0Ortiz, \u00a0Fabi\u00e1n \u00a0 Andr\u00e9s \u00a0 Roa \u00a0 Palacios \u00a0 (sic), \u00a0Antonio \u00a0Garc\u00eda \u00a0Capataz, Alonso Giraldo \u00dasuga, Andr\u00e9s Felipe \u00a0Hern\u00e1ndez \u00a0Alegr\u00eda, \u00a0Sandro \u00a0Fernando \u00a0Villegas \u00a0Ria\u00f1o, \u00a0Delio Gerardo Mu\u00f1oz \u00a0Garc\u00e9s, \u00a0 Andr\u00e9s \u00a0 Felipe \u00a0Solarte, \u00a0Javier \u00a0Golu \u00a0Carabal\u00ed, \u00a0Emerson \u00a0Angulo \u00a0Bustamante, \u00a0Wilfrido \u00a0Jos\u00e9 Medrano Hoyos, John Jairo Poso Giraldo, Jos\u00e9 Edwin \u00a0Peralta \u00a0Tobar, \u00a0F\u00e9lix \u00a0Anselmo \u00a0Jim\u00e9nez \u00a0Gonz\u00e1lez, \u00a0Eyber \u00a0Gonz\u00e1lez Mu\u00f1oz, \u00a0Francisco \u00a0Armando \u00a0Velasco, Arley Ruiz Gaviria, \u00d3scar Fernando Ni\u00f1o Naranjo y \u00a0Mario \u00a0Orrego \u00a0Ocampo, \u00a0\u00fanicamente \u00a0por \u00a0la \u00a0conducta \u00a0punible \u00a0que se acaba de \u00a0mencionar. \u00a0\u00a0<\/p>\n<p>5. \u00a0PRECISAR \u00a0que, como consecuencia de las \u00a0anteriores \u00a0decisiones, \u00a0la \u00a0pena \u00a0que \u00a0deber\u00e1n cumplir los procesados ser\u00e1 la \u00a0siguiente: \u00a0\u00a0<\/p>\n<p>5.1. \u00a0Jos\u00e9 \u00a0Antonio Morales Galindo o Luis \u00a0Humberto \u00a0Morales \u00a0Galindo, \u00a0Gumersindo \u00a0Pati\u00f1o \u00a0Valencia, \u00a0Jhon \u00a0Faver \u00a0Mar\u00edn \u00a0D\u00e1vila, \u00a0Wilson \u00a0Ra\u00fal \u00a0Agudelo \u00a0Matallana, \u00a0Ricardo Dagua Guegia, Luis Alberto \u00a0Mu\u00f1oz \u00a0Mart\u00ednez, \u00a0Jairo \u00a0Bienvenido Buend\u00eda Torres, Gilberto S\u00e1nchez Zapata, \u00a0Hugo \u00a0Le\u00f3n \u00a0Molina \u00a0Tabares, Jos\u00e9 Norbey Cometa Yandi, Luis Fernando Mart\u00ednez \u00a0Ramos, \u00a0Vladimir Pechen\u00e9 o S\u00e1nchez Pechen\u00e9, Jos\u00e9 Jaime Pillimu\u00e9 Pillimu\u00e9 y \u00a0Jhon \u00a0Fredy \u00a0P\u00e9rez \u00a0Jim\u00e9nez, la de cuatrocientos sesenta y ocho (468) meses de \u00a0prisi\u00f3n \u00a0como coautores responsables del delito de homicidio agravado con fines \u00a0terroristas. \u00a0\u00a0<\/p>\n<p>5.2. Weimar Ambuila Caracas, Jos\u00e9 Joaqu\u00edn \u00a0Garc\u00eda \u00a0Correa, \u00a0Hamilton \u00a0Mart\u00ednez \u00a0Gonz\u00e1lez, \u00a0Jorge Luis S\u00e1nchez Ram\u00edrez, \u00a0Manuel \u00a0de \u00a0Jes\u00fas Guachet\u00e1 Le\u00f3n, Francisco Manuel Jim\u00e9nez Hern\u00e1ndez, Carlos \u00a0Andr\u00e9s \u00a0Campo, \u00a0Julio \u00a0C\u00e9sar \u00a0Mosquera, \u00a0Edilson Bedoya, John Jairo Echeverri, \u00a0Luis \u00a0Miguel \u00a0Ter\u00e1n \u00a0Garc\u00eda, \u00a0Jos\u00e9 \u00a0Mar\u00eda \u00a0Erazo \u00a0Sarmiento, \u00a0Edinson Duarte \u00a0Londo\u00f1o, \u00a0Alcides \u00a0Botero \u00a0Cardona, \u00a0Diego \u00a0Alexander \u00a0Pulgar\u00edn \u00a0Caro, \u00a0Manuel \u00a0Pereira \u00a0Peralta, \u00a0Jhon \u00a0Fredy \u00a0Montoya \u00a0Monsalve, \u00a0Diego Alberto P\u00e9rez L\u00f3pez, \u00a0Jos\u00e9 \u00a0Caro \u00a0Higuita \u00a0(sic), \u00a0Albeiro \u00a0 Enrique \u00a0 Serna \u00a0Ortiz, \u00a0Fabi\u00e1n \u00a0Andr\u00e9s \u00a0Roa \u00a0Palacios \u00a0(sic), \u00a0Antonio \u00a0Garc\u00eda \u00a0Capataz, Alonso \u00a0Giraldo \u00a0\u00dasuga, \u00a0Andr\u00e9s \u00a0Felipe \u00a0Hern\u00e1ndez Alegr\u00eda, Sandro Fernando Villegas \u00a0Ria\u00f1o, \u00a0Delio \u00a0Gerardo \u00a0Mu\u00f1oz \u00a0Garc\u00e9s, \u00a0Andr\u00e9s \u00a0Felipe \u00a0Solarte, Javier Golu \u00a0Carabal\u00ed, \u00a0Emerson \u00a0Angulo Bustamante, Wilfrido Jos\u00e9 Medrano Hoyos, Jhon Jairo \u00a0Poso \u00a0Giraldo, \u00a0Jos\u00e9 \u00a0Edwin \u00a0Peralta \u00a0Tobar, F\u00e9lix Anselmo Jim\u00e9nez Gonz\u00e1lez, \u00a0Eyber \u00a0Gonz\u00e1lez \u00a0Mu\u00f1oz, \u00a0Francisco \u00a0Armando Velasco, Arley Ruiz Gaviria, Oscar \u00a0Fernando \u00a0Ni\u00f1o \u00a0Naranjo \u00a0y Mario Orrego Ocampo, la de cuatrocientos cincuenta y \u00a0seis \u00a0 \u00a0(456) \u00a0 \u00a0meses \u00a0 \u00a0de \u00a0 \u00a0prisi\u00f3n \u00a0 \u00a0por \u00a0 \u00a0el \u00a0 \u00a0delito \u00a0 de \u00a0 homicidio \u00a0agravado\u201d. \u00a0\u00a0<\/p>\n<p>6. \u00a0Declarar \u00a0que \u00a0las restantes decisiones \u00a0adoptadas \u00a0 en \u00a0 el \u00a0fallo \u00a0impugnado, \u00a0se \u00a0mantienen \u00a0inc\u00f3lumes\u201d. \u00a0\u00a0<\/p>\n<p>LA PETICI\u00d3N: \u00a0<\/p>\n<p>El \u00a0sentenciado \u00a0C\u00e9sar \u00a0Tulio \u00a0Guti\u00e9rrez \u00a0Raigosa \u00a0solicita \u00a0la \u00a0adici\u00f3n del fallo proferido por esta Sala el 22 de abril \u00a0de \u00a02009, \u00a0bajo \u00a0el \u00a0argumento \u00a0de \u00a0que \u00a0si \u00a0bien \u00a0en \u00a0su parte considerativa se \u00a0concluy\u00f3 \u00a0que \u00a0hab\u00eda \u00a0operado el fen\u00f3meno jur\u00eddico de la prescripci\u00f3n de la \u00a0acci\u00f3n \u00a0penal \u00a0en \u00a0relaci\u00f3n \u00a0con la conducta punible de desplazamiento forzado \u00a0frente \u00a0a \u00a0todos \u00a0los inculpados y lo propio hab\u00eda ocurrido en punto del delito \u00a0de \u00a0concierto \u00a0para \u00a0delinquir \u00a0agravado \u00a0por la finalidad, los cuales le fueron \u00a0imputados, \u00a0observa \u00a0que \u00a0se \u00a0omiti\u00f3 \u00a0mencionarlo \u00a0en la parte resolutiva de la \u00a0decisi\u00f3n anotada. \u00a0\u00a0<\/p>\n<p>CONSIDERACIONES: \u00a0<\/p>\n<p>1. Con el prop\u00f3sito \u00a0de \u00a0resolver \u00a0si es procedente la pretensi\u00f3n de C\u00e9sar Tulio Guti\u00e9rrez Raigosa \u00a0de \u00a0adicionar \u00a0la \u00a0sentencia, \u00a0inicialmente \u00a0se hace necesario recordar que esta \u00a0Sala ha se\u00f1alado sobre el particular: \u00a0\u00a0<\/p>\n<p>\u201c\u2026a \u00a0diferencia \u00a0de \u00a0lo \u00a0establecido en el \u00a0Decreto \u00a0050 \u00a0de \u00a01987, \u00a0el \u00a0cual \u00a0dispon\u00eda \u00a0que las \u00a0referidas \u00a0modificaciones \u00a0al \u00a0fallo \u00a0s\u00f3lo \u00a0 \u00a0pod\u00edan \u00a0 surtirse \u00a0 dentro \u00a0 del \u00a0t\u00e9rmino \u00a0de \u00a0ejecutoria, tanto en el Decreto 2700 de \u00a01991, \u00a0como \u00a0en \u00a0el \u00a0estatuto \u00a0procesal \u00a0penal \u00a0actualmente vigente [Ley \u00a0600 \u00a0de \u00a02000] no se establece tal \u00a0exigencia \u00a0temporal, raz\u00f3n por la cual ha estimado la \u00a0Sala \u00a0que \u00a0la \u00a0modificaci\u00f3n \u00a0de \u00a0la \u00a0sentencia \u00a0es \u00a0viable \u00a0en \u00a0cualquier \u00a0tiempo, \u00a0siempre \u00a0que la misma sea \u00a0procedente\u201d7. \u00a0\u00a0<\/p>\n<p>2.\u00a0 Tambi\u00e9n es \u00a0oportuno \u00a0traer \u00a0a \u00a0colaci\u00f3n, \u00a0que \u00a0si \u00a0bien el art\u00edculo 23 del Estatuto Penal \u00a0Adjetivo \u00a0 de \u00a02000, \u00a0establece \u00a0que \u00a0\u201cen \u00a0aquellas \u00a0materias \u00a0que no se hallen expresamente reguladas en este c\u00f3digo son aplicables \u00a0las \u00a0disposiciones \u00a0del C\u00f3digo de Procedimiento Civil y de otros ordenamientos, \u00a0siempre \u00a0que \u00a0no \u00a0se \u00a0opongan \u00a0a \u00a0la \u00a0naturaleza \u00a0del \u00a0proceso penal\u201d, \u00a0ello \u00a0no \u00a0se \u00a0hace \u00a0indispensable \u00a0con \u00a0el \u00a0fin de resolver lo \u00a0pertinente \u00a0 acerca \u00a0 de \u00a0 la \u00a0adici\u00f3n \u00a0del \u00a0fallo8, \u00a0por \u00a0cuanto el art\u00edculo 412 \u00a0de \u00a0 la \u00a0 Ley \u00a0 600 \u00a0 de \u00a0 2000 \u00a0 regula \u00a0de \u00a0forma \u00a0completa \u00a0la \u00a0tem\u00e1tica \u00a0al \u00a0prever: \u00a0\u00a0<\/p>\n<p>\u201cIrreformalidad \u00a0de \u00a0la \u00a0sentencia. \u00a0La \u00a0sentencia \u00a0no \u00a0es \u00a0reformable \u00a0ni \u00a0revocable \u00a0por \u00a0el mismo juez o sala de decisi\u00f3n que la hubiere \u00a0dictado, \u00a0salvo \u00a0en \u00a0caso \u00a0de error aritm\u00e9tico, en el nombre del procesado o de \u00a0omisi\u00f3n sustancial en la parte resolutiva. \u00a0\u00a0<\/p>\n<p>Solicitada la correcci\u00f3n aritm\u00e9tica, o del \u00a0nombre \u00a0de \u00a0las \u00a0personas \u00a0a \u00a0que \u00a0se refiere la sentencia, la aclaraci\u00f3n de la \u00a0misma \u00a0o \u00a0la adici\u00f3n por omisiones sustanciales en la parte resolutiva, el juez \u00a0podr\u00e1 \u00a0 \u00a0 en \u00a0 \u00a0 forma \u00a0 \u00a0 inmediata \u00a0 \u00a0 hacer \u00a0 \u00a0 el \u00a0 \u00a0pronunciamiento \u00a0 \u00a0que \u00a0corresponda\u201d. \u00a0\u00a0<\/p>\n<p>3. En esa medida, la \u00a0norma \u00a0transcrita \u00a0consagra \u00a0la \u00a0irreformabilidad de las sentencias por el mismo \u00a0funcionario \u00a0que \u00a0las \u00a0profiri\u00f3 y a su vez precept\u00faa que de manera excepcional \u00a0es \u00a0viable \u00a0su \u00a0aclaraci\u00f3n \u00a0o \u00a0adici\u00f3n \u201cen caso de \u00a0error \u00a0aritm\u00e9tico, \u00a0en \u00a0el \u00a0nombre del procesado o de omisi\u00f3n sustancial en la \u00a0parte \u00a0resolutiva\u201d, circunstancias en las cuales debe \u00a0proferirse \u00a0el \u00a0correspondiente \u00a0pronunciamiento \u00a0corrigiendo \u00a0el yerro tras ser \u00a0detectado, \u00a0de \u00a0donde \u00a0se \u00a0sigue \u00a0que \u00a0el \u00a0tema \u00a0de la adici\u00f3n de los fallos se \u00a0encuentra \u00a0expresamente \u00a0disciplinado en la normatividad procesal penal, sin que \u00a0por \u00a0tanto \u00a0se \u00a0presenten \u00a0vac\u00edos \u00a0que \u00a0conduzcan \u00a0a \u00a0configurar \u00a0los supuestos \u00a0establecidos \u00a0 \u00a0 en \u00a0 \u00a0 la \u00a0 \u00a0 norma \u00a0 \u00a0 rectora \u00a0 \u00a0 de \u00a0 \u00a0la \u00a0 \u00a0\u201cremisi\u00f3n\u201d \u00a0(art. 23 Ley 600 de 2000) y \u00a0en \u00a0 raz\u00f3n \u00a0de \u00a0ello \u00a0sea \u00a0indispensable \u00a0acudir \u00a0a \u00a0otros \u00a0ordenamientos \u00a0para \u00a0sortearlos9. \u00a0\u00a0<\/p>\n<p>4.\u00a0 \u00a0En \u00a0el \u00a0asunto \u00a0de la especie, se tiene que le asiste raz\u00f3n al sentenciado C\u00e9sar Tulio \u00a0Guti\u00e9rrez \u00a0Raigosa, \u00a0por \u00a0cuanto \u00a0a \u00a0pesar \u00a0de \u00a0que \u00a0esta \u00a0Sala, \u00a0en \u00a0la \u00a0parte \u00a0considerativa \u00a0de \u00a0la \u00a0providencia del 22 de abril de 2009, concluy\u00f3 que hab\u00eda \u00a0operado \u00a0el \u00a0fen\u00f3meno \u00a0jur\u00eddico \u00a0de \u00a0la \u00a0prescripci\u00f3n \u00a0de la acci\u00f3n penal en \u00a0relaci\u00f3n \u00a0con \u00a0la conducta punible de desplazamiento forzado frente a todos los \u00a0inculpados \u00a0y \u00a0lo \u00a0propio \u00a0hab\u00eda ocurrido en punto del delito de concierto para \u00a0delinquir \u00a0agravado \u00a0por \u00a0la \u00a0finalidad, infracciones que le fueron imputadas al \u00a0citado, \u00a0por \u00a0lo \u00a0que \u00a0se \u00a0hizo \u00a0una \u00a0rebaja \u00a0de \u00a012 \u00a0meses por cada uno de esos \u00a0il\u00edcitos \u00a0y \u00a0por \u00a0esto \u00a0se \u00a0redujeron \u00a024 \u00a0meses \u00a0de prisi\u00f3n, as\u00ed que la pena \u00a0impuesta \u00a0le \u00a0qued\u00f3 \u00a0en 456 meses, a cambio de los 480 inicialmente fijados; se \u00a0evidencia \u00a0que \u00a0se \u00a0omiti\u00f3 \u00a0mencionar \u00a0al referido en la parte resolutiva de la \u00a0decisi\u00f3n anotada. \u00a0\u00a0<\/p>\n<p>5.\u00a0 \u00a0 Cabe \u00a0advertir \u00a0que \u00a0la \u00a0misma \u00a0situaci\u00f3n \u00a0se \u00a0repite \u00a0en el caso del condenado Jairo \u00a0Vi\u00e1fara \u00a0 Lucum\u00ed, \u00a0conforme \u00a0lo \u00a0puso \u00a0de \u00a0presente \u00a0el \u00a0juzgado \u00a0a \u00a0 quo \u00a0al \u00a0remitir \u00a0la \u00a0petici\u00f3n \u00a0del \u00a0condenado Guti\u00e9rrez Raigosa. \u00a0\u00a0<\/p>\n<p>6.\u00a0 Tambi\u00e9n se \u00a0advierte \u00a0que \u00a0a \u00a0pesar \u00a0de \u00a0haberse \u00a0concluido \u00a0en \u00a0la \u00a0parte considerativa del \u00a0prove\u00eddo \u00a0de \u00a0esta \u00a0Sala \u00a0del \u00a022 de abril de 2009, como ya se dijo, que hab\u00eda \u00a0operado \u00a0el fen\u00f3meno jur\u00eddico de la prescripci\u00f3n de la acci\u00f3n penal respecto \u00a0del \u00a0 \u00a0 delito \u00a0 \u00a0de \u00a0 \u00a0desplazamiento \u00a0 \u00a0forzado \u00a0 \u00a0frente \u00a0 \u00a0a \u00a0 \u00a0\u201ctodos\u201d \u00a0los incriminados, por lo que \u00a0en \u00a0el \u00a0caso \u00a0de los encartados Diego Alexander Valencia Cabrera, Jair Alexander \u00a0Mu\u00f1oz \u00a0Borja, \u00a0Nilson \u00a0Javier \u00a0P\u00e9rez \u00a0Grandet, Fernando Arcia Mart\u00ednez, Jorge \u00a0Enrique \u00a0Julio \u00a0Hoyos, \u00a0Holman Ovidio Cartagena, Ra\u00fal Fernando V\u00e9lez S\u00e1nchez, \u00a0Jos\u00e9 \u00a0Didier \u00a0Duque \u00a0Bernal, \u00a0Reinaldo \u00a0Ceballos \u00a0Serna, \u00a0Eduardo Rafael Torres \u00a0Balceiro, \u00a0Antidio \u00a0Guachet\u00e1 \u00a0Camayo y Francisco Manuel Ramos Montalvo, la pena \u00a0principal \u00a0qued\u00f3 \u00a0en \u00a0468 meses de prisi\u00f3n en lugar de los 480 asignados en un \u00a0principio, \u00a0fruto \u00a0de \u00a0la \u00a0disminuci\u00f3n \u00a0de \u00a012 \u00a0meses \u00a0por la verificaci\u00f3n del \u00a0fen\u00f3meno \u00a0 jur\u00eddico \u00a0 rese\u00f1ado; \u00a0 en \u00a0la \u00a0parte \u00a0resolutiva \u00a0de \u00a0la \u00a0referida \u00a0determinaci\u00f3n se omiti\u00f3 mencionarlos. \u00a0\u00a0<\/p>\n<p>7.\u00a0 \u00a0De \u00a0otra \u00a0parte, \u00a0resulta oportuno indicar que a pesar de que en relaci\u00f3n con Melquisedec \u00a0Fajardo \u00a0Ospina, \u00a0en \u00a0la \u00a0parte \u00a0motiva \u00a0de \u00a0la decisi\u00f3n tambi\u00e9n se dedujo que \u00a0hab\u00eda \u00a0concurrido \u00a0el \u00a0fen\u00f3meno \u00a0jur\u00eddico \u00a0de \u00a0la prescripci\u00f3n de la acci\u00f3n \u00a0penal \u00a0en \u00a0punto \u00a0del \u00a0delito de desplazamiento forzado, no se lo incluy\u00f3 en la \u00a0parte \u00a0resolutiva, frente al cual es preciso indicar, que a su vez fue declarada \u00a0la nulidad parcial de lo actuado. \u00a0\u00a0<\/p>\n<p>8.\u00a0 Ahora, en \u00a0la \u00a0correcci\u00f3n \u00a0de la sentencia efectuada el 6 de abril de 2005 por el juzgador \u00a0a quo, se indic\u00f3 que frente \u00a0a \u00a0Fabi\u00e1n \u00a0Andr\u00e9s Roa Palacios se hab\u00eda precluido la instrucci\u00f3n al resolver \u00a0la \u00a0alzada \u00a0contra la providencia que hab\u00eda calificado el m\u00e9rito del sumario y \u00a0que \u00a0por tanto se lo sustra\u00eda de la parte resolutiva del fallo, sin embargo, en \u00a0la \u00a0parte \u00a0resolutiva \u00a0de \u00a0la \u00a0providencia \u00a0del 22 de abril de 2009 que se viene \u00a0comentando, \u00a0a \u00a0pesar \u00a0de \u00a0advertirse la situaci\u00f3n antes descrita al resumir la \u00a0actuaci\u00f3n, \u00a0se \u00a0lo \u00a0incluy\u00f3 dentro de los inculpados a quienes se les declar\u00f3 \u00a0la \u00a0prescripci\u00f3n \u00a0de \u00a0la \u00a0acci\u00f3n penal por las conductas punibles de concierto \u00a0para \u00a0delinquir \u00a0agravado por la finalidad y desplazamiento forzado, por lo cual \u00a0se debe aclarar tal aspecto. \u00a0\u00a0<\/p>\n<p>9.\u00a0 As\u00ed mismo, \u00a0en \u00a0la \u00a0correcci\u00f3n \u00a0del 6 de abril de 2005 efectuada por el fallador de primera \u00a0instancia, \u00a0se \u00a0indic\u00f3 \u00a0que \u00a0Jos\u00e9 \u00a0Caro Higuita en realidad se llama Elsuar de \u00a0Jes\u00fas \u00a0Caro Higuita, no obstante, en la parte resolutiva de la decisi\u00f3n del 22 \u00a0de \u00a0abril \u00a0de \u00a02009 \u00a0de \u00a0esta \u00a0Sala, \u00a0se \u00a0lo mencion\u00f3 con aquel nombre y no con \u00a0\u00e9ste. \u00a0\u00a0<\/p>\n<p>10.\u00a0 Por igual, \u00a0en \u00a0la \u00a0decisi\u00f3n \u00a0del 6 de abril de 2005, se precis\u00f3 que el nombre de Fernando \u00a0Arce \u00a0Mart\u00ednez \u00a0era \u00a0el \u00a0de \u00a0Fernando \u00a0Arcia \u00a0Mart\u00ednez, quien, como ya se dijo \u00a0(punto \u00a06), \u00a0no \u00a0fue \u00a0incluido \u00a0en la parte resolutiva de la decisi\u00f3n del 22 de \u00a0abril \u00a0de \u00a02009 \u00a0de \u00a0esta \u00a0Sala, \u00a0por \u00a0lo cual se lo debe citar con este \u00faltimo \u00a0nombre. \u00a0\u00a0<\/p>\n<p>11.\u00a0 \u00a0Finalmente, \u00a0a pesar de que respecto del sentenciado Jhon Fredy P\u00e9rez Jim\u00e9nez, \u00a0como \u00a0frente \u00a0a \u00a0todos los dem\u00e1s inculpados, se declar\u00f3 la prescripci\u00f3n de la \u00a0acci\u00f3n \u00a0penal \u00a0por la conducta de desplazamiento forzado y, a su vez, no fue de \u00a0aquellos \u00a0a \u00a0los \u00a0cuales se les dedujo, bien la circunstancia de agravaci\u00f3n del \u00a0inciso \u00a03\u00ba \u00a0del \u00a0art\u00edculo \u00a0340 del C\u00f3digo Penal o la prevista en el art\u00edculo \u00a0342 \u00a0ib\u00eddem, por tanto, en \u00a0relaci\u00f3n \u00a0con \u00e9l tambi\u00e9n procedi\u00f3 el fen\u00f3meno extintivo de la acci\u00f3n penal \u00a0por \u00a0el \u00a0delito de concierto para delinquir agravado por la finalidad, por ende, \u00a0se debe aclarar que su pena es de 456 meses de prisi\u00f3n. \u00a0\u00a0<\/p>\n<p>En \u00a0m\u00e9rito de lo expuesto, la Corte Suprema \u00a0de Justicia, Sala de Casaci\u00f3n Penal, \u00a0\u00a0<\/p>\n<p>RESUELVE: \u00a0\u00a0<\/p>\n<p>1.\u00a0 ACLARAR la \u00a0providencia \u00a0del \u00a022 \u00a0de \u00a0abril de 2009 y se\u00f1alar que los numerales 4, 5, 5.1 y \u00a05.2 de su parte resolutiva quedan as\u00ed: \u00a0\u00a0<\/p>\n<p>\u201c4. \u00a0 DECLARAR \u00a0 PRESCRITA \u00a0la \u00a0acci\u00f3n \u00a0penal \u00a0deriva del delito de concierto para delinquir \u00a0agravado \u00a0por \u00a0la \u00a0finalidad \u00a0y, \u00a0en \u00a0consecuencia, \u00a0ordenar \u00a0la \u00a0cesaci\u00f3n \u00a0del \u00a0procedimiento \u00a0seguido \u00a0contra \u00a0Weimar \u00a0Ambuila \u00a0Caracas, Jos\u00e9 Joaqu\u00edn Garc\u00eda \u00a0Correa, \u00a0Hamilton \u00a0Mart\u00ednez \u00a0Gonz\u00e1lez, Jorge Luis S\u00e1nchez Ram\u00edrez, Manuel de \u00a0Jes\u00fas \u00a0Guachet\u00e1 \u00a0Le\u00f3n, \u00a0Francisco \u00a0Manuel Jim\u00e9nez Hern\u00e1ndez, Carlos Andr\u00e9s \u00a0Campo, \u00a0Julio C\u00e9sar Mosquera, Edilson Bedoya, Jhon Jairo Echeverri, Luis Miguel \u00a0Ter\u00e1n \u00a0Garc\u00eda, \u00a0Jos\u00e9 Mar\u00eda Erazo Sarmiento, Edinson Duarte Londo\u00f1o, Alcides \u00a0Botero \u00a0Cardona, \u00a0Diego \u00a0Alexander \u00a0Pulgar\u00edn Caro, Manuel Pereira Peralta, John \u00a0Fredy \u00a0Montoya \u00a0Monsalve, \u00a0Diego \u00a0Alberto \u00a0P\u00e9rez \u00a0L\u00f3pez, Elsuar de Jes\u00fas Caro \u00a0Higuita, \u00a0Albeiro \u00a0Enrique \u00a0Serna Ortiz, Antonio Garc\u00eda Capataz, Alonso Giraldo \u00a0\u00dasuga, \u00a0Andr\u00e9s \u00a0Felipe \u00a0Hern\u00e1ndez \u00a0Alegr\u00eda, Sandro Fernando Villegas Ria\u00f1o, \u00a0Delio \u00a0Gerardo \u00a0Mu\u00f1oz \u00a0Garc\u00e9s, \u00a0Andr\u00e9s Felipe Solarte, Javier Golu Carabal\u00ed, \u00a0Emerson \u00a0Angulo \u00a0Bustamante, \u00a0Wilfrido \u00a0Jos\u00e9 \u00a0Medrano \u00a0Hoyos, \u00a0Jhon \u00a0Jairo Poso \u00a0Giraldo, \u00a0Jos\u00e9 \u00a0Edwin \u00a0Peralta \u00a0Tobar, F\u00e9lix Anselmo Jim\u00e9nez Gonz\u00e1lez, Eyber \u00a0Gonz\u00e1lez \u00a0 Mu\u00f1oz, \u00a0Francisco \u00a0Armando \u00a0Velasco, \u00a0Arley \u00a0Ruiz \u00a0Gaviria, \u00a0\u00d3scar \u00a0Fernando \u00a0Ni\u00f1o \u00a0Naranjo, \u00a0Mario \u00a0Orrego \u00a0Ocampo \u00a0y \u00a0Jhon \u00a0Fredy P\u00e9rez Jim\u00e9nez \u00a0\u00fanicamente por la conducta punible que se acaba de mencionar. \u00a0\u00a0<\/p>\n<p>5. \u00a0PRECISAR que, \u00a0como \u00a0consecuencia \u00a0de \u00a0las \u00a0anteriores decisiones, la pena que deber\u00e1n cumplir \u00a0los procesados ser\u00e1 la siguiente: \u00a0\u00a0<\/p>\n<p>5.1. Jos\u00e9 Antonio \u00a0Morales \u00a0Galindo \u00a0o \u00a0Luis Humberto Morales Galindo, Gumersindo Pati\u00f1o Valencia, \u00a0Jhon \u00a0Faver \u00a0Mar\u00edn \u00a0D\u00e1vila, \u00a0Wilson \u00a0Ra\u00fal \u00a0Agudelo \u00a0Matallana, \u00a0Ricardo Dagua \u00a0Guegia, \u00a0Luis \u00a0Alberto \u00a0Mu\u00f1oz \u00a0Mart\u00ednez, \u00a0Jairo \u00a0Bienvenido \u00a0Buend\u00eda \u00a0Torres, \u00a0Gilberto \u00a0S\u00e1nchez Zapata, Hugo Le\u00f3n Molina Tabares, Jos\u00e9 Norbey Cometa Yandi, \u00a0Luis \u00a0Fernando \u00a0Mart\u00ednez \u00a0Ramos, \u00a0Vladimir Pechen\u00e9 o S\u00e1nchez Pechen\u00e9 y Jos\u00e9 \u00a0Jaime \u00a0Pillimu\u00e9 \u00a0Pillimu\u00e9, \u00a0la \u00a0de cuatrocientos sesenta y ocho (468) meses de \u00a0prisi\u00f3n \u00a0como coautores responsables del delito de homicidio agravado con fines \u00a0terroristas. \u00a0\u00a0<\/p>\n<p>5.2. \u00a0 Weimar \u00a0Ambuila \u00a0Caracas, \u00a0Jos\u00e9 \u00a0Joaqu\u00edn Garc\u00eda Correa, Hamilton Mart\u00ednez Gonz\u00e1lez, \u00a0Jorge \u00a0Luis \u00a0S\u00e1nchez \u00a0Ram\u00edrez, \u00a0Manuel \u00a0de \u00a0Jes\u00fas \u00a0Guachet\u00e1 Le\u00f3n, Francisco \u00a0Manuel \u00a0Jim\u00e9nez \u00a0Hern\u00e1ndez, \u00a0Carlos \u00a0Andr\u00e9s \u00a0Campo, \u00a0Julio \u00a0C\u00e9sar \u00a0Mosquera, \u00a0Edilson \u00a0Bedoya, \u00a0Jhon Jairo Echeverri, Luis Miguel Ter\u00e1n Garc\u00eda, Jos\u00e9 Mar\u00eda \u00a0Erazo \u00a0 Sarmiento, \u00a0Edinson \u00a0Duarte \u00a0Londo\u00f1o, \u00a0Alcides \u00a0Botero \u00a0Cardona, \u00a0Diego \u00a0Alexander \u00a0Pulgar\u00edn \u00a0Caro, Manuel Pereira Peralta, Jhon Fredy Montoya Monsalve, \u00a0Diego \u00a0Alberto \u00a0P\u00e9rez \u00a0L\u00f3pez, \u00a0Elsuar \u00a0de Jes\u00fas Caro Higuita, Albeiro Enrique \u00a0Serna \u00a0Ortiz, \u00a0Antonio \u00a0Garc\u00eda \u00a0Capataz, \u00a0Alonso Giraldo \u00dasuga, Andr\u00e9s Felipe \u00a0Hern\u00e1ndez \u00a0Alegr\u00eda, \u00a0Sandro \u00a0Fernando \u00a0Villegas \u00a0Ria\u00f1o, \u00a0Delio Gerardo Mu\u00f1oz \u00a0Garc\u00e9s, \u00a0 Andr\u00e9s \u00a0 Felipe \u00a0Solarte, \u00a0Javier \u00a0Golu \u00a0Carabal\u00ed, \u00a0Emerson \u00a0Angulo \u00a0Bustamante, \u00a0Wilfrido \u00a0Jos\u00e9 Medrano Hoyos, Jhon Jairo Poso Giraldo, Jos\u00e9 Edwin \u00a0Peralta \u00a0Tobar, \u00a0F\u00e9lix \u00a0Anselmo \u00a0Jim\u00e9nez \u00a0Gonz\u00e1lez, \u00a0Eyber \u00a0Gonz\u00e1lez Mu\u00f1oz, \u00a0Francisco \u00a0Armando \u00a0Velasco, \u00a0Arley \u00a0Ruiz Gaviria, Oscar Fernando Ni\u00f1o Naranjo, \u00a0Mario \u00a0Orrego Ocampo, C\u00e9sar Tulio Guti\u00e9rrez Raigosa, Jairo Vi\u00e1fara Lucim\u00ed, y \u00a0Jhon \u00a0Fredy P\u00e9rez Jim\u00e9nez, la de cuatrocientos cincuenta y seis (456) meses de \u00a0prisi\u00f3n por el delito de homicidio agravado\u201d. \u00a0\u00a0<\/p>\n<p>2.\u00a0 ADICIONAR a \u00a0la \u00a0parte \u00a0resolutiva de la sentencia del 22 de abril de 2009 el numeral 5.3, el \u00a0cual queda as\u00ed: \u00a0\u00a0<\/p>\n<p>\u201c5.3. \u00a0Diego \u00a0Alexander \u00a0Valencia \u00a0Cabrera, \u00a0Jair Alexander Mu\u00f1oz Borja, Nilson Javier P\u00e9rez \u00a0Grandet, \u00a0Fernando \u00a0Arcia \u00a0Mart\u00ednez, \u00a0Jorge \u00a0Enrique Julio Hoyos, Holman Ovidio \u00a0Cartagena, \u00a0Ra\u00fal \u00a0Fernando V\u00e9lez S\u00e1nchez, Jos\u00e9 Didier Duque Bernal, Reinaldo \u00a0Ceballos \u00a0Serna, \u00a0Eduardo \u00a0Rafael \u00a0Torres \u00a0Balceiro, \u00a0Antidio Guachet\u00e1 Camayo y \u00a0Francisco \u00a0Manuel Ramos Montalvo, la de cuatrocientos sesenta y ocho (468) meses \u00a0de \u00a0prisi\u00f3n \u00a0como coautores responsables de los delitos de homicidio agravado y \u00a0concierto para delinquir agravado\u201d. \u00a0\u00a0<\/p>\n<p>3.\u00a0 ADICIONAR \u00a0a \u00a0la \u00a0parte \u00a0resolutiva de la providencia del 22 de abril de 2009, el numeral 7 \u00a0donde se precisa: \u00a0\u00a0<\/p>\n<p>\u201c7. \u00a0DECRETAR la prescripci\u00f3n de la acci\u00f3n penal a favor \u00a0de \u00a0Melquisedec \u00a0Fajardo \u00a0Ospina, \u00a0en \u00a0relaci\u00f3n con el delito de desplazamiento \u00a0forzado\u201d. \u00a0\u00a0<\/p>\n<p>Contra \u00a0esta \u00a0determinaci\u00f3n \u00a0no \u00a0procede \u00a0ning\u00fan recurso. \u00a0\u00a0<\/p>\n<p>Comun\u00edquese, \u00a0c\u00famplase \u00a0y \u00a0devu\u00e9lvase lo \u00a0actuado al juzgado de origen. \u00a0\u00a0<\/p>\n<p>JOS\u00c9 LEONIDAS BUSTOS MART\u00cdNEZ \u00a0<\/p>\n<p>JOS\u00c9 \u00a0LUIS \u00a0BARCEL\u00d3 \u00a0CAMACHO\u00a0\u00a0\u00a0\u00a0\u00a0\u00a0\u00a0\u00a0\u00a0\u00a0\u00a0\u00a0\u00a0\u00a0\u00a0\u00a0 \u00a0FERNANDO ALBERTO CASTRO CABALLERO \u00a0\u00a0<\/p>\n<p>SIGIFREDO \u00a0 ESPINOSA \u00a0P\u00c9REZ\u00a0\u00a0\u00a0\u00a0\u00a0\u00a0\u00a0\u00a0\u00a0\u00a0\u00a0\u00a0\u00a0\u00a0\u00a0\u00a0\u00a0\u00a0\u00a0\u00a0\u00a0\u00a0\u00a0\u00a0\u00a0\u00a0\u00a0\u00a0 \u00a0MAR\u00cdA DEL ROSARIO GONZ\u00c1LEZ MU\u00d1OZ \u00a0\u00a0<\/p>\n<p>LUIS \u00a0GUILLERMO \u00a0SALAZAR OTERO\u00a0\u00a0\u00a0\u00a0\u00a0\u00a0\u00a0\u00a0\u00a0\u00a0\u00a0\u00a0\u00a0\u00a0\u00a0 \u00a0JULIO ENRIQUE SOCHA SALAMANCA \u00a0\u00a0<\/p>\n<p>\u00a0\u00a0\u00a0\u00a0\u00a0\u00a0\u00a0\u00a0\u00a0\u00a0\u00a0\u00a0\u00a0\u00a0\u00a0\u00a0\u00a0\u00a0\u00a0\u00a0\u00a0\u00a0\u00a0\u00a0\u00a0\u00a0\u00a0\u00a0\u00a0\u00a0\u00a0\u00a0\u00a0\u00a0\u00a0\u00a0\u00a0\u00a0\u00a0\u00a0\u00a0\u00a0\u00a0\u00a0\u00a0\u00a0\u00a0\u00a0\u00a0\u00a0\u00a0\u00a0\u00a0\u00a0\u00a0 \u00a0JAVIER ZAPATA ORTIZ \u00a0\u00a0<\/p>\n<p>NUBIA YOLANDA NOVA GARC\u00cdA \u00a0<\/p>\n<p>Secretaria \u00a0<\/p>\n<p>\u00a0 \u00a0\u00a0<\/p>\n<p>1 \u00a0Comandante del grupo armado ilegal al cual pertenec\u00eda. \u00a0\u00a0<\/p>\n<p>2 \u00a0Segundo \u00a0 \u00a0comandante \u00a0 del \u00a0 grupo \u00a0 armado \u00a0 al \u00a0 margen \u00a0 de \u00a0 la \u00a0 ley \u00a0 que \u00a0integraba. \u00a0\u00a0<\/p>\n<p>3 \u00a0Comandante de la agrupaci\u00f3n armada ilegal que dirig\u00eda. \u00a0\u00a0<\/p>\n<p>4 \u00a0Comandante del grupo armado ilegal al cual pertenec\u00eda. \u00a0\u00a0<\/p>\n<p>5 \u00a0Comandante del grupo armado al margen de la ley que integraba. \u00a0\u00a0<\/p>\n<p>6 Diego \u00a0Alexander Barrera Cabrera. \u00a0\u00a0<\/p>\n<p>7 Corte \u00a0Suprema \u00a0de \u00a0Justicia, \u00a0Sala \u00a0de \u00a0Casaci\u00f3n \u00a0Penal, auto del 12 de mayo de 2004, \u00a0radicaci\u00f3n No. 18498. \u00a0\u00a0<\/p>\n<p>8 Corte \u00a0Suprema \u00a0de \u00a0Justicia, \u00a0Sala \u00a0de \u00a0Casaci\u00f3n \u00a0Penal, auto del 18 de mayo de 2006, \u00a0radicaci\u00f3n No. 23183. \u00a0\u00a0<\/p>\n<p>9 Corte \u00a0Suprema \u00a0de \u00a0Justicia, \u00a0Sala \u00a0de \u00a0Casaci\u00f3n Penal, auto del 17 de junio de 2003, \u00a0radicaci\u00f3n No. 15100. \u00a0 \u00a0\u00a0<\/p>\n<p><\/p>\n","protected":false},"excerpt":{"rendered":"<p>\u00a0 \u00a0 CORTE SUPREMA DE JUSTICIA \u00a0 SALA DE CASACI\u00d3N PENAL \u00a0 Magistrado \u00a0 \u00a0 \u00a0Ponente: \u00a0\u00a0 FERNANDO ALBERTO CASTRO CABALLERO \u00a0 Aprobado Acta No.227 \u00a0 Bogot\u00e1, D. C., trece (13) de junio de dos mil \u00a0doce (2012). \u00a0\u00a0 VISTOS: \u00a0 Se pronuncia la Sala acerca de la solicitud de \u00a0adici\u00f3n \u00a0del \u00a0fallo \u00a0de casaci\u00f3n [&hellip;]<\/p>\n","protected":false},"author":1,"featured_media":0,"comment_status":"open","ping_status":"open","sticky":false,"template":"","format":"standard","meta":{"footnotes":""},"categories":[20],"tags":[],"class_list":["post-23422","post","type-post","status-publish","format-standard","hentry","category-20"],"_links":{"self":[{"href":"https:\/\/dmsjuridica.com\/buscador_20179478954\/salapenalcronologico20230723\/wp-json\/wp\/v2\/posts\/23422","targetHints":{"allow":["GET"]}}],"collection":[{"href":"https:\/\/dmsjuridica.com\/buscador_20179478954\/salapenalcronologico20230723\/wp-json\/wp\/v2\/posts"}],"about":[{"href":"https:\/\/dmsjuridica.com\/buscador_20179478954\/salapenalcronologico20230723\/wp-json\/wp\/v2\/types\/post"}],"author":[{"embeddable":true,"href":"https:\/\/dmsjuridica.com\/buscador_20179478954\/salapenalcronologico20230723\/wp-json\/wp\/v2\/users\/1"}],"replies":[{"embeddable":true,"href":"https:\/\/dmsjuridica.com\/buscador_20179478954\/salapenalcronologico20230723\/wp-json\/wp\/v2\/comments?post=23422"}],"version-history":[{"count":0,"href":"https:\/\/dmsjuridica.com\/buscador_20179478954\/salapenalcronologico20230723\/wp-json\/wp\/v2\/posts\/23422\/revisions"}],"wp:attachment":[{"href":"https:\/\/dmsjuridica.com\/buscador_20179478954\/salapenalcronologico20230723\/wp-json\/wp\/v2\/media?parent=23422"}],"wp:term":[{"taxonomy":"category","embeddable":true,"href":"https:\/\/dmsjuridica.com\/buscador_20179478954\/salapenalcronologico20230723\/wp-json\/wp\/v2\/categories?post=23422"},{"taxonomy":"post_tag","embeddable":true,"href":"https:\/\/dmsjuridica.com\/buscador_20179478954\/salapenalcronologico20230723\/wp-json\/wp\/v2\/tags?post=23422"}],"curies":[{"name":"wp","href":"https:\/\/api.w.org\/{rel}","templated":true}]}}