{"id":23330,"date":"2023-09-12T16:35:48","date_gmt":"2023-09-12T16:35:48","guid":{"rendered":"https:\/\/dmsjuridica.com\/buscador_20179478954\/salapenalcronologico20230723\/2023\/09\/12\/3771602-11-11\/"},"modified":"2023-09-12T16:35:48","modified_gmt":"2023-09-12T16:35:48","slug":"3771602-11-11","status":"publish","type":"post","link":"https:\/\/dmsjuridica.com\/buscador_20179478954\/salapenalcronologico20230723\/2023\/09\/12\/3771602-11-11\/","title":{"rendered":"37716(02-11-11)"},"content":{"rendered":"\n<p>\u00a0 \u00a0 Proceso n.\u00ba 37716 \u00a0<\/p>\n<p>CORTE SUPREMA DE JUSTICIA \u00a0<\/p>\n<p>SALA \u00a0 DE \u00a0 CASACI\u00d3N \u00a0PENAL \u00a0\u00a0<\/p>\n<p>Magistrado \u00a0Ponente \u00a0\u00a0<\/p>\n<p>JOS\u00c9 LUIS BARCEL\u00d3 CAMACHO \u00a0<\/p>\n<p>Aprobado \u00a0 acta \u00a0 N\u00ba\u00a0 \u00a0390 \u00a0\u00a0<\/p>\n<p>\u00a0 \u00a0 \u00a0 \u00a0 \u00a0<\/p>\n<p>Bogot\u00e1, \u00a0 D. \u00a0 C.,\u00a0 \u00a0 dos (2) de noviembre de dos mil once (2011) \u00a0\u00a0<\/p>\n<p>\u00a0\u00a0\u00a0\u00a0\u00a0 \u00a0<\/p>\n<p>V \u00a0 I \u00a0 S \u00a0 T \u00a0 O \u00a0S \u00a0\u00a0<\/p>\n<p>Ser\u00eda \u00a0del \u00a0caso que la Corte procediera a \u00a0calificar \u00a0las demandas de casaci\u00f3n presentadas por el defensor de Carlos \u00a0 Julio \u00a0Mart\u00ednez \u00a0Moreno \u00a0y \u00a0el \u00a0tercero \u00a0 \u00a0civilmente \u00a0 \u00a0responsable, \u00a0 contra \u00a0 la \u00a0sentencia \u00a0dictada \u00a0por \u00a0el \u00a0Tribunal Superior de Antioquia, si no se advirtiera \u00a0que \u00a0 \u00a0la \u00a0 \u00a0acci\u00f3n \u00a0 \u00a0penal \u00a0 \u00a0se \u00a0 \u00a0ha \u00a0 \u00a0extinguido \u00a0 por \u00a0 raz\u00f3n \u00a0 de \u00a0 la \u00a0prescripci\u00f3n. \u00a0\u00a0<\/p>\n<p>\u00a0 H \u00a0 E \u00a0 C \u00a0 H \u00a0 O \u00a0S \u00a0 \u00a0\u00a0<\/p>\n<p>El \u00a0juzgador \u00a0de \u00a0segunda \u00a0instancia \u00a0los \u00a0sintetiz\u00f3 de la siguiente manera: \u00a0\u00a0<\/p>\n<p>\u201cEl \u00a0d\u00eda 5 de \u00a0diciembre \u00a0de \u00a02002, \u00a0a eso de las 2:45 horas, en el sitio conocido como Alto de \u00a0Dolores, \u00a0en \u00a0cercan\u00edas \u00a0del \u00a0Corregimiento \u00a0de San Jos\u00e9 del Nus, Municipio de \u00a0Maceo \u00a0(Antioquia), se accident\u00f3 el bus de placa TMG-336, afiliado a la Empresa \u00a0Expreso \u00a0Bolivariano, \u00a0conducido \u00a0por \u00a0el se\u00f1or Carlos Julio Mart\u00ednez Moreno y \u00a0que \u00a0 cubr\u00eda \u00a0 la \u00a0 ruta \u00a0 C\u00facuta \u00a0 \u2013 \u00a0 \u00a0 \u00a0Bucaramanga \u00a0 \u00a0 \u2013 \u00a0Medell\u00edn, \u00a0pues\u00a0 \u00a0justo \u00a0cuando ingresaba a la curva por la \u00a0calzada, \u00a0fue \u00a0a \u00a0dar \u00a0a \u00a0un \u00a0abismo resultando cuatro personas muertas y varias \u00a0lesionadas\u201d. \u00a0\u00a0<\/p>\n<p>ACTUACI\u00d3N PROCESAL \u00a0<\/p>\n<p>1. \u00a0Por los anteriores hechos, la Fiscal\u00eda \u00a0Seccional \u00a0de \u00a0Cisneros \u00a0(Antioquia),\u00a0 el 22 de marzo de 2006, calific\u00f3 el \u00a0m\u00e9rito \u00a0 del \u00a0 sumario \u00a0 con \u00a0resoluci\u00f3n \u00a0de \u00a0acusaci\u00f3n \u00a0contra \u00a0Carlos \u00a0Julio \u00a0Mart\u00ednez \u00a0Moreno por los \u00a0delitos \u00a0 de \u00a0 homicidio \u00a0y \u00a0lesiones \u00a0personales, \u00a0ambos \u00a0culposos, \u00a0seg\u00fan \u00a0lo \u00a0preceptuado \u00a0en \u00a0los \u00a0art\u00edculos \u00a0109, \u00a0111, \u00a0113 \u00a0y \u00a0120 de la Ley 599 de 2000, \u00a0decisi\u00f3n \u00a0que \u00a0al \u00a0ser recurrida fue confirmada el 18 \u00a0de octubre del mismo a\u00f1o. \u00a0\u00a0<\/p>\n<p>2. \u00a0El Juzgado Penal del Circuito de Puerto \u00a0Berrio \u00a0(Antioquia), \u00a0el \u00a022 \u00a0de \u00a0mayo \u00a0de \u00a02009,\u00a0 \u00a0absolvi\u00f3 a \u00a0Carlos \u00a0Julio \u00a0Mart\u00ednez \u00a0Moreno de los \u00a0cargos atribuidos en la acusaci\u00f3n. \u00a0\u00a0<\/p>\n<p>3. \u00a0Apelado el fallo por el apoderado de la \u00a0parte \u00a0civil, \u00a0el \u00a0Tribunal \u00a0Superior \u00a0de \u00a0Antioquia, \u00a0el \u00a011 \u00a0de julio de 2011, \u00a0conden\u00f3 \u00a0a \u00a0Carlos Julio Mart\u00ednez Moreno \u00a0a la pena principal de 35 meses de prisi\u00f3n, multa de 24 salarios \u00a0m\u00ednimos \u00a0legales \u00a0mensuales vigentes y a las accesorias de inhabilitaci\u00f3n para \u00a0el \u00a0ejercicio \u00a0de \u00a0derechos \u00a0y \u00a0funciones \u00a0p\u00fablicas \u00a0por \u00a0el \u00a0mismo lapso de la \u00a0privativa \u00a0de \u00a0la \u00a0libertad \u00a0y a la privaci\u00f3n del derecho a conducir veh\u00edculos \u00a0automotores \u00a0por \u00a036 \u00a0meses, como autor de las conductas punibles de homicidio y \u00a0lesiones personales, ambas culposas. \u00a0\u00a0<\/p>\n<p>Contra \u00a0la \u00a0anterior decisi\u00f3n, el defensor \u00a0del \u00a0acusado y el apoderado \u00a0del \u00a0tercero civilmente\u00a0 responsable interpusieron recurso de casaci\u00f3n. \u00a0\u00a0<\/p>\n<p>Presentada \u00a0 la \u00a0 demanda \u00a0de \u00a0casaci\u00f3n, \u00a0el \u00a0proceso \u00a0arrib\u00f3 \u00a0a \u00a0la \u00a0Sala el 21 de octubre de \u00a02011 para la calificaci\u00f3n de la demanda. \u00a0\u00a0<\/p>\n<p>CONSIDERACIONES DE LA CORTE \u00a0<\/p>\n<p>1. \u00a0De \u00a0acuerdo \u00a0con \u00a0el \u00a0anterior recuento \u00a0procesal, \u00a0surge \u00a0claro \u00a0que \u00a0la \u00a0acci\u00f3n penal en este asunto se extingui\u00f3 por \u00a0raz\u00f3n \u00a0de \u00a0la \u00a0prescripci\u00f3n, \u00a0respecto \u00a0de los delitos de homicidio y lesiones \u00a0personales, \u00a0ambos \u00a0culposos, \u00a0motivo \u00a0por \u00a0el \u00a0cual \u00a0la \u00a0Sala \u00a0se abstendr\u00e1 de \u00a0pronunciarse \u00a0sobre \u00a0la \u00a0admisibilidad de las \u00a0demandas \u00a0de \u00a0casaci\u00f3n y, \u00a0en \u00a0su \u00a0lugar, \u00a0ordenar\u00e1 \u00a0cesar todo procedimiento a favor del \u00a0procesado. \u00a0\u00a0<\/p>\n<p>Ahora \u00a0bien, \u00a0con \u00a0estricto \u00a0apego \u00a0a \u00a0lo \u00a0consagrado \u00a0en \u00a0el \u00a0art\u00edculo \u00a083 \u00a0de la Ley 599 de 2000, se sabe que la acci\u00f3n \u00a0penal \u00a0prescribir\u00e1 \u00a0en \u00a0un tiempo igual al m\u00e1ximo de la pena fijada en la ley, \u00a0\u201csi fuere privativa de la libertad, pero en ning\u00fan \u00a0caso \u00a0 ser\u00e1 \u00a0 inferior \u00a0 a \u00a0 cinco \u00a0 (5) \u00a0 a\u00f1os, \u00a0 ni \u00a0 exceder\u00e1 \u00a0 de \u00a0veinte \u00a0(20)\u2026\u201d, \u00a0salvo, \u00a0entre \u00a0otros, \u00a0lo atinente a las \u00a0conductas \u00a0de \u00a0genocidio, \u00a0desaparici\u00f3n \u00a0forzada,\u00a0 \u00a0tortura\u00a0 \u00a0y\u00a0 \u00a0desplazamiento\u00a0 \u00a0 \u00a0 forzado,\u00a0 \u00a0 \u00a0 que\u00a0 \u00a0 \u00a0ser\u00e1\u00a0 \u00a0 \u00a0de\u00a0 \u00a0treinta\u00a0 (30) a\u00f1os. \u00a0\u00a0<\/p>\n<p>En \u00a0los \u00a0asuntos \u00a0en \u00a0que se haya proferido \u00a0resoluci\u00f3n \u00a0de \u00a0acusaci\u00f3n, como aqu\u00ed ocurri\u00f3, el t\u00e9rmino prescriptivo de la \u00a0acci\u00f3n \u00a0se \u00a0interrumpe \u00a0y \u00a0\u201ccomenzar\u00e1 a correr de \u00a0nuevo \u00a0por \u00a0un tiempo igual a la mitad del se\u00f1alado en el art\u00edculo 83. En este \u00a0evento \u00a0el t\u00e9rmino no podr\u00e1 ser inferior a cinco (5) a\u00f1os, ni superior a diez \u00a0(10)\u201d, \u00a0seg\u00fan as\u00ed lo contempla el art\u00edculo 86 de \u00a0la misma Ley 599 de 2000. \u00a0\u00a0<\/p>\n<p>Aclarado \u00a0lo \u00a0anterior, \u00a0recu\u00e9rdese que el \u00a0procesado \u00a0fue acusado por los delitos de homicidio y lesiones personales, ambos \u00a0culposos. \u00a0As\u00ed \u00a0las \u00a0cosas, \u00a0se \u00a0conoce \u00a0que \u00a0las anteriores conductas punibles \u00a0comportan las siguientes penas: \u00a0\u00a0<\/p>\n<p>a) Homicidio culposo, seg\u00fan lo previsto en \u00a0el \u00a0art\u00edculo \u00a0109 \u00a0de \u00a0la \u00a0Ley \u00a0599 \u00a0de 2000, una pena m\u00e1xima de prisi\u00f3n de 6 \u00a0a\u00f1os. \u00a0\u00a0<\/p>\n<p>b) \u00a0 Lesiones \u00a0 personales, \u00a0conforme \u00a0lo \u00a0establecido \u00a0en \u00a0los \u00a0art\u00edculos \u00a0113, \u00a0inciso 2\u00b0 y 120,\u00a0 de la Ley 599 de \u00a02000,\u00a0 una pena m\u00e1xima de prisi\u00f3n de 21 meses. \u00a0\u00a0<\/p>\n<p>En \u00a0tales \u00a0circunstancias, \u00a0resulta n\u00edtido \u00a0inferir \u00a0que \u00a0en este evento, por encontrase el diligenciamiento en la etapa del \u00a0juicio, \u00a0el \u00a0t\u00e9rmino \u00a0de \u00a0extinci\u00f3n \u00a0de \u00a0la \u00a0acci\u00f3n \u00a0penal \u00a0por \u00a0raz\u00f3n de la \u00a0prescripci\u00f3n \u00a0para \u00a0los dos delitos ser\u00eda de 5 a\u00f1os, plazo que en este evento \u00a0se cumpli\u00f3. \u00a0\u00a0<\/p>\n<p>En \u00a0efecto, como quiera que al sentenciado, \u00a0el \u00a022 \u00a0de \u00a0marzo \u00a0de \u00a02006, \u00a0se \u00a0le profiri\u00f3 resoluci\u00f3n de acusaci\u00f3n por las \u00a0conductas \u00a0en \u00a0precedencia \u00a0citada, \u00a0providencia \u00a0que cobr\u00f3 ejecutoria el 18 de \u00a0octubre \u00a0del \u00a0mismo \u00a0a\u00f1o, d\u00eda en que el fiscal de segunda instancia desat\u00f3 el \u00a0recurso \u00a0de \u00a0apelaci\u00f3n \u00a0interpuesto \u00a0contra \u00a0la \u00a0pieza \u00a0acusatoria, es acertado \u00a0deducir \u00a0que \u00a0el \u00a0mentado \u00a0t\u00e9rmino \u00a0ya trascurri\u00f3, lapso que ocurri\u00f3 antes de \u00a0arribar \u00a0el \u00a0proceso \u00a0a \u00a0la \u00a0Corte \u00a0para \u00a0la \u00a0calificaci\u00f3n \u00a0de \u00a0la \u00a0demanda \u00a0de \u00a0casaci\u00f3n. \u00a0\u00a0<\/p>\n<p>De manera que la Sala declarar\u00e1 extinguida \u00a0la \u00a0acci\u00f3n \u00a0penal \u00a0y, \u00a0consecuentemente, cesar\u00e1 todo procedimiento a favor del \u00a0enjuiciado por las infracciones se\u00f1aladas anteriormente. \u00a0\u00a0<\/p>\n<p>2. \u00a0As\u00ed \u00a0mismo, \u00a0el \u00a0Tribunal \u00a0de \u00a0origen \u00a0proceder\u00e1 \u00a0 a \u00a0cancelar \u00a0las \u00a0cauciones \u00a0que \u00a0hubieren \u00a0sido \u00a0prestadas \u00a0y \u00a0las \u00a0restricciones \u00a0impuestas \u00a0al \u00a0inculpado. \u00a0Adem\u00e1s, de ser el caso, informar\u00e1 lo \u00a0aqu\u00ed \u00a0resuelto \u00a0a las mismas autoridades a las que se le comunic\u00f3 la medida de \u00a0aseguramiento, \u00a0el calificatorio del sumario y la sentencia de primera y segunda \u00a0instancia. \u00a0\u00a0<\/p>\n<p>3. \u00a0En la medida en que en este tr\u00e1mite se \u00a0ejerci\u00f3 \u00a0la acci\u00f3n civil, seg\u00fan los art\u00edculos 98 y 99 de la Ley 599 de 2000, \u00a0tambi\u00e9n se ordenar\u00e1 su extinci\u00f3n. \u00a0\u00a0<\/p>\n<p>4. Por \u00faltimo, la Sala expedir\u00e1 copias del \u00a0proceso \u00a0con \u00a0destino \u00a0al Consejo Superior de la Judicatura, Sala Disciplinaria, \u00a0para \u00a0que \u00a0se \u00a0investigue \u00a0disciplinariamente \u00a0al \u00a0titular del Juzgado Penal del \u00a0Circuito \u00a0de Puerto Berrio (Antioquia) y a los Magistrados del Tribunal Superior \u00a0de \u00a0Antioquia, \u00a0que \u00a0profirieron \u00a0la decisi\u00f3n, toda vez que la etapa del juicio \u00a0duro \u00a0un \u00a0tiempo considerable, que incidi\u00f3 en la extinci\u00f3n de la acci\u00f3n penal \u00a0y civil. \u00a0\u00a0<\/p>\n<p>En \u00a0m\u00e9rito de lo expuesto, la CORTE \u00a0SUPREMA \u00a0DE \u00a0JUSTICIA, \u00a0SALA \u00a0DE CASACI\u00d3N PENAL, \u00a0\u00a0<\/p>\n<p>\u00a0 \u00a0 \u00a0 \u00a0 \u00a0<\/p>\n<p>R E S U E L V E \u00a0<\/p>\n<p>1. \u00a0 \u00a0Abstenerse \u00a0de \u00a0emitir pronunciamiento sobre la admisibilidad de la \u00a0demanda \u00a0 de \u00a0casaci\u00f3n \u00a0presentada \u00a0por \u00a0el \u00a0defensor \u00a0 \u00a0 \u00a0del \u00a0acusado. \u00a0\u00a0<\/p>\n<p>2.\u00a0 \u00a0Declarar \u00a0 \u00a0 \u00a0que \u00a0las \u00a0 \u00a0acciones \u00a0 penal \u00a0y \u00a0civil \u00a0a \u00a0que se contrae \u00a0este \u00a0 \u00a0 \u00a0tr\u00e1mite \u00a0 \u00a0 por\u00a0 \u00a0 \u00a0 las \u00a0conductas \u00a0punibles \u00a0 \u00a0 de \u00a0homicidio \u00a0 y \u00a0 lesiones \u00a0personales, \u00a0 \u00a0 ambas \u00a0 \u00a0 culposas, \u00a0 \u00a0 se \u00a0 encuentra \u00a0extinguida \u00a0por \u00a0raz\u00f3n \u00a0de \u00a0la \u00a0prescripci\u00f3n. \u00a0En \u00a0consecuencia, \u00a0se \u00a0ordena cesar todo procedimiento a favor de \u00a0 \u00a0 Carlos \u00a0Julio Mart\u00ednez Moreno. \u00a0\u00a0<\/p>\n<p>3. Contra esta decisi\u00f3n procede el recurso \u00a0de reposici\u00f3n. \u00a0\u00a0<\/p>\n<p>4. Disponer que el juzgador de segundo grado \u00a0realice \u00a0las \u00a0anotaciones, \u00a0devoluciones, \u00a0cancelaciones \u00a0y \u00a0medidas \u00a0a que haya \u00a0lugar, \u00a0como consecuencia de la extinci\u00f3n de las acciones penal y civil, seg\u00fan \u00a0lo expuesto en la parte motiva de esta decisi\u00f3n. \u00a0\u00a0<\/p>\n<p>5. \u00a0Por \u00a0Secretar\u00eda de la Sala, exp\u00eddanse \u00a0las \u00a0copias \u00a0con \u00a0destino \u00a0a \u00a0la \u00a0Sala \u00a0Disciplinaria del Consejo Superior de la \u00a0Judicatura para lo de su cargo. \u00a0\u00a0<\/p>\n<p>C\u00f3piese, \u00a0 \u00a0 \u00a0notif\u00edquese \u00a0 \u00a0 \u00a0y \u00a0c\u00famplase. \u00a0\u00a0<\/p>\n<p>JAVIER\u00a0 ZAPATA ORTIZ \u00a0<\/p>\n<p>JOS\u00c9 \u00a0LUIS \u00a0BARCEL\u00d3 \u00a0CAMACHO \u00a0 \u00a0 \u00a0\u00a0 \u00a0\u00a0 \u00a0\u00a0 \u00a0\u00a0 \u00a0\u00a0 \u00a0 \u00a0 \u00a0 \u00a0 \u00a0 JOS\u00c9 \u00a0 LEONIDAS \u00a0 BUSTOS \u00a0MART\u00cdNEZ \u00a0\u00a0<\/p>\n<p>\u00a0 \u00a0\u00a0 \u00a0\u00a0 \u00a0 \u00a0\u00a0 \u00a0\u00a0 \u00a0\u00a0 \u00a0\u00a0 \u00a0\u00a0 \u00a0\u00a0 \u00a0 \u00a0\u00a0 \u00a0 \u00a0 \u00a0 \u00a0 \u00a0 \u00a0 \u00a0 \u00a0 \u00a0\u00a0 \u00a0 \u00a0 \u00a0 \u00a0 \u00a0\u00a0 \u00a0\u00a0 \u00a0 \u00a0 \u00a0 \u00a0\u00a0 \u00a0 \u00a0 \u00a0 \u00a0\u00a0 \u00a0 \u00a0 \u00a0 \u00a0\u00a0 \u00a0 \u00a0 \u00a0 \u00a0\u00a0\u00a0\u00a0 SALVO PARCIALMENTE EL VOTO \u00a0\u00a0<\/p>\n<p>FERNANDO \u00a0 \u00a0 \u00a0ALBERTO \u00a0 \u00a0 \u00a0CASTRO \u00a0CABALLERO \u00a0\u00a0 \u00a0\u00a0 \u00a0\u00a0 \u00a0\u00a0SIGIFREDO ESPINOSA P\u00c9REZ \u00a0\u00a0<\/p>\n<p>MAR\u00cdA \u00a0 \u00a0DEL \u00a0 \u00a0ROSARIO \u00a0 \u00a0GONZ\u00c1LEZ \u00a0MU\u00d1OZ \u00a0 \u00a0 \u00a0 \u00a0 \u00a0\u00a0 \u00a0\u00a0 \u00a0\u00a0 \u00a0\u00a0 \u00a0\u00a0 \u00a0AUGUSTO J. \u00a0IB\u00c1\u00d1EZ GUZM\u00c1N \u00a0\u00a0<\/p>\n<p>LUIS \u00a0GUILLERMO \u00a0SALAZAR OTERO \u00a0\u00a0 \u00a0\u00a0 \u00a0\u00a0 \u00a0\u00a0 \u00a0\u00a0 \u00a0\u00a0 \u00a0 \u00a0\u00a0 \u00a0 \u00a0\u00a0JULIO \u00a0 \u00a0ENRIQUE \u00a0 \u00a0SOCHA \u00a0SALAMANCA \u00a0\u00a0<\/p>\n<p>NUBIA YOLANDA NOVA GARC\u00cdA \u00a0<\/p>\n<p>Secretaria \u00a0<\/p>\n<p>\u00a0 \u00a0\u00a0<\/p>\n<p><\/p>\n","protected":false},"excerpt":{"rendered":"<p>\u00a0 \u00a0 Proceso n.\u00ba 37716 \u00a0 CORTE SUPREMA DE JUSTICIA \u00a0 SALA \u00a0 DE \u00a0 CASACI\u00d3N \u00a0PENAL \u00a0\u00a0 Magistrado \u00a0Ponente \u00a0\u00a0 JOS\u00c9 LUIS BARCEL\u00d3 CAMACHO \u00a0 Aprobado \u00a0 acta \u00a0 N\u00ba\u00a0 \u00a0390 \u00a0\u00a0 \u00a0 \u00a0 \u00a0 \u00a0 \u00a0 Bogot\u00e1, \u00a0 D. \u00a0 C.,\u00a0 \u00a0 dos (2) de noviembre de dos mil once (2011) \u00a0\u00a0 \u00a0\u00a0\u00a0\u00a0\u00a0 [&hellip;]<\/p>\n","protected":false},"author":1,"featured_media":0,"comment_status":"open","ping_status":"open","sticky":false,"template":"","format":"standard","meta":{"footnotes":""},"categories":[19],"tags":[],"class_list":["post-23330","post","type-post","status-publish","format-standard","hentry","category-19"],"_links":{"self":[{"href":"https:\/\/dmsjuridica.com\/buscador_20179478954\/salapenalcronologico20230723\/wp-json\/wp\/v2\/posts\/23330","targetHints":{"allow":["GET"]}}],"collection":[{"href":"https:\/\/dmsjuridica.com\/buscador_20179478954\/salapenalcronologico20230723\/wp-json\/wp\/v2\/posts"}],"about":[{"href":"https:\/\/dmsjuridica.com\/buscador_20179478954\/salapenalcronologico20230723\/wp-json\/wp\/v2\/types\/post"}],"author":[{"embeddable":true,"href":"https:\/\/dmsjuridica.com\/buscador_20179478954\/salapenalcronologico20230723\/wp-json\/wp\/v2\/users\/1"}],"replies":[{"embeddable":true,"href":"https:\/\/dmsjuridica.com\/buscador_20179478954\/salapenalcronologico20230723\/wp-json\/wp\/v2\/comments?post=23330"}],"version-history":[{"count":0,"href":"https:\/\/dmsjuridica.com\/buscador_20179478954\/salapenalcronologico20230723\/wp-json\/wp\/v2\/posts\/23330\/revisions"}],"wp:attachment":[{"href":"https:\/\/dmsjuridica.com\/buscador_20179478954\/salapenalcronologico20230723\/wp-json\/wp\/v2\/media?parent=23330"}],"wp:term":[{"taxonomy":"category","embeddable":true,"href":"https:\/\/dmsjuridica.com\/buscador_20179478954\/salapenalcronologico20230723\/wp-json\/wp\/v2\/categories?post=23330"},{"taxonomy":"post_tag","embeddable":true,"href":"https:\/\/dmsjuridica.com\/buscador_20179478954\/salapenalcronologico20230723\/wp-json\/wp\/v2\/tags?post=23330"}],"curies":[{"name":"wp","href":"https:\/\/api.w.org\/{rel}","templated":true}]}}