{"id":23239,"date":"2023-09-12T16:35:41","date_gmt":"2023-09-12T16:35:41","guid":{"rendered":"https:\/\/dmsjuridica.com\/buscador_20179478954\/salapenalcronologico20230723\/2023\/09\/12\/3749012-10-11\/"},"modified":"2023-09-12T16:35:41","modified_gmt":"2023-09-12T16:35:41","slug":"3749012-10-11","status":"publish","type":"post","link":"https:\/\/dmsjuridica.com\/buscador_20179478954\/salapenalcronologico20230723\/2023\/09\/12\/3749012-10-11\/","title":{"rendered":"37490(12-10-11)"},"content":{"rendered":"\n<p>\u00a0 \u00a0 Proceso n.\u00ba 37490 \u00a0<\/p>\n<p>CORTE SUPREMA DE JUSTICIA \u00a0<\/p>\n<p>SALA DE CASACI\u00d3N PENAL \u00a0<\/p>\n<p>\u00a0 \u00a0\u00a0 \u00a0\u00a0 \u00a0\u00a0 \u00a0\u00a0 \u00a0 \u00a0 \u00a0 \u00a0 \u00a0 \u00a0\u00a0 \u00a0\u00a0 \u00a0 \u00a0 \u00a0 \u00a0Magistrado Ponente \u00a0\u00a0<\/p>\n<p>\u00a0 \u00a0\u00a0 \u00a0\u00a0 \u00a0\u00a0 \u00a0\u00a0 \u00a0 \u00a0 \u00a0 \u00a0 \u00a0 \u00a0\u00a0 \u00a0\u00a0 \u00a0 \u00a0 \u00a0 \u00a0JAVIER ZAPATA ORTIZ \u00a0\u00a0<\/p>\n<p>Aprobado: Acta No. 364 \u00a0<\/p>\n<p>Bogot\u00e1, \u00a0D.C., \u00a0doce (12) de octubre de dos \u00a0mil once (2011) \u00a0\u00a0<\/p>\n<p>MOTIVO DE LA DECISI\u00d3N \u00a0<\/p>\n<p>La \u00a0Sala \u00a0se pronuncia sobre la solicitud de \u00a0cambio \u00a0de \u00a0radicaci\u00f3n presentada por el Juez Promiscuo del Circuito de Amag\u00e1, \u00a0dentro \u00a0del \u00a0proceso seguido contra DANIEL ALEJANDRO SERNA, alias \u201cKenner\u201d y \u00a0RODRIGO \u00a0ALBERTO \u00a0ZAPATA SIERRA, alias \u201cRicardo\u201d, ex comandantes de las AUC, \u00a0acusados del delito de homicidio en persona protegida en concurso. \u00a0\u00a0<\/p>\n<p>HECHOS \u00a0<\/p>\n<p>La Fiscal 54 Delegada ante los Jueces Penales \u00a0del \u00a0Circuito Especializados, en la calificaci\u00f3n de la instrucci\u00f3n los relat\u00f3 \u00a0as\u00ed: \u00a0\u00a0<\/p>\n<p>\u201cSe \u00a0origin\u00f3 la \u00a0presente \u00a0investigaci\u00f3n \u00a0penal \u00a0como \u00a0consecuencia \u00a0de \u00a0la \u00a0labor investigativa \u00a0desplegada \u00a0por miembros de la Polic\u00eda Judicial del Departamento de Polic\u00eda de \u00a0Antioquia, \u00a0tendiente \u00a0a \u00a0identificar a cada uno de los miembros que conformaban \u00a0las \u00a0Autodefensas \u00a0que \u00a0operaban \u00a0en \u00a0los \u00a0municipios \u00a0de AMAGA, ANGEL\u00d3POLIS, y \u00a0TITIRIBI, \u00a0integrado \u00a0por m\u00e1s de 300 militantes armados, vestidos de camuflado, \u00a0que \u00a0acostumbraban \u00a0desplazarse \u00a0en \u00a0veh\u00edculos \u00a0de \u00a0alta \u00a0gama, \u00a0ajusticiando a \u00a0personas \u00a0 dedicadas \u00a0 a \u00a0 actividades \u00a0il\u00edcitas, \u00a0extorsionando \u00a0y \u00a0cometiendo \u00a0homicidios \u00a0contra \u00a0la \u00a0poblaci\u00f3n, caso del joven JUAN \u00a0DAVID \u00a0ARREDONDO \u00a0VELEZ, \u00a0fallecido a manos de las autodefensas el 23 de febrero \u00a0de \u00a02002, \u00a0cuando \u00a0varios \u00a0hombres fuertemente armados \u00a0irrumpieron \u00a0de \u00a0manera \u00a0violenta \u00a0a \u00a0la \u00a0discoteca \u00a0\u201cAmadeus\u201d ubicada en el \u00a0sector \u00a0La \u00a0Florida \u00a0del Municipio de Amag\u00e1, llev\u00e1ndoselo consigo y dej\u00e1ndolo \u00a0sin \u00a0vida \u00a0en \u00a0la \u00a0v\u00eda \u00a0p\u00fablica, \u00a0en \u00a0el \u00a0sector \u00a0conocido \u00a0como \u00a0la \u00a0\u201cY\u201d. \u00a0\u00a0<\/p>\n<p>Entre \u00a0 las \u00a0 personas \u00a0 identificadas \u00a0se \u00a0encuentran \u00a0JUAN SANTIAGO GALL\u00d3N HENAO, este \u00faltimo dedicado a financiar a las \u00a0autodefensas \u00a0campesinas \u00a0quien \u00a0a \u00a0su \u00a0vez ha referido a RODRIGO ZAPATA SIERRA, \u00a0conocido \u00a0como \u00a0alias \u00a0\u201cRICARDO\u201d, \u00a0de \u00a0ser \u00a0la \u00a0persona que continuamente le \u00a0enviaba \u00a0hombres \u00a0del grupo ilegal bajo su mando para que le dieran el numero de \u00a0celular \u00a0y \u00a0comunicarse \u00a0con \u00a0\u00e9l \u00a0y \u00a0entregarle \u00a0as\u00ed \u00a0sumas \u00a0de dinero para la \u00a0financiaci\u00f3n del grupo ilegal. \u00a0\u00a0<\/p>\n<p>Conforme a los avances de la investigaci\u00f3n y \u00a0concretamente \u00a0acorde \u00a0con \u00a0las afirmaciones que en la diligencia de indagatoria \u00a0hiciere \u00a0el \u00a0desmovilizado \u00a0de \u00a0las \u00a0Autodefensas \u00a0DANIEL \u00a0ALEJANDRO SERNA alias \u00a0\u201cKENNER \u00a0O \u00a0EL \u00a0CABO\u201d, \u00a0se \u00a0pudo establecer que los \u00a0homicidios \u00a0del sargento de la polic\u00eda JOSE ARVEY ORTIZ LOZANO y su esposa YUDI \u00a0PATRICIA \u00a0ROA \u00a0CHALA, ocurridos en los municipios de Caldas y Angel\u00f3polis en el \u00a0mes \u00a0de \u00a0octubre \u00a0del \u00a0a\u00f1o \u00a02003, fueron ordenados por \u00a0RODRIGO \u00a0ZAPATA SIERRA alias \u201cRICARDO\u201d a quien se\u00f1al\u00f3 de ser el Comandante \u00a0General \u00a0del \u00a0grupo \u00a0ilegal que operaba en los municipios de Amag\u00e1, Titirib\u00ed y \u00a0Angel\u00f3polis, \u00a0a\u00f1adiendo adem\u00e1s que la causa determinante de estos homicidios, \u00a0fue \u00a0que \u00a0el \u00a0sargento \u00a0Ortiz \u00a0captur\u00f3 \u00a0al \u00a0declarante \u00a0y lo encarcel\u00f3, con el \u00a0auspicio de alias \u201cEl Loco\u201d. \u00a0\u00a0<\/p>\n<p>Al \u00a0 enterarse \u00a0 RODRIGO \u00a0ZAPATA \u00a0de \u00a0esta \u00a0situaci\u00f3n, \u00a0dio \u00a0la \u00a0orden \u00a0de \u00a0ultimar \u00a0al \u00a0Sargento Ortiz en compa\u00f1\u00eda de su \u00a0esposa, \u00a0mientras \u00a0que \u00a0su \u00a0hijo, \u00a0un \u00a0menor \u00a0de \u00a0tan \u00a0solo \u00a02 a\u00f1os de edad, lo \u00a0entregaron \u00a0a \u00a0una familia en el Barrio Niqu\u00eda del Municipio de Bello.\u201d\u00a0 \u00a0\u00a0<\/p>\n<p>ANTECEDENTES \u00a0\u00a0<\/p>\n<p>1. \u00a0El \u00a028 \u00a0de enero de 2011 la Fiscal\u00eda 54 \u00a0Especializada \u00a0profiri\u00f3 resoluci\u00f3n de acusaci\u00f3n contra DANIEL ALEJANDRO SERNA \u00a0como \u00a0autor \u00a0mediato \u00a0del delito de homicidio en persona protegida en Juan David \u00a0Arredondo \u00a0V\u00e9lez \u00a0y \u00a0a \u00a0RODRIGO \u00a0ALBERTO \u00a0ZAPATA \u00a0SIERRA \u00a0como autor mediato de \u00a0homicidio \u00a0en persona protegida\u00a0 en concurso, por las muertes de Juan David \u00a0Arredondo \u00a0V\u00e9lez, \u00a0Jos\u00e9 \u00a0Arvey \u00a0Ortiz Lozano y Yuli Patricia Roa Chal\u00e1,\u00a0 \u00a0actualmente \u00a0detenidos \u00a0en \u00a0la \u00a0c\u00e1rcel \u00a0de Palmira y \u201cLa Picota\u201d de Bogot\u00e1 \u00a0respectivamente. \u00a0\u00a0<\/p>\n<p>2. Remitido el expediente por competencia al \u00a0Juez \u00a0 \u00a0Promiscuo \u00a0 \u00a0del \u00a0 \u00a0Circuito \u00a0 de \u00a0 Amag\u00e11,\u00a0 \u00a0\u00e9ste, con oficio 1064 \u00a0del \u00a030 \u00a0de \u00a0agosto de 2011 dirigido al Presidente de la Sala Penal del Tribunal \u00a0Superior \u00a0de \u00a0Antioquia, solicit\u00f3 el cambio de radicaci\u00f3n\u00a0 del proceso en \u00a0raz\u00f3n \u00a0a \u00a0que no se encuentra garantizada la seguridad e integridad personal de \u00a0los \u00a0sujetos \u00a0procesales \u00a0y \u00a0de \u00a0los \u00a0funcionarios \u00a0judiciales, toda vez que los \u00a0procesados \u00a0 son \u00a0 \u201cintegrantes \u00a0de \u00a0la \u00a0denominada \u00a0\u201cOficina \u00a0de Envigado\u201d, ejercen notable influencia en la regi\u00f3n pues fue su \u00a0centro \u00a0de operaciones como cuadros de mando de m\u00e1s de 300 hombres que azotaron \u00a0las \u00a0municipalidades de Angel\u00f3polis, Titirib\u00ed y Amag\u00e1, siendo su presencia un \u00a0notable \u00a0factor \u00a0de \u00a0perturbaci\u00f3n \u00a0del \u00a0orden \u00a0p\u00fablico \u00a0en \u00a0la regi\u00f3n ante la \u00a0abierta \u00a0confrontaci\u00f3n \u00a0de \u00a0la \u00a0denominada \u00a0\u201cOficina \u00a0de \u00a0Envigado\u201d \u00a0con la \u00a0\u201cBanda \u00a0 de \u00a0 don \u00a0 Mario\u201d, \u00a0 ambas \u00a0 bacrim \u00a0con \u00a0fuerte \u00a0presencia \u00a0en \u00a0la \u00a0zona\u2026\u201d \u00a0\u00a0<\/p>\n<p>Se\u00f1al\u00f3 \u00a0que los testigos de cargo, algunos \u00a0de \u00a0ellos \u00a0integrantes \u00a0de \u00a0la \u00a0\u201cbanda \u00a0de \u00a0don Mario\u201d, cuentan con inmensos \u00a0recursos \u00a0posibles \u00a0de \u00a0utilizar \u00a0en \u00a0contra \u00a0de \u00a0la \u00a0seguridad \u00a0de \u00a0los \u00a0mismos \u00a0procesados, \u00a0o, \u00a0de \u00a0otro \u00a0lado, \u00a0intentar \u00a0un \u00a0rescate \u00a0armado por parte de sus \u00a0subalternos \u00a0aprovechando \u00a0la \u00a0poca \u00a0vigilancia \u00a0que \u00a0se les puede brindar en el \u00a0municipio \u00a0 en \u00a0 atenci\u00f3n \u00a0 al \u00a0 reducido \u00a0 n\u00famero \u00a0 de \u00a0 polic\u00edas \u00a0 con \u00a0que \u00a0cuenta. \u00a0\u00a0<\/p>\n<p>Como \u00a0soporte a su solicitud, el funcionario \u00a0alleg\u00f3 \u00a0un \u00a0estudio \u00a0de \u00a0seguridad a las instalaciones carcelarias y judiciales \u00a0del \u00a0Municipio \u00a0de \u00a0Amag\u00e1 \u00a0realizado \u00a0por \u00a0la \u00a0Seccional \u00a0de Inteligencia de la \u00a0Polic\u00eda \u00a0Nacional \u00a0\u2013SIPOL- \u00a0el \u00a0cual \u00a0concluy\u00f3 \u00a0que no exist\u00edan las condiciones m\u00ednimas de protecci\u00f3n en \u00a0Amag\u00e1 \u00a0 para \u00a0realizar \u00a0un \u00a0juicio \u00a0de \u00a0las \u00a0condiciones \u00a0se\u00f1aladas, \u00a0concepto \u00a0coadyuvado por la secretar\u00eda de gobierno del municipio. \u00a0\u00a0<\/p>\n<p>Igualmente \u00a0adjunta \u00a0un oficio del Personero \u00a0Municipal \u00a0 \u00a0en \u00a0 \u00a0donde \u00a0 le \u00a0 solicit\u00f3 \u00a0 el \u00a0 cambio \u00a0 de \u00a0 radicaci\u00f3n \u00a0 del \u00a0proceso. \u00a0\u00a0<\/p>\n<p>3. La Sala de Decisi\u00f3n del Tribunal Superior \u00a0de \u00a0Antioquia, \u00a0previo \u00a0a \u00a0resolver, \u00a0requiri\u00f3 \u00a0del \u00a0INPEC un informe sobre las \u00a0c\u00e1rceles \u00a0 que \u00a0en \u00a0el \u00a0Departamento \u00a0de \u00a0Antioquia \u00a0pudieran \u00a0albergar \u00a0a \u00a0los \u00a0sindicados \u00a0atendiendo \u00a0condiciones \u00a0de \u00a0seguridad, sin embargo la respuesta fue \u00a0negativa \u00a0en \u00a0el sentido que el departamento no cuenta con centros de reclusi\u00f3n \u00a0aptos para el efecto. \u00a0\u00a0<\/p>\n<p>Con \u00a0 base \u00a0en \u00a0los \u00a0anteriores \u00a0elementos \u00a0probatorios, \u00a0el \u00a0mencionado \u00a0cuerpo \u00a0colegiado \u00a0encontr\u00f3 \u00a0fundados los motivos \u00a0aducidos \u00a0por \u00a0el \u00a0Juez Promiscuo del Circuito de Amag\u00e1 para deprecar el cambio \u00a0de \u00a0radicaci\u00f3n \u00a0y \u00a0comparti\u00f3 \u00a0el \u00a0criterio \u00a0de \u00a0que \u00a0se \u00a0pondr\u00eda en riesgo la \u00a0seguridad \u00a0e integridad personal de los sujetos procesales y de los funcionarios \u00a0judiciales \u00a0 al \u00a0desarrollarse \u00a0el \u00a0juicio \u00a0en \u00a0ese \u00a0municipio \u00a0por \u00a0la \u00a0marcada \u00a0influencia \u00a0de \u00a0las \u00a0bandas \u00a0criminales \u00a0en \u00a0el \u00a0sector \u00a0aunado \u00a0a \u00a0su \u00a0evidente \u00a0inseguridad, \u00a0cumpli\u00e9ndose \u00a0as\u00ed el mandato previsto en el art\u00edculo 85 y 87 de \u00a0la Ley 600 de 2000. \u00a0\u00a0<\/p>\n<p>Dado \u00a0que \u00a0no \u00a0existe \u00a0en el Departamento de \u00a0Antioquia \u00a0c\u00e1rcel \u00a0con \u00a0las condiciones de seguridad requeridas, el Tribunal ve \u00a0la \u00a0necesidad de radicar el proceso en otro Distrito Judicial raz\u00f3n por la cual \u00a0remite \u00a0el \u00a0expediente \u00a0a \u00a0la \u00a0Sala \u00a0Penal \u00a0de la Corte para su pronunciamiento. \u00a0\u00a0<\/p>\n<p>CONSIDERACIONES \u00a0\u00a0<\/p>\n<p>1. \u00a0De \u00a0conformidad \u00a0con \u00a0el numeral 8\u00ba del \u00a0art\u00edculo \u00a075 \u00a0de \u00a0la \u00a0Ley \u00a0600 \u00a0de \u00a02000 \u00a0en concordancia con el inciso 2\u00ba del \u00a0art\u00edculo \u00a088 \u00a0ib\u00eddem, \u00a0la \u00a0Sala \u00a0de \u00a0Casaci\u00f3n \u00a0Penal \u00a0de \u00a0la \u00a0Corte Suprema de Justicia es competente para \u00a0decidir \u00a0la solicitud de cambio de radicaci\u00f3n remitida por el Tribunal Superior \u00a0del \u00a0Distrito \u00a0Judicial \u00a0de Antioquia quien estim\u00f3 conveniente la variaci\u00f3n de \u00a0asignaci\u00f3n a un distrito judicial diferente. \u00a0\u00a0<\/p>\n<p>2. \u00a0El cambio de radicaci\u00f3n, tiene dicho la \u00a0Corte, \u00a0es \u00a0una \u00a0medida \u00a0de \u00a0car\u00e1cter \u00a0excepcional \u00a0a \u00a0trav\u00e9s de la cual puede \u00a0exceptuarse \u00a0 la \u00a0 regla \u00a0 general \u00a0 de \u00a0 competencia \u00a0deducida \u00a0por \u00a0el \u00a0factor \u00a0territorial,\u00a0 \u00a0a \u00a0fin \u00a0de \u00a0resguardar \u00a0el \u00a0proceso de factores externos que \u00a0perturben \u00a0su \u00a0desarrollo, \u00a0de \u00a0manera \u00a0que el fallo se profiera por un juez que \u00a0est\u00e9 \u00a0en \u00a0un \u00a0ambiente \u00a0adecuado, \u00a0ajeno \u00a0a circunstancias que se opongan a una \u00a0recta, cumplida y eficaz administraci\u00f3n de justicia. \u00a0\u00a0<\/p>\n<p>3. Tiene decantado esta Corporaci\u00f3n que los \u00a0motivos \u00a0para \u00a0solicitar \u00a0el \u00a0cambio \u00a0de \u00a0radicaci\u00f3n deben estar probados o con \u00a0posibilidad \u00a0de \u00a0verificarse \u00a0en la actuaci\u00f3n a fin de permitir al juez valorar \u00a0objetivamente \u00a0el \u00a0incidente \u00a0y \u00a0establecer \u00a0si \u00a0en \u00a0realidad \u00a0en \u00a0el territorio \u00a0asignado \u00a0 para \u00a0 adelantar \u00a0el \u00a0juicio \u00a0se \u00a0presentan \u00a0circunstancias \u00a0externas \u00a0atentatorias \u00a0del \u00a0orden \u00a0p\u00fablico, \u00a0la \u00a0imparcialidad \u00a0o la independencia de la \u00a0administraci\u00f3n \u00a0de \u00a0justicia, \u00a0las \u00a0garant\u00edas \u00a0procesales, \u00a0la \u00a0publicidad del \u00a0juzgamiento, \u00a0la \u00a0seguridad o integridad personal de los sujetos procesales o de \u00a0los \u00a0funcionarios \u00a0judiciales de tal entidad que el riesgo que se busca proteger \u00a0con \u00a0 esta \u00a0medida \u00a0sea \u00a0superior \u00a0a \u00a0la \u00a0importancia \u00a0del \u00a0principio \u00a0del \u00a0juez \u00a0natural. \u00a0\u00a0<\/p>\n<p>4. \u00a0Se \u00a0deduce \u00a0entonces, \u00a0que \u00a0el cambio de \u00a0radicaci\u00f3n \u00a0 \u00a0 es \u00a0 \u00a0una \u00a0 \u00a0medida \u00a0 \u00a0residual \u00a0 \u00a0y \u00a0extrema \u00a0aplicada cuando definitivamente ya no existan \u00a0mecanismos \u00a0jur\u00eddicos \u00a0alternativos \u00a0destinados a neutralizar las causas que lo \u00a0generan, \u00a0o cuando pese a haber acudido a otras formas de prevenir o remediar el \u00a0conflicto \u00a0latente \u00a0y \u00a0extra\u00f1o \u00a0al \u00a0proceso \u00a0penal, no se hubieren obtenido los \u00a0resultados esperados. \u00a0\u00a0<\/p>\n<p>5. En el caso bajo estudio, los lineamientos \u00a0esenciales \u00a0caracter\u00edsticos del cambio de radicaci\u00f3n previstos en el art\u00edculo \u00a085 \u00a0de \u00a0la \u00a0Ley \u00a0600 de 2000 est\u00e1n previamente soportados, pues se advierte una \u00a0gran \u00a0amenaza \u00a0para la seguridad de los sujetos procesales y los funcionarios en \u00a0caso \u00a0 de \u00a0 desarrollarse \u00a0el \u00a0juicio \u00a0en \u00a0Amag\u00e1, \u00a0no \u00a0solo \u00a0por \u00a0la \u00a0falta \u00a0de \u00a0infraestructura \u00a0y \u00a0log\u00edstica \u00a0necesarias en el desarrollo de las audiencias, o \u00a0la \u00a0carencia de suficiente personal de polic\u00eda protector del orden, sino por la \u00a0reconocida \u00a0violencia \u00a0que \u00a0caracteriza \u00a0a las bandas emergentes al servicio del \u00a0narcotr\u00e1fico \u00a0llamadas \u201cbacrim\u201d dentro de las cuales se halla \u201cLa Oficina \u00a0de \u00a0Envigado\u201d \u00a0de la que hacen parte los sindicados, grupos delincuenciales de \u00a0alta \u00a0peligrosidad \u00a0que \u00a0para \u00a0sus \u00a0ajustes de cuentas o lograr sus objetivos no \u00a0escatiman \u00a0esfuerzo \u00a0ni \u00a0los \u00a0ataja miramiento alguno, siendo evidente el riesgo \u00a0expresado por el Juez y las autoridades municipales. \u00a0\u00a0<\/p>\n<p>Y no es para menos, pues reconocido est\u00e1 en \u00a0el \u00a0expediente \u00a0que ZAPATA SIERRA era persona allegada directamente a la \u201cCasa \u00a0Casta\u00f1o\u201d, \u00a0mano \u00a0derecha \u00a0de Vicente, quien lo design\u00f3 como comandante de la \u00a0zona \u00a0que \u00a0cubr\u00eda \u00a0el \u00a0territorio \u00a0de Titirib\u00ed, Amag\u00e1 y Angel\u00f3polis, lugares \u00a0donde \u00a0al \u00a0mando \u00a0de \u00a0un \u00a0nutrido \u00a0n\u00famero \u00a0de hombres desplegaron su devastador \u00a0actuar delictivo ahora motivo de enjuiciamiento. \u00a0\u00a0<\/p>\n<p>Las particularidades que se han resaltado en \u00a0este \u00a0asunto son de tal gravedad y trascendencia que repercuten en inestabilidad \u00a0e \u00a0incertidumbre de los sujetos procesales y funcionarios judiciales, al extremo \u00a0de \u00a0colocarlos en una situaci\u00f3n que afecta el imprescindible equilibrio con que \u00a0deben contar para actuar en el proceso. \u00a0\u00a0<\/p>\n<p>Recu\u00e9rdese \u00a0 que \u00a0la \u00a0administraci\u00f3n \u00a0de \u00a0justicia \u00a0debe \u00a0estar libre de toda interferencia, vulneraci\u00f3n y amenaza que se \u00a0anteponga \u00a0al \u00a0sosiego \u00a0y apacible tranquilidad de quienes tienen la funci\u00f3n de \u00a0participar, \u00a0contribuir \u00a0y \u00a0hacerla \u00a0cumplir, \u00a0teniendo \u00a0el \u00a0Estado \u00a0el deber de \u00a0garantizar \u00a0la \u00a0seguridad \u00a0y, por ende, la tranquilidad necesaria para el \u00e9xito \u00a0de la labor constitucional encomendada. \u00a0\u00a0<\/p>\n<p>6. \u00a0En consecuencia, con el fin de preservar \u00a0esa \u00a0integridad \u00a0personal y la seguridad de quienes intervienen en este proceso, \u00a0lo \u00a0aconsejable \u00a0es \u00a0acceder \u00a0al \u00a0cambio \u00a0de \u00a0radicaci\u00f3n solicitado por el Juez \u00a0Promiscuo \u00a0Municipal \u00a0de \u00a0Amag\u00e1 \u00a0y \u00a0ordenar radicar el expediente en uno de los \u00a0Juzgados Penales del Circuito de Medell\u00edn\u00a0 -reparto-. \u00a0\u00a0<\/p>\n<p>En \u00a0m\u00e9rito de lo expuesto, la CORTE SUPREMA \u00a0DE JUSTICIA, SALA DE CASACI\u00d3N PENAL, \u00a0\u00a0<\/p>\n<p>\u00a0 \u00a0 \u00a0 \u00a0 \u00a0<\/p>\n<p>RESUELVE \u00a0\u00a0<\/p>\n<p>1. \u00a0 ORDENAR \u00a0el \u00a0 \u00a0 \u00a0cambio \u00a0 \u00a0 de \u00a0radicaci\u00f3n \u00a0del \u00a0proceso \u00a0que \u00a0adelanta \u00a0el \u00a0Juzgado \u00a0Promiscuo \u00a0del \u00a0Circuito \u00a0de \u00a0Amag\u00e1 \u00a0contra \u00a0DANIEL \u00a0ALEJANDRO \u00a0SERNA y RODRIGO \u00a0ALBERTO \u00a0ZAPATA \u00a0SIERRA\u00a0 \u00a0al \u00a0Distrito Judicial de \u00a0Medell\u00edn. \u00a0En consecuencia, rem\u00edtase de inmediato el \u00a0expediente \u00a0al \u00a0reparto \u00a0de \u00a0los \u00a0jueces penales del circuito competentes de esa \u00a0ciudad, \u00a0 \u00a0 seg\u00fan \u00a0 \u00a0 la \u00a0 \u00a0 naturaleza \u00a0 \u00a0 de \u00a0 \u00a0 las \u00a0 \u00a0conductas \u00a0 \u00a0punibles \u00a0investigadas. \u00a0\u00a0<\/p>\n<p>Comun\u00edquese \u00a0esta \u00a0decisi\u00f3n \u00a0al \u00a0Juzgado Promiscuo del Circuito de \u00a0Amag\u00e1, \u00a0al Tribunal Superior del Distrito Judicial de Antioquia y a los sujetos \u00a0procesales. \u00a0\u00a0<\/p>\n<p>Contra \u00a0esta \u00a0decisi\u00f3n \u00a0no \u00a0procede recurso \u00a0alguno. \u00a0\u00a0<\/p>\n<p>Comun\u00edquese y C\u00famplase. \u00a0<\/p>\n<p>JAVIER ZAPATA ORTIZ \u00a0<\/p>\n<p>JOS\u00c9 \u00a0 \u00a0 \u00a0 LUIS \u00a0 \u00a0 \u00a0 BARCEL\u00d3 \u00a0CAMACHO\u00a0\u00a0\u00a0\u00a0\u00a0\u00a0\u00a0\u00a0\u00a0\u00a0\u00a0\u00a0\u00a0\u00a0\u00a0\u00a0\u00a0\u00a0\u00a0\u00a0\u00a0\u00a0\u00a0\u00a0\u00a0\u00a0\u00a0\u00a0 \u00a0JOS\u00c9 \u00a0LEONIDAS \u00a0BUSTOS \u00a0MART\u00cdNEZ\u00a0\u00a0\u00a0 \u00a0 \u00a0\u00a0 \u00a0\u00a0 \u00a0\u00a0 \u00a0\u00a0\u00a0\u00a0\u00a0\u00a0 \u00a0 \u00a0 \u00a0 \u00a0 \u00a0 \u00a0\u00a0<\/p>\n<p>FERNANDO \u00a0 \u00a0 \u00a0ALBERTO \u00a0 \u00a0 \u00a0CASTRO \u00a0CABALLERO\u00a0\u00a0\u00a0\u00a0\u00a0\u00a0\u00a0\u00a0\u00a0\u00a0\u00a0\u00a0\u00a0\u00a0\u00a0\u00a0\u00a0\u00a0\u00a0 \u00a0SIGIFREDO ESPINOSA P\u00c9REZ \u00a0\u00a0<\/p>\n<p>\u00a0 \u00a0\u00a0 \u00a0\u00a0 \u00a0 \u00a0 \u00a0 \u00a0 \u00a0\u00a0 \u00a0 \u00a0 \u00a0 \u00a0\u00a0 \u00a0 \u00a0 \u00a0 \u00a0\u00a0 \u00a0 \u00a0 \u00a0 \u00a0Permiso \u00a0 \u00a0\u00a0 \u00a0 \u00a0\u00a0 \u00a0 \u00a0\u00a0 \u00a0\u00a0 \u00a0 \u00a0 \u00a0 \u00a0 \u00a0\u00a0 \u00a0\u00a0 \u00a0\u00a0 \u00a0\u00a0 \u00a0\u00a0 \u00a0\u00a0 \u00a0\u00a0 \u00a0\u00a0 \u00a0 \u00a0Comisi\u00f3n de servicio \u00a0\u00a0<\/p>\n<p>MAR\u00cdA \u00a0DEL \u00a0ROSARIO \u00a0 \u00a0 \u00a0 GONZ\u00c1LEZ \u00a0 \u00a0 \u00a0 MU\u00d1OZ\u00a0\u00a0\u00a0\u00a0\u00a0\u00a0\u00a0\u00a0\u00a0\u00a0\u00a0\u00a0\u00a0\u00a0\u00a0\u00a0\u00a0\u00a0 \u00a0AUGUSTO \u00a0 \u00a0 \u00a0 \u00a0 \u00a0 \u00a0 J. \u00a0 \u00a0 \u00a0 \u00a0 \u00a0 \u00a0IB\u00c1\u00d1EZ \u00a0GUZM\u00c1N\u00a0\u00a0\u00a0\u00a0\u00a0\u00a0\u00a0\u00a0\u00a0\u00a0\u00a0\u00a0\u00a0\u00a0\u00a0\u00a0\u00a0\u00a0\u00a0\u00a0\u00a0\u00a0\u00a0\u00a0\u00a0\u00a0\u00a0\u00a0\u00a0\u00a0\u00a0 \u00a0\u00a0<\/p>\n<p>LUIS \u00a0 \u00a0 \u00a0 GUILLERMO \u00a0 \u00a0 \u00a0SALAZAR \u00a0OTERO\u00a0\u00a0\u00a0\u00a0\u00a0\u00a0\u00a0\u00a0\u00a0\u00a0\u00a0\u00a0\u00a0\u00a0\u00a0\u00a0\u00a0\u00a0\u00a0\u00a0\u00a0 \u00a0JULIO \u00a0 \u00a0ENRIQUE \u00a0 \u00a0SOCHA \u00a0 \u00a0SALAMANCA \u00a0 \u00a0\u00a0 \u00a0 \u00a0\u00a0 \u00a0 \u00a0\u00a0 \u00a0 \u00a0 \u00a0 \u00a0 \u00a0\u00a0 \u00a0 \u00a0\u00a0 \u00a0 \u00a0\u00a0 \u00a0 \u00a0 \u00a0 \u00a0\u00a0 \u00a0 \u00a0\u00a0 \u00a0 \u00a0\u00a0 \u00a0 \u00a0 \u00a0\u00a0<\/p>\n<p>NUBIA YOLANDA NOVA GARC\u00cdA \u00a0<\/p>\n<p>Secretaria \u00a0<\/p>\n<p>\u00a0 \u00a0\u00a0<\/p>\n<p>1 \u00a0Radicado \u00a034.936 \u00a0del \u00a029 \u00a0de \u00a0septiembre \u00a0del \u00a02010: \u00a0\u201cAs\u00ed, \u00a0el \u00a0juzgamiento \u00a0del \u00a0homicidio \u00a0en persona \u00a0internacionalmente \u00a0protegida, \u00a0previsto \u00a0en \u00a0el \u00a0art\u00edculo 135 de la Ley 599 de \u00a02000, \u00a0no \u00a0tiene \u00a0asignada \u00a0una \u00a0competencia \u00a0espec\u00edfica, \u00a0por lo que el factor \u00a0residual \u00a0lo \u00a0coloca en cabeza del juez penal del circuito, tal como lo reconoce \u00a0el titular del Juzgado Segundo Penal del Circuito de Sincelejo. \u00a0\u00a0<\/p>\n<p>Y \u00a0esto \u00a0es as\u00ed, porque el numeral 9\u00ba del \u00a0art\u00edculo \u00a0104 \u00a0de \u00a0la Ley 599 de 2000 s\u00f3lo agrava el homicidio de las personas \u00a0internacionalmente \u00a0protegidas, que no est\u00e1 regulado en el T\u00edtulo II del Libro \u00a0segundo del c\u00f3digo Penal\u201d. \u00a0 \u00a0\u00a0<\/p>\n<p><\/p>\n","protected":false},"excerpt":{"rendered":"<p>\u00a0 \u00a0 Proceso n.\u00ba 37490 \u00a0 CORTE SUPREMA DE JUSTICIA \u00a0 SALA DE CASACI\u00d3N PENAL \u00a0 \u00a0 \u00a0\u00a0 \u00a0\u00a0 \u00a0\u00a0 \u00a0\u00a0 \u00a0 \u00a0 \u00a0 \u00a0 \u00a0 \u00a0\u00a0 \u00a0\u00a0 \u00a0 \u00a0 \u00a0 \u00a0Magistrado Ponente \u00a0\u00a0 \u00a0 \u00a0\u00a0 \u00a0\u00a0 \u00a0\u00a0 \u00a0\u00a0 \u00a0 \u00a0 \u00a0 \u00a0 \u00a0 \u00a0\u00a0 \u00a0\u00a0 \u00a0 \u00a0 \u00a0 \u00a0JAVIER ZAPATA ORTIZ \u00a0\u00a0 Aprobado: Acta [&hellip;]<\/p>\n","protected":false},"author":1,"featured_media":0,"comment_status":"open","ping_status":"open","sticky":false,"template":"","format":"standard","meta":{"footnotes":""},"categories":[19],"tags":[],"class_list":["post-23239","post","type-post","status-publish","format-standard","hentry","category-19"],"_links":{"self":[{"href":"https:\/\/dmsjuridica.com\/buscador_20179478954\/salapenalcronologico20230723\/wp-json\/wp\/v2\/posts\/23239","targetHints":{"allow":["GET"]}}],"collection":[{"href":"https:\/\/dmsjuridica.com\/buscador_20179478954\/salapenalcronologico20230723\/wp-json\/wp\/v2\/posts"}],"about":[{"href":"https:\/\/dmsjuridica.com\/buscador_20179478954\/salapenalcronologico20230723\/wp-json\/wp\/v2\/types\/post"}],"author":[{"embeddable":true,"href":"https:\/\/dmsjuridica.com\/buscador_20179478954\/salapenalcronologico20230723\/wp-json\/wp\/v2\/users\/1"}],"replies":[{"embeddable":true,"href":"https:\/\/dmsjuridica.com\/buscador_20179478954\/salapenalcronologico20230723\/wp-json\/wp\/v2\/comments?post=23239"}],"version-history":[{"count":0,"href":"https:\/\/dmsjuridica.com\/buscador_20179478954\/salapenalcronologico20230723\/wp-json\/wp\/v2\/posts\/23239\/revisions"}],"wp:attachment":[{"href":"https:\/\/dmsjuridica.com\/buscador_20179478954\/salapenalcronologico20230723\/wp-json\/wp\/v2\/media?parent=23239"}],"wp:term":[{"taxonomy":"category","embeddable":true,"href":"https:\/\/dmsjuridica.com\/buscador_20179478954\/salapenalcronologico20230723\/wp-json\/wp\/v2\/categories?post=23239"},{"taxonomy":"post_tag","embeddable":true,"href":"https:\/\/dmsjuridica.com\/buscador_20179478954\/salapenalcronologico20230723\/wp-json\/wp\/v2\/tags?post=23239"}],"curies":[{"name":"wp","href":"https:\/\/api.w.org\/{rel}","templated":true}]}}