{"id":23111,"date":"2023-09-12T16:35:31","date_gmt":"2023-09-12T16:35:31","guid":{"rendered":"https:\/\/dmsjuridica.com\/buscador_20179478954\/salapenalcronologico20230723\/2023\/09\/12\/3719202-11-11\/"},"modified":"2023-09-12T16:35:31","modified_gmt":"2023-09-12T16:35:31","slug":"3719202-11-11","status":"publish","type":"post","link":"https:\/\/dmsjuridica.com\/buscador_20179478954\/salapenalcronologico20230723\/2023\/09\/12\/3719202-11-11\/","title":{"rendered":"37192(02-11-11)"},"content":{"rendered":"\n<p>\u00a0 \u00a0 \u00a0\u00a0<\/p>\n<p>Proceso n.\u00ba 37192 \u00a0<\/p>\n<p>CORTE SUPREMA DE JUSTICIA \u00a0<\/p>\n<p>SALA DE CASACI\u00d3N PENAL \u00a0<\/p>\n<p>Magistrado Ponente \u00a0<\/p>\n<p>JOS\u00c9 LUIS BARCEL\u00d3 CAMACHO \u00a0<\/p>\n<p>Aprobado acta N\u00ba\u00a0 390 \u00a0<\/p>\n<p>Bogot\u00e1, \u00a0D. C., dos (2) de noviembre de dos \u00a0mil once (2011) \u00a0\u00a0<\/p>\n<p>V I S T O S \u00a0<\/p>\n<p>Procede \u00a0la \u00a0Corte \u00a0a \u00a0conceptuar \u00a0sobre \u00a0la \u00a0petici\u00f3n de extradici\u00f3n del \u00a0ciudadano \u00a0 \u00a0 colombiano \u00a0 \u00a0Jhon \u00a0 \u00a0Eduard \u00a0 \u00a0Cuervo \u00a0Zuleta, \u00a0elevada por el Gobierno de los Estados Unidos \u00a0de Am\u00e9rica. \u00a0\u00a0<\/p>\n<p>SOLICITUD \u00a0 \u00a0 Y \u00a0ANTECEDENTES \u00a0\u00a0<\/p>\n<p>1. \u00a0El \u00a0Gobierno \u00a0de \u00a0los \u00a0Estados \u00a0Unidos \u00a0de Am\u00e9rica, a trav\u00e9s de su \u00a0Embajada \u00a0en \u00a0Colombia, \u00a0mediante \u00a0Nota \u00a0Verbal N\u00b0 1334 del 3 de junio de 2011, \u00a0solicit\u00f3 \u00a0al \u00a0Ministerio de Relaciones Exteriores la detenci\u00f3n provisional con \u00a0fines \u00a0de \u00a0extradici\u00f3n \u00a0del \u00a0ciudadano colombiano Jhon \u00a0Eduard \u00a0Cuervo Zuleta.\u00a0 Enterada del requerimiento \u00a0anterior, \u00a0la se\u00f1ora Fiscal General de la Naci\u00f3n, a trav\u00e9s de resoluci\u00f3n del \u00a07 \u00a0de \u00a0junio \u00a0del \u00a0a\u00f1o \u00a0en curso, dispuso la captura del mencionado, la cual se \u00a0hizo \u00a0efectiva \u00a0en \u00a0la \u00a0misma fecha, en atenci\u00f3n a que el requerido hab\u00eda sido \u00a0privado \u00a0de \u00a0la \u00a0libertad \u00a0el d\u00eda 3 del mismo mes y a\u00f1o, con fundamento en una \u00a0circular roja de Interpol. \u00a0\u00a0<\/p>\n<p>2.\u00a0 \u00a0Cumplido lo anterior, la autoridad \u00a0requiriente, \u00a0por \u00a0conducto diplom\u00e1tico y mediante Nota Verbal n\u00famero 1857 del \u00a03 \u00a0de \u00a0agosto \u00a0de \u00a02011, \u00a0solicit\u00f3 \u00a0formalmente \u00a0la \u00a0extradici\u00f3n del ciudadano \u00a0colombiano \u00a0 Jhon \u00a0Eduard \u00a0Cuervo \u00a0Zuleta. \u00a0\u00a0<\/p>\n<p>3.\u00a0 \u00a0El \u00a0Director de Asuntos Jur\u00eddicos \u00a0Internacionales \u00a0del \u00a0Ministerio de Relaciones Exteriores, en oficio DIAJI.E No. \u00a01945 \u00a0del \u00a04 \u00a0de agosto del a\u00f1o en curso, dirigido al Viceministro de Justicia, \u00a0manifest\u00f3 \u00a0que \u00a0por \u00a0no \u00a0existir convenio aplicable al caso es procedente obrar \u00a0seg\u00fan \u00a0 lo \u00a0dispuesto \u00a0en \u00a0el \u00a0ordenamiento \u00a0procesal \u00a0penal \u00a0colombiano.\u00a0 \u00a0\u00a0<\/p>\n<p>4. A su turno, mediante comunicaci\u00f3n n\u00famero \u00a0OFI11-34409 \u00a0 \u00a0\u2013 \u00a0 DVJ \u00a0\u2013 \u00a00300 \u00a0del \u00a010 del mismo \u00a0mes, \u00a0el Viceministro de Justicia se\u00f1al\u00f3 que la documentaci\u00f3n remitida por el \u00a0pa\u00eds \u00a0requiriente \u00a0se \u00a0halla \u00a0debidamente traducida y legalizada, como tambi\u00e9n \u00a0que \u00a0se \u00a0encuentran reunidos los requisitos formales exigidos en la normatividad \u00a0penal \u00a0aplicable. En consecuencia, remiti\u00f3 la documentaci\u00f3n relacionada con la \u00a0solicitud \u00a0de \u00a0extradici\u00f3n, \u00a0con el fin de que la Sala de Casaci\u00f3n Penal emita \u00a0el respectivo concepto. \u00a0\u00a0<\/p>\n<p>5. La Corte, tras garantizar el derecho a la \u00a0defensa \u00a0del \u00a0ciudadano requerido, corri\u00f3 traslado del t\u00e9rmino probatorio, del \u00a0cual \u00a0no \u00a0hicieron uso la apoderada del pedido en extradici\u00f3n ni la Procuradora \u00a0Tercera Delegada para la Casaci\u00f3n Penal.\u00a0 \u00a0\u00a0<\/p>\n<p>SUSTENTO \u00a0DOCUMENTAL \u00a0DE \u00a0LA \u00a0SOLICITUD \u00a0DE \u00a0EXTRADICI\u00d3N \u00a0\u00a0<\/p>\n<p>1. \u00a0 Las \u00a0 notas \u00a0 verbales \u00a0anteriormente \u00a0mencionadas \u00a0rese\u00f1an los hechos objeto de la acusaci\u00f3n formulada en contra del \u00a0ciudadano reclamado en extradici\u00f3n, de la siguiente manera: \u00a0\u00a0<\/p>\n<p>\u201cLos \u00a0hechos \u00a0del \u00a0caso \u00a0indican \u00a0que Jhon \u00a0Eduard \u00a0Cuervo Zuleta es miembro de una organizaci\u00f3n de tr\u00e1fico de narc\u00f3ticos \u00a0y \u00a0ha cometido el delito de concierto para importar y distribuir hero\u00edna en los \u00a0Estados \u00a0 Unidos. \u00a0 Cuervo \u00a0 Zuleta \u00a0es \u00a0responsable \u00a0de \u00a0reclutar \u00a0\u2018correos\u2019 \u00a0para \u00a0importar \u00a0narc\u00f3ticos. \u00a0Por lo \u00a0menos \u00a0en \u00a0los \u00a0\u00faltimos \u00a0dos \u00a0a\u00f1os \u00a0esta \u00a0organizaci\u00f3n \u00a0import\u00f3 \u00a0hero\u00edna de \u00a0contrabando \u00a0a los Estados Unidos v\u00eda \u2018correos\u2019 \u00a0que \u00a0inger\u00edan \u00a0p\u00edldoras \u00a0llenas de hero\u00edna. Cuervo Zuleta es una de las cabezas de \u00a0esta \u00a0gran \u00a0empresa \u00a0de \u00a0contrabando y distribuci\u00f3n de hero\u00edna que opera desde \u00a0Colombia \u00a0a \u00a0los \u00a0Estados \u00a0Unidos. \u00a0El \u00a010 \u00a0de febrero de 2009, un individuo que \u00a0hab\u00eda \u00a0tragado \u00a066 p\u00edldoras de hero\u00edna lleg\u00f3 al Aeropuerto Internacional JFK \u00a0en \u00a0Queens, \u00a0Nueva York, desde Colombia. Dicha persona se reuni\u00f3 posteriormente \u00a0con \u00a0Cuervo \u00a0Zuleta \u00a0y \u00a0otros \u00a0en \u00a0un \u00a0parqueadero \u00a0del \u00a0hotel \u00a0para entregar la \u00a0hero\u00edna. \u00a0La polic\u00eda los arrest\u00f3 y Cuervo Zuleta acept\u00f3 ayudar a la polic\u00eda \u00a0en \u00a0su \u00a0investigaci\u00f3n \u00a0contra \u00a0esta \u00a0organizaci\u00f3n \u00a0de contrabando de hero\u00edna. \u00a0Cuervo \u00a0fue \u00a0transportado a un apartamento de Nueva Jersey de donde se escap\u00f3 y \u00a0huy\u00f3 de la custodia. \u00a0\u00a0<\/p>\n<p>Todas las acciones adelantadas por el acusado \u00a0en \u00a0este caso fueron realizadas con posterioridad al 17 de diciembre de 1997.\u201d \u00a0\u00a0<\/p>\n<p>2. Copia de la acusaci\u00f3n n\u00famero CR 11-426, \u00a0dictada \u00a0el 6 de junio de 2011 por la Corte Distrital de los Estados Unidos para \u00a0el \u00a0Distrito \u00a0Este \u00a0de \u00a0Nueva York, por medio de la cual se acusa a Jhon \u00a0Eduard \u00a0Cuervo \u00a0Zuleta de tres cargos \u00a0de \u00a0 \u00a0 conspiraci\u00f3n \u00a0 \u00a0 para \u00a0 \u00a0 cometer \u00a0 \u00a0 delitos \u00a0 \u00a0 de \u00a0 \u00a0 tr\u00e1fico \u00a0 \u00a0 de \u00a0estupefacientes: \u00a0\u00a0<\/p>\n<p>\u201cCargo uno: \u00a0<\/p>\n<p>(Asociaci\u00f3n \u00a0 il\u00edcita \u00a0 para \u00a0 importar \u00a0hero\u00edna) \u00a0\u00a0<\/p>\n<p>Entre \u00a0el 29 de enero de 2009 hasta el 12 de \u00a0febrero \u00a0de \u00a02009 o alrededor de estas fechas, siendo ambas fechas aproximadas e \u00a0inclusive, \u00a0dentro del Distrito Este de Nueva York y en otras partes, el acusado \u00a0JHON \u00a0CUERVO, \u00a0junto con otros, con conocimiento de causa e intencionalmente, se \u00a0involucr\u00f3 \u00a0en una asociaci\u00f3n il\u00edcita para importar una sustancia controlada a \u00a0Estados \u00a0Unidos desde un lugar fuera de su territorio, delito el cual involucr\u00f3 \u00a0100 \u00a0gramos \u00a0o \u00a0m\u00e1s \u00a0de \u00a0una \u00a0sustancia \u00a0conteniendo \u00a0hero\u00edna, \u00a0una \u00a0sustancia \u00a0controlada \u00a0de \u00a0la Lista I, en infracci\u00f3n del T\u00edtulo 21 del C\u00f3digo de Estados \u00a0Unidos, Secciones 952(a) y 960(a)(1). \u00a0\u00a0<\/p>\n<p>T\u00edtulo 21 del C\u00f3digo de los Estados Unidos, \u00a0Secciones \u00a0963 \u00a0y \u00a0960(b)(2)(A); \u00a0T\u00edtulo \u00a018, \u00a0C\u00f3digo \u00a0de \u00a0los Estados Unidos, \u00a0Secciones 3551 y siguientes. \u00a0\u00a0<\/p>\n<p>\u201cCargo dos: \u00a0<\/p>\n<p>(Asociaci\u00f3n \u00a0 il\u00edcita \u00a0 para \u00a0distribuir \u00a0hero\u00edna) \u00a0\u00a0<\/p>\n<p>Entre \u00a0el 29 de enero de 2009 hasta el 12 de \u00a0febrero \u00a0de \u00a02009 o alrededor de estas fechas, siendo ambas fechas aproximadas e \u00a0inclusive, \u00a0dentro del Distrito Este de Nueva York y en otras partes, el acusado \u00a0JHON \u00a0CUERVO, \u00a0junto con otros, con conocimiento de causa e intencionalmente, se \u00a0involucr\u00f3 \u00a0 en \u00a0 una \u00a0 asociaci\u00f3n \u00a0 il\u00edcita \u00a0 para \u00a0 distribuir, \u00a0y \u00a0para \u00a0la \u00a0tenencia\u00a0 \u00a0con \u00a0la intenci\u00f3n de distribuir\u00a0 una sustancia controlada, \u00a0delito \u00a0el \u00a0cual \u00a0involucr\u00f3 \u00a0100 \u00a0gramos \u00a0o \u00a0m\u00e1s \u00a0de una sustancia conteniendo \u00a0hero\u00edna, \u00a0una sustancia controlada de la Lista I, en infracci\u00f3n del T\u00edtulo 21 \u00a0del C\u00f3digo de Estados Unidos, Secci\u00f3n 841(a)(1). \u00a0\u00a0<\/p>\n<p>T\u00edtulo 21 del C\u00f3digo de los Estados Unidos, \u00a0Secciones \u00a0846 \u00a0y \u00a0841 \u00a0(b)(1)(B)(i); T\u00edtulo 18, C\u00f3digo de los Estados Unidos, \u00a0Secciones 3551 y siguientes. \u00a0\u00a0<\/p>\n<p>\u201cCargo tres: \u00a0<\/p>\n<p>(Asociaci\u00f3n \u00a0il\u00edcita \u00a0para \u00a0la tenencia de \u00a0hero\u00edna con la intenci\u00f3n de distribuci\u00f3n) \u00a0\u00a0<\/p>\n<p>Entre \u00a0el 29 de enero de 2009 hasta el 12 de \u00a0febrero \u00a0de \u00a02009 o alrededor de estas fechas, siendo ambas fechas aproximadas e \u00a0inclusive, \u00a0dentro del Distrito Este de Nueva York y en otras partes, el acusado \u00a0JHON \u00a0CUERVO, \u00a0con conocimiento de causa e intencionalmente, junto con otros, se \u00a0involucr\u00f3 \u00a0en \u00a0una \u00a0asociaci\u00f3n \u00a0il\u00edcita para la tenencia con la intenci\u00f3n de \u00a0distribuir \u00a0una \u00a0sustancia \u00a0controlada, \u00a0delito \u00a0el cual involucr\u00f3 100 gramos o \u00a0m\u00e1s \u00a0de \u00a0una \u00a0sustancia \u00a0conteniendo \u00a0hero\u00edna, \u00a0una sustancia controlada de la \u00a0Lista \u00a0I, \u00a0en infracci\u00f3n del T\u00edtulo 21 del C\u00f3digo de Estados Unidos, Secci\u00f3n \u00a0841(a)(1). \u00a0\u00a0<\/p>\n<p>T\u00edtulo 21 del C\u00f3digo de los Estados Unidos, \u00a0Secciones \u00a0846 \u00a0y \u00a0841(b)(1)(B)(i); \u00a0T\u00edtulo \u00a018, C\u00f3digo de los Estados Unidos, \u00a0Secciones 2 y 3551 y siguientes. \u00a0\u00a0<\/p>\n<p>3.\u00a0 \u00a0Tambi\u00e9n \u00a0se \u00a0alleg\u00f3 copia de las \u00a0declaraciones \u00a0juradas \u00a0de \u00a0Tanisha \u00a0R. \u00a0Payne, \u00a0Fiscal \u00a0Auxiliar de los Estados \u00a0Unidos \u00a0para \u00a0el \u00a0Distrito \u00a0Este \u00a0de \u00a0Nueva \u00a0York, \u00a0y \u00a0de Robert Ettiene, Agente \u00a0Especial \u00a0del \u00a0Departamento \u00a0de \u00a0Seguridad Nacional de los Estados Unidos (DHS), \u00a0las \u00a0cuales \u00a0fundamentan \u00a0la \u00a0acusaci\u00f3n \u00a0contra \u00a0Jhon \u00a0Eduard Cuervo Zuleta. \u00a0\u00a0<\/p>\n<p>4.\u00a0 \u00a0El \u00a0Gobierno \u00a0extranjero \u00a0adjunt\u00f3 \u00a0copia \u00a0del\u00a0 texto de las disposiciones del C\u00f3digo de los Estados Unidos de \u00a0Am\u00e9rica \u00a0que \u00a0se afirman fueron\u00a0 infringidas por el ciudadano reclamado, y \u00a0que \u00a0se \u00a0encontraban \u00a0vigentes\u00a0 \u00a0para \u00a0la \u00a0\u00e9poca \u00a0de \u00a0la ocurrencia de los \u00a0hechos, \u00a0as\u00ed: \u00a0T\u00edtulo \u00a018 \u00a0del \u00a0C\u00f3digo \u00a0de \u00a0los \u00a0Estados \u00a0Unidos, Secciones 2 \u00a0(principales, \u00a0auxiliar e incitar), 3282 (delitos sin la pena de muerte) y 3551, \u00a0y \u00a0T\u00edtulo \u00a021, \u00a0Secciones 812 (listas de sustancias fiscalizadas, Lista I), 841 \u00a0(actos \u00a0il\u00edcitos, las penas), 846 (tentativa y concierto), 952 (importaci\u00f3n de \u00a0sustancias \u00a0controladas), \u00a0960 \u00a0(actos \u00a0il\u00edcitos, las penas) y 963 (tentativa y \u00a0concierto). \u00a0\u00a0<\/p>\n<p>5. El Gobierno de los Estados Unidos alleg\u00f3 \u00a0copia \u00a0del \u00a0Pasaporte \u00a0n\u00famero \u00a079682566, \u00a0expedido \u00a0a \u00a0nombre \u00a0de \u00a0Jhon \u00a0Eduard \u00a0Cuervo \u00a0Zuleta y del Informe \u00a0sobre \u00a0Consulta Web, emitido por la Direcci\u00f3n Nacional de Identificaci\u00f3n de la \u00a0Registradur\u00eda \u00a0 Nacional \u00a0del \u00a0Estado \u00a0Civil, \u00a0correspondiente \u00a0a \u00a0Jhon \u00a0Eduard \u00a0Cuervo \u00a0Zuleta, \u00a0en \u00a0el cual \u00a0consta \u00a0que \u00a0dicha \u00a0persona naci\u00f3 el 26 de marzo de 1973 y se identifica con la \u00a0c\u00e9dula de ciudadan\u00eda No. 79.682.566. \u00a0\u00a0<\/p>\n<p>6.\u00a0 Por \u00faltimo, se incorpor\u00f3 copia de \u00a0la \u00a0orden de arresto del 7 de junio de 2011, proferida en contra de Jhon \u00a0Eduard \u00a0Cuervo \u00a0Zuleta \u00a0por \u00a0un Juez \u00a0Magistrado \u00a0de los Estados Unidos, con motivo de la acusaci\u00f3n n\u00famero 11-Cr-426 \u00a0(JG). \u00a0\u00a0<\/p>\n<p>ALEGATOS DE LAS PARTES \u00a0<\/p>\n<p>\u00a0 \u00a0\u00a0<\/p>\n<p>1. La Procuradora Tercera Delegada para \u00a0la \u00a0Casaci\u00f3n \u00a0Penal, \u00a0a trav\u00e9s de escrito del 7 de octubre de 2011, solicita a \u00a0la \u00a0Sala que concept\u00fae de manera favorable al requerimiento de extradici\u00f3n del \u00a0nacional \u00a0 \u00a0 colombiano \u00a0 \u00a0 Jhon \u00a0 \u00a0Eduard \u00a0 \u00a0Cuervo \u00a0Zuleta, \u00a0toda \u00a0vez \u00a0que \u00a0se \u00a0cumplen \u00a0los presupuestos \u00a0constitucionales \u00a0y \u00a0legales que as\u00ed lo permiten, esto es, la validez formal de \u00a0la \u00a0documentaci\u00f3n presentada por el pa\u00eds reclamante, la demostraci\u00f3n plena de \u00a0la \u00a0identidad \u00a0del \u00a0solicitado, \u00a0el \u00a0principio \u00a0de \u00a0la doble incriminaci\u00f3n y la \u00a0equivalencia de la providencia proferida en el extranjero. \u00a0 \u00a0\u00a0<\/p>\n<p>Por \u00faltimo, pide a la Corporaci\u00f3n que fije \u00a0los \u00a0condicionamientos necesarios para garantizar los derechos fundamentales del \u00a0ciudadano colombiano cuya extradici\u00f3n se solicita. \u00a0\u00a0<\/p>\n<p>\u00a0 \u00a0\u00a0<\/p>\n<p>1. La \u00a0defensa \u00a0del \u00a0requerido \u00a0en \u00a0extradici\u00f3n guard\u00f3 silencio. \u00a0 \u00a0\u00a0<\/p>\n<p>CONCEPTO\u00a0\u00a0 \u00a0 \u00a0DE\u00a0\u00a0 \u00a0LA\u00a0\u00a0 CORTE \u00a0\u00a0<\/p>\n<p>El \u00a0art\u00edculo \u00a0502 \u00a0de \u00a0la \u00a0Ley \u00a0906 de 2004 \u00a0estatuye \u00a0que \u00a0el \u00a0concepto que emite la Sala debe estar orientado a establecer, \u00a0entre \u00a0otros presupuestos, la validez formal de la documentaci\u00f3n presentada, la \u00a0demostraci\u00f3n \u00a0plena \u00a0de \u00a0la \u00a0identidad del solicitado, el principio de la doble \u00a0incriminaci\u00f3n, \u00a0la \u00a0equivalencia \u00a0de \u00a0la providencia proferida en el extranjero \u00a0con \u00a0la resoluci\u00f3n de acusaci\u00f3n y, cuando fuere el caso, el cumplimiento de lo \u00a0previsto \u00a0en \u00a0los \u00a0tratados p\u00fablicos, seg\u00fan as\u00ed lo exigen los art\u00edculos 490, \u00a0493, \u00a0495\u00a0 \u00a0y \u00a0502 \u00a0de \u00a0la Ley 906 de 2004, regulaci\u00f3n a la cual se acude, \u00a0toda \u00a0vez \u00a0que los hechos que se le atribuyen al nacional requerido, seg\u00fan as\u00ed \u00a0lo \u00a0refiere \u00a0la \u00a0acusaci\u00f3n \u00a0for\u00e1nea, \u00a0ocurrieron \u00a0entre \u00a0los \u00a0meses de enero y \u00a0febrero de 2009, es decir, bajo su vigencia. \u00a0\u00a0<\/p>\n<p>1.\u00a0 \u00a0La\u00a0 \u00a0validez\u00a0 \u00a0 \u00a0 \u00a0formal\u00a0 \u00a0 \u00a0 \u00a0de\u00a0 \u00a0 \u00a0 los\u00a0 \u00a0 \u00a0 documentos\u00a0 \u00a0aportados \u00a0\u00a0<\/p>\n<p>Advierte \u00a0la \u00a0Sala \u00a0que \u00a0la \u00a0documentaci\u00f3n \u00a0presentada \u00a0 como \u00a0 soporte \u00a0de \u00a0la \u00a0petici\u00f3n \u00a0de \u00a0extradici\u00f3n \u00a0de \u00a0Jhon Eduard Cuervo Zuleta, cumple con las \u00a0exigencias \u00a0legales contempladas en los C\u00f3digos de Procedimiento Penal (Ley 906 \u00a0de \u00a0 2004) \u00a0 y \u00a0 Civil \u00a0 para \u00a0tenerla \u00a0como \u00a0apta \u00a0para \u00a0fundar \u00a0el \u00a0respectivo \u00a0concepto. \u00a0\u00a0<\/p>\n<p>No \u00a0hay \u00a0duda \u00a0que dentro de los documentos, \u00a0allegados \u00a0por \u00a0v\u00eda \u00a0diplom\u00e1tica y debidamente traducidos y autenticados, obra \u00a0la \u00a0copia \u00a0de la acusaci\u00f3n n\u00famero CR 11-426, dictada el 6 de junio de 2011 por \u00a0la \u00a0Corte \u00a0Distrital \u00a0de \u00a0los \u00a0Estados \u00a0Unidos \u00a0para \u00a0el \u00a0Distrito Este de Nueva \u00a0York. \u00a0\u00a0<\/p>\n<p>De \u00a0igual \u00a0manera, \u00a0el \u00a0Gobierno \u00a0reclamante \u00a0alleg\u00f3 \u00a0el contenido de las normas del C\u00f3digo de los Estados Unidos aplicables \u00a0al caso, las cuales fueron rese\u00f1adas en ac\u00e1pite anterior. \u00a0\u00a0<\/p>\n<p>As\u00ed \u00a0mismo, \u00a0consta \u00a0que \u00a0la documentaci\u00f3n \u00a0anexa \u00a0incluye \u00a0la orden de arresto expedida por la autoridad judicial del pa\u00eds \u00a0reclamante \u00a0 en \u00a0 contra \u00a0 de \u00a0 Jhon \u00a0 Eduard \u00a0Cuervo \u00a0Zuleta, \u00a0 \u00a0tal \u00a0 \u00a0como \u00a0 as\u00ed \u00a0 se \u00a0 relacion\u00f3 \u00a0 en \u00a0precedencia.\u00a0 \u00a0\u00a0<\/p>\n<p>A\u00a0 \u00a0su\u00a0 \u00a0vez,\u00a0 \u00a0obran\u00a0 \u00a0las\u00a0 \u00a0declaraciones\u00a0 \u00a0juradas \u00a0de \u00a0la \u00a0Fiscal \u00a0Auxiliar de los Estados \u00a0Unidos \u00a0que conoce la acusaci\u00f3n emitida por la Corte Distrital para el Distrito \u00a0Este \u00a0Nueva York y del Agente Especial del Departamento de Seguridad Nacional de \u00a0los \u00a0Estados \u00a0Unidos, \u00a0las \u00a0cuales \u00a0respaldan \u00a0la acusaci\u00f3n contra Cuervo \u00a0 Zuleta, \u00a0 y \u00a0 cuyo \u00a0contenido \u00a0y \u00a0traducci\u00f3n \u00a0al \u00a0espa\u00f1ol, junto con el resto de la\u00a0 documentaci\u00f3n que las \u00a0acompa\u00f1a, \u00a0fueron\u00a0 \u00a0certificados por el Director Asociado de la Oficina de \u00a0Asuntos \u00a0Internacionales, Divisi\u00f3n de lo Penal, del Departamento de Justicia de \u00a0los Estados Unidos de Am\u00e9rica. \u00a0\u00a0<\/p>\n<p>A \u00a0su \u00a0turno, \u00a0la \u00a0r\u00fabrica \u00a0y \u00a0el cargo del \u00a0Director \u00a0Asociado \u00a0de la\u00a0 Oficina de Asuntos Internacionales, Divisi\u00f3n de \u00a0lo \u00a0Penal, fueron certificados por el Procurador de ese pa\u00eds quien, seg\u00fan as\u00ed \u00a0aparece \u00a0documentado, \u00a0orden\u00f3 \u00a0que \u00a0se \u00a0estampara \u00a0el sello del Departamento de \u00a0Justicia \u00a0de \u00a0los \u00a0Estados \u00a0Unidos; \u00a0la \u00a0firma \u00a0de \u00a0este \u00faltimo funcionario fue \u00a0certificada \u00a0por \u00a0la \u00a0Secretaria \u00a0de \u00a0Estado, \u00a0se\u00f1ora Hillary Rodham Clinton, a \u00a0trav\u00e9s \u00a0del \u00a0Funcionario \u00a0Auxiliar de Autenticaciones, quien suscribi\u00f3 y fij\u00f3 \u00a0el sello del Departamento de Estado.\u00a0 \u00a0\u00a0<\/p>\n<p>Los \u00a0documentos \u00a0antes \u00a0rese\u00f1ados \u00a0fueron \u00a0autenticados \u00a0el 27 de julio de 2011 por la C\u00f3nsul de Colombia en Washington D. \u00a0C., \u00a0cuya \u00a0r\u00fabrica \u00a0fue avalada por el Jefe de Legalizaciones del Ministerio de \u00a0Relaciones Exteriores. \u00a0\u00a0<\/p>\n<p>De \u00a0 esta \u00a0manera, \u00a0se \u00a0cumpli\u00f3 \u00a0con \u00a0lo \u00a0establecido \u00a0por el art\u00edculo 259 del C\u00f3digo de Procedimiento Civil, modificado \u00a0por \u00a0el \u00a01\u00b0, \u00a0numeral \u00a0118 \u00a0del \u00a0D. \u00a0E. \u00a02282 de 1989 que dice: \u201cLos \u00a0 documentos \u00a0 p\u00fablicos \u00a0 otorgados \u00a0en \u00a0pa\u00eds \u00a0extranjero \u00a0por \u00a0funcionario \u00a0de \u00a0\u00e9ste \u00a0o con su intervenci\u00f3n, deber\u00e1n presentarse debidamente \u00a0autenticados \u00a0por \u00a0el c\u00f3nsul o agente\u00a0 diplom\u00e1tico de la Rep\u00fablica, y en \u00a0su \u00a0defecto \u00a0por \u00a0el \u00a0de \u00a0una \u00a0naci\u00f3n amiga, lo\u00a0 cual hace presumir que se \u00a0otorgaron \u00a0conforme a la ley del respectivo pa\u00eds. La firma del c\u00f3nsul o agente \u00a0diplom\u00e1tico \u00a0 se \u00a0abonar\u00e1 \u00a0por \u00a0el \u00a0Ministerio \u00a0de \u00a0Relaciones \u00a0Exteriores \u00a0de \u00a0Colombia, \u00a0 y \u00a0si \u00a0se \u00a0trata \u00a0de \u00a0agentes \u00a0consulares \u00a0de \u00a0un \u00a0pa\u00eds \u00a0amigo, \u00a0se \u00a0autenticar\u00e1 \u00a0previamente por el funcionario competente del mismo y los de \u00e9ste \u00a0por \u00a0el \u00a0c\u00f3nsul \u00a0colombiano\u201d, disposici\u00f3n aplicable \u00a0al \u00a0caso en virtud del principio de integraci\u00f3n previsto en los art\u00edculos 25 y \u00a0495, \u00faltimo inciso, del C\u00f3digo de Procedimiento Penal de 2004. \u00a0\u00a0<\/p>\n<p>Adem\u00e1s \u00a0de lo anterior, el Viceministro de \u00a0Justicia, \u00a0en \u00a0el \u00a0ya \u00a0citado \u00a0oficio \u00a0del 20 de agosto pasado, corrobora que la \u00a0documentaci\u00f3n \u00a0ha \u00a0sido debidamente traducida y legalizada, y que se encuentran \u00a0reunidos \u00a0 los \u00a0 requisitos \u00a0 formales \u00a0exigidos \u00a0en \u00a0la \u00a0normatividad \u00a0procesal \u00a0penal. \u00a0\u00a0<\/p>\n<p>Por \u00a0lo \u00a0tanto, \u00a0en consideraci\u00f3n a que la \u00a0solicitud \u00a0de extradici\u00f3n de Jhon Eduard Cuervo Zuleta \u00a0se \u00a0hizo \u00a0por \u00a0la \u00a0v\u00eda \u00a0diplom\u00e1tica \u00a0y \u00a0que \u00a0en \u00a0la \u00a0expedici\u00f3n \u00a0y \u00a0tr\u00e1mite \u00a0de \u00a0los \u00a0documentos \u00a0que \u00a0la soportan, as\u00ed como en su \u00a0traducci\u00f3n, \u00a0se cumplieron todos los ritos formales de legalizaci\u00f3n prescritos \u00a0por \u00a0las \u00a0normas \u00a0de \u00a0los \u00a0Estados Unidos de Am\u00e9rica, la Corte los tendr\u00e1 como \u00a0aptos \u00a0para \u00a0servir \u00a0de prueba en este asunto, cumpli\u00e9ndose as\u00ed con la primera \u00a0exigencia legal. \u00a0\u00a0<\/p>\n<p>2.\u00a0 La\u00a0 \u00a0identificaci\u00f3n\u00a0 \u00a0 \u00a0plena\u00a0 \u00a0 \u00a0del\u00a0 \u00a0 \u00a0solicitado\u00a0 \u00a0 en\u00a0 \u00a0extradici\u00f3n \u00a0\u00a0<\/p>\n<p>No \u00a0 hay \u00a0 duda \u00a0 de \u00a0 que \u00a0el \u00a0ciudadano \u00a0colombiano \u00a0cuya \u00a0entrega en \u00a0extradici\u00f3n \u00a0reclama el Gobierno de los Estados Unidos es el mismo que se halla \u00a0privado \u00a0de \u00a0la \u00a0libertad \u00a0y \u00a0fue notificado de la resoluci\u00f3n del 7 de junio de \u00a02011, \u00a0proferida \u00a0por la Fiscal General de la Naci\u00f3n, mediante la cual atendi\u00f3 \u00a0la \u00a0solicitud \u00a0provisional \u00a0con \u00a0fines \u00a0de \u00a0extradici\u00f3n formulada por el estado \u00a0solicitante, en su nota verbal 1334 del 3 de junio de 2011. \u00a0\u00a0<\/p>\n<p>La \u00a0conclusi\u00f3n \u00a0precedente se obtiene tras \u00a0constatar \u00a0que \u00a0el \u00a0Gobierno \u00a0de \u00a0los \u00a0Estados Unidos remiti\u00f3 copia del Informe \u00a0sobre \u00a0Consulta Web, emitido por la Direcci\u00f3n Nacional de Identificaci\u00f3n de la \u00a0Registradur\u00eda \u00a0 Nacional \u00a0del \u00a0Estado \u00a0Civil, \u00a0correspondiente \u00a0a \u00a0Jhon \u00a0Eduard \u00a0Cuervo \u00a0Zuleta, \u00a0en \u00a0el cual \u00a0consta \u00a0que \u00a0dicha \u00a0persona naci\u00f3 el 26 de marzo de 1973 y se identifica con la \u00a0c\u00e9dula \u00a0de \u00a0ciudadan\u00eda \u00a0No. \u00a079.682.566, \u00a0datos \u00a0estos \u00a0que \u00a0fueron igualmente \u00a0suministrados \u00a0por \u00a0el pa\u00eds requiriente en las correspondientes notas verbales. \u00a0As\u00ed \u00a0mismo, la persona que ha sido vinculada a este tr\u00e1mite se ha identificado \u00a0con \u00a0el \u00a0mismo \u00a0nombre \u00a0y \u00a0n\u00famero \u00a0de \u00a0c\u00e9dula de ciudadan\u00eda que suministra el \u00a0gobierno \u00a0for\u00e1neo, y han sido establecidos por la autoridad nacional del estado \u00a0civil. \u00a0\u00a0<\/p>\n<p>As\u00ed \u00a0las \u00a0cosas, \u00a0el \u00a0presupuesto \u00a0de \u00a0la \u00a0identidad del ciudadano reclamado en extradici\u00f3n se satisface. \u00a0\u00a0<\/p>\n<p>3.\u00a0 El\u00a0 \u00a0principio\u00a0 de\u00a0 la\u00a0 doble\u00a0 incriminaci\u00f3n \u00a0\u00a0<\/p>\n<p>De \u00a0conformidad \u00a0con \u00a0el \u00a0numeral \u00a01\u00b0 \u00a0del \u00a0art\u00edculo \u00a0493 \u00a0del \u00a0C\u00f3digo \u00a0de \u00a0Procedimiento \u00a0Penal \u00a0de \u00a02004, \u00a0para \u00a0que \u00a0la \u00a0extradici\u00f3n \u00a0se \u00a0pueda \u00a0conceder \u00a0se \u00a0requiere que el hecho que la motiva est\u00e9 \u00a0previsto \u00a0como \u00a0delito \u00a0en Colombia y reprimido con una sanci\u00f3n privativa de la \u00a0libertad cuyo m\u00ednimo no sea inferior a cuatro a\u00f1os. \u00a0\u00a0<\/p>\n<p>Seg\u00fan \u00a0la \u00a0acusaci\u00f3n \u00a0n\u00famero \u00a0CR \u00a011-426, \u00a0dictada \u00a0el 6 de junio de 2011 por la Corte Distrital de los Estados Unidos para \u00a0el \u00a0Distrito \u00a0Este \u00a0de Nueva York, a Jhon Eduard Cuervo \u00a0Zuleta \u00a0 \u00a0se \u00a0 le \u00a0 acusa \u00a0por \u00a0 cuanto \u00a0con \u00a0conocimiento \u00a0de \u00a0causa \u00a0e \u00a0intencionalmente \u00a0hizo parte de una \u00a0asociaci\u00f3n \u00a0 il\u00edcita \u00a0 encaminada \u00a0a \u00a0importar \u00a0y \u00a0poseer \u00a0con \u00a0intenci\u00f3n \u00a0de \u00a0distribuir al menos 100 gramos de hero\u00edna. \u00a0\u00a0<\/p>\n<p>En esas condiciones, la Sala advierte que los \u00a0comportamientos \u00a0que \u00a0motivan \u00a0el \u00a0pedido de extradici\u00f3n, conforme a los hechos \u00a0que \u00a0se \u00a0imputan \u00a0y \u00a0las \u00a0normas \u00a0allegadas, \u00a0encuentran \u00a0adecuaci\u00f3n t\u00edpica en \u00a0nuestro \u00a0 sistema \u00a0 penal \u00a0 en \u00a0 la \u00a0conducta \u00a0punible \u00a0denominada \u00a0concierto \u00a0 \u00a0para \u00a0 delinquir \u00a0 agravado, \u00a0consagrada \u00a0en \u00a0el \u00a0art\u00edculo \u00a0340, inciso segundo, de la Ley 599 de 2000 (norma \u00a0modificada \u00a0por \u00a0los art\u00edculos 8 y 19 de las leyes 733 de 2002 y 1121 de 2006), \u00a0y \u00a0sancionada \u00a0con \u00a0pena \u00a0de 8 a 16 a\u00f1os de prisi\u00f3n, toda vez que el concierto \u00a0para \u00a0delinquir, \u00a0entendido \u00a0como el acuerdo de voluntades entre varias personas \u00a0con \u00a0el \u00a0fin \u00a0de \u00a0cometer delitos, claramente tuvo por objeto la realizaci\u00f3n de \u00a0conductas \u00a0asociadas \u00a0con \u00a0el \u00a0tr\u00e1fico de narc\u00f3ticos, seg\u00fan el art\u00edculo 376, \u00a0inciso \u00a0primero, \u00a0del \u00a0C\u00f3digo Penal, modificado por los art\u00edculos 14 de la Ley \u00a0890 de 2004 y 11 de la Ley 1453 de 2011. \u00a0\u00a0<\/p>\n<p>Cabe \u00a0enfatizar \u00a0que \u00a0la conducta punible de \u00a0concierto \u00a0para delinquir para cometer delitos de tr\u00e1fico de estupefacientes no \u00a0configura \u00a0delito \u00a0pol\u00edtico, \u00a0fue \u00a0cometida \u00a0en los meses de enero y febrero de \u00a02009, \u00a0esto \u00a0es, con posterioridad al Acto Legislativo 01 del 17 de diciembre de \u00a01997, \u00a0y contempla pena privativa de la libertad cuyo m\u00ednimo supera ampliamente \u00a0los \u00a0cuatro \u00a0a\u00f1os, \u00a0tal \u00a0como \u00a0se desprende con claridad de la cita de la norma \u00a0correspondiente. \u00a0\u00a0<\/p>\n<p>As\u00ed las cosas, surge evidente que se cumple \u00a0con el principio de la doble incriminaci\u00f3n normativa y punitiva. \u00a0\u00a0<\/p>\n<p>4.\u00a0 \u00a0 \u00a0 \u00a0 \u00a0 Equivalencia\u00a0 \u00a0 \u00a0 \u00a0de\u00a0 \u00a0 \u00a0 \u00a0la\u00a0 \u00a0 \u00a0 providencia\u00a0 \u00a0proferida\u00a0 en\u00a0 el\u00a0 extranjero \u00a0\u00a0<\/p>\n<p>Por \u00faltimo, la Corte advierte que no existe \u00a0dificultad \u00a0 alguna \u00a0para \u00a0concluir \u00a0que \u00a0se \u00a0cumple \u00a0con \u00a0el \u00a0requisito \u00a0de \u00a0la \u00a0equivalencia \u00a0contemplado \u00a0en \u00a0el \u00a0numeral \u00a02 del art\u00edculo 493 de la Ley 906 de \u00a02004, \u00a0el \u00a0cual \u00a0exige \u00a0\u201cque \u00a0por \u00a0lo \u00a0menos se haya \u00a0dictado \u00a0en \u00a0el \u00a0exterior resoluci\u00f3n de acusaci\u00f3n o su equivalente\u201d. \u00a0\u00a0<\/p>\n<p>La \u00a0Corte \u00a0Distrital \u00a0de los Estados Unidos \u00a0para \u00a0el \u00a0Distrito \u00a0Este \u00a0de \u00a0Nueva \u00a0York acus\u00f3 a Jhon \u00a0Eduard \u00a0 Cuervo \u00a0Zuleta \u00a0por \u00a0las \u00a0conductas \u00a0punibles \u00a0se\u00f1alada \u00a0anteriormente, \u00a0mediante \u00a0acto \u00a0procesal \u00a0(la \u00a0acusaci\u00f3n \u00a0n\u00famero CR \u00a011-426 \u00a0del 6 de junio de 2011), que en nuestra legislaci\u00f3n equivale al escrito \u00a0de \u00a0acusaci\u00f3n, \u00a0como \u00a0emerge \u00a0de \u00a0las \u00a0siguientes \u00a0similitudes, \u00a0que las tornan \u00a0equivalentes: \u00a0\u00a0<\/p>\n<p>\u00a0 \u00a0 \u00a0<\/p>\n<p>a. Es \u00a0un pliego concreto de cargos en contra del acusado para que se \u00a0defienda de ellos en el juicio. \u00a0 \u00a0\u00a0<\/p>\n<p>\u00a0 \u00a0 \u00a0<\/p>\n<p>a. Formulada \u00a0la acusaci\u00f3n se inicia el juicio oral que finaliza con \u00a0el respectivo fallo de m\u00e9rito. \u00a0 \u00a0\u00a0<\/p>\n<p>\u00a0 \u00a0 \u00a0<\/p>\n<p>a. Se \u00a0se\u00f1alan los hechos, con especificaci\u00f3n de las circunstancias \u00a0de\u00a0 \u00a0tiempo, modo y lugar en que ocurrieron y la calificaci\u00f3n jur\u00eddica de \u00a0las \u00a0 \u00a0conductas, \u00a0 \u00a0con \u00a0 indicaci\u00f3n \u00a0 de \u00a0 las \u00a0 disposiciones \u00a0 sustanciales \u00a0aplicables. \u00a0 \u00a0\u00a0<\/p>\n<p>Ahora \u00a0bien, \u00a0para \u00a0entender la naturaleza y \u00a0contenido \u00a0 \u00a0 \u00a0 de \u00a0 \u00a0 \u00a0 esa \u00a0 \u00a0 \u00a0pieza \u00a0 \u00a0 \u00a0acusatoria \u00a0 \u00a0 \u00a0o \u00a0 \u00a0 \u00a0indictment resulta pertinente se\u00f1alar que \u00a0constituye \u00a0el mecanismo para formular la acusaci\u00f3n dentro del sistema procesal \u00a0estadounidense \u00a0en el nivel federal. El Gran Jurado, en ese escenario, se re\u00fane \u00a0por \u00a0convocatoria que le hace el tribunal respectivo -de Distrito- y su funci\u00f3n \u00a0es \u00a0determinar \u00a0si \u00a0en \u00a0un \u00a0caso criminal existe o no causa probable para acusar \u00a0(probable \u00a0cause).\u00a0 \u00a0La \u00a0causa \u00a0probable \u00a0es, \u00a0entonces, \u00a0el soporte razonable que permite conjeturar que \u00a0una persona ha cometido un crimen. \u00a0\u00a0<\/p>\n<p>Como \u00a0puede \u00a0observarse, es bien dis\u00edmil la \u00a0forma \u00a0de \u00a0introducir \u00a0la \u00a0acusaci\u00f3n \u00a0en \u00a0el \u00a0sistema federal acusatorio de los \u00a0Estados \u00a0Unidos de Am\u00e9rica si se le compara con la manera en que ello ocurre de \u00a0conformidad \u00a0con \u00a0el \u00a0procedimiento \u00a0penal \u00a0colombiano, \u00a0ya sea que se trate del \u00a0esquema \u00a0de \u00a0la \u00a0Ley \u00a0600 \u00a0de \u00a02000 \u00a0o \u00a0de \u00a0la Ley 906 de 2004. Por lo tanto, el \u00a0contenido \u00a0del \u00a0indictment del \u00a0proceso \u00a0de \u00a0los \u00a0Estados \u00a0Unidos \u00a0difiere \u00a0del \u00a0de \u00a0la \u00a0acusaci\u00f3n \u00a0nacional en \u00a0cualquiera de las modalidades procesales actualmente en vigencia. \u00a0\u00a0<\/p>\n<p>Sin \u00a0embargo, \u00a0como \u00a0se anot\u00f3, eso no obsta \u00a0para \u00a0sostener que el mencionado indictment \u00a0equivale \u00a0a nuestra resoluci\u00f3n de acusaci\u00f3n, pues, b\u00e1sicamente, \u00a0marca \u00a0el \u00a0comienzo \u00a0del \u00a0juicio en donde el acusado puede ejercer a plenitud la \u00a0defensa, \u00a0sin \u00a0dejar \u00a0de \u00a0mencionar que en esa acusaci\u00f3n, se plasma la conducta \u00a0por \u00a0la \u00a0cual \u00a0es \u00a0llamado \u00a0a responder, la \u00e9poca de su ejecuci\u00f3n y las normas \u00a0infringidas. \u00a0\u00a0<\/p>\n<p>Por \u00a0lo tanto, se observa que la acusaci\u00f3n \u00a0emitida \u00a0por \u00a0el \u00a0tribunal \u00a0extranjero \u00a0es \u00a0equivalente \u00a0y tiene la misma fuerza \u00a0vinculante de la acusaci\u00f3n propia de nuestro sistema judicial. \u00a0\u00a0<\/p>\n<p>ACOTACI\u00d3N\u00a0\u00a0 FINAL \u00a0<\/p>\n<p>Como as\u00ed lo reclama la Procuradora Delegada \u00a0para \u00a0la \u00a0Casaci\u00f3n \u00a0Penal, \u00a0resulta \u00a0pertinente \u00a0poner \u00a0de presente al Gobierno \u00a0Nacional \u00a0que, \u00a0en \u00a0caso \u00a0de \u00a0conceder \u00a0la \u00a0extradici\u00f3n, se debe condicionar la \u00a0entrega \u00a0de \u00a0modo \u00a0tal \u00a0que \u00a0Jhon Eduard Cuervo Zuleta \u00a0no \u00a0ser\u00e1 \u00a0juzgado \u00a0por \u00a0hechos \u00a0distintos \u00a0a \u00a0los que \u00a0originaron \u00a0 la \u00a0 reclamaci\u00f3n, \u00a0ni \u00a0sometido \u00a0a \u00a0tratos \u00a0crueles, \u00a0inhumanos \u00a0o \u00a0degradantes, \u00a0ni \u00a0se \u00a0le \u00a0impondr\u00e1 \u00a0la \u00a0pena \u00a0capital \u00a0o perpetua, al tenor del \u00a0art\u00edculo 494 del C\u00f3digo de Procedimiento Penal de 2004. \u00a0\u00a0<\/p>\n<p>As\u00ed \u00a0 mismo, \u00a0al \u00a0Gobierno \u00a0Nacional \u00a0le \u00a0corresponde \u00a0condicionar \u00a0la entrega a que el pa\u00eds reclamante, de acuerdo a sus \u00a0pol\u00edticas \u00a0internas \u00a0sobre \u00a0la \u00a0materia, \u00a0le ofrezca al requerido posibilidades \u00a0racionales \u00a0y \u00a0reales \u00a0para \u00a0que pueda tener contacto regular con sus familiares \u00a0m\u00e1s \u00a0cercanos, \u00a0considerando \u00a0que el art\u00edculo 42 de la Constituci\u00f3n Pol\u00edtica \u00a0de \u00a01991 \u00a0reconoce \u00a0a la familia como n\u00facleo esencial de la sociedad, garantiza \u00a0su \u00a0protecci\u00f3n \u00a0y \u00a0reconoce \u00a0su honra, dignidad e intimidad, amparo fundamental \u00a0que \u00a0se \u00a0refuerza \u00a0con \u00a0la \u00a0protecci\u00f3n \u00a0que \u00a0a ese n\u00facleo tambi\u00e9n prodigan la \u00a0Convenci\u00f3n \u00a0Americana \u00a0de \u00a0Derechos \u00a0Humanos \u00a0en \u00a0su \u00a0art\u00edculo \u00a017 \u00a0y el Pacto \u00a0Internacional de Derechos Civiles y Pol\u00edticos en el 23. \u00a0\u00a0<\/p>\n<p>Adem\u00e1s, \u00a0conforme \u00a0precis\u00f3 \u00a0la Corte en el \u00a0Concepto \u00a0del \u00a015 \u00a0de \u00a0mayo \u00a0de \u00a02008 \u00a0(Rad. \u00a029024), \u00a0como \u00a0el \u00a0mecanismo de la \u00a0extradici\u00f3n \u00a0entre \u00a0Estados \u00a0Unidos \u00a0de \u00a0Am\u00e9rica y Colombia, en ausencia de un \u00a0instrumento \u00a0internacional \u00a0que \u00a0la regule, se rige por las normas contenidas en \u00a0la \u00a0Constituci\u00f3n \u00a0Pol\u00edtica \u00a0(art\u00edculo \u00a035) \u00a0y \u00a0en el C\u00f3digo de Procedimiento \u00a0Penal \u00a0(art\u00edculos 490 y siguientes de la Ley 906 de 2004), el Gobierno Nacional \u00a0debe \u00a0formular \u00a0las \u00a0exigencias \u00a0que \u00a0estime \u00a0convenientes \u00a0en orden a que en el \u00a0Estado \u00a0reclamante se le reconozcan todos los derechos y garant\u00edas inherentes a \u00a0la \u00a0persona del solicitado, en especial las contenidas en la Carta Fundamental y \u00a0en \u00a0el \u00a0denominado bloque de constitucionalidad, es decir, en aquellos convenios \u00a0internacionales \u00a0ratificados \u00a0por \u00a0Colombia que consagran y desarrollan derechos \u00a0humanos \u00a0(art\u00edculo \u00a093 \u00a0de la Constituci\u00f3n, Declaraci\u00f3n Universal de Derechos \u00a0Humanos, \u00a0Convenci\u00f3n \u00a0Americana \u00a0de \u00a0Derechos \u00a0Humanos, \u00a0Pacto Internacional de \u00a0Derechos \u00a0Civiles \u00a0y \u00a0Pol\u00edticos), \u00a0en \u00a0virtud \u00a0del \u00a0deber de protecci\u00f3n a esos \u00a0derechos \u00a0que \u00a0para \u00a0todas \u00a0las \u00a0autoridades \u00a0p\u00fablicas \u00a0emana del art\u00edculo 2\u00b0 \u00a0ib\u00eddem. \u00a0\u00a0<\/p>\n<p>De \u00a0la misma manera, se exhorta al Gobierno, \u00a0encabezado \u00a0por \u00a0el se\u00f1or Presidente de la Rep\u00fablica como Jefe de Estado, para \u00a0que \u00a0efect\u00fae \u00a0el respectivo seguimiento a los condicionamientos que se impongan \u00a0a \u00a0la \u00a0concesi\u00f3n \u00a0de \u00a0la \u00a0extradici\u00f3n \u00a0y \u00a0determine \u00a0las \u00a0consecuencias que se \u00a0derivar\u00edan \u00a0de \u00a0su \u00a0eventual \u00a0incumplimiento, \u00a0al \u00a0tenor \u00a0de lo se\u00f1alado en el \u00a0ordinal 2\u00b0 del art\u00edculo 189 de la Constituci\u00f3n Pol\u00edtica. \u00a0\u00a0<\/p>\n<p>As\u00ed \u00a0mismo, \u00a0en \u00a0caso \u00a0de que Jhon \u00a0Eduard \u00a0Cuervo \u00a0Zuleta \u00a0sea absuelto, \u00a0sobrese\u00eddo, \u00a0o \u00a0por \u00a0cualquier \u00a0otra \u00a0v\u00eda \u00a0legal, declarado no culpable de los \u00a0cargos \u00a0que \u00a0dieron \u00a0origen \u00a0a \u00a0su \u00a0extradici\u00f3n \u00a0y, \u00a0en consecuencia, dejado en \u00a0libertad, \u00a0el \u00a0Estado \u00a0reclamante \u00a0deber\u00e1 \u00a0asumir \u00a0los \u00a0gastos \u00a0de transporte y \u00a0manutenci\u00f3n \u00a0del extraditado, de acuerdo con su dignidad humana (art\u00edculos 1\u00b0 \u00a0y 93 de la Constituci\u00f3n Pol\u00edtica). \u00a0\u00a0<\/p>\n<p>Por \u00a0\u00faltimo, \u00a0se \u00a0le pide al Ejecutivo que \u00a0recomiende \u00a0al Estado requirente que, en el evento de que el nacional colombiano \u00a0sea \u00a0objeto \u00a0de \u00a0una \u00a0decisi\u00f3n \u00a0condenatoria \u00a0dentro del proceso por el cual es \u00a0reclamado \u00a0en \u00a0extradici\u00f3n, tenga en cuenta como parte de la pena el tiempo que \u00a0haya \u00a0 podido \u00a0 estar \u00a0privado \u00a0de \u00a0la \u00a0libertad \u00a0con \u00a0motivo \u00a0del \u00a0tr\u00e1mite \u00a0de \u00a0extradici\u00f3n. \u00a0\u00a0<\/p>\n<p>CONCLUSI\u00d3N \u00a0<\/p>\n<p>En \u00a0consecuencia, \u00a0como la totalidad de los \u00a0requisitos \u00a0formales \u00a0contemplados \u00a0en los art\u00edculos 490, 493 y 502 del C\u00f3digo \u00a0de \u00a0Procedimiento \u00a0Penal \u00a0de 2004 se satisfacen a cabalidad, tal como as\u00ed mismo \u00a0lo \u00a0 concluy\u00f3 \u00a0 el \u00a0agente \u00a0del \u00a0Ministerio \u00a0P\u00fablico, \u00a0la \u00a0Corte \u00a0concept\u00faa \u00a0favorablemente \u00a0a la solicitud \u00a0de\u00a0 \u00a0extradici\u00f3n \u00a0elevada \u00a0por \u00a0el \u00a0Gobierno \u00a0de \u00a0los \u00a0Estados \u00a0Unidos \u00a0de \u00a0Am\u00e9rica, \u00a0 respecto \u00a0del \u00a0ciudadano \u00a0colombiano \u00a0Jhon \u00a0Eduard \u00a0Cuervo \u00a0Zuleta, \u00a0en \u00a0cuanto \u00a0se \u00a0refiere a los \u00a0cargos \u00a0formulados \u00a0en la acusaci\u00f3n n\u00famero CR 11-426, dictada el 6 de junio de \u00a02011 \u00a0por \u00a0la \u00a0Corte \u00a0Distrital \u00a0de \u00a0los Estados Unidos para el Distrito Este de \u00a0Nueva York. \u00a0\u00a0<\/p>\n<p>Comun\u00edquese \u00a0 esta \u00a0 determinaci\u00f3n \u00a0 al \u00a0requerido, \u00a0 \u00a0 ciudadano \u00a0 \u00a0Jhon \u00a0 \u00a0Eduard \u00a0 \u00a0Cuervo \u00a0Zuleta, \u00a0a \u00a0su defensor, al Ministerio P\u00fablico y a la \u00a0se\u00f1ora \u00a0 Fiscal \u00a0 General \u00a0 de \u00a0 la \u00a0 Naci\u00f3n, \u00a0 para \u00a0 lo \u00a0 de\u00a0 \u00a0su\u00a0 \u00a0cargo. \u00a0\u00a0<\/p>\n<p>Devu\u00e9lvase el expediente al Ministerio del \u00a0Interior y de Justicia, para lo de ley. \u00a0\u00a0<\/p>\n<p>JAVIER\u00a0 ZAPATA ORTIZ \u00a0<\/p>\n<p>JOS\u00c9 \u00a0LUIS \u00a0BARCEL\u00d3 CAMACHO \u00a0 \u00a0 \u00a0\u00a0 \u00a0\u00a0 \u00a0\u00a0 \u00a0\u00a0 \u00a0\u00a0 \u00a0\u00a0 \u00a0\u00a0\u00a0\u00a0\u00a0\u00a0 \u00a0JOS\u00c9 \u00a0LEONIDAS BUSTOS MART\u00cdNEZ \u00a0\u00a0<\/p>\n<p>FERNANDO \u00a0 \u00a0 \u00a0ALBERTO \u00a0 \u00a0 \u00a0CASTRO \u00a0CABALLERO \u00a0\u00a0 \u00a0\u00a0 \u00a0\u00a0 \u00a0\u00a0\u00a0\u00a0\u00a0\u00a0 \u00a0 \u00a0 \u00a0 \u00a0\u00a0 \u00a0\u00a0\u00a0\u00a0 \u00a0SIGIFREDO ESPINOSA P\u00c9REZ \u00a0\u00a0<\/p>\n<p>MAR\u00cdA \u00a0 \u00a0DEL \u00a0 \u00a0ROSARIO \u00a0 \u00a0GONZ\u00c1LEZ \u00a0MU\u00d1OZ \u00a0 \u00a0 \u00a0 \u00a0 \u00a0\u00a0 \u00a0\u00a0 \u00a0\u00a0 \u00a0\u00a0 \u00a0\u00a0 \u00a0AUGUSTO J. \u00a0IB\u00c1\u00d1EZ \u00a0 \u00a0 GUZM\u00c1N \u00a0 \u00a0\u00a0 \u00a0 \u00a0\u00a0 \u00a0 \u00a0\u00a0 \u00a0\u00a0 \u00a0 \u00a0 \u00a0 \u00a0 \u00a0\u00a0 \u00a0\u00a0\u00a0\u00a0\u00a0\u00a0\u00a0\u00a0\u00a0 \u00a0\u00a0<\/p>\n<p>LUIS \u00a0GUILLERMO SALAZAR OTERO \u00a0 \u00a0 \u00a0\u00a0 \u00a0\u00a0 \u00a0\u00a0 \u00a0\u00a0 \u00a0\u00a0 \u00a0 \u00a0\u00a0 \u00a0 \u00a0\u00a0JULIO \u00a0 \u00a0ENRIQUE \u00a0 \u00a0SOCHA \u00a0SALAMANCA \u00a0\u00a0 \u00a0\u00a0 \u00a0\u00a0 \u00a0\u00a0 \u00a0 \u00a0 \u00a0 \u00a0 \u00a0\u00a0<\/p>\n<p>NUBIA YOLANDA NOVA GARC\u00cdA \u00a0<\/p>\n<p>Secretaria \u00a0<\/p>\n<p>\u00a0 \u00a0\u00a0<\/p>\n<p><\/p>\n","protected":false},"excerpt":{"rendered":"<p>\u00a0 \u00a0 \u00a0\u00a0 Proceso n.\u00ba 37192 \u00a0 CORTE SUPREMA DE JUSTICIA \u00a0 SALA DE CASACI\u00d3N PENAL \u00a0 Magistrado Ponente \u00a0 JOS\u00c9 LUIS BARCEL\u00d3 CAMACHO \u00a0 Aprobado acta N\u00ba\u00a0 390 \u00a0 Bogot\u00e1, \u00a0D. C., dos (2) de noviembre de dos \u00a0mil once (2011) \u00a0\u00a0 V I S T O S \u00a0 Procede \u00a0la \u00a0Corte \u00a0a \u00a0conceptuar [&hellip;]<\/p>\n","protected":false},"author":1,"featured_media":0,"comment_status":"open","ping_status":"open","sticky":false,"template":"","format":"standard","meta":{"footnotes":""},"categories":[19],"tags":[],"class_list":["post-23111","post","type-post","status-publish","format-standard","hentry","category-19"],"_links":{"self":[{"href":"https:\/\/dmsjuridica.com\/buscador_20179478954\/salapenalcronologico20230723\/wp-json\/wp\/v2\/posts\/23111","targetHints":{"allow":["GET"]}}],"collection":[{"href":"https:\/\/dmsjuridica.com\/buscador_20179478954\/salapenalcronologico20230723\/wp-json\/wp\/v2\/posts"}],"about":[{"href":"https:\/\/dmsjuridica.com\/buscador_20179478954\/salapenalcronologico20230723\/wp-json\/wp\/v2\/types\/post"}],"author":[{"embeddable":true,"href":"https:\/\/dmsjuridica.com\/buscador_20179478954\/salapenalcronologico20230723\/wp-json\/wp\/v2\/users\/1"}],"replies":[{"embeddable":true,"href":"https:\/\/dmsjuridica.com\/buscador_20179478954\/salapenalcronologico20230723\/wp-json\/wp\/v2\/comments?post=23111"}],"version-history":[{"count":0,"href":"https:\/\/dmsjuridica.com\/buscador_20179478954\/salapenalcronologico20230723\/wp-json\/wp\/v2\/posts\/23111\/revisions"}],"wp:attachment":[{"href":"https:\/\/dmsjuridica.com\/buscador_20179478954\/salapenalcronologico20230723\/wp-json\/wp\/v2\/media?parent=23111"}],"wp:term":[{"taxonomy":"category","embeddable":true,"href":"https:\/\/dmsjuridica.com\/buscador_20179478954\/salapenalcronologico20230723\/wp-json\/wp\/v2\/categories?post=23111"},{"taxonomy":"post_tag","embeddable":true,"href":"https:\/\/dmsjuridica.com\/buscador_20179478954\/salapenalcronologico20230723\/wp-json\/wp\/v2\/tags?post=23111"}],"curies":[{"name":"wp","href":"https:\/\/api.w.org\/{rel}","templated":true}]}}