{"id":23093,"date":"2023-09-12T16:35:30","date_gmt":"2023-09-12T16:35:30","guid":{"rendered":"https:\/\/dmsjuridica.com\/buscador_20179478954\/salapenalcronologico20230723\/2023\/09\/12\/3716602-11-11\/"},"modified":"2023-09-12T16:35:30","modified_gmt":"2023-09-12T16:35:30","slug":"3716602-11-11","status":"publish","type":"post","link":"https:\/\/dmsjuridica.com\/buscador_20179478954\/salapenalcronologico20230723\/2023\/09\/12\/3716602-11-11\/","title":{"rendered":"37166(02-11-11)"},"content":{"rendered":"\n<p>\u00a0 \u00a0 Proceso n\u00ba 37166 \u00a0<\/p>\n<p>CORTE SUPREMA DE JUSTICIA \u00a0<\/p>\n<p>SALA DE CASACI\u00d3N PENAL \u00a0<\/p>\n<p>Aprobado \u00a0acta No. \u00a0390 \u00a0\u00a0<\/p>\n<p>Magistrado Ponente: \u00a0<\/p>\n<p>JOS\u00c9 LEONIDAS BUSTOS MART\u00cdNEZ \u00a0<\/p>\n<p>Bogot\u00e1, D. C., dos \u00a0de noviembre de dos mil once. \u00a0\u00a0<\/p>\n<p>Atendiendo \u00a0lo dispuesto por el art\u00edculo 70 \u00a0de \u00a0la \u00a0Ley 1453 de 2011, concept\u00faa la Corte sobre la \u00a0extradici\u00f3n \u00a0 del \u00a0 ciudadano \u00a0 colombiano \u00a0WYLLSYEN \u00a0M\u00c1RQUEZ \u00a0G\u00d3MEZ, \u00a0solicitada \u00a0por el Gobierno de los \u00a0Estados Unidos de Am\u00e9rica. \u00a0\u00a0<\/p>\n<p>ANTECEDENTES \u00a0<\/p>\n<p>1.- \u00a0El \u00a0Gobierno \u00a0de \u00a0los Estados Unidos de \u00a0Am\u00e9rica, \u00a0por \u00a0conducto \u00a0de \u00a0su \u00a0Embajada en Colombia, mediante Nota Verbal No. \u00a01228 \u00a0 \u00a0fechada \u00a0 \u00a0el \u00a025 \u00a0 \u00a0 de \u00a0 \u00a0mayo \u00a0de \u00a0 \u00a02011, \u00a0dirigida \u00a0al \u00a0Ministerio \u00a0de Relaciones Exteriores, solicit\u00f3 la \u00a0detenci\u00f3n \u00a0provisional \u00a0con \u00a0fines \u00a0de \u00a0extradici\u00f3n \u00a0del \u00a0se\u00f1or \u00a0WYLLSYEN \u00a0 M\u00c1RQUEZ \u00a0 G\u00d3MEZ, \u00a0de \u00a0quien \u00a0informa \u00a0que \u00a0es ciudadano de Colombia, nacido el 2 de \u00a0abril \u00a0de \u00a01974 \u00a0e \u00a0identificado \u00a0con \u00a0la \u00a0c\u00e9dula de \u00a0ciudadan\u00eda \u00a0 \u00a0 n\u00famero \u00a0 \u00a0 98.624.182. \u00a0\u00a0<\/p>\n<p>De \u00a0 esta \u00a0solicitud, \u00a0el \u00a0Ministerio \u00a0de \u00a0Relaciones \u00a0Exteriores \u00a0dio traslado al Ministerio del Interior y de Justicia, y \u00a0a \u00a0la \u00a0Fiscal \u00a0General de la Naci\u00f3n. Esta autoridad, mediante Resoluci\u00f3n de 31 \u00a0de \u00a0mayo de 2011, libr\u00f3 orden de captura en su contra, la cual se hizo efectiva \u00a0el \u00a02 \u00a0de \u00a0junio \u00a0siguiente en la ciudad de C\u00facuta, por miembros de la Polic\u00eda \u00a0Nacional1. \u00a0\u00a0<\/p>\n<p>2.- \u00a0Con \u00a0Nota \u00a0Verbal \u00a0No. \u00a01810 \u00a0 del \u00a029 \u00a0 de \u00a0 julio\u00a0 \u00a0 \u00a0 de \u00a0 \u00a0 2011, \u00a0la Embajada de los Estados Unidos de \u00a0Am\u00e9rica \u00a0formaliza \u00a0ante el Ministerio de Relaciones Exteriores la solicitud de \u00a0extradici\u00f3n del referido ciudadano. \u00a0\u00a0<\/p>\n<p>Informa \u00a0 \u00a0 \u00a0que \u00a0 \u00a0 \u00a0WYLLSYEN \u00a0M\u00c1RQUEZ \u00a0G\u00d3MEZ \u00a0es requerido \u00a0para \u00a0 \u00a0comparecer \u00a0 \u00a0a \u00a0 juicio \u00a0 por \u00a0 delitos \u00a0 federales \u00a0 de \u00a0 lavado \u00a0 \u00a0 \u00a0 de \u00a0 \u00a0 \u00a0dinero. \u00a0 Precisa \u00a0 que \u00a0 \u201ces\u00a0 \u00a0 \u00a0el \u00a0 sujeto \u00a0 de \u00a0 la \u00a0 acusaci\u00f3n \u00a0 No. \u00a0 11 \u00a0CR \u00a010187 \u00a0(PBS), \u00a0 \u00a0 dictada \u00a0 \u00a0 el \u00a0 \u00a0 12 \u00a0 \u00a0de \u00a0 mayo \u00a0 de \u00a0 2011, \u00a0en \u00a0la \u00a0Corte \u00a0Distrital \u00a0de los Estados Unidos para el Distrito \u00a0Massachusetts\u201d, \u00a0mediante \u00a0la \u00a0cual \u00a0se \u00a0le \u00a0acusa de un cargo por el delito de concierto para realizar \u00a0transacciones \u00a0financieras, \u00a0las \u00a0cuales involucraban las \u00a0utilidades \u00a0 \u00a0 provenientes \u00a0 \u00a0 del \u00a0 \u00a0tr\u00e1fico \u00a0 \u00a0de \u00a0 \u00a0narc\u00f3ticos. \u00a0\u00a0<\/p>\n<p>Se\u00f1ala \u00a0que el 12 \u00a0de \u00a0mayo de 2011 \u00a0la \u00a0Corte Distrital dict\u00f3 un auto de detenci\u00f3n contra el se\u00f1or \u00a0M\u00c1RQUEZ \u00a0 \u00a0 G\u00d3MEZ \u00a0con \u00a0base en la acusaci\u00f3n proferida en este caso, el \u00a0cual permanece v\u00e1lido y ejecutable. \u00a0\u00a0<\/p>\n<p>En relaci\u00f3n con los comportamientos por cuya \u00a0realizaci\u00f3n \u00a0 se \u00a0 formaliza \u00a0 el \u00a0 pedido \u00a0 de \u00a0 extradici\u00f3n, \u00a0manifiesta \u00a0lo \u00a0siguiente: \u00a0\u00a0<\/p>\n<p>\u201cLos \u00a0acusados eran parte de una organizaci\u00f3n con sede en \u00a0Medell\u00edn \u00a0y \u00a0C\u00facuta. \u00a0Colombia, \u00a0y \u00a0Caracas, \u00a0Venezuela, que lavaba decenas de \u00a0millones \u00a0de d\u00f3lares de utilidades provenientes de los narc\u00f3ticos a trav\u00e9s de \u00a0bancos \u00a0de \u00a0los \u00a0Estados \u00a0Unidos \u00a0para regresarlas a Colombia. Los acusados eran \u00a0parte \u00a0de \u00a0una red de intermediarios de lavado de dinero que hac\u00eda los arreglos \u00a0para \u00a0que \u00a0grandes \u00a0sumas \u00a0de \u00a0dinero, \u00a0que \u00a0eran las utilidades del tr\u00e1fico de \u00a0coca\u00edna, \u00a0fueran recolectadas y depositadas en instituciones financieras de los \u00a0Estados \u00a0Unidos. \u00a0Tales \u00a0utilidades \u00a0de \u00a0los \u00a0narc\u00f3ticos \u00a0eran \u00a0luego lavadas y \u00a0retornadas \u00a0a \u00a0Colombia \u00a0a \u00a0trav\u00e9s \u00a0de \u00a0varias \u00a0casas \u00a0de cambio en Venezuela y \u00a0Colombia, \u00a0as\u00ed como a trav\u00e9s de varios mercados de moneda no oficiales como el \u00a0Mercado Negro de Cambio de Pesos. \u00a0\u00a0<\/p>\n<p>\u201cLa \u00a0evidencia contra los acusados est\u00e1 \u00a0basada \u00a0principalmente \u00a0en \u00a0una \u00a0operaci\u00f3n \u00a0que \u00a0adelant\u00f3 \u00a0la \u00a0Agencia para el \u00a0Control \u00a0 de \u00a0 las \u00a0 Drogas \u00a0 (DEA) \u00a0por \u00a0cuatro \u00a0a\u00f1os \u00a0y \u00a0en \u00a0interceptaciones \u00a0judicialmente \u00a0autorizadas \u00a0realizadas \u00a0en \u00a0Colombia. \u00a0Comenzando \u00a0 \u00a0en \u00a0 \u00a0el \u00a0 \u00a02007 \u00a0 \u00a0y \u00a0 \u00a0continuando \u00a0 hasta \u00a0 el \u00a0 2011, \u00a0un \u00a0agente \u00a0encubierto \u00a0de la DEA \u00a0infiltr\u00f3 \u00a0 la \u00a0 organizaci\u00f3n \u00a0 y \u00a0 lav\u00f3 \u00a0 dinero \u00a0 para \u00a0 ella. \u00a0 El \u00a0 agente \u00a0encubierto \u00a0de la DEA se \u00a0hizo \u00a0pasar \u00a0como \u00a0lavador de dinero profesional que aceptaba tomar posesi\u00f3n de \u00a0los \u00a0dineros \u00a0de la organizaci\u00f3n provenientes de los narc\u00f3ticos, depositaba el \u00a0dinero \u00a0 de \u00a0la \u00a0organizaci\u00f3n \u00a0en \u00a0bancos \u00a0de \u00a0los \u00a0Estados \u00a0Unidos, \u00a0y \u00a0hac\u00eda \u00a0transferencias \u00a0cablegr\u00e1ficas \u00a0del \u00a0dinero \u00a0de los narc\u00f3ticos a varias cuentas \u00a0tanto \u00a0dentro \u00a0como \u00a0fuera \u00a0de los Estados Unidos siguiendo las instrucciones de \u00a0los \u00a0acusados. \u00a0El \u00a0agente encubierto de la DEA sostuvo numerosas conversaciones \u00a0telef\u00f3nicas \u00a0que \u00a0se grabaron y comunicaciones por Internet con los miembros de \u00a0la \u00a0organizaci\u00f3n, \u00a0incluyendo \u00a0Aldo \u00a0Fernando \u00a0Guerrero Clavijo, Nelson \u00c1lvaro \u00a0Arteaga \u00a0Espinoza, \u00a0Juan \u00a0Carlos G\u00f3mez Preciado, Andr\u00e9s Covelli Cadavid, Johan \u00a0Leonardo \u00a0J\u00e1uregui \u00a0Vargas, \u00a0y \u00a0Rigoberto \u00a0Muriel Torres, acerca del lavado del \u00a0dinero \u00a0de \u00a0los \u00a0narc\u00f3ticos \u00a0y \u00a0la \u00a0importaci\u00f3n \u00a0de \u00a0coca\u00edna \u00a0a \u00a0los \u00a0Estados \u00a0Unidos. \u00a0\u00a0<\/p>\n<p>\u201cAdem\u00e1s de las conversaciones grabadas y \u00a0de \u00a0las \u00a0transacciones \u00a0de lavado de dinero encubiertas, la Polic\u00eda Nacional de \u00a0Colombia \u00a0realiz\u00f3 \u00a0una \u00a0serie \u00a0de \u00a0interceptaciones \u00a0telef\u00f3nicas \u00a0legales \u00a0que \u00a0tambi\u00e9n \u00a0revelaron \u00a0que Wilson Orlando Serna Hoyos, Pedro Jos\u00e9 Amado Montilla, \u00a0Jaime \u00a0Torres \u00a0Rodr\u00edguez, \u00a0Wyllsyen \u00a0M\u00e1rquez \u00a0G\u00f3mez, Freddy Francisco Caicedo \u00a0Caicedo, \u00a0y \u00a0Guillermo \u00a0Villegas \u00a0Zuluaga \u00a0estaban \u00a0involucrados en el lavado de \u00a0dinero \u00a0a \u00a0trav\u00e9s \u00a0de \u00a0bancos \u00a0de los Estados Unidos y con conocimiento estaban \u00a0convirtiendo \u00a0las \u00a0utilidades \u00a0en \u00a0d\u00f3lares \u00a0provenientes \u00a0de los narc\u00f3ticos en \u00a0bol\u00edvares \u00a0venezolanos \u00a0y \u00a0pesos colombianos y transfiriendo tales fondos a una \u00a0organizaci\u00f3n de tr\u00e1fico de narc\u00f3ticos en Medell\u00edn, Colombia. \u00a0\u00a0<\/p>\n<p>\u201cEl \u00a0marco \u00a0de \u00a0tiempo de los delitos de \u00a0conciertos \u00a0y \u00a0los \u00a0actos \u00a0delictivos que aparecen en la acusaci\u00f3n va desde una \u00a0fecha \u00a0 \u00a0desconocida \u00a0 \u00a0pero \u00a0 por \u00a0 lo \u00a0menos \u00a0desde \u00a0mayo\u00a0 de \u00a02007 hasta el 12 de mayo de 2011. La acusaci\u00f3n incluye cargos \u00a0que \u00a0alegan la comisi\u00f3n de delitos en fechas espec\u00edficas que van desde el 6 de \u00a0septiembre \u00a0de \u00a02007 \u00a0hasta \u00a0el \u00a02 \u00a0de \u00a0marzo \u00a0de \u00a02011; por lo tanto, todas las \u00a0acciones \u00a0delictivas \u00a0se \u00a0realizaron \u00a0con \u00a0posterioridad \u00a0al \u00a017 de diciembre de \u00a01997\u201d. \u00a0\u00a0<\/p>\n<p>Anota \u00a0 finalmente, \u00a0 que \u00a0 WYLLSYEN \u00a0M\u00c1RQUEZ \u00a0G\u00d3MEZ es ciudadano \u00a0de \u00a0 \u00a0Colombia, \u00a0 nacido \u00a0 el \u00a0 2 \u00a0 de \u00a0 abril \u00a0 de \u00a01974 \u00a0y \u00a0se identifica con la c\u00e9dula de ciudadan\u00eda \u00a0n\u00famero \u00a0 98.624.182. \u00a0\u00a0<\/p>\n<p>Para \u00a0tales efectos, adjunta los siguientes \u00a0documentos \u00a0debidamente \u00a0autenticados, traducidos y legalizados por el Consulado \u00a0de Colombia en Washington, D.C.: \u00a0\u00a0<\/p>\n<p>2.1.- \u00a0Declaraciones juradas en apoyo de la \u00a0solicitud \u00a0de \u00a0extradici\u00f3n, \u00a0rendidas \u00a0por \u00a0Neil J. \u00a0Gallagher, \u00a0Jr., \u00a0Fiscal \u00a0Auxiliar \u00a0de \u00a0los \u00a0Estados \u00a0Unidos \u00a0de \u00a0Am\u00e9rica para el Distrito de Massachusetts \u00a0 \u00a0 y \u00a0 \u00a0Brian \u00a0Dejoy, \u00a0Agente \u00a0Especial \u00a0de la \u00a0Administraci\u00f3n \u00a0de \u00a0Control \u00a0de Drogas (\u201cDEA\u201d \u00a0por \u00a0 \u00a0sus \u00a0 siglas \u00a0 en \u00a0 ingl\u00e9s), \u00a0 en \u00a0 Boston, \u00a0Massachusetts. \u00a0\u00a0<\/p>\n<p>2.2.- \u00a0Acusaci\u00f3n \u00a0de los Estados Unidos de \u00a0Am\u00e9rica \u00a0contra WYLLSYEN M\u00c1RQUEZ G\u00d3MEZ \u00a0y \u00a0otros, \u00a0presentada \u00a0el\u00a0 12 de \u00a0mayo \u00a0de \u00a02011 \u00a0ante \u00a0la \u00a0Corte \u00a0Distrital de los Estados Unidos de Am\u00e9rica para el Distrito Massachusetts, \u00a0 dentro \u00a0 del \u00a0 caso \u00a0penal\u00a0 \u00a0 \u00a0 No. \u00a0 \u00a0 11 \u00a0 \u00a0 CR \u00a0 \u00a010187 \u00a0 \u00a0 \u00a0 \u00a0 \u00a0 (PBS). \u00a0\u00a0<\/p>\n<p>2.3.- \u201cOrden de \u00a0Arresto\u201d, \u00a0emitida \u00a0por \u00a0la Corte Distrital de los \u00a0Estados \u00a0 \u00a0 Unidos \u00a0 \u00a0 de \u00a0 \u00a0 Am\u00e9rica \u00a0 \u00a0para \u00a0 \u00a0el \u00a0 \u00a0Distrito \u00a0 \u00a0Massachusetts, \u00a0 contra \u00a0WYLLSYEN \u00a0 M\u00c1RQUEZ \u00a0G\u00d3MEZ, \u00a0por \u00a0los \u00a0cargos referidos en la acusaci\u00f3n. \u00a0\u00a0<\/p>\n<p>2.4.- Disposiciones sustanciales aplicables \u00a0al \u00a0 \u00a0 \u00a0 caso, \u00a0 \u00a0 \u00a0 Secciones \u00a0 \u00a0 \u00a02 \u00a0 \u00a0 \u00a0(autores), \u00a0 \u00a0 982 \u00a0(extinci\u00f3n \u00a0penal del derecho de \u00a0dominio \u00a0 \u00a0 \u00a0sobre \u00a0 \u00a0 \u00a0bienes), \u00a0 \u00a0 1956 \u00a0(lavado de recursos monetarios), \u00a01957 \u00a0(realizaci\u00f3n \u00a0de \u00a0actividades \u00a0 monetarias \u00a0con \u00a0bienes \u00a0procedentes \u00a0de \u00a0actividades \u00a0il\u00edcitas), \u00a01961 \u00a0 \u00a0(definiciones) \u00a0 y \u00a0 3282 \u00a0(delitos \u00a0no \u00a0conminados \u00a0con la pena de muerte), del T\u00edtulo 18 \u00a0del \u00a0C\u00f3digo \u00a0de los Estados Unidos de Am\u00e9rica; as\u00ed \u00a0como \u00a0las \u00a0Secciones \u00a0812 \u00a0(lista \u00a0de \u00a0sustancias \u00a0controladas), 853 \u00a0 (extinci\u00f3n \u00a0 penal \u00a0 del \u00a0derecho \u00a0de \u00a0dominio), \u00a0952 \u00a0 (importaci\u00f3n \u00a0 de \u00a0 sustancias \u00a0controladas, \u00a0 \u00a0 959 \u00a0(fabricaci\u00f3n, \u00a0 posesi\u00f3n \u00a0 o \u00a0 distribuci\u00f3n \u00a0 de \u00a0 sustancias \u00a0 controladas), \u00a0960 \u00a0(actos \u00a0il\u00edcitos y \u00a0penas) \u00a0y 963 \u00a0(tentativa \u00a0y \u00a0concierto) \u00a0del \u00a0t\u00edtulo \u00a021 ejusdem. \u00a0\u00a0<\/p>\n<p>3.- \u00a0El Ministerio de Relaciones Exteriores \u00a0dio \u00a0traslado \u00a0de \u00a0la \u00a0documentaci\u00f3n al Ministerio del Interior y de Justicia y \u00a0conceptu\u00f3, \u00a0adem\u00e1s, \u00a0que \u201cpor no existir Convenio \u00a0aplicable \u00a0al \u00a0caso \u00a0en \u00a0menci\u00f3n \u00a0es \u00a0procedente \u00a0obrar \u00a0de \u00a0conformidad con el \u00a0ordenamiento \u00a0 \u00a0 \u00a0 \u00a0 \u00a0procesal \u00a0 \u00a0 \u00a0 \u00a0 \u00a0penal \u00a0 \u00a0 \u00a0 \u00a0 \u00a0colombiano\u201d. \u00a0\u00a0<\/p>\n<p>El \u00a0Ministerio \u00a0del Interior y de Justicia, \u00a0por \u00a0su \u00a0parte, \u00a0mediante \u00a0oficio \u00a033307 \u00a0 \u00a0 fechado \u00a0 \u00a0 el \u00a0 \u00a04 \u00a0de \u00a0agosto \u00a0de \u00a02011, dio curso ante \u00a0la \u00a0 Corte \u00a0 de \u00a0 la \u00a0 solicitud \u00a0 de \u00a0 extradici\u00f3n, \u00a0 en \u00a0donde, \u00a0de \u00a0 conformidad \u00a0 con \u00a0lo \u00a0dispuesto \u00a0en \u00a0los \u00a0art\u00edculos \u00a0490 \u00a0y \u00a0siguientes \u00a0de la Ley 906 de 2004, corresponde emitir \u00a0el \u00a0concepto \u00a0de rigor, una vez cumplido lo dispuesto \u00a0por \u00a0el \u00a0art\u00edculo \u00a070 \u00a0de \u00a0la \u00a0Ley \u00a01453 \u00a0de \u00a020112. \u00a0\u00a0<\/p>\n<p>SOLICITUD \u00a0 \u00a0 DE \u00a0 \u00a0 TR\u00c1MITE \u00a0SIMPLIFICADO. \u00a0\u00a0<\/p>\n<p>El \u00a0 requerido \u00a0en \u00a0extradici\u00f3n, \u00a0se\u00f1or \u00a0WYLLSYEN \u00a0M\u00c1RQUEZ \u00a0G\u00d3MEZ, \u00a0coadyuvado \u00a0por su defensor, manifest\u00f3 su deseo de \u00a0renunciar \u00a0 \u201ca \u00a0todos \u00a0los \u00a0t\u00e9rminos \u00a0procesales \u00a0necesarios \u00a0dentro \u00a0del \u00a0presente \u00a0proceso dado que la ley lo permite conforme a \u00a0los \u00a0Art. \u00a0177 \u00a0de \u00a0la \u00a0Ley \u00a0600 \u00a0del 2000, Art. 15 del C\u00f3digo de Procedimiento \u00a0Civil, \u00a0en \u00a0concordancia con el Art. 70 de la Ley de Seguridad Ciudadana el cual \u00a0se \u00a0 \u00a0 remite \u00a0 \u00a0 a \u00a0 \u00a0 la \u00a0 \u00a0 Extradici\u00f3n \u00a0 \u00a0 simplificada \u00a0 \u00a0dem\u00e1s \u00a0 \u00a0normas \u00a0concordantes\u201d3. \u00a0\u00a0<\/p>\n<p>El \u00a0Procurador \u00a0Segundo \u00a0Delegado \u00a0para \u00a0la \u00a0Casaci\u00f3n \u00a0Penal, \u00a0por \u00a0su parte, manifiesta haber realizado entrevista personal \u00a0con \u00a0el \u00a0requerido \u00a0en extradici\u00f3n, en desarrollo de la cual pudo verificar que \u00a0la \u00a0manifestaci\u00f3n \u00a0de \u00a0acogimiento \u00a0al \u00a0tr\u00e1mite \u00a0especial \u00a0de \u00a0la extradici\u00f3n \u00a0simplificada, \u00a0es \u00a0libre, \u00a0espont\u00e1nea, \u00a0voluntaria, \u00a0sin \u00a0apremio \u00a0o \u00a0vicio del \u00a0consentimiento \u00a0alguno y debidamente informada acerca de las consecuencias de la \u00a0renuncia al tr\u00e1mite. \u00a0\u00a0<\/p>\n<p>Expresa, \u00a0de \u00a0otro lado, que con base en la \u00a0documentaci\u00f3n \u00a0allegada \u00a0al \u00a0tr\u00e1mite, \u00a0en \u00a0el \u00a0presente \u00a0caso \u00a0se \u00a0cumplen los \u00a0requisitos \u00a0contemplados \u00a0en el art\u00edculo 35 de la Carta Pol\u00edtica, toda vez que \u00a0de \u00a0acuerdo \u00a0con \u00a0los \u00a0hechos a que se contrae la acusaci\u00f3n, el se\u00f1or WYLLSYEN \u00a0M\u00c1RQUEZ \u00a0G\u00d3MEZ \u00a0es \u00a0requerido \u00a0para \u00a0que \u00a0responda \u00a0por las conductas punibles \u00a0ocurridas \u00a0desde \u00a0por \u00a0lo \u00a0menos \u00a0mayo \u00a0de 2007, es decir con posterioridad a la \u00a0expedici\u00f3n \u00a0del Acto Legislativo n\u00famero 1 de 1997, que contempl\u00f3 la figura de \u00a0la extradici\u00f3n. \u00a0\u00a0<\/p>\n<p>Se\u00f1ala \u00a0que de esa misma pieza procesal se \u00a0concluye \u00a0que \u00a0los delitos por los cuales se est\u00e1 reclamando al se\u00f1or M\u00c1RQUEZ \u00a0G\u00d3MEZ, \u00a0no \u00a0tienen \u00a0la \u00a0connotaci\u00f3n \u00a0de delitos pol\u00edticos, pues se le imputan \u00a0cargos \u00a0por \u00a0los \u00a0delitos \u00a0de concierto para delinquir y lavado de dinero,\u00a0 \u00a0los \u00a0 cuales \u00a0 tambi\u00e9n \u00a0est\u00e1n \u00a0contemplados \u00a0como \u00a0tales \u00a0en \u00a0la \u00a0legislaci\u00f3n \u00a0colombiana, \u00a0 a \u00a0trav\u00e9s \u00a0de \u00a0los \u00a0art\u00edculos \u00a0340 \u00a0y \u00a0324 \u00a0de \u00a0la \u00a0Ley \u00a0599 \u00a0de \u00a02000. \u00a0\u00a0<\/p>\n<p>Afirma, \u00a0adem\u00e1s, \u00a0que \u00a0no \u00a0existe \u00a0duda en \u00a0cuanto \u00a0a \u00a0la plena identificaci\u00f3n del se\u00f1or WYLLSYEN M\u00c1RQUEZ G\u00d3MEZ, pues se \u00a0aport\u00f3 \u00a0el \u00a0informe \u00a0de \u00a0la \u00a0Polic\u00eda Nacional de fecha 2 de junio \u00faltimo y el \u00a0acta \u00a0de \u00a0derechos \u00a0del \u00a0capturado, \u00a0de cuyos documentos se puede afirmar que se \u00a0trata de la misma persona. \u00a0\u00a0<\/p>\n<p>Por lo anterior, al encontrar que se cumplen \u00a0los \u00a0requisitos \u00a0constitucionales \u00a0y \u00a0legales \u00a0en \u00a0el \u00a0tr\u00e1mite \u00a0de extradici\u00f3n \u00a0simplificada \u00a0previsto \u00a0en el art\u00edculo 70 de la Ley 1453 de 2011, el Procurador \u00a0Delegado \u00a0manifiesta \u00a0que \u00a0coadyuva la correspondiente petici\u00f3n, en orden a que \u00a0la \u00a0Corte \u00a0emita \u00a0el \u00a0respectivo \u00a0concepto \u00a0de \u00a0plano, \u00a0en \u00a0la forma y t\u00e9rminos \u00a0se\u00f1alados en la citada disposici\u00f3n. \u00a0\u00a0<\/p>\n<p>Adjunta \u00a0 a \u00a0 su \u00a0 escrito \u00a0 el \u00a0acta \u00a0de \u00a0verificaci\u00f3n \u00a0de \u00a0garant\u00edas fundamentales, suscrita por el Procurador Delegado \u00a0y \u00a0el \u00a0requerido, no as\u00ed por el defensor quien no compareci\u00f3 pese a haber sido \u00a0citado \u00a0 \u00a0 \u00a0 \u00a0 para \u00a0 \u00a0 \u00a0 \u00a0 el \u00a0 \u00a0 \u00a0 \u00a0 efecto4. \u00a0\u00a0<\/p>\n<p>SE CONSIDERA: \u00a0<\/p>\n<p>1.- \u00a0Aclaraci\u00f3n \u00a0previa. \u00a0\u00a0<\/p>\n<p>El \u00a0art\u00edculo \u00a035 \u00a0de \u00a0la \u00a0Carta Pol\u00edtica, \u00a0modificado \u00a0por \u00a0el art\u00edculo 1\u00ba del Acto Legislativo No. 01 de 1997, establece \u00a0que \u00a0la \u00a0extradici\u00f3n se podr\u00e1 solicitar, conceder u ofrecer de acuerdo con los \u00a0tratados p\u00fablicos y en su defecto con la ley. \u00a0\u00a0<\/p>\n<p>Como \u00a0 en \u00a0este \u00a0caso \u00a0el \u00a0Ministerio \u00a0de \u00a0Relaciones \u00a0Exteriores \u00a0de \u00a0Colombia \u00a0conceptu\u00f3 \u00a0sobre \u00a0la ausencia de convenio \u00a0aplicable \u00a0en \u00a0materia \u00a0de extradici\u00f3n con el pa\u00eds solicitante (Estados Unidos \u00a0de \u00a0Am\u00e9rica), \u00a0y \u00a0estableci\u00f3 \u00a0la consecuente aplicaci\u00f3n de lo previsto, en el \u00a0referido \u00a0tema, \u00a0por \u00a0el \u00a0C\u00f3digo \u00a0de \u00a0Procedimiento \u00a0Penal, \u00a0la Corte, en total \u00a0coincidencia \u00a0con \u00a0lo \u00a0expresado \u00a0por \u00a0la \u00a0Procuradur\u00eda \u00a0Delegada, abordar\u00e1 el \u00a0estudio \u00a0de los aspectos sobre los cuales debe emitir el concepto, previstos por \u00a0el art\u00edculo 502 de la Ley 906 de 2004. \u00a0\u00a0<\/p>\n<p>Es de precisar, adem\u00e1s, que de la solicitud \u00a0y \u00a0documentos \u00a0anexos \u00a0se \u00a0establece \u00a0que \u00a0las \u00a0actividades delictivas que se le \u00a0imputan \u00a0 \u00a0 al \u00a0 \u00a0 se\u00f1or \u00a0 \u00a0 WYLLSYEN \u00a0 \u00a0M\u00c1RQUEZ \u00a0G\u00d3MEZ \u00a0 \u00a0 tuvieron \u00a0ocurrencia \u00a0en \u00a0el exterior y no versan sobre delitos \u00a0pol\u00edticos, \u00a0toda \u00a0vez \u00a0que \u00a0las conductas definidas \u00a0como \u00a0 \u00a0concierto \u00a0 para \u00a0 realizar \u00a0 transacciones \u00a0financieras \u00a0que \u00a0involucraban \u00a0las \u00a0utilidades \u00a0provenientes \u00a0del \u00a0tr\u00e1fico \u00a0de \u00a0narc\u00f3ticos \u00a0 \u00a0 \u00a0as\u00ed \u00a0 \u00a0 \u00a0como \u00a0 \u00a0 \u00a0el \u00a0 \u00a0 lavado \u00a0 \u00a0 de \u00a0 \u00a0 dinero, \u00a0 \u00a0no \u00a0constituyen delito pol\u00edtico. \u00a0\u00a0<\/p>\n<p>Esto \u00a0si \u00a0se \u00a0tiene en cuenta que seg\u00fan el \u00a0relato \u00a0 \u00a0del \u00a0 \u00a0Agente \u00a0 \u00a0Especial \u00a0 de \u00a0la \u00a0Administraci\u00f3n \u00a0de \u00a0Control de \u00a0Drogas \u00a0 de \u00a0los \u00a0Estados \u00a0Unidos \u00a0de \u00a0Am\u00e9rica, \u00a0la \u00a0investigaci\u00f3n \u00a0 \u00a0 \u00a0 \u00a0permiti\u00f3 \u00a0 \u00a0 \u00a0 \u00a0establecer \u00a0 \u00a0 \u00a0 \u00a0que \u00a0 \u00a0 \u00a0 \u00a0\u201clos \u00a0acusados \u00a0eran \u00a0integrantes de \u00a0una \u00a0red \u00a0de \u00a0narcotraficantes y lavadores de dinero en Colombia, Venezuela y en \u00a0otras \u00a0 partes, \u00a0 que \u00a0 participaron \u00a0en \u00a0el \u00a0lavado \u00a0de \u00a0millones \u00a0de \u00a0d\u00f3lares \u00a0estadounidenses \u00a0en \u00a0ingresos \u00a0derivados \u00a0de \u00a0las drogas en los Estados Unidos y \u00a0Europa por medio de instituciones financieras estadounidenses\u201d \u00a0\u00a0<\/p>\n<p>Por \u00a0otra \u00a0parte, \u00a0debe \u00a0resaltarse que los \u00a0hechos \u00a0por \u00a0cuya \u00a0realizaci\u00f3n se solicita la extradici\u00f3n fueron cometidos con \u00a0posterioridad \u00a0a \u00a0la \u00a0entrada \u00a0en \u00a0vigencia del Acto Legislativo No. 01 de 1997, \u00a0modificatorio del art\u00edculo 35 de la Carta Pol\u00edtica. \u00a0\u00a0<\/p>\n<p>2.- \u00a0VALIDEZ \u00a0FORMAL \u00a0DE \u00a0LOS \u00a0DOCUMENTOS \u00a0PRESENTADOS. \u00a0\u00a0<\/p>\n<p>De \u00a0la \u00a0actuaci\u00f3n \u00a0se \u00a0establece \u00a0que \u00a0la \u00a0documentaci\u00f3n \u00a0allegada \u00a0por la Embajada del Estado requirente, relacionada con \u00a0la\u00a0 \u00a0 acusaci\u00f3n \u00a0 No. \u00a0 11 \u00a0 CR \u00a010187 \u00a0 \u00a0 \u00a0 \u00a0 \u00a0 (PBS), \u00a0dictada \u00a0el \u00a012 de mayo de \u00a02011 \u00a0por \u00a0la \u00a0Corte Distrital de los Estados Unidos \u00a0para \u00a0 \u00a0el \u00a0 \u00a0Distrito \u00a0 \u00a0Massachusetts \u00a0 no \u00a0s\u00f3lo \u00a0fue \u00a0autenticada \u00a0mediante \u00a0sello \u00a0y \u00a0firma \u00a0por \u00a0el \u00a0Secretario \u00a0 \u00a0 \u00a0 \u00a0de \u00a0 \u00a0 \u00a0 \u00a0esa \u00a0 \u00a0 \u00a0 \u00a0Corte5, \u00a0 sino \u00a0que \u00a0a \u00a0ella \u00a0hace \u00a0alusi\u00f3n \u00a0 la \u00a0 Fiscal \u00a0Auxiliar \u00a0 \u00a0cuando \u00a0 \u00a0en \u00a0 \u00a0declaraci\u00f3n \u00a0 jurada \u00a0 indic\u00f3 \u00a0 que \u00a0 \u201ces \u00a0 la \u00a0 pr\u00e1ctica \u00a0 habitual \u00a0del \u00a0Tribunal \u00a0de \u00a0Distrito \u00a0de \u00a0los \u00a0Estados \u00a0Unidos para el Distrito Massachusetts, \u00a0retener \u00a0la \u00a0acusaci\u00f3n \u00a0formal \u00a0original \u00a0y \u00a0archivarla \u00a0con \u00a0el Secretario del \u00a0Tribunal. \u00a0Por \u00a0lo \u00a0tanto, he obtenido una copia certificada, fiel y correcta de \u00a0la \u00a0acusaci\u00f3n \u00a0formal \u00a0de manos del Secretario del Tribunal y la he adjuntado a \u00a0esta \u00a0Declaraci\u00f3n Jurada como Prueba B. He adjuntado copias certificadas fieles \u00a0y \u00a0 correctas \u00a0 de \u00a0 las \u00a0 ordenes \u00a0 de \u00a0arresto \u00a0como \u00a0Prueba \u00a0C\u201d6. \u00a0\u00a0<\/p>\n<p>Adem\u00e1s,\u00a0 \u00a0 \u00a0 \u00a0 las\u00a0 \u00a0declaraciones\u00a0 \u00a0 \u00a0 juradas\u00a0 \u00a0 \u00a0 rendidas\u00a0 \u00a0 \u00a0 por \u00a0 \u00a0el \u00a0 Fiscal \u00a0 Auxiliar \u00a0 Neil \u00a0J. \u00a0Gallagher, \u00a0Jr., \u00a0y \u00a0el Agente \u00a0Especial \u00a0Brian Dejoy, de la \u00a0Administraci\u00f3n \u00a0de \u00a0Control \u00a0de \u00a0Drogas \u00a0de \u00a0los \u00a0Estados \u00a0Unidos \u00a0de Am\u00e9rica, \u00a0figuran \u00a0avaladas con la firma de un Juez Magistrado \u00a0del \u00a0 \u00a0 \u00a0Distrito \u00a0 \u00a0 \u00a0Massachusetts; \u00a0 legalizados \u00a0 por \u00a0 Magdalena \u00a0A. \u00a0Boynton, \u00a0 \u00a0 \u00a0 \u00a0 \u00a0 \u00a0 Directora \u00a0 \u00a0 \u00a0 \u00a0 \u00a0Asociada \u00a0 de \u00a0 la \u00a0 Oficina \u00a0 de \u00a0 Asuntos \u00a0Internacionales \u00a0-Divisi\u00f3n \u00a0de \u00a0lo \u00a0Penal- \u00a0del \u00a0Departamento \u00a0de \u00a0Justicia, el \u00a0Procurador \u00a0General \u00a0de \u00a0los \u00a0Estados \u00a0Unidos \u00a0de \u00a0Am\u00e9rica, \u00a0la \u00a0Secretaria \u00a0de \u00a0Estado, \u00a0y \u00a0la \u00a0 \u00a0 \u00a0 \u00a0Funcionaria \u00a0Auxiliar \u00a0de \u00a0Autenticaciones \u00a0del \u00a0Departamento de Estado de dicho pa\u00eds. \u00a0\u00a0<\/p>\n<p>Estos \u00a0instrumentos, \u00a0por su parte, fueron \u00a0autenticados \u00a0por \u00a0el \u00a0Consulado de Colombia en Washington, D.C., y a su vez por \u00a0el \u00a0 Jefe \u00a0 de \u00a0 Legalizaciones \u00a0del \u00a0Ministerio \u00a0de \u00a0Relaciones \u00a0Exteriores \u00a0de \u00a0Colombia. \u00a0\u00a0<\/p>\n<p>Cabe \u00a0destacar \u00a0que \u00a0en \u00a0la \u00a0Nota \u00a0Verbal \u00a0mediante \u00a0la cual el Gobierno del Estado requirente, a trav\u00e9s de su Embajada en \u00a0Colombia, \u00a0formaliza \u00a0el \u00a0pedido \u00a0de \u00a0extradici\u00f3n, \u00a0se precisa que \u201clas \u00a0 \u00a0p\u00e1ginas \u00a0 iniciales \u00a0 de \u00a0 certificaci\u00f3n \u00a0 tanto \u00a0 del \u00a0Departamento \u00a0de \u00a0Justicia de los Estados Unidos como del Departamento de Estado \u00a0de \u00a0los \u00a0Estados \u00a0Unidos \u00a0tienen \u00a0la \u00a0intenci\u00f3n \u00a0de \u00a0certificar \u00a0que \u00a0todos los \u00a0documentos \u00a0que \u00a0sustentan \u00a0esta \u00a0solicitud \u00a0de extradici\u00f3n son copias fieles y \u00a0verdaderas \u00a0de los originales que servir\u00e1n de base para juzgar a este individuo \u00a0en los Estados Unidos\u201d. \u00a0\u00a0<\/p>\n<p>\u00a0\u00a0 \u00a0<\/p>\n<p>Por lo anterior, teniendo en cuenta que la \u00a0solicitud \u00a0 \u00a0de \u00a0 \u00a0extradici\u00f3n \u00a0 \u00a0del \u00a0 \u00a0ciudadano \u00a0 \u00a0colombiano \u00a0 WYLLSYEN \u00a0M\u00c1RQUEZ \u00a0G\u00d3MEZ, se hizo por \u00a0la \u00a0v\u00eda \u00a0diplom\u00e1tica, \u00a0que ella contiene la copia aut\u00e9ntica de la resoluci\u00f3n \u00a0de \u00a0acusaci\u00f3n, \u00a0la \u00a0cual, junto con las declaraciones juradas que se allegan en \u00a0apoyo \u00a0de \u00a0la solicitud, es espec\u00edfica en indicar exactamente las conductas que \u00a0motivaron \u00a0la \u00a0solicitud\u00a0 \u00a0y \u00a0el lugar y las fechas o \u00e9pocas en que fueron \u00a0realizadas, \u00a0as\u00ed \u00a0como \u00a0los datos necesarios para establecer la plena identidad \u00a0de \u00a0la \u00a0persona reclamada, la copia aut\u00e9ntica de las disposiciones sustanciales \u00a0aplicables \u00a0al \u00a0caso, \u00a0y \u00a0que \u00a0en \u00a0la expedici\u00f3n, tr\u00e1mite y traducci\u00f3n de los \u00a0citados \u00a0documentos se cumplieron los ritos formales de legalizaci\u00f3n prescritos \u00a0por \u00a0las \u00a0normas \u00a0pertinentes \u00a0de \u00a0los \u00a0Estados Unidos de Am\u00e9rica, la Corte los \u00a0tendr\u00e1 \u00a0 como \u00a0 aptos \u00a0 para \u00a0 servir \u00a0 de \u00a0 prueba \u00a0 de \u00a0 aquello \u00a0 que \u00a0ellos \u00a0contienen. \u00a0\u00a0<\/p>\n<p>Esto, \u00a0si \u00a0en\u00a0 cuenta se tiene que en \u00a0este \u00a0caso \u00a0asimismo \u00a0se cumple lo establecido por el art\u00edculo\u00a0 259 del C. \u00a0de \u00a0P. \u00a0C., \u00a0modificado por el art\u00edculo 1\u00ba N\u00fam. 1114 del D.E. 2282\/89, seg\u00fan \u00a0el \u00a0cual \u00a0\u201clos \u00a0documentos \u00a0p\u00fablicos otorgados en \u00a0pa\u00eds \u00a0extranjero \u00a0por \u00a0funcionario \u00a0de \u00a0\u00e9ste \u00a0o con su intervenci\u00f3n, deber\u00e1n \u00a0presentarse \u00a0debidamente autenticados por el c\u00f3nsul o agente diplom\u00e1tico de la \u00a0Rep\u00fablica, \u00a0o \u00a0en su defecto por el de una naci\u00f3n amiga, lo cual hace presumir \u00a0que \u00a0 se \u00a0 otorgaron \u00a0 conforme \u00a0 a \u00a0la \u00a0ley \u00a0del \u00a0respectivo \u00a0pa\u00eds\u201d, \u00a0disposici\u00f3n \u00a0aplicable \u00a0al caso por virtud del principio de \u00a0integraci\u00f3n \u00a0normativa \u00a0previsto \u00a0por el art\u00edculo 25 del C. de P. P. de 2004 y \u00a0el inciso \u00faltimo del art\u00edculo 495 ejusdem. \u00a0\u00a0<\/p>\n<p>Acorde \u00a0con \u00a0lo \u00a0analizado en precedencia, \u00a0para \u00a0la \u00a0Corte \u00a0es \u00a0manifiesto \u00a0el \u00a0cumplimiento \u00a0de\u00a0 \u00a0este \u00a0requisito del \u00a0concepto. \u00a0\u00a0<\/p>\n<p>3.- \u00a0DEMOSTRACI\u00d3N PLENA DE LA IDENTIDAD DE \u00a0LA PERSONA REQUERIDA. \u00a0\u00a0<\/p>\n<p>Para la Corte es claro que de lo actuado se \u00a0establece \u00a0que \u00a0WYLLSYEN \u00a0M\u00c1RQUEZ G\u00d3MEZ, \u00a0quien se encuentra privado de la libertad con ocasi\u00f3n de\u00a0 \u00a0este \u00a0tr\u00e1mite, \u00a0es \u00a0la \u00a0misma \u00a0persona a\u00a0 la\u00a0 que\u00a0 se refiere la \u00a0acusaci\u00f3n \u00a0 \u00a0 \u00a0 No.11 \u00a0 \u00a0 \u00a0CR \u00a0 \u00a0 \u00a010187 \u00a0 \u00a0 \u00a0 \u00a0 \u00a0 (PBS), \u00a0dictada \u00a0 \u00a0el\u00a0 \u00a0 \u00a012 \u00a0 \u00a0de \u00a0 mayo \u00a0de 2011 por la Corte Distrital de los \u00a0Estados \u00a0 \u00a0 \u00a0 \u00a0 Unidos \u00a0 \u00a0 \u00a0 \u00a0para \u00a0 \u00a0 \u00a0 \u00a0el \u00a0 \u00a0 \u00a0 \u00a0Distrito \u00a0 \u00a0 \u00a0 \u00a0Massachusetts,\u00a0 \u00a0y\u00a0 la\u00a0 \u00a0misma\u00a0 \u00a0mencionada\u00a0 \u00a0en\u00a0 \u00a0las\u00a0 notas verbales\u00a0 mediante \u00a0las\u00a0 \u00a0cuales\u00a0 \u00a0el \u00a0gobierno\u00a0 \u00a0de\u00a0 dicho\u00a0 pa\u00eds, a\u00a0 \u00a0trav\u00e9s \u00a0de \u00a0su \u00a0Embajada \u00a0en \u00a0Colombia, solicit\u00f3 la detenci\u00f3n provisional con \u00a0fines \u00a0 de \u00a0 extradici\u00f3n, \u00a0y \u00a0posteriormente \u00a0formaliz\u00f3 \u00a0el \u00a0pedido \u00a0ante \u00a0las \u00a0autoridades colombianas. \u00a0\u00a0<\/p>\n<p>Esto \u00a0 por \u00a0 cuanto, \u00a0 en \u00a0 el \u00a0documento \u00a0enjuiciatorio \u00a0base \u00a0de \u00a0la solicitud formal de extradici\u00f3n, se precisa que uno \u00a0de \u00a0los \u00a0acusados \u00a0responde \u00a0al \u00a0nombre \u00a0de \u00a0WYLLSYEN \u00a0M\u00c1RQUEZ \u00a0G\u00d3MEZ, \u00a0como \u00a0asimismo \u00a0se \u00a0anuncia en la \u00a0declaraci\u00f3n \u00a0 \u00a0rendida \u00a0 \u00a0por \u00a0 el \u00a0 Agente \u00a0 Especial \u00a0 de \u00a0 la \u00a0 Administraci\u00f3n \u00a0 \u00a0 de \u00a0 \u00a0 Control \u00a0 \u00a0de \u00a0 \u00a0Drogas \u00a0 \u00a0de \u00a0los \u00a0Estados \u00a0Unidos \u00a0de \u00a0Am\u00e9rica, \u00a0en \u00a0la \u00a0que indica que el \u00a0acusado \u00a0es \u00a0ciudadano \u00a0colombiano, \u00a0nacido \u00a0el \u00a02 de \u00a0abril \u00a0de \u00a01974 \u00a0y \u00a0se \u00a0identifica con la c\u00e9dula de \u00a0ciudadan\u00eda \u00a0 \u00a0 n\u00famero \u00a0 \u00a0 98.624.182, \u00a0de \u00a0quien \u00a0allega \u00a0una fotograf\u00eda \u00a0 y \u00a0 una \u00a0 fotocopia \u00a0 de \u00a0su \u00a0 \u00a0 c\u00e9dula \u00a0 \u00a0 de \u00a0 \u00a0 ciudadan\u00eda7. \u00a0\u00a0<\/p>\n<p>Debe anotarse, que a dichas caracter\u00edsticas \u00a0se \u00a0refieren \u00a0las \u00a0notas \u00a0diplom\u00e1ticas remitidas por la Embajada de los Estados \u00a0Unidos \u00a0en \u00a0Colombia, mediante las cuales solicit\u00f3 la detenci\u00f3n preventiva con \u00a0fines \u00a0de \u00a0extradici\u00f3n \u00a0y \u00a0posteriormente formaliz\u00f3 el pedido ante el gobierno \u00a0colombiano. \u00a0\u00a0<\/p>\n<p>Es \u00a0de resaltarse, asimismo, que al momento \u00a0de \u00a0la aprehensi\u00f3n con fines de extradici\u00f3n, como en el acta de imposici\u00f3n de \u00a0derechos \u00a0del \u00a0capturado, \u00a0se \u00a0identific\u00f3 \u00a0con \u00a0el \u00a0mismo n\u00famero de c\u00e9dula de \u00a0ciudadan\u00eda \u00a0mencionado \u00a0en \u00a0las \u00a0notas \u00a0diplom\u00e1ticas \u00a0mediante \u00a0las \u00a0cuales se \u00a0solicit\u00f3 \u00a0la \u00a0detenci\u00f3n \u00a0provisional \u00a0y \u00a0se \u00a0formaliz\u00f3 \u00a0el pedido, como igual \u00a0ocurri\u00f3 \u00a0en \u00a0el \u00a0poder conferido a un profesional del derecho para que asumiera \u00a0su \u00a0 defensa8, \u00a0estableci\u00e9ndose, \u00a0por \u00a0tanto, \u00a0que \u00a0la persona capturada es la \u00a0misma requerida en extradici\u00f3n. \u00a0\u00a0<\/p>\n<p>Por \u00a0estas \u00a0razones, \u00a0la \u00a0Corte \u00a0encuentra \u00a0satisfecho el requisito en menci\u00f3n. \u00a0\u00a0<\/p>\n<p>4.- PRINCIPIO DE \u00a0LA DOBLE INCRIMINACI\u00d3N. \u00a0\u00a0<\/p>\n<p>De \u00a0conformidad \u00a0con \u00a0lo establecido por el \u00a0art\u00edculo \u00a0493-1 \u00a0C.P.P. \u00a0de \u00a02004, \u00a0para \u00a0conceder la extradici\u00f3n es requisito \u00a0indispensable \u00a0que \u00a0el \u00a0hecho \u00a0que la motiva tambi\u00e9n est\u00e9 previsto en Colombia \u00a0como \u00a0delito \u00a0y \u00a0reprimido con sanci\u00f3n privativa de la libertad cuyo m\u00ednimo no \u00a0sea inferior a cuatro a\u00f1os. \u00a0\u00a0<\/p>\n<p>4.1.- \u00a0Seg\u00fan \u00a0la\u00a0 \u00a0acusaci\u00f3n \u00a0No. \u00a011 \u00a0CR \u00a010187 \u00a0 \u00a0 \u00a0 \u00a0 \u00a0 \u00a0(PBS) \u00a0 dictada \u00a0 el\u00a0 \u00a0 12 \u00a0 de \u00a0 mayo \u00a0 de \u00a02011 \u00a0 contra \u00a0 WYLLSYEN \u00a0M\u00c1RQUEZ \u00a0G\u00d3MEZ \u00a0por \u00a0el \u00a0Gran \u00a0Jurado \u00a0en \u00a0sesi\u00f3n \u00a0ante \u00a0la \u00a0Corte \u00a0Distrital \u00a0de \u00a0los \u00a0Estados \u00a0Unidos \u00a0de \u00a0Am\u00e9rica \u00a0para el Distrito Massachusetts, \u00a0 se \u00a0 tiene \u00a0 que \u00a0el \u00a0requerido \u00a0es \u00a0acusado en el\u00a0 CARGO UNO \u00a0 de \u00a0haber \u00a0 \u00a0acordado \u00a0 \u00a0il\u00edcitamente \u00a0 \u00a0con \u00a0otros \u00a0individuos \u00a0la realizaci\u00f3n \u00a0de \u00a0transacciones \u00a0financieras \u00a0que \u00a0involucraban \u00a0los \u00a0ingresos procedentes del \u00a0narcotr\u00e1fico, \u00a0a\u00a0 \u00a0sabiendas de que tales transacciones estaban dise\u00f1adas \u00a0en \u00a0todo \u00a0o \u00a0en \u00a0parte \u00a0para \u00a0ocultar \u00a0y \u00a0disimular \u00a0la \u00a0naturaleza, ubicaci\u00f3n, \u00a0titularidad \u00a0 y \u00a0 control \u00a0 de \u00a0 los \u00a0 ingresos \u00a0 de \u00a0dicha \u00a0actividad \u00a0il\u00edcita \u00a0especificada. \u00a0\u00a0<\/p>\n<p>4.2.- \u00a0Las \u00a0normas sustanciales aplicadas, \u00a0cuya \u00a0traducci\u00f3n \u00a0fue \u00a0oportunamente \u00a0allegada \u00a0al \u00a0expediente, \u00a0tratan \u00a0de los \u00a0delitos \u00a0 de \u00a0 concierto \u00a0 para \u00a0lavar \u00a0instrumentos \u00a0monetarios, \u00a0por \u00a0cuyas \u00a0conductas \u00a0se \u00a0establece \u00a0pena de prisi\u00f3n m\u00e1xima de \u00a0veinte a\u00f1os. \u00a0\u00a0<\/p>\n<p>4.2.1.- \u00a0En la legislaci\u00f3n colombiana, por \u00a0su \u00a0parte, \u00a0el delito de \u00a0concierto \u00a0para \u00a0lavar instrumentos monetarios sobre \u00a0bienes \u00a0procedentes \u00a0de \u00a0utilidades \u00a0derivadas \u00a0del tr\u00e1fico de estupefacientes, \u00a0de \u00a0 \u00a0 \u00a0 \u00a0que \u00a0 \u00a0 \u00a0 \u00a0trata \u00a0 \u00a0 \u00a0 \u00a0el \u00a0CARGO \u00a0UNO de la acusaci\u00f3n No. \u00a011 \u00a0CR \u00a010187 \u00a0 \u00a0 \u00a0 \u00a0 \u00a0 \u00a0(PBS), \u00a0 \u00a0proferida \u00a0 \u00a0el \u00a0 12 \u00a0 de \u00a0 mayo \u00a0 de \u00a02011, \u00a0corresponde \u00a0al \u00a0\u201cconcierto \u00a0para \u00a0delinquir\u201d \u00a0previsto \u00a0por \u00a0el \u00a0art\u00edculo \u00a0340 \u00a0del \u00a0C\u00f3digo \u00a0Penal, \u00a0modificado \u00a0por \u00a0el \u00a0art\u00edculo \u00a08\u00ba \u00a0de \u00a0la \u00a0Ley 733 de 2002, y \u00a0\u00faltimamente \u00a0por \u00a0el \u00a0art\u00edculo \u00a019 \u00a0de \u00a0la \u00a0Ley \u00a01121 \u00a0de 2006 que entre otras \u00a0hip\u00f3tesis \u00a0prev\u00e9 \u00a0pena \u00a0de prisi\u00f3n de ocho (8) a dieciocho (18) a\u00f1os cuando, \u00a0como \u00a0se \u00a0establece \u00a0de \u00a0los \u00a0t\u00e9rminos \u00a0de la acusaci\u00f3n, el concierto sea para \u00a0cometer \u00a0delitos \u00a0de \u00a0lavado \u00a0de activos. \u00a0\u00a0<\/p>\n<p>Como \u00a0en\u00a0 \u00a0este \u00a0caso \u00a0las autoridades \u00a0judiciales \u00a0 de \u00a0 los \u00a0 Estados \u00a0 Unidos \u00a0 de \u00a0Am\u00e9rica \u00a0acusan \u00a0a \u00a0WYLLSYEN \u00a0M\u00c1RQUEZ \u00a0G\u00d3MEZ\u00a0 \u00a0y \u00a0a \u00a0otros \u00a0de \u00a0haber \u00a0concertado, \u00a0junto \u00a0con \u00a0otras personas, il\u00edcita e \u00a0 \u00a0 \u00a0intencionalmente, \u00a0 \u00a0 \u00a0 \u00a0para \u00a0 \u00a0 \u00a0 llevar \u00a0a \u00a0cabo \u00a0transacciones \u00a0financieras \u00a0que \u00a0involucraban los \u00a0ingresos \u00a0procedentes \u00a0del \u00a0tr\u00e1fico \u00a0de \u00a0sustancias estupefacientes \u00a0es \u00a0de \u00a0concluirse que en relaci\u00f3n con dicho cargo se cumple el \u00a0presupuesto \u00a0relativo \u00a0a \u00a0la \u00a0doble \u00a0incriminaci\u00f3n \u00a0para extraditar, pues en la \u00a0legislaci\u00f3n \u00a0 penal \u00a0 colombiana \u00a0 tales \u00a0comportamientos \u00a0tambi\u00e9n \u00a0se \u00a0hallan \u00a0definidos \u00a0como \u00a0delito, \u00a0y \u00a0por \u00a0su realizaci\u00f3n prev\u00e9 pena m\u00ednima superior a \u00a0cuatro a\u00f1os de prisi\u00f3n. \u00a0\u00a0<\/p>\n<p>Cabe \u00a0 destacar \u00a0 que \u00a0 las \u00a0 conductas \u00a0imputadas,\u00a0 \u00a0dicen \u00a0relaci\u00f3n \u00a0con \u00a0delitos \u00a0de concierto para lavar \u00a0 dinero, \u00a0 no \u00a0\u00fanicamente \u00a0la \u00a0participaci\u00f3n \u00a0en \u00a0un \u00a0acto \u00a0il\u00edcito \u00a0determinado, \u00a0por medio de llevar a cabo \u00a0varios \u00a0actos \u00a0diferenciados \u00a0en circunstancias de modo, lugar y tiempo, como se \u00a0destaca \u00a0en \u00a0la acusaci\u00f3n proferida y en las declaraciones juradas rendidas por \u00a0el Fiscal asistente y el \u00a0Agente Especial. \u00a0\u00a0<\/p>\n<p>De \u00a0manera \u00a0que la imputaci\u00f3n no consiste \u00a0simplemente \u00a0en atribuirle coparticipaci\u00f3n criminal en un solo hecho delictivo, \u00a0sino \u00a0que \u00a0se \u00a0funda \u00a0en \u00a0el \u00a0acuerdo de personas asociadas en la preparaci\u00f3n y \u00a0ejecuci\u00f3n \u00a0de programas para llevar a cabo una pluralidad de punibles en cuanto \u00a0planes \u00a0criminales \u00a0relacionados \u00a0con \u00a0el \u00a0lavado de \u00a0dinero \u00a0 procedente \u00a0 del \u00a0 tr\u00e1fico \u00a0de \u00a0sustancias \u00a0estupefacientes, \u00a0que \u00a0es \u00a0precisamente \u00a0lo \u00a0que \u00a0otorga \u00a0autonom\u00eda \u00a0al tipo de \u00a0concierto \u00a0 para \u00a0 delinquir \u00a0 en \u00a0 tales \u00a0 delitos. \u00a0\u00a0<\/p>\n<p>Se \u00a0satisface, \u00a0por \u00a0tanto, el requisito en \u00a0menci\u00f3n.\u00a0 \u00a0\u00a0<\/p>\n<p>5.- EQUIVALENCIA \u00a0DE \u00a0LA \u00a0PROVIDENCIA PROFERIDA EN EL EXTRANJERO.\u00a0 \u00a0\u00a0<\/p>\n<p>El art\u00edculo 493-2 del C.P.P. de 2004\u00a0 \u00a0establece \u00a0como \u00a0presupuesto \u00a0de \u00a0procedencia \u00a0de \u00a0la \u00a0extradici\u00f3n \u201cque \u00a0por lo menos se haya dictado en el exterior resoluci\u00f3n de \u00a0acusaci\u00f3n o su equivalente\u201d. \u00a0\u00a0<\/p>\n<p>Considera \u00a0la \u00a0Corte \u00a0que\u00a0 \u00a0la\u00a0 \u00a0acusaci\u00f3n\u00a0 \u00a0No.\u00a0 \u00a011\u00a0 CR 10187 \u00a0 \u00a0 \u00a0 \u00a0 \u00a0 (PBS), \u00a0dictada \u00a0 \u00a0el\u00a0 \u00a0 \u00a012 \u00a0 \u00a0de \u00a0 mayo \u00a0de 2011 por la Corte Distrital de los \u00a0Estados \u00a0 \u00a0 \u00a0 \u00a0 Unidos \u00a0 \u00a0 \u00a0 \u00a0para \u00a0 \u00a0 \u00a0 \u00a0el \u00a0 \u00a0 \u00a0 \u00a0Distrito \u00a0 \u00a0 \u00a0 \u00a0Massachusetts, \u00a0 \u00a0en \u00a0 \u00a0contra \u00a0 del \u00a0se\u00f1or \u00a0 \u00a0WYLLSYEN \u00a0 \u00a0M\u00c1RQUEZ \u00a0 G\u00d3MEZ, \u00a0y \u00a0con \u00a0fundamento \u00a0en \u00a0la \u00a0cual \u00a0se \u00a0solicita su extradici\u00f3n, \u00a0corresponde \u00a0a \u00a0la \u00a0resoluci\u00f3n \u00a0acusatoria \u00a0en \u00a0la \u00a0legislaci\u00f3n \u00a0colombiana, \u00a0pues \u00a0adem\u00e1s \u00a0de que con \u00a0dicho \u00a0acto \u00a0procesal \u00a0la \u00a0actuaci\u00f3n subsiguiente no es otra distinta al juicio \u00a0oral \u00a0que \u00a0finaliza con el respectivo fallo de m\u00e9rito, como aqu\u00ed sucede, desde \u00a0el \u00a0punto \u00a0de \u00a0vista \u00a0formal \u00a0es \u00a0espec\u00edfica \u00a0en se\u00f1alar el lugar y la fecha o \u00a0\u00e9poca \u00a0en \u00a0que \u00a0ocurrieron \u00a0los \u00a0hechos, \u00a0los \u00a0nombres \u00a0de los part\u00edcipes y la \u00a0calificaci\u00f3n \u00a0 jur\u00eddica \u00a0 de \u00a0la \u00a0conducta, \u00a0con \u00a0lo \u00a0cual \u00a0se \u00a0satisfacen \u00a0en \u00a0suficiencia los aspectos f\u00e1cticos y jur\u00eddicos de la imputaci\u00f3n. \u00a0\u00a0<\/p>\n<p>Adem\u00e1s, \u00a0en \u00a0la \u00a0documentaci\u00f3n anexa que \u00a0sirve \u00a0de \u00a0apoyo a la solicitud de extradici\u00f3n no s\u00f3lo se indica el nombre del \u00a0acusado, \u00a0sino \u00a0los \u00a0lugares \u00a0y \u00a0fechas \u00a0o \u00a0\u00e9pocas \u00a0en que sucedieron los actos \u00a0determinantes de los delitos imputados. \u00a0\u00a0<\/p>\n<p>Si \u00a0a \u00a0ello \u00a0se agrega que la legislaci\u00f3n \u00a0procesal \u00a0de \u00a0los \u00a0Estados \u00a0Unidos \u00a0de \u00a0Am\u00e9rica \u00a0se estructura sobre el sistema \u00a0acusatorio, \u00a0y \u00a0que el proyecto de acusaci\u00f3n lo presenta el fiscal y lo aprueba \u00a0el \u00a0gran \u00a0jurado \u00a0despu\u00e9s \u00a0de examinar la evidencia allegada por aqu\u00e9l, que en \u00a0\u00e9ste \u00a0la \u00a0acusaci\u00f3n \u00a0es \u00a0un escrito que contiene un pliego de cargos formulado \u00a0por \u00a0la \u00a0Fiscal\u00eda \u00a0en \u00a0contra \u00a0del \u00a0procesado \u00a0para que se defienda de ellos en \u00a0juicio, \u00a0que \u00a0incluye \u00a0la \u00a0individualizaci\u00f3n del acusado, una relaci\u00f3n clara y \u00a0sucinta \u00a0de \u00a0los hechos jur\u00eddicamente relevantes -esto es\u00a0 la descripci\u00f3n \u00a0de \u00a0la \u00a0conducta \u00a0t\u00edpica \u00a0imputada, con las circunstancias que la especifican y \u00a0las \u00a0disposiciones \u00a0sustanciales \u00a0realizadas, \u00a0as\u00ed \u00a0como \u00a0el lugar y la fecha o \u00a0\u00e9poca \u00a0de \u00a0su ocurrencia-, es evidente que la persona reclamada en extradici\u00f3n \u00a0en \u00a0este \u00a0caso, \u00a0ha \u00a0sido \u00a0acusada \u00a0y \u00a0llamada \u00a0a \u00a0responder \u00a0en \u00a0juicio por las \u00a0autoridades \u00a0 \u00a0 \u00a0 \u00a0 \u00a0de \u00a0 \u00a0 \u00a0 \u00a0 \u00a0los \u00a0 \u00a0 \u00a0 \u00a0 \u00a0Estados \u00a0 \u00a0 \u00a0 \u00a0 \u00a0Unidos \u00a0 \u00a0 \u00a0 \u00a0 de \u00a0Am\u00e9rica.\u00a0\u00a0\u00a0\u00a0\u00a0\u00a0\u00a0\u00a0\u00a0\u00a0 \u00a0\u00a0<\/p>\n<p>En \u00a0 consecuencia, \u00a0la \u00a0Corte \u00a0encuentra \u00a0superado \u00a0el \u00a0requisito \u00a0en menci\u00f3n, m\u00e1xime si lo que la ley dom\u00e9stica exige, \u00a0es \u00a0 \u201cequivalencia\u201d \u00a0entre \u00a0 \u00a0 las \u00a0 \u00a0 dos \u00a0 \u00a0 piezas \u00a0 \u00a0 procesales, \u00a0 \u00a0mas \u00a0 \u00a0no \u00a0 \u00a0\u201cidentidad\u201d \u00a0 absoluta \u00a0 entre \u00a0 el \u00a0indictment \u00a0del \u00a0sistema \u00a0procesal \u00a0de \u00a0los \u00a0Estados \u00a0Unidos y la resoluci\u00f3n de \u00a0acusaci\u00f3n \u00a0 \u00a0a \u00a0 \u00a0que \u00a0 \u00a0se \u00a0 \u00a0alude \u00a0 \u00a0en \u00a0 \u00a0el \u00a0 modelo \u00a0 de \u00a0 enjuiciamiento \u00a0colombiano. \u00a0\u00a0<\/p>\n<p>6.-\u00a0 \u00a0 \u00a0 \u00a0 Causas \u00a0 \u00a0 \u00a0 de \u00a0improcedencia. \u00a0\u00a0<\/p>\n<p>La \u00a0Constituci\u00f3n \u00a0Nacional \u00a0proh\u00edbe \u00a0la \u00a0extradici\u00f3n \u00a0 en \u00a0 los \u00a0siguientes \u00a0casos, \u00a0(i) \u00a0cuando \u00a0el \u00a0delito \u00a0objeto \u00a0de \u00a0investigaci\u00f3n \u00a0o juzgamiento es de naturaleza pol\u00edtica, (ii) cuando los hechos \u00a0que \u00a0motivan \u00a0la \u00a0solicitud fueron cometidos con anterioridad al 17 de diciembre \u00a0de \u00a01997, \u00a0y (iii) cuando el solicitado es natural colombiano y el delito que se \u00a0le \u00a0imputa \u00a0ha sido cometido en territorio nacional9. \u00a0 Complementariamente \u00a0 la \u00a0Corte \u00a0ha \u00a0venido \u00a0sosteniendo \u00a0que \u00a0tampoco \u00a0procede \u00a0cuando el caso ya ha sido \u00a0juzgado \u00a0en \u00a0Colombia mediante decisi\u00f3n que haya hecho tr\u00e1nsito a cosa juzgada \u00a0con \u00a0 \u00a0anterioridad \u00a0 \u00a0a \u00a0 \u00a0la \u00a0 \u00a0solicitud \u00a0 \u00a0de \u00a0 \u00a0captura \u00a0 \u00a0con \u00a0 fines \u00a0 de \u00a0extradici\u00f3n. \u00a0\u00a0<\/p>\n<p>Ninguna \u00a0de estas prohibiciones se presenta \u00a0en \u00a0el \u00a0caso \u00a0analizado. \u00a0Los \u00a0delitos \u00a0de \u00a0asociaci\u00f3n \u00a0delictiva \u00a0para cometer \u00a0il\u00edcitos \u00a0 de \u00a0 lavado \u00a0 de \u00a0 activos, \u00a0 \u00a0 as\u00ed \u00a0 \u00a0como \u00a0 \u00a0la \u00a0 \u00a0efectiva \u00a0 \u00a0realizaci\u00f3n \u00a0 \u00a0de \u00a0 \u00a0estas \u00a0conductas, \u00a0que \u00a0la \u00a0Corte \u00a0Distrital de los Estados \u00a0Unidos \u00a0para \u00a0el \u00a0Distrito \u00a0Massachusetts \u00a0 le \u00a0 imputa \u00a0 a \u00a0WYLLSYEN \u00a0M\u00c1RQUEZ \u00a0G\u00d3MEZ, \u00a0son \u00a0de \u00a0naturaleza com\u00fan, no pol\u00edtica, y \u00a0los \u00a0actos \u00a0manifiestos a que se alude en la documentaci\u00f3n anexa a la solicitud \u00a0ocurrieron \u00a0con \u00a0posterioridad al 17 de diciembre de 1997, es decir a la entrada \u00a0en \u00a0vigencia \u00a0del \u00a0Acto \u00a0Legislativo No. 01 de ese a\u00f1o, seg\u00fan se establece del \u00a0contenido de la solicitud y los testimonios de apoyo. \u00a0\u00a0<\/p>\n<p>El lugar de comisi\u00f3n del delito tampoco se \u00a0erige \u00a0en factor de improcedencia de la extradici\u00f3n, porque la acusaci\u00f3n y las \u00a0declaraciones \u00a0 \u00a0 de \u00a0 \u00a0 soporte \u00a0 \u00a0permiten \u00a0 \u00a0constatar \u00a0 \u00a0que \u00a0 \u00a0WYLLSYEN \u00a0M\u00c1RQUEZ \u00a0G\u00d3MEZ hac\u00eda \u00a0 parte \u00a0 de \u00a0 una \u00a0 organizaci\u00f3n \u00a0 criminal \u00a0\u201ccon \u00a0 sede \u00a0 en \u00a0Medell\u00edn \u00a0y \u00a0C\u00facuta, \u00a0Colombia, \u00a0y \u00a0Caracas, \u00a0Venezuela, \u00a0 que \u00a0 lavaba \u00a0 decenas \u00a0 de \u00a0millones \u00a0de \u00a0d\u00f3lares \u00a0de \u00a0utilidades \u00a0provenientes \u00a0de \u00a0los narc\u00f3ticos a trav\u00e9s de bancos de los Estados unidos para \u00a0regresarlas \u00a0a Colombia\u201d, de acuerdo al resumen que \u00a0se hizo de los hechos del caso. \u00a0\u00a0<\/p>\n<p>Esta \u00a0rese\u00f1a deja en claro, como ya hab\u00eda \u00a0sido \u00a0advertido, \u00a0que \u00a0los \u00a0hechos \u00a0por \u00a0los \u00a0cuales \u00a0se \u00a0acusa \u00a0a \u00a0WYLLSYEN \u00a0M\u00c1RQUEZ \u00a0G\u00d3MEZ trascendieron \u00a0las \u00a0fronteras \u00a0del \u00a0territorio \u00a0patrio, \u00a0y \u00a0que se \u00a0cumple, \u00a0por \u00a0tanto, \u00a0el \u00a0condicionamiento \u00a0constitucional consistente en que la \u00a0conducta \u00a0haya \u00a0sido realizada total o parcialmente en el extranjero, cualquiera \u00a0sea \u00a0la \u00a0teor\u00eda \u00a0que \u00a0se \u00a0aplique \u00a0para \u00a0determinar \u00a0el \u00a0lugar de comisi\u00f3n del \u00a0il\u00edcito (de la acci\u00f3n, del resultado o de la ubicuidad). \u00a0\u00a0<\/p>\n<p>7.- \u00a0 \u00a0EL \u00a0CONCEPTO. \u00a0\u00a0<\/p>\n<p>La \u00a0Corte \u00a0es del criterio que el Gobierno \u00a0Colombiano \u00a0 \u00a0puede \u00a0 \u00a0extraditar \u00a0 \u00a0al \u00a0 \u00a0ciudadano \u00a0 colombiano \u00a0 WYLLSYEN \u00a0M\u00c1RQUEZ \u00a0G\u00d3MEZ \u00a0por raz\u00f3n \u00a0del \u00a0CARGO UNO \u00a0de \u00a0la \u00a0acusaci\u00f3n\u00a0 a que se contrae la solicitud. Esto es, \u00a0por \u00a0 \u00a0 el \u00a0 \u00a0delito \u00a0de \u00a0 \u201cConcierto \u00a0para \u00a0realizar \u00a0 e \u00a0 intentar \u00a0 realizar, \u00a0 transacciones \u00a0financieras, \u00a0las \u00a0cuales \u00a0involucraban las utilidades provenientes del tr\u00e1fico \u00a0de narc\u00f3ticos\u201d. \u00a0\u00a0<\/p>\n<p>Este \u00a0 cargo \u00a0 aparece \u00a0 incluido \u00a0en \u00a0la \u00a0acusaci\u00f3n\u00a0 \u00a0No.\u00a0 \u00a011CR \u00a010187 \u00a0 \u00a0 \u00a0 \u00a0 \u00a0 \u00a0(PBS), \u00a0 dictada \u00a0 el\u00a0 \u00a012 \u00a0 de \u00a0 mayo \u00a0 de \u00a02011 \u00a0por \u00a0la \u00a0Corte \u00a0Distrital de los Estados Unidos para el Distrito \u00a0Massachusetts, \u00a0conforme \u00a0lo \u00a0solicita \u00a0el \u00a0Gobierno \u00a0de \u00a0dicho \u00a0pa\u00eds, \u00a0pues se satisfacen los requisitos \u00a0preestablecidos a estos efectos, como viene de demostrarse. \u00a0\u00a0<\/p>\n<p>Es \u00a0de \u00a0anotar \u00a0que \u00a0en \u00a0los \u00a0CARGOS \u00a0 DOS, \u00a0TRES, \u00a0CUATRO, \u00a0CINCO, \u00a0SEIS, \u00a0SIETE, \u00a0OCHO, \u00a0NUEVE, \u00a0DIEZ, \u00a0ONCE, \u00a0DOCE, \u00a0TRECE, \u00a0CATORCE, \u00a0QUINCE \u00a0Y \u00a0DIECIS\u00c9IS,\u00a0 \u00a0no \u00a0se \u00a0menciona \u00a0a \u00a0WYLLSYEN \u00a0M\u00c1RQUEZ \u00a0G\u00d3MEZ como acusado \u00a0ni \u00a0respecto \u00a0de \u00a0ellos \u00a0se \u00a0formula la solicitud de extradici\u00f3n, raz\u00f3n por la \u00a0cual \u00a0la \u00a0Corte \u00a0se \u00a0abstiene de emitir pronunciamiento \u00a0alguno \u00a0en \u00a0relaci\u00f3n \u00a0con dichas imputaciones. \u00a0\u00a0<\/p>\n<p>\u00a0\u00a0 \u00a0<\/p>\n<p>6.1.- Aclaraci\u00f3n \u00a0final.- \u00a0\u00a0<\/p>\n<p>Resulta \u00a0pertinente \u00a0advertir, \u00a0finalmente, \u00a0que \u00a0ata\u00f1e al Gobierno Nacional, si en ejercicio de \u00a0su \u00a0competencia \u00a0lo \u00a0estima, \u00a0subordinar \u00a0la concesi\u00f3n de la extradici\u00f3n a las \u00a0condiciones \u00a0que \u00a0considere \u00a0oportunas, \u00a0exigiendo \u00a0en todo caso, que la persona \u00a0solicitada \u00a0no \u00a0vaya \u00a0a ser juzgada por un hecho anterior diverso del que motiva \u00a0la \u00a0extradici\u00f3n, \u00a0ni \u00a0sometida \u00a0a \u00a0desaparici\u00f3n forzada, a torturas ni penas o \u00a0tratos \u00a0crueles \u00a0inhumanos \u00a0o degradantes, ni a las penas de destierro, prisi\u00f3n \u00a0perpetua \u00a0o \u00a0confiscaci\u00f3n, \u00a0o \u00a0a \u00a0sanciones distintas de las que se le hubieren \u00a0impuesto \u00a0en \u00a0la condena, y si la legislaci\u00f3n del Estado requirente pena con la \u00a0muerte \u00a0el \u00a0injusto \u00a0que \u00a0motiva \u00a0la \u00a0extradici\u00f3n, \u00a0la entrega se har\u00e1 bajo la \u00a0condici\u00f3n \u00a0de \u00a0que \u00a0tal \u00a0pena \u00a0sea \u00a0conmutada, \u00a0atendiendo lo contemplado en el \u00a0art\u00edculo 494 del C.P.P. de 2004. \u00a0\u00a0<\/p>\n<p>De \u00a0 igual \u00a0 modo, \u00a0 la \u00a0Corte \u00a0considera \u00a0necesario \u00a0precisar, \u00a0en \u00a0orden \u00a0a \u00a0resguardar \u00a0los \u00a0derechos \u00a0fundamentales \u00a0del \u00a0requerido, \u00a0que \u00a0-si el \u00a0Gobierno \u00a0Nacional \u00a0lo \u00a0considera \u00a0pertinente-, \u00a0el \u00a0Estado \u00a0requirente \u00a0deber\u00e1 \u00a0garantizar \u00a0la \u00a0permanencia \u00a0en \u00a0el \u00a0pa\u00eds \u00a0extranjero \u00a0y \u00a0su \u00a0repatriaci\u00f3n \u00a0en \u00a0condiciones \u00a0de \u00a0dignidad y respeto por la persona humana, cuando el extraditado \u00a0llegare \u00a0a \u00a0ser \u00a0sobrese\u00eddo, \u00a0absuelto, \u00a0declarado \u00a0no culpable o su situaci\u00f3n \u00a0jur\u00eddica \u00a0 resuelta \u00a0 definitivamente \u00a0 de \u00a0 manera \u00a0 semejante, \u00a0 incluso \u00a0con \u00a0posterioridad \u00a0a su liberaci\u00f3n por haber cumplido la pena que le fuere impuesta \u00a0en \u00a0la sentencia de condena, por raz\u00f3n de los cargos que motivaron la solicitud \u00a0de \u00a0extradici\u00f3n \u00a0y \u00a0por \u00a0los \u00a0cuales \u00a0\u00e9sta hubiere sido concedida.\u00a0\u00a0 \u00a0\u00a0<\/p>\n<p>As\u00ed \u00a0 mismo, \u00a0 al \u00a0Gobierno \u00a0Nacional \u00a0le \u00a0corresponde \u00a0condicionar \u00a0la entrega a que el pa\u00eds reclamante, de acuerdo \u00a0con \u00a0sus \u00a0pol\u00edticas internas sobre la materia, le ofrezca \u00a0posibilidades \u00a0racionales \u00a0y \u00a0reales \u00a0para que el requerido pueda tener contacto \u00a0regular \u00a0con \u00a0sus \u00a0familiares m\u00e1s cercanos, considerando que el art\u00edculo 42 de \u00a0la \u00a0Constituci\u00f3n \u00a0Pol\u00edtica \u00a0reconoce \u00a0a la familia como n\u00facleo esencial de la \u00a0sociedad, \u00a0garantiza \u00a0su protecci\u00f3n, y establece la inviolabilidad de su honra, \u00a0dignidad \u00a0e \u00a0intimidad, lo cual se refuerza con la protecci\u00f3n que a ese n\u00facleo \u00a0tambi\u00e9n \u00a0prodigan \u00a0la Convenci\u00f3n Americana de Derechos Humanos en su art\u00edculo \u00a017 \u00a0 y \u00a0 el \u00a0 Pacto \u00a0Internacional \u00a0de \u00a0Derechos \u00a0Civiles \u00a0y \u00a0Pol\u00edticos \u00a0en \u00a0el \u00a023. \u00a0\u00a0<\/p>\n<p>Adem\u00e1s, \u00a0conforme \u00a0precis\u00f3 la Corte en el \u00a0concepto \u00a0del \u00a015 \u00a0de \u00a0mayo \u00a0de \u00a02004 \u00a0(Rad. \u00a029024), \u00a0como \u00a0el \u00a0mecanismo de la \u00a0extradici\u00f3n \u00a0entre \u00a0Estados \u00a0Unidos de Am\u00e9rica y Colombia se rige, en ausencia \u00a0de \u00a0un \u00a0instrumento internacional que la\u00a0 regule, por las normas contenidas \u00a0en \u00a0 \u00a0la \u00a0 \u00a0Constituci\u00f3n \u00a0 \u00a0Pol\u00edtica \u00a0 (art\u00edculo \u00a035) \u00a0 y \u00a0 en \u00a0 el \u00a0C\u00f3digo \u00a0de \u00a0Procedimiento \u00a0Penal \u00a0(art\u00edculos \u00a0 490 \u00a0 a \u00a0 514 \u00a0 de \u00a0 la \u00a0Ley \u00a0906 \u00a0de \u00a02004), el Gobierno Nacional debe hacer las exigencias \u00a0que \u00a0estime convenientes en orden a que en el Estado reclamante se le reconozcan \u00a0todos \u00a0los \u00a0derechos \u00a0y \u00a0garant\u00edas \u00a0inherentes \u00a0a la persona del solicitado, en \u00a0especial \u00a0las \u00a0contenidas \u00a0en \u00a0la Carta Fundamental y en el denominado Bloque de \u00a0Constitucionalidad, \u00a0es decir, en aquellos convenios internacionales ratificados \u00a0por \u00a0 Colombia \u00a0 que \u00a0consagran \u00a0y \u00a0desarrollan \u00a0derechos \u00a0humanos \u00a0(art\u00edculo \u00a093 \u00a0de \u00a0la \u00a0Constituci\u00f3n, \u00a0Declaraci\u00f3n \u00a0Universal de \u00a0Derechos \u00a0 Humanos, \u00a0 Convenci\u00f3n \u00a0 Americana \u00a0 de \u00a0 Derechos \u00a0 Humanos, \u00a0 Pacto \u00a0Internacional \u00a0de \u00a0Derechos \u00a0Civiles y Pol\u00edticos), en \u00a0virtud \u00a0del \u00a0deber de protecci\u00f3n a esos derechos que para todas las autoridades \u00a0p\u00fablicas \u00a0 emana \u00a0 del \u00a0 art\u00edculo \u00a0 2\u00ba \u00a0 ib\u00eddem10. \u00a0\u00a0<\/p>\n<p>Asimismo, \u00a0el \u00a0Gobierno \u00a0Nacional \u00a0ha \u00a0de \u00a0advertir \u00a0a \u00a0su \u00a0hom\u00f3logo \u00a0del \u00a0Estado requirente, que en el presente evento la \u00a0persona \u00a0solicitada \u00a0en \u00a0extradici\u00f3n \u00a0ha \u00a0permanecido privada de la libertad en \u00a0detenci\u00f3n preventiva por raz\u00f3n de\u00a0 este tr\u00e1mite. \u00a0\u00a0<\/p>\n<p>Adem\u00e1s, la Sala ha de indicar que en virtud \u00a0de \u00a0lo \u00a0dispuesto \u00a0por \u00a0el \u00a0numeral \u00a02\u00ba \u00a0del \u00a0art\u00edculo 189 de la Constituci\u00f3n \u00a0Pol\u00edtica, \u00a0le corresponde al Gobierno, encabezado por el se\u00f1or Presidente como \u00a0supremo \u00a0director \u00a0de la pol\u00edtica exterior y de las relaciones internacionales, \u00a0realizar \u00a0el respectivo seguimiento a los condicionamientos que se impongan a la \u00a0concesi\u00f3n \u00a0de la extradici\u00f3n y determinar las consecuencias que se derivar\u00edan \u00a0de su eventual incumplimiento. \u00a0\u00a0<\/p>\n<p>En \u00a0m\u00e9rito \u00a0de \u00a0lo \u00a0expuesto \u00a0y \u00a0con \u00a0las \u00a0precisiones \u00a0consignadas, LA CORTE SUPREMA DE JUSTICIA, SALA DE CASACI\u00d3N PENAL, \u00a0\u00a0<\/p>\n<p>CONCEPT\u00daA \u00a0 FAVORABLEMENTE \u00a0 a \u00a0 la \u00a0 extradici\u00f3n \u00a0 del \u00a0 ciudadano \u00a0colombiano \u00a0WYLLSYEN M\u00c1RQUEZ G\u00d3MEZ, \u00a0solicitada \u00a0al \u00a0Gobierno \u00a0de \u00a0Colombia \u00a0por su hom\u00f3logo de los \u00a0Estados \u00a0Unidos \u00a0de \u00a0Am\u00e9rica, \u00a0por \u00a0raz\u00f3n del CARGO \u00a0UNO, a que se contrae la \u00a0solicitud, \u00a0contenido \u00a0en \u00a0la\u00a0 acusaci\u00f3n No. 11 \u00a0CR \u00a010187 \u00a0(PBS), \u00a0dictada \u00a0el\u00a0 \u00a012 de \u00a0mayo de 2011 por la Corte \u00a0Distrital \u00a0 \u00a0de \u00a0 \u00a0los \u00a0 \u00a0Estados \u00a0 Unidos \u00a0 para \u00a0 el \u00a0 Distrito \u00a0 Massachusetts. \u00a0\u00a0<\/p>\n<p>Por la Secretar\u00eda de la Sala, comun\u00edquese \u00a0esta \u00a0determinaci\u00f3n \u00a0al \u00a0requerido \u00a0se\u00f1or \u00a0WYLLSYEN \u00a0M\u00c1RQUEZ \u00a0 G\u00d3MEZ, \u00a0 a \u00a0 su \u00a0defensor \u00a0de \u00a0confianza, al Ministerio P\u00fablico y \u00a0a \u00a0la \u00a0Fiscal \u00a0General \u00a0de \u00a0la \u00a0Naci\u00f3n \u00a0para lo de su cargo en relaci\u00f3n con la \u00a0persona detenida preventivamente con fines de extradici\u00f3n. \u00a0\u00a0<\/p>\n<p>Devu\u00e9lvase \u00a0el expediente al Ministerio del \u00a0Interior y de Justicia para los tr\u00e1mites subsiguientes de ley. \u00a0\u00a0<\/p>\n<p>JAVIER DE JES\u00daS ZAPATA ORTIZ \u00a0<\/p>\n<p>JOS\u00c9 \u00a0 \u00a0 \u00a0 LUIS \u00a0 \u00a0 \u00a0 BARCEL\u00d3 \u00a0CAMACHO\u00a0\u00a0\u00a0\u00a0\u00a0\u00a0\u00a0\u00a0\u00a0\u00a0\u00a0\u00a0\u00a0\u00a0\u00a0\u00a0\u00a0\u00a0\u00a0\u00a0\u00a0\u00a0 \u00a0JOS\u00c9 LEONIDAS BUSTOS MART\u00cdNEZ \u00a0\u00a0<\/p>\n<p>FERNANDO \u00a0 \u00a0 \u00a0ALBERTO \u00a0 \u00a0 \u00a0CASTRO \u00a0CABALLERO\u00a0\u00a0\u00a0\u00a0\u00a0\u00a0\u00a0\u00a0\u00a0\u00a0\u00a0\u00a0\u00a0\u00a0\u00a0\u00a0 \u00a0SIGIFREDO ESPINOSA P\u00c9REZ \u00a0\u00a0<\/p>\n<p>MAR\u00cdA \u00a0 \u00a0DEL \u00a0 \u00a0ROSARIO \u00a0 \u00a0GONZ\u00c1LEZ \u00a0MU\u00d1OZ\u00a0\u00a0\u00a0\u00a0\u00a0\u00a0\u00a0\u00a0\u00a0\u00a0\u00a0\u00a0\u00a0\u00a0\u00a0\u00a0\u00a0\u00a0\u00a0 \u00a0AUGUSTO J. IB\u00c1\u00d1EZ GUZM\u00c1N \u00a0\u00a0<\/p>\n<p>\u00a0\u00a0\u00a0\u00a0\u00a0\u00a0\u00a0\u00a0\u00a0\u00a0\u00a0\u00a0\u00a0\u00a0\u00a0\u00a0\u00a0\u00a0\u00a0\u00a0\u00a0\u00a0\u00a0\u00a0 \u00a0Aclara voto \u00a0\u00a0<\/p>\n<p>LUIS \u00a0 \u00a0 \u00a0GUILLERMO \u00a0 \u00a0 \u00a0SALAZAR \u00a0OTERO\u00a0\u00a0\u00a0\u00a0\u00a0\u00a0\u00a0\u00a0\u00a0\u00a0\u00a0\u00a0\u00a0\u00a0\u00a0\u00a0\u00a0 \u00a0JULIO ENRIQUE SOCHA SALAMANCA \u00a0\u00a0<\/p>\n<p>NUBIA YOLANDA NOVA GARC\u00cdA \u00a0<\/p>\n<p>Secretaria \u00a0<\/p>\n<p>\u00a0 \u00a0\u00a0<\/p>\n<p>1 Fls. \u00a020 y ss. carpeta anexa \u00a0\u00a0<\/p>\n<p>2 Ley \u00a01453 \u00a0de \u00a02011. Art\u00edculo 70. Extradici\u00f3n simplificada. La persona requerida en \u00a0extradici\u00f3n, \u00a0con \u00a0la \u00a0coadyuvancia \u00a0de \u00a0su \u00a0defensor y del Ministerio P\u00fablico \u00a0podr\u00e1 \u00a0renunciar \u00a0al \u00a0procedimiento previsto en este art\u00edculo y solicitar a la \u00a0Sala \u00a0 de \u00a0Casaci\u00f3n \u00a0Penal \u00a0de \u00a0la \u00a0Corte \u00a0Suprema \u00a0de \u00a0Justicia \u00a0de \u00a0plano \u00a0el \u00a0correspondiente \u00a0concepto, \u00a0a lo cual proceder\u00e1 dentro de los veinte (20) d\u00edas \u00a0siguientes si se cumplen los presupuestos para hacerlo.\u00a0 \u00a0\u00a0<\/p>\n<p>3 Fl. \u00a020 &#8211; 23 cno. Corte. \u00a0\u00a0<\/p>\n<p>4 Fls. \u00a032 y ss. cno. Corte \u00a0\u00a0<\/p>\n<p>5 Fls. \u00a086 anexo \u00a0\u00a0<\/p>\n<p>6 Fl. \u00a0209 y ss. anexo \u00a0\u00a0<\/p>\n<p>7 Fls. \u00a0191 y 192 anexo \u00a0\u00a0<\/p>\n<p>8 Fl. \u00a011 cno. Corte \u00a0\u00a0<\/p>\n<p>9 \u00a0Art\u00edculo \u00a035 \u00a0de la Constituci\u00f3n Nacional, modificado por el art\u00edculo 1\u00b0 del \u00a0Acto Legislativo 01 de 1997, y 114 del C\u00f3digo Penal. \u00a0\u00a0<\/p>\n<p>10 \u00a0As\u00ed, \u00a0con \u00a0arreglo \u00a0al \u00a0art\u00edculo 29 de la Carta; a los art\u00edculos 9 y 10 de la \u00a0Declaraci\u00f3n \u00a0 \u00a0 Universal \u00a0 \u00a0 de \u00a0 \u00a0 Derechos \u00a0 \u00a0 Humanos, \u00a0 \u00a0 5-3.6, \u00a0 \u00a07-2.5, \u00a08-1.2(a)(b)(c)(d)(e)(f)(g)(h).3.4.5, \u00a09 \u00a0de la Convenci\u00f3n Americana de Derechos \u00a0Humanos, \u00a09-2.3, \u00a010-1.2.3, 14-1.2.3,5, y 15 del Pacto Internacional de Derechos \u00a0Civiles \u00a0y \u00a0Pol\u00edticos, \u00a0el \u00a0Gobierno Nacional debe condicionar la entrega de un \u00a0compatriota, \u00a0si \u00a0concede \u00a0la \u00a0extradici\u00f3n, a que se le respeten al extraditado \u00a0\u2013como \u00a0a cualquier otro \u00a0nacional \u00a0 en \u00a0las \u00a0mismas \u00a0condiciones- \u00a0todas \u00a0las \u00a0garant\u00edas \u00a0debidas \u00a0a \u00a0su \u00a0condici\u00f3n \u00a0de \u00a0justiciable, \u00a0en \u00a0particular, \u00a0a \u00a0que \u00a0tenga acceso a un proceso \u00a0p\u00fablico \u00a0sin \u00a0dilaciones \u00a0injustificadas, \u00a0a que se presuma su inocencia, a que \u00a0cuente \u00a0con \u00a0un \u00a0int\u00e9rprete, a que tenga un defensor designado por \u00e9l o por el \u00a0Estado, \u00a0a \u00a0que \u00a0se le conceda el tiempo y los medios adecuados para que prepare \u00a0la \u00a0defensa, \u00a0a presentar pruebas y controvertir las que se aduzcan en contra, a \u00a0que \u00a0su \u00a0situaci\u00f3n \u00a0de \u00a0privaci\u00f3n \u00a0de la libertad se desarrolle en condiciones \u00a0dignas, \u00a0a que la eventual pena que se le imponga no trascienda de su persona, a \u00a0que \u00a0la \u00a0sanci\u00f3n \u00a0pueda \u00a0ser \u00a0apelada \u00a0ante un tribunal superior, a que la pena \u00a0privativa \u00a0de la libertad tenga la finalidad esencial de reforma y readaptaci\u00f3n \u00a0social. \u00a0 \u00a0\u00a0<\/p>\n<p><\/p>\n","protected":false},"excerpt":{"rendered":"<p>\u00a0 \u00a0 Proceso n\u00ba 37166 \u00a0 CORTE SUPREMA DE JUSTICIA \u00a0 SALA DE CASACI\u00d3N PENAL \u00a0 Aprobado \u00a0acta No. \u00a0390 \u00a0\u00a0 Magistrado Ponente: \u00a0 JOS\u00c9 LEONIDAS BUSTOS MART\u00cdNEZ \u00a0 Bogot\u00e1, D. C., dos \u00a0de noviembre de dos mil once. \u00a0\u00a0 Atendiendo \u00a0lo dispuesto por el art\u00edculo 70 \u00a0de \u00a0la \u00a0Ley 1453 de 2011, concept\u00faa la [&hellip;]<\/p>\n","protected":false},"author":1,"featured_media":0,"comment_status":"open","ping_status":"open","sticky":false,"template":"","format":"standard","meta":{"footnotes":""},"categories":[19],"tags":[],"class_list":["post-23093","post","type-post","status-publish","format-standard","hentry","category-19"],"_links":{"self":[{"href":"https:\/\/dmsjuridica.com\/buscador_20179478954\/salapenalcronologico20230723\/wp-json\/wp\/v2\/posts\/23093","targetHints":{"allow":["GET"]}}],"collection":[{"href":"https:\/\/dmsjuridica.com\/buscador_20179478954\/salapenalcronologico20230723\/wp-json\/wp\/v2\/posts"}],"about":[{"href":"https:\/\/dmsjuridica.com\/buscador_20179478954\/salapenalcronologico20230723\/wp-json\/wp\/v2\/types\/post"}],"author":[{"embeddable":true,"href":"https:\/\/dmsjuridica.com\/buscador_20179478954\/salapenalcronologico20230723\/wp-json\/wp\/v2\/users\/1"}],"replies":[{"embeddable":true,"href":"https:\/\/dmsjuridica.com\/buscador_20179478954\/salapenalcronologico20230723\/wp-json\/wp\/v2\/comments?post=23093"}],"version-history":[{"count":0,"href":"https:\/\/dmsjuridica.com\/buscador_20179478954\/salapenalcronologico20230723\/wp-json\/wp\/v2\/posts\/23093\/revisions"}],"wp:attachment":[{"href":"https:\/\/dmsjuridica.com\/buscador_20179478954\/salapenalcronologico20230723\/wp-json\/wp\/v2\/media?parent=23093"}],"wp:term":[{"taxonomy":"category","embeddable":true,"href":"https:\/\/dmsjuridica.com\/buscador_20179478954\/salapenalcronologico20230723\/wp-json\/wp\/v2\/categories?post=23093"},{"taxonomy":"post_tag","embeddable":true,"href":"https:\/\/dmsjuridica.com\/buscador_20179478954\/salapenalcronologico20230723\/wp-json\/wp\/v2\/tags?post=23093"}],"curies":[{"name":"wp","href":"https:\/\/api.w.org\/{rel}","templated":true}]}}