{"id":22988,"date":"2023-09-12T16:35:12","date_gmt":"2023-09-12T16:35:12","guid":{"rendered":"https:\/\/dmsjuridica.com\/buscador_20179478954\/salapenalcronologico20230723\/2023\/09\/12\/3696118-07-11\/"},"modified":"2023-09-12T16:35:12","modified_gmt":"2023-09-12T16:35:12","slug":"3696118-07-11","status":"publish","type":"post","link":"https:\/\/dmsjuridica.com\/buscador_20179478954\/salapenalcronologico20230723\/2023\/09\/12\/3696118-07-11\/","title":{"rendered":"36961(18-07-11)"},"content":{"rendered":"\n<p>\u00a0 \u00a0 \u00a0\u00a0<\/p>\n<p>Proceso 36961 \u00a0<\/p>\n<p>CORTE SUPREMA DE JUSTICIA \u00a0<\/p>\n<p>SALA DE CASACI\u00d3N PENAL \u00a0<\/p>\n<p>MAGISTRADO PONENTE \u00a0<\/p>\n<p>AUGUSTO J. IBA\u00d1EZ GUZMAN \u00a0<\/p>\n<p>Aprobado: Acta No. 242 \u00a0<\/p>\n<p>Bogot\u00e1. D.C., dieciocho (18) de julio de dos \u00a0mil once (2011) \u00a0\u00a0<\/p>\n<p>MOTIVO DE LA DECISI\u00d3N \u00a0<\/p>\n<p>La \u00a0Sala \u00a0se \u00a0pronuncia sobre la solicitud de \u00a0cambio \u00a0de \u00a0radicaci\u00f3n presentada por la Fiscal 11 Especializada ante la Unidad \u00a0Nacional \u00a0contra \u00a0Bandas \u00a0Criminales \u00a0Emergentes, Bacrim, sede Cartagena, dentro \u00a0del \u00a0proceso \u00a0que \u00a0se \u00a0adelanta \u00a0contra Margareth Rojas \u00a0Arciniegas \u00a0y \u00a0R\u00f3binson \u00a0Gil Recio, por los delitos de \u00a0homicidio \u00a0agravado, \u00a0en \u00a0concurso, \u00a0con \u00a0homicidio \u00a0agravado \u00a0en \u00a0el \u00a0grado \u00a0de \u00a0tentativa \u00a0 \u00a0y \u00a0 tr\u00e1fico, \u00a0 fabricaci\u00f3n \u00a0 y \u00a0 porte \u00a0 ilegal \u00a0 de \u00a0 armas \u00a0 de \u00a0fuego. \u00a0\u00a0<\/p>\n<p>HECHOS \u00a0<\/p>\n<p>1. \u00a0Seg\u00fan \u00a0se \u00a0desprende \u00a0del audio remitido \u00a0tuvieron \u00a0origen en la ciudad de San Andr\u00e9s, el 19 de enero de 2011 a las 13:30 \u00a0horas, \u00a0a \u00a0la \u00a0altura \u00a0del \u00a0Barrio \u00a0Canteras, momento en que los se\u00f1ores Nelson \u00a0Molina \u00a0y \u00a0Javier \u00a0Ojeda \u00a0Z\u00fa\u00f1iga \u00a0se \u00a0desplazaban \u00a0en \u00a0una moto, cuando fueron \u00a0atacados \u00a0por unos sujetos que les dispararon en repetidas ocasiones. Pese a que \u00a0intentaron \u00a0huir \u00a0de sus agresores, el primero de los nombrados fue ultimado, en \u00a0tanto \u00a0que \u00a0el \u00a0segundo \u00a0fue \u00a0trasladado \u00a0al Hospital Amor de Patria en donde le \u00a0salvaron la vida. \u00a0\u00a0<\/p>\n<p>Gracias \u00a0a \u00a0la colaboraci\u00f3n de la comunidad, \u00a0fueron \u00a0capturados \u00a0R\u00f3binson \u00a0Gil Recio, persona \u00a0que \u00a0identificaron \u00a0como \u00a0la \u00a0que \u00a0realiz\u00f3 \u00a0los disparos y \u00a0Margareth \u00a0Rojas \u00a0Arciniegas, \u00a0quien lo acompa\u00f1aba y portaba dos proveedores en su bolso. \u00a0\u00a0<\/p>\n<p>ACTUACION PROCESAL \u00a0<\/p>\n<p>1. En audiencia preliminar llevada a cabo ante \u00a0un \u00a0Juzgado \u00a0Municipal \u00a0con \u00a0Funci\u00f3n \u00a0de \u00a0Control \u00a0de \u00a0Garant\u00edas \u00a0de la ciudad \u00a0de\u00a0 \u00a0 \u00a0 \u00a0 \u00a0 \u00a0 \u00a0San \u00a0 \u00a0 \u00a0 \u00a0 \u00a0 \u00a0Andr\u00e9s1, la \u00a0fiscal\u00eda \u00a0formul\u00f3 imputaci\u00f3n a R\u00f3binson Gil Recio y \u00a0Margareth \u00a0 Rojas \u00a0 Arciniegas \u00a0por \u00a0los \u00a0delitos \u00a0de \u00a0homicidio \u00a0agravado \u00a0en \u00a0concurso \u00a0con \u00a0tr\u00e1fico, fabricaci\u00f3n y porte ilegal de \u00a0armas \u00a0de \u00a0fuego \u00a0y les impuso medida de aseguramiento consistente en detenci\u00f3n \u00a0preventiva. \u00a0Posteriormente \u00a0se \u00a0adicion\u00f3 \u00a0la \u00a0imputaci\u00f3n \u00a0por \u00a0el \u00a0delito \u00a0de \u00a0homicidio agravado en el grado de tentativa. \u00a0\u00a0<\/p>\n<p>2. \u00a0Presentado \u00a0el \u00a0escrito de acusaci\u00f3n, la \u00a0audiencia \u00a0 \u00a0 se \u00a0 \u00a0realiz\u00f3 \u00a0 \u00a0el \u00a0 \u00a07 \u00a0 \u00a0de \u00a0 \u00a0marzo \u00a0 \u00a0de \u00a0 \u00a02011, ante el Juez Primero Penal del Circuito \u00a0con \u00a0Funci\u00f3n \u00a0de Conocimiento de esa ciudad. Entre los d\u00edas 27 de abril y 3 de \u00a0mayo \u00a0de \u00a02011 \u00a0se \u00a0realiz\u00f3 \u00a0la audiencia preparatoria y se fij\u00f3 fecha para la \u00a0realizaci\u00f3n de la audiencia de juicio oral. \u00a0\u00a0<\/p>\n<p>3. El 13 de junio \u00a0de \u00a02011, \u00a0previo \u00a0al \u00a0inicio \u00a0del juicio, \u00a0la \u00a0Fiscal \u00a011 Especializada ante la Unidad Nacional contra Bandas \u00a0Criminales \u00a0 \u00a0 \u00a0Emergentes, \u00a0 \u00a0 Bacrim, \u00a0sede \u00a0Cartagena, solicit\u00f3 al Juez Primero Penal del Circuito con \u00a0Funci\u00f3n \u00a0de \u00a0Conocimiento \u00a0de \u00a0San Andr\u00e9s el cambio de radicaci\u00f3n2, \u00a0por \u00a0lo que \u00a0las \u00a0diligencias \u00a0fueron \u00a0remitidas \u00a0a la Sala Penal del Tribunal Superior de la \u00a0misma \u00a0sede, \u00a0autoridad \u00a0que al constatar que la petici\u00f3n persigue el cambio de \u00a0distrito \u00a0judicial, \u00a0mediante \u00a0decisi\u00f3n \u00a0del \u00a016 \u00a0de \u00a0junio de 2011, envi\u00f3 las \u00a0diligencias \u00a0a \u00a0esta Corporaci\u00f3n, en cumplimiento de lo reglado en el art\u00edculo \u00a032numeral 4 de la Ley 906 de 2004. \u00a0\u00a0<\/p>\n<p>LA SOLICITUD \u00a0<\/p>\n<p>La \u00a0Fiscal \u00a011 \u00a0Especializada ante la Unidad \u00a0Nacional \u00a0 contra \u00a0 bandas \u00a0Criminales \u00a0Emergentes, \u00a0Bacrim, \u00a0de \u00a0la \u00a0ciudad \u00a0de \u00a0Cartagena3, \u00a0invoca \u00a0el \u00a0cambio \u00a0de radicaci\u00f3n del proceso que se adelanta en \u00a0contra \u00a0de \u00a0R\u00f3binson \u00a0Gil \u00a0Recio \u00a0y \u00a0Margareth \u00a0Rojas \u00a0Arciniegas \u00a0ante el Juzgado Primero Penal del Circuito \u00a0de \u00a0San \u00a0Andr\u00e9s, \u00a0en \u00a0aras \u00a0de \u00a0preservar \u00a0la \u00a0administraci\u00f3n de justicia y la \u00a0seguridad \u00a0e \u00a0integridad \u00a0personal \u00a0de los testigos que intervienen.\u00a0 Estas \u00a0son las razones: \u00a0\u00a0<\/p>\n<p>1. Cuatro de los testigos han sido amenazados, \u00a0una \u00a0de aquellas, Erika Maria Pomare Barrios, se neg\u00f3 expresamente a comparecer \u00a0al juicio tras advertir que ello pone en peligro su vida. \u00a0\u00a0<\/p>\n<p>2. \u00a0El 5 de mayo de 2011, Mario Javier D\u00edaz, \u00a0igualmente \u00a0convocado al juicio fue objeto de un atentado contra su vida, suceso \u00a0en \u00a0el \u00a0que \u00a0perdi\u00f3 la vida en forma inmediata su abuelo Jes\u00fas Isa\u00edas Cort\u00e9s \u00a0Agudelo. \u00a0\u00a0<\/p>\n<p>3. \u00a0 \u00a0Dos \u00a0 \u00a0de \u00a0 \u00a0los \u00a0 \u00a0oficiales \u00a0 \u00a0de \u00a0polic\u00eda4 \u00a0quienes \u00a0protegieron \u00a0a \u00a0Margareth Rojas \u00a0Arciniegas cuando era perseguida el d\u00eda de los hechos \u00a0por \u00a0la \u00a0comunidad, \u00a0fueron \u00a0retirados \u00a0de la Instituci\u00f3n y en la actualidad se \u00a0encuentran \u00a0detenidos \u00a0por actos de corrupci\u00f3n y su compromiso en la ejecuci\u00f3n \u00a0de distintas conductas punibles. \u00a0\u00a0<\/p>\n<p>4. \u00a0En allanamiento realizado el 1 de febrero \u00a0de \u00a02011 \u00a0en \u00a0el \u00a0edificio \u00a0Jhony \u00a0Cay \u00a0de \u00a0la ciudad de San Andr\u00e9s, adem\u00e1s de \u00a0obtenerse \u00a0la \u00a0incautaci\u00f3n \u00a0de \u00a0dos \u00a0armas \u00a0de \u00a0fuego \u00a0y, \u00a0para los efectos que \u00a0interesan \u00a0al presente tr\u00e1mite, se hall\u00f3 un manuscrito donde se relacionan con \u00a0nombre \u00a0completo \u00a0y c\u00e9dula al occiso y varios de los testigos convocados por la \u00a0Fiscal\u00eda, \u00a0una \u00a0de \u00a0las cuales es la se\u00f1ora Erika Maria Pomare Barrios a quien \u00a0se\u00f1alan \u00a0 \u00a0 \u00a0 \u00a0 con \u00a0 \u00a0 \u00a0 \u00a0 una \u00a0 \u00a0 \u00a0 \u00a0 cruz5. \u00a0\u00a0<\/p>\n<p>5. Se encontr\u00f3 adem\u00e1s un segundo manuscrito \u00a0en \u00a0donde \u00a0se menciona \u201cPt \u00a0Gomez \u00a0salvo \u00a0a la mona\u201d en \u00a0una \u00a0clara \u00a0alusi\u00f3n \u00a0al \u00a0patrullero G\u00f3mez, oficial que acudi\u00f3 a proteger a la \u00a0procesada \u00a0el \u00a0d\u00eda de los hechos cuando la ciudadan\u00eda quer\u00eda agredirla, quien \u00a0posteriormente \u00a0 \u00a0fue \u00a0 \u00a0retirado \u00a0 \u00a0de \u00a0 \u00a0la \u00a0 \u00a0instituci\u00f3n \u00a0 por \u00a0 actos \u00a0 de \u00a0corrupci\u00f3n. \u00a0\u00a0<\/p>\n<p>6. \u00a0La \u00a0peticionaria \u00a0destaca que no s\u00f3lo se \u00a0est\u00e1 \u00a0en \u00a0presencia \u00a0de la afectaci\u00f3n del orden publico, sino que el grupo del \u00a0que \u00a0presuntamente hacen parte los procesados \u201ctiene \u00a0en \u00a0la \u00a0mira \u00a0a \u00a0cuatro \u00a0testigos \u00a0solicitados por la fiscal\u00eda, personas que de \u00a0alguna \u00a0manera \u00a0son \u00a0los \u00a0principales \u00a0pues \u00a0en sus entrevistas dadas a polic\u00eda \u00a0judicial \u00a0relatan circunstancias que antecedieron, concomitantes y subsiguientes \u00a0al \u00a0hecho, torn\u00e1ndose mas grave la situaci\u00f3n al intervenir miembros activos de \u00a0la \u00a0polic\u00eda \u00a0de vigilancia, que una vez retirados nuevamente llegaron a la Isla \u00a0para \u00a0 \u00a0 \u00a0 \u00a0continuar \u00a0 \u00a0 \u00a0 \u00a0sus \u00a0 \u00a0 \u00a0 acciones \u00a0 \u00a0 \u00a0 delictuales\u201d. \u00a0\u00a0<\/p>\n<p>7. \u00a0Anex\u00f3 \u00a0a \u00a0su \u00a0solicitud \u00a0copias \u00a0de \u00a0los \u00a0documentos que permiten corroborar lo alegado. \u00a0\u00a0<\/p>\n<p>CONSIDERACIONES \u00a0<\/p>\n<p>1. \u00a0La \u00a0Sala \u00a0Penal \u00a0de \u00a0la \u00a0Corte Suprema de \u00a0Justicia, \u00a0 es \u00a0 competente \u00a0para \u00a0decidir \u00a0sobre \u00a0la \u00a0solicitud \u00a0de \u00a0cambio \u00a0de \u00a0radicaci\u00f3n \u00a0de \u00a0procesos \u00a0penales, \u00a0de \u00a0un \u00a0distrito judicial a otro durante la \u00a0etapa \u00a0del juzgamiento, al tenor de lo dispuesto en el art\u00edculo 32 numeral 8 de \u00a0la Ley 906 de 2004 \u00a0\u00a0<\/p>\n<p>2. \u00a0La \u00a0figura \u00a0jur\u00eddica \u00a0opera en los casos \u00a0taxativamente \u00a0contemplados \u00a0en \u00a0el \u00a0art\u00edculo 46 ib\u00eddem, esto es, cuando en el \u00a0territorio \u00a0 donde \u00a0 se \u00a0 est\u00e9 \u00a0 adelantando \u00a0la \u00a0actuaci\u00f3n \u00a0procesal \u00a0existan \u00a0circunstancias \u00a0que \u00a0puedan \u00a0afectar \u00a0el \u00a0orden \u00a0p\u00fablico, la imparcialidad o la \u00a0independencia \u00a0de \u00a0la administraci\u00f3n de justicia, las garant\u00edas procesales, la \u00a0publicidad \u00a0 del \u00a0 juzgamiento, \u00a0la \u00a0seguridad \u00a0o \u00a0integridad \u00a0personal \u00a0de \u00a0los \u00a0intervinientes, \u00a0 en \u00a0 especial \u00a0 de \u00a0 las \u00a0 v\u00edctimas \u00a0 o \u00a0 de \u00a0los \u00a0servidores \u00a0p\u00fablicos. \u00a0\u00a0<\/p>\n<p>3. \u00a0Es \u00a0una medida de car\u00e1cter excepcional y \u00a0residual \u00a0a \u00a0la \u00a0que \u00a0se \u00a0acude \u00a0cuando \u00a0se demuestra que existen circunstancias \u00a0externas \u00a0con \u00a0capacidad \u00a0suficiente \u00a0para \u00a0alterar \u00a0el \u00a0normal \u00a0desarrollo \u00a0del \u00a0proceso. \u00a0 Su \u00a0 finalidad, \u00a0 es \u00a0 asegurar \u00a0 una \u00a0recta, \u00a0cumplida \u00a0y \u00a0eficiente \u00a0administraci\u00f3n \u00a0 de \u00a0 justicia, \u00a0al \u00a0no \u00a0existir \u00a0otros \u00a0mecanismos \u00a0jur\u00eddicos \u00a0distintos \u00a0que \u00a0permitan \u00a0neutralizar \u00a0las \u00a0causas \u00a0extra\u00f1as \u00a0que \u00a0se \u00a0invocan. \u00a0\u00a0<\/p>\n<p>4. \u00a0La \u00a0solicitud \u00a0ha \u00a0de \u00a0ser \u00a0debidamente \u00a0sustentada \u00a0y \u00a0a \u00a0ella \u00a0se acompa\u00f1ar\u00e1n los elementos cognoscitivos pertinentes \u00a0por \u00a0cualquiera \u00a0de \u00a0las \u00a0partes, el Ministerio P\u00fablico o el Gobierno Nacional, \u00a0ante \u00a0el \u00a0juez \u00a0que \u00a0est\u00e9 \u00a0conociendo \u00a0del proceso, quien informara al superior \u00a0competente para que decida. \u00a0\u00a0<\/p>\n<p>5. \u00a0Si \u00a0el \u00a0Tribunal \u00a0Superior \u00a0del \u00a0Distrito \u00a0Judicial \u00a0al \u00a0conocer del cambio de radicaci\u00f3n, estima conveniente que \u00e9ste se \u00a0haga \u00a0en otro distrito, la solicitud pasar\u00e1 a la Corte Suprema de Justicia para \u00a0que \u00a0resuelva. En este caso, si la Sala la encuentra procedente, podr\u00e1 se\u00f1alar \u00a0otro \u00a0distrito, \u00a0o escoger dentro del mismo, el sitio en donde debe continuar el \u00a0tr\u00e1mite. \u00a0\u00a0<\/p>\n<p>6. La se\u00f1ora Fiscal 11 Especializada ante la \u00a0Unidad \u00a0Nacional contra Bandas Criminales Emergentes, Bacrim, sede Cartagena, al \u00a0elevar \u00a0la \u00a0solicitud, \u00a0expone en debida forma las circunstancias que dificultan \u00a0continuar \u00a0el \u00a0tr\u00e1mite \u00a0del \u00a0juicio \u00a0en la ciudad de San Andr\u00e9s; el argumento: \u00a0\u201clos \u00a0procesados \u00a0al \u00a0parecer hacen parte del grupo \u00a0Los \u00a0Rastrojos\u201d que ha generado situaciones violentas \u00a0e \u00a0intimidatorias \u00a0que \u00a0fundan \u00a0un \u00a0explicable \u00a0temor \u00a0en los testigos que deben \u00a0concurrir al proceso. \u00a0\u00a0<\/p>\n<p>7. Para la Sala, la situaci\u00f3n de zozobra que \u00a0se \u00a0genera \u00a0es \u00a0incuestionable al punto que, al definir otra solicitud de cambio \u00a0de \u00a0radicaci\u00f3n \u00a0en relaci\u00f3n con la situaci\u00f3n de orden p\u00fablico y la seguridad \u00a0de los testigos se\u00f1al\u00f3: \u00a0\u00a0<\/p>\n<p>\u201c\u2026Aunque \u00a0en \u00a0principio \u00a0la \u00a0norma \u00a0que \u00a0regula \u00a0el \u00a0cambio de radicaci\u00f3n no consagra, por lo \u00a0menos \u00a0de \u00a0manera \u00a0expresa, \u00a0la \u00a0seguridad \u00a0de los testigos, y sobre el punto ha \u00a0dicho \u00a0la \u00a0jurisprudencia \u00a0que, \u00a0\u201clos \u00a0factores \u00a0de \u00a0seguridad \u00a0o de protecci\u00f3n a la integridad personal, como motivo para variar la \u00a0radicaci\u00f3n \u00a0de \u00a0un proceso, se encuentran exclusivamente referidos al sindicado \u00a0y \u00a0s\u00f3lo \u00a0para \u00a0cuando \u00a0ello \u00a0pueda afectar las garant\u00edas procesales que le son \u00a0inherentes6, \u00a0la Sala no pone hoy en tela de juicio \u00a0que \u00a0el \u00a0facilitar \u00a0la \u00a0participaci\u00f3n \u00a0de \u00a0los testigos en un proceso significa \u00a0defender \u00a0los \u00a0altos \u00a0intereses \u00a0de \u00a0la \u00a0justicia, \u00a0en \u00a0lo \u00a0que igualmente est\u00e1 \u00a0involucrado \u00a0 el \u00a0inter\u00e9s \u00a0p\u00fablico, \u00a0como \u00a0que \u00a0garantizar \u00a0esa \u00a0intervenci\u00f3n \u00a0fortalece \u00a0el adecuado juzgamiento de los ciudadanos7. \u00a0\u00a0<\/p>\n<p>8. \u00a0 \u00a0 \u00a0Las \u00a0 \u00a0 \u00a0particularidades \u00a0 \u00a0 \u00a0del \u00a0 \u00a0 \u00a0caso \u00a0 \u00a0 \u00a0\u2013de \u00a0extrema \u00a0gravedad- y su incidencia \u00a0negativa \u00a0para \u00a0las \u00a0garant\u00edas \u00a0procesales, as\u00ed como la seguridad e integridad \u00a0personal \u00a0de \u00a0los \u00a0llamados a declarar, obligan a concluir que resulta imperioso \u00a0exceptuar \u00a0las reglas de competencia, pues de mantenerlas se genera un \u00a0incremento del riesgo de quienes \u00a0intervienen \u00a0en \u00a0el \u00a0proceso \u00a0con \u00a0incidencia en el normal \u00a0desenvolvimiento, \u00a0 imparcialidad, \u00a0 transparencia \u00a0 e \u00a0 independencia \u00a0 de \u00a0 la \u00a0administraci\u00f3n \u00a0de \u00a0justicia, \u00a0que \u00a0hace \u00a0razonable \u00a0el \u00a0cambio \u00a0de radicaci\u00f3n \u00a0solicitado. \u00a0\u00a0<\/p>\n<p>En \u00a0criterio \u00a0de \u00a0la \u00a0Sala, \u00a0suficientemente \u00a0acreditados \u00a0 se \u00a0 encuentran \u00a0 los \u00a0 requisitos \u00a0para \u00a0alterar \u00a0las \u00a0reglas \u00a0de \u00a0competencia, \u00a0en \u00a0orden \u00a0a asegurar una recta, cumplida y eficaz administraci\u00f3n \u00a0de \u00a0justicia, por lo que se dispondr\u00e1 el cambio de radicaci\u00f3n de este proceso, \u00a0el \u00a0cual \u00a0ser\u00e1 \u00a0radicado \u00a0en \u00a0el \u00a0Distrito \u00a0Judicial \u00a0de \u00a0Cartagena. \u00a0Para \u00a0ese \u00a0efecto, \u00a0se \u00a0remitir\u00e1 \u00a0el \u00a0expediente \u00a0al \u00a0reparto \u00a0de \u00a0los \u00a0Jueces \u00a0Penales \u00a0del Circuito con funciones de \u00a0conocimiento de esta ciudad. \u00a0\u00a0<\/p>\n<p>En \u00a0m\u00e9rito \u00a0de \u00a0lo \u00a0expuesto, \u00a0la \u00a0Sala \u00a0de \u00a0Casaci\u00f3n Penal de la Corte Suprema de Justicia, \u00a0\u00a0<\/p>\n<p>RESUELVE \u00a0<\/p>\n<p>PRIMERO. Ordenar el \u00a0cambio \u00a0 \u00a0de \u00a0 \u00a0radicaci\u00f3n \u00a0 del \u00a0 proceso \u00a0 adelantado \u00a0 contra \u00a0 Margareth \u00a0 Rojas \u00a0 Arciniegas \u00a0y \u00a0R\u00f3binson \u00a0Gil \u00a0Recio \u00a0al \u00a0Distrito Judicial de Cartagena. En consecuencia, el expediente \u00a0debe \u00a0ser \u00a0remitido \u00a0al \u00a0reparto \u00a0de \u00a0los \u00a0jueces \u00a0penales \u00a0del \u00a0circuito de esa \u00a0ciudad. \u00a0\u00a0<\/p>\n<p>SEGUNDO: Comun\u00edquese \u00a0esta \u00a0 decisi\u00f3n \u00a0al \u00a0Juzgado \u00a0Primero \u00a0Penal \u00a0del \u00a0Circuito \u00a0con \u00a0funciones \u00a0de \u00a0Conocimiento \u00a0de San Andr\u00e9s, al Tribunal Superior de esa ciudad y a los sujetos \u00a0procesales. \u00a0\u00a0<\/p>\n<p>TERCERO: Contra esta \u00a0determinaci\u00f3n no procede recurso alguno. \u00a0\u00a0<\/p>\n<p>C\u00f3piese, comun\u00edquese y c\u00famplase \u00a0<\/p>\n<p>Permiso \u00a0<\/p>\n<p>JAVIER ZAPATA ORTIZ \u00a0<\/p>\n<p>\u00a0\u00a0\u00a0\u00a0\u00a0\u00a0\u00a0\u00a0\u00a0\u00a0\u00a0\u00a0\u00a0\u00a0\u00a0\u00a0\u00a0\u00a0\u00a0\u00a0\u00a0\u00a0\u00a0\u00a0\u00a0\u00a0\u00a0\u00a0\u00a0\u00a0\u00a0\u00a0\u00a0\u00a0\u00a0\u00a0\u00a0\u00a0\u00a0\u00a0\u00a0\u00a0\u00a0\u00a0\u00a0\u00a0\u00a0\u00a0\u00a0\u00a0\u00a0\u00a0\u00a0\u00a0\u00a0\u00a0\u00a0\u00a0\u00a0\u00a0\u00a0\u00a0\u00a0\u00a0\u00a0\u00a0\u00a0\u00a0\u00a0\u00a0 \u00a0Permiso \u00a0\u00a0<\/p>\n<p>JOS\u00c9 LUIS BARCEL\u00d3 \u00a0CAMACHO \u00a0\u00a0<\/p>\n<p>\u00a0\u00a0 \u00a0 \u00a0 \u00a0 \u00a0 \u00a0<\/p>\n<p>JOS\u00c9 \u00a0LEONIDAS \u00a0BUSTOS MART\u00cdNEZ \u00a0<\/p>\n<p>FERNANDO \u00a0 ALBERTO \u00a0 CASTRO \u00a0CABALLERO \u00a0\u00a0 \u00a0 \u00a0 \u00a0 \u00a0 \u00a0<\/p>\n<p>SIGIFREDO ESPINOSA \u00a0P\u00c9REZ \u00a0<\/p>\n<p>ALFREDO G\u00d3MEZ QUINTERO \u00a0<\/p>\n<p>\u00a0\u00a0 \u00a0 \u00a0 \u00a0 \u00a0 \u00a0<\/p>\n<p>MAR\u00cdA \u00a0 \u00a0DEL \u00a0 ROSARIO \u00a0 GONZ\u00c1LEZ \u00a0 DE \u00a0LEMOS \u00a0<\/p>\n<p>AUGUSTO J. IB\u00c1\u00d1EZ \u00a0GUZM\u00c1N \u00a0\u00a0 \u00a0 \u00a0 \u00a0 \u00a0 \u00a0<\/p>\n<p>JULIO ENRIQUE SOCHA \u00a0SALAMANCA \u00a0<\/p>\n<p>Nubia Yolanda Nova Garc\u00eda \u00a0<\/p>\n<p>Secretaria \u00a0<\/p>\n<p>\u00a0 \u00a0\u00a0<\/p>\n<p>1 \u00a0Dentro \u00a0de los audios y documentos que aport\u00f3 la Fiscal\u00eda con su solicitud, no \u00a0adjunt\u00f3 \u00a0los relacionados con las audiencias preliminares a las que se refiri\u00f3 \u00a0en la audiencia de acusaci\u00f3n. \u00a0\u00a0<\/p>\n<p>2 \u00a0La \u00a0Sala \u00a0llama \u00a0la atenci\u00f3n sobre la forma irregular en que se surti\u00f3 el tr\u00e1mite \u00a0ya \u00a0que \u00a0de manera equivocada entendi\u00f3 el Juez, por solicitud del representante \u00a0del \u00a0Ministerio \u00a0P\u00fablico, que esta era una petici\u00f3n que admit\u00eda la r\u00e9plica y \u00a0la \u00a0contrarr\u00e9plica, cuando tal pretensi\u00f3n por disposici\u00f3n de la misma ley, no \u00a0es \u00a0discutible \u00a0por los sujetos procesales y persigue: \u00a0la \u00a0variaci\u00f3n \u00a0de \u00a0las \u00a0reglas \u00a0de competencia ante la acreditaci\u00f3n de motivos \u00a0objetivos \u00a0que \u00a0as\u00ed \u00a0lo impongan, proceder equivocado \u00a0que \u00a0los \u00a0habilit\u00f3 \u00a0a \u00a0discutir \u00a0las \u00a0razones \u00a0esbozadas \u00a0por \u00a0la Fiscal\u00eda con \u00a0argumentos ajenos al instituto invocado. \u00a0\u00a0<\/p>\n<p>3 \u00a0Reasignada \u00a0para \u00a0el \u00a0caso \u00a0por \u00a0orden \u00a0de \u00a0la Fiscal \u00a0General de la Naci\u00f3n. \u00a0\u00a0<\/p>\n<p>4 \u00a0El \u00a0patrullero G\u00f3mez y el Intendente Orozco. \u00a0\u00a0<\/p>\n<p>5 \u00a0Persona \u00a0que \u00a0como \u00a0se \u00a0se\u00f1al\u00f3 \u00a0en \u00a0precedencia, anuncio que no comparec\u00eda al \u00a0juicio porque ten\u00eda por su vida. \u00a0\u00a0<\/p>\n<p>6 Auto \u00a0del 23 de noviembre del 2000, radicado 17.468. \u00a0\u00a0<\/p>\n<p>7 \u00a0Auto \u00a0 del \u00a013 \u00a0de \u00a0diciembre \u00a0de \u00a02005, \u00a0cambio \u00a0de \u00a0radicaci\u00f3n No. 24.490. \u00a0 \u00a0\u00a0<\/p>\n<p><\/p>\n","protected":false},"excerpt":{"rendered":"<p>\u00a0 \u00a0 \u00a0\u00a0 Proceso 36961 \u00a0 CORTE SUPREMA DE JUSTICIA \u00a0 SALA DE CASACI\u00d3N PENAL \u00a0 MAGISTRADO PONENTE \u00a0 AUGUSTO J. IBA\u00d1EZ GUZMAN \u00a0 Aprobado: Acta No. 242 \u00a0 Bogot\u00e1. D.C., dieciocho (18) de julio de dos \u00a0mil once (2011) \u00a0\u00a0 MOTIVO DE LA DECISI\u00d3N \u00a0 La \u00a0Sala \u00a0se \u00a0pronuncia sobre la solicitud de \u00a0cambio [&hellip;]<\/p>\n","protected":false},"author":1,"featured_media":0,"comment_status":"open","ping_status":"open","sticky":false,"template":"","format":"standard","meta":{"footnotes":""},"categories":[19],"tags":[],"class_list":["post-22988","post","type-post","status-publish","format-standard","hentry","category-19"],"_links":{"self":[{"href":"https:\/\/dmsjuridica.com\/buscador_20179478954\/salapenalcronologico20230723\/wp-json\/wp\/v2\/posts\/22988","targetHints":{"allow":["GET"]}}],"collection":[{"href":"https:\/\/dmsjuridica.com\/buscador_20179478954\/salapenalcronologico20230723\/wp-json\/wp\/v2\/posts"}],"about":[{"href":"https:\/\/dmsjuridica.com\/buscador_20179478954\/salapenalcronologico20230723\/wp-json\/wp\/v2\/types\/post"}],"author":[{"embeddable":true,"href":"https:\/\/dmsjuridica.com\/buscador_20179478954\/salapenalcronologico20230723\/wp-json\/wp\/v2\/users\/1"}],"replies":[{"embeddable":true,"href":"https:\/\/dmsjuridica.com\/buscador_20179478954\/salapenalcronologico20230723\/wp-json\/wp\/v2\/comments?post=22988"}],"version-history":[{"count":0,"href":"https:\/\/dmsjuridica.com\/buscador_20179478954\/salapenalcronologico20230723\/wp-json\/wp\/v2\/posts\/22988\/revisions"}],"wp:attachment":[{"href":"https:\/\/dmsjuridica.com\/buscador_20179478954\/salapenalcronologico20230723\/wp-json\/wp\/v2\/media?parent=22988"}],"wp:term":[{"taxonomy":"category","embeddable":true,"href":"https:\/\/dmsjuridica.com\/buscador_20179478954\/salapenalcronologico20230723\/wp-json\/wp\/v2\/categories?post=22988"},{"taxonomy":"post_tag","embeddable":true,"href":"https:\/\/dmsjuridica.com\/buscador_20179478954\/salapenalcronologico20230723\/wp-json\/wp\/v2\/tags?post=22988"}],"curies":[{"name":"wp","href":"https:\/\/api.w.org\/{rel}","templated":true}]}}