{"id":22966,"date":"2023-09-12T16:35:11","date_gmt":"2023-09-12T16:35:11","guid":{"rendered":"https:\/\/dmsjuridica.com\/buscador_20179478954\/salapenalcronologico20230723\/2023\/09\/12\/3690505-10-11\/"},"modified":"2023-09-12T16:35:11","modified_gmt":"2023-09-12T16:35:11","slug":"3690505-10-11","status":"publish","type":"post","link":"https:\/\/dmsjuridica.com\/buscador_20179478954\/salapenalcronologico20230723\/2023\/09\/12\/3690505-10-11\/","title":{"rendered":"36905(05-10-11)"},"content":{"rendered":"\n<p>\u00a0 \u00a0 \u00a0\u00a0<\/p>\n<p>Proceso n.\u00ba 36905 \u00a0<\/p>\n<p>CORTE SUPREMA DE JUSTICIA \u00a0<\/p>\n<p>SALA DE CASACI\u00d3N PENAL \u00a0<\/p>\n<p>Magistrado Ponente \u00a0<\/p>\n<p>JOS\u00c9 LUIS BARCEL\u00d3 CAMACHO \u00a0<\/p>\n<p>Aprobado acta N\u00ba\u00a0 357 \u00a0<\/p>\n<p>Bogot\u00e1, \u00a0D. C., cinco (5) de octubre de dos \u00a0mil once (2011) \u00a0\u00a0<\/p>\n<p>V I S T O S \u00a0<\/p>\n<p>Procede \u00a0la \u00a0Corte \u00a0a \u00a0conceptuar \u00a0sobre \u00a0la \u00a0solicitud \u00a0 \u00a0de \u00a0 \u00a0extradici\u00f3n \u00a0 \u00a0del \u00a0 \u00a0ciudadano \u00a0 \u00a0colombiano \u00a0 LUIS \u00a0FERNANDO MONSALVE NORE\u00d1A elevada por \u00a0el Gobierno de Espa\u00f1a, a trav\u00e9s de su Embajada en nuestro pa\u00eds. \u00a0\u00a0<\/p>\n<p>L \u00a0A\u00a0\u00a0\u00a0\u00a0 S O L I C I T U \u00a0D \u00a0\u00a0<\/p>\n<p>Dentro del tr\u00e1mite de extradici\u00f3n se tiene \u00a0lo siguiente: \u00a0\u00a0<\/p>\n<p>1. \u00a0El \u00a0ciudadano \u00a0colombiano \u00a0LUIS \u00a0FERNANDO \u00a0MONSALVE NORE\u00d1A, es pedido \u00a0formalmente \u00a0en \u00a0extradici\u00f3n \u00a0por \u00a0la \u00a0Embajada del Gobierno Espa\u00f1ol, mediante \u00a0Nota \u00a0Verbal \u00a0No. \u00a0318\/2011 \u00a0del \u00a023 de junio de 2011 a petici\u00f3n del Juzgado de \u00a0Instrucci\u00f3n \u00a0No. \u00a02 \u00a0de \u00a0Torrevieja \u00a0(Alicante), \u00a0por un delito contra la salud \u00a0p\u00fablica. \u00a0\u00a0<\/p>\n<p>2. \u00a0El 30 de junio de 2011, se radic\u00f3 en la \u00a0Corte \u00a0el \u00a0oficio \u00a0N\u00b0 \u00a0OFI11-27212-DVJ-0300 por el Ministerio del Interior y de \u00a0Justicia, \u00a0mediante \u00a0el cual se alleg\u00f3 la respectiva documentaci\u00f3n enviada por \u00a0la \u00a0Embajada \u00a0de Espa\u00f1a en Colombia, y se mencion\u00f3 el concepto por parte de su \u00a0hom\u00f3logo \u00a0de Relaciones Internacionales sobre el convenio aplicable al caso, el \u00a0cual \u00a0corresponde \u00a0al Convenio de Extradici\u00f3n entre la Rep\u00fablica de Colombia y \u00a0el \u00a0Reino de Espa\u00f1a del 23 de julio de 1892 y el Protocolo Modificatorio del 16 \u00a0de marzo de 1999. \u00a0\u00a0<\/p>\n<p>3. Los acontecimientos f\u00e1cticos objeto de la \u00a0solicitud \u00a0 de \u00a0 extradici\u00f3n, \u00a0fueron \u00a0sintetizados \u00a0de \u00a0la \u00a0siguiente \u00a0manera: \u00a0\u00a0<\/p>\n<p>\u201cEn \u00a0el \u00a0mes de abril del presente a\u00f1o se \u00a0inici\u00f3 \u00a0 una \u00a0investigaci\u00f3n \u00a0policial \u00a0relacionada \u00a0con \u00a0un \u00a0grupo \u00a0delictivo, \u00a0compuesto \u00a0principalmente \u00a0por \u00a0nacionales colombianos, asentado en la Vega Baja \u00a0Alicantina \u00a0presuntamente \u00a0dedicado \u00a0a \u00a0la \u00a0distribuci\u00f3n de coca\u00edna en locales \u00a0de\u00a0 \u00a0alterne \u00a0de la localidad de ocio y zonas de alterne de la localidad de \u00a0Torrevieja y poblaciones lim\u00edtrofes. \u00a0\u00a0<\/p>\n<p>\u201cEl discurrir de la investigaci\u00f3n puso de \u00a0manifiesto \u00a0que \u00a0los \u00a0cabecillas de esta organizaci\u00f3n delictiva eran una pareja \u00a0de \u00a0nacionales \u00a0colombianos, \u00a0siendo \u00a0identificada \u00a0ella \u00a0como Ver\u00f3nica GARC\u00cdA \u00a0TORRES \u00a0 (X5133711L), \u00a0nacida \u00a003-07-1984, \u00a0con \u00a0domicilio \u00a0en \u00a0calle \u00a0Oriolanos \u00a0Ausentes \u00a0 7, \u00a03\u00b0 \u00a0Dcha, \u00a0de \u00a0Orihuela \u00a0(A), \u00a0mientras \u00a0que \u00a0de \u00a0su \u00a0compa\u00f1ero \u00a0\u00fanicamente se pudo averiguar inicialmente que se llamaba DANI. \u00a0\u00a0<\/p>\n<p>El \u00a0an\u00e1lisis \u00a0de \u00a0la \u00a0informaci\u00f3n obtenida \u00a0gracias \u00a0a \u00a0las \u00a0intervenciones \u00a0telef\u00f3nicas \u00a0llevadas \u00a0a cabo a lo largo de la \u00a0presente \u00a0operaci\u00f3n \u00a0policial junto con las diferentes gestiones y controles de \u00a0actividades \u00a0desarrollados \u00a0sobre \u00a0los diferentes integrantes de esta estructura \u00a0criminal, \u00a0ha \u00a0permitido \u00a0establecer \u00a0de \u00a0una \u00a0forma \u00a0suficientemente precisa el \u00a0perfil \u00a0de \u00a0cada \u00a0uno \u00a0de \u00a0los \u00a0objetivos \u00a0investigados \u00a0y \u00a0el \u00a0papel que \u00e9stos \u00a0desempe\u00f1an \u00a0dentro \u00a0de \u00a0este \u00a0entramado, \u00a0as\u00ed como el sistema empleado para la \u00a0obtenci\u00f3n, \u00a0transporte, \u00a0manipulaci\u00f3n y posterior distribuci\u00f3n de la coca\u00edna \u00a0con la que supuestamente trafican. \u00a0\u00a0<\/p>\n<p>\u201cNos \u00a0encontramos \u00a0ante \u00a0una organizaci\u00f3n \u00a0criminal \u00a0compuesta fundamentalmente por nacionales colombianos, afincados en la \u00a0provincia \u00a0de \u00a0Alicante, \u00a0cuyo \u00a0n\u00facleo \u00a0principal \u00a0esta constituido por un clan \u00a0familiar \u00a0que \u00a0es \u00a0el \u00a0que \u00a0sustenta, \u00a0coordina \u00a0y \u00a0dirige \u00a0la actividad de esta \u00a0organizaci\u00f3n, \u00a0que \u00a0estar\u00eda \u00a0dedicada al tr\u00e1fico de coca\u00edna y que cuenta con \u00a0ramificaciones \u00a0en \u00a0Madrid \u00a0(lugar \u00a0donde \u00a0se abastecen de coca\u00edna), Alicante y \u00a0Murcia \u00a0(provincias \u00a0en \u00a0las que residen y donde distribuyen la droga con la que \u00a0trafican). \u00a0\u00a0<\/p>\n<p>\u201cLa \u00a0 complejidad \u00a0 de \u00a0esta \u00a0estructura \u00a0constituye \u00a0un \u00a0aut\u00e9ntico \u00a0proyecto o prop\u00f3sito para desarrollar una actividad \u00a0criminal \u00a0clara, \u00a0concreta y determina, el tr\u00e1fico de coca\u00edna, abarcando todos \u00a0los \u00a0\u00e1mbitos \u00a0que \u00a0suelen \u00a0protagonizar \u00a0este \u00a0tipo \u00a0de \u00a0delito, \u00a0es \u00a0decir: la \u00a0consecuci\u00f3n \u00a0 \u00a0de \u00a0 \u00a0la \u00a0 coca\u00edna \u00a0 \u2014 \u00a0principalmente \u00a0en Madrid -, su transporte desde el lugar donde la \u00a0adquieren \u00a0hasta \u00a0los \u00a0laboratorios \u00a0o \u00a0cocinas \u00a0donde \u00a0la manipulan o adulteran \u00a0\u2014 \u00a0utilizando para ello en \u00a0ocasiones \u00a0veh\u00edculos \u00a0a \u00a0los que les han fabricado dobles fondos o caletas para \u00a0evitar \u00a0que \u00a0la droga sea localizada en caso de ser identificados por agentes de \u00a0polic\u00eda \u00a0&#8211; \u00a0, \u00a0la \u00a0manipulaci\u00f3n \u00a0o \u00a0adulteraci\u00f3n \u00a0de \u00a0la droga para conseguir \u00a0ampliar \u00a0la cantidad inicial y de esta forma obtener unos mayores beneficios con \u00a0su \u00a0venta, \u00a0sin \u00a0tener \u00a0en \u00a0cuenta la multiplicaci\u00f3n de los efectos nocivos que \u00a0esta \u00a0manipulaci\u00f3n supone para la salud de los consumidores de estas sustancias \u00a0prohibidas \u00a0y \u00a0por \u00a0\u00faltimo \u00a0su distribuci\u00f3n entre una red de colaboradores que \u00a0son \u00a0 \u00a0los \u00a0 \u00a0encargados \u00a0 \u00a0de \u00a0 \u00a0hacerla \u00a0 \u00a0llegar \u00a0 hasta \u00a0 los \u00a0 consumidores \u00a0finales. \u00a0\u00a0<\/p>\n<p>\u201cLa direcci\u00f3n de esta organizaci\u00f3n recae \u00a0en \u00a0una \u00a0pareja \u00a0de \u00a0colombianos \u00a0formada \u00a0por los identificados Daniel Mauricio \u00a0GIRALDO \u00a0 \u00a0 HERN\u00c1NDEZ \u00a0 \u00a0 alias \u00a0 \u00a0 \u2018DANI\u2019 \u00a0y \u00a0su \u00a0compa\u00f1era \u00a0 \u00a0sentimental \u00a0 Ver\u00f3nica \u00a0 GARC\u00cdA \u00a0 TORRES, \u00a0 ALIAS \u00a0 \u2018VERONICA\u2019. \u00a0 \u00a0 \u00a0 \u00a0 \u00a0 \u00a0 \u00a0\u2018Dani\u2019 \u00a0es \u00a0la\u00a0 \u00a0persona \u00a0que \u00a0mantiene \u00a0contacto \u00a0directo \u00a0con \u00a0los vendedores de coca\u00edna afincados en\u00a0 Madrid con \u00a0los \u00a0que negocia la compra de diferentes partidas de coca\u00edna. A su vez tambi\u00e9n \u00a0es \u00a0DANI \u00a0qui\u00e9n \u00a0se \u00a0encargaba de organizar los viajes a Madrid para recoger la \u00a0coca\u00edna, \u00a0siendo \u00a0los \u00a0individuos conocidos como CHINO y KARI los encargados de \u00a0realizar \u00a0estos transportes. Estos individuos han sido identificados como Wilson \u00a0Andr\u00e9s Hern\u00e1ndez V\u00e9lez y Luis Fernando Monsalve Nore\u00f1a. \u00a0\u00a0<\/p>\n<p>\u201cLu\u00eds \u00a0Fernando \u00a0MONSALVE \u00a0NORE\u00d1A, alias \u00a0KARl, \u00a0era \u00a0el responsable del realizar los transportes de coca\u00edna entre Madrid \u00a0y \u00a0Alicante, \u00a0para \u00a0ello \u00a0utilizaba en dichos desplazamientos el veh\u00edculo de su \u00a0propiedad \u00a0marca Renault, modelo Megane, color granate, matr\u00edcula 5129FHP. Este \u00a0veh\u00edculo \u00a0fue \u00a0intervenido \u00a0el d\u00eda 12 de abril cuando era conducido por Wilson \u00a0Andr\u00e9s \u00a0HERN\u00c1NDEZ \u00a0V\u00c9LEZ, \u00a0alias \u00a0CHINO, \u00a0en la localidad de Cabezo de Torres \u00a0(Murcia), \u00a0durante la inspecci\u00f3n ocular practicada fue localizada una \u201ccaleta \u00a0o \u00a0doble \u00a0fondo\u201d que hab\u00eda sido construida en el salpicadero del coche, en la \u00a0consola \u00a0central \u00a0debajo \u00a0de \u00a0los \u00a0dispositivos \u00a0de \u00a0radio, aire acondicionado y \u00a0pantalla \u00a0de \u00a0informaci\u00f3n que se habr\u00eda (sic) con un sofisticado sistema en el \u00a0que \u00a0deb\u00eda \u00a0de \u00a0accionarse el bot\u00f3n desempa\u00f1a-cristales de la luneta trasera. \u00a0En \u00a0dicha \u00a0\u201ccaleta\u201d \u00a0iban \u00a0ocultos \u00a034.000 \u00a0euros \u00a0en \u00a0efectivo y un paquete \u00a0envuelto \u00a0con \u00a0papel \u00a0de \u00a0pl\u00e1stico de cocina conteniendo unos 936 gramos de una \u00a0sustancia \u00a0polvorienta \u00a0de \u00a0color \u00a0blanco \u00a0que dio positivo al reactivo cocatest \u00a0para la coca\u00edna. \u00a0\u00a0<\/p>\n<p>\u201cPor \u00a0\u00faltimo \u00a0Jorge Luis RESTREPO ZAMORA, \u00a0al\u00edas \u00a0JORGE, era la persona que colaboraba con Albeiro Antonio GARC\u00cdA GAVIRIA \u00a0(NIE \u00a0Y0323154H), \u00a0alias \u00a0TIO, \u00a0nacido \u00a0el \u00a016-08-1968 \u00a0en Colombia \u2014 \u00a0t\u00edo \u00a0carnal \u00a0de \u00a0VERONICA, \u00a0SANDRA y \u00a0ROBIN \u00a0\u2014 qui\u00e9n con fecha 15 \u00a0de \u00a0noviembre \u00a0de \u00a02010 \u00a0fue detenido por el Grupo IV de la UDYCO de la Jefatura \u00a0Superior \u00a0de Polic\u00eda de Murcia en el marco de una operaci\u00f3n contra el tr\u00e1fico \u00a0de \u00a0drogas \u00a0siendo instruidas las diligencias del CNP n\u00famero 120.901 entregadas \u00a0en \u00a0el \u00a0Juzgado de Guardia de Murcia. En el domicilio de TIO fue desmantelado un \u00a0laboratorio o cocina artesanal para la manipulaci\u00f3n de coca\u00edna. \u00a0\u00a0<\/p>\n<p>\u201cUna \u00a0vez \u00a0adquirida \u00a0la \u00a0droga \u00a0esta \u00a0es \u00a0trasladada \u00a0por \u00a0CHINO \u00a0y KARl desde Madrid hasta Alicante, a los laboratorios o \u00a0cocinas \u00a0 que \u00a0 la \u00a0 organizaci\u00f3n \u00a0tiene \u00a0instalados \u00a0en \u00a0inmuebles \u00a0alquilados \u00a0expresamente \u00a0 para \u00a0 ello. \u00a0 En \u00a0estos \u00a0laboratorios \u00a0artesanales, \u00a0vulgarmente \u00a0conocidos \u00a0 \u00a0 \u00a0 \u00a0 \u00a0como \u00a0 \u00a0 \u00a0 \u00a0 \u2018cocinas\u2019\u201d, es \u00a0donde \u00a0se \u00a0manipula, \u00a0adultera \u00a0y corta la coca\u00edna para multiplicar la cantidad \u00a0original \u00a0y \u00a0de \u00a0esta forma aumentar los beneficios econ\u00f3micos de la inversi\u00f3n \u00a0realizada, \u00a0 para \u00a0 ello \u00a0 cuentan \u00a0con \u00a0diferentes \u00a0utensilios \u00a0y \u00a0herramientas \u00a0(microondas, \u00a0prensas, molinillos de caf\u00e9, l\u00e1mparas de calor, etc.), as\u00ed como \u00a0las \u00a0sustancias qu\u00edmicas empleadas (exano, \u00e1cido clorh\u00eddrico), que suelen ser \u00a0altamente inflamables. \u00a0\u00a0<\/p>\n<p>\u201cEl \u00a0corte \u00a0de \u00a0la coca\u00edna consiste en la \u00a0mezcla \u00a0de \u00a0esta \u00a0droga \u00a0con otras sustancias tales como adulterantes (cafe\u00edna, \u00a0lidoca\u00edna, \u00a0fenacetiba- con propiedades cancerigenas), precursores como (exano, \u00a0\u00e1cido \u00a0clorh\u00eddrico) \u00a0y \u00a0otros \u00a0productos \u00a0como la acetona que le confiere a la \u00a0sustancia \u00a0resultante \u00a0de \u00a0tal \u00a0proceso \u00a0un \u00a0aspecto brillante que simular\u00eda la \u00a0calidad \u00a0de la coca\u00edna. Es de resaltar que la mayor parte de las sustancias que \u00a0se \u00a0utilizan \u00a0para \u00a0el \u00a0corte \u00a0de \u00a0la coca\u00edna tiene efectos perniciosos para la \u00a0salud, \u00a0estando \u00a0algunas \u00a0de \u00a0ellas \u00a0prohibidas por Convenios Internacionales de \u00a0Naciones \u00a0Unidas\u00a0 sobre salud p\u00fablica. Al inicio de esta investigaci\u00f3n el \u00a0individuo \u00a0 \u00a0 conocido \u00a0 \u00a0 como \u00a0 \u00a0 \u2018LEO\u2019 \u00a0 \u00a0y \u00a0posteriormente \u00a0 \u00a0 \u2018El \u00a0Cocinero\u2019 \u00a0de \u00a0este grupo, \u00a0quien \u00a0con \u00a0la \u00a0ayuda \u00a0de \u00a0DANI \u00a0realizaban estas labores de manipulaci\u00f3n de la \u00a0coca\u00edna \u00a0\u00a0<\/p>\n<p>\u201cUna \u00a0 vez \u00a0 finalizado \u00a0el \u00a0proceso \u00a0de \u00a0manipulaci\u00f3n \u00a0 DANI, \u00a0 la \u00a0 organizaci\u00f3n \u00a0proced\u00eda \u00a0a \u00a0repartirla \u00a0entre \u00a0sus \u00a0distribuidores, \u00a0labor \u00a0que \u00a0tambi\u00e9n \u00a0es \u00a0realizada \u00a0por \u00a0KARl \u00a0y CHINO y estos \u00a0finalmente \u00a0eran \u00a0los \u00a0encargarlos \u00a0de \u00a0venderla \u00a0entre \u00a0peque\u00f1os traficantes y \u00a0consumidores finales\u201d. \u00a0\u00a0<\/p>\n<p>4. El 8 de julio del a\u00f1o en curso, la Corte \u00a0inform\u00f3 \u00a0al \u00a0requerido \u00a0que \u00a0ten\u00eda \u00a0derecho \u00a0a \u00a0designar \u00a0un \u00a0defensor \u00a0que lo \u00a0asistiera \u00a0 en \u00a0 el \u00a0 tr\u00e1mite \u00a0 ante \u00a0la \u00a0Corporaci\u00f3n, \u00a0a \u00a0lo \u00a0que \u00a0manifest\u00f3 \u00a0\u201cya \u00a0tengo \u00a0abogado, \u00a0el \u00a0doctor \u00a0Benjam\u00edn \u00a0Berna \u00a0Ar\u00e9valo\u201d, \u00a0 quien \u00a0 renunci\u00f3 \u00a0a \u00a0t\u00e9rminos \u00a0y \u00a0al \u00a0procedimiento \u00a0 ordinario \u00a0 del \u00a0 tr\u00e1mite \u00a0de \u00a0extradici\u00f3n, \u00a0manifestando \u00a0que \u00a0\u201csiguiendo \u00a0 las \u00a0directrices, \u00a0recomendaciones \u00a0y \u00a0sugerencias \u00a0del se\u00f1or Monsalve Nore\u00f1a, comedida y respetuosamente le solicito \u00a0al \u00a0se\u00f1or \u00a0Magistrado \u00a0que \u00a0se \u00a0de \u00a0aplicaci\u00f3n \u00a0a \u00a0la \u00a0denominada extradici\u00f3n \u00a0simplificada\u201d. \u00a0\u00a0<\/p>\n<p>5. \u00a0El \u00a0defensor y el Procurador Delegado se \u00a0acogieron \u00a0a \u00a0lo \u00a0dispuesto \u00a0en \u00a0el \u00a0art\u00edculo \u00a0500 de la Ley\u00a0 906 de 2004, \u00a0adicionado \u00a0en \u00a0un inciso por el 70 de la Ley 1453 de 2011, sobre el tr\u00e1mite de \u00a0\u201cextradici\u00f3n \u00a0 \u00a0 \u00a0 \u00a0simplificada\u201d. \u00a0\u00a0<\/p>\n<p>Con \u00a0este prop\u00f3sito, el Ministerio P\u00fablico \u00a0verific\u00f3 \u00a0 el \u00a0 cumplimiento \u00a0de \u00a0las \u00a0Garant\u00edas \u00a0Fundamentales \u00a0a \u00a0favor \u00a0del \u00a0requerido, \u00a0a trav\u00e9s de entrevista personal en el sitio de reclusi\u00f3n, a fin de \u00a0establecer \u00a0su \u00a0consentimiento \u00a0libre \u00a0y su voluntad manifiesta\u00a0 acerca del \u00a0conocimiento \u00a0de \u00a0las \u00a0consecuencias \u00a0de \u00a0su \u00a0renuncia \u00a0al \u00a0tr\u00e1mite \u00a0ordinario, \u00a0previsto en el art\u00edculo 500 de la ley instrumental citada. \u00a0\u00a0<\/p>\n<p>En \u00a0el \u00a0mismo \u00a0sentido, \u00a0estableci\u00f3 que los \u00a0delitos \u00a0 atribuidos \u00a0 a \u00a0 Luis \u00a0 Fernando \u00a0 Monsalve \u00a0Nore\u00f1a \u00a0fueron \u00a0cometidos \u00a0con \u00a0posterioridad \u00a0a \u00a0la \u00a0expedici\u00f3n \u00a0del \u00a0Acto \u00a0Legislativo \u00a0No. 1 de 1997, no tienen la connotaci\u00f3n de \u00a0pol\u00edticos \u00a0y \u00a0tambi\u00e9n est\u00e1n contemplados en la legislaci\u00f3n penal colombiana, \u00a0por \u00a0lo \u00a0cual concluy\u00f3 como cumplidos los requisitos legales y constitucionales \u00a0de \u00a0la \u00a0extradici\u00f3n \u00a0simplificada, \u00a0en \u00a0orden \u00a0a \u00a0que la Sala emita concepto de \u00a0plano.\u00a0 \u00a0\u00a0<\/p>\n<p>LA\u00a0 \u00a0 \u00a0 \u00a0DOCUMENTACI\u00d3N\u00a0 \u00a0PRESENTADA \u00a0\u00a0<\/p>\n<p>La \u00a0Embajada de Espa\u00f1a anex\u00f3 como sustento \u00a0del pedido de extradici\u00f3n los siguientes documentos: \u00a0\u00a0<\/p>\n<p>1. \u00a0La \u00a0Nota \u00a0Verbal \u00a0N\u00b0 318\/2011 del 23 de \u00a0junio \u00a0de \u00a02011, \u00a0mediante \u00a0la \u00a0cual \u00a0solicit\u00f3 \u00a0formalmente \u00a0en extradici\u00f3n al \u00a0ciudadano \u00a0 \u00a0colombiano \u00a0 \u00a0LUIS \u00a0 FERNANDO \u00a0 MONSALVE \u00a0NORE\u00d1A. \u00a0\u00a0<\/p>\n<p>2. La Nota Verbal N\u00b0 231\/2011 del 16 de mayo \u00a0del \u00a0 presente \u00a0 a\u00f1o, \u00a0 donde \u00a0pide \u00a0la \u00a0detenci\u00f3n \u00a0preventiva \u00a0con \u00a0fines \u00a0de \u00a0extradici\u00f3n del citado ciudadano colombiano. \u00a0\u00a0<\/p>\n<p>3. \u00a0La \u00a0Resoluci\u00f3n \u00a0del 20 de mayo de 2011, \u00a0proferida \u00a0 por \u00a0el \u00a0Juzgado \u00a0de \u00a0Instrucci\u00f3n \u00a0N\u00b0 \u00a02 \u00a0de \u00a0Torrevieja, \u00a0en \u00a0las \u00a0diligencias \u00a0 previas \u00a0 No.1239\/2010, \u00a0en \u00a0la \u00a0cual \u00a0anota \u00a0que \u00a0\u201cLUIS \u00a0FERNANDO \u00a0MONSALVE NORE\u00d1A, podr\u00eda \u00a0estar \u00a0implicado \u00a0en una organizaci\u00f3n dedicada al tr\u00e1fico de drogas, constando \u00a0en \u00a0las \u00a0actuaciones, \u00a0actualmente \u00a0secretas, \u00a0que \u00a0junto con otras personas, la \u00a0mayor\u00eda \u00a0de \u00a0ellas \u00a0detenidas, \u00a0se \u00a0dedicaba \u00a0en \u00a0Espa\u00f1a a la distribuci\u00f3n de \u00a0drogas, \u00a0como \u00a0se \u00a0desprende de las intervenciones telef\u00f3nicas, as\u00ed como de la \u00a0droga \u00a0incautada, en los diferentes registros practicados, cuya cantidad alcanza \u00a0notoria \u00a0importancia\u201d, \u00a0por lo que estima procedente \u00a0la \u00a0 extradici\u00f3n \u00a0 de \u00a0 Monsalve \u00a0Nore\u00f1a. \u00a0\u00a0<\/p>\n<p>Tambi\u00e9n se allegan las normas penales que se \u00a0consideran infringidas por el requerido en extradici\u00f3n. \u00a0\u00a0<\/p>\n<p>4. \u00a0El \u00a0auto \u00a0del 13 de mayo del mismo a\u00f1o, \u00a0proferido \u00a0por \u00a0el \u00a0Juzgado \u00a0de \u00a0Instrucci\u00f3n No. 2 de Torrevieja, en el cual se \u00a0decret\u00f3 \u00a0\u201cla prisi\u00f3n provisional de Luis Fernando \u00a0Monsalve \u00a0 Nore\u00f1a \u00a0 nacido \u00a0 el \u00a018-08-1975 \u00a0en \u00a0Manizales \u00a0(Colombia)\u2026 \u00a0como \u00a0responsable \u00a0de \u00a0un \u00a0delito \u00a0contra \u00a0la salud p\u00fablica con las circunstancias de \u00a0agravaci\u00f3n \u00a0 de \u00a0 notoria \u00a0 importancia \u00a0 y \u00a0pertenencia \u00a0a \u00a0una \u00a0organizaci\u00f3n \u00a0delictiva\u201d. \u00a0\u00a0<\/p>\n<p>5. \u00a0La \u00a0Orden \u00a0de \u00a0captura \u00a0proferida por la \u00a0se\u00f1ora \u00a0Fiscal General de la Naci\u00f3n en contra de LUIS \u00a0FERNANDO \u00a0MONSALVE \u00a0NORE\u00d1A, que fue retenido el 13 de \u00a0mayo \u00a0 de \u00a02011, \u00a0por \u00a0agentes \u00a0del \u00a0Departamento \u00a0Administrativo \u00a0de \u00a0Seguridad \u00a0(D.A.S.), con fundamento en la circular roja de INTERPOL. \u00a0\u00a0<\/p>\n<p>CONSIDERACIONES\u00a0 \u00a0 DE\u00a0 \u00a0LA\u00a0 \u00a0CORTE \u00a0\u00a0<\/p>\n<p>La Sala dirigir\u00e1 sus razonamientos hacia la \u00a0emisi\u00f3n \u00a0de \u00a0un \u00a0concepto \u00a0favorable a la extradici\u00f3n del ciudadano colombiano \u00a0LUIS \u00a0 \u00a0FERNANDO \u00a0 \u00a0MONSALVE \u00a0 \u00a0NORE\u00d1A, teniendo en cuenta que: \u00a0\u00a0<\/p>\n<p>a) \u00a0El \u00a0art\u00edculo \u00a035 \u00a0de \u00a0la \u00a0Constituci\u00f3n \u00a0Pol\u00edtica \u00a0se\u00f1ala \u00a0que \u00a0la \u00a0\u201cextradici\u00f3n se podr\u00e1 \u00a0solicitar, \u00a0conceder \u00a0u \u00a0ofrecer \u00a0de acuerdo con los tratados p\u00fablicos y, en su \u00a0defecto, con la ley\u201d. \u00a0\u00a0<\/p>\n<p>b) \u00a0El \u00a0Ministerio \u00a0de Relaciones Exteriores \u00a0indic\u00f3 \u00a0que los presupuestos establecidos en el Convenio de Extradici\u00f3n del 23 \u00a0de \u00a0julio \u00a0de \u00a01892, recogido en la legislaci\u00f3n con la Ley 35 del 10 de octubre \u00a0de \u00a01892, junto con su Protocolo Modificatorio del 16 de marzo de 1999, aprobado \u00a0mediante \u00a0 la \u00a0 Ley \u00a0 876 \u00a0 de \u00a0 2004, \u00a0 son \u00a0 los \u00a0 aplicables \u00a0 en \u00a0 el \u00a0 caso \u00a0concreto. \u00a0\u00a0<\/p>\n<p>Una \u00a0vez los Estados Parte han adquirido una \u00a0obligaci\u00f3n \u00a0jur\u00eddica \u00a0convencional \u00a0en \u00a0materia \u00a0de \u00a0extradici\u00f3n, \u00e9sta tiene \u00a0preferencia \u00a0en \u00a0su \u00a0aplicaci\u00f3n \u00a0respecto \u00a0de la ley, es decir, la legislaci\u00f3n \u00a0interna \u00a0 frente \u00a0a \u00a0un \u00a0Convenio, \u00a0en \u00a0el \u00a0cual \u00a0se \u00a0acuerdan \u00a0presupuestos \u00a0de \u00a0procedibilidad, se torna subsidiaria. \u00a0\u00a0<\/p>\n<p>DEMANDA DE EXTRADICI\u00d3N \u00a0<\/p>\n<p>El \u00a0 art\u00edculo \u00a0 VIII \u00a0 del \u00a0 Convenio \u00a0de \u00a0extradici\u00f3n \u00a0del \u00a023 \u00a0de \u00a0julio \u00a0de \u00a01892 \u00a0(Ley \u00a035 de 1892),\u00a0 se\u00f1ala que \u00a0\u201c(\u2026) \u00a0La demanda de extradici\u00f3n ser\u00e1 presentada \u00a0por \u00a0la \u00a0v\u00eda \u00a0diplom\u00e1tica (\u2026)\u201d, y el art\u00edculo II \u00a0del \u00a0Protocolo \u00a0Modificatorio \u00a0del \u00a016 \u00a0de marzo de 1999, establece que \u201c(\u2026) \u00a0Los \u00a0documentos \u00a0presentados \u00a0con \u00a0las solicitudes de \u00a0extradici\u00f3n \u00a0que por v\u00eda diplom\u00e1tica se tramiten, en virtud de la Convenci\u00f3n \u00a0de \u00a0Extradici\u00f3n \u00a0suscrita entre los dos pa\u00edses, estar\u00e1n exentos del requisito \u00a0de \u00a0legalizaci\u00f3n \u00a0(\u2026)\u201d, \u00a0lo \u00a0cual \u00a0permite \u00a0a los \u00a0Estados agilizar el tr\u00e1mite de extradici\u00f3n. \u00a0\u00a0<\/p>\n<p>En cumplimiento del Convenio de Extradici\u00f3n \u00a0y \u00a0sin \u00a0mayores \u00a0exigencias \u00a0respecto \u00a0de la legalizaci\u00f3n de los documentos que \u00a0apoyan \u00a0la \u00a0presente demanda de extradici\u00f3n y las misivas examinadas, se tornan \u00a0id\u00f3neas \u00a0para \u00a0ser consideradas por la Corte en el estudio que debe preceder el \u00a0concepto. \u00a0\u00a0<\/p>\n<p>1. \u00a0 La\u00a0 \u00a0identificaci\u00f3n\u00a0 plena\u00a0 del\u00a0 solicitado \u00a0\u00a0<\/p>\n<p>En \u00a0el \u00a0pedido \u00a0de extradici\u00f3n hecho por la \u00a0Embajada \u00a0de \u00a0Espa\u00f1a, \u00a0se \u00a0inform\u00f3 \u00a0que \u00a0el \u00a0requerido \u00a0responde \u00a0al nombre de \u00a0LUIS \u00a0 \u00a0FERNANDO \u00a0 \u00a0MONSALVE \u00a0 \u00a0NORE\u00d1A, \u00a0ciudadano \u00a0colombiano \u00a0nacido \u00a0el 18 de \u00a0agosto \u00a0 de \u00a0 1975 \u00a0 en \u00a0 Manizales \u00a0 \u2013 \u00a0Colombia, \u00a0identificado \u00a0con \u00a0la \u00a0cedula \u00a0de ciudadan\u00eda\u00a0 N\u00ba \u00a075.078.021, \u00a0datos que corresponden a quien permanece \u00a0privado \u00a0de \u00a0la \u00a0libertad \u00a0con \u00a0fines \u00a0de \u00a0extradici\u00f3n, \u00a0pues coinciden con los \u00a0consignados \u00a0por \u00a0\u00e9ste \u00a0en \u00a0el \u00a0acta \u00a0de \u00a0notificaci\u00f3n personal de la orden de \u00a0captura \u00a0 \u00a0proferida \u00a0 en \u00a0 su \u00a0 contra, \u00a0 el \u00a0 acta \u00a0 de \u00a0 los \u00a0 derechos \u00a0 del \u00a0capturado \u00a0y \u00a0la constancia \u00a0de buen trato. \u00a0\u00a0<\/p>\n<p>A \u00a0m\u00e1s \u00a0de lo anterior, valga destacar que \u00a0ese \u00a0 aspecto \u00a0 no \u00a0 ha \u00a0 sido \u00a0 cuestionado \u00a0por \u00a0la \u00a0defensa. \u00a0\u00a0<\/p>\n<p>Adem\u00e1s, \u00a0el \u00a0cotejo \u00a0decadactilar \u00a0de \u00a0las \u00a0huellas \u00a0 permiti\u00f3 \u00a0 confirmar \u00a0 que \u00a0 el \u00a0 detenido \u00a0corresponde a la persona reclamada en extradici\u00f3n. \u00a0\u00a0<\/p>\n<p>2. \u00a0Incriminaci\u00f3n \u00a0simult\u00e1nea \u00a0\u00a0<\/p>\n<p>El art\u00edculo III del Convenio de Extradici\u00f3n \u00a0entre \u00a0la \u00a0Rep\u00fablica de Colombia y el Reino de Espa\u00f1a, suscrito el 23 de julio \u00a0de \u00a01892, reformado por el Protocolo Modificatorio del 16 de marzo de 1999, para \u00a0efectos de la tipicidad en el tr\u00e1mite de extradici\u00f3n consign\u00f3: \u00a0\u00a0<\/p>\n<p>\u201cArt\u00edculo 3\u00b0. La extradici\u00f3n proceder\u00e1 \u00a0con \u00a0respecto \u00a0a \u00a0las \u00a0personas a quienes las autoridades judiciales de la Parte \u00a0requirente \u00a0persiguen \u00a0por \u00a0alg\u00fan \u00a0delito \u00a0o buscaren para la ejecuci\u00f3n de una \u00a0pena \u00a0privativa \u00a0de \u00a0la libertad no inferior a un (1)\u00a0 a\u00f1o. A este efecto, \u00a0ser\u00e1 \u00a0indiferente \u00a0el que las leyes de las Partes clasifiquen o no al delito en \u00a0la \u00a0misma \u00a0categor\u00eda \u00a0de \u00a0delitos o usen la misma o distinta terminolog\u00eda para \u00a0designarlo. \u00a0\u00a0<\/p>\n<p>\u201cEl \u00a0juzgamiento \u00a0o enjuiciamiento de las \u00a0personas \u00a0solicitadas \u00a0en \u00a0extradici\u00f3n se realizar\u00e1 siempre de conformidad con \u00a0los \u00a0 \u00a0procedimientos \u00a0 \u00a0establecidos \u00a0 \u00a0por \u00a0 la \u00a0 ley \u00a0 interna \u00a0 del \u00a0 Estado \u00a0Requirente\u201d. \u00a0\u00a0<\/p>\n<p>El Reino de Espa\u00f1a solicit\u00f3 la extradici\u00f3n \u00a0del \u00a0 ciudadano \u00a0 colombiano \u00a0LUIS \u00a0FERNANDO \u00a0MONSALVE \u00a0NORE\u00d1A, \u00a0por \u00a0su presunta participaci\u00f3n en un delito \u00a0contra \u00a0la \u00a0salud \u00a0p\u00fablica, \u00a0consagrado \u00a0en \u00a0el \u00a0C\u00f3digo \u00a0Penal Espa\u00f1ol en los \u00a0art\u00edculos \u00a0 \u00a0368, \u00a0 \u00a0369.5 \u00a0 \u00a0y \u00a0 369 \u00a0 bis, \u00a0 tal \u00a0 como \u00a0 se \u00a0 transcribe \u00a0 a \u00a0continuaci\u00f3n: \u00a0\u00a0<\/p>\n<p>\u201cArt\u00edculo \u00a0 \u00a0368 \u00a0 \u00a0del \u00a0 \u00a0C\u00f3digo \u00a0Penal \u00a0\u00a0<\/p>\n<p>\u201cLos \u00a0que \u00a0ejecuten \u00a0actos \u00a0de \u00a0cultivo, \u00a0elaboraci\u00f3n \u00a0o \u00a0tr\u00e1fico, \u00a0o \u00a0de otro modo promuevan, favorezcan o faciliten el \u00a0consumo \u00a0ilegal de drogas t\u00f3xicas, estupefacientes o sustancias psicotr\u00f3picas, \u00a0o \u00a0las posean con aquellos fines, ser\u00e1n castigados con las penas de prisi\u00f3n de \u00a0tres \u00a0a \u00a0seis a\u00f1os y multa del tanto al triplo del valor de la droga objeto del \u00a0delito \u00a0si \u00a0se \u00a0tratare \u00a0de \u00a0sustancias \u00a0o productos que causen grave da\u00f1o a la \u00a0salud, \u00a0y \u00a0de \u00a0prisi\u00f3n \u00a0de \u00a0uno \u00a0a tres a\u00f1os y multa del tanto al duplo en los \u00a0dem\u00e1s casos. \u00a0\u00a0<\/p>\n<p>\u201cNo \u00a0obstante \u00a0lo \u00a0dispuesto \u00a0en el\u00a0 \u00a0p\u00e1rrafo \u00a0anterior, \u00a0los \u00a0tribunales podr\u00e1n imponer la pena inferior en grado a \u00a0las \u00a0 se\u00f1aladas \u00a0 en \u00a0 atenci\u00f3n \u00a0a \u00a0la \u00a0escasa \u00a0entidad \u00a0del \u00a0hecho \u00a0y \u00a0a \u00a0las \u00a0circunstancias \u00a0personales del culpable. No se podr\u00e1 hacer uso de esta facultad \u00a0si \u00a0concurriere \u00a0alguna \u00a0de \u00a0las \u00a0circunstancias a que se hace referencia en los \u00a0art\u00edculos 369 bis y 370. \u00a0\u00a0<\/p>\n<p>\u201cArt\u00edculo \u00a0369 \u00a0del \u00a0C\u00f3digo Penal 1. Se \u00a0impondr\u00e1n \u00a0las \u00a0penas \u00a0superiores \u00a0en \u00a0grado \u00a0a \u00a0las se\u00f1aladas en el art\u00edculo \u00a0anterior \u00a0y \u00a0multa \u00a0del \u00a0tanto \u00a0al \u00a0cu\u00e1druplo \u00a0cuando \u00a0concurra \u00a0alguna \u00a0de las \u00a0siguientes circunstancias: \u00a0\u00a0<\/p>\n<p>\u201c1. \u00a0 El \u00a0 culpable \u00a0 fuere \u00a0autoridad, \u00a0funcionario \u00a0p\u00fablico, \u00a0facultativo, \u00a0trabajador \u00a0social, \u00a0docente \u00a0o educador y \u00a0obrase en el ejercicio de su cargo, profesi\u00f3n u oficio. \u00a0\u00a0<\/p>\n<p>\u201c2. \u00a0El \u00a0culpable \u00a0participare \u00a0en \u00a0otras \u00a0actividades \u00a0organizadas \u00a0o \u00a0cuya \u00a0ejecuci\u00f3n se vea facilitada por la comisi\u00f3n \u00a0del delito. \u00a0\u00a0<\/p>\n<p>\u201c3. \u00a0Los \u00a0hechos \u00a0fueren \u00a0realizados \u00a0en \u00a0establecimientos \u00a0abiertos \u00a0al \u00a0p\u00fablico por los responsables o empleados de los \u00a0mismos. \u00a0\u00a0<\/p>\n<p>\u201c4. \u00a0Las \u00a0sustancias \u00a0a que se refiere el \u00a0art\u00edculo \u00a0anterior se faciliten a menores de 18 a\u00f1os, a disminuidos ps\u00edquicos \u00a0o \u00a0 \u00a0a \u00a0 \u00a0personas \u00a0 \u00a0sometidas \u00a0 \u00a0a \u00a0 \u00a0tratamiento \u00a0 \u00a0de \u00a0 \u00a0deshabituaci\u00f3n \u00a0 o \u00a0rehabilitaci\u00f3n. \u00a0\u00a0<\/p>\n<p>\u201c5. \u00a0Fuere \u00a0de \u00a0notoria \u00a0importancia \u00a0la \u00a0cantidad \u00a0de \u00a0las citadas sustancias objeto de las conductas a que se refiere el \u00a0art\u00edculo anterior. \u00a0\u00a0<\/p>\n<p>\u201c6. Las referidas sustancias se adulteren, \u00a0manipulen \u00a0o \u00a0mezclen entre s\u00ed o con otras, incrementando el posible da\u00f1o a la \u00a0salud. \u00a0\u00a0<\/p>\n<p>\u201c7. \u00a0 Las \u00a0conductas \u00a0descritas \u00a0en \u00a0el \u00a0art\u00edculo \u00a0anterior \u00a0docentes, \u00a0en \u00a0centros, establecimientos o establecimientos \u00a0penitenciarios o en centros rehabilitaci\u00f3n, o en sus proximidades. \u00a0\u00a0<\/p>\n<p>\u201c8. \u00a0El \u00a0culpable \u00a0empleare \u00a0violencia \u00a0o \u00a0exhibiere o hiciese uso de armas para cometer el hecho \u00a0\u00a0<\/p>\n<p>\u201cArt\u00edculo \u00a0 369 \u00a0 bis \u00a0 del \u00a0 C\u00f3digo \u00a0Penal \u00a0\u00a0<\/p>\n<p>\u201cCuando \u00a0los \u00a0hechos \u00a0descritos \u00a0en \u00a0el \u00a0art\u00edculo \u00a0368 \u00a0se hayan realizado por quienes pertenecieren a una organizaci\u00f3n \u00a0delictiva, \u00a0se \u00a0impondr\u00e1n \u00a0las \u00a0penas de prisi\u00f3n de nueve a doce a\u00f1os y multa \u00a0del \u00a0tanto \u00a0al \u00a0cuadruplo \u00a0del \u00a0valor \u00a0de la droga si se tratara de sustancias y \u00a0productos \u00a0que causen grave da\u00f1o\u00a0 a la salud y de prisi\u00f3n de cuatro a\u00f1os \u00a0y seis meses a diez a\u00f1os y la misma multa en los dem\u00e1s casos. \u00a0\u00a0<\/p>\n<p>\u201cA los jefes, encargados o administradores \u00a0de \u00a0la \u00a0organizaci\u00f3n se les impondr\u00e1 las\u00a0 penas superiores en grado a las \u00a0se\u00f1aladas en el p\u00e1rrafo primero. \u00a0\u00a0<\/p>\n<p>\u201cCuando \u00a0de acuerdo con lo establecido en \u00a0el \u00a0art\u00edculo \u00a031 \u00a0bis \u00a0una \u00a0persona \u00a0jur\u00eddica \u00a0sea \u00a0responsable de los delitos \u00a0recogidos \u00a0en \u00a0los \u00a0dos \u00a0art\u00edculos \u00a0anteriores, se le impondr\u00e1n las siguientes \u00a0penas: \u00a0\u00a0<\/p>\n<p>\u201ca. \u00a0Multa \u00a0de \u00a0dos \u00a0a cinco a\u00f1os, o del \u00a0triple \u00a0al \u00a0qu\u00edntuple del valor de la droga cuando la cantidad resultante fuese \u00a0m\u00e1s \u00a0elevada, \u00a0si \u00a0el delito cometido por la persona f\u00edsica tiene prevista una \u00a0pena de prisi\u00f3n de m\u00e1s de cinco a\u00f1os. \u00a0\u00a0<\/p>\n<p>\u201cb. Multa de uno a tres a\u00f1os, o del doble \u00a0al \u00a0cu\u00e1druple \u00a0del \u00a0valor \u00a0de la droga cuando la cantidad resultante fuese m\u00e1s \u00a0elevada, \u00a0si \u00a0el \u00a0delito cometido por la persona f\u00edsica tiene prevista una pena \u00a0de \u00a0 prisi\u00f3n \u00a0de \u00a0m\u00e1s \u00a0de \u00a0dos \u00a0a\u00f1os \u00a0no \u00a0incluida \u00a0en \u00a0el \u00a0anterior \u00a0inciso. \u00a0\u00a0<\/p>\n<p>\u201cAtendidas \u00a0las reglas establecidas en el \u00a0art\u00edculo \u00a066 \u00a0bis, \u00a0los \u00a0jueces y tribunales podr\u00e1n asimismo imponer las penas \u00a0recogidas en las letras b) a g) del apartado 7 del art\u00edculo 33\u201d. \u00a0\u00a0<\/p>\n<p>N\u00f3tese \u00a0 que \u00a0 aunque \u00a0 se \u00a0 utiliza \u00a0una \u00a0terminolog\u00eda \u00a0diferente \u00a0para \u00a0designar \u00a0los \u00a0tipos \u00a0mencionados, \u00a0su contenido \u00a0fenomenol\u00f3gico \u00a0se \u00a0percibe semejante, es decir, se trata de una incriminaci\u00f3n \u00a0simult\u00e1nea \u00a0respecto \u00a0de \u00a0los \u00a0hechos endilgados al requerido, adem\u00e1s, la pena \u00a0prevista \u00a0en \u00a0los \u00a0ordenamientos de ambos Estados, es superior a la requerida en \u00a0el Convenio de extradici\u00f3n. \u00a0\u00a0<\/p>\n<p>En nuestra legislaci\u00f3n penal los anteriores \u00a0supuestos \u00a0de \u00a0las \u00a0citadas \u00a0normas, \u00a0encuentran \u00a0correspondencia en la conducta \u00a0punible \u00a0de \u00a0tr\u00e1fico, \u00a0fabricaci\u00f3n \u00a0o \u00a0porte \u00a0de \u00a0estupefacientes, \u00a0seg\u00fan \u00a0el \u00a0art\u00edculo \u00a0376, \u00a0inciso \u00a01\u00b0, \u00a0del \u00a0C\u00f3digo \u00a0Penal, \u00a0el \u00a0cual contempla una pena \u00a0m\u00e1xima de 360 meses de prisi\u00f3n.\u00a0 \u00a0\u00a0<\/p>\n<p>Es as\u00ed como se cumple la exigencia prevista \u00a0dentro del mencionado Tratado de Extradici\u00f3n. \u00a0\u00a0<\/p>\n<p>3. \u00a0Mandamiento de \u00a0prisi\u00f3n \u00a0\u00a0<\/p>\n<p>En \u00a0el \u00a0art\u00edculo \u00a0VIII \u00a0del \u00a0Convenio \u00a0de \u00a0Extradici\u00f3n del 10 de octubre de 1892, se acord\u00f3 lo siguiente: \u00a0\u00a0<\/p>\n<p>\u201cArt\u00edculo \u00a08\u00b0. \u00a0La demanda de extradici\u00f3n ser\u00e1 presentada por \u00a0la v\u00eda diplom\u00e1tica y apoyada en los documentos siguientes: \u00a0\u00a0<\/p>\n<p>\u201c2\u00b0. \u00a0Cuando \u00a0se \u00a0refiera a un individuo \u00a0acusado \u00a0 o \u00a0 perseguido, \u00a0 se \u00a0requerir\u00e1 \u00a0copia \u00a0autorizada \u00a0del \u00a0mandamiento \u00a0 de \u00a0 prisi\u00f3n \u00a0o \u00a0auto \u00a0de \u00a0proceder \u00a0expedido contra \u00e9l, o de cualquiera otro documento que tenga la misma \u00a0fuerza \u00a0que \u00a0dicho \u00a0auto \u00a0y \u00a0precise \u00a0igualmente \u00a0los \u00a0hechos \u00a0denunciados \u00a0y la \u00a0disposici\u00f3n \u00a0que \u00a0les \u00a0sea \u00a0aplicable\u201d \u00a0(Negrilla y \u00a0subrayado fuera de texto). \u00a0\u00a0<\/p>\n<p>La \u00a0Resoluci\u00f3n \u00a0del \u00a013 \u00a0de \u00a0mayo \u00a0de 2011, \u00a0proferida \u00a0por \u00a0el \u00a0Juzgado \u00a0de \u00a0Instrucci\u00f3n No. 2 de Torrevieja (Alicante) las \u00a0diligencias \u00a0previas \u00a0N\u00b0 \u00a0001239\/2010, \u00a0en \u00a0la \u00a0cual se dispuso la prisi\u00f3n \u00a0provisional, \u00a0comunicada \u00a0y \u00a0sin \u00a0fianza \u00a0a \u00a0LUIS \u00a0FERNANDO MONSALVE NORE\u00d1A, \u00a0como \u00a0responsable \u00a0de \u00a0un delito contra la salud p\u00fablica con las \u00a0circunstancias \u00a0de \u00a0agravaci\u00f3n, cumple el presupuesto requerido en el enunciado \u00a0instrumento \u00a0internacional, toda vez que al ordenar la detenci\u00f3n del perseguido \u00a0con \u00a0argumentos \u00a0f\u00e1cticos \u00a0y \u00a0legales \u00a0coherentes, \u00a0que fundamentan su presunta \u00a0participaci\u00f3n \u00a0en \u00a0los \u00a0punibles \u00a0atribuidos, \u00a0torna \u00a0favorable \u00a0el concepto de \u00a0extradici\u00f3n. \u00a0\u00a0<\/p>\n<p>4. Procedencia de la extradici\u00f3n \u00a0<\/p>\n<p>Dentro \u00a0 de \u00a0la \u00a0obligaci\u00f3n \u00a0convencional \u00a0adquirida por las Partes se dispuso lo siguiente: \u00a0\u00a0<\/p>\n<p>\u201cArt\u00edculo 4\u00aa. \u00a0<\/p>\n<p>No \u00a0 \u00a0 habr\u00e1 \u00a0 \u00a0 lugar \u00a0 \u00a0 a \u00a0 \u00a0 la \u00a0extradici\u00f3n: \u00a0\u00a0<\/p>\n<p>\u201c1. \u00a0 \u00a0\u00a0 \u00a0\u00a0 \u00a0\u00a0 \u00a0\u00a0Cuando \u00a0se pida por un crimen o \u00a0delito \u00a0por \u00a0el cual el individuo reclamado sufre o ha sufrido ya la pena, o que \u00a0ha \u00a0 sido \u00a0 juzgado \u00a0 y \u00a0 absuelto \u00a0 en \u00a0 el \u00a0 territorio \u00a0 de \u00a0 la \u00a0otra \u00a0Parte \u00a0contratante. \u00a0\u00a0<\/p>\n<p>&#8220;2. \u00a0 \u00a0 \u00a0\u00a0 \u00a0\u00a0Si se ha cumplido la prescripci\u00f3n de la \u00a0acci\u00f3n \u00a0o \u00a0de \u00a0la \u00a0pena, \u00a0seg\u00fan \u00a0las \u00a0leyes \u00a0del \u00a0pa\u00eds \u00a0a \u00a0quien \u00a0el \u00a0reo sea \u00a0reclamado. \u00a0\u00a0<\/p>\n<p>(\u2026) \u00a0<\/p>\n<p>\u201cArt\u00edculo 5\u00aa. \u00a0<\/p>\n<p>\u201cNo \u00a0se conceder\u00e1 la extradici\u00f3n por \u00a0delitos \u00a0pol\u00edticos \u00a0o \u00a0por hechos que tengan conexi\u00f3n con ellos, y se estipula \u00a0expresamente \u00a0que el individuo cuya extradici\u00f3n se haya concedido no podr\u00e1 ser \u00a0perseguido, \u00a0 en \u00a0 ning\u00fan \u00a0 caso \u00a0 por \u00a0 delito \u00a0 pol\u00edtico \u00a0 anterior \u00a0 a \u00a0 la \u00a0extradici\u00f3n. \u00a0\u00a0<\/p>\n<p>(\u2026) \u00a0<\/p>\n<p>\u201cArt\u00edculo 6\u00aa. \u00a0<\/p>\n<p>\u201cTampoco \u00a0proceder\u00e1 la extradici\u00f3n por \u00a0cr\u00edmenes \u00a0o \u00a0delitos \u00a0perpetrados \u00a0con \u00a0anterioridad \u00a0a \u00a0las ratificaciones del \u00a0presente Convenio. \u00a0\u00a0<\/p>\n<p>\u201cToda \u00a0persona entregada solo podr\u00e1 ser \u00a0juzgada \u00a0 por \u00a0 el \u00a0 crimen \u00a0 que \u00a0 motivo \u00a0 la \u00a0extradici\u00f3n \u00a0(\u2026)\u201d. \u00a0\u00a0<\/p>\n<p>En observancia de estas disposiciones y en el \u00a0caso \u00a0concreto, \u00a0se \u00a0tiene \u00a0que \u00a0LUIS FERNANDO MONSALVE \u00a0NORE\u00d1A \u00a0es \u00a0el \u00a0sujeto \u00a0procesal \u00a0de \u00a0las diligencias \u00a0previas \u00a0No. \u00a0001239\/2010 \u00a0adelantadas \u00a0por \u00a0el Juzgado de Instrucci\u00f3n No. 2 de \u00a0Torrevieja \u00a0(Alicante), \u00a0quien a\u00fan no ha sido sentenciado, adem\u00e1s de que no se \u00a0trata de un delito pol\u00edtico. \u00a0\u00a0<\/p>\n<p>Ahora, en orden a valorar la prescripci\u00f3n de \u00a0la \u00a0acci\u00f3n \u00a0penal \u00a0deben \u00a0considerarse, \u00a0como \u00a0lo establece la Convenci\u00f3n, las \u00a0normas vigentes del pa\u00eds requerido. Obs\u00e9rvese: \u00a0\u00a0<\/p>\n<p>\u201cArt\u00edculo \u00a0 83. \u00a0(Ley \u00a0599 \u00a0de \u00a02000) \u00a0\u00a0<\/p>\n<p>La acci\u00f3n penal prescribir\u00e1 en un tiempo \u00a0igual \u00a0al \u00a0m\u00e1ximo \u00a0de \u00a0la \u00a0pena \u00a0fijada \u00a0en \u00a0la \u00a0ley, \u00a0si fuere privativa de la \u00a0libertad, \u00a0pero \u00a0en \u00a0ning\u00fan caso ser\u00e1 inferior a cinco (5) a\u00f1os, ni exceder\u00e1 \u00a0de \u00a020 \u00a0a\u00f1os, \u00a0salvo \u00a0lo \u00a0dispuesto \u00a0en \u00a0el inciso siguiente de \u00e9ste art\u00edculo \u00a0(&#8230;)\u201d. \u00a0\u00a0<\/p>\n<p>Por \u00a0las conductas delictivas atribuidas al \u00a0requerido \u00a0se inicio investigaci\u00f3n en el mes de abril del presente a\u00f1o, seg\u00fan \u00a0los \u00a0hechos \u00a0consignados \u00a0en precedencia, motivo por el cual, teniendo en cuenta \u00a0que \u00a0el \u00a0t\u00e9rmino \u00a0m\u00ednimo de la acci\u00f3n penal es de cinco (5) a\u00f1os, forzoso se \u00a0hace \u00a0concluir que desde la fecha en menci\u00f3n a la actualidad no ha transcurrido \u00a0el tiempo suficiente para su declaratoria. \u00a0\u00a0<\/p>\n<p>ACOTACI\u00d3N\u00a0 \u00a0FINAL \u00a0\u00a0<\/p>\n<p>Ata\u00f1e al Gobierno Nacional, si en ejercicio \u00a0de \u00a0su competencia as\u00ed lo estima, subordinar la concesi\u00f3n de la extradici\u00f3n a \u00a0las \u00a0exigencias \u00a0que \u00a0considere \u00a0oportunas, \u00a0demandando, \u00a0en \u00a0todo \u00a0caso, que el \u00a0solicitado \u00a0no \u00a0vaya \u00a0a \u00a0ser \u00a0condenado \u00a0a pena de muerte, ni juzgado por hechos \u00a0diversos \u00a0a \u00a0los \u00a0que \u00a0motivaron \u00a0la \u00a0solicitud \u00a0de extradici\u00f3n, ni por sucesos \u00a0anteriores \u00a0al \u00a017 \u00a0de \u00a0diciembre \u00a0de 1997, ni sometido a desaparici\u00f3n forzada, \u00a0torturas, \u00a0tratos \u00a0o penas crueles, inhumanas o degradantes, ni a la sanci\u00f3n de \u00a0destierro, \u00a0cadena perpetua o confiscaci\u00f3n, conforme lo establecen los 11, 12 y \u00a034 de la Carta Pol\u00edtica. \u00a0\u00a0<\/p>\n<p>Y \u00a0si la legislaci\u00f3n del Estado requirente \u00a0sanciona \u00a0con \u00a0la \u00a0muerte \u00a0el \u00a0injusto \u00a0origen de la extradici\u00f3n, la entrega se \u00a0condicionar\u00e1 \u00a0a \u00a0que esa pena sea conmutada, como lo prev\u00e9n los art\u00edculos 512 \u00a0de \u00a0la \u00a0Ley \u00a0600 de 2000, VI y XV de la Convenci\u00f3n de Extradici\u00f3n celebrada el \u00a023 \u00a0de \u00a0julio de 1892 entre la Rep\u00fablica de Colombia y el Reino de Espa\u00f1a y el \u00a0Protocolo Modificatorio hecho en Madrid el 16 de marzo de 1999. \u00a0\u00a0<\/p>\n<p>En \u00a0virtud \u00a0de lo dispuesto por el numeral \u00a02\u00ba \u00a0del \u00a0art\u00edculo \u00a0189 de la Constituci\u00f3n Pol\u00edtica, corresponde al Gobierno, \u00a0encabezado \u00a0por \u00a0el \u00a0se\u00f1or Presidente de la Rep\u00fablica como supremo director de \u00a0la \u00a0 pol\u00edtica \u00a0exterior \u00a0y \u00a0de \u00a0las \u00a0relaciones \u00a0internacionales, \u00a0realizar \u00a0el \u00a0respectivo \u00a0seguimiento \u00a0a los condicionamientos que se impongan a la concesi\u00f3n \u00a0de \u00a0la \u00a0extradici\u00f3n \u00a0y \u00a0determinar \u00a0las \u00a0consecuencias que se derivar\u00edan de su \u00a0eventual \u00a0incumplimiento. De \u00a0la \u00a0 \u00a0misma \u00a0 \u00a0manera, \u00a0 \u00a0hacer \u00a0 \u00a0los \u00a0 \u00a0pronunciamientos \u00a0 referentes \u00a0 a \u00a0 la \u00a0reciprocidad. \u00a0\u00a0<\/p>\n<p>No obstante, la Corte considera pertinente \u00a0precisar, \u00a0en \u00a0orden \u00a0a garantizar los derechos fundamentales del requerido que, \u00a0si \u00a0el \u00a0Gobierno Nacional lo considera pertinente, el Reino de Espa\u00f1a garantice \u00a0el \u00a0retorno \u00a0del \u00a0solicitado a Colombia en condiciones de dignidad y respeto por \u00a0la \u00a0persona \u00a0humana, \u00a0despu\u00e9s \u00a0de su liberaci\u00f3n por haber cumplido la pena que \u00a0pueda \u00a0corresponderle \u00a0por \u00a0el il\u00edcito origen de la solicitud de extradici\u00f3n y \u00a0por la cual \u00e9sta ser\u00e1 concedida.\u00a0\u00a0\u00a0\u00a0 \u00a0\u00a0<\/p>\n<p>Tambi\u00e9n \u00a0 le \u00a0corresponde \u00a0al \u00a0Gobierno \u00a0Nacional \u00a0condicionar \u00a0la \u00a0entrega \u00a0a \u00a0que el pa\u00eds reclamante, de acuerdo a sus \u00a0pol\u00edticas \u00a0internas \u00a0sobre \u00a0la \u00a0materia, \u00a0le ofrezca posibilidades racionales y \u00a0reales \u00a0para \u00a0que \u00a0el \u00a0requerido pueda tener contacto regular con sus familiares \u00a0m\u00e1s \u00a0cercanos, por cuanto el art\u00edculo 42 de la Constituci\u00f3n Pol\u00edtica de 1991 \u00a0reconoce \u00a0a \u00a0la \u00a0familia \u00a0como \u00a0n\u00facleo \u00a0esencial \u00a0de \u00a0la sociedad, garantiza su \u00a0protecci\u00f3n \u00a0y \u00a0reconoce su honra, dignidad e intimidad, lo cual se refuerza con \u00a0la \u00a0protecci\u00f3n prodigada a ese n\u00facleo por la Convenci\u00f3n Americana de Derechos \u00a0Humanos \u00a0en \u00a0su \u00a0art\u00edculo \u00a017 \u00a0y \u00a0el \u00a0Pacto Internacional de Derechos Civiles y \u00a0Pol\u00edticos en el 23. \u00a0\u00a0<\/p>\n<p>Adem\u00e1s, \u00a0el \u00a0Gobierno Nacional debe hacer \u00a0las \u00a0exigencias \u00a0que \u00a0estime convenientes en orden a que en el Estado reclamante \u00a0se \u00a0le \u00a0reconozcan \u00a0todos \u00a0los derechos y garant\u00edas inherentes a la persona del \u00a0solicitado, \u00a0en \u00a0especial \u00a0las \u00a0contenidas \u00a0en \u00a0la \u00a0Carta \u00a0Fundamental \u00a0y \u00a0en el \u00a0denominado \u00a0bloque \u00a0de \u00a0constitucionalidad, \u00a0es \u00a0decir, \u00a0en \u00a0aquellos \u00a0convenios \u00a0internacionales \u00a0ratificados \u00a0por \u00a0Colombia que consagran y desarrollan derechos \u00a0humanos \u00a0 (art\u00edculo \u00a0 93 \u00a0 de \u00a0 la \u00a0 Constituci\u00f3n, \u00a0Declaraci\u00f3n \u00a0Universal \u00a0de \u00a0Derechos Humanos, Convenci\u00f3n Americana de Derechos \u00a0Humanos, \u00a0Pacto \u00a0Internacional \u00a0de \u00a0Derechos \u00a0Civiles \u00a0y Pol\u00edticos), \u00a0en \u00a0virtud \u00a0del \u00a0deber \u00a0de \u00a0protecci\u00f3n a esos derechos que para \u00a0todas \u00a0las \u00a0autoridades \u00a0p\u00fablicas \u00a0emana del art\u00edculo 2\u00ba ib\u00eddem.1 \u00a0\u00a0<\/p>\n<p>As\u00ed \u00a0mismo, \u00a0el \u00a0Gobierno \u00a0Nacional ha de \u00a0advertir \u00a0a \u00a0su \u00a0hom\u00f3logo \u00a0del \u00a0Estado requirente, que en el presente evento la \u00a0persona \u00a0solicitada \u00a0en \u00a0extradici\u00f3n \u00a0ha permanecido privada de la libertad por \u00a0raz\u00f3n de este tr\u00e1mite. \u00a0\u00a0<\/p>\n<p>Concluida la valoraci\u00f3n de los presupuestos \u00a0exigidos \u00a0en el Convenio de Extradici\u00f3n\u00a0 del 23 de julio de 1892, recogido \u00a0en \u00a0la \u00a0legislaci\u00f3n mediante la Ley 35 del 10 de octubre de 1892, y en el\u00a0 \u00a0Protocolo \u00a0Modificatorio \u00a0del \u00a016 \u00a0de \u00a0marzo \u00a0de 1999, aprobado en la Ley 876 de \u00a02004, \u00a0la \u00a0Corte CONCEPT\u00daA FAVORABLEMENTE \u00a0a \u00a0la \u00a0solicitud \u00a0de \u00a0extradici\u00f3n \u00a0hecha \u00a0por \u00a0el \u00a0Reino Espa\u00f1ol \u00a0mediante \u00a0Nota \u00a0Verbal \u00a0No. \u00a0318\/2011 \u00a0del \u00a023 \u00a0de \u00a0junio \u00a0de 2011, respecto del \u00a0ciudadano \u00a0colombiano \u00a0LUIS FERNANDO MONSALVE NORE\u00d1A, \u00a0por \u00a0 los \u00a0 presuntos \u00a0 delitos \u00a0contra \u00a0\u201cla salud p\u00fablica\u201d. \u00a0\u00a0<\/p>\n<p>Comun\u00edquese \u00a0 esta \u00a0 determinaci\u00f3n \u00a0 al \u00a0requerido \u00a0 \u00a0ciudadano \u00a0 \u00a0LUIS \u00a0 FERNANDO \u00a0 MONSALVE \u00a0NORE\u00d1A, \u00a0a su defensor, al Ministerio P\u00fablico y a la \u00a0se\u00f1ora \u00a0 Fiscal \u00a0 General \u00a0 de \u00a0 la \u00a0 Naci\u00f3n, \u00a0 para \u00a0 lo \u00a0 de\u00a0 \u00a0su\u00a0 \u00a0cargo. \u00a0\u00a0<\/p>\n<p>Devu\u00e9lvase el expediente al Ministerio del \u00a0Interior y de Justicia, para lo de ley. \u00a0\u00a0<\/p>\n<p>JAVIER\u00a0 ZAPATA ORTIZ \u00a0<\/p>\n<p>JOS\u00c9 \u00a0LUIS \u00a0BARCEL\u00d3 CAMACHO \u00a0 \u00a0 \u00a0\u00a0 \u00a0\u00a0 \u00a0\u00a0 \u00a0\u00a0 \u00a0\u00a0 \u00a0 \u00a0 \u00a0 \u00a0 \u00a0 JOS\u00c9 \u00a0 LEONIDAS \u00a0 BUSTOS \u00a0MART\u00cdNEZ \u00a0 \u00a0 \u00a0 \u00a0 \u00a0\u00a0<\/p>\n<p>FERNANDO \u00a0 \u00a0 \u00a0ALBERTO \u00a0 \u00a0 \u00a0CASTRO \u00a0CABALLERO \u00a0\u00a0 \u00a0\u00a0 \u00a0\u00a0 \u00a0\u00a0SIGIFREDO \u00a0ESPINOSA P\u00c9REZ \u00a0\u00a0 \u00a0 \u00a0\u00a0 \u00a0 \u00a0\u00a0<\/p>\n<p>MAR\u00cdA \u00a0 DEL \u00a0 ROSARIO \u00a0 GONZ\u00c1LEZ \u00a0 DE \u00a0LEMOS \u00a0 \u00a0 \u00a0 \u00a0 \u00a0 \u00a0 \u00a0\u00a0AUGUSTO J. IB\u00c1\u00d1EZ GUZM\u00c1N \u00a0\u00a0<\/p>\n<p>JULIO ENRIQUE SOCHA SALAMANCA \u00a0<\/p>\n<p>NUBIA YOLANDA NOVA GARC\u00cdA \u00a0<\/p>\n<p>Secretaria \u00a0<\/p>\n<p>\u00a0 \u00a0\u00a0<\/p>\n<p>1 As\u00ed, \u00a0con \u00a0arreglo \u00a0al \u00a0art\u00edculo \u00a029 \u00a0de \u00a0la \u00a0Carta; \u00a0a \u00a0los \u00a0art\u00edculos 9 y 10 de la \u00a0Declaraci\u00f3n \u00a0Universal \u00a0de \u00a0Derechos Humanos, 5-3.6, \u00a07-2.5, \u00a08-1.2(a)(b)(c)(d)(e)(f)(g)(h).3.4.5, \u00a09 \u00a0de \u00a0la Convenci\u00f3n Americana de \u00a0Derechos \u00a0Humanos, \u00a09-2.3, 10-1.2.3, 14-1.2.3,5, y 15 del Pacto Internacional de \u00a0Derechos \u00a0Civiles y Pol\u00edticos, el Gobierno Nacional debe condicionar la entrega \u00a0de \u00a0un \u00a0compatriota, \u00a0si \u00a0concede \u00a0la \u00a0extradici\u00f3n, \u00a0a \u00a0que \u00a0se \u00a0le respeten al \u00a0extraditado \u00a0 \u2013como \u00a0a \u00a0cualquier \u00a0otro nacional en las mismas condiciones- todas las garant\u00edas debidas \u00a0a \u00a0su \u00a0condici\u00f3n de justiciable, en particular, a que tenga acceso a un proceso \u00a0p\u00fablico \u00a0sin \u00a0dilaciones \u00a0injustificadas, \u00a0a que se presuma su inocencia, a que \u00a0cuente \u00a0con \u00a0un \u00a0int\u00e9rprete, a que tenga un defensor designado por \u00e9l o por el \u00a0Estado, \u00a0a \u00a0que \u00a0se le conceda el tiempo y los medios adecuados para que prepare \u00a0la \u00a0defensa, \u00a0a presentar pruebas y controvertir las que se aduzcan en contra, a \u00a0que \u00a0su \u00a0situaci\u00f3n \u00a0de \u00a0privaci\u00f3n \u00a0de la libertad se desarrolle en condiciones \u00a0dignas, \u00a0a que la eventual pena que se le imponga no trascienda de su persona, a \u00a0que \u00a0la \u00a0sanci\u00f3n \u00a0pueda \u00a0ser \u00a0apelada \u00a0ante un tribunal superior, a que la pena \u00a0privativa \u00a0de \u00a0la libertad tenga la finalidad esencial \u00a0de reforma y readaptaci\u00f3n social. \u00a0 \u00a0\u00a0<\/p>\n<p><\/p>\n","protected":false},"excerpt":{"rendered":"<p>\u00a0 \u00a0 \u00a0\u00a0 Proceso n.\u00ba 36905 \u00a0 CORTE SUPREMA DE JUSTICIA \u00a0 SALA DE CASACI\u00d3N PENAL \u00a0 Magistrado Ponente \u00a0 JOS\u00c9 LUIS BARCEL\u00d3 CAMACHO \u00a0 Aprobado acta N\u00ba\u00a0 357 \u00a0 Bogot\u00e1, \u00a0D. C., cinco (5) de octubre de dos \u00a0mil once (2011) \u00a0\u00a0 V I S T O S \u00a0 Procede \u00a0la \u00a0Corte \u00a0a \u00a0conceptuar [&hellip;]<\/p>\n","protected":false},"author":1,"featured_media":0,"comment_status":"open","ping_status":"open","sticky":false,"template":"","format":"standard","meta":{"footnotes":""},"categories":[19],"tags":[],"class_list":["post-22966","post","type-post","status-publish","format-standard","hentry","category-19"],"_links":{"self":[{"href":"https:\/\/dmsjuridica.com\/buscador_20179478954\/salapenalcronologico20230723\/wp-json\/wp\/v2\/posts\/22966","targetHints":{"allow":["GET"]}}],"collection":[{"href":"https:\/\/dmsjuridica.com\/buscador_20179478954\/salapenalcronologico20230723\/wp-json\/wp\/v2\/posts"}],"about":[{"href":"https:\/\/dmsjuridica.com\/buscador_20179478954\/salapenalcronologico20230723\/wp-json\/wp\/v2\/types\/post"}],"author":[{"embeddable":true,"href":"https:\/\/dmsjuridica.com\/buscador_20179478954\/salapenalcronologico20230723\/wp-json\/wp\/v2\/users\/1"}],"replies":[{"embeddable":true,"href":"https:\/\/dmsjuridica.com\/buscador_20179478954\/salapenalcronologico20230723\/wp-json\/wp\/v2\/comments?post=22966"}],"version-history":[{"count":0,"href":"https:\/\/dmsjuridica.com\/buscador_20179478954\/salapenalcronologico20230723\/wp-json\/wp\/v2\/posts\/22966\/revisions"}],"wp:attachment":[{"href":"https:\/\/dmsjuridica.com\/buscador_20179478954\/salapenalcronologico20230723\/wp-json\/wp\/v2\/media?parent=22966"}],"wp:term":[{"taxonomy":"category","embeddable":true,"href":"https:\/\/dmsjuridica.com\/buscador_20179478954\/salapenalcronologico20230723\/wp-json\/wp\/v2\/categories?post=22966"},{"taxonomy":"post_tag","embeddable":true,"href":"https:\/\/dmsjuridica.com\/buscador_20179478954\/salapenalcronologico20230723\/wp-json\/wp\/v2\/tags?post=22966"}],"curies":[{"name":"wp","href":"https:\/\/api.w.org\/{rel}","templated":true}]}}