{"id":22903,"date":"2023-09-12T16:35:06","date_gmt":"2023-09-12T16:35:06","guid":{"rendered":"https:\/\/dmsjuridica.com\/buscador_20179478954\/salapenalcronologico20230723\/2023\/09\/12\/3677322-06-11\/"},"modified":"2023-09-12T16:35:06","modified_gmt":"2023-09-12T16:35:06","slug":"3677322-06-11","status":"publish","type":"post","link":"https:\/\/dmsjuridica.com\/buscador_20179478954\/salapenalcronologico20230723\/2023\/09\/12\/3677322-06-11\/","title":{"rendered":"36773(22-06-11)"},"content":{"rendered":"\n<p>\u00a0 \u00a0 Proceso n.\u00ba 36773 \u00a0<\/p>\n<p>CORTE SUPREMA DE JUSTICIA \u00a0<\/p>\n<p>SALA \u00a0 DE \u00a0 CASACI\u00d3N \u00a0PENAL \u00a0\u00a0<\/p>\n<p>Magistrado \u00a0Ponente \u00a0\u00a0<\/p>\n<p>\u00a0\u00a0\u00a0\u00a0\u00a0\u00a0\u00a0 \u00a0FERNANDO ALBERTO CASTRO CABALLERO \u00a0\u00a0<\/p>\n<p>\u00a0\u00a0\u00a0\u00a0\u00a0\u00a0\u00a0\u00a0\u00a0\u00a0\u00a0\u00a0\u00a0\u00a0\u00a0 \u00a0Aprobado \u00a0 \u00a0acta \u00a0 \u00a0N\u00ba \u00a0209 \u00a0\u00a0<\/p>\n<p>Bogot\u00e1, \u00a0 \u00a0D.C., \u00a0veintid\u00f3s (22) de junio de dos mil once (2011). \u00a0\u00a0<\/p>\n<p>V \u00a0 I \u00a0 S \u00a0 T \u00a0 O \u00a0S \u00a0\u00a0<\/p>\n<p>La \u00a0Sala resuelve la solicitud de cambio de \u00a0radicaci\u00f3n \u00a0del \u00a0proceso, \u00a0seg\u00fan \u00a0peticiones formuladas por la Procuradora 182 \u00a0Judicial \u00a0II \u00a0y \u00a0el \u00a0titular del Juzgado \u00danico Penal del Circuito Especializado \u00a0con \u00a0funciones \u00a0de conocimiento de Arauca, que se adelanta contra Jos\u00e9 Diomedes \u00a0Gamboa \u00a0Giraldo, \u00a0Nelson Archila Romero y Robins\u00f3n Adri\u00e1n Ortega, en el citado \u00a0despacho \u00a0judicial, \u00a0derivado del escrito de acusaci\u00f3n presentado por el Fiscal \u00a052 \u00a0 de \u00a0 la \u00a0Unidad \u00a0Nacional \u00a0de \u00a0Derechos \u00a0Humanos \u00a0y \u00a0Derecho \u00a0Internacional \u00a0Humanitario, \u00a0 por \u00a0 los \u00a0 delitos \u00a0 de \u00a0 rebeli\u00f3n \u00a0 y \u00a0 homicidio \u00a0en \u00a0persona \u00a0protegida. \u00a0\u00a0<\/p>\n<p>HECHOS Y ACTUACI\u00d3N PROCESAL \u00a0<\/p>\n<p>\u00a0\u00a0\u00a0\u00a0\u00a0\u00a0\u00a0\u00a0\u00a0\u00a0\u00a0\u00a0\u00a0\u00a0\u00a0\u00a0\u00a0\u00a0\u00a0\u00a0\u00a0\u00a0\u00a0\u00a0\u00a0\u00a0\u00a0\u00a0\u00a0\u00a0\u00a0\u00a0\u00a0 \u00a0\u00a0<\/p>\n<p>1. \u00a0Conforme \u00a0al \u00a0escrito de acusaci\u00f3n, se \u00a0conoce \u00a0que \u00a0el \u00a022 de marzo de 2011, siendo las 7: 55 de la ma\u00f1ana, la doctora \u00a0Gloria \u00a0Constanza \u00a0Gaona \u00a0Rangel, \u00a0quien fung\u00eda como Juez Penal del Circuito de \u00a0Saravena \u00a0(Arauca), cuando se movilizaba en compa\u00f1\u00eda de una funcionaria de ese \u00a0despacho \u00a0judicial, \u00a0m\u00e1s \u00a0concretamente \u00a0en \u00a0la \u00a0carrera 29 con calle 16 de esa \u00a0localidad, \u00a0fue \u00a0impactada \u00a0por \u00a05 disparos de arma de fuego, que le causaron la \u00a0muerte de manera instant\u00e1nea. \u00a0\u00a0<\/p>\n<p>De acuerdo con los datos recaudados por los \u00a0investigadores \u00a0por raz\u00f3n del citado homicidio, igualmente se conoce que en ese \u00a0municipio \u00a0opera \u00a0desde \u00a0hace \u00a0varias \u00a0d\u00e9cadas \u00a0el \u00a0grupo \u00a0al \u00a0margen de la ley \u00a0conocido como ELN. \u00a0\u00a0<\/p>\n<p>As\u00ed \u00a0mismo, se arrib\u00f3 al conocimiento que \u00a0la \u00a0muerte \u00a0de \u00a0la \u00a0funcionaria \u00a0judicial fue ordenada por los comandantes de la \u00a0comisi\u00f3n \u00a0Ernesto \u00a0Che \u00a0Guevara del frente Domingo La\u00edn, identificados con los \u00a0nombres \u00a0Juan de Dios Lizarazo Astroza y Hernando Silva Chapeta, designando para \u00a0ese \u00a0efecto \u00a0a \u00a0Nelson \u00a0Archila Romero, quien el 22 de marzo de esa anualidad se \u00a0desplaz\u00f3 \u00a0a \u00a0Saravena, junto con Jos\u00e9 Diomedes Gamboa Giraldo y Esneider Amado \u00a0Barbosa, \u00a0 milicianos \u00a0 pertenecientes \u00a0 a \u00a0 esa \u00a0 agrupaci\u00f3n \u00a0ilegal, \u00a0quienes \u00a0colaboraron \u00a0con \u00a0este \u00a0homicidio, en tanto apeados en una motocicleta vigilaron \u00a0el \u00a0lugar, \u00a0ayudaron a ejecutar a la juez (q.e.p.d) y permitieron la fuga de los \u00a0autores materiales, una vez consumado el hecho delictual. \u00a0\u00a0<\/p>\n<p>2. \u00a0Por \u00a0los anteriores hechos, el Delegado \u00a0del \u00a0Fiscal \u00a0General \u00a0de \u00a0la \u00a0Naci\u00f3n en precedencia rese\u00f1ado, el 30 de mayo de \u00a02011, \u00a0present\u00f3 \u00a0escrito \u00a0de \u00a0acusaci\u00f3n \u00a0contra Jos\u00e9 Diomedes Gamboa Giraldo, \u00a0Nelson \u00a0Archila Romero y Robins\u00f3n Adri\u00e1n Ortega por los delitos de rebeli\u00f3n y \u00a0homicidio en persona protegida. \u00a0\u00a0<\/p>\n<p>3. \u00a0La Procuradora 182 Judicial II Penal de \u00a0Arauca, \u00a0mediante \u00a0escrito \u00a0del \u00a014 \u00a0de \u00a0julio \u00a0de \u00a02011, solicit\u00f3 el cambio de \u00a0radicaci\u00f3n, \u00a0basada \u00a0en \u00a0que en los municipios que conforman el Departamento de \u00a0Arauca, \u00a0\u201cteniendo como caso de connotaci\u00f3n, entre \u00a0otros, \u00a0el \u00a0homicidio \u00a0de \u00a0la \u00a0doctora \u00a0Gloria \u00a0Constanza \u00a0Gaona, Juez Penal del \u00a0Circuito \u00a0de \u00a0Saravena, \u00a0al \u00a0parecer \u00a0por \u00a0grupos \u00a0armados \u00a0ilegales\u2026, dada la \u00a0condici\u00f3n \u00a0fronteriza \u00a0con la Rep\u00fablica Bolivariana de Venezuela, las finanzas \u00a0provenientes \u00a0de \u00a0hidrocarburos \u00a0y la implementaci\u00f3n de cultivos il\u00edcitos, han \u00a0convertido \u00a0este territorio en escenario de confrontaci\u00f3n armada que ha causado \u00a0graves \u00a0violaciones \u00a0a \u00a0los derechos fundamentales de la poblaci\u00f3n civil, y una \u00a0amenaza \u00a0constante para los servidores p\u00fablicos que act\u00faan en esta zona en pro \u00a0de \u00a0 la \u00a0 institucionalidad \u00a0 y \u00a0 salvaguarda \u00a0 de \u00a0 la \u00a0 Constituci\u00f3n \u00a0 y \u00a0 la \u00a0ley.\u201d \u00a0\u00a0<\/p>\n<p>Como \u00a0elementos \u00a0de \u00a0juicio \u00a0sustento de su \u00a0petici\u00f3n, \u00a0incorpora \u00a0la \u00a0Nota de Seguimiento para la Evaluaci\u00f3n de Riesgos de \u00a0la \u00a0Poblaci\u00f3n Civil, derivado del conflicto armado de la Defensor\u00eda del Pueblo \u00a0y \u00a0el \u00a0informe de la Polic\u00eda Nacional de las acciones delictuales y terroristas \u00a0atribuidas \u00a0 al \u00a0 ELN, \u00a0 en \u00a0Arauca \u00a0y \u00a0respecto \u00a0a \u00a0lo \u00a0transcurrido \u00a0del \u00a0a\u00f1o \u00a02011. \u00a0\u00a0<\/p>\n<p>4. \u00a0El titular del Juzgado \u00danico Penal del \u00a0Circuito \u00a0Especializado \u00a0con \u00a0funciones \u00a0de conocimiento de esa capital, a quien \u00a0por \u00a0competencia corresponde conocer de este caso, mediante auto del 14 de julio \u00a0del \u00a02011, \u00a0dispuso \u00a0la \u00a0remisi\u00f3n \u00a0del \u00a0diligenciamiento \u00a0a \u00a0la \u00a0Corte para que \u00a0resolviera de plano la petici\u00f3n de cambio de radicaci\u00f3n. \u00a0\u00a0<\/p>\n<p>De \u00a0igual manera, con apego en el art\u00edculo \u00a047 \u00a0de \u00a0la \u00a0Ley \u00a0906 \u00a0de \u00a02004, \u00a0que rige a este tr\u00e1mite, coadyuva el pedido de \u00a0cambio \u00a0de \u00a0radicaci\u00f3n \u00a0por \u00a0las \u00a0razones \u00a0expuestas \u00a0por \u00a0la representante del \u00a0Ministerio \u00a0P\u00fablico, \u00a0m\u00e1xime \u00a0cuando \u00a0en \u00a0la \u00a0sede \u00a0de \u00a0su despacho no existen \u00a0\u201clas \u00a0 condiciones \u00a0 necesarias \u00a0 para \u00a0el \u00a0normal \u00a0desarrollo \u00a0de \u00a0este proceso\u201d, puesto que las partes \u00a0que \u00a0en \u00a0\u00e9l \u00a0intervienen, \u00a0corren \u00a0peligro \u00a0de \u00a0afectar \u00a0su \u00a0vida \u00a0e integridad \u00a0personal, \u00a0debido \u00a0a \u00a0la \u00a0situaci\u00f3n \u00a0anormal \u00a0que rodea al distrito judicial de \u00a0Arauca. \u00a0\u00a0<\/p>\n<p>CONSIDERACIONES DE LA CORTE \u00a0<\/p>\n<p>1. \u00a0De \u00a0acuerdo con el art\u00edculo 32 numeral \u00a08\u00b0, \u00a0de \u00a0la \u00a0Ley \u00a0906 \u00a0de 2004, la Sala de Casaci\u00f3n Penal es la competente, en \u00a0orden \u00a0a \u00a0resolver \u00a0la solicitud de cambio de radicaci\u00f3n de procesos penales de \u00a0un \u00a0distrito \u00a0judicial \u00a0a \u00a0otro \u00a0durante \u00a0el \u00a0juzgamiento, \u00a0como \u00a0sucede en este \u00a0evento. \u00a0\u00a0<\/p>\n<p>2. \u00a0Este \u00a0instituto, \u00a0como \u00a0excepci\u00f3n \u00a0a las \u00a0reglas \u00a0de competencia por el factor territorial, procede cuando se acredita, en \u00a0debida \u00a0 forma, \u00a0 que \u00a0 en \u00a0 el \u00a0lugar \u00a0donde \u00a0se \u00a0adelanta \u00a0el \u00a0juicio \u00a0existen \u00a0circunstancias \u00a0que \u00a0pueden \u00a0afectar \u00a0el \u00a0orden \u00a0p\u00fablico, la imparcialidad o la \u00a0independencia \u00a0de \u00a0la administraci\u00f3n de justicia, las garant\u00edas procesales, la \u00a0publicidad \u00a0 del \u00a0 juzgamiento, \u00a0la \u00a0seguridad \u00a0o \u00a0integridad \u00a0personal \u00a0de \u00a0los \u00a0intervinientes, \u00a0de \u00a0las \u00a0v\u00edctimas o de los funcionarios judiciales1. \u00a0\u00a0<\/p>\n<p>Por \u00a0 tanto, \u00a0 el \u00a0 peticionario \u00a0 debe \u00a0cumplir \u00a0con los siguientes \u00a0requisitos: \u00a0 \u00a0 (i) \u00a0el \u00a0dirigirse \u00a0al \u00a0juez \u00a0que \u00a0est\u00e9 \u00a0conociendo \u00a0del \u00a0proceso, \u00a0(ii) sustentar debidamente la solicitud y (iii) acompa\u00f1ar las pruebas \u00a0en \u00a0que se funda2, \u00a0el \u00a0cual \u00a0remitir\u00e1 la actuaci\u00f3n al superior funcional para que \u00a0decida. \u00a0\u00a0<\/p>\n<p>3. En el supuesto que ocupa la atenci\u00f3n de \u00a0la \u00a0Sala, \u00a0la \u00a0representante \u00a0del \u00a0Ministerio \u00a0P\u00fablico y el titular del Juzgado \u00a0\u00danico \u00a0Penal de Circuito Especializado con funciones de conocimiento de Arauca, \u00a0apoyados \u00a0en \u00a0el \u00a0argumento, \u00a0seg\u00fan \u00a0el \u00a0cual, \u00a0en ese departamento no se puede \u00a0adelantar \u00a0el \u00a0juicio, \u00a0puesto \u00a0que \u00a0se pondr\u00eda en peligro la vida e integridad \u00a0personal \u00a0de \u00a0los \u00a0funcionarios \u00a0judiciales, de los intervinientes al tr\u00e1mite y \u00a0atentar\u00eda \u00a0contra \u00a0el \u00a0orden \u00a0p\u00fablico, \u00a0para \u00a0lo \u00a0cual incorporan dos informes \u00a0demostrativos \u00a0que en ese territorio no se puede administrar una pronta y debida \u00a0justicia \u00a0 \u00a0por \u00a0 \u00a0las \u00a0 \u00a0razones \u00a0 \u00a0expuestas, \u00a0 \u00a0solicitan \u00a0 \u00a0el \u00a0 cambio \u00a0 de \u00a0radicaci\u00f3n. \u00a0\u00a0<\/p>\n<p>Conforme \u00a0a \u00a0los \u00a0citados \u00a0argumentos y las \u00a0pruebas \u00a0en \u00a0que \u00a0fundan \u00a0las peticiones, sin duda demuestran la alteraci\u00f3n del \u00a0orden \u00a0p\u00fablico \u00a0en \u00a0esa \u00a0regi\u00f3n \u00a0del \u00a0pa\u00eds, \u00a0al \u00a0punto que se ha pedido a las \u00a0autoridades \u00a0 reforzar \u00a0los \u00a0dispositivos \u00a0de \u00a0seguridad \u00a0y \u00a0protecci\u00f3n \u00a0de \u00a0la \u00a0poblaci\u00f3n, \u00a0como \u00a0mecanismos \u00a0para \u00a0minimizar \u00a0el riesgo de atentados contra la \u00a0vida, \u00a0 integridad \u00a0y \u00a0libertad \u00a0de \u00a0las \u00a0personas \u00a0amenazadas \u00a0(informe \u00a0de \u00a0la \u00a0Defensor\u00eda del Pueblo). \u00a0\u00a0<\/p>\n<p>De \u00a0igual \u00a0manera, se colige con el informe \u00a0que \u00a0rindi\u00f3 \u00a0la \u00a0Polic\u00eda \u00a0Nacional, \u00a0Departamento \u00a0de \u00a0Arauca, que el grupo al \u00a0margen \u00a0de \u00a0la \u00a0ley \u00a0que se le atribuye la muerte de la doctora Gloria Constanza \u00a0Gaona \u00a0Rangel, \u00a0ha \u00a0realizado actividades il\u00edcitas en los municipios de Arauca, \u00a0Saravena, \u00a0Fortul, \u00a0Tame \u00a0y \u00a0Arauquita, entre los que se destaca los punibles de \u00a0homicidio, \u00a0 secuestro, \u00a0extorsi\u00f3n \u00a0y \u00a0\u201cpirater\u00eda \u00a0terrestre\u201d. \u00a0\u00a0<\/p>\n<p>En \u00a0consecuencia, \u00a0seg\u00fan \u00a0las \u00a0anteriores \u00a0afirmaciones \u00a0es \u00a0claro \u00a0predicar \u00a0que \u00a0en esa regi\u00f3n del pa\u00eds y por raz\u00f3n de \u00a0este \u00a0proceso, \u00a0se \u00a0presentan \u00a0hechos \u00a0que \u00a0permiten suponer fundadamente que no \u00a0existen \u00a0las \u00a0condiciones necesarias para el normal desarrollo del proceso y por \u00a0ende, \u00a0las \u00a0mismas afectan la seguridad e integridad de los intervinientes y del \u00a0funcionario \u00a0 \u00a0judicial \u00a0 \u00a0que \u00a0 \u00a0le \u00a0 \u00a0corresponde \u00a0 proferir \u00a0 el \u00a0 fallo \u00a0 de \u00a0m\u00e9rito. \u00a0\u00a0<\/p>\n<p>La \u00a0 anterior \u00a0 conclusi\u00f3n \u00a0 no \u00a0es \u00a0una \u00a0afirmaci\u00f3n \u00a0insular de la Sala, puesto que por raz\u00f3n del mencionado homicidio, \u00a0derivado \u00a0de \u00a0peticiones \u00a0elevadas \u00a0por la Sala \u00danica de Decisi\u00f3n del Tribunal \u00a0Superior \u00a0de \u00a0Arauca \u00a0y \u00a0el se\u00f1or Ministro del Interior y de Justicia, mediante \u00a0auto \u00a0del \u00a08 \u00a0de \u00a0abril \u00a0del \u00a0a\u00f1o en curso, dispuso el cambio de radicaci\u00f3n de \u00a0plurales \u00a0 procesos \u00a0 que \u00a0 adelantaba \u00a0 el \u00a0 Juzgado \u00a0 Penal \u00a0del \u00a0Circuito \u00a0de \u00a0Saravena,\u00a0 \u00a0 dado \u00a0 que \u00a0 ese \u00a0 doloroso \u00a0 hecho \u00a0afectaba \u00a0\u201c \u00a0el \u00a0orden \u00a0p\u00fablico \u00a0y \u00a0la administraci\u00f3n de justicia, generando \u00a0temor \u00a0en \u00a0los \u00a0funcionarios \u00a0judiciales \u00a0y \u00a0en \u00a0aquellas personas que tienen la \u00a0condici\u00f3n \u00a0 bien \u00a0 de \u00a0 sujetos \u00a0 procesales \u00a0o \u00a0de \u00a0intervinientes\u201d. \u00a0\u00a0<\/p>\n<p>Precisamente, \u00a0en \u00a0este diligenciamiento se \u00a0est\u00e1 \u00a0discutiendo \u00a0el \u00a0compromiso \u00a0penal \u00a0de los acusados en el homicidio de la \u00a0citada \u00a0funcionaria \u00a0judicial, \u00a0personas que, conforme al escrito de acusaci\u00f3n, \u00a0pertenecen \u00a0al \u00a0grupo \u00a0al margen de la ley que presuntamente orden\u00f3 el atentado \u00a0contra la vida. \u00a0\u00a0<\/p>\n<p>En \u00a0consecuencia, \u00a0se \u00a0ordenar\u00e1 radicar el \u00a0conocimiento \u00a0 de \u00a0 este \u00a0 asunto, \u00a0 en \u00a0 los \u00a0 Juzgados \u00a0Penales \u00a0del \u00a0Circuito \u00a0Especializados de Cundinamarca (reparto). \u00a0\u00a0<\/p>\n<p>\u00a0 \u00a0\u00a0 \u00a0\u00a0 \u00a0En \u00a0m\u00e9rito \u00a0de \u00a0lo \u00a0expuesto, \u00a0la \u00a0CORTE \u00a0SUPREMA \u00a0 \u00a0 DE \u00a0 \u00a0 JUSTICIA, \u00a0 \u00a0 SALA \u00a0 \u00a0 DE \u00a0 \u00a0 CASACI\u00d3N \u00a0 \u00a0 PENAL, \u00a0\u00a0<\/p>\n<p>RESUELVE: \u00a0<\/p>\n<p>\u00a0 \u00a0\u00a0<\/p>\n<p>1. ACCEDER \u00a0 \u00a0 \u00a0 \u00a0 \u00a0 al\u00a0 \u00a0cambio de radicaci\u00f3n solicitado \u00a0por \u00a0 \u00a0 la\u00a0\u00a0 \u00a0representante\u00a0 \u00a0del\u00a0 \u00a0Ministerio\u00a0 \u00a0 \u00a0 \u00a0 \u00a0 \u00a0 \u00a0 P\u00fablico\u00a0 \u00a0 \u00a0 \u00a0 \u00a0y \u00a0el \u00a0titular \u00a0del \u00a0Juzgado \u00a0Penal \u00a0del \u00a0Circuito Especializado de \u00a0Arauca. \u00a0 \u00a0\u00a0<\/p>\n<p>\u00a0 \u00a0\u00a0<\/p>\n<p>1. En \u00a0 consecuencia,\u00a0 \u00a0 se\u00a0 \u00a0radica\u00a0 \u00a0 \u00a0 el \u00a0conocimiento \u00a0de este asunto en los Juzgados Penales del Circuito Especializados \u00a0de \u00a0 \u00a0 Cundinamarca \u00a0 \u00a0 (reparto), \u00a0 \u00a0 a \u00a0 \u00a0quien \u00a0 \u00a0se\u00a0 \u00a0 \u00a0remitir\u00e1 \u00a0 \u00a0el \u00a0expediente. \u00a0 \u00a0\u00a0<\/p>\n<p>\u00a0 \u00a0\u00a0 \u00a0 \u00a0Comun\u00edquese \u00a0lo \u00a0aqu\u00ed \u00a0resuelto \u00a0al \u00a0Juzgado \u00a0Penal del Circuito \u00a0Especializado de Arauca. \u00a0\u00a0<\/p>\n<p>\u00a0 \u00a0\u00a0 \u00a0 \u00a0Contra \u00a0 \u00a0esta \u00a0 \u00a0decisi\u00f3n \u00a0 \u00a0no \u00a0 \u00a0procede \u00a0 \u00a0recurso \u00a0 \u00a0alguno. \u00a0C\u00famplase. \u00a0\u00a0<\/p>\n<p>C\u00famplase. \u00a0<\/p>\n<p>\u00a0\u00a0\u00a0\u00a0\u00a0\u00a0\u00a0\u00a0\u00a0\u00a0\u00a0\u00a0\u00a0\u00a0\u00a0\u00a0\u00a0\u00a0\u00a0\u00a0\u00a0\u00a0\u00a0\u00a0\u00a0\u00a0\u00a0\u00a0\u00a0\u00a0\u00a0\u00a0\u00a0\u00a0\u00a0\u00a0\u00a0\u00a0\u00a0\u00a0\u00a0\u00a0\u00a0\u00a0\u00a0\u00a0\u00a0\u00a0\u00a0\u00a0\u00a0\u00a0\u00a0 \u00a0JAVIER\u00a0 ZAPATA ORTIZ \u00a0\u00a0<\/p>\n<p>JOS\u00c9 \u00a0LUIS \u00a0BARCEL\u00d3 \u00a0CAMACHO \u00a0\u00a0 \u00a0\u00a0 \u00a0\u00a0 \u00a0\u00a0 \u00a0 \u00a0\u00a0 \u00a0 \u00a0 \u00a0 \u00a0 \u00a0 \u00a0 \u00a0 \u00a0 \u00a0 \u00a0 \u00a0\u00a0 \u00a0JOS\u00c9 \u00a0LEONIDAS BUSTOS MART\u00cdNEZ \u00a0\u00a0 \u00a0\u00a0 \u00a0\u00a0 \u00a0\u00a0 \u00a0 \u00a0\u00a0 \u00a0 \u00a0 \u00a0\u00a0<\/p>\n<p>FERNANDO \u00a0A. \u00a0CASTRO CABALLERO \u00a0\u00a0 \u00a0\u00a0 \u00a0\u00a0 \u00a0\u00a0 \u00a0 \u00a0\u00a0 \u00a0 \u00a0 \u00a0\u00a0 \u00a0SIGIFREDO \u00a0ESPINOSA \u00a0P\u00c9REZ \u00a0 \u00a0 \u00a0\u00a0 \u00a0 \u00a0\u00a0 \u00a0 \u00a0 \u00a0 \u00a0 \u00a0 \u00a0 \u00a0 \u00a0 \u00a0\u00a0<\/p>\n<p>Comisi\u00f3n de servicio \u00a0<\/p>\n<p>ALFREDO \u00a0 G\u00d3MEZ \u00a0 QUINTERO \u00a0\u00a0 \u00a0\u00a0 \u00a0\u00a0 \u00a0\u00a0 \u00a0 \u00a0\u00a0 \u00a0 \u00a0 \u00a0 \u00a0 \u00a0 \u00a0 \u00a0 \u00a0 \u00a0 \u00a0 \u00a0 \u00a0 \u00a0 \u00a0 \u00a0 \u00a0 \u00a0 \u00a0 \u00a0 \u00a0 \u00a0 \u00a0 \u00a0 \u00a0 \u00a0 \u00a0\u00a0\u00a0\u00a0\u00a0\u00a0\u00a0\u00a0\u00a0\u00a0\u00a0\u00a0\u00a0 \u00a0MAR\u00cdA DEL ROSARIO GONZ\u00c1LEZ DE LEMOS \u00a0\u00a0<\/p>\n<p>Permiso \u00a0<\/p>\n<p>AUGUSTO \u00a0J. \u00a0IBA\u00d1EZ \u00a0GUZM\u00c1N \u00a0\u00a0 \u00a0\u00a0 \u00a0\u00a0 \u00a0\u00a0 \u00a0 \u00a0\u00a0 \u00a0 \u00a0 \u00a0 \u00a0 \u00a0 \u00a0 \u00a0 \u00a0 \u00a0 \u00a0 \u00a0\u00a0 JULIO ENRIQUE SOCHA SALAMANCA \u00a0\u00a0<\/p>\n<p>\u00a0 \u00a0\u00a0 \u00a0 \u00a0 \u00a0\u00a0 \u00a0\u00a0 \u00a0\u00a0 \u00a0\u00a0 \u00a0 \u00a0\u00a0 \u00a0 \u00a0 \u00a0 \u00a0 \u00a0 \u00a0 \u00a0 \u00a0 \u00a0 \u00a0 \u00a0\u00a0 \u00a0\u00a0<\/p>\n<p>\u00a0\u00a0\u00a0\u00a0\u00a0\u00a0\u00a0\u00a0\u00a0\u00a0\u00a0\u00a0\u00a0\u00a0\u00a0\u00a0\u00a0\u00a0\u00a0\u00a0\u00a0\u00a0\u00a0\u00a0\u00a0\u00a0\u00a0\u00a0\u00a0\u00a0\u00a0\u00a0\u00a0\u00a0\u00a0\u00a0\u00a0\u00a0\u00a0\u00a0\u00a0\u00a0\u00a0\u00a0\u00a0 \u00a0NUBIA YOLANDA NOVA GARC\u00cdA \u00a0\u00a0<\/p>\n<p>\u00a0\u00a0\u00a0\u00a0\u00a0\u00a0\u00a0\u00a0\u00a0\u00a0\u00a0\u00a0\u00a0\u00a0\u00a0\u00a0\u00a0\u00a0\u00a0\u00a0\u00a0\u00a0\u00a0\u00a0\u00a0\u00a0\u00a0\u00a0\u00a0\u00a0\u00a0\u00a0\u00a0\u00a0\u00a0\u00a0\u00a0\u00a0\u00a0\u00a0\u00a0\u00a0\u00a0\u00a0\u00a0\u00a0\u00a0\u00a0\u00a0\u00a0\u00a0\u00a0\u00a0\u00a0\u00a0\u00a0\u00a0\u00a0\u00a0\u00a0\u00a0\u00a0\u00a0 \u00a0Secretaria \u00a0\u00a0<\/p>\n<p>\u00a0 \u00a0\u00a0<\/p>\n<p>1 As\u00ed \u00a0lo \u00a0prev\u00e9 \u00a0el \u00a0art\u00edculo \u00a085\u00a0 \u00a0de la Ley 600 de 2000 y 46 de la Ley 906 de \u00a02004. \u00a0\u00a0<\/p>\n<p>2 \u00a0Art\u00edculo \u00a087 \u00a0de la Ley 600 de 2000 y en t\u00e9rminos similares el art\u00edculo 48 de \u00a0la Ley 906 de 2004. \u00a0 \u00a0\u00a0<\/p>\n<p><\/p>\n","protected":false},"excerpt":{"rendered":"<p>\u00a0 \u00a0 Proceso n.\u00ba 36773 \u00a0 CORTE SUPREMA DE JUSTICIA \u00a0 SALA \u00a0 DE \u00a0 CASACI\u00d3N \u00a0PENAL \u00a0\u00a0 Magistrado \u00a0Ponente \u00a0\u00a0 \u00a0\u00a0\u00a0\u00a0\u00a0\u00a0\u00a0 \u00a0FERNANDO ALBERTO CASTRO CABALLERO \u00a0\u00a0 \u00a0\u00a0\u00a0\u00a0\u00a0\u00a0\u00a0\u00a0\u00a0\u00a0\u00a0\u00a0\u00a0\u00a0\u00a0 \u00a0Aprobado \u00a0 \u00a0acta \u00a0 \u00a0N\u00ba \u00a0209 \u00a0\u00a0 Bogot\u00e1, \u00a0 \u00a0D.C., \u00a0veintid\u00f3s (22) de junio de dos mil once (2011). \u00a0\u00a0 V \u00a0 I \u00a0 S \u00a0 T [&hellip;]<\/p>\n","protected":false},"author":1,"featured_media":0,"comment_status":"open","ping_status":"open","sticky":false,"template":"","format":"standard","meta":{"footnotes":""},"categories":[19],"tags":[],"class_list":["post-22903","post","type-post","status-publish","format-standard","hentry","category-19"],"_links":{"self":[{"href":"https:\/\/dmsjuridica.com\/buscador_20179478954\/salapenalcronologico20230723\/wp-json\/wp\/v2\/posts\/22903","targetHints":{"allow":["GET"]}}],"collection":[{"href":"https:\/\/dmsjuridica.com\/buscador_20179478954\/salapenalcronologico20230723\/wp-json\/wp\/v2\/posts"}],"about":[{"href":"https:\/\/dmsjuridica.com\/buscador_20179478954\/salapenalcronologico20230723\/wp-json\/wp\/v2\/types\/post"}],"author":[{"embeddable":true,"href":"https:\/\/dmsjuridica.com\/buscador_20179478954\/salapenalcronologico20230723\/wp-json\/wp\/v2\/users\/1"}],"replies":[{"embeddable":true,"href":"https:\/\/dmsjuridica.com\/buscador_20179478954\/salapenalcronologico20230723\/wp-json\/wp\/v2\/comments?post=22903"}],"version-history":[{"count":0,"href":"https:\/\/dmsjuridica.com\/buscador_20179478954\/salapenalcronologico20230723\/wp-json\/wp\/v2\/posts\/22903\/revisions"}],"wp:attachment":[{"href":"https:\/\/dmsjuridica.com\/buscador_20179478954\/salapenalcronologico20230723\/wp-json\/wp\/v2\/media?parent=22903"}],"wp:term":[{"taxonomy":"category","embeddable":true,"href":"https:\/\/dmsjuridica.com\/buscador_20179478954\/salapenalcronologico20230723\/wp-json\/wp\/v2\/categories?post=22903"},{"taxonomy":"post_tag","embeddable":true,"href":"https:\/\/dmsjuridica.com\/buscador_20179478954\/salapenalcronologico20230723\/wp-json\/wp\/v2\/tags?post=22903"}],"curies":[{"name":"wp","href":"https:\/\/api.w.org\/{rel}","templated":true}]}}