{"id":22884,"date":"2023-09-12T16:35:05","date_gmt":"2023-09-12T16:35:05","guid":{"rendered":"https:\/\/dmsjuridica.com\/buscador_20179478954\/salapenalcronologico20230723\/2023\/09\/12\/3674523-06-11\/"},"modified":"2023-09-12T16:35:05","modified_gmt":"2023-09-12T16:35:05","slug":"3674523-06-11","status":"publish","type":"post","link":"https:\/\/dmsjuridica.com\/buscador_20179478954\/salapenalcronologico20230723\/2023\/09\/12\/3674523-06-11\/","title":{"rendered":"36745(23-06-11)"},"content":{"rendered":"\n<p>\u00a0 \u00a0 Proceso \u00a0 \u00a0 n.\u00ba \u00a036745\u00a0\u00a0\u00a0\u00a0\u00a0\u00a0 \u00a0 \u00a0<\/p>\n<p>CORTE \u00a0 SUPREMA \u00a0 DE \u00a0JUSTICIA \u00a0\u00a0<\/p>\n<p>SALA \u00a0 DE \u00a0 CASACI\u00d3N \u00a0PENAL \u00a0\u00a0<\/p>\n<p>Magistrado Ponente: \u00a0<\/p>\n<p>JULIO ENRIQUE SOCHA SALAMANCA \u00a0<\/p>\n<p>Aprobado Acta N\u00ba 214 \u00a0<\/p>\n<p>Bogot\u00e1, \u00a0D.C., veintitr\u00e9s (23) de junio de \u00a0dos mil once (2011). \u00a0\u00a0<\/p>\n<p>VISTOS \u00a0<\/p>\n<p>Decide la Corte la definici\u00f3n de competencia \u00a0que \u00a0plantea \u00a0la Magistrada con Funciones de Control de Garant\u00edas de la Sala de \u00a0Justicia \u00a0y \u00a0Paz \u00a0del \u00a0Tribunal \u00a0Superior \u00a0de \u00a0Barranquilla \u00a0para \u00a0continuar \u00a0el \u00a0conocimiento \u00a0de \u00a0la \u00a0imputaci\u00f3n \u00a0presentada \u00a0por \u00a0la Fiscal\u00eda 13 de la Unidad \u00a0Nacional \u00a0de \u00a0Justicia \u00a0y \u00a0Paz \u00a0contra \u00a0SERGIO \u00a0MANUEL \u00a0C\u00d3RDOBA \u00a0\u00c1VILA, \u00a0alias \u00a0\u201cOrotu\u201d, \u201cEl \u00a0 \u00a0 Gordo\u201d \u00a0 \u00a0o \u00a0 \u00a0\u201cGustavo\u201d \u00a0de conformidad con el tr\u00e1mite \u00a0previsto en la Ley 975 de 2005. \u00a0\u00a0<\/p>\n<p>ANTECEDENTES \u00a0<\/p>\n<p>1.\u00a0 \u00a0SERGIO \u00a0MANUEL \u00a0C\u00d3RDOBA \u00a0\u00c1VILA, \u00a0desmovilizado \u00a0del \u00a0Bloque \u00a0C\u00f3rdoba, de las Autodefensas Unidas de Colombia que \u00a0oper\u00f3 \u00a0en los municipios de Monter\u00eda, Ceret\u00e9, San Pelayo, L\u00f3rica, Tierralta, \u00a0Planeta \u00a0Rica, Puerto Libertador, Montel\u00edbano, Ayapel, La Apartada, San Carlos, \u00a0Ci\u00e9naga \u00a0de \u00a0Oro, \u00a0Sahag\u00fan, \u00a0Pueblo \u00a0Nuevo \u00a0y \u00a0Buenavista \u00a0del departamento de \u00a0C\u00f3rdoba, \u00a0fue \u00a0postulado \u00a0por \u00a0el \u00a0Gobierno \u00a0Nacional \u00a0para \u00a0ser \u00a0sujeto de los \u00a0beneficios \u00a0de \u00a0pena \u00a0alternativa \u00a0contemplados \u00a0en \u00a0la \u00a0Ley \u00a0975 de 2005.\u00a0 \u00a0\u00a0<\/p>\n<p>La documentaci\u00f3n que acredita las conductas \u00a0punibles \u00a0que \u00a0durante \u00a0y \u00a0con ocasi\u00f3n de su pertenencia al grupo armado ilegal \u00a0fueron \u00a0perpetradas, \u00a0le \u00a0correspondi\u00f3 \u00a0a \u00a0la\u00a0 Fiscal\u00eda 13 Delegada de la \u00a0Unidad \u00a0 Nacional \u00a0de \u00a0Fiscal\u00edas \u00a0para \u00a0Justicia \u00a0y \u00a0Paz, \u00a0autoridad \u00a0que\u00a0 \u00a0solicit\u00f3 \u00a0a \u00a0la Sala de Justicia y Paz del Tribunal Superior de Barranquilla la \u00a0celebraci\u00f3n \u00a0de \u00a0audiencia \u00a0preliminar \u00a0para \u00a0llevar \u00a0a cabo la formulaci\u00f3n de \u00a0imputaci\u00f3n y medida de aseguramiento del postulado. \u00a0\u00a0<\/p>\n<p>2. El primero de junio de 2011 se instal\u00f3 la \u00a0audiencia \u00a0ante \u00a0la \u00a0Magistrada de la Sala de Justicia y Paz del Tribunal de esa \u00a0ciudad, \u00a0quien \u00a0consider\u00f3 \u00a0que de conformidad con las previsiones contenidas en \u00a0los \u00a0art\u00edculos \u00a054 \u00a0y \u00a0286 \u00a0de \u00a0la \u00a0Ley 906 de 2004 y lo dispuesto por la Corte \u00a0Suprema \u00a0de Justicia en los radicados 31205 y 32042, la competencia para conocer \u00a0del \u00a0asunto \u00a0radica \u00a0en \u00a0la \u00a0Sala \u00a0de \u00a0Justicia \u00a0y \u00a0Paz del Tribunal Superior de \u00a0Medell\u00edn. \u00a0\u00a0<\/p>\n<p>Precis\u00f3 que en virtud del art\u00edculo 32 de la \u00a0Ley \u00a0975 \u00a0de 2005, el Consejo Superior de la Judicatura expidi\u00f3 en el a\u00f1o 2011 \u00a0los \u00a0Acuerdos \u00a08034, \u00a08035 \u00a0y \u00a07725 \u00a0por \u00a0los \u00a0cuales \u00a0se asign\u00f3 la competencia \u00a0territorial \u00a0a los Tribunales de Justicia y Paz\u00a0 de Barranquilla, Medell\u00edn \u00a0y \u00a0Bucaramanga, \u00a0disponiendo que el conocimiento respecto de hechos ocurridos en \u00a0el \u00a0Distrito \u00a0Judicial \u00a0de \u00a0Monter\u00eda y que se juzguen bajo la Ley de Justicia y \u00a0Paz, \u00a0corresponde \u00a0al \u00a0magistrado\u00a0 \u00a0con \u00a0funciones de control de garant\u00edas \u00a0de\u00a0 la ciudad de Medell\u00edn. \u00a0\u00a0<\/p>\n<p>Expuso \u00a0 que \u00a0la \u00a0jurisprudencia \u00a0de \u00a0esta \u00a0Corporaci\u00f3n, \u00a0en \u00a0los \u00a0autos \u00a0aludidos, \u00a0estableci\u00f3 \u00a0como \u00a0par\u00e1metros para la \u00a0asignaci\u00f3n \u00a0de \u00a0competencia \u00a0territorial, \u00a0el \u00a0\u00e1rea \u00a0donde \u00a0se materializ\u00f3 la \u00a0conducta \u00a0de \u00a0concierto \u00a0para \u00a0delinquir, \u00a0el \u00a0lugar donde se\u00a0 encuentran o \u00a0puedan \u00a0ser \u00a0recaudados \u00a0los \u00a0elementos \u00a0materiales \u00a0probatorios respecto de los \u00a0hechos \u00a0que \u00a0van \u00a0a \u00a0ser \u00a0objetos \u00a0de \u00a0imputaci\u00f3n \u00a0y el sitio donde residen las \u00a0v\u00edctimas. \u00a0\u00a0<\/p>\n<p>Por ello, al ser el departamento de C\u00f3rdoba \u00a0la \u00a0zona \u00a0en \u00a0la cual se produjo la asociaci\u00f3n il\u00edcita, el lugar de residencia \u00a0de \u00a0las \u00a0v\u00edctimas \u00a0y \u00a0por \u00a0consiguiente \u00a0donde se encuentran la mayor\u00eda de los \u00a0elementos \u00a0materiales \u00a0probatorios, \u00a0la competencia para realizar la imputaci\u00f3n \u00a0recae en su hom\u00f3logo de la ciudad de Medell\u00edn. \u00a0\u00a0<\/p>\n<p>CONSIDERACIONES \u00a0<\/p>\n<p>1. \u00a0Es \u00a0competente \u00a0la \u00a0Sala \u00a0de \u00a0Casaci\u00f3n Penal de la Corte Suprema de \u00a0Justicia \u00a0para \u00a0resolver el incidente de definici\u00f3n de competencia promovido en \u00a0este \u00a0asunto \u00a0por \u00a0la \u00a0Magistrada \u00a0de \u00a0la \u00a0Sala \u00a0de \u00a0Justicia y Paz del Tribunal \u00a0Superior \u00a0 de \u00a0Barranquilla, \u00a0teniendo \u00a0en \u00a0cuenta \u00a0su \u00a0condici\u00f3n \u00a0de \u00a0superior \u00a0funcional \u00a0 de \u00a0las \u00a0Salas \u00a0Especializadas \u00a0de \u00a0Justicia \u00a0y \u00a0Paz \u00a0a \u00a0las \u00a0cuales \u00a0eventualmente \u00a0les \u00a0corresponder\u00eda \u00a0asumir \u00a0las determinaciones en los procesos \u00a0que se adelantan bajo la Ley 975 de 2005. \u00a0\u00a0<\/p>\n<p>Ello \u00a0 \u00a0 por \u00a0 \u00a0cuanto \u00a0 \u00a0esta \u00a0 Corporaci\u00f3n \u00a0 ha \u00a0 aceptado \u00a0la \u00a0procedencia \u00a0de la figura de la definici\u00f3n de competencia en tr\u00e1mites rituados \u00a0bajo \u00a0la Ley 975 de 2005, toda vez que la Corte no pierde la calidad de superior \u00a0funcional \u00a0 de \u00a0 las \u00a0 Salas \u00a0 Especializadas \u00a0 de \u00a0Justicia \u00a0y \u00a0Paz \u00a0las \u00a0cuales deben resolver los litigios \u00a0sometidos \u00a0 \u00a0 \u00a0 a \u00a0 \u00a0 \u00a0 su \u00a0 \u00a0 \u00a0 consideraci\u00f3n1. \u00a0\u00a0<\/p>\n<p>As\u00ed \u00a0 mismo, \u00a0ha \u00a0 \u00a0 \u00a0 se\u00f1alado \u00a0 \u00a0 \u00a0 que \u00a0 \u00a0 \u00a0 se \u00a0permite \u00a0poner en marcha el tr\u00e1mite \u00a0procesal \u00a0de \u00a0la \u00a0Ley \u00a0975 \u00a0de \u00a02005 \u00a0por \u00a0el \u00a0delito \u00a0de concierto para delinquir \u00a0cometido \u00a0durante \u00a0y \u00a0con \u00a0ocasi\u00f3n \u00a0de \u00a0su \u00a0pertenencia \u00a0al \u00a0grupo \u00a0armado, con \u00a0independencia \u00a0de \u00a0la \u00a0comisi\u00f3n de\u00a0 cada uno de los punibles cometidos por \u00a0raz\u00f3n \u00a0 \u00a0 \u00a0 \u00a0de \u00a0 \u00a0 \u00a0 \u00a0dicha \u00a0 \u00a0 \u00a0 militancia2. Obs\u00e9rvese: \u00a0\u00a0<\/p>\n<p>\u201cDesde \u00a0 su \u00a0pre\u00e1mbulo, \u00a0la \u00a0ley \u00a0de \u00a0justicia \u00a0y paz dispone que se aplicar\u00e1 a miembros de \u00a0grupos \u00a0armados \u00a0organizados \u00a0al \u00a0margen \u00a0de \u00a0la \u00a0ley, que contribuyan de manera \u00a0efectiva \u00a0a la consecuci\u00f3n de la paz nacional. En consecuencia, se perfila como \u00a0primer \u00a0supuesto \u00a0f\u00e1ctico que el procesado por esta jurisdicci\u00f3n es un confeso \u00a0infractor \u00a0del \u00a0delito, \u00a0por \u00a0lo menos, de concierto para delinquir agravado; de \u00a0donde \u00a0se \u00a0sigue \u00a0que, \u00a0conforme \u00a0a \u00a0esa \u00a0premisa \u00a0jur\u00eddica \u00a0y ontol\u00f3gica, los \u00a0cr\u00edmenes \u00a0a confesar, imputar y por los que se habr\u00e1 de acusar se ejecutaron y \u00a0consumaron \u00a0para \u00a0y \u00a0dentro \u00a0de \u00a0la \u00a0organizaci\u00f3n \u00a0delictiva.\u00a0 \u00a0El \u00a0examen \u00a0judicial \u00a0no \u00a0est\u00e1 \u00a0referido\u00a0 \u00a0a \u00a0un acontecer delictivo individual,\u00a0 \u00a0sino \u00a0a \u00a0los \u00a0fen\u00f3menos propios de la criminalidad organizada, explicados desde \u00a0distintas \u00a0 \u00a0 teor\u00edas \u00a0 \u00a0 y \u00a0 \u00a0resueltos \u00a0 \u00a0por \u00a0 \u00a0la \u00a0 \u00a0Sala \u00a0 \u00a0en \u00a0 \u00a0diversos \u00a0pronunciamientos3.\u201d \u00a0\u00a0<\/p>\n<p>\u201cEl solo delito \u00a0de \u00a0concierto \u00a0para delinquir agravado, imputado y admitido por un integrante de \u00a0un \u00a0bloque de las autodefensas desmovilizado, revela que aqu\u00e9l se integr\u00f3 a la \u00a0agrupaci\u00f3n \u00a0y \u00a0desde \u00a0esa \u00a0condici\u00f3n \u00a0se adhiri\u00f3 a sus fines, para el caso de \u00a0estos \u00a0grupos, \u00a0la persecuci\u00f3n de una serie de objetivos respecto de los cuales \u00a0corresponde \u00a0demostrar \u00a0en \u00a0cu\u00e1ntas \u00a0oportunidades \u00a0y \u00a0en \u00a0qu\u00e9 \u00a0condiciones se \u00a0realizaron \u00a0y \u00a0cu\u00e1les \u00a0son \u00a0imputables \u00a0a \u00a0ese postulado, seg\u00fan el presupuesto \u00a0normativo \u00a0que \u00a0deber\u00e1 considerarse para cada atribuci\u00f3n delictiva adicional a \u00a0la \u00a0concertaci\u00f3n: con ocasi\u00f3n y durante la militancia. Si no se acompa\u00f1a este \u00a0ingrediente \u00a0normativo \u00a0a \u00a0cada \u00a0delito \u00a0en \u00a0cuesti\u00f3n, \u00a0la conducta deja de ser \u00a0objeto \u00a0 \u00a0de \u00a0 \u00a0la \u00a0 \u00a0competencia \u00a0 \u00a0de\u00a0 \u00a0 \u00a0justicia \u00a0 y \u00a0 paz.\u201d \u00a0\u00a0<\/p>\n<p>Tambi\u00e9n ha dicho, que en los procesos dentro \u00a0de \u00a0los \u00a0cuales \u00a0el \u00a0postulado debe responder por delitos cometidos en distintas \u00a0partes \u00a0del \u00a0territorio \u00a0nacional, \u00a0la \u00a0competencia se definir\u00e1 atendiendo como \u00a0criterios \u00a0 \u201cla \u00a0 ubicaci\u00f3n \u00a0y \u00a0seguridad \u00a0de \u00a0las \u00a0v\u00edctimas, \u00a0la \u00a0facilidad de acceder a las pruebas, evaluando todos los aspectos \u00a0necesarios \u00a0para \u00a0llevar el proceso hasta su culminaci\u00f3n satisfactoria para los \u00a0intereses \u00a0 \u00a0 \u00a0 de \u00a0 \u00a0 \u00a0 las \u00a0 \u00a0 \u00a0v\u00edctimas.\u201d4 \u00a0\u00a0<\/p>\n<p>2. \u00a0El \u00a0art\u00edculo \u00a085 \u00a0de la Ley Estatutaria \u00a0Administraci\u00f3n \u00a0de Justicia, determina que corresponde a la Sala Administrativa \u00a0del Consejo Superior de la Judicatura, \u00a0 \u00a0crear, ubicar, redistribuir, fusionar, trasladar, transformar \u00a0y \u00a0suprimir \u00a0Tribunales, \u00a0las Salas de \u00e9stos y los Juzgados, cuando se requiera \u00a0para \u00a0la \u00a0m\u00e1s \u00a0r\u00e1pida \u00a0y \u00a0eficaz \u00a0administraci\u00f3n de justicia, as\u00ed como crear \u00a0Salas \u00a0desconcentradas \u00a0en \u00a0ciudades \u00a0diferentes \u00a0de \u00a0las sedes de los Distritos \u00a0Judiciales, \u00a0de \u00a0acuerdo \u00a0con las necesidades de \u00e9stos y fijar la divisi\u00f3n del \u00a0territorio \u00a0para \u00a0efectos \u00a0judiciales, \u00a0tomando \u00a0en \u00a0consideraci\u00f3n para ello el \u00a0mejor servicio p\u00fablico. \u00a0\u00a0<\/p>\n<p>En \u00a0ejercicio \u00a0de \u00a0dichas \u00a0facultades, \u00a0esa \u00a0entidad \u00a0profiri\u00f3 \u00a0el Acuerdo PSAA 084641 el 12 de marzo de 2008, a trav\u00e9s del \u00a0cual \u00a0 se \u00a0modifican \u00a0las \u00a0competencias \u00a0de \u00a0que \u00a0trata \u00a0la \u00a0Ley \u00a0975 \u00a0de \u00a02005, \u00a0establecidas \u00a0mediante \u00a0Acuerdo \u00a03275 \u00a0de \u00a0enero \u00a019 \u00a0de \u00a02006, se\u00f1alando en su \u00a0art\u00edculo \u00a03\u00ba \u00a0que: \u00a0\u201cLos dos Magistrados de la Sala \u00a0Especializada \u00a0 de \u00a0 Justicia \u00a0 y \u00a0Paz \u00a0de \u00a0Barranquilla, \u00a0tendr\u00e1n \u00a0competencia \u00a0territorial \u00a0para \u00a0el \u00a0ejercicio de la funci\u00f3n de control de garant\u00edas, de los \u00a0siguientes \u00a0Distritos \u00a0Judiciales: \u00a0Archipi\u00e9lago \u00a0de \u00a0San \u00a0Andr\u00e9s \u2013 \u00a0Islas, \u00a0Barranquilla, \u00a0Bucaramanga, \u00a0Cartagena, \u00a0C\u00facuta, \u00a0Pamplona, \u00a0Riohacha, \u00a0San \u00a0Gil, \u00a0Santa \u00a0Marta, \u00a0Sincelejo, \u00a0Valledupar.\u201d. \u00a0\u00a0<\/p>\n<p>En el art\u00edculo 4\u00ba dispuso: \u201cLos \u00a0dos \u00a0Magistrados \u00a0de la Sala Especializada de Justicia y Paz de \u00a0Medell\u00edn, \u00a0tendr\u00e1n competencia territorial para el ejercicio de la funci\u00f3n de \u00a0control \u00a0 de \u00a0garant\u00edas, \u00a0de \u00a0los \u00a0siguientes \u00a0Distritos \u00a0Judiciales: \u00a0Armenia, \u00a0Manizales, \u00a0Pereira, \u00a0Quibd\u00f3, \u00a0Antioquia, \u00a0 \u00a0Medell\u00edn, \u00a0 \u00a0Monter\u00eda.\u201d (Negrillas fuera de texto). \u00a0\u00a0<\/p>\n<p>Acto \u00a0administrativo \u00a0que \u00a0a \u00a0su \u00a0vez \u00a0fue \u00a0modificado \u00a0por los Acuerdos PSAA 11-8034\u00a0 y PSAA 11-8035\u00a0 de marzo 15 \u00a0de \u00a02011, para se\u00f1alar que los Magistrados de la Sala Especializada de Justicia \u00a0y \u00a0Paz de Barranquilla, tendr\u00e1n competencia territorial para el ejercicio de la \u00a0funci\u00f3n \u00a0de control de garant\u00edas, de los Distritos Judiciales de Archipi\u00e9lago \u00a0de \u00a0San \u00a0Andr\u00e9s Islas, Barranquilla, Bucaramanga, Cartagena, C\u00facuta, Pamplona, \u00a0Riohacha, \u00a0San \u00a0Gil, \u00a0Santa \u00a0Marta, \u00a0Sincelejo \u00a0y \u00a0Valledupar, \u00a0en tanto que los \u00a0magistrados \u00a0de \u00a0la \u00a0Sala \u00a0Especializada \u00a0de Justicia y Paz de Medell\u00edn, ser\u00e1n \u00a0competentes \u00a0para el ejercicio de la funci\u00f3n de control de garant\u00edas, respecto \u00a0de \u00a0los \u00a0Distritos \u00a0Judiciales \u00a0de\u00a0 \u00a0Armenia, \u00a0Manizales, Pereira, Quibd\u00f3, \u00a0Antioquia, \u00a0 Medell\u00edn \u00a0y \u00a0Monter\u00eda. \u00a0 (Negrillas fuera de texto). \u00a0\u00a0<\/p>\n<p>\u00a0 \u00a0<\/p>\n<p>3. \u00a0De \u00a0acuerdo \u00a0con \u00a0la \u00a0actuaci\u00f3n allegada, verifica la Sala que la \u00a0sede \u00a0de \u00a0operaci\u00f3n \u00a0del \u00a0Bloque \u00a0Norte, \u00a0al \u00a0cual pertenec\u00eda el desmovilizado \u00a0SERGIO \u00a0MANUEL \u00a0C\u00d3RDOBA \u00a0\u00c1VILA \u00a0es el departamento de C\u00f3rdoba.\u00a0 En igual \u00a0forma, \u00a0que \u00a0la \u00a0mayor\u00eda de las\u00a0 trece (13) conductas il\u00edcitas endilgadas \u00a0con \u00a0ocasi\u00f3n de su pertenencia al Bloque C\u00f3rdoba de las Autodefensas Unidas de \u00a0Colombia \u00a0sucedieron \u00a0en \u00a0jurisdicci\u00f3n del Distrito Judicial de Monter\u00eda y que \u00a0las \u00a0v\u00edctimas \u00a0acreditadas \u00a0se \u00a0encuentran \u00a0en los departamentos de Antioquia y \u00a0C\u00f3rdoba, \u00a0por \u00a0lo \u00a0cual \u00a0es \u00a0en \u00a0estos \u00a0lugares donde pueden ser recaudados los \u00a0elementos \u00a0 materiales \u00a0 probatorios \u00a0 respecto \u00a0 de \u00a0 los \u00a0 hechos \u00a0 objeto \u00a0de \u00a0imputaci\u00f3n. \u00a0\u00a0<\/p>\n<p>Lo anterior, en consonancia con los Acuerdos \u00a0de \u00a0la \u00a0Sala \u00a0Administrativa del Consejo Superior de la Judicatura a que se hizo \u00a0alusi\u00f3n,\u00a0 \u00a0permite \u00a0sin \u00a0duda \u00a0alguna \u00a0colegir \u00a0que \u00a0el conocimiento de la \u00a0imputaci\u00f3n \u00a0presentada \u00a0por \u00a0la \u00a0Fiscal\u00eda \u00a013 \u00a0de \u00a0la \u00a0Unidad Nacional para la \u00a0Justicia \u00a0y \u00a0la \u00a0Paz \u00a0contra \u00a0SERGIO \u00a0MANUEL C\u00d3RDOBA \u00c1VILA, alias \u201cOrotu\u201d, \u00a0 \u00a0 \u00a0 \u00a0\u201cEl \u00a0 \u00a0 Gordo\u201d \u00a0 \u00a0o \u00a0 \u00a0\u201cGustavo\u201d \u00a0ante \u00a0la Magistrada de Control \u00a0de \u00a0Garant\u00edas \u00a0de \u00a0la \u00a0ciudad de Barranquilla, corresponde a su hom\u00f3logo de la \u00a0Sala \u00a0de \u00a0Justicia \u00a0y \u00a0Paz \u00a0de \u00a0la ciudad de Medell\u00edn, a donde se dispondr\u00e1 la \u00a0remisi\u00f3n de la actuaci\u00f3n. \u00a0\u00a0<\/p>\n<p>En \u00a0m\u00e9rito de lo expuesto, la Corte Suprema \u00a0de Justicia, Sala de Casaci\u00f3n Penal, \u00a0\u00a0<\/p>\n<p>RESUELVE \u00a0<\/p>\n<p>Declarar \u00a0que \u00a0la \u00a0competencia \u00a0para \u00a0conocer \u00a0del \u00a0asunto \u00a0que \u00a0se \u00a0adelanta \u00a0contra SERGIO MANUEL \u00a0C\u00d3RDOBA \u00a0 \u00c1VILA \u00a0 corresponde \u00a0al \u00a0Magistrado \u00a0con \u00a0Funciones \u00a0de \u00a0Control \u00a0de \u00a0Garant\u00edas \u00a0de \u00a0la \u00a0Sala de Justicia y Paz del Tribunal Superior de Medell\u00edn, a \u00a0donde se enviar\u00e1 el expediente. \u00a0\u00a0<\/p>\n<p>Comun\u00edquese \u00a0lo \u00a0decidido a las partes e intervinientes en este tr\u00e1mite judicial. \u00a0\u00a0<\/p>\n<p>C\u00daMPLASE \u00a0<\/p>\n<p>JAVIER ZAPATA ORTIZ \u00a0<\/p>\n<p>JOS\u00c9\u00a0 \u00a0LUIS \u00a0BARCEL\u00d3 \u00a0 \u00a0 \u00a0 \u00a0 \u00a0\u00a0 \u00a0 \u00a0 \u00a0 \u00a0\u00a0 \u00a0 \u00a0 \u00a0 \u00a0\u00a0 \u00a0 \u00a0 \u00a0 \u00a0CAMACHO \u00a0 \u00a0\u00a0 \u00a0 \u00a0\u00a0 \u00a0 \u00a0\u00a0 \u00a0\u00a0 \u00a0 \u00a0 \u00a0 \u00a0 \u00a0\u00a0 \u00a0\u00a0\u00a0\u00a0\u00a0\u00a0\u00a0\u00a0\u00a0\u00a0\u00a0\u00a0\u00a0\u00a0 \u00a0JOS\u00c9 LEONIDAS BUSTOS MART\u00cdNEZ \u00a0\u00a0<\/p>\n<p>FERNANDO \u00a0 \u00a0 ALBERTO\u00a0 \u00a0 \u00a0 CASTRO \u00a0CABALLERO \u00a0\u00a0 \u00a0\u00a0 \u00a0\u00a0 \u00a0\u00a0 \u00a0 \u00a0 \u00a0 \u00a0\u00a0 \u00a0 \u00a0 \u00a0 \u00a0\u00a0 \u00a0 \u00a0 \u00a0 \u00a0\u00a0 \u00a0 \u00a0 \u00a0 \u00a0\u00a0\u00a0\u00a0\u00a0 \u00a0 \u00a0 SIGIFREDO \u00a0ESPINOSA P\u00c9REZ \u00a0\u00a0<\/p>\n<p>Comisi\u00f3n de servicio \u00a0<\/p>\n<p>ALFREDO \u00a0 G\u00d3MEZ \u00a0 QUINTERO \u00a0\u00a0 \u00a0\u00a0 \u00a0\u00a0 \u00a0\u00a0 \u00a0\u00a0 \u00a0\u00a0 \u00a0\u00a0 \u00a0\u00a0\u00a0\u00a0\u00a0 MAR\u00cdA DEL R. \u00a0GONZ\u00c1LEZ \u00a0 DE \u00a0 LEMOS \u00a0 \u00a0 \u00a0\u00a0 \u00a0 \u00a0 \u00a0 \u00a0 \u00a0\u00a0 \u00a0 \u00a0 \u00a0 \u00a0 \u00a0\u00a0 \u00a0\u00a0 \u00a0\u00a0 \u00a0\u00a0 \u00a0\u00a0 \u00a0\u00a0 \u00a0\u00a0 \u00a0\u00a0 \u00a0 \u00a0\u00a0 \u00a0 \u00a0 \u00a0 \u00a0 \u00a0 \u00a0 \u00a0 \u00a0 \u00a0\u00a0 \u00a0 \u00a0 \u00a0 \u00a0 \u00a0\u00a0 \u00a0\u00a0 \u00a0\u00a0 \u00a0\u00a0 \u00a0\u00a0 \u00a0\u00a0 \u00a0\u00a0 \u00a0\u00a0 \u00a0 \u00a0 Permiso \u00a0\u00a0<\/p>\n<p>AUGUSTO \u00a0 J. \u00a0 IB\u00c1\u00d1EZ \u00a0 GUZM\u00c1N\u00a0 \u00a0 \u00a0 \u00a0\u00a0 \u00a0 \u00a0\u00a0 \u00a0 \u00a0\u00a0 \u00a0 \u00a0 \u00a0\u00a0 \u00a0 \u00a0 \u00a0\u00a0 JULIO \u00a0ENRIQUE SOCHA SALAMANCA \u00a0\u00a0<\/p>\n<p>\u00a0 \u00a0\u00a0 \u00a0\u00a0 \u00a0 \u00a0\u00a0 \u00a0\u00a0 \u00a0\u00a0 \u00a0\u00a0 \u00a0\u00a0 \u00a0\u00a0 \u00a0 \u00a0 \u00a0 \u00a0 \u00a0\u00a0NUBIA \u00a0 \u00a0YOLANDA \u00a0 \u00a0NOVA \u00a0GARC\u00cdA \u00a0\u00a0<\/p>\n<p>\u00a0 \u00a0<\/p>\n<p>\u00a0\u00a0\u00a0\u00a0\u00a0\u00a0\u00a0\u00a0\u00a0\u00a0\u00a0\u00a0\u00a0\u00a0\u00a0\u00a0\u00a0\u00a0\u00a0\u00a0\u00a0\u00a0\u00a0\u00a0\u00a0\u00a0\u00a0\u00a0\u00a0\u00a0\u00a0\u00a0\u00a0\u00a0\u00a0\u00a0\u00a0\u00a0\u00a0\u00a0\u00a0\u00a0\u00a0\u00a0\u00a0\u00a0\u00a0\u00a0 \u00a0Secretaria \u00a0\u00a0<\/p>\n<p>\u00a0 \u00a0\u00a0<\/p>\n<p>1 Auto \u00a0de 31 de marzo de 2009, radicaci\u00f3n No. 31491. \u00a0\u00a0<\/p>\n<p>2 Autos \u00a0de \u00a028 \u00a0de \u00a0mayo \u00a0de \u00a02008 \u00a0y \u00a017 de junio de 2009, radicados No. 29560 y 31205. \u00a0\u00a0<\/p>\n<p>3 \u00a0Cfr. \u00a0sentencias \u00a0de \u00a0casaci\u00f3n \u00a014851\u00a0 del 8 de \u00a0marzo \u00a0de 2001, 22698 del 9 de noviembre de 2006 y 23825 del 7 de marzo de 2007, \u00a0entre otras. \u00a0\u00a0<\/p>\n<p>4 Auto \u00a0de 15 de julio de 20089, radicado 32042. \u00a0 \u00a0\u00a0<\/p>\n<p><\/p>\n","protected":false},"excerpt":{"rendered":"<p>\u00a0 \u00a0 Proceso \u00a0 \u00a0 n.\u00ba \u00a036745\u00a0\u00a0\u00a0\u00a0\u00a0\u00a0 \u00a0 \u00a0 CORTE \u00a0 SUPREMA \u00a0 DE \u00a0JUSTICIA \u00a0\u00a0 SALA \u00a0 DE \u00a0 CASACI\u00d3N \u00a0PENAL \u00a0\u00a0 Magistrado Ponente: \u00a0 JULIO ENRIQUE SOCHA SALAMANCA \u00a0 Aprobado Acta N\u00ba 214 \u00a0 Bogot\u00e1, \u00a0D.C., veintitr\u00e9s (23) de junio de \u00a0dos mil once (2011). \u00a0\u00a0 VISTOS \u00a0 Decide la Corte la definici\u00f3n [&hellip;]<\/p>\n","protected":false},"author":1,"featured_media":0,"comment_status":"open","ping_status":"open","sticky":false,"template":"","format":"standard","meta":{"footnotes":""},"categories":[19],"tags":[],"class_list":["post-22884","post","type-post","status-publish","format-standard","hentry","category-19"],"_links":{"self":[{"href":"https:\/\/dmsjuridica.com\/buscador_20179478954\/salapenalcronologico20230723\/wp-json\/wp\/v2\/posts\/22884","targetHints":{"allow":["GET"]}}],"collection":[{"href":"https:\/\/dmsjuridica.com\/buscador_20179478954\/salapenalcronologico20230723\/wp-json\/wp\/v2\/posts"}],"about":[{"href":"https:\/\/dmsjuridica.com\/buscador_20179478954\/salapenalcronologico20230723\/wp-json\/wp\/v2\/types\/post"}],"author":[{"embeddable":true,"href":"https:\/\/dmsjuridica.com\/buscador_20179478954\/salapenalcronologico20230723\/wp-json\/wp\/v2\/users\/1"}],"replies":[{"embeddable":true,"href":"https:\/\/dmsjuridica.com\/buscador_20179478954\/salapenalcronologico20230723\/wp-json\/wp\/v2\/comments?post=22884"}],"version-history":[{"count":0,"href":"https:\/\/dmsjuridica.com\/buscador_20179478954\/salapenalcronologico20230723\/wp-json\/wp\/v2\/posts\/22884\/revisions"}],"wp:attachment":[{"href":"https:\/\/dmsjuridica.com\/buscador_20179478954\/salapenalcronologico20230723\/wp-json\/wp\/v2\/media?parent=22884"}],"wp:term":[{"taxonomy":"category","embeddable":true,"href":"https:\/\/dmsjuridica.com\/buscador_20179478954\/salapenalcronologico20230723\/wp-json\/wp\/v2\/categories?post=22884"},{"taxonomy":"post_tag","embeddable":true,"href":"https:\/\/dmsjuridica.com\/buscador_20179478954\/salapenalcronologico20230723\/wp-json\/wp\/v2\/tags?post=22884"}],"curies":[{"name":"wp","href":"https:\/\/api.w.org\/{rel}","templated":true}]}}