{"id":22579,"date":"2023-09-12T16:34:37","date_gmt":"2023-09-12T16:34:37","guid":{"rendered":"https:\/\/dmsjuridica.com\/buscador_20179478954\/salapenalcronologico20230723\/2023\/09\/12\/3619721-09-11\/"},"modified":"2023-09-12T16:34:37","modified_gmt":"2023-09-12T16:34:37","slug":"3619721-09-11","status":"publish","type":"post","link":"https:\/\/dmsjuridica.com\/buscador_20179478954\/salapenalcronologico20230723\/2023\/09\/12\/3619721-09-11\/","title":{"rendered":"36197(21-09-11)"},"content":{"rendered":"\n<p>\u00a0 \u00a0 Proceso n\u00ba 36197 \u00a0<\/p>\n<p>CORTE SUPREMA DE JUSTICIA \u00a0<\/p>\n<p>SALA DE CASACI\u00d3N PENAL \u00a0<\/p>\n<p>\u00a0 \u00a0\u00a0 \u00a0\u00a0 \u00a0\u00a0 \u00a0\u00a0 \u00a0 \u00a0 \u00a0 \u00a0 \u00a0 \u00a0\u00a0 \u00a0\u00a0 \u00a0 \u00a0 \u00a0 \u00a0 \u00a0 \u00a0 \u00a0 \u00a0 \u00a0\u00a0<\/p>\n<p>Magistrado Ponente: \u00a0<\/p>\n<p>\u00a0 \u00a0\u00a0 \u00a0\u00a0 \u00a0\u00a0 \u00a0\u00a0 \u00a0 \u00a0 \u00a0\u00a0 \u00a0\u00a0 \u00a0 \u00a0 \u00a0\u00a0 \u00a0\u00a0 \u00a0 \u00a0 \u00a0\u00a0 \u00a0\u00a0 \u00a0 \u00a0 \u00a0\u00a0ALFREDO \u00a0 \u00a0G\u00d3MEZ \u00a0QUINTERO \u00a0\u00a0<\/p>\n<p>\u00a0 \u00a0\u00a0 \u00a0\u00a0 \u00a0\u00a0 \u00a0\u00a0 \u00a0 \u00a0 \u00a0 \u00a0 \u00a0 \u00a0\u00a0 \u00a0\u00a0 \u00a0 \u00a0 \u00a0 \u00a0 \u00a0\u00a0 \u00a0\u00a0 \u00a0 \u00a0Aprobado Acta \u00a0No. 340 \u00a0\u00a0<\/p>\n<p>Bogot\u00e1, D.C., veintiuno (21) de septiembre de \u00a0dos mil once (2011) \u00a0\u00a0<\/p>\n<p>VISTOS \u00a0<\/p>\n<p>Se \u00a0pronuncia \u00a0la \u00a0Sala sobre la solicitud de \u00a0pruebas \u00a0elevada \u00a0dentro \u00a0del \u00a0tr\u00e1mite de extradici\u00f3n del ciudadano colombiano \u00a0Jeison \u00a0Archbold \u00a0reclamado \u00a0por \u00a0el Gobierno de los Estados Unidos de Am\u00e9rica. \u00a0\u00a0<\/p>\n<p>ANTECEDENTES \u00a0<\/p>\n<p>\u00a0 \u00a0\u00a0<\/p>\n<p>1. Mediante Nota Verbal No. 0216 del 8 \u00a0de \u00a0febrero \u00a0de 2011, el Gobierno de los Estados Unidos de Am\u00e9rica a trav\u00e9s de \u00a0su \u00a0Embajada en esta ciudad solicit\u00f3 al de Colombia por conducto del Ministerio \u00a0de \u00a0Relaciones \u00a0Exteriores, con fines de extradici\u00f3n, la detenci\u00f3n provisional \u00a0del \u00a0ciudadano \u00a0colombiano \u00a0Jeison \u00a0Archbold, al ser requerido en ese pa\u00eds para \u00a0comparecer \u00a0a \u00a0juicio \u00a0por delitos federales de terrorismo y narc\u00f3ticos, seg\u00fan \u00a0acusaci\u00f3n \u00a0No. \u00a011-20026-CR-MOORE, \u00a0dictada \u00a0el 7 de enero de 2011, en la Corte \u00a0Distrital \u00a0 \u00a0de \u00a0 \u00a0los \u00a0 Estados \u00a0 Unidos \u00a0 para \u00a0 el \u00a0 Distrito \u00a0 Sur \u00a0 de \u00a0 la \u00a0Florida. \u00a0 \u00a0\u00a0<\/p>\n<p>2. \u00a0Corrido el tr\u00e1mite de esta solicitud por \u00a0el \u00a0Ministerio \u00a0del \u00a0Interior \u00a0y \u00a0de \u00a0Justicia, \u00a0la Fiscal General de la Naci\u00f3n \u00a0mediante \u00a0resoluci\u00f3n \u00a0del \u00a010 \u00a0de febrero de 2011 decret\u00f3 la captura de Jeison \u00a0Archbold, \u00a0notific\u00e1ndosele \u00a0la misma en la C\u00e1rcel San Sebasti\u00e1n La Ternera de \u00a0Cartagena en donde se encontraba privado de la libertad. \u00a0\u00a0<\/p>\n<p>3. \u00a0El 23 de marzo de 2011, a trav\u00e9s de Nota \u00a0Verbal \u00a0No. \u00a00649, \u00a0el \u00a0Gobierno de los Estados Unidos de Am\u00e9rica formaliz\u00f3 la \u00a0solicitud \u00a0de \u00a0extradici\u00f3n \u00a0de \u00a0Jeison Archbold, incorporando al efecto aquella \u00a0documentaci\u00f3n \u00a0 traducida \u00a0 y \u00a0legalizada \u00a0que \u00a0estim\u00f3 \u00a0pertinente \u00a0con \u00a0dicho \u00a0cometido, \u00a0 acorde \u00a0 con \u00a0 lo \u00a0 dispuesto \u00a0 por \u00a0 el \u00a0C\u00f3digo \u00a0de \u00a0Procedimiento \u00a0Penal. \u00a0\u00a0<\/p>\n<p>4. \u00a0A \u00a0su \u00a0turno, el Ministerio de Relaciones \u00a0Exteriores \u00a0a \u00a0trav\u00e9s \u00a0de \u00a0Oficio \u00a0No. \u00a0DIAJI.E.0707 \u00a0del \u00a025 de marzo de 2011, \u00a0clarific\u00f3 \u00a0que por no existir Convenio aplicable al caso es procedente obrar de \u00a0conformidad con el ordenamiento procesal penal colombiano. \u00a0\u00a0<\/p>\n<p>Seguidamente, el Ministerio del Interior y de \u00a0Justicia, \u00a0por oficio No.OFI11-12382-DVJ-0300 remiti\u00f3 ante esta Corporaci\u00f3n la \u00a0documentaci\u00f3n \u00a0presentada \u00a0por \u00a0el \u00a0Gobierno de los Estados Unidos, con miras a \u00a0que \u00a0la \u00a0Corte \u00a0proceda \u00a0a \u00a0adelantar \u00a0el \u00a0tr\u00e1mite orientado a emitir concepto, \u00a0teniendo \u00a0en \u00a0cuenta que se encuentran reunidos los requisitos formales exigidos \u00a0en las normas aplicables al caso. \u00a0\u00a0<\/p>\n<p>5. \u00a0Recibido \u00a0el \u00a0expediente, el reclamado en \u00a0extradici\u00f3n \u00a0procedi\u00f3 \u00a0a \u00a0nombrar \u00a0un \u00a0defensor que lo asista, surti\u00e9ndose el \u00a0respectivo \u00a0traslado \u00a0en \u00a0orden a la solicitud de pruebas, elev\u00e1ndose pedido en \u00a0dicho sentido por la profesional del derecho. \u00a0\u00a0<\/p>\n<p>5.1. \u00a0Aport\u00f3 \u00a0el \u00a0abogado \u00a0del \u00a0reclamado en \u00a0extradici\u00f3n: \u00a0\u00a0<\/p>\n<p>&#8211; \u00a0Copia \u00a0del \u00a0escrito \u00a0de \u00a0acusaci\u00f3n\u00a0 \u00a0presentado \u00a0en \u00a0contra \u00a0de \u00a0\u00e9ste \u00a0el \u00a08 de noviembre de 2010 por los delitos de \u00a0concierto \u00a0para \u00a0delinquir, tr\u00e1fico de estupefacientes y fabricaci\u00f3n, tr\u00e1fico \u00a0y \u00a0porte \u00a0de \u00a0armas de fuego de uso privativo de las fuerzas militares, dado que \u00a0seg\u00fan \u00a0su \u00a0criterio \u00a0son los mismos hechos a que aluden los cargos uno, cinco y \u00a0siete que sustentan el pedido de extradici\u00f3n. \u00a0\u00a0<\/p>\n<p>&#8211; Acta de preacuerdo fechada el 2 de diciembre \u00a0de \u00a02010 \u00a0celebrado \u00a0por \u00a0su \u00a0asistido \u00a0y \u00a0la \u00a0Fiscal\u00eda, \u00a0en \u00a0donde \u00a0se \u00a0acepta \u00a0responsabilidad \u00a0por \u00a0los \u00a0delitos \u00a0de \u00a0concierto \u00a0para \u00a0delinquir agravado, que \u00a0configuran \u00a0la \u00a0acusaci\u00f3n proferida de acuerdo con los cargos uno y cinco en su \u00a0contra \u00a0 por \u00a0 las \u00a0 autoridades \u00a0 judiciales \u00a0 de \u00a0 los \u00a0 Estados \u00a0 Unidos \u00a0 de \u00a0Am\u00e9rica. \u00a0\u00a0<\/p>\n<p>&#8211; \u00a0Copia \u00a0de \u00a0la \u00a0sentencia \u00a0fechada el 29 de \u00a0diciembre \u00a0 de \u00a0 2010 \u00a0 dictada \u00a0 por \u00a0el \u00a0Juzgado \u00a0\u00danico \u00a0Penal \u00a0del \u00a0Circuito \u00a0Especializado \u00a0de \u00a0Cartagena, \u00a0en \u00a0ese mismo asunto, en que fue condenado por el \u00a0delito \u00a0de \u00a0concierto \u00a0para delinquir a que se contraen los referidos cargos que \u00a0motivan \u00a0la extradici\u00f3n, as\u00ed como se acredita que en la actualidad Archbold se \u00a0defiende \u00a0 de \u00a0las \u00a0imputaciones \u00a0que \u00a0se \u00a0le \u00a0han \u00a0hecho \u00a0por \u00a0los \u00a0delitos \u00a0de \u00a0fabricaci\u00f3n, \u00a0tr\u00e1fico \u00a0y \u00a0porte \u00a0de \u00a0armas \u00a0de \u00a0uso \u00a0privativo \u00a0de las fuerzas \u00a0militares \u00a0y \u00a0tr\u00e1fico, \u00a0fabricaci\u00f3n \u00a0o \u00a0porte \u00a0de estupefacientes agravado, de \u00a0donde \u00a0se \u00a0infiere \u00a0que \u00a0los \u00a0principios \u00a0de cosa juzgada y non bis idem har\u00edan \u00a0improcedente e inconstitucional la extradici\u00f3n. \u00a0\u00a0<\/p>\n<p>Por \u00faltimo, peticiona se solicite al Juzgado \u00a0\u00danico \u00a0Penal \u00a0del \u00a0Circuito Especializado de Cartagena, certifique la sentencia \u00a0relacionada \u00a0en \u00a0precedencia y remita copia de la misma, as\u00ed como el estado del \u00a0proceso que se sigue en contra de Jeison Archbold actualmente. \u00a0\u00a0<\/p>\n<p>CONSIDERACIONES \u00a0<\/p>\n<p>1. \u00a0 Seg\u00fan \u00a0fue \u00a0advertido, \u00a0al \u00a0presente \u00a0tr\u00e1mite de extradici\u00f3n por no mediar tratado con los \u00a0Estados \u00a0Unidos \u00a0de Am\u00e9rica le son aplicables las disposiciones pertinentes del \u00a0C\u00f3digo \u00a0de \u00a0Procedimiento \u00a0Penal \u00a0contenido \u00a0en \u00a0la Ley 906 de 2004 -tomando en \u00a0cuenta \u00a0la \u00a0fecha de ocurrencia de los hechos que comprenden un tiempo posterior \u00a0a su vigencia-. \u00a0\u00a0<\/p>\n<p>2. \u00a0De \u00a0ah\u00ed que al \u00a0efecto \u00a0de \u00a0elucidar \u00a0el \u00a0tema \u00a0relacionado \u00a0con \u00a0las pruebas cuya viabilidad se \u00a0impone, \u00a0en \u00a0casos \u00a0como \u00a0el \u00a0presente \u00a0ha \u00a0acudido \u00a0la \u00a0Corte \u00a0a \u00a0cotejar dicha \u00a0procedencia, \u00a0observando \u00a0la eficacia de las mismas y en particular a contrastar \u00a0su \u00a0 necesidad, \u00a0 conducencia \u00a0 y \u00a0pertinencia, \u00a0de \u00a0conformidad\u00a0 \u00a0con \u00a0las \u00a0previsiones \u00a0del \u00a0art\u00edculo \u00a0502 \u00a0del \u00a0Estatuto \u00a0adjetivo, \u00a0bajo \u00a0la \u00a0premisa de \u00a0entender \u00a0que \u00a0estos \u00a0principios \u00a0comportan una estrecha relaci\u00f3n con los fines \u00a0mismos \u00a0 que \u00a0 tiene \u00a0 el \u00a0concepto \u00a0que \u00a0constituye \u00a0la \u00a0materia \u00a0y \u00a0objeto \u00a0de \u00a0pronunciamiento por parte de la Sala. \u00a0\u00a0<\/p>\n<p>3. \u00a0Con respaldo en \u00a0tales \u00a0presupuestos, \u00a0en \u00a0forma \u00a0sostenida \u00a0y reiterada ha tenido oportunidad la \u00a0Corte \u00a0de \u00a0precisar \u00a0que \u00a0dichos principios probatorios deben ser contrastados a \u00a0partir \u00a0de \u00a0aquellos \u00a0fundamentos \u00a0que \u00a0determinan \u00a0el \u00a0contenido \u00a0y alcance del \u00a0concepto \u00a0y \u00a0que, \u00a0en concreto se han delimitado, por as\u00ed emerger del contenido \u00a0de \u00a0la \u00a0ley, \u00a0a verificar: a) la validez formal de la documentaci\u00f3n que ha sido \u00a0aportada \u00a0por \u00a0el Estado requirente; b) la plena identidad del solicitado; c) la \u00a0concurrencia \u00a0de \u00a0doble \u00a0incriminaci\u00f3n; \u00a0d) \u00a0la \u00a0equivalencia de la providencia \u00a0emitida \u00a0por \u00a0la \u00a0autoridad \u00a0judicial \u00a0extranjera \u00a0y \u00a0e) \u00a0el \u00a0cumplimiento de lo \u00a0previsto \u00a0por \u00a0los \u00a0tratados p\u00fablicos cuando fuere el caso, extendiendo la Sala \u00a0el \u00a0examen \u00a0inherente \u00a0a las pruebas pasibles de pr\u00e1ctica en desarrollo de esta \u00a0actuaci\u00f3n \u00a0a \u00a0la \u00a0constataci\u00f3n \u00a0-cuando \u00a0a \u00a0ello hay lugar por la informaci\u00f3n \u00a0surgida \u00a0en \u00a0ese \u00a0sentido \u00a0del \u00a0propio \u00a0tr\u00e1mite \u00a0de \u00a0extradici\u00f3n- \u00a0sobre si en \u00a0relaci\u00f3n \u00a0con \u00a0los \u00a0mismos \u00a0hechos \u00a0que \u00a0motivan \u00a0el \u00a0pedido \u00a0por \u00a0el \u00a0gobierno \u00a0extranjero \u00a0nuestro \u00a0pa\u00eds \u00a0ha \u00a0ejercido \u00a0jurisdicci\u00f3n y si en desarrollo de la \u00a0misma se ha proferido decisi\u00f3n con fuerza ejecutoria. \u00a0\u00a0<\/p>\n<p>4. Sobre esta base se \u00a0tiene \u00a0que \u00a0el \u00a0apoderado de Jeison Archbold ha aportado en copias de textos que \u00a0dice \u00a0recogen \u00a0la \u00a0acusaci\u00f3n que por los mismos hechos objeto de imputaci\u00f3n en \u00a0el \u00a0extranjero \u00a0se \u00a0adelanta \u00a0en \u00a0Colombia, \u00a0el \u00a0acta de preacuerdo en ese mismo \u00a0asunto \u00a0y \u00a0la \u00a0sentencia que en virtud de \u00e9l se emiti\u00f3, siendo informaci\u00f3n de \u00a0pertinente \u00a0acopio a este tr\u00e1mite, en los t\u00e9rminos referidos previamente, pero \u00a0que \u00a0en \u00a0principio \u00a0no \u00a0son \u00a0admisibles por haberse hecho su aporte en documento \u00a0simples \u00a0sin \u00a0autenticar, \u00a0raz\u00f3n \u00a0para \u00a0proceder \u00a0a \u00a0su \u00a0desglose \u00a0y entrega al \u00a0peticionario. \u00a0\u00a0<\/p>\n<p>Lo anterior no obsta para que, como lo reclama \u00a0en \u00a0\u00faltimo \u00a0lugar \u00a0el \u00a0memorialista, \u00a0la Corte proceda a oficiar a la Fiscal\u00eda \u00a0General \u00a0de \u00a0la Naci\u00f3n -Centro de Informaci\u00f3n sobre Actividades Delictivas-, a \u00a0efecto \u00a0de \u00a0que \u00a0informe \u00a0si se ha adelantado investigaci\u00f3n en contra de Jeison \u00a0Archbold \u00a0que \u00a0haya concluido con sentencia respecto de los hechos que sustentan \u00a0la \u00a0solicitud \u00a0de \u00a0extradici\u00f3n; en caso de ser positiva la respuesta se allegue \u00a0copia de la sentencia, si la hay, constancia de su ejecutoria. \u00a0\u00a0<\/p>\n<p>Tambi\u00e9n se oficiar\u00e1 al Juzgado \u00danico Penal \u00a0del \u00a0Circuito \u00a0Especializado \u00a0de \u00a0Cartagena con el mismo cometido referido en el \u00a0numeral \u00a0anterior, \u00a0solicit\u00e1ndose \u00a0en caso positivo remita copia autenticada de \u00a0la \u00a0 sentencia \u00a0emitida \u00a0en \u00a0contra \u00a0de \u00a0Jeison \u00a0Archbold \u00a0y \u00a0constancia \u00a0de \u00a0su \u00a0ejecutoria.\u00a0\u00a0 \u00a0\u00a0<\/p>\n<p>Se dispondr\u00e1 que en firme esta decisi\u00f3n, el \u00a0expediente \u00a0permanezca \u00a0en secretar\u00eda por cinco (5) d\u00edas para la presentaci\u00f3n \u00a0de alegaciones. \u00a0\u00a0<\/p>\n<p>En \u00a0m\u00e9rito \u00a0de \u00a0lo expuesto, la CORTE SUPREMA DE JUSTICIA en Sala de Casaci\u00f3n Penal, \u00a0\u00a0<\/p>\n<p>RESUELVE \u00a0<\/p>\n<p>1. NEGAR las pruebas \u00a0solicitadas \u00a0 por \u00a0 el \u00a0apoderado \u00a0del \u00a0ciudadano \u00a0colombiano \u00a0Jeison \u00a0Archbold, \u00a0requerido \u00a0en \u00a0extradici\u00f3n \u00a0por el Gobierno de los Estados Unidos de Am\u00e9rica y \u00a0en consecuencia devu\u00e9lvase la documentaci\u00f3n adjuntada. \u00a0\u00a0<\/p>\n<p>2. \u00a0OFICIAR \u00a0a \u00a0la \u00a0Fiscal\u00eda \u00a0General \u00a0de \u00a0la \u00a0Naci\u00f3n \u00a0-Centro \u00a0de Informaci\u00f3n sobre Actividades Delictivas-, a efecto de que \u00a0informe \u00a0si \u00a0se \u00a0ha \u00a0adelantado \u00a0investigaci\u00f3n en contra de Jeison Archbold que \u00a0haya \u00a0concluido \u00a0con sentencia respecto de los hechos que sustentan la solicitud \u00a0de \u00a0extradici\u00f3n; \u00a0en \u00a0caso \u00a0de ser positiva la respuesta se allegue copia de la \u00a0sentencia, si la hay, constancia de su ejecutoria. \u00a0\u00a0<\/p>\n<p>3. \u00a0OFICIAR \u00a0 al \u00a0Juzgado \u00a0\u00danico \u00a0Penal \u00a0del \u00a0Circuito \u00a0Especializado \u00a0de \u00a0Cartagena \u00a0con \u00a0el \u00a0mismo \u00a0cometido \u00a0referido en el \u00a0numeral \u00a0anterior, \u00a0solicit\u00e1ndose \u00a0en caso positivo remita copia autenticada de \u00a0la \u00a0 sentencia \u00a0emitida \u00a0en \u00a0contra \u00a0de \u00a0Jeison \u00a0Archbold \u00a0y \u00a0constancia \u00a0de \u00a0su \u00a0ejecutoria. \u00a0\u00a0<\/p>\n<p>4. \u00a0 DEJAR \u00a0 el \u00a0expediente \u00a0en \u00a0secretar\u00eda \u00a0por \u00a0el \u00a0t\u00e9rmino \u00a0de \u00a0cinco \u00a0(5) \u00a0d\u00edas \u00a0para \u00a0las \u00a0alegaciones de fondo. \u00a0\u00a0<\/p>\n<p>C\u00f3piese, notif\u00edquese y c\u00famplase. \u00a0<\/p>\n<p>JAVIER ZAPATA ORTIZ \u00a0<\/p>\n<p>JOS\u00c9 \u00a0 \u00a0 \u00a0 LUIS \u00a0 \u00a0 \u00a0 BARCEL\u00d3 \u00a0CAMACHO\u00a0\u00a0\u00a0\u00a0\u00a0\u00a0\u00a0\u00a0\u00a0\u00a0\u00a0\u00a0\u00a0\u00a0\u00a0\u00a0\u00a0\u00a0\u00a0\u00a0\u00a0\u00a0\u00a0\u00a0\u00a0\u00a0\u00a0\u00a0\u00a0\u00a0\u00a0\u00a0\u00a0\u00a0 \u00a0JOS\u00c9 LEONIDAS BUSTOS\u00a0 MART\u00cdNEZ \u00a0\u00a0<\/p>\n<p>FERNANDO \u00a0 \u00a0 \u00a0 ALBERTO \u00a0 \u00a0 \u00a0CASTRO \u00a0CABALLERO\u00a0\u00a0\u00a0\u00a0\u00a0\u00a0\u00a0\u00a0\u00a0\u00a0\u00a0\u00a0\u00a0\u00a0\u00a0\u00a0\u00a0\u00a0\u00a0\u00a0\u00a0\u00a0\u00a0\u00a0 \u00a0SIGIFREDO ESPINOSA\u00a0 P\u00c9REZ \u00a0\u00a0<\/p>\n<p>ALFREDO \u00a0 \u00a0 \u00a0 \u00a0 \u00a0 G\u00d3MEZ \u00a0QUINTERO\u00a0\u00a0\u00a0\u00a0\u00a0\u00a0\u00a0\u00a0\u00a0\u00a0\u00a0\u00a0\u00a0\u00a0\u00a0\u00a0\u00a0\u00a0\u00a0\u00a0\u00a0\u00a0\u00a0\u00a0\u00a0 \u00a0MAR\u00cdA DEL ROSARIO GONZ\u00c1LEZ\u00a0 DE\u00a0 LEMOS \u00a0\u00a0<\/p>\n<p>AUGUSTO \u00a0 \u00a0 \u00a0 \u00a0 \u00a0 IB\u00c1\u00d1EZ \u00a0GUZM\u00c1N\u00a0\u00a0\u00a0\u00a0\u00a0\u00a0\u00a0\u00a0\u00a0\u00a0\u00a0\u00a0\u00a0\u00a0\u00a0\u00a0\u00a0\u00a0\u00a0\u00a0\u00a0\u00a0\u00a0\u00a0\u00a0\u00a0\u00a0\u00a0\u00a0\u00a0\u00a0\u00a0\u00a0\u00a0\u00a0\u00a0\u00a0\u00a0\u00a0\u00a0\u00a0\u00a0\u00a0\u00a0\u00a0\u00a0\u00a0\u00a0\u00a0\u00a0\u00a0\u00a0\u00a0\u00a0\u00a0\u00a0\u00a0\u00a0\u00a0\u00a0\u00a0 \u00a0JULIO E. SOCHA SALAMANCA \u00a0\u00a0<\/p>\n<p>Nubia Yolanda Nova Garc\u00eda \u00a0<\/p>\n<p>Secretaria \u00a0<\/p>\n<p>\u00a0 \u00a0\u00a0<\/p>\n<p><\/p>\n","protected":false},"excerpt":{"rendered":"<p>\u00a0 \u00a0 Proceso n\u00ba 36197 \u00a0 CORTE SUPREMA DE JUSTICIA \u00a0 SALA DE CASACI\u00d3N PENAL \u00a0 \u00a0 \u00a0\u00a0 \u00a0\u00a0 \u00a0\u00a0 \u00a0\u00a0 \u00a0 \u00a0 \u00a0 \u00a0 \u00a0 \u00a0\u00a0 \u00a0\u00a0 \u00a0 \u00a0 \u00a0 \u00a0 \u00a0 \u00a0 \u00a0 \u00a0 \u00a0\u00a0 Magistrado Ponente: \u00a0 \u00a0 \u00a0\u00a0 \u00a0\u00a0 \u00a0\u00a0 \u00a0\u00a0 \u00a0 \u00a0 \u00a0\u00a0 \u00a0\u00a0 \u00a0 \u00a0 \u00a0\u00a0 \u00a0\u00a0 \u00a0 \u00a0 [&hellip;]<\/p>\n","protected":false},"author":1,"featured_media":0,"comment_status":"open","ping_status":"open","sticky":false,"template":"","format":"standard","meta":{"footnotes":""},"categories":[19],"tags":[],"class_list":["post-22579","post","type-post","status-publish","format-standard","hentry","category-19"],"_links":{"self":[{"href":"https:\/\/dmsjuridica.com\/buscador_20179478954\/salapenalcronologico20230723\/wp-json\/wp\/v2\/posts\/22579","targetHints":{"allow":["GET"]}}],"collection":[{"href":"https:\/\/dmsjuridica.com\/buscador_20179478954\/salapenalcronologico20230723\/wp-json\/wp\/v2\/posts"}],"about":[{"href":"https:\/\/dmsjuridica.com\/buscador_20179478954\/salapenalcronologico20230723\/wp-json\/wp\/v2\/types\/post"}],"author":[{"embeddable":true,"href":"https:\/\/dmsjuridica.com\/buscador_20179478954\/salapenalcronologico20230723\/wp-json\/wp\/v2\/users\/1"}],"replies":[{"embeddable":true,"href":"https:\/\/dmsjuridica.com\/buscador_20179478954\/salapenalcronologico20230723\/wp-json\/wp\/v2\/comments?post=22579"}],"version-history":[{"count":0,"href":"https:\/\/dmsjuridica.com\/buscador_20179478954\/salapenalcronologico20230723\/wp-json\/wp\/v2\/posts\/22579\/revisions"}],"wp:attachment":[{"href":"https:\/\/dmsjuridica.com\/buscador_20179478954\/salapenalcronologico20230723\/wp-json\/wp\/v2\/media?parent=22579"}],"wp:term":[{"taxonomy":"category","embeddable":true,"href":"https:\/\/dmsjuridica.com\/buscador_20179478954\/salapenalcronologico20230723\/wp-json\/wp\/v2\/categories?post=22579"},{"taxonomy":"post_tag","embeddable":true,"href":"https:\/\/dmsjuridica.com\/buscador_20179478954\/salapenalcronologico20230723\/wp-json\/wp\/v2\/tags?post=22579"}],"curies":[{"name":"wp","href":"https:\/\/api.w.org\/{rel}","templated":true}]}}