{"id":22479,"date":"2023-09-12T16:34:17","date_gmt":"2023-09-12T16:34:17","guid":{"rendered":"https:\/\/dmsjuridica.com\/buscador_20179478954\/salapenalcronologico20230723\/2023\/09\/12\/3599123-11-11\/"},"modified":"2023-09-12T16:34:17","modified_gmt":"2023-09-12T16:34:17","slug":"3599123-11-11","status":"publish","type":"post","link":"https:\/\/dmsjuridica.com\/buscador_20179478954\/salapenalcronologico20230723\/2023\/09\/12\/3599123-11-11\/","title":{"rendered":"35991(23-11-11)"},"content":{"rendered":"\n<p>\u00a0 \u00a0 Proceso n\u00ba 35991 \u00a0<\/p>\n<p>CORTE SUPREMA DE JUSTICIA \u00a0<\/p>\n<p>SALA DE CASACI\u00d3N PENAL \u00a0<\/p>\n<p>MAGISTRADO PONENTE \u00a0<\/p>\n<p>AUGUSTO J. IB\u00c1\u00d1EZ GUZM\u00c1N \u00a0<\/p>\n<p>Aprobado: Acta No. 411- \u00a0<\/p>\n<p>Bogot\u00e1 \u00a0D.C., veintitr\u00e9s (23) de noviembre \u00a0de dos mil once (2011) \u00a0\u00a0<\/p>\n<p>MOTIVO DE LA DECISION \u00a0<\/p>\n<p>La \u00a0Sala \u00a0examina, de manera oficiosa, si se \u00a0vulneraron \u00a0garant\u00edas \u00a0fundamentales \u00a0dentro \u00a0de la actuaci\u00f3n gobernada por la \u00a0Ley \u00a0906 \u00a0de \u00a02004, \u00a0seguida \u00a0en \u00a0contra de contra Jhon \u00a0Alexander \u00a0Correa, \u00a0El\u00ed \u00a0Humberto \u00a0Mosquera \u00a0y \u00a0Jos\u00e9 \u00a0Albeiro \u00a0Arenales P\u00e1ez, a quienes el Juzgado 3 Penal del Circuito de C\u00facuta en \u00a0sentencia \u00a0del 21 de octubre de 2010, conden\u00f3 a la pena principal de 86.4 meses \u00a0de \u00a0prisi\u00f3n \u00a0y \u00a0la accesoria de inhabilitaci\u00f3n para el ejercicio de derechos y \u00a0funciones \u00a0p\u00fablicas, \u00a0por \u00a0el mismo tiempo de la pena principal, como coautores \u00a0del \u00a0delito \u00a0de \u00a0hurto \u00a0calificado \u00a0y \u00a0agravado \u00a0en \u00a0concurso, con fabricaci\u00f3n, \u00a0tr\u00e1fico \u00a0y \u00a0porte \u00a0de \u00a0armas \u00a0de fuego o municiones agravado, decisi\u00f3n que fue \u00a0confirmada \u00a0el \u00a014 \u00a0de \u00a0diciembre del mismo a\u00f1o, por la Sala Penal del Tribunal \u00a0Superior de la misma ciudad. \u00a0\u00a0<\/p>\n<p>HECHOS \u00a0 Y \u00a0ACTUACION \u00a0PROCESAL \u00a0\u00a0<\/p>\n<p>1. \u00a0La Sala en anterior oportunidad as\u00ed los \u00a0relat\u00f3: \u00a0\u00a0<\/p>\n<p>\u201c1. El 14 de abril de 2010, en la ciudad de \u00a0C\u00facuta \u00a0siendo \u00a0aproximadamente \u00a0las \u00a05:15 \u00a0de \u00a0la \u00a0tarde, \u00a0el se\u00f1or Guillermo \u00a0Melgarejo \u00a0Rodr\u00edguez fue interceptado por dos sujetos en el momento de ingresar \u00a0a \u00a0su \u00a0casa, quienes despu\u00e9s de golpearlo y amenazar con un arma a su hijo de 7 \u00a0a\u00f1os, \u00a0se \u00a0apoderaron de la suma de $4.000.000.oo, distintos objetos de valor y \u00a0se \u00a0escaparon \u00a0por \u00a0la v\u00eda principal en una motocicleta que conduc\u00eda un tercer \u00a0sujeto. La v\u00edctima y su familia fueron encerrados en el ba\u00f1o. \u00a0\u00a0<\/p>\n<p>El 6 de mayo siguiente en la misma ciudad, el \u00a0afectado \u00a0reconoci\u00f3 en una foto del diario La Opini\u00f3n a dos de los sujetos que \u00a0d\u00edas \u00a0 antes \u00a0 lo \u00a0 hab\u00edan \u00a0atracado. \u00a0El \u00a07 \u00a0de \u00a0mayo \u00a0un \u00a0hombre1 \u00a0se acerc\u00f3 a \u00a0las \u00a0 instalaciones \u00a0 de \u00a0la \u00a0SIJIN \u00a0e \u00a0identific\u00f3 \u00a0plenamente \u00a0a \u00a0dos \u00a0de \u00a0los \u00a0responsables \u00a0de \u00a0quienes \u00a0precis\u00f3 \u00a0que \u00a0el \u00a0d\u00eda \u00a0de los hechos acudieron a un \u00a0establecimiento \u00a0comercial \u00a0y comentaron lo sucedido2\u201d. \u00a0\u00a0<\/p>\n<p>2. \u00a0Con \u00a0fundamento en las previsiones de la \u00a0Ley \u00a0906 del 2004, el 16 de junio de 2010 el Juez 1 Penal Municipal con funci\u00f3n \u00a0de \u00a0 control \u00a0 de \u00a0garant\u00edas \u00a0de \u00a0C\u00facuta, \u00a0legaliz\u00f3 \u00a0la \u00a0captura \u00a0y \u00a0formul\u00f3 \u00a0imputaci\u00f3n \u00a0a \u00a0Jhon \u00a0Alexander \u00a0Correa, \u00a0El\u00ed \u00a0 Humberto \u00a0Mosquera \u00a0y \u00a0Jos\u00e9 \u00a0Albeiro \u00a0Arenales \u00a0P\u00e1ez, \u00a0como \u00a0coautores \u00a0de \u00a0los \u00a0delitos \u00a0de \u00a0hurto \u00a0calificado \u00a0y \u00a0agravado en concurso, con \u00a0fabricaci\u00f3n, \u00a0 \u00a0tr\u00e1fico \u00a0 y \u00a0 porte \u00a0 de \u00a0 armas \u00a0 de \u00a0 fuego \u00a0 o \u00a0 municiones \u00a0agravado3. \u00a0\u00a0<\/p>\n<p>3. \u00a0El \u00a015 de julio de 2010, la Fiscal\u00eda 13 \u00a0Delegada \u00a0ante los Juzgados Penales del Circuito de esa ciudad present\u00f3 escrito \u00a0de \u00a0preacuerdo4 \u00a0y \u00a0el \u00a08 \u00a0de \u00a0septiembre \u00a0siguiente \u00a0tuvo \u00a0lugar \u00a0la \u00a0audiencia de \u00a0verificaci\u00f3n \u00a0 ante \u00a0 el \u00a0 Juez \u00a0 3 \u00a0 Penal \u00a0 del \u00a0Circuito \u00a0con \u00a0funciones \u00a0de \u00a0conocimiento5, \u00a0autoridad \u00a0que \u00a0el 21 de octubre de 2010 les impuso 86.4 meses de \u00a0prisi\u00f3n \u00a0e \u00a0inhabilitaci\u00f3n para el ejercicio de derechos y funciones p\u00fablicas \u00a0por \u00a0el \u00a0mismo tiempo de la pena principal. Los priv\u00f3 del derecho de tenencia y \u00a0porte \u00a0de \u00a0armas \u00a0de fuego y les neg\u00f3 la condena de ejecuci\u00f3n condicional y la \u00a0sustitutiva de prisi\u00f3n domiciliaria. \u00a0\u00a0<\/p>\n<p>4. \u00a0La \u00a0decisi\u00f3n fue recurrida y confirmada \u00a0por \u00a0la \u00a0Sala Penal del Tribunal Superior de C\u00facuta el 14 de diciembre de 2010, \u00a0y \u00a0contra ella el apoderado de \u00a0Jhon \u00a0 Alexander \u00a0 Correa \u00a0interpuso y sustent\u00f3 el recurso extraordinario de casaci\u00f3n. \u00a0\u00a0<\/p>\n<p>5. \u00a0Por \u00a0auto \u00a0del 12 de octubre del a\u00f1o en \u00a0curso, \u00a0la \u00a0Sala \u00a0al \u00a0tiempo que inadmiti\u00f3 la demanda de casaci\u00f3n, dispuso que \u00a0las \u00a0diligencias \u00a0regresaran \u00a0al despacho para examinar la probable vulneraci\u00f3n \u00a0de \u00a0las garant\u00edas fundamentales del procesado, en punto del incremento punitivo \u00a0por raz\u00f3n del concurso de conductas punibles. \u00a0\u00a0<\/p>\n<p>6. \u00a0 No \u00a0 se \u00a0promovi\u00f3 \u00a0el \u00a0mecanismo \u00a0de \u00a0insistencia y, por tanto, se procede a resolver lo pertinente. \u00a0\u00a0<\/p>\n<p>Cuesti\u00f3n previa. \u00a0<\/p>\n<p>Una \u00a0vez \u00a0en firme el auto que inadmiti\u00f3 la \u00a0demanda \u00a0y \u00a0habiendo \u00a0retornado \u00a0el \u00a0proceso \u00a0para \u00a0decidir \u00a0sobre \u00a0la \u00a0eventual \u00a0vulneraci\u00f3n \u00a0de garant\u00edas fundamentales, el defensor alleg\u00f3 un escrito, en el \u00a0que \u00a0 \u00a0invoca \u00a0 \u00a0una \u00a0 \u00a0\u201cCOMEDIDA \u00a0 SOLICITUD \u00a0 DE \u00a0ACLARACI\u00d3N6\u201d. \u00a0\u00a0<\/p>\n<p>La \u00a0Sala \u00a0se \u00a0abstendr\u00e1 \u00a0de \u00a0responder \u00a0ese \u00a0planteamiento, \u00a0toda \u00a0vez \u00a0que \u00a0al \u00a0guardar \u00a0silencio \u00a0frente \u00a0al \u00a0mecanismo \u00a0de \u00a0insistencia, \u00a0no \u00a0est\u00e1 \u00a0legitimado \u00a0para \u00a0pretender \u00a0que se analicen sus nuevos \u00a0argumentos. \u00a0\u00a0<\/p>\n<p>En \u00a0consecuencia, \u00a0el \u00a0pronunciamiento de la \u00a0Sala se limitar\u00e1 a lo anunciado por la Corporaci\u00f3n. \u00a0\u00a0<\/p>\n<p>CONSIDERACIONES \u00a0\u00a0<\/p>\n<p>1. \u00a0Como \u00a0se advirti\u00f3 en la providencia que \u00a0inadmiti\u00f3 \u00a0la \u00a0demanda \u00a0de \u00a0casaci\u00f3n, \u00a0la \u00a0Sala \u00a0advierte \u00a0que \u00a0al \u00a0momento de \u00a0dosificar \u00a0la \u00a0pena, \u00a0el \u00a0Tribunal \u00a0desconoci\u00f3 \u00a0las \u00a0reglas \u00a0establecidas en el \u00a0art\u00edculo \u00a031 del C\u00f3digo Penal, eso es, la forma en que el juzgador ha de tasar \u00a0las \u00a0penas \u00a0frente \u00a0al \u00a0concurso de conductas punibles pues si bien, parti\u00f3 del \u00a0delito \u00a0sancionado \u00a0con la pena m\u00e1s grave, lo increment\u00f3 con fundamento en esa \u00a0misma proporci\u00f3n cuando el incremento era menor. \u00a0\u00a0<\/p>\n<p>2. \u00a0En \u00a0efecto, \u00a0el \u00a0juzgador \u00a0de \u00a0primera \u00a0instancia \u00a0parti\u00f3 \u00a0del \u00a0delito \u00a0de \u00a0hurto calificado y agravado descrito en los \u00a0art\u00edculos \u00a0240-2 \u00a0y 241-10, el que tiene prevista una sanci\u00f3n que oscila entre \u00a0los 144 a 336 meses de prisi\u00f3n, la que dividi\u00f3 en cuartos: \u00a0\u00a0<\/p>\n<p>Cuarto \u00a0m\u00ednimo \u00a0\u00a0 \u00a0 \u00a0 \u00a0 \u00a0 \u00a0<\/p>\n<p>Primer \u00a0\u00bc \u00a0medio \u00a0\u00a0 \u00a0 \u00a0 \u00a0 \u00a0 \u00a0<\/p>\n<p>Segundo \u00bc \u00a0medio \u00a0\u00a0 \u00a0 \u00a0 \u00a0 \u00a0 \u00a0<\/p>\n<p>Cuarto \u00a0m\u00e1ximo \u00a0<\/p>\n<p>144- \u00a0192 \u00a0\u00a0 \u00a0 \u00a0 \u00a0 \u00a0 \u00a0<\/p>\n<p>192 \u00a0&#8211; \u00a0240 \u00a0\u00a0 \u00a0 \u00a0 \u00a0 \u00a0 \u00a0<\/p>\n<p>240 \u00a0&#8211; \u00a0288 \u00a0\u00a0 \u00a0 \u00a0 \u00a0 \u00a0 \u00a0<\/p>\n<p>288 \u00a0&#8211; \u00a0336 \u00a0<\/p>\n<p>3. \u00a0Luego, \u00a0se \u00a0ubic\u00f3 \u00a0en \u00a0el primer cuarto \u00a0punitivo \u00a0de \u00a0movilidad, \u00a0y \u00a0tras \u00a0advertir \u00a0que dos de los acusados7 \u00a0 ten\u00edan \u00a0antecedentes \u00a0penales, \u00a0tal \u00a0consideraci\u00f3n \u00a0lo \u00a0llev\u00f3 \u00a0a \u00a0imponer \u00a0a \u00a0los tres \u00a0enjuiciados \u00a0192 meses de prisi\u00f3n, los que redujo en la mitad por haber operado \u00a0el \u00a0fen\u00f3meno \u00a0de \u00a0la \u00a0indemnizaci\u00f3n \u00a0integral, \u00a0para \u00a0un \u00a0total de 96 meses de \u00a0prisi\u00f3n por raz\u00f3n de este comportamiento. \u00a0\u00a0<\/p>\n<p>4. \u00a0Acto \u00a0seguido y siguiendo los derroteros \u00a0previstos \u00a0en \u00a0el \u00a0art\u00edculo \u00a0365 \u00a0del C\u00f3digo Penal8, tas\u00f3 en 96 meses de prisi\u00f3n \u00a0la \u00a0sanci\u00f3n \u00a0por \u00a0el \u00a0delito \u00a0de \u00a0fabricaci\u00f3n, \u00a0tr\u00e1fico \u00a0y \u00a0porte de armas de \u00a0fuego9 \u00a0\u00a0<\/p>\n<p>. \u00a0<\/p>\n<p>5. Para adecuar la pena a imponer por los dos \u00a0delitos, \u00a0y \u00a0por \u00a0raz\u00f3n \u00a0del fen\u00f3meno concursal, en cumplimiento de las reglas \u00a0contenidas \u00a0en \u00a0el \u00a0art\u00edculo \u00a031 \u00a0del C\u00f3digo Penal10 \u00a0\u00a0<\/p>\n<p>, parti\u00f3 de los 96 meses de prisi\u00f3n por el \u00a0delito \u00a0 de \u00a0 hurto \u00a0 calificado \u00a0 y \u00a0 agravado, \u00a0pena \u00a0que \u00a0increment\u00f3 \u00a0en \u00a048 \u00a0meses11, \u00a0por \u00a0el concurso con el delito de fabricaci\u00f3n trafico y porte de \u00a0armas \u00a0de \u00a0fuego o municiones, para un total de 144 meses de prisi\u00f3n, tiempo en \u00a0que \u00a0fij\u00f3 \u00a0la \u00a0accesoria \u00a0de \u00a0inhabilitaci\u00f3n \u00a0para \u00a0el ejercicio de derechos y \u00a0funciones \u00a0 \u00a0 \u00a0 \u00a0 \u00a0 \u00a0 \u00a0 \u00a0 \u00a0p\u00fablicas12. \u00a0\u00a0<\/p>\n<p>6. \u00a0Finalmente \u00a0y \u00a0por \u00a0haberse \u00a0aceptado el \u00a0preacuerdo \u00a0al \u00a0que \u00a0llegaron \u00a0los \u00a0acusados con la fiscal\u00eda, les reconoci\u00f3 un \u00a0descuento \u00a0del \u00a040%, \u00a0por \u00a0lo que tanto la pena de prisi\u00f3n como la accesoria se \u00a0fij\u00f3 en 86.4 meses de prisi\u00f3n. \u00a0\u00a0<\/p>\n<p>7. \u00a0Por virtud del recurso de apelaci\u00f3n, el \u00a0tribunal \u00a0 corrigi\u00f3 \u00a0 el \u00a0 yerro \u00a0 en \u00a0que \u00a0hab\u00eda \u00a0incurrido \u00a0el \u00a0a \u00a0quo \u00a0al \u00a0asociar \u00a0la \u00a0concurrencia \u00a0de \u00a0antecedentes \u00a0penales \u00a0de los otros dos acusados a la situaci\u00f3n de Jhon \u00a0Alexander \u00a0Correa, lo que lo llev\u00f3 a \u00a0imponerle \u00a0por \u00a0el \u00a0delito \u00a0de \u00a0hurto \u00a0calificado \u00a0y \u00a0agravado, \u00a0la pena m\u00ednima \u00a0prevista \u00a0en \u00a0el \u00a0primer cuarto, esto es 144 meses, a la que descont\u00f3 la mitad, \u00a0producto \u00a0de \u00a0la \u00a0reparaci\u00f3n \u00a0integral, \u00a0por \u00a0lo \u00a0que \u00a0le \u00a0impuso \u00a072 \u00a0meses de \u00a0prisi\u00f3n13. \u00a0\u00a0<\/p>\n<p>8. \u00a0Sin \u00a0embargo, \u00a0al momento de aplicar las \u00a0reglas \u00a0del \u00a0concurso, la Colegiatura desatendi\u00f3 que en el caso de Jhon \u00a0 \u00a0Alexander \u00a0 Correa, \u00a0 el \u00a0 delito \u00a0sancionado \u00a0con \u00a0pena \u00a0mayor era el de fabricaci\u00f3n tr\u00e1fico y porte de armas de \u00a0fuego \u00a0o \u00a0municiones, la que se hab\u00eda establecido en 96 meses de prisi\u00f3n, y se \u00a0orden\u00f3 \u00a0incrementar \u00a0en el \u201c50% de la otra conducta \u00a0que \u00a0se \u00a0aumentara \u00a0en primera instancia, para no atentar contra el principio de \u00a0la \u00a0 \u00a0 \u00a0 no \u00a0 \u00a0 \u00a0 reformatio \u00a0 \u00a0 \u00a0in \u00a0 \u00a0 \u00a0pejus14\u201d, \u00a0 \u00a0 \u00a0 lo \u00a0 que \u00a0 impon\u00eda \u00a0 que \u00a0aquella \u00a0se \u00a0incrementara \u00a0en \u00a036 \u00a0meses, \u00a0(el \u00a050% \u00a0de \u00a072), \u00a0por \u00a0el \u00a0delito \u00a0 \u00a0de \u00a0 \u00a0hurto \u00a0 \u00a0calificado \u00a0 y \u00a0 agravado15, \u00a0 para \u00a0 un \u00a0total \u00a0ciento \u00a0treinta \u00a0 \u00a0 \u00a0 y \u00a0 \u00a0 \u00a0 dos \u00a0 \u00a0 \u00a0(132) \u00a0 \u00a0 \u00a0meses \u00a0 \u00a0 \u00a0prisi\u00f3n, \u00a0 \u00a0 \u00a0quantum \u00a0 punitivo \u00a0 que \u00a0resulta \u00a0menos \u00a0gravoso para el sentenciado. \u00a0\u00a0<\/p>\n<p>9. Partiendo de los 132 meses de prisi\u00f3n, se \u00a0le \u00a0habr\u00e1 \u00a0de \u00a0deducir \u00a0el \u00a0equivalente \u00a0al \u00a040% \u00a0de \u00a0la sanci\u00f3n, producto del \u00a0preacuerdo \u00a0al \u00a0que \u00a0lleg\u00f3 \u00a0con la fiscal\u00eda, motivo por el cual en su caso, la \u00a0sanci\u00f3n \u00a0en \u00a0definitiva \u00a0es \u00a0la \u00a0de \u00a0setenta y nueve (79) meses y seis d\u00edas de \u00a0prisi\u00f3n \u00a0o \u00a0lo que es lo mismo, seis (6) a\u00f1os, seis (6) meses y seis (6) d\u00edas \u00a0de \u00a0prisi\u00f3n, \u00a0y, por el mismo t\u00e9rmino, la accesoria de inhabilitaci\u00f3n para el \u00a0ejercicio de derechos y funciones p\u00fablicas. \u00a0\u00a0<\/p>\n<p>9. \u00a0En consecuencia, atendiendo el principio \u00a0de \u00a0legalidad, \u00a0surge \u00a0imperativo \u00a0corregir el desacierto, redosificando la pena \u00a0impuesta \u00a0 \u00a0a \u00a0 Jhon \u00a0 Alexander \u00a0 Correa. \u00a0\u00a0<\/p>\n<p>En \u00a0m\u00e9rito \u00a0de \u00a0lo \u00a0expuesto, \u00a0la \u00a0Sala \u00a0de \u00a0Casaci\u00f3n \u00a0Penal \u00a0de \u00a0la \u00a0Corte \u00a0Suprema \u00a0de Justicia, administrando justicia en \u00a0nombre de la Rep\u00fablica y por autoridad de la ley, \u00a0\u00a0<\/p>\n<p>RESUELVE \u00a0<\/p>\n<p>PRIMERO. \u00a0CASAR OFICIOSA Y PARCIALMENTE \u00a0el \u00a0fallo \u00a0proferido \u00a0por \u00a0la Sala Penal del Tribunal Superior de C\u00facuta, en el \u00a0sentido \u00a0 de \u00a0 imponer \u00a0al \u00a0procesado \u00a0Jhon \u00a0Alexander \u00a0Correa \u00a0la \u00a0pena principal de seis (6) a\u00f1os, seis (6) \u00a0meses \u00a0y \u00a0seis \u00a0(6) \u00a0d\u00edas \u00a0de \u00a0prisi\u00f3n\u00a0 \u00a0e \u00a0inhabilitaci\u00f3n de derechos y \u00a0funciones p\u00fablicas por ese lapso. \u00a0\u00a0<\/p>\n<p>SEGUNDO. \u00a0Advertir \u00a0que las dem\u00e1s determinaciones permanecen sin modificaci\u00f3n. \u00a0\u00a0<\/p>\n<p>Contra \u00a0esta \u00a0providencia no procede recurso \u00a0alguno. \u00a0\u00a0<\/p>\n<p>NOTIF\u00cdQUESE y C\u00daMPLASE \u00a0<\/p>\n<p>JAVIER ZAPATA ORTIZ \u00a0<\/p>\n<p>JOS\u00c9 LUIS BARCEL\u00d3 \u00a0CAMACHO \u00a0\u00a0<\/p>\n<p>\u00a0\u00a0 \u00a0 \u00a0 \u00a0 \u00a0 \u00a0<\/p>\n<p>\u00a0\u00a0\u00a0\u00a0\u00a0\u00a0\u00a0\u00a0\u00a0\u00a0\u00a0\u00a0\u00a0 \u00a0JOS\u00c9 LEONIDAS BUSTOS MART\u00cdNEZ \u00a0<\/p>\n<p>FERNANDO \u00a0ALBERTO CASTRO CABALLERO \u00a0\u00a0 \u00a0 \u00a0 \u00a0 \u00a0 \u00a0<\/p>\n<p>\u00a0\u00a0\u00a0\u00a0\u00a0\u00a0\u00a0\u00a0\u00a0\u00a0\u00a0\u00a0\u00a0 \u00a0SIGIFREDO ESPINOSA P\u00c9REZ \u00a0<\/p>\n<p>MAR\u00cdA \u00a0 \u00a0DEL \u00a0 \u00a0ROSARIO \u00a0 \u00a0GONZ\u00c1LEZ \u00a0MU\u00d1OZ \u00a0\u00a0<\/p>\n<p>\u00a0\u00a0 \u00a0 \u00a0 \u00a0 \u00a0 \u00a0<\/p>\n<p>AUGUSTO J. IB\u00c1\u00d1EZ GUZM\u00c1N \u00a0<\/p>\n<p>LUIS \u00a0GUILLERMO \u00a0SALAZAR OTERO \u00a0\u00a0<\/p>\n<p>\u00a0\u00a0 \u00a0 \u00a0 \u00a0 \u00a0 \u00a0<\/p>\n<p>\u00a0\u00a0\u00a0\u00a0\u00a0\u00a0\u00a0\u00a0\u00a0\u00a0\u00a0 \u00a0JULIO ENRIQUE SOCHA SALAMANCA \u00a0<\/p>\n<p>NUBIA YOLANDA NOVA GARC\u00cdA \u00a0\u00a0<\/p>\n<p>Secretaria \u00a0<\/p>\n<p>\u00a0 \u00a0\u00a0<\/p>\n<p>1 \u00a0No \u00a0identificado en las sentencias. \u00a0\u00a0<\/p>\n<p>2 Folio \u00a05 cuaderno 3. \u00a0\u00a0<\/p>\n<p>3 Folio \u00a010 de la carpeta. \u00a0\u00a0<\/p>\n<p>4 \u00a0Folios 21 a 28 de la carpeta. \u00a0\u00a0<\/p>\n<p>5 Cfr \u00a0fl \u00a035 \u00a0y \u00a0ss \u00a0cuaderno \u00a01. \u00a0Posteriormente, \u00a0el \u00a0Juzgado 35 se convirti\u00f3 en el \u00a0Juzgado \u00a0 14 \u00a0 Penal \u00a0del \u00a0Circuito \u00a0con \u00a0funciones \u00a0de \u00a0Conocimiento \u00a0de \u00a0\u00e9sta \u00a0ciudad. \u00a0\u00a0<\/p>\n<p>6 Folio \u00a036 cuaderno 3. \u00a0\u00a0<\/p>\n<p>7 \u00a0El\u00ed \u00a0Humberto \u00a0Mosquera \u00a0y \u00a0Jos\u00e9 \u00a0Albeiro \u00a0Arenales \u00a0P\u00e1ez. \u00a0\u00a0<\/p>\n<p>8 \u00a0ART\u00cdCULO \u00a0365. \u00a0El \u00a0que \u00a0sin permiso de autoridad competente importe, trafique, \u00a0fabrique, \u00a0transporte, \u00a0almacene, \u00a0distribuya, venda, suministre, repare o porte \u00a0armas \u00a0 \u00a0de \u00a0 \u00a0fuego \u00a0 \u00a0de \u00a0 defensa \u00a0 personal \u00a0 y \u00a0municiones, \u00a0incurrir\u00e1 \u00a0en \u00a0prisi\u00f3n de cuatro (4) a \u00a0ocho \u00a0 (8) \u00a0 a\u00f1os. \u00a0La \u00a0pena \u00a0m\u00ednima \u00a0anteriormente \u00a0dispuesta \u00a0se \u00a0duplicar\u00e1 \u00a0cuando \u00a0la \u00a0conducta \u00a0se \u00a0cometa \u00a0en \u00a0las \u00a0siguientes \u00a0circunstancias: 1. Utilizando medios motorizados. \u00a0\u00a0<\/p>\n<p>9 Es un \u00a0quatum \u00a0fijo que se aplica \u00a0cuanto se comete esta conducta sobre medios motorizados. \u00a0\u00a0<\/p>\n<p>10 \u00a0 \u00a0 ARTICULO \u00a031. CONCURSO DE CONDUCTAS PUNIBLES. El que con una \u00a0sola \u00a0acci\u00f3n \u00a0u \u00a0omisi\u00f3n \u00a0o \u00a0con \u00a0varias \u00a0acciones u omisiones infrinja varias \u00a0disposiciones \u00a0de \u00a0la \u00a0ley \u00a0penal o varias veces la misma disposici\u00f3n, quedar\u00e1 \u00a0sometido \u00a0a la que establezca la pena m\u00e1s grave seg\u00fan su naturaleza, aumentada \u00a0hasta \u00a0en \u00a0otro \u00a0tanto, \u00a0sin que fuere superior a la suma aritm\u00e9tica de las que \u00a0correspondan \u00a0a \u00a0las respectivas conductas punibles debidamente dosificadas cada \u00a0una de ellas. \u00a0\u00a0<\/p>\n<p>11 Que \u00a0corresponden \u00a0al 50% de la sanci\u00f3n que dosific\u00f3 para el delito de porte ilegal \u00a0de armas. \u00a0\u00a0<\/p>\n<p>12 \u00a0Folios 174 y 175 de la carpeta. \u00a0\u00a0<\/p>\n<p>13 \u00a0Folio 20 cuaderno 2. \u00a0\u00a0<\/p>\n<p>14 \u00a0As\u00ed \u00a0 \u00a0lo \u00a0 \u00a0advirti\u00f3 \u00a0 \u00a0el \u00a0 \u00a0Tribunal \u00a0 al \u00a0 momento \u00a0 de \u00a0 redosificar \u00a0 la \u00a0sanci\u00f3n. \u00a0\u00a0<\/p>\n<p>15 Y \u00a0no de 48 meses de prisi\u00f3n como equivocadamente se tas\u00f3. \u00a0 \u00a0\u00a0<\/p>\n<p><\/p>\n","protected":false},"excerpt":{"rendered":"<p>\u00a0 \u00a0 Proceso n\u00ba 35991 \u00a0 CORTE SUPREMA DE JUSTICIA \u00a0 SALA DE CASACI\u00d3N PENAL \u00a0 MAGISTRADO PONENTE \u00a0 AUGUSTO J. IB\u00c1\u00d1EZ GUZM\u00c1N \u00a0 Aprobado: Acta No. 411- \u00a0 Bogot\u00e1 \u00a0D.C., veintitr\u00e9s (23) de noviembre \u00a0de dos mil once (2011) \u00a0\u00a0 MOTIVO DE LA DECISION \u00a0 La \u00a0Sala \u00a0examina, de manera oficiosa, si se \u00a0vulneraron [&hellip;]<\/p>\n","protected":false},"author":1,"featured_media":0,"comment_status":"open","ping_status":"open","sticky":false,"template":"","format":"standard","meta":{"footnotes":""},"categories":[19],"tags":[],"class_list":["post-22479","post","type-post","status-publish","format-standard","hentry","category-19"],"_links":{"self":[{"href":"https:\/\/dmsjuridica.com\/buscador_20179478954\/salapenalcronologico20230723\/wp-json\/wp\/v2\/posts\/22479","targetHints":{"allow":["GET"]}}],"collection":[{"href":"https:\/\/dmsjuridica.com\/buscador_20179478954\/salapenalcronologico20230723\/wp-json\/wp\/v2\/posts"}],"about":[{"href":"https:\/\/dmsjuridica.com\/buscador_20179478954\/salapenalcronologico20230723\/wp-json\/wp\/v2\/types\/post"}],"author":[{"embeddable":true,"href":"https:\/\/dmsjuridica.com\/buscador_20179478954\/salapenalcronologico20230723\/wp-json\/wp\/v2\/users\/1"}],"replies":[{"embeddable":true,"href":"https:\/\/dmsjuridica.com\/buscador_20179478954\/salapenalcronologico20230723\/wp-json\/wp\/v2\/comments?post=22479"}],"version-history":[{"count":0,"href":"https:\/\/dmsjuridica.com\/buscador_20179478954\/salapenalcronologico20230723\/wp-json\/wp\/v2\/posts\/22479\/revisions"}],"wp:attachment":[{"href":"https:\/\/dmsjuridica.com\/buscador_20179478954\/salapenalcronologico20230723\/wp-json\/wp\/v2\/media?parent=22479"}],"wp:term":[{"taxonomy":"category","embeddable":true,"href":"https:\/\/dmsjuridica.com\/buscador_20179478954\/salapenalcronologico20230723\/wp-json\/wp\/v2\/categories?post=22479"},{"taxonomy":"post_tag","embeddable":true,"href":"https:\/\/dmsjuridica.com\/buscador_20179478954\/salapenalcronologico20230723\/wp-json\/wp\/v2\/tags?post=22479"}],"curies":[{"name":"wp","href":"https:\/\/api.w.org\/{rel}","templated":true}]}}