{"id":22426,"date":"2023-09-12T16:34:14","date_gmt":"2023-09-12T16:34:14","guid":{"rendered":"https:\/\/dmsjuridica.com\/buscador_20179478954\/salapenalcronologico20230723\/2023\/09\/12\/3591022-02-11\/"},"modified":"2023-09-12T16:34:14","modified_gmt":"2023-09-12T16:34:14","slug":"3591022-02-11","status":"publish","type":"post","link":"https:\/\/dmsjuridica.com\/buscador_20179478954\/salapenalcronologico20230723\/2023\/09\/12\/3591022-02-11\/","title":{"rendered":"35910(22-02-11)"},"content":{"rendered":"\n<p>\u00a0 \u00a0 Proceso n.\u00ba 35910 \u00a0<\/p>\n<p>CORTE SUPREMA DE JUSTICIA \u00a0<\/p>\n<p>SALA DE CASACI\u00d3N PENAL \u00a0<\/p>\n<p>\u00a0 \u00a0\u00a0 \u00a0\u00a0 \u00a0\u00a0Bogot\u00e1, \u00a0 D. \u00a0 C., \u00a0 febrero \u00a0 veintid\u00f3s \u00a0(22) \u00a0de \u00a0dos \u00a0mil \u00a0once \u00a0(2011). \u00a0\u00a0<\/p>\n<p>ASUNTO: \u00a0<\/p>\n<p>\u00a0 \u00a0 \u00a0 \u00a0 \u00a0<\/p>\n<p>Se \u00a0pronuncia el Despacho sobre la petici\u00f3n \u00a0de \u00a0h\u00e1beas corpus presentada \u00a0ante \u00a0esta Corporaci\u00f3n por el doctor Juan Carlos Guzm\u00e1n Orjuela, quien afirm\u00f3 \u00a0su \u00a0condici\u00f3n \u00a0de \u00a0defensor del procesado Gustavo Gil Higuera,\u00a0 privado de \u00a0la \u00a0libertad \u00a0en \u00a0la \u00a0C\u00e1rcel \u00a0Judicial \u00a0de \u00a0Mocoa, Putumayo, por los delitos de \u00a0concierto \u00a0 para \u00a0 cometer \u00a0 delitos \u00a0 de \u00a0 financiaci\u00f3n \u00a0 del \u00a0 terrorismo \u00a0 y \u00a0administraci\u00f3n \u00a0de recursos relacionados con actividades terroristas, homicidio \u00a0agravado \u00a0y \u00a0fabricaci\u00f3n, \u00a0tr\u00e1fico \u00a0o \u00a0porte \u00a0de \u00a0armas de fuego o municiones, \u00a0asunto \u00a0que \u00a0conoce \u00a0el \u00a0Juzgado \u00a0Penal \u00a0del \u00a0Circuito \u00a0Especializado \u00a0de Puerto \u00a0As\u00eds.\u00a0 \u00a0\u00a0<\/p>\n<p>CONSIDERACIONES: \u00a0<\/p>\n<p>\u00a0 \u00a0\u00a0 \u00a0\u00a0 \u00a0\u00a01. \u00a0El \u00a0texto \u00a0del \u00a0art\u00edculo \u00a02\u00ba \u00a0de la Ley 1095 de 2006 conduce a \u00a0creer \u00a0que \u00a0la \u00a0Sala \u00a0de \u00a0Casaci\u00f3n \u00a0Penal \u00a0de \u00a0la \u00a0Corte Suprema de Justicia es \u00a0competente \u00a0para \u00a0conocer \u00a0en \u00a0primera \u00a0instancia \u00a0de peticiones de h\u00e1beas \u00a0corpus. \u00a0Sin \u00a0embargo, \u00a0la \u00a0Corte \u00a0Constitucional \u00a0en la sentencia C-187 de 2006, al realizar el control previo del \u00a0proyecto \u00a0de \u00a0la \u00a0ley \u00a0estatutaria \u00a0No. \u00a0284\/05 \u00a0Senado \u00a0y \u00a0No. \u00a0229\/04 \u00a0C\u00e1mara \u00a0\u201cPor \u00a0medio \u00a0del \u00a0cual se \u00a0reglamenta \u00a0 el \u00a0 art\u00edculo \u00a0 30 \u00a0 de \u00a0 la \u00a0Constituci\u00f3n \u00a0Pol\u00edtica\u201d, \u00a0 \u00a0 \u00a0hizo \u00a0 \u00a0 las \u00a0 \u00a0 siguientes \u00a0precisiones: \u00a0\u00a0<\/p>\n<p>La \u00a0Corte \u00a0Suprema \u00a0de \u00a0Justicia, \u00a0\u00f3rgano \u00a0superior \u00a0de \u00a0la jurisdicci\u00f3n ordinaria, no podr\u00e1 conocer en primera instancia \u00a0de \u00a0 la \u00a0 acci\u00f3n \u00a0 de \u00a0 h\u00e1beas \u00a0corpus, \u00a0por cuanto el proyecto que se examina prev\u00e9 en su art\u00edculo 7\u00ba \u00a0el \u00a0tr\u00e1mite \u00a0de \u00a0una \u00a0eventual \u00a0impugnaci\u00f3n \u00a0ante \u00a0\u00abel \u00a0superior \u00a0jer\u00e1rquico \u00a0correspondiente\u00bb \u00a0y \u00a0teniendo en cuenta que la Corte Suprema de Justicia carece \u00a0de \u00a0superior \u00a0funcional, \u00a0resulta \u00a0l\u00f3gico \u00a0que la ley no la habilite, de manera \u00a0general, \u00a0 \u00a0para \u00a0 \u00a0conocer \u00a0 \u00a0en \u00a0 primera \u00a0 instancia \u00a0 de \u00a0 esta \u00a0 clase \u00a0 de \u00a0petici\u00f3n. \u00a0\u00a0<\/p>\n<p>En \u00a0 la \u00a0 misma \u00a0providencia \u00a0el \u00a0Tribunal \u00a0Constitucional \u00a0sobre \u00a0la competencia de los Magistrados para resolver sobre las \u00a0peticiones \u00a0de \u00a0h\u00e1beas corpus \u00a0se\u00f1al\u00f3: \u00a0\u00a0<\/p>\n<p>El \u00a0numeral \u00a02\u00ba. \u00a0del \u00a0art\u00edculo \u00a02\u00ba. del \u00a0proyecto \u00a0de ley que se examina, dispone que cuando la solicitud de h\u00e1beas \u00a0corpus \u00a0sea presentada ante una \u00a0Corporaci\u00f3n, \u00a0 se \u00a0 tendr\u00e1 \u00a0 a \u00a0cada \u00a0uno \u00a0de \u00a0sus \u00a0integrantes \u00a0como juez individual. Para la Corte, esta \u00a0forma \u00a0de \u00a0asignar \u00a0la \u00a0competencia \u00a0es \u00a0acorde \u00a0con \u00a0la \u00a0naturaleza sumaria del \u00a0instrumento \u00a0que \u00a0se \u00a0pretende \u00a0reglamentar, \u00a0m\u00e1s \u00a0a\u00fan \u00a0si se considera que la \u00a0petici\u00f3n \u00a0debe \u00a0ser \u00a0resuelta \u00a0en \u00a0tan \u00a0s\u00f3lo \u00a0treinta \u00a0y \u00a0seis horas, y que el \u00a0funcionamiento \u00a0de \u00a0toda \u00a0Corporaci\u00f3n \u00a0Judicial \u00a0impone, adem\u00e1s del respectivo \u00a0reparto, \u00a0la \u00a0elaboraci\u00f3n de una ponencia que deber\u00eda ser discutida y aprobada \u00a0por \u00a0los \u00a0Magistrados, quedando la autoridad judicial ante el riesgo evidente de \u00a0incumplir el t\u00e9rmino establecido por el constituyente. \u00a0\u00a0<\/p>\n<p>Por lo tanto, la competencia asignada a cada \u00a0uno \u00a0de \u00a0los \u00a0integrantes \u00a0de \u00a0las \u00a0Corporaciones \u00a0Judiciales, \u00a0ser\u00e1 \u00a0declarada \u00a0exequible. \u00a0\u00a0<\/p>\n<p>2. \u00a0 Acorde \u00a0con \u00a0la \u00a0anterior \u00a0l\u00ednea \u00a0de \u00a0interpretaci\u00f3n, \u00a0la \u00a0Sala Administrativa del Consejo Superior de la Judicatura, \u00a0en \u00a0ejercicio \u00a0de las facultades conferidas por el art\u00edculo 3\u00b0 de la Ley 1095, \u00a0mediante \u00a0 \u00a0 \u00a0 Acuerdo \u00a0 \u00a0 \u00a0PSAA07\u25003972 \u00a0del 13 de marzo de 2007, reglament\u00f3 el sistema de turnos para \u00a0la \u00a0 \u00a0atenci\u00f3n \u00a0 \u00a0de \u00a0 \u00a0la \u00a0 \u00a0acci\u00f3n \u00a0 de \u00a0 h\u00e1beas \u00a0corpus \u00a0por \u00a0los jueces y magistrados en el territorio \u00a0nacional y en cuanto ata\u00f1e a las Corporaciones Superiores dispuso: \u00a0\u00a0<\/p>\n<p>ART\u00cdCULO PRIMERO.- Objeto. \u00a0<\/p>\n<p>Con \u00a0arreglo \u00a0a la ley, la atenci\u00f3n de las \u00a0acciones \u00a0de \u00a0h\u00e1beas corpus \u00a0corresponde a: \u00a0\u00a0<\/p>\n<p>a. \u00a0Los \u00a0Magistrados de la Corte Suprema de \u00a0Justicia, \u00a0de \u00a0la \u00a0Sala Contencioso Administrativa del Consejo de Estado y de la \u00a0Sala \u00a0Jurisdiccional \u00a0Disciplinaria \u00a0del \u00a0Consejo \u00a0Superior \u00a0de \u00a0la \u00a0Judicatura. \u00a0\u00a0<\/p>\n<p>Par\u00e1grafo.- \u00a0Los \u00a0Magistrados \u00a0se\u00f1alados \u00a0en \u00a0el \u00a0literal \u00a0a. de este art\u00edculo conocer\u00e1n de las \u00a0acciones \u00a0de \u00a0h\u00e1beas corpus \u00a0\u00fanicamente \u00a0 \u00a0en \u00a0 segunda \u00a0 instancia.\u00a0 \u00a0En \u00a0el \u00a0evento \u00a0de que los magistrados a que se refiere el \u00a0numeral \u00a0 1, \u00a0 literal \u00a0 b. \u00a0 del \u00a0 art\u00edculo \u00a0 3\u00ba1, \u00a0 \u00a0act\u00faen \u00a0 \u00a0en \u00a0 primera \u00a0instancia, \u00a0conocer\u00e1 \u00a0de \u00a0la \u00a0segunda \u00a0instancia, \u00a0un \u00a0magistrado \u00a0de \u00a0la \u00a0Alta \u00a0Corporaci\u00f3n \u00a0que \u00a0corresponda, \u00a0en \u00a0atenci\u00f3n \u00a0a \u00a0la \u00a0jurisdicci\u00f3n \u00a0a \u00a0la \u00a0que \u00a0pertenezca \u00a0el \u00a0magistrado \u00a0que \u00a0adopte la providencia de primer grado. (Subraya \u00a0fuera de texto). \u00a0\u00a0<\/p>\n<p>3. \u00a0Son \u00a0suficientes las anteriores razones \u00a0para \u00a0 que \u00a0 el \u00a0 Despacho \u00a0 se \u00a0abstenga \u00a0de \u00a0decidir \u00a0sobre \u00a0la \u00a0petici\u00f3n \u00a0en \u00a0referencia2, \u00a0cuya \u00a0remisi\u00f3n \u00a0se \u00a0dispondr\u00e1 \u00a0a la Oficina Judicial de Puerto \u00a0As\u00eds, \u00a0Putumayo, \u00a0por \u00a0pertenecer a esa jurisdicci\u00f3n la autoridad del lugar en \u00a0donde \u00a0ocurrieron \u00a0los \u00a0hechos, \u00a0con \u00a0el fin de que sea sometida a reparto en la \u00a0forma \u00a0dispuesta \u00a0en \u00a0el \u00a0Acuerdo \u00a03972 \u00a0del \u00a013 \u00a0de \u00a0marzo \u00a0de 2007 previamente \u00a0citado. \u00a0\u00a0<\/p>\n<p>En \u00a0m\u00e9rito \u00a0de \u00a0lo \u00a0expuesto, \u00a0el \u00a0suscrito \u00a0Magistrado \u00a0de la Sala de Casaci\u00f3n Penal de la Corte Suprema de Justicia,\u00a0 \u00a0\u00a0<\/p>\n<p>R E S UE L V E : \u00a0<\/p>\n<p>1. \u00a0ABSTENERSE \u00a0de \u00a0resolver \u00a0 sobre \u00a0 la \u00a0 acci\u00f3n \u00a0p\u00fablica \u00a0de \u00a0h\u00e1beas \u00a0corpus \u00a0instaurada \u00a0por \u00a0el doctor Juan Carlos Guzm\u00e1n \u00a0Orjuela, en nombre del procesado Gustavo Gil Higuera.\u00a0 \u00a0\u00a0<\/p>\n<p>2. \u00a0DISPONER \u00a0la \u00a0remisi\u00f3n \u00a0de \u00a0esta \u00a0actuaci\u00f3n a la Oficina Judicial de Puerto As\u00eds, Putumayo, \u00a0para \u00a0los fines indicados en el cuerpo de esta providencia, por intermedio de la \u00a0Secretar\u00eda de la Sala. \u00a0\u00a0<\/p>\n<p>\u00a0 \u00a0\u00a0 \u00a0\u00a0 \u00a0\u00a0Comun\u00edquese y c\u00famplase. \u00a0\u00a0<\/p>\n<p>FERNANDO \u00a0 ALBERTO \u00a0 CASTRO \u00a0 CABALLERO \u00a0\u00a0<\/p>\n<p>Magistrado \u00a0<\/p>\n<p>TERESA RUIZ N\u00da\u00d1EZ \u00a0<\/p>\n<p>Secretaria \u00a0<\/p>\n<p>\u00a0 \u00a0\u00a0<\/p>\n<p>1 \u00a0\u201cART\u00cdCULO \u00a0TERCERO.-\u00a0 Listas de reparto en d\u00edas y horas h\u00e1biles \u00a0\u00a0<\/p>\n<p>Para \u00a0efectos \u00a0de \u00a0garantizar \u00a0un \u00a0reparto \u00a0equitativo y racional, se utilizar\u00e1n listas de reparto, as\u00ed: \u00a0\u00a0<\/p>\n<p>1.- En cabeceras de Distrito: \u00a0<\/p>\n<p>En \u00a0cada \u00a0cabecera \u00a0de Distrito Judicial se \u00a0elaborar\u00e1n listas de funcionarios de la siguiente manera: \u00a0\u00a0<\/p>\n<p>(\u2026) \u00a0\u00a0<\/p>\n<p>b. Magistrados: \u00a0<\/p>\n<p>&#8211; Los Magistrados \u00a0de \u00a0Tribunal \u00a0Administrativo, \u00a0Superior \u00a0de \u00a0Distrito \u00a0y \u00a0Salas Jurisdiccionales \u00a0Disciplinarias, \u00a0 radicados \u00a0 en \u00a0 la \u00a0 misma \u00a0 sede, \u00a0 conformar\u00e1n \u00a0 una \u00a0sola \u00a0lista. \u00a0\u00a0<\/p>\n<p>&#8211; Cada acci\u00f3n de \u00a0h\u00e1beas \u00a0 \u00a0corpus \u00a0 se \u00a0repartir\u00e1 \u00a0aleatoriamente \u00a0a \u00a0un \u00a0magistrado \u00a0de \u00a0la lista as\u00ed conformada, sin \u00a0consideraci\u00f3n \u00a0a \u00a0la \u00a0corporaci\u00f3n, \u00a0especialidad, \u00a0Sala \u00a0o \u00a0Secci\u00f3n \u00a0a la que \u00a0pertenezca.\u201d \u00a0\u00a0<\/p>\n<p>2 CORTE \u00a0SUPREMA \u00a0 \u00a0 DE \u00a0 \u00a0JUSTICIA, \u00a0 \u00a0Sala \u00a0 \u00a0de \u00a0 \u00a0Casaci\u00f3n \u00a0 \u00a0Penal, \u00a0 \u00a0Auto \u00a0 de \u00a016 \u00a0de \u00a0noviembre \u00a0de \u00a02006, \u00a0radicado \u00a0N\u00b0 \u00a026.456, \u00a0esta \u00a0Corporaci\u00f3n expres\u00f3: A lo anterior se suman como \u00a0razones \u00a0la competencia por el factor territorial, la celeridad de la decisi\u00f3n, \u00a0el \u00a0breve \u00a0t\u00e9rmino se\u00f1alado para el tr\u00e1mite de la solicitud, la exclusi\u00f3n de \u00a0cualquier \u00a0incidente \u00a0que \u00a0pueda \u00a0dilatar \u00a0el \u00a0procedimiento, \u00a0la \u00a0necesidad \u00a0de \u00a0garantizar \u00a0el \u00a0debido \u00a0proceso, \u00a0los \u00a0derechos \u00a0de \u00a0contradicci\u00f3n, acceso a la \u00a0justicia \u00a0y \u00a0el \u00a0principio \u00a0de \u00a0la \u00a0doble \u00a0instancia, \u00a0para colegir que la Corte \u00a0Suprema \u00a0de Justicia no se halla facultada por el ordenamiento para pronunciarse \u00a0en primera instancia\u00a0 en relaci\u00f3n con esta acci\u00f3n. \u00a0 \u00a0\u00a0<\/p>\n<p><\/p>\n","protected":false},"excerpt":{"rendered":"<p>\u00a0 \u00a0 Proceso n.\u00ba 35910 \u00a0 CORTE SUPREMA DE JUSTICIA \u00a0 SALA DE CASACI\u00d3N PENAL \u00a0 \u00a0 \u00a0\u00a0 \u00a0\u00a0 \u00a0\u00a0Bogot\u00e1, \u00a0 D. \u00a0 C., \u00a0 febrero \u00a0 veintid\u00f3s \u00a0(22) \u00a0de \u00a0dos \u00a0mil \u00a0once \u00a0(2011). \u00a0\u00a0 ASUNTO: \u00a0 \u00a0 \u00a0 \u00a0 \u00a0 \u00a0 Se \u00a0pronuncia el Despacho sobre la petici\u00f3n \u00a0de \u00a0h\u00e1beas corpus presentada \u00a0ante \u00a0esta [&hellip;]<\/p>\n","protected":false},"author":1,"featured_media":0,"comment_status":"open","ping_status":"open","sticky":false,"template":"","format":"standard","meta":{"footnotes":""},"categories":[19],"tags":[],"class_list":["post-22426","post","type-post","status-publish","format-standard","hentry","category-19"],"_links":{"self":[{"href":"https:\/\/dmsjuridica.com\/buscador_20179478954\/salapenalcronologico20230723\/wp-json\/wp\/v2\/posts\/22426","targetHints":{"allow":["GET"]}}],"collection":[{"href":"https:\/\/dmsjuridica.com\/buscador_20179478954\/salapenalcronologico20230723\/wp-json\/wp\/v2\/posts"}],"about":[{"href":"https:\/\/dmsjuridica.com\/buscador_20179478954\/salapenalcronologico20230723\/wp-json\/wp\/v2\/types\/post"}],"author":[{"embeddable":true,"href":"https:\/\/dmsjuridica.com\/buscador_20179478954\/salapenalcronologico20230723\/wp-json\/wp\/v2\/users\/1"}],"replies":[{"embeddable":true,"href":"https:\/\/dmsjuridica.com\/buscador_20179478954\/salapenalcronologico20230723\/wp-json\/wp\/v2\/comments?post=22426"}],"version-history":[{"count":0,"href":"https:\/\/dmsjuridica.com\/buscador_20179478954\/salapenalcronologico20230723\/wp-json\/wp\/v2\/posts\/22426\/revisions"}],"wp:attachment":[{"href":"https:\/\/dmsjuridica.com\/buscador_20179478954\/salapenalcronologico20230723\/wp-json\/wp\/v2\/media?parent=22426"}],"wp:term":[{"taxonomy":"category","embeddable":true,"href":"https:\/\/dmsjuridica.com\/buscador_20179478954\/salapenalcronologico20230723\/wp-json\/wp\/v2\/categories?post=22426"},{"taxonomy":"post_tag","embeddable":true,"href":"https:\/\/dmsjuridica.com\/buscador_20179478954\/salapenalcronologico20230723\/wp-json\/wp\/v2\/tags?post=22426"}],"curies":[{"name":"wp","href":"https:\/\/api.w.org\/{rel}","templated":true}]}}