{"id":22350,"date":"2023-09-12T16:34:09","date_gmt":"2023-09-12T16:34:09","guid":{"rendered":"https:\/\/dmsjuridica.com\/buscador_20179478954\/salapenalcronologico20230723\/2023\/09\/12\/3578529-04-11\/"},"modified":"2023-09-12T16:34:09","modified_gmt":"2023-09-12T16:34:09","slug":"3578529-04-11","status":"publish","type":"post","link":"https:\/\/dmsjuridica.com\/buscador_20179478954\/salapenalcronologico20230723\/2023\/09\/12\/3578529-04-11\/","title":{"rendered":"35785(29-04-11)"},"content":{"rendered":"\n<p>\u00a0 \u00a0 \u00a0\u00a0<\/p>\n<p>Proceso n\u00b0 35785 \u00a0<\/p>\n<p>CORTE SUPREMA DE JUSTICIA \u00a0<\/p>\n<p>SALA DE CASACI\u00d3N PENAL \u00a0<\/p>\n<p>\u00a0 \u00a0\u00a0 \u00a0\u00a0 \u00a0\u00a0 \u00a0\u00a0 \u00a0 \u00a0 \u00a0 \u00a0 \u00a0 \u00a0\u00a0 \u00a0Magistrada Ponente: \u00a0\u00a0<\/p>\n<p>\u00a0 \u00a0\u00a0 \u00a0\u00a0 \u00a0\u00a0 \u00a0\u00a0 \u00a0 \u00a0 \u00a0 \u00a0 \u00a0 \u00a0\u00a0 \u00a0 \u00a0MAR\u00cdA \u00a0 DEL \u00a0 ROSARIO \u00a0 GONZ\u00c1LEZ \u00a0DE \u00a0LEMOS \u00a0 \u00a0 \u00a0 \u00a0 \u00a0 \u00a0 \u00a0 \u00a0 \u00a0\u00a0<\/p>\n<p>\u00a0 \u00a0\u00a0 \u00a0\u00a0 \u00a0\u00a0 \u00a0\u00a0 \u00a0 \u00a0 \u00a0 \u00a0 \u00a0 \u00a0\u00a0 \u00a0Aprobado Acta No. 146 \u00a0\u00a0<\/p>\n<p>Bogot\u00e1 \u00a0D.C., \u00a0veintinueve (29) de abril de \u00a0dos mil once (2011). \u00a0\u00a0<\/p>\n<p>Se \u00a0pronuncia \u00a0la Corte sobre su competencia \u00a0para \u00a0investigar \u00a0supuestas \u00a0irregularidades \u00a0acaecidas \u00a0en \u00a0el \u00a0tr\u00e1mite \u00a0de la \u00a0licitaci\u00f3n \u00a0 \u00a0p\u00fablica \u00a0 \u00a0015 \u00a0 \u00a0de \u00a0 2010, \u00a0 cumplido \u00a0 en \u00a0 la \u00a0 C\u00e1mara \u00a0 de \u00a0Representantes. \u00a0\u00a0<\/p>\n<p>ANTECEDENTES PROCESALES: \u00a0<\/p>\n<p>El \u00a0Presidente \u00a0de \u00a0esa \u00a0c\u00e9lula legislativa \u00a0remiti\u00f3 \u00a0a \u00a0la \u00a0Sala \u00a0un \u00a0documento \u00a0sin firma, a trav\u00e9s del cual, su presunto \u00a0autor, \u00a0Rafael \u00a0Bustamante, \u00a0cuestiona \u00a0por \u00a0\u201cinjusto, \u00a0acomodado \u00a0y \u00a0corrupto\u201d el \u00a0proceso \u00a0licitatorio \u00a0N\u00ba \u00a0015 \u00a0de \u00a02010, \u00a0adelantado en esa Corporaci\u00f3n con el \u00a0prop\u00f3sito de adquirir veh\u00edculos blindados para sus miembros. \u00a0\u00a0<\/p>\n<p>El mismo escrito fue aducido por la Fiscal\u00eda \u00a0para \u00a0indagar \u00a0la \u00a0eventual \u00a0responsabilidad \u00a0de \u00a0aforados \u00a0vinculados \u00a0a \u00a0dicho \u00a0tr\u00e1mite. \u00a0\u00a0<\/p>\n<p>Con \u00a0el \u00a0prop\u00f3sito \u00a0de adoptar la decisi\u00f3n \u00a0correspondiente, \u00a0la \u00a0Sala \u00a0solicit\u00f3 \u00a0a la Secretar\u00eda General de la C\u00e1mara de \u00a0Representantes \u00a0informar \u00a0quienes \u00a0fungieron \u00a0como \u00a0sus \u00a0Presidentes \u00a0durante el \u00a0tr\u00e1mite de la licitaci\u00f3n aludida. \u00a0\u00a0<\/p>\n<p>En respuesta, esa dependencia certific\u00f3 que \u00a0tal \u00a0distinci\u00f3n \u00a0fue \u00a0ostentada \u00a0por el doctor CARLOS \u00a0ALBERTO \u00a0ZULUAGA D\u00cdAZ, elegido por la circunscripci\u00f3n \u00a0electoral \u00a0del \u00a0departamento \u00a0de \u00a0Antioquia para el per\u00edodo constitucional 2010 \u00a0\u2013 \u00a0 \u00a020141. \u00a0\u00a0<\/p>\n<p>La \u00a0constancia \u00a0fue acompa\u00f1ada de copias de \u00a0las \u00a0resoluciones \u00a03841 \u00a0del \u00a029 de diciembre \u00faltimo y 0093 del 27 de enero del \u00a0a\u00f1o \u00a0en \u00a0curso, \u00a0a \u00a0trav\u00e9s \u00a0de \u00a0las \u00a0cuales \u00a0el Director Administrativo de esa \u00a0c\u00e9lula \u00a0legislativa, \u00a0en \u00a0su orden, dispuso la apertura del proceso licitatorio \u00a0aludido \u00a0y revoc\u00f3 el acto administrativo mencionado2. \u00a0\u00a0<\/p>\n<p>CONSIDERACIONES: \u00a0<\/p>\n<p>1. \u00a0 Corresponde \u00a0 a \u00a0la \u00a0Sala \u00a0emitir \u00a0el \u00a0pronunciamiento \u00a0anunciado, \u00a0por \u00a0cuanto \u00a0el escrito cuya autor\u00eda se atribuye a \u00a0\u201cRafael \u00a0 \u00a0 \u00a0 \u00a0 \u00a0Bustamante\u201d, \u00a0 menciona, \u00a0entre \u00a0otras \u00a0personas, \u00a0al \u00a0Presidente \u00a0de \u00a0la C\u00e1mara de Representantes, quien \u00a0tiene, \u00a0por \u00a0esa \u00a0causa, \u00a0la \u00a0condici\u00f3n de aforado constitucional a tenor de lo \u00a0dispuesto \u00a0en \u00a0el \u00a0numeral \u00a03\u00b0 \u00a0del \u00a0art\u00edculo \u00a0235 \u00a0de \u00a0la Carta Pol\u00edtica, en \u00a0concordancia \u00a0con \u00a0el \u00a0numeral \u00a07\u00b0 \u00a0del \u00a0art\u00edculo \u00a075 \u00a0del la Ley 600 de 2000. \u00a0\u00a0<\/p>\n<p>Debe precisarse s\u00ed, que con el prop\u00f3sito de \u00a0atender \u00a0lo \u00a0dispuesto \u00a0por la Corte Constitucional en sentencia C-545 del 29 de \u00a0mayo \u00a0de \u00a020083, \u00a0se \u00a0introdujeron \u00a0modificaciones \u00a0a \u00a0los \u00a0art\u00edculos \u00a055 a 59 del \u00a0Reglamento \u00a0 \u00a0General \u00a0 \u00a0de \u00a0 \u00a0esta \u00a0 \u00a0Colegiatura4, \u00a0en virtud de las cuales, las \u00a0etapas \u00a0anteriores \u00a0al \u00a0juicio \u00a0deben \u00a0ser \u00a0asumidas, \u00a0en cada caso y conforme a \u00a0reparto, \u00a0por tres Magistrados de Instrucci\u00f3n de la Sala de Casaci\u00f3n Penal, en \u00a0este evento, quienes suscribimos esta providencia. \u00a0\u00a0<\/p>\n<p>2. \u00a0 Examinado \u00a0el \u00a0escrito \u00a0remitido, \u00a0la \u00a0Sala\u00a0 \u00a0advierte \u00a0que \u00a0discute \u00a0si \u00a0la \u00a0compra \u00a0pretendida \u00a0a \u00a0trav\u00e9s de la \u00a0licitaci\u00f3n \u00a0015 de 2010 es oportuna, atendida la emergencia invernal, y realiza \u00a0reparos \u00a0a las especificaciones de los veh\u00edculos cuya adquisici\u00f3n se pretende, \u00a0a \u00a0su \u00a0costo, cuestiona los resultados de los estudios previos, los criterios de \u00a0selecci\u00f3n \u00a0del \u00a0contratista \u00a0y \u00a0los \u00a0relacionados \u00a0con \u00a0el mantenimiento de los \u00a0automotores, \u00a0todo \u00a0para \u00a0concluir \u00a0que \u00a0se \u00a0trata de un procedimiento irregular \u00a0atribuido, \u00a0entre \u00a0otros \u00a0funcionarios, \u00a0al Presidente de la C\u00e1mara, originado, \u00a0seg\u00fan \u00a0 \u00a0 \u00a0el \u00a0 \u00a0 escrito, \u00a0 \u00a0 en \u00a0 \u00a0 la \u00a0 \u00a0 existencia \u00a0 \u00a0 de \u00a0 \u00a0 \u201ccoimas\u201d, \u00a0 \u00a0cuyo \u00a0 prop\u00f3sito \u00a0 es \u00a0encausarlo \u00a0en \u00a0beneficio \u00a0de ciertos proponentes, cuya identidad no se se\u00f1ala. \u00a0\u00a0<\/p>\n<p>3. \u00a0Aun \u00a0cuando \u00a0el Presidente de la C\u00e1mara \u00a0ostenta \u00a0su representaci\u00f3n legal por disposici\u00f3n del art\u00edculo 43 \u2013 \u00a07 \u00a0de \u00a0la Ley 5 de 1992, aprobatoria \u00a0del \u00a0reglamento \u00a0del \u00a0Congreso \u00a0de \u00a0la \u00a0Rep\u00fablica, \u00a0no \u00a0puede \u00a0obviarse \u00a0que el \u00a0art\u00edculo \u00a0382 &#8211; 4 del mismo estatuto, fue modificado por el art\u00edculo 1\u00ba de la \u00a0Ley 1318 de 2009, en los siguientes t\u00e9rminos: \u00a0\u00a0<\/p>\n<p>\u201cPar\u00e1grafo 1\u00ba:\u2026.. \u00a0<\/p>\n<p>\u2026.. \u00a0<\/p>\n<p>El orden administrativo, la competencia para \u00a0dirigir \u00a0licitaciones \u00a0y \u00a0celebrar \u00a0contratos, \u00a0ordenar \u00a0el \u00a0gasto \u00a0y ejercer la \u00a0representaci\u00f3n \u00a0legal de la C\u00e1mara de Representantes en materia administrativa \u00a0y \u00a0de \u00a0contrataci\u00f3n \u00a0estatal, corresponden al Director Administrativo. Sobre el \u00a0desarrollo \u00a0de \u00a0sus \u00a0funciones deber\u00e1 rendir informes a la Mesa Directiva de la \u00a0C\u00e1mara \u00a0 \u00a0de \u00a0 \u00a0Representantes, \u00a0 \u00a0semestralmente \u00a0 \u00a0o \u00a0 \u00a0cuando \u00a0 \u00a0ella \u00a0 \u00a0los \u00a0requiera\u201d. \u00a0\u00a0<\/p>\n<p>En \u00a0la \u00a0exposici\u00f3n de motivos efectuada por \u00a0los \u00a0ponentes \u00a0de \u00a0la \u00a0reforma, \u00a0adem\u00e1s \u00a0de \u00a0se\u00f1alarse la funci\u00f3n legislativa \u00a0asignada \u00a0a \u00a0la \u00a0C\u00e1mara \u00a0de \u00a0Representantes, \u00a0se \u00a0resaltaron los inconvenientes \u00a0originados \u00a0en \u00a0la \u00a0asignaci\u00f3n \u00a0de funciones administrativas y de ordenador del \u00a0gasto \u00a0a \u00a0su \u00a0Presidente, \u00a0lo \u00a0cual \u00a0le \u00a0imped\u00eda \u00a0dedicarse \u00a0a \u00a0ejercer aquella \u00a0primordial labor y causaba demoras en la gesti\u00f3n administrativa. \u00a0\u00a0<\/p>\n<p>Por \u00a0tanto, \u00a0el proyecto se justific\u00f3 en la \u00a0urgencia \u00a0de \u00a0\u201c\u2026adicionar y corregir la situaci\u00f3n \u00a0aqu\u00ed \u00a0expuesta, \u00a0ya \u00a0que \u00a0es \u00a0necesario \u00a0separar \u00a0estas \u00a0funciones de car\u00e1cter \u00a0administrativo \u00a0y \u00a0legislativo \u00a0que \u00a0reposan \u00a0en \u00a0el Presidente de la C\u00e1mara de \u00a0Representantes, \u00a0con miras al cumplimiento de los objetivos de esta Corporaci\u00f3n \u00a0y \u00a0por \u00a0otro \u00a0lado a contar con una operatividad que hasta el momento no ha sido \u00a0posible \u00a0desarrollar, precisamente por la ausencia de apoyo t\u00e9cnico completo de \u00a0la \u00a0 parte \u00a0 administrativa \u00a0que \u00a0libere \u00a0el \u00a0liderazgo \u00a0del \u00a0Presidente \u00a0de \u00a0la \u00a0Corporaci\u00f3n\u201d5. \u00a0\u00a0<\/p>\n<p>Atendido \u00a0el marco normativo transcrito y su \u00a0justificaci\u00f3n, \u00a0ninguna \u00a0duda \u00a0ofrece \u00a0que el legislador radic\u00f3 en el Director \u00a0Administrativo \u00a0de \u00a0la \u00a0Corporaci\u00f3n \u00a0mencionada, la condici\u00f3n de ordenador del \u00a0gasto \u00a0y, adem\u00e1s, trat\u00e1ndose de procesos licitatorios, la espec\u00edfica funci\u00f3n \u00a0de \u00a0dirigirlos, \u00a0ejercer \u00a0la \u00a0representaci\u00f3n \u00a0legal \u00a0y \u00a0celebrar \u00a0los \u00a0negocios \u00a0jur\u00eddicos que vinculen a esa entidad estatal. \u00a0\u00a0<\/p>\n<p>4. Seg\u00fan evidencian los documentos remitidos \u00a0por \u00a0la Secretar\u00eda General, el doctor Jairo Jaramillo \u00a0Matiz, \u00a0elegido el 5 de agosto de 2010 por la plenaria \u00a0de \u00a0la \u00a0C\u00e1mara \u00a0como \u00a0su \u00a0Director \u00a0Administrativo6, \u00a0fue \u00a0quien \u00a0a \u00a0trav\u00e9s de la \u00a0resoluci\u00f3n \u00a03481 \u00a0del \u00a029 \u00a0de \u00a0diciembre de 2010, abri\u00f3 el proceso licitatorio \u00a0cuestionado. \u00a0\u00a0<\/p>\n<p>\u00c9ste \u00a0cont\u00f3 \u00a0con \u00a0una \u00a0etapa \u00a0preliminar, \u00a0iniciada \u00a0el \u00a029 \u00a0de \u00a0noviembre \u00a0del \u00a0mismo \u00a0a\u00f1o con el reporte a la C\u00e1mara de \u00a0Comercio, \u00a0seguido \u00a0de \u00a0la \u00a0divulgaci\u00f3n, \u00a0el \u00a015 \u00a0de \u00a0diciembre \u00a0siguiente, del \u00a0proyecto \u00a0 \u00a0 \u00a0 \u00a0 de \u00a0 \u00a0 \u00a0 \u00a0pre \u00a0 \u00a0 \u00a0 \u00a0pliegos7, \u00a0del \u00a0t\u00e9rmino para presentar \u00a0observaciones \u00a0 y \u00a0 sugerencias \u00a0a \u00a0dicho \u00a0proyecto8 \u00a0y \u00a0de \u00a0la \u00a0respuesta \u00a0a tales \u00a0observaciones, \u00a0fase \u00a0inicial \u00a0que \u00a0culmin\u00f3 el 29 de diciembre siguiente con la \u00a0apertura \u00a0formal \u00a0del \u00a0proceso de selecci\u00f3n y la publicaci\u00f3n de los pliegos de \u00a0condiciones definitivos. \u00a0\u00a0<\/p>\n<p>Entonces, \u00a0a \u00a0partir \u00a0de \u00a0esta \u00a0secuencia, \u00a0razonablemente \u00a0se \u00a0concluye \u00a0que \u00a0el \u00a0tr\u00e1mite \u00a0fue adelantado en su integridad \u00a0despu\u00e9s \u00a0de la designaci\u00f3n del Director Administrativo de la C\u00e1mara y bajo su \u00a0tutela. \u00a0\u00a0<\/p>\n<p>Siendo \u00a0as\u00ed, \u00a0si \u00a0los \u00a0cuestionamientos \u00a0al \u00a0proceso \u00a0licitatorio \u00a0se \u00a0centran \u00a0en \u00a0su \u00a0conveniencia \u00a0para el pa\u00eds, o en los \u00a0t\u00e9rminos \u00a0de \u00a0la \u00a0convocatoria, \u00a0en \u00a0las conclusiones plasmadas en los estudios \u00a0previos, \u00a0en los criterios de evaluaci\u00f3n de los proponentes o en cualquier otro \u00a0\u00edtem \u00a0de \u00a0los pliegos de condiciones, as\u00ed como en las previsiones relativas al \u00a0mantenimiento \u00a0de \u00a0los \u00a0automotores, es claro que su investigaci\u00f3n no compete a \u00a0esta \u00a0Sala sino a la Fiscal\u00eda General de la Naci\u00f3n9. \u00a0\u00a0<\/p>\n<p>Ello porque decidir tales asuntos hace parte \u00a0de \u00a0las \u00a0funciones \u00a0asignadas \u00a0al \u00a0Director \u00a0Administrativo \u00a0de \u00a0la \u00a0C\u00e1mara \u00a0de \u00a0Representantes \u00a0 como \u00a0 ordenador \u00a0 del \u00a0 gasto \u00a0y \u00a0encargado \u00a0de \u00a0conducir \u00a0las \u00a0licitaciones \u00a0y \u00a0celebrar \u00a0los \u00a0contratos \u00a0celebrados \u00a0por \u00a0esa \u00a0entidad. \u00a0Dicho \u00a0funcionario \u00a0no \u00a0est\u00e1 cobijado por el fuero constitucional o legal que confiere \u00a0a \u00a0la \u00a0Corte \u00a0competencia \u00a0para \u00a0indagar \u00a0las \u00a0supuestas \u00a0irregularidades que se \u00a0atribuyen \u00a0al \u00a0proceso \u00a0licitatorio \u00a0015, \u00a0adelantado en su totalidad, se itera, \u00a0bajo \u00a0su \u00a0tutela, \u00a0raz\u00f3n \u00a0por \u00a0la \u00a0cual, \u00a0en \u00a0principio, este funcionario es el \u00a0llamado a asumir sus consecuencias. \u00a0\u00a0<\/p>\n<p>Por \u00a0lo dem\u00e1s, si bien el escrito origen de \u00a0esta \u00a0actuaci\u00f3n \u00a0menciona \u00a0al \u00a0Presidente \u00a0de \u00a0la C\u00e1mara de Representantes y a \u00a0otros \u00a0empleados \u00a0de \u00a0la \u00a0misma \u00a0Corporaci\u00f3n, \u00a0no precisa cu\u00e1l fue la presunta \u00a0actividad \u00a0cumplida \u00a0por \u00a0\u00e9l \u00a0en el tr\u00e1mite cuestionado, ni las razones que lo \u00a0llevan a suponer su injerencia en su desarrollo. \u00a0\u00a0<\/p>\n<p>Siendo \u00a0as\u00ed, la Sala declarar\u00e1 su falta de \u00a0competencia \u00a0para asumir la indagaci\u00f3n de las situaciones rese\u00f1adas, decisi\u00f3n \u00a0que \u00a0no \u00a0le \u00a0impide \u00a0adelantar, \u00a0cuando \u00a0as\u00ed \u00a0se \u00a0evidencie, la de aquellos que \u00a0comprometan \u00a0a \u00a0aforados. Ordenar\u00e1, adem\u00e1s, remitir lo actuado a la Fiscal\u00eda, \u00a0para \u00a0integrar \u00a0el \u00a0expediente \u00a0que \u00a0seg\u00fan \u00a0se \u00a0indica en oficio 02360 del 9 de \u00a0febrero \u00a0 \u00a0 \u00a0 \u00a0 \u00a0 \u00a0 \u00a0 \u00a0 \u00a0 anterior10, \u00a0esa \u00a0entidad adelanta sobre \u00a0el mismo tema. \u00a0\u00a0<\/p>\n<p>Por esta raz\u00f3n y por hallarse ya acreditada \u00a0en \u00a0el expediente, no se solicitar\u00e1 la informaci\u00f3n requerida por el Ministerio \u00a0P\u00fablico11. \u00a0\u00a0<\/p>\n<p>Resta \u00a0 \u00a0anotar \u00a0 \u00a0que \u00a0 las \u00a0 supuestas \u00a0irregularidades \u00a0atinentes \u00a0a \u00a0la adquisici\u00f3n, en 2007, por parte de la C\u00e1mara \u00a0de \u00a0Representantes \u00a0de \u00a053 camionetas marca KIA, tambi\u00e9n aludidas en el escrito \u00a0g\u00e9nesis \u00a0de \u00a0este \u00a0tr\u00e1mite, \u00a0fueron \u00a0objeto \u00a0del \u00a0radicado 27806 adelantado en \u00a0contra \u00a0del \u00a0Presidente \u00a0de \u00a0esa c\u00e9lula, doctor Julio \u00a0Eugenio \u00a0Gallardo \u00a0Archbold, en cuyo favor se precluy\u00f3 \u00a0investigaci\u00f3n el 5 de agosto de 2009. \u00a0\u00a0<\/p>\n<p>En \u00a0m\u00e9rito de lo expuesto, la CORTE SUPREMA \u00a0DE JUSTICIA, Sala de Casaci\u00f3n Penal, \u00a0\u00a0<\/p>\n<p>RESUELVE \u00a0<\/p>\n<p>1. \u00a0Declarar \u00a0que \u00a0carece \u00a0de \u00a0competencia \u00a0para \u00a0asumir \u00a0el \u00a0conocimiento \u00a0de los cuestionamientos \u00a0efectuados \u00a0al \u00a0proceso \u00a0licitatorio \u00a0015 \u00a0de \u00a02010, adelantado en la C\u00e1mara de \u00a0Representantes. \u00a0\u00a0<\/p>\n<p>2. \u00a0Remitir \u00a0la \u00a0actuaci\u00f3n \u00a0a \u00a0la \u00a0Fiscal\u00eda \u00a0General \u00a0de \u00a0la \u00a0Naci\u00f3n \u00a0para \u00a0que haga parte del \u00a0tr\u00e1mite \u00a0que \u00a0adelanta \u00a0sobre \u00a0los \u00a0mismos \u00a0hechos \u00a0respecto de funcionarios no \u00a0aforados. \u00a0\u00a0<\/p>\n<p>Comun\u00edquese y c\u00famplase. \u00a0<\/p>\n<p>\u00a0 \u00a0 \u00a0 \u00a0 \u00a0<\/p>\n<p>MAR\u00cdA \u00a0 DEL \u00a0 ROSARIO \u00a0 GONZ\u00c1LEZ \u00a0 DE \u00a0LEMOS \u00a0\u00a0<\/p>\n<p>JOS\u00c9 \u00a0 \u00a0 \u00a0 LUIS \u00a0 \u00a0 \u00a0 BARCEL\u00d3 \u00a0CAMACHO\u00a0\u00a0\u00a0\u00a0\u00a0\u00a0\u00a0\u00a0\u00a0\u00a0\u00a0\u00a0 \u00a0FERNANDO\u00a0 \u00a0 ALBERTO \u00a0CASTRO CABALLERO\u00a0\u00a0\u00a0\u00a0\u00a0\u00a0\u00a0\u00a0\u00a0\u00a0\u00a0\u00a0\u00a0\u00a0\u00a0\u00a0\u00a0\u00a0\u00a0\u00a0\u00a0\u00a0\u00a0\u00a0\u00a0\u00a0\u00a0\u00a0\u00a0\u00a0\u00a0\u00a0\u00a0\u00a0\u00a0\u00a0\u00a0\u00a0\u00a0\u00a0\u00a0\u00a0\u00a0\u00a0 \u00a0\u00a0<\/p>\n<p>TERESA RUIZ NU\u00d1EZ \u00a0<\/p>\n<p>Secretaria \u00a0 \u00a0<\/p>\n<p>1 Cfr. \u00a0Fl. \u00a019: \u00a0Se \u00a0posesion\u00f3 \u00a0el \u00a020 de julio de 2010 y actualmente ejerce el cargo. \u00a0Tambi\u00e9n \u00a0fue \u00a0Representante a la C\u00e1mara durante los per\u00edodos constitucionales \u00a02002 \u00a0 \u2013 \u00a02006 \u00a0y \u00a02006 \u00a0\u2013 2010. \u00a0\u00a0<\/p>\n<p>2 Fls. \u00a021 a 53 \u00a0\u00a0<\/p>\n<p>3 \u00a0Declar\u00f3 \u00a0exequible \u00a0el art\u00edculo 533 de la Ley 906 de 2004 en cuanto atribuye a \u00a0la \u00a0Corte \u00a0Suprema \u00a0de Justicia, bajo el procedimiento de la Ley 600 de 2000, la \u00a0investigaci\u00f3n \u00a0y \u00a0juzgamiento \u00a0de \u00a0los \u00a0miembros del Congreso de la Rep\u00fablica, \u00a0pero \u00a0 orden\u00f3 \u00a0 la \u00a0separaci\u00f3n \u00a0en \u00a0dichos \u00a0tr\u00e1mites, \u00a0de \u00a0las \u00a0funciones \u00a0de \u00a0instrucci\u00f3n y de juzgamiento. \u00a0\u00a0<\/p>\n<p>4 \u00a0Aprobadas \u00a0en \u00a0Sala \u00a0Plena \u00a0en \u00a0sesiones \u00a0del \u00a022 \u00a0de \u00a0enero \u00a0y 19 de febrero de \u00a02009. \u00a0\u00a0<\/p>\n<p>5 \u00a0Exposici\u00f3n de motivos, Proyecto de Ley 152 de 2007, C\u00e1mara. \u00a0\u00a0<\/p>\n<p>6 Cfr. \u00a0Fl. 19 \u00a0\u00a0<\/p>\n<p>7 \u00a0La \u00a0publicaci\u00f3n \u00a0se \u00a0realiz\u00f3 \u00a0en \u00a0el \u00a0portal \u00a0\u00fanico \u00a0de contrataci\u00f3n en la fecha \u00a0indicada. \u00a0\u00a0<\/p>\n<p>8 \u00a0Transcurri\u00f3 entre el 15 y el 27 de diciembre de 2010. \u00a0\u00a0<\/p>\n<p>9 \u00a0Art\u00edculo 250 Constituci\u00f3n Pol\u00edtica. \u00a0\u00a0<\/p>\n<p>10 Fl. \u00a035 \u00a0\u00a0<\/p>\n<p>11 Fl \u00a034 \u00a0Solicit\u00f3 \u00a0establecer \u00a0el estado del proceso licitatorio 015 de 2010 y si se \u00a0desisti\u00f3 de \u00e9l, las razones que justificaron el desistimiento. \u00a0 \u00a0\u00a0<\/p>\n<p><\/p>\n","protected":false},"excerpt":{"rendered":"<p>\u00a0 \u00a0 \u00a0\u00a0 Proceso n\u00b0 35785 \u00a0 CORTE SUPREMA DE JUSTICIA \u00a0 SALA DE CASACI\u00d3N PENAL \u00a0 \u00a0 \u00a0\u00a0 \u00a0\u00a0 \u00a0\u00a0 \u00a0\u00a0 \u00a0 \u00a0 \u00a0 \u00a0 \u00a0 \u00a0\u00a0 \u00a0Magistrada Ponente: \u00a0\u00a0 \u00a0 \u00a0\u00a0 \u00a0\u00a0 \u00a0\u00a0 \u00a0\u00a0 \u00a0 \u00a0 \u00a0 \u00a0 \u00a0 \u00a0\u00a0 \u00a0 \u00a0MAR\u00cdA \u00a0 DEL \u00a0 ROSARIO \u00a0 GONZ\u00c1LEZ \u00a0DE \u00a0LEMOS \u00a0 \u00a0 \u00a0 [&hellip;]<\/p>\n","protected":false},"author":1,"featured_media":0,"comment_status":"open","ping_status":"open","sticky":false,"template":"","format":"standard","meta":{"footnotes":""},"categories":[19],"tags":[],"class_list":["post-22350","post","type-post","status-publish","format-standard","hentry","category-19"],"_links":{"self":[{"href":"https:\/\/dmsjuridica.com\/buscador_20179478954\/salapenalcronologico20230723\/wp-json\/wp\/v2\/posts\/22350","targetHints":{"allow":["GET"]}}],"collection":[{"href":"https:\/\/dmsjuridica.com\/buscador_20179478954\/salapenalcronologico20230723\/wp-json\/wp\/v2\/posts"}],"about":[{"href":"https:\/\/dmsjuridica.com\/buscador_20179478954\/salapenalcronologico20230723\/wp-json\/wp\/v2\/types\/post"}],"author":[{"embeddable":true,"href":"https:\/\/dmsjuridica.com\/buscador_20179478954\/salapenalcronologico20230723\/wp-json\/wp\/v2\/users\/1"}],"replies":[{"embeddable":true,"href":"https:\/\/dmsjuridica.com\/buscador_20179478954\/salapenalcronologico20230723\/wp-json\/wp\/v2\/comments?post=22350"}],"version-history":[{"count":0,"href":"https:\/\/dmsjuridica.com\/buscador_20179478954\/salapenalcronologico20230723\/wp-json\/wp\/v2\/posts\/22350\/revisions"}],"wp:attachment":[{"href":"https:\/\/dmsjuridica.com\/buscador_20179478954\/salapenalcronologico20230723\/wp-json\/wp\/v2\/media?parent=22350"}],"wp:term":[{"taxonomy":"category","embeddable":true,"href":"https:\/\/dmsjuridica.com\/buscador_20179478954\/salapenalcronologico20230723\/wp-json\/wp\/v2\/categories?post=22350"},{"taxonomy":"post_tag","embeddable":true,"href":"https:\/\/dmsjuridica.com\/buscador_20179478954\/salapenalcronologico20230723\/wp-json\/wp\/v2\/tags?post=22350"}],"curies":[{"name":"wp","href":"https:\/\/api.w.org\/{rel}","templated":true}]}}