{"id":22290,"date":"2023-09-12T16:33:50","date_gmt":"2023-09-12T16:33:50","guid":{"rendered":"https:\/\/dmsjuridica.com\/buscador_20179478954\/salapenalcronologico20230723\/2023\/09\/12\/3568129-06-11\/"},"modified":"2023-09-12T16:33:50","modified_gmt":"2023-09-12T16:33:50","slug":"3568129-06-11","status":"publish","type":"post","link":"https:\/\/dmsjuridica.com\/buscador_20179478954\/salapenalcronologico20230723\/2023\/09\/12\/3568129-06-11\/","title":{"rendered":"35681(29-06-11)"},"content":{"rendered":"\n<p>\u00a0 \u00a0 Proceso n.\u00ba 35681 \u00a0<\/p>\n<p>CORTE SUPREMA DE \u00a0JUSTICIA \u00a0\u00a0<\/p>\n<p>SALA DE CASACI\u00d3N PENAL \u00a0<\/p>\n<p>\u00a0\u00a0\u00a0\u00a0\u00a0\u00a0\u00a0\u00a0\u00a0\u00a0\u00a0\u00a0\u00a0\u00a0\u00a0\u00a0\u00a0\u00a0\u00a0\u00a0\u00a0\u00a0\u00a0\u00a0\u00a0\u00a0\u00a0\u00a0\u00a0\u00a0\u00a0\u00a0\u00a0\u00a0\u00a0\u00a0\u00a0\u00a0\u00a0\u00a0\u00a0\u00a0\u00a0\u00a0\u00a0\u00a0\u00a0\u00a0\u00a0\u00a0\u00a0\u00a0 \u00a0\u00a0<\/p>\n<p>\u00a0\u00a0\u00a0\u00a0\u00a0\u00a0\u00a0\u00a0\u00a0\u00a0\u00a0\u00a0\u00a0\u00a0\u00a0\u00a0\u00a0\u00a0\u00a0\u00a0\u00a0\u00a0\u00a0\u00a0\u00a0\u00a0\u00a0\u00a0\u00a0\u00a0\u00a0\u00a0\u00a0\u00a0\u00a0\u00a0\u00a0\u00a0\u00a0\u00a0\u00a0\u00a0\u00a0\u00a0\u00a0\u00a0 \u00a0\u00a0<\/p>\n<p>\u00a0\u00a0\u00a0\u00a0\u00a0\u00a0\u00a0\u00a0\u00a0\u00a0\u00a0\u00a0\u00a0\u00a0\u00a0\u00a0\u00a0\u00a0\u00a0\u00a0\u00a0\u00a0\u00a0\u00a0\u00a0\u00a0\u00a0\u00a0\u00a0\u00a0\u00a0\u00a0\u00a0\u00a0\u00a0\u00a0\u00a0\u00a0\u00a0\u00a0\u00a0\u00a0\u00a0\u00a0\u00a0\u00a0\u00a0\u00a0\u00a0\u00a0\u00a0\u00a0\u00a0\u00a0\u00a0\u00a0\u00a0\u00a0\u00a0\u00a0\u00a0\u00a0\u00a0\u00a0\u00a0\u00a0\u00a0\u00a0\u00a0\u00a0\u00a0\u00a0\u00a0\u00a0\u00a0\u00a0\u00a0\u00a0\u00a0\u00a0\u00a0\u00a0\u00a0\u00a0\u00a0\u00a0\u00a0\u00a0\u00a0\u00a0\u00a0\u00a0\u00a0\u00a0\u00a0\u00a0\u00a0\u00a0\u00a0\u00a0\u00a0\u00a0\u00a0\u00a0\u00a0\u00a0\u00a0\u00a0\u00a0\u00a0\u00a0\u00a0\u00a0\u00a0\u00a0\u00a0\u00a0\u00a0\u00a0\u00a0\u00a0\u00a0\u00a0\u00a0\u00a0\u00a0\u00a0\u00a0\u00a0\u00a0\u00a0\u00a0\u00a0\u00a0\u00a0\u00a0\u00a0\u00a0\u00a0\u00a0\u00a0\u00a0\u00a0\u00a0\u00a0\u00a0\u00a0\u00a0\u00a0\u00a0\u00a0\u00a0\u00a0\u00a0\u00a0\u00a0\u00a0\u00a0\u00a0\u00a0\u00a0\u00a0\u00a0\u00a0\u00a0\u00a0\u00a0\u00a0\u00a0\u00a0\u00a0\u00a0\u00a0\u00a0\u00a0\u00a0\u00a0\u00a0\u00a0\u00a0\u00a0\u00a0\u00a0\u00a0\u00a0\u00a0\u00a0\u00a0\u00a0\u00a0\u00a0\u00a0\u00a0\u00a0\u00a0\u00a0\u00a0\u00a0\u00a0\u00a0\u00a0\u00a0\u00a0\u00a0\u00a0\u00a0\u00a0\u00a0\u00a0\u00a0\u00a0\u00a0\u00a0\u00a0\u00a0\u00a0\u00a0\u00a0\u00a0\u00a0\u00a0\u00a0\u00a0\u00a0\u00a0\u00a0\u00a0\u00a0\u00a0\u00a0\u00a0\u00a0\u00a0\u00a0\u00a0\u00a0\u00a0\u00a0\u00a0\u00a0\u00a0\u00a0\u00a0\u00a0\u00a0\u00a0\u00a0\u00a0\u00a0\u00a0\u00a0\u00a0\u00a0\u00a0\u00a0\u00a0\u00a0\u00a0\u00a0\u00a0\u00a0\u00a0\u00a0\u00a0\u00a0\u00a0\u00a0\u00a0\u00a0\u00a0\u00a0\u00a0\u00a0\u00a0\u00a0\u00a0\u00a0\u00a0\u00a0\u00a0\u00a0\u00a0\u00a0\u00a0\u00a0\u00a0\u00a0\u00a0\u00a0\u00a0\u00a0\u00a0\u00a0\u00a0\u00a0\u00a0\u00a0\u00a0\u00a0\u00a0\u00a0\u00a0\u00a0\u00a0\u00a0\u00a0\u00a0\u00a0\u00a0\u00a0\u00a0\u00a0\u00a0\u00a0\u00a0\u00a0\u00a0\u00a0\u00a0\u00a0\u00a0\u00a0\u00a0\u00a0\u00a0\u00a0\u00a0\u00a0\u00a0\u00a0\u00a0\u00a0\u00a0\u00a0\u00a0\u00a0\u00a0\u00a0\u00a0\u00a0\u00a0\u00a0\u00a0\u00a0\u00a0\u00a0\u00a0\u00a0\u00a0\u00a0\u00a0\u00a0\u00a0\u00a0\u00a0\u00a0\u00a0\u00a0\u00a0\u00a0\u00a0\u00a0\u00a0\u00a0\u00a0\u00a0\u00a0\u00a0\u00a0\u00a0\u00a0\u00a0\u00a0\u00a0\u00a0\u00a0\u00a0\u00a0\u00a0\u00a0\u00a0\u00a0\u00a0\u00a0\u00a0\u00a0\u00a0\u00a0\u00a0\u00a0\u00a0\u00a0\u00a0\u00a0\u00a0\u00a0\u00a0\u00a0\u00a0\u00a0\u00a0\u00a0\u00a0\u00a0\u00a0\u00a0\u00a0\u00a0\u00a0\u00a0\u00a0\u00a0\u00a0\u00a0\u00a0\u00a0\u00a0\u00a0\u00a0\u00a0\u00a0\u00a0\u00a0\u00a0\u00a0\u00a0\u00a0\u00a0\u00a0\u00a0\u00a0\u00a0\u00a0\u00a0\u00a0\u00a0\u00a0\u00a0\u00a0\u00a0\u00a0\u00a0\u00a0\u00a0\u00a0\u00a0\u00a0\u00a0\u00a0\u00a0\u00a0\u00a0\u00a0\u00a0\u00a0\u00a0\u00a0\u00a0\u00a0\u00a0\u00a0\u00a0\u00a0\u00a0\u00a0\u00a0\u00a0\u00a0\u00a0\u00a0\u00a0\u00a0\u00a0\u00a0\u00a0\u00a0\u00a0\u00a0\u00a0\u00a0\u00a0\u00a0\u00a0\u00a0\u00a0\u00a0\u00a0\u00a0\u00a0\u00a0\u00a0\u00a0\u00a0\u00a0\u00a0\u00a0\u00a0\u00a0\u00a0\u00a0\u00a0\u00a0\u00a0\u00a0\u00a0\u00a0\u00a0\u00a0\u00a0\u00a0\u00a0\u00a0\u00a0\u00a0\u00a0\u00a0\u00a0\u00a0\u00a0\u00a0\u00a0\u00a0\u00a0\u00a0\u00a0\u00a0\u00a0\u00a0\u00a0\u00a0\u00a0\u00a0\u00a0\u00a0\u00a0\u00a0\u00a0\u00a0\u00a0\u00a0\u00a0\u00a0\u00a0\u00a0\u00a0\u00a0\u00a0\u00a0\u00a0\u00a0\u00a0\u00a0\u00a0\u00a0\u00a0\u00a0\u00a0\u00a0\u00a0\u00a0\u00a0\u00a0\u00a0\u00a0\u00a0\u00a0\u00a0\u00a0\u00a0\u00a0\u00a0\u00a0\u00a0\u00a0\u00a0\u00a0\u00a0\u00a0\u00a0\u00a0\u00a0\u00a0\u00a0\u00a0\u00a0\u00a0\u00a0\u00a0\u00a0\u00a0\u00a0\u00a0\u00a0\u00a0\u00a0\u00a0\u00a0\u00a0\u00a0\u00a0\u00a0\u00a0\u00a0\u00a0\u00a0\u00a0\u00a0\u00a0\u00a0\u00a0\u00a0\u00a0\u00a0\u00a0\u00a0\u00a0\u00a0\u00a0\u00a0\u00a0\u00a0\u00a0\u00a0\u00a0\u00a0\u00a0\u00a0\u00a0\u00a0\u00a0\u00a0\u00a0\u00a0\u00a0\u00a0\u00a0\u00a0\u00a0\u00a0\u00a0\u00a0\u00a0\u00a0\u00a0\u00a0\u00a0\u00a0\u00a0\u00a0\u00a0\u00a0\u00a0\u00a0\u00a0\u00a0\u00a0\u00a0\u00a0\u00a0\u00a0\u00a0\u00a0\u00a0\u00a0\u00a0\u00a0\u00a0\u00a0\u00a0\u00a0\u00a0\u00a0\u00a0\u00a0\u00a0\u00a0\u00a0\u00a0\u00a0\u00a0\u00a0\u00a0\u00a0\u00a0\u00a0\u00a0\u00a0\u00a0\u00a0\u00a0\u00a0\u00a0\u00a0\u00a0\u00a0\u00a0\u00a0\u00a0\u00a0\u00a0\u00a0\u00a0\u00a0\u00a0\u00a0\u00a0\u00a0\u00a0\u00a0\u00a0\u00a0\u00a0\u00a0\u00a0\u00a0\u00a0\u00a0\u00a0\u00a0\u00a0\u00a0\u00a0\u00a0\u00a0\u00a0\u00a0\u00a0\u00a0\u00a0\u00a0\u00a0\u00a0\u00a0\u00a0\u00a0\u00a0\u00a0\u00a0\u00a0\u00a0\u00a0\u00a0\u00a0\u00a0\u00a0\u00a0\u00a0\u00a0\u00a0\u00a0\u00a0\u00a0\u00a0\u00a0\u00a0\u00a0\u00a0\u00a0\u00a0\u00a0\u00a0\u00a0\u00a0\u00a0\u00a0\u00a0\u00a0\u00a0\u00a0\u00a0\u00a0\u00a0\u00a0\u00a0\u00a0\u00a0\u00a0\u00a0\u00a0\u00a0\u00a0\u00a0\u00a0\u00a0\u00a0\u00a0\u00a0\u00a0\u00a0\u00a0\u00a0\u00a0\u00a0\u00a0\u00a0\u00a0\u00a0\u00a0\u00a0\u00a0\u00a0\u00a0\u00a0\u00a0\u00a0\u00a0\u00a0\u00a0\u00a0\u00a0\u00a0\u00a0\u00a0\u00a0\u00a0\u00a0\u00a0\u00a0\u00a0\u00a0\u00a0\u00a0\u00a0\u00a0\u00a0\u00a0\u00a0\u00a0\u00a0\u00a0\u00a0\u00a0\u00a0\u00a0\u00a0\u00a0\u00a0\u00a0\u00a0\u00a0\u00a0\u00a0\u00a0\u00a0\u00a0\u00a0\u00a0\u00a0\u00a0\u00a0\u00a0\u00a0\u00a0\u00a0\u00a0\u00a0\u00a0\u00a0\u00a0\u00a0\u00a0\u00a0\u00a0\u00a0\u00a0\u00a0\u00a0\u00a0\u00a0\u00a0\u00a0\u00a0\u00a0\u00a0\u00a0\u00a0\u00a0\u00a0\u00a0\u00a0\u00a0\u00a0\u00a0\u00a0\u00a0\u00a0\u00a0\u00a0\u00a0\u00a0\u00a0\u00a0\u00a0\u00a0\u00a0\u00a0\u00a0\u00a0\u00a0\u00a0\u00a0\u00a0\u00a0\u00a0\u00a0\u00a0\u00a0\u00a0\u00a0\u00a0\u00a0\u00a0\u00a0\u00a0\u00a0\u00a0\u00a0\u00a0\u00a0\u00a0\u00a0\u00a0\u00a0\u00a0\u00a0\u00a0\u00a0\u00a0\u00a0\u00a0\u00a0\u00a0\u00a0\u00a0\u00a0\u00a0\u00a0\u00a0\u00a0\u00a0\u00a0\u00a0\u00a0\u00a0\u00a0\u00a0\u00a0\u00a0\u00a0\u00a0\u00a0\u00a0\u00a0\u00a0\u00a0\u00a0\u00a0\u00a0\u00a0\u00a0\u00a0\u00a0\u00a0\u00a0\u00a0\u00a0\u00a0\u00a0\u00a0\u00a0\u00a0\u00a0\u00a0\u00a0\u00a0\u00a0\u00a0\u00a0\u00a0\u00a0\u00a0\u00a0\u00a0\u00a0\u00a0\u00a0\u00a0\u00a0\u00a0\u00a0\u00a0\u00a0\u00a0\u00a0\u00a0\u00a0\u00a0\u00a0\u00a0\u00a0\u00a0\u00a0\u00a0\u00a0\u00a0\u00a0\u00a0\u00a0\u00a0\u00a0\u00a0\u00a0\u00a0\u00a0\u00a0\u00a0\u00a0\u00a0\u00a0\u00a0\u00a0\u00a0\u00a0\u00a0\u00a0\u00a0\u00a0\u00a0\u00a0\u00a0\u00a0\u00a0\u00a0\u00a0\u00a0\u00a0\u00a0\u00a0\u00a0\u00a0\u00a0\u00a0\u00a0\u00a0\u00a0\u00a0\u00a0\u00a0\u00a0\u00a0\u00a0\u00a0\u00a0\u00a0\u00a0\u00a0\u00a0\u00a0\u00a0\u00a0\u00a0\u00a0\u00a0\u00a0\u00a0\u00a0\u00a0\u00a0\u00a0\u00a0\u00a0\u00a0\u00a0\u00a0\u00a0\u00a0\u00a0\u00a0\u00a0\u00a0\u00a0\u00a0\u00a0\u00a0\u00a0\u00a0\u00a0\u00a0\u00a0\u00a0\u00a0\u00a0\u00a0\u00a0\u00a0\u00a0\u00a0\u00a0\u00a0\u00a0\u00a0\u00a0\u00a0\u00a0\u00a0\u00a0\u00a0\u00a0\u00a0\u00a0\u00a0\u00a0\u00a0\u00a0\u00a0\u00a0\u00a0\u00a0\u00a0\u00a0\u00a0\u00a0\u00a0\u00a0\u00a0\u00a0\u00a0\u00a0\u00a0\u00a0\u00a0\u00a0\u00a0\u00a0\u00a0\u00a0\u00a0\u00a0\u00a0\u00a0\u00a0\u00a0\u00a0\u00a0\u00a0\u00a0\u00a0\u00a0\u00a0\u00a0\u00a0\u00a0\u00a0\u00a0\u00a0\u00a0\u00a0\u00a0\u00a0\u00a0\u00a0\u00a0\u00a0\u00a0\u00a0\u00a0\u00a0\u00a0\u00a0\u00a0\u00a0\u00a0\u00a0\u00a0\u00a0\u00a0\u00a0\u00a0\u00a0\u00a0\u00a0\u00a0\u00a0\u00a0\u00a0\u00a0 \u00a0 \u00a0\u00a0 \u00a0 \u00a0 \u00a0 \u00a0\u00a0 \u00a0\u00a0 \u00a0\u00a0 \u00a0\u00a0 \u00a0\u00a0 \u00a0\u00a0 \u00a0\u00a0 \u00a0\u00a0Magistrado Ponente \u00a0\u00a0<\/p>\n<p>\u00a0 \u00a0\u00a0 \u00a0\u00a0 \u00a0\u00a0 \u00a0\u00a0 \u00a0 \u00a0 \u00a0 \u00a0 \u00a0 \u00a0\u00a0 \u00a0JULIO ENRIQUE SOCHA SALAMANCA \u00a0\u00a0<\/p>\n<p>\u00a0 \u00a0\u00a0 \u00a0\u00a0 \u00a0\u00a0 \u00a0\u00a0 \u00a0 \u00a0 \u00a0 \u00a0 \u00a0 \u00a0\u00a0 \u00a0Aprobado Acta No. 217 \u00a0\u00a0<\/p>\n<p>Bogot\u00e1, \u00a0D. C., veintinueve (29) de junio de \u00a0dos mil once (2011). \u00a0\u00a0<\/p>\n<p>VISTOS \u00a0<\/p>\n<p>Decide \u00a0la \u00a0Corte la \u00a0acci\u00f3n \u00a0 \u00a0 \u00a0 de \u00a0 \u00a0 \u00a0revisi\u00f3n \u00a0 \u00a0 \u00a0interpuesta \u00a0 \u00a0por \u00a0 \u00a0la \u00a0 \u00a0apoderada \u00a0 de \u00a0 JUAN \u00a0 CARLOS \u00a0 G\u00d3MEZ \u00a0C\u00c1CERES \u00a0en \u00a0contra \u00a0 del \u00a0fallo \u00a0proferido \u00a0por \u00a0el \u00a0Tribunal \u00a0Superior \u00a0del Distrito Judicial \u00a0de \u00a0C\u00facuta, \u00a0mediante \u00a0el \u00a0 cual \u00a0 confirm\u00f3 \u00a0la \u00a0pena \u00a0principal \u00a0de \u00a0diecinueve \u00a0a\u00f1os \u00a0de \u00a0prisi\u00f3n \u00a0que a la referida \u00a0persona \u00a0le \u00a0impuso \u00a0el \u00a0Juzgado \u00a0Quinto \u00a0Penal \u00a0del \u00a0Circuito \u00a0de \u00a0dicha \u00a0ciudad \u00a0por \u00a0 \u00a0el \u00a0 \u00a0concurso \u00a0 homog\u00e9neo \u00a0 de \u00a0la \u00a0conducta \u00a0punible \u00a0de homicidio. \u00a0\u00a0<\/p>\n<p>SITUACI\u00d3N \u00a0 \u00a0F\u00c1CTICA \u00a0 Y \u00a0 ANTECEDENTES \u00a0RELEVANTES \u00a0\u00a0<\/p>\n<p>1. \u00a0Los \u00a0hechos \u00a0materia \u00a0de \u00a0juicio \u00a0fueron \u00a0sintetizados \u00a0por \u00a0las \u00a0instancias \u00a0de la siguiente \u00a0manera: \u00a0\u00a0<\/p>\n<p>\u201cEl \u00a0domingo \u00a017 \u00a0 de \u00a0marzo \u00a0de \u00a02002, \u00a0aproximadamente \u00a0a \u00a0las \u00a09 \u00a0y \u00a030 \u00a0p. \u00a0m., \u00a0a \u00a0la humilde vivienda de la familia \u00a0Rodr\u00edguez \u00a0Rangel, \u00a0situada \u00a0en la transversal 17 con \u00a0calle \u00a0 \u00a000 \u00a0 \u00a0del \u00a0 barrio \u00a0 Pueblo \u00a0 Nuevo \u00a0 de \u00a0 esta \u00a0 ciudad \u00a0 [C\u00facuta], \u00a0llegaron \u00a0cuatro \u00a0individuos \u00a0que \u00a0de inmediato comenzaron a disparar hacia el interior de la casa. \u00a0Como \u00a0resultado \u00a0de la agresi\u00f3n, murieron en el acto la se\u00f1ora \u00a0Felisa Rangel Rodr\u00edguez y su hijo Walter Rodr\u00edguez Rangel. \u00a0\u00a0<\/p>\n<p>\u201dLos autores del \u00a0m\u00faltiple \u00a0homicidio \u00a0se \u00a0dieron \u00a0a la fuga, pero uno de los hijos de la se\u00f1ora \u00a0Felisa \u00a0identific\u00f3 \u00a0a los agresores, entre los cuales \u00a0se \u00a0 \u00a0 \u00a0 encontraba \u00a0 \u00a0 \u00a0 JUAN \u00a0 \u00a0 \u00a0CARLOS \u00a0 \u00a0 \u00a0G\u00d3MEZ \u00a0 \u00a0 \u00a0C\u00c1CERES\u201d1 \u00a0 \u00a0 \u00a0 \u00a0 (resaltado \u00a0 de \u00a0 la \u00a0 Sala). \u00a0\u00a0<\/p>\n<p>2. \u00a0Debido a ello, \u00a0la \u00a0Fiscal\u00eda \u00a0General \u00a0de la Naci\u00f3n dispuso la apertura del proceso, practic\u00f3 \u00a0varias \u00a0pruebas \u00a0y \u00a0orden\u00f3 \u00a0la \u00a0vinculaci\u00f3n de JUAN \u00a0CARLOS \u00a0 G\u00d3MEZ \u00a0 C\u00c1CERES, \u00a0 persona \u00a0 que \u00a0para \u00a0la \u00a0\u00e9poca \u00a0de la indagatoria (3 de junio de 2003) estaba \u00a0recluido \u00a0en \u00a0la \u00a0C\u00e1rcel \u00a0Nacional Modelo de C\u00facuta por la conducta punible de \u00a0rebeli\u00f3n. \u00a0\u00a0<\/p>\n<p>En \u00a0 \u00a0la \u00a0 \u00a0aludida \u00a0 \u00a0diligencia, \u00a0 \u00a0el \u00a0sindicado \u00a0manifest\u00f3 tener \u00a0diecinueve \u00a0 a\u00f1os \u00a0 de \u00a0 edad \u00a0 y \u00a0haber \u00a0nacido \u00a0el \u00a019 \u00a0de \u00a0julio \u00a0de \u00a019842, \u00a0circunstancia \u00a0acerca de la \u00a0cual \u00a0 \u00a0no \u00a0 \u00a0se \u00a0 \u00a0dispuso \u00a0 \u00a0labor \u00a0 \u00a0alguna \u00a0 \u00a0de \u00a0 verificaci\u00f3n. \u00a0\u00a0<\/p>\n<p>3. \u00a0Resuelta \u00a0la \u00a0situaci\u00f3n \u00a0jur\u00eddica \u00a0con \u00a0medida \u00a0 de \u00a0detenci\u00f3n \u00a0preventiva \u00a0y \u00a0declarado \u00a0el \u00a0cierre \u00a0 \u00a0 de \u00a0 \u00a0 la \u00a0 \u00a0investigaci\u00f3n, \u00a0el \u00a0organismo instructor calific\u00f3 el \u00a0m\u00e9rito \u00a0del \u00a0sumario \u00a0en \u00a0su \u00a0contra, en el sentido de acusarlo por el concurso \u00a0homog\u00e9neo de homicidio \u00a0 \u00a0 \u00a0a \u00a0 \u00a0 \u00a0t\u00edtulo \u00a0 \u00a0 de \u00a0coautor. \u00a0\u00a0<\/p>\n<p>4. \u00a0La \u00a0etapa \u00a0siguiente \u00a0la \u00a0adelant\u00f3 \u00a0el \u00a0Juzgado \u00a0Quinto \u00a0Penal del \u00a0Circuito \u00a0 \u00a0 de \u00a0 \u00a0C\u00facuta, \u00a0 \u00a0despacho \u00a0que en la audiencia p\u00fablica interrog\u00f3 \u00a0a \u00a0 \u00a0JUAN \u00a0 CARLOS \u00a0 G\u00d3MEZ \u00a0 C\u00c1CERES \u00a0 acerca \u00a0 de \u00a0sus \u00a0 datos \u00a0 personales, \u00a0 entre \u00a0otros \u00a0 la \u00a0 fecha \u00a0 de \u00a0 nacimiento, \u00a0 ante \u00a0 lo \u00a0 cual \u00a0 este \u00a0\u00faltimo \u00a0reiter\u00f3 \u00a0 \u00a0 \u00a0 que \u00a0 \u00a0 \u00a0 era \u00a0 \u00a0 \u00a0 el 19 de julio \u00a0de \u00a0 \u00a019843, sin que ello tuviese alguna repercusi\u00f3n. \u00a0\u00a0<\/p>\n<p>El \u00a0fallo \u00a0fue \u00a0proferido \u00a0el \u00a017 \u00a0de \u00a0marzo \u00a0de \u00a02005, en el que el \u00a0funcionario \u00a0conden\u00f3 \u00a0al \u00a0inculpado \u00a0por los delitos \u00a0objeto \u00a0de \u00a0atribuci\u00f3n \u00a0a \u00a0la \u00a0pena \u00a0principal \u00a0de \u00a0diecinueve \u00a0a\u00f1os \u00a0de prisi\u00f3n, a la accesoria de ley \u00a0y \u00a0al \u00a0pago \u00a0de \u00a0perjuicios. \u00a0As\u00ed \u00a0mismo, \u00a0le neg\u00f3 \u00a0cualquier \u00a0 \u00a0mecanismo \u00a0 \u00a0sustitutivo \u00a0 de \u00a0 la \u00a0 sanci\u00f3n \u00a0 privativa \u00a0 de \u00a0 la \u00a0libertad. \u00a0\u00a0<\/p>\n<p>En \u00a0 dicha \u00a0providencia, \u00a0 \u00a0se \u00a0 \u00a0anot\u00f3 \u00a0 \u00a0que \u00a0 el \u00a0procesado \u00a0naci\u00f3 el 19 de julio de \u00a01984 \u00a0 y \u00a0 que, \u00a0 por \u00a0consiguiente, para esa \u00e9poca ten\u00eda veinte a\u00f1os de \u00a0edad4. \u00a0\u00a0<\/p>\n<p>5. Apelada \u00a0 la \u00a0 decisi\u00f3n \u00a0 por \u00a0 la \u00a0defensa \u00a0material, \u00a0 \u00a0 \u00a0 \u00a0 \u00a0 \u00a0 el \u00a0Tribunal \u00a0Superior \u00a0del \u00a0 \u00a0 \u00a0Distrito \u00a0 \u00a0 Judicial \u00a0 \u00a0 de \u00a0C\u00facuta \u00a0 \u00a0 \u00a0la \u00a0confirm\u00f3 \u00a0 \u00a0 en \u00a0 \u00a0 su \u00a0 \u00a0integridad \u00a0el \u00a09 \u00a0de \u00a0febrero \u00a0de 2007, mediante \u00a0sentencia \u00a0 \u00a0que \u00a0 cobr\u00f3 \u00a0 ejecutoria \u00a0 \u00a0el \u00a0 \u00a021 \u00a0 de \u00a0 marzo \u00a0 de \u00a0 ese \u00a0a\u00f1o. \u00a0\u00a0<\/p>\n<p>6. La \u00a0apoderada de JUAN CARLOS G\u00d3MEZ C\u00c1CERES present\u00f3 \u00a0 un \u00a0 escrito \u00a0 en \u00a0 el \u00a0que \u00a0manifest\u00f3 \u00a0interponer \u00a0acci\u00f3n de revisi\u00f3n y al que una vez \u00a0admitido se le dio el tr\u00e1mite correspondiente. \u00a0\u00a0<\/p>\n<p>LA DEMANDA \u00a0<\/p>\n<p>La \u00a0profesional \u00a0del \u00a0derecho \u00a0invoc\u00f3 como \u00a0causal \u00a0de \u00a0revisi\u00f3n \u00a0el \u00a0numeral \u00a03 \u00a0del \u00a0art\u00edculo \u00a0220 \u00a0de \u00a0la \u00a0Ley \u00a0600 \u00a0de \u00a02000, luego de aducir que \u00a0como \u00a0 el \u00a0 procesado \u00a0naci\u00f3 \u00a0el \u00a019 \u00a0de \u00a0julio \u00a0de \u00a01984, \u00a0tanto el a quo como el ad quem no tuvieron en \u00a0cuenta \u00a0que \u00a0era menor de edad para el 17 de marzo de \u00a02002, fecha de ocurrencia \u00a0de los hechos, motivo por \u00a0el \u00a0 cual \u00a0 sus \u00a0 decisiones \u00a0 est\u00e1n \u00a0viciadas \u00a0de \u00a0nulidad. \u00a0\u00a0<\/p>\n<p>PRUEBAS APORTADAS \u00a0<\/p>\n<p>1. \u00a0Copia de los \u00a0fallos \u00a0 \u00a0de \u00a0 \u00a0las \u00a0 \u00a0instancias, \u00a0 \u00a0con \u00a0 \u00a0el \u00a0 \u00a0respectivo \u00a0 certificado \u00a0 de \u00a0ejecutoria5. \u00a0\u00a0<\/p>\n<p>2. \u00a0 Copia \u00a0autenticada \u00a0del \u00a0registro \u00a0civil de nacimiento de la \u00a0Notar\u00eda \u00a0Tercera de C\u00facuta, a nombre de JUAN CARLOS \u00a0G\u00d3MEZ \u00a0 \u00a0C\u00c1CERES, \u00a0 con \u00a0 fecha \u00a0 de \u00a0 nacimiento \u00a019 \u00a0de \u00a0julio \u00a0de \u00a019846. \u00a0\u00a0<\/p>\n<p>3. \u00a0Actuaci\u00f3n \u00a0original \u00a0seguida \u00a0en \u00a0contra de la referida persona, \u00a0remitida \u00a0por \u00a0el \u00a0Juzgado \u00a0Quinto \u00a0Penal \u00a0del \u00a0Circuito de C\u00facuta, \u00a0por \u00a0hechos \u00a0ocurridos el 17 de marzo \u00a0de 2002. \u00a0\u00a0<\/p>\n<p>ALEGATOS DE CONCLUSI\u00d3N \u00a0<\/p>\n<p>1. La \u00a0 apoderada \u00a0 de \u00a0 JUAN \u00a0 CARLOS \u00a0 G\u00d3MEZ \u00a0C\u00c1CERES, \u00a0 despu\u00e9s \u00a0 de \u00a0citar \u00a0varias \u00a0normas \u00a0alusivas \u00a0al \u00a0bloque \u00a0de \u00a0constitucionalidad, \u00a0reiter\u00f3 \u00a0su petici\u00f3n, \u00a0 en \u00a0el \u00a0sentido \u00a0de \u00a0que la revisi\u00f3n es el medio id\u00f3neo \u00a0con \u00a0 que \u00a0 cuenta \u00a0 el \u00a0 actor \u00a0 para \u00a0 lograr \u00a0el \u00a0restablecimiento del debido proceso. \u00a0\u00a0<\/p>\n<p>2. Por \u00a0 su \u00a0 parte, \u00a0 la \u00a0 representante \u00a0 del \u00a0Ministerio \u00a0P\u00fablico \u00a0solicit\u00f3 \u00a0 \u00a0declarar \u00a0fundada \u00a0 la \u00a0causal \u00a0de \u00a0revisi\u00f3n \u00a0aducida \u00a0en \u00a0la \u00a0demanda, \u00a0con \u00a0el \u00a0fin de \u00a0rescindir \u00a0 \u00a0el \u00a0 \u00a0proceso \u00a0 adelantado \u00a0por \u00a0la \u00a0justicia \u00a0penal \u00a0ordinaria \u00a0y, \u00a0 de \u00a0 esta \u00a0manera, \u00a0garantizar \u00a0 \u00a0 uno \u00a0 \u00a0ante \u00a0 \u00a0la \u00a0 \u00a0jurisdicci\u00f3n \u00a0especializada \u00a0 \u00a0 \u00a0 \u00a0de \u00a0 \u00a0 \u00a0 infancia \u00a0 \u00a0 \u00a0 y \u00a0adolescencia. \u00a0\u00a0<\/p>\n<p>CONSIDERACIONES DE LA CORTE \u00a0<\/p>\n<p>1. Tal como lo ha \u00a0se\u00f1alado \u00a0 la \u00a0 Sala \u00a0en \u00a0numerosas \u00a0oportunidades, \u00a0la \u00a0acci\u00f3n \u00a0de \u00a0revisi\u00f3n \u00a0constituye \u00a0una \u00a0excepci\u00f3n \u00a0prevista \u00a0por el legislador al principio de la cosa \u00a0juzgada, cuyo objetivo es \u00a0remediar \u00a0 los \u00a0errores \u00a0judiciales \u00a0 derivados \u00a0 de \u00a0circunstancias \u00a0se\u00f1aladas \u00a0en \u00a0la \u00a0ley \u00a0que \u00a0no \u00a0fueron \u00a0conocidas \u00a0o \u00a0se \u00a0pasaron \u00a0por \u00a0alto durante el \u00a0desarrollo \u00a0de \u00a0la \u00a0actuaci\u00f3n procesal y \u00a0 que \u00a0 por \u00a0ello \u00a0mismo \u00a0 \u00a0suscitaron \u00a0 \u00a0la \u00a0 \u00a0ejecutoria \u00a0 \u00a0de \u00a0 \u00a0decisiones \u00a0contrarias al ordenamiento jur\u00eddico, \u00a0raz\u00f3n \u00a0por la cual no deben ostentar el car\u00e1cter de \u00a0definitivas ni inmutables. \u00a0\u00a0<\/p>\n<p>2. Consagrada \u00a0en \u00a0el \u00a0numeral \u00a03 \u00a0del art\u00edculo 220 de la Ley 600 de \u00a02000 \u00a0(C\u00f3digo \u00a0de \u00a0Procedimiento \u00a0Penal \u00a0aplicable para el presente asunto), la \u00a0causal \u00a0tercera \u00a0de revisi\u00f3n estipula su procedencia \u00a0en los siguientes casos: \u00a0\u00a0<\/p>\n<p>\u201cCuando \u00a0despu\u00e9s \u00a0de la sentencia condenatoria aparezcan hechos nuevos o surjan pruebas, \u00a0no \u00a0conocidas \u00a0al \u00a0tiempo \u00a0de \u00a0los \u00a0debates, \u00a0que \u00a0establezcan \u00a0la inocencia del \u00a0condenado, o su inimputabilidad\u201d. \u00a0\u00a0<\/p>\n<p>Acerca \u00a0de \u00a0esta \u00a0disposici\u00f3n, \u00a0la \u00a0Sala \u00a0ha se\u00f1alado que \u00a0este supuesto se ajusta a los eventos \u00a0en \u00a0los \u00a0cuales \u00a0la \u00a0actuaci\u00f3n \u00a0procesal \u00a0penal \u00a0es \u00a0adelantada \u00a0en \u00a0contra \u00a0de \u00a0una \u00a0persona a \u00a0 \u00a0quien \u00a0 \u00a0luego \u00a0 se \u00a0 \u00a0 \u00a0le \u00a0 \u00a0 \u00a0constata \u00a0que era menor de edad para \u00a0la \u00a0\u00e9poca \u00a0de \u00a0los hechos por los \u00a0cuales fue condenado. \u00a0\u00a0<\/p>\n<p>Lo \u00a0 anterior, \u00a0por \u00a0cuanto \u00a0el \u00a0hecho o la prueba nueva ser\u00eda capaz de demostrar la \u00a0inimputabilidad \u00a0del sujeto sobre el cual recay\u00f3 el juicio de \u00a0reproche. \u00a0\u00a0<\/p>\n<p>3. \u00a0 Ahora \u00a0bien, \u00a0 esta \u00a0 \u00faltima \u00a0afirmaci\u00f3n \u00a0no \u00a0es \u00a0del \u00a0todo \u00a0correcta, \u00a0en \u00a0la \u00a0medida \u00a0en que la minor\u00eda de \u00a0edad \u00a0 \u00a0 (por \u00a0 \u00a0lo \u00a0menos \u00a0a \u00a0partir \u00a0de \u00a0los \u00a0catorce a\u00f1os7) \u00a0 \u00a0 \u00a0no \u00a0 \u00a0 \u00a0implica \u00a0una \u00a0deficiencia \u00a0total \u00a0en \u00a0el \u00a0individuo \u00a0para \u00a0comprender \u00a0la \u00a0ilicitud \u00a0 \u00a0de \u00a0 \u00a0su \u00a0comportamiento \u00a0 o \u00a0para \u00a0adecuarlo \u00a0conforme \u00a0a \u00a0esa \u00a0comprensi\u00f3n. \u00a0 En \u00a0 otras \u00a0 palabras, \u00a0 no \u00a0 es \u00a0posible \u00a0sostener \u00a0 \u00a0que \u00a0 todos \u00a0 los \u00a0 menores \u00a0 son \u00a0inimputables \u00a0en \u00a0materia \u00a0penal \u00a0en \u00a0raz\u00f3n \u00a0de \u00a0una \u00a0supuesta \u00a0 \u00a0 \u00a0 o \u00a0 \u00a0 \u00a0 presunta \u00a0 \u00a0 \u00a0 inmadurez \u00a0psicol\u00f3gica. Veamos: \u00a0\u00a0<\/p>\n<p>3.1. \u00a0 \u00a0 \u00a0 \u00a0 \u00a0En \u00a0un \u00a0principio, \u00a0la \u00a0capacidad para \u00a0responder \u00a0por \u00a0las \u00a0infracciones \u00a0a \u00a0la \u00a0ley \u00a0penal en las que los menores eran \u00a0autores \u00a0o \u00a0part\u00edcipes \u00a0se \u00a0asum\u00eda desde una perspectiva paternalista, pues el \u00a0Estado \u00a0los \u00a0ubicaba en la categor\u00eda de inimputables \u00a0inmersos \u00a0en \u00a0una \u00a0situaci\u00f3n \u00a0irregular y, debido a \u00a0ello, \u00a0 \u00a0buscaba \u00a0 \u00a0brindarles \u00a0 \u00a0un \u00a0 tratamiento \u00a0 especial \u00a0 con \u00a0 fines \u00a0 de \u00a0protecci\u00f3n. \u00a0\u00a0<\/p>\n<p>Actualmente, \u00a0la \u00a0opini\u00f3n \u00a0dominante en el \u00a0derecho \u00a0contempor\u00e1neo \u00a0considera \u00a0que, a partir de cierta edad (que en nuestro \u00a0pa\u00eds \u00a0es \u00a0a \u00a0los catorce a\u00f1os), los menores no s\u00f3lo son titulares de derechos \u00a0con \u00a0capacidad para ejercerlos por s\u00ed mismos, sino que a la vez deben responder \u00a0ante \u00a0el incumplimiento de sus deberes y obligaciones, por lo que podr\u00edan estar \u00a0sometidos \u00a0 al \u00a0poder \u00a0punitivo \u00a0del \u00a0Estado \u00a0en \u00a0los \u00a0eventos \u00a0en \u00a0que \u00a0cometan \u00a0violaciones \u00a0a \u00a0la \u00a0ley \u00a0penal, \u00a0pero \u00a0siempre \u00a0bajo el criterio de imputabilidad \u00a0diferenciada, es decir, \u00a0de \u00a0aquella \u00a0en \u00a0la que se tiene en cuenta tanto sus condiciones personales como \u00a0el \u00a0grado \u00a0de evoluci\u00f3n de sus facultades, en aras de imponerles una medida, no \u00a0asimilable \u00a0al \u00a0tradicional concepto de pena, que pretender\u00e1 reintegrarlos a la \u00a0sociedad. \u00a0\u00a0<\/p>\n<p>3.2. Las razones \u00a0de \u00a0esta \u00a0evoluci\u00f3n \u00a0son \u00a0variadas. \u00a0Hist\u00f3ricamente, \u00a0los \u00a0ni\u00f1os \u00a0se hallaban \u00a0subordinados \u00a0a \u00a0la \u00a0absoluta \u00a0potestad de los padres o adultos de quienes en un \u00a0momento \u00a0dado \u00a0depend\u00edan, \u00a0circunstancia \u00a0que \u00a0era \u00a0suficiente \u00a0para \u00a0que, ante \u00a0cualquier \u00a0conducta \u00a0inadecuada \u00a0cometida \u00a0por \u00a0aqu\u00e9llos \u00a0(como \u00a0por ejemplo la \u00a0vagancia \u00a0o \u00a0la \u00a0rebeld\u00eda) se les aplicasen sanciones en funci\u00f3n de redise\u00f1ar \u00a0su \u00a0destino, sin consideraci\u00f3n alguna hacia los derechos fundamentales, o hacia \u00a0la dignidad inherente a su condici\u00f3n de personas. \u00a0\u00a0<\/p>\n<p>Con \u00a0 el \u00a0 advenimiento \u00a0de \u00a0la \u00a0sociedad \u00a0industrial, \u00a0a finales del siglo XIX y comienzos del XX, tuvo pleno asentamiento \u00a0el \u00a0 llamado \u00a0sistema \u00a0tutelar \u00a0de \u00a0las \u00a0situaciones \u00a0irregulares, \u00a0orientado \u00a0a \u00a0regular, \u00a0casi \u00a0siempre \u00a0mediante \u00a0 el \u00a0 internamiento \u00a0 o \u00a0 el \u00a0 confinamiento \u00a0 en \u00a0 centros \u00a0cerrados, \u00a0circunstancias \u00a0tan \u00a0dis\u00edmiles como las atinentes a los ni\u00f1os abandonados o en \u00a0situaci\u00f3n \u00a0de \u00a0peligro, \u00a0y \u00a0las \u00a0de \u00a0aquellos incursos en violaciones de la ley \u00a0penal, \u00a0 \u00a0tambi\u00e9n \u00a0 \u00a0conocidos \u00a0 como \u00a0 \u201cmenores \u00a0delincuentes\u201d. \u00a0\u00a0<\/p>\n<p>El \u00a0com\u00fan \u00a0denominador \u00a0en estos casos era \u00a0considerar \u00a0que \u00a0todos \u00a0los \u00a0ni\u00f1os \u00a0ser\u00edan \u00a0tan \u00a0incapaces \u00a0para \u00a0comprender o \u00a0disponer \u00a0de \u00a0sus \u00a0derechos \u00a0como \u00a0inimputables \u00a0a \u00a0la hora de responder ante la \u00a0sociedad \u00a0por sus comportamientos delictivos. Por ello, eran institucionalizados \u00a0con \u00a0fines altruistas de protecci\u00f3n, pero mediante un flagrante desconocimiento \u00a0de \u00a0sus derechos y garant\u00edas judiciales, de manera que el funcionario encargado \u00a0de \u00a0adoptar \u00a0la correspondiente medida se convert\u00eda en un int\u00e9rprete omn\u00edmodo \u00a0del proceso que calificaba de apropiado. \u00a0\u00a0<\/p>\n<p>Desde el plano te\u00f3rico normativo, el modelo \u00a0de \u00a0la \u00a0situaci\u00f3n irregular comenz\u00f3 a ser dejado de lado en el siglo XX con la \u00a0aparici\u00f3n \u00a0de \u00a0la \u00a0Declaraci\u00f3n \u00a0Universal \u00a0de \u00a0los \u00a0Derechos \u00a0del Ni\u00f1o en 1959 y tuvo su punto final con \u00a0la \u00a0promulgaci\u00f3n en 1989 de la Convenci\u00f3n sobre los \u00a0Derechos \u00a0 del \u00a0 Ni\u00f1o, \u00a0que \u00a0ser\u00e1 \u00a0analizada \u00a0m\u00e1s \u00a0adelante. \u00a0\u00a0<\/p>\n<p>Por \u00a0ahora, \u00a0conviene \u00a0destacar que en esta \u00a0\u00faltima \u00a0normatividad \u00a0fueron \u00a0acogidos en toda su dimensi\u00f3n los planteamientos \u00a0de \u00a0la psicolog\u00eda del desarrollo, o psicolog\u00eda evolutiva, como sustento de una \u00a0nueva \u00a0perspectiva de las relaciones adulto-ni\u00f1o, la \u00a0cual parte de aceptar que los menores de edad, desde \u00a0su \u00a0nacimiento, \u00a0son \u00a0personas dotadas de inteligencia y voluntad, con capacidad \u00a0de \u00a0comunicarse \u00a0mediante \u00a0un lenguaje propio, en un \u00a0principio \u00a0 \u00a0corporal \u00a0 \u00a0y \u00a0 \u00a0activado \u00a0 por \u00a0 las \u00a0sensaciones, \u00a0y, \u00a0en \u00a0la \u00a0adolescencia, \u00a0constitutivo \u00a0de un lenguaje conceptual articulado, \u00a0con \u00a0niveles \u00a0de abstracci\u00f3n seg\u00fan el grado de madurez que cada sujeto alcance \u00a0de acuerdo con sus particulares condiciones de vida. \u00a0\u00a0<\/p>\n<p>3.3. En Colombia, \u00a0la \u00a0doctrina tutelar de las situaciones irregulares tuvo un marcado asentamiento \u00a0a \u00a0lo \u00a0largo \u00a0del \u00a0siglo \u00a0pasado, \u00a0e \u00a0incluso con posterioridad al apogeo de los \u00a0instrumentos \u00a0internacionales \u00a0que \u00a0la desestimaron. En la Ley 83 de 1946, o Ley \u00a0Org\u00e1nica \u00a0de \u00a0la Defensa del Ni\u00f1o, se estableci\u00f3 la creaci\u00f3n de un juez para \u00a0conocer \u00a0en \u00a0\u00fanica \u00a0instancia de las infracciones de la ley penal cometidas por \u00a0menores, \u00a0as\u00ed \u00a0como \u00a0de \u00a0las \u00a0circunstancias \u00a0de \u00a0abandono \u00a0o riesgo en las que \u00a0pod\u00edan hallarse \u00e9stos. \u00a0\u00a0<\/p>\n<p>A dicha legislaci\u00f3n, le sucedi\u00f3 el Decreto \u00a01816 \u00a0de 1964, en el cual fue introducida una diferencia de tratamiento respecto \u00a0de \u00a0los \u00a0menores \u00a0de \u00a0doce \u00a0a\u00f1os \u00a0en \u00a0cuanto al funcionario para conocer de las \u00a0situaciones \u00a0irregulares, \u00a0quedando dicha competencia radicada en el Defensor de \u00a0Familia. \u00a0\u00a0<\/p>\n<p>Luego \u00a0sobrevino la reforma de la Ley 75 de \u00a01968, \u00a0tambi\u00e9n conocida como Ley Cecilia o de la Paternidad Responsable, con la \u00a0que \u00a0se cre\u00f3 el Instituto Colombiano de Bienestar Familiar, cuya misi\u00f3n era la \u00a0de \u00a0promover \u00a0y \u00a0proveer \u00a0la \u00a0protecci\u00f3n de ni\u00f1os y \u00a0adolescentes. \u00a0De \u00a0esta \u00a0forma, \u00a0qued\u00f3 \u00a0separada de \u00a0manera \u00a0definitiva la competencia administrativa de la jurisdiccional, propia de \u00a0los \u00a0jueces \u00a0de \u00a0menores, \u00a0que siguieron conociendo de las infracciones a la ley \u00a0penal \u00a0en \u00a0las que eran autores o part\u00edcipes mayores de doce a\u00f1os y menores de \u00a0dieciocho. \u00a0\u00a0<\/p>\n<p>En el Decreto 2737 de 1989, anterior C\u00f3digo \u00a0del \u00a0Menor, \u00a0se \u00a0preserv\u00f3 \u00a0la filosof\u00eda de la doctrina tutelar, a pesar de que \u00a0fue \u00a0expedida \u00a0en \u00a0el mismo a\u00f1o de la Convenci\u00f3n sobre los Derechos del Ni\u00f1o, \u00a0como \u00a0se \u00a0deriva \u00a0de \u00a0lo \u00a0dispuesto \u00a0en el art\u00edculo 30, en el que el legislador \u00a0previ\u00f3 \u00a0 \u00a0 nueve \u00a0 \u00a0 circunstancias \u00a0 \u00a0 totalmente \u00a0 \u00a0incompatibles \u00a0por \u00a0las \u00a0cuales \u00a0se \u00a0consideraba al \u00a0joven \u00a0 en \u00a0situaci\u00f3n \u00a0irregular; \u00a0entre \u00a0ellas, \u00a0la \u00a0de \u00a0haber \u00a0realizado \u00a0una \u00a0conducta \u00a0punible \u00a0o \u00a0la \u00a0de \u00a0contribuir a su ejecuci\u00f3n. \u00a0\u00a0<\/p>\n<p>As\u00ed \u00a0 \u00a0mismo, \u00a0 \u00a0dicha \u00a0 \u00a0normatividad \u00a0contemplaba \u00a0 en \u00a0 su \u00a0 art\u00edculo \u00a0 165 \u00a0que, para tales efectos, los menores de edad deb\u00edan ser tenidos \u00a0como inimputables: \u00a0\u00a0<\/p>\n<p>\u201cInimputabilidad \u00a0 del \u00a0 menor \u00a0de \u00a0dieciocho \u00a0a\u00f1os. \u00a0Para \u00a0todos \u00a0los \u00a0efectos, \u00a0se considera penalmente inimputable el \u00a0menor de dieciocho (18) a\u00f1os\u201d. \u00a0\u00a0<\/p>\n<p>3.4. \u00a0 \u00a0 \u00a0 \u00a0 \u00a0Con \u00a0la \u00a0entrada \u00a0en rigor \u00a0 (gradual \u00a0y \u00a0sucesiva) \u00a0de \u00a0la \u00a0Ley \u00a01098 de 2006 (o \u00a0C\u00f3digo de la Infancia \u00a0y \u00a0Adolescencia) \u00a0se \u00a0asimilaron los \u00a0conceptos \u00a0que \u00a0acerca \u00a0de \u00a0la \u00a0responsabilidad \u00a0penal \u00a0de \u00a0los \u00a0menores y de su \u00a0imputabilidad \u00a0diferenciada \u00a0hab\u00edan \u00a0desarrollado \u00a0los \u00a0tratados e instrumentos \u00a0internacionales. En efecto: \u00a0\u00a0<\/p>\n<p>El \u00a0 Pacto \u00a0Internacional \u00a0de \u00a0Derechos \u00a0Civiles \u00a0y \u00a0Pol\u00edticos, \u00a0adoptado \u00a0por \u00a0la \u00a0Asamblea \u00a0General \u00a0de \u00a0la \u00a0ONU \u00a0el \u00a016 de diciembre de 1966 y \u00a0aprobado \u00a0en \u00a0nuestro \u00a0pa\u00eds \u00a0por \u00a0la \u00a0Ley \u00a074 de 1968, consagra que los Estados \u00a0adoptar\u00e1n \u00a0las \u00a0medidas \u00a0necesarias \u00a0para proteger a los ni\u00f1os en raz\u00f3n de su \u00a0condici\u00f3n \u00a0 \u00a0 \u00a0 \u00a0 \u00a0 de \u00a0 \u00a0 \u00a0 \u00a0 \u00a0 menores8, \u00a0a \u00a0la \u00a0vez \u00a0que \u00a0proh\u00edbe \u00a0imponerles \u00a0 la \u00a0pena \u00a0de \u00a0muerte \u00a0cuando \u00a0infrinjan \u00a0la \u00a0ley \u00a0penal9 \u00a0 y \u00a0les \u00a0garantiza, \u00a0 \u00a0en \u00a0 dichos \u00a0 casos, \u00a0 un \u00a0 tratamiento \u00a0 diferente, \u00a0 r\u00e1pido \u00a0 y \u00a0eficaz10, \u00a0as\u00ed \u00a0como separado de los adultos11, \u00a0cuyo \u00a0\u00fanico \u00a0prop\u00f3sito \u00a0ser\u00e1 \u00a0 \u00a0el \u00a0 \u00a0de \u00a0 \u00a0la \u00a0 \u00a0readaptaci\u00f3n \u00a0 social12. Tambi\u00e9n exige que se les \u00a0respete \u00a0la \u00a0privacidad \u00a0a \u00a0lo \u00a0largo de todo el proceso, incluso por encima del \u00a0principio \u00a0 \u00a0de \u00a0 \u00a0publicidad \u00a0 \u00a0de \u00a0 las \u00a0 actuaciones \u00a0 judiciales13. \u00a0\u00a0<\/p>\n<p>La \u00a0Convenci\u00f3n \u00a0Americana \u00a0sobre \u00a0Derechos \u00a0Humanos \u00a0(o Pacto \u00a0de San Jos\u00e9), suscrita el 22 de \u00a0noviembre \u00a0de \u00a01969 \u00a0y \u00a0aprobada \u00a0en \u00a0Colombia por la Ley 16 de 1972, prev\u00e9, al \u00a0igual \u00a0que el tratado anterior, el imperativo de la protecci\u00f3n integral a favor \u00a0de \u00a0 \u00a0 \u00a0 \u00a0 \u00a0 \u00a0 \u00a0los \u00a0 \u00a0 \u00a0 \u00a0 \u00a0 \u00a0 menores14, \u00a0la \u00a0prohibici\u00f3n \u00a0de \u00a0la \u00a0pena \u00a0capital15 \u00a0y \u00a0la \u00a0obligaci\u00f3n \u00a0de \u00a0brindarles \u00a0a \u00a0los \u00a0infractores un trato \u00a0diferenciado \u00a0 y \u00a0apartado \u00a0de \u00a0los \u00a0mayores \u00a0de \u00a0edad, \u00a0mediante \u00a0una \u00a0justicia \u00a0especializada \u00a0 \u00a0e \u00a0 \u00a0impartida \u00a0 con \u00a0 celeridad16. \u00a0\u00a0<\/p>\n<p>La \u00a0Convenci\u00f3n \u00a0sobre \u00a0los \u00a0Derechos \u00a0del \u00a0Ni\u00f1o, proclamada el 20 de \u00a0noviembre \u00a0de 1989 por la ONU y aprobada en nuestro pa\u00eds por la Ley 12 de 1991, \u00a0otorga, \u00a0adem\u00e1s \u00a0de \u00a0los \u00a0derechos \u00a0ya \u00a0mencionados, \u00a0la prohibici\u00f3n de tratos \u00a0crueles \u00a0 \u00a0 \u00a0 \u00a0 \u00a0 o \u00a0 \u00a0 \u00a0 \u00a0 \u00a0 degradantes17 y el reconocimiento de las \u00a0garant\u00edas tradicionales del debido proceso. \u00a0\u00a0<\/p>\n<p>Adicionalmente, \u00a0 impone \u00a0 a \u00a0 favor \u00a0del \u00a0adolescente \u00a0otros \u00a0derechos \u00a0derivados \u00a0de \u00a0manera especial de su condici\u00f3n de \u00a0menor, \u00a0 como \u00a0 la \u00a0 obligaci\u00f3n \u00a0de \u00a0tener \u00a0en \u00a0cuenta \u00a0su \u00a0edad \u00a0y \u00a0situaci\u00f3n \u00a0particular18, \u00a0la \u00a0de \u00a0observar que la reacci\u00f3n del Estado guarde proporci\u00f3n \u00a0con \u00a0la \u00a0infracci\u00f3n \u00a0cometida \u00a0por \u00a0el adolescente19, \u00a0y \u00a0la de adoptar medidas \u00a0distintas \u00a0 \u00a0a \u00a0 \u00a0la \u00a0 \u00a0internaci\u00f3n \u00a0 \u00a0en \u00a0 \u00a0instituciones \u00a0 \u00a0o \u00a0 \u00a0centros \u00a0 de \u00a0reclusi\u00f3n20. \u00a0\u00a0<\/p>\n<p>As\u00ed \u00a0 mismo, \u00a0 advierte \u00a0 acerca \u00a0de \u00a0la \u00a0importancia \u00a0de \u00a0consagrar \u00a0una \u00a0edad m\u00ednima antes de la cual se presumir\u00e1 que \u00a0los \u00a0ni\u00f1os \u00a0carecen \u00a0de \u00a0capacidad \u00a0para \u00a0infringir \u00a0la \u00a0ley \u00a0penal21, \u00a0as\u00ed \u00a0como \u00a0la consagraci\u00f3n de un sistema especial de jurisdicci\u00f3n penal22. \u00a0\u00a0<\/p>\n<p>Las \u00a0 Reglas \u00a0M\u00ednimas \u00a0 para \u00a0 la \u00a0Administraci\u00f3n \u00a0de \u00a0la \u00a0Justicia \u00a0de \u00a0Menores \u00a0(o \u00a0Reglas \u00a0de \u00a0Beijing \u2013o \u00a0Pek\u00edn23), \u00a0adoptadas por la Asamblea General de la ONU el 28 de noviembre \u00a0de \u00a01985 \u00a0mediante \u00a0resoluci\u00f3n \u00a040\/33, \u00a0agregan \u00a0a \u00a0los principios ya expuestos \u00a0sanciones \u00a0y \u00a0reacciones jur\u00eddicas distintas a las del confinamiento de menores \u00a0en \u00a0 \u00a0 \u00a0establecimientos \u00a0 \u00a0 \u00a0de \u00a0 \u00a0 reclusi\u00f3n24, \u00a0 \u00a0que \u00a0 faciliten \u00a0 la \u00a0reintegraci\u00f3n \u00a0 de \u00a0los \u00a0menores \u00a0a \u00a0la \u00a0sociedad25. \u00a0\u00a0<\/p>\n<p>Las \u00a0 Reglas \u00a0M\u00ednimas \u00a0de \u00a0las \u00a0Naciones \u00a0Unidas \u00a0sobre \u00a0las \u00a0Medidas \u00a0No \u00a0Privativas \u00a0de \u00a0la \u00a0Libertad \u00a0(o \u00a0Reglas \u00a0de \u00a0Tokio), \u00a0aprobadas \u00a0por \u00a0la \u00a0Asamblea \u00a0General en la \u00a0resoluci\u00f3n \u00a045\/110 \u00a0de \u00a014 \u00a0de \u00a0octubre \u00a0de 1990, prev\u00e9n diversas sanciones no \u00a0privativas \u00a0 \u00a0 \u00a0 \u00a0de \u00a0 \u00a0 \u00a0 \u00a0la \u00a0 \u00a0 \u00a0 libertad26, \u00a0as\u00ed como varias medidas \u00a0posteriores \u00a0al \u00a0fallo, \u00a0cuyo \u00a0prop\u00f3sito \u00a0es \u00a0el \u00a0de \u00a0prestar \u00a0asistencia a los \u00a0adolescentes \u00a0 que \u00a0 hayan \u00a0delinquido \u00a0y \u00a0de \u00a0esta \u00a0forma \u00a0alcanzar \u00a0su \u00a0pronta \u00a0reinserci\u00f3n \u00a0 \u00a0 \u00a0 \u00a0 \u00a0 \u00a0 \u00a0 \u00a0 social27. \u00a0\u00a0<\/p>\n<p>Las \u00a0Reglas para \u00a0la \u00a0 Protecci\u00f3n \u00a0 de \u00a0 los \u00a0 Menores \u00a0 Privados \u00a0 de \u00a0 la \u00a0Libertad \u00a0(o \u00a0Reglas \u00a0de La Habana), \u00a0adoptadas \u00a0por la Asamblea General de la ONU en la resoluci\u00f3n \u00a045\/113 \u00a0 de \u00a014 \u00a0de \u00a0diciembre \u00a0de \u00a01990, \u00a0tienen \u00a0como \u00a0objeto \u00a0\u201cestablecer \u00a0 normas \u00a0 m\u00ednimas \u00a0 [\u2026] \u00a0para \u00a0la \u00a0protecci\u00f3n \u00a0de los menores privados de la \u00a0libertad \u00a0en \u00a0todas \u00a0sus \u00a0formas, \u00a0compatibles \u00a0con \u00a0los \u00a0derechos humanos y las \u00a0libertades \u00a0fundamentales, \u00a0con \u00a0miras a contrarrestar los efectos perjudiciales \u00a0de \u00a0todo \u00a0tipo \u00a0de detenci\u00f3n y fomentar la integraci\u00f3n en sociedad\u201d28. \u00a0\u00a0<\/p>\n<p>Por \u00a0 \u00a0\u00faltimo, \u00a0 \u00a0las \u00a0 \u00a0Directrices \u00a0de \u00a0las \u00a0Naciones \u00a0Unidas \u00a0para \u00a0la Prevenci\u00f3n de la \u00a0Delincuencia \u00a0 \u00a0 \u00a0Juvenil \u00a0 \u00a0 (o \u00a0 \u00a0 Directrices \u00a0de \u00a0la \u00a0RIAD), adoptadas y \u00a0proclamadas \u00a0por la Asamblea General en la resoluci\u00f3n 45\/112 de 14 de diciembre \u00a0de \u00a01990, \u00a0hacen \u00a0\u00e9nfasis tanto en la implementaci\u00f3n como en la aplicaci\u00f3n de \u00a0\u201cuna \u00a0pol\u00edtica \u00a0progresista \u00a0de prevenci\u00f3n de la \u00a0delincuencia\u201d29. \u00a0\u00a0<\/p>\n<p>3.5. Debido a lo \u00a0anterior, \u00a0el \u00a0C\u00f3digo \u00a0de \u00a0la \u00a0Infancia y Adolescencia de Colombia comprende un \u00a0conjunto \u00a0sistematizado de normas, reglas \u00a0 \u00a0 \u00a0 \u00a0 y \u00a0 \u00a0 \u00a0 \u00a0procedimientos \u00a0ajustados \u00a0 \u00a0 a \u00a0 \u00a0los \u00a0 \u00a0par\u00e1metros \u00a0referidos \u00a0en \u00a0precedencia, y que en \u00a0todo \u00a0caso \u00a0ser\u00edan \u00a0de \u00a0obligatorio \u00a0cumplimiento \u00a0por expresa disposici\u00f3n del \u00a0r\u00e9gimen, \u00a0pues \u00a0de acuerdo con este \u00faltimo \u201c[l]os \u00a0principios \u00a0y \u00a0definiciones \u00a0consagrados \u00a0en \u00a0la Constituci\u00f3n Pol\u00edtica, en los \u00a0instrumentos \u00a0 internacionales \u00a0 de \u00a0 derechos \u00a0humanos \u00a0y \u00a0en \u00a0la \u00a0[\u2026] \u00a0ley se aplicar\u00e1n en el Sistema \u00a0de \u00a0Responsabilidad \u00a0para Adolescentes\u201d30. \u00a0\u00a0<\/p>\n<p>De \u00a0 \u00a0esta \u00a0forma, \u00a0el modelo adoptado por el sistema penal para \u00a0adolescentes \u00a0de \u00a0Colombia \u00a0es \u00a0uno \u00a0de los que en la doctrina se han denominado \u00a0de \u00a0responsabilidad, \u00a0es \u00a0decir, \u00a0que \u00a0corresponde \u00a0a \u00a0un \u00a0procedimiento \u00a0independiente, \u00a0especializado \u00a0y \u00a0aut\u00f3nomo, \u00a0revestido \u00a0con \u00a0la \u00a0garant\u00edas b\u00e1sicas del debido proceso, a la vez \u00a0que \u00a0reforzado \u00a0con \u00a0otras \u00a0de \u00a0\u00edndole \u00a0especial, \u00a0en \u00a0el que el adolescente es \u00a0susceptible \u00a0de \u00a0ser \u00a0declarado \u00a0responsable por la realizaci\u00f3n de una conducta \u00a0punible \u00a0 de \u00a0graves \u00a0connotaciones, \u00a0pero \u00a0con \u00a0la \u00a0particularidad \u00a0de \u00a0que \u00a0la \u00a0consecuencia \u00a0jur\u00eddica adoptada por el funcionario no puede ser catalogada como \u00a0pena \u00a0 en \u00a0un \u00a0sentido \u00a0tradicional \u00a0del \u00a0t\u00e9rmino, \u00a0sino \u00a0como \u00a0una \u00a0medida \u00a0que tan s\u00f3lo pretende ser \u00a0educativa y busca su reintegro a la sociedad. \u00a0\u00a0<\/p>\n<p>4. \u00a0En \u00a0este \u00a0orden \u00a0de \u00a0ideas, \u00a0sin \u00a0perjuicio de la vigencia o no del art\u00edculo 165 \u00a0 del \u00a0 anterior \u00a0 C\u00f3digo \u00a0Menor \u00a0para \u00a0cada \u00a0caso \u00a0concreto, \u00a0aunque \u00a0 para \u00a0 los \u00a0 efectos \u00a0 de \u00a0la \u00a0acci\u00f3n \u00a0de \u00a0revisi\u00f3n \u00a0 el \u00a0 hecho \u00a0o \u00a0 la \u00a0 prueba \u00a0 nueva \u00a0susceptible \u00a0de \u00a0demostrar la minor\u00eda de edad de la \u00a0persona \u00a0condenada \u00a0por \u00a0la justicia penal ordinaria en realidad no conduce \u00a0 \u00a0 a \u00a0 \u00a0 establecer \u00a0 \u00a0 la \u00a0inimputabilidad \u00a0 \u00a0 \u00a0 \u00a0 \u00a0 \u00a0 (sino \u00a0la \u00a0necesidad de adelantarle un \u00a0procedimiento \u00a0especial y \u00a0diferente \u00a0 \u00a0del \u00a0 \u00a0de \u00a0 los \u00a0 adultos), \u00a0 son \u00a0los \u00a0principios, \u00a0derechos \u00a0y \u00a0garant\u00edas \u00a0hasta ahora mencionados (orientados todos \u00a0ellos \u00a0 hacia \u00a0la \u00a0protecci\u00f3n \u00a0del \u00a0inter\u00e9s \u00a0superior \u00a0del \u00a0menor) \u00a0los \u00a0que \u00a0a\u00fan \u00a0 justifican \u00a0 la \u00a0procedencia \u00a0de \u00a0la \u00a0causal \u00a0tercera \u00a0de \u00a0revisi\u00f3n \u00a0prevista \u00a0en \u00a0la Ley 600 de \u00a02000 \u00a0 para \u00a0todos \u00a0los \u00a0casos \u00a0 \u00a0 \u00a0 \u00a0 en \u00a0 \u00a0 \u00a0 \u00a0 comento. \u00a0\u00a0<\/p>\n<p>As\u00ed \u00a0 \u00a0lo \u00a0plante\u00f3 \u00a0 la \u00a0Sala \u00a0en \u00a0pret\u00e9rita \u00a0 oportunidad \u00a0dentro \u00a0de \u00a0un \u00a0asunto \u00a0en \u00a0el \u00a0que \u00a0no \u00a0hab\u00eda entrado a regir el C\u00f3digo de la \u00a0Infancia y Adolescencia: \u00a0\u00a0<\/p>\n<p>\u201cEl art\u00edculo \u00a033 \u00a0del \u00a0C\u00f3digo \u00a0Penal establece que los menores de 18 a\u00f1os estar\u00e1n sometidos \u00a0al \u00a0sistema \u00a0de \u00a0responsabilidad \u00a0penal juvenil. Por consiguiente, aunque pueden \u00a0ser \u00a0 \u00a0 \u00a0 \u00a0 \u00a0 \u00a0 \u00a0 \u00a0 \u00a0\u2018responsables\u2019 \u00a0 \u00a0por \u00a0 \u00a0violar \u00a0 \u00a0la \u00a0 \u00a0ley \u00a0 \u00a0penal, \u00a0 \u00a0dada \u00a0 \u00a0su \u00a0 inmadurez \u00a0psicol\u00f3gica, que fundamenta la inimputabilidad, esa \u00a0\u2018responsabilidad\u2019 \u00a0debe hacerse efectiva a trav\u00e9s de procedimientos espec\u00edficos y \u00a0distintos \u00a0de \u00a0los que se adelantan a los mayores de \u00a0edad con ocasi\u00f3n de la comisi\u00f3n de hechos punibles. \u00a0\u00a0<\/p>\n<p>\u201dEn ese orden, \u00a0el \u00a0 legislador \u00a0 dispuso \u00a0 un \u00a0 r\u00e9gimen \u00a0particular \u00a0para \u00a0conocer \u00a0sobre \u00a0las \u00a0infracciones \u00a0cometidas \u00a0por \u00a0los \u00a0menores \u00a0de edad infractores de la ley penal, \u00a0contenidos \u00a0en \u00a0los 163 y siguientes del C\u00f3digo del \u00a0Menor, \u00a0y \u00a0atribuy\u00f3 \u00a0a \u00a0los \u00a0jueces \u00a0de \u00a0menores \u00a0o \u00a0promiscuos \u00a0de \u00a0familia \u00a0la competencia para adelantar la actuaci\u00f3n respectiva, \u00a0con \u00a0 la \u00a0 posibilidad \u00a0 de \u00a0 imponer, \u00a0en \u00a0caso \u00a0de \u00a0establecer \u00a0plenamente \u00a0la \u00a0infracci\u00f3n, \u00a0medidas \u00a0de \u00a0seguridad \u00a0que buscan una \u00a0finalidad \u00a0 diferente \u00a0 a \u00a0las \u00a0penas\u201d31. \u00a0\u00a0<\/p>\n<p>5. \u00a0Por \u00faltimo, \u00a0es \u00a0de \u00a0destacar \u00a0que \u00a0la Corte tambi\u00e9n ha se\u00f1alado \u00a0que \u00a0 \u00a0si \u00a0 \u00a0bien \u00a0 \u00a0es \u00a0 cierto \u00a0 que \u00a0 la \u00a0 situaci\u00f3n \u00a0 f\u00e1ctico-probatoria \u00a0 \u00a0discutida \u00a0 \u00a0en \u00a0 \u00a0la \u00a0 causal \u00a0 tercera \u00a0 de \u00a0 revisi\u00f3n, \u00a0 adem\u00e1s \u00a0de \u00a0ser \u00a0trascendente, \u00a0no pudo haber sido conocida durante el \u00a0debate \u00a0probatorio, \u00a0tambi\u00e9n \u00a0ha \u00a0dicho \u00a0que ello no \u00a0constituye \u00a0 un \u00a0 obst\u00e1culo \u00a0 para \u00a0no \u00a0reconocerla \u00a0cuando \u00a0 \u00a0la \u00a0 \u00a0minor\u00eda \u00a0 \u00a0de \u00a0 \u00a0edad \u00a0 \u00a0no \u00a0 fue \u00a0advertida \u00a0 \u00a0o \u00a0 realmente \u00a0 apreciada \u00a0por \u00a0las \u00a0autoridades \u00a0(as\u00ed \u00a0en \u00a0su \u00a0momento se hubieran aportado elementos probatorios o \u00a0de \u00a0 \u00a0 juicio \u00a0 \u00a0en \u00a0 \u00a0tal \u00a0 \u00a0sentido). \u00a0\u00a0<\/p>\n<p>En \u00a0otras \u00a0 \u00a0 \u00a0 \u00a0 \u00a0 \u00a0 \u00a0 \u00a0 \u00a0palabras, \u00a0la \u00a0acci\u00f3n \u00a0de \u00a0revisi\u00f3n \u00a0prospera \u00a0a favor del menor de edad condenado por la \u00a0jurisdicci\u00f3n \u00a0 ordinaria \u00a0 cuando \u00a0\u201cla \u00a0situaci\u00f3n \u00a0no \u00a0fue \u00a0ajena, \u00a0por \u00a0lo \u00a0menos \u00a0formalmente, a la \u00a0actuaci\u00f3n \u00a0 procesal, \u00a0pero \u00a0materialmente \u00a0no \u00a0fue \u00a0valorada \u00a0 \u00a0ni \u00a0 \u00a0tenida \u00a0 \u00a0en \u00a0 cuenta \u00a0 por \u00a0 los \u00a0falladores\u201d32: \u00a0\u00a0<\/p>\n<p>\u201cAs\u00ed \u00a0las \u00a0cosas, \u00a0resulta \u00a0claro que ni los funcionarios que adelantaron el proceso ni los \u00a0sujetos \u00a0procesales \u00a0se \u00a0percataron de la edad [de la \u00a0persona \u00a0 condenada], \u00a0 de \u00a0donde \u00a0puede \u00a0inferirse \u00a0v\u00e1lidamente \u00a0que \u00a0la \u00a0prueba \u00a0que \u00a0se \u00a0aduce \u00a0con \u00a0la \u00a0demanda \u00a0de revisi\u00f3n es \u00a0nueva, esto es, constituye un elemento novedoso que, \u00a0si \u00a0hubiera \u00a0sido \u00a0percibido, \u00a0analizado \u00a0y \u00a0valorado \u00a0por \u00a0los jueces, habr\u00edan \u00a0concluido, \u00a0 \u00a0 sin \u00a0 \u00a0 vacilaci\u00f3n, \u00a0 \u00a0sobre \u00a0 \u00a0su \u00a0inimputabilidad. \u00a0Se \u00a0constituye \u00a0as\u00ed \u00a0en \u00a0prueba ex \u00a0novo \u00a0con \u00a0aptitud \u00a0suficiente \u00a0para remover la cosa \u00a0juzgada. \u00a0\u00a0<\/p>\n<p>\u201d[\u2026] \u00a0Tanto \u00a0en \u00a0el \u00a0campo \u00a0internacional \u00a0(convenios \u00a0e instrumentos citados en precedencia) \u00a0como \u00a0en \u00a0el orden interno (art\u00edculos 29 y 44 de la Constituci\u00f3n Pol\u00edtica) se \u00a0impone, \u00a0como \u00a0garant\u00eda del debido proceso, el derecho a ser juzgado conforme a \u00a0las \u00a0leyes \u00a0preexistentes \u00a0al \u00a0acto \u00a0que \u00a0se \u00a0imputa, \u00a0ante \u00a0el \u00a0juez o tribunal \u00a0competentes \u00a0y \u00a0con \u00a0la \u00a0observancia \u00a0de \u00a0la \u00a0plenitud de las formas propias del \u00a0juicio. \u00a0As\u00ed \u00a0mismo, se establece la protecci\u00f3n especial que debe prodigarse a \u00a0los \u00a0ni\u00f1os \u00a0y \u00a0el \u00a0principio de que el inter\u00e9s superior del menor debe ser una \u00a0consideraci\u00f3n primordial en todas las decisiones del Estado. \u00a0\u00a0<\/p>\n<p>\u201dDe manera que \u00a0la \u00a0no percepci\u00f3n de la edad de la procesada conduce \u00a0inexorablemente \u00a0a \u00a0declarar fundada la causal de revisi\u00f3n invocada\u201d33. \u00a0\u00a0<\/p>\n<p>5. \u00a0En el asunto \u00a0que \u00a0concita \u00a0el \u00a0inter\u00e9s \u00a0de \u00a0la \u00a0Sala, JUAN CARLOS \u00a0G\u00d3MEZ \u00a0C\u00c1CERES \u00a0fue \u00a0condenado \u00a0a \u00a0la \u00a0pena \u00a0principal \u00a0de diecinueve a\u00f1os de \u00a0prisi\u00f3n \u00a0 por \u00a0un \u00a0doble \u00a0delito \u00a0de \u00a0homicidio \u00a0ocurrido \u00a0el \u00a017 de marzo de 2002. \u00a0\u00a0<\/p>\n<p>En \u00a0 la \u00a0indagatoria, \u00a0as\u00ed \u00a0como \u00a0en \u00a0el \u00a0interrogatorio \u00a0de \u00a0la \u00a0audiencia p\u00fablica, el procesado manifest\u00f3 haber nacido \u00a0el \u00a019 \u00a0de julio de 1984, \u00a0raz\u00f3n \u00a0 por \u00a0la \u00a0cual \u00a0tan \u00a0s\u00f3lo \u00a0contaba, \u00a0cuando \u00a0cometi\u00f3 \u00a0el \u00a0injusto, con \u00a0una \u00a0 edad \u00a0 que \u00a0 no \u00a0 alcanzaba \u00a0 los \u00a0 \u00a0diecisiete \u00a0 \u00a0a\u00f1os \u00a0 \u00a0y \u00a0 \u00a0once \u00a0meses. \u00a0\u00a0<\/p>\n<p>Dicha \u00a0circunstancia \u00a0jam\u00e1s \u00a0fue tenida en \u00a0cuenta \u00a0por \u00a0los \u00a0funcionarios que resolvieron el caso, ni siquiera por \u00a0el \u00a0juez \u00a0a quo, a pesar de que en \u00a0el \u00a0 \u00a0fallo \u00a0 de \u00a0 primera \u00a0 instancia, \u00a0adem\u00e1s \u00a0de \u00a0la fecha de los hechos, \u00a0figura \u00a0 en \u00a0el \u00a0ac\u00e1pite \u00a0relativo \u00a0a \u00a0los \u00a0rasgos \u00a0de \u00a0individualizaci\u00f3n \u00a0del \u00a0procesado el aludido d\u00eda \u00a0de nacimiento. \u00a0\u00a0<\/p>\n<p>Con \u00a0posterioridad \u00a0a \u00a0la ejecutoria de las \u00a0decisiones \u00a0de \u00a0fondo, fue presentado dentro de esta \u00a0acci\u00f3n \u00a0copia \u00a0aut\u00e9ntica \u00a0del \u00a0registro \u00a0civil \u00a0de \u00a0nacimiento \u00a0a \u00a0nombre \u00a0del \u00a0condenado (en la actualidad con veintisiete a\u00f1os de \u00a0edad \u00a0 y \u00a0 c\u00e9dula \u00a0 de \u00a0ciudadan\u00eda \u00a088\u2019274.823 \u00a0 de \u00a0 C\u00facuta), \u00a0 lo \u00a0 que \u00a0 demuestra \u00a0que en el momento de la realizaci\u00f3n del hecho a\u00fan no era mayor \u00a0de edad. \u00a0\u00a0<\/p>\n<p>Esta \u00a0prueba \u00a0nueva \u00a0es, sin lugar a dudas, \u00a0trascendente, \u00a0pues \u00a0de \u00a0haberla conocido y apreciado \u00a0realmente \u00a0 ninguno \u00a0de \u00a0los \u00a0operadores \u00a0jur\u00eddicos \u00a0adscritos \u00a0a \u00a0la \u00a0jurisdicci\u00f3n \u00a0ordinaria se hubiera \u00a0permitido \u00a0seguir \u00a0con \u00a0la \u00a0actuaci\u00f3n \u00a0procesal, en \u00a0detrimento \u00a0del \u00a0conjunto \u00a0de garant\u00edas, derechos y \u00a0principios \u00a0 que \u00a0 integran \u00a0 el \u00a0 sistema \u00a0 de \u00a0 responsabilidad \u00a0 penal \u00a0 para \u00a0adolescentes. \u00a0\u00a0<\/p>\n<p>En consecuencia, a la Sala no le queda m\u00e1s \u00a0remedio \u00a0que \u00a0declarar \u00a0fundada, como en efecto lo har\u00e1, la causal de revisi\u00f3n \u00a0invocada \u00a0por la apoderada y, como consecuencia de ello, dejar sin efecto alguno \u00a0la \u00a0condena \u00a0proferida en contra de JUAN CARLOS G\u00d3MEZ C\u00c1CERES en los fallos de \u00a017 \u00a0de \u00a0marzo \u00a0de \u00a02005, \u00a0proferido \u00a0por el Juzgado Quinto Penal del Circuito de \u00a0C\u00facuta, \u00a0 y \u00a0 9 \u00a0 de \u00a0 febrero \u00a0de \u00a02007, \u00a0emitido \u00a0por \u00a0el \u00a0Tribunal \u00a0Superior \u00a0del correspondiente Distrito Judicial. \u00a0\u00a0<\/p>\n<p>As\u00ed \u00a0mismo, \u00a0se \u00a0le conceder\u00e1 la libertad \u00a0incondicional \u00a0e inmediata por causa de este proceso, \u00a0la \u00a0cual \u00a0se har\u00e1 efectiva siempre y cuando no sea requerido por cualquier otra \u00a0autoridad \u00a0 competente \u00a0 en \u00a0 virtud \u00a0 de \u00a0 hechos \u00a0 distintos \u00a0 a \u00a0 los \u00a0 aqu\u00ed \u00a0contemplados. \u00a0Tambi\u00e9n se ordenar\u00e1 la cancelaci\u00f3n \u00a0de \u00a0los \u00a0antecedentes, \u00a0registros \u00a0y \u00a0dem\u00e1s \u00a0anotaciones \u00a0que \u00a0por este proceso \u00a0figuren en contra de JUAN CARLOS G\u00d3MEZ C\u00c1CERES. \u00a0\u00a0<\/p>\n<p>Por \u00faltimo, se dispondr\u00e1 la devoluci\u00f3n de \u00a0las \u00a0diligencias \u00a0al \u00a0Juzgado Quinto Penal del Circuito de C\u00facuta, para que por \u00a0su \u00a0conducto \u00a0env\u00ede \u00a0el \u00a0expediente \u00a0al \u00a0funcionario \u00a0competente para conocer el caso. \u00a0\u00a0<\/p>\n<p>En \u00a0m\u00e9rito \u00a0de \u00a0lo \u00a0expuesto, la \u00a0 \u00a0 \u00a0CORTE \u00a0 \u00a0 \u00a0SUPREMA \u00a0 \u00a0 \u00a0DE \u00a0JUSTICIA, \u00a0 SALA \u00a0 DE \u00a0CASACI\u00d3N \u00a0 \u00a0 PENAL, \u00a0administrando \u00a0justicia \u00a0en \u00a0nombre \u00a0de \u00a0la \u00a0Rep\u00fablica \u00a0y \u00a0por \u00a0autoridad de la \u00a0ley, \u00a0\u00a0<\/p>\n<p>RESUELVE \u00a0<\/p>\n<p>1. \u00a0 \u00a0 \u00a0 \u00a0 \u00a0 DECLARAR \u00a0 \u00a0 \u00a0 \u00a0 \u00a0fundada \u00a0la \u00a0causal tercera de revisi\u00f3n invocada por la apoderada \u00a0de JUAN CARLOS G\u00d3MEZ C\u00c1CERES. \u00a0\u00a0<\/p>\n<p>2. \u00a0 \u00a0Como \u00a0consecuencia \u00a0 \u00a0de \u00a0 \u00a0lo \u00a0 anterior, \u00a0 DEJAR \u00a0sin \u00a0efecto \u00a0 la \u00a0 condena \u00a0proferida \u00a0en \u00a0contra \u00a0de \u00a0JUAN \u00a0CARLOS \u00a0G\u00d3MEZ \u00a0C\u00c1CERES \u00a0en \u00a0las \u00a0sentencias \u00a0de \u00a017 \u00a0de \u00a0marzo de 2005 y 9 \u00a0de \u00a0febrero \u00a0de \u00a02007, la \u00a0primera \u00a0 dictada \u00a0 por \u00a0 el \u00a0 Juzgado \u00a0Quinto \u00a0Penal \u00a0del \u00a0Circuito \u00a0de \u00a0C\u00facuta \u00a0y \u00a0la \u00a0segunda \u00a0por \u00a0el \u00a0Tribunal Superior de C\u00facuta. \u00a0\u00a0<\/p>\n<p>3. \u00a0 CONCEDER \u00a0la \u00a0 \u00a0 \u00a0libertad \u00a0incondicional e inmediata \u00a0a \u00a0JUAN \u00a0CARLOS \u00a0G\u00d3MEZ \u00a0C\u00c1CERES \u00a0en raz\u00f3n de este \u00a0proceso, \u00a0 \u00a0 para \u00a0 \u00a0 lo \u00a0 \u00a0 cual \u00a0 \u00a0ser\u00e1 \u00a0 librada \u00a0 de \u00a0 inmediato \u00a0 la \u00a0correspondiente \u00a0orden, que se har\u00e1 efectiva siempre y cuando no sea \u00a0requerido \u00a0por cualquier \u00a0otra \u00a0autoridad competente en virtud \u00a0de distinta actuaci\u00f3n judicial. \u00a0\u00a0<\/p>\n<p>4. \u00a0 ORDENAR \u00a0la \u00a0cancelaci\u00f3n \u00a0de \u00a0los \u00a0antecedentes, registros y \u00a0dem\u00e1s \u00a0anotaciones que por causa de este proceso se hubiere efectuado en contra \u00a0de JUAN CARLOS G\u00d3MEZ C\u00c1CERES. \u00a0\u00a0<\/p>\n<p>5. \u00a0 DEVOLVER \u00a0las diligencias al Juzgado Quinto Penal del Circuito \u00a0de \u00a0C\u00facuta \u00a0para que, por su conducto, sean enviadas las diligencias al juez de \u00a0menores o al funcionario que sea competente para conocer el asunto. \u00a0\u00a0<\/p>\n<p>Contra esta providencia, no procede recurso \u00a0alguno. \u00a0\u00a0<\/p>\n<p>Notif\u00edquese y c\u00famplase \u00a0<\/p>\n<p>JAVIER \u00a0 \u00a0ZAPATA \u00a0ORTIZ \u00a0\u00a0<\/p>\n<p>JOS\u00c9 \u00a0LUIS \u00a0BARCEL\u00d3 \u00a0CAMACHO\u00a0\u00a0\u00a0\u00a0\u00a0\u00a0\u00a0\u00a0\u00a0\u00a0\u00a0\u00a0\u00a0\u00a0 \u00a0JOS\u00c9 \u00a0 \u00a0LEONIDAS \u00a0 BUSTOS \u00a0 MART\u00cdNEZ \u00a0\u00a0<\/p>\n<p>FERNANDO \u00a0 \u00a0 \u00a0ALBERTO \u00a0 \u00a0 \u00a0CASTRO \u00a0CABALLERO\u00a0\u00a0\u00a0\u00a0\u00a0\u00a0\u00a0\u00a0 SIGIFREDO ESPINOSA P\u00c9REZ \u00a0\u00a0<\/p>\n<p>Permiso \u00a0 \u00a0\u00a0 \u00a0 \u00a0 \u00a0 \u00a0 \u00a0 \u00a0 \u00a0 \u00a0 \u00a0 \u00a0 \u00a0\u00a0 \u00a0 \u00a0 \u00a0\u00a0 \u00a0\u00a0 \u00a0\u00a0 \u00a0\u00a0 \u00a0\u00a0 \u00a0\u00a0 \u00a0\u00a0 \u00a0 \u00a0\u00a0 \u00a0 \u00a0 \u00a0 \u00a0 \u00a0 \u00a0 \u00a0\u00a0Comisi\u00f3n \u00a0 \u00a0 \u00a0de \u00a0servicio \u00a0\u00a0 \u00a0\u00a0 \u00a0\u00a0 \u00a0\u00a0 \u00a0\u00a0 \u00a0\u00a0 \u00a0\u00a0 \u00a0\u00a0 \u00a0 \u00a0\u00a0 \u00a0\u00a0 \u00a0\u00a0 \u00a0 \u00a0\u00a0 \u00a0\u00a0 \u00a0\u00a0 \u00a0\u00a0 \u00a0\u00a0 \u00a0 \u00a0 \u00a0\u00a0 \u00a0\u00a0<\/p>\n<p>\u00a0 \u00a0\u00a0 \u00a0 \u00a0 \u00a0\u00a0 \u00a0\u00a0 \u00a0\u00a0 \u00a0\u00a0 \u00a0 \u00a0\u00a0 \u00a0 \u00a0 \u00a0 \u00a0 \u00a0 \u00a0 \u00a0 \u00a0 \u00a0 \u00a0 \u00a0\u00a0\u00a0\u00a0\u00a0\u00a0\u00a0\u00a0\u00a0\u00a0 \u00a0\u00a0<\/p>\n<p>ALFREDO \u00a0 G\u00d3MEZ \u00a0 QUINTERO\u00a0\u00a0\u00a0\u00a0\u00a0\u00a0 MAR\u00cdA DEL ROSARIO GONZ\u00c1LEZ DE LEMOS \u00a0\u00a0<\/p>\n<p>AUGUSTO \u00a0 \u00a0J. \u00a0 IB\u00c1\u00d1EZ \u00a0 GUZM\u00c1N\u00a0\u00a0\u00a0\u00a0\u00a0\u00a0\u00a0\u00a0\u00a0\u00a0 \u00a0JULIO ENRIQUE SOCHA SALAMANCA \u00a0\u00a0<\/p>\n<p>\u00a0\u00a0\u00a0\u00a0\u00a0\u00a0\u00a0\u00a0\u00a0\u00a0\u00a0\u00a0\u00a0\u00a0\u00a0\u00a0\u00a0\u00a0\u00a0\u00a0 \u00a0\u00a0<\/p>\n<p>\u00a0\u00a0\u00a0\u00a0\u00a0\u00a0\u00a0 \u00a0\u00a0<\/p>\n<p>NUBIA YOLANDA NOVA GARC\u00cdA \u00a0<\/p>\n<p>Secretaria \u00a0 \u00a0<\/p>\n<p>1 Folios 10 y 28 del cuaderno de la Corte. \u00a0\u00a0<\/p>\n<p>2 Folio \u00a088 del cuaderno principal. \u00a0\u00a0<\/p>\n<p>3 Folio 173 ib\u00eddem. \u00a0\u00a0<\/p>\n<p>4 Folio \u00a0211 ib\u00eddem. \u00a0\u00a0<\/p>\n<p>5 Folios 10-38 y 45 del cuaderno de la Corte. \u00a0\u00a0<\/p>\n<p>6 Folio \u00a09 ib\u00eddem. \u00a0\u00a0<\/p>\n<p>7 \u00a0Cf., \u00a0respecto \u00a0de \u00a0la \u00a0edad \u00a0de catorce a\u00f1os como l\u00edmite de la \u00a0capacidad \u00a0de \u00a0discernimiento \u00a0y comprensi\u00f3n en los menores, la sentencia de 20 \u00a0de octubre de 2010, radicaci\u00f3n 33022. \u00a0\u00a0<\/p>\n<p>8 \u00a0Numeral 4 del art\u00edculo 23 y numeral 1 del art\u00edculo 24 del Pacto \u00a0Internacional de Derechos Civiles y Pol\u00edticos. \u00a0\u00a0<\/p>\n<p>9 Numeral 5 del art\u00edculo 6 ib\u00eddem. \u00a0\u00a0<\/p>\n<p>10 \u00a0Literal \u00a0b) \u00a0del numeral 2 \u00a0del art\u00edculo 10 ib\u00eddem. \u00a0\u00a0<\/p>\n<p>11 \u00a0Numeral 3 ib\u00eddem. \u00a0\u00a0<\/p>\n<p>12 \u00a0Ib\u00eddem. \u00a0\u00a0<\/p>\n<p>13 \u00a0Numerales 1 y 4 del art\u00edculo 14 ib\u00eddem. \u00a0\u00a0<\/p>\n<p>14 \u00a0Art\u00edculo 19 de la Convenci\u00f3n Americana sobre Derechos Humanos. \u00a0\u00a0<\/p>\n<p>15 \u00a0Numeral 5 del art\u00edculo 4 ib\u00eddem. \u00a0\u00a0<\/p>\n<p>16 \u00a0Numeral 5 del art\u00edculo 5 ib\u00eddem. \u00a0\u00a0<\/p>\n<p>17 \u00a0Literal \u00a0a) \u00a0del art\u00edculo \u00a037 ib\u00eddem. \u00a0\u00a0<\/p>\n<p>18 \u00a0 \u00a0 Ordinal \u00a0 \u00a0(iii) \u00a0 \u00a0del \u00a0 \u00a0 literal \u00a0 \u00a0b) \u00a0 \u00a0del numeral 2 del art\u00edculo 40 ib\u00eddem. \u00a0\u00a0<\/p>\n<p>19 \u00a0Numeral 4 ib\u00eddem. \u00a0\u00a0<\/p>\n<p>20 \u00a0Ib\u00eddem. \u00a0\u00a0<\/p>\n<p>21 \u00a0Literal \u00a0a) \u00a0del numeral 3 \u00a0ib\u00eddem. \u00a0\u00a0<\/p>\n<p>22 \u00a0Numeral 3 ib\u00eddem. \u00a0\u00a0<\/p>\n<p>23 Es \u00a0de \u00a0advertir \u00a0que \u00a0la \u00a0Real Academia Espa\u00f1ola no aconseja la utilizaci\u00f3n de la \u00a0primera \u00a0 \u00a0palabra: \u00a0 \u201cEl \u00a0 nombre \u00a0 Beijing \u00a0 \u00a0es \u00a0 \u00a0resultado \u00a0 \u00a0de \u00a0 la \u00a0transcripci\u00f3n \u00a0de \u00a0los \u00a0caracteres \u00a0chinos al alfabeto latino seg\u00fan el sistema \u00a0\u2018pinyin\u2019, desarrollado en China a partir de \u00a01958 \u00a0con \u00a0el \u00a0fin de unificar los diversos sistemas de transcripci\u00f3n del chino \u00a0aplicados \u00a0por distintos pa\u00edses. Este sistema se puso en pr\u00e1ctica oficialmente \u00a0en \u00a01979 \u00a0y \u00a0es \u00a0hoy \u00a0mayoritariamente \u00a0utilizado por las agencias de prensa. No \u00a0obstante, \u00a0se \u00a0recomienda usar en nuestro idioma el nombre tradicional espa\u00f1ol, \u00a0cuyo \u00a0 gentilicio \u00a0 es \u00a0 pekin\u00e9s\u201d. \u00a0Real \u00a0Academia \u00a0Espa\u00f1ola, \u00a0 \u00a0 Diccionario \u00a0 \u00a0panhisp\u00e1nico \u00a0 \u00a0de \u00a0dudas, \u00a0 \u00a0 \u00a0 op. \u00a0cit., p. 492. \u00a0\u00a0<\/p>\n<p>24 \u00a7 \u00a019.1 \u00a0de \u00a0las \u00a0Reglas \u00a0de \u00a0Pek\u00edn, \u00a0en \u00a0relaci\u00f3n con las sanciones. En el mismo \u00a0sentido, \u00a7 13.2 ib\u00eddem, respecto de la detenci\u00f3n preventiva. \u00a0\u00a0<\/p>\n<p>25 \u00a7 \u00a029 ib\u00eddem. \u00a0\u00a0<\/p>\n<p>26 \u00a7 8.2 ib\u00eddem. \u00a0\u00a0<\/p>\n<p>27 \u00a7 \u00a09.1 ib\u00eddem. \u00a0\u00a0<\/p>\n<p>28 \u00a7 \u00a03 de las Reglas de La Habana. \u00a0\u00a0<\/p>\n<p>29 \u00a7 \u00a05 de las Directrices de la RIAD. \u00a0\u00a0<\/p>\n<p>30 \u00a0 \u00a0Art\u00edculo \u00a0 \u00a0140 \u00a0 \u00a0del \u00a0 C\u00f3digo \u00a0 de \u00a0 la \u00a0 Infancia \u00a0 y \u00a0 la \u00a0Adolescencia. \u00a0\u00a0<\/p>\n<p>31 \u00a0Sentencia de revisi\u00f3n de 11 de julio de 2007, radicaci\u00f3n 25026. \u00a0En \u00a0 el \u00a0 mismo \u00a0 sentido, \u00a0 sentencia \u00a0 18 \u00a0 de \u00a0 junio \u00a0de \u00a02008, \u00a0radicaci\u00f3n \u00a020052. \u00a0\u00a0<\/p>\n<p>32 Sentencia de 11 de julio de 2007, radicaci\u00f3n 25056. \u00a0\u00a0<\/p>\n<p>33 \u00a0Ib\u00eddem. En el mismo sentido, fallos de 24 de septiembre de 2002, \u00a0radicaci\u00f3n 14298, y 12 de noviembre de 2003, radicaci\u00f3n 19010. \u00a0 \u00a0\u00a0<\/p>\n<p><\/p>\n","protected":false},"excerpt":{"rendered":"<p>\u00a0 \u00a0 Proceso n.\u00ba 35681 \u00a0 CORTE SUPREMA DE \u00a0JUSTICIA \u00a0\u00a0 SALA DE CASACI\u00d3N PENAL \u00a0 \u00a0\u00a0\u00a0\u00a0\u00a0\u00a0\u00a0\u00a0\u00a0\u00a0\u00a0\u00a0\u00a0\u00a0\u00a0\u00a0\u00a0\u00a0\u00a0\u00a0\u00a0\u00a0\u00a0\u00a0\u00a0\u00a0\u00a0\u00a0\u00a0\u00a0\u00a0\u00a0\u00a0\u00a0\u00a0\u00a0\u00a0\u00a0\u00a0\u00a0\u00a0\u00a0\u00a0\u00a0\u00a0\u00a0\u00a0\u00a0\u00a0\u00a0\u00a0\u00a0 \u00a0\u00a0 \u00a0\u00a0\u00a0\u00a0\u00a0\u00a0\u00a0\u00a0\u00a0\u00a0\u00a0\u00a0\u00a0\u00a0\u00a0\u00a0\u00a0\u00a0\u00a0\u00a0\u00a0\u00a0\u00a0\u00a0\u00a0\u00a0\u00a0\u00a0\u00a0\u00a0\u00a0\u00a0\u00a0\u00a0\u00a0\u00a0\u00a0\u00a0\u00a0\u00a0\u00a0\u00a0\u00a0\u00a0\u00a0\u00a0 \u00a0\u00a0 \u00a0\u00a0\u00a0\u00a0\u00a0\u00a0\u00a0\u00a0\u00a0\u00a0\u00a0\u00a0\u00a0\u00a0\u00a0\u00a0\u00a0\u00a0\u00a0\u00a0\u00a0\u00a0\u00a0\u00a0\u00a0\u00a0\u00a0\u00a0\u00a0\u00a0\u00a0\u00a0\u00a0\u00a0\u00a0\u00a0\u00a0\u00a0\u00a0\u00a0\u00a0\u00a0\u00a0\u00a0\u00a0\u00a0\u00a0\u00a0\u00a0\u00a0\u00a0\u00a0\u00a0\u00a0\u00a0\u00a0\u00a0\u00a0\u00a0\u00a0\u00a0\u00a0\u00a0\u00a0\u00a0\u00a0\u00a0\u00a0\u00a0\u00a0\u00a0\u00a0\u00a0\u00a0\u00a0\u00a0\u00a0\u00a0\u00a0\u00a0\u00a0\u00a0\u00a0\u00a0\u00a0\u00a0\u00a0\u00a0\u00a0\u00a0\u00a0\u00a0\u00a0\u00a0\u00a0\u00a0\u00a0\u00a0\u00a0\u00a0\u00a0\u00a0\u00a0\u00a0\u00a0\u00a0\u00a0\u00a0\u00a0\u00a0\u00a0\u00a0\u00a0\u00a0\u00a0\u00a0\u00a0\u00a0\u00a0\u00a0\u00a0\u00a0\u00a0\u00a0\u00a0\u00a0\u00a0\u00a0\u00a0\u00a0\u00a0\u00a0\u00a0\u00a0\u00a0\u00a0\u00a0\u00a0\u00a0\u00a0\u00a0\u00a0\u00a0\u00a0\u00a0\u00a0\u00a0\u00a0\u00a0\u00a0\u00a0\u00a0\u00a0\u00a0\u00a0\u00a0\u00a0\u00a0\u00a0\u00a0\u00a0\u00a0\u00a0\u00a0\u00a0\u00a0\u00a0\u00a0\u00a0\u00a0\u00a0\u00a0\u00a0\u00a0\u00a0\u00a0\u00a0\u00a0\u00a0\u00a0\u00a0\u00a0\u00a0\u00a0\u00a0\u00a0\u00a0\u00a0\u00a0\u00a0\u00a0\u00a0\u00a0\u00a0\u00a0\u00a0\u00a0\u00a0\u00a0\u00a0\u00a0\u00a0\u00a0\u00a0\u00a0\u00a0\u00a0\u00a0\u00a0\u00a0\u00a0\u00a0\u00a0\u00a0\u00a0\u00a0\u00a0\u00a0\u00a0\u00a0\u00a0\u00a0\u00a0\u00a0\u00a0\u00a0\u00a0\u00a0\u00a0\u00a0\u00a0\u00a0\u00a0\u00a0\u00a0\u00a0\u00a0\u00a0\u00a0\u00a0\u00a0\u00a0\u00a0\u00a0\u00a0\u00a0\u00a0\u00a0\u00a0\u00a0\u00a0\u00a0\u00a0\u00a0\u00a0\u00a0\u00a0\u00a0\u00a0\u00a0\u00a0\u00a0\u00a0\u00a0\u00a0\u00a0\u00a0\u00a0\u00a0\u00a0\u00a0\u00a0\u00a0\u00a0\u00a0\u00a0\u00a0\u00a0\u00a0\u00a0\u00a0\u00a0\u00a0\u00a0\u00a0\u00a0\u00a0\u00a0\u00a0\u00a0\u00a0\u00a0\u00a0\u00a0\u00a0\u00a0\u00a0\u00a0\u00a0\u00a0\u00a0\u00a0\u00a0\u00a0\u00a0\u00a0\u00a0\u00a0\u00a0\u00a0\u00a0\u00a0\u00a0\u00a0\u00a0\u00a0\u00a0\u00a0\u00a0\u00a0\u00a0\u00a0\u00a0\u00a0\u00a0\u00a0\u00a0\u00a0\u00a0\u00a0\u00a0\u00a0\u00a0\u00a0\u00a0\u00a0\u00a0\u00a0\u00a0\u00a0\u00a0\u00a0\u00a0\u00a0\u00a0\u00a0\u00a0\u00a0\u00a0\u00a0\u00a0\u00a0\u00a0\u00a0\u00a0\u00a0\u00a0\u00a0\u00a0\u00a0\u00a0\u00a0\u00a0\u00a0\u00a0\u00a0\u00a0\u00a0\u00a0\u00a0\u00a0\u00a0\u00a0\u00a0\u00a0\u00a0\u00a0\u00a0\u00a0\u00a0\u00a0\u00a0\u00a0\u00a0\u00a0\u00a0\u00a0\u00a0\u00a0\u00a0\u00a0\u00a0\u00a0\u00a0\u00a0\u00a0\u00a0\u00a0\u00a0\u00a0\u00a0\u00a0\u00a0\u00a0\u00a0\u00a0\u00a0\u00a0\u00a0\u00a0\u00a0\u00a0\u00a0\u00a0\u00a0\u00a0\u00a0\u00a0\u00a0\u00a0\u00a0\u00a0\u00a0\u00a0\u00a0\u00a0\u00a0\u00a0\u00a0\u00a0\u00a0\u00a0\u00a0\u00a0\u00a0\u00a0\u00a0\u00a0\u00a0\u00a0\u00a0\u00a0\u00a0\u00a0\u00a0\u00a0\u00a0\u00a0\u00a0\u00a0\u00a0\u00a0\u00a0\u00a0\u00a0\u00a0\u00a0\u00a0\u00a0\u00a0\u00a0\u00a0\u00a0\u00a0\u00a0\u00a0\u00a0\u00a0\u00a0\u00a0\u00a0\u00a0\u00a0\u00a0\u00a0\u00a0\u00a0\u00a0\u00a0\u00a0\u00a0\u00a0\u00a0\u00a0\u00a0\u00a0\u00a0\u00a0\u00a0\u00a0\u00a0\u00a0\u00a0\u00a0\u00a0\u00a0\u00a0\u00a0\u00a0\u00a0\u00a0\u00a0\u00a0\u00a0\u00a0\u00a0\u00a0\u00a0\u00a0\u00a0\u00a0\u00a0\u00a0\u00a0\u00a0\u00a0\u00a0\u00a0\u00a0\u00a0\u00a0\u00a0\u00a0\u00a0\u00a0\u00a0\u00a0\u00a0\u00a0\u00a0\u00a0\u00a0\u00a0\u00a0\u00a0\u00a0\u00a0\u00a0\u00a0\u00a0\u00a0\u00a0\u00a0\u00a0\u00a0\u00a0\u00a0\u00a0\u00a0\u00a0\u00a0\u00a0\u00a0\u00a0\u00a0\u00a0\u00a0\u00a0\u00a0\u00a0\u00a0\u00a0\u00a0\u00a0\u00a0\u00a0\u00a0\u00a0\u00a0\u00a0\u00a0\u00a0\u00a0\u00a0\u00a0\u00a0\u00a0\u00a0\u00a0\u00a0\u00a0\u00a0\u00a0\u00a0\u00a0\u00a0\u00a0\u00a0\u00a0\u00a0\u00a0\u00a0\u00a0\u00a0\u00a0\u00a0\u00a0\u00a0\u00a0\u00a0\u00a0\u00a0\u00a0\u00a0\u00a0\u00a0\u00a0\u00a0\u00a0\u00a0\u00a0\u00a0\u00a0\u00a0\u00a0\u00a0\u00a0\u00a0\u00a0\u00a0\u00a0\u00a0\u00a0\u00a0\u00a0\u00a0\u00a0\u00a0\u00a0\u00a0\u00a0\u00a0\u00a0\u00a0\u00a0\u00a0\u00a0\u00a0\u00a0\u00a0\u00a0\u00a0\u00a0\u00a0\u00a0\u00a0\u00a0\u00a0\u00a0\u00a0\u00a0\u00a0\u00a0\u00a0\u00a0\u00a0\u00a0\u00a0\u00a0\u00a0\u00a0\u00a0\u00a0\u00a0\u00a0\u00a0\u00a0\u00a0\u00a0\u00a0\u00a0\u00a0\u00a0\u00a0\u00a0\u00a0\u00a0\u00a0\u00a0\u00a0\u00a0\u00a0\u00a0\u00a0\u00a0\u00a0\u00a0\u00a0\u00a0\u00a0\u00a0\u00a0\u00a0\u00a0\u00a0\u00a0\u00a0\u00a0\u00a0\u00a0\u00a0\u00a0\u00a0\u00a0\u00a0\u00a0\u00a0\u00a0\u00a0\u00a0\u00a0\u00a0\u00a0\u00a0\u00a0\u00a0\u00a0\u00a0\u00a0\u00a0\u00a0\u00a0\u00a0\u00a0\u00a0\u00a0\u00a0\u00a0\u00a0\u00a0\u00a0\u00a0\u00a0\u00a0\u00a0\u00a0\u00a0\u00a0\u00a0\u00a0\u00a0\u00a0\u00a0\u00a0\u00a0\u00a0\u00a0\u00a0\u00a0\u00a0\u00a0\u00a0\u00a0\u00a0\u00a0\u00a0\u00a0\u00a0\u00a0\u00a0\u00a0\u00a0\u00a0\u00a0\u00a0\u00a0\u00a0\u00a0\u00a0\u00a0\u00a0\u00a0\u00a0\u00a0\u00a0\u00a0\u00a0\u00a0\u00a0\u00a0\u00a0\u00a0\u00a0\u00a0\u00a0\u00a0\u00a0\u00a0\u00a0\u00a0\u00a0\u00a0\u00a0\u00a0\u00a0\u00a0\u00a0\u00a0\u00a0\u00a0\u00a0\u00a0\u00a0\u00a0\u00a0\u00a0\u00a0\u00a0\u00a0\u00a0\u00a0\u00a0\u00a0\u00a0\u00a0\u00a0\u00a0\u00a0\u00a0\u00a0\u00a0\u00a0\u00a0\u00a0\u00a0\u00a0\u00a0\u00a0\u00a0\u00a0\u00a0\u00a0\u00a0\u00a0\u00a0\u00a0\u00a0\u00a0\u00a0\u00a0\u00a0\u00a0\u00a0\u00a0\u00a0\u00a0\u00a0\u00a0\u00a0\u00a0\u00a0\u00a0\u00a0\u00a0\u00a0\u00a0\u00a0\u00a0\u00a0\u00a0\u00a0\u00a0\u00a0\u00a0\u00a0\u00a0\u00a0\u00a0\u00a0\u00a0\u00a0\u00a0\u00a0\u00a0\u00a0\u00a0\u00a0\u00a0\u00a0\u00a0\u00a0\u00a0\u00a0\u00a0\u00a0\u00a0\u00a0\u00a0\u00a0\u00a0\u00a0\u00a0\u00a0\u00a0\u00a0\u00a0\u00a0\u00a0\u00a0\u00a0\u00a0\u00a0\u00a0\u00a0\u00a0\u00a0\u00a0\u00a0\u00a0\u00a0\u00a0\u00a0\u00a0\u00a0\u00a0\u00a0\u00a0\u00a0\u00a0\u00a0\u00a0\u00a0\u00a0\u00a0\u00a0\u00a0\u00a0\u00a0\u00a0\u00a0\u00a0\u00a0\u00a0\u00a0\u00a0\u00a0\u00a0\u00a0\u00a0\u00a0\u00a0\u00a0\u00a0\u00a0\u00a0\u00a0\u00a0\u00a0\u00a0\u00a0\u00a0\u00a0\u00a0\u00a0\u00a0\u00a0\u00a0\u00a0\u00a0\u00a0\u00a0\u00a0\u00a0\u00a0\u00a0\u00a0\u00a0\u00a0\u00a0\u00a0\u00a0\u00a0\u00a0\u00a0\u00a0\u00a0\u00a0\u00a0\u00a0\u00a0\u00a0\u00a0\u00a0\u00a0\u00a0\u00a0\u00a0\u00a0\u00a0\u00a0\u00a0\u00a0\u00a0\u00a0\u00a0\u00a0\u00a0\u00a0\u00a0\u00a0\u00a0\u00a0\u00a0\u00a0\u00a0\u00a0\u00a0\u00a0\u00a0\u00a0\u00a0\u00a0\u00a0\u00a0\u00a0\u00a0\u00a0\u00a0\u00a0\u00a0\u00a0\u00a0\u00a0\u00a0\u00a0\u00a0\u00a0\u00a0\u00a0\u00a0\u00a0\u00a0\u00a0\u00a0\u00a0\u00a0\u00a0\u00a0\u00a0\u00a0\u00a0\u00a0\u00a0\u00a0\u00a0\u00a0\u00a0\u00a0\u00a0\u00a0\u00a0\u00a0\u00a0\u00a0\u00a0\u00a0\u00a0\u00a0\u00a0\u00a0\u00a0\u00a0\u00a0\u00a0\u00a0\u00a0\u00a0\u00a0\u00a0\u00a0\u00a0\u00a0\u00a0\u00a0\u00a0\u00a0\u00a0\u00a0\u00a0\u00a0\u00a0\u00a0\u00a0\u00a0\u00a0\u00a0\u00a0\u00a0\u00a0\u00a0\u00a0\u00a0\u00a0\u00a0\u00a0\u00a0\u00a0\u00a0\u00a0\u00a0\u00a0\u00a0\u00a0\u00a0\u00a0\u00a0\u00a0\u00a0\u00a0\u00a0\u00a0\u00a0\u00a0\u00a0\u00a0\u00a0\u00a0\u00a0\u00a0\u00a0\u00a0\u00a0\u00a0\u00a0\u00a0\u00a0\u00a0\u00a0\u00a0\u00a0\u00a0\u00a0\u00a0\u00a0\u00a0\u00a0\u00a0\u00a0\u00a0\u00a0\u00a0\u00a0\u00a0\u00a0\u00a0\u00a0\u00a0\u00a0\u00a0\u00a0\u00a0\u00a0\u00a0\u00a0\u00a0\u00a0\u00a0\u00a0\u00a0\u00a0\u00a0\u00a0\u00a0\u00a0\u00a0\u00a0\u00a0\u00a0\u00a0\u00a0\u00a0\u00a0\u00a0\u00a0\u00a0\u00a0\u00a0\u00a0\u00a0\u00a0\u00a0\u00a0\u00a0\u00a0\u00a0\u00a0 \u00a0 \u00a0\u00a0 \u00a0 \u00a0 \u00a0 \u00a0\u00a0 \u00a0\u00a0 \u00a0\u00a0 \u00a0\u00a0 \u00a0\u00a0 \u00a0\u00a0 \u00a0\u00a0 \u00a0\u00a0Magistrado Ponente \u00a0\u00a0 \u00a0 \u00a0\u00a0 \u00a0\u00a0 \u00a0\u00a0 \u00a0\u00a0 \u00a0 \u00a0 \u00a0 \u00a0 \u00a0 \u00a0\u00a0 \u00a0JULIO ENRIQUE SOCHA SALAMANCA \u00a0\u00a0 \u00a0 \u00a0\u00a0 \u00a0\u00a0 [&hellip;]<\/p>\n","protected":false},"author":1,"featured_media":0,"comment_status":"open","ping_status":"open","sticky":false,"template":"","format":"standard","meta":{"footnotes":""},"categories":[19],"tags":[],"class_list":["post-22290","post","type-post","status-publish","format-standard","hentry","category-19"],"_links":{"self":[{"href":"https:\/\/dmsjuridica.com\/buscador_20179478954\/salapenalcronologico20230723\/wp-json\/wp\/v2\/posts\/22290","targetHints":{"allow":["GET"]}}],"collection":[{"href":"https:\/\/dmsjuridica.com\/buscador_20179478954\/salapenalcronologico20230723\/wp-json\/wp\/v2\/posts"}],"about":[{"href":"https:\/\/dmsjuridica.com\/buscador_20179478954\/salapenalcronologico20230723\/wp-json\/wp\/v2\/types\/post"}],"author":[{"embeddable":true,"href":"https:\/\/dmsjuridica.com\/buscador_20179478954\/salapenalcronologico20230723\/wp-json\/wp\/v2\/users\/1"}],"replies":[{"embeddable":true,"href":"https:\/\/dmsjuridica.com\/buscador_20179478954\/salapenalcronologico20230723\/wp-json\/wp\/v2\/comments?post=22290"}],"version-history":[{"count":0,"href":"https:\/\/dmsjuridica.com\/buscador_20179478954\/salapenalcronologico20230723\/wp-json\/wp\/v2\/posts\/22290\/revisions"}],"wp:attachment":[{"href":"https:\/\/dmsjuridica.com\/buscador_20179478954\/salapenalcronologico20230723\/wp-json\/wp\/v2\/media?parent=22290"}],"wp:term":[{"taxonomy":"category","embeddable":true,"href":"https:\/\/dmsjuridica.com\/buscador_20179478954\/salapenalcronologico20230723\/wp-json\/wp\/v2\/categories?post=22290"},{"taxonomy":"post_tag","embeddable":true,"href":"https:\/\/dmsjuridica.com\/buscador_20179478954\/salapenalcronologico20230723\/wp-json\/wp\/v2\/tags?post=22290"}],"curies":[{"name":"wp","href":"https:\/\/api.w.org\/{rel}","templated":true}]}}