{"id":22183,"date":"2023-09-12T16:33:43","date_gmt":"2023-09-12T16:33:43","guid":{"rendered":"https:\/\/dmsjuridica.com\/buscador_20179478954\/salapenalcronologico20230723\/2023\/09\/12\/3547423-03-11\/"},"modified":"2023-09-12T16:33:43","modified_gmt":"2023-09-12T16:33:43","slug":"3547423-03-11","status":"publish","type":"post","link":"https:\/\/dmsjuridica.com\/buscador_20179478954\/salapenalcronologico20230723\/2023\/09\/12\/3547423-03-11\/","title":{"rendered":"35474(23-03-11)"},"content":{"rendered":"\n<p>\u00a0 \u00a0 Proceso n.\u00ba 35474 \u00a0<\/p>\n<p>CORTE SUPREMA DE JUSTICIA \u00a0<\/p>\n<p>SALA DE CASACION PENAL \u00a0<\/p>\n<p>Aprobado \u00a0 acta \u00a0No. \u00a0101\u00a0\u00a0\u00a0 \u00a0 \u00a0\u00a0 \u00a0 \u00a0 \u00a0 \u00a0\u00a0 \u00a0\u00a0 \u00a0\u00a0 \u00a0\u00a0 \u00a0\u00a0 \u00a0\u00a0 \u00a0\u00a0 \u00a0\u00a0 \u00a0 \u00a0 \u00a0 \u00a0 \u00a0 \u00a0 \u00a0\u00a0Magistrado Ponente: \u00a0\u00a0<\/p>\n<p>Dr. JOSE LEONIDAS BUSTOS MARTINEZ \u00a0<\/p>\n<p>Bogot\u00e1 D. C., veintitr\u00e9s de marzo de dos mil \u00a0once. \u00a0\u00a0<\/p>\n<p>Corresponde \u00a0a \u00a0la \u00a0Corte conceptuar sobre la \u00a0extradici\u00f3n \u00a0 \u00a0del \u00a0 \u00a0ciudadano \u00a0 de \u00a0 nacionalidad \u00a0 colombiana \u00a0 Omar \u00a0Albeiro \u00a0Orozco \u00a0Osorio, \u00a0solicitada por el Gobierno de los Estados \u00a0Unidos de Am\u00e9rica. \u00a0\u00a0<\/p>\n<p>Antecedentes \u00a0<\/p>\n<p>1. Mediante Nota Verbal 0390 de 3 de marzo de \u00a02010, \u00a0el \u00a0Gobierno \u00a0de los Estados Unidos de Am\u00e9rica, a trav\u00e9s de su embajada \u00a0en \u00a0Colombia, \u00a0solicit\u00f3 la detenci\u00f3n provisional con fines de extradici\u00f3n del \u00a0ciudadano\u00a0 \u00a0 colombiano \u00a0 Omar \u00a0 Albeiro \u00a0Orozco \u00a0Osorio, \u00a0 \u00a0para \u00a0ser \u00a0juzgado \u00a0por \u00a0delitos federales de narc\u00f3ticos. El Fiscal \u00a0General \u00a0de \u00a0la \u00a0Naci\u00f3n \u00a0libr\u00f3 \u00a0orden de captura en su contra, la cual se hizo \u00a0efectiva \u00a0 el \u00a0 27 \u00a0 septiembre \u00a0de \u00a02010\u00a0 \u00a0por \u00a0agentes \u00a0del \u00a0Departamento \u00a0Administrativo de Seguridad (DAS). \u00a0\u00a0<\/p>\n<p>2. Con Nota Verbal No. 2743 de 22 de noviembre \u00a0de \u00a02010, \u00a0el \u00a0Gobierno de los Estados Unidos de Am\u00e9rica formaliz\u00f3 la referida \u00a0solicitud \u00a0 de \u00a0 extradici\u00f3n \u00a0y \u00a0adjunt\u00f3 \u00a0para \u00a0fundamentarla \u00a0los \u00a0siguientes \u00a0documentos, debidamente traducidos al idioma espa\u00f1ol:\u00a0 \u00a0\u00a0<\/p>\n<p>&#8211; \u00a0 \u00a0Acusaci\u00f3n \u00a0 formal \u00a0 de \u00a0 reemplazo \u00a0No.09-20768-CR- \u00a0JAL(s), \u00a0dictada \u00a0el \u00a025 \u00a0de \u00a0septiembre \u00a0de \u00a02009 \u00a0en la Corte \u00a0Distrital \u00a0de \u00a0los \u00a0Estados \u00a0Unidos para el Distrito Sur de Florida, mediante la \u00a0cual \u00a0se \u00a0le \u00a0imputan \u00a0a \u00a0Omar \u00a0Albeiro \u00a0Orozco Osorio \u00a0tres \u00a0cargos \u00a0por \u00a0los \u00a0delitos \u00a0de \u00a0(i) \u00a0concierto \u00a0para \u00a0importar,\u00a0 \u00a0(ii) \u00a0concierto para distribuir y \u00a0poseer \u00a0con \u00a0la intenci\u00f3n de distribuir, y (iii)\u00a0 \u00a0posesi\u00f3n \u00a0 \u00a0 \u00a0con \u00a0 \u00a0 \u00a0la \u00a0 \u00a0 \u00a0intenci\u00f3n \u00a0 \u00a0 de \u00a0distribuir, \u00a0 cinco \u00a0 (5) \u00a0kilogramos o m\u00e1s de coca\u00edna.\u00a0 \u00a0\u00a0<\/p>\n<p>&#8211; \u00a0Declaraciones \u00a0de \u00a0apoyo \u00a0a \u00a0la solicitud, \u00a0rendidas \u00a0bajo \u00a0juramento \u00a0por \u00a0BRIAN N. DOBBINS, fiscal auxiliar de los Estados \u00a0Unidos \u00a0en el Distrito Sur de Florida, y LUIS ROSA, agente especial del Servicio \u00a0Federal de Investigaciones (FBI).\u00a0\u00a0\u00a0\u00a0 \u00a0\u00a0<\/p>\n<p>&#8211; \u00a0Listado \u00a0y \u00a0reproducci\u00f3n \u00a0de \u00a0las \u00a0normas \u00a0aplicables al caso, y \u00a0\u00a0<\/p>\n<p>&#8211; Orden de arresto impartida contra la persona \u00a0solicitada por las autoridades judiciales de los Estados Unidos. \u00a0\u00a0<\/p>\n<p>3. \u00a0El 23 de noviembre de 2010, el Ministerio \u00a0de \u00a0Relaciones \u00a0Exteriores \u00a0de Colombia remiti\u00f3 el expediente al Ministerio del \u00a0Interior \u00a0y \u00a0de \u00a0Justicia, \u00a0informando que por no existir convenio aplicable con \u00a0los \u00a0Estados \u00a0Unidos \u00a0de \u00a0Am\u00e9rica \u00a0se \u00a0impon\u00eda \u00a0obrar \u00a0de \u00a0conformidad \u00a0con el \u00a0ordenamiento \u00a0procesal penal colombiano. Y el 26 de noviembre, el Ministerio del \u00a0Interior \u00a0y \u00a0de \u00a0Justicia \u00a0envi\u00f3 \u00a0la \u00a0actuaci\u00f3n \u00a0a \u00a0la Corte, donde agotado el \u00a0procedimiento \u00a0 establecido \u00a0 en \u00a0 la \u00a0 Ley \u00a0906 \u00a0de \u00a02004, \u00a0corresponde \u00a0emitir \u00a0concepto.\u00a0 \u00a0\u00a0<\/p>\n<p>Alegaciones \u00a0 \u00a0 de \u00a0 \u00a0 los \u00a0 \u00a0 sujetos \u00a0intervinientes \u00a0\u00a0<\/p>\n<p>1. \u00a0El \u00a0Procurador \u00a0Segundo \u00a0Delegado para la \u00a0Casaci\u00f3n \u00a0Penal \u00a0considera \u00a0que \u00a0los \u00a0requisitos \u00a0establecidos para conceder la \u00a0extradici\u00f3n, \u00a0relacionados \u00a0con \u00a0la \u00a0validez formal de los documentos que deben \u00a0acompa\u00f1ar \u00a0la \u00a0solicitud, \u00a0la demostraci\u00f3n plena de la identidad de la persona \u00a0solicitada, \u00a0el \u00a0principio \u00a0de \u00a0la \u00a0doble incriminaci\u00f3n y la equivalencia de la \u00a0providencia \u00a0proferida \u00a0en \u00a0el pa\u00eds requirente con la resoluci\u00f3n de acusaci\u00f3n \u00a0del \u00a0sistema \u00a0penal \u00a0colombiano, \u00a0se \u00a0cumplen a cabalidad en el caso en estudio. \u00a0\u00a0<\/p>\n<p>Por tanto, solicita a la Corte emitir concepto \u00a0favorable, \u00a0 exhortando \u00a0 al \u00a0Gobierno \u00a0nacional \u00a0para \u00a0que \u00a0advierta \u00a0al \u00a0pa\u00eds \u00a0requirente \u00a0que \u00a0el juzgamiento debe circunscribirse a los hechos que motivan la \u00a0solicitud \u00a0 de \u00a0extradici\u00f3n, \u00a0y \u00a0que \u00a0la \u00a0persona \u00a0requerida, \u00a0conforme \u00a0a \u00a0los \u00a0instrumentos \u00a0internacionales \u00a0y lo establecido en los art\u00edculos 11, 12 y 34 de \u00a0la \u00a0 Constituci\u00f3n \u00a0 Nacional, \u00a0 no \u00a0 puede \u00a0ser \u00a0sometida \u00a0a \u00a0pena \u00a0de \u00a0muerte, \u00a0desaparici\u00f3n \u00a0 forzada, \u00a0 torturas, \u00a0 tratos \u00a0 o \u00a0penas \u00a0crueles, \u00a0inhumanos \u00a0o \u00a0degradantes, \u00a0ni \u00a0a penas de destierro, prisi\u00f3n perpetua o confiscaci\u00f3n.\u00a0 \u00a0\u00a0<\/p>\n<p>2. La defensa de Omar \u00a0Albeiro \u00a0Orozco \u00a0Osorio \u00a0renunci\u00f3 a los t\u00e9rminos para \u00a0pedir \u00a0pruebas \u00a0y \u00a0presentar alegatos de conclusi\u00f3n, raz\u00f3n por la cual guard\u00f3 \u00a0silencio. \u00a0\u00a0<\/p>\n<p>SE CONSIDERA \u00a0<\/p>\n<p>La Ley 906 de 2004, estatuto llamado a regular \u00a0el \u00a0caso \u00a0en \u00a0virtud \u00a0de \u00a0la fecha en que ocurrieron los hechos y la ausencia de \u00a0convenio \u00a0aplicable \u00a0con \u00a0los \u00a0Estados \u00a0Unidos \u00a0de \u00a0Am\u00e9rica, \u00a0establece \u00a0que el \u00a0concepto \u00a0que \u00a0corresponde \u00a0emitir \u00a0a \u00a0la Corte debe fundarse en, (i) la validez \u00a0formal \u00a0de \u00a0la \u00a0documentaci\u00f3n \u00a0presentada, \u00a0(ii) \u00a0la \u00a0demostraci\u00f3n plena de la \u00a0identidad \u00a0del \u00a0solicitado, \u00a0(iii) el principio de la doble incriminaci\u00f3n, (iv) \u00a0la \u00a0equivalencia \u00a0de \u00a0la \u00a0providencia \u00a0proferida \u00a0en \u00a0el \u00a0extranjero, \u00a0y \u00a0(v) el \u00a0cumplimiento \u00a0 de \u00a0 lo \u00a0 previsto \u00a0 en \u00a0 los \u00a0tratados \u00a0p\u00fablicos \u00a0cuando \u00a0fuere \u00a0necesario.1 \u00a0\u00a0<\/p>\n<p>Por \u00a0separado \u00a0ser\u00e1n \u00a0estudiadas cada una de \u00a0estas \u00a0espec\u00edficas \u00a0condiciones, \u00a0con \u00a0el \u00a0fin de establecer si concurren en el \u00a0caso \u00a0 analizado, \u00a0 y \u00a0 seguidamente \u00a0las \u00a0que \u00a0consagra \u00a0en \u00a0forma \u00a0expresa \u00a0la \u00a0Constituci\u00f3n \u00a0Nacional, \u00a0relacionadas \u00a0con \u00a0las \u00a0causas \u00a0de improcedencia de la \u00a0extradici\u00f3n \u00a0por \u00a0raz\u00f3n \u00a0de la fecha en que ocurrieron los hechos, el lugar de \u00a0comisi\u00f3n \u00a0de \u00a0los delitos, su naturaleza com\u00fan o pol\u00edtica, y la existencia de \u00a0cosa juzgada. \u00a0\u00a0<\/p>\n<p>1) \u00a0Validez formal de los documentos aportados \u00a0\u00a0<\/p>\n<p>La \u00a0 normatividad \u00a0procesal \u00a0exige \u00a0que \u00a0la \u00a0solicitud \u00a0 de \u00a0 extradici\u00f3n \u00a0se \u00a0haga \u00a0por \u00a0v\u00eda \u00a0diplom\u00e1tica, \u00a0o \u00a0de \u00a0manera \u00a0excepcional \u00a0por \u00a0la \u00a0consular \u00a0o \u00a0de \u00a0gobierno \u00a0a \u00a0gobierno, acompa\u00f1ada de los \u00a0siguientes \u00a0 documentos \u00a0 e \u00a0 informaci\u00f3n, \u00a0 en \u00a0la \u00a0forma \u00a0establecida \u00a0en \u00a0la \u00a0legislaci\u00f3n \u00a0del Estado requirente: (i) copia o transcripci\u00f3n aut\u00e9ntica de la \u00a0acusaci\u00f3n \u00a0o \u00a0del \u00a0fallo dictado en el pa\u00eds extranjero, o su equivalente; (ii) \u00a0indicaci\u00f3n \u00a0de \u00a0los \u00a0actos \u00a0que \u00a0determinan \u00a0la \u00a0solicitud \u00a0de \u00a0extradici\u00f3n \u00a0y \u00a0se\u00f1alamiento \u00a0del \u00a0lugar \u00a0y la fecha en que fueron ejecutados; (iii) inclusi\u00f3n \u00a0de \u00a0los \u00a0datos \u00a0que \u00a0sirven \u00a0para \u00a0establecer \u00a0la \u00a0identidad plena de la persona \u00a0reclamada; \u00a0y \u00a0(iv) \u00a0la \u00a0reproducci\u00f3n \u00a0certificada de las disposiciones penales \u00a0aplicables.2\u00a0 \u00a0\u00a0<\/p>\n<p>El art\u00edculo 259 del C\u00f3digo de Procedimiento \u00a0Civil, \u00a0modificado \u00a0por el 1\u00b0, numeral 118 del Decreto 2282 de 1989, dispone, a \u00a0su \u00a0vez, \u00a0que \u00a0los \u00a0documentos \u00a0p\u00fablicos \u00a0otorgados en pa\u00eds extranjero por sus \u00a0funcionarios, \u00a0 o \u00a0 con \u00a0 su \u00a0intervenci\u00f3n, \u00a0deber\u00e1n \u00a0presentarse \u00a0debidamente \u00a0autenticados \u00a0por \u00a0el \u00a0c\u00f3nsul \u00a0o \u00a0agente diplom\u00e1tico de la Rep\u00fablica, o en su \u00a0defecto \u00a0por \u00a0el \u00a0de \u00a0una \u00a0naci\u00f3n amiga, y que su firma debe ser abonada por el \u00a0Ministerio \u00a0de \u00a0Relaciones \u00a0Exteriores \u00a0de \u00a0Colombia. \u00a0Y \u00a0si se trata de agentes \u00a0consulares \u00a0de \u00a0un \u00a0pa\u00eds amigo, se autenticar\u00e1n previamente por el funcionario \u00a0competente \u00a0del \u00a0mismo \u00a0y \u00a0los \u00a0de \u00a0\u00e9ste por el c\u00f3nsul colombiano.3\u00a0\u00a0\u00a0 \u00a0\u00a0<\/p>\n<p>Estas exigencias de car\u00e1cter formal se hallan \u00a0debidamente \u00a0reunidas \u00a0en \u00a0el \u00a0caso \u00a0analizado. La solicitud de extradici\u00f3n fue \u00a0tramitada \u00a0por \u00a0v\u00eda \u00a0diplom\u00e1tica \u00a0y \u00a0adjunta \u00a0a \u00a0la \u00a0misma \u00a0aparece \u00a0copia \u00a0de \u00a0acusaci\u00f3n \u00a0formal \u00a0de \u00a0reemplazo \u00a0No. \u00a009-20768-CR-JAL(s), \u00a0dictada \u00a0el \u00a025 \u00a0de \u00a0septiembre \u00a0de\u00a0 \u00a02009 \u00a0en \u00a0la Corte Distrital de los Estados Unidos para el \u00a0Distrito \u00a0Sur \u00a0de \u00a0Florida, en la que aparecen relacionadas las conductas que la \u00a0determinan y los marcos temporales y espaciales de su ejecuci\u00f3n. \u00a0\u00a0<\/p>\n<p>De \u00a0la documentaci\u00f3n aportada hacen tambi\u00e9n \u00a0parte, \u00a0 copia \u00a0 de \u00a0 la \u00a0 orden \u00a0 de \u00a0 arresto \u00a0 dictada \u00a0 contra \u00a0Omar \u00a0 Albierto \u00a0 (sic) \u00a0Orozco \u00a0Osorio \u00a0(alias \u00a0Tom\u00e1s), \u00a0 por \u00a0las \u00a0autoridades \u00a0judiciales \u00a0de \u00a0los \u00a0Estados \u00a0Unidos; \u00a0la \u00a0declaraci\u00f3n \u00a0jurada \u00a0de BRIAN N. COBBINS, fiscal auxiliar de los Estados Unidos \u00a0en \u00a0el Distrito Sur de Florida, quien explica el procedimiento del Gran Jurado y \u00a0hace \u00a0un \u00a0recuento \u00a0de los hechos y los cargos imputados a la persona solicitada \u00a0en \u00a0extradici\u00f3n; \u00a0y \u00a0el \u00a0testimonio \u00a0de LUIS ROSA, agente especial del Servicio \u00a0Especial \u00a0de \u00a0Investigaciones\u00a0 \u00a0(FBI), \u00a0quien se refiere a los hechos y las \u00a0pruebas del caso. \u00a0\u00a0<\/p>\n<p>Estos \u00a0 documentos \u00a0 fueron \u00a0 aportados \u00a0en \u00a0traducci\u00f3n \u00a0 al \u00a0 espa\u00f1ol \u00a0y \u00a0se \u00a0hallan\u00a0 \u00a0debidamente \u00a0autenticados. \u00a0La \u00a0acusaci\u00f3n \u00a0aparece \u00a0certificada \u00a0por \u00a0el \u00a0secretario \u00a0adjunto \u00a0de \u00a0la Corte del \u00a0Distrito \u00a0Sur \u00a0de \u00a0Florida. Las declaraciones del fiscal BRIAN N. DOBBINS, y del \u00a0agente \u00a0especial LUIS ROSA se hallan refrendadas por MAGDALENA BOYNTON, Jefe del \u00a0Equipo \u00a0de Sudam\u00e9rica de la Oficina de Asuntos Internacionales, Divisi\u00f3n de lo \u00a0Penal \u00a0del Departamento de Justicia de los Estados Unidos de Norteam\u00e9rica, cuya \u00a0firma \u00a0 \u00a0 fue \u00a0 \u00a0 certificada \u00a0 \u00a0por \u00a0 \u00a0ERIC \u00a0H. \u00a0HOLDER, \u00a0Procurador \u00a0de \u00a0los Estados Unidos, quien orden\u00f3 \u00a0estampar \u00a0el \u00a0sello del Departamento de Justicia y solicit\u00f3 al Director Adjunto \u00a0de la Oficina de Asuntos Internacionales dar fe de su firma. \u00a0\u00a0<\/p>\n<p>De \u00a0la imposici\u00f3n del sello del Departamento \u00a0de \u00a0Justicia \u00a0de \u00a0los Estados Unidos en el referido documento certifica a su vez \u00a0la \u00a0Secretaria de Estado HILLARY RODHAM CLINTON, quien en prueba de ello orden\u00f3 \u00a0imponer \u00a0el \u00a0sello \u00a0del \u00a0Departamento de Estado y solicit\u00f3 al\u00a0 Funcionario \u00a0Auxiliar \u00a0 de \u00a0 Autenticaciones \u00a0de \u00a0dicho \u00a0Departamento \u00a0PATRICK \u00a0O. \u00a0HATCHETT, \u00a0suscribir \u00a0su \u00a0nombre. \u00a0Finalmente, el Consulado de Colombia en Washington da fe \u00a0de la autenticidad de la firma de PATRICK O. HATCHETT. \u00a0\u00a0<\/p>\n<p>En \u00a0las anotadas condiciones, se concluye que \u00a0los \u00a0requerimientos\u00a0 \u00a0formales \u00a0de \u00a0legalizaci\u00f3n \u00a0de la documentaci\u00f3n que \u00a0sirve \u00a0de \u00a0sustento \u00a0a la solicitud de extradici\u00f3n, exigidos por las normas del \u00a0Estado \u00a0requirente y\u00a0 el Estado colombiano, se cumplieron a cabalidad en el \u00a0presente \u00a0caso, \u00a0y \u00a0que desde esta perspectiva los documentos aportados con este \u00a0fin \u00a0se \u00a0tornan \u00a0aptos para ser considerados por la Corte en el estudio que debe \u00a0preceder el concepto.\u00a0 \u00a0\u00a0<\/p>\n<p>2) \u00a0 Identidad \u00a0 plena \u00a0 de \u00a0 la \u00a0 persona \u00a0reclamada. \u00a0\u00a0<\/p>\n<p>El Gobierno de los Estados Unidos de Am\u00e9rica \u00a0solicita \u00a0 la \u00a0 entrega \u00a0 de \u00a0 Omar \u00a0 Albeiro \u00a0Orozco \u00a0Osorio, \u00a0 \u00a0tambi\u00e9n \u00a0 conocido \u00a0 como \u00a0 Omar \u00a0 Albierto \u00a0 Orozco \u00a0Osorio, \u00a0y \u00a0como \u00a0Tom\u00e1s, \u00a0 de \u00a0nacionalidad \u00a0colombiana, \u00a0nacido el 11 de enero de 1969 en La Uni\u00f3n (Antioquia), portador de \u00a0la \u00a0 \u00a0 \u00a0 c\u00e9dula \u00a0 \u00a0 \u00a0de \u00a0 \u00a0 \u00a0ciudadan\u00eda \u00a0 \u00a0 \u00a0colombiana \u00a0 \u00a0 \u00a0No.15\u2019432.137, \u00a0seg\u00fan \u00a0se \u00a0establece \u00a0de la \u00a0informaci\u00f3n \u00a0que \u00a0aparece \u00a0consignada en la solicitud de detenci\u00f3n provisional \u00a0con \u00a0fines \u00a0de \u00a0extradici\u00f3n, \u00a0en \u00a0la \u00a0petici\u00f3n \u00a0formal de extradici\u00f3n y en el \u00a0testimonio \u00a0 de \u00a0 apoyo \u00a0 del \u00a0 agente \u00a0 especial \u00a0 del \u00a0 Servicio \u00a0 Federal \u00a0de \u00a0Investigaciones\u00a0 (FBI), entre otros documentos. \u00a0\u00a0<\/p>\n<p>Estos \u00a0 datos \u00a0 de \u00a0 filiaci\u00f3n \u00a0 guardan \u00a0correspondencia \u00a0con \u00a0los consignados en el informe de notificaci\u00f3n de la orden \u00a0de \u00a0captura \u00a0y \u00a0coinciden \u00a0con \u00a0los \u00a0suministrados \u00a0por la persona privada de la \u00a0libertad \u00a0al \u00a0ser \u00a0enterada de los derechos del capturado y de los motivos de su \u00a0aprehensi\u00f3n, \u00a0y \u00a0con \u00a0los \u00a0resultados \u00a0del \u00a0cotejo \u00a0decadactilar \u00a0realizado por \u00a0t\u00e9cnicos \u00a0del \u00a0Grupo \u00a0de \u00a0Identificaci\u00f3n \u00a0del \u00a0Departamento \u00a0Administrativo de \u00a0Seguridad \u00a0 (DAS).\u00a0 \u00a0Adem\u00e1s, \u00a0se \u00a0incorpor\u00f3 \u00a0una \u00a0fotograf\u00eda \u00a0suya \u00a0como \u00a0anexo. \u00a0\u00a0<\/p>\n<p>Toda esta informaci\u00f3n permite concluir que la \u00a0persona \u00a0detenida por las autoridades colombianas es la misma que el Gobierno de \u00a0los Estados Unidos pide en extradici\u00f3n. \u00a0\u00a0<\/p>\n<p>3) \u00a0 \u00a0 Principio \u00a0 \u00a0 de \u00a0 \u00a0 la \u00a0 \u00a0doble \u00a0incriminaci\u00f3n \u00a0\u00a0<\/p>\n<p>Este \u00a0postulado \u00a0impone \u00a0verificar \u00a0que \u00a0los \u00a0comportamientos \u00a0delictivos \u00a0imputados \u00a0a \u00a0la \u00a0persona \u00a0reclamada \u00a0en \u00a0el \u00a0pa\u00eds \u00a0solicitante \u00a0est\u00e9n previstos como delitos en Colombia, y que tengan adscrita en \u00a0nuestra \u00a0legislaci\u00f3n \u00a0una sanci\u00f3n privativa de la libertad cuyo m\u00ednimo no sea \u00a0inferior a cuatro (4) a\u00f1os.\u00a0\u00a0 \u00a0\u00a0<\/p>\n<p>Omar \u00a0Albeiro \u00a0Orozco \u00a0Osorio \u00a0es \u00a0solicitado en extradici\u00f3n por el Gobierno de los Estados Unidos \u00a0de \u00a0Am\u00e9rica \u00a0para \u00a0que \u00a0comparezca a responder en juicio por los delitos de (i) \u00a0concierto \u00a0para \u00a0importar, (ii) concierto para poseer \u00a0con \u00a0la \u00a0intenci\u00f3n \u00a0de \u00a0distribuir, \u00a0y \u00a0(iii) \u00a0posesi\u00f3n \u00a0con \u00a0la intenci\u00f3n de \u00a0distribuir, \u00a0cinco kilogramos o m\u00e1s de coca\u00edna. Estos \u00a0cargos \u00a0 se \u00a0 encuentran \u00a0relacionados \u00a0en la acusaci\u00f3n formal 09-20768-CR-JAL(s), de 25 de septiembre de \u00a02009, en los siguientes t\u00e9rminos: \u00a0\u00a0<\/p>\n<p>CARGO UNO \u00a0<\/p>\n<p>\u201cDesde \u00a0por \u00a0lo \u00a0menos \u00a02004, las fechas exactas las desconoce el Gran Jurado, hasta el 3 de mayo \u00a0de \u00a02006, \u00a0o \u00a0alrededor \u00a0de \u00a0esa \u00a0fecha \u00a0y \u00a0en \u00a0forma continua, en el Condado de \u00a0Miami-Dade, \u00a0en \u00a0el \u00a0Distrito \u00a0Sur \u00a0de \u00a0la \u00a0Florida \u00a0y \u00a0en \u00a0otros \u00a0lugares, \u00a0los \u00a0acusados, \u00a0\u00a0<\/p>\n<p>OMAR ALBIERTO OROZCO OSORIO \u00a0<\/p>\n<p>Alias \u00a0 \u00a0 \u00a0 \u00a0 \u00a0\u2018Tom\u00e1s\u2019 \u00a0\u00a0<\/p>\n<p>JOSE WILLIAM GOMEZ GONZALEZ \u00a0<\/p>\n<p>Alias \u00a0 \u00a0 \u00a0 \u00a0 \u00a0\u2018Javi\u2019 \u00a0\u00a0<\/p>\n<p>y \u00a0<\/p>\n<p>JOSE FERNANDO GUTIERREZ \u00a0<\/p>\n<p>alias \u00a0 \u00a0 \u00a0 \u00a0 \u00a0\u2018El \u00a0 \u00a0 \u00a0 \u00a0 \u00a0Mono\u2019 \u00a0\u00a0<\/p>\n<p>\u201ca \u00a0sabiendas e \u00a0intencionalmente \u00a0se \u00a0unieron, \u00a0obraron en concierto, se confederaron e hicieron \u00a0un \u00a0acuerdo \u00a0entre s\u00ed y con otras personas, conocida y desconocidas por el Gran \u00a0Jurado, \u00a0para importar a los Estados Unidos, desde un lugar externo a ese pa\u00eds, \u00a0una \u00a0sustancia \u00a0controlada, \u00a0en contravenci\u00f3n de la Secci\u00f3n 952(a) del T\u00edtulo \u00a021 \u00a0del C\u00f3digo de los Estados Unidos, todo en violaci\u00f3n de la Secci\u00f3n 963 del \u00a0T\u00edtulo 21 del C\u00f3digo de los Estados Unidos. \u00a0\u00a0<\/p>\n<p>\u201cDe conformidad \u00a0con \u00a0la \u00a0Secci\u00f3n 960(b)(1)(B) del T\u00edtulo 21 del C\u00f3digo de los Estados Unidos, \u00a0se \u00a0afirma \u00a0adem\u00e1s que esta infracci\u00f3n implic\u00f3 cinco (5) kilogramos o m\u00e1s de \u00a0una \u00a0 mezcla \u00a0 y \u00a0 una \u00a0sustancia \u00a0que \u00a0conten\u00eda \u00a0una \u00a0cantidad \u00a0detectable \u00a0de \u00a0coca\u00edna. \u00a0\u00a0<\/p>\n<p>CARGO DOS \u00a0<\/p>\n<p>\u201cDesde \u00a0por \u00a0lo \u00a0menos \u00a02004, las fechas exactas las desconoce el Gran Jurado, hasta el 3 de mayo \u00a0de \u00a02006, \u00a0o \u00a0alrededor \u00a0de \u00a0esa \u00a0fecha \u00a0y \u00a0en \u00a0forma continua, en el Condado de \u00a0Miami-Dade, \u00a0en \u00a0el \u00a0Distrito \u00a0Sur \u00a0de \u00a0la \u00a0Florida \u00a0y \u00a0en \u00a0otros \u00a0lugares, \u00a0los \u00a0acusados, \u00a0\u00a0<\/p>\n<p>OMAR ALBIERTO OROZCO OSORIO \u00a0<\/p>\n<p>Alias \u00a0 \u00a0 \u00a0 \u00a0 \u00a0\u2018Tom\u00e1s\u2019 \u00a0\u00a0<\/p>\n<p>JOSE WILLIAM GOMEZ GONZALEZ \u00a0<\/p>\n<p>Alias \u00a0 \u00a0 \u00a0 \u00a0 \u00a0\u2018Javi\u2019 \u00a0\u00a0<\/p>\n<p>y \u00a0<\/p>\n<p>JOSE FERNANDO GUTIERREZ \u00a0<\/p>\n<p>alias \u00a0 \u00a0 \u00a0 \u00a0 \u00a0\u2018El \u00a0 \u00a0 \u00a0 \u00a0 \u00a0Mono\u2019 \u00a0\u00a0<\/p>\n<p>\u201ca \u00a0sabiendas e \u00a0intencionalmente \u00a0se \u00a0unieron, \u00a0obraron en concierto, se confederaron e hicieron \u00a0un \u00a0acuerdo entre s\u00ed y con otras personas, conocidas y desconocidas por el Gran \u00a0Jurado, \u00a0para \u00a0poseer \u00a0con intenci\u00f3n de distribuir una sustancia controlada, en \u00a0contravenci\u00f3n \u00a0de \u00a0la \u00a0Secci\u00f3n \u00a0841(a)(1) \u00a0del \u00a0T\u00edtulo \u00a021 del C\u00f3digo de los \u00a0Estados \u00a0Unidos, \u00a0todo \u00a0en \u00a0infracci\u00f3n \u00a0de \u00a0la \u00a0Secci\u00f3n 846 del T\u00edtulo 21 del \u00a0C\u00f3digo de los Estados Unidos. \u00a0\u00a0<\/p>\n<p>\u201cDe conformidad \u00a0con \u00a0la \u00a0Secci\u00f3n \u00a0841(b)(1)(A)(ii) \u00a0del \u00a0T\u00edtulo \u00a021 del C\u00f3digo de los Estados \u00a0Unidos, \u00a0se \u00a0afirma adem\u00e1s que esta infracci\u00f3n implic\u00f3 cinco (5) kilogramos o \u00a0m\u00e1s \u00a0de \u00a0una \u00a0mezcla \u00a0y \u00a0una sustancia que conten\u00eda una cantidad detectable de \u00a0coca\u00edna. \u00a0\u00a0<\/p>\n<p>CARGO TRES \u00a0<\/p>\n<p>\u201cEl 7 de junio de \u00a02005, \u00a0o alrededor de esa fecha, en el Condado de Miami-Dade, en el Distrito Sur \u00a0de Florida, y en otros lugares, los acusados, \u00a0\u00a0<\/p>\n<p>OMAR ALBIERTO OROZCO OSORIO \u00a0<\/p>\n<p>Alias \u00a0 \u00a0 \u00a0 \u00a0 \u00a0\u2018Tom\u00e1s\u2019 \u00a0\u00a0<\/p>\n<p>JOSE WILLIAM GOMEZ GONZALEZ \u00a0<\/p>\n<p>Alias \u00a0 \u00a0 \u00a0 \u00a0 \u00a0\u2018Javi\u2019 \u00a0\u00a0<\/p>\n<p>y \u00a0<\/p>\n<p>JOSE FERNANDO GUTIERREZ \u00a0<\/p>\n<p>alias \u00a0 \u00a0 \u00a0 \u00a0 \u00a0\u2018El \u00a0 \u00a0 \u00a0 \u00a0 \u00a0Mono\u2019 \u00a0\u00a0<\/p>\n<p>\u201ca \u00a0sabiendas e \u00a0intencionalmente, \u00a0tuvieron \u00a0en \u00a0su \u00a0poder, \u00a0con \u00a0intenci\u00f3n \u00a0de distribuir, una \u00a0sustancia \u00a0controlada, en contravenci\u00f3n de la Secci\u00f3n 841(a)(1) del T\u00edtulo 21 \u00a0y la Secci\u00f3n 2 del T\u00edtulo 18 del C\u00f3digo de los Estados Unidos. \u00a0\u00a0<\/p>\n<p>\u201cDe conformidad \u00a0con \u00a0la \u00a0Secci\u00f3n \u00a0841(b)(1)(A)(ii) \u00a0del \u00a0T\u00edtulo \u00a021 del C\u00f3digo de los Estados \u00a0Unidos, \u00a0se \u00a0afirma adem\u00e1s que esta infracci\u00f3n implic\u00f3 cinco (5) kilogramos o \u00a0m\u00e1s \u00a0de \u00a0un \u00a0mezcla \u00a0y \u00a0una \u00a0sustancia que conten\u00eda una cantidad detectable de \u00a0coca\u00edna\u201d. \u00a0\u00a0<\/p>\n<p>En \u00a0la \u00a0legislaci\u00f3n colombiana las conductas \u00a0relacionadas \u00a0en los cargos primero y segundo encuentran equivalencia t\u00edpica en \u00a0el \u00a0art\u00edculo \u00a0340 \u00a0inciso \u00a0segundo \u00a0del C\u00f3digo Penal, modificado por los\u00a0 \u00a0art\u00edculos \u00a08\u00b0 de la Ley 733 de 2002 y 19 de la Ley 1121 de 2006, que define el \u00a0concierto para delinquir, el \u00a0cual \u00a0adscribe \u00a0pena \u00a0principal privativa de la libertad de ocho (8) a dieciocho \u00a0(18) \u00a0a\u00f1os \u00a0de prisi\u00f3n y multa de dos mil setecientos (2700) hasta treinta mil \u00a0(30000) salarios m\u00ednimos legales mensuales. Dice la norma, \u00a0\u00a0<\/p>\n<p>\u201cArt. \u00a0 340. \u00a0Modificado \u00a0por \u00a0la Ley 733\/2002, art\u00edculo 8\u00b0.\u00a0 Concierto para delinquir. \u00a0Cuando \u00a0varias \u00a0personas \u00a0se concierten con el fin de \u00a0cometer \u00a0delitos, \u00a0cada \u00a0una \u00a0de \u00a0ellas ser\u00e1 penada, por esa sola conducta, con \u00a0prisi\u00f3n de tres (3) a seis (6) a\u00f1os. \u00a0\u00a0<\/p>\n<p>\u201cModificado \u00a0Ley \u00a01121 \u00a0de \u00a02006, \u00a0art\u00edculo 19. Cuando el concierto sea \u00a0para \u00a0cometer \u00a0delitos de genocidio, desaparici\u00f3n forzada de personas, tortura, \u00a0desplazamiento \u00a0 \u00a0 \u00a0 forzado, \u00a0 \u00a0 \u00a0homicidio, \u00a0 \u00a0 \u00a0terrorismo, \u00a0 \u00a0 \u00a0tr\u00e1fico \u00a0 \u00a0de \u00a0 \u00a0drogas \u00a0 \u00a0t\u00f3xicas, \u00a0estupefacientes \u00a0 \u00a0 \u00a0 \u00a0 \u00a0o \u00a0 \u00a0 \u00a0 \u00a0 \u00a0sustancias \u00a0 \u00a0 \u00a0 \u00a0 sicotr\u00f3picas, \u00a0 secuestro, \u00a0 secuestro \u00a0 extorsivo, \u00a0extorsi\u00f3n, \u00a0enriquecimiento \u00a0il\u00edcito, \u00a0lavado \u00a0de \u00a0activos \u00a0o \u00a0testaferrato \u00a0y \u00a0conexos, \u00a0 o \u00a0 financiamiento \u00a0 de \u00a0terrorismo \u00a0y \u00a0administraci\u00f3n \u00a0de \u00a0recursos \u00a0relacionados \u00a0con actividades terroristas, la pena ser\u00e1 de prisi\u00f3n de ocho (8) \u00a0a \u00a0dieciocho \u00a0(18) a\u00f1os y multa de dos mil setecientos (2700) hasta treinta mil \u00a0(30000) salarios m\u00ednimos legales mensuales vigentes. \u00a0\u00a0<\/p>\n<p>\u201cLa \u00a0 pena \u00a0privativa \u00a0de \u00a0la \u00a0libertad \u00a0se \u00a0aumentar\u00e1 \u00a0en la mitad para quienes organicen, \u00a0fomenten, \u00a0promuevan, \u00a0dirijan, \u00a0encabecen, constituyan o financien el concierto \u00a0para \u00a0 \u00a0 \u00a0 \u00a0 \u00a0 \u00a0 \u00a0delinquir\u201d. \u00a0\u00a0<\/p>\n<p>Y \u00a0la \u00a0conducta \u00a0imputada en el cargo tercero \u00a0encuentra \u00a0correspondencia \u00a0t\u00edpica \u00a0en \u00a0el art\u00edculo 376 del C\u00f3digo Penal, que \u00a0define \u00a0 el \u00a0 tr\u00e1fico, \u00a0 fabricaci\u00f3n \u00a0y \u00a0porte \u00a0de \u00a0estupefacientes, \u00a0 para \u00a0el \u00a0cual \u00a0se \u00a0adscribe \u00a0pena \u00a0privativa \u00a0de \u00a0la \u00a0libertad \u00a0de \u00a08 \u00a0a 20 a\u00f1os de prisi\u00f3n, m\u00e1s los incrementos \u00a0previstos \u00a0en \u00a0el art\u00edculo 14 de la Ley 890 de 20044. \u00a0 \u00a0 \u00a0 \u00a0 Dice \u00a0 \u00a0 \u00a0 \u00a0la \u00a0disposici\u00f3n: \u00a0\u00a0<\/p>\n<p>\u201cART.376. \u00a0Tr\u00e1fico, \u00a0 \u00a0 \u00a0fabricaci\u00f3n \u00a0 \u00a0 o \u00a0 \u00a0 porte \u00a0 \u00a0 de \u00a0estupefacientes. \u00a0El \u00a0que \u00a0sin \u00a0permiso \u00a0de autoridad \u00a0competente, \u00a0salvo \u00a0lo \u00a0dispuesto \u00a0sobre \u00a0dosis para uso personal, introduzca al \u00a0pa\u00eds, \u00a0as\u00ed \u00a0sea \u00a0en \u00a0tr\u00e1nsito \u00a0o \u00a0saque \u00a0de \u00a0\u00e9l, \u00a0transporte, lleve consigo, \u00a0almacene, \u00a0conserve, \u00a0elabore, venda, ofrezca, adquiera, financie o suministre a \u00a0cualquier \u00a0t\u00edtulo \u00a0droga \u00a0que \u00a0produzca \u00a0dependencia, incurrir\u00e1 en prisi\u00f3n de \u00a0ocho \u00a0(8) \u00a0a \u00a0veinte \u00a0(20) \u00a0a\u00f1os y multa de mil (1000) a cincuenta mil (50.000) \u00a0salarios m\u00ednimos legales mensuales vigentes. \u00a0\u00a0<\/p>\n<p>\u201cSi la cantidad \u00a0de \u00a0droga \u00a0no \u00a0excede de mil (1000) gramos de marihuana, doscientos (200) gramos \u00a0de \u00a0hach\u00eds, \u00a0cien (100) gramos de coca\u00edna o de sustancia estupefaciente a base \u00a0de \u00a0coca\u00edna \u00a0o \u00a0veinte (20) gramos de derivados de la amapola, doscientos (200) \u00a0gramos \u00a0de \u00a0metacualona \u00a0o \u00a0droga sint\u00e9tica, la pena ser\u00e1 de cuatro (4) a seis \u00a0(6) \u00a0a\u00f1os de prisi\u00f3n y multa de dos (2) a cien (100) salarios m\u00ednimos legales \u00a0mensuales vigentes. \u00a0\u00a0<\/p>\n<p>\u201cSi la cantidad \u00a0de \u00a0droga excede los l\u00edmites m\u00e1ximos previstos en el inciso anterior sin pasar \u00a0de \u00a0diez mil (10000) gramos de marihuana, tres mil (3000) gramos de hach\u00eds, dos \u00a0mil \u00a0(2000) \u00a0gramos de coca\u00edna o de sustancia estupefaciente a base de coca\u00edna \u00a0o \u00a0sesenta \u00a0(60) \u00a0gramos de derivados de la amapola, cuatro mil (4000) gramos de \u00a0metacualona \u00a0o \u00a0droga \u00a0sint\u00e9tica, la pena ser\u00e1 de seis (6) a ocho (8) a\u00f1os de \u00a0prisi\u00f3n \u00a0y multa de cien (100) a mil (1000) salarios m\u00ednimos legales mensuales \u00a0vigentes\u201d. \u00a0\u00a0<\/p>\n<p>Lo \u00a0visto \u00a0muestra \u00a0que \u00a0los \u00a0contenidos \u00a0del \u00a0principio \u00a0de \u00a0la doble incriminaci\u00f3n se hallan tambi\u00e9n reunidos, toda vez que \u00a0las \u00a0conductas \u00a0delictivas \u00a0imputadas \u00a0a \u00a0Omar Albeiro \u00a0Orozco \u00a0 Osorio \u00a0en \u00a0el \u00a0pa\u00eds \u00a0requirente \u00a0se \u00a0hallan \u00a0tipificadas \u00a0igualmente \u00a0como \u00a0delitos en la legislaci\u00f3n penal colombiana, bajo \u00a0la \u00a0 denominaci\u00f3n \u00a0 de \u00a0 concierto \u00a0para \u00a0delinquir \u00a0y \u00a0 \u00a0 tr\u00e1fico \u00a0 \u00a0 de \u00a0estupefacientes, con sanci\u00f3n privativa de la libertad \u00a0cuyo m\u00ednimo supera los cuatro (4) a\u00f1os. \u00a0\u00a0<\/p>\n<p>4) Equivalencia de la providencia proferida en \u00a0el extranjero \u00a0\u00a0<\/p>\n<p>Este \u00a0requisito \u00a0impone \u00a0establecer \u00a0que \u00a0la \u00a0decisi\u00f3n \u00a0judicial que contiene los cargos contra la persona reclamada, por los \u00a0cuales \u00a0se pide la extradici\u00f3n, corresponda en sus aspectos formal y sustancial \u00a0al \u00a0acto \u00a0procesal \u00a0conocido \u00a0en \u00a0la \u00a0legislaci\u00f3n \u00a0colombiana como resoluci\u00f3n \u00a0de acusaci\u00f3n, es decir, a la \u00a0decisi\u00f3n \u00a0que sirve de introducci\u00f3n a la fase del juicio, a trav\u00e9s de la cual \u00a0el \u00a0Estado \u00a0acusa \u00a0a \u00a0una persona determinada de violar la ley penal, discrimina \u00a0los \u00a0cargos \u00a0que \u00a0le \u00a0imputan, \u00a0se\u00f1ala \u00a0los hechos que le sirven de fundamento, \u00a0indica \u00a0el \u00a0lugar \u00a0y \u00a0la \u00a0\u00e9poca \u00a0de \u00a0comisi\u00f3n, y precisa las normas jur\u00eddicas \u00a0aplicables \u00a0al \u00a0caso, \u00a0para \u00a0que el acusado tenga la posibilidad de conocerlos y \u00a0enfrentarlos.\u00a0 \u00a0\u00a0<\/p>\n<p>Revisada la acusaci\u00f3n No.09-20768-CR-JAL-(s), \u00a0de \u00a025 \u00a0de \u00a0septiembre \u00a0de \u00a02009, \u00a0se establece que este documento, al igual que \u00a0sucede \u00a0con \u00a0la \u00a0acusaci\u00f3n \u00a0en \u00a0el sistema procesal colombiano, contiene cargos \u00a0concretos \u00a0contra \u00a0personas \u00a0determinadas, \u00a0se\u00f1ala \u00a0los \u00a0fundamentos f\u00e1cticos, \u00a0identifica \u00a0las \u00a0normas \u00a0penales \u00a0aplicables \u00a0al caso y marca la iniciaci\u00f3n del \u00a0juicio, \u00a0particularidades \u00a0que \u00a0permiten \u00a0concluir \u00a0que se est\u00e1 en presencia de \u00a0actos procesales jur\u00eddicamente equivalentes. \u00a0\u00a0<\/p>\n<p>5) Causas de improcedencia \u00a0<\/p>\n<p>La \u00a0 Constituci\u00f3n \u00a0 Nacional \u00a0proh\u00edbe \u00a0la \u00a0extradici\u00f3n \u00a0cuando, (i) el delito objeto de investigaci\u00f3n o juzgamiento es de \u00a0naturaleza \u00a0pol\u00edtica, \u00a0(ii) \u00a0cuando \u00a0los hechos que motivan la solicitud fueron \u00a0cometidos \u00a0con \u00a0anterioridad \u00a0al \u00a017 \u00a0de \u00a0diciembre \u00a0de \u00a01997, y (iii) cuando el \u00a0solicitado \u00a0es \u00a0natural colombiano y el delito que se le imputa ha sido cometido \u00a0en \u00a0 \u00a0 \u00a0 \u00a0 \u00a0 territorio \u00a0 \u00a0 \u00a0 \u00a0 \u00a0 nacional.5 La Corte ha dicho tambi\u00e9n que \u00a0no \u00a0procede \u00a0cuando \u00a0el hecho ha sido juzgado en Colombia mediante decisi\u00f3n que \u00a0haya hecho tr\u00e1nsito a cosa juzgada. \u00a0\u00a0<\/p>\n<p>Ninguna de estas prohibiciones se presenta en \u00a0el \u00a0caso \u00a0analizado. \u00a0Los \u00a0delitos \u00a0de \u00a0concierto para \u00a0delinquir \u00a0y \u00a0de tr\u00e1fico de \u00a0estupefacientes \u00a0que la Corte Distrital de los Estados \u00a0Unidos \u00a0 para \u00a0 el \u00a0 Distrito \u00a0 Sur \u00a0 de \u00a0 Florida \u00a0 le \u00a0imputa \u00a0a \u00a0Omar \u00a0Albeiro \u00a0Orozco \u00a0Osorio, \u00a0son de naturaleza com\u00fan, no pol\u00edtica. Y \u00a0los \u00a0hechos \u00a0que \u00a0sustentan \u00a0los \u00a0cargos ocurrieron entre los a\u00f1os 2004 y 2006, \u00a0seg\u00fan \u00a0se \u00a0establece \u00a0del \u00a0contenido \u00a0de \u00a0la \u00a0acusaci\u00f3n \u00a0y \u00a0los testimonios de \u00a0apoyo. \u00a0\u00a0<\/p>\n<p>El \u00a0lugar de comisi\u00f3n de los delitos tampoco \u00a0se \u00a0erige \u00a0en factor de improcedencia de la solicitud de extradici\u00f3n, porque la \u00a0acusaci\u00f3n \u00a0y \u00a0las \u00a0declaraciones de soporte permiten constatar que Omar \u00a0Albeiro \u00a0Orozco \u00a0Osorio\u00a0 \u00a0hac\u00eda \u00a0parte \u00a0de \u00a0una organizaci\u00f3n criminal que enviaba coca\u00edna a los Estados Unidos, \u00a0escondi\u00e9ndola \u00a0a \u00a0bordo \u00a0de aeronaves que viajaban desde Colombia a ese pa\u00eds a \u00a0recibir mantenimiento y reparaci\u00f3n de largo plazo.\u00a0 \u00a0\u00a0<\/p>\n<p>Esto muestra que los hechos por los cuales se \u00a0acusa \u00a0 a \u00a0Omar \u00a0Albeiro \u00a0Orozco \u00a0Osorio \u00a0trascendieron \u00a0las \u00a0fronteras \u00a0del \u00a0territorio \u00a0nacional, \u00a0y \u00a0que se \u00a0cumple, \u00a0por \u00a0tanto, \u00a0el \u00a0condicionamiento \u00a0constitucional consistente en que la \u00a0conducta \u00a0haya \u00a0sido realizada total o parcialmente en el extranjero, cualquiera \u00a0sea \u00a0la \u00a0teor\u00eda \u00a0que \u00a0se \u00a0aplique \u00a0para \u00a0determinar \u00a0el \u00a0lugar de comisi\u00f3n del \u00a0il\u00edcito \u00a0(de \u00a0la \u00a0acci\u00f3n, \u00a0del \u00a0resultado \u00a0o \u00a0de la \u00a0ubicuidad). \u00a0\u00a0<\/p>\n<p>Los \u00a0presupuestos del motivo de improcedencia \u00a0relacionado \u00a0con \u00a0la existencia de cosa juzgada tampoco concurren, puesto que no \u00a0existe \u00a0 informaci\u00f3n \u00a0 de \u00a0 ninguna \u00a0 clase \u00a0 que \u00a0 indique \u00a0 que \u00a0Omar \u00a0Albeiro \u00a0Orozco Osorio ya fue juzgado \u00a0en \u00a0Colombia \u00a0por los mismos hechos, mediante decisi\u00f3n que haya hecho tr\u00e1nsito \u00a0a cosa juzgada. \u00a0\u00a0<\/p>\n<p>6) El concepto \u00a0<\/p>\n<p>Teniendo \u00a0 en \u00a0 cuenta \u00a0que \u00a0concurren \u00a0los \u00a0condicionamientos \u00a0relacionados \u00a0con \u00a0la \u00a0validez \u00a0formal \u00a0de \u00a0la documentaci\u00f3n \u00a0allegada, \u00a0 la \u00a0 demostraci\u00f3n \u00a0 plena \u00a0 de \u00a0 la \u00a0 identidad \u00a0 de \u00a0 la \u00a0 persona \u00a0solicitada,\u00a0 \u00a0el \u00a0principio \u00a0de la doble incriminaci\u00f3n, la equivalencia de \u00a0la \u00a0providencia \u00a0proferida \u00a0en el extranjero con la resoluci\u00f3n de acusaci\u00f3n, y \u00a0que \u00a0no \u00a0se est\u00e1 frente a ninguna causa de improcedencia de la extradici\u00f3n, la \u00a0Sala emitir\u00e1 concepto favorable. \u00a0\u00a0<\/p>\n<p>7) \u00a0 \u00a0 Cuesti\u00f3n \u00a0 \u00a0 final. \u00a0\u00a0<\/p>\n<p>La \u00a0Corte \u00a0previene al Gobierno Nacional para \u00a0que \u00a0 en \u00a0 el \u00a0 evento \u00a0 de \u00a0 que \u00a0acceda \u00a0a \u00a0la \u00a0extradici\u00f3n \u00a0de \u00a0Omar \u00a0Albeiro \u00a0Orozco \u00a0Osorio \u00a0advierta al \u00a0Estado \u00a0requirente \u00a0que \u00a0su \u00a0juzgamiento \u00a0no podr\u00e1 incluir hechos cometidos con \u00a0anterioridad \u00a0al \u00a017 \u00a0de \u00a0diciembre \u00a0de \u00a01997, \u00a0ni sucesos diferentes de los que \u00a0motivan \u00a0la \u00a0solicitud \u00a0de extradici\u00f3n y determinan su entrega, y que no podr\u00e1 \u00a0ser \u00a0sometido \u00a0a \u00a0desaparici\u00f3n \u00a0forzada, \u00a0tortura, \u00a0tratos crueles, inhumanos o \u00a0degradantes, \u00a0ni condenado a pena de muerte, cadena perpetua o confiscaci\u00f3n, de \u00a0acuerdo \u00a0con \u00a0lo \u00a0establecido \u00a0en los art\u00edculos 11, 12 y 34 de la Constituci\u00f3n \u00a0Pol\u00edtica de Colombia. \u00a0\u00a0<\/p>\n<p>El \u00a0Gobierno \u00a0Nacional advertir\u00e1 tambi\u00e9n al \u00a0Estado \u00a0requirente, \u00a0que \u00a0en \u00a0caso \u00a0de \u00a0llegarse \u00a0a un fallo de condena, deber\u00e1 \u00a0computarse \u00a0el \u00a0tiempo \u00a0que \u00a0Omar Albeiro Orozco Osorio \u00a0ha \u00a0estado privado de la libertad con ocasi\u00f3n de este \u00a0tr\u00e1mite \u00a0de \u00a0extradici\u00f3n. \u00a0De \u00a0igual \u00a0modo, \u00a0lo \u00a0requerir\u00e1 \u00a0para que frente a \u00a0situaciones \u00a0de \u00a0absoluci\u00f3n, \u00a0retiro \u00a0de \u00a0cargos \u00a0o \u00a0eventos \u00a0similares, \u00a0o \u00a0el \u00a0cumplimiento \u00a0de la pena por los cargos que motivan la extradici\u00f3n en el evento \u00a0de \u00a0ser condenado, garantice su permanencia en ese pa\u00eds y su retorno a Colombia \u00a0en condiciones de dignidad y respeto por la persona humana. \u00a0\u00a0<\/p>\n<p>Al \u00a0 Gobierno \u00a0 Nacional \u00a0le \u00a0corresponde, \u00a0asimismo, \u00a0condicionar \u00a0la \u00a0entrega \u00a0a que el pa\u00eds reclamante, de acuerdo \u00a0a \u00a0sus \u00a0pol\u00edticas \u00a0internas \u00a0sobre \u00a0la materia, le ofrezca \u00a0posibilidades \u00a0racionales y reales para que pueda tener contacto regular con sus \u00a0familiares \u00a0m\u00e1s \u00a0cercanos, considerando que el art\u00edculo 42 de la Constituci\u00f3n \u00a0Pol\u00edtica \u00a0de \u00a0Colombia \u00a0reconoce \u00a0a \u00a0la \u00a0familia \u00a0como \u00a0n\u00facleo \u00a0esencial de la \u00a0sociedad, \u00a0garantiza \u00a0su \u00a0protecci\u00f3n permanente, resguarda su honra, dignidad e \u00a0intimidad, \u00a0lo \u00a0cual \u00a0se refuerza con la protecci\u00f3n que tambi\u00e9n le prodigan la \u00a0Convenci\u00f3n \u00a0Americana \u00a0de \u00a0Derechos \u00a0Humanos \u00a0en \u00a0su \u00a0art\u00edculo \u00a017 \u00a0y el Pacto \u00a0Internacional de Derechos Civiles y Pol\u00edticos en el 23. \u00a0\u00a0<\/p>\n<p>Como la extradici\u00f3n entre los Estados Unidos \u00a0de \u00a0Am\u00e9rica y la Rep\u00fablica de Colombia se rige por las normas contenidas en la \u00a0Constituci\u00f3n \u00a0Pol\u00edtica \u00a0y \u00a0en \u00a0el \u00a0C\u00f3digo de Procedimiento Penal, el Gobierno \u00a0Nacional \u00a0debe \u00a0adem\u00e1s \u00a0hacer las exigencias que estime convenientes en orden a \u00a0que \u00a0en \u00a0el \u00a0Estado \u00a0requirente se le reconozcan todos los derechos y garant\u00edas \u00a0inherentes \u00a0a \u00a0la \u00a0persona, en especial las contenidas en la Carta Fundamental y \u00a0en \u00a0el \u00a0denominado bloque de constitucionalidad, es decir, en aquellos convenios \u00a0internacionales \u00a0ratificados \u00a0por \u00a0Colombia que consagran y desarrollan derechos \u00a0humanos \u00a0 (art\u00edculo \u00a0 93 \u00a0 de \u00a0 la \u00a0 Constituci\u00f3n, \u00a0Declaraci\u00f3n \u00a0Universal \u00a0de \u00a0Derechos Humanos, Convenci\u00f3n Americana de Derechos \u00a0Humanos, \u00a0Pacto \u00a0Internacional \u00a0de \u00a0Derechos \u00a0Civiles \u00a0y Pol\u00edticos), \u00a0en virtud del deber de protecci\u00f3n a esos derechos que para todas \u00a0las \u00a0 autoridades \u00a0 p\u00fablicas \u00a0 emana \u00a0del \u00a0art\u00edculo \u00a02\u00ba \u00a0ib\u00eddem.6 \u00a0\u00a0<\/p>\n<p>El Gobierno Nacional, encabezado por el se\u00f1or \u00a0Presidente \u00a0como \u00a0director \u00a0supremo de la pol\u00edtica exterior y de las relaciones \u00a0internacionales, \u00a0 \u00a0deber\u00e1 \u00a0 \u00a0tambi\u00e9n \u00a0 \u00a0realizar \u00a0 el \u00a0 seguimiento \u00a0 a \u00a0 los \u00a0condicionamientos \u00a0que \u00a0se \u00a0impongan \u00a0a \u00a0la \u00a0concesi\u00f3n \u00a0de \u00a0la \u00a0extradici\u00f3n \u00a0y \u00a0determinar \u00a0las \u00a0consecuencias \u00a0que se derivar\u00e1n de su eventual incumplimiento, \u00a0en \u00a0virtud \u00a0de \u00a0lo \u00a0dispuesto \u00a0en \u00a0el \u00a0numeral \u00a02\u00b0 \u00a0del \u00a0art\u00edculo \u00a0189 \u00a0de \u00a0la \u00a0Constituci\u00f3n Pol\u00edtica. \u00a0\u00a0<\/p>\n<p>En m\u00e9rito de lo expuesto, LA CORTE SUPREMA DE \u00a0JUSTICIA, \u00a0SALA \u00a0DE \u00a0CASACION \u00a0PENAL, \u00a0emite \u00a0CONCEPTO \u00a0FAVORABLE \u00a0a\u00a0 \u00a0la \u00a0extradici\u00f3n \u00a0del ciudadano de \u00a0nacionalidad \u00a0 \u00a0colombiana \u00a0 \u00a0Omar \u00a0 Albeiro \u00a0 Orozco \u00a0Osorio, \u00a0 \u00a0solicitada \u00a0por \u00a0el \u00a0Gobierno \u00a0de \u00a0los \u00a0Estados Unidos de Am\u00e9rica a \u00a0trav\u00e9s \u00a0de \u00a0su \u00a0embajada en Colombia, por los cargos imputados en la acusaci\u00f3n \u00a0formal \u00a0No.09-20768-CR-JAL(s), \u00a0dictada \u00a0el 25 de septiembre de 2009 en la Corte \u00a0Distrital \u00a0 \u00a0de \u00a0 \u00a0los \u00a0 \u00a0Estados \u00a0 \u00a0Unidos \u00a0 \u00a0para \u00a0 \u00a0el \u00a0 \u00a0Distrito \u00a0 Sur \u00a0 de \u00a0Florida.\u00a0\u00a0\u00a0 \u00a0\u00a0<\/p>\n<p>Por \u00a0la \u00a0Secretar\u00eda de la Sala, comun\u00edquese \u00a0esta \u00a0determinaci\u00f3n \u00a0al \u00a0se\u00f1or \u00a0Omar \u00a0Albeiro Orozco \u00a0Osorio, a su defensor, al representante del Ministerio \u00a0P\u00fablico \u00a0y \u00a0a \u00a0la \u00a0Fiscal \u00a0General \u00a0de \u00a0la Naci\u00f3n, para los fines pertinentes. \u00a0\u00a0<\/p>\n<p>Devu\u00e9lvase \u00a0al expediente al Ministerio del \u00a0Interior y de Justicia. \u00a0\u00a0<\/p>\n<p>JAVIER ZAPATA ORTIZ \u00a0<\/p>\n<p>JORGE \u00a0 \u00a0 \u00a0 \u00a0LUIS \u00a0 \u00a0 \u00a0 \u00a0BARCELO \u00a0CAMACHO\u00a0\u00a0\u00a0\u00a0\u00a0\u00a0\u00a0\u00a0\u00a0\u00a0\u00a0\u00a0\u00a0\u00a0\u00a0\u00a0\u00a0\u00a0\u00a0\u00a0\u00a0\u00a0\u00a0\u00a0\u00a0\u00a0\u00a0\u00a0\u00a0 \u00a0JOSE \u00a0 \u00a0 \u00a0 \u00a0 \u00a0 \u00a0 \u00a0 \u00a0 \u00a0 \u00a0 \u00a0 \u00a0 \u00a0 \u00a0 \u00a0 LEONIDAS \u00a0 \u00a0 \u00a0 \u00a0 \u00a0 \u00a0 \u00a0 \u00a0 \u00a0 \u00a0 \u00a0 \u00a0 \u00a0 \u00a0 \u00a0 BUSTOS \u00a0MARTINEZ\u00a0\u00a0\u00a0\u00a0\u00a0\u00a0\u00a0\u00a0\u00a0\u00a0\u00a0\u00a0\u00a0\u00a0\u00a0\u00a0\u00a0\u00a0\u00a0\u00a0\u00a0\u00a0\u00a0\u00a0\u00a0\u00a0\u00a0\u00a0 \u00a0\u00a0<\/p>\n<p>FERNANDO \u00a0 \u00a0 \u00a0 ALBERTO \u00a0 \u00a0 \u00a0CASTRO \u00a0CABALLERO\u00a0\u00a0\u00a0\u00a0\u00a0\u00a0\u00a0\u00a0\u00a0\u00a0 SIGIFREDO \u00a0ESPINOSA \u00a0PEREZ\u00a0\u00a0\u00a0\u00a0\u00a0\u00a0\u00a0\u00a0\u00a0\u00a0\u00a0\u00a0\u00a0\u00a0\u00a0\u00a0\u00a0\u00a0\u00a0\u00a0\u00a0\u00a0\u00a0\u00a0\u00a0\u00a0\u00a0\u00a0\u00a0\u00a0\u00a0\u00a0\u00a0\u00a0\u00a0\u00a0\u00a0\u00a0\u00a0\u00a0 \u00a0\u00a0<\/p>\n<p>ALFREDO \u00a0 \u00a0 \u00a0 \u00a0 \u00a0 \u00a0GOMEZ \u00a0QUINTERO\u00a0\u00a0\u00a0\u00a0\u00a0\u00a0\u00a0\u00a0\u00a0\u00a0\u00a0\u00a0\u00a0\u00a0\u00a0\u00a0\u00a0\u00a0\u00a0\u00a0\u00a0\u00a0\u00a0\u00a0\u00a0\u00a0\u00a0\u00a0\u00a0\u00a0\u00a0\u00a0\u00a0 \u00a0MARIA \u00a0 \u00a0 \u00a0 \u00a0 \u00a0 \u00a0 \u00a0DEL \u00a0 \u00a0 \u00a0 \u00a0 \u00a0 \u00a0 \u00a0ROSARIO \u00a0 \u00a0 \u00a0 \u00a0 \u00a0 \u00a0 \u00a0GONZALEZ \u00a0 \u00a0 \u00a0 \u00a0 \u00a0 \u00a0 DE \u00a0LEMOS\u00a0\u00a0\u00a0\u00a0\u00a0\u00a0\u00a0\u00a0\u00a0\u00a0\u00a0\u00a0\u00a0\u00a0 \u00a0\u00a0<\/p>\n<p>Aclaraci\u00f3n de voto \u00a0<\/p>\n<p>AUGUSTO \u00a0 \u00a0 \u00a0 \u00a0J. \u00a0 \u00a0 \u00a0 \u00a0IBA\u00d1EZ \u00a0GUZMAN\u00a0\u00a0\u00a0\u00a0\u00a0\u00a0\u00a0\u00a0\u00a0\u00a0\u00a0\u00a0\u00a0\u00a0\u00a0\u00a0\u00a0\u00a0\u00a0\u00a0\u00a0\u00a0\u00a0\u00a0\u00a0\u00a0\u00a0\u00a0\u00a0 \u00a0JULIO \u00a0 \u00a0 \u00a0 \u00a0 \u00a0 \u00a0 \u00a0 \u00a0 \u00a0 \u00a0 \u00a0 \u00a0 \u00a0 \u00a0 \u00a0 \u00a0ENRIQUE \u00a0 \u00a0 \u00a0 \u00a0 \u00a0 \u00a0 \u00a0 \u00a0 \u00a0 \u00a0 \u00a0 \u00a0 \u00a0 \u00a0 \u00a0 SOCHA \u00a0SALAMANCA\u00a0\u00a0\u00a0\u00a0\u00a0\u00a0\u00a0\u00a0\u00a0\u00a0\u00a0\u00a0\u00a0\u00a0\u00a0\u00a0\u00a0\u00a0\u00a0\u00a0\u00a0\u00a0\u00a0\u00a0 \u00a0\u00a0<\/p>\n<p>\u00a0\u00a0\u00a0\u00a0\u00a0\u00a0\u00a0\u00a0 \u00a0\u00a0<\/p>\n<p>\u00a0\u00a0\u00a0\u00a0\u00a0\u00a0\u00a0\u00a0\u00a0\u00a0\u00a0\u00a0\u00a0\u00a0\u00a0\u00a0\u00a0\u00a0\u00a0\u00a0\u00a0\u00a0\u00a0\u00a0\u00a0\u00a0\u00a0\u00a0\u00a0\u00a0\u00a0\u00a0\u00a0\u00a0\u00a0\u00a0\u00a0\u00a0\u00a0\u00a0\u00a0\u00a0\u00a0\u00a0\u00a0\u00a0\u00a0\u00a0\u00a0\u00a0\u00a0 \u00a0Teresa Ruiz N\u00fa\u00f1ez \u00a0\u00a0<\/p>\n<p>\u00a0\u00a0\u00a0\u00a0\u00a0\u00a0\u00a0\u00a0\u00a0\u00a0\u00a0\u00a0\u00a0\u00a0\u00a0\u00a0\u00a0\u00a0\u00a0\u00a0\u00a0\u00a0\u00a0\u00a0\u00a0\u00a0\u00a0\u00a0\u00a0\u00a0\u00a0\u00a0\u00a0\u00a0\u00a0\u00a0\u00a0\u00a0\u00a0 \u00a0SECRETARIA \u00a0\u00a0<\/p>\n<p>\u00a0 \u00a0\u00a0<\/p>\n<p>1 \u00a0Art\u00edculo 502. \u00a0\u00a0<\/p>\n<p>2 \u00a0Art\u00edculo 495 de la ley 906 de 2004. \u00a0\u00a0<\/p>\n<p>3 Esta \u00a0regulaci\u00f3n \u00a0legal \u00a0resulta \u00a0aplicable \u00a0al \u00a0caso \u00a0en \u00a0virtud \u00a0del \u00a0principio \u00a0de \u00a0integraci\u00f3n \u00a0normativa \u00a0previsto \u00a0en \u00a0el \u00a0art\u00edculo \u00a023 \u00a0del \u00a0estatuto procesal \u00a0penal. \u00a0\u00a0<\/p>\n<p>4 \u00a0El \u00a0art\u00edculo \u00a014 de la Ley 890 de 2004 consagr\u00f3 un aumento de penas de una tercera \u00a0parte en el m\u00ednimo y de la mitad en el m\u00e1ximo. \u00a0\u00a0<\/p>\n<p>5 \u00a0Art\u00edculo \u00a035 \u00a0de la Constituci\u00f3n Nacional, modificado por el art\u00edculo 1\u00b0 del \u00a0Acto Legislativo 01 de 1997, y 18 del C\u00f3digo Penal. \u00a0\u00a0<\/p>\n<p>6 As\u00ed, \u00a0con \u00a0arreglo \u00a0al \u00a0art\u00edculo \u00a029 \u00a0de \u00a0la \u00a0Carta; \u00a0a \u00a0los \u00a0art\u00edculos 9 y 10 de la \u00a0Declaraci\u00f3n \u00a0 \u00a0 Universal \u00a0 \u00a0 de \u00a0 \u00a0 Derechos \u00a0 \u00a0 Humanos, \u00a0 \u00a0 5-3.6, \u00a0 \u00a07-2.5, \u00a08-1.2(a)(b)(c)(d)(e)(f)(g)(h).3.4.5, \u00a09 \u00a0de la Convenci\u00f3n Americana de Derechos \u00a0Humanos, \u00a09-2.3, \u00a010-1.2.3, 14-1.2.3,5, y 15 del Pacto Internacional de Derechos \u00a0Civiles \u00a0y \u00a0Pol\u00edticos, \u00a0el \u00a0Gobierno Nacional debe condicionar la entrega de un \u00a0compatriota, \u00a0si \u00a0concede \u00a0la \u00a0extradici\u00f3n, a que se le respeten al extraditado \u00a0\u2013como \u00a0a \u00a0cualquier otro \u00a0nacional \u00a0 en \u00a0las \u00a0mismas \u00a0condiciones- \u00a0todas \u00a0las \u00a0garant\u00edas \u00a0debidas \u00a0a \u00a0su \u00a0condici\u00f3n \u00a0de \u00a0justiciable, \u00a0en \u00a0particular, \u00a0a \u00a0que \u00a0tenga acceso a un proceso \u00a0p\u00fablico \u00a0sin \u00a0dilaciones \u00a0injustificadas, \u00a0a que se presuma su inocencia, a que \u00a0cuente \u00a0con \u00a0un \u00a0int\u00e9rprete, a que tenga un defensor designado por \u00e9l o por el \u00a0Estado, \u00a0a \u00a0que \u00a0se le conceda el tiempo y los medios adecuados para que prepare \u00a0la \u00a0defensa, \u00a0a presentar pruebas y controvertir las que se aduzcan en contra, a \u00a0que \u00a0su \u00a0situaci\u00f3n \u00a0de \u00a0privaci\u00f3n \u00a0de la libertad se desarrolle en condiciones \u00a0dignas, \u00a0a que la eventual pena que se le imponga no trascienda de su persona, a \u00a0que \u00a0la \u00a0sanci\u00f3n \u00a0pueda \u00a0ser \u00a0apelada \u00a0ante un tribunal superior, a que la pena \u00a0privativa \u00a0de la libertad tenga la finalidad esencial de reforma y readaptaci\u00f3n \u00a0social. \u00a0 \u00a0\u00a0<\/p>\n<p><\/p>\n","protected":false},"excerpt":{"rendered":"<p>\u00a0 \u00a0 Proceso n.\u00ba 35474 \u00a0 CORTE SUPREMA DE JUSTICIA \u00a0 SALA DE CASACION PENAL \u00a0 Aprobado \u00a0 acta \u00a0No. \u00a0101\u00a0\u00a0\u00a0 \u00a0 \u00a0\u00a0 \u00a0 \u00a0 \u00a0 \u00a0\u00a0 \u00a0\u00a0 \u00a0\u00a0 \u00a0\u00a0 \u00a0\u00a0 \u00a0\u00a0 \u00a0\u00a0 \u00a0\u00a0 \u00a0 \u00a0 \u00a0 \u00a0 \u00a0 \u00a0 \u00a0\u00a0Magistrado Ponente: \u00a0\u00a0 Dr. JOSE LEONIDAS BUSTOS MARTINEZ \u00a0 Bogot\u00e1 D. C., veintitr\u00e9s de marzo [&hellip;]<\/p>\n","protected":false},"author":1,"featured_media":0,"comment_status":"open","ping_status":"open","sticky":false,"template":"","format":"standard","meta":{"footnotes":""},"categories":[19],"tags":[],"class_list":["post-22183","post","type-post","status-publish","format-standard","hentry","category-19"],"_links":{"self":[{"href":"https:\/\/dmsjuridica.com\/buscador_20179478954\/salapenalcronologico20230723\/wp-json\/wp\/v2\/posts\/22183","targetHints":{"allow":["GET"]}}],"collection":[{"href":"https:\/\/dmsjuridica.com\/buscador_20179478954\/salapenalcronologico20230723\/wp-json\/wp\/v2\/posts"}],"about":[{"href":"https:\/\/dmsjuridica.com\/buscador_20179478954\/salapenalcronologico20230723\/wp-json\/wp\/v2\/types\/post"}],"author":[{"embeddable":true,"href":"https:\/\/dmsjuridica.com\/buscador_20179478954\/salapenalcronologico20230723\/wp-json\/wp\/v2\/users\/1"}],"replies":[{"embeddable":true,"href":"https:\/\/dmsjuridica.com\/buscador_20179478954\/salapenalcronologico20230723\/wp-json\/wp\/v2\/comments?post=22183"}],"version-history":[{"count":0,"href":"https:\/\/dmsjuridica.com\/buscador_20179478954\/salapenalcronologico20230723\/wp-json\/wp\/v2\/posts\/22183\/revisions"}],"wp:attachment":[{"href":"https:\/\/dmsjuridica.com\/buscador_20179478954\/salapenalcronologico20230723\/wp-json\/wp\/v2\/media?parent=22183"}],"wp:term":[{"taxonomy":"category","embeddable":true,"href":"https:\/\/dmsjuridica.com\/buscador_20179478954\/salapenalcronologico20230723\/wp-json\/wp\/v2\/categories?post=22183"},{"taxonomy":"post_tag","embeddable":true,"href":"https:\/\/dmsjuridica.com\/buscador_20179478954\/salapenalcronologico20230723\/wp-json\/wp\/v2\/tags?post=22183"}],"curies":[{"name":"wp","href":"https:\/\/api.w.org\/{rel}","templated":true}]}}