{"id":22173,"date":"2023-09-12T16:33:42","date_gmt":"2023-09-12T16:33:42","guid":{"rendered":"https:\/\/dmsjuridica.com\/buscador_20179478954\/salapenalcronologico20230723\/2023\/09\/12\/3545202-02-11\/"},"modified":"2023-09-12T16:33:42","modified_gmt":"2023-09-12T16:33:42","slug":"3545202-02-11","status":"publish","type":"post","link":"https:\/\/dmsjuridica.com\/buscador_20179478954\/salapenalcronologico20230723\/2023\/09\/12\/3545202-02-11\/","title":{"rendered":"35452(02-02-11)"},"content":{"rendered":"\n<p>\u00a0 \u00a0 Proceso n.\u00ba 35452 \u00a0<\/p>\n<p>CORTE SUPREMA DE JUSTICIA \u00a0<\/p>\n<p>SALA DE CASACI\u00d3N PENAL \u00a0<\/p>\n<p>Magistrado Ponente: \u00a0<\/p>\n<p>Dr. SIGIFREDO ESPINOSA P\u00c9REZ \u00a0<\/p>\n<p>Aprobado Acta N\u00b0 28. \u00a0<\/p>\n<p>Bogot\u00e1, \u00a0D.C., \u00a0dos \u00a0de \u00a0febrero \u00a0de dos mil \u00a0once. \u00a0\u00a0<\/p>\n<p>V I S T O S \u00a0<\/p>\n<p>Se pronuncia la Corte sobre la renuncia a los \u00a0t\u00e9rminos \u00a0establecidos \u00a0para \u00a0el \u00a0ejercicio \u00a0de sus derechos, presentada por el \u00a0defensor \u00a0del solicitado en extradici\u00f3n SEVERO IV ESCOBAR GARZ\u00d3N, y coadyuvada \u00a0por \u00e9ste. \u00a0\u00a0<\/p>\n<p>ANTECEDENTES PROCESALES \u00a0<\/p>\n<p>El \u00a0 Gobierno \u00a0de \u00a0los \u00a0Estados \u00a0Unidos \u00a0de \u00a0Norteam\u00e9rica, \u00a0por \u00a0conducto \u00a0de \u00a0su embajada en Colombia, mediante nota verbal \u00a0N\u00b0 \u00a01069 \u00a0del \u00a013 \u00a0de \u00a0mayo \u00a0de \u00a02009, \u00a0solicit\u00f3 \u00a0al \u00a0Ministerio de Relaciones \u00a0Exteriores \u00a0la \u00a0detenci\u00f3n provisional, con fines de extradici\u00f3n, del ciudadano \u00a0SEVERO \u00a0IV \u00a0ESCOBAR \u00a0GARZ\u00d3N, pues la Corte Distrital de los Estados Unidos para \u00a0el \u00a0Distrito \u00a0Norte \u00a0de \u00a0Georgia lo requiere para comparecer en juicio, toda vez \u00a0que \u00a0all\u00ed \u00a0se emiti\u00f3 en su contra la acusaci\u00f3n N\u00b0 1:09-CR-025, dictada el 21 \u00a0de \u00a0enero \u00a0de \u00a02009, \u00a0en \u00a0la cual se le formulan cargos por delitos federales de \u00a0lavado \u00a0 \u00a0de \u00a0 \u00a0dinero \u00a0 \u00a0y \u00a0 \u00a0delitos \u00a0 relacionados \u00a0 con \u00a0 el \u00a0 tr\u00e1fico \u00a0 de \u00a0narc\u00f3ticos. \u00a0\u00a0<\/p>\n<p>El \u00a0se\u00f1or Fiscal General de la Naci\u00f3n, con \u00a0resoluci\u00f3n \u00a0del \u00a014 \u00a0de \u00a0mayo \u00a0de 2009, orden\u00f3 la captura de SEVERO IV ESCOBAR \u00a0GARZ\u00d3N, \u00a0diligencia \u00a0que \u00a0se \u00a0llev\u00f3 \u00a0a \u00a0cabo \u00a0el \u00a028 de septiembre de 2009 por \u00a0miembros \u00a0de la Polic\u00eda Nacional, adscritos a la Metropolitana de Barranquilla, \u00a0en \u00a0 \u00a0el \u00a0 \u00a0per\u00edmetro \u00a0 \u00a0urbano \u00a0 \u00a0de \u00a0 la \u00a0 capital \u00a0 del \u00a0 Departamento \u00a0 del \u00a0Atl\u00e1ntico. \u00a0\u00a0<\/p>\n<p>La \u00a0mencionada \u00a0representaci\u00f3n diplom\u00e1tica \u00a0formaliz\u00f3 \u00a0la \u00a0petici\u00f3n \u00a0de \u00a0extradici\u00f3n de SEVERO IV ESCOBAR GARZ\u00d3N, lo que \u00a0hizo \u00a0 a \u00a0 trav\u00e9s \u00a0 de \u00a0la \u00a0nota \u00a0verbal \u00a0N\u00b0 \u00a02678 \u00a0del \u00a016 \u00a0de \u00a0noviembre \u00a0de \u00a02010. \u00a0\u00a0<\/p>\n<p>El \u00a0Ministerio \u00a0de \u00a0Relaciones \u00a0Exteriores, \u00a0anotando \u00a0 que \u00a0 \u201cpor \u00a0no \u00a0existir \u00a0 Convenio \u00a0aplicable \u00a0al \u00a0caso \u00a0en \u00a0menci\u00f3n \u00a0es \u00a0procedente \u00a0obrar \u00a0de \u00a0conformidad \u00a0 con \u00a0 el \u00a0 ordenamiento \u00a0 procesal \u00a0 penal \u00a0colombiano\u201d, remiti\u00f3 \u00a0la \u00a0mencionada \u00a0nota verbal y los documentos anexos al del \u00a0Interior \u00a0y \u00a0de \u00a0Justicia, entidad que a su vez envi\u00f3 tal documentaci\u00f3n a esta \u00a0Corte, \u00a0 donde \u00a0 se \u00a0 dispuso \u00a0que \u00a0el \u00a0solicitado \u00a0designara \u00a0un \u00a0defensor \u00a0que \u00a0representara sus intereses en este tr\u00e1mite. \u00a0\u00a0<\/p>\n<p>El \u00a0solicitado le otorg\u00f3 poder a un abogado \u00a0de \u00a0confianza, \u00a0quien \u00a0present\u00f3 \u00a0memorial \u00a0en \u00a0el \u00a0que \u00a0manifiesta que \u00e9l y su \u00a0poderdante \u00a0 \u00a0 han \u00a0 \u00a0 decidido \u00a0 \u00a0 \u201crenunciar \u00a0 expresamente \u00a0 a \u00a0 los \u00a0 t\u00e9rminos \u00a0de \u00a0notificaci\u00f3n \u00a0y \u00a0ejecutoria \u00a0de \u00a0las \u00a0Resoluciones \u00a0mediante las cuales se nos solicita petici\u00f3n \u00a0probatoria, \u00a0al \u00a0igual \u00a0que el que reclama los Alegatos de Conclusi\u00f3n, toda vez \u00a0que \u00a0es deseo de mi defendido que se produzca cuanto antes el concepto favorable \u00a0para \u00a0su \u00a0extradici\u00f3n \u00a0al Estado requirente, pedimento \u00a0\u00e9ste que posteriormente fue coadyuvado por ESCOBAR GARZ\u00d3N. \u00a0\u00a0<\/p>\n<p>C O N S I D E R A C I O N E S \u00a0<\/p>\n<p>Como \u00a0lo estim\u00f3 el Ministerio de Relaciones \u00a0Exteriores, \u00a0este \u00a0tr\u00e1mite \u00a0de \u00a0extradici\u00f3n \u00a0se rige por las disposiciones del \u00a0C\u00f3digo \u00a0 de \u00a0Procedimiento \u00a0Penal. \u00a0Lo \u00a0anterior \u00a0implica \u00a0que, \u00a0a\u00fan \u00a0en \u00a0esta \u00a0actuaci\u00f3n \u00a0especial, \u00a0todos \u00a0los \u00a0intervinientes gozan de los mismos derechos e \u00a0id\u00e9nticas \u00a0garant\u00edas \u00a0y \u00a0facultades \u00a0concebidas \u00a0por \u00a0el \u00a0legislador \u00a0para los \u00a0sujetos procesales al interior del proceso. \u00a0\u00a0<\/p>\n<p>Por \u00a0eso \u00a0es \u00a0viable \u00a0que \u00a0cualquier \u00a0sujeto \u00a0procesal \u00a0renuncie \u00a0a \u00a0los \u00a0t\u00e9rminos \u00a0consagrados \u00a0por \u00a0la ley en su favor para \u00a0ejercer \u00a0alg\u00fan \u00a0derecho, \u00a0ya que as\u00ed lo admite el art\u00edculo 122 del C\u00f3digo de \u00a0Procedimiento \u00a0Civil, aplicable en virtud del principio de integraci\u00f3n previsto \u00a0en el art\u00edculo 25 de la Ley 906 de 2004. \u00a0\u00a0<\/p>\n<p>Pero \u00a0tal \u00a0renuncia \u00a0no \u00a0puede \u00a0afectar \u00a0el \u00a0eventual \u00a0inter\u00e9s \u00a0abrigado \u00a0por otros sujetos procesales o intervinientes para \u00a0hacer \u00a0uso, \u00a0de \u00a0acuerdo \u00a0con \u00a0sus particulares perspectivas, de los \u00e1mbitos de \u00a0intervenci\u00f3n \u00a0procesal \u00a0que \u00a0la ley estatuye, como son los que, en el escenario \u00a0del \u00a0tr\u00e1mite \u00a0de \u00a0extradici\u00f3n, \u00a0se\u00f1ala \u00a0para solicitar o presentar pruebas, o \u00a0aportar alegatos. \u00a0\u00a0<\/p>\n<p>P\u00e1gina contiene parte \u00a0resolutiva y firma del Presidente de la Sala \u00a0\u00a0<\/p>\n<p>Extradici\u00f3n N\u00b0 35.452 \u00a0<\/p>\n<p>Adem\u00e1s \u00a0del \u00a0defensor \u00a0y \u00a0el \u00a0solicitado en \u00a0extradici\u00f3n, \u00a0tiene \u00a0la \u00a0facultad \u00a0de \u00a0intervenir \u00a0ante \u00a0esta \u00a0Corte dentro del \u00a0tr\u00e1mite \u00a0de extradici\u00f3n el agente del Ministerio P\u00fablico, este \u00faltimo seg\u00fan \u00a0lo \u00a0dispone \u00a0el art\u00edculo 87, literal d) de la Ley 201 de 1995 y el art\u00edculo 29 \u00a0del \u00a0Decreto \u00a0262 \u00a0de \u00a02000, \u00a0por \u00a0manera \u00a0que la aceptaci\u00f3n de la renuncia que \u00a0presenta \u00a0el \u00a0apoderado \u00a0de \u00a0SEVERO IV ESCOBAR GARZ\u00d3N a los t\u00e9rminos que en su \u00a0favor \u00a0prev\u00e9 \u00a0el \u00a0art\u00edculo \u00a0500, \u00a0incisos \u00a01 \u00a0y \u00a03, \u00a0de \u00a0la Ley 906 de 2004, y \u00a0coadyuvada \u00a0por \u00a0el \u00a0requerido \u00a0en \u00a0extradici\u00f3n, \u00a0no \u00a0afectar\u00e1 la prosecuci\u00f3n \u00a0normal \u00a0de \u00a0esta \u00a0actuaci\u00f3n, \u00a0ni \u00a0alterar\u00e1 la posibilidad de que el Agente del \u00a0Ministerio \u00a0 P\u00fablico \u00a0 intervenga \u00a0 en \u00a0 cada \u00a0un \u00a0de \u00a0las \u00a0fases \u00a0\u2013solicitud \u00a0de \u00a0pr\u00e1ctica \u00a0de \u00a0pruebas y \u00a0presentaci\u00f3n de alegatos-. \u00a0\u00a0<\/p>\n<p>En \u00a0m\u00e9rito \u00a0de lo expuesto, la CORTE SUPREMA DE JUSTICIA, Sala de Casaci\u00f3n Penal, \u00a0\u00a0<\/p>\n<p>R E S U E L V E \u00a0<\/p>\n<p>Aceptar la renuncia \u00a0que \u00a0el defensor del solicitado en extradici\u00f3n SEVERO IV ESCOBAR GARZ\u00d3N hace a \u00a0los \u00a0t\u00e9rminos \u00a0probatorios \u00a0previstos en la ley dentro del presente tr\u00e1mite, y \u00a0coadyuvada por \u00e9ste. \u00a0\u00a0<\/p>\n<p>C\u00f3piese, \u00a0 \u00a0 \u00a0notif\u00edquese \u00a0 \u00a0 \u00a0y \u00a0c\u00famplase. \u00a0\u00a0<\/p>\n<p>JAVIER DE JES\u00daS ZAPATA ORTIZ \u00a0<\/p>\n<p>P\u00e1gina contiene firma \u00a0de 8 Magistrados \u00a0\u00a0<\/p>\n<p>Extradici\u00f3n N\u00b0 35.452 \u00a0<\/p>\n<p>JOS\u00c9 LEONIDAS BUSTOS MART\u00cdNEZ \u00a0\u00a0 \u00a0\u00a0 \u00a0\u00a0 \u00a0\u00a0 \u00a0\u00a0 \u00a0\u00a0 \u00a0 \u00a0 \u00a0 \u00a0 \u00a0\u00a0FERNANDO \u00a0 \u00a0A. \u00a0 \u00a0CASTRO \u00a0CABALLERO \u00a0\u00a0<\/p>\n<p>SIGIFREDO \u00a0 ESPINOSA \u00a0 P\u00c9REZ \u00a0\u00a0 \u00a0\u00a0 \u00a0\u00a0 \u00a0\u00a0 \u00a0\u00a0 \u00a0\u00a0 \u00a0 \u00a0\u00a0 \u00a0 \u00a0 \u00a0 \u00a0 \u00a0 \u00a0 \u00a0 \u00a0 \u00a0\u00a0ALFREDO G\u00d3MEZ QUINTERO \u00a0\u00a0<\/p>\n<p>MAR\u00cdA \u00a0 DEL \u00a0 ROSARIO \u00a0 GONZ\u00c1LEZ \u00a0 DE \u00a0L. \u00a0 \u00a0\u00a0 \u00a0 \u00a0 \u00a0 \u00a0 \u00a0 \u00a0 \u00a0\u00a0 \u00a0\u00a0 \u00a0\u00a0 \u00a0AUGUSTO J. \u00a0IBA\u00d1EZ GUZM\u00c1N \u00a0\u00a0<\/p>\n<p>Cita medica \u00a0<\/p>\n<p>JORGE \u00a0LUIS \u00a0QUINTERO \u00a0MILAN\u00c9S \u00a0\u00a0 \u00a0\u00a0 \u00a0\u00a0 \u00a0\u00a0 \u00a0\u00a0 \u00a0\u00a0 \u00a0 \u00a0\u00a0 \u00a0 \u00a0\u00a0JULIO \u00a0 \u00a0ENRIQUE \u00a0 \u00a0SOCHA \u00a0SALAMANCA \u00a0\u00a0<\/p>\n<p>TERESA RUIZ N\u00da\u00d1EZ \u00a0<\/p>\n<p>Secretaria \u00a0 \u00a0<\/p>\n<p><\/p>\n","protected":false},"excerpt":{"rendered":"<p>\u00a0 \u00a0 Proceso n.\u00ba 35452 \u00a0 CORTE SUPREMA DE JUSTICIA \u00a0 SALA DE CASACI\u00d3N PENAL \u00a0 Magistrado Ponente: \u00a0 Dr. SIGIFREDO ESPINOSA P\u00c9REZ \u00a0 Aprobado Acta N\u00b0 28. \u00a0 Bogot\u00e1, \u00a0D.C., \u00a0dos \u00a0de \u00a0febrero \u00a0de dos mil \u00a0once. \u00a0\u00a0 V I S T O S \u00a0 Se pronuncia la Corte sobre la renuncia a los [&hellip;]<\/p>\n","protected":false},"author":1,"featured_media":0,"comment_status":"open","ping_status":"open","sticky":false,"template":"","format":"standard","meta":{"footnotes":""},"categories":[19],"tags":[],"class_list":["post-22173","post","type-post","status-publish","format-standard","hentry","category-19"],"_links":{"self":[{"href":"https:\/\/dmsjuridica.com\/buscador_20179478954\/salapenalcronologico20230723\/wp-json\/wp\/v2\/posts\/22173","targetHints":{"allow":["GET"]}}],"collection":[{"href":"https:\/\/dmsjuridica.com\/buscador_20179478954\/salapenalcronologico20230723\/wp-json\/wp\/v2\/posts"}],"about":[{"href":"https:\/\/dmsjuridica.com\/buscador_20179478954\/salapenalcronologico20230723\/wp-json\/wp\/v2\/types\/post"}],"author":[{"embeddable":true,"href":"https:\/\/dmsjuridica.com\/buscador_20179478954\/salapenalcronologico20230723\/wp-json\/wp\/v2\/users\/1"}],"replies":[{"embeddable":true,"href":"https:\/\/dmsjuridica.com\/buscador_20179478954\/salapenalcronologico20230723\/wp-json\/wp\/v2\/comments?post=22173"}],"version-history":[{"count":0,"href":"https:\/\/dmsjuridica.com\/buscador_20179478954\/salapenalcronologico20230723\/wp-json\/wp\/v2\/posts\/22173\/revisions"}],"wp:attachment":[{"href":"https:\/\/dmsjuridica.com\/buscador_20179478954\/salapenalcronologico20230723\/wp-json\/wp\/v2\/media?parent=22173"}],"wp:term":[{"taxonomy":"category","embeddable":true,"href":"https:\/\/dmsjuridica.com\/buscador_20179478954\/salapenalcronologico20230723\/wp-json\/wp\/v2\/categories?post=22173"},{"taxonomy":"post_tag","embeddable":true,"href":"https:\/\/dmsjuridica.com\/buscador_20179478954\/salapenalcronologico20230723\/wp-json\/wp\/v2\/tags?post=22173"}],"curies":[{"name":"wp","href":"https:\/\/api.w.org\/{rel}","templated":true}]}}