{"id":22099,"date":"2023-09-12T16:33:37","date_gmt":"2023-09-12T16:33:37","guid":{"rendered":"https:\/\/dmsjuridica.com\/buscador_20179478954\/salapenalcronologico20230723\/2023\/09\/12\/3521726-01-11\/"},"modified":"2023-09-12T16:33:37","modified_gmt":"2023-09-12T16:33:37","slug":"3521726-01-11","status":"publish","type":"post","link":"https:\/\/dmsjuridica.com\/buscador_20179478954\/salapenalcronologico20230723\/2023\/09\/12\/3521726-01-11\/","title":{"rendered":"35217(26-01-11)"},"content":{"rendered":"\n<p>\u00a0 \u00a0 Proceso n.\u00ba 35217 \u00a0<\/p>\n<p>CORTE SUPREMA DE JUSTICIA \u00a0<\/p>\n<p>SALA \u00a0 DE \u00a0 CASACI\u00d3N \u00a0PENAL \u00a0\u00a0<\/p>\n<p>Magistrado Ponente: \u00a0<\/p>\n<p>Dr. SIGIFREDO ESPINOSA P\u00c9REZ \u00a0<\/p>\n<p>Aprobado Acta No. 19. \u00a0<\/p>\n<p>Bogot\u00e1, D.C., veintis\u00e9is de enero de dos mil \u00a0once. \u00a0\u00a0<\/p>\n<p>V I S T O S \u00a0<\/p>\n<p>Dentro del presente tr\u00e1mite de extradici\u00f3n \u00a0que \u00a0 \u00a0se \u00a0 \u00a0adelanta \u00a0 \u00a0respecto \u00a0 \u00a0del \u00a0 ciudadano \u00a0 colombiano \u00a0 ADOLFO \u00a0ARAG\u00d3N PANDALES, requerido por el \u00a0Gobierno \u00a0de \u00a0los \u00a0Estados \u00a0Unidos \u00a0de Norte Am\u00e9rica, le corresponde a la Corte \u00a0emitir \u00a0 concepto, \u00a0 toda \u00a0vez \u00a0que \u00a0venci\u00f3 \u00a0el \u00a0t\u00e9rmino \u00a0de \u00a0traslado \u00a0a \u00a0los \u00a0intervinientes \u00a0para \u00a0alegar, \u00a0dentro \u00a0del \u00a0cual \u00a0se \u00a0pronunci\u00f3 el delegado del \u00a0Ministerio P\u00fablico. \u00a0\u00a0<\/p>\n<p>A N T E C E D E N T E S \u00a0<\/p>\n<p>1.\u00a0 El Gobierno de los Estados Unidos de \u00a0Am\u00e9rica, \u00a0por \u00a0conducto \u00a0de \u00a0su embajada en Colombia, mediante nota verbal 0185 \u00a0del \u00a02 \u00a0de febrero de 2010, solicit\u00f3 del Ministerio de Relaciones Exteriores la \u00a0detenci\u00f3n \u00a0 \u00a0provisional, \u00a0 \u00a0con \u00a0 fines \u00a0 de \u00a0 extradici\u00f3n, \u00a0 del \u00a0 ciudadano \u00a0colombiano \u00a0 ADOLFO \u00a0 ARAG\u00d3N \u00a0 PANDALES, \u00a0pues \u00a0la \u00a0Corte \u00a0Distrital de los Estados Unidos para el Distrito \u00a0Medio \u00a0de \u00a0Florida \u00a0lo requiere para comparecer en juicio, toda vez que all\u00ed se \u00a0emiti\u00f3 \u00a0 \u00a0 en \u00a0 \u00a0 su \u00a0 \u00a0 contra \u00a0 \u00a0 la \u00a0 \u00a0acusaci\u00f3n \u00a0 \u00a0No. \u00a0 \u00a08:08\u2013CR\u2013397\u2013T\u201327TBM, \u00a0dictada \u00a0el \u00a019 \u00a0de \u00a0agosto de \u00a02009, \u00a0 en \u00a0la \u00a0cual \u00a0se \u00a0le \u00a0formulan \u00a0dos \u00a0cargos \u00a0por \u00a0delitos \u00a0federales \u00a0de \u00a0narc\u00f3ticos. \u00a0\u00a0<\/p>\n<p>2.\u00a0 \u00a0El \u00a0se\u00f1or \u00a0Fiscal \u00a0General \u00a0de la \u00a0Naci\u00f3n, \u00a0con \u00a0resoluci\u00f3n \u00a0del \u00a04 \u00a0de \u00a0febrero \u00a0de \u00a02010, orden\u00f3 la captura de \u00a0ADOLFO \u00a0ARAG\u00d3N \u00a0PANDALES, \u00a0diligencia \u00a0que \u00a0se \u00a0llev\u00f3 \u00a0a \u00a0cabo \u00a0el \u00a05 de agosto siguiente por miembros del \u00a0Departamento \u00a0Administrativo \u00a0de \u00a0Seguridad \u00a0en las instalaciones del Aeropuerto \u00a0Internacional Alfonso Bonilla Arag\u00f3n de Palmira. \u00a0\u00a0<\/p>\n<p>3.\u00a0 \u00a0 La \u00a0mencionada \u00a0representaci\u00f3n \u00a0diplom\u00e1tica \u00a0 \u00a0formaliz\u00f3 \u00a0 la \u00a0 petici\u00f3n \u00a0 de \u00a0 extradici\u00f3n \u00a0 de \u00a0ADOLFO \u00a0ARAG\u00d3N \u00a0PANDALES, \u00a0mediante la \u00a0nota \u00a0verbal \u00a0No. 2359 del 30 de septiembre de 2010, reiterando que en su contra \u00a0pesa \u00a0 \u00a0la \u00a0 \u00a0acusaci\u00f3n \u00a0 No. \u00a0 8:08\u2013CR\u2013397\u2013T\u201327TBM, \u00a0dictada \u00a0el \u00a019 \u00a0de \u00a0agosto de 2009, en la Corte Distrital de los Estados Unidos \u00a0para \u00a0el \u00a0Distrito \u00a0Medio \u00a0de \u00a0Florida \u00a0y \u00a0en la cual se le hacen los siguientes \u00a0cargos: \u00a0\u00a0<\/p>\n<p>\u201cCargo \u00a0Uno: \u00a0Concierto \u00a0para fabricar y distribuir cinco kilogramos o m\u00e1s de una sustancia o \u00a0mezcla \u00a0que \u00a0conten\u00eda una cantidad perceptible de coca\u00edna, con el conocimiento \u00a0de \u00a0que dicha sustancia ser\u00eda importada a los Estados Unidos, en violaci\u00f3n del \u00a0T\u00edtulo \u00a021, Secciones 959, 960(b) (1) (B) (ii) y 963 del C\u00f3digo de los Estados \u00a0Unidos; y \u00a0\u00a0<\/p>\n<p>Cargo \u00a0Dos: \u00a0Concierto \u00a0para \u00a0poseer con la \u00a0intenci\u00f3n \u00a0de distribuir cinco kilogramos o m\u00e1s de una sustancia que conten\u00eda \u00a0una \u00a0cantidad \u00a0perceptible \u00a0de \u00a0coca\u00edna, \u00a0mientras se encontraba a bordo de una \u00a0embarcaci\u00f3n \u00a0sujeta a la jurisdicci\u00f3n de los Estados Unidos, en violaci\u00f3n del \u00a0T\u00edtulo \u00a046, \u00a0Secciones \u00a070503 \u00a0(a) y 70506 (a) y (b) del C\u00f3digo de los Estados \u00a0Unidos, \u00a0y \u00a0del \u00a0T\u00edtulo \u00a021, \u00a0Secci\u00f3n \u00a0960 (b) (1) (B) (ii) del C\u00f3digo de los \u00a0Estados Unidos.\u201d \u00a0\u00a0<\/p>\n<p>4.\u00a0 \u00a0 El \u00a0 Ministerio \u00a0de \u00a0Relaciones \u00a0Exteriores, \u00a0 \u00a0anotando \u00a0 \u00a0que \u00a0 \u00a0\u201c\u2026por \u00a0 no \u00a0 existir \u00a0Convenio \u00a0aplicable \u00a0al \u00a0caso \u00a0en \u00a0menci\u00f3n \u00a0es \u00a0procedente \u00a0 obrar \u00a0 de \u00a0 conformidad \u00a0 con \u00a0 el \u00a0 ordenamiento \u00a0procesal \u00a0penal \u00a0colombiano.\u201d, remiti\u00f3 \u00a0la \u00a0mencionada \u00a0nota verbal y los documentos anexos al del \u00a0Interior \u00a0y \u00a0de \u00a0Justicia, entidad que a su vez envi\u00f3 tal documentaci\u00f3n a esta \u00a0Corte, \u00a0 donde \u00a0 se \u00a0 dispuso \u00a0que \u00a0el \u00a0solicitado \u00a0designara \u00a0un \u00a0defensor \u00a0que \u00a0representara sus intereses en este tr\u00e1mite. \u00a0\u00a0<\/p>\n<p>5. \u00a0En consideraci\u00f3n a que por auto del 1\u00b0 \u00a0de \u00a0 diciembre \u00a0 de \u00a0 2010 \u00a0la \u00a0Corte \u00a0neg\u00f3 \u00a0las \u00a0solicitudes \u00a0probatorias \u00a0del \u00a0representante \u00a0del \u00a0Ministerio \u00a0P\u00fablico, \u00a0sin que se advirtiera la necesidad de \u00a0incorporar \u00a0ninguna \u00a0evidencia, \u00a0se orden\u00f3 correr traslado a los intervinientes \u00a0por \u00a0el \u00a0t\u00e9rmino \u00a0de \u00a0cinco \u00a0(5) d\u00edas, de conformidad con lo preceptuado en el \u00a0inciso \u00a03\u00b0 \u00a0del \u00a0art\u00edculo \u00a0500 de la Ley 906 de 2004, para que presentaran los \u00a0alegatos. \u00a0Dicha \u00a0decisi\u00f3n \u00a0fue \u00a0notificada \u00a0y \u00a0en su contra no se interpuso el \u00a0recurso de reposici\u00f3n. \u00a0\u00a0<\/p>\n<p>6. \u00a0El \u00a0solicitado \u00a0le \u00a0otorg\u00f3 \u00a0poder a dos \u00a0abogados \u00a0de \u00a0confianza, \u00a0sin \u00a0que \u00a0ninguno \u00a0de \u00a0ellos hiciera uso del derecho a \u00a0presentar \u00a0alguna \u00a0consideraci\u00f3n \u00a0previa \u00a0al proferimiento de esta providencia. \u00a0\u00a0<\/p>\n<p>INTERVENCI\u00d3N \u00a0 \u00a0 \u00a0DEL \u00a0 \u00a0 MINISTERIO \u00a0P\u00daBLICO \u00a0\u00a0<\/p>\n<p>El se\u00f1or Procurador Segundo Delegado para la \u00a0Casaci\u00f3n \u00a0Penal, \u00a0luego \u00a0de \u00a0relacionar \u00a0de \u00a0manera \u00a0detallada \u00a0los hechos, los \u00a0antecedentes, \u00a0 el \u00a0tr\u00e1mite \u00a0adelantado, \u00a0los \u00a0instrumentos \u00a0allegados \u00a0a \u00a0este \u00a0diligenciamiento \u00a0y \u00a0de mencionar las normas aplicables al caso, se\u00f1ala que las \u00a0conductas \u00a0punibles \u00a0por \u00a0las \u00a0cuales \u00a0se le requiere, fueron cometidas en fecha \u00a0desconocida, \u00a0pero \u00a0por \u00a0lo \u00a0menos \u00a0a \u00a0partir \u00a0del \u00a0a\u00f1o \u00a02005, \u00a0es \u00a0decir, \u00a0con \u00a0posterioridad \u00a0 a \u00a0 la \u00a0 expedici\u00f3n \u00a0 del \u00a0acto \u00a0legislativo \u00a0No. \u00a01 \u00a0de \u00a01997, \u00a0circunstancia \u00a0 que \u00a0 permite \u00a0 predicar \u00a0 el \u00a0 cumplimiento \u00a0 de \u00a0la \u00a0exigencia \u00a0temporal. \u00a0\u00a0<\/p>\n<p>Igualmente, \u00a0dice el Procurador Delegado que \u00a0en \u00a0 lo \u00a0relacionado \u00a0con \u00a0la \u00a0validez \u00a0formal \u00a0de \u00a0los \u00a0documentos, \u00a0el \u00a0Estado \u00a0solicitante \u00a0aport\u00f3, \u00a0debidamente \u00a0traducidas \u00a0y \u00a0autenticadas, \u00a0la providencia \u00a0acusatoria, \u00a0en \u00a0la \u00a0cual \u00a0se \u00a0rese\u00f1a el lugar donde ocurrieron los hechos, las \u00a0fechas \u00a0y \u00a0el \u00a0delito imputado, las distintas normas penales y las declaraciones \u00a0de \u00a0apoyo \u00a0a \u00a0la \u00a0solicitud \u00a0de \u00a0extradici\u00f3n, \u00a0motivo \u00a0por \u00a0el \u00a0cual \u00a0se cumple \u00a0cabalmente con esta exigencia legal. \u00a0\u00a0<\/p>\n<p>Respecto \u00a0a \u00a0la \u00a0demostraci\u00f3n \u00a0plena \u00a0de la \u00a0identidad \u00a0del \u00a0requerido, \u00a0asevera \u00a0que \u00a0es \u00a0otra \u00a0exigencia \u00a0que \u00a0se encuentra \u00a0satisfecha, \u00a0toda \u00a0vez que los datos suministrados por las autoridades del pa\u00eds \u00a0requirente \u00a0coinciden con los de la persona que fue notificada de la resoluci\u00f3n \u00a0expedida \u00a0por \u00a0la \u00a0Fiscal\u00eda \u00a0General \u00a0de \u00a0la \u00a0Naci\u00f3n, \u00a0por medio de la cual se \u00a0orden\u00f3 \u00a0su \u00a0captura \u00a0y \u00a0que en este momento se encuentra privada de la libertad \u00a0con fines de extradici\u00f3n. \u00a0\u00a0<\/p>\n<p>Agrega que en las notas verbales allegadas al \u00a0presente \u00a0tr\u00e1mite \u00a0se \u00a0consignaron sus datos personales, es decir, que se trata \u00a0de \u00a0un ciudadano colombiano, nacido el 19 de diciembre de abril de 1965 y que es \u00a0portador \u00a0 \u00a0de \u00a0 \u00a0la \u00a0 \u00a0c\u00e9dula \u00a0 \u00a0de \u00a0 \u00a0ciudadan\u00eda \u00a0 \u00a0n\u00famero \u00a0 16\u2019487.020, \u00a0 \u00a0adem\u00e1s \u00a0 que \u00a0 al \u00a0 ser \u00a0aprehendido \u00a0se \u00a0identific\u00f3 \u00a0con \u00a0tal documento, cuyos datos coinciden tambi\u00e9n \u00a0con \u00a0 \u00a0los \u00a0 \u00a0que \u00a0 \u00a0suministr\u00f3 \u00a0 \u00a0ADOLFO \u00a0 ARAG\u00d3N \u00a0PANDALES. \u00a0\u00a0<\/p>\n<p>En \u00a0lo que tiene que ver con el principio de \u00a0la \u00a0doble \u00a0incriminaci\u00f3n, \u00a0sostiene \u00a0que \u00a0los \u00a0cargos \u00a0imputado \u00a0a ADOLFO \u00a0 ARAG\u00d3N \u00a0 PANDALES \u00a0 encuentran \u00a0adecuaci\u00f3n \u00a0t\u00edpica \u00a0en \u00a0los art\u00edculos 340 y 376 del C\u00f3digo Penal, los cuales \u00a0consagran \u00a0 los \u00a0 delitos \u00a0 de \u00a0 concierto \u00a0 para \u00a0 delinquir \u00a0 y \u00a0 tr\u00e1fico \u00a0de \u00a0estupefacientes, \u00a0cuya \u00a0pena \u00a0m\u00ednima privativa de la libertad en ambos tipos es \u00a0superior \u00a0a \u00a04 a\u00f1os, aspectos que conllevan a concluir que igualmente se cumple \u00a0con este postulado. \u00a0\u00a0<\/p>\n<p>En \u00a0lo \u00a0que respecta a la equivalencia de la \u00a0providencia \u00a0dictada \u00a0en \u00a0el \u00a0pa\u00eds solicitante, tampoco encuentra inconveniente \u00a0alguno, \u00a0por \u00a0cuanto \u00a0la\u00a0 \u00a0acusaci\u00f3n dictada en el extranjero contiene los \u00a0cargos \u00a0de \u00a0los \u00a0cuales se debe defender el acusado, adem\u00e1s de que contiene una \u00a0relaci\u00f3n \u00a0detallada \u00a0de los hechos y la calificaci\u00f3n jur\u00eddica de la conducta, \u00a0con \u00a0indicaci\u00f3n \u00a0de \u00a0las \u00a0disposiciones \u00a0sustanciales aplicables, lo\u00a0 cual \u00a0permite \u00a0 colegir \u00a0que \u00a0dicha \u00a0pieza \u00a0procesal \u00a0guarda \u00a0correspondencia \u00a0con \u00a0la \u00a0acusaci\u00f3n prevista en nuestro sistema procesal penal. \u00a0\u00a0<\/p>\n<p>En \u00a0consecuencia, \u00a0estima \u00a0el \u00a0Delegado \u00a0del \u00a0Ministerio \u00a0P\u00fablico \u00a0que \u00a0en \u00a0este \u00a0caso \u00a0las \u00a0formalidades \u00a0legales se cumplen \u00a0cabalmente \u00a0para que la Corte proceda a emitir concepto favorable respecto de la \u00a0solicitud \u00a0de \u00a0extradici\u00f3n \u00a0del \u00a0ciudadano colombiano \u00a0ADOLFO ARAG\u00d3N PANDALES. \u00a0\u00a0<\/p>\n<p>En \u00a0 orden \u00a0 a \u00a0 garantizar \u00a0los \u00a0derechos \u00a0fundamentales \u00a0del ciudadano colombiano requerido en extradici\u00f3n, el Procurador \u00a0Delegado \u00a0sugiere \u00a0a la Corte exhortar al Gobierno Nacional para que, en caso de \u00a0que \u00a0se \u00a0conceda, \u00a0se \u00a0condicione la misma en el sentido de que el solicitado no \u00a0sea \u00a0 juzgado \u00a0 por \u00a0hechos \u00a0anteriores \u00a0ni \u00a0distintos \u00a0a \u00a0los \u00a0que \u00a0motivan \u00a0la \u00a0extradici\u00f3n, \u00a0ni sometido a prisi\u00f3n perpetua, ni a tratos crueles, inhumanos o \u00a0degradantes. \u00a0\u00a0<\/p>\n<p>CONSIDERACIONES DE LA CORTE \u00a0<\/p>\n<p>1. Aspectos generales. \u00a0<\/p>\n<p>La \u00a0Corte \u00a0tiene \u00a0sentado que su competencia \u00a0dentro \u00a0del tr\u00e1mite de extradici\u00f3n est\u00e1 enfocada a expresar un concepto sobre \u00a0la \u00a0procedencia \u00a0de \u00a0entregar \u00a0o \u00a0no \u00a0a \u00a0la \u00a0persona \u00a0solicitada \u00a0por \u00a0un \u00a0pa\u00eds \u00a0extranjero, \u00a0despu\u00e9s \u00a0de \u00a0examinar los puntos a que se refiere el art\u00edculo 502 \u00a0de \u00a0la \u00a0Ley \u00a0906 \u00a0de \u00a02004, \u00a0sin \u00a0dejar \u00a0de \u00a0considerar que el articulo 35 de la \u00a0Constituci\u00f3n \u00a0Pol\u00edtica en su inciso 2, reformado por el Acto Legislativo No. 1 \u00a0de \u00a01997, \u00a0autoriza \u00a0la \u00a0extradici\u00f3n \u00a0de \u00a0colombianos por nacimiento cuando son \u00a0reclamados \u00a0por \u00a0delitos \u00a0cometidos \u00a0en \u00a0el \u00a0exterior \u00a0y \u00a0las \u00a0conductas que los \u00a0originan \u00a0tambi\u00e9n \u00a0as\u00ed \u00a0se \u00a0consideren \u00a0en \u00a0la \u00a0legislaci\u00f3n penal colombiana. \u00a0\u00a0<\/p>\n<p>Significa \u00a0lo anterior que no aparece motivo \u00a0constitucional impediente de la extradici\u00f3n. \u00a0\u00a0<\/p>\n<p>2. \u00a0Validez \u00a0 formal \u00a0 de \u00a0 la \u00a0 documentaci\u00f3n \u00a0 presentada. \u00a0\u00a0<\/p>\n<p>El \u00a0Gobierno \u00a0de \u00a0los \u00a0Estados \u00a0Unidos \u00a0de \u00a0Am\u00e9rica, \u00a0a \u00a0trav\u00e9s \u00a0de \u00a0su \u00a0embajada \u00a0en \u00a0Bogot\u00e1, \u00a0remiti\u00f3 al Ministerio de \u00a0relaciones \u00a0exteriores \u00a0la Notas Verbales 0185 del 2 de febrero y 2359 del 30 de \u00a0septiembre \u00a0 de \u00a0 2010, \u00a0 mediante \u00a0las \u00a0cuales \u00a0solicita \u00a0la \u00a0extradici\u00f3n \u00a0del \u00a0se\u00f1or \u00a0 \u00a0ADOLFO \u00a0 \u00a0ARAG\u00d3N \u00a0 \u00a0PANDALES, \u00a0quien es requerido para comparecer a juicio por delitos federales \u00a0de narc\u00f3ticos. \u00a0\u00a0<\/p>\n<p>Dicha \u00a0solicitud se ampara en la resoluci\u00f3n \u00a0de \u00a0 \u00a0 \u00a0acusaci\u00f3n \u00a0 \u00a0 No. \u00a0 \u00a0 8:08\u2013CR\u2013397\u2013T\u201327TBM, \u00a0dictada \u00a0el \u00a019 \u00a0de \u00a0agosto de 2009, en la Corte Distrital de los Estados Unidos \u00a0para el Distrito Medio de Florida. \u00a0\u00a0<\/p>\n<p>Como \u00a0lo ha reiterado la Corte, el requisito \u00a0de \u00a0 la \u00a0 validez \u00a0 formal \u00a0 de \u00a0 la \u00a0 documentaci\u00f3n \u00a0 apunta \u00a0 \u201c\u2026a \u00a0 \u00a0los \u00a0 procedimientos \u00a0 de \u00a0 la \u00a0documentaci\u00f3n \u00a0que realiza el c\u00f3nsul o agente diplom\u00e1tico de la rep\u00fablica o, \u00a0en \u00a0su \u00a0defecto, \u00a0el \u00a0de una Naci\u00f3n amiga; al abono de la firma del funcionario \u00a0que \u00a0 certifica \u00a0por \u00a0parte \u00a0del \u00a0Ministerio \u00a0de \u00a0Relaciones \u00a0Exteriores, \u00a0y \u00a0la \u00a0correspondiente \u00a0 \u00a0 traducci\u00f3n \u00a0 \u00a0 de \u00a0 \u00a0todos \u00a0 \u00a0los \u00a0 \u00a0documentos\u201d1. \u00a0\u00a0<\/p>\n<p>Los documentos que sustentan la solicitud de \u00a0extradici\u00f3n \u00a0de \u00a0ADOLFO ARAG\u00d3N PANDALES, fueron autenticados as\u00ed: \u00a0\u00a0<\/p>\n<p>El se\u00f1or Thomas C. Black, Director Asociado \u00a0de \u00a0la \u00a0Oficina \u00a0de Asuntos Internacionales, Divisi\u00f3n de lo Penal, Departamento \u00a0de \u00a0Justicia \u00a0de los Estados Unidos, certific\u00f3 las firmas de la Fiscal Auxiliar \u00a0de \u00a0los \u00a0Estados \u00a0Unidos, \u00a0Kathy \u00a0J.M. Peluso, juramentada el 2 de septiembre de \u00a02010 \u00a0ante un Juez Magistrado de los Estados Unidos, y del Agente Especial Kelly \u00a0J. \u00a0Thomas \u00a0de la Oficina Federal de Investigaciones (FBI), tambi\u00e9n juramentado \u00a0ante \u00a0un Juez Magistrado de los Estados Unidos el 2 de septiembre de 2010. Estas \u00a0personas \u00a0declararon \u00a0en \u00a0apoyo \u00a0de la solicitud de extradici\u00f3n de ADOLFO ARAG\u00d3N PANDALES. \u00a0\u00a0<\/p>\n<p>Por \u00a0su \u00a0parte \u00a0el Procurador General de los \u00a0Estados \u00a0Unidos, \u00a0Eric \u00a0H. \u00a0Holder, \u00a0Jr., \u00a0aval\u00f3 \u00a0la firma del se\u00f1or Thomas C. \u00a0Black, \u00a0y orden\u00f3 estampar el sello del departamento de Justicia y autenticar su \u00a0firma \u00a0por \u00a0el \u00a0Director \u00a0Adjunto \u00a0de \u00a0la \u00a0Oficina \u00a0de \u00a0Asuntos Internacionales, \u00a0Divisi\u00f3n de lo Penal. \u00a0\u00a0<\/p>\n<p>Lo \u00a0anterior \u00a0fue certificado por la se\u00f1ora \u00a0Hillary \u00a0Rodham \u00a0Clinton, \u00a0Secretaria de Estado, quien autentic\u00f3 su firma el 24 \u00a0de \u00a0septiembre de 2010, ante el funcionario auxiliar de autenticaciones de dicho \u00a0Departamento, \u00a0Patrick \u00a0O. Hatchett. Finalmente, el mismo d\u00eda 24 de septiembre, \u00a0la \u00a0C\u00f3nsul \u00a0de \u00a0Colombia en Washington D.C., doctora Libia Mosquera Viveros, da \u00a0fe \u00a0 de \u00a0 la \u00a0 autenticidad \u00a0 de \u00a0 la \u00a0 firma \u00a0 del \u00a0 se\u00f1or\u00a0 \u00a0 Patrick \u00a0O. \u00a0Hatchett. \u00a0\u00a0<\/p>\n<p>Con lo anterior se cumpli\u00f3 lo establecido en \u00a0el \u00a0art\u00edculo 259 del C. de P. Civil, modificado por el 1, numeral 118, del D.E. \u00a02282 \u00a0que \u00a0dice: \u201cLos documentos p\u00fablicos otorgados \u00a0en \u00a0pa\u00eds \u00a0extranjero por funcionario de este o de \u00e9ste o con su intervenci\u00f3n, \u00a0deber\u00e1n \u00a0 presentarse \u00a0 debidamente \u00a0 autenticados \u00a0por \u00a0el \u00a0c\u00f3nsul \u00a0o \u00a0agente \u00a0diplom\u00e1tico \u00a0de \u00a0la Rep\u00fablica, y en su defecto por el de una Naci\u00f3n amiga, lo \u00a0cual \u00a0hace \u00a0presumir que se otorgaron conforme a la ley del respectivo pa\u00eds. La \u00a0firma \u00a0del \u00a0C\u00f3nsul \u00a0o \u00a0Agente \u00a0Diplom\u00e1tico \u00a0se \u00a0abonar\u00e1 \u00a0por el Ministerio de \u00a0Relaciones \u00a0Exteriores de Colombia, y si se tratar\u00e1 de Agentes consulares de un \u00a0pa\u00eds \u00a0amigo, \u00a0se \u00a0autenticar\u00e1 \u00a0previamente \u00a0por \u00a0el funcionario competente del \u00a0mismo \u00a0y \u00a0de los de \u00e9ste por el C\u00f3nsul colombiano\u201d, \u00a0disposici\u00f3n \u00a0aplicable al caso en virtud del principio de integraci\u00f3n previsto \u00a0en \u00a0los art\u00edculos 25 y 495, \u00faltimo inciso, del C\u00f3digo de Procedimiento Penal. \u00a0\u00a0<\/p>\n<p>De \u00a0esa \u00a0forma, \u00a0queda \u00a0establecido \u00a0que \u00a0la \u00a0documentaci\u00f3n \u00a0 presentada \u00a0 en \u00a0 respaldo \u00a0 del \u00a0 pedido \u00a0de \u00a0extradici\u00f3n \u00a0de \u00a0ADOLFO \u00a0ARAG\u00d3N \u00a0PANDALES es \u00a0formalmente v\u00e1lida. \u00a0\u00a0<\/p>\n<p>3. \u00a0Identidad \u00a0 plena \u00a0 del \u00a0 solicitado \u00a0 en \u00a0 extradici\u00f3n.\u00a0 \u00a0\u00a0<\/p>\n<p>Es \u00a0claro \u00a0que \u00a0la \u00a0persona \u00a0reclamada \u00a0en \u00a0extradici\u00f3n \u00a0es \u00a0la \u00a0misma \u00a0que hacia las 9:15 de la ma\u00f1ana del 5 de agosto de \u00a02010, \u00a0fue \u00a0capturada \u00a0en \u00a0la \u00a0ciudad \u00a0de Palmira por efectivos del Departamento \u00a0Administrativo \u00a0de \u00a0Seguridad, \u00a0en cumplimiento de la orden de captura con fines \u00a0de \u00a0extradici\u00f3n \u00a0emitida \u00a0mediante \u00a0resoluci\u00f3n del 4 de febrero de 2010 por el \u00a0despacho del se\u00f1or Fiscal General de la Naci\u00f3n. \u00a0\u00a0<\/p>\n<p>De acuerdo con las Notas Verbales 0185 del 2 \u00a0de \u00a0febrero \u00a0y \u00a02359 \u00a0del \u00a030 \u00a0de septiembre de 2010, a trav\u00e9s de las cuales la \u00a0Embajada \u00a0 de \u00a0 los \u00a0 Estados \u00a0Unidos \u00a0en \u00a0Bogot\u00e1 \u00a0solicit\u00f3 \u00a0y \u00a0formaliz\u00f3 \u00a0el \u00a0requerimiento \u00a0 de \u00a0extradici\u00f3n \u00a0de \u00a0ADOLFO \u00a0ARAG\u00d3N \u00a0PANDALES, \u00a0 se \u00a0 obtiene \u00a0 que \u00a0 \u00e9ste \u00a0es \u00a0ciudadano \u00a0colombiano, \u00a0nacido \u00a0el \u00a019 \u00a0de \u00a0diciembre \u00a0de \u00a01965, \u00a0portador de la C\u00e9dula de \u00a0Ciudadan\u00eda \u00a0 \u00a0colombiana \u00a0 \u00a0No. \u00a0 16\u2019487.020. \u00a0\u00a0<\/p>\n<p>Por \u00a0su \u00a0parte, \u00a0el Agente Especial Nelly J. \u00a0Thomas, \u00a0 de \u00a0 la \u00a0Oficina \u00a0Federal \u00a0de \u00a0Investigaciones \u00a0(FBI), \u00a0adjunta \u00a0a \u00a0su \u00a0declaraci\u00f3n \u00a0como \u201cPRUEBA E\u201d: una copia del Informe de Consulta del sistema \u00a0AFIS \u00a0de la Direcci\u00f3n Nacional de Identificaci\u00f3n colombiana, correspondiente a \u00a0ADOLFO \u00a0ARAG\u00d3N \u00a0PANDALES. \u00a0\u201cSe \u00a0adjunta a esta declaraci\u00f3n jurada como prueba \u00a0E \u00a0una fotograf\u00eda de Adolfo ARAG\u00d3N PANDALES, alias \u201cTocayo\u201d. Varios de los \u00a0testigos \u00a0colaboradores \u00a0antes \u00a0descritos \u00a0han \u00a0mirado \u00a0a \u00a0la fotograf\u00eda que se \u00a0adjunta \u00a0como \u00a0Prueba \u00a0E \u00a0y \u00a0han \u00a0confirmado \u00a0que \u00a0la \u00a0persona que aparece en la \u00a0fotograf\u00eda \u00a0es \u00a0Adolfo ARAG\u00d3N PANDALES, \u00a0 alias \u00a0\u201cTocayo\u201d, \u00a0la \u00a0persona \u00a0cuya \u00a0conducta \u00a0delictiva \u00a0se \u00a0describe \u00a0en \u00a0esta \u00a0declaraci\u00f3n \u00a0jurada \u00a0y \u00a0quien ha sido acusada en este caso. \u00a0Adem\u00e1s, \u00a0agentes \u00a0del \u00a0orden p\u00fablico en Colombia han confirmado que la persona \u00a0que \u00a0 aparece \u00a0en \u00a0la \u00a0fotograf\u00eda \u00a0de \u00a0la \u00a0Prueba \u00a0E \u00a0es \u00a0la \u00a0persona \u00a0que \u00a0fue \u00a0recientemente \u00a0arrestada en Colombia por la orden de arresto provisional emitida \u00a0en este asunto.\u201d \u00a0\u00a0<\/p>\n<p>En \u00a0el \u00a0Acta de notificaci\u00f3n de la orden de \u00a0captura \u00a0con \u00a0fines \u00a0de \u00a0extradici\u00f3n, \u00a0as\u00ed \u00a0como en el memorial en que otorg\u00f3 \u00a0poder \u00a0a \u00a0sus \u00a0abogados \u00a0de \u00a0confianza \u00a0para que lo representaran en el presente \u00a0tr\u00e1mite, \u00a0 ADOLFO \u00a0 ARAG\u00d3N \u00a0PANDALES \u00a0consign\u00f3 \u00a0como \u00a0n\u00famero \u00a0de su c\u00e9dula de ciudadan\u00eda, el mismo que \u00a0reportan las autoridades norteamericanas. \u00a0\u00a0<\/p>\n<p>Igualmente, en la misma fecha de la captura, \u00a0al \u00a0requerido se le tom\u00f3 la rese\u00f1a decadactilar en formato del D.A.S., la cual \u00a0fue \u00a0comparada con el informe de consulta AFIS de la Registradur\u00eda Nacional del \u00a0Estado \u00a0Civil \u00a0del \u00a0referido n\u00famero de c\u00e9dula expedido a nombre de \u00a0ADOLFO \u00a0ARAG\u00d3N PANDALES, estudio con el \u00a0que \u00a0fue \u00a0establecida la uniprocedencia de las impresiones digitales2. \u00a0\u00a0<\/p>\n<p>De \u00a0acuerdo \u00a0con \u00a0el estatuto procesal penal \u00a0colombiano, \u00a0lo \u00a0que ata\u00f1e a las autoridades Nacionales es la determinaci\u00f3n de \u00a0la \u00a0identidad \u00a0personal \u00a0entre \u00a0quien es solicitado en extradici\u00f3n y la persona \u00a0que \u00a0para \u00a0tal \u00a0efecto ha sido capturada, aspecto que de acuerdo con las pruebas \u00a0rese\u00f1adas se encuentra demostrado a cabalidad. \u00a0\u00a0<\/p>\n<p>Lo anterior indica que este segundo requisito \u00a0tambi\u00e9n se encuentra debidamente acreditado.\u00a0 \u00a0\u00a0<\/p>\n<p>4. \u00a0Equivalencia \u00a0 \u00a0 de \u00a0 \u00a0 la \u00a0 \u00a0 providencia \u00a0 \u00a0 proferida \u00a0 \u00a0en \u00a0 \u00a0el \u00a0extranjero.\u00a0 \u00a0\u00a0<\/p>\n<p>Como \u00a0 lo \u00a0 ha \u00a0 reiterado \u00a0 en \u00a0 diversas \u00a0oportunidades \u00a0la \u00a0Sala \u00a0de \u00a0Casaci\u00f3n Penal de la Corte Suprema de Justicia, se \u00a0cumple \u00a0con \u00a0el requisito en menci\u00f3n, acatando lo previsto en el art\u00edculo 502, \u00a0inciso \u00a01, \u00a0del actual C\u00f3digo de Procedimiento Penal: cuando se haya dictado en \u00a0el exterior resoluci\u00f3n de acusaci\u00f3n o su equivalente. \u00a0\u00a0<\/p>\n<p>En \u00a0el \u00a0presente \u00a0evento, el 19 de agosto de \u00a02009, \u00a0el \u00a0Gran \u00a0Jurado del Tribunal de Distrito de los Estados Unidos, Distrito \u00a0Medio \u00a0de \u00a0Florida, profiri\u00f3 la acusaci\u00f3n (acusaci\u00f3n formal o \u201cindictment\u201d) \u00a0 No. \u00a0 8:08\u2013CR\u2013397\u2013T\u201327TBM, \u00a0 con \u00a0 base \u00a0en \u00a0los \u00a0delitos \u00a0se\u00f1alados \u00a0anteriormente, \u00a0acto \u00a0procesal \u00a0que \u00a0equivale \u00a0a \u00a0la \u00a0resoluci\u00f3n de \u00a0acusaci\u00f3n \u00a0 prevista \u00a0 en \u00a0 el \u00a0 sistema \u00a0 Procesal \u00a0 Penal \u00a0Colombiano. \u00a0Tales \u00a0providencias, \u00a0si \u00a0bien \u00a0no \u00a0son \u00a0id\u00e9nticas, guardan similitudes que las tornan \u00a0equivalentes, \u00a0con \u00a0lo \u00a0cual el requisito legal en estudio se estima acreditado. \u00a0\u00a0<\/p>\n<p>Dichas \u00a0decisiones \u00a0judiciales \u00a0contienen un \u00a0pliego \u00a0de \u00a0cargos, \u00a0de \u00a0los \u00a0cuales se debe defender el acusado en juicio. A su \u00a0vez, \u00a0constituyen \u00a0presupuesto \u00a0procesal \u00a0para \u00a0la \u00a0iniciaci\u00f3n \u00a0de \u00a0la etapa de \u00a0juzgamiento, \u00a0que \u00a0culmina \u00a0con \u00a0el \u00a0respectivo \u00a0fallo \u00a0de \u00a0m\u00e9rito. En ellas se \u00a0consigna \u00a0una \u00a0relaci\u00f3n \u00a0detallada \u00a0de \u00a0los \u00a0hechos \u00a0con especificaci\u00f3n de las \u00a0circunstancias \u00a0de \u00a0tiempo, \u00a0modo \u00a0y \u00a0lugar en que ocurrieron y la calificaci\u00f3n \u00a0jur\u00eddica \u00a0de \u00a0la \u00a0conducta, \u00a0con \u00a0indicaci\u00f3n de las disposiciones sustanciales \u00a0aplicables. \u00a0\u00a0<\/p>\n<p>En consecuencia, la acusaci\u00f3n emitida por el \u00a0Tribunal \u00a0norteamericano es equivalente y tiene la misma fuerza vinculante de la \u00a0resoluci\u00f3n \u00a0 de \u00a0 acusaci\u00f3n \u00a0 propia \u00a0 de \u00a0 nuestro \u00a0sistema \u00a0procesal \u00a0penal. \u00a0\u00a0<\/p>\n<p>Por todo lo anterior este requisito tambi\u00e9n \u00a0se cumple a cabalidad. \u00a0\u00a0<\/p>\n<p>5. \u00a0El \u00a0principio \u00a0de \u00a0la doble incriminaci\u00f3n. \u00a0\u00a0<\/p>\n<p>De \u00a0acuerdo con el numeral 1\u00b0 del art\u00edculo \u00a0493-1 \u00a0 del \u00a0 C\u00f3digo \u00a0de \u00a0Procedimiento \u00a0Penal, \u00a0Ley \u00a0906 \u00a0de \u00a02004, \u00a0la \u00a0doble \u00a0incriminaci\u00f3n \u00a0se \u00a0presenta \u00a0cuando \u00a0el \u00a0hecho que es motivo de la extradici\u00f3n \u00a0est\u00e1 \u00a0\u201cprevisto como delito en Colombia y reprimido \u00a0con \u00a0una sanci\u00f3n privativa de la libertad cuyo m\u00ednimo no sea inferior a cuatro \u00a0(4) a\u00f1os\u201d. \u00a0\u00a0<\/p>\n<p>La Corte tiene dicho que para establecer si \u00a0la \u00a0conducta \u00a0que \u00a0se \u00a0le \u00a0imputa \u00a0al \u00a0requerido \u00a0en \u00a0el \u00a0pa\u00eds \u00a0solicitante \u00a0es \u00a0considerada \u00a0como \u00a0delito \u00a0en \u00a0Colombia, debe hacerse una comparaci\u00f3n entre las \u00a0normas \u00a0que \u00a0all\u00ed \u00a0sustentan \u00a0la \u00a0sindicaci\u00f3n, \u00a0con \u00a0las de orden interno para \u00a0establecer \u00a0si \u00a0\u00e9stas \u00a0tambi\u00e9n \u00a0recogen los comportamientos contenidos en cada \u00a0uno de los cargos. \u00a0\u00a0<\/p>\n<p>Tal \u00a0 confrontaci\u00f3n \u00a0 se \u00a0 hace \u00a0con \u00a0la \u00a0normatividad \u00a0que est\u00e1 en vigor al momento de rendir el concepto, puesto que lo \u00a0emite \u00a0dentro del tr\u00e1mite de un mecanismo de cooperaci\u00f3n internacional, raz\u00f3n \u00a0por \u00a0la cual la aplicaci\u00f3n del principio de favorabilidad que podr\u00eda arg\u00fcirse \u00a0como \u00a0producto \u00a0natural \u00a0de \u00a0la \u00a0sucesi\u00f3n \u00a0de \u00a0leyes no entrar\u00eda en juego, por \u00a0cuanto \u00a0las dom\u00e9sticas no son las que operar\u00e1n en el extranjero. Lo que a este \u00a0prop\u00f3sito \u00a0 determina \u00a0el \u00a0concepto \u00a0es \u00a0que, \u00a0sin \u00a0importar \u00a0la \u00a0denominaci\u00f3n \u00a0jur\u00eddica, \u00a0el \u00a0acto \u00a0desarrollado por el ciudadano cuya extradici\u00f3n se demanda \u00a0sea igualmente considerado como delictuoso en el territorio patrio. \u00a0\u00a0<\/p>\n<p>5.1.\u00a0 La Nota \u00a0Verbal \u00a02359 \u00a0del \u00a030 \u00a0de \u00a0septiembre \u00a0de \u00a02010, \u00a0describe \u00a0lo \u00a0hechos \u00a0que \u00a0las \u00a0autoridades \u00a0judiciales del Distrito Medio de florida, en los Estados Unidos, le \u00a0imputan \u00a0 a \u00a0 ADOLFO \u00a0 ARAG\u00d3N \u00a0PANDALES, de la siguiente manera: \u00a0\u00a0<\/p>\n<p>\u201cLa \u00a0investigaci\u00f3n \u00a0ha \u00a0revelado que desde por lo menos 2005 y continuando hasta por \u00a0lo \u00a0 menos \u00a0 el \u00a0 19 \u00a0 de \u00a0 agosto \u00a0 de \u00a0 2009, \u00a0 Adolfo \u00a0Arag\u00f3n \u00a0Pandales \u00a0fue \u00a0transportador\/organizador \u00a0de narc\u00f3ticos de alto nivel que operaba partiendo de \u00a0la \u00a0costa \u00a0pac\u00edfica \u00a0colombiana. \u00a0En \u00a0dicha \u00a0capacidad, \u00a0Arag\u00f3n \u00a0Pandales \u00a0fue \u00a0responsable \u00a0de \u00a0coordinar \u00a0despachos \u00a0de m\u00faltiples toneladas de coca\u00edna desde \u00a0Colombia \u00a0a \u00a0M\u00e9xico, \u00a0los \u00a0cuales eran transportados por lanchas-r\u00e1pidas y por \u00a0naves \u00a0 de \u00a0auto-propulsi\u00f3n \u00a0semi-sumergibles \u00a0(SPSS). \u00a0Dicha \u00a0coca\u00edna \u00a0estaba \u00a0destinada \u00a0a \u00a0ser \u00a0importada a los Estados Unidos. Entre octubre de 2005 y abril \u00a0de \u00a02009, \u00a0cuatro \u00a0de \u00a0las \u00a0operaciones \u00a0de \u00a0contrabando organizadas por Arag\u00f3n \u00a0Pandales \u00a0y \u00a0sus socios fueron interceptadas por la Armada de los Estados Unidos \u00a0y \u00a0personal de las fuerzas del orden de la Guardia Costera de los Estados Unidos \u00a0en aguas internacionales del Oc\u00e9ano Pac\u00edfico Oriental. \u00a0\u00a0<\/p>\n<p>La \u00a0evidencia \u00a0contra \u00a0Arag\u00f3n \u00a0Pandales \u00a0incluye, \u00a0pero \u00a0no \u00a0se \u00a0limita \u00a0a, \u00a0informaci\u00f3n \u00a0suministrada \u00a0por testigos que \u00a0cooperan \u00a0en \u00a0el \u00a0caso \u00a0y \u00a0por \u00a0evidencia f\u00edsica obtenida durante incautaciones \u00a0legales \u00a0 de \u00a0 coca\u00edna \u00a0 realizada \u00a0 por \u00a0 oficiales \u00a0 de \u00a0 las \u00a0 fuerzas \u00a0 del \u00a0orden. \u00a0\u00a0<\/p>\n<p>Todas \u00a0las \u00a0acciones \u00a0adelantadas \u00a0por \u00a0el \u00a0acusado \u00a0en \u00a0este caso fueron realizadas con posterioridad al 17 de diciembre de \u00a01997.\u201d \u00a0\u00a0<\/p>\n<p>5.2. \u00a0 En \u00a0 la \u00a0acusaci\u00f3n \u00a0 \u00a0 \u00a0 \u00a0No. \u00a0 \u00a0 \u00a0 \u00a08:08\u2013CR\u2013397\u2013T\u201327TBM, \u00a0proferida \u00a0por \u00a0la \u00a0Corte Distrital de los Estados Unidos para el Distrito Medio \u00a0de \u00a0Florida \u00a0el \u00a019 \u00a0de \u00a0agosto \u00a0de \u00a02009, aparecen los cargos formulados contra \u00a0ADOLFO \u00a0ARAG\u00d3N PANDALES, de \u00a0la siguiente manera: \u00a0\u00a0<\/p>\n<p>\u201cEl \u00a0Gran \u00a0Jurado expide la siguiente acusaci\u00f3n: \u00a0\u00a0<\/p>\n<p>CARGO UNO \u00a0<\/p>\n<p>Desde \u00a0una \u00a0fecha desconocida, pero por lo \u00a0menos \u00a0a \u00a0partir \u00a0del a\u00f1o 2005, y continuando hasta la fecha de esta Acusaci\u00f3n \u00a0Formal, \u00a0inclusive, \u00a0en \u00a0el \u00a0Distrito \u00a0Medio \u00a0de \u00a0Florida y en otros lugares, el \u00a0acusado, \u00a0\u00a0<\/p>\n<p>ADOLFO ARAG\u00d3N PANDALES, \u00a0<\/p>\n<p>a \u00a0sabiendas y voluntariamente confabul\u00f3, \u00a0se \u00a0asoci\u00f3 \u00a0il\u00edcitamente \u00a0y \u00a0acord\u00f3 \u00a0con \u00a0otras \u00a0personas \u00a0cuyos \u00a0nombres son \u00a0conocidos \u00a0y \u00a0desconocidos \u00a0por el Gran Jurado, para elaborar y distribuir cinco \u00a0(5) \u00a0kilogramos \u00a0o \u00a0m\u00e1s \u00a0de \u00a0una \u00a0mezcla \u00a0o sustancia que contiene una cantidad \u00a0detectable \u00a0de \u00a0coca\u00edna, \u00a0una sustancia controlada en la Lista II, sabiendo que \u00a0dicha \u00a0sustancia \u00a0ser\u00eda il\u00edcitamente importada en los Estados Unidos, y con la \u00a0intenci\u00f3n \u00a0de \u00a0que \u00a0as\u00ed ocurriera, en violaci\u00f3n de la secci\u00f3n 959 de T\u00edtulo \u00a021 del C\u00f3digo de los Estados Unidos. \u00a0\u00a0<\/p>\n<p>Todo ello se realiz\u00f3 en violaci\u00f3n de las \u00a0Secciones \u00a0963 \u00a0y \u00a0960 \u00a0(b)(1)(B)(ii) \u00a0del T\u00edtulo 21 del C\u00f3digo de los Estados \u00a0Unidos. \u00a0\u00a0<\/p>\n<p>CARGO DOS \u00a0<\/p>\n<p>Desde \u00a0una \u00a0fecha desconocida, pero por lo \u00a0menos \u00a0a \u00a0partir \u00a0del a\u00f1o 2005, y continuando hasta la fecha de esta Acusaci\u00f3n \u00a0Formal, \u00a0inclusive, \u00a0en \u00a0el \u00a0Distrito \u00a0Medio \u00a0de \u00a0Florida y en otros lugares, el \u00a0acusado, \u00a0\u00a0<\/p>\n<p>ADOLFO ARAG\u00d3N PANDALES, \u00a0<\/p>\n<p>a \u00a0sabiendas y voluntariamente confabul\u00f3, \u00a0se \u00a0asoci\u00f3 \u00a0il\u00edcitamente \u00a0y \u00a0acord\u00f3 \u00a0con \u00a0otras \u00a0personas \u00a0cuyos \u00a0nombres son \u00a0conocidos \u00a0y \u00a0desconocidos \u00a0por el Gran Jurado, para poseer con la intenci\u00f3n de \u00a0distribuir \u00a0cinco \u00a0(5) kilogramos o m\u00e1s de una mezcla o sustancia que conten\u00eda \u00a0una \u00a0cantidad \u00a0detectable \u00a0de coca\u00edna, una sustancia controlada en la Lista II, \u00a0encontr\u00e1ndose \u00a0a \u00a0bordo \u00a0de \u00a0una \u00a0embarcaci\u00f3n sujeta a la jurisdicci\u00f3n de los \u00a0Estados \u00a0Unidos, \u00a0en violaci\u00f3n de las Secciones 70503 (a) y 70506 (a) y (b) del \u00a0T\u00edtulo \u00a046 \u00a0del C\u00f3digo de los Estados Unidos y la Secci\u00f3n 960(b) (1) (B) (ii) \u00a0del T\u00edtulo 21 del C\u00f3digo de los Estados Unidos. \u00a0\u00a0<\/p>\n<p>El \u00a0T\u00edtulo 21, Secci\u00f3n 959 del C\u00f3digo de \u00a0los Estados Unidos precept\u00faa: \u00a0\u00a0<\/p>\n<p>\u201c(a) \u00a0Fabricaci\u00f3n \u00a0o \u00a0distribuci\u00f3n \u00a0con fines de importaci\u00f3n il\u00edcita. Ser\u00e1 ilegal \u00a0que \u00a0cualquier \u00a0persona \u00a0fabrique \u00a0o \u00a0distribuya \u00a0una sustancia controlada de la \u00a0Tabla \u00a0 I \u00a0 o \u00a0 II \u00a0 o \u00a0 flunitrazepam \u00a0 o \u00a0qu\u00edmico \u00a0listado- \u00a0\u00a0<\/p>\n<p>(1) \u00a0 Con \u00a0la \u00a0intenci\u00f3n \u00a0de \u00a0que \u00a0esa \u00a0sustancia \u00a0o \u00a0ese \u00a0qu\u00edmico sea importado il\u00edcitamente \u00a0a \u00a0los Estados Unidos o a las aguas dentro de las 12 \u00a0millas \u00a0 de \u00a0 la \u00a0costa \u00a0de \u00a0los \u00a0Estados \u00a0Unidos; \u00a0o \u00a0\u00a0<\/p>\n<p>(2) Con conocimiento de que esa sustancia o \u00a0ese \u00a0qu\u00edmico \u00a0ser\u00e1 \u00a0importado \u00a0il\u00edcitamente \u00a0a los \u00a0Estados \u00a0Unidos \u00a0o \u00a0a \u00a0las \u00a0aguas \u00a0dentro \u00a0de \u00a0las \u00a012 \u00a0millas \u00a0de \u00a0la \u00a0costa de \u00a0los \u00a0 \u00a0 \u00a0 \u00a0 Estados \u00a0 \u00a0 \u00a0 \u00a0 Unidos. \u00a0\u00a0<\/p>\n<p>(b) \u00a0 \u00a0Posesi\u00f3n, \u00a0 \u00a0fabricaci\u00f3n, \u00a0 o \u00a0distribuci\u00f3n por persona a bordo de una aeronave. \u00a0\u00a0<\/p>\n<p>Ser\u00e1 \u00a0il\u00edcito \u00a0para \u00a0cualquier ciudadano \u00a0estadounidense \u00a0a \u00a0bordo \u00a0de \u00a0cualquier aeronave, o cualquier persona a bordo de \u00a0una \u00a0aeronave \u00a0perteneciendo \u00a0a \u00a0un ciudadano estadounidense o registrado en los \u00a0Estados Unidos, el \u2013 \u00a0\u00a0<\/p>\n<p>(1) \u00a0fabricar \u00a0o \u00a0distribuir una sustancia \u00a0controlada o qu\u00edmico listado; o \u00a0\u00a0<\/p>\n<p>(2) \u00a0poseer \u00a0una \u00a0sustancia \u00a0controlada \u00a0o \u00a0qu\u00edmico listado con la intenci\u00f3n de distribuirlo. \u00a0\u00a0<\/p>\n<p>(c) \u00a0Actos realizados fuera del territorio \u00a0de los Estados Unidos; competencia territorial \u00a0\u00a0<\/p>\n<p>Esta \u00a0secci\u00f3n est\u00e1 pensada para extender \u00a0la \u00a0competencia \u00a0a \u00a0actos \u00a0de \u00a0fabricaci\u00f3n \u00a0o distribuci\u00f3n cometidos fuera del \u00a0territorio \u00a0de \u00a0los \u00a0Estados Unidos. Cualquier persona que viole a esta secci\u00f3n \u00a0ser\u00e1 \u00a0juzgado \u00a0en el tribunal de distrito de los Estados Unidos competente para \u00a0el \u00a0punto \u00a0de entrada en donde esa persona ingrese a los Estados Unidos, o en el \u00a0Tribunal \u00a0 \u00a0de \u00a0 \u00a0Distrito \u00a0 \u00a0para \u00a0 \u00a0el \u00a0 Distrito \u00a0 de \u00a0 Columbia.\u201d \u00a0\u00a0<\/p>\n<p>La \u00a0Secci\u00f3n 960 del T\u00edtulo 21 del C\u00f3digo \u00a0de los Estados Unidos, consagra: \u00a0\u00a0<\/p>\n<p>\u201c(a) \u00a0Actos \u00a0il\u00edcitos \u00a0\u00a0<\/p>\n<p>El \u00a0 \u00a0 \u00a0 que \u00a0 \u00a0 \u00a0 \u2013 \u00a0\u00a0<\/p>\n<p>\u00a0 \u00a0\u00a0<\/p>\n<p>1. en \u00a0violaci\u00f3n de las Secciones 952, 953 o 957 de este t\u00edtulo, con \u00a0conocimiento \u00a0de \u00a0causa \u00a0o \u00a0intencionalmente \u00a0importe \u00a0o \u00a0exporte una substancia \u00a0controlada,\u00a0 \u00a0 \u00a0\u00a0<\/p>\n<p>(2) \u00a0en \u00a0violaci\u00f3n \u00a0de la Secci\u00f3n 955 de \u00a0este \u00a0t\u00edtulo, con conocimiento de causa o intencionalmente posea a bordo de una \u00a0embarcaci\u00f3n, aeronave o veh\u00edculo una sustancia controlada, o \u00a0\u00a0<\/p>\n<p>(3)\u00a0 en violaci\u00f3n de la Secci\u00f3n 959 \u00a0de \u00a0este \u00a0t\u00edtulo, \u00a0fabrique, \u00a0posea \u00a0con intenci\u00f3n de distribuir, o distribuya \u00a0sustancia controlada, \u00a0\u00a0<\/p>\n<p>ser\u00e1 castigado de acuerdo con lo previsto \u00a0en la subsecci\u00f3n (b) de esta secci\u00f3n. \u00a0\u00a0<\/p>\n<p>\u00a0 \u00a0 \u00a0<\/p>\n<p>a. Las penas \u00a0 \u00a0\u00a0<\/p>\n<p>\u00a0 \u00a0\u00a0<\/p>\n<p>1. En \u00a0caso de una violaci\u00f3n de la sub-secci\u00f3n (a) de esta secci\u00f3n, \u00a0que trata de \u00a0 \u00a0\u00a0<\/p>\n<p>(B) \u00a05 \u00a0kilogramos \u00a0o m\u00e1s de una mezcla o \u00a0sustancia que contenga una cantidad perceptible de \u00a0\u00a0<\/p>\n<p>\u00a0 \u00a0 \u00a0<\/p>\n<p>a. hojas \u00a0de \u00a0coca, \u00a0salvo \u00a0las \u00a0hojas de coca y extractos de hojas de \u00a0coca \u00a0de \u00a0los \u00a0cuales se han quitado la coca\u00edna, la ecgonina y los derivados de \u00a0ecgonina, o sus sales;\u00a0 \u00a0 \u00a0\u00a0<\/p>\n<p>(ii) \u00a0coca\u00edna, \u00a0sus \u00a0sales, sus is\u00f3meros \u00a0\u00f3pticos y geom\u00e9tricos, y las sales de los is\u00f3meros; \u00a0\u00a0<\/p>\n<p>(iii) ecgonina, sus derivados y las sales, \u00a0is\u00f3meros y sales de is\u00f3meros de los derivados; \u00a0\u00a0<\/p>\n<p>(iv) \u00a0 Cualquier \u00a0compuesto, \u00a0mezcla, \u00a0o \u00a0preparado \u00a0 que \u00a0contenga \u00a0alguna \u00a0cantidad \u00a0de \u00a0cualquiera \u00a0de \u00a0las \u00a0sustancias \u00a0referidas en los incisos (i) a (iii). \u00a0\u00a0<\/p>\n<p>El \u00a0que \u00a0cometa \u00a0tal \u00a0violaci\u00f3n de la ley \u00a0ser\u00e1 \u00a0castigado \u00a0con \u00a0la \u00a0pena \u00a0de \u00a0prisi\u00f3n por un t\u00e9rmino de cuando menos 10 \u00a0a\u00f1os \u00a0y \u00a0no mayor que la cadena perpetua\u2026con una multa que no deber\u00e1 exceder \u00a0de \u00a0 \u00a0lo \u00a0 \u00a0autorizado \u00a0 \u00a0en \u00a0 \u00a0el \u00a0 \u00a0T\u00edtulo \u00a0 \u00a018, \u00a0 \u00a0o \u00a0 \u00a0US \u00a0 $4\u2019000.000 \u00a0si \u00a0el reo es individuo\u2026 o \u00a0podr\u00e1 \u00a0ser \u00a0castigado \u00a0con \u00a0ambas penas. Cualquier pena impuesta de acuerdo con \u00a0este \u00a0p\u00e1rrafo,\u2026, \u00a0le \u00a0impondr\u00e1 al reo un t\u00e9rmino de libertad supervisada de \u00a0cuando \u00a0 menos \u00a0 5 \u00a0 a\u00f1os, \u00a0 adem\u00e1s \u00a0del \u00a0t\u00e9rmino \u00a0de \u00a0prisi\u00f3n&#8230;\u201d \u00a0\u00a0<\/p>\n<p>Por su parte, la Secci\u00f3n 70503, del C\u00f3digo \u00a0de los Estados Unidos prescribe: \u00a0\u00a0<\/p>\n<p>\u201c(a) Se proh\u00edbe \u00a0que \u00a0una \u00a0persona, \u00a0de \u00a0forma \u00a0conciente o intencional, posea, con intenci\u00f3n de \u00a0distribuir, una sustancia controlada a bordo de \u2026 \u00a0\u00a0<\/p>\n<p>(1) \u00a0una nave de los Estados Unidos, o que \u00a0est\u00e9 sujeta a la jurisdicci\u00f3n de los Estados Unidos\u2026 \u00a0\u00a0<\/p>\n<p>(b) La Subsecci\u00f3n (a) se aplica incluso si \u00a0el \u00a0acto \u00a0se \u00a0comete \u00a0fuera \u00a0de \u00a0la \u00a0jurisdicci\u00f3n \u00a0territorial \u00a0de \u00a0los Estados \u00a0Unidos.\u201d \u00a0\u00a0<\/p>\n<p>Y, la Secci\u00f3n 70506 prev\u00e9: \u00a0<\/p>\n<p>\u201c(a) Una persona \u00a0que \u00a0infrinja \u00a0la \u00a0Secci\u00f3n \u00a070503 \u00a0de \u00a0este \u00a0T\u00edtulo ser\u00e1 penalizada seg\u00fan lo \u00a0dispone \u00a0la \u00a0secci\u00f3n 1010 de la Ley Integral de Prevenci\u00f3n y Control del Abuso \u00a0de \u00a0Drogas, \u00a0de \u00a01970 \u00a0(Secci\u00f3n \u00a0960 del T\u00edtulo 21, del C\u00f3digo de los Estados \u00a0Unidos). \u00a0\u00a0<\/p>\n<p>(b) \u00a0Una \u00a0persona \u00a0que intente o confabule \u00a0para \u00a0violar \u00a0la \u00a0secci\u00f3n \u00a070503 \u00a0de \u00a0este \u00a0t\u00edtulo estar\u00e1 sujeta a las mismas \u00a0infracciones \u00a0 \u00a0que \u00a0 se \u00a0 proveen \u00a0 para \u00a0 la \u00a0 violaci\u00f3n \u00a0 de \u00a0 la \u00a0 secci\u00f3n \u00a070503.\u201d\u00a0 \u00a0\u00a0<\/p>\n<p>5.3. Los anteriores \u00a0cargos, \u00a0concretados \u00a0en \u00a0la \u00a0conspiraci\u00f3n \u00a0entre \u00a0varias personas para cometer \u00a0delitos \u00a0(elaborar \u00a0e \u00a0importar \u00a0a \u00a0territorio \u00a0de los Estados Unidos cantidades \u00a0perceptibles \u00a0de \u00a0coca\u00edna, \u00a0para distribuirla), tienen su correspondencia en el \u00a0C\u00f3digo \u00a0Penal \u00a0colombiano, \u00a0espec\u00edficamente \u00a0en \u00a0el art\u00edculo 340, inciso 2\u00ba, \u00a0modificado \u00a0por \u00a0los \u00a0art\u00edculos \u00a08\u00ba de la Ley 733 de 2002, 14 de la Ley 890 de \u00a02004 \u00a0y \u00a019 de la Ley 1121 de 2006, preceptiva que establece una pena que hoy va \u00a0de \u00a08 \u00a0a \u00a018 \u00a0a\u00f1os \u00a0de \u00a0prisi\u00f3n y multa que de 2.700 a 30.000 s.m.l.m.v., para \u00a0quien \u00a0se \u00a0concierte \u00a0para \u00a0cometer, \u00a0entre otros, delitos de tr\u00e1fico de drogas \u00a0t\u00f3xicas, estupefacientes o sustancias psicotr\u00f3picas. \u00a0\u00a0<\/p>\n<p>Del \u00a0mismo \u00a0modo, tanto \u00a0conspirar \u00a0como concertar envuelven la idea de acordar voluntades para adelantar \u00a0precisas \u00a0actividades \u00a0y \u00a0obtener \u00a0un \u00a0fin, \u00a0el cual ser\u00eda, en este caso, el de \u00a0cometer delitos de narcotr\u00e1fico. \u00a0\u00a0<\/p>\n<p>Adem\u00e1s, \u00a0los \u00a0cargos \u00a0relacionados \u00a0con la \u00a0concreta \u00a0importaci\u00f3n \u00a0de \u00a0la \u00a0sustancia \u00a0vedada \u00a0al \u00a0territorio de los Estados \u00a0Unidos \u00a0y \u00a0su \u00a0distribuci\u00f3n, tienen correspondencia en la legislaci\u00f3n punitiva \u00a0patria, \u00a0toda \u00a0vez \u00a0que \u00a0el \u00a0art\u00edculo \u00a0376 \u00a0tipifica \u00a0el \u00a0delito \u00a0de \u00a0tr\u00e1fico, \u00a0fabricaci\u00f3n \u00a0 o \u00a0 porte \u00a0 de \u00a0 estupefacientes, \u00a0 de \u00a0 la \u00a0 siguiente \u00a0 manera: \u00a0\u201cEl \u00a0que sin permiso de autoridad competente, salvo \u00a0lo \u00a0dispuesto \u00a0sobre \u00a0dosis \u00a0para uso personal, introduzca al pa\u00eds, as\u00ed sea en \u00a0tr\u00e1nsito \u00a0o \u00a0saque \u00a0de \u00a0\u00e9l, \u00a0transporte, \u00a0lleve \u00a0consigo, \u00a0almacene, conserve, \u00a0elabore, \u00a0venda, \u00a0ofrezca, \u00a0financie \u00a0o suministre a cualquier t\u00edtulo droga que \u00a0produzca \u00a0dependencia, \u00a0incurrir\u00e1 en prisi\u00f3n de ocho (8) a veinte (20) a\u00f1os y \u00a0multa \u00a0de \u00a0mil \u00a0(1.000) \u00a0a \u00a0cincuenta \u00a0mil \u00a0(50.000) \u00a0salarios \u00a0m\u00ednimos legales \u00a0mensuales vigentes\u201d. \u00a0\u00a0<\/p>\n<p>6. \u00a0Habi\u00e9ndose \u00a0verificado \u00a0el \u00a0cumplimiento de todos los requisitos se\u00f1alados en el C\u00f3digo de \u00a0Procedimiento \u00a0 \u00a0Penal, \u00a0 \u00a0la \u00a0 \u00a0Corte \u00a0 \u00a0CONCEPT\u00daA \u00a0FAVORABLEMENTE \u00a0 a \u00a0 la \u00a0extradici\u00f3n \u00a0del \u00a0ciudadano \u00a0colombiano \u00a0 ADOLFO \u00a0 ARAG\u00d3N \u00a0 PANDALES, \u00a0cuyas \u00a0notas \u00a0civiles y condiciones personales fueron constatadas \u00a0en \u00a0el \u00a0cuerpo de este pronunciamiento, conforme con la notas verbales Nos. 0185 \u00a0del \u00a02 \u00a0de \u00a0febrero \u00a0y 2359 del 30 de septiembre de 2010,\u00a0 suscritas por la \u00a0Embajada \u00a0de \u00a0los \u00a0Estados \u00a0Unidos \u00a0de \u00a0Am\u00e9rica, por los cargos imputados en la \u00a0acusaci\u00f3n \u00a0 \u00a0 \u00a0 \u00a0No. \u00a0 \u00a0 \u00a0 \u00a08:08\u2013CR\u2013397\u2013T\u201327TBM, \u00a0dictada \u00a0el \u00a019 de agosto de 2009, ante la Corte Distrital de los Estados Unidos \u00a0para el Distrito Medio de Florida. \u00a0\u00a0<\/p>\n<p>Desde \u00a0luego, \u00a0como \u00a0se \u00a0sostiene \u00a0en \u00a0la \u00a0solicitud, \u00a0el \u00a0procesamiento \u00a0del \u00a0requerido \u00a0s\u00f3lo \u00a0puede \u00a0abarcar \u00a0los hechos \u00a0cometidos \u00a0con \u00a0posterioridad a la vigencia del Acto Legislativo 01 de 1997, que \u00a0reimplant\u00f3 \u00a0la \u00a0extradici\u00f3n \u00a0en \u00a0Colombia, \u00a0esto \u00a0es, \u00a0el \u00a017 \u00a0de diciembre de \u00a01997. \u00a0\u00a0<\/p>\n<p>6.1. En todo caso, \u00a0habida \u00a0cuenta \u00a0que \u00a0de \u00a0acuerdo \u00a0con las normas punitivas de los Estados Unidos \u00a0aplicables \u00a0a \u00a0los \u00a0delitos \u00a0por \u00a0los que solicit\u00f3 la extradici\u00f3n prev\u00e9n como \u00a0sanci\u00f3n \u00a0hasta \u00a0cadena perpetua, la cual est\u00e1 prohibida en Colombia (art\u00edculo \u00a034 \u00a0de la Constituci\u00f3n Pol\u00edtica), le corresponde al Gobierno Nacional, en caso \u00a0de \u00a0 que \u00a0conceda \u00a0la \u00a0entrega \u00a0requerida, \u00a0condicionar \u00a0la \u00a0extradici\u00f3n \u00a0a \u00a0la \u00a0conmutaci\u00f3n \u00a0de \u00a0la \u00a0misma, \u00a0as\u00ed \u00a0como \u00a0imponer \u00a0las \u00a0exigencias que considere \u00a0oportunas \u00a0para \u00a0que \u00a0se \u00a0observe \u00a0ese \u00a0precepto \u00a0constitucional, y a fin de que \u00a0ADOLFO \u00a0ARAG\u00d3N \u00a0PANDALES no \u00a0vaya \u00a0a \u00a0ser \u00a0juzgado \u00a0por \u00a0un \u00a0hecho \u00a0anterior \u00a0al \u00a0que \u00a0motiva la extradici\u00f3n \u00a0(art\u00edculo \u00a0494 \u00a0del \u00a0C\u00f3digo \u00a0de \u00a0Procedimiento \u00a0Penal), \u00a0ni \u00a0sometido a tratos \u00a0crueles, \u00a0inhumanos \u00a0o \u00a0degradantes. \u00a0Del \u00a0mismo modo, para que al solicitado en \u00a0extradici\u00f3n \u00a0se le reconozca como parte cumplida de la pena que se le llegare a \u00a0imponer \u00a0en \u00a0el \u00a0pa\u00eds \u00a0requirente, \u00a0el \u00a0tiempo que ha permanecido privado de la \u00a0libertad por raz\u00f3n de este tr\u00e1mite. \u00a0\u00a0<\/p>\n<p>6.2. \u00a0Tambi\u00e9n es \u00a0preciso \u00a0advertir \u00a0que \u00a0como \u00a0la extradici\u00f3n entre Estados Unidos de Am\u00e9rica y \u00a0Colombia \u00a0se \u00a0rige, \u00a0en \u00a0ausencia de un instrumento internacional que regule los \u00a0motivos \u00a0de \u00a0procedencia, \u00a0requisitos, \u00a0tr\u00e1mite \u00a0y \u00a0condiciones, por las normas \u00a0contenidas \u00a0en \u00a0la \u00a0Constituci\u00f3n \u00a0Pol\u00edtica \u00a0(art\u00edculo \u00a035) y en el C\u00f3digo de \u00a0Procedimiento \u00a0Penal \u00a0(art\u00edculos 490 a 514 de la Ley 906 de 2004), cuando recae \u00a0sobre \u00a0 \u00a0 \u00a0ciudadanos \u00a0 \u00a0 \u00a0colombianos \u00a0 \u00a0 \u00a0por \u00a0 \u00a0 \u00a0nacimiento \u00a0 \u00a0 \u2013si \u00a0 \u00a0 \u00a0es \u00a0 \u00a0 \u00a0pasiva\u2013, \u00a0 es \u00a0 imperioso \u00a0que \u00a0el \u00a0Gobierno \u00a0Nacional \u00a0haga \u00a0las \u00a0exigencias \u00a0que estime convenientes en procura de que en el \u00a0pa\u00eds \u00a0reclamante \u00a0se le reconozcan todos los derechos y garant\u00edas inherentes a \u00a0su \u00a0calidad de colombiano y de procesado, en especial las contenidas en la Carta \u00a0Fundamental \u00a0y \u00a0en \u00a0el \u00a0denominado \u00a0bloque \u00a0de \u00a0constitucionalidad, es decir, en \u00a0aquellos \u00a0convenios \u00a0internacionales \u00a0ratificados \u00a0por \u00a0Colombia que consagran y \u00a0desarrollan \u00a0derechos \u00a0humanos \u00a0(art\u00edculo \u00a093 de la Constituci\u00f3n, Declaraci\u00f3n \u00a0Universal \u00a0de Derechos Humanos, Convenci\u00f3n Americana de Derechos Humanos, Pacto \u00a0Internacional \u00a0de \u00a0Derechos \u00a0Civiles \u00a0y \u00a0Pol\u00edticos), \u00a0en \u00a0virtud \u00a0del \u00a0deber de \u00a0protecci\u00f3n \u00a0a \u00a0esos derechos que para todas las autoridades p\u00fablicas emana del \u00a0art\u00edculo 2\u00ba ib\u00eddem. \u00a0\u00a0<\/p>\n<p>Tales \u00a0condicionamientos \u00a0tienen \u00a0car\u00e1cter \u00a0imperioso, \u00a0porque \u00a0la \u00a0extradici\u00f3n \u00a0de un ciudadano colombiano por nacimiento, \u00a0cualquiera \u00a0sea \u00a0el \u00a0delito que dio lugar a su entrega a un pa\u00eds extranjero, no \u00a0implica \u00a0que \u00a0pierda \u00a0su \u00a0nacionalidad \u00a0ni \u00a0los derechos que le son anejos a tal \u00a0calidad. \u00a0Por \u00a0tanto, \u00a0el deber de protecci\u00f3n de las autoridades colombianas se \u00a0extiende \u00a0a \u00a0tal \u00a0punto, \u00a0que \u00a0han \u00a0de \u00a0vigilar que en el pa\u00eds reclamante se le \u00a0respeten \u00a0los \u00a0derechos y garant\u00edas tal como si fuese juzgado en Colombia. A lo \u00a0que \u00a0renuncia \u00a0el \u00a0Estado que accede a la entrega de un connacional es a ejercer \u00a0su \u00a0soberan\u00eda \u00a0jurisdiccional, de modo que en tanto aqu\u00e9l siga siendo s\u00fabdito \u00a0de \u00a0Colombia, conserva a su favor todas las prerrogativas, garant\u00edas y derechos \u00a0que \u00a0emanan \u00a0de \u00a0la \u00a0Constituci\u00f3n \u00a0y \u00a0la \u00a0ley, \u00a0en \u00a0particular, aquellos que se \u00a0relacionan \u00a0con \u00a0su \u00a0calidad \u00a0de \u00a0procesado y que tienen que ver con la dignidad \u00a0humana. \u00a0\u00a0<\/p>\n<p>Por \u00a0esa \u00a0raz\u00f3n, \u00a0de \u00a0conformidad \u00a0con \u00a0lo \u00a0establecido \u00a0por \u00a0el \u00a0art\u00edculo 189-2 de la Constituci\u00f3n Pol\u00edtica, al Gobierno \u00a0Nacional, \u00a0en \u00a0cabeza \u00a0del \u00a0se\u00f1or \u00a0Presidente \u00a0de \u00a0la \u00a0Rep\u00fablica \u00a0como supremo \u00a0director \u00a0de \u00a0la \u00a0pol\u00edtica \u00a0exterior \u00a0y \u00a0de \u00a0las relaciones internacionales, le \u00a0corresponde \u00a0hacer \u00a0estricto \u00a0seguimiento \u00a0del \u00a0cumplimiento por parte del pa\u00eds \u00a0requirente \u00a0de \u00a0los \u00a0condicionamientos \u00a0atr\u00e1s \u00a0referenciados y establecer, as\u00ed \u00a0mismo, \u00a0las \u00a0consecuencias \u00a0de su inobservancia (Cfr. concepto del 23 de febrero \u00a0de 2005, radicaci\u00f3n No. 22.375). \u00a0\u00a0<\/p>\n<p>P\u00e1gina que contiene \u00a0la firma de la Presidenta de la Sala \u00a0\u00a0<\/p>\n<p>Extradici\u00f3n \u00a0 N\u00b0 \u00a035.217 \u00a0\u2013Concepto favorable- \u00a0<\/p>\n<p>Se advierte, igualmente, de conformidad con \u00a0la \u00a0tesis \u00a0planteada \u00a0por \u00a0la \u00a0Corte \u00a0el \u00a019 \u00a0de febrero de 2008, en el radicado \u00a030.374, \u00a0que \u00a0una vez observados los elementos de juicio allegados a la carpeta, \u00a0no \u00a0se \u00a0evidencia \u00a0que \u00a0en contra del solicitado en extradici\u00f3n se haya emitido \u00a0sentencia \u00a0de \u00a0condena \u00a0ejecutoriada \u00a0por \u00a0los \u00a0mismos \u00a0hechos \u00a0que \u00a0motivan \u00a0el \u00a0requerimiento de los estados Unidos. \u00a0\u00a0<\/p>\n<p>La \u00a0Secretar\u00eda de la Sala comunicar\u00e1 este \u00a0concepto \u00a0 al \u00a0 solicitado \u00a0ADOLFO \u00a0ARAG\u00d3N \u00a0PANDALES \u00a0y \u00a0 dem\u00e1s \u00a0 intervinientes \u00a0 en \u00a0 el \u00a0 tr\u00e1mite \u00a0 de \u00a0extradici\u00f3n. \u00a0\u00a0<\/p>\n<p>Devu\u00e9lvase el expediente al Ministerio del \u00a0Interior y de Justicia para lo de su competencia. \u00a0\u00a0<\/p>\n<p>Comun\u00edquese y c\u00famplase. \u00a0<\/p>\n<p>JAVIER DE JES\u00daS ZAPATA ORTIZ \u00a0<\/p>\n<p>P\u00e1gina que contiene \u00a0la firma de 8 Magistrados \u00a0\u00a0<\/p>\n<p>Extradici\u00f3n \u00a0 N\u00b0 \u00a035.217 \u00a0\u2013Concepto favorable- \u00a0<\/p>\n<p>JOS\u00c9 LEONIDAS BUSTOS MART\u00cdNEZ \u00a0\u00a0 \u00a0\u00a0 \u00a0\u00a0 \u00a0\u00a0 \u00a0\u00a0 \u00a0\u00a0 \u00a0 \u00a0 \u00a0 \u00a0 \u00a0\u00a0FERNANDO \u00a0 \u00a0A. \u00a0 \u00a0CASTRO \u00a0CABALLERO \u00a0\u00a0<\/p>\n<p>SIGIFREDO \u00a0ESPINOSA \u00a0P\u00c9REZ \u00a0 \u00a0\u00a0 \u00a0\u00a0 \u00a0\u00a0 \u00a0\u00a0 \u00a0\u00a0 \u00a0\u00a0 \u00a0 \u00a0\u00a0 \u00a0 \u00a0 \u00a0 \u00a0 \u00a0 \u00a0 \u00a0 \u00a0 \u00a0\u00a0ALFREDO G\u00d3MEZ QUINTERO \u00a0\u00a0<\/p>\n<p>MAR\u00cdA \u00a0 DEL \u00a0 ROSARIO \u00a0 GONZ\u00c1LEZ \u00a0 DE \u00a0L. \u00a0 \u00a0\u00a0 \u00a0 \u00a0 \u00a0 \u00a0 \u00a0 \u00a0 \u00a0\u00a0 \u00a0\u00a0 \u00a0\u00a0 \u00a0AUGUSTO J. \u00a0IBA\u00d1EZ GUZM\u00c1N \u00a0\u00a0<\/p>\n<p>Aclaraci\u00f3n de voto \u00a0<\/p>\n<p>JORGE \u00a0LUIS \u00a0QUINTERO MILAN\u00c9S \u00a0\u00a0 \u00a0\u00a0 \u00a0\u00a0 \u00a0\u00a0 \u00a0\u00a0 \u00a0\u00a0 \u00a0 \u00a0\u00a0 \u00a0 \u00a0\u00a0JULIO \u00a0 \u00a0ENRIQUE \u00a0 \u00a0SOCHA \u00a0SALAMANCA \u00a0\u00a0<\/p>\n<p>TERESA RUIZ N\u00da\u00d1EZ \u00a0<\/p>\n<p>Secretaria \u00a0<\/p>\n<p>\u00a0 \u00a0\u00a0<\/p>\n<p>1 Auto \u00a0del 4 de marzo de 2003, radicado 20331. \u00a0\u00a0<\/p>\n<p>2 \u00a0Confrontar folios 19 y 20; 75 y 116 \u00a0 \u00a0\u00a0<\/p>\n<p><\/p>\n","protected":false},"excerpt":{"rendered":"<p>\u00a0 \u00a0 Proceso n.\u00ba 35217 \u00a0 CORTE SUPREMA DE JUSTICIA \u00a0 SALA \u00a0 DE \u00a0 CASACI\u00d3N \u00a0PENAL \u00a0\u00a0 Magistrado Ponente: \u00a0 Dr. SIGIFREDO ESPINOSA P\u00c9REZ \u00a0 Aprobado Acta No. 19. \u00a0 Bogot\u00e1, D.C., veintis\u00e9is de enero de dos mil \u00a0once. \u00a0\u00a0 V I S T O S \u00a0 Dentro del presente tr\u00e1mite de extradici\u00f3n \u00a0que [&hellip;]<\/p>\n","protected":false},"author":1,"featured_media":0,"comment_status":"open","ping_status":"open","sticky":false,"template":"","format":"standard","meta":{"footnotes":""},"categories":[19],"tags":[],"class_list":["post-22099","post","type-post","status-publish","format-standard","hentry","category-19"],"_links":{"self":[{"href":"https:\/\/dmsjuridica.com\/buscador_20179478954\/salapenalcronologico20230723\/wp-json\/wp\/v2\/posts\/22099","targetHints":{"allow":["GET"]}}],"collection":[{"href":"https:\/\/dmsjuridica.com\/buscador_20179478954\/salapenalcronologico20230723\/wp-json\/wp\/v2\/posts"}],"about":[{"href":"https:\/\/dmsjuridica.com\/buscador_20179478954\/salapenalcronologico20230723\/wp-json\/wp\/v2\/types\/post"}],"author":[{"embeddable":true,"href":"https:\/\/dmsjuridica.com\/buscador_20179478954\/salapenalcronologico20230723\/wp-json\/wp\/v2\/users\/1"}],"replies":[{"embeddable":true,"href":"https:\/\/dmsjuridica.com\/buscador_20179478954\/salapenalcronologico20230723\/wp-json\/wp\/v2\/comments?post=22099"}],"version-history":[{"count":0,"href":"https:\/\/dmsjuridica.com\/buscador_20179478954\/salapenalcronologico20230723\/wp-json\/wp\/v2\/posts\/22099\/revisions"}],"wp:attachment":[{"href":"https:\/\/dmsjuridica.com\/buscador_20179478954\/salapenalcronologico20230723\/wp-json\/wp\/v2\/media?parent=22099"}],"wp:term":[{"taxonomy":"category","embeddable":true,"href":"https:\/\/dmsjuridica.com\/buscador_20179478954\/salapenalcronologico20230723\/wp-json\/wp\/v2\/categories?post=22099"},{"taxonomy":"post_tag","embeddable":true,"href":"https:\/\/dmsjuridica.com\/buscador_20179478954\/salapenalcronologico20230723\/wp-json\/wp\/v2\/tags?post=22099"}],"curies":[{"name":"wp","href":"https:\/\/api.w.org\/{rel}","templated":true}]}}