{"id":22096,"date":"2023-09-12T16:33:37","date_gmt":"2023-09-12T16:33:37","guid":{"rendered":"https:\/\/dmsjuridica.com\/buscador_20179478954\/salapenalcronologico20230723\/2023\/09\/12\/3520007-12-11\/"},"modified":"2023-09-12T16:33:37","modified_gmt":"2023-09-12T16:33:37","slug":"3520007-12-11","status":"publish","type":"post","link":"https:\/\/dmsjuridica.com\/buscador_20179478954\/salapenalcronologico20230723\/2023\/09\/12\/3520007-12-11\/","title":{"rendered":"35200(07-12-11)"},"content":{"rendered":"\n<p>\u00a0 \u00a0 Proceso n\u00ba 35200 \u00a0<\/p>\n<p>CORTE SUPREMA DE JUSTICIA \u00a0<\/p>\n<p>SALA DE CASACION PENAL \u00a0<\/p>\n<p>\u00a0 \u00a0\u00a0 \u00a0\u00a0 \u00a0\u00a0 \u00a0\u00a0 \u00a0 \u00a0 \u00a0 \u00a0 \u00a0 \u00a0\u00a0 \u00a0\u00a0 \u00a0 \u00a0 \u00a0 \u00a0 \u00a0\u00a0<\/p>\n<p>\u00a0 \u00a0\u00a0 \u00a0\u00a0 \u00a0\u00a0 \u00a0\u00a0 \u00a0 \u00a0 \u00a0 \u00a0 \u00a0 \u00a0\u00a0 \u00a0\u00a0 \u00a0 \u00a0 \u00a0 \u00a0Magistrado Ponente: \u00a0\u00a0<\/p>\n<p>\u00a0 \u00a0\u00a0 \u00a0\u00a0 \u00a0\u00a0 \u00a0\u00a0 \u00a0 \u00a0 \u00a0 \u00a0 \u00a0 \u00a0\u00a0 \u00a0\u00a0 \u00a0 \u00a0 \u00a0 \u00a0Dr. AUGUSTO J. IBA\u00d1EZ GUZMAN. \u00a0\u00a0<\/p>\n<p>Aprobado acta No. 434- \u00a0<\/p>\n<p>Bogot\u00e1 \u00a0D. C., siete (7) de diciembre de dos \u00a0mil once (2011) \u00a0\u00a0<\/p>\n<p>Se \u00a0pronuncia la Corte sobre la admisibilidad \u00a0de \u00a0 la \u00a0 demanda \u00a0 de \u00a0 revisi\u00f3n \u00a0 presentada \u00a0 por \u00a0 el \u00a0doctor \u00a0Sabas \u00a0Acevedo \u00a0Garavito en representaci\u00f3n \u00a0del \u00a0procesado \u00a0Evangelista Pinz\u00f3n Uribe, contra \u00a0la \u00a0sentencia \u00a0de \u00a01 \u00a0de julio de 2009, dictada, por la Sala \u00a0Penal \u00a0del \u00a0Tribunal Superior del Distrito Judicial de C\u00facuta, que confirm\u00f3 la \u00a0condena \u00a0impuesta \u00a0el \u00a06 \u00a0de \u00a0marzo \u00a0del mismo a\u00f1o por el Juzgado Promiscuo del \u00a0Circuito \u00a0de \u00a0Los \u00a0Patios, \u00a0(Norte \u00a0se \u00a0Santander) \u00a0por los delitos de homicidio \u00a0agravado y porte ilegal de armas de fuego agravado. \u00a0\u00a0<\/p>\n<p>SE CONSIDERA \u00a0<\/p>\n<p>1. La Corte ha sido insistente en sostener que \u00a0la \u00a0acci\u00f3n \u00a0de \u00a0revisi\u00f3n \u00a0es independiente del proceso penal, y por tanto, que \u00a0quien \u00a0pretenda \u00a0intentarla en nombre o representaci\u00f3n de alguno de los sujetos \u00a0procesales, \u00a0 debe \u00a0 contar \u00a0 con \u00a0 poder \u00a0 especial \u00a0 para \u00a0hacerlo1. \u00a0\u00a0<\/p>\n<p>2. \u00a0En \u00a0el \u00a0caso \u00a0analizado, \u00a0la \u00a0acci\u00f3n \u00a0de \u00a0revisi\u00f3n \u00a0es \u00a0promovida \u00a0por \u00a0el \u00a0doctor Sabas Acevedo \u00a0Garavito, \u00a0quien, \u00a0si \u00a0bien \u00a0es \u00a0cierto \u00a0fungi\u00f3 \u00a0como \u00a0defensor \u00a0 de \u00a0Evangelista \u00a0Pinz\u00f3n \u00a0Uribe \u00a0en el proceso cuya revisi\u00f3n se solicita, no aporta poder especial \u00a0para actuar dentro del marco de la acci\u00f3n de revisi\u00f3n. \u00a0\u00a0<\/p>\n<p>3. \u00a0Bajo este entendido, la Corte inadmitir\u00e1 \u00a0la \u00a0demanda \u00a0presentada \u00a0en \u00a0representaci\u00f3n \u00a0del \u00a0sentenciado, \u00a0por \u00a0carecer el \u00a0profesional del derecho de legitimidad para intentar la acci\u00f3n. \u00a0\u00a0<\/p>\n<p>En m\u00e9rito de lo expuesto, LA CORTE SUPREMA DE \u00a0JUSTICIA, SALA DE CASACION PENAL, \u00a0\u00a0<\/p>\n<p>R E S U E L V E \u00a0<\/p>\n<p>Inadmitir la demanda de revisi\u00f3n presentada a \u00a0nombre \u00a0 \u00a0del \u00a0 \u00a0procesado \u00a0 \u00a0Evangelista \u00a0 \u00a0Pinz\u00f3n \u00a0Uribe. \u00a0\u00a0<\/p>\n<p>Contra \u00a0esta \u00a0decisi\u00f3n procede el recurso de \u00a0reposici\u00f3n. \u00a0\u00a0<\/p>\n<p>NOTIFIQUESE Y CUMPLASE. \u00a0<\/p>\n<p>JAVIER ZAPATA ORTIZ \u00a0<\/p>\n<p>Comisi\u00f3n \u00a0de \u00a0servicio \u00a0\u00a0<\/p>\n<p>JOSE \u00a0 LUIS \u00a0BARCEL\u00d3 \u00a0CAMACHO \u00a0 \u00a0 \u00a0 \u00a0 \u00a0\u00a0 \u00a0\u00a0\u00a0 \u00a0 \u00a0 \u00a0\u00a0 \u00a0 \u00a0\u00a0 \u00a0 \u00a0\u00a0 \u00a0 \u00a0JOS\u00c9 \u00a0LEONIDAS \u00a0BUSTOS \u00a0MARTINEZ \u00a0 \u00a0\u00a0 \u00a0 \u00a0\u00a0 \u00a0 \u00a0 \u00a0 \u00a0 \u00a0 \u00a0 \u00a0 \u00a0 \u00a0\u00a0\u00a0\u00a0\u00a0\u00a0\u00a0\u00a0\u00a0 \u00a0\u00a0<\/p>\n<p>FERNANDO \u00a0A. \u00a0CASTRO \u00a0CABALLERO \u00a0 \u00a0 \u00a0\u00a0 \u00a0\u00a0 \u00a0\u00a0 \u00a0\u00a0 \u00a0\u00a0 \u00a0 \u00a0\u00a0 \u00a0 \u00a0\u00a0 \u00a0 \u00a0SIGIFREDO \u00a0 \u00a0ESPINOSA \u00a0P\u00c9REZ \u00a0\u00a0<\/p>\n<p>MAR\u00cdA \u00a0 \u00a0 DEL \u00a0 \u00a0ROSARIO \u00a0 \u00a0GONZ\u00c1LEZ \u00a0MU\u00d1OZ\u00a0\u00a0\u00a0 AUGUSTO J. IB\u00c1\u00d1EZ GUZM\u00c1N\u00a0 \u00a0\u00a0<\/p>\n<p>LUIS \u00a0 \u00a0 \u00a0 GUILLERMO \u00a0 \u00a0 \u00a0 SALAZAR \u00a0OTERO\u00a0\u00a0\u00a0 \u00a0JULIO ENRIQUE SOCHA SALAMANCA \u00a0\u00a0 \u00a0 \u00a0 \u00a0 \u00a0\u00a0<\/p>\n<p>NUBIA YOLANDA NOVA GARCIA \u00a0<\/p>\n<p>Secretaria \u00a0<\/p>\n<p>\u00a0 \u00a0\u00a0<\/p>\n<p>1 \u00a0Revisi\u00f3n \u00a024960 \u00a0de \u00a023 \u00a0de \u00a0febrero \u00a0de 2006, 26107 de 12 de octubre de 2006 y \u00a027744 de 15 de agosto de 2007, entre otras.\u00a0 \u00a0 \u00a0\u00a0<\/p>\n<p><\/p>\n","protected":false},"excerpt":{"rendered":"<p>\u00a0 \u00a0 Proceso n\u00ba 35200 \u00a0 CORTE SUPREMA DE JUSTICIA \u00a0 SALA DE CASACION PENAL \u00a0 \u00a0 \u00a0\u00a0 \u00a0\u00a0 \u00a0\u00a0 \u00a0\u00a0 \u00a0 \u00a0 \u00a0 \u00a0 \u00a0 \u00a0\u00a0 \u00a0\u00a0 \u00a0 \u00a0 \u00a0 \u00a0 \u00a0\u00a0 \u00a0 \u00a0\u00a0 \u00a0\u00a0 \u00a0\u00a0 \u00a0\u00a0 \u00a0 \u00a0 \u00a0 \u00a0 \u00a0 \u00a0\u00a0 \u00a0\u00a0 \u00a0 \u00a0 \u00a0 \u00a0Magistrado Ponente: \u00a0\u00a0 \u00a0 \u00a0\u00a0 \u00a0\u00a0 \u00a0\u00a0 [&hellip;]<\/p>\n","protected":false},"author":1,"featured_media":0,"comment_status":"open","ping_status":"open","sticky":false,"template":"","format":"standard","meta":{"footnotes":""},"categories":[19],"tags":[],"class_list":["post-22096","post","type-post","status-publish","format-standard","hentry","category-19"],"_links":{"self":[{"href":"https:\/\/dmsjuridica.com\/buscador_20179478954\/salapenalcronologico20230723\/wp-json\/wp\/v2\/posts\/22096","targetHints":{"allow":["GET"]}}],"collection":[{"href":"https:\/\/dmsjuridica.com\/buscador_20179478954\/salapenalcronologico20230723\/wp-json\/wp\/v2\/posts"}],"about":[{"href":"https:\/\/dmsjuridica.com\/buscador_20179478954\/salapenalcronologico20230723\/wp-json\/wp\/v2\/types\/post"}],"author":[{"embeddable":true,"href":"https:\/\/dmsjuridica.com\/buscador_20179478954\/salapenalcronologico20230723\/wp-json\/wp\/v2\/users\/1"}],"replies":[{"embeddable":true,"href":"https:\/\/dmsjuridica.com\/buscador_20179478954\/salapenalcronologico20230723\/wp-json\/wp\/v2\/comments?post=22096"}],"version-history":[{"count":0,"href":"https:\/\/dmsjuridica.com\/buscador_20179478954\/salapenalcronologico20230723\/wp-json\/wp\/v2\/posts\/22096\/revisions"}],"wp:attachment":[{"href":"https:\/\/dmsjuridica.com\/buscador_20179478954\/salapenalcronologico20230723\/wp-json\/wp\/v2\/media?parent=22096"}],"wp:term":[{"taxonomy":"category","embeddable":true,"href":"https:\/\/dmsjuridica.com\/buscador_20179478954\/salapenalcronologico20230723\/wp-json\/wp\/v2\/categories?post=22096"},{"taxonomy":"post_tag","embeddable":true,"href":"https:\/\/dmsjuridica.com\/buscador_20179478954\/salapenalcronologico20230723\/wp-json\/wp\/v2\/tags?post=22096"}],"curies":[{"name":"wp","href":"https:\/\/api.w.org\/{rel}","templated":true}]}}