{"id":21996,"date":"2023-09-12T16:33:31","date_gmt":"2023-09-12T16:33:31","guid":{"rendered":"https:\/\/dmsjuridica.com\/buscador_20179478954\/salapenalcronologico20230723\/2023\/09\/12\/3480123-02-11\/"},"modified":"2023-09-12T16:33:31","modified_gmt":"2023-09-12T16:33:31","slug":"3480123-02-11","status":"publish","type":"post","link":"https:\/\/dmsjuridica.com\/buscador_20179478954\/salapenalcronologico20230723\/2023\/09\/12\/3480123-02-11\/","title":{"rendered":"34801(23-02-11)"},"content":{"rendered":"\n<p>\u00a0 \u00a0 Proceso n.\u00ba 34801 \u00a0<\/p>\n<p>CORTE SUPREMA DE JUSTICIA \u00a0<\/p>\n<p>SALA DE CASACI\u00d3N PENAL \u00a0<\/p>\n<p>Magistrado Ponente: \u00a0<\/p>\n<p>ALFREDO G\u00d3MEZ QUINTERO \u00a0<\/p>\n<p>\u00a0 \u00a0\u00a0 \u00a0\u00a0 \u00a0\u00a0 \u00a0\u00a0 \u00a0 \u00a0 \u00a0 \u00a0 \u00a0 \u00a0\u00a0 \u00a0\u00a0 \u00a0 \u00a0 \u00a0 \u00a0 \u00a0\u00a0 \u00a0\u00a0 \u00a0 \u00a0Aprobado Acta \u00a0No. 60 \u00a0\u00a0<\/p>\n<p>Bogot\u00e1, D.C., veintitr\u00e9s (23) de febrero de \u00a0dos mil once (2011) \u00a0\u00a0<\/p>\n<p>VISTOS \u00a0<\/p>\n<p>Aclarar\u00e1 la Sala la fecha en que fue emitida \u00a0por \u00a0las \u00a0autoridades \u00a0de los Estados Unidos de Am\u00e9rica la acusaci\u00f3n formal en \u00a0contra \u00a0del \u00a0ciudadano \u00a0Edgar \u00a0Adenis \u00a0Solano \u00a0L\u00f3pez y que sustenta el concepto \u00a0favorable \u00a0 \u00a0al \u00a0 pedido \u00a0 de \u00a0 extradici\u00f3n \u00a0 calendado \u00a0 el \u00a0 pasado \u00a0 26 \u00a0 de \u00a0enero. \u00a0\u00a0<\/p>\n<p>ANTECEDENTES Y CONSIDERACIONES \u00a0<\/p>\n<p>1. \u00a0Mediante \u00a0Nota \u00a0Verbal \u00a0No. \u00a01226 \u00a0fechada \u00a0el \u00a025 \u00a0de \u00a0mayo de 2006, el Gobierno de los Estados \u00a0Unidos \u00a0 de \u00a0 Am\u00e9rica \u00a0 solicit\u00f3 \u00a0la \u00a0detenci\u00f3n \u00a0provisional, \u00a0con \u00a0fines \u00a0de \u00a0extradici\u00f3n, \u00a0 del \u00a0 ciudadano \u00a0Edgar \u00a0Adenis \u00a0Solano \u00a0L\u00f3pez, \u00a0en \u00a0raz\u00f3n \u00a0de \u00a0ser \u00a0sujeto \u00a0de \u00a0la \u00a0segunda \u00a0acusaci\u00f3n \u00a0sustitutiva \u00a0No. \u00a005-200089-CR-uub (s) (s) \u00a0dictada el 6 de enero de 2006 en la Corte Distrital de \u00a0los \u00a0Estados \u00a0Unidos \u00a0para el Distrito Sur de la Florida, mediante la cual se le \u00a0acusa de los delitos federales de narc\u00f3ticos. \u00a0\u00a0<\/p>\n<p>2. Con fundamento en \u00a0tal \u00a0requerimiento, \u00a0el \u00a0Ministerio \u00a0de \u00a0Relaciones \u00a0Exteriores \u00a0remiti\u00f3 \u00a0a \u00a0la \u00a0Fiscal\u00eda \u00a0General \u00a0de \u00a0la \u00a0Naci\u00f3n \u00a0la \u00a0referida \u00a0Nota Verbal, decret\u00e1ndose la \u00a0captura \u00a0de \u00a0dicho \u00a0ciudadano \u00a0mediante \u00a0resoluci\u00f3n \u00a0del \u00a05 \u00a0de \u00a0junio de 2006, \u00a0determinaci\u00f3n \u00a0 que \u00a0 se \u00a0materializ\u00f3 \u00a0con \u00a0la \u00a0aprehensi\u00f3n \u00a0de \u00a0Edgar \u00a0Adenis \u00a0Solano \u00a0L\u00f3pez el 6 de junio \u00a0de 2010. \u00a0\u00a0<\/p>\n<p>3. \u00a0Enviadas \u00a0las \u00a0diligencias \u00a0a \u00a0la \u00a0Corte, el Ministerio del Interior y de Justicia se\u00f1al\u00f3 que \u00a0la \u00a0Embajada de los Estados Unidos de Am\u00e9rica, mediante Nota Verbal No.1608 del \u00a026 \u00a0de \u00a0julio \u00a0de \u00a02010 \u00a0formaliz\u00f3 \u00a0la \u00a0solicitud de extradici\u00f3n del ciudadano \u00a0Edgar \u00a0 \u00a0 Adenis \u00a0 \u00a0 Solano \u00a0 \u00a0 L\u00f3pez. \u00a0\u00a0<\/p>\n<p>\u00a0\u00a0\u00a0\u00a0\u00a0\u00a0\u00a0\u00a0 \u00a0\u00a0<\/p>\n<p>En \u00a0curso este tr\u00e1mite y agotado el per\u00edodo \u00a0probatorio \u00a0correspondiente, \u00a0una \u00a0vez surtido el traslado propicio para alegar, \u00a0el \u00a026 \u00a0de \u00a0enero del a\u00f1o en curso hubo la Corte de emitir concepto, que lo fue \u00a0favorable \u00a0al \u00a0pedido \u00a0de \u00a0extradici\u00f3n \u00a0y \u00a0acorde \u00a0con \u00a0la \u00a0segunda \u00a0acusaci\u00f3n \u00a0sustitutiva \u00a0No. \u00a005-200089-CR-uub \u00a0(s) \u00a0(s) dictada el 6 de enero de 2006 en la \u00a0Corte \u00a0Distrital \u00a0de \u00a0los \u00a0Estados \u00a0Unidos \u00a0para \u00a0el Distrito Sur de la Florida, \u00a0seg\u00fan se anoto. \u00a0\u00a0<\/p>\n<p>4. \u00a0No \u00a0obstante \u00a0aludirse \u00a0en \u00a0forma \u00a0expresa \u00a0e inequ\u00edvoca configurar la pieza sustentadora del \u00a0pedido \u00a0de \u00a0extradici\u00f3n \u00a0la \u00a0referida \u00a0acusaci\u00f3n formal, en el concepto no fue \u00a0consignado \u00a0el \u00a0a\u00f1o \u00a0de \u00a0la misma, debiendo en consecuencia, como lo sugiere el \u00a0Ministerio \u00a0 \u00a0 \u00a0del \u00a0 \u00a0 \u00a0Interior \u00a0 \u00a0 \u00a0y \u00a0 \u00a0 \u00a0de \u00a0 \u00a0 \u00a0Justicia \u00a0 \u00a0 \u00a0ACLARAR \u00a0que \u00a0la acusaci\u00f3n que ha servido \u00a0de \u00a0fundamento \u00a0a la solicitud de extradici\u00f3n de Edgar \u00a0Adenis \u00a0 Solano \u00a0 L\u00f3pez \u00a0es \u00a0la \u00a0segunda \u00a0acusaci\u00f3n \u00a0sustitutiva \u00a0No. \u00a005-200089-CR-uub \u00a0(s) \u00a0(s) dictada el 6 de enero de 2006 en la \u00a0Corte \u00a0 Distrital \u00a0 de \u00a0 los \u00a0 Estados \u00a0 Unidos \u00a0para \u00a0el \u00a0Distrito \u00a0Sur \u00a0de \u00a0la \u00a0Florida. \u00a0\u00a0<\/p>\n<p>Con \u00a0la \u00a0aclaraci\u00f3n \u00a0anterior devu\u00e9lvase el \u00a0expediente al Ministerio del Interior y de Justicia. \u00a0\u00a0<\/p>\n<p>Comun\u00edquese y c\u00famplase. \u00a0<\/p>\n<p>JAVIER ZAPATA ORTIZ \u00a0<\/p>\n<p>JOS\u00c9 \u00a0 \u00a0 \u00a0 LEONIDAS \u00a0 \u00a0 \u00a0 BUSTOS \u00a0MART\u00cdNEZ\u00a0\u00a0\u00a0\u00a0\u00a0\u00a0\u00a0\u00a0\u00a0\u00a0\u00a0\u00a0\u00a0\u00a0\u00a0\u00a0\u00a0\u00a0 \u00a0FERNANDO A. CASTRO CABALLERO\u00a0 \u00a0\u00a0<\/p>\n<p>SIGIFREDO \u00a0 \u00a0 \u00a0 \u00a0 \u00a0ESPINOSA \u00a0PEREZ\u00a0\u00a0\u00a0\u00a0\u00a0\u00a0\u00a0\u00a0\u00a0\u00a0\u00a0\u00a0\u00a0\u00a0\u00a0\u00a0\u00a0\u00a0\u00a0\u00a0\u00a0\u00a0\u00a0\u00a0\u00a0\u00a0\u00a0\u00a0\u00a0\u00a0\u00a0\u00a0\u00a0\u00a0\u00a0\u00a0\u00a0\u00a0\u00a0\u00a0\u00a0\u00a0\u00a0\u00a0\u00a0\u00a0\u00a0\u00a0\u00a0\u00a0\u00a0\u00a0 \u00a0ALFREDO G\u00d3MEZ QUINTERO\u00a0\u00a0 \u00a0\u00a0<\/p>\n<p>MARIA \u00a0 \u00a0DEL \u00a0 \u00a0ROSARIO \u00a0 \u00a0GONZALEZ \u00a0 \u00a0DE \u00a0LEMOS\u00a0\u00a0\u00a0\u00a0\u00a0\u00a0\u00a0\u00a0\u00a0\u00a0\u00a0\u00a0\u00a0\u00a0\u00a0\u00a0 \u00a0AUGUSTO IB\u00c1\u00d1EZ GUZM\u00c1N \u00a0\u00a0<\/p>\n<p>JORGE \u00a0 \u00a0 \u00a0 \u00a0LUIS \u00a0 \u00a0 \u00a0 \u00a0QUINTERO \u00a0MILAN\u00c9S\u00a0\u00a0\u00a0\u00a0\u00a0\u00a0\u00a0\u00a0\u00a0\u00a0\u00a0\u00a0\u00a0\u00a0\u00a0\u00a0\u00a0\u00a0\u00a0\u00a0\u00a0\u00a0\u00a0\u00a0\u00a0\u00a0\u00a0\u00a0\u00a0\u00a0\u00a0\u00a0\u00a0\u00a0\u00a0\u00a0\u00a0\u00a0\u00a0\u00a0\u00a0 \u00a0JULIO \u00a0 \u00a0 \u00a0 \u00a0 \u00a0 \u00a0 \u00a0 \u00a0 \u00a0 \u00a0 \u00a0 \u00a0 \u00a0 \u00a0 \u00a0 \u00a0 \u00a0E. \u00a0 \u00a0 \u00a0 \u00a0 \u00a0 \u00a0 \u00a0 \u00a0 \u00a0 \u00a0 \u00a0 \u00a0 \u00a0 \u00a0 \u00a0 \u00a0 \u00a0SOCHA \u00a0SALAMANCA\u00a0\u00a0\u00a0\u00a0\u00a0\u00a0\u00a0\u00a0\u00a0\u00a0\u00a0\u00a0\u00a0\u00a0\u00a0\u00a0\u00a0\u00a0\u00a0\u00a0\u00a0\u00a0\u00a0 \u00a0\u00a0<\/p>\n<p>TERESA RUIZ N\u00da\u00d1EZ \u00a0<\/p>\n<p>Secretaria \u00a0 \u00a0<\/p>\n<p><\/p>\n","protected":false},"excerpt":{"rendered":"<p>\u00a0 \u00a0 Proceso n.\u00ba 34801 \u00a0 CORTE SUPREMA DE JUSTICIA \u00a0 SALA DE CASACI\u00d3N PENAL \u00a0 Magistrado Ponente: \u00a0 ALFREDO G\u00d3MEZ QUINTERO \u00a0 \u00a0 \u00a0\u00a0 \u00a0\u00a0 \u00a0\u00a0 \u00a0\u00a0 \u00a0 \u00a0 \u00a0 \u00a0 \u00a0 \u00a0\u00a0 \u00a0\u00a0 \u00a0 \u00a0 \u00a0 \u00a0 \u00a0\u00a0 \u00a0\u00a0 \u00a0 \u00a0Aprobado Acta \u00a0No. 60 \u00a0\u00a0 Bogot\u00e1, D.C., veintitr\u00e9s (23) de febrero de \u00a0dos [&hellip;]<\/p>\n","protected":false},"author":1,"featured_media":0,"comment_status":"open","ping_status":"open","sticky":false,"template":"","format":"standard","meta":{"footnotes":""},"categories":[19],"tags":[],"class_list":["post-21996","post","type-post","status-publish","format-standard","hentry","category-19"],"_links":{"self":[{"href":"https:\/\/dmsjuridica.com\/buscador_20179478954\/salapenalcronologico20230723\/wp-json\/wp\/v2\/posts\/21996","targetHints":{"allow":["GET"]}}],"collection":[{"href":"https:\/\/dmsjuridica.com\/buscador_20179478954\/salapenalcronologico20230723\/wp-json\/wp\/v2\/posts"}],"about":[{"href":"https:\/\/dmsjuridica.com\/buscador_20179478954\/salapenalcronologico20230723\/wp-json\/wp\/v2\/types\/post"}],"author":[{"embeddable":true,"href":"https:\/\/dmsjuridica.com\/buscador_20179478954\/salapenalcronologico20230723\/wp-json\/wp\/v2\/users\/1"}],"replies":[{"embeddable":true,"href":"https:\/\/dmsjuridica.com\/buscador_20179478954\/salapenalcronologico20230723\/wp-json\/wp\/v2\/comments?post=21996"}],"version-history":[{"count":0,"href":"https:\/\/dmsjuridica.com\/buscador_20179478954\/salapenalcronologico20230723\/wp-json\/wp\/v2\/posts\/21996\/revisions"}],"wp:attachment":[{"href":"https:\/\/dmsjuridica.com\/buscador_20179478954\/salapenalcronologico20230723\/wp-json\/wp\/v2\/media?parent=21996"}],"wp:term":[{"taxonomy":"category","embeddable":true,"href":"https:\/\/dmsjuridica.com\/buscador_20179478954\/salapenalcronologico20230723\/wp-json\/wp\/v2\/categories?post=21996"},{"taxonomy":"post_tag","embeddable":true,"href":"https:\/\/dmsjuridica.com\/buscador_20179478954\/salapenalcronologico20230723\/wp-json\/wp\/v2\/tags?post=21996"}],"curies":[{"name":"wp","href":"https:\/\/api.w.org\/{rel}","templated":true}]}}