{"id":21846,"date":"2023-09-12T16:32:19","date_gmt":"2023-09-12T16:32:19","guid":{"rendered":"https:\/\/dmsjuridica.com\/buscador_20179478954\/salapenalcronologico20230723\/2023\/09\/12\/3403516-02-11\/"},"modified":"2023-09-12T16:32:19","modified_gmt":"2023-09-12T16:32:19","slug":"3403516-02-11","status":"publish","type":"post","link":"https:\/\/dmsjuridica.com\/buscador_20179478954\/salapenalcronologico20230723\/2023\/09\/12\/3403516-02-11\/","title":{"rendered":"34035(16-02-11)"},"content":{"rendered":"\n<p>\u00a0 \u00a0 Proceso n.\u00ba 34035 \u00a0<\/p>\n<p>CORTE SUPREMA DE JUSTICIA \u00a0<\/p>\n<p>SALA DE CASACI\u00d3N PENAL \u00a0<\/p>\n<p>Magistrado \u00a0 \u00a0 \u00a0Ponente: \u00a0\u00a0<\/p>\n<p>FERNANDO ALBERTO CASTRO CABALLERO \u00a0<\/p>\n<p>Aprobado Acta N\u00b0 048 \u00a0<\/p>\n<p>Bogot\u00e1, \u00a0D. \u00a0C.,\u00a0 \u00a0diecis\u00e9is \u00a0(16) \u00a0de \u00a0febrero de dos mil once (2011). \u00a0\u00a0<\/p>\n<p>VISTOS: \u00a0<\/p>\n<p>Procede \u00a0la \u00a0Corte a emitir concepto sobre la \u00a0solicitud \u00a0de \u00a0extradici\u00f3n \u00a0del ciudadano colombiano Sa\u00fal Estupi\u00f1\u00e1n Yesquen, \u00a0formulada \u00a0por \u00a0el \u00a0Gobierno \u00a0de \u00a0los Estados Unidos a trav\u00e9s de su Embajada en \u00a0Colombia. \u00a0\u00a0<\/p>\n<p>ANTECEDENTES: \u00a0<\/p>\n<p>1.\u00a0 \u00a0Sa\u00fal \u00a0Estupi\u00f1\u00e1n \u00a0Yesquen \u00a0es \u00a0requerido \u00a0para \u00a0que comparezca en juicio \u201cpor \u00a0 \u00a0 delitos \u00a0 \u00a0 federales \u00a0 \u00a0 de \u00a0narc\u00f3ticos\u201d ante la Corte \u00a0Distrital \u00a0de los Estados Unidos para el Distrito Judicial Sur de Florida, donde \u00a0el \u00a0 21 \u00a0 de \u00a0 mayo \u00a0 de \u00a02009 \u00a0se \u00a0le \u00a0dict\u00f3 \u00a0la \u00a0acusaci\u00f3n \u00a0N\u00b0 \u00a009-20428-CR \u00a0JORDAN\/McALILEY, \u00a0mediante la \u00a0cual \u00a0 le \u00a0 fueron \u00a0 imputados\u00a0 \u00a0los\u00a0 \u00a0siguientes\u00a0 \u00a0cargos,\u00a0 \u00a0seg\u00fan\u00a0 \u00a0la\u00a0 \u00a0Nota\u00a0 \u00a0Diplom\u00e1tica N\u00b0 2799 del 18 de noviembre de \u00a02009, aclarada por la Nota Verbal N\u00b0 0139 del 27 de enero de 2010: \u00a0\u00a0<\/p>\n<p>\u201c&#8211; Cargo Uno: \u00a0Concierto \u00a0para \u00a0poseer \u00a0con la intenci\u00f3n de distribuir cinco kilogramos o m\u00e1s \u00a0de \u00a0una \u00a0sustancia controlada (coca\u00edna) a bordo de una embarcaci\u00f3n sujeta a la \u00a0jurisdicci\u00f3n \u00a0de \u00a0los \u00a0Estados \u00a0Unidos, \u00a0lo \u00a0cual \u00a0es en contra del T\u00edtulo 46, \u00a0Secci\u00f3n \u00a070503 (a) del C\u00f3digo de los Estados Unidos, en violaci\u00f3n del T\u00edtulo \u00a046, \u00a0Secci\u00f3n \u00a070506 \u00a0(a) y (b) del C\u00f3digo de los Estados Unidos, y del T\u00edtulo \u00a021, Secci\u00f3n 960 (b) (1) (B) del C\u00f3digo de los Estados Unidos; \u00a0\u00a0<\/p>\n<p>&#8212; Cargo Dos: Posesi\u00f3n con la intenci\u00f3n de \u00a0distribuir \u00a0cinco \u00a0kilogramos \u00a0o \u00a0m\u00e1s \u00a0de una sustancia controlada (coca\u00edna) a \u00a0bordo \u00a0de \u00a0una \u00a0embarcaci\u00f3n \u00a0sujeta a la jurisdicci\u00f3n de los Estados Unidos, y \u00a0ayuda \u00a0y \u00a0facilitaci\u00f3n de dicho delito, en violaci\u00f3n del T\u00edtulo 46, Secciones \u00a070503 \u00a0(a) \u00a0y \u00a070506 \u00a0(a) \u00a0del \u00a0C\u00f3digo de los Estados Unidos, y del T\u00edtulo 18, \u00a0Secci\u00f3n \u00a02 \u00a0del \u00a0C\u00f3digo \u00a0de los Estados Unidos, y del T\u00edtulo 21, Secci\u00f3n 960 \u00a0(b) (1) (B) del C\u00f3digo de los Estados Unidos; \u00a0\u00a0<\/p>\n<p>&#8212; \u00a0Cargo \u00a0Tres: \u00a0Concierto para distribuir \u00a0cinco \u00a0kilogramos \u00a0o \u00a0m\u00e1s \u00a0de \u00a0una \u00a0sustancia \u00a0controlada \u00a0(coca\u00edna), \u00a0con \u00a0la \u00a0intenci\u00f3n \u00a0de \u00a0que \u00a0dicha \u00a0sustancia \u00a0fuera importada ilegalmente a los Estados \u00a0Unidos, \u00a0lo \u00a0cual \u00a0es en contra del T\u00edtulo 21, Secci\u00f3n 959 (a) (2) del C\u00f3digo \u00a0de \u00a0los \u00a0Estados \u00a0Unidos, \u00a0en violaci\u00f3n del T\u00edtulo 21, Secciones 963 y 960 (b) \u00a0(1) (B); \u00a0\u00a0<\/p>\n<p>&#8212; Cargo Cuatro: Intento de distribuci\u00f3n de \u00a0cinco \u00a0kilogramos \u00a0o \u00a0m\u00e1s \u00a0de \u00a0una \u00a0sustancia \u00a0controlada \u00a0(coca\u00edna), \u00a0con \u00a0la \u00a0intenci\u00f3n \u00a0de \u00a0que \u00a0dicha \u00a0sustancia \u00a0fuera importada ilegalmente a los Estados \u00a0Unidos, \u00a0y \u00a0ayuda y facilitaci\u00f3n de dicho delito, en violaci\u00f3n del T\u00edtulo 21, \u00a0Secciones \u00a0959 (a) (2), 963 y 960 (b) (1) (B) del C\u00f3digo de los Estados Unidos, \u00a0y del T\u00edtulo 18, Secci\u00f3n 2 del C\u00f3digo de los Estados Unidos; y \u00a0\u00a0<\/p>\n<p>&#8212; \u00a0Cargo \u00a0Cinco: \u00a0Distribuci\u00f3n \u00a0de \u00a0cinco \u00a0kilogramos \u00a0o m\u00e1s de una sustancia controlada de la Lista II (coca\u00edna), con el \u00a0conocimiento \u00a0de que dicha sustancia ser\u00eda importada ilegalmente en los Estados \u00a0Unidos, \u00a0y \u00a0ayuda y facilitaci\u00f3n de dicho delito, en violaci\u00f3n del T\u00edtulo 21, \u00a0Secciones \u00a0959 \u00a0(a) \u00a0(2) \u00a0y 960 (b) (1) (B) del C\u00f3digo de los Estados Unidos, y \u00a0del \u00a0T\u00edtulo \u00a018, \u00a0Secci\u00f3n \u00a02 \u00a0del \u00a0C\u00f3digo \u00a0de \u00a0los Estados Unidos\u201d. \u00a0\u00a0<\/p>\n<p>2.\u00a0 En orden a \u00a0formalizar \u00a0 el \u00a0 tr\u00e1mite \u00a0de \u00a0extradici\u00f3n \u00a0fueron \u00a0aportados \u00a0los \u00a0siguientes \u00a0documentos, \u00a0efectuada \u00a0la \u00a0traducci\u00f3n \u00a0necesaria y la legalizaci\u00f3n respectiva \u00a0ante el Ministerio de Relaciones Exteriores: \u00a0\u00a0<\/p>\n<p>2.1.\u00a0 Las Notas \u00a0Diplom\u00e1ticas \u00a0n\u00fameros \u00a02799 \u00a0del 18 de noviembre de 2009, 0139 del 27 de enero \u00a0de \u00a02010 \u00a0y \u00a00799 \u00a0del \u00a04 \u00a0de \u00a0abril \u00a0del mismo a\u00f1o, a trav\u00e9s de las cuales la \u00a0Embajada \u00a0 \u00a0de \u00a0 \u00a0los \u00a0 \u00a0Estados \u00a0 Unidos \u00a0 hace \u00a0 conocer \u00a0 la \u00a0 petici\u00f3n \u00a0 de \u00a0extradici\u00f3n. \u00a0\u00a0<\/p>\n<p>En \u00a0la \u00a0primera \u00a0de \u00a0esas \u00a0notas la Embajada \u00a0informa \u00a0 al \u00a0 Ministerio \u00a0 de \u00a0 Relaciones \u00a0Exteriores \u00a0que \u00a0Sa\u00fal \u00a0Estupi\u00f1\u00e1n \u00a0Yesquen \u00a0 \u201ces \u00a0ciudadano \u00a0de \u00a0Colombia, \u00a0nacido \u00a0el \u00a09 \u00a0de \u00a0febrero de 1965, en \u00a0Colombia. \u00a0Es \u00a0portador \u00a0de \u00a0la \u00a0c\u00e9dula \u00a0colombiana \u00a0N\u00b0 16.488.871\u201d. \u00a0\u00a0<\/p>\n<p>2.2. \u00a0Copia \u00a0de la \u00a0acusaci\u00f3n \u00a0N\u00b0 \u00a009-20428-CR \u00a0JORDAN\/McALILEY proferida el 21 de mayo de 2009 en \u00a0la \u00a0Corte \u00a0Distrital \u00a0de \u00a0los \u00a0Estados \u00a0Unidos \u00a0para el Distrito Judicial Sur de \u00a0Florida contra Sa\u00fal Estupi\u00f1\u00e1n Yesquen. \u00a0\u00a0<\/p>\n<p>2.3.\u00a0 Copia de \u00a0las \u00a0disposiciones penales del C\u00f3digo Federal de los Estados Unidos, relevantes \u00a0para el presente caso. \u00a0\u00a0<\/p>\n<p>2.4.\u00a0 \u00a0Declaraciones \u00a0juradas \u00a0del \u00a0Fiscal \u00a0Federal \u00a0Auxiliar \u00a0Eric \u00a0E. \u00a0Morales, de la \u00a0Oficina \u00a0del \u00a0Fiscal \u00a0Federal \u00a0del \u00a0Distrito \u00a0Judicial \u00a0Sur de Florida y de Sean \u00a0Kocher, \u00a0Agente \u00a0Especial de la Administraci\u00f3n de Control de Drogas con sede en \u00a0Miami, en apoyo a la solicitud de extradici\u00f3n. \u00a0\u00a0<\/p>\n<p>3.\u00a0 En Colombia \u00a0se realiz\u00f3 el siguiente tr\u00e1mite: \u00a0\u00a0<\/p>\n<p>3.1.\u00a0 \u00a0 La \u00a0Directora \u00a0de \u00a0Asuntos \u00a0Jur\u00eddicos \u00a0Internacionales del Ministerio de Relaciones \u00a0Exteriores \u00a0remiti\u00f3 \u00a0a \u00a0la Fiscal\u00eda General de la Naci\u00f3n la Nota Diplom\u00e1tica \u00a0N\u00b0 \u00a02799 \u00a0del \u00a018 de noviembre de 2009 procedente de la Embajada de los Estados \u00a0Unidos, \u00a0mediante \u00a0la \u00a0cual se solicit\u00f3 la captura con fines de extradici\u00f3n de \u00a0Sa\u00fal \u00a0Estupi\u00f1\u00e1n \u00a0Yesquen \u00a0y \u00a0el \u00a0ente \u00a0acusador \u00a0por \u00a0Resoluci\u00f3n del d\u00eda 26 \u00a0siguiente emiti\u00f3 la orden respectiva. \u00a0\u00a0<\/p>\n<p>3.2.\u00a0 El 18 de \u00a0febrero \u00a0de 2010 fue aprehendido Estupi\u00f1\u00e1n Yesquen en la ciudad de Cali, quien \u00a0se \u00a0identific\u00f3 \u00a0con \u00a0la \u00a0c\u00e9dula \u00a0de \u00a0ciudadan\u00eda \u00a0N\u00b0 \u00a016.488.871 \u00a0expedida en \u00a0Buenaventura (Valle). \u00a0\u00a0<\/p>\n<p>3.3. La Directora de \u00a0Asuntos \u00a0Jur\u00eddicos \u00a0Internacionales \u00a0del \u00a0Ministerio \u00a0de Relaciones Exteriores, \u00a0mediante \u00a0 oficio \u00a0DAJI.E. \u00a00837 \u00a0del \u00a015 \u00a0de \u00a0abril \u00a0de \u00a02010, \u00a0conceptu\u00f3 \u00a0que \u00a0\u201cpor \u00a0no \u00a0existir Convenio \u00a0aplicable \u00a0al \u00a0caso \u00a0en \u00a0menci\u00f3n \u00a0es \u00a0procedente \u00a0obrar \u00a0de \u00a0conformidad con el \u00a0ordenamiento \u00a0procesal penal colombiano\u201d. \u00a0\u00a0<\/p>\n<p>3.4.\u00a0 Iniciado \u00a0el \u00a0tr\u00e1mite previsto en el art\u00edculo 500 de la Ley 906 de 2004, el 4 de mayo de \u00a02010 \u00a0 se \u00a0 concedi\u00f3 \u00a0personer\u00eda \u00a0adjetiva \u00a0al \u00a0defensor \u00a0nombrado \u00a0por \u00a0Sa\u00fal \u00a0Estupi\u00f1\u00e1n \u00a0Yesquen \u00a0y se corri\u00f3 traslado por el t\u00e9rmino de 10 d\u00edas, tanto a \u00a0estos \u00a0como \u00a0al \u00a0Ministerio \u00a0P\u00fablico, \u00a0para \u00a0que \u00a0solicitaran \u00a0las \u00a0pruebas que \u00a0considerasen \u00a0necesarias \u00a0dentro \u00a0del presente asunto, tiempo durante el cual el \u00a0apoderado \u00a0 del \u00a0 requerido \u00a0 solicit\u00f3 \u00a0 la \u00a0 pr\u00e1ctica \u00a0de \u00a0varios \u00a0medios \u00a0de \u00a0persuasi\u00f3n. \u00a0\u00a0<\/p>\n<p>3.5.\u00a0 \u00a0 El \u00a0reclamado \u00a0en \u00a0extradici\u00f3n \u00a0reemplaz\u00f3 \u00a0a \u00a0su abogado y con decisi\u00f3n del 25 de \u00a0agosto \u00a0 \u00a0de \u00a0 2010 \u00a0 la \u00a0 Sala \u00a0 neg\u00f3 \u00a0 las \u00a0 pruebas \u00a0 solicitadas \u00a0 por \u00a0 la \u00a0defensa. \u00a0\u00a0<\/p>\n<p>3.6.\u00a0 En firme \u00a0la \u00a0anterior \u00a0determinaci\u00f3n, \u00a0se \u00a0dej\u00f3 \u00a0el \u00a0expediente en Secretar\u00eda para los \u00a0fines \u00a0indicados \u00a0en \u00a0el \u00a0inciso \u00a03\u00ba \u00a0del \u00a0art\u00edculo 500 de la Ley 906 de 2004, \u00a0arribando \u00a0los \u00a0alegatos \u00a0previos \u00a0al \u00a0concepto del abogado del solicitado y del \u00a0representante del Ministerio P\u00fablico. \u00a0\u00a0<\/p>\n<p>ALEGATOS DE LOS INTERVINIENTES: \u00a0<\/p>\n<p>1.\u00a0 Defensor del Requerido: \u00a0<\/p>\n<p>\u00a0 \u00a0\u00a0 \u00a0\u00a0 \u00a0\u00a0Una \u00a0vez \u00a0encuentra \u00a0reunidos \u00a0los \u00a0requisitos \u00a0relativos \u00a0a: (i) la \u00a0validez \u00a0formal \u00a0de la documentaci\u00f3n aportada por el Gobierno solicitante; (ii) \u00a0la \u00a0plena \u00a0identidad \u00a0del \u00a0ciudadano \u00a0colombiano pedido por el pa\u00eds extranjero; \u00a0(iii) \u00a0el \u00a0principio \u00a0de \u00a0la \u00a0doble incriminaci\u00f3n y; (iv) la equivalencia de la \u00a0providencia \u00a0allegada por las autoridades judiciales del pa\u00eds reclamante con la \u00a0acusaci\u00f3n \u00a0prevista \u00a0en \u00a0la legislaci\u00f3n colombiana; se\u00f1ala que como habr\u00e1 de \u00a0emitirse \u00a0concepto \u00a0favorable \u00a0por \u00a0la \u00a0Corte \u00a0respecto de la extradici\u00f3n de su \u00a0representado, \u00a0solicita \u00a0condicionar su entrega a que no se le juzgue por hechos \u00a0distintos a los que le sirven de fundamento a \u00e9sta. \u00a0\u00a0<\/p>\n<p>As\u00ed \u00a0mismo, depreca que la concesi\u00f3n de la \u00a0extradici\u00f3n \u00a0de \u00a0su procurado est\u00e9 supeditada a que no sea objeto de torturas, \u00a0tratos \u00a0crueles, \u00a0inhumanos o degradantes, ni sometido a las penas de destierro, \u00a0confiscaci\u00f3n \u00a0o \u00a0prisi\u00f3n \u00a0perpetua, \u00a0se facilite su acercamiento familiar y le \u00a0sean \u00a0respetadas \u00a0las \u00a0garant\u00edas \u00a0inherentes \u00a0a \u00a0su \u00a0condici\u00f3n \u00a0de \u00a0procesado. \u00a0Tambi\u00e9n \u00a0pide que se compute el tiempo que ha estado privado de la libertad por \u00a0cuenta \u00a0de \u00a0este \u00a0tr\u00e1mite, a la pena que eventualmente se le imponga por raz\u00f3n \u00a0de los hechos que motivan la presente petici\u00f3n de entrega. \u00a0\u00a0<\/p>\n<p>2.\u00a0 Ministerio P\u00fablico: \u00a0<\/p>\n<p>Luego \u00a0de precisar el tr\u00e1mite agotado y los \u00a0requisitos \u00a0a \u00a0tener \u00a0en cuenta para la procedencia de la extradici\u00f3n, en punto \u00a0de \u00a0la \u00a0validez \u00a0formal \u00a0de la documentaci\u00f3n presentada por el pa\u00eds requirente \u00a0se\u00f1ala \u00a0 que \u00a0 ella \u00a0 fue \u00a0 aportada \u00a0 con \u00a0su \u00a0correspondiente \u00a0traducci\u00f3n \u00a0y \u00a0autenticaci\u00f3n \u00a0por \u00a0v\u00eda \u00a0la \u00a0diplom\u00e1tica, \u00a0encontr\u00e1ndose \u00a0as\u00ed cumplido este \u00a0requisito. \u00a0\u00a0<\/p>\n<p>En cuanto hace a la demostraci\u00f3n plena de la \u00a0identidad \u00a0del solicitado, sostiene que la documentaci\u00f3n acopiada indica que la \u00a0persona \u00a0requerida \u00a0en extradici\u00f3n es el ciudadano colombiano Sa\u00fal Estupi\u00f1\u00e1n \u00a0Yesquen, \u00a0cuya \u00a0identidad \u00a0fue \u00a0corroborada \u00a0en \u00a0el \u00a0presente \u00a0tr\u00e1mite desde el \u00a0momento de su aprehensi\u00f3n. \u00a0\u00a0<\/p>\n<p>Respecto \u00a0 del \u00a0 principio \u00a0 de \u00a0la \u00a0doble \u00a0incriminaci\u00f3n, \u00a0considera \u00a0que \u00a0tambi\u00e9n \u00a0se satisface, por cuanto realizada la \u00a0confrontaci\u00f3n \u00a0entre \u00a0las \u00a0conductas que motivan la petici\u00f3n de extradici\u00f3n y \u00a0nuestro \u00a0ordenamiento \u00a0jur\u00eddico, \u00a0se \u00a0puede \u00a0concluir que tales comportamientos \u00a0constituyen \u00a0delito, pues encuentran adecuaci\u00f3n t\u00edpica en los art\u00edculos 340 y \u00a0376 \u00a0del \u00a0C\u00f3digo \u00a0Penal \u00a0bajo \u00a0la \u00a0denominaci\u00f3n \u00a0de concierto para delinquir y \u00a0tr\u00e1fico, \u00a0fabricaci\u00f3n \u00a0o porte de estupefacientes, respectivamente, los cuales \u00a0est\u00e1n \u00a0 sancionados \u00a0en \u00a0Colombia \u00a0con \u00a0penas \u00a0superiores \u00a0a \u00a0cuatro \u00a0a\u00f1os \u00a0de \u00a0prisi\u00f3n. \u00a0\u00a0<\/p>\n<p>En \u00a0relaci\u00f3n \u00a0con \u00a0la \u00a0equivalencia \u00a0de \u00a0la \u00a0providencia \u00a0proferida \u00a0en \u00a0el extranjero, estima que este requisito tambi\u00e9n se \u00a0cumple, \u00a0en \u00a0consideraci\u00f3n \u00a0a que la acusaci\u00f3n emitida por el pa\u00eds requirente \u00a0que \u00a0contiene \u00a0los cargos aprobados por la Corte Distrital de los Estados Unidos \u00a0para \u00a0el \u00a0Distrito \u00a0Judicial \u00a0Sur \u00a0de \u00a0Florida, \u00a0responde \u00a0a \u00a0la \u00a0resoluci\u00f3n de \u00a0acusaci\u00f3n \u00a0del \u00a0ordenamiento \u00a0jur\u00eddico \u00a0colombiano \u00a0y por ello solicita emitir \u00a0concepto favorable. \u00a0\u00a0<\/p>\n<p>Para \u00a0terminar expresa que de ser afirmativo \u00a0el \u00a0concepto \u00a0de \u00a0la \u00a0Sala \u00a0a \u00a0la solicitud de extradici\u00f3n de Sa\u00fal Estupi\u00f1\u00e1n \u00a0Yesquen, \u00a0se \u00a0exhorte \u00a0al \u00a0Gobierno \u00a0Nacional \u00a0para que la entrega del requerido \u00a0est\u00e9 \u00a0condicionada \u00a0a que s\u00f3lo se le juzgue por las conductas que motivaron la \u00a0extradici\u00f3n, \u00a0y \u00a0que \u00a0de \u00a0acuerdo \u00a0con \u00a0los \u00a0Instrumentos \u00a0Internacionales \u00a0que \u00a0protegen \u00a0los \u00a0derechos \u00a0humanos \u00a0no \u00a0sea \u00a0sometido \u00a0a \u00a0torturas, tratos o penas \u00a0crueles, \u00a0 inhumanas \u00a0 o \u00a0 degradantes, \u00a0 pena \u00a0de \u00a0muerte, \u00a0prisi\u00f3n \u00a0perpetua, \u00a0confiscaci\u00f3n o destierro. \u00a0\u00a0<\/p>\n<p>CONCEPTO DE LA CORTE: \u00a0<\/p>\n<p>1.\u00a0 Aspectos previos. \u00a0<\/p>\n<p>1.1.\u00a0 \u00a0Confrontada \u00a0la \u00a0solicitud \u00a0formulada \u00a0por \u00a0el \u00a0Gobierno de los Estados Unidos a \u00a0trav\u00e9s \u00a0de \u00a0su \u00a0Embajada en Colombia y los documentos aportados, se infiere que \u00a0las \u00a0actividades \u00a0delictivas \u00a0atribuidas \u00a0a \u00a0Sa\u00fal \u00a0Estupi\u00f1\u00e1n Yesquen habr\u00edan \u00a0ocurrido \u00a0 \u00a0\u201cComenzando \u00a0aproximadamente \u00a0 en \u00a0 junio \u00a0 de \u00a02008\u2026 \u00a0 y \u00a0 continuando \u00a0 hasta \u00a0aproximadamente \u00a0el \u00a024 \u00a0de \u00a0octubre \u00a0de \u00a02008\u201d, \u00a0es \u00a0decir \u00a0que las \u00a0conductas \u00a0por \u00a0cuya ejecuci\u00f3n fue acusado se cometieron con posterioridad a la \u00a0entrada \u00a0en \u00a0vigencia \u00a0del \u00a0Acto \u00a0Legislativo \u00a0N\u00b0 01 de 1997, modificatorio del \u00a0art\u00edculo \u00a035 \u00a0de \u00a0la \u00a0Constituci\u00f3n \u00a0Pol\u00edtica, por lo que no resulta necesario \u00a0hacer salvedad alguna al respecto. \u00a0\u00a0<\/p>\n<p>1.2.\u00a0 Ahora, en \u00a0el \u00a0pliego \u00a0acusatorio \u00a0en que se sustenta la solicitud de extradici\u00f3n y en las \u00a0declaraciones \u00a0que se acompa\u00f1an en apoyo de la mencionada petici\u00f3n, se precisa \u00a0que \u00a0las conductas imputadas a Estupi\u00f1\u00e1n Yesquen se habr\u00edan llevado a cabo en \u00a0los \u00a0Estados \u00a0Unidos, \u00a0particularmente \u00a0en \u00a0el \u00a0Condado \u00a0de Miami-Dade, Distrito \u00a0Judicial \u00a0Sur \u00a0de \u00a0la \u00a0Florida \u00a0y en otros lugares como M\u00e9xico y Panam\u00e1, quien \u00a0espec\u00edficamente \u00a0fue \u00a0parte \u00a0de \u00a0una \u00a0asociaci\u00f3n \u00a0il\u00edcita \u00a0para poseer con el \u00a0prop\u00f3sito \u00a0de importar y distribuir en Estados Unidos y desde un sitio fuera de \u00a0dicho pa\u00eds sustancias controladas, en concreto coca\u00edna. \u00a0\u00a0<\/p>\n<p>En \u00a0 esa \u00a0medida, \u00a0en \u00a0cualquiera \u00a0de \u00a0las \u00a0hip\u00f3tesis \u00a0establecidas por la jurisprudencia y la doctrina como criterios para \u00a0determinar \u00a0el \u00a0lugar \u00a0de \u00a0ocurrencia \u00a0del \u00a0hecho, \u00a0tales \u00a0como: (i) el sitio de \u00a0realizaci\u00f3n \u00a0de \u00a0la acci\u00f3n, seg\u00fan el cual el hecho se entiende cometido donde \u00a0se \u00a0llev\u00f3 \u00a0a cabo total o parcialmente la exteriorizaci\u00f3n de la voluntad; (ii) \u00a0la \u00a0del \u00a0resultado, \u00a0que estima realizado el hecho donde se produjo el efecto de \u00a0la \u00a0conducta y; (iii) la teor\u00eda mixta o de la ubicuidad, que considera cometido \u00a0el \u00a0hecho \u00a0donde se efectu\u00f3 la acci\u00f3n de manera total o parcial, como tambi\u00e9n \u00a0en \u00a0el \u00a0sitio \u00a0donde \u00a0se \u00a0produjo \u00a0o \u00a0debi\u00f3 \u00a0producirse \u00a0el \u00a0resultado; la Sala \u00a0encuentra \u00a0que \u00a0las \u00a0conductas atribuidas ante la Corte Distrital de los Estados \u00a0Unidos \u00a0 para \u00a0 el \u00a0 Distrito \u00a0Judicial \u00a0Sur \u00a0de \u00a0Florida \u00a0a \u00a0Sa\u00fal \u00a0Estupi\u00f1\u00e1n \u00a0Yesquen \u00a0 traspasaron \u00a0las \u00a0fronteras \u00a0colombianas, por lo cual se satisface la condicionante constitucional \u00a0de que el hecho se haya cometido en el exterior del pa\u00eds. \u00a0\u00a0<\/p>\n<p>2. Cuesti\u00f3n de fondo: \u00a0<\/p>\n<p>Aspectos Generales \u00a0<\/p>\n<p>La \u00a0competencia \u00a0de \u00a0la \u00a0Corte \u00a0dentro \u00a0del \u00a0tr\u00e1mite \u00a0de \u00a0extradici\u00f3n \u00a0est\u00e1 \u00a0circunscrita \u00a0a \u00a0emitir \u00a0su concepto sobre la \u00a0viabilidad \u00a0de entregar o no a la persona solicitada por un Gobierno extranjero, \u00a0despu\u00e9s \u00a0de \u00a0examinar \u00a0los aspectos a que se refieren los art\u00edculos 493, 495 y \u00a0502 \u00a0 del \u00a0 C\u00f3digo \u00a0 de \u00a0Procedimiento \u00a0Penal \u00a0(Ley \u00a0906 \u00a0de \u00a02004) \u00a01. \u00a0\u00a0<\/p>\n<p>Como \u00a0quiera \u00a0que \u00a0seg\u00fan \u00a0lo \u00a0expres\u00f3 \u00a0el \u00a0Ministerio \u00a0de \u00a0Relaciones Exteriores dentro de este tr\u00e1mite, no existe tratado \u00a0de \u00a0extradici\u00f3n \u00a0aplicable \u00a0en \u00a0el \u00a0ordenamiento \u00a0interno \u00a0entre Colombia y los \u00a0Estados \u00a0Unidos, el concepto debe fundamentarse en lo dispuesto en el C\u00f3digo de \u00a0Procedimiento \u00a0Penal \u00a0colombiano \u00a0y \u00a0por \u00a0ello \u00a0corresponde a la Sala, seg\u00fan lo \u00a0preceptuado \u00a0 en \u00a0el \u00a0art\u00edculo \u00a0502 \u00a0del \u00a0referido \u00a0ordenamiento, \u00a0realizar \u00a0el \u00a0an\u00e1lisis \u00a0sobre: \u00a0(i) \u00a0la \u00a0validez \u00a0formal de la documentaci\u00f3n allegada por el \u00a0pa\u00eds \u00a0requirente; \u00a0(ii) \u00a0la \u00a0demostraci\u00f3n \u00a0plena de la identidad de la persona \u00a0solicitada; \u00a0(iii) \u00a0la \u00a0concurrencia de la doble incriminaci\u00f3n, esto es, que el \u00a0hecho \u00a0que \u00a0motiva \u00a0la \u00a0solicitud \u00a0de extradici\u00f3n tanto en el Estado reclamante \u00a0como \u00a0en \u00a0Colombia sea delito y adem\u00e1s que la legislaci\u00f3n nacional lo sancione \u00a0con \u00a0pena \u00a0privativa \u00a0de \u00a0la \u00a0libertad cuyo m\u00ednimo no sea inferior a cuatro (4) \u00a0a\u00f1os \u00a0y; \u00a0(iv) la equivalencia de la providencia proferida en el extranjero con \u00a0la acusaci\u00f3n del sistema procesal colombiano. \u00a0\u00a0<\/p>\n<p>En relaci\u00f3n con cada uno de dichos aspectos, \u00a0se tiene: \u00a0\u00a0<\/p>\n<p>2.1.\u00a0 \u00a0Validez \u00a0 \u00a0 formal \u00a0 \u00a0 de \u00a0 \u00a0 la \u00a0 \u00a0 documentaci\u00f3n \u00a0presentada: \u00a0\u00a0<\/p>\n<p>Seg\u00fan \u00a0lo \u00a0establece el art\u00edculo 495 de la \u00a0Ley \u00a0906 \u00a0de \u00a02004, \u00a0la \u00a0solicitud \u00a0de \u00a0extradici\u00f3n debe efectuarse por la v\u00eda \u00a0diplom\u00e1tica \u00a0y \u00a0de manera excepcional por la consular o de gobierno a gobierno, \u00a0adjuntando \u00a0copia \u00a0aut\u00e9ntica \u00a0del \u00a0fallo \u00a0o \u00a0de \u00a0la \u00a0acusaci\u00f3n proferida en el \u00a0extranjero, \u00a0con indicaci\u00f3n de los actos que determinan la petici\u00f3n, as\u00ed como \u00a0del \u00a0lugar \u00a0y fecha en que fueron ejecutados, los datos que permitan identificar \u00a0plenamente \u00a0al \u00a0reclamado \u00a0y \u00a0copia \u00a0aut\u00e9ntica \u00a0de \u00a0las \u00a0disposiciones \u00a0penales \u00a0aplicables \u00a0al \u00a0caso, documentos que deben ser expedidos en la forma establecida \u00a0por \u00a0la \u00a0legislaci\u00f3n \u00a0del \u00a0pa\u00eds \u00a0reclamante \u00a0y traducida al castellano, de ser \u00a0necesario. \u00a0\u00a0<\/p>\n<p>Por \u00a0 tanto, \u00a0 la \u00a0validez \u00a0formal \u00a0de \u00a0la \u00a0documentaci\u00f3n \u00a0apunta \u00a0a \u00a0verificar que los soportes con apoyo en los cuales el \u00a0Estado \u00a0requirente solicita la entrega de una persona en extradici\u00f3n se sujeten \u00a0a las referidas exigencias formales. \u00a0\u00a0<\/p>\n<p>Encuentra \u00a0la \u00a0Sala que este presupuesto fue \u00a0observado \u00a0por el Gobierno de los Estados Unidos al demandar la extradici\u00f3n del \u00a0ciudadano \u00a0colombiano \u00a0Sa\u00fal \u00a0Estupi\u00f1\u00e1n Yesquen por conducto de su Embajada en \u00a0Colombia. \u00a0\u00a0<\/p>\n<p>En \u00a0efecto, la solicitud se hizo por la v\u00eda \u00a0diplom\u00e1tica \u00a0y \u00a0a \u00a0ella \u00a0se \u00a0acompa\u00f1\u00f3 \u00a0copia de la acusaci\u00f3n N\u00b0 09-20428-CR \u00a0JORDAN\/McALILEY \u00a0dictada \u00a0el \u00a021 \u00a0de \u00a0mayo \u00a0de 2009 en la Corte Distrital de los \u00a0Estados \u00a0Unidos \u00a0para \u00a0el \u00a0Distrito \u00a0Judicial Sur de Florida, decisi\u00f3n donde se \u00a0indican \u00a0los \u00a0actos \u00a0que soportan la petici\u00f3n de entrega, el lugar y las fechas \u00a0de \u00a0su \u00a0ejecuci\u00f3n, \u00a0as\u00ed como los datos necesarios para establecer la identidad \u00a0de la persona requerida. \u00a0\u00a0<\/p>\n<p>Tambi\u00e9n \u00a0se \u00a0aportaron las declaraciones de \u00a0Eric \u00a0E. Morales, Fiscal Federal Auxiliar de la Fiscal\u00eda Federal de los Estados \u00a0Unidos \u00a0para \u00a0el \u00a0Distrito \u00a0Judicial \u00a0Sur \u00a0de \u00a0Florida \u00a0y de Sean Kocher, Agente \u00a0Especial \u00a0de \u00a0la Administraci\u00f3n de Control de Drogas con sede en Miami, quienes \u00a0confirman \u00a0los \u00a0pormenores \u00a0de \u00a0la \u00a0investigaci\u00f3n \u00a0y \u00a0posterior \u00a0acusaci\u00f3n, la \u00a0relaci\u00f3n \u00a0de \u00a0los \u00a0cargos \u00a0y \u00a0la \u00a0normatividad aplicable al caso, la cual est\u00e1 \u00a0contenida en el C\u00f3digo Federal de los Estados Unidos. \u00a0\u00a0<\/p>\n<p>Los \u00a0anteriores \u00a0documentos \u00a0 a \u00a0 su \u00a0 vez \u00a0obran \u00a0en \u00a0traducci\u00f3n \u00a0al \u00a0castellano, \u00a0certificada \u00a0y \u00a0autenticada \u00a0de \u00a0conformidad \u00a0con \u00a0el \u00a0ordenamiento \u00a0jur\u00eddico \u00a0del Estado requirente, con sus firmas autenticadas ante la C\u00f3nsul de \u00a0Colombia \u00a0en Washington, D.C. y posteriormente por el Jefe de Legalizaciones del \u00a0Ministerio de Relaciones Exteriores. \u00a0\u00a0<\/p>\n<p>Este \u00a0 \u00a0requisito, \u00a0 \u00a0por \u00a0 tanto, \u00a0 se \u00a0satisface. \u00a0\u00a0<\/p>\n<p>2.2.\u00a0 \u00a0Identidad \u00a0plena \u00a0entre el reclamado en extradici\u00f3n y \u00a0el aprehendido con tal finalidad: \u00a0\u00a0<\/p>\n<p>Esta exigencia se contrae a la coincidencia \u00a0que \u00a0debe \u00a0existir \u00a0entre \u00a0la \u00a0persona \u00a0solicitada por el Estado requirente y la \u00a0aprehendida \u00a0con \u00a0fines \u00a0de \u00a0extradici\u00f3n. Bajo este contexto es que corresponde \u00a0pronunciarse \u00a0 a \u00a0 la \u00a0Corte \u00a0en \u00a0punto \u00a0de \u00a0la \u00a0identificaci\u00f3n \u00a0del \u00a0ciudadano \u00a0reclamado. \u00a0\u00a0<\/p>\n<p>En \u00a0la Nota Diplom\u00e1tica N\u00b0 2799 del 18 de \u00a0noviembre \u00a0de \u00a02009 \u00a0la \u00a0Embajada de los Estados Unidos informa al Ministerio de \u00a0Relaciones \u00a0Exteriores \u00a0que \u00a0la persona solicitada es Sa\u00fal Estupi\u00f1\u00e1n Yesquen, \u00a0ciudadano \u00a0colombiano \u00a0nacido \u00a0el \u00a09 \u00a0de \u00a0febrero \u00a0de \u00a01965 \u00a0en \u00a0Colombia,\u00a0 \u00a0identificado con la c\u00e9dula de ciudadan\u00eda N\u00b0 16.488.871. \u00a0\u00a0<\/p>\n<p>De la documentaci\u00f3n acopiada se infiere que \u00a0se \u00a0trata \u00a0de \u00a0la \u00a0misma \u00a0persona que en este tr\u00e1mite se ha identificado con la \u00a0c\u00e9dula \u00a0de \u00a0ciudadan\u00eda \u00a0a que alude la petici\u00f3n, sin que se pongan en tela de \u00a0juicio \u00a0los \u00a0dem\u00e1s \u00a0datos requeridos para dar por acreditada la exigencia aqu\u00ed \u00a0estudiada. \u00a0\u00a0<\/p>\n<p>En \u00a0esa medida, este requisito al igual que \u00a0el anterior tambi\u00e9n se cumple. \u00a0\u00a0<\/p>\n<p>2.3.\u00a0 \u00a0Principio de la doble incriminaci\u00f3n: \u00a0\u00a0<\/p>\n<p>Seg\u00fan lo estipulado en el art\u00edculo 493 de \u00a0la \u00a0Ley 906 de 2004, para conceder la extradici\u00f3n es indispensable que el hecho \u00a0que \u00a0la \u00a0motiva \u00a0est\u00e9 previsto en Colombia como delito y reprimido con sanci\u00f3n \u00a0privativa \u00a0 de \u00a0 la \u00a0 libertad \u00a0cuyo \u00a0m\u00ednimo \u00a0no \u00a0sea \u00a0inferior \u00a0a \u00a0cuatro \u00a0(4) \u00a0a\u00f1os. \u00a0\u00a0<\/p>\n<p>En \u00a0este \u00a0sentido se tiene que el ciudadano \u00a0colombiano \u00a0Sa\u00fal Estupi\u00f1\u00e1n Yesquen es requerido para que comparezca en juicio \u00a0ante \u00a0la \u00a0Corte Distrital de los Estados Unidos para el Distrito Judicial Sur de \u00a0Florida, \u00a0donde \u00a0es \u00a0objeto \u00a0de \u00a0la \u00a0acusaci\u00f3n \u00a0N\u00b0 09-20428-CR JORDAN\/McALILEY \u00a0dictada \u00a0el \u00a021 \u00a0de \u00a0mayo de 2009, mediante la cual se le imputan los siguientes \u00a0cargos: \u00a0\u00a0<\/p>\n<p>\u201cCARGO \u00a0UNO \u00a0\u00a0<\/p>\n<p>Comenzado aproximadamente en junio de 2008, \u00a0siendo \u00a0la \u00a0fecha \u00a0exacta \u00a0desconocida \u00a0por \u00a0el Gran Jurado, y continuando hasta \u00a0aproximadamente \u00a0 el \u00a0 24 \u00a0 de \u00a0 octubre \u00a0 de \u00a0 2008, \u00a0los \u00a0acusados\u2026\u00a0 \u00a0 \u00a0 \u00a0 \u00a0 \u00a0SA\u00daL \u00a0ESTUPI\u00d1\u00c1N YESQUEN\u2026 \u00a0 a \u00a0sabiendas \u00a0e \u00a0intencionalmente \u00a0se \u00a0combinaron, \u00a0actuaron \u00a0en \u00a0concierto, \u00a0se \u00a0confederaron \u00a0y \u00a0acordaron \u00a0entre \u00a0s\u00ed \u00a0y \u00a0con \u00a0otras \u00a0personas, \u00a0conocidas \u00a0 y \u00a0desconocidas \u00a0por \u00a0el \u00a0Gran \u00a0Jurado, \u00a0poseer \u00a0con \u00a0intenci\u00f3n \u00a0de \u00a0distribuir \u00a0una \u00a0sustancia controlada a bordo de una nave sujeta a jurisdicci\u00f3n \u00a0de \u00a0los \u00a0Estados \u00a0Unidos, \u00a0en \u00a0violaci\u00f3n \u00a0al T\u00edtulo 46, C\u00f3digo de los Estados \u00a0Unidos, \u00a0Secci\u00f3n \u00a070503 \u00a0(a); \u00a0todo en violaci\u00f3n al T\u00edtulo 46, C\u00f3digo de los \u00a0Estados Unidos, Secci\u00f3n 70506 (b). \u00a0\u00a0<\/p>\n<p>Conforme \u00a0al \u00a0T\u00edtulo \u00a046, \u00a0C\u00f3digo de los \u00a0Estados \u00a0Unidos, Secci\u00f3n 70506 (a) y T\u00edtulo 21, C\u00f3digo de los Estados Unidos, \u00a0Secci\u00f3n \u00a0960 \u00a0(b) \u00a0(1) \u00a0(B), se alega asimismo que este delito involucr\u00f3 cinco \u00a0(5) \u00a0kilogramos \u00a0o \u00a0m\u00e1s \u00a0de \u00a0una \u00a0mezcla \u00a0o \u00a0sustancia conteniendo una cantidad \u00a0detectable de coca\u00edna. \u00a0\u00a0<\/p>\n<p>CARGO 2 \u00a0<\/p>\n<p>El 8 de octubre de 2008 o alrededor de esa \u00a0fecha, \u00a0 los \u00a0 acusados\u2026 \u00a0SA\u00daL \u00a0 \u00a0 \u00a0 ESTUPI\u00d1\u00c1N \u00a0 \u00a0 \u00a0YESQUEN\u2026 \u00a0 a \u00a0sabiendas \u00a0e \u00a0intencionalmente \u00a0pose\u00edan \u00a0con \u00a0la \u00a0intenci\u00f3n \u00a0de distribuir una sustancia controlada a bordo de \u00a0una \u00a0nave \u00a0sujeta \u00a0a \u00a0la \u00a0jurisdicci\u00f3n \u00a0de los Estados Unidos, en violaci\u00f3n al \u00a0T\u00edtulo \u00a046, \u00a0C\u00f3digo de los Estados Unidos y T\u00edtulo 18, C\u00f3digo de los Estados \u00a0Unidos, Secci\u00f3n 2. \u00a0\u00a0<\/p>\n<p>Conforme \u00a0al \u00a0T\u00edtulo \u00a046, \u00a0C\u00f3digo de los \u00a0Estados \u00a0Unidos, Secci\u00f3n 70506 (a) y T\u00edtulo 21, C\u00f3digo de los Estados Unidos, \u00a0Secci\u00f3n \u00a0960 \u00a0(b) \u00a0(1) \u00a0(B), se alega asimismo que el delito se refiere a cinco \u00a0(5) \u00a0kilogramos \u00a0o \u00a0m\u00e1s \u00a0de \u00a0una \u00a0mezcla \u00a0o sustancia que contiene una cantidad \u00a0detectable de coca\u00edna. \u00a0\u00a0<\/p>\n<p>CARGO 3 \u00a0<\/p>\n<p>Comenzando \u00a0aproximadamente \u00a0en \u00a0junio \u00a0de \u00a02008, \u00a0desconociendo \u00a0el \u00a0Gran Jurado la fecha exacta, y continuando hasta el 24 \u00a0de \u00a0 octubre \u00a0 de \u00a0 2008, \u00a0 en \u00a0Colombia, \u00a0Sudam\u00e9rica, \u00a0y \u00a0otros \u00a0lugares, \u00a0los \u00a0acusados\u2026\u00a0 \u00a0SA\u00daL \u00a0 \u00a0 \u00a0 ESTUPI\u00d1\u00c1N \u00a0 \u00a0 \u00a0YESQUEN\u2026 \u00a0a \u00a0sabiendas \u00a0e intencionalmente se \u00a0combinaron, \u00a0actuaron \u00a0en concierto, se confederaron y acordaron entre s\u00ed y con \u00a0otras \u00a0personas, \u00a0conocidas \u00a0y \u00a0desconocidas por el Gran Jurado, para distribuir \u00a0una \u00a0 sustancia \u00a0controlada \u00a0de \u00a0la \u00a0Lista \u00a0II, \u00a0sabiendo \u00a0que \u00a0dicha \u00a0sustancia \u00a0controlada \u00a0 ser\u00eda \u00a0 ilegalmente \u00a0importada \u00a0a \u00a0los \u00a0Estados \u00a0Unidos; \u00a0todo \u00a0en \u00a0violaci\u00f3n \u00a0 al \u00a0 T\u00edtulo \u00a0 21, \u00a0 C\u00f3digo \u00a0 de \u00a0 los \u00a0Estados \u00a0Unidos, \u00a0Secci\u00f3n \u00a0963. \u00a0\u00a0<\/p>\n<p>Conforme \u00a0al \u00a0T\u00edtulo \u00a021, \u00a0C\u00f3digo de los \u00a0Estados \u00a0Unidos, \u00a0Secci\u00f3n \u00a0960 (b (1) (B), se alega asimismo que este delito se \u00a0refiere \u00a0a \u00a0cinco \u00a0(5) \u00a0kilogramos o m\u00e1s de una mezcla o sustancia que contiene \u00a0una cantidad detectable de coca\u00edna. \u00a0\u00a0<\/p>\n<p>CARGO 4 \u00a0<\/p>\n<p>El 10 de septiembre de 2008 o alrededor de \u00a0esa \u00a0fecha, \u00a0en Colombia. Sudam\u00e9rica, y otros lugares, los acusados\u2026 \u00a0 SA\u00daL \u00a0ESTUPI\u00d1\u00c1N \u00a0YESQUEN\u2026 \u00a0a \u00a0sabiendas \u00a0e \u00a0intencionalmente intentaron distribuir una sustancia controlada de \u00a0la \u00a0Lista \u00a0II, \u00a0sabiendo \u00a0que dicha sustancia ser\u00eda ilegalmente importada a los \u00a0Estados \u00a0Unidos, \u00a0en \u00a0violaci\u00f3n \u00a0al \u00a0t\u00edtulo 21, C\u00f3digo de los Estados Unidos; \u00a0Secci\u00f3n \u00a0959 \u00a0(a) \u00a0(2); \u00a0en \u00a0violaci\u00f3n \u00a0al \u00a0T\u00edtulo 21, C\u00f3digo de los Estados \u00a0Unidos, \u00a0Secci\u00f3n \u00a0963 \u00a0y \u00a0T\u00edtulo \u00a018, \u00a0C\u00f3digo de los Estados Unidos, Secci\u00f3n \u00a02. \u00a0\u00a0<\/p>\n<p>Conforme \u00a0al \u00a0T\u00edtulo \u00a021, \u00a0C\u00f3digo de los \u00a0Estados \u00a0Unidos, \u00a0Secci\u00f3n 960 (b) (1) (B), se alega asimismo que este delito se \u00a0refiere \u00a0a \u00a0cinco \u00a0(5) \u00a0kilogramos o m\u00e1s de una mezcla o sustancia que contiene \u00a0una cantidad detectable de coca\u00edna. \u00a0\u00a0<\/p>\n<p>CARGO 5 \u00a0<\/p>\n<p>El 8 de octubre de 2008 o alrededor de esa \u00a0fecha, \u00a0en \u00a0Colombia, \u00a0Sudam\u00e9rica, \u00a0y \u00a0otros \u00a0lugares, los acusados\u2026\u00a0 \u00a0 \u00a0 \u00a0 \u00a0 \u00a0SA\u00daL \u00a0ESTUPI\u00d1\u00c1N YESQUEN\u2026\u00a0 \u00a0a \u00a0sabiendas e intencionalmente distribuyeron una sustancia \u00a0controlada \u00a0de \u00a0la \u00a0Lista \u00a0II, \u00a0sabiendo \u00a0que \u00a0dicha sustancia controlada ser\u00eda \u00a0ilegalmente \u00a0importada \u00a0a \u00a0los \u00a0Estados \u00a0Unidos, \u00a0en \u00a0violaci\u00f3n \u00a0al T\u00edtulo 21, \u00a0C\u00f3digo \u00a0de \u00a0los \u00a0Estados \u00a0Unidos, Secci\u00f3n 959 (a) (2) y T\u00edtulo 18, C\u00f3digo de \u00a0los Estados Unidos, Secci\u00f3n 2. \u00a0\u00a0<\/p>\n<p>Conforme \u00a0al \u00a0T\u00edtulo \u00a021, \u00a0C\u00f3digo de los \u00a0Estados \u00a0Unidos, \u00a0Secci\u00f3n 960 (b) (1) (B), se alega asimismo que este delito se \u00a0refiere \u00a0a \u00a0cinco \u00a0(5) \u00a0kilogramos o m\u00e1s de una mezcla o sustancia que contiene \u00a0una \u00a0cantidad \u00a0detectable \u00a0de \u00a0coca\u00edna\u201d. \u00a0\u00a0<\/p>\n<p>Ahora, \u00a0los \u00a0cargos \u00a0de \u00a0concierto \u00a0con \u00a0la \u00a0intenci\u00f3n \u00a0de \u00a0poseer para importar y distribuir una sustancia controlada a los \u00a0Estados \u00a0Unidos, \u00a0guardan \u00a0identidad \u00a0con \u00a0la \u00a0conducta \u00a0penalmente reprimida en \u00a0Colombia \u00a0en \u00a0el \u00a0art\u00edculo 340 del C\u00f3digo Penal, modificado por los art\u00edculos \u00a08\u00b0 \u00a0de \u00a0la \u00a0Ley \u00a0733 \u00a0de \u00a02002, 14 de la Ley 890 de 2004 y 19 de la Ley 1121 de \u00a02006, as\u00ed: \u00a0\u00a0<\/p>\n<p>\u201cConcierto para \u00a0delinquir. \u00a0Cuando \u00a0varias personas se concierten con \u00a0el \u00a0fin \u00a0de \u00a0cometer \u00a0delitos, \u00a0cada \u00a0una \u00a0de \u00a0ellas \u00a0ser\u00e1 penada, por esa sola \u00a0conducta, con prisi\u00f3n de cuatro (4) a nueve (9) a\u00f1os. \u00a0\u00a0<\/p>\n<p>Cuando \u00a0el \u00a0concierto \u00a0sea \u00a0para \u00a0cometer \u00a0delitos \u00a0de\u2026 tr\u00e1fico de \u00a0drogas \u00a0 t\u00f3xicas, \u00a0 estupefacientes \u00a0 o \u00a0 sustancias \u00a0sicotr\u00f3picas\u2026 \u00a0la \u00a0pena \u00a0ser\u00e1 de prisi\u00f3n de ocho \u00a0(8) \u00a0a dieciocho (18) a\u00f1os y multa de dos mil setecientos (2.700) hasta treinta \u00a0mil (30.000) salarios m\u00ednimos legales mensuales. \u00a0\u00a0<\/p>\n<p>La \u00a0pena \u00a0privativa \u00a0de \u00a0la \u00a0libertad \u00a0se \u00a0aumentar\u00e1 \u00a0en \u00a0la \u00a0mitad \u00a0para quienes organicen, fomenten, promuevan, dirijan, \u00a0encabecen, \u00a0 constituyan \u00a0 o \u00a0financien \u00a0el \u00a0concierto \u00a0o \u00a0la \u00a0asociaci\u00f3n \u00a0para \u00a0delinquir\u201d. \u00a0\u00a0<\/p>\n<p>As\u00ed \u00a0mismo, \u00a0los \u00a0cargos \u00a0de \u00a0poseer \u00a0para \u00a0importar \u00a0y \u00a0distribuir \u00a0en \u00a0los \u00a0Estados \u00a0Unidos \u00a0una \u00a0sustancia controlada son \u00a0conductas \u00a0recogidas \u00a0en \u00a0Colombia \u00a0en \u00a0el \u00a0art\u00edculo \u00a0376 \u00a0del \u00a0C\u00f3digo \u00a0Penal, \u00a0modificado \u00a0por \u00a0el \u00a0art\u00edculo \u00a014 \u00a0de \u00a0la \u00a0Ley \u00a0890 \u00a0de \u00a02004, \u00a0pues \u00a0all\u00ed \u00a0se \u00a0consagra: \u00a0\u00a0<\/p>\n<p>\u201cTr\u00e1fico, \u00a0fabricaci\u00f3n \u00a0o \u00a0porte \u00a0de estupefacientes. El que sin \u00a0permiso \u00a0de \u00a0autoridad \u00a0competente, \u00a0salvo \u00a0lo \u00a0dispuesto \u00a0sobre \u00a0dosis para uso \u00a0personal, \u00a0 introduzca \u00a0al \u00a0pa\u00eds, \u00a0as\u00ed \u00a0sea \u00a0en \u00a0tr\u00e1nsito \u00a0o \u00a0saque \u00a0de \u00a0\u00e9l, \u00a0transporte, \u00a0 lleve \u00a0 consigo, \u00a0almacene, \u00a0conserve, \u00a0elabore, \u00a0venda, \u00a0ofrezca, \u00a0adquiera, \u00a0 financie \u00a0o \u00a0suministre \u00a0a \u00a0cualquier \u00a0t\u00edtulo \u00a0droga \u00a0que \u00a0produzca \u00a0dependencia \u00a0incurrir\u00e1 \u00a0en \u00a0prisi\u00f3n \u00a0de \u00a0ciento veintiocho (128) a trescientos \u00a0sesenta \u00a0(360) \u00a0meses \u00a0y multa de mil trescientos treinta y tres punto treinta y \u00a0tres \u00a0 (1.333.33) \u00a0 a \u00a0 cincuenta \u00a0 mil \u00a0 (50.000) \u00a0 salarios \u00a0m\u00ednimos \u00a0legales \u00a0mensuales\u201d. \u00a0\u00a0<\/p>\n<p>De acuerdo con lo anterior, queda demostrado \u00a0que \u00a0los \u00a0cargos\u00a0 \u00a0uno,\u00a0 \u00a0dos,\u00a0 \u00a0tres,\u00a0 cuatro\u00a0 y\u00a0 \u00a0cinco\u00a0 \u00a0 \u00a0descritos\u00a0 \u00a0 \u00a0en\u00a0 \u00a0 la \u00a0 acusaci\u00f3n \u00a0 N\u00b0 \u00a0 09-20428-CR \u00a0JORDAN\/McALILEY \u00a0proferida \u00a0el \u00a021 \u00a0de mayo de 2009 en la Corte Distrital de los \u00a0Estados \u00a0Unidos \u00a0para \u00a0el \u00a0Distrito Judicial Sur de Florida cumplen el requisito \u00a0establecido \u00a0en \u00a0los \u00a0art\u00edculos \u00a0493 \u00a0y 502 del C\u00f3digo de Procedimiento Penal, \u00a0relativo \u00a0 a \u00a0 la \u00a0 doble \u00a0incriminaci\u00f3n \u00a0y \u00a0la \u00a0pena \u00a0se\u00f1alada \u00a0(\u201csanci\u00f3n \u00a0privativa de la libertad cuyo \u00a0m\u00ednimo \u00a0 \u00a0 no \u00a0 \u00a0 sea \u00a0 \u00a0 inferior \u00a0 \u00a0 a \u00a0 \u00a0 cuatro \u00a0 \u00a0(4) \u00a0 \u00a0a\u00f1os\u201d). \u00a0\u00a0<\/p>\n<p>Por tanto, este requisito, al igual que los \u00a0analizados en precedencia, tambi\u00e9n se satisface. \u00a0\u00a0<\/p>\n<p>2.4.\u00a0 \u00a0Equivalencia \u00a0 de \u00a0la \u00a0providencia \u00a0proferida \u00a0en \u00a0el \u00a0extranjero con la acusaci\u00f3n del sistema procesal colombiano: \u00a0\u00a0<\/p>\n<p>Esta exigencia igualmente se constata en el \u00a0caso \u00a0particular, \u00a0por \u00a0cuanto la decisi\u00f3n proferida por el Gran Jurado ante la \u00a0Corte \u00a0Distrital \u00a0de los Estados Unidos para el Distrito Judicial Sur de Florida \u00a0guarda \u00a0equivalencia \u00a0con el contenido de la acusaci\u00f3n prevista en el art\u00edculo \u00a0337 \u00a0 \u00a0del \u00a0 C\u00f3digo \u00a0 de \u00a0 Procedimiento \u00a0 Penal \u00a0 Colombiano \u00a0 (Ley \u00a0 906 \u00a0 de \u00a02004). \u00a0\u00a0<\/p>\n<p>En \u00a0efecto, \u00a0de \u00a0acuerdo con los documentos \u00a0aportados \u00a0 por \u00a0 la \u00a0 v\u00eda \u00a0diplom\u00e1tica, \u00a0autenticados \u00a0y \u00a0traducidos \u00a0con \u00a0el \u00a0benepl\u00e1cito \u00a0del \u00a0Ministerio\u00a0 \u00a0de\u00a0 Relaciones\u00a0 Exteriores, en el \u00a0acta \u00a0de la acusaci\u00f3n N\u00b0 09-20428-CR JORDAN\/McALILEY del 21 de mayo de 2009 se \u00a0concreta \u00a0la formulaci\u00f3n de los cargos con relaci\u00f3n a los hechos constitutivos \u00a0de \u00a0 \u00a0los \u00a0 mismos, \u00a0 las \u00a0 fechas \u00a0 (\u201cComenzando \u00a0 \u00a0aproximadamente \u00a0 \u00a0en \u00a0 \u00a0junio \u00a0 de \u00a0 2008\u2026 y continuando hasta aproximadamente el \u00a024 \u00a0de \u00a0octubre \u00a0de \u00a02008\u201d), \u00a0las \u00a0disposiciones \u00a0transgredidas (conforme qued\u00f3 rese\u00f1ado en precedencia), el \u00a0nombre \u00a0del \u00a0acusado \u00a0y las conductas por \u00e9l desarrolladas, tal como se infiere \u00a0de \u00a0los \u00a0cargos \u00a0que \u00a0le \u00a0han sido formulados a Sa\u00fal Estupi\u00f1\u00e1n Yesquen por el \u00a0Gran \u00a0Jurado \u00a0en \u00a0la \u00a0Corte \u00a0Distrital \u00a0de \u00a0los \u00a0Estados Unidos para el Distrito \u00a0Judicial Sur de Florida. \u00a0\u00a0<\/p>\n<p>En \u00a0relaci\u00f3n\u00a0 \u00a0con\u00a0 \u00a0las\u00a0 \u00a0pruebas\u00a0 \u00a0que\u00a0 \u00a0soportan\u00a0 \u00a0la\u00a0 \u00a0acusaci\u00f3n \u00a0N\u00b0 \u00a009-20428-CR \u00a0JORDAN\/McALILEY, \u00a0el Fiscal \u00a0Federal \u00a0Auxiliar \u00a0Eric E. Morales de la Fiscal\u00eda Federal de los Estados Unidos \u00a0para \u00a0el \u00a0Distrito Judicial Sur de Florida, al rendir declaraci\u00f3n en apoyo a la \u00a0solicitud \u00a0 \u00a0 de \u00a0 \u00a0 extradici\u00f3n, \u00a0 \u00a0 manifest\u00f3 \u00a0 \u00a0 que \u00a0 \u00a0las \u00a0 \u00a0\u201cpruebas \u00a0contra \u00a0los \u00a0Acusados \u00a0derivan \u00a0principalmente \u00a0de: \u00a01) \u00a0el testimonio de testigos cooperantes; 2) el testimonio \u00a0de \u00a0agentes \u00a0policiales \u00a0asignados \u00a0a esta investigaci\u00f3n; 3) las grabaciones de \u00a0conversaciones \u00a0telef\u00f3nicas \u00a0de \u00a0y \u00a0entre los acusados legalmente autorizadas y \u00a0monitoreadas; \u00a0 y \u00a04) \u00a0pruebas \u00a0f\u00edsicas, \u00a0que \u00a0incluyen \u00a0aproximadamente \u00a04.600 \u00a0kilogramos \u00a0 de \u00a0coca\u00edna \u00a0incautados \u00a0por \u00a0los \u00a0agentes \u00a0policiales\u201d. \u00a0\u00a0<\/p>\n<p>Frente \u00a0a \u00a0la existencia de las pruebas que \u00a0apoyan \u00a0la \u00a0actuaci\u00f3n y comprometen al requerido, tambi\u00e9n hizo referencia a la \u00a0declaraci\u00f3n \u00a0jurada \u00a0de \u00a0Sean \u00a0Kocher, Agente Especial de la Administraci\u00f3n de \u00a0Control \u00a0de \u00a0Drogas \u00a0con sede en Miami, de manera que ninguna duda cabe respecto \u00a0del \u00a0paralelismo \u00a0existente \u00a0entre el procedimiento for\u00e1neo y la acusaci\u00f3n del \u00a0sistema \u00a0colombiano, \u00a0en el entendido de tratarse de una equivalencia conceptual \u00a0de \u00a0condiciones \u00a0y \u00a0no \u00a0de \u00a0identidad \u00a0de formas, que en ambas legislaciones dan \u00a0comienzo \u00a0a \u00a0la \u00a0etapa \u00a0del juicio y que es all\u00ed donde la defensa del requerido \u00a0Sa\u00fal \u00a0Estupi\u00f1\u00e1n \u00a0Yesquen \u00a0puede \u00a0controvertir los medios de conocimiento y la \u00a0acusaci\u00f3n \u00a0formulada \u00a0ante \u00a0la \u00a0Corte \u00a0Distrital \u00a0de los Estados Unidos para el \u00a0Distrito Judicial Sur de Florida. \u00a0\u00a0<\/p>\n<p>As\u00ed \u00a0las cosas, este requisito tambi\u00e9n se \u00a0cumple. \u00a0\u00a0<\/p>\n<p>3.\u00a0 Otros aspectos: \u00a0<\/p>\n<p>El Gobierno Nacional est\u00e1 en la obligaci\u00f3n \u00a0de \u00a0condicionar \u00a0la \u00a0entrega de la persona solicitada, en el evento de acceder a \u00a0su \u00a0extradici\u00f3n, \u00a0a \u00a0que \u00a0no \u00a0pueda \u00a0ser \u00a0en \u00a0ning\u00fan caso juzgada por un hecho \u00a0anterior \u00a0ni \u00a0distinto \u00a0a \u00a0los que motivan la extradici\u00f3n, ni sometida a tratos \u00a0crueles, \u00a0inhumanos \u00a0o \u00a0degradantes, \u00a0y a que se tenga como parte de la pena que \u00a0pueda \u00a0 llegar \u00a0a \u00a0impon\u00e9rsele \u00a0en \u00a0el \u00a0pa\u00eds \u00a0requirente, \u00a0el \u00a0tiempo \u00a0que \u00a0ha \u00a0permanecido en detenci\u00f3n en virtud del presente tr\u00e1mite. \u00a0\u00a0<\/p>\n<p>Del \u00a0mismo \u00a0modo \u00a0corresponde \u00a0al \u00a0Gobierno \u00a0Nacional \u00a0condicionar \u00a0la \u00a0entrega del solicitado a que se le respeten todas las \u00a0garant\u00edas \u00a0debidas \u00a0en raz\u00f3n de su condici\u00f3n de acusado, en concreto a: tener \u00a0acceso \u00a0a \u00a0un \u00a0proceso \u00a0p\u00fablico \u00a0sin \u00a0dilaciones \u00a0injustificadas, se presuma su \u00a0inocencia, \u00a0est\u00e9 \u00a0asistido por un int\u00e9rprete, cuente con un defensor designado \u00a0por \u00a0\u00e9l \u00a0o \u00a0por \u00a0el Estado, se le conceda el tiempo y los medios adecuados para \u00a0preparar \u00a0la defensa, pueda presentar pruebas y controvertir las que se alleguen \u00a0en \u00a0su \u00a0contra, \u00a0su \u00a0situaci\u00f3n \u00a0de \u00a0privaci\u00f3n \u00a0de la libertad se desarrolle en \u00a0condiciones \u00a0dignas, la pena que eventualmente se le imponga no trascienda de su \u00a0persona \u00a0y la privaci\u00f3n de la libertad tenga la finalidad esencial de reforma y \u00a0adaptaci\u00f3n social. \u00a0\u00a0<\/p>\n<p>El \u00a0Gobierno \u00a0Nacional \u00a0deber\u00e1, en orden a \u00a0salvaguardar \u00a0los \u00a0derechos \u00a0fundamentales \u00a0del \u00a0reclamado, \u00a0imponer \u00a0al \u00a0Estado \u00a0requirente \u00a0la obligaci\u00f3n de facilitar los medios necesarios para garantizar su \u00a0repatriaci\u00f3n \u00a0en \u00a0condiciones \u00a0de \u00a0dignidad y respeto por la persona humana, en \u00a0caso \u00a0de \u00a0llegar \u00a0a \u00a0ser \u00a0sobrese\u00eddo, \u00a0absuelto, \u00a0declarado \u00a0no \u00a0culpable \u00a0o su \u00a0situaci\u00f3n \u00a0jur\u00eddica \u00a0resuelta \u00a0definitivamente de manera semejante en el pa\u00eds \u00a0solicitante, \u00a0incluso, con posterioridad a su liberaci\u00f3n una vez cumpla la pena \u00a0all\u00ed \u00a0impuesta \u00a0por \u00a0sentencia condenatoria originada en los cargos que motivan \u00a0la presente extradici\u00f3n. \u00a0\u00a0<\/p>\n<p>Corresponde igualmente al Gobierno Nacional \u00a0condicionar \u00a0la entrega a que el pa\u00eds requirente, de acuerdo con sus pol\u00edticas \u00a0internas \u00a0sobre \u00a0la \u00a0materia, \u00a0le ofrezca posibilidades racionales y reales para \u00a0que \u00a0el \u00a0solicitado \u00a0pueda \u00a0tener \u00a0contacto \u00a0regular \u00a0con \u00a0sus \u00a0familiares \u00a0m\u00e1s \u00a0cercanos, \u00a0considerando \u00a0que \u00a0el \u00a0art\u00edculo \u00a042 de la Constituci\u00f3n Pol\u00edtica de \u00a01991 \u00a0describe \u00a0a \u00a0la familia como n\u00facleo esencial de la sociedad, garantiza su \u00a0protecci\u00f3n \u00a0y \u00a0reconoce su honra, dignidad e intimidad, lo cual se refuerza con \u00a0la \u00a0protecci\u00f3n \u00a0que a ese n\u00facleo tambi\u00e9n prodigan la Convenci\u00f3n Americana de \u00a0Derechos \u00a0Humanos \u00a0y \u00a0el Pacto Internacional de Derechos Civiles y Pol\u00edticos en \u00a0sus art\u00edculos 17 y 23, respectivamente. \u00a0\u00a0<\/p>\n<p>Se \u00a0advierte, \u00a0adem\u00e1s, que en virtud de lo \u00a0dispuesto \u00a0en el numeral 2\u00b0 del art\u00edculo 189 de la Constituci\u00f3n Pol\u00edtica, es \u00a0del \u00a0resorte del Presidente de la Rep\u00fablica, en su condici\u00f3n de Jefe de Estado \u00a0y \u00a0 Supremo \u00a0 Director \u00a0 de \u00a0 la \u00a0 pol\u00edtica \u00a0 exterior \u00a0 y \u00a0de \u00a0las \u00a0relaciones \u00a0internacionales, \u00a0realizar el respectivo seguimiento a los condicionamientos que \u00a0se \u00a0impongan \u00a0a \u00a0la concesi\u00f3n de la extradici\u00f3n y determinar las consecuencias \u00a0que se deriven de su eventual incumplimiento. \u00a0\u00a0<\/p>\n<p>4. Cuesti\u00f3n final: \u00a0<\/p>\n<p>As\u00ed las cosas, la Sala es del criterio que \u00a0el \u00a0 Gobierno \u00a0 colombiano \u00a0 puede \u00a0extraditar \u00a0al \u00a0ciudadano \u00a0colombiano \u00a0Sa\u00fal \u00a0Estupi\u00f1\u00e1n \u00a0Yesquen \u00a0por \u00a0raz\u00f3n \u00a0de \u00a0los cargos uno, dos, tres, cuatro y cinco \u00a0contenidos \u00a0en \u00a0la \u00a0acusaci\u00f3n \u00a0N\u00b0 09-20428-CR JORDAN\/McALILEY dictada el 21 de \u00a0mayo \u00a0de \u00a02009 \u00a0en \u00a0la \u00a0Corte \u00a0Distrital \u00a0de los Estados Unidos para el Distrito \u00a0Judicial \u00a0Sur \u00a0de \u00a0Florida, \u00a0conforme \u00a0lo \u00a0solicita \u00a0el \u00a0Gobierno de los Estados \u00a0Unidos, \u00a0 pues \u00a0 como \u00a0 viene \u00a0de \u00a0demostrarse, \u00a0se \u00a0satisfacen \u00a0los \u00a0requisitos \u00a0establecidos por la ley procesal colombiana. \u00a0\u00a0<\/p>\n<p>En m\u00e9rito de lo expuesto, la CORTE SUPREMA \u00a0DE \u00a0JUSTICIA, \u00a0SALA \u00a0DE CASACI\u00d3N PENAL, emite CONCEPTO \u00a0FAVORABLE \u00a0a la solicitud de extradici\u00f3n del ciudadano \u00a0colombiano \u00a0Sa\u00fal Estupi\u00f1\u00e1n Yesquen, formulada por la v\u00eda diplom\u00e1tica por el \u00a0Gobierno \u00a0de \u00a0los \u00a0Estados \u00a0Unidos, \u00a0en relaci\u00f3n con los cargos uno, dos, tres, \u00a0cuatro \u00a0y \u00a0cinco \u00a0enunciados \u00a0en \u00a0precedencia \u00a0y contenidos en la acusaci\u00f3n N\u00b0 \u00a009-20428-CR \u00a0JORDAN\/McALILEY dictada el 21 de mayo de 2009 en la Corte Distrital \u00a0de \u00a0los \u00a0Estados \u00a0Unidos \u00a0para \u00a0el Distrito Judicial Sur de Florida, conforme lo \u00a0solicita el Estado en menci\u00f3n. \u00a0\u00a0<\/p>\n<p>Por \u00a0la \u00a0Secretar\u00eda \u00a0se \u00a0comunicar\u00e1 \u00a0esta \u00a0determinaci\u00f3n \u00a0al \u00a0requerido \u00a0Sa\u00fal \u00a0Estupi\u00f1\u00e1n \u00a0Yesquen, \u00a0a \u00a0su defensor y al \u00a0representante \u00a0del \u00a0Ministerio \u00a0P\u00fablico, al igual que a la Fiscal General de la \u00a0Naci\u00f3n \u00a0para \u00a0lo \u00a0de \u00a0su cargo en relaci\u00f3n con el detenido preventivamente con \u00a0fines de extradici\u00f3n. \u00a0\u00a0<\/p>\n<p>Finalmente \u00a0se \u00a0devolver\u00e1 la actuaci\u00f3n al \u00a0Ministerio \u00a0 del \u00a0 Interior \u00a0 y \u00a0 de \u00a0 Justicia \u00a0 para \u00a0 los \u00a0tr\u00e1mites \u00a0legales \u00a0subsiguientes. \u00a0\u00a0<\/p>\n<p>C\u00famplase. \u00a0<\/p>\n<p>JAVIER ZAPATA ORTIZ \u00a0<\/p>\n<p>JOS\u00c9 LEONIDAS BUSTOS MART\u00cdNEZ\u00a0\u00a0\u00a0\u00a0\u00a0\u00a0\u00a0\u00a0\u00a0\u00a0\u00a0\u00a0\u00a0\u00a0\u00a0\u00a0\u00a0 \u00a0FERNANDO ALBERTO CASTRO CABALLERO \u00a0\u00a0<\/p>\n<p>SIGIFREDO \u00a0 \u00a0 \u00a0 \u00a0 ESPINOSA \u00a0P\u00c9REZ\u00a0\u00a0\u00a0\u00a0\u00a0\u00a0\u00a0\u00a0\u00a0\u00a0\u00a0\u00a0\u00a0\u00a0\u00a0\u00a0\u00a0\u00a0\u00a0\u00a0\u00a0\u00a0 \u00a0ALFREDO G\u00d3MEZ QUINTERO \u00a0\u00a0<\/p>\n<p>Cita medica \u00a0<\/p>\n<p>MAR\u00cdA \u00a0 DEL \u00a0 ROSARIO \u00a0 GONZ\u00c1LEZ \u00a0 DE \u00a0LEMOS\u00a0\u00a0\u00a0\u00a0\u00a0\u00a0\u00a0\u00a0 \u00a0AUGUSTO IB\u00c1\u00d1EZ GUZM\u00c1N \u00a0\u00a0<\/p>\n<p>JORGE \u00a0 \u00a0 \u00a0 LUIS \u00a0 \u00a0 \u00a0 QUINTERO \u00a0MILAN\u00c9S\u00a0\u00a0\u00a0\u00a0\u00a0\u00a0\u00a0\u00a0\u00a0\u00a0\u00a0\u00a0\u00a0\u00a0 \u00a0JULIO ENRIQUE SOCHA SALAMANCA \u00a0\u00a0<\/p>\n<p>TERESA RUIZ N\u00da\u00d1EZ \u00a0<\/p>\n<p>Secretaria \u00a0 \u00a0<\/p>\n<p>1 En el \u00a0presente \u00a0caso \u00a0se aplica la Ley 906 de 2004 por cuanto los hechos que sustentan \u00a0la \u00a0petici\u00f3n \u00a0de extradici\u00f3n ocurrieron despu\u00e9s del primero de enero de 2005, \u00a0fecha \u00a0en la cual entr\u00f3 en vigencia el nuevo C\u00f3digo de Procedimiento Penal. En \u00a0este \u00a0 sentido, \u00a0ver \u00a0CORTE \u00a0SUPREMA \u00a0DE \u00a0JUSTICIA, \u00a0Sala \u00a0de \u00a0Casaci\u00f3n \u00a0Penal, \u00a0autos del 4 de abril y 3 de \u00a0octubre \u00a0de \u00a02006, \u00a0radicados \u00a0n\u00fameros \u00a024187 \u00a0y \u00a025080, respectivamente, entre \u00a0otros. \u00a0 \u00a0\u00a0<\/p>\n<p><\/p>\n","protected":false},"excerpt":{"rendered":"<p>\u00a0 \u00a0 Proceso n.\u00ba 34035 \u00a0 CORTE SUPREMA DE JUSTICIA \u00a0 SALA DE CASACI\u00d3N PENAL \u00a0 Magistrado \u00a0 \u00a0 \u00a0Ponente: \u00a0\u00a0 FERNANDO ALBERTO CASTRO CABALLERO \u00a0 Aprobado Acta N\u00b0 048 \u00a0 Bogot\u00e1, \u00a0D. \u00a0C.,\u00a0 \u00a0diecis\u00e9is \u00a0(16) \u00a0de \u00a0febrero de dos mil once (2011). \u00a0\u00a0 VISTOS: \u00a0 Procede \u00a0la \u00a0Corte a emitir concepto sobre la \u00a0solicitud [&hellip;]<\/p>\n","protected":false},"author":1,"featured_media":0,"comment_status":"open","ping_status":"open","sticky":false,"template":"","format":"standard","meta":{"footnotes":""},"categories":[19],"tags":[],"class_list":["post-21846","post","type-post","status-publish","format-standard","hentry","category-19"],"_links":{"self":[{"href":"https:\/\/dmsjuridica.com\/buscador_20179478954\/salapenalcronologico20230723\/wp-json\/wp\/v2\/posts\/21846","targetHints":{"allow":["GET"]}}],"collection":[{"href":"https:\/\/dmsjuridica.com\/buscador_20179478954\/salapenalcronologico20230723\/wp-json\/wp\/v2\/posts"}],"about":[{"href":"https:\/\/dmsjuridica.com\/buscador_20179478954\/salapenalcronologico20230723\/wp-json\/wp\/v2\/types\/post"}],"author":[{"embeddable":true,"href":"https:\/\/dmsjuridica.com\/buscador_20179478954\/salapenalcronologico20230723\/wp-json\/wp\/v2\/users\/1"}],"replies":[{"embeddable":true,"href":"https:\/\/dmsjuridica.com\/buscador_20179478954\/salapenalcronologico20230723\/wp-json\/wp\/v2\/comments?post=21846"}],"version-history":[{"count":0,"href":"https:\/\/dmsjuridica.com\/buscador_20179478954\/salapenalcronologico20230723\/wp-json\/wp\/v2\/posts\/21846\/revisions"}],"wp:attachment":[{"href":"https:\/\/dmsjuridica.com\/buscador_20179478954\/salapenalcronologico20230723\/wp-json\/wp\/v2\/media?parent=21846"}],"wp:term":[{"taxonomy":"category","embeddable":true,"href":"https:\/\/dmsjuridica.com\/buscador_20179478954\/salapenalcronologico20230723\/wp-json\/wp\/v2\/categories?post=21846"},{"taxonomy":"post_tag","embeddable":true,"href":"https:\/\/dmsjuridica.com\/buscador_20179478954\/salapenalcronologico20230723\/wp-json\/wp\/v2\/tags?post=21846"}],"curies":[{"name":"wp","href":"https:\/\/api.w.org\/{rel}","templated":true}]}}