{"id":21827,"date":"2023-09-12T16:32:17","date_gmt":"2023-09-12T16:32:17","guid":{"rendered":"https:\/\/dmsjuridica.com\/buscador_20179478954\/salapenalcronologico20230723\/2023\/09\/12\/3382016-03-11\/"},"modified":"2023-09-12T16:32:17","modified_gmt":"2023-09-12T16:32:17","slug":"3382016-03-11","status":"publish","type":"post","link":"https:\/\/dmsjuridica.com\/buscador_20179478954\/salapenalcronologico20230723\/2023\/09\/12\/3382016-03-11\/","title":{"rendered":"33820(16-03-11)"},"content":{"rendered":"\n<p>\u00a0 \u00a0 Proceso n.\u00ba 33820 \u00a0<\/p>\n<p>CORTE SUPREMA DE JUSTICIA \u00a0<\/p>\n<p>SALA DE CASACI\u00d3N PENAL \u00a0<\/p>\n<p>\u00a0 \u00a0\u00a0 \u00a0\u00a0 \u00a0\u00a0Magistrado Ponente \u00a0\u00a0<\/p>\n<p>\u00a0 \u00a0\u00a0 \u00a0\u00a0 \u00a0\u00a0JAVIER ZAPATA ORTIZ \u00a0\u00a0<\/p>\n<p>\u00a0 \u00a0\u00a0 \u00a0\u00a0 \u00a0\u00a0Aprobado Acta No. 90 \u00a0\u00a0<\/p>\n<p>Bogot\u00e1 D.C., diecis\u00e9is (16) de marzo de dos \u00a0mil once (2011). \u00a0\u00a0<\/p>\n<p>VISTOS \u00a0<\/p>\n<p>Se \u00a0pronuncia \u00a0la \u00a0Sala \u00a0sobre \u00a0la \u00a0probable \u00a0vulneraci\u00f3n \u00a0de \u00a0garant\u00edas \u00a0constitucionales dentro del proceso seguido contra \u00a0CARLOS \u00a0FERNANDO \u00a0CABRERA \u00a0VILLEGAS \u00a0en \u00a0el que el Tribunal Superior de C\u00facuta, \u00a0mediante \u00a0fallo \u00a0de 24 de noviembre de 2009, confirm\u00f3 la sentencia condenatoria \u00a0de \u00a0primera \u00a0instancia \u00a0dictada \u00a0por \u00a0el \u00a0Juzgado \u00a0Segundo \u00a0Penal \u00a0del \u00a0Circuito \u00a0Especializado \u00a0de \u00a0esa \u00a0ciudad \u00a0el \u00a016 \u00a0de octubre de 2009, que lo conden\u00f3 como \u00a0autor \u00a0del \u00a0delito de tr\u00e1fico, fabricaci\u00f3n o porte de \u00a0estupefacientes \u00a0agravado, \u00a0a \u00a0doscientos \u00a0cincuenta y \u00a0seis \u00a0(256) \u00a0meses \u00a0de \u00a0prisi\u00f3n; la inhabilidad para el ejercicio de derechos y \u00a0funciones \u00a0p\u00fablicas \u00a0por un per\u00edodo igual a la sanci\u00f3n principal; y, le neg\u00f3 \u00a0la \u00a0 suspensi\u00f3n \u00a0condicional \u00a0de \u00a0la \u00a0ejecuci\u00f3n \u00a0de \u00a0la \u00a0pena \u00a0y \u00a0la \u00a0prisi\u00f3n \u00a0domiciliaria. \u00a0\u00a0<\/p>\n<p>HECHOS Y ACTUACI\u00d3N RELEVANTE \u00a0<\/p>\n<p>1. El 31 de marzo de 2009, aproximadamente a \u00a0las \u00a013:20 \u00a0horas, \u00a0la \u00a0Polic\u00eda \u00a0Nacional \u00a0fue \u00a0informada que en la v\u00eda que de \u00a0Pamplona \u00a0conduce \u00a0a C\u00facuta, se desplazaba el cami\u00f3n de placas NFD 148 cargado \u00a0con \u00a0productos \u00a0de \u00a0la \u00a0empresa \u00a0YUPI, \u00a0dentro de los cuales se hab\u00edan mezclado \u00a0sustancias estupefacientes. \u00a0\u00a0<\/p>\n<p>Interceptado \u00a0el \u00a0automotor \u00a0en \u00a0el \u00a0sitio \u00a0conocido \u00a0como \u00a0Pe\u00f1as \u00a0Blancas, \u00a0era \u00a0conducido \u00a0por \u00a0CARLOS \u00a0FERNANDO \u00a0CABRERA \u00a0VILLEGAS \u00a0y al presentar el acceso del bodegaje sellos de seguridad, fue llevado \u00a0hasta \u00a0el centro de abastos donde se requiri\u00f3 al representante de la empresa de \u00a0alimentos, \u00a0en \u00a0presencia de quien se removieron los precintos y se hall\u00f3 en su \u00a0interior \u00a0102 \u00a0bultos \u00a0de \u00a0material \u00a0vegetal \u00a0que \u00a0al \u00a0realizarle \u00a0la \u00a0prueba de \u00a0PIPH1 \u00a0arroj\u00f3 \u00a0como resultado positivo para marihuana en una cantidad de \u00a04929,7 kilos. \u00a0\u00a0<\/p>\n<p>2. \u00a0Ante \u00a0el Juez Segundo Penal del Circuito \u00a0Especializado \u00a0de \u00a0Conocimiento \u00a0de \u00a0C\u00facuta, \u00a0el 20 de mayo de 2009 se llev\u00f3 a \u00a0cabo \u00a0la \u00a0audiencia \u00a0de \u00a0formulaci\u00f3n \u00a0de \u00a0la \u00a0acusaci\u00f3n contra CARLOS FERNANDO \u00a0CABRERA \u00a0VILLEGAS \u00a0como \u00a0autor del punible de tr\u00e1fico, \u00a0fabricaci\u00f3n \u00a0o \u00a0porte \u00a0de \u00a0estupefacientes \u00a0agravado2. \u00a0\u00a0<\/p>\n<p>3. \u00a0El \u00a07 \u00a0de \u00a0julio \u00a0del \u00a0a\u00f1o \u00a0en curso se \u00a0celebr\u00f3 \u00a0 \u00a0 \u00a0la \u00a0 \u00a0 \u00a0audiencia \u00a0 \u00a0 \u00a0preparatoria3; \u00a0y \u00a0el \u00a05, \u00a026, \u00a028 de agosto \u00a0y\u00a0 \u00a016 \u00a0de \u00a0septiembre \u00a0siguiente \u00a0se \u00a0verific\u00f3 el juicio oral4, \u00a0 sesi\u00f3n \u00a0\u00faltima \u00a0donde \u00a0se \u00a0anunci\u00f3 \u00a0el \u00a0sentido \u00a0condenatorio \u00a0del fallo. \u00a0\u00a0<\/p>\n<p>4. Mediante sentencia de 16 de octubre de la \u00a0misma \u00a0anualidad, el Juzgado Segundo Penal del Circuito Especializado de C\u00facuta \u00a0conden\u00f3 \u00a0 a \u00a0 CARLOS \u00a0 FERNANDO \u00a0 CABRERA \u00a0VILLEGAS5 \u00a0como \u00a0autor \u00a0del \u00a0delito \u00a0de \u00a0tr\u00e1fico, \u00a0fabricaci\u00f3n \u00a0o \u00a0porte \u00a0de \u00a0estupefacientes \u00a0agravado \u00a0\u00a0<\/p>\n<p>5. \u00a0Inconforme con la decisi\u00f3n, el defensor \u00a0de \u00a0CARLOS FERNANDO CABRERA VILLEGAS la apel\u00f3 y el 24 de noviembre del a\u00f1o que \u00a0transcurr\u00eda, \u00a0 el \u00a0 Tribunal \u00a0 Superior \u00a0de \u00a0C\u00facuta \u00a0la \u00a0confirm\u00f36. \u00a0\u00a0<\/p>\n<p>6. \u00a0En \u00a0desacuerdo \u00a0con \u00a0el \u00a0fallo, la nueva \u00a0apoderada \u00a0de CARLOS FERNANDO CABRERA VILLEGAS interpuso el recurso de casaci\u00f3n \u00a0y \u00a0el \u00a0pasado 25 de septiembre de 2010, esta Corporaci\u00f3n no admiti\u00f3 el libelo, \u00a0sin \u00a0 embargo, \u00a0 dispuso \u00a0 que \u00a0 una \u00a0 vez \u00a0 se \u00a0 surtiera \u00a0 las \u00a0notificaciones \u00a0correspondientes \u00a0el \u00a0proceso \u00a0regresara \u00a0al \u00a0despacho \u00a0para revisar la probable \u00a0vulneraci\u00f3n \u00a0de \u00a0garant\u00edas \u00a0fundamentales \u00a0en lo atinente a la legalidad de la \u00a0pena accesoria de interdicci\u00f3n de derechos y funciones p\u00fablicas. \u00a0\u00a0<\/p>\n<p>7. \u00a0Corrido \u00a0el traslado correspondiente, la \u00a0apoderada \u00a0del acusado propuso el mecanismo de insistencia el cual fue repartido \u00a0al \u00a0 Honorable \u00a0 Magistrado \u00a0Alfredo \u00a0G\u00f3mez \u00a0Quintero,\u00a0 \u00a0quien \u00a0el \u00a017 \u00a0de \u00a0septiembre \u00a0 \u00a0 \u00a0 \u00a0 \u00a0 \u00a0 de \u00a0 \u00a0 \u00a0 \u00a0 \u00a0 \u00a0 20107 \u00a0 lo \u00a0 resolvi\u00f3 \u00a0 de \u00a0manera \u00a0desfavorable. \u00a0\u00a0<\/p>\n<p>CONSIDERACIONES DE LA SALA \u00a0<\/p>\n<p>No \u00a0obstante haber sido rechazada la demanda \u00a0al \u00a0carecer \u00a0de \u00a0los presupuestos de t\u00e9cnica, l\u00f3gica y argumentaci\u00f3n exigidos \u00a0por \u00a0el \u00a0ordenamiento \u00a0adjetivo, \u00a0como \u00a0se \u00a0dej\u00f3 \u00a0acotado en la providencia que \u00a0decidi\u00f3 \u00a0sobre su inadmisi\u00f3n, la Sala proceder\u00e1 a corregir el error en que se \u00a0incurri\u00f3 \u00a0en la imposici\u00f3n de la sanci\u00f3n accesoria de inhabilitaci\u00f3n para el \u00a0ejercicio \u00a0de \u00a0derechos \u00a0y \u00a0funciones \u00a0p\u00fablicas, \u00a0en \u00a0procura de restablecer la \u00a0garant\u00eda de legalidad de la pena. \u00a0\u00a0<\/p>\n<p>En \u00a0efecto, CARLOS FERNANDO CABRERA VILLEGAS \u00a0fue \u00a0 condenado \u00a0 por \u00a0el \u00a0juez \u00a0de \u00a0primer \u00a0grado \u00a0y \u00a0luego \u00a0del \u00a0ejercicio \u00a0de \u00a0individualizaci\u00f3n \u00a0y \u00a0determinaci\u00f3n \u00a0de \u00a0la \u00a0sanci\u00f3n \u00a0conforme \u00a0al sistema de \u00a0cuartos \u00a0punitivos, \u00a0como autor del delito de tr\u00e1fico, \u00a0fabricaci\u00f3n \u00a0o \u00a0porte \u00a0de \u00a0estupefacientes agravado, a \u00a0doscientos cincuenta y seis (256) meses de prisi\u00f3n. \u00a0\u00a0<\/p>\n<p>En \u00a0 ese \u00a0 momento \u00a0procesal \u00a0el \u00a0fallador \u00a0consider\u00f3 \u00a0y \u00a0dispuso tambi\u00e9n imponerle como accesoria, la inhabilidad para el \u00a0ejercicio \u00a0de \u00a0derechos \u00a0y \u00a0funciones \u00a0p\u00fablicas \u00a0por \u00a0un \u00a0per\u00edodo \u00a0igual \u00a0a la \u00a0aflicci\u00f3n \u00a0 \u00a0 \u00a0 principal, \u00a0 \u00a0 \u00a0 \u201ctal \u00a0 como\u00a0 \u00a0 lo \u00a0 establece \u00a0 el \u00a0art\u00edculo \u00a052 \u00a0del \u00a0C\u00f3digo \u00a0Penal\u201d8, \u00a0esto es, el equivalente a 21 \u00a0a\u00f1os \u00a0y \u00a04 meses9. \u00a0\u00a0<\/p>\n<p>De \u00a0esta \u00a0manera \u00a0se \u00a0hace \u00a0ostensible \u00a0el \u00a0desconocimiento \u00a0de \u00a0principio \u00a0de \u00a0legalidad \u00a0de \u00a0la pena, en consideraci\u00f3n al \u00a0mandato \u00a0de \u00a0la \u00a0misma \u00a0preceptiva \u00a0anunciada \u00a0por el a \u00a0quo, \u00a0conforme \u00a0a \u00a0la \u00a0que, \u00a0deb\u00eda \u00a0interpretarla \u00a0y \u00a0aplicarla \u00a0en \u00a0forma \u00a0sistem\u00e1tica \u00a0y \u00a0en \u00a0armon\u00eda \u00a0con \u00a0los se\u00f1alamientos del \u00a0art\u00edculo \u00a051, \u00a0incisos \u00a0primero \u00a0y \u00a0segundo \u00a0de \u00a0la Ley 599 de 200010, \u00a0 \u00a0 en \u00a0consonancia \u00a0a los cuales, el l\u00edmite m\u00e1ximo fijado en la ley para esa clase de \u00a0sanciones \u00a0no \u00a0puede \u00a0superar \u00a0los \u00a020 a\u00f1os, con excepci\u00f3n de lo normado en el \u00a0art\u00edculo \u00a0122, \u00a0inciso \u00a05\u00ba de la Constituci\u00f3n Pol\u00edtica en los eventos en los \u00a0que \u00a0los \u00a0servidores \u00a0p\u00fablicos \u00a0son condenados por delitos contra el patrimonio \u00a0del Estado, circunstancia que aqu\u00ed no acontece. \u00a0\u00a0<\/p>\n<p>As\u00ed, la accesoria de inhabilitaci\u00f3n para el \u00a0ejercicio \u00a0de \u00a0derechos \u00a0y \u00a0funciones \u00a0p\u00fablicas \u00a0impuesta por el juez de primer \u00a0grado \u00a0por \u00a0un \u00a0t\u00e9rmino \u00a0de \u00a0256 \u00a0meses \u00a0desborda el l\u00edmite establecido por el \u00a0legislador. \u00a0\u00a0<\/p>\n<p>Advertido como ya lo fue, que el Tribunal al \u00a0conocer \u00a0de \u00a0la \u00a0alzada \u00a0de \u00a0la sentencia motivo de impugnaci\u00f3n no corrigi\u00f3 el \u00a0yerro, \u00a0la \u00a0Sala \u00a0casar\u00e1 oficiosa y parcialmente el fallo, raz\u00f3n por la cual y \u00a0para \u00a0restaurar \u00a0el \u00a0agravio a la garant\u00eda fundamental de legalidad de la pena, \u00a0la \u00a0ajustar\u00e1 \u00a0a \u00a0su \u00a0tope \u00a0m\u00e1ximo \u00a0de \u00a020 \u00a0a\u00f1os, \u00a0como \u00a0est\u00e1 previsto por el \u00a0legislador. \u00a0\u00a0<\/p>\n<p>En \u00a0 todo \u00a0lo \u00a0dem\u00e1s, \u00a0la \u00a0decisi\u00f3n \u00a0del \u00a0ad \u00a0quem \u00a0se \u00a0mantendr\u00e1 sin \u00a0modificaciones. \u00a0\u00a0<\/p>\n<p>En \u00a0m\u00e9rito de lo expuesto, la CORTE SUPREMA \u00a0DE \u00a0JUSTICIA, \u00a0SALA \u00a0DE \u00a0CASACI\u00d3N PENAL, administrando justicia en nombre de la \u00a0Rep\u00fablica y por autoridad de la ley, \u00a0\u00a0<\/p>\n<p>RESUELVE \u00a0<\/p>\n<p>1. Casar parcialmente y de oficio \u00a0el \u00a0fallo \u00a0de\u00a0 \u00a024 \u00a0de \u00a0noviembre \u00a0de \u00a02009, proferido por el \u00a0Tribunal \u00a0Superior \u00a0de \u00a0C\u00facuta, \u00a0en \u00a0el sentido de declarar que CARLOS FERNANDO \u00a0CABRERA \u00a0VILLEGAS queda condenado a la pena accesoria de inhabilitaci\u00f3n para el \u00a0ejercicio \u00a0de \u00a0derechos \u00a0y \u00a0funciones \u00a0p\u00fablicas \u00a0por el t\u00e9rmino de veinte (20) \u00a0a\u00f1os. \u00a0\u00a0<\/p>\n<p>2. \u00a0En \u00a0todos \u00a0los \u00a0dem\u00e1s \u00a0aspectos \u00a0la \u00a0sentencia \u00a0del \u00a0Tribunal \u00a0Superior \u00a0de \u00a0C\u00facuta \u00a0permanece \u00a0inc\u00f3lume. \u00a0\u00a0<\/p>\n<p>3. \u00a0 Contra \u00a0lo \u00a0decidido en el presente fallo no procede recurso alguno. \u00a0\u00a0<\/p>\n<p>C\u00f3piese, \u00a0 notif\u00edquese, \u00a0devu\u00e9lvase \u00a0al \u00a0Tribunal de origen y c\u00famplase. \u00a0\u00a0<\/p>\n<p>JAVIER ZAPATA ORTIZ \u00a0<\/p>\n<p>JOS\u00c9 LEONIDAS BUSTOS MART\u00cdNEZ \u00a0 \u00a0 \u00a0\u00a0 \u00a0\u00a0 \u00a0\u00a0FERNANDO \u00a0ALBERTO CASTRO CABALLERO \u00a0\u00a0<\/p>\n<p>SIGIFREDO \u00a0 ESPINOSA \u00a0 P\u00c9REZ \u00a0\u00a0 \u00a0\u00a0 \u00a0\u00a0 \u00a0\u00a0 \u00a0\u00a0 \u00a0\u00a0 \u00a0 \u00a0\u00a0 \u00a0 \u00a0 \u00a0 \u00a0 \u00a0 \u00a0 \u00a0 \u00a0 \u00a0\u00a0 \u00a0 \u00a0 \u00a0 \u00a0 \u00a0\u00a0 \u00a0\u00a0ALFREDO \u00a0G\u00d3MEZ \u00a0QUINTERO \u00a0\u00a0 \u00a0 \u00a0\u00a0 \u00a0 \u00a0\u00a0<\/p>\n<p>MAR\u00cdA \u00a0 DEL \u00a0 ROSARIO \u00a0 GONZ\u00c1LEZ \u00a0 DE \u00a0LEMOS \u00a0 \u00a0 \u00a0 \u00a0 \u00a0 \u00a0 \u00a0\u00a0 \u00a0\u00a0 \u00a0\u00a0 \u00a0\u00a0 \u00a0\u00a0 \u00a0\u00a0 \u00a0\u00a0 \u00a0 \u00a0\u00a0 \u00a0 \u00a0\u00a0AUGUSTO \u00a0 \u00a0J. \u00a0 \u00a0IB\u00c1\u00d1EZ \u00a0GUZM\u00c1N \u00a0 \u00a0 \u00a0\u00a0 \u00a0\u00a0 \u00a0\u00a0\u00a0\u00a0 \u00a0\u00a0<\/p>\n<p>JULIO ENRIQUE SOCHA SALAMANCA \u00a0<\/p>\n<p>TERESA RUIZ N\u00da\u00d1EZ \u00a0<\/p>\n<p>Secretaria. \u00a0 \u00a0<\/p>\n<p>1 \u00a0Prueba de Identificaci\u00f3n Preliminar Homologada. \u00a0\u00a0<\/p>\n<p>2 Folio \u00a029 de la carpeta. \u00a0\u00a0<\/p>\n<p>3 Folio \u00a048 de la carpeta. \u00a0\u00a0<\/p>\n<p>4 \u00a0Folios 56, 64, 71 y 79 de la carpeta. \u00a0\u00a0<\/p>\n<p>5 Folio \u00a084 de la carpeta. \u00a0\u00a0<\/p>\n<p>6 Folio \u00a013 cuaderno No. 2. \u00a0\u00a0<\/p>\n<p>7 Folio \u00a031, cuaderno de la Corte. \u00a0\u00a0<\/p>\n<p>8 \u00a0El \u00a0Art\u00edculo \u00a0 \u00a051 \u00a0 \u00a0de \u00a0 \u00a0la \u00a0 \u00a0Ley \u00a0 \u00a0599 \u00a0 de \u00a0 2000, \u00a0 dispone: \u00a0 \u201cDuraci\u00f3n \u00a0de las penas privativas de \u00a0otros \u00a0derechos. \u00a0La \u00a0inhabilitaci\u00f3n \u00a0para el ejercicio de derechos y funciones \u00a0p\u00fablicas \u00a0tendr\u00e1 \u00a0una \u00a0duraci\u00f3n de cinco (5) a veinte (20) a\u00f1os, salvo en el \u00a0caso del inciso 3\u00ba del art\u00edculo 52. \u00a0\u00a0<\/p>\n<p>Se \u00a0excluyen \u00a0de \u00a0esta \u00a0regla \u00a0las \u00a0penas \u00a0impuestas \u00a0a \u00a0servidores \u00a0p\u00fablicos \u00a0condenados por delitos contra el patrimonio \u00a0del \u00a0Estado, \u00a0en \u00a0cuyo \u00a0caso \u00a0se \u00a0aplicar\u00e1 \u00a0el inciso 5 del art\u00edculo 122 de la \u00a0Constituci\u00f3n Pol\u00edtica. \u00a0\u00a0<\/p>\n<p>La \u00a0inhabilitaci\u00f3n \u00a0para \u00a0el \u00a0ejercicio de \u00a0profesi\u00f3n, \u00a0arte, \u00a0oficio, industria o comercio de seis (6) meses a veinte (20) \u00a0a\u00f1os. \u00a0\u00a0<\/p>\n<p>La \u00a0inhabilitaci\u00f3n para el ejercicio de la \u00a0patria \u00a0 potestad, \u00a0tutela \u00a0y \u00a0curadur\u00eda \u00a0de \u00a0seis \u00a0(6) \u00a0meses \u00a0a \u00a0quince \u00a0(15) \u00a0a\u00f1os. \u00a0\u00a0<\/p>\n<p>La \u00a0privaci\u00f3n \u00a0del \u00a0derecho \u00a0a \u00a0conducir \u00a0veh\u00edculos \u00a0 automotores \u00a0 y \u00a0 motocicletas \u00a0de \u00a0seis \u00a0(6) \u00a0meses \u00a0a \u00a0diez \u00a0(10) \u00a0a\u00f1os. \u00a0\u00a0<\/p>\n<p>La \u00a0privaci\u00f3n \u00a0del derecho a la tenencia y \u00a0porte de arma de uno (1) a quince (15) a\u00f1os. \u00a0\u00a0<\/p>\n<p>La \u00a0privaci\u00f3n \u00a0del \u00a0derecho a residir o de \u00a0acudir \u00a0a \u00a0determinados lugares de seis (6) meses a cinco (5) a\u00f1os.\u201d \u00a0\u00a0<\/p>\n<p>9 Folio \u00a094 del cuaderno No. 4. \u00a0\u00a0<\/p>\n<p>10 \u00a0\u201cArt\u00edculo 52. Las penas \u00a0accesorias. \u00a0Las \u00a0penas \u00a0privativas de otros derechos, que pueden imponerse como \u00a0principales, \u00a0ser\u00e1n \u00a0accesorias y las impondr\u00e1 el Juez cuando tengan relaci\u00f3n \u00a0directa \u00a0con \u00a0la realizaci\u00f3n de la conducta punible, por haber abusado de ellos \u00a0o \u00a0 haber \u00a0facilitado \u00a0su \u00a0comisi\u00f3n, \u00a0o \u00a0cuando \u00a0la \u00a0restricci\u00f3n \u00a0del \u00a0derecho \u00a0contribuya \u00a0a \u00a0la \u00a0prevenci\u00f3n \u00a0de \u00a0conductas \u00a0similares \u00a0a la que fue objeto de \u00a0condena. \u00a0\u00a0<\/p>\n<p>En la imposici\u00f3n de las penas accesorias se \u00a0observar\u00e1 estrictamente lo dispuesto en el art\u00edculo 59. \u00a0\u00a0<\/p>\n<p>En \u00a0 todo \u00a0 caso, \u00a0la \u00a0pena \u00a0de \u00a0prisi\u00f3n \u00a0conllevar\u00e1 \u00a0la \u00a0accesoria \u00a0de \u00a0inhabilitaci\u00f3n \u00a0para el ejercicio de derechos y \u00a0funciones \u00a0p\u00fablicas, por un tiempo igual al de la pena a que accede y hasta por \u00a0una \u00a0tercera \u00a0parte m\u00e1s, sin exceder el m\u00e1ximo fijado en la Ley, sin perjuicio \u00a0de \u00a0la \u00a0excepci\u00f3n \u00a0a \u00a0que \u00a0alude \u00a0el \u00a0inciso \u00a02 \u00a0del \u00a0art\u00edculo 51.\u201d \u00a0 \u00a0\u00a0<\/p>\n<p><\/p>\n","protected":false},"excerpt":{"rendered":"<p>\u00a0 \u00a0 Proceso n.\u00ba 33820 \u00a0 CORTE SUPREMA DE JUSTICIA \u00a0 SALA DE CASACI\u00d3N PENAL \u00a0 \u00a0 \u00a0\u00a0 \u00a0\u00a0 \u00a0\u00a0Magistrado Ponente \u00a0\u00a0 \u00a0 \u00a0\u00a0 \u00a0\u00a0 \u00a0\u00a0JAVIER ZAPATA ORTIZ \u00a0\u00a0 \u00a0 \u00a0\u00a0 \u00a0\u00a0 \u00a0\u00a0Aprobado Acta No. 90 \u00a0\u00a0 Bogot\u00e1 D.C., diecis\u00e9is (16) de marzo de dos \u00a0mil once (2011). \u00a0\u00a0 VISTOS \u00a0 Se \u00a0pronuncia \u00a0la \u00a0Sala [&hellip;]<\/p>\n","protected":false},"author":1,"featured_media":0,"comment_status":"open","ping_status":"open","sticky":false,"template":"","format":"standard","meta":{"footnotes":""},"categories":[19],"tags":[],"class_list":["post-21827","post","type-post","status-publish","format-standard","hentry","category-19"],"_links":{"self":[{"href":"https:\/\/dmsjuridica.com\/buscador_20179478954\/salapenalcronologico20230723\/wp-json\/wp\/v2\/posts\/21827","targetHints":{"allow":["GET"]}}],"collection":[{"href":"https:\/\/dmsjuridica.com\/buscador_20179478954\/salapenalcronologico20230723\/wp-json\/wp\/v2\/posts"}],"about":[{"href":"https:\/\/dmsjuridica.com\/buscador_20179478954\/salapenalcronologico20230723\/wp-json\/wp\/v2\/types\/post"}],"author":[{"embeddable":true,"href":"https:\/\/dmsjuridica.com\/buscador_20179478954\/salapenalcronologico20230723\/wp-json\/wp\/v2\/users\/1"}],"replies":[{"embeddable":true,"href":"https:\/\/dmsjuridica.com\/buscador_20179478954\/salapenalcronologico20230723\/wp-json\/wp\/v2\/comments?post=21827"}],"version-history":[{"count":0,"href":"https:\/\/dmsjuridica.com\/buscador_20179478954\/salapenalcronologico20230723\/wp-json\/wp\/v2\/posts\/21827\/revisions"}],"wp:attachment":[{"href":"https:\/\/dmsjuridica.com\/buscador_20179478954\/salapenalcronologico20230723\/wp-json\/wp\/v2\/media?parent=21827"}],"wp:term":[{"taxonomy":"category","embeddable":true,"href":"https:\/\/dmsjuridica.com\/buscador_20179478954\/salapenalcronologico20230723\/wp-json\/wp\/v2\/categories?post=21827"},{"taxonomy":"post_tag","embeddable":true,"href":"https:\/\/dmsjuridica.com\/buscador_20179478954\/salapenalcronologico20230723\/wp-json\/wp\/v2\/tags?post=21827"}],"curies":[{"name":"wp","href":"https:\/\/api.w.org\/{rel}","templated":true}]}}