{"id":21797,"date":"2023-09-12T16:32:15","date_gmt":"2023-09-12T16:32:15","guid":{"rendered":"https:\/\/dmsjuridica.com\/buscador_20179478954\/salapenalcronologico20230723\/2023\/09\/12\/3341609-03-11\/"},"modified":"2023-09-12T16:32:15","modified_gmt":"2023-09-12T16:32:15","slug":"3341609-03-11","status":"publish","type":"post","link":"https:\/\/dmsjuridica.com\/buscador_20179478954\/salapenalcronologico20230723\/2023\/09\/12\/3341609-03-11\/","title":{"rendered":"33416(09-03-11)"},"content":{"rendered":"\n<p>\u00a0 \u00a0 \u00a0\u00a0<\/p>\n<p>Proceso n.\u00ba 33416 \u00a0<\/p>\n<p>CORTE SUPREMA DE JUSTICIA \u00a0<\/p>\n<p>SALA DE CASACI\u00d3N PENAL \u00a0<\/p>\n<p>Aprobado Acta No. 078 \u00a0<\/p>\n<p>Bogot\u00e1, \u00a0D.C., nueve (9) de marzo de dos mil \u00a0once (2011) \u00a0\u00a0<\/p>\n<p>VISTOS \u00a0<\/p>\n<p>Procede la Sala a dictar sentencia anticipada \u00a0dentro \u00a0del \u00a0proceso \u00a0adelantado \u00a0contra ENRIQUE RAFAEL \u00a0CABALLERO \u00a0 ADU\u00c9N, \u00a0 quien \u00a0 en \u00a0su \u00a0calidad \u00a0de \u00a0ex \u00a0congresista \u00a0acept\u00f3 \u00a0cargos \u00a0por el delito de concierto para delinquir agravado \u00a0consagrado \u00a0 en \u00a0 el \u00a0 inciso \u00a0 2\u00ba \u00a0 del \u00a0 art\u00edculo \u00a0340 \u00a0de \u00a0la \u00a0Ley \u00a0599 \u00a0de \u00a02000. \u00a0\u00a0<\/p>\n<p>HECHOS \u00a0<\/p>\n<p>\u00a0 \u00a0 \u00a0 \u00a0 \u00a0<\/p>\n<p>La \u00a0investigaci\u00f3n \u00a0tiene \u00a0como \u00a0origen \u00a0lo \u00a0sostenido \u00a0por \u00a0Hern\u00e1n \u00a0Giraldo \u00a0Serna \u00a0-reconocido \u00a0jefe \u00a0de \u00a0las autodefensas \u00a0campesinas \u00a0que \u00a0operaban \u00a0en los departamentos del Magdalena y La Guajira desde \u00a0la \u00a0d\u00e9cada \u00a0de \u00a0los \u00a0ochenta, \u00a0las cuales fueron denominadas Frente Resistencia \u00a0Tayrona \u00a0integrante \u00a0del \u00a0Bloque \u00a0Norte de las Autodefensas Unidas de Colombia a \u00a0partir \u00a0del \u00a0a\u00f1o \u00a02002, \u00a0como consecuencia del enfrentamiento acontecido con la \u00a0\u00faltima \u00a0de \u00a0las \u00a0organizaciones \u00a0mencionadas- \u00a0en \u00a0la \u00a0versi\u00f3n rendida ante la \u00a0Fiscal\u00eda \u00a0de \u00a0justicia \u00a0y \u00a0paz, \u00a0y algunos ex militantes de esa estructura y de \u00a0otros \u00a0grupos \u00a0armados \u00a0al \u00a0margen de la ley que operaron en el departamento del \u00a0Magdalena, \u00a0 quienes \u00a0 informaron \u00a0que \u00a0mantuvieron \u00a0relaciones \u00a0con \u00a0el \u00a0doctor \u00a0ENRIQUE \u00a0 RAFAEL \u00a0 CABALLERO \u00a0 ADU\u00c9N, \u00a0 producto \u00a0de \u00a0las \u00a0cuales \u00a0se \u00a0le \u00a0colabor\u00f3 \u00a0para su elecci\u00f3n como \u00a0senador \u00a0de \u00a0la \u00a0Rep\u00fablica \u00a0desde \u00a0los \u00a0comicios \u00a0de \u00a01994 \u00a0y \u00a0hasta \u00a0cuando se \u00a0desempe\u00f1\u00f3 como tal en el periodo constitucional 1998-2002. \u00a0\u00a0<\/p>\n<p>IDENTIFICACI\u00d3N DEL PROCESADO \u00a0<\/p>\n<p>ENRIQUE RAFAEL CABALLERO ADU\u00c9N naci\u00f3 \u00a0en \u00a0Santa \u00a0Marta (Magdalena), el 1 de marzo de 1951, hijo de \u00a0Enrique \u00a0 Rafael \u00a0 y \u00a0 Akeber \u00a0(fallecidos), \u00a0identificado \u00a0con \u00a0la \u00a0c\u00e9dula \u00a0de \u00a0ciudadan\u00eda \u00a0 \u00a0No. \u00a0 \u00a019.129.492 \u00a0 \u00a0de \u00a0 \u00a0Bogot\u00e1, \u00a0 \u00a0casado, \u00a0 abogado \u00a0 y \u00a0 ex \u00a0congresista. \u00a0\u00a0<\/p>\n<p>ACTUACION PROCESAL \u00a0<\/p>\n<p>El \u00a0 18 \u00a0de \u00a0febrero \u00a0de \u00a020091 la Fiscal\u00eda 25 \u00a0Especializada \u00a0contra \u00a0el \u00a0terrorismo \u00a0estructura de apoyo parapol\u00edtica de esta \u00a0ciudad \u00a0inici\u00f3 \u00a0la \u00a0instrucci\u00f3n \u00a0por \u00a0el \u00a0delito \u00a0de \u00a0concierto para delinquir \u00a0agravado, \u00a0 y \u00a0vincul\u00f3, \u00a0entre \u00a0otras \u00a0personas, \u00a0al \u00a0ex \u00a0senador \u00a0CABALLERO \u00a0 \u00a0 \u00a0 \u00a0 \u00a0 \u00a0 \u00a0ADU\u00c9N2,\u00a0 \u00a0a \u00a0quien \u00a0le \u00a0recibi\u00f3 \u00a0indagatoria \u00a0el \u00a012 \u00a0de \u00a0mayo de 2009 y le \u00a0resolvi\u00f3 \u00a0su \u00a0situaci\u00f3n \u00a0jur\u00eddica \u00a0con providencia del 17 de junio siguiente, \u00a0absteni\u00e9ndose \u00a0de \u00a0imponerle medida de aseguramiento3. \u00a0\u00a0<\/p>\n<p>Mediante \u00a0resoluci\u00f3n \u00a0del \u00a014 \u00a0de agosto de \u00a020094 \u00a0orden\u00f3 \u00a0el \u00a0cierre \u00a0de la investigaci\u00f3n por haberse recaudado la \u00a0prueba \u00a0necesaria para calificar, decisi\u00f3n que fue recurrida por dos defensores \u00a0de \u00a0 procesados \u00a0 diferentes \u00a0 al \u00a0 doctor \u00a0 CABALLERO \u00a0ADU\u00c9N \u00a0 y, \u00a0ante \u00a0la \u00a0negativa \u00a0a \u00a0reponerla \u00a0seg\u00fan \u00a0resoluci\u00f3n \u00a0 del \u00a0 15 \u00a0 de \u00a0 septiembre \u00a0 de \u00a0 20095, \u00a0 \u00a0qued\u00f3 \u00a0 el \u00a0 asunto \u00a0 a \u00a0disposici\u00f3n \u00a0de \u00a0los \u00a0sujetos procesales para presentar sus propuestas sobre la \u00a0calificaci\u00f3n a adoptarse. \u00a0\u00a0<\/p>\n<p>Profiri\u00f3 \u00a0 entonces \u00a0 la \u00a0 Fiscal\u00eda \u00a0 la \u00a0resoluci\u00f3n \u00a0del \u00a016 \u00a0de diciembre de 2009, mediante la cual acus\u00f3 a algunos de \u00a0los \u00a0vinculados \u00a0como \u00a0presuntos \u00a0autores del delito de concierto para delinquir \u00a0agravado, \u00a0precluy\u00f3 \u00a0la \u00a0investigaci\u00f3n \u00a0a \u00a0favor \u00a0de \u00a0otro y, en relaci\u00f3n con \u00a0CABALLERO \u00a0ADU\u00c9N decret\u00f3 la \u00a0ruptura \u00a0de \u00a0la \u00a0unidad \u00a0procesal \u00a0y orden\u00f3 compulsar copias ante esta Sala por \u00a0competencia, \u00a0en \u00a0raz\u00f3n \u00a0de \u00a0lo \u00a0resuelto por la misma en autos del 1\u00b0 y 15 de \u00a0septiembre \u00a0 de \u00a0 2009 \u00a0\u2013 \u00a0radicados \u00a0 \u00a0 \u00a0 \u00a031.653 \u00a0 \u00a0 \u00a0 \u00a0y \u00a0 \u00a0 \u00a0 \u00a027.032-6. \u00a0\u00a0<\/p>\n<p>En \u00a0tal \u00a0virtud, \u00a0con \u00a0providencia \u00a0del 4 de \u00a0febrero \u00a0de \u00a02010 \u00a0la Sala avoc\u00f3 el conocimiento del expediente en el estado en \u00a0que \u00a0 se \u00a0encontraba \u00a0\u2013es \u00a0decir, \u00a0 \u00a0 \u00a0clausurada \u00a0 \u00a0 \u00a0la \u00a0 \u00a0 \u00a0instrucci\u00f3n-7, \u00a0y \u00a0el \u00a021 de julio del mismo \u00a0a\u00f1o \u00a0 profiri\u00f3 \u00a0 resoluci\u00f3n \u00a0 de \u00a0 acusaci\u00f3n \u00a0 en \u00a0 contra \u00a0de \u00a0ENRIQUE \u00a0 RAFAEL \u00a0 CABALLERO \u00a0ADU\u00c9N \u00a0como \u00a0presunto \u00a0responsable \u00a0del \u00a0delito de concierto para delinquir agravado previsto \u00a0en \u00a0el \u00a0inciso \u00a02\u00ba \u00a0del \u00a0art\u00edculo \u00a0340 \u00a0de \u00a0la \u00a0Ley \u00a0599 \u00a0de 2000, decret\u00f3 su \u00a0detenci\u00f3n \u00a0preventiva \u00a0sin \u00a0excarcelaci\u00f3n, \u00a0como \u00a0medida \u00a0de \u00a0aseguramiento, y \u00a0libr\u00f3 \u00a0 la \u00a0 orden \u00a0 de \u00a0 captura \u00a0 en \u00a0 su \u00a0contra8, \u00a0la \u00a0cual se hizo efectiva el \u00a011 \u00a0 \u00a0 \u00a0 \u00a0de \u00a0 \u00a0 \u00a0 \u00a0agosto \u00a0 \u00a0 \u00a0 \u00a0de \u00a0 \u00a0 \u00a0 20109, \u00a0 cuando \u00a0 tambi\u00e9n \u00a0le \u00a0fue \u00a0notificada \u00a0 \u00a0personalmente \u00a0 \u00a0la \u00a0 \u00a0calificaci\u00f3n \u00a0 \u00a0del \u00a0 \u00a0sumario10, \u00a0de \u00a0la cual \u00a0hab\u00eda \u00a0sido \u00a0enterado \u00a0su \u00a0defensor el d\u00eda anterior11. \u00a0\u00a0<\/p>\n<p>Vencido el t\u00e9rmino previsto en el art\u00edculo \u00a0400 \u00a0de \u00a0la \u00a0Ley \u00a0600 \u00a0de \u00a02000, se adelant\u00f3 la audiencia preparatoria el 17 de \u00a0noviembre \u00a0de 2010, de conformidad con lo se\u00f1alado en el art\u00edculo 401 ejusdem, \u00a0en \u00a0la \u00a0cual \u00a0se \u00a0resolvi\u00f3 \u00a0negar \u00a0la \u00a0nulidad \u00a0pretendida \u00a0por la defensa y se \u00a0ordenaron \u00a0y negaron pruebas solicitadas por la defensa y el Procurador Delegado \u00a0y \u00a0de \u00a0oficio12; \u00a0interpuesto \u00a0el \u00a0recurso \u00a0de \u00a0reposici\u00f3n \u00a0contra \u00a0la negativa de \u00a0decretar \u00a0algunas \u00a0de \u00a0las pruebas solicitadas por la defensa, en diligencia del \u00a022 \u00a0de \u00a0noviembre \u00a0se \u00a0repuso \u00a0sobre algunas de ellas13. \u00a0\u00a0<\/p>\n<p>Con auto del 8 de febrero pasado se fij\u00f3 el \u00a016 \u00a0 de \u00a0 mayo \u00a0 pr\u00f3ximo \u00a0 para \u00a0 celebrar \u00a0la \u00a0audiencia \u00a0p\u00fablica14 \u00a0 y \u00a0 se \u00a0notific\u00f3 \u00a0personalmente \u00a0al acusado el 16 de febrero, quien el d\u00eda 14 anterior \u00a0hab\u00eda \u00a0hecho \u00a0radicar \u00a0en \u00a0la Secretar\u00eda de la Sala, memorial mediante el cual \u00a0solicit\u00f3 \u00a0adelantar el tr\u00e1mite de sentencia anticipada y acept\u00f3 integralmente \u00a0el \u00a0cargo \u00a0elevado \u00a0en \u00a0su \u00a0contra \u00a0en \u00a0la resoluci\u00f3n de acusaci\u00f3n15, lo cual fue \u00a0coadyuvado \u00a0 \u00a0 \u00a0 \u00a0por \u00a0 \u00a0 \u00a0 \u00a0su \u00a0 \u00a0 \u00a0 \u00a0defensor16, \u00a0motivo \u00a0por \u00a0el \u00a0cual \u00a0se \u00a0dispuso \u00a0que \u00a0el \u00a0expediente \u00a0ingresara \u00a0de \u00a0inmediato a despacho para dictar el \u00a0fallo \u00a0correspondiente, pues al fin y al cabo, del contenido del art\u00edculo 40 de \u00a0la \u00a0Ley \u00a0600 \u00a0de \u00a02000 \u00a0se \u00a0extracta \u00a0que es privativo del procesado aceptar los \u00a0cargos. \u00a0\u00a0<\/p>\n<p>Adem\u00e1s, \u00a0como \u00a0en \u00a0el \u00a0caso \u00a0concreto \u00a0la \u00a0imputaci\u00f3n \u00a0f\u00e1ctica \u00a0y jur\u00eddica realizada en la resoluci\u00f3n de acusaci\u00f3n fue \u00a0notificada \u00a0personalmente \u00a0al \u00a0acusado, \u00a0quien \u00a0aduce \u00a0conocerla \u00a0y acepta en su \u00a0integridad \u00a0la \u00a0misma en su condici\u00f3n de abogado, se consideran satisfechas las \u00a0exigencias \u00a0de \u00a0la \u00a0mencionada \u00a0norma \u00a0para \u00a0efectos \u00a0de \u00a0proferir \u00a0la sentencia \u00a0anticipada \u00a0correspondiente \u00a0sin \u00a0que \u00a0haya \u00a0lugar a adelantar diligencia alguna \u00a0para \u00a0que dicha aceptaci\u00f3n se exprese, pues ello tambi\u00e9n denota el respeto por \u00a0los derechos y garant\u00edas fundamentales inherentes al procesado. \u00a0\u00a0<\/p>\n<p>CONSIDERACIONES DE LA SALA \u00a0<\/p>\n<p>1.- \u00a0\u00a0 \u00a0\u00a0 \u00a0 \u00a0Competencia. \u00a0\u00a0<\/p>\n<p>\u00a0 \u00a0 \u00a0 \u00a0 \u00a0<\/p>\n<p>\u00a0 \u00a0\u00a0 \u00a0\u00a0 \u00a0De \u00a0 acuerdo \u00a0 con \u00a0 el \u00a0 contenido \u00a0 del \u00a0art\u00edculo \u00a0235.3 \u00a0de \u00a0la \u00a0Constituci\u00f3n \u00a0Pol\u00edtica y su par\u00e1grafo, es \u00a0 \u00a0competente \u00a0 \u00a0esta \u00a0 Sala \u00a0 para \u00a0adoptar \u00a0 la \u00a0 sentencia \u00a0 anticipada \u00a0 en \u00a0 contra \u00a0de \u00a0RAFAEL \u00a0ENRIQUE \u00a0CABALLERO \u00a0ADU\u00c9N \u00a0as\u00ed \u00a0 no \u00a0 ostente \u00a0 la \u00a0 calidad \u00a0 de \u00a0 congresista \u00a0actualmente, \u00a0por cuanto la conducta investigada tiene una relaci\u00f3n \u00a0de \u00a0imputaci\u00f3n \u00a0concreta \u00a0con la funci\u00f3n realizada, como qued\u00f3 definido en la \u00a0providencia \u00a0mediante \u00a0la \u00a0cual \u00a0la \u00a0Corte profiri\u00f3 en su contra resoluci\u00f3n de \u00a0acusaci\u00f3n. \u00a0\u00a0<\/p>\n<p>\u00a0 \u00a0\u00a0 \u00a0\u00a0 \u00a0Adem\u00e1s, \u00a0se \u00a0trata \u00a0de \u00a0una \u00a0actuaci\u00f3n \u00a0de \u00a0\u00fanica \u00a0instancia cuyo \u00a0tr\u00e1mite \u00a0integral le compete a esta Corporaci\u00f3n y en relaci\u00f3n con el cual, de \u00a0conformidad \u00a0con lo dispuesto en el par\u00e1grafo del art\u00edculo 40 de la Ley 600 de \u00a02000, es aplicable el tr\u00e1mite de la sentencia anticipada. \u00a0\u00a0<\/p>\n<p>2.- \u00a0La sentencia anticipada. \u00a0\u00a0<\/p>\n<p>La \u00a0aceptaci\u00f3n \u00a0de \u00a0cargos \u00a0o, \u00a0como \u00a0se ha \u00a0denominado, \u00a0confesi\u00f3n \u00a0simple \u00a0con \u00a0miras \u00a0a \u00a0que \u00a0se \u00a0profiera \u00a0una sentencia \u00a0anticipada, \u00a0conlleva renuncias mutuas del procesado y del Estado, pues mientras \u00a0el \u00a0primero \u00a0dimite \u00a0controvertir la acusaci\u00f3n y las pruebas en que se funda la \u00a0misma, \u00a0como \u00a0al desarrollo normal del proceso, el segundo renuncia a ejercer su \u00a0poder investigativo. \u00a0\u00a0<\/p>\n<p>No \u00a0obstante \u00a0dicha \u00a0confesi\u00f3n \u00a0debe \u00a0estar \u00a0sustentada \u00a0en \u00a0elementos \u00a0de \u00a0juicio \u00a0que \u00a0avalen, \u00a0en \u00a0grado \u00a0de \u00a0certeza, \u00a0la \u00a0existencia \u00a0de \u00a0la \u00a0conducta \u00a0punible \u00a0y \u00a0la responsabilidad del procesado, como \u00a0pilares \u00a0fundamentales \u00a0de \u00a0un \u00a0fallo condenatorio y de la conformidad que sobre \u00a0tales \u00a0aspectos \u00a0implica \u00a0la \u00a0aceptaci\u00f3n \u00a0de \u00a0cargos17, \u00a0motivo por el cual se hace \u00a0indispensable \u00a0examinar \u00a0la \u00a0confluencia \u00a0de \u00a0los \u00a0mismos \u00a0en \u00a0el caso concreto. \u00a0\u00a0<\/p>\n<p>3.- Los Cargos. \u00a0<\/p>\n<p>La \u00a0 Sala \u00a0 le \u00a0 reproch\u00f3 \u00a0 al \u00a0procesado \u00a0ENRIQUE \u00a0 \u00a0RAFAEL \u00a0 \u00a0CABALLERO \u00a0 \u00a0ADU\u00c9N \u00a0el \u00a0haberse \u00a0concertado \u00a0con \u00a0Hern\u00e1n \u00a0Giraldo Serna -desde cuando \u00a0comandaba \u00a0las \u00a0autodefensas \u00a0campesinas \u00a0que \u00a0operaban en los departamentos del \u00a0Magdalena \u00a0y \u00a0La Guajira, que fueron absorbidas por el Bloque Norte de las AUC a \u00a0principios \u00a0de 2002, por lo que se denominaron en adelante el Frente Resistencia \u00a0Tayrona \u00a0de \u00a0la \u00a0citada organizaci\u00f3n armada ilegal-, para obtener beneficios de \u00a0\u00edndole \u00a0electoral \u00a0que \u00a0lo \u00a0llevaron \u00a0a \u00a0ocupar \u00a0una \u00a0curul \u00a0en el Senado de la \u00a0Rep\u00fablica \u00a0durante \u00a0el \u00a0periodo \u00a0constitucional \u00a01998-2002, \u00a0comportamiento que \u00a0encontr\u00f3 \u00a0 adecuaci\u00f3n \u00a0t\u00edpica \u00a0en \u00a0el \u00a0delito \u00a0de \u00a0concierto \u00a0para \u00a0delinquir \u00a0agravado, \u00a0descrito \u00a0en \u00a0el Libro 2\u00ba, T\u00edtulo XII, art\u00edculo 340 inciso 2\u00ba del \u00a0C\u00f3digo \u00a0Penal, \u00a0tal \u00a0y como qued\u00f3 esbozado en la resoluci\u00f3n de acusaci\u00f3n que \u00a0se profiri\u00f3 en su contra, cuando se dijo: \u00a0\u00a0<\/p>\n<p>\u201cReveladora \u00a0resulta \u00a0de \u00a0esta \u00a0manera la \u00a0prueba \u00a0en \u00a0cuanto \u00a0al \u00a0inter\u00e9s \u00a0que \u00a0la \u00a0clase pol\u00edtica ten\u00eda al acercarse a \u00a0Hern\u00e1n \u00a0Giraldo \u00a0Serna, \u00a0para \u00a0obtener \u00a0su \u00a0colaboraci\u00f3n \u00a0en \u00a0las elecciones a \u00a0diferentes \u00a0cargos \u00a0p\u00fablicos \u00a0del \u00a0orden municipal, departamental y\/o nacional, \u00a0dada \u00a0su \u00a0incidencia \u00a0en la zona de la sierra nevada de Santa Marta y el mercado \u00a0p\u00fablico \u00a0de esa ciudad, como reconocido jefe de las autodefensas campesinas del \u00a0Magdalena \u00a0que \u00a0dominaron esa regi\u00f3n hasta los primeros meses de 2002 cuando en \u00a0enfrentamientos \u00a0con Rodrigo Tovar Pupo alias \u201cJorge 40\u201d, comandante militar \u00a0del \u00a0bloque \u00a0Norte \u00a0de \u00a0las \u00a0AUC, \u00a0pierde \u00a0la \u00a0guerra \u00a0y \u00a0es \u00a0incorporado \u00a0a esa \u00a0organizaci\u00f3n \u00a0con \u00a0sus \u00a0hombres \u00a0a trav\u00e9s del denominado \u201cFrente Resistencia \u00a0Tayrona\u201d de las AUC, bajo el mando del primero.\u00a0 \u00a0\u00a0<\/p>\n<p>Ello \u00a0tambi\u00e9n \u00a0sirve \u00a0para \u00a0descifrar \u00a0lo \u00a0aseverado \u00a0por \u00a0Hern\u00e1n \u00a0Giraldo \u00a0Serna \u00a0en \u00a0su \u00a0versi\u00f3n \u00a0ante \u00a0la Fiscal\u00eda de \u00a0justicia \u00a0y \u00a0paz \u00a0en \u00a0el \u00a0sentido \u00a0de \u00a0haber \u00a0puesto votos a favor del sumariado \u00a0\u2013 \u00a0de \u00a0cuya relaci\u00f3n da \u00a0cuenta \u00a0Ad\u00e1n \u00a0Rojas \u00a0Ospino \u00a0-, \u00a0y \u00a0lo \u00a0manifestado por Adriano S\u00e1nchez Comas, \u00a0hombre \u00a0de \u00a0confianza \u00a0del \u00a0primero, \u00a0al \u00a0afirmar que los vio reunidos en varias \u00a0oportunidades \u00a0desde \u00a01990 \u00a0y \u00a0que le ayudaron en su elecci\u00f3n como congresista; \u00a0aunado \u00a0 ello, \u00a0 desde \u00a0luego, \u00a0a \u00a0que \u00a0en \u00a0efecto, \u00a0como \u00a0el \u00a0mismo \u00a0ENRIQUE \u00a0RAFAEL \u00a0CABALLERO \u00a0ADU\u00c9N \u00a0lo \u00a0reconoce \u00a0 en \u00a0su \u00a0indagatoria, \u00a0por \u00a0aquella \u00a0\u00e9poca \u00a0estuvo \u00a0haciendo \u00a0trabajo \u00a0pol\u00edtico \u00a0y \u00a0aspir\u00f3 al Congreso directa e indirectamente, logrando su objetivo \u00a0desde \u00a01990 \u00a0hasta \u00a0el \u00a02002 \u00a0cuando \u00a0decidi\u00f3 retirarse; \u00e9poca coincidente con \u00a0aquella \u00a0en \u00a0la \u00a0cual \u00a0\u201cJorge 40\u201d tom\u00f3 el control de la regi\u00f3n, previo los \u00a0conflictos \u00a0surgidos \u00a0con \u00a0Giraldo \u00a0Serna, y penetr\u00f3 el \u00e1mbito pol\u00edtico de la \u00a0misma con plenitud, como ampliamente la prueba lo demuestra. \u00a0\u00a0<\/p>\n<p>Y \u00a0 \u00a0 \u00a0si \u00a0 \u00a0 bien \u00a0 \u00a0 CABALLERO \u00a0 ADU\u00c9N \u00a0niega \u00a0rotundamente \u00a0haber \u00a0 hecho \u00a0 cualquier \u00a0 tipo \u00a0de \u00a0acuerdo \u00a0con \u00a0grupos \u00a0armados \u00a0ilegales \u00a0o \u00a0suministrado \u00a0d\u00e1diva \u00a0alguna \u00a0a \u00a0los \u00a0mismos, esas relaciones de las cuales dan \u00a0cuenta \u00a0los \u00a0testimonios \u00a0arriba \u00a0destacados \u00a0convergen \u00a0en su contra sin raz\u00f3n \u00a0evidente \u00a0para \u00a0descalificarlos; \u00a0por \u00a0el \u00a0contrario, en virtud de su contenido, \u00a0claridad \u00a0y \u00a0coherencia \u00a0militan \u00a0como \u00a0prueba de cargo que al pie de los hechos \u00a0probados \u00a0 \u00a0\u00faltimamente \u00a0 citados \u00a0 \u2013 \u00a0la \u00a0manera \u00a0como \u00a0Hern\u00e1n \u00a0Giraldo \u00a0apoyaba \u00a0a \u00a0los candidatos de \u00a0elecci\u00f3n \u00a0popular \u00a0y \u00a0la \u00a0participaci\u00f3n en pol\u00edtica del procesado en la misma \u00a0\u00e9poca \u00a0-, \u00a0permiten \u00a0discernir \u00a0en \u00a0sana cr\u00edtica, que esos nexos se explican a \u00a0partir \u00a0del \u00a0mencionado \u00a0beneficio \u00a0electoral para el procesado y en el hecho de \u00a0contar \u00a0con \u00a0un \u201camigo\u201d de la organizaci\u00f3n en las altas esferas del Estado, \u00a0por parte de \u00e9sta. \u00a0\u00a0<\/p>\n<p>Con \u00a0lo \u00a0anterior, \u00a0demostrada \u00a0surge \u00a0la \u00a0asociaci\u00f3n \u00a0para delinquir agravada en la cual ha podido incurrir el procesado, \u00a0mirada \u00a0desde \u00a0la \u00a0arista \u00a0de la promoci\u00f3n del grupo armado ilegal que fluye de \u00a0las \u00a0contraprestaciones \u00a0obvias \u00a0de \u00a0los actores de las consabidas reuniones, lo \u00a0cual \u00a0traduc\u00eda \u00a0la \u00a0alianza \u00a0delictiva que por su capacidad plena y debido a su \u00a0investidura, \u00a0bien \u00a0pod\u00eda advertir aquel; relaciones que tuvieron su acontecer, \u00a0seg\u00fan \u00a0lo \u00a0que la prueba refleja, durante la d\u00e9cada de los noventa e inclusive \u00a0hasta \u00a0el \u00a0a\u00f1o 2002 como m\u00ednimo, si se considera que para entonces a\u00fan estaba \u00a0militando \u00a0el grupo armado ilegal liderado por Hern\u00e1n Giraldo Serna18 y que hasta \u00a0el \u00a0 20 \u00a0 de \u00a0 julio \u00a0 de \u00a0 ese \u00a0 a\u00f1o \u00a0el \u00a0procesado \u00a0ocup\u00f3 \u00a0su \u00a0curul \u00a0en \u00a0el \u00a0Congreso19, \u00a0pues \u00a0para las elecciones de ese a\u00f1o los acuerdos de algunos de \u00a0los \u00a0candidatos \u00a0de la regi\u00f3n que efectivamente resultaron elegidos se hicieron \u00a0con \u00a0el \u00a0reconocido \u00a0jefe \u00a0del \u00a0bloque Norte de las AUC Rodrigo Tovar Pupo alias \u00a0\u201cJorge 40\u201d, como ya se destac\u00f3.\u201d \u00a0\u00a0<\/p>\n<p>Sobre \u00a0dicho \u00a0cargo \u00a0fue \u00a0que \u00a0se pronunci\u00f3 \u00a0espec\u00edficamente \u00a0el \u00a0procesado \u00a0en \u00a0el \u00a0memorial \u00a0que \u00a0alleg\u00f3 \u00a0-luego \u00a0de \u00a0ser \u00a0notificado \u00a0personalmente \u00a0de \u00a0la \u00a0resoluci\u00f3n \u00a0de acusaci\u00f3n, de practicarse la \u00a0audiencia \u00a0preparatoria \u00a0y \u00a0antes de quedar ejecutoriado el auto que fij\u00f3 fecha \u00a0para \u00a0audiencia \u00a0de \u00a0juzgamiento-, \u00a0en \u00a0su condici\u00f3n de abogado, es decir, como \u00a0persona \u00a0calificada \u00a0para \u00a0entender \u00a0suficientemente \u00a0acerca \u00a0de la imputaci\u00f3n, \u00a0expresando \u00a0libre y voluntariamente su responsabilidad y aceptaci\u00f3n, por lo que \u00a0para \u00a0la \u00a0Sala \u00a0dicha \u00a0decisi\u00f3n \u00a0resulta v\u00e1lida y es suficiente para emitir la \u00a0sentencia \u00a0anticipada \u00a0solicitada, \u00a0imponi\u00e9ndose, \u00a0eso s\u00ed, constatar la prueba \u00a0indicativa \u00a0de \u00a0la \u00a0comisi\u00f3n del delito, como presupuesto necesario y adicional \u00a0para la emisi\u00f3n del fallo. \u00a0\u00a0<\/p>\n<p>\u00a0 \u00a0\u00a0 \u00a0\u00a0 \u00a0\u00a0Sobre \u00a0el \u00a0tema ha tenido oportunidad de pronunciarse la Sala en los \u00a0siguientes t\u00e9rminos: \u00a0\u00a0<\/p>\n<p>\u201c6. El art\u00edculo 40 de la Ley 600 de 2000 \u00a0establece \u00a0como \u00a0requisitos para considerar su procedencia, que la solicitud sea \u00a0hecha \u00a0por \u00a0el \u00a0procesado \u00a0y \u00a0que \u00a0se \u00a0produzca \u00a0dentro de los precisos l\u00edmites \u00a0establecidos \u00a0a \u00a0partir \u00a0de \u00a0la \u00a0diligencia \u00a0de indagatoria y hasta antes de que \u00a0quede \u00a0ejecutoriada \u00a0la \u00a0resoluci\u00f3n \u00a0de cierre de la investigaci\u00f3n; y desde el \u00a0momento \u00a0en que se dicte la resoluci\u00f3n de acusaci\u00f3n y hasta antes de que cobre \u00a0firmeza \u00a0la \u00a0providencia \u00a0que \u00a0fija \u00a0fecha \u00a0para la celebraci\u00f3n de la audiencia \u00a0p\u00fablica. \u00a0\u00a0<\/p>\n<p>\u2026 \u00a0<\/p>\n<p>Si \u00a0la \u00a0petici\u00f3n de culminar el proceso es \u00a0expuesta \u00a0 por \u00a0 el \u00a0 procesado \u00a0 antes \u00a0de \u00a0la \u00a0ejecutoria \u00a0del \u00a0cierre \u00a0de \u00a0la \u00a0investigaci\u00f3n, \u00a0la \u00a0Fiscal\u00eda, \u00a0si \u00a0lo \u00a0considera \u00a0necesario, podr\u00e1 ampliar la \u00a0indagatoria \u00a0o \u00a0practicar pruebas dentro de un plazo m\u00e1ximo de ocho d\u00edas, caso \u00a0en \u00a0el \u00a0cual \u00a0los \u00a0cargos \u00a0formulados \u00a0por \u00a0el Fiscal General de la Naci\u00f3n o su \u00a0delegado \u00a0y \u00a0la \u00a0aceptaci\u00f3n \u00a0por parte del procesado se consignar\u00e1n en un acta \u00a0suscrita \u00a0por \u00a0quienes \u00a0hayan \u00a0intervenido, \u00a0la \u00a0que \u00a0por disposici\u00f3n legal, es \u00a0equivalente a la resoluci\u00f3n de acusaci\u00f3n. \u00a0\u00a0<\/p>\n<p>En la fase de juzgamiento, el tratamiento es \u00a0diverso, \u00a0y \u00a0as\u00ed \u00a0lo expuso la Sala, en decisi\u00f3n que aborda el tema, cuando la \u00a0solicitud \u00a0de \u00a0sentencia \u00a0anticipada \u00a0ha \u00a0sido presentada con posterioridad a la \u00a0ejecutoria \u00a0de \u00a0la \u00a0resoluci\u00f3n \u00a0de \u00a0acusaci\u00f3n, \u00a0caso \u00a0en el cual, solo procede \u00a0respecto de los cargos formulados en la calificaci\u00f3n del sumario: \u00a0\u00a0<\/p>\n<p>\u201cEn \u00a0los primeros incisos del precepto en \u00a0menci\u00f3n \u00a0se \u00a0consagra que la formulaci\u00f3n de los cargos y su aceptaci\u00f3n por el \u00a0procesado \u00a0deben \u00a0quedar \u00a0consignadas \u00a0en \u00a0un \u00a0acta \u00a0suscrita \u00a0por quienes hayan \u00a0intervenido, \u00a0cuando \u00a0se \u00a0tramita \u00a0la \u00a0sentencia anticipada en la fase sumarial, \u00a0pudi\u00e9ndose \u00a0ampliar \u00a0la \u00a0indagatoria \u00a0y \u00a0practicar \u00a0pruebas \u00a0dentro de un plazo \u00a0m\u00e1ximo de ocho d\u00edas, para mejor proveer. \u00a0\u00a0<\/p>\n<p>Para \u00a0la \u00a0etapa \u00a0de \u00a0juicio, \u00a0cuando \u00a0ya el \u00a0reproche \u00a0est\u00e1 \u00a0afianzado \u00a0en \u00a0una \u00a0resoluci\u00f3n \u00a0de acusaci\u00f3n ejecutoriada, la \u00a0norma \u00a0\u00fanicamente \u00a0dispone \u00a0que \u00a0el \u00a0sindicado \u00a0acepte la responsabilidad penal \u00a0respecto \u00a0de \u00a0todos \u00a0los \u00a0cargos \u00a0all\u00ed \u00a0formulados, \u00a0sin exigir una audiencia o \u00a0diligencia \u00a0 especial, \u00a0 ni \u00a0 suscripci\u00f3n \u00a0 de \u00a0 acta, \u00a0ni \u00a0la \u00a0asistencia \u00a0del \u00a0fiscal. \u00a0\u00a0<\/p>\n<p>Siendo \u00a0ello as\u00ed, y dejando claro que m\u00e1s \u00a0que \u00a0la jurisprudencia de la Sala, constantemente reiterada en este sentido, era \u00a0la \u00a0propia \u00a0ley \u00a0vigente\u00a0 \u00a0para \u00a0el \u00a0momento \u00a0en \u00a0que se llev\u00f3 a afecto la \u00a0referida \u00a0petici\u00f3n \u00a0de sentencia anticipada, Ley 81 de 1993, art. 3\u00b0, al igual \u00a0que \u00a0sucedi\u00f3 con la Ley 365 de 1997 y ahora con la legislaci\u00f3n actual, Ley 600 \u00a0de \u00a02000, \u00a0la sentencia anticipada en la causa solo procede \u201crespecto de todos \u00a0los \u00a0 \u00a0cargos \u00a0 \u00a0all\u00ed \u00a0 \u00a0formulados\u201d, \u00a0 \u00a0esto \u00a0 \u00a0es, \u00a0 \u00a0en \u00a0 la \u00a0 resoluci\u00f3n \u00a0acusatoria\u201d(2). \u00a0\u00a0<\/p>\n<p>\u00a0 \u00a0 \u00a0 \u00a0 \u00a0<\/p>\n<p>Esta \u00a0posici\u00f3n \u00a0jurisprudencial, seg\u00fan la \u00a0cual, \u00a0la \u00a0solicitud \u00a0de \u00a0sentencia \u00a0anticipada \u00a0en \u00a0la \u00a0fase \u00a0de juzgamiento no \u00a0contempla \u00a0la \u00a0ampliaci\u00f3n \u00a0de indagatoria, pr\u00e1ctica pruebas, o suscripci\u00f3n de \u00a0un \u00a0acta \u00a0que \u00a0contenga \u00a0la \u00a0aceptaci\u00f3n \u00a0de los cargos formulados, se encuentra \u00a0vigente, \u00a0por \u00a0cuanto \u00a0se \u00a0parte \u00a0de \u00a0la \u00a0formulaci\u00f3n \u00a0de \u00a0cargos \u00a0y \u00a0no \u00a0de la \u00a0imputaci\u00f3n hecha en la indagatoria. \u00a0\u00a0<\/p>\n<p>El inciso quinto del art\u00edculo 40 de la Ley \u00a0600 \u00a0de \u00a02000, que como se ha expuesto, se refiere exclusivamente al tr\u00e1mite de \u00a0la \u00a0sentencia \u00a0anticipada \u00a0a \u00a0la \u00a0etapa \u00a0de \u00a0juzgamiento, exige que el procesado \u00a0acepte \u00a0la \u00a0responsabilidad penal respecto de todos los cargos all\u00ed formulados, \u00a0entendi\u00e9ndose \u00a0 \u00a0que \u00a0 \u00a0son \u00a0 \u00a0los \u00a0 \u00a0consignados \u00a0 \u00a0en \u00a0 la \u00a0 resoluci\u00f3n \u00a0 de \u00a0acusaci\u00f3n.\u201d \u00a0 \u00a0 20 \u00a0\u00a0<\/p>\n<p>4.- La prueba. \u00a0<\/p>\n<p>Como \u00a0elementos \u00a0probatorios \u00a0que \u00a0permiten \u00a0predicar \u00a0 con \u00a0 certeza \u00a0la \u00a0realizaci\u00f3n \u00a0del \u00a0comportamiento \u00a0il\u00edcito \u00a0y \u00a0la \u00a0responsabilidad \u00a0del ex congresista, en los t\u00e9rminos que voluntariamente acepta \u00a0\u00e9l \u00a0mismo \u00a0al \u00a0aducir: \u00a0\u201cacepto \u00a0el concierto para \u00a0delinquir \u00a0agravado, \u00a0aclar\u00e1ndole \u00a0que \u00a0dicha \u00a0concertaci\u00f3n \u00a0tuvo \u00a0como \u00fanico \u00a0objetivo \u00a0 el \u00a0aspecto \u00a0exclusivamente \u00a0electoral\u201d21, \u00a0se \u00a0cuenta, \u00a0en principio, \u00a0como \u00a0ya \u00a0se \u00a0se\u00f1al\u00f3, con lo manifestado por el propio ex comandante pol\u00edtico \u00a0del \u00a0Frente \u00a0Resistencia \u00a0Tayrona \u00a0del \u00a0Bolque Norte de las AUC, Hern\u00e1n Giraldo \u00a0Serna, \u00a0en \u00a0la \u00a0versi\u00f3n \u00a0rendida \u00a0ante \u00a0la Fiscal\u00eda de justicia y paz el 19 de \u00a0septiembre \u00a0de \u00a02007, \u00a0cuando \u00a0se\u00f1al\u00f3: \u201cestuvo con \u00a0nosotros \u00a0tambi\u00e9n \u00a0reunido \u00a0hace \u00a0rato \u00a0el \u00a0se\u00f1or \u00a0ENRIQUE \u00a0CABALLERO \u00a0ADU\u00c9N, \u00a0le \u00a0pusimos \u00a0votaci\u00f3n\u201d \u00a0(negrita \u00a0y \u00a0subrayado \u00a0de la Sala), lo cual ratific\u00f3 \u00a0bajo \u00a0 \u00a0juramento \u00a0 \u00a0en \u00a0 \u00a0esa \u00a0 misma \u00a0 diligencia22. \u00a0\u00a0<\/p>\n<p>Ahora \u00a0bien, \u00a0la \u00a0raz\u00f3n \u00a0por \u00a0la \u00a0cual \u00a0se \u00a0procedi\u00f3 \u00a0a \u201cponer\u201d esa \u201cvotaci\u00f3n\u201d era el objetivo a esclarecer con la \u00a0ampliaci\u00f3n \u00a0que \u00a0de \u00a0dicho \u00a0testimonio se orden\u00f3 en la audiencia preparatoria, \u00a0pero \u00a0pese \u00a0a \u00a0quedar \u00a0sin absolver con motivo de la sentencia anticipada que se \u00a0dicta \u00a0a \u00a0instancias \u00a0del acusado, ello no trasciende en cuanto a la adecuaci\u00f3n \u00a0t\u00edpica \u00a0de \u00a0la \u00a0conducta y su responsabilidad se refiere, pues a\u00fan sin existir \u00a0contraprestaci\u00f3n \u00a0alguna \u00a0para la puesta de votaci\u00f3n se\u00f1alada\u00a0 el delito \u00a0imputado \u00a0y \u00a0aceptado se configura fenomenol\u00f3gicamente, como ser\u00e1 examinado en \u00a0el \u00a0ac\u00e1pite \u00a0correspondiente; \u00a0siendo claro, eso s\u00ed, que cuando se alude a las \u00a0reuniones \u00a0de \u201chace rato\u201d \u00a0sostenidas \u00a0 \u00a0 \u00a0con \u00a0 \u00a0 \u201cnosotros\u201d, \u00a0el \u00a0testigo \u00a0se \u00a0refiere \u00a0a \u00a0aquellas que se celebraron cuando se \u00a0desempe\u00f1aba \u00a0como \u00a0jefe \u00a0de \u00a0las \u00a0autodefensas \u00a0campesinas \u00a0que \u00a0operaban en el \u00a0departamento \u00a0del \u00a0Magdalena \u00a0y \u00a0para \u00a0cuando CABALLERO \u00a0ADU\u00c9N \u00a0era candidato a una curul en el Congreso de la \u00a0Rep\u00fablica y se desempe\u00f1aba como congresista. \u00a0\u00a0<\/p>\n<p>Lo \u00a0anterior porque se ha precisado, con las \u00a0declaraciones \u00a0 \u00a0 de \u00a0 \u00a0 Adriano \u00a0 \u00a0Segundo \u00a0 \u00a0S\u00e1nchez \u00a0 \u00a0Comas \u00a0 \u00a0\u2013quien \u00a0 fuera \u00a0 integrante \u00a0 de \u00a0 la \u00a0organizaci\u00f3n \u00a0de \u00a0Hern\u00e1n \u00a0Giraldo \u00a0Serna- \u00a0y \u00a0Ad\u00e1n \u00a0Rojas Ospino \u2013ex \u00a0comandante del grupo armado ilegal \u00a0denominado \u00a0\u201cLos \u00a0Rojas\u201d, \u00a0que \u00a0oper\u00f3 \u00a0en \u00a0el \u00a0departamento \u00a0del \u00a0Magdalena \u00a0aproximadamente \u00a0hasta \u00a0el \u00a0a\u00f1o 2000, cuando luego de compartir una amistad con \u00a0la \u00a0estructura \u00a0de Hern\u00e1n Giraldo terminan enfrentados-, que las relaciones del \u00a0acusado \u00a0con \u00a0el \u00a0\u00faltimo \u00a0datan, como m\u00ednimo, desde la d\u00e9cada de los ochenta, \u00a0cuando \u00a0 \u00a0 ya \u00a0 \u00a0 ENRIQUE \u00a0 \u00a0RAFAEL \u00a0 \u00a0ocupaba una curul como Representante a la C\u00e1mara. \u00a0\u00a0<\/p>\n<p>Es \u00a0as\u00ed \u00a0como \u00a0Rojas \u00a0Ospino \u00a0aduce \u00a0haber \u00a0conocido \u00a0al \u00a0procesado aproximadamente en 1987 por ser amigo de Hern\u00e1n Giraldo \u00a0y \u00a0 su \u00a0 hermano \u00a0 el \u00a0 \u201cMono\u201d, \u00a0 y \u00a0 afirma, \u00a0 en \u00a0declaraci\u00f3n23 \u00a0y \u00a0en \u00a0la \u00a0versi\u00f3n \u00a0que \u00a0rindi\u00f3 \u00a0ante \u00a0la Fiscal\u00eda de justicia y paz el 12 de febrero de \u00a0200724, \u00a0que \u00a0luego \u00a0de \u00a0ser \u00a0apresado \u00a0en \u00a01996, \u00a0supo \u00a0que aqu\u00e9l hab\u00eda \u00a0proseguido \u00a0sus \u00a0v\u00ednculos \u00a0con \u00a0Hern\u00e1n \u00a0Giraldo, \u00a0no \u00a0sin \u00a0antes mencionar que \u00a0tambi\u00e9n \u00a0 \u00a0a \u00a0 \u00a0su \u00a0 agrupaci\u00f3n \u00a0 le \u00a0 hab\u00eda \u00a0 colaborado \u00a0 con \u00a0 dineros \u00a0 y \u00a0bienes. \u00a0\u00a0<\/p>\n<p>Por su parte, Adriano Segundo S\u00e1nchez Comas, \u00a0a \u00a0 \u00a0 \u00a0quien \u00a0 \u00a0 \u00a0Hern\u00e1n \u00a0 \u00a0 \u00a0Giraldo \u00a0 \u00a0 \u00a0Serna25, \u00a0 \u00a0Jos\u00e9 \u00a0 \u00a0Luis \u00a0 Cadena \u00a0Manga26 \u00a0 y \u00a0 Carlos \u00a0 Enrique \u00a0Pareja \u00a0Mendoza27 \u00a0reconocen \u00a0como \u00a0comandante \u00a0pol\u00edtico \u00a0del \u00a0grupo \u00a0de \u00a0autodefensas \u00a0que lideraba Giraldo Serna, rememora al \u00a0acusado \u00a0como \u00a0un \u00a0pol\u00edtico \u00a0al \u00a0cual desde 1990 se le colaboraba y llevaron al \u00a0Congreso de la Rep\u00fablica, cuando asegura: \u00a0\u00a0<\/p>\n<p>\u201cENRIQUE \u00a0CABALLERO era un se\u00f1or que era \u00a0pol\u00edtico \u00a0y \u00a0con mucho tiempo de antelaci\u00f3n el se\u00f1or HERN\u00c1N lo apoyaba en la \u00a0pol\u00edtica \u00a0(\u2026) \u00a0Del \u00a0a\u00f1o \u00a090 \u00a0en \u00a0adelante no recuerdo la fecha llevamos a la \u00a0C\u00e1mara \u00a0 al \u00a0 doctor \u00a0 DARIO \u00a0 SARAVIA \u00a0y \u00a0al \u00a0doctor \u00a0ENRIQUE \u00a0CABALLERO\u00a0 \u00a0ADU\u00c9N\u201d \u00a0 (Fl. \u00a0 242 \u00a0c. \u00a0o. \u00a02). \u00a0Y \u00a0\u201cse \u00a0que DARIO SARAVIA y ENRIQUE CABALLERO subieron ha hablar con \u00a0HERN\u00c1N \u00a0GIRALDO \u00a0y \u00a0concretaban la votaci\u00f3n de la regi\u00f3n e inclusive tambi\u00e9n \u00a0se \u00a0dirim\u00eda \u00a0votaci\u00f3n \u00a0en el \u00e1rea del mercado de Santa Marta ya que todos los \u00a0comerciantes \u00a0colaboraban con HERN\u00c1N GIRALDO, colaboraban con votos (\u2026)\u00a0 \u00a0yo \u00a0personalmente \u00a0los vi all\u00e1 hablando con el se\u00f1or HERN\u00c1N GIRALDO, yo lo vi \u00a0hablando \u00a0con \u00a0el se\u00f1or ENRIQUE CABALLERO, cuando se le ayud\u00f3 fue para el a\u00f1o \u00a01994 \u00a0para su primera elecci\u00f3n al Congreso, yo personalmente los vi y asist\u00ed a \u00a0la \u00a0reuni\u00f3n, \u00a0en \u00a0la reuni\u00f3n le dec\u00edan a HERN\u00c1N que necesitaban los votos de \u00a0la \u00a0regi\u00f3n \u00a0para \u00a0sus \u00a0campa\u00f1as \u00a0y \u00a0se \u00a0acordaba \u00a0la votaci\u00f3n, HERNAN GIRALDO \u00a0hablaba \u00a0con \u00a0las \u00a0juntas de acci\u00f3n comunal y todo el mundo de las veredas como \u00a0corderitos \u00a0sal\u00edan \u00a0a votar, y en el mercado todos los comerciantes del mercado \u00a0como \u00a0eran \u00a0amigos \u00a0de \u00a0HERN\u00c1N \u00a0GIRALDO \u00a0le \u00a0ayudaban, por eso las personas que \u00a0HERN\u00c1N \u00a0GIRALDO \u00a0ayudaba \u00a0ten\u00edan \u00a0incidencia \u00a0en \u00a0la ciudad (\u2026) inclusive se \u00a0dec\u00eda \u00a0que \u00a0la \u00a0gente \u00a0de \u00a0HERN\u00c1N \u00a0es \u00a0la \u00a0gente \u00a0del \u00a0mercado\u201d 28. \u00a0\u00a0<\/p>\n<p>Ahora \u00a0 bien, \u00a0 recu\u00e9rdese \u00a0 que \u00a0con \u00a0la \u00a0indagatoria \u00a0 y \u00a0 las \u00a0 certificaciones \u00a0allegadas \u00a0se \u00a0tiene \u00a0que \u00a0ENRIQUE \u00a0 RAFAEL \u00a0 CABALLERO \u00a0 ADU\u00c9N \u00a0 se \u00a0desempe\u00f1\u00f3 \u00a0como \u00a0Representante \u00a0a la C\u00e1mara desde 1982 hasta 1994 y, a partir \u00a0de \u00a0 dicho \u00a0a\u00f1o \u00a0y \u00a0hasta \u00a0el \u00a02002 \u00a0ocup\u00f3 \u00a0una \u00a0curul \u00a0en \u00a0el \u00a0Senado \u00a0de \u00a0la \u00a0Rep\u00fablica29. \u00a0\u00a0<\/p>\n<p>Las \u00a0mencionadas relaciones entre el ex jefe \u00a0de \u00a0las \u00a0autodefensas \u00a0Hern\u00e1n \u00a0Giraldo Serna y el acusado, inicialmente negadas \u00a0por \u00a0\u00e9ste, \u00a0encuentran \u00a0satisfactoria \u00a0explicaci\u00f3n \u00a0cuando se repara la manera \u00a0como \u00a0se \u00a0desenvolv\u00edan \u00a0las \u00a0actividades \u00a0pol\u00edticas \u00a0por \u00a0aquel entonces en el \u00a0departamento \u00a0del \u00a0Magdalena, \u00a0donde \u00a0ten\u00eda \u00a0influencia \u00a0el grupo armado ilegal \u00a0comandado por el se\u00f1alado Giraldo Serna. \u00a0\u00a0<\/p>\n<p>Al \u00a0respecto \u00a0no \u00a0solamente \u00a0se ha dicho que \u00a0aqu\u00e9l \u00a0controlaba militar y pol\u00edticamente las veredas de la sierra nevada y la \u00a0zona \u00a0del \u00a0mercado \u00a0de \u00a0Santa Marta, y que influ\u00eda directamente en los procesos \u00a0electorales, \u00a0sino \u00a0tambi\u00e9n \u00a0que \u00a0ten\u00eda \u00a0injerencia \u00a0hasta \u00a0en la soluci\u00f3n de \u00a0problemas \u00a0de orden p\u00fablico, social, laboral y personal de los habitantes de la \u00a0regi\u00f3n. \u00a0\u00a0<\/p>\n<p>As\u00ed \u00a0lo \u00a0da \u00a0a \u00a0conocer \u00a0la \u00a0l\u00edder comunal \u00a0Magalis Patricia Ortiz R\u00edos: \u00a0\u00a0<\/p>\n<p>\u201ccontrolaba \u00a0todas \u00a0y \u00a0cada \u00a0una \u00a0de \u00a0las \u00a0veredas \u00a0de \u00a0la \u00a0sierra nevada de Santa Marta, era un control a nivel pol\u00edtico, \u00a0nadie \u00a0pod\u00eda decidir si Hern\u00e1n no daba la orden, si era para comprar una finca \u00a0hab\u00eda \u00a0que \u00a0primero (sic) a \u00a0Hern\u00e1n \u00a0Giraldo \u00a0la \u00a0persona \u00a0que \u00a0iba a comprar la finca, porque \u00e9l ten\u00eda el \u00a0control \u00a0militar \u00a0en \u00a0la \u00a0zona, \u00a0problemas \u00a0de orden p\u00fablico se recurr\u00eda era a \u00a0Hern\u00e1n \u00a0Giraldo \u00a0o \u00a0El Patr\u00f3n nunca a la polic\u00eda, yo vine a conocer de esto a \u00a0partir \u00a0de \u00a01998 \u00a0cuando \u00a0me enter\u00e9 que era un grupo de autodefensas que era un \u00a0grupo \u00a0armado \u00a0porque yo al principio cre\u00ed que era un l\u00edder como cualquiera de \u00a0nosotros \u00a0obviamente \u00a0con m\u00e1s experiencia as\u00ed lo ve\u00eda desde un principio pero \u00a0ya \u00a0despu\u00e9s \u00a0como \u00a0le \u00a0dije me di cuenta que era un jefe paramilitar que hac\u00eda \u00a0funciones \u00a0 \u00a0 de \u00a0 \u00a0narcotr\u00e1fico\u201d \u00a0 \u00a030. \u00a0\u00a0<\/p>\n<p>Mientras \u00a0que Adriano Segundo S\u00e1nchez Comas \u00a0adujo \u00a0al \u00a0respecto: \u00a0\u201csoy \u00a0amigo \u00a0del \u00a0se\u00f1or \u00a0HERN\u00c1N \u00a0GIRALDO, \u00a0como sab\u00eda que exist\u00eda\u00a0 una fuerza \u00a0pol\u00edtica \u00a0de \u00a0la regi\u00f3n porque la palabra del se\u00f1or HEN\u00c1N GIRALDO en la zona \u00a0y \u00a0los \u00a0mismos presidentes de la Junta de Acci\u00f3n Comunal le ped\u00edan el concepto \u00a0de \u00a0\u00e9l \u00a0para \u00a0dirimir \u00a0problemas \u00a0de tierra, para dirimir problemas pol\u00edticos, \u00a0toda \u00a0clase \u00a0de problemas sociales, personales, pol\u00edticos, laborales inclusive, \u00a0toda \u00a0la \u00a0regi\u00f3n \u00a0estaba del lado de HERN\u00c1N GIRALDO y hac\u00eda lo que \u00e9l dec\u00eda \u00a0por \u00a0eso \u00a0es \u00a0que \u00a0cuando \u00a0\u00e9l \u00a0habla de su regi\u00f3n todo el mundo sin excepci\u00f3n \u00a0todos \u00a0tuvieron \u00a0que ver con HERN\u00c1N GIRALDO, inclusive me atrevo a decir que el \u00a060% \u00a0de \u00a0la poblaci\u00f3n de SANTA MARTA subi\u00f3 a donde el se\u00f1or GIRALDO a dirimir \u00a0problemas, \u00a0con eso quiero decir que las juntas de acciones comunales (sic) eran \u00a0manejadas \u00a0por \u00a0\u00e9l, \u00a0no \u00a0exist\u00eda \u00a0intimidaci\u00f3n \u00a0pero s\u00ed exist\u00eda el grupo al \u00a0margen \u00a0de \u00a0la \u00a0ley y este era una fuerza, todos sub\u00edan donde \u00e9l, hablaban con \u00a0\u00e9l \u00a0y \u00a0deb\u00edan \u00a0contar con la aprobaci\u00f3n suya para ser presidente de una junta \u00a0comunal, \u00a0por \u00a0eso la regi\u00f3n, la zona de la vertiente norte de la sierra nevada \u00a0que \u00a0comprende \u00a0desde \u00a0PALOMINO hasta MINCA era una fuerza pol\u00edtica y el se\u00f1or \u00a0HERN\u00c1N \u00a0era quien determinaba por quien se votaba, siempre se hac\u00edan reuniones \u00a0con \u00a0la \u00a0comunidad \u00a0pero \u00a0con \u00a0el aval del se\u00f1or HERN\u00c1N GIRALDO, as\u00ed que toda \u00a0aquella \u00a0persona \u00a0que \u00a0pol\u00edticamente \u00a0lo \u00a0ayud\u00f3 la regi\u00f3n era con el aval del \u00a0se\u00f1or \u00a0HERN\u00c1N \u00a0GIRALDO \u00a0(\u2026) \u00a0los \u00a0acuerdos \u00a0consist\u00edan \u00a0en \u00a0que \u00a0la regi\u00f3n \u00a0completa \u00a0sal\u00eda a votar con ellos, para cualquier curul en las corporaciones en \u00a0las \u00a0que \u00a0estaban postulando, las reuniones se hac\u00edan en MACHETE PELAO, o en la \u00a0finca \u00a0del \u00a0se\u00f1or \u00a0HERNAN \u00a0GIRALDO llamada el FILO\u201d \u00a031. \u00a0\u00a0<\/p>\n<p>Y \u00a0Carlos Enrique Pareja Mendoza explica que \u00a0Giraldo \u00a0Serna: \u00a0\u201chace una reuni\u00f3n cuando ellos son \u00a0candidatos \u00a0y \u00a0determinan quien se lanza a qu\u00e9 cargo y \u00e9l coloca al pueblo que \u00a0est\u00e1 \u00a0bajo \u00a0su \u00a0mando \u00a0a que voten por ellos, ellos se reun\u00edan en MARQUETALIA, \u00a0jurisdicci\u00f3n \u00a0de \u00a0la \u00a0Sierra \u00a0Nevada \u00a0y \u00a0los que son figura pol\u00edtica que no se \u00a0pueden \u00a0desplazar \u00a0hasta \u00a0all\u00e1, \u00a0mandan \u00a0un \u00a0emisario que los represente, estas \u00a0reuniones \u00a0se \u00a0hacen \u00a0en \u00a0los \u00a0meses antes que son las elecciones\u201d \u00a032, \u00a0y \u00a0advierte \u00a0que \u00a0su \u00a0incidencia \u00a0no fue solamente en la zona del \u00a0mercado \u00a0 \u00a0 en \u00a0 \u00a0Santa \u00a0 \u00a0Marta \u00a0 \u00a0\u201csino \u00a0barrios \u00a0en SANTA MARTA donde a otros pol\u00edticos les da miedo \u00a0hacer \u00a0pol\u00edtica \u00a0por temor a los paramilitares, en el 11 de noviembre, BONDA, y \u00a0parte \u00a0del \u00a0TAYRONA, \u00a0y \u00a0Santa \u00a0Fe, \u00a0porque \u00a0se \u00a0le permite el libre acceso, los \u00a0paramilitares \u00a0que \u00a0viven \u00a0en ese barrio le trasmiten a la gente (\u2026) hay otros \u00a0barrios \u00a0 como \u00a0GARAGOA \u00a0y \u00a0dos \u00a0que \u00a0est\u00e1n \u00a0ah\u00ed \u00a0cerca \u00a0que \u00a0no \u00a0recuerdo \u00a0el \u00a0nombre\u201d \u00a0 \u00a0 \u00a0 33. \u00a0\u00a0<\/p>\n<p>\u00a0 \u00a0\u00a0 \u00a0\u00a0 \u00a0 \u00a0\u00a0<\/p>\n<p>Por su parte, el propio Hern\u00e1n Giraldo Serna \u00a0reconoci\u00f3 \u00a0en \u00a0la \u00a0versi\u00f3n \u00a0que \u00a0rindi\u00f3 \u00a0ante la Fiscal\u00eda de justicia y paz, \u00a0acerca \u00a0del \u00a0ejercicio \u00a0de \u00a0la \u00a0pol\u00edtica, \u00a0que \u00a0con \u00a0los \u00a0campesinos de la zona \u00a0oriental \u00a0de \u00a0la \u00a0sierra \u00a0nevada, lo que llam\u00f3 \u201cla despensa de Santa Marta\u201d \u00a0-muchos \u00a0de \u00a0los \u00a0cuales \u00a0ten\u00edan finca all\u00e1 y casa en la ciudad-, en donde era \u00a0reconocido \u00a0como \u00a0\u201cel \u00a0jefe\u201d, \u00a0se \u00a0convocaban \u00a0reuniones \u00a0con \u00a0el \u00a0candidato \u00a0pol\u00edtico \u00a0que \u00a0saldr\u00eda \u00a0elegido, \u00a0pues \u00a0que por quien se orientaran ellos, sin \u00a0duda era el ganador: \u00a0\u00a0<\/p>\n<p>\u201clos \u00a0pol\u00edticos \u00a0buscan \u00a0la votaci\u00f3n en \u00a0todas \u00a0partes \u00a0donde \u00a0est\u00e9n (\u2026) la buscan en cualquier parte y la parte donde \u00a0nosotros \u00a0pues \u00a0todo \u00a0el \u00a0mundo \u00a0es \u00a0de pleno conocimiento de que hay un n\u00famero \u00a0masivo \u00a0de \u00a0campesinos entre otras cosas hay mucha gente pues que tiene finca en \u00a0la \u00a0regi\u00f3n y tambi\u00e9n tiene casa en Santa Marta, tambi\u00e9n hay un gran caudal de \u00a0votaci\u00f3n \u00a0por \u00a0parte \u00a0de los campesinos en Santa Marta (\u2026) nos reun\u00edamos con \u00a0la \u00a0persona \u00a0que \u00a0era, con el que se iba a votar que siempre era el que quedaba, \u00a0entonces \u00a0ya \u00a0lo \u00a0sentaba \u00a0con \u00a0los \u00a0l\u00edderes \u00a0comunitarios para que ellos ya le \u00a0hicieran \u00a0las \u00a0solicitudes \u00a0de \u00a0las \u00a0necesidades de la regi\u00f3n (\u2026) Santa Marta \u00a0casi \u00a0es \u00a0una \u00a0sola gente, un solo personal que somos las gran mayor\u00eda la parte \u00a0del \u00a0plano \u00a0oriental \u00a0de la sierra nevada de Santa Marta, somos en gran parte la \u00a0despensa \u00a0de \u00a0Santa \u00a0Marta, \u00a0entonces \u00a0ah\u00ed pues para decir que no se votaba por \u00a0ellos, \u00a0eso \u00a0es \u00a0una \u00a0mentira \u00a0(\u2026) pa\u2019 \u00a0(sic) todo el \u00a0mundo \u00a0sabe yo era el jefe de la regi\u00f3n eso hace muchos a\u00f1os, no puedo negarlo \u00a0porque \u00a0esa \u00a0es \u00a0la \u00a0verdad \u00a0(\u2026) \u00a0toda\u00a0 \u00a0persona \u00a0por la que nosotros nos \u00a0orient\u00e1bamos \u00a0ese \u00a0quedaba, \u00a0eso \u00a0no \u00a0es \u00a0secreto \u00a0para \u00a0nadie\u201d \u00a034. \u00a0\u00a0<\/p>\n<p>\u00a0 \u00a0\u00a0 \u00a0\u00a0 \u00a0\u00a0Pero, \u00a0adem\u00e1s de lo anterior, los resultados electorales informados \u00a0por \u00a0la \u00a0Registradur\u00eda \u00a0Nacional \u00a0del \u00a0estado civil evidencian el significativo \u00a0incremento \u00a0de \u00a0la \u00a0votaci\u00f3n a favor del doctor RAFAEL \u00a0ENRIQUE \u00a0CABALLERO \u00a0ADUEN \u00a0en desarrollo de su carrera \u00a0pol\u00edtica, \u00a0dentro \u00a0del \u00a0lapso \u00a0al cual hacen alusi\u00f3n los se\u00f1alamientos de sus \u00a0v\u00ednculos \u00a0 \u00a0con \u00a0 \u00a0Giraldo \u00a0 \u00a0Serna, \u00a0 pues \u00a0 \u00a0 de \u00a0 \u00a0 los \u00a0 \u00a033.669 \u00a0 \u00a0votos35 que obtuvo en las elecciones \u00a0de \u00a01990 en el departamento del Magdalena, cuando fue elegido Representante a la \u00a0C\u00e1mara, \u00a0que representaron el 12.99% de los sufragios v\u00e1lidos depositados, con \u00a0los \u00a0cuales \u00a0ocup\u00f3 \u00a0un \u00a0cuarto \u00a0lugar; en el proceso electoral de 1998 lleg\u00f3 a \u00a0ocupar \u00a0el \u00a0primer \u00a0lugar \u00a0entre los candidatos al Senado de la Rep\u00fablica en el \u00a0Magdalena \u00a0con \u00a054.418 \u00a0votos, esto es, el 21.20% de la votaci\u00f3n v\u00e1lida en ese \u00a0departamento \u00a0y \u00a0el \u00a088% \u00a0de \u00a0sus \u00a0votos \u00a0a \u00a0nivel nacional (61.830)36, \u00a0logrando \u00a0as\u00ed \u00a0su elecci\u00f3n distanci\u00e1ndose en m\u00e1s de 20.000 votos del segundo candidato \u00a0m\u00e1s votado en aquel departamento. \u00a0\u00a0<\/p>\n<p>\u00a0 \u00a0\u00a0 \u00a0\u00a0 \u00a0\u00a0Y \u00a0si \u00a0bien \u00a0es \u00a0cierto \u00a0la \u00a0votaci\u00f3n \u00a0obtenida \u00a0podr\u00eda \u00a0encontrar \u00a0explicaci\u00f3n \u00a0en \u00a0la \u00a0experiencia \u00a0y \u00a0la tradici\u00f3n pol\u00edtica del acusado, quien \u00a0desde \u00a01980 hab\u00eda ocupado cargos de elecci\u00f3n popular, seg\u00fan su injurada y los \u00a0documentos \u00a0electorales \u00a0allegados, tambi\u00e9n lo es que su mayor \u00e9xito lo obtuvo \u00a0en \u00a0la \u00a0regi\u00f3n en el tiempo en que las autodefensas campesinas bajo el mando de \u00a0Hern\u00e1n \u00a0Giraldo Serna ten\u00eda la injerencia militar, pol\u00edtica y de toda \u00edndole \u00a0que \u00a0destacan \u00a0los \u00a0testigos, \u00a0quienes \u00a0junto \u00a0al \u00a0mismo \u00a0advierten acerca de su \u00a0relaci\u00f3n \u00a0y \u00a0apoyo \u00a0en sus \u00faltimas aspiraciones pol\u00edticas, por lo que la Sala \u00a0encuentra \u00a0demostrado con nitidez el real acontecer del concierto para delinquir \u00a0agravado \u00a0 que \u00a0 se \u00a0 imput\u00f3 \u00a0 al \u00a0 doctor \u00a0CABALLERO \u00a0ADU\u00c9N, pues las anteriores pruebas a las que ahora se \u00a0a\u00fana \u00a0 la \u00a0 aceptaci\u00f3n \u00a0 que \u00a0 del \u00a0 cargo \u00a0hiciera \u00a0el \u00a0acusado \u00a0al \u00a0se\u00f1alar \u00a0que \u00a0\u201cdicha concertaci\u00f3n tuvo como \u00fanico objetivo \u00a0el \u00a0 \u00a0aspecto \u00a0 \u00a0exclusivamente \u00a0 electoral\u201d, \u00a0 sin \u00a0dubitaci\u00f3n alguna lo reflejan. \u00a0\u00a0<\/p>\n<p>5. \u00a0La conducta punible. \u00a0\u00a0<\/p>\n<p>La \u00a0 conducta \u00a0 imputada \u00a0 al \u00a0 procesado \u00a0RAFAEL \u00a0 \u00a0ENRIQUE \u00a0 \u00a0CABALLERO \u00a0 \u00a0ADU\u00c9N, \u00a0como \u00a0ya \u00a0se \u00a0dijo, \u00a0es \u00a0la de autor del delito de concierto para \u00a0delinquir \u00a0agravado, descrito en el Libro 2\u00ba, T\u00edtulo XII, art\u00edculo 340 inciso \u00a02\u00ba \u00a0del \u00a0C\u00f3digo Penal, modificado por el art\u00edculo 8\u00ba. de la Ley 733 de 2002, \u00a0cuyo texto normativo se\u00f1ala: \u00a0\u00a0<\/p>\n<p>\u201cArt\u00edculo \u00a0340. \u00a0Concierto \u00a0para \u00a0delinquir. Modificado L.733 de \u00a02002. \u00a0Cuando \u00a0varias personas se concierten con el fin de cometer delitos, cada \u00a0una \u00a0de \u00a0ellas ser\u00e1 penadas, por esas sola conducta, con prisi\u00f3n de tres (3) a \u00a0seis (6) a\u00f1os. \u00a0\u00a0<\/p>\n<p>\u201cCuando \u00a0el \u00a0concierto \u00a0sea \u00a0para cometer \u00a0delitos \u00a0 \u00a0de \u00a0 genocidio, \u00a0 desaparici\u00f3n \u00a0 forzada \u00a0 de \u00a0 personas, \u00a0 tortura, \u00a0desplazamiento \u00a0forzado, \u00a0homicidio, \u00a0terrorismo, \u00a0tr\u00e1fico \u00a0de drogas t\u00f3xicas, \u00a0estupefacientes \u00a0o \u00a0sustancias \u00a0sicotr\u00f3picas, \u00a0secuestro, \u00a0secuestro extorsivo, \u00a0extorsi\u00f3n, \u00a0enriquecimiento \u00a0il\u00edcito, \u00a0lavado \u00a0de \u00a0activos \u00a0o \u00a0testaferrato \u00a0y \u00a0conexos, \u00a0o para organizar, promover, armar o financiar grupos armados al margen \u00a0de \u00a0la \u00a0ley, \u00a0la pena ser\u00e1 de prisi\u00f3n de seis (6) a doce (12) a\u00f1os y multa de \u00a0dos \u00a0mil \u00a0(2.000) \u00a0hasta veinte mil (20.000) salarios m\u00ednimos legales mensuales \u00a0vigentes. \u00a0\u00a0<\/p>\n<p>\u201cLa \u00a0pena \u00a0privativa \u00a0de \u00a0la libertad se \u00a0aumentar\u00e1 \u00a0en \u00a0la \u00a0mitad \u00a0para quienes organicen, fomenten, promuevan, dirijan, \u00a0encabecen, \u00a0constituyan \u00a0o \u00a0financien \u00a0el \u00a0concierto \u00a0para delinquir\u201d. \u00a0\u00a0<\/p>\n<p>\u00a0 \u00a0\u00a0 \u00a0\u00a0 \u00a0\u00a0Imputaci\u00f3n \u00a0del \u00a0concierto que se hizo desde la \u00f3ptica del acuerdo \u00a0de \u00a0voluntades \u00a0para \u00a0promover \u00a0grupos \u00a0armados \u00a0al \u00a0margen de la ley; modalidad \u00a0propia \u00a0de \u00a0los \u00a0delitos \u00a0de peligro para cuya configuraci\u00f3n basta demostrar el \u00a0consenso \u00a0con \u00a0tal \u00a0finalidad, lo que representa mayor agravio al bien jur\u00eddico \u00a0respecto del que acuerda simple y llanamente cometer delitos. \u00a0\u00a0<\/p>\n<p>Y \u00a0es \u00a0que \u00a0cuando \u00a0un reconocido pol\u00edtico \u00a0acude \u00a0a reunirse en forma subrepticia o velada con el jefe de una organizaci\u00f3n \u00a0al \u00a0margen \u00a0de \u00a0la \u00a0ley, \u00a0y \u00a0obtiene \u00a0a \u00a0cambio el benepl\u00e1cito de \u00e9sta \u00faltima \u00a0\u2013lo \u00a0 que \u00a0 bien \u00a0puede \u00a0traducirse \u00a0de cualquier manera y no necesariamente en votaci\u00f3n a su favor como \u00a0colaboraci\u00f3n \u00a0a \u00a0sus \u00a0proyectos pol\u00edticos, como en este caso se aduce-, emerge \u00a0incuestionable \u00a0el \u00a0impulso \u00a0o \u00a0promoci\u00f3n de la misma por parte del primero, lo \u00a0cual \u00a0configura \u00a0el \u00a0acuerdo \u00a0ilegal \u00a0que \u00a0realiza el tipo de prohibici\u00f3n, como \u00a0aqu\u00ed \u00a0se demuestra y lo acepta con lujo de detalles el justiciable.\u00a0\u00a0 \u00a0\u00a0<\/p>\n<p>6. Individualizaci\u00f3n de la pena. \u00a0<\/p>\n<p>De \u00a0acuerdo \u00a0con \u00a0la \u00a0norma \u00a0transcrita, el \u00a0concierto \u00a0para \u00a0delinquir \u00a0agravado \u00a0por \u00a0el \u00a0cual \u00a0se \u00a0procede (inciso 2\u00ba del \u00a0art\u00edculo \u00a0340 de la Ley 599 de 2000) tiene prevista una pena de prisi\u00f3n de 6 a \u00a012 \u00a0a\u00f1os, \u00a0esto \u00a0es, de 72 a 144 meses, y multa que oscila entre 2.000 y 20.000 \u00a0salarios m\u00ednimos legales mensuales. \u00a0\u00a0<\/p>\n<p>As\u00ed las cosas, atendiendo los art\u00edculos 60 \u00a0y \u00a061 \u00a0ib\u00eddem, \u00a0los \u00a0cuartos punitivos quedar\u00edan estructurados de la siguiente \u00a0manera: \u00a0(i) \u00a0primer \u00a0cuarto: \u00a0prisi\u00f3n \u00a0de \u00a072 \u00a0a 90 meses y multa de 2.000 a 6.500 salarios mensuales legales \u00a0vigentes \u00a0(s.m.l.m.v.); (ii) segundo cuarto: \u00a0prisi\u00f3n \u00a0de \u00a090 \u00a0meses, \u00a01 \u00a0d\u00eda \u00a0a 108 meses y multa de 6.500 a \u00a010.750 \u00a0s.m.l.m.v.; \u00a0(iii) \u00a0tercer \u00a0cuarto: \u00a0prisi\u00f3n \u00a0de \u00a0108 \u00a0meses, \u00a01 d\u00eda a 126 meses y multa de 10.750 a \u00a015.000 \u00a0s.m.l.m.v.; \u00a0(iv) \u00a0\u00faltimo \u00a0cuarto: \u00a0prisi\u00f3n de 126 meses,\u00a0 1 d\u00eda y 144 meses y multa de 15.000 \u00a0a 20.000 s.m.l.m.v. \u00a0\u00a0<\/p>\n<p>Se \u00a0concluye, dado que en la resoluci\u00f3n de \u00a0acusaci\u00f3n \u00a0no \u00a0se imputaron agravantes gen\u00e9ricos, que en principio, el \u00e1mbito \u00a0de \u00a0movilidad \u00a0punitivo \u00a0se \u00a0ubica dentro del primer cuarto, es decir de 72 a 90 \u00a0meses \u00a0de \u00a0prisi\u00f3n y multa de 2.000 a 6.500 salarios m\u00ednimos legales mensuales \u00a0vigentes \u00a0y \u00a0dentro \u00a0de \u00e9l se impondr\u00e1 90 \u00a0meses \u00a0de \u00a0prisi\u00f3n \u00a0y \u00a06.500 \u00a0salarios \u00a0m\u00ednimos \u00a0legales \u00a0mensuales \u00a0de \u00a0multa, \u00a0atendiendo \u00a0la \u00a0gravedad \u00a0de \u00a0la \u00a0conducta \u00a0imputada, la naturaleza del bien jur\u00eddico lesionado \u00a0\u2013seguridad p\u00fablica-, por \u00a0cuya \u00a0v\u00eda se afectaron caros intereses colectivos y se interfiri\u00f3 en el normal \u00a0desarrollo \u00a0de los sistemas democr\u00e1ticos, con lo cual se defraud\u00f3 expectativas \u00a0leg\u00edtimas \u00a0de \u00a0los \u00a0asociados \u00a0en \u00a0quienes los han representado en la actividad \u00a0legislativa. \u00a0\u00a0<\/p>\n<p>Pero \u00a0como \u00a0RAFAEL \u00a0ENRIQUE \u00a0CABALLERO \u00a0ADU\u00c9N \u00a0se \u00a0acogi\u00f3 a la sentencia \u00a0anticipada \u00a0luego \u00a0de \u00a0celebrada \u00a0la \u00a0audiencia \u00a0preparatoria \u00a0y antes de quedar \u00a0ejecutoriado \u00a0el \u00a0auto \u00a0que \u00a0fij\u00f3 \u00a0fecha \u00a0para \u00a0la celebraci\u00f3n de audiencia de \u00a0juzgamiento, \u00a0atendido el principio de favorabilidad, procede una reducci\u00f3n que \u00a0oscila \u00a0entre \u00a0la sexta parte, un d\u00eda, y la tercera parte de la pena imponible, \u00a0seg\u00fan \u00a0lo \u00a0previsto \u00a0por el art\u00edculo 356.5 de la Ley 906 de 2004, por tratarse \u00a0de \u00a0una disposici\u00f3n de car\u00e1cter sustancial que regula una situaci\u00f3n similar a \u00a0la \u00a0contenida \u00a0en \u00a0la \u00a0Ley \u00a0600 \u00a0de \u00a02000, \u00a0m\u00e1s \u00a0benigna \u00a0al procesado y que no \u00a0representa \u00a0 \u00a0un \u00a0 instituto \u00a0 novedoso \u00a0 de \u00a0 imposible \u00a0 analog\u00eda37, y de acuerdo \u00a0con lo que ha sostenido la Sala: \u00a0\u00a0<\/p>\n<p>\u201cLa \u00a0aceptaci\u00f3n \u00a0incondicional \u00a0de \u00a0los \u00a0cargos \u00a0determinados en la audiencia de formulaci\u00f3n de imputaci\u00f3n comporta una \u00a0rebaja \u00a0de \u00a0hasta \u00a0la \u00a0mitad \u00a0de \u00a0la pena imponible (arts. 288.3 en conc. con el \u00a0351). \u00a0\u00a0<\/p>\n<p>La \u00a0aceptaci\u00f3n incondicional de cargos en \u00a0la \u00a0audiencia \u00a0preparatoria \u00a0implica una rebaja de hasta una tercera parte de la \u00a0pena (art. 356-5). \u00a0\u00a0<\/p>\n<p>La \u00a0admisi\u00f3n \u00a0de \u00a0cargos \u00a0determinados al \u00a0inicio \u00a0de \u00a0la \u00a0audiencia \u00a0del juicio oral implica una rebaja de una sexta parte \u00a0(art. 367 inc.2\u00b0). \u00a0\u00a0<\/p>\n<p>5. \u00a0La aceptaci\u00f3n de cargos en la fase de \u00a0instrucci\u00f3n, \u00a0esto \u00a0es, desde la indagatoria y hasta antes de la ejecutoria del \u00a0cierre \u00a0de \u00a0investigaci\u00f3n \u00a0(art\u00edculo \u00a040 \u00a0incisos \u00a01 \u00a0al \u00a04 \u00a0de la Ley 600) se \u00a0corresponde \u00a0con \u00a0la aceptaci\u00f3n pura de los cargos determinados en la audiencia \u00a0de \u00a0formulaci\u00f3n de imputaci\u00f3n (arts. 288.3 en conc. con el 351), dej\u00e1ndose en \u00a0claro \u00a0que \u00a0para \u00a0esta etapa la menor rebaja ser\u00e1 -por lo menos- de una tercera \u00a0parte \u00a0m\u00e1s \u00a0un \u00a0d\u00eda, \u00a0para \u00a0superar as\u00ed el m\u00e1ximo de la reducci\u00f3n se\u00f1alado \u00a0para \u00a0la \u00a0segunda \u00a0oportunidad. Y no hay duda que ese plus reductor (as\u00ed sea de \u00a0un \u00a0d\u00eda) \u00a0marca la diferencia favorable respecto de la r\u00edgida reducci\u00f3n de la \u00a0tercera parte reglada para la sentencia anticipada. \u00a0\u00a0<\/p>\n<p>El acogimiento a sentencia anticipada en la \u00a0causa, \u00a0vale \u00a0decir, \u00a0proferida \u00a0la \u00a0resoluci\u00f3n \u00a0acusatoria y hasta antes de la \u00a0firmeza \u00a0del \u00a0auto \u00a0que \u00a0se\u00f1ala \u00a0fecha \u00a0y \u00a0hora \u00a0para \u00a0audiencia de juzgamiento \u00a0(art\u00edculo \u00a040 \u00a0inciso \u00a05 \u00a0de \u00a0la \u00a0Ley 600) se asimila con el allanamiento a los \u00a0cargos \u00a0previsto \u00a0en \u00a0el \u00a0art\u00edculo \u00a0356-5 \u00a0de \u00a0la \u00a0Ley 906 de 2004, atendida la \u00a0correspondencia \u00a0existente \u00a0entre las dos fases del proceso dentro de las cuales \u00a0se \u00a0lleva \u00a0a \u00a0cabo la admisi\u00f3n, aclar\u00e1ndose igualmente que en esta oportunidad \u00a0la \u00a0menor \u00a0rebaja \u00a0ser\u00e1 -por lo menos- de una sexta parte m\u00e1s un d\u00eda, para de \u00a0esa \u00a0forma \u00a0superar \u00a0el \u00a0tope \u00a0m\u00e1ximo de la reducci\u00f3n prevista para la tercera \u00a0ocasi\u00f3n. \u00a0Asimismo, \u00a0no \u00a0vacila \u00a0el \u00a0juicio \u00a0para \u00a0afirmar que a\u00fan frente a la \u00a0recompensa \u00a0m\u00ednima, \u00a0\u00e9sta se muestra abiertamente m\u00e1s ventajosa que la octava \u00a0(fija) \u00a0prevista \u00a0para \u00a0la \u00a0sentencia \u00a0anticipada.\u201d \u00a038 \u00a0\u00a0<\/p>\n<p>Por lo anterior \u00a0no \u00a0puede ser de recibo la solicitud de rebaja de una tercera parte invocada por \u00a0el \u00a0 acusado \u00a0 CABALLERO \u00a0ADU\u00c9N, \u00a0 sino \u00a0 \u00a0que \u00a0 se \u00a0 fijar\u00e1 \u00a0 la \u00a0 misma \u00a0atendido \u00a0 el \u00a0\u00e1mbito \u00a0de \u00a0reducci\u00f3n \u00a0punitiva \u00a0arriba \u00a0citado \u00a0y \u00a0dado que su \u00a0aceptaci\u00f3n \u00a0 voluntaria, \u00a0libre \u00a0 e \u00a0 incondicional \u00a0 de \u00a0cargos \u00a0se \u00a0 hizo \u00a0 posterior \u00a0 a \u00a0 la \u00a0audiencia \u00a0preparatoria \u00a0cuando \u00a0ya \u00a0se \u00a0hab\u00eda \u00a0fijado \u00a0fecha para la audiencia p\u00fablica, \u00a0constituyendo, \u00a0 de \u00a0 todas \u00a0 formas, \u00a0 un \u00a0acto \u00a0de \u00a0aflicci\u00f3n que en t\u00e9rminos \u00a0sociales \u00a0invita \u00a0a \u00a0la reflexi\u00f3n, contribuye a la reconstrucci\u00f3n de la verdad \u00a0sobre \u00a0este \u00a0deplorable fen\u00f3meno delincuencial y previene a los asociados sobre \u00a0las \u00a0 consecuencias \u00a0jur\u00eddicas \u00a0de \u00a0cohonestar \u00a0con \u00a0similares \u00a0tipolog\u00edas \u00a0de \u00a0delincuencia \u00a0organizada, en \u00a0una \u00a0 \u00a0cuarta \u00a0 \u00a0parte \u00a0de \u00a0la pena correspondiente \u00a0y, \u00a0 \u00a0 \u00a0 \u00a0 \u00a0 \u00a0 en \u00a0 \u00a0 \u00a0 \u00a0 \u00a0 \u00a0 consecuencia, \u00a0 la \u00a0pena \u00a0privativa \u00a0de \u00a0libertad \u00a0 definitiva \u00a0imponible \u00a0a\u00a0 \u00a0 \u00a0 RAFAEL \u00a0 \u00a0 ENRIQUE \u00a0 \u00a0 CABALLERO \u00a0ADU\u00c9N \u00a0ser\u00e1 \u00a0de \u00a0sesenta \u00a0y \u00a0 \u00a0siete \u00a0 \u00a0 \u00a0 \u00a0 \u00a0 \u00a0 \u00a0 (67) \u00a0 meses \u00a0y \u00a0quince \u00a0(15) \u00a0d\u00edas \u00a0de \u00a0prisi\u00f3n, \u00a0y \u00a0multa \u00a0de \u00a0cuatro mil ochocientos setenta \u00a0y \u00a0 cinco \u00a0 (4.875) \u00a0 salarios \u00a0 m\u00ednimos \u00a0 legales \u00a0mensuales vigentes. \u00a0\u00a0<\/p>\n<p>Finalmente, \u00a0 de \u00a0 conformidad \u00a0 con \u00a0 lo \u00a0establecido \u00a0en \u00a0el art\u00edculo 52 del C\u00f3digo Penal, la Sala condenar\u00e1 al doctor \u00a0CABALLERO \u00a0ADU\u00c9N \u00a0a la pena \u00a0accesoria \u00a0 de \u00a0inhabilitaci\u00f3n \u00a0para \u00a0el \u00a0ejercicio \u00a0de \u00a0derechos \u00a0y \u00a0funciones \u00a0p\u00fablicas, \u00a0por \u00a0un \u00a0tiempo \u00a0igual \u00a0al \u00a0de \u00a0la \u00a0pena \u00a0privativa \u00a0de \u00a0la libertad \u00a0impuesta. \u00a0\u00a0<\/p>\n<p>7. La condena de ejecuci\u00f3n condicional y la \u00a0prisi\u00f3n domiciliaria. \u00a0\u00a0<\/p>\n<p>No hay lugar a la suspensi\u00f3n condicional de \u00a0la \u00a0ejecuci\u00f3n de la pena ni a su sustituci\u00f3n por la prisi\u00f3n domiciliaria, por \u00a0impedirlo \u00a0un requisito objetivo; en el primer caso porque la ley s\u00f3lo autoriza \u00a0el \u00a0subrogado \u00a0frente \u00a0a \u00a0la imposici\u00f3n de una pena de prisi\u00f3n no superior a 3 \u00a0a\u00f1os \u00a0y, \u00a0en \u00a0el \u00a0segundo, \u00a0porque \u00a0s\u00f3lo \u00a0es \u00a0viable \u00a0la consideraci\u00f3n de esa \u00a0sustituci\u00f3n \u00a0cuando la pena m\u00ednima prevista en la ley para el delito objeto de \u00a0la \u00a0condena \u00a0sea de 5 a\u00f1os o menos, acorde con lo establecido en los art\u00edculos \u00a063.1 \u00a0y \u00a038 \u00a0del \u00a0C\u00f3digo \u00a0Penal; \u00a0condiciones \u00a0que no se cumplen en el presente \u00a0caso. \u00a0\u00a0<\/p>\n<p>\u00a0 \u00a0\u00a0 \u00a0\u00a0 \u00a0Adicional \u00a0 a \u00a0ello, \u00a0desde \u00a0la \u00a0visi\u00f3n \u00a0subjetiva \u00a0 del \u00a0 comportamiento \u00a0 reprochado, \u00a0 la \u00a0 Corporaci\u00f3n \u00a0concibe \u00a0 \u00a0improcedente \u00a0 la \u00a0 prisi\u00f3n \u00a0domiciliaria \u00a0por \u00a0considerar \u00a0que se est\u00e1 en presencia de una conducta grave, \u00a0perpetrada \u00a0en \u00a0circunstancias \u00a0modales \u00a0que \u00a0aunque \u00a0solapadas representaron un \u00a0peligro \u00a0permanente \u00a0y \u00a0agobiante \u00a0para \u00a0grandes \u00a0n\u00facleos \u00a0sociales, que vieron \u00a0restringido \u00a0el ejercicio de las libertades p\u00fablicas \u00a0y \u00a0 afectados \u00a0 los \u00a0mecanismos \u00a0de \u00a0participaci\u00f3n \u00a0democr\u00e1tica, \u00a0 \u00a0 entre \u00a0 \u00a0otros \u00a0 \u00a0derechos \u00a0 \u00a0y \u00a0garant\u00edas, \u00a0 \u00a0desde \u00a0organizaciones \u00a0criminales \u00a0promovidas \u00a0por \u00a0servidores p\u00fablicos. En \u00a0consideraci\u00f3n \u00a0a esa gravedad de la \u00a0conducta \u00a0punible \u00a0y \u00a0con \u00a0el \u00a0fin \u00a0de \u00a0proteger a la \u00a0comunidad \u00a0 \u00a0 \u00a0 fue \u00a0 \u00a0 \u00a0 que \u00a0 \u00a0 \u00a0se \u00a0 \u00a0le \u00a0 impuso \u00a0 la \u00a0 medida \u00a0 de \u00a0aseguramiento \u00a0sin \u00a0beneficio de excarcelaci\u00f3n en la decisi\u00f3n mediante la cual \u00a0la \u00a0 \u00a0 \u00a0Sala \u00a0 \u00a0 profiri\u00f3 \u00a0 \u00a0 la \u00a0 \u00a0 resoluci\u00f3n \u00a0 \u00a0 de \u00a0 \u00a0 acusaci\u00f3n \u00a0 en \u00a0 donde \u00a0 expresamente \u00a0 se \u00a0dijo: \u00a0\u00a0<\/p>\n<p>\u201cSobre este aspecto y en relaci\u00f3n con el \u00a0delito \u00a0de \u00a0concierto para delinquir, la Sala, dentro \u00a0del \u00a0radicado \u00a026.942, frente a situaciones similares \u00a0expres\u00f3 lo siguiente: \u00a0\u00a0<\/p>\n<p>\u201cPara \u00a0 ser \u00a0 consecuente \u00a0 con \u00a0 las \u00a0definiciones \u00a0de \u00a0un derecho penal orientado a sus consecuencias dise\u00f1ado sobre \u00a0la \u00a0idea \u00a0de \u00a0protecci\u00f3n a bienes jur\u00eddicos fundamentales, el art\u00edculo 310 de \u00a0la \u00a0ley \u00a0906 \u00a0de \u00a02004 dispone que es esencial el an\u00e1lisis de la gravedad de la \u00a0conducta \u00a0para \u00a0verificar \u00a0el \u00a0peligro \u00a0sobre \u00a0la \u00a0comunidad. \u00a0Por \u00a0lo tanto, la \u00a0simetr\u00eda \u00a0entre \u00a0pena \u00a0y conducta es un buen criterio para explicar la gravedad \u00a0de \u00a0la \u00a0misma, debido a que considerando distintas modalidades de afecci\u00f3n a la \u00a0seguridad \u00a0p\u00fablica, \u00a0el \u00a0legislador \u00a0estim\u00f3 \u00a0al definir el delito de concierto \u00a0para \u00a0delinquir \u00a0que \u00a0la \u00a0lesividad \u00a0se magnifica por el riesgo que implican los \u00a0acuerdos \u00a0que \u00a0se \u00a0dirigen\u00a0 \u00a0a \u00a0promocionar \u00a0grupos armados al margen de la \u00a0ley. \u00a0\u00a0<\/p>\n<p>En \u00a0 efecto, \u00a0 adem\u00e1s \u00a0de \u00a0la \u00a0gravedad \u00a0intr\u00ednseca \u00a0del \u00a0comportamiento \u00a0que \u00a0se \u00a0refleja \u00a0en \u00a0la respuesta punitiva en \u00a0abstracto, \u00a0en \u00a0concreto \u00a0la \u00a0conducta que se imputa a los procesados refleja un \u00a0convenio \u00a0con una organizaci\u00f3n criminal cuya vocaci\u00f3n perturbadora no est\u00e1 en \u00a0discusi\u00f3n, \u00a0lo \u00a0que \u00a0hace \u00a0que \u00a0el \u00a0riesgo \u00a0para \u00a0la \u00a0comunidad sea mayor al de \u00a0quienes, \u00a0 sin \u00a0ocultar \u00a0su \u00a0gravedad, \u00a0en \u00a0el \u00a0primer \u00a0nivel \u00a0de \u00a0la \u00a0tipicidad \u00a0\u2018simplemente\u2019 \u00a0acuerdan cometer delitos, seg\u00fan la \u00a0escala \u00a0 estimativa \u00a0del \u00a0injusto \u00a0que \u00a0define \u00a0el \u00a0art\u00edculo \u00a0340 \u00a0del \u00a0c\u00f3digo \u00a0penal. \u00a0\u00a0<\/p>\n<p>En similar sentido, guardando la coherencia \u00a0propia \u00a0del \u00a0sistema, \u00a0el numeral 1 del art\u00edculo 310 de la ley 906 de 2004, que \u00a0sienta \u00a0las \u00a0bases \u00a0conceptuales \u00a0para \u00a0verificar \u00a0el peligro sobre la comunidad \u00a0atendiendo \u00a0la \u00a0gravedad \u00a0de \u00a0la conducta, permite igualmente destacar la manera \u00a0como \u00a0el \u00a0riesgo para el bien jur\u00eddico se incrementa, como ahora ocurre, cuando \u00a0de \u00a0 por \u00a0 medio \u00a0 est\u00e1 \u00a0 la \u00a0vinculaci\u00f3n \u00a0con \u00a0una \u00a0organizaci\u00f3n \u00a0ilegal.\u201d \u00a0\u00a0<\/p>\n<p>La gravedad de la conducta punible que se \u00a0imputa \u00a0al \u00a0ex \u00a0congresista \u00a0ENRIQUE RAFAEL CABALLERO \u00a0ADU\u00c9N permite inferir el \u00a0evidente \u00a0riesgo \u00a0para \u00a0la \u00a0comunidad \u00a0y \u00a0el \u00a0bien \u00a0jur\u00eddico \u00a0por \u00a0su \u00a0presunta \u00a0vinculaci\u00f3n \u00a0con \u00a0grupos \u00a0ilegales \u00a0\u2013 \u00a0delito \u00a0de \u00a0lesa \u00a0humanidad \u00a0&#8211; \u00a0que \u00a0tan \u00a0protuberante \u00a0da\u00f1o ha \u00a0ocasionado \u00a0a \u00a0la \u00a0sociedad \u00a0en \u00a0general, \u00a0de \u00a0manera \u00a0que se hace impostergable \u00a0decretar \u00a0 \u00a0 en \u00a0 \u00a0 su \u00a0 \u00a0 contra \u00a0 \u00a0la \u00a0 \u00a0detenci\u00f3n \u00a0 \u00a0preventiva.\u201d \u00a0\u00a0<\/p>\n<p>9.- Indemnizaci\u00f3n de perjuicios. \u00a0<\/p>\n<p>\u00a0 \u00a0\u00a0 \u00a0\u00a0 \u00a0Para \u00a0la Corte es claro que de acuerdo con el art\u00edculo 56 de la Ley \u00a0600 \u00a0de \u00a02000, \u00a0al \u00a0no \u00a0haberse \u00a0probado \u00a0que \u00a0se \u00a0hubiesen \u00a0causado \u00a0perjuicios \u00a0materiales y morales, no procede la condena por ese aspecto. \u00a0\u00a0<\/p>\n<p>10.- Otras decisiones. \u00a0<\/p>\n<p>De acuerdo con lo previsto en la Ley 906 de \u00a02004 \u00a0se \u00a0remitir\u00e1 el proceso al reparto de los Juzgados de Ejecuci\u00f3n de Penas \u00a0y \u00a0Medidas de Seguridad correspondiente, por ser de su competencia conocer de la \u00a0fase \u00a0de \u00a0ejecuci\u00f3n \u00a0del fallo cuando se trata de condenados que gozan de fuero \u00a0constitucional \u00a0 \u00a0 \u00a0 \u00a0 \u00a0 \u00a0 \u2013correspondi\u00e9ndole \u00a0la \u00a0segunda \u00a0instancia corresponde al respectivo \u00a0juez \u00a0 \u00a0 \u00a0 \u00a0 \u00a0 \u00a0de \u00a0 \u00a0 \u00a0 \u00a0 \u00a0 \u00a0conocimiento-39. \u00a0\u00a0<\/p>\n<p>Sobre las citas odontol\u00f3gicas del procesado \u00a0le \u00a0corresponde \u00a0decidir a las autoridades carcelarias, conforme con lo previsto \u00a0por el art\u00edculo 106 de la Ley 65 de 1993. \u00a0\u00a0<\/p>\n<p>En \u00a0m\u00e9rito de lo expuesto, la CORTE \u00a0SUPREMA \u00a0DE \u00a0JUSTICIA, \u00a0SALA \u00a0DE \u00a0CASACI\u00d3N PENAL, \u00a0administrando justicia en nombre de la Rep\u00fablica y por autoridad \u00a0de la Ley, \u00a0\u00a0<\/p>\n<p>R E S U E L V E: \u00a0<\/p>\n<p>PRIMERO.- \u00a0\u00a0 \u00a0\u00a0 \u00a0\u00a0 \u00a0\u00a0DECLARAR \u00a0penalmente \u00a0 responsable \u00a0a \u00a0RAFAEL \u00a0 \u00a0ENRIQUE \u00a0 \u00a0CABALLERO \u00a0 \u00a0ADU\u00c9N, \u00a0 de \u00a0 condiciones \u00a0 personales \u00a0y \u00a0civiles \u00a0consignadas \u00a0en \u00a0esta \u00a0providencia, \u00a0 en \u00a0 calidad \u00a0de \u00a0autor \u00a0responsable \u00a0del \u00a0delito \u00a0de \u00a0concierto \u00a0para \u00a0promover \u00a0grupos \u00a0armados \u00a0al margen de la ley, \u00a0previsto \u00a0en \u00a0el \u00a0inciso \u00a02\u00ba\u00a0 \u00a0del \u00a0art\u00edculo \u00a0340 \u00a0de \u00a0la \u00a0Ley \u00a0599 \u00a0de \u00a02000, \u00a0por \u00a0el \u00a0cual se le \u00a0formul\u00f3 y acept\u00f3 cargos. \u00a0\u00a0<\/p>\n<p>SEGUNDO.-\u00a0 \u00a0CONDENAR \u00a0a RAFAEL \u00a0 ENRIQUE \u00a0CABALLERO \u00a0ADU\u00c9N \u00a0a \u00a0las \u00a0 penas \u00a0 \u00a0 \u00a0 \u00a0 principales \u00a0 \u00a0 \u00a0 \u00a0de \u00a0 \u00a0 \u00a0 \u00a0sesenta \u00a0y \u00a0siete \u00a0(67) \u00a0meses \u00a0y quince (15) d\u00edas de prisi\u00f3n, y \u00a0multa \u00a0de \u00a0cuatro \u00a0mil \u00a0ochocientos \u00a0setenta \u00a0y \u00a0cinco (4.875) salarios m\u00ednimos \u00a0legales \u00a0mensuales \u00a0vigentes \u00a0para \u00a0el momento de la \u00a0comisi\u00f3n del hecho, a favor del Tesoro Nacional. \u00a0\u00a0<\/p>\n<p>TERCERO.- \u00a0\u00a0 \u00a0\u00a0 \u00a0\u00a0 \u00a0\u00a0NEGAR a \u00a0RAFAEL \u00a0 ENRIQUE \u00a0CABALLERO \u00a0ADU\u00c9N\u00a0 \u00a0la \u00a0suspensi\u00f3n \u00a0condicional \u00a0de \u00a0la \u00a0ejecuci\u00f3n \u00a0de \u00a0la pena y la \u00a0prisi\u00f3n \u00a0domiciliaria, \u00a0por \u00a0las \u00a0razones \u00a0expuestas en la parte motiva de esta \u00a0sentencia. \u00a0\u00a0<\/p>\n<p>CUARTO.-\u00a0 \u00a0DECLARAR \u00a0que no hay lugar a \u00a0la condena en perjuicios. \u00a0\u00a0<\/p>\n<p>SEXTO.- \u00a0En \u00a0firme \u00a0 esta \u00a0sentencia, \u00a0rem\u00edtase \u00a0la \u00a0actuaci\u00f3n \u00a0al \u00a0Juzgado \u00a0de \u00a0Ejecuci\u00f3n \u00a0de \u00a0Penas \u00a0y \u00a0Medidas de \u00a0Seguridad que corresponda, para lo de su cargo. \u00a0\u00a0<\/p>\n<p>OCTAVO.- \u00a0 La \u00a0Secretar\u00eda \u00a0de \u00a0la \u00a0Sala \u00a0enviar\u00e1 \u00a0las \u00a0copias \u00a0del \u00a0fallo \u00a0a las que alude el \u00a0art\u00edculo 472 del C. de P. Penal. \u00a0\u00a0<\/p>\n<p>NOVENO.- \u00a0A \u00a0las \u00a0autoridades \u00a0 carcelarias \u00a0 les \u00a0 corresponde \u00a0 decidir \u00a0 acerca \u00a0de \u00a0las \u00a0citas \u00a0odontol\u00f3gicas del condenado (art\u00edculo 106 C\u00f3digo Penitenciario). \u00a0\u00a0<\/p>\n<p>\u00a0 \u00a0\u00a0 \u00a0\u00a0 \u00a0Contra este fallo no procede recurso alguno. \u00a0\u00a0<\/p>\n<p>C\u00d3PIESE, \u00a0 \u00a0 \u00a0NOTIF\u00cdQUESE \u00a0 \u00a0 \u00a0Y \u00a0C\u00daMPLASE \u00a0\u00a0<\/p>\n<p>JAVIER ZAPATA ORTIZ \u00a0<\/p>\n<p>JOS\u00c9 \u00a0 \u00a0 \u00a0LEONIDAS \u00a0 \u00a0 \u00a0BUSTOS \u00a0MART\u00cdNEZ\u00a0\u00a0\u00a0\u00a0\u00a0\u00a0\u00a0\u00a0\u00a0\u00a0\u00a0\u00a0\u00a0\u00a0\u00a0\u00a0\u00a0\u00a0\u00a0\u00a0\u00a0 \u00a0FERNANDO ALBERTO CASTRO CABALLERO \u00a0\u00a0<\/p>\n<p>SIGIFREDO \u00a0 \u00a0 \u00a0 \u00a0 ESPINOSA \u00a0P\u00c9REZ\u00a0\u00a0\u00a0\u00a0\u00a0\u00a0\u00a0\u00a0\u00a0\u00a0\u00a0\u00a0\u00a0\u00a0\u00a0\u00a0\u00a0\u00a0\u00a0\u00a0\u00a0\u00a0\u00a0\u00a0\u00a0\u00a0\u00a0\u00a0\u00a0\u00a0\u00a0\u00a0\u00a0\u00a0\u00a0\u00a0\u00a0\u00a0\u00a0\u00a0\u00a0\u00a0\u00a0\u00a0\u00a0\u00a0\u00a0\u00a0\u00a0\u00a0\u00a0\u00a0\u00a0\u00a0\u00a0\u00a0\u00a0\u00a0\u00a0\u00a0\u00a0 \u00a0ALFREDO G\u00d3MEZ \u00a0QUINTERO\u00a0\u00a0\u00a0\u00a0\u00a0\u00a0\u00a0\u00a0\u00a0\u00a0\u00a0\u00a0\u00a0\u00a0\u00a0\u00a0\u00a0\u00a0\u00a0\u00a0\u00a0\u00a0\u00a0\u00a0\u00a0 \u00a0\u00a0<\/p>\n<p>\u00a0\u00a0 \u00a0<\/p>\n<p>MAR\u00cdA \u00a0 DEL \u00a0 ROSARIO \u00a0 GONZALEZ \u00a0 DE \u00a0LEMOS\u00a0\u00a0\u00a0\u00a0\u00a0\u00a0\u00a0\u00a0\u00a0\u00a0\u00a0\u00a0\u00a0\u00a0\u00a0\u00a0\u00a0\u00a0\u00a0\u00a0\u00a0\u00a0\u00a0\u00a0\u00a0\u00a0\u00a0\u00a0\u00a0\u00a0\u00a0\u00a0\u00a0 \u00a0AUGUSTO \u00a0 \u00a0 \u00a0 \u00a0 \u00a0 \u00a0 \u00a0 \u00a0 \u00a0 \u00a0 \u00a0 \u00a0 \u00a0 \u00a0 \u00a0 \u00a0J. \u00a0 \u00a0 \u00a0 \u00a0 \u00a0 \u00a0 \u00a0 \u00a0 \u00a0 \u00a0 \u00a0 \u00a0 \u00a0 \u00a0 \u00a0 IB\u00c1\u00d1EZ \u00a0GUZM\u00c1N\u00a0\u00a0\u00a0\u00a0\u00a0\u00a0\u00a0\u00a0\u00a0\u00a0\u00a0\u00a0\u00a0\u00a0\u00a0\u00a0\u00a0\u00a0\u00a0\u00a0\u00a0\u00a0\u00a0\u00a0\u00a0\u00a0\u00a0\u00a0\u00a0\u00a0\u00a0\u00a0\u00a0\u00a0\u00a0\u00a0\u00a0 \u00a0\u00a0<\/p>\n<p>JORGE \u00a0 \u00a0 \u00a0 LUIS \u00a0 \u00a0 \u00a0 QUINTERO \u00a0MILAN\u00c9S\u00a0\u00a0\u00a0\u00a0\u00a0\u00a0\u00a0\u00a0\u00a0\u00a0\u00a0\u00a0\u00a0\u00a0\u00a0\u00a0\u00a0\u00a0\u00a0\u00a0\u00a0\u00a0\u00a0\u00a0\u00a0\u00a0\u00a0\u00a0\u00a0\u00a0\u00a0\u00a0\u00a0\u00a0\u00a0\u00a0\u00a0\u00a0\u00a0 \u00a0JULIO ENRIQUE SOCHA SALAMANCA \u00a0\u00a0<\/p>\n<p>TERESA RUIZ N\u00da\u00d1EZ \u00a0<\/p>\n<p>\u00a0\u00a0\u00a0\u00a0\u00a0\u00a0\u00a0\u00a0\u00a0\u00a0\u00a0\u00a0\u00a0\u00a0\u00a0\u00a0\u00a0\u00a0\u00a0\u00a0\u00a0\u00a0\u00a0\u00a0\u00a0\u00a0\u00a0\u00a0\u00a0\u00a0\u00a0\u00a0\u00a0\u00a0\u00a0\u00a0\u00a0\u00a0\u00a0\u00a0\u00a0\u00a0\u00a0\u00a0\u00a0\u00a0\u00a0\u00a0\u00a0\u00a0\u00a0\u00a0\u00a0\u00a0\u00a0\u00a0\u00a0\u00a0\u00a0\u00a0\u00a0 \u00a0Secretaria \u00a0 \u00a0\u00a0<\/p>\n<p>1 Fls. \u00a039-42 c. o. 4. \u00a0\u00a0<\/p>\n<p>2 \u00a0Fls.\u00a0 145-173 c. o. 9. \u00a0\u00a0<\/p>\n<p>3 Fls. \u00a016-46 c. o. 12. \u00a0\u00a0<\/p>\n<p>4 Fl. 90 \u00a0c. o. 13. \u00a0\u00a0<\/p>\n<p>5 Fls. \u00a056-64 c. o. 14. \u00a0\u00a0<\/p>\n<p>6 Fls. \u00a01-151 c. o. 17. \u00a0\u00a0<\/p>\n<p>7 Fl. 7 \u00a0y 8 c. o. 18. \u00a0\u00a0<\/p>\n<p>8 Fls. \u00a044-88 c. o. 18. \u00a0\u00a0<\/p>\n<p>9 Fls. \u00a0109 y 110 c. o. 18. \u00a0\u00a0<\/p>\n<p>10 Fl. \u00a099 c. o. 18. \u00a0\u00a0<\/p>\n<p>11 Fl. \u00a098 ib\u00eddem. \u00a0\u00a0<\/p>\n<p>12 Fls. \u00a0205-219 c. o. 18. \u00a0\u00a0<\/p>\n<p>13 Fls. \u00a0222-229 c. o. 18. \u00a0\u00a0<\/p>\n<p>14 Fl. \u00a02 c. o. 19. \u00a0\u00a0<\/p>\n<p>15 Fls. \u00a05-7 c. o. 19. \u00a0\u00a0<\/p>\n<p>16 Fl. \u00a011 ib\u00eddem. \u00a0\u00a0<\/p>\n<p>17 \u00a0Sentencia C-425 de 1996 \u00a0\u00a0<\/p>\n<p>18 Que \u00a0se \u00a0desmoviliz\u00f3 \u00a0el 3 de febrero de 2006, seg\u00fan lo acreditado por la Fiscal\u00eda \u00a0de justicia y paz (fls. 220 y 221 c. o. 2). \u00a0\u00a0<\/p>\n<p>19 \u00a0Seg\u00fan lo expres\u00f3 en su injurada (fl. 148 c. o. 9 y 113 c. o. 12). \u00a0\u00a0<\/p>\n<p>20 \u00a0Sentencia 09\/09\/2009 Radicaci\u00f3n 31.943. \u00a0\u00a0<\/p>\n<p>21 Fl. \u00a07 c. o. 19. \u00a0\u00a0<\/p>\n<p>22 \u00a0CD. \u00a0\u00a0<\/p>\n<p>23 \u00a0\u201c(\u2026) \u00a0como en \u00a0el \u00a096 \u00a0que \u00a0ca\u00ed \u00a0preso \u00a0( \u00a0&#8230;) \u00a0 Otro \u00a0 como \u00a0 que \u00a0colabor\u00f3 \u00a0fue \u00a0ENRIQUE \u00a0CABALLERO \u00a0ADUEN \u00a0Y \u00a0TO\u00d1O \u00a0CABALLERO \u00a0hermano \u00a0de \u00a0\u00e9l \u00a0(\u2026) me conoc\u00ed con ellos porque eran amigo \u00a0(sic) \u00a0de HERNAN GIRALDO y \u00a0del \u00a0hermano \u00a0de \u00a0HERNAN GIRALDO el MONO (\u2026) \u00a0 \u00a0me \u00a0conoc\u00ed \u00a0 con \u00a0ellos \u00a0como \u00a0en \u00a0el \u00a087 \u00a0(\u2026) cuando yo \u00a0ca\u00ed \u00a0preso \u00a0se \u00a0abrieron \u00a0un \u00a0poco del grupo y ya despu\u00e9s le colaboraron fue a \u00a0HERNAN \u00a0 \u00a0GIRALDO \u00a0 \u201d. \u00a0Fl. 134-140 c. o. 3. \u00a0\u00a0<\/p>\n<p>24 \u00a0CD. \u00a0\u00a0<\/p>\n<p>25 CD \u00a0Versi\u00f3n \u00a0rendida \u00a0ante \u00a0la \u00a0Fiscal\u00eda \u00a0de justicia y paz el 18 de septiembre de \u00a02007. \u00a0\u00a0<\/p>\n<p>26Fls. \u00a022-26 c. o. 1\u00a0 y 100-108 c. o. 5 \u00a0\u00a0<\/p>\n<p>27 Fls. \u00a0111-132 c. o. 7 \u00a0\u00a0<\/p>\n<p>28 Fls. \u00a0178-188 c. o. 4. \u00a0\u00a0<\/p>\n<p>29 Fls. \u00a0145-173 c. o. 9 y 240-241 Anexo 1. \u00a0\u00a0<\/p>\n<p>30 \u00a0(Fls. 55-65 y 203-206 c. o. 1). \u00a0\u00a0<\/p>\n<p>31\u00a0 (Fls. 178-188 c. o. 4). \u00a0\u00a0<\/p>\n<p>32 \u00a0\u201cHERNAN \u00a0 \u00a0GIRALDO \u00a0 \u00a0SERNA, \u00a0 \u00e9l \u00a0 (Fls. 265-266 c. o. 4). \u00a0\u00a0<\/p>\n<p>33 Fls. \u00a047-48 c. o. 13. \u00a0\u00a0<\/p>\n<p>34 \u00a0(Versi\u00f3n 19\/09\/2007 hora 10:18:05). \u00a0\u00a0<\/p>\n<p>35 Fl. \u00a0269 c. o. 18 \u00a0\u00a0<\/p>\n<p>36 \u00a0P\u00e1gina web de la Registradur\u00eda Nacional del Estado Civil. \u00a0\u00a0<\/p>\n<p>37 \u00a0Sentencias \u00a0 08\/04\/2008 \u00a0 y \u00a0 16\/08\/2008, \u00a0 Radicados \u00a0 Nos. \u00a0 25306 \u00a0 y \u00a025304, \u00a0respectivamente. \u00a0\u00a0<\/p>\n<p>38 \u00a0Sentencia 28\/05\/2008 Radicaci\u00f3n 24.402. \u00a0\u00a0<\/p>\n<p>39 \u00a0Sentencia 31\/01\/06 Radicado No. 6989. \u00a0 \u00a0\u00a0<\/p>\n<p><\/p>\n","protected":false},"excerpt":{"rendered":"<p>\u00a0 \u00a0 \u00a0\u00a0 Proceso n.\u00ba 33416 \u00a0 CORTE SUPREMA DE JUSTICIA \u00a0 SALA DE CASACI\u00d3N PENAL \u00a0 Aprobado Acta No. 078 \u00a0 Bogot\u00e1, \u00a0D.C., nueve (9) de marzo de dos mil \u00a0once (2011) \u00a0\u00a0 VISTOS \u00a0 Procede la Sala a dictar sentencia anticipada \u00a0dentro \u00a0del \u00a0proceso \u00a0adelantado \u00a0contra ENRIQUE RAFAEL \u00a0CABALLERO \u00a0 ADU\u00c9N, \u00a0 quien [&hellip;]<\/p>\n","protected":false},"author":1,"featured_media":0,"comment_status":"open","ping_status":"open","sticky":false,"template":"","format":"standard","meta":{"footnotes":""},"categories":[19],"tags":[],"class_list":["post-21797","post","type-post","status-publish","format-standard","hentry","category-19"],"_links":{"self":[{"href":"https:\/\/dmsjuridica.com\/buscador_20179478954\/salapenalcronologico20230723\/wp-json\/wp\/v2\/posts\/21797","targetHints":{"allow":["GET"]}}],"collection":[{"href":"https:\/\/dmsjuridica.com\/buscador_20179478954\/salapenalcronologico20230723\/wp-json\/wp\/v2\/posts"}],"about":[{"href":"https:\/\/dmsjuridica.com\/buscador_20179478954\/salapenalcronologico20230723\/wp-json\/wp\/v2\/types\/post"}],"author":[{"embeddable":true,"href":"https:\/\/dmsjuridica.com\/buscador_20179478954\/salapenalcronologico20230723\/wp-json\/wp\/v2\/users\/1"}],"replies":[{"embeddable":true,"href":"https:\/\/dmsjuridica.com\/buscador_20179478954\/salapenalcronologico20230723\/wp-json\/wp\/v2\/comments?post=21797"}],"version-history":[{"count":0,"href":"https:\/\/dmsjuridica.com\/buscador_20179478954\/salapenalcronologico20230723\/wp-json\/wp\/v2\/posts\/21797\/revisions"}],"wp:attachment":[{"href":"https:\/\/dmsjuridica.com\/buscador_20179478954\/salapenalcronologico20230723\/wp-json\/wp\/v2\/media?parent=21797"}],"wp:term":[{"taxonomy":"category","embeddable":true,"href":"https:\/\/dmsjuridica.com\/buscador_20179478954\/salapenalcronologico20230723\/wp-json\/wp\/v2\/categories?post=21797"},{"taxonomy":"post_tag","embeddable":true,"href":"https:\/\/dmsjuridica.com\/buscador_20179478954\/salapenalcronologico20230723\/wp-json\/wp\/v2\/tags?post=21797"}],"curies":[{"name":"wp","href":"https:\/\/api.w.org\/{rel}","templated":true}]}}