{"id":21788,"date":"2023-09-12T16:32:15","date_gmt":"2023-09-12T16:32:15","guid":{"rendered":"https:\/\/dmsjuridica.com\/buscador_20179478954\/salapenalcronologico20230723\/2023\/09\/12\/3326019-01-11\/"},"modified":"2023-09-12T16:32:15","modified_gmt":"2023-09-12T16:32:15","slug":"3326019-01-11","status":"publish","type":"post","link":"https:\/\/dmsjuridica.com\/buscador_20179478954\/salapenalcronologico20230723\/2023\/09\/12\/3326019-01-11\/","title":{"rendered":"33260(19-01-11)"},"content":{"rendered":"\n<p>\u00a0 \u00a0 Proceso \u00a0 \u00a0 n.\u00ba \u00a033260 \u00a0\u00a0<\/p>\n<p>CORTE \u00a0 SUPREMA \u00a0 DE \u00a0JUSTICIA \u00a0\u00a0<\/p>\n<p>SALA \u00a0 DE \u00a0 CASACI\u00d3N \u00a0PENAL \u00a0\u00a0<\/p>\n<p>Aprobado \u00a0 acta \u00a0 No. \u00a08 \u00a0\u00a0<\/p>\n<p>Bogot\u00e1, \u00a0D. C., diecinueve (19) de enero de \u00a0dos mil once (2011). \u00a0\u00a0<\/p>\n<p>I. OBJETO DE LA DECISION: \u00a0<\/p>\n<p>\u00a0 \u00a0\u00a0 \u00a0\u00a0 \u00a0\u00a01. \u00a0Concluido \u00a0el \u00a0juicio, la Corte procede a emitir sentencia en el \u00a0proceso \u00a0adelantado contra el procesado OSCAR DE JES\u00daS \u00a0L\u00d3PEZ \u00a0CADAVID, \u00a0ex \u00a0gobernador \u00a0del departamento del \u00a0Guaviare, \u00a0acusado del delito \u00a0de concierto para delinquir agravado. \u00a0\u00a0<\/p>\n<p>\u00a0 \u00a0\u00a0 \u00a0\u00a0 \u00a0\u00a0 \u00a0 \u00a0 \u00a0 \u00a0 \u00a0 \u00a0 \u00a0 \u00a0\u00a0 \u00a0 \u00a0 \u00a0 \u00a0\u00a0 \u00a0 \u00a0 \u00a0 \u00a0\u00a0 \u00a0 \u00a0 \u00a0 \u00a0\u00a0II. \u00a0 \u00a0 \u00a0\u00a0 \u00a0 \u00a0 \u00a0\u00a0 \u00a0 \u00a0 \u00a0 \u00a0\u00a0HECHOS PROBADOS: \u00a0\u00a0<\/p>\n<p>\u00a0 \u00a0 \u00a0 \u00a0 \u00a0<\/p>\n<p>\u00a0 \u00a0\u00a0 \u00a0\u00a0 \u00a0\u00a02. \u00a0Para \u00a0mediados \u00a0del \u00a0a\u00f1o 2000, el comandante de las AUC VICENTE \u00a0CASTA\u00d1O \u00a0incursion\u00f3 \u00a0en \u00a0la regi\u00f3n de los Llanos Orientales con el prop\u00f3sito \u00a0de \u00a0resolver \u00a0algunos \u00a0conflictos que se generaron a ra\u00edz de las actividades de \u00a0los \u00a0grupos de autodefensas de esa zona del pa\u00eds, entre otros, la delimitaci\u00f3n \u00a0de \u00a0zonas \u00a0para \u00a0el accionar de los diversos frentes, motivo por el cual lo hizo \u00a0en \u00a0compa\u00f1\u00eda \u00a0de \u00a0varios \u00a0comandantes \u00a0paramilitares \u00a0tales como EFRAIN P\u00c9REZ \u00a0CARDONA, \u00a0 \u00a0 \u00a0 \u00a0 alias \u00a0 \u00a0 \u00a0 \u00a0 \u2018400\u2019; \u00a0JES\u00daS \u00a0IGNACIO \u00a0 \u00a0 ROLD\u00c1N, \u00a0 \u00a0 alias \u00a0 \u00a0 \u2018Monoleche\u2019, \u00a0\u00c9VER \u00a0 \u00a0 \u00a0VELOZA \u00a0 \u00a0 \u00a0alias \u00a0 \u00a0 \u00a0\u2018HH\u2019, \u00a0EMIRO \u00a0PEREIRA \u00a0 \u00a0 \u00a0RIVERA, \u00a0 \u00a0 alias \u00a0 \u00a0 \u2018Guevoepisca\u2019 o \u00a0\u2018Alfonso\u2019, \u00a0y otros importantes l\u00edderes de esa \u00a0agrupaci\u00f3n \u00a0armada ilegal, quienes se hospedaron en el municipio de Paratebueno \u00a0en \u00a0la \u00a0finca denominada \u201cVendaval\u201d de propiedad de NEBIO ECHEVERRY, a donde \u00a0acudieron \u00a0l\u00edderes \u00a0de la regi\u00f3n, entre otros, OSCAR DE JES\u00daS L\u00d3PEZ CADAVID, \u00a0primo \u00a0del anfitri\u00f3n principal y quien igualmente pose\u00eda una finca all\u00ed mismo \u00a0denominada \u201cSan Lorenzo\u201d.\u00a0 \u00a0\u00a0<\/p>\n<p>3. \u00a0Posteriormente, \u00a0en el a\u00f1o 2001, en los \u00a0departamentos \u00a0del Guaviare, Meta, Casanare y Cundinamarca, ya hac\u00edan presencia \u00a0entonces \u00a0 las \u00a0 Autodefensas \u00a0 Unidas \u00a0 de \u00a0 Colombia \u00a0(AUC) \u00a0con \u00a0los \u00a0bloques \u00a0\u201cCentauros\u201d, \u00a0\u201cH\u00e9roes \u00a0del \u00a0Llano\u201d \u00a0y \u00a0\u201cH\u00e9roes del Guaviare\u201d, este \u00a0\u00faltimo \u00a0comandado \u00a0por \u00a0PEDRO \u00a0OLIVEIRO \u00a0GUERRERO \u00a0CASTILLO, alias \u2018Cuchillo\u2019 \u00a0 \u00a0 \u00a0 \u00a0 o \u00a0 \u00a0 \u00a0 \u00a0 \u2018D\u00eddier\u2019, \u00a0que depend\u00edan de VICENTE CASTA\u00d1O, \u00a0uno de los m\u00e1ximos l\u00edderes de las Autodefensas. \u00a0\u00a0<\/p>\n<p>4. Conforme a lo consignado por la fiscal\u00eda, \u00a0en \u00a0ese \u00a0ambiente \u00a0de violencia e intimidaci\u00f3n, a mediados de enero de 2001 los \u00a0paramilitares \u00a0despojaron \u00a0al \u00a0se\u00f1or \u00a0LUIS \u00a0ARMANDO \u00a0RINC\u00d3N \u00a0de la finca \u201cLa \u00a0Argentina\u201d \u00a0ubicada \u00a0en el municipio de Trinidad (Casanare), y pese a no haber \u00a0permitido \u00a0 estos \u00a0 inicialmente \u00a0 la \u00a0enajenaci\u00f3n \u00a0del \u00a0predio \u00a0a \u00a0potenciales \u00a0compradores \u00a0 \u00a0como \u00a0 \u00a0LIBARDO \u00a0 \u00a0MUNEVAR \u00a0 \u00a0MORA1, \u00a0meses \u00a0despu\u00e9s \u00a0accedieron \u00a0para \u00a0que \u00a0fuera \u00a0adquirida \u00a0por \u00a0OSCAR \u00a0DE \u00a0JES\u00daS \u00a0L\u00d3PEZ \u00a0CADAVID \u00a0-quien para la \u00e9poca ostentaba el cargo \u00a0de \u00a0representante \u00a0a \u00a0la \u00a0C\u00e1mara- \u00a0y \u00a0su \u00a0socio \u00a0BENEDICTO \u00a0ROMERO, dedicado al \u00a0comercio \u00a0y \u00a0otras \u00a0actividades \u00a0particulares, quienes pudieron ejercer actos de \u00a0se\u00f1or\u00edo \u00a0sobre \u00a0el \u00a0inmueble sin dificultad alguna, no obstante la dominaci\u00f3n \u00a0que \u00a0sobre \u00a0el mismo ejerc\u00edan las autodefensas del Llano al mando, entre otros, \u00a0de \u00a0 \u00a0EMIRO \u00a0 \u00a0PEREIRA, \u00a0 \u00a0alias \u00a0 \u00a0\u2018Guevoepisca\u2019 o \u00a0\u2018Alfonso\u2019. \u00a0\u00a0<\/p>\n<p>5. \u00a0Posteriormente, el 29 de agosto de 2005, \u00a0mediante \u00a0escritura \u00a0p\u00fablica \u00a0n\u00fam. \u00a02.298 \u00a0de \u00a0la \u00a0Notar\u00eda \u00a049 de Bogot\u00e1, en \u00a0ejercicio \u00a0 de \u00a0 sus \u00a0 actividades \u00a0 privadas \u00a0 L\u00d3PEZ \u00a0CADAVID \u00a0constituy\u00f3 \u00a0la \u00a0\u201cSociedad de exploraci\u00f3n y exportaci\u00f3n minera del \u00a0llano \u00a0Ltda.\u201d, junto con otros socios. El 18 de mayo \u00a0de \u00a02006, \u00a0por \u00a0escritura p\u00fablica n\u00fam. 1.242 de la misma notar\u00eda, MARCO TULIO \u00a0LARGO \u00a0TORRES, \u00a0a \u00a0la saz\u00f3n socio de la empresa, extra\u00f1amente realiz\u00f3 cesi\u00f3n \u00a0de \u00a0su \u00a0cuota \u00a0parte al comandante paramilitar PEDRO OLIVEIRO GUERRERO CASTILLO, \u00a0alias \u00a0 \u00a0 \u00a0 \u00a0 \u00a0 \u00a0 \u00a0 \u00a0 \u00a0\u2018Cuchillo\u2019, y a \u00a0DIEGO \u00a0FERNANDO REND\u00d3N LAVERDE, alias \u2018Pipe\u2019, \u00a0convirti\u00e9ndose \u00a0en \u00a0consecuencia \u00a0estos \u00a0sujetos, a partir de all\u00ed2, en socios de \u00a0L\u00d3PEZ \u00a0CADAVID, \u00a0todo \u00a0lo \u00a0cual \u00a0fue \u00a0debidamente aprobado y autorizado por los \u00a0dem\u00e1s \u00a0socios, \u00a0quienes sentaron acta de reuni\u00f3n el d\u00eda 9 de mayo de 2006 con \u00a0ese prop\u00f3sito (Fl.222 c.o.2). \u00a0\u00a0<\/p>\n<p>6. Dichos personajes, para el 30 de agosto de \u00a02006 \u00a0y \u00a0el \u00a08 \u00a0de \u00a0septiembre \u00a0siguiente, \u00a0despu\u00e9s \u00a0de \u00a0haber \u00a0renunciado a la \u00a0desmovilizaci\u00f3n \u00a0y encontrarse en la clandestinidad3, \u00a0procedieron \u00a0a hacer entrega \u00a0nuevamente \u00a0mediante \u00a0acto \u00a0de cesi\u00f3n de sus cuotas4 \u00a0en la empresa minera aludida, \u00a0a \u00a0varios \u00a0sujetos, \u00a0entre \u00a0quienes se encontraba el se\u00f1or JOS\u00c9 ALBEIRO MEJ\u00cdA \u00a0GUTI\u00c9RREZ5 \u00a0\u00a0<\/p>\n<p>. \u00a0<\/p>\n<p>7. \u00a0Un a\u00f1o despu\u00e9s, en ese mismo contexto, \u00a0OSCAR \u00a0DE \u00a0JES\u00daS \u00a0L\u00d3PEZ CADAVID present\u00f3 su aspiraci\u00f3n a la Gobernaci\u00f3n del \u00a0departamento \u00a0del \u00a0Guaviare \u00a0para \u00a0el \u00a0per\u00edodo constitucional 2008 \u2013 \u00a02011. \u00a0Se \u00a0sabe \u00a0que en los primeros \u00a0meses \u00a0del \u00a0a\u00f1o \u00a02007, \u00a0es \u00a0decir, \u00a0antes \u00a0de \u00a0los \u00a0comicios \u00a0electorales, este \u00a0candidato \u00a0se \u00a0reuni\u00f3 \u00a0-seg\u00fan \u00a0testimonio \u00a0del tambi\u00e9n aspirante a gobernador \u00a0DAGOBERTO \u00a0SU\u00c1REZ MELO y otros acompa\u00f1antes como su t\u00edo PEDRO SU\u00c1REZ, ALIRIO \u00a0MU\u00d1ET\u00d3N \u00a0FEO \u00a0y \u00a0el \u00a0ex congresista GABRIEL D\u00cdAZ BERNAL-, en las caballerizas \u00a0del \u00a0 \u00a0municipio \u00a0 \u00a0de \u00a0 \u00a0San \u00a0 \u00a0Mart\u00edn \u00a0 \u00a0(Meta) \u00a0 \u00a0con \u00a0 alias \u00a0 \u2018Cuchillo\u2019 \u00a0quien hizo comparecer a SU\u00c1REZ MELO \u00a0para \u00a0recriminarlo \u00a0por \u00a0su \u00a0participaci\u00f3n \u00a0en \u00a0esa \u00a0contienda \u00a0electoral \u00a0y le \u00a0manifest\u00f3 \u00a0que \u00a0su \u00a0candidato para la misma era L\u00d3PEZ CADAVID; sin embargo, le \u00a0permiti\u00f3 \u00a0proseguir \u00a0con \u00a0su \u00a0aspiraci\u00f3n \u00a0siempre \u00a0que \u00a0no \u00a0tuviera \u00a0apoyo del \u00a0esmeraldero \u00a0y \u00a0paramilitar \u00a0YESID \u00a0NIETO, \u00a0quien \u00a0seg\u00fan se sabe, fue asesinado \u00a0posteriormente. \u00a0\u00a0<\/p>\n<p>8. Como consecuencia \u00a0l\u00f3gica \u00a0de \u00a0tales \u00a0acontecimientos, \u00a0OSCAR \u00a0DE JES\u00daS \u00a0L\u00d3PEZ \u00a0 CADAVID \u00a0 result\u00f3 \u00a0elegido \u00a0 Gobernador \u00a0del \u00a0departamento \u00a0del \u00a0Guaviare \u00a0para \u00a0el \u00a0per\u00edodo \u00a02008 \u00a0\u2013 \u00a02011, \u00a0gracias \u00a0a \u00a0los \u00a0nexos \u00a0y \u00a0a \u00a0la promoci\u00f3n de la organizaci\u00f3n ilegal liderada, entre otros, por \u00a0OLIVEIRO GUERRERO CASTILLO. \u00a0\u00a0<\/p>\n<p>\u00a0 \u00a0\u00a0 \u00a0\u00a0 \u00a0\u00a0 \u00a0 \u00a0 \u00a0 \u00a0 \u00a0 \u00a0\u00a0 \u00a0 \u00a0 \u00a0 \u00a0 \u00a0 \u00a0III. \u00a0FILIACI\u00d3N DEL ACUSADO: \u00a0\u00a0<\/p>\n<p>9. \u00a0OSCAR DE JES\u00daS \u00a0L\u00d3PEZ \u00a0 CADAVID. \u00a0 Se \u00a0 identifica \u00a0con \u00a0c\u00e9dula \u00a0de \u00a0ciudadan\u00eda \u00a0n\u00famero \u00a015.502.188, \u00a0naci\u00f3 en T\u00e1mesis (Antioquia) el 21 de junio \u00a0de \u00a0 1956, \u00a0hijo \u00a0de \u00a0Jos\u00e9 \u00a0L\u00f3pez \u00a0Bland\u00f3n \u00a0y \u00a0Argemira \u00a0Cadavid \u00a0de \u00a0L\u00f3pez, \u00a0divorciado, \u00a0padre \u00a0de \u00a0seis hijos, estudios de bachillerato, ha vivido la mayor \u00a0parte \u00a0de \u00a0su \u00a0vida \u00a0en \u00a0el \u00a0departamento del Guaviare a donde viaj\u00f3 siendo muy \u00a0joven \u00a0invitado \u00a0por su primo Nebio Echeverri quien se encontraba establecido en \u00a0San \u00a0Jos\u00e9 \u00a0del \u00a0Guaviare, incursion\u00f3 en pol\u00edtica con el Partido Conservador y \u00a0fue \u00a0representante \u00a0a \u00a0la \u00a0C\u00e1mara por dicho departamento durante tres per\u00edodos \u00a0del \u00a0a\u00f1o \u00a01991 \u00a0hasta \u00a0el \u00a02002, posteriormente Gobernador del Guaviare para el \u00a0per\u00edodo \u00a0constitucional 2008-2011, cargo al cual renunci\u00f3 y le fue aceptada la \u00a0misma \u00a0por \u00a0el Ministerio del Interior y de Justicia, mediante Decreto 4.910 del \u00a016 de diciembre de 2009. \u00a0\u00a0<\/p>\n<p>IV. \u00a0 \u00a0ACTUACI\u00d3N \u00a0PROCESAL: \u00a0\u00a0<\/p>\n<p>10. \u00a0Con \u00a0ocasi\u00f3n \u00a0de \u00a0estos \u00a0hechos, \u00a0el \u00a0mencionado \u00a0ex \u00a0gobernador \u00a0fue \u00a0vinculado \u00a0al \u00a0proceso \u00a0mediante \u00a0diligencia de \u00a0indagatoria \u00a0por la Fiscal\u00eda General de la Naci\u00f3n, resolvi\u00e9ndosele situaci\u00f3n \u00a0jur\u00eddica \u00a0el \u00a016 \u00a0de \u00a0marzo \u00a0de \u00a02009 con medida de aseguramiento de detenci\u00f3n \u00a0preventiva \u00a0 sin \u00a0beneficio \u00a0de \u00a0libertad \u00a0provisional \u00a0(folios \u00a01 \u00a0\u2013 83 \/ 3), medida que fue confirmada el \u00a023 \u00a0de \u00a0julio \u00a0de \u00a02009 \u00a0(folios \u00a0159 \u00a0\u2013 168 \/ 5). \u00a0\u00a0<\/p>\n<p>11. \u00a0El 20 de octubre de 2009 se decret\u00f3 la \u00a0clausura \u00a0del \u00a0ciclo instructivo (folio 220 \/ 6) y el 19 de noviembre siguiente, \u00a0el \u00a0Fiscal \u00a0General \u00a0de \u00a0la Naci\u00f3n calific\u00f3 el m\u00e9rito del sumario profiriendo \u00a0resoluci\u00f3n \u00a0de \u00a0acusaci\u00f3n por el delito de concierto \u00a0para \u00a0delinquir \u00a0agravado y precluyendo por el punible \u00a0de \u00a0corrupci\u00f3n de sufragante \u00a0(folios \u00a0130 \u00a0\u2013 176 \/ 7). \u00a0Contra \u00a0la \u00a0anterior \u00a0decisi\u00f3n \u00a0la \u00a0defensa \u00a0interpuso \u00a0recurso \u00a0de reposici\u00f3n \u00a0parcial6 \u00a0que \u00a0le \u00a0fue resuelto desfavorablemente mediante providencia del 7 \u00a0de \u00a0diciembre \u00a0de esa anualidad, con la que cobr\u00f3 ejecutoria el calificatorio y \u00a0en \u00a0la \u00a0que \u00a0tambi\u00e9n \u00a0se \u00a0dispuso \u00a0sobre \u00a0la \u00a0nulidad propuesta, neg\u00e1ndola por \u00a0extempor\u00e1nea. \u00a0\u00a0<\/p>\n<p>12. \u00a0 Ejecutoriada \u00a0 la \u00a0 resoluci\u00f3n \u00a0 de \u00a0acusaci\u00f3n, \u00a0la \u00a0Sala \u00a0de Casaci\u00f3n Penal de la Corte Suprema de Justicia avoc\u00f3 \u00a0el \u00a0conocimiento \u00a0(fol. 4 \/ 8) y corri\u00f3 el traslado del art\u00edculo 400 de la ley \u00a0600 de 2000. \u00a0\u00a0<\/p>\n<p>13. \u00a0Mediante \u00a0Decreto \u00a04.910 \u00a0del \u00a016 \u00a0de \u00a0diciembre \u00a0de 2009, el Ministerio del Interior y de Justicia acept\u00f3 la renuncia \u00a0presentada \u00a0por el Gobernador del departamento del Guaviare, doctor Oscar \u00a0de \u00a0Jes\u00fas \u00a0L\u00f3pez \u00a0Cadavid \u00a0(fl.26 \u00a0c.8). \u00a0\u00a0<\/p>\n<p>14. La audiencia p\u00fablica concluy\u00f3 el pasado \u00a029 de noviembre una vez se recaudaron las pruebas ordenadas. \u00a0\u00a0<\/p>\n<p>V. ALEGATOS DE LOS SUJETOS \u00a0PROCESALES \u00a0\u00a0<\/p>\n<p>\u00a0 \u00a0\u00a0 \u00a0\u00a0 \u00a0\u00a0De la Fiscal\u00eda General \u00a0de la Naci\u00f3n \u00a0\u00a0<\/p>\n<p>15. \u00a0El \u00a0se\u00f1or \u00a0Fiscal \u00a0General \u00a0de \u00a0la \u00a0Naci\u00f3n, \u00a0representado \u00a0por \u00a0el \u00a0Fiscal 7\u00ba delegado, solicit\u00f3 \u00a0sentencia \u00a0condenatoria \u00a0en \u00a0contra \u00a0del \u00a0procesado, \u00a0con base en los siguientes \u00a0argumentos: \u00a0\u00a0<\/p>\n<p>16. \u00a0En \u00a0primer \u00a0lugar, \u00a0postul\u00f3 \u00a0la \u00a0existencia de prueba indiciaria que milita en contra del procesado \u00a0a \u00a0partir \u00a0de \u00a0su \u00a0encuentro \u00a0con \u00a0VICENTE \u00a0CASTA\u00d1O \u00a0en la finca \u201cVendaval\u201d \u00a0ubicada \u00a0en \u00a0el municipio de Paratebueno, encontrando plenamente demostrado este \u00a0hecho \u00a0con\u00a0 \u00a0el \u00a0testimonio \u00a0de \u00a0\u00c9VER \u00a0VELOZA, \u00a0alias \u00a0\u2018HH\u2019, \u00a0 quien \u00a0enf\u00e1ticamente \u00a0sostuvo \u00a0haberlo \u00a0conocido \u00a0all\u00ed, e incluso se dio cuenta de la \u00a0gran \u00a0amistad \u00a0que \u00a0dichos \u00a0personajes \u00a0manten\u00edan, \u00a0pues CASTA\u00d1O se refer\u00eda a \u00a0aqu\u00e9l \u00a0 \u00a0 \u00a0 \u00a0 \u00a0 \u00a0como \u00a0 \u00a0 \u00a0 \u00a0 \u00a0 \u2018Chatarrito\u2019. \u00a0\u00a0<\/p>\n<p>17. Para el Delegado del \u00a0ente \u00a0acusador \u00a0el \u00a0testimonio \u00a0del desmovilizado jefe paramilitar resulta de la \u00a0mayor \u00a0 credibilidad \u00a0 pues \u00a0 ning\u00fan \u00a0 otro \u00a0 de \u00a0los \u00a0deponentes\u00a0 \u00a0logr\u00f3 \u00a0desacreditar \u00a0su \u00a0dicho, \u00a0resultando insuficiente lo aportado por DANIEL REND\u00d3N \u00a0HERRERA, \u00a0 \u00a0 \u00a0 \u00a0 \u00a0 alias \u00a0 \u00a0 \u00a0 \u00a0 \u00a0\u2018Don \u00a0Mario\u2019 \u00a0quien con el \u00e1nimo de restarle credibilidad lo \u00a0se\u00f1ala \u00a0como \u201cel extorsionista de la verdad\u201d, ya que si \u2018HH\u2019 \u00a0 hubiera \u00a0declarado \u00a0solo \u00a0para \u00a0perjudicar \u00a0a L\u00d3PEZ CADAVID perfectamente hubiera podido \u00a0involucrarlo \u00a0en diversos hechos delictivos y con personajes al margen de la ley \u00a0pero, \u00a0por \u00a0el contrario, se limit\u00f3 a decir lo que le constaba, esto es, que lo \u00a0vio \u00a0en \u00a0la \u00a0finca \u00a0a donde acudi\u00f3 VICENTE CASTA\u00d1O y que entre ellos exist\u00edan \u00a0excelentes \u00a0 relaciones \u00a0 evidenciadas \u00a0 en \u00a0 el \u00a0 trato \u00a0 efusivo \u00a0 y \u00a0amistoso \u00a0observado. \u00a0\u00a0<\/p>\n<p>18. \u00a0Bajo \u00a0tal \u00a0l\u00ednea \u00a0argumentativa, \u00a0el \u00a0Fiscal Delegado considera que los hechos acusan ya desde esa \u00a0\u00e9poca \u00a0el \u00a0estado \u00a0de \u00a0connivencia \u00a0que \u00a0se \u00a0reputa \u00a0entre \u00a0el \u00a0acusado \u00a0y \u00a0las \u00a0autodefensas de la denominada \u201cCasa Casta\u00f1o\u201d. \u00a0\u00a0<\/p>\n<p>19. \u00a0Seguidamente, \u00a0el \u00a0acusador \u00a0hizo \u00a0referencia \u00a0a \u00a0lo \u00a0relacionado con la adquisici\u00f3n por parte del \u00a0procesado \u00a0y \u00a0su \u00a0socio \u00a0BENEDICTO \u00a0ROMERO \u00a0de \u00a0la \u00a0finca \u00a0\u201cLa Argentina\u201d de \u00a0propiedad \u00a0del se\u00f1or ARMANDO RINC\u00d3N, predio este del cual los paramilitares lo \u00a0hab\u00edan \u00a0despojado \u00a0desde \u00a0mediados \u00a0del \u00a0mes de enero de 2001, hecho plenamente \u00a0probado \u00a0mediante \u00a0diversos \u00a0testimonios, \u00a0entre \u00a0otros, \u00a0el del \u201ccampesino\u201d \u00a0CAMPO \u00a0ANIBAL \u00a0CALA \u00a0L\u00d3PEZ \u00a0y \u00a0su cu\u00f1ado DIOSELINO ACOSTA, quienes al un\u00edsono \u00a0advirtieron \u00a0 \u00a0c\u00f3mo \u00a0 \u00a0ocurri\u00f3 \u00a0 \u00a0dicho \u00a0 \u00a0apoderamiento \u00a0 violento \u00a0 en \u00a0 esa \u00a0ocasi\u00f3n. \u00a0\u00a0<\/p>\n<p>20. Se\u00f1al\u00f3 tambi\u00e9n la \u00a0Fiscal\u00eda \u00a0que \u00a0el \u00a0se\u00f1or \u00a0MUNEVAR \u00a0MORA depuso sobre el punto, pues dijo haber \u00a0sido \u00a0desplazado \u00a0del \u00a0predio \u00a0en \u00a0cuesti\u00f3n por los paramilitares que ejerc\u00edan \u00a0se\u00f1or\u00edo \u00a0sobre \u00a0la \u00a0finca y no le permitieron continuar con la negociaci\u00f3n de \u00a0la \u00a0misma, \u00a0acto que s\u00ed le fue posible realizar al procesado y a su socio. Esto \u00a0sin \u00a0contar con el hecho indiscutible seg\u00fan el cual, el se\u00f1or GONZ\u00c1LO OROS le \u00a0habr\u00eda \u00a0dicho \u00a0a \u00a0ARMANDO \u00a0RINC\u00d3N \u00a0que \u00a0no \u00a0hab\u00eda \u00a0problema \u00a0por la presencia \u00a0paramilitar \u00a0en \u00a0\u201cLa \u00a0Argentina\u201d, \u00a0pues \u00a0los \u00a0compradores se encargar\u00edan de \u00a0ello. \u00a0\u00a0<\/p>\n<p>21. \u00a0Construye \u00a0nuevo \u00a0indicio \u00a0la \u00a0Fiscal\u00eda \u00a0que \u00a0gravita \u00a0sobre \u00a0el acusado a partir de la relaci\u00f3n \u00a0societaria \u00a0que \u00a0se \u00a0cre\u00f3\u00a0 \u00a0entre \u00a0\u00e9ste \u00a0y \u00a0los \u00a0se\u00f1ores \u00a0PEDRO OLIVEIRO \u00a0GUERRERO \u00a0 \u00a0 \u00a0CASTILLO, \u00a0 \u00a0 \u00a0alias \u00a0 \u00a0 \u2018Cuchillo, \u00a0y \u00a0DIEGO \u00a0FERNANDO \u00a0RINC\u00d3N \u00a0LAVERDE, \u00a0alias \u00a0\u2018Pipe, \u00a0pues, \u00a0seg\u00fan \u00a0dijo, est\u00e1 probado documental y testimonialmente la existencia de dicha \u00a0sociedad \u00a0empresarial, \u00a0la \u00a0cual \u00a0permite \u00a0entrever \u00a0que entre estos sujetos s\u00ed \u00a0exist\u00edan \u00a0relaciones \u00a0de \u00a0amistad, \u00a0y por ello no debe darse credibilidad a los \u00a0argumentos \u00a0defensivos mediante los cuales se pretende deslegitimar la prueba en \u00a0cuesti\u00f3n, \u00a0pues \u00a0si \u00a0en \u00a0realidad, como lo aseguran defensa y sindicado, L\u00d3PEZ \u00a0CADAVID \u00a0no \u00a0estaba de acuerdo con el ingreso de dichos sujetos a su empresa, ha \u00a0debido \u00a0negarse \u00a0a \u00a0suscribir dicha cesi\u00f3n de cuotas o por lo menos renunciar a \u00a0la \u00a0asociaci\u00f3n, \u00a0pero \u00a0esto \u00a0jam\u00e1s \u00a0ocurri\u00f3, \u00a0por \u00a0ello, \u00a0no \u00a0resultan \u00a0ahora \u00a0admisibles \u00a0las \u00a0apreciaciones \u00a0de \u00a0poca \u00a0simpat\u00eda que supuestamente sinti\u00f3 el \u00a0procesado \u00a0cuando \u00a0dichos \u00a0sujetos \u00a0ingresaron \u00a0a \u00a0la empresa y por el contrario \u00a0constituyen \u00a0otra \u00a0evidencia \u00a0de \u00a0sus \u00a0relaciones \u00a0con \u00a0las \u00a0autodefensas de los \u00a0Llanos. \u00a0\u00a0<\/p>\n<p>22. \u00a0En este punto, hizo \u00a0referencia \u00a0al \u00a0sujeto \u00a0ALBEIRO \u00a0MEJ\u00cdA \u00a0quien precisamente fue la persona que a \u00a0nombre \u00a0de \u00a0L\u00d3PEZ \u00a0CADAVID lleg\u00f3 hasta donde FREDDY VELOZA GARC\u00cdA, hermano de \u00a0\u2018HH\u2019, \u00a0 para \u00a0pedirle \u00a0que \u00a0hablara con \u00e9l a fin de que variara su versi\u00f3n en Justicia y Paz \u00a0respecto \u00a0de OSCAR L\u00d3PEZ, y dijera all\u00ed que se trataba de alguien diferente al \u00a0gobernador \u00a0del \u00a0Guaviare, \u00a0solicitud \u00a0esta \u00a0ante \u00a0la \u00a0cual \u00a0no \u00a0accedi\u00f3 FREDDY \u00a0\u2018Loratuerta\u2019.\u00a0\u00a0 \u00a0\u00a0<\/p>\n<p>23. \u00a0Finalmente, \u00a0hizo \u00a0alusi\u00f3n \u00a0a \u00a0la amenaza de la cual fue v\u00edctima DAGOBERTO SU\u00c1REZ MELO por parte \u00a0del \u00a0 \u00a0 \u00a0 \u00a0sujeto \u00a0 \u00a0 \u00a0 \u00a0alias \u00a0 \u00a0 \u00a0 \u2018Cuchillo\u2019, \u00a0de quien, \u00a0asegura, \u00a0s\u00ed se encontraba en el municipio de San Mart\u00edn (Meta) para la \u00e9poca \u00a0referida, \u00a0esto \u00a0es, para los primeros meses del 2007, pues ninguno de los aqu\u00ed \u00a0deponentes, \u00a0quienes \u00a0ejerc\u00edan \u00a0como \u00a0miembros \u00a0de \u00a0la \u00a0fuerza p\u00fablica para el \u00a0momento \u00a0en \u00a0ese \u00a0lugar, \u00a0negaron \u00a0tal situaci\u00f3n, solo dijeron no recordar o no \u00a0estar \u00a0seguros \u00a0de \u00a0ello, \u00a0adem\u00e1s \u00a0nada \u00a0imped\u00eda que alias \u2018Cuchillo\u2019 \u00a0 hiciera \u00a0presencia \u00a0en \u00a0ese \u00a0lugar \u00a0en \u00a0la \u00a0fecha referida, pues incluso era demasiado el \u00a0territorio \u00a0por cubrir con la fuerza disponible del Ej\u00e9rcito, prueba de ello es \u00a0que \u00a0hasta \u00a0hoy \u00a0no \u00a0ha \u00a0sido \u00a0posible \u00a0la captura de dicho sujeto quien a\u00fan se \u00a0encuentra delinquiendo tranquilamente en la regi\u00f3n. \u00a0\u00a0<\/p>\n<p>24. \u00a0As\u00ed \u00a0las \u00a0cosas, \u00a0conforme \u00a0a \u00a0los argumentos expuestos en audiencia, el Fiscal Delegado solicit\u00f3 \u00a0la \u00a0 \u00a0 correspondiente \u00a0 \u00a0 sentencia \u00a0 \u00a0condenatoria \u00a0 \u00a0para \u00a0 \u00a0el \u00a0 \u00a0procesado. \u00a0\u00a0<\/p>\n<p>\u00a0 \u00a0\u00a0 \u00a0\u00a0 \u00a0\u00a0De \u00a0 \u00a0 \u00a0 la \u00a0Procuradur\u00eda. \u00a0\u00a0<\/p>\n<p>25. \u00a0En similar sentido, \u00a0durante \u00a0la \u00a0audiencia \u00a0p\u00fablica \u00a0pidi\u00f3 a la Corte condenar al acusado OSCAR DE \u00a0JES\u00daS \u00a0L\u00d3PEZ \u00a0CADAVID, \u00a0como \u00a0\u201cautor \u00a0doloso \u00a0y responsable\u201d del delito de \u00a0concierto \u00a0para \u00a0delinquir orientado a la promoci\u00f3n de grupos armados ilegales, \u00a0discurriendo en su intervenci\u00f3n as\u00ed : \u00a0\u00a0<\/p>\n<p>26. Las relaciones entre \u00a0el \u00a0procesado \u00a0y \u00a0los \u00a0paramilitares \u00a0est\u00e1n \u00a0plenamente probadas en el plenario \u00a0mediante \u00a0 \u00a0el \u00a0 testimonio \u00a0 de \u00a0 \u00c9VER \u00a0 VELOZA, \u00a0 alias \u00a0 \u2018HH\u2019, \u00a0 pues \u00a0efectivamente \u00a0acudi\u00f3 \u00a0a \u00a0esa \u00a0\u201ccumbre \u00a0paramilitar\u201d \u00a0a \u00a0la cual asistieron \u00a0varios \u00a0dirigentes \u00a0de \u00a0las \u00a0autodefensas \u00a0dirigidas \u00a0por VICENTE CASTA\u00d1O, para \u00a0delimitar las zonas de su accionar. \u00a0\u00a0<\/p>\n<p>27. \u00a0A \u00a0tal punto fueron \u00a0dichas \u00a0relaciones \u00a0que \u00a0aunque \u00a0se diga por algunos que no se conoc\u00edan VICENTE \u00a0CASTA\u00d1O \u00a0y \u00a0L\u00d3PEZ \u00a0CADAVID, \u00a0lo cierto es que el mismo EFRA\u00cdN P\u00c9REZ CARDONA, \u00a0alias \u00a0\u2018400\u2019, \u00a0\u201cpernoct\u00f3 en descanso con \u00a0su \u00a0esposa \u00a0y \u00a0sus \u00a0hijos en la finca \u201cSan Lorenzo\u201d de propiedad de OSCAR DE \u00a0JES\u00daS \u00a0L\u00d3PEZ \u00a0CADAVID \u00a0y \u00a0BENEDICTO \u00a0ROMERO \u00a0BARRERA, \u00a0y \u00a0nadie, menos un jefe \u00a0paramilitar, \u00a0 se \u00a0 queda \u00a0 en \u00a0 un \u00a0lugar \u00a0sin \u00a0seguridad\u2026\u201d. \u00a0\u00a0<\/p>\n<p>28. \u00a0A \u00a0m\u00e1s \u00a0de \u00a0ello, \u00a0sostuvo \u00a0el \u00a0Ministerio \u00a0P\u00fablico, se debe tener en cuenta que la finca en donde \u00a0se \u00a0celebr\u00f3 \u00a0esa \u00a0\u201ccumbre \u00a0paramilitar\u201d \u00a0es \u00a0de \u00a0NEBIO ECHEVERRY, primo del \u00a0procesado, \u00a0y \u00a0fue \u00a0NEBIO quien contribuy\u00f3 con los paramilitares con la suma de \u00a0400 \u00a0millones \u00a0de \u00a0pesos, \u00a0seg\u00fan \u00a0lo \u00a0inform\u00f3 \u00a0DANIEL \u00a0REND\u00d3N \u00a0HERRERA, alias \u00a0\u2018Don \u00a0Mario\u2019. \u00a0\u00a0<\/p>\n<p>29. \u00a0Igualmente \u00a0sostuvo \u00a0este \u00a0sujeto \u00a0procesal \u00a0que \u00a0era \u00a0costumbre \u00a0de \u00a0los paramilitares dirigidos por \u00a0VICENTE \u00a0CASTA\u00d1O el apoderarse de muchas propiedades se\u00f1alando a sus titulares \u00a0de \u00a0auxiliadores \u00a0de la guerrilla, y ese fue el motivo por el cual despojaron de \u00a0sus \u00a0tierras \u00a0a \u00a0ARMANDO \u00a0RINC\u00d3N, \u00a0y \u00a0por esa raz\u00f3n el testigo LIBARDO MUNEVAR \u00a0asegur\u00f3 \u00a0que \u00a0al \u00a0enterarse \u00a0de \u00a0la \u00a0situaci\u00f3n \u00a0del predio no la quer\u00eda \u201cni \u00a0regalada\u201d, \u00a0pues \u00a0era \u00a0de \u00a0p\u00fablico \u00a0conocimiento que estaba \u201ctomada por los \u00a0paramilitares\u201d, \u00a0a\u00fan \u00a0as\u00ed, y pese a las discrepancias con el se\u00f1or RINC\u00d3N, \u00a0MUNEVAR \u00a0expres\u00f3 \u00a0estar \u00a0contento con la compra de la otra finca que le vendi\u00f3 \u00a0aquel llamada \u201cLa Patagonia\u201d. \u00a0\u00a0<\/p>\n<p>30. En el mismo sentido ha \u00a0de \u00a0tenerse \u00a0en \u00a0cuenta, dijo, que fue BENEDICTO ROMERO quien le hizo entrega de \u00a0400 \u00a0millones \u00a0de \u00a0pesos \u00a0al \u00a0comandante \u00a0paramilitar \u00a0para que le permitiera la \u00a0negociaci\u00f3n \u00a0de \u00a0\u201cLa \u00a0Argentina\u201d, \u00a0por \u00a0ello \u00a0el \u00a0testigo CAMPO ANIBAL CALA \u00a0L\u00d3PEZ \u00a0refiri\u00f3 \u00a0que \u00a0tan \u00a0pronto compr\u00f3 L\u00d3PEZ CADAVID el predio en menci\u00f3n, \u00a0salieron \u00a0 los \u00a0 paramilitares \u00a0 y \u00a0 por \u00a0 ello \u00a0 pudo \u00a0disfrutar \u00a0la \u00a0propiedad \u00a0tranquilamente. \u00a0\u00a0<\/p>\n<p>31. \u00a0 Continu\u00f3 \u00a0 sus \u00a0alegaciones \u00a0aludiendo a la sociedad en la empresa minera del Llano de propiedad \u00a0del \u00a0procesado, \u00a0con \u00a0los \u00a0sujetos \u00a0alias \u00a0\u2018Cuchillo\u2019 \u00a0y \u00a0alias \u00a0\u2018Pipe\u2019, \u00a0quienes \u00a0siendo \u00a0desmovilizados \u00a0para \u00a0el \u00a0momento \u00a0de \u00a0tal \u00a0incorporaci\u00f3n \u00a0empresarial, \u00a0proven\u00edan \u00a0de las autodefensas, motivo por el cual si L\u00d3PEZ CADAVID no quer\u00eda \u00a0dicha \u00a0asociaci\u00f3n, \u00a0se \u00a0pregunta, \u00a0\u00bfcu\u00e1l es la raz\u00f3n entonces para que no se \u00a0opusiera o renunciara a la sociedad? \u00a0\u00a0<\/p>\n<p>32. Expres\u00f3 tambi\u00e9n que \u00a0es \u00a0de \u00a0destacar el hecho de que dichos comandantes paramilitares asociados a la \u00a0empresa, \u00a0al \u00a0momento \u00a0de \u00a0dejar la misma por similar procedimiento al utilizado \u00a0meses \u00a0antes \u00a0para \u00a0su \u00a0incorporaci\u00f3n, cedieron sus acciones a algunas personas \u00a0entre \u00a0quienes estaban ALBEIRO MEJ\u00cdA, quien fue la persona que abord\u00f3 a FREDDY \u00a0VELOZA \u00a0 a \u00a0 fin \u00a0 de \u00a0 convencerlo \u00a0para \u00a0que \u00a0hablara \u00a0con \u00a0su \u00a0hermano \u00a0alias \u00a0\u2018HH\u2019 y le pidiera \u00a0que \u00a0variara \u00a0su \u00a0versi\u00f3n \u00a0respecto \u00a0del \u00a0conocimiento \u00a0de \u00a0OSCAR \u00a0L\u00d3PEZ \u00a0y lo \u00a0mencionara \u00a0 \u00a0 como \u00a0 \u00a0 un \u00a0 \u00a0 sujeto \u00a0 \u00a0 distinto \u00a0 \u00a0 al \u00a0 \u00a0 gobernador \u00a0 \u00a0 del \u00a0Guaviare. \u00a0\u00a0<\/p>\n<p>33. Recalc\u00f3 en la fecha \u00a0de \u00a0 dicha \u00a0 cesi\u00f3n \u00a0 de \u00a0 acciones \u00a0efectuada \u00a0por \u00a0alias \u00a0\u2018Cuchillo\u2019 \u00a0 \u00a0 y \u00a0alias\u2019 \u00a0 \u00a0Pipe\u2019, \u00a0pues esta \u00a0ocurri\u00f3 \u00a0el \u00a030 \u00a0de \u00a0agosto \u00a0de \u00a02006 \u00a0y \u00a0seg\u00fan\u00a0 \u00a0aparece \u00a0probado con el \u00a0testimonio \u00a0 \u00a0 \u00a0 de \u00a0 \u00a0 \u00a0 alias \u00a0 \u00a0 \u00a0 \u2018Pirata\u2019, \u00a0 dijo, \u00a0\u2018Cuchillo\u2019 desde el 18 \u00a0de \u00a0agosto \u00a0ya \u00a0se \u00a0encontraba \u00a0nuevamente \u00a0en \u00a0la \u00a0clandestinidad, \u00a0adem\u00e1s \u00a0la \u00a0protocolizaci\u00f3n \u00a0 \u00a0de \u00a0 \u00a0ese \u00a0 \u00a0acto \u00a0 \u00a0jur\u00eddico \u00a0 \u00a0fue \u00a0 en \u00a0 septiembre \u00a0 de \u00a02006. \u00a0\u00a0<\/p>\n<p>34. \u00a0Desestim\u00f3 la tesis \u00a0propugnada \u00a0por \u00a0la \u00a0bancada \u00a0defensiva para hacer ver la acci\u00f3n del sujeto que \u00a0retuvo \u00a0a \u00a0DAGOBERTO \u00a0SU\u00c1REZ en el municipio de San Mart\u00edn a comienzos de 2007 \u00a0como \u00a0 un \u00a0 \u201cret\u00e9n\u201d7, \u00a0y \u00a0con \u00a0ello \u00a0salirle \u00a0al \u00a0paso \u00a0a \u00a0los hechos ventilados en el decurso procesal en \u00a0tanto \u00a0se\u00f1alan \u00a0que \u00a0en \u00a0los primeros meses del a\u00f1o 2007 fueron abordados a la \u00a0altura \u00a0del \u00a0Municipio \u00a0de \u00a0San Mart\u00edn (Meta), el se\u00f1or DAGOBERTO SUAREZ y sus \u00a0acompa\u00f1antes, \u00a0por \u00a0una \u00a0pesona \u00a0que \u00a0les \u00a0atravez\u00f3 \u00a0la \u00a0moto \u00a0con \u00a0el \u00a0fin de \u00a0conducirlos \u00a0hasta \u00a0donde \u00a0se \u00a0encontraba alias \u201cCuchillo\u201d, pues en concepto \u00a0del \u00a0Ministerio P\u00fablico jam\u00e1s puede tenerse tal acci\u00f3n como un acto similar a \u00a0un \u00a0ret\u00e9n, considerando que los hechos se desarrollaron de manera moment\u00e1nea y \u00a0sin \u00a0 amenazas, \u00a0a \u00a0tal \u00a0punto \u00a0que \u00a0por \u00a0ello \u00a0DAGOBERTO \u00a0SU\u00c1REZ \u00a0accedi\u00f3 \u00a0al \u00a0requerimiento \u00a0 \u00a0del \u00a0 \u00a0sujeto, \u00a0 \u00a0siempre \u00a0 \u00a0que \u00a0 fuera \u00a0 en \u00a0 el \u00a0 per\u00edmetro \u00a0urbano. \u00a0\u00a0<\/p>\n<p>35. Destaca el Ministerio \u00a0P\u00fablico \u00a0 \u00a0que \u00a0 \u00a0el \u00a0 \u00a0temor \u00a0 \u00a0de \u00a0 \u00a0\u2018Cuchillo\u2019 \u00a0era \u00a0por \u00a0cuanto \u00a0pensaba \u00a0que SU\u00c1REZ MELO quer\u00eda introducir en la zona de San Mart\u00edn a \u00a0YESID \u00a0NIETO, \u00a0\u201cparamilitar \u00a0de \u00a0su \u00a0mismo \u00a0linaje\u201d y por eso lo amenaz\u00f3 de \u00a0muerte \u00a0si \u00a0ello \u00a0ocurr\u00eda, \u00a0pero la presencia de GUERRERO CASTILLO en ese lugar \u00a0para \u00a0esa \u00a0\u00e9poca \u00a0est\u00e1 \u00a0plenamente probada mediante tales testimonios de seria \u00a0credibilidad \u00a0y \u00a0nadie \u00a0desvirtu\u00f3 \u00a0los \u00a0mismos, \u00a0por \u00a0ello finaliz\u00f3 su alegato \u00a0solicitando la correspondiente sentencia condenatoria. \u00a0\u00a0<\/p>\n<p>Del \u00a0 \u00a0 \u00a0 \u00a0acusado. \u00a0\u00a0<\/p>\n<p>36. Comenz\u00f3 su intervenci\u00f3n asegurando que \u00a0todo \u00a0 se \u00a0 debe \u00a0 a \u00a0 intereses \u00a0 \u201cpolitiqueros\u201d \u00a0de \u00a0DAGOBERTO \u00a0SU\u00c1REZ \u00a0y \u00a0\u201cecon\u00f3micos\u201d \u00a0de ARMANDO RINC\u00d3N, pues este \u00faltimo le manifest\u00f3 en alguna \u00a0ocasi\u00f3n \u00a0que \u00a0para \u00a0\u201cquitarle\u201d las diversas demandas que hab\u00eda interpuesto \u00a0en \u00a0su \u00a0contra deb\u00eda darle la suma de 5000 millones de pesos, lo cual evidencia \u00a0su \u00a0inter\u00e9s \u00a0meramente \u00a0dinerario \u00a0y \u00a0seguramente \u00a0si \u00a0se \u00a0los \u00a0hubiese dado no \u00a0estar\u00eda en este estrado judicial. \u00a0\u00a0<\/p>\n<p>37. \u00a0Hizo referencia a diversos testigos, y \u00a0destac\u00f3 \u00a0 \u00a0 que \u00a0 \u00a0 algunos \u00a0 \u00a0 de \u00a0 \u00a0 ellos \u00a0 \u00a0 como \u00a0 \u00a0 alias \u00a0 \u00a0\u2018Richard\u2019, \u00a0 \u00a0 \u00a0 \u00a0 \u00a0 \u00a0 \u2018Pirata\u2019, \u00a0 \u00a0 \u00a0 \u00a0 \u00a0 \u00a0 \u2018Carecuchillo\u2019, LILIANA SU\u00c1REZ, el Mayor ESGUERRA y \u00a0otros, \u00a0 \u00a0 sostuvieron \u00a0 \u00a0que \u00a0 \u00a0no \u00a0 \u00a0cre\u00edan \u00a0 \u00a0posible \u00a0 \u00a0que \u00a0 \u00a0\u2018Cuchillo\u2019 hiciera presencia en San Mart\u00edn para \u00a0el \u00a0a\u00f1o \u00a02007. \u00a0En \u00a0el \u00a0mismo \u00a0sentido, \u00a0dijo, se pronunci\u00f3 el Coronel EUGENIO \u00a0RAMOS, \u00a0pues \u00a0este \u00a0no \u00a0record\u00f3 \u00a0haber \u00a0recibido \u00a0la \u00a0denuncia \u00a0de SU\u00c1REZ MELO \u00a0respecto \u00a0de \u00a0la \u00a0presencia \u00a0de \u00a0alias \u2018Cuchillo\u2019 \u00a0en \u00a0San \u00a0Mart\u00edn, \u00a0de \u00a0haber \u00a0sido \u00a0as\u00ed \u00a0hubiese \u00a0actuado de inmediato, como era su \u00a0obligaci\u00f3n. \u00a0\u00a0<\/p>\n<p>38. Respecto de la empresa minera de la cual \u00a0hizo \u00a0 \u00a0 \u00a0 parte \u00a0 \u00a0 \u00a0 alias \u00a0 \u00a0 \u00a0\u2018Cuchillo\u2019 \u00a0y \u00a0alias \u00a0 \u2018Pipe\u2019, \u00a0 expres\u00f3 \u00a0que \u00a0jam\u00e1s \u00a0estuvo \u00a0de \u00a0acuerdo \u00a0con \u00a0tal incorporaci\u00f3n de estos sujetos, lo que gener\u00f3 inconvenientes \u00a0con \u00a0su pariente V\u00cdCTOR FLORIANO quien por ese motivo ni siquiera lo acompa\u00f1\u00f3 \u00a0en su campa\u00f1a electoral a la gobernaci\u00f3n. \u00a0\u00a0<\/p>\n<p>39. \u00a0Sin embargo, sostuvo que la cesi\u00f3n de \u00a0las \u00a0acciones \u00a0del \u00a0socio \u00a0MARCO \u00a0TULIO \u00a0LARGO \u00a0TORRES \u00a0a los desmovilizados, se \u00a0efectu\u00f3 \u00a0sin \u00a0la \u00a0presencia \u00a0personal de cada uno, solo a trav\u00e9s de documentos \u00a0que \u00a0el \u00a0entonces \u00a0presidente \u00a0de la empresa V\u00cdCTOR FLORIANO les hac\u00eda firmar, \u00a0pero \u00a0igualmente, \u00a0estaban en pleno derecho de hacerlo y adem\u00e1s no era il\u00edcita \u00a0tal \u00a0actividad, \u00a0raz\u00f3n \u00a0por \u00a0la \u00a0cual, \u00a0de haber conocido personalmente a estos \u00a0sujetos \u00a0 lo \u00a0 hubiere \u00a0dicho \u00a0con \u00a0toda \u00a0tranquilidad, \u00a0pues \u00a0para \u00a0esa \u00a0\u00e9poca \u00a0\u2018Cuchillo\u2019 \u00a0 ten\u00eda \u00a0 incluso \u00a0 la \u00a0 fundaci\u00f3n \u00a0\u201cFUNDECO\u201d \u00a0y \u00a0contrataba \u00a0con \u00a0las alcald\u00edas y con el INCODER, precisamente \u00a0por \u00a0cuanto \u00a0era permitido hacerlo, pues estaban acogidos a la ley de Justicia y \u00a0Paz. \u00a0\u00a0<\/p>\n<p>40. \u00a0Asegur\u00f3 \u00a0que no es cierto lo afirmado \u00a0por \u00a0ARMANDO \u00a0RINC\u00d3N, \u00a0pues \u00a0este sujeto en tres ocasiones distintas dijo cosas \u00a0diferentes: \u00a0 en \u00a0 la \u00a0primera \u00a0ocasi\u00f3n \u00a0mediante \u00a0tutela \u00a0afirm\u00f3 \u00a0haber \u00a0sido \u00a0desplazado \u00a0y \u00a0obligado \u00a0a \u00a0vender sus fincas a terceros; en una segunda ante la \u00a0Fiscal\u00eda, \u00a0expres\u00f3 que hab\u00eda vendido parte con papeles y otra sin t\u00edtulos, y \u00a0finalmente \u00a0asever\u00f3 \u00a0lo \u00a0que \u00a0DAGOBERTO \u00a0SU\u00c1REZ le insinuaba precisamente para \u00a0comprometerlo. \u00a0\u00a0<\/p>\n<p>41. \u00a0Con el fin de sustentar sus argumentos \u00a0se\u00f1al\u00f3 \u00a0que si en realidad ARMANDO RINC\u00d3N hubiera vendido forzado sus tierras \u00a0para \u00a0luego \u00a0ser desplazado de ellas, no hay raz\u00f3n entonces para que le hubiera \u00a0pagado \u00a0 a \u00a0 GONZ\u00c1LO \u00a0 OROS \u00a0 la \u00a0 comisi\u00f3n \u00a0 por \u00a0su \u00a0intermediaci\u00f3n \u00a0en \u00a0el \u00a0negocio. \u00a0\u00a0<\/p>\n<p>42. \u00a0Continu\u00f3 \u00a0su disertaci\u00f3n solicitando \u00a0que \u00a0se tenga en cuenta lo expresado por la testigo DAMARIS RU\u00cdZ quien asegur\u00f3 \u00a0que \u00a0el \u00a0se\u00f1or \u00a0GONZ\u00c1LO OROS estuvo en la negociaci\u00f3n con el vendedor ARMANDO \u00a0RINC\u00d3N \u00a0y \u00a0los \u00a0compradores \u00a0L\u00d3PEZ \u00a0CADAVID y BENEDICTO ROMERO, adem\u00e1s que su \u00a0esposo \u00a0JAIME \u00a0CORT\u00c9S \u00a0s\u00ed \u00a0recibi\u00f3 por comisi\u00f3n algo as\u00ed como el 3 \u00f3 4 por \u00a0ciento \u00a0del \u00a0precio \u00a0de \u00a0venta, \u00a0de \u00a0parte de JAIRO L\u00d3PEZ hermano del comprador \u00a0OSCAR \u00a0DE JES\u00daS. En igual sentido, frente a esta deponente se solicit\u00f3 atender \u00a0sus \u00a0manifestaciones \u00a0relacionadas \u00a0con \u00a0el hecho de que su padrino, enti\u00e9ndase \u00a0GONZ\u00c1LO \u00a0OROS, \u00a0le \u00a0dijo a su esposo, JAIME CORT\u00c9S, acerca del problema de los \u00a0paramilitares \u00a0en \u00a0la \u00a0finca \u201cLa Argentina\u201d, pero no sabe si igualmente este \u00a0le \u00a0hizo tal comentario a los compradores. Tambi\u00e9n pidi\u00f3 analizar lo aseverado \u00a0por \u00a0la \u00a0testigo \u00a0en \u00a0cuanto \u00a0al \u00a0manejo \u00a0aut\u00f3nomo \u00a0que al parecer ten\u00eda JAIME \u00a0CORT\u00c9S \u00a0en \u00a0las \u00a0compras \u00a0y \u00a0dem\u00e1s \u00a0gastos \u00a0de la finca, solo que las facturas \u00a0siempre \u00a0las \u00a0solicitaba \u00a0a \u00a0nombre de OSCAR L\u00d3PEZ 8. \u00a0\u00a0<\/p>\n<p>43. \u00a0Manifest\u00f3 \u00a0su inter\u00e9s en que la Sala \u00a0atienda \u00a0lo \u00a0dicho por el declarante FLORINDO MU\u00d1OZ FL\u00d3REZ, quien asegur\u00f3 que \u00a0la \u00a0finca \u00a0\u201cLa \u00a0Argentina\u201d \u00a0una \u00a0vez adquirida fue recibida directamente por \u00a0JAIME \u00a0CORT\u00c9S\u00a0 \u00a0quien \u00a0a \u00a0su vez rend\u00eda cuentas a los propietarios cuando \u00a0acud\u00edan al lugar . \u00a0\u00a0<\/p>\n<p>De \u00a0 \u00a0 \u00a0la \u00a0 \u00a0 \u00a0defensa. \u00a0\u00a0<\/p>\n<p>44. Inici\u00f3 sus alegatos asegurando que todo \u00a0lo \u00a0denunciado \u00a0no \u00a0es \u00a0cierto \u00a0por \u00a0la \u00a0sencilla \u00a0raz\u00f3n \u00a0de que PEDRO OLIVEIRO \u00a0GUERRERO \u00a0CASTILLO, \u00a0para el a\u00f1o 2001 no se encontraba en la regi\u00f3n, pues solo \u00a0hizo aparici\u00f3n por all\u00ed en el a\u00f1o 2004. \u00a0\u00a0<\/p>\n<p>45. Aunque su discurso lo hizo intercalando \u00a0situaciones \u00a0 f\u00e1cticas, \u00a0pues \u00a0mencion\u00f3 \u00a0indistintamente \u00a0hechos \u00a0del \u00a02000 \u00a0y \u00a0seguidamente \u00a0del 2007, para luego retomar los del 2002 y as\u00ed sucesivamente, en \u00a0aras \u00a0de \u00a0procurar \u00a0mayor \u00a0entendimiento \u00a0de \u00a0sus \u00a0planteamientos, \u00a0la \u00a0Sala los \u00a0resumir\u00e1 en estricto orden cronol\u00f3gico, as\u00ed: \u00a0\u00a0<\/p>\n<p>46. \u00a0Acerca \u00a0de \u00a0la \u00a0reuni\u00f3n \u00a0denunciada y \u00a0llevada \u00a0a cabo en el a\u00f1o 2000, consider\u00f3 que no era posible para su protegido \u00a0acudir \u00a0a la misma, por cuanto se encontraba en los Estados Unidos para el 17 de \u00a0junio de 2000, lo cual se evidencia con su pasaporte. \u00a0\u00a0<\/p>\n<p>47. \u00a0Sostuvo \u00a0que varios declarantes, tales \u00a0como, \u00a0 \u00a0 \u00a0 \u00a0 \u00a0 \u00a0 \u00a0 \u00a0 \u00a0\u2018Monoleche\u2019, \u00a0\u2018Alfonso\u2019 \u00a0 \u00a0 \u00a0 \u00a0 y \u00a0 \u00a0 \u00a0 \u00a0 \u2018Pirata\u2019 \u00a0aseguraron \u00a0que \u00a0no \u00a0conoc\u00edan \u00a0a su \u00a0defendido, \u00a0raz\u00f3n \u00a0por \u00a0la \u00a0cual \u00a0no \u00a0debe razonarse considerando que est\u00e1n de \u00a0acuerdo \u00a0para \u00a0encubrirlo, \u00a0sino \u00a0al \u00a0contrario, \u00a0que si eso dicen ellos lo m\u00e1s \u00a0l\u00f3gico \u00a0es considerar que esa es la verdad, motivo por el cual no debe d\u00e1rsele \u00a0credibilidad \u00a0a \u00a0\u00c9VER \u00a0VELOZA, \u00a0alias \u2018HH\u2019, quien es \u00a0el \u00a0\u00fanico \u00a0paramilitar \u00a0que \u00a0asegura \u00a0haber visto en ese lugar de reuni\u00f3n a su \u00a0protegido. \u00a0 Adem\u00e1s, \u00a0 la \u00a0finca \u00a0en \u00a0la \u00a0cual \u00a0permanecieron \u00a0los \u00a0comandantes \u00a0paramilitares \u00a0y \u00a0VICENTE \u00a0CASTA\u00d1O, era de propiedad de NEBIO ECHEVERRY y no de \u00a0L\u00d3PEZ CADAVID. \u00a0\u00a0<\/p>\n<p>48. \u00a0Acerca \u00a0del \u00a0negocio \u00a0de \u00a0compra-venta \u00a0respecto \u00a0de \u00a0la finca \u201cLa Argentina\u201d, debe destacarse que el se\u00f1or ARMANDO \u00a0RINC\u00d3N \u00a0en \u00a0tres \u00a0ocasiones \u00a0diferentes \u00a0asegur\u00f3 \u00a0hechos \u00a0diversos, pues en la \u00a0primera \u00a0mediante \u00a0acci\u00f3n \u00a0de \u00a0tutela \u00a0sostuvo \u00a0que \u00a0hab\u00eda \u00a0sido \u00a0desplazado y \u00a0obligado \u00a0a \u00a0vender a terceros, posteriormente ante la Fiscal\u00eda dijo que hab\u00eda \u00a0vendido \u00a0una parte con escrituras y otra sin estas, para finalmente asegurar que \u00a0no \u00a0lo \u00a0obligaron a venderle a L\u00d3PEZ CADAVID ni a BENEDICTO ROMERO y adem\u00e1s le \u00a0dio \u00a0propina \u00a0por la intermediaci\u00f3n a GONZ\u00c1LO OROS, todo lo cual evidencia las \u00a0contradicciones \u00a0en \u00a0las cuales incurri\u00f3 y ello no permite darle credibilidad a \u00a0sus dichos. \u00a0\u00a0<\/p>\n<p>49. Respecto de este tema, tambi\u00e9n dijo que \u00a0su \u00a0cliente \u00a0pag\u00f3 \u00a0por \u00a0la \u00a0finca \u00a0el dinero justo pues en eso estaba avaluada, \u00a0seg\u00fan \u00a0dictamen \u00a0obrante \u00a0en el proceso, y por ninguna parte se hizo menci\u00f3n a \u00a0alias \u00a0 \u00a0 \u00a0 \u00a0 \u00a0 \u00a0 \u00a0 \u00a0 \u00a0\u2018Cuchillo\u2019, \u00a0pues \u00a0este \u00a0sujeto no se encontraba en la regi\u00f3n de los Llanos para esa \u00e9poca, \u00a0motivo \u00a0por \u00a0el \u00a0cual \u00a0existe una imprecisi\u00f3n de parte de la Fiscal\u00eda al hacer \u00a0menci\u00f3n de su presencia en ese lugar para ese entonces. \u00a0\u00a0<\/p>\n<p>50. \u00a0As\u00ed \u00a0mismo afirm\u00f3 el defensor que en \u00a0ning\u00fan \u00a0momento \u00a0ARMANDO \u00a0RINC\u00d3N \u00a0denunci\u00f3 \u00a0que la finca se la hab\u00eda quitado \u00a0(sic) \u00a0L\u00d3PEZ CADAVID, sino los paramilitares, y como este pag\u00f3 el precio justo \u00a0no \u00a0puede \u00a0colegirse \u00a0de ello nada en su contra, entre otras razones, por cuanto \u00a0ese \u00a0no \u00a0es \u00a0el \u201cmodus operandi\u201d de las autodefensas, pues ellos no negocian \u00a0con \u00a0nadie, \u00a0por \u00a0el \u00a0contrario \u00a0toman \u00a0lo que quieren sin negociar y como est\u00e1 \u00a0probado \u00a0que \u00a0s\u00ed \u00a0hubo \u00a0negociaci\u00f3n, \u00a0no \u00a0puede decirse entonces que exista el \u00a0delito de concierto para delinquir de parte de su poderdante. \u00a0\u00a0<\/p>\n<p>51. Igualmente, sostuvo que debe tenerse muy \u00a0en \u00a0cuenta \u00a0que \u00a0el \u00a0declarante \u00a0alias \u2018Alfonso\u2019 \u00a0claramente \u00a0dijo \u00a0que \u00a0quien \u00a0le \u00a0hab\u00eda \u00a0entregado \u00a0el dinero por permitirle le \u00a0negociaci\u00f3n \u00a0era \u00a0un \u00a0se\u00f1or \u00a0llamado \u00a0BENEDO que seg\u00fan se hab\u00eda enterado, lo \u00a0mataron \u00a0y \u00a0adem\u00e1s \u00a0ten\u00eda \u00a0una \u00a0cl\u00ednica \u00a0y \u00a0dicho sujeto no es otro que JAIME \u00a0CORT\u00c9S, \u00a0pues \u00a0en \u00a0la \u00a0audiencia se hizo presente BENEDICTO ROMERO y sus rasgos \u00a0morfol\u00f3gicos \u00a0no \u00a0coinciden \u00a0con \u00a0los del otro, por ello este no fue quien hizo \u00a0entrega de dicho dinero al se\u00f1alado paramilitar. \u00a0\u00a0<\/p>\n<p>52. \u00a0 Aludi\u00f3 \u00a0igualmente \u00a0a \u00a0los \u00a0cargos \u00a0formulados \u00a0por \u00a0la Fiscal\u00eda con fundamento en la relaci\u00f3n societaria sobre la \u00a0empresa \u00a0minera \u00a0fundada \u00a0por su cliente, y de la cual posteriormente hizo parte \u00a0alias \u00a0 \u00a0 \u00a0 \u00a0 \u00a0 \u00a0 \u00a0 \u00a0 \u00a0\u2018Cuchillo\u2019 \u00a0y \u00a0alias \u00a0 \u2018Pipe\u2019, \u00a0para \u00a0se\u00f1alar \u00a0que tal afirmaci\u00f3n \u00a0del \u00a0ente \u00a0acusador \u00a0no \u00a0se ajusta a derecho, pues dichos sujetos ingresaron por \u00a0raz\u00f3n \u00a0de \u00a0una \u00a0donaci\u00f3n, \u00a0no de una venta, motivo por el cual L\u00d3PEZ CADAVID, \u00a0pese \u00a0 a \u00a0 estar \u00a0 en \u00a0contra \u00a0de \u00a0tal \u00a0acto \u00a0jur\u00eddico, \u00a0no \u00a0pudo \u00a0oponerse \u00a0al \u00a0mismo.\u00a0\u00a0 \u00a0\u00a0<\/p>\n<p>53. Afirm\u00f3 que no es cierto que los socios \u00a0llegaran \u00a0a \u00a0conocerse \u00a0entre \u00a0ellos, \u00a0pues \u00a0todos \u00a0los actos los realizaban por \u00a0intermediaci\u00f3n \u00a0del \u00a0presidente \u00a0de \u00a0la \u00a0empresa \u00a0y \u00a0por ello solo firmaban las \u00a0correspondientes \u00a0actas. \u00a0A \u00a0m\u00e1s \u00a0de ello, debe tenerse muy en cuenta que estos \u00a0para \u00a0el \u00a0momento \u00a0aludido, \u00a0eran \u00a0desmovilizados, \u00a0y \u00a0tal \u00a0como \u00a0consta \u00a0en las \u00a0diferentes \u00a0constancias \u00a0expedidas por las entidades pertinentes ante las cuales \u00a0elev\u00f3 \u00a0derechos \u00a0de \u00a0petici\u00f3n, \u00a0se \u00a0dice \u00a0en estas que aquellos ten\u00edan plenas \u00a0facultades \u00a0legales \u00a0para \u00a0conformar \u00a0empresas \u00a0y \u00a0realizar diversas actividades \u00a0comerciales, sin que ello constituyera actos il\u00edcitos. \u00a0\u00a0<\/p>\n<p>54. \u00a0Prosigui\u00f3 sus alegatos asegurando que \u00a0para \u00a0 el \u00a0 a\u00f1o \u00a02007 \u00a0no \u00a0era \u00a0posible \u00a0la \u00a0presencia \u00a0de \u00a0alias \u00a0\u2018Cuchillo\u2019 \u00a0en las caballerizas del municipio de \u00a0San \u00a0Mart\u00edn (Meta), pues era un sujeto buscado y con orden de captura vigente y \u00a0en \u00a0la zona exist\u00eda suficiente presencia de la fuerza p\u00fablica, a tal punto que \u00a0los \u00a0diferentes \u00a0testigos \u00a0que \u00a0depusieron \u00a0aqu\u00ed, especialmente quienes hac\u00edan \u00a0parte \u00a0de \u00a0la \u00a0fuerza \u00a0p\u00fablica, \u00a0como \u00a0el \u00a0General GUILLERMO QUI\u00d1ONES; JUVENAL \u00a0CARVAJAL, \u00a0del DAS; EDUARDO BENAVIDES, de la Polic\u00eda, el propio Coronel EUGENIO \u00a0RAMOS \u00a0y \u00a0los \u00a0ex \u00a0paramilitares alias \u2018Pirata\u2019; \u00a0\u2018Carecuchillo\u2019, \u00a0 \u00a0 hermano \u00a0 \u00a0de \u00a0 \u00a0\u2018Cuchillo\u2019; \u00a0 \u00a0 \u00a0 alias \u00a0 \u00a0 \u00a0 \u2018Richard\u2019; \u00a0y \u00a0otros funcionarios como, LILIANA \u00a0SU\u00c1REZ, \u00a0ex \u00a0Personera \u00a0municipal de San Mart\u00edn e incluso el propio ex alcalde \u00a0GABRIEL \u00a0CORT\u00c9S, \u00a0entre \u00a0otros, \u00a0negaron \u00a0la \u00a0posibilidad de que PEDRO OLIVEIRO \u00a0GUERRERO \u00a0 \u00a0 CASTILLO, \u00a0 \u00a0 alias \u00a0 \u00a0\u2018Cuchillo\u2019 \u00a0hiciera \u00a0presencia \u00a0a plena luz del d\u00eda en el sector urbano del municipio, para \u00a0la \u00a0\u00e9poca mencionada, la cual indudablemente tuvo que ocurrir a partir de marzo \u00a0de \u00a02007, \u00a0pues \u00a0fue \u00a0en esa fecha en la cual lleg\u00f3 al cargo el Coronel EUGENIO \u00a0RAMOS \u00a0ante \u00a0quien \u00a0supuestamente DAGOBERTO SU\u00c1REZ interpuso la denuncia por la \u00a0presencia \u00a0 \u00a0 \u00a0 \u00a0 \u00a0de \u00a0 \u00a0 \u00a0 \u00a0 \u00a0\u2018Cuchillo\u2019 \u00a0en \u00a0las caballerizas de San Mart\u00edn (Meta).\u00a0\u00a0 \u00a0\u00a0<\/p>\n<p>55. \u00a0Insisti\u00f3 en que no era posible que en \u00a0ese \u00a0lugar \u00a0se \u00a0efectuara \u00a0un \u00a0\u201cret\u00e9n\u201d \u00a0por parte de las autodefensas, para \u00a0obligar \u00a0a \u00a0los \u00a0candidatos \u00a0a marginarse de la contienda electoral, pues en tal \u00a0caso \u00a0 no \u00a0 ve \u00a0 la \u00a0raz\u00f3n \u00a0para \u00a0que \u00a0DAGOBERTO \u00a0SU\u00c1REZ \u00a0hubiera \u00a0participado \u00a0tranquilamente \u00a0de la misma obteniendo un alto margen electoral, pese a su corto \u00a0tiempo \u00a0 de \u00a0actividad \u00a0proselitista, \u00a0para \u00a0lo \u00a0cual \u00a0exhibi\u00f3 \u00a0los \u00a0diferentes \u00a0resultados \u00a0que \u00a0a \u00a0trav\u00e9s de los a\u00f1os ha obtenido L\u00d3PEZ CADAVID, los cuales, \u00a0seg\u00fan \u00a0dijo, \u00a0se \u00a0han \u00a0mantenido \u00a0relativamente \u00a0constantes, en consecuencia no \u00a0puede \u00a0hablarse \u00a0de \u00a0concierto \u00a0con \u00a0paramilitares, \u00a0pues \u00a0si \u00a0fuera \u00a0as\u00ed, \u00a0los \u00a0resultados \u00a0se \u00a0reflejar\u00edan \u00a0en \u00a0las \u00a0votaciones, \u00a0como \u00a0es lo t\u00edpico, pero en \u00a0cambio \u00a0en \u00a0este \u00a0caso \u00a0quien s\u00ed subi\u00f3 en forma at\u00edpica fue el propio SU\u00c1REZ \u00a0MELO, \u00a0pues \u00a0nunca \u00a0se \u00a0destac\u00f3 \u00a0por \u00a0ser \u00a0un \u00a0pol\u00edtico \u00a0importante, solo hizo \u00a0campa\u00f1a \u00a0un \u00a0a\u00f1o \u00a0a \u00a0pesar \u00a0de \u00a0lo \u00a0cual obtuvo casi la misma votaci\u00f3n que su \u00a0cliente \u00a0con una diferencia de 700 votos, en consecuencia, no es cierto que haya \u00a0existido \u00a0presi\u00f3n \u00a0alguna, \u00a0por \u00a0parte \u00a0de \u00a0personas \u00a0o \u00a0grupos al margen de la \u00a0ley. \u00a0\u00a0<\/p>\n<p>56. Sostuvo que no debe darse credibilidad a \u00a0los \u00a0dichos \u00a0de \u00a0los \u00a0testigos \u00a0de \u00a0cargo DAGOBERTO SU\u00c1REZ MELO, PEDRO SU\u00c1REZ, \u00a0MULET\u00d3N \u00a0FEO, \u00a0ni \u00a0GABRIEL \u00a0D\u00cdAZ BERNAL, pues no se entiende c\u00f3mo era posible \u00a0que \u00a0siendo \u00a0el \u00a0uno \u00a0candidato \u00a0a \u00a0la \u00a0Gobernaci\u00f3n \u00a0del \u00a0Guaviare \u00a0y \u00a0el \u00a0otro \u00a0representante \u00a0a la C\u00e1mara, acudieran a la regi\u00f3n sin escoltas; adem\u00e1s, todos \u00a0ellos \u00a0hacen \u00a0parte del mismo c\u00edrculo pol\u00edtico y tienen inter\u00e9s en que L\u00d3PEZ \u00a0CADAVID sea condenado. \u00a0\u00a0<\/p>\n<p>57. \u00a0De \u00a0conformidad \u00a0con todo lo anterior, \u00a0concluy\u00f3 \u00a0el \u00a0defensor sosteniendo que no aparece entonces probado que se hayan \u00a0reunido, \u00a0concertado, \u00a0acordado, \u00a0ni realizado en general cualquier acto t\u00edpico \u00a0del \u00a0concierto \u00a0para \u00a0delinquir. Tampoco hubo resultados del supuesto concierto, \u00a0pues \u00a0los \u00a0guarismos \u00a0electorales \u00a0permiten \u00a0observar que las elecciones para la \u00a0gobernaci\u00f3n \u00a0del \u00a0Guaviare \u00a0del \u00a0a\u00f1o \u00a02007 se desarrollaron tranquilamente, en \u00a0paz, \u00a0sin \u00a0inconvenientes ni amenazas, todo lo cual a la luz de la sana cr\u00edtica \u00a0permite \u00a0concluir \u00a0que \u00a0no existi\u00f3 el delito por el cual fue acusado, con todo, \u00a0por \u00a0lo \u00a0menos \u00a0debe tenerse en cuenta que las pruebas arrojan dudas respecto de \u00a0la \u00a0responsabilidad \u00a0de \u00a0su \u00a0protegido \u00a0y \u00a0como \u00a0consecuencia de ello esta deben \u00a0favorecerlo con una decisi\u00f3n absolutoria. \u00a0\u00a0<\/p>\n<p>VI- CONSIDERACIONES DE LA CORTE \u00a0\u00a0<\/p>\n<p>58. \u00a0Sea \u00a0lo \u00a0primero \u00a0advertir, \u00a0bajo \u00a0los \u00a0est\u00e1ndares \u00a0de \u00a0los \u00a0art\u00edculos \u00a0232 y 306 del estatuto procesal penal de 2000, \u00a0que \u00a0la \u00a0ritualidad \u00a0se \u00a0surti\u00f3 \u00a0con \u00a0estricto \u00a0acatamiento de los derechos que \u00a0integran \u00a0 el \u00a0 n\u00facleo \u00a0esencial \u00a0del \u00a0debido \u00a0proceso, \u00a0postulado \u00a0axiol\u00f3gico \u00a0universal \u00a0que \u00a0se \u00a0erige \u00a0como marco y l\u00edmite para el ejercicio de la potestad \u00a0punitiva \u00a0del \u00a0Estado, \u00a0respecto \u00a0del cual, los sujetos procesales no postularon \u00a0vulneraci\u00f3n alguna. \u00a0\u00a0<\/p>\n<p>59. \u00a0Realizada \u00a0la preliminar constataci\u00f3n \u00a0d\u00edgase \u00a0que, \u00a0como se trata de proferir sentencia y culminar el juzgamiento del \u00a0ex \u00a0Gobernador \u00a0del \u00a0departamento \u00a0del Guaviare, OSCAR DE JES\u00daS L\u00d3PEZ CADAVID, \u00a0acusado \u00a0por \u00a0el \u00a0delito de concierto para delinquir agravado en la modalidad de \u00a0promover \u00a0grupos \u00a0paramilitares, \u00a0resulta \u00a0imperioso \u00a0el \u00a0examen \u00a0de las pruebas \u00a0recaudadas \u00a0en \u00a0los \u00a0distintos \u00a0momentos \u00a0del proceso y a partir de su an\u00e1lisis \u00a0determinar \u00a0si \u00a0se \u00a0le \u00a0condena \u00a0o \u00a0se \u00a0le \u00a0absuelve. \u00a0Ser\u00e1 \u00a0lo primero, si las \u00a0evidencias \u00a0oportuna \u00a0y \u00a0legalmente \u00a0recogidas \u00a0conducen \u00a0a \u00a0la \u00a0certeza de que, \u00a0responsablemente, \u00a0cometi\u00f3 \u00a0la \u00a0conducta punible que la Fiscal\u00eda le atribuy\u00f3. \u00a0Lo \u00a0segundo, \u00a0esto \u00a0es,\u00a0 la absoluci\u00f3n, si no se satisfacen los anteriores \u00a0requisitos, \u00a0bien \u00a0porque \u00a0se \u00a0verifique \u00a0su \u00a0inocencia, \u00a0ora \u00a0porque sobre esos \u00a0factores no se logre supremo convencimiento (Art. 7\u00ba Ib). \u00a0\u00a0<\/p>\n<p>60. \u00a0Dada \u00a0la \u00a0dimensi\u00f3n \u00a0definitiva \u00a0que \u00a0subyace \u00a0en \u00a0esta \u00a0decisi\u00f3n, se fijar\u00e1n los problemas por resolver en la misma \u00a0relaci\u00f3n \u00a0 dial\u00e9ctica \u00a0de \u00a0tesis \u00a0y \u00a0ant\u00edtesis \u00a0que \u00a0los \u00a0sujetos \u00a0procesales \u00a0propusieron, \u00a0a \u00a0trav\u00e9s \u00a0de \u00a0interrogantes \u00a0basilares \u00a0a los cuales se hallar\u00e1 \u00a0respuesta \u00a0en \u00a0el \u00a0curso \u00a0del \u00a0an\u00e1lisis \u00a0probatorio, \u00a0a \u00a0fin \u00a0de \u00a0arribar a una \u00a0declaraci\u00f3n \u00a0conclusiva \u00a0que \u00a0materialice el derecho sustancial. Se verificar\u00e1 \u00a0si \u00a0el \u00a0acusado, \u00a0conforme\u00a0 \u00a0a \u00a0los \u00a0cargos, adecu\u00f3 su comportamiento a un \u00a0espec\u00edfico \u00a0modelo \u00a0de prohibici\u00f3n, o sea, si incurri\u00f3 en acci\u00f3n t\u00edpica; si \u00a0comprometi\u00f3 \u00a0injustamente \u00a0bienes o intereses legalmente protegidos, y superada \u00a0esa \u00a0fase, \u00a0adem\u00e1s, si es dable formularle un querer de resultado con arreglo a \u00a0su culpabilidad. \u00a0\u00a0<\/p>\n<p>61. \u00a0Se \u00a0acus\u00f3 \u00a0a \u00a0OSCAR \u00a0DE JES\u00daS L\u00d3PEZ \u00a0CADAVID \u00a0de \u00a0promocionar \u00a0grupos \u00a0paramilitares, \u00a0de \u00a0acuerdo con la adecuaci\u00f3n \u00a0t\u00edpica \u00a0prevista en el inciso 2\u00ba del art\u00edculo 340 de la Ley 600 de 2000, bajo \u00a0la \u00a0pr\u00e9dica \u00a0de \u00a0que en connivencia o alianza con las autodefensas operantes en \u00a0la \u00a0regi\u00f3n \u00a0de \u00a0los \u00a0Llanos Orientales, comandadas por el sujeto PEDRO OLIVEIRO \u00a0GUERRERO \u00a0 \u00a0 CASTILLO, \u00a0 \u00a0 alias \u00a0 \u00a0\u2018Cuchillo\u2019, \u00a0logr\u00f3 \u00a0ocupar \u00a0el \u00a0cargo \u00a0de \u00a0Gobernador \u00a0del departamento del Guaviare para el \u00a0per\u00edodo \u00a02008-2011 \u00a0y de esa forma, representando a esas estructuras criminales \u00a0asentadas \u00a0especialmente \u00a0en \u00a0los departamentos del Meta y Guaviare, las puso en \u00a0alto \u00a0relieve o consideraci\u00f3n como primer mandatario de ese Departamento.\u00a0 \u00a0A \u00a0 ello \u00a0 se \u00a0 opuso \u00a0 el \u00a0 acusado \u00a0 y \u00a0lo \u00a0apoy\u00f3 \u00a0su \u00a0defensor, \u00a0sosteniendo \u00a0fundamentalmente \u00a0que si bien fue verdad que \u00e9l asumi\u00f3 el cargo de gobernador, \u00a0eso \u00a0sucedi\u00f3 a partir de un ejercicio legal y democr\u00e1tico, al margen de grupos \u00a0paramilitares, \u00a0es \u00a0decir, \u00a0negando \u00a0la \u00a0adecuaci\u00f3n \u00a0de la conducta a normas de \u00a0prohibici\u00f3n \u00a0para \u00a0derivar \u00a0de \u00a0ello un comportamiento penalmente irrelevante o \u00a0at\u00edpico. \u00a0\u00a0<\/p>\n<p>62. \u00a0Hall\u00e1ndose \u00a0la \u00a0Sala \u00a0frente \u00a0a \u00a0la \u00a0disyuntiva \u00a0que \u00a0surge \u00a0de \u00a0conocer \u00a0la \u00a0tesis \u00a0del \u00a0acusador, \u00a0secundada por la \u00a0Procuradur\u00eda, \u00a0en \u00a0confrontaci\u00f3n \u00a0con \u00a0la ant\u00edtesis formulada por el acusado, \u00a0apoyada \u00a0por \u00a0la \u00a0defensa, \u00a0ejercicio \u00a0de \u00a0la dial\u00e9ctica propia del proceso, lo \u00a0siguiente \u00a0es observar los puntos o aspectos de comuni\u00f3n o consenso, para luego \u00a0construir \u00a0 la \u00a0 decisi\u00f3n \u00a0 o \u00a0 s\u00edntesis \u00a0 a \u00a0 partir \u00a0de \u00a0las \u00a0diferencias \u00a0o \u00a0cuestionamientos, \u00a0sobre \u00a0la \u00a0base \u00a0del \u00a0conocimiento \u00a0nacido de la aprehensi\u00f3n \u00a0racional \u00a0 del \u00a0 contenido \u00a0 probatorio, \u00a0 otorgando \u00a0 la \u00a0 raz\u00f3n \u00a0a \u00a0quien \u00a0la \u00a0ostente.\u00a0 \u00a0\u00a0<\/p>\n<p>63. En ese sentido, bien puede decir la Sala \u00a0que \u00a0el \u00a0caso \u00a0no \u00a0plantea \u00a0controversia mayor en lo relativo a la existencia de \u00a0grupos \u00a0armados \u00a0ilegales \u00a0al \u00a0margen de la ley, que confederados se han dado el \u00a0nombre \u00a0 de \u00a0 Autodefensas \u00a0Unidas \u00a0de \u00a0Colombia \u00a0\u201cAUC\u201d,\u00a0 \u00a0de \u00a0los \u00a0que \u00a0hist\u00f3ricamente \u00a0 se \u00a0caracterizaron \u00a0como \u00a0\u201cparamilitares\u201d. \u00a0Nadie, \u00a0ni \u00a0la \u00a0Fiscal\u00eda \u00a0en su acusaci\u00f3n, ni la Procuradur\u00eda en sus conceptos, ni la defensa \u00a0en \u00a0sus \u00a0alegaciones, \u00a0como \u00a0tampoco \u00a0el \u00a0acusado, \u00a0ponen \u00a0en \u00a0duda \u00a0o niegan la \u00a0existencia \u00a0de \u00a0esa \u00a0organizaci\u00f3n, \u00a0sus \u00a0fines \u00a0y \u00a0dem\u00e1s rasgos, porque es una \u00a0realidad inconcusa. \u00a0\u00a0<\/p>\n<p>64. La existencia de las Autodefensas Unidas \u00a0de \u00a0Colombia, como \u201cconfederaci\u00f3n\u201d de grupos o bloques paramilitares, es de \u00a0conocimiento \u00a0p\u00fablico, pero adem\u00e1s est\u00e1 documentada en el proceso a partir de \u00a0m\u00faltiples \u00a0 declaraciones, \u00a0 de \u00a0quienes \u00a0siendo \u00a0sus \u00a0miembros, \u00a0org\u00e1nicos \u00a0o \u00a0colaboradores, \u00a0e \u00a0incluso \u00a0algunos \u00a0de \u00a0sus \u00a0comandantes \u00a0o l\u00edderes, sin mayor \u00a0oposici\u00f3n \u00a0 lo \u00a0 reconocieron \u00a0 o \u00a0aceptaron, \u00a0narrando \u00a0aspectos \u00a0y \u00a0episodios \u00a0importantes \u00a0de \u00a0su \u00a0propio \u00a0accionar, \u00a0que \u00a0ponen \u00a0en permanente e indiscutible \u00a0estado \u00a0de \u00a0evidencia \u00a0dicha \u00a0situaci\u00f3n, \u00a0llegando \u00a0a \u00a0concretarse que tuvieron \u00a0asiento \u00a0en \u00a0toda \u00a0la regi\u00f3n de los Llanos Orientales, espacio geof\u00edsico donde \u00a0se \u00a0sit\u00faa \u00a0el \u00a0comportamiento \u00a0objeto \u00a0de \u00a0an\u00e1lisis, \u00a0el \u00a0cual \u00a0se \u00a0detallar\u00e1 \u00a0cronol\u00f3gicamente \u00a0 \u00a0a \u00a0 \u00a0efectos \u00a0 de \u00a0 mejor \u00a0 comprensi\u00f3n.\u00a0\u00a0\u00a0 \u00a0\u00a0<\/p>\n<p>De \u00a0las \u00a0reuniones \u00a0en la finca ubicada en \u00a0Paratebueno\u00a0 \u00a0\u00a0<\/p>\n<p>65. \u00a0El \u00a0desmovilizado \u00a0\u00c9VER VELOZA, alias \u00a0\u2018HH\u2019 \u00a0 \u00a0 \u00a0 \u00a0 o \u00a0 \u00a0 \u00a0 \u00a0 \u2018Carepollo\u2019, \u00a0 asegur\u00f3 \u00a0en \u00a0versi\u00f3n \u00a0libre \u00a0en \u00a0Justicia \u00a0y \u00a0Paz \u00a0haber \u00a0estado presente en una finca ubicada en Paratebueno, la \u00a0cual \u00a0ten\u00eda \u00a0un \u00a0pozo \u00a0de \u00a0agua \u00a0que \u00a0era \u00a0apetecido \u00a0por el comandante VICENTE \u00a0CASTA\u00d1O, \u00a0y all\u00ed se hizo presente, entre otros, OSCAR DE JES\u00daS L\u00d3PEZ CADAVID \u00a0quien \u00a0ten\u00eda buena relaci\u00f3n con dicho comandante y a quien describi\u00f3 como una \u00a0persona \u00a0de \u00a0baja \u00a0estatura \u00a0y \u00a0de \u00a0aproximadamente \u00a045 \u00a0a\u00f1os \u00a0de edad, a quien \u00a0efusivamente \u00a0 \u00a0 dicho \u00a0 \u00a0 comandante \u00a0 \u00a0supremo \u00a0 \u00a0le \u00a0 \u00a0dec\u00eda \u00a0 \u00a0\u2018Chatarrito\u2019. \u00a0\u00a0<\/p>\n<p>66. \u00a0Los testigos NEBIO DE JES\u00daS ECHEVERRY \u00a0CADAVID; \u00a0 \u00a0 \u00a0MANUEL \u00a0 \u00a0 \u00a0DE \u00a0 \u00a0 JES\u00daS \u00a0 \u00a0 PIRAB\u00c1N, \u00a0 \u00a0 alias \u00a0 \u00a0 \u2018Jorge \u00a0 \u00a0 \u00a0 \u00a0Pirata\u2019; \u00a0 EFRA\u00cdN \u00a0 P\u00c9REZ \u00a0CARDONA, \u00a0alias \u00a0\u2018400\u2019; \u00a0 JES\u00daS \u00a0 IGNACIO \u00a0ROLD\u00c1N, \u00a0alias \u00a0\u2018Monoleche\u2019, aseguran que la finca a la cual hizo \u00a0referencia \u00a0 \u00a0 \u00a0 \u00a0 alias \u00a0 \u00a0 \u00a0 \u00a0\u2018HH\u2019 \u00a0 era \u00a0\u201cVendaval\u201d \u00a0de \u00a0propiedad del primero quien la hab\u00eda prestado para esa sola \u00a0reuni\u00f3n \u00a0a \u00a0trav\u00e9s \u00a0del \u00a0administrador, \u00a0raz\u00f3n \u00a0por \u00a0la cual no es cierto que \u00a0L\u00d3PEZ \u00a0CADAVID \u00a0haya \u00a0acudido \u00a0all\u00ed, \u00a0pues incluso ni lo conoc\u00edan. A\u00fan as\u00ed, \u00a0para \u00a0la Sala resulta importante destacar, no solo que el procesado tambi\u00e9n era \u00a0y \u00a0sigue \u00a0siendo \u00a0propietario \u00a0de la finca \u201cSan Lorenzo\u201d ubicada tambi\u00e9n en \u00a0Paratebueno \u00a0 (a \u00a0 corta \u00a0 distancia \u00a0de \u00a0la \u00a0finca \u00a0\u201cVendaval\u201d)9 y adem\u00e1s era \u00a0socio \u00a0y \u00a0bastante \u00a0allegado \u00a0a \u00a0su primo NEBIO DE JES\u00daS, motivo por el cual no \u00a0existe \u00a0raz\u00f3n \u00a0alguna \u00a0para \u00a0no \u00a0creer \u00a0que \u00a0tambi\u00e9n se hiciera presente en la \u00a0reuni\u00f3n \u00a0celebrada \u00a0en la finca mencionada a la cual hizo referencia el testigo \u00a0\u00c9VER VELOZA. \u00a0\u00a0<\/p>\n<p>67. \u00a0Adem\u00e1s, \u00a0no \u00a0sobra \u00a0advertir \u00a0que \u00a0el \u00a0desmovilizado \u00a0 \u00a0 \u00a0 \u00a0alias \u00a0 \u00a0 \u00a0 \u2018HH\u2019, \u00a0en \u00a0su \u00a0declaraci\u00f3n \u00a0en \u00a0Justicia \u00a0y \u00a0Paz asegur\u00f3 que cuando estuvieron en la finca de \u00a0Paratebueno \u00a0fueron \u00a0atendidos \u00a0directamente \u00a0por OSCAR DE JES\u00daS L\u00d3PEZ CADAVID \u00a0quien \u00a0ten\u00eda \u00a0muy \u00a0buena \u00a0relaci\u00f3n \u00a0con \u00a0VICENTE CASTA\u00d1O, pues este le dec\u00eda \u00a0\u2018Chatarrito\u2019 \u00a0y \u00a0hablaron \u00a0de diversos temas, como \u00a0personas \u00a0que \u00a0se \u00a0conoc\u00edan \u00a0desde \u00a0tiempo atr\u00e1s, y aunado a ello \u2018Pachito \u00a0 \u00a0 \u00a0Casanare\u2019 \u00a0era \u00a0un empleado de L\u00d3PEZ CADAVID y \u00a0encargado \u00a0 de \u00a0 comprar \u00a0 tierras \u00a0 para \u00a0VICENTE \u00a0CASTA\u00d1O \u00a0en \u00a0el \u00a0Vichada \u00a0y \u00a0Casanare. \u00a0\u00a0<\/p>\n<p>68. \u00a0Cotejando \u00a0estas aseveraciones con las \u00a0afirmaciones \u00a0expuestas \u00a0por \u00a0el \u00a0testigo \u00a0NEBIO DE JES\u00daS ECHEVERRY CADAVID, se \u00a0observa \u00a0que \u00a0este se limit\u00f3 a decir que en la reuni\u00f3n en menci\u00f3n solo estuvo \u00a0por \u00a0un \u00a0momento \u00a0y \u00a0adem\u00e1s \u00a0no \u00a0conoc\u00eda \u00a0a \u00a0los personajes que all\u00ed hicieron \u00a0presencia \u00a0e \u00a0incluso \u00a0hizo \u00a0referencia \u00a0a \u00a0su \u00a0avanzada edad y a su estatura de \u00a0aproximadamente \u00a01,76 \u00a0metros, luego, en concordancia con los planteamientos del \u00a0Agente \u00a0del \u00a0Ministerio P\u00fablico, no existe raz\u00f3n alguna para considerar que el \u00a0desmovilizado \u00a0\u00c9VER \u00a0VELOZA \u00a0haya \u00a0confundido \u00a0a \u00a0L\u00d3PEZ \u00a0CADAVID \u00a0con su primo \u00a0ECHEVERRY \u00a0 CADAVID, \u00a0 pues \u00a0se \u00a0refiri\u00f3 \u00a0a \u00a0un \u00a0sujeto \u00a0con \u00a0una \u00a0descripci\u00f3n \u00a0morfol\u00f3gica \u00a0absolutamente \u00a0opuesta \u00a0y coincidente con los rasgos conocidos del \u00a0procesado, \u00a0raz\u00f3n por la cual no puede bajo ning\u00fan punto de vista aducirse que \u00a0\u2018HH\u2019 \u00a0 \u00a0 se \u00a0 \u00a0 refer\u00eda \u00a0 \u00a0 a \u00a0 \u00a0NEBIO \u00a0ECHEVERRY. \u00a0\u00a0<\/p>\n<p>69. \u00a0En \u00a0consecuencia, \u00a0ECHEVERRY \u00a0CADAVID \u00a0falt\u00f3 \u00a0 a \u00a0 la \u00a0 verdad \u00a0 en \u00a0 su \u00a0 declaraci\u00f3n \u00a0 bajo \u00a0 juramento10, \u00a0pues neg\u00f3 \u00a0cualquier \u00a0 relaci\u00f3n \u00a0 con \u00a0los \u00a0paramilitares, \u00a0cuando \u00a0en \u00a0realidad \u00a0si \u00a0tuvo \u00a0excelentes \u00a0v\u00ednculos \u00a0con \u00a0\u00e9stos, \u00a0al punto que esa condici\u00f3n fue corroborada \u00a0por \u00a0 \u00a0el \u00a0 \u00a0desmovilizado \u00a0 \u00a0DANIEL \u00a0 REND\u00d3N \u00a0 HERRERA, \u00a0 alias \u00a0 \u2018Don \u00a0 \u00a0 \u00a0 \u00a0 \u00a0Mario\u2019, \u00a0quien en audiencia p\u00fablica afirm\u00f3 \u00a0que \u00a0NEBIO \u00a0DE \u00a0JES\u00daS \u00a0era \u00a0muy allegado a VICENTE CASTA\u00d1O y por eso lo vio en \u00a0varias \u00a0 reuniones, \u00a0 adem\u00e1s \u00a0en \u00a0cierta \u00a0ocasi\u00f3n \u00a0estando \u00a0ECHEVERRY \u00a0CADAVID \u00a0amenazado \u00a0de muerte por MIGUEL ARROYAVE, lo busc\u00f3 (a Rend\u00f3n Herrera) para que \u00a0intercediera \u00a0por \u00e9l y a cambio de ello contribuy\u00f3 con la suma de 400 millones \u00a0de \u00a0pesos \u00a0para \u00a0la \u00a0organizaci\u00f3n de autodefensas del Llano, que entraron a las \u00a0\u201carcas\u201d \u00a0 \u00a0 \u00a0 que \u00a0 \u00a0 \u00a0 administraba \u00a0 \u00a0 \u00a0 el \u00a0 \u00a0 \u00a0 propio \u00a0 \u00a0 \u00a0\u2018Don \u00a0 \u00a0 \u00a0 \u00a0 \u00a0Mario\u2019 \u00a0 \u00a0 \u00a0 \u00a0(min.00:21:15\u2026 \u00a0 \u00a0 \u00a0 y \u00a000:54:50\u2026).\u00a0 \u00a0\u00a0<\/p>\n<p>70. De all\u00ed mismo surgen en forma evidente \u00a0las \u00a0 extra\u00f1as \u00a0 e \u00a0inexplicables \u00a0manifestaciones \u00a0de \u00a0P\u00c9REZ \u00a0CARDONA, \u00a0alias \u00a0\u2018400\u2019, \u00a0pues \u00a0en su declaraci\u00f3n pretendi\u00f3 \u00a0hacer \u00a0creer \u00a0que \u00a0los \u00a0paramilitares \u00a0no conoc\u00edan a NEBIO ECHEVERRY, pues hizo \u00a0referencia \u00a0 a \u00a0 \u00e9l \u00a0 como \u00a0 si \u00a0 se \u00a0 tratara \u00a0de \u00a0un \u00a0verdadero \u00a0desconocido: \u00a0\u201c\u2026no \u00a0recuerdo \u00a0bien\u2026pero \u00a0s\u00e9 \u00a0que \u00a0lleg\u00f3 \u00a0el \u00a0propietario \u00a0 \u00a0 \u00a0de \u00a0 \u00a0 la \u00a0 \u00a0 finca \u00a0 \u00a0 NEBIO \u00a0 \u00a0 ECHEVERRY\u2026 \u00a0 \u00a0 \u2018Chatarra\u2019 \u00a0 \u00a0 \u00a0 \u00a0 o \u00a0 \u00a0 \u00a0 \u00a0\u2018Chatarrito\u2019\u2026pero no s\u00e9 si fue en la primera o \u00a0la \u00a0segunda \u00a0reuni\u00f3n\u2026ah\u00ed \u00a0lleg\u00f3 \u00a0como cualquier hombre y yo le dije que nos \u00a0presentara \u00a0con \u00a0el \u00a0se\u00f1or\u2026y \u00a0el \u00a0administrador \u00a0nos lo present\u00f3 y estuvo 10 \u00a0minutos \u00a0 \u00a0 \u00a0 \u00a0 y \u00a0 \u00a0 \u00a0 \u00a0se \u00a0 \u00a0 \u00a0 \u00a0retir\u00f3\u2026\u201d \u00a0(min.00:26:55\u2026)11. \u00a0 \u00a0Contrariando \u00a0 \u00a0dicha \u00a0aseveraci\u00f3n, \u00a0el \u00a0desmovilizado \u00a0DANIEL \u00a0REND\u00d3N \u00a0HERRERA, \u00a0alias \u00a0\u2018Don \u00a0 \u00a0 \u00a0 \u00a0 \u00a0Mario\u2019, s\u00ed admiti\u00f3, en audiencia p\u00fablica, \u00a0que \u00a0 \u00a0NEBIO \u00a0 \u00a0ECHEVERRY \u00a0 \u00a0era \u00a0 \u00a0muy \u00a0 \u00a0allegado \u00a0 \u00a0de \u00a0 \u00a0VICENTE \u00a0 \u00a0CASTA\u00d1O \u00a0(min.00:20:00\u2026). \u00a0\u00a0<\/p>\n<p>71. \u00a0Aunado \u00a0a \u00a0lo \u00a0anterior, \u00a0tal \u00a0como lo \u00a0expresaron \u00a0 \u00a0Fiscal\u00eda \u00a0 y \u00a0 Ministerio \u00a0 P\u00fablico, \u00a0 el \u00a0 mismo \u00a0 \u2018400\u2019 asever\u00f3 que se hosped\u00f3 junto con su \u00a0familia \u00a0durante \u00a0ocho d\u00edas en la finca de JAIME CORT\u00c9S ubicada en Paratebueno \u00a0(min.00:31:52\u2026), \u00a0y esta no es otra distinta a la llamada \u201cSan Lorenzo\u201d de \u00a0propiedad \u00a0de \u00a0OSCAR \u00a0L\u00d3PEZ \u00a0CADAVID \u00a0y BENEDICTO ROMERO, motivo por el cual no \u00a0existe \u00a0raz\u00f3n \u00a0l\u00f3gica \u00a0alguna \u00a0para \u00a0no \u00a0creer \u00a0que s\u00ed se conoc\u00edan y ten\u00edan \u00a0estrecha \u00a0relaci\u00f3n, \u00a0pues \u00a0un \u00a0comandante \u00a0paramilitar \u00a0como alias \u2018400\u2019, \u00a0no \u00a0se hospeda junto con su familia \u00a0en \u00a0la \u00a0casa \u00a0de \u00a0un \u00a0desconocido o de una persona con quien nada lo une, por el \u00a0contrario, \u00a0su \u00a0propio \u00a0sistema \u00a0de \u00a0vida \u00a0y \u00a0actividad \u00a0a \u00a0la que se dedica, lo \u00a0convierte \u00a0en \u00a0un \u00a0individuo bastante precavido y desconfiado, por ello se puede \u00a0inferir \u00a0que \u00a0si \u00a0en \u00a0realidad \u00a0se \u00a0hosped\u00f3 \u00a0en dicha finca, indudablemente fue \u00a0porque era conocido y allegado de L\u00d3PEZ CADAVID.\u00a0\u00a0 \u00a0\u00a0<\/p>\n<p>72. En consecuencia, respecto de la reuni\u00f3n \u00a0en \u00a0la \u00a0finca \u00a0ubicada en Paratebueno, resulta indudable que la declaraci\u00f3n del \u00a0desmovilizado \u00a0\u00c9VER \u00a0VELOZA, \u00a0alias \u00a0\u2018HH\u2019, \u00a0es m\u00e1s \u00a0ajustada \u00a0 a \u00a0 la \u00a0 verdad \u00a0 que \u00a0las \u00a0aseveraciones \u00a0de \u00a0otros \u00a0ex \u00a0comandantes \u00a0paramilitares \u00a0 \u00a0 \u00a0 como \u00a0 \u00a0 \u00a0 EFRAIN \u00a0 \u00a0 \u00a0 P\u00c9REZ, \u00a0 \u00a0 \u00a0alias \u00a0 \u00a0 \u00a0\u2018400\u2019, \u00a0pues \u00a0mientras este \u00faltimo, a m\u00e1s \u00a0de \u00a0lo \u00a0antes \u00a0expuesto, \u00a0dej\u00f3 \u00a0entrever que VICENTE CASTA\u00d1O y NEBIO DE JES\u00daS \u00a0ECHEVERRY \u00a0no \u00a0se \u00a0conoc\u00edan,\u00a0 \u00a0por \u00a0lo menos admiti\u00f3 que dicho comandante \u00a0supremo \u00a0de \u00a0las \u00a0AUC, s\u00ed fue en varias ocasiones a la finca de Paratebueno, lo \u00a0cual \u00a0resulta \u00a0demostrativo \u00a0de \u00a0que \u00a0s\u00ed \u00a0exist\u00eda \u00a0entre \u00a0los \u00a0mencionados una \u00a0particular \u00a0relaci\u00f3n, \u00a0pues \u00a0no \u00a0de \u00a0otra \u00a0forma \u00a0puede \u00a0entenderse \u00a0la \u00a0visita \u00a0frecuente \u00a0a \u00a0un mismo sitio de propiedad privada, y ello fue corroborado por el \u00a0desmovilizado \u00a0REND\u00d3N \u00a0HERRERA, alias \u2018Don \u00a0 Mario\u2019, \u00a0quien \u00a0reafirm\u00f3 \u00a0enf\u00e1ticamente que dichos sujetos s\u00ed se conoc\u00edan, y tambi\u00e9n \u00a0exist\u00edan \u00a0nexos, \u00a0pues \u00a0en \u00a0audiencia \u00a0p\u00fablica \u00a0refiri\u00e9ndose \u00a0a \u00a0NEBIO \u00a0dijo: \u00a0\u201c\u00e9l \u00a0era \u00a0muy \u00a0allegado \u00a0de Vicente\u2026\u201d (min.00:21:15\u2026). \u00a0\u00a0<\/p>\n<p>73. \u00a0Se pretende poner en duda la veracidad \u00a0de \u00a0 \u00a0las \u00a0 \u00a0aseveraciones \u00a0 \u00a0de \u00a0 \u00a0\u2018HH\u2019 \u00a0 por \u00a0considerarlo \u00a0un \u00a0sujeto \u00a0poco digno de ello, especialmente por las afirmaciones \u00a0de \u00a0\u2018Don Mario\u2019 \u00a0quien \u00a0dijo \u00a0que a aqu\u00e9l le dec\u00edan \u00a0\u201cel \u00a0extorsionista \u00a0de \u00a0la \u00a0verdad\u201d, \u00a0pues \u00a0esperaba \u00a0que le dieran dinero a \u00a0cambio de no declarar en contra de un procesado. \u00a0\u00a0<\/p>\n<p>74. \u00a0La Sala observa que no es este el caso \u00a0aqu\u00ed \u00a0debatido, \u00a0toda \u00a0vez que no se ha establecido inter\u00e9s protervo alguno de \u00a0su \u00a0parte \u00a0para \u00a0faltar \u00a0a \u00a0la \u00a0verdad \u00a0y \u00a0tampoco en decirla, solo ha declarado \u00a0espont\u00e1neamente \u00a0acerca de su presencia en el lugar mencionado en compa\u00f1\u00eda de \u00a0varios \u00a0 ex \u00a0 comandantes \u00a0paramilitares, \u00a0encabezados \u00a0por \u00a0el \u00a0propio \u00a0VICENTE \u00a0CASTA\u00d1O, \u00a0quien \u00a0acudi\u00f3 \u00a0a \u00a0los \u00a0llanos \u00a0a \u00a0tratar de resolver el problema que \u00a0reci\u00e9n \u00a0 \u00a0 iniciaba \u00a0 \u00a0 entre \u00a0 \u00a0 MIGUEL \u00a0 \u00a0 ARROYAVE, \u00a0 \u00a0alias \u00a0 \u00a0\u2018Arc\u00e1ngel\u2019 \u00a0 \u00a0y \u00a0 \u00a0H\u00c9CTOR \u00a0 BUITRAGO, \u00a0 alias \u00a0\u2018Mart\u00edn \u00a0Llanos\u2019, \u00a0y \u00a0de \u00a0paso \u00a0se \u00a0hosped\u00f3 \u00a0en \u00a0el predio aludido siendo all\u00ed donde se reuni\u00f3 entonces con OSCAR \u00a0L\u00d3PEZ CADAVID. \u00a0\u00a0<\/p>\n<p>75. En ning\u00fan momento se hizo referencia a \u00a0una \u00a0 actuaci\u00f3n \u00a0similar \u00a0de \u00a0alias \u00a0\u2018HH\u2019 frente al \u00a0procesado, \u00a0no \u00a0es \u00a0cierto \u00a0que \u00a0para \u00a0este \u00a0caso haya existido alg\u00fan pedimento \u00a0econ\u00f3mico \u00a0 o \u00a0 de \u00a0 otra \u00a0 \u00edndole \u00a0 a \u00a0cambio \u00a0de \u00a0no \u00a0testificar \u00a0o \u00a0hacerlo \u00a0favorablemente; \u00a0por \u00a0el \u00a0contrario, \u00a0han \u00a0sido \u00a0tan \u00a0serias \u00a0y contundentes las \u00a0manifestaciones \u00a0 del \u00a0desmovilizado \u00a0\u2018HH\u2019 \u00a0en \u00a0este \u00a0caso \u00a0espec\u00edfico, que incluso se pretendi\u00f3 por parte del acusado a trav\u00e9s del \u00a0se\u00f1or \u00a0 \u00a0 \u00a0ALBEIRO \u00a0 \u00a0 \u00a0MEJ\u00cdA \u00a0 \u00a0 \u00a0GUTI\u00c9RREZ12, \u00a0acallar \u00a0sus \u00a0afirmaciones \u00a0acudiendo \u00a0 para \u00a0 ello \u00a0 al \u00a0 hermano \u00a0 de \u00a0 aqu\u00e9l \u00a0 de \u00a0nombre \u00a0FREDY \u00a0VELOZA \u00a0GARC\u00cdA13, \u00a0 \u00a0conocido \u00a0 \u00a0como \u00a0 \u00a0\u2018Loratuerta\u2019, \u00a0quien \u00a0se \u00a0desempe\u00f1aba como mec\u00e1nico de motos en la regi\u00f3n de los llanos, y a \u00a0quien \u00a0le \u00a0solicitaron que hablara con \u00c9VER VELOZA con el fin de que variara su \u00a0versi\u00f3n \u00a0y \u00a0dijera \u00a0que \u00a0cuando \u00a0se \u00a0refiri\u00f3 a OSCAR L\u00d3PEZ en realidad hac\u00eda \u00a0referencia \u00a0a \u00a0otra \u00a0persona, \u00a0es \u00a0decir a un hom\u00f3nimo, petici\u00f3n ante la cual, \u00a0\u2018Loratuerta\u2019 \u00a0se \u00a0neg\u00f3 \u00a0aduciendo \u00a0que \u00a0\u00e9l no se \u00a0met\u00eda en los l\u00edos de su hermano.\u00a0\u00a0 \u00a0\u00a0<\/p>\n<p>76. Refulge con toda nitidez en el plenario \u00a0la \u00a0asistencia \u00a0de \u00a0VICENTE \u00a0CASTA\u00d1O \u00a0y otros ex comandantes paramilitares a la \u00a0reuni\u00f3n \u00a0en \u00a0la \u00a0finca \u00a0ubicada \u00a0en \u00a0Paratebueno \u00a0en \u00a0el \u00a0a\u00f1o 200014, y aunque se \u00a0dice \u00a0que el nombre del predio en cuesti\u00f3n era \u201cVendaval\u201d y de propiedad de \u00a0NEBIO \u00a0ECHEVERRY, \u00a0resulta \u00a0indudable \u00a0que \u00a0aquella \u00a0fue una gran \u201cconvenci\u00f3n \u00a0paramilitar\u201d, \u00a0pues \u00a0casi \u00a0todos \u00a0los \u00a0m\u00e1s \u00a0importantes \u00a0comandantes hicieron \u00a0presencia \u00a0en \u00a0el \u00a0lugar, \u00a0en \u00a0donde \u00a0tambi\u00e9n \u00a0estaban, \u00a0por obvias y naturales \u00a0razones, \u00a0NEBIO \u00a0ECHEVERRY y su primo hermano OSCAR DE JES\u00daS L\u00d3PEZ CADAVID, el \u00a0primero \u00a0como \u00a0fuerte \u00a0aspirante \u00a0a la gobernaci\u00f3n del Guaviare (fue Gobernador \u00a0entre \u00a02001 \u00a0y \u00a02003) \u00a0y \u00a0anfitri\u00f3n \u00a0principal, \u00a0y \u00a0el \u00a0segundo \u00a0como \u00a0seguro e \u00a0inexcusable asistente a una congregaci\u00f3n de esa magnitud.\u00a0 \u00a0\u00a0<\/p>\n<p>\u00a0 \u00a0 \u00a0 \u00a0 \u00a0<\/p>\n<p>\u00a0 \u00a0\u00a0 \u00a0\u00a0 \u00a077. \u00a0Considera \u00a0la \u00a0defensa \u00a0que \u00a0no \u00a0era posible la presencia de su \u00a0protegido \u00a0en \u00a0esa \u00a0\u00e9poca \u00a0pues \u00a0para \u00a0el \u00a017 de junio se encontraba en Estados \u00a0Unidos, \u00a0ante \u00a0lo \u00a0cual \u00a0solo \u00a0ha \u00a0de \u00a0decirse \u00a0que en ning\u00fan momento los aqu\u00ed \u00a0declarantes \u00a0aseguraron \u00a0que \u00a0esa \u00a0fue \u00a0la \u00a0fecha \u00a0exacta \u00a0de \u00a0tales \u00a0reuniones, \u00a0recu\u00e9rdese \u00a0que\u00a0 \u00a0incluso \u00a0se \u00a0refiere \u00a0que no fue tan solo en una sino en \u00a0plurales \u00a0ocasiones \u00a0en \u00a0las \u00a0que \u00a0VICENTE \u00a0CASTA\u00d1O \u00a0viaj\u00f3 \u00a0a \u00a0la regi\u00f3n y se \u00a0hosped\u00f3 \u00a0en \u00a0la \u00a0finca \u00a0ubicada en Paratebueno. \u00a0 \u00a0\u00a0 \u00a0 \u00a0 \u00a0\u00a0<\/p>\n<p>\u00a0 \u00a0\u00a0 \u00a0\u00a0 \u00a078. \u00a0As\u00ed las cosas, al resultar de seria credibilidad el testimonio \u00a0de \u00a0 \u00a0 \u00c9VER \u00a0 \u00a0VELOZA, \u00a0 \u00a0alias \u00a0 \u00a0\u2018HH\u2019, en cuanto \u00a0a \u00a0la \u00a0presencia de L\u00d3PEZ CADAVID en la finca mencionada junto con los m\u00e1ximos \u00a0comandantes \u00a0de \u00a0la \u00a0denominada \u00a0\u201cCasa Casta\u00f1o\u201d, bien puede deducirse, como \u00a0tambi\u00e9n \u00a0lo \u00a0hicieron \u00a0Fiscal\u00eda \u00a0y Ministerio P\u00fablico, el indicio grave de la \u00a0estrecha \u00a0relaci\u00f3n \u00a0del \u00a0procesado \u00a0con las autodefensas, no solo de los Llanos \u00a0sino \u00a0tambi\u00e9n \u00a0con \u00a0las \u00a0Autodefensas \u00a0Unidas \u00a0de \u00a0Colombia \u00a0(AUC), a la saz\u00f3n \u00a0comandadas \u00a0por \u00a0el propio VICENTE CASTA\u00d1O quien acudi\u00f3 a ese lugar ubicado en \u00a0el \u00a0 municipio \u00a0de \u00a0Paratebueno \u00a0no \u00a0solo \u00a0en \u00a0una \u00a0sino \u00a0en \u00a0varias \u00a0ocasiones. \u00a0\u00a0<\/p>\n<p>De \u00a0la \u00a0Adquisici\u00f3n \u00a0de \u00a0la \u00a0Finca \u00a0\u201cLa \u00a0Argentina\u201d, por parte del procesado. \u00a0\u00a0<\/p>\n<p>79. \u00a0Ya \u00a0desde \u00a0el \u00a0a\u00f1o \u00a02000 \u00a0cuando \u00a0las \u00a0autodefensas \u00a0hab\u00edan \u00a0penetrado \u00a0suficientemente en la regi\u00f3n de los Llanos, y \u00a0se \u00a0establecieron \u00a0en \u00a0diferentes \u00a0lugares, \u00a0iniciaron \u00a0el \u00a0apoderamiento de los \u00a0terrenos \u00a0de \u00a0su \u00a0inter\u00e9s, \u00a0o \u00a0simplemente \u00a0despojaron \u00a0de \u00a0estos a quienes por \u00a0diversas \u00a0razones \u00a0fueron \u00a0se\u00f1alados \u00a0como \u00a0auxiliadores \u00a0o colaboradores de la \u00a0guerrilla, \u00a0entre otras, para dar cabida al plan trazado por uno de sus m\u00e1ximos \u00a0l\u00edderes, \u00a0VICENTE \u00a0CASTA\u00d1O, quien, seg\u00fan refieren algunos desmovilizados como \u00a0\u00c9VER \u00a0 \u00a0 \u00a0VELOZA, \u00a0 \u00a0 \u00a0alias \u00a0 \u00a0 \u00a0\u2018HH\u2019, \u00a0pretend\u00eda \u00a0ocupar \u00a0la \u00a0mayor \u00a0extensi\u00f3n \u00a0territorial posible a fin de llevar a \u00a0cabo \u00a0su \u00a0deseado cultivo de palma: \u201c\u2026\u2018Pachito \u00a0 \u00a0 \u00a0Casanare\u2019 \u00a0era el encargado de comprar tierras \u00a0en \u00a0 Vichada \u00a0 y \u00a0Casanare, \u00a0para \u00a0montar \u00a0un \u00a0proyecto \u00a0de \u00a0palma \u00a0con \u00a0Vicente \u00a0Casta\u00f1o\u2026\u2019Pachito\u2019 era \u00a0el \u00a0 \u00a0empleado \u00a0 \u00a0del \u00a0 se\u00f1or \u00a0 Oscar \u00a0 L\u00f3pez\u2026\u201d \u00a0(min.10:35:45\u2026)15. \u00a0\u00a0<\/p>\n<p>80. \u00a0A \u00a0tales \u00a0circunstancias \u00a0y \u00a0formas de \u00a0apoderamiento, \u00a0hizo \u00a0referencia \u00a0el \u00a0desmovilizado \u00a0MANUEL \u00a0DE JES\u00daS PIRAB\u00c1N, \u00a0alias \u00a0 \u00a0 \u00a0\u2018Jorge \u00a0Pirata\u201916, \u00a0 quien \u00a0 corrobor\u00f3 \u00a0 sus \u00a0afirmaciones \u00a0en \u00a0audiencia p\u00fablica, en la cual se\u00f1al\u00f3 enf\u00e1ticamente que por \u00a0orden \u00a0de \u00a0VICENTE \u00a0CASTA\u00d1O se ten\u00eda que despojar de sus propiedades al se\u00f1or \u00a0ARMANDO \u00a0RINC\u00d3N\u00a0 \u00a0y \u00a0de \u00a0ello \u00a0se \u00a0encarg\u00f3 en un principio EFRA\u00cdN P\u00c9REZ \u00a0CARDONA, \u00a0 \u00a0 \u00a0 \u00a0 alias \u00a0 \u00a0 \u00a0 \u00a0 \u2018400\u2019, \u00a0quien \u00a0despu\u00e9s \u00a0de \u00a0ser \u00a0detenido \u00a0no \u00a0pudo \u00a0continuar \u00a0con \u00a0esa encomienda y por ello \u00a0prosigui\u00f3 \u00a0con \u00a0dicha actividad otro comandante de nombre EMIRO PEREIRA RIVERA, \u00a0alias \u00a0 \u00a0 \u00a0 \u00a0 \u00a0 \u00a0 \u00a0 \u00a0 \u00a0\u2018Guevoepisca\u2019 o \u00a0\u2018Alfonso\u2019, \u00a0a \u00a0quien \u00a0se\u00f1ala como conocedor de \u00a0todo \u00a0lo \u00a0que pudo haber ocurrido con el predio \u201cLa Argentina\u201d, toda vez que \u00a0\u00e9l \u00a0(\u2018Pirata\u2019) \u00a0no frecuentaba la zona de Casanare. \u00a0\u00a0<\/p>\n<p>81. \u00a0 Efectivamente, \u00a0a \u00a0la \u00a0finca \u00a0\u201cLa \u00a0Argentina\u201d \u00a0arribaron \u00a0en \u00a0enero \u00a0del \u00a02001 cerca de medio centenar de sujetos \u00a0armados \u00a0pertenecientes \u00a0a \u00a0los \u00a0grupos \u00a0paramilitares de los Llanos, dirigidos, \u00a0entre \u00a0 otros, \u00a0 por \u00a0 JES\u00daS \u00a0 EMIRO \u00a0 PEREIRA \u00a0 RIVERA, \u00a0 alias \u00a0 \u2018Alfonso\u2019 \u00a0 \u00a0 \u00a0 \u00a0 o \u00a0 \u00a0 \u00a0 \u00a0 \u2018Guevoepisca\u2019 \u00a0 \u00a0 \u00a0 \u00a0 o \u00a0 \u00a0 \u00a0 \u00a0 \u2018El \u00a0 \u00a0 \u00a0 \u00a0 \u00a0Ciego\u2019, \u00a0 \u00a0quien \u00a0 \u00a0declar\u00f3 \u00a0 \u00a0en \u00a0 \u00a0este \u00a0proceso17 \u00a0y \u00a0bajo \u00a0juramento \u00a0afirm\u00f3 \u00a0que \u00a0ten\u00eda la orden de su comandante \u00a0VICENTE \u00a0CASTA\u00d1O \u00a0de \u00a0despojar \u00a0de sus propiedades a LUIS ARMANDO RINC\u00d3N y, en \u00a0consecuencia, \u00a0la \u00a0finca \u00a0\u201cLa Argentina\u201d \u201cten\u00eda \u00a0que \u00a0venderla \u00a0o \u00a0venderla\u201d \u00a0(sic), \u00a0pues \u00a0la \u00a0orden \u00a0tajante \u00a0del \u00a0comando \u00a0de \u00a0las \u00a0AUC, \u00a0era \u00a0despojar \u00a0a dicho sujeto de todas sus \u00a0propiedades y desplazarlo de la regi\u00f3n. \u00a0\u00a0<\/p>\n<p>82. \u00a0Igualmente, este testigo afirm\u00f3 que a \u00a0\u00e9l \u00a0se \u00a0le \u00a0acerc\u00f3 un sujeto a quien distingue como BENEDICTO ROMERO, quien le \u00a0pidi\u00f3 \u00a0permiso \u00a0para \u00a0adquirir \u00a0dicho predio, y a cambio de ello, el mencionado \u00a0ROMERO \u00a0tuvo \u00a0que \u00a0darle la suma de 400 millones de pesos que fueron descontados \u00a0del precio total de la finca en cuesti\u00f3n.\u00a0\u00a0\u00a0 \u00a0\u00a0<\/p>\n<p>83. \u00a0La defensa sostuvo fehacientemente que \u00a0el \u00a0se\u00f1or \u00a0GONZ\u00c1LO \u00a0OROS \u00a0no fue el verdadero intermediario de la negociaci\u00f3n \u00a0aludida, \u00a0pues \u00a0\u00e9l \u00a0se \u00a0vali\u00f3 \u00a0de \u00a0su \u00a0pariente \u00a0JAIME CORT\u00c9S (ya fallecido), \u00a0veterinario \u00a0de \u00a0profesi\u00f3n \u00a0y \u00a0dedicado al comercio de ganado y de fincas, para \u00a0llevar \u00a0a \u00a0cabo \u00a0la \u00a0venta \u00a0del \u00a0terreno, \u00a0y \u00a0precisamente PEREIRA RIVERA, alias \u00a0\u2018Alfonso\u2019 \u00a0 \u00a0 \u00a0 \u00a0 o \u00a0 \u00a0 \u00a0 \u00a0 \u2018Guevoepisca\u2019, \u00a0lo confundi\u00f3 con BENEDICTO ROMERO, \u00a0pues \u00a0al \u00a0referirse \u00a0a \u00a0los \u00a0rasgos \u00a0morfol\u00f3gicos de \u00e9ste, refiri\u00f3 los que en \u00a0realidad \u00a0corresponden \u00a0a los de CORT\u00c9S, quien era alto, de contextura gruesa y \u00a0con se\u00f1ales en la cara producidas por el acn\u00e9.\u00a0 \u00a0\u00a0<\/p>\n<p>84. \u00a0Tambi\u00e9n aludi\u00f3 a dicha confusi\u00f3n de \u00a0alias \u00a0\u2018Alfonso\u2019, como si ello fuera motivo suficiente \u00a0para \u00a0 deslegitimar \u00a0 entonces \u00a0 la \u00a0 negociaci\u00f3n \u00a0 mencionada, \u00a0o \u00a0peor \u00a0a\u00fan, \u00a0descalificar \u00a0por \u00a0completo \u00a0las serias aseveraciones de este testigo quien bajo \u00a0la \u00a0gravedad \u00a0del juramento expres\u00f3 que para la realizaci\u00f3n de la compra-venta \u00a0de \u00a0la \u00a0finca \u00a0\u201cLa Argentina\u201d, fue necesario que BENEDICTO ROMERO, o para el \u00a0caso, \u00a0 JAIME \u00a0 CORT\u00c9S, \u00a0aportara \u00a0a \u00a0la \u00a0causa \u00a0paramilitar \u00a0la \u00a0mitad \u00a0de \u00a0la \u00a0negociaci\u00f3n, \u00a0 esto \u00a0es, \u00a0la \u00a0suma \u00a0de \u00a0400 \u00a0millones \u00a0de \u00a0pesos \u00a0en \u00a0efectivo. \u00a0\u00a0<\/p>\n<p>85. Independientemente de si PEREIRA RIVERA, \u00a0alias \u00a0\u2018Alfonso\u2019, \u00a0 confundi\u00f3 \u00a0 a \u00a0 JAIME \u00a0 CORT\u00c9S \u00a0 \u00a0 \u00a0\u00a0 \u00a0 \u00a0\u00a0 \u00a0 \u00a0\u00a0 \u00a0 \u00a0\u00a0con \u00a0BENEDICTO \u00a0ROMERO, \u00a0como la\u00a0 persona quien le solicit\u00f3 el \u00a0permiso \u00a0para \u00a0adquirir la finca en cuesti\u00f3n y adem\u00e1s le hizo entrega de dicho \u00a0dinero \u00a0por \u00a0permitirle \u00a0esa \u00a0negociaci\u00f3n, \u00a0lo cierto es que aparece probada la \u00a0compra-venta \u00a0del \u00a0predio y la entrega del efectivo, pues de ello dio cuenta con \u00a0meridiana \u00a0claridad \u00a0el \u00a0testigo aludido, y no existe raz\u00f3n alguna o motivo por \u00a0el \u00a0cual \u00a0no \u00a0deba \u00a0d\u00e1rsele credibilidad en sus aseveraciones, pues incluso los \u00a0otros \u00a0ex comandantes paramilitares cuyos testimonios se escucharon aqu\u00ed, tales \u00a0como, \u00a0 \u00a0 \u00a0 \u00a0 \u00a0alias \u00a0 \u00a0 \u00a0 \u00a0 \u00a0\u2018400\u2019 \u00a0y alias \u00a0\u2018Jorge Pirata\u2019 \u00a0 \u00a0 \u00a0 \u00a0 o \u00a0 \u00a0 \u00a0 \u00a0 \u2018Pirata\u2019, \u00a0hicieron \u00a0referencia al dominio que \u00a0sobre \u00a0el \u00a0predio \u00a0hab\u00edan\u00a0 \u00a0adquirido \u00a0las \u00a0autodefensas, \u00a0por orden de su \u00a0comandante VICENTE CASTA\u00d1O. \u00a0\u00a0<\/p>\n<p>86. \u00a0Sin \u00a0perjuicio \u00a0de \u00a0las resultas de la \u00a0investigaci\u00f3n \u00a0 correspondiente \u00a0 por \u00a0 esta \u00a0 conducta, \u00a0 adelantada \u00a0ante \u00a0el \u00a0funcionario \u00a0competente, \u00a0por \u00a0la supuesta extorsi\u00f3n y desplazamiento en la que \u00a0pudieron \u00a0incurrir \u00a0quienes \u00a0forzaron al se\u00f1or RINC\u00d3N a dejar su tierra, y sin \u00a0que \u00a0el \u00a0tema \u00a0aqu\u00ed \u00a0debatido sea el determinar si la compra-venta se hizo o no \u00a0bajo \u00a0los \u00a0par\u00e1metros \u00a0legales \u00a0o si hubo contradicciones en sus aseveraciones, \u00a0como \u00a0lo \u00a0aseguran defensor y procesado, la Sala encuentra como un hecho probado \u00a0y \u00a0cierto \u00a0que \u00a0al \u00a0momento \u00a0de \u00a0ser \u00a0vendida \u00a0la \u00a0finca \u00a0\u201cLa Argentina\u201d con \u00a0intermediaci\u00f3n \u00a0de \u00a0GONZ\u00c1LO \u00a0OROS, \u00a0dicho predio se encontraba bajo el dominio \u00a0paramilitar \u00a0y, \u00a0no \u00a0obstante \u00a0ello, \u00a0fue \u00a0adquirido \u00a0por OSCAR DE JES\u00daS L\u00d3PEZ \u00a0CADAVID \u00a0quien \u00a0despleg\u00f3 \u00a0su \u00a0se\u00f1or\u00edo \u00a0sobre \u00a0el \u00a0mismo \u00a0sin haber enfrentado \u00a0ninguna \u00a0clase \u00a0de \u00a0dificultades, \u00a0se \u00a0reitera, con los grupos armados ilegales, \u00a0para \u00a0el ejercicio pleno del derecho de propiedad sobre el inmueble en cuesti\u00f3n \u00a0-tal \u00a0como \u00a0aparece \u00a0probado \u00a0en \u00a0el \u00a0proceso-, aunque fuera obligado a pagar la \u00a0denominada \u201cvacuna\u201d. \u00a0\u00a0<\/p>\n<p>87. El propio testigo de descargo, amigo del \u00a0procesado \u00a0y \u00a0quien \u00a0actu\u00f3 \u00a0como \u00a0intermediario \u00a0en la compra-venta del terreno \u00a0aludido, \u00a0 \u00a0 \u00a0 se\u00f1or \u00a0 \u00a0 \u00a0 GONZ\u00c1LO \u00a0 \u00a0 \u00a0 OROS18 \u00a0fue \u00a0enf\u00e1tico \u00a0al se\u00f1alar \u00a0que \u00a0\u00e9l \u00a0s\u00ed sab\u00eda de los problemas de paramilitarismo que ten\u00edan no solo esa \u00a0finca \u00a0sino todas las dem\u00e1s, pues sus propietarios deb\u00edan pagar \u201cvacuna\u201d a \u00a0las \u00a0autodefensas, \u00a0bien \u00a0por \u00a0hect\u00e1rea \u00a0o \u00a0por cabeza de ganado; aseveraciones \u00a0\u00e9stas \u00a0que, \u00a0en criterio de la Sala, constituyen raz\u00f3n de m\u00e1s para considerar \u00a0de \u00a0mayor \u00a0entidad el compromiso de L\u00d3PEZ CADAVID, pues no resulta cre\u00edble que \u00a0el \u00a0acusado \u00a0haya \u00a0inadvertido \u00a0tal situaci\u00f3n ya que conforme a lo dicho por el \u00a0propio \u00a0RINC\u00d3N, \u00a0el \u00a0intermediario \u00a0OROS \u00a0le \u00a0dijo \u00a0que de los paramilitares se \u00a0encargaba el comprador. \u00a0\u00a0<\/p>\n<p>88. \u00a0Al \u00a0ser \u00a0cuestionado \u00a0en \u00a0audiencia el \u00a0acusado \u00a0respecto de las razones por las cuales, JAIME CORT\u00c9S ni GONZ\u00c1LO OROS, \u00a0lo \u00a0pusieron al tanto de lo que all\u00ed ocurr\u00eda, expres\u00f3 que muy seguramente por \u00a0cuanto \u00a0 estaban \u00a0 percibiendo \u00a0 una \u00a0 comisi\u00f3n \u00a0 por \u00a0 la \u00a0venta \u00a0del \u00a0predio, \u00a0manifestaci\u00f3n \u00a0que \u00a0no \u00a0deja \u00a0de ser una excusa carente de sustento, pues si en \u00a0realidad \u00a0ese hubiese sido el motivo para que aquellos guardaran silencio frente \u00a0a \u00a0lo \u00a0que \u00a0de \u00a0antemano \u00a0conoc\u00edan, es decir, de la presencia paramilitar en la \u00a0finca \u00a0cuya \u00a0intermediaci\u00f3n \u00a0ten\u00edan, \u00a0no \u00a0existe entonces explicaci\u00f3n l\u00f3gica \u00a0alguna \u00a0para \u00a0que \u00a0uno \u00a0de \u00a0ellos, bien sea BENEDICTO ROMERO -como lo dijo el ex \u00a0paramilitar \u00a0 \u00a0 \u00a0EMIRO \u00a0 \u00a0 \u00a0PEREIRA \u00a0 \u00a0 \u00a0RIVERA19, \u00a0 \u00a0alias \u00a0 \u00a0\u2018Guevoepisca\u2019-, \u00a0 o \u00a0JAIME \u00a0CORT\u00c9S, \u00a0le \u00a0hubieran \u00a0entregado \u00a0la \u00a0suma \u00a0de \u00a0400 \u00a0millones a cambio de admitir la realizaci\u00f3n de la \u00a0negociaci\u00f3n, \u00a0pues \u00a0ello \u00a0conllevar\u00eda \u00a0al absurdo de que un \u201ccomisionista\u201d \u00a0como \u00a0\u00e9ste, de su propia comisi\u00f3n o ganancia debiera pagar a los paramilitares \u00a0por \u00a0dicho permiso, con mayor raz\u00f3n, cuando se trata de una suma de dinero como \u00a0la \u00a0referida, \u00a0que es superior al de compra del predio, todo lo cual demerita lo \u00a0aseverado \u00a0por \u00a0el \u00a0procesado \u00a0en \u00a0ese sentido, quien indudablemente conoc\u00eda de \u00a0antemano \u00a0la \u00a0presencia \u00a0o por lo menos el dominio paramilitar sobre el inmueble \u00a0en cuesti\u00f3n. \u00a0\u00a0<\/p>\n<p>89. \u00a0Al \u00a0apoderamiento violento de la finca \u00a0\u201cLa \u00a0Argentina\u201d \u00a0y \u00a0a \u00a0la \u00a0permanencia \u00a0de \u00a0los \u00a0paramilitares \u00a0en \u00a0esta, se \u00a0refirieron \u00a0claramente los desmovilizados mencionados, al punto que tanto MANUEL \u00a0DE \u00a0 \u00a0JES\u00daS \u00a0 \u00a0PIRAB\u00c1N, \u00a0 \u00a0alias \u00a0 \u2018Pirata\u201920, \u00a0 como \u00a0 EFRA\u00cdN \u00a0 P\u00c9REZ \u00a0CARDONA, \u00a0 \u00a0 \u00a0 \u00a0 alias \u00a0 \u00a0 \u00a0 \u00a0 \u2018400\u201921, \u00a0 tambi\u00e9n \u00a0 se\u00f1alaron \u00a0a \u00a0PEREIRA \u00a0 \u00a0 \u00a0RIVERA, \u00a0 \u00a0 alias \u00a0 \u00a0 \u2018Guevoepisca\u2019,\u00a0 \u00a0como \u00a0el \u00a0comandante \u00a0paramilitar que en \u00faltimas se qued\u00f3 \u00a0manejando \u00a0todo \u00a0lo \u00a0concerniente al predio, motivo por el cual no existe raz\u00f3n \u00a0alguna \u00a0para \u00a0desconfiar \u00a0de \u00a0las \u00a0aseveraciones \u00a0de \u00a0este \u00a0\u00faltimo, \u00a0quien bajo \u00a0juramento \u00a0se\u00f1al\u00f3 \u00a0sin \u00a0dubitaci\u00f3n \u00a0a BENEDICTO ROMERO como la persona que no \u00a0solo \u00a0le \u00a0pidi\u00f3 \u00a0permiso \u00a0para \u00a0poder adquirir ese terreno, sino que igualmente \u00a0aport\u00f3 \u00a0la \u00a0suma de 400 millones a fin de que las autodefensas le dejaran libre \u00a0el \u00a0camino \u00a0a \u00a0los \u00a0nuevos propietarios, esto es, al entonces representante a la \u00a0C\u00e1mara OSCAR DE JES\u00daS L\u00d3PEZ CADAVID y a \u00e9l mismo. \u00a0\u00a0<\/p>\n<p>90. Bajo esa perspectiva entonces, es obvio \u00a0concluir \u00a0que \u00a0tal fue la raz\u00f3n por la cual los paramilitares no le permitieron \u00a0al \u00a0potencial \u00a0comprador\u00a0 \u00a0LIBARDO MUNEVAR MORA22 \u00a0 acercarse \u00a0 siquiera \u00a0 al \u00a0pluricitado \u00a0predio, \u00a0en \u00a0tanto que los otros, L\u00d3PEZ CADAVID y BENDICTO ROMERO, \u00a0reci\u00e9n \u00a0llegados a \u201cLa Argentina\u201d, pudieron eludir la presencia paramilitar \u00a0sin \u00a0mayor \u00a0esfuerzo, \u00a0lo \u00a0cual \u00a0permite \u00a0colegir que las relaciones entre estos \u00a0\u00faltimos \u00a0y \u00a0las \u00a0autodefensas \u00a0del Llano iban por muy buen camino, al punto que \u00a0los \u00a0armados ilegales no opusieron ning\u00fan tipo de resistencia ante la presencia \u00a0de \u00a0quienes \u00a0desde \u00a0ese \u00a0momento \u00a0disfrutar\u00edan \u00a0los terrenos que laboriosamente \u00a0fueron trabajados por su antiguo propietario. \u00a0\u00a0<\/p>\n<p>91. Si bien se ha pretendido por la defensa, \u00a0esgrimir \u00a0como \u00a0contra-indicio \u00a0el \u00a0dictamen \u00a0pericial \u00a0del \u00a0CTI (cuaderno anexo \u00a0N\u00fam.15), \u00a0que \u00a0determin\u00f3 \u00a0como precio aproximado de la finca La Argentina para \u00a0la \u00a0\u00e9poca \u00a0del \u00a02001 \u00a0la \u00a0suma \u00a0de \u00a0quinientos \u00a0mil \u00a0pesos \u00a0por hect\u00e1rea, para \u00a0justificar \u00a0con \u00a0ello \u00a0el \u00a0precio \u00a0acordado \u00a0en la negociaci\u00f3n y de esta manera \u00a0refutar \u00a0las \u00a0afirmaciones \u00a0de \u00a0ARMANDO \u00a0RINC\u00d3N, \u00a0no \u00a0menos \u00a0importante resulta \u00a0destacar \u00a0aqu\u00ed \u00a0que el tema en debate no es estricto sensu el precio pagado, ni \u00a0la \u00a0legalidad \u00a0de \u00a0la \u00a0negociaci\u00f3n, \u00a0sino \u00a0establecer \u00a0c\u00f3mo fue posible que al \u00a0se\u00f1or \u00a0L\u00d3PEZ \u00a0CADAVID, \u00a0contrario \u00a0a \u00a0lo \u00a0que pas\u00f3 con LIBARDO MUNEVAR, se le \u00a0permitiera \u00a0negociar \u00a0el \u00a0predio \u00a0y ejercer pleno y tranquilo se\u00f1or\u00edo sobre el \u00a0inmueble, \u00a0a \u00a0pesar \u00a0de \u00a0la presencia paramilitar en el mismo, pues no se conoce \u00a0procesalmente \u00a0que \u00a0hubiese \u00a0tenido obst\u00e1culo alguno para el ejercicio pleno de \u00a0las facultades derivadas del derecho de dominio. \u00a0\u00a0<\/p>\n<p>92. \u00a0De la misma forma, pretende el acusado \u00a0desvirtuar \u00a0cualquier \u00a0nexo \u00a0suyo con las autodefensas, asegurando que el propio \u00a0EMIRO \u00a0 \u00a0 \u00a0PEREIRA, \u00a0 \u00a0 \u00a0alias \u00a0 \u00a0 \u2018Guevoepisca\u2019, \u00a0en \u00a0injurada \u00a0se\u00f1al\u00f3 \u00a0que \u00a0s\u00f3lo \u00a0se \u00a0vino \u00a0a \u00a0enterar \u00a0de qui\u00e9nes fueron los \u00a0compradores \u00a0 de \u00a0la \u00a0finca \u00a0\u201cLa \u00a0Argentina\u201d, \u00a0en \u00a0el \u00a0a\u00f1o \u00a02009, \u00a0lo \u00a0cual \u00a0constituye, \u00a0para \u00a0la \u00a0defensa, \u00a0la prueba de que el procesado y su socio en esa \u00a0compra-venta \u00a0no \u00a0sab\u00edan de la existencia paramilitar al momento de adquirir el \u00a0predio en cuesti\u00f3n. \u00a0\u00a0<\/p>\n<p>93. \u00a0Nada \u00a0m\u00e1s \u00a0alejado \u00a0de la realidad el \u00a0planteamiento \u00a0antes esbozado,\u00a0 pues no debe olvidarse que la actuaci\u00f3n de \u00a0este \u00a0ex comandante paramilitar, quien cumpl\u00eda en ese sentido \u00f3rdenes emanadas \u00a0desde \u00a0Urab\u00e1, \u00a0de \u00a0VICENTE CASTA\u00d1O, solo se limitaba precisamente a recibir el \u00a0dinero \u00a0de \u00a0parte \u00a0de \u00a0los \u00a0compradores \u00a0y \u00a0para \u00a0ello no fue necesaria su plena \u00a0identificaci\u00f3n \u00a0ante \u00a0este \u00a0sujeto, \u00a0quien \u00a0ni siquiera fue intermediario en el \u00a0negocio, \u00a0pues \u00a0tan \u00a0solo \u00a0permiti\u00f3 \u00a0que \u00a0respecto \u00a0del terreno se efectuara la \u00a0transacci\u00f3n \u00a0tantas \u00a0veces \u00a0aludida \u00a0y \u00a0a \u00a0cambio \u00a0recibi\u00f3 la suma en efectivo \u00a0mencionada \u00a0(400 \u00a0millones) \u00a0y \u00a0de \u00a0ah\u00ed en adelante fue que pudieron los nuevos \u00a0propietarios \u00a0 empezar \u00a0 a \u00a0disfrutar \u00a0de \u00a0su \u00a0derecho \u00a0pleno \u00a0de \u00a0uso, \u00a0goce \u00a0y \u00a0disposici\u00f3n, tal como hasta hoy lo hacen. \u00a0\u00a0<\/p>\n<p>94. Tambi\u00e9n se controvierte por la defensa \u00a0y \u00a0el \u00a0acusado, \u00a0el \u00a0hecho consistente en que los testigos de descargo afirmaron \u00a0que \u00a0no \u00a0vieron \u00a0personas \u00a0en \u00a0la \u00a0finca cuando fue visitada inicialmente por el \u00a0intermediario \u00a0JAIME CORT\u00c9S, lo cual coincide con las manifestaciones de otros, \u00a0como \u00a0LIBARDO \u00a0MUNEVAR \u00a0MORA, \u00a0quien \u00a0asegur\u00f3 que no vio personas armadas en el \u00a0lugar, \u00a0lo \u00a0que \u00a0en \u00a0sentir \u00a0de quien alega, ser\u00eda evidencia contundente de que \u00a0all\u00ed \u00a0no \u00a0hab\u00eda \u00a0presencia paramilitar, deviniendo falsas las aseveraciones de \u00a0los testigos de cargo. \u00a0\u00a0<\/p>\n<p>95. \u00a0Al \u00a0respecto, \u00a0apenas \u00a0debe tenerse en \u00a0cuenta \u00a0que \u00a0no \u00a0era \u00a0la \u00a0presencia \u00a0en \u00a0la \u00a0finca aludida lo que constitu\u00eda el \u00a0dominio \u00a0paramilitar \u00a0sobre \u00a0el predio, por el contrario, bastaba con solo saber \u00a0que \u00a0\u201cLa \u00a0Argentina\u201d \u00a0hab\u00eda \u00a0sido \u00a0\u201cdecomisada\u201d (t\u00e9rmino utilizado por \u00a0\u2018Jorge Pirata\u2019 \u00a0 en \u00a0audiencia \u00a0p\u00fablica) \u00a0por \u00a0las \u00a0autodefensas \u00a0del \u00a0Llano, \u00a0cumpliendo as\u00ed estricta orden del comandante VICENTE \u00a0CASTA\u00d1O, \u00a0para \u00a0que \u00a0ello \u00a0fuera suficiente ante quien deseara llegar al lugar, \u00a0tal \u00a0como \u00a0le \u00a0ocurri\u00f3 \u00a0al \u00a0propio \u00a0testigo MUNEVAR MORA quien dijo no haberlos \u00a0visto, \u00a0a\u00fan \u00a0as\u00ed, \u00a0fue \u00a0enf\u00e1tico \u00a0al \u00a0afirmar \u00a0que \u00a0a \u00a0\u00e9l lo desplazaron los \u00a0paramilitares \u00a0de \u00a0la \u00a0finca \u00a0\u201cLa \u00a0Argentina\u201d, \u00a0es \u00a0decir \u00a0no le permitieron \u00a0siquiera \u00a0contar con la opci\u00f3n de hacerse a la misma, lo que s\u00ed le permitieron \u00a0al entonces representante L\u00d3PEZ CADAVID. \u00a0\u00a0<\/p>\n<p>96. \u00a0 En \u00a0 consecuencia, \u00a0si \u00a0del \u00a0predio \u00a0denominado \u00a0\u201cLa \u00a0Argentina\u201d \u00a0se \u00a0hab\u00edan \u00a0apoderado \u00a0las autodefensas de los \u00a0Llanos \u00a0 dirigidas, \u00a0 entre \u00a0 otros, \u00a0por \u00a0PEREIRA \u00a0RIVERA, \u00a0alias \u00a0\u2018Alfonso\u2019, \u00a0quienes \u00a0no \u00a0permit\u00edan \u00a0el \u00a0acceso \u00a0de\u00a0 \u00a0compradores \u00a0no \u00a0autorizados \u00a0por \u00a0ellos \u00a0al \u00a0lugar, \u00a0as\u00ed \u00a0y todo fue \u00a0adquirida \u00a0por \u00a0OSCAR \u00a0DE \u00a0JES\u00daS L\u00d3PEZ CADAVID, quien luego de la negociaci\u00f3n \u00a0acudi\u00f3 \u00a0al \u00a0terreno \u00a0y \u00a0ejerci\u00f3 el dominio sin dificultades, resulta indudable \u00a0que \u00a0de \u00a0all\u00ed \u00a0emerge \u00a0di\u00e1fano el indicio grave de connivencia y relaci\u00f3n del \u00a0procesado \u00a0con \u00a0los \u00a0grupos paramilitares, pues no armoniza con las reglas de la \u00a0experiencia \u00a0que \u00a0alguien, \u00a0con \u00a0preferencia respecto de cualquier otra persona, \u00a0adquiera \u00a0un predio que est\u00e1 bajo el dominio de un grupo paramilitar, -como era \u00a0el \u00a0caso \u00a0de \u00a0la \u00a0finca \u00a0mencionada- \u00a0y seguidamente pueda ejercer su derecho de \u00a0se\u00f1or \u00a0y \u00a0due\u00f1o \u00a0sin \u00a0complicaciones \u00a0de \u00a0ninguna \u00a0\u00edndole, a no ser que tenga \u00a0v\u00ednculos o realice acuerdos con estos violentos. \u00a0\u00a0<\/p>\n<p>97. Refutando la prueba de cargo, asegura el \u00a0defensor \u00a0que \u00a0todo \u00a0lo \u00a0aducido \u00a0en \u00a0contra de su defendido resulta falso, pues \u00a0alias \u00a0 \u00a0 \u00a0 \u00a0 \u00a0 \u00a0 \u00a0 \u00a0 \u00a0\u2018Cuchillo\u2019 para \u00a0esa \u00a0\u00e9poca \u00a0no \u00a0se encontraba en la regi\u00f3n de los Llanos, ya que arrib\u00f3 all\u00ed \u00a0en el a\u00f1o 2004. \u00a0\u00a0<\/p>\n<p>98. \u00a0Nada \u00a0m\u00e1s \u00a0alejado \u00a0y \u00a0contrario a la \u00a0realidad \u00a0probatoria, \u00a0toda \u00a0vez \u00a0que si se repara en la declaraci\u00f3n rendida en \u00a0audiencia \u00a0p\u00fablica \u00a0por el ex comandante paramilitar MANUEL DE JES\u00daS PIRAB\u00c1N, \u00a0alias \u00a0 \u00a0 \u00a0\u2018Jorge \u00a0Pirata\u2019, \u00a0fue \u00a0claro \u00a0y \u00a0enf\u00e1tico \u00a0en \u00a0sostener \u00a0que \u00a0aqu\u00e9l, \u00a0esto es, PEDRO OLIVEIRO GUERRERO CASTLLO, \u00a0alias \u00a0 \u00a0 \u00a0 \u00a0 \u00a0 \u00a0 \u00a0 \u00a0 \u00a0\u2018Cuchillo\u2019, ya \u00a0desde \u00a0 finales \u00a0 del \u00a0a\u00f1o \u00a098 \u00a0se \u00a0desempe\u00f1aba \u00a0como \u00a0comandante \u00a0del \u00a0frente \u00a0\u201cGuaviare\u201d \u00a0 de \u00a0 las \u00a0 autodefensas \u00a0 del \u00a0 Llano \u00a0 (min.00:09:00\u2026); \u00a0 en \u00a0consecuencia, \u00a0desde \u00a0el \u00a0inicio \u00a0de \u00a0sus \u00a0alegatos \u00a0la \u00a0defensa \u00a0se \u00a0adentra en \u00a0suposiciones \u00a0f\u00e1cticas \u00a0inexistentes \u00a0en \u00a0el \u00a0proceso, \u00a0lo \u00a0cual le puede haber \u00a0impedido ver con mayor claridad la desbordante prueba de cargo. \u00a0\u00a0<\/p>\n<p>De \u00a0 la \u00a0 sociedad \u00a0 con \u00a0 \u2018Cuchillo\u2019 \u00a0 \u00a0 \u00a0 \u00a0 y \u00a0 \u00a0 \u00a0 \u00a0\u2018Pipe\u2019 en la empresa minera. \u00a0\u00a0<\/p>\n<p>99. \u00a0Aunado a lo anterior, precisamente con \u00a0uno \u00a0de \u00a0esos \u00a0comandantes \u00a0de estos grupos armados ilegales, esto es, con alias \u00a0\u2018Cuchillo\u2019, \u00a0fue \u00a0con \u00a0quien se asoci\u00f3 OSCAR DE \u00a0JES\u00daS \u00a0L\u00d3PEZ \u00a0CADAVID \u00a0en \u00a0la \u00a0empresa \u00a0minera \u00a0\u201cExploraci\u00f3n y Exportaci\u00f3n \u00a0Minera \u00a0del Llano Ltda.\u201d, creada y fundada por \u00e9l mediante Escritura P\u00fablica \u00a0n\u00fam. 2.298 del 24 de agosto de 2005 (fl.230 c.o.2). \u00a0\u00a0<\/p>\n<p>100. \u00a0 Si \u00a0 bien, \u00a0 los \u00a0dos \u00a0comandantes \u00a0paramilitares \u00a0 \u00a0DIEGO \u00a0 \u00a0FERNANDO \u00a0 \u00a0RINC\u00d3N \u00a0 \u00a0LAVERDE, \u00a0 alias \u00a0 \u2018Pipe\u2019 \u00a0y \u00a0PEDRO OLIVEIRO GUERRERO CASTILLO, \u00a0alias \u00a0 \u00a0 \u00a0 \u00a0 \u00a0 \u00a0 \u00a0 \u00a0 \u00a0\u2018Cuchillo\u2019, \u00a0obtuvieron \u00a0las \u00a0acciones en la empresa en cuesti\u00f3n gracias a la cesi\u00f3n que de \u00a0ellas \u00a0hiciera el tambi\u00e9n socio MARCO TULIO LARGO TORRES, el ingreso al seno de \u00a0la \u00a0empresa \u00a0fue \u00a0bastante \u00a0bien recibido por los otros socios, entre quienes se \u00a0encontraba \u00a0L\u00d3PEZ \u00a0CADAVID, quienes dieron plausible acogida a los mencionados, \u00a0prueba \u00a0de \u00a0ello fue la reuni\u00f3n de junta de socios del 9 de mayo de 2006, de la \u00a0cual \u00a0se dej\u00f3 la correspondiente acta escrita y en la que bien puede observarse \u00a0el \u00a0 asentimiento \u00a0 de \u00a0 todos \u00a0 entorno \u00a0 a \u00a0 los \u00a0 nuevos \u00a0aportantes \u00a0(fl.222 \u00a0c.o.2). \u00a0\u00a0<\/p>\n<p>101. Pretender hacer creer, como lo hacen el \u00a0procesado \u00a0y \u00a0su defensor, al igual que GERM\u00c1N MEJ\u00cdA GUTI\u00c9RREZ, que jam\u00e1s se \u00a0reunieron \u00a0los \u00a0socios \u00a0sino que tan solo consent\u00edan v\u00eda telef\u00f3nica en lo que \u00a0se \u00a0hac\u00eda \u00a0a \u00a0trav\u00e9s \u00a0del presidente de la empresa VICTOR FLORIANO, no deja de \u00a0ser \u00a0un \u00a0argumento \u00a0pueril \u00a0que \u00a0sorprende, \u00a0pues \u00a0en \u00a0gracia \u00a0de \u00a0discusi\u00f3n \u00a0y \u00a0admitiendo \u00a0semejante \u00a0dislate, \u00a0fue \u00a0la \u00a0voluntad de los socios, incluyendo por \u00a0supuesto \u00a0la \u00a0de \u00a0L\u00d3PEZ \u00a0CADAVID, \u00a0lo \u00a0que permiti\u00f3 no s\u00f3lo la cesi\u00f3n de las \u00a0acciones \u00a0de \u00a0MARCO \u00a0TULIO \u00a0LARGO \u00a0TORRES, \u00a0sino \u00a0igualmente \u00a0el \u00a0ingreso de los \u00a0pluricitados \u00a0ex \u00a0comandantes \u00a0de \u00a0las \u00a0autodefensas \u00a0a \u00a0la sociedad, pues de no \u00a0haberlo \u00a0deseado, \u00a0los \u00a0dem\u00e1s \u00a0socios \u00a0hubieran podido expresar su oposici\u00f3n a \u00a0dicha \u00a0cesi\u00f3n, al punto incluso de disolver la sociedad, raz\u00f3n por la cual los \u00a0actos \u00a0 extempor\u00e1neos \u00a0 de \u00a0 contrici\u00f3n \u00a0 le \u00a0 restan \u00a0 credibilidad \u00a0 a \u00a0 sus \u00a0manifestaciones. \u00a0\u00a0<\/p>\n<p>102. No es admisible bajo ning\u00fan criterio, \u00a0el \u00a0planteamiento \u00a0seg\u00fan el cual, por haberse autorizado en esas circunstancias \u00a0la \u00a0inclusi\u00f3n en la sociedad de alias \u2018Cuchillo\u2019 \u00a0y \u00a0alias \u00a0Pipe\u2019, \u00a0el acto se \u00a0halle \u00a0de \u00a0alguna \u00a0manera \u00a0\u201cjustificado\u201d, pues no debe perderse de vista que \u00a0siempre \u00a0y \u00a0en todo momento el procesado estuvo de acuerdo con la incorporaci\u00f3n \u00a0de \u00a0esas \u00a0personas \u00a0a la empresa, a\u00fan a sabiendas de su prontuario, luego no es \u00a0razonable \u00a0que por haberse autorizado de esa supuesta manera su vinculaci\u00f3n, la \u00a0relaci\u00f3n resulte menos comprometedora. \u00a0\u00a0<\/p>\n<p>103. Tampoco es aceptable se\u00f1alar, como lo \u00a0hacen \u00a0el \u00a0acusado \u00a0y \u00a0su defensor, que la admisi\u00f3n de estos sujetos fue casi a \u00a0disgusto, \u00a0pues \u00a0si \u00a0ello \u00a0hubiese \u00a0sido as\u00ed, no hay raz\u00f3n para que los dem\u00e1s \u00a0socios \u00a0admitieran \u00a0sin \u00a0objeci\u00f3n \u00a0el negocio jur\u00eddico, esto es, la cesi\u00f3n de \u00a0cuotas \u00a0en \u00a0dicha \u00a0sociedad, \u00a0por el contrario, en ning\u00fan momento, por lo menos \u00a0mientras \u00a0 permanecieron \u00a0 los \u00a0 reci\u00e9n \u00a0 incorporados \u00a0 en \u00a0la \u00a0empresa, \u00a0hubo \u00a0manifestaci\u00f3n \u00a0verbal o escrita, p\u00fablica o privada, de inconformidad por parte \u00a0de \u00a0L\u00d3PEZ \u00a0CADAVID, motivo por el cual no resultan cre\u00edbles sus exculpaciones, \u00a0como \u00a0si en su momento no hubiese sido de utilidad para la empresa la inclusi\u00f3n \u00a0de \u00a0estos \u00a0ex \u00a0comandantes \u00a0paramilitares, \u00a0quienes \u00a0por \u00a0obvias razones ten\u00edan \u00a0intereses \u00a0fundados \u00a0en participar de la misma, pues tal como lo asever\u00f3 VICTOR \u00a0HUGO \u00a0 \u00a0 \u00a0 \u00a0 \u00a0 \u00a0FLORIANO \u00a0 \u00a0 \u00a0 \u00a0 \u00a0 HUERTAS23, \u00a0 \u00a0 \u00a0 \u00a0 \u2018Cuchillo\u2019 \u00a0 \u00a0 \u00a0 \u00a0 y \u00a0 \u00a0 \u00a0 \u00a0 \u2018Pipe\u2019 \u00a0 estaban \u00a0interesados \u00a0en \u00a0realizar \u00a0algunos \u00a0planes \u00a0empresariales \u00a0para \u00a0los \u00a0desmovilizados, adem\u00e1s que su rol de \u00a0socios \u00a0 les \u00a0 aseguraba \u00a0cierto \u00a0velo \u00a0corportivo \u00a0para \u00a0el \u00a0ejercicio \u00a0de \u00a0sus \u00a0actividades agr\u00edcolas, comerciales y pol\u00edticas. \u00a0\u00a0<\/p>\n<p>104. Si los anteriores argumentos esbozados \u00a0por \u00a0 la \u00a0 defensa \u00a0no \u00a0son \u00a0suficientes \u00a0para \u00a0infirmar \u00a0la \u00a0connivencia \u00a0entre \u00a0\u2018Cuchillo\u2019 \u00a0y \u00a0el procesado, menos a\u00fan, resulta \u00a0apropiada \u00a0para \u00a0tal fin, la aseveraci\u00f3n consistente en que para ese momento de \u00a0la \u00a0incorporaci\u00f3n \u00a0de los nuevos socios, ellos estaban desmovilizados y por tal \u00a0motivo \u00a0pod\u00edan \u00a0legalmente \u00a0realizar ese tipo de negociaciones o de actividades \u00a0comerciales. \u00a0\u00a0<\/p>\n<p>105. \u00a0Lo anterior, por cuanto no se discute \u00a0ni \u00a0se \u00a0le \u00a0reprocha \u00a0al procesado la inclusi\u00f3n de dichas personas a la empresa \u00a0originalmente \u00a0conformada \u00a0por \u00a0\u00e9l, \u00a0solo \u00a0que \u00a0tal actividad mercantil permite \u00a0observar \u00a0 con \u00a0 meridiana \u00a0 claridad \u00a0 que \u00a0entre \u00a0el \u00a0acusado \u00a0y \u00a0\u2018Cuchillo\u2019 \u00a0s\u00ed \u00a0exist\u00eda \u00a0connivencia \u00a0o cierto \u00a0v\u00ednculo \u00a0de tiempo atr\u00e1s, dada la relaci\u00f3n societaria intuito personae que se \u00a0construye \u00a0a \u00a0partir \u00a0de la naturaleza jur\u00eddica del tipo de sociedades a la que \u00a0pertenec\u00edan \u00a0el acusado y sus socios, pudiendo la Sala en sana l\u00f3gica y acorde \u00a0al \u00a0sentido \u00a0com\u00fan \u00a0entender \u00a0que \u00a0entre \u00a0L\u00d3PEZ \u00a0CADAVID \u00a0y \u00a0GUERRERO CASTILLO \u00a0exist\u00edan \u00a0v\u00ednculos, los cuales, para ese momento, le permitieron a este sujeto \u00a0incorporarse \u00a0a una prometedora empresa creada por el primero, lo que estrechaba \u00a0m\u00e1s esos lazos de amistad entre ellos. \u00a0\u00a0<\/p>\n<p>106. Y es que dicho comandante paramilitar, \u00a0alias \u00a0 \u00a0 \u00a0 \u00a0 \u00a0 \u00a0 \u00a0 \u00a0 \u00a0\u2018Cuchillo\u2019,\u00a0 \u00a0no \u00a0era del todo desconocido para los restantes miembros de \u00a0la \u00a0empresa \u00a0minera \u00a0citada, \u00a0pues \u00a0obran \u00a0en \u00a0el proceso testimonios de algunas \u00a0personas24, \u00a0entre \u00a0otros, \u00a0el \u00a0de HERN\u00c1N HERN\u00c1NDEZ CALDER\u00d3N, SENEN ULPIANO \u00a0MURILLO \u00a0y \u00a0WELSER \u00a0MURILLO \u00a0CORT\u00c9S, \u00a0quienes \u00a0al \u00a0un\u00edsono dieron cuenta de la \u00a0relaci\u00f3n \u00a0y \u00a0subordinaci\u00f3n \u00a0del \u00a0se\u00f1or \u00a0VICTOR \u00a0FLORIANO HUERTAS con GUERRERO \u00a0CASTILLO, \u00a0alias \u00a0Cuchillo\u2019 \u00a0en \u00a0el \u00a0departamento del Vichada, quien tambi\u00e9n se desempe\u00f1aba como Presidente \u00a0de \u00a0la empresa minera de la cual hac\u00edan parte otros miembros quienes por obvias \u00a0razones \u00a0manten\u00edan \u00a0buenas relaciones de amistad, pues a nadie se le ocurrir\u00eda \u00a0conformar una empresa como \u00e9sta entre enemigos o con desconocidos. \u00a0\u00a0<\/p>\n<p>107. \u00a0Incluso, \u00a0su \u00a0propio primo y socio en \u00a0algunos \u00a0negocios \u00a0como\u00a0 NEBIO DE JES\u00daS ECHEVERRY CADAVID, gracias a quien \u00a0el \u00a0procesado y sus hermanos resultaron viviendo en el Guaviare, pues fue aqu\u00e9l \u00a0quien \u00a0primero \u00a0lleg\u00f3 \u00a0a \u00a0los \u00a0Llanos \u00a0proveniente \u00a0de \u00a0Antioquia y despu\u00e9s de \u00a0ubicarse \u00a0los \u00a0llev\u00f3 \u00a0a \u00a0esa \u00a0regi\u00f3n, \u00a0igualmente \u00a0ha sido se\u00f1alado por el ex \u00a0comandante \u00a0de \u00a0las \u00a0autodefensas \u00a0y \u00a0hoy \u00a0desmovilizado DANIEL REND\u00d3N HERRERA, \u00a0alias \u00a0 \u00a0 \u00a0 \u2018Don \u00a0Mario\u201925, \u00a0como una de las personas a \u00a0quienes \u00a0prest\u00f3 \u00a0su apoyo, y de quien recibi\u00f3 la suma de 400 millones de pesos \u00a0como \u00a0 contribuci\u00f3n \u00a0 para \u00a0 la \u00a0causa \u00a0paramilitar, \u00a0lo \u00a0que \u00a0obligar\u00e1 \u00a0a \u00a0la \u00a0compulsaci\u00f3n de copias para la investigaci\u00f3n correspondiente. \u00a0\u00a0<\/p>\n<p>108. \u00a0Siendo \u00a0ello as\u00ed, no le resultaba al \u00a0procesado \u00a0muy \u00a0complicado \u00a0tener \u00a0acceso \u00a0a la agrupaci\u00f3n paramilitar, en este \u00a0caso \u00a0a \u00a0la \u00a0dirigida por GUERRERO CASTILLO, quien sin lugar a dudas influy\u00f3 de \u00a0manera \u00a0contundente \u00a0en \u00a0la \u00a0\u00faltima \u00a0contienda \u00a0electoral a la gobernaci\u00f3n del \u00a0Guaviare \u00a0(a\u00f1o \u00a02007), \u00a0hecho \u00a0del \u00a0cual \u00a0dieron \u00a0cuenta, \u00a0como \u00a0se \u00a0ver\u00e1 m\u00e1s \u00a0adelante, \u00a0algunos testigos en el proceso, entre otros: DAGOBERTO SU\u00c1REZ MELO y \u00a0su t\u00edo PEDRO SU\u00c1REZ. \u00a0\u00a0<\/p>\n<p>109. \u00a0 Naturalmente, \u00a0 a \u00a0 ra\u00edz \u00a0 de \u00a0la \u00a0vinculaci\u00f3n \u00a0en \u00a0la \u00a0empresa de alias \u2018Cuchillo\u2019 \u00a0y \u00a0alias \u00a0 \u2018Pipe\u2019, \u00a0las \u00a0suspicacias \u00a0no \u00a0se \u00a0hicieron \u00a0esperar \u00a0y \u00a0de \u00a0dicha \u00a0negociaci\u00f3n \u00a0resultaron \u00a0infinidad \u00a0de \u00a0comentarios \u00a0que \u00a0eventualmente \u00a0compromet\u00edan \u00a0a \u00a0L\u00d3PEZ CADAVID y a otros, lo que indudablemente \u00a0motiv\u00f3 \u00a0el \u00a0retiro \u00a0intempestivo \u00a0y \u00a0pronto \u00a0de los mencionados desmovilizados, \u00a0quienes \u00a0se \u00a0desvincularon \u00a0de \u00a0la empresa tan solo unos meses despu\u00e9s de haber \u00a0ingresado a ella, cediendo sus cuotas a personas de su confianza. \u00a0\u00a0<\/p>\n<p>110. \u00a0Por todo lo anteriormente expuesto no \u00a0son \u00a0de \u00a0recibo los argumentos vertidos por el acusado en cuanto a la sensaci\u00f3n \u00a0de \u00a0disgusto \u00a0que \u00a0dice \u00a0sinti\u00f3 \u00a0en \u00a0ese \u00a0momento, ni las del tambi\u00e9n asociado \u00a0GERM\u00c1N \u00a0MEJ\u00cdA \u00a0GUTI\u00c9RREZ \u00a0por \u00a0efectos \u00a0de \u00a0dicho \u00a0ingreso \u00a0a \u00a0la sociedad de \u00a0\u2018Cuchillo\u2019 \u00a0 \u00a0 \u00a0 \u00a0 y \u00a0 \u00a0 \u00a0 \u00a0 \u2018Pipe\u2019, \u00a0pues \u00a0de \u00a0haber \u00a0sido \u00a0ello \u00a0as\u00ed, \u00a0indudablemente \u00a0su \u00a0posici\u00f3n \u00a0contraria \u00a0la \u00a0deb\u00edan \u00a0haber plasmado en el acta \u00a0correspondiente \u00a0elaborada en la junta de socios realizada el 9 de mayo del 2006 \u00a0de \u00a0la cual obra constancia escrita (fl.222 c.o.2) o posteriormente; contrario a \u00a0ello, \u00a0 s\u00f3lo \u00a0 consignaron \u00a0 sus \u00a0manifestaciones \u00a0de \u00a0aliento \u00a0y \u00a0aval \u00a0a \u00a0tal \u00a0procedimiento \u00a0comercial, \u00a0pues \u00a0mientras \u00a0que \u00a0uno, \u00a0MARCO \u00a0TULIO \u00a0LARGO TORRES \u00a0ced\u00eda, \u00a0 otros, \u00a0 PEDRO \u00a0 OLIVEIRO \u00a0 GUERRERO \u00a0 CASTILLO, \u00a0 alias \u00a0\u2018Cuchillo\u2019 \u00a0y \u00a0DIEGO \u00a0FERNANDO \u00a0REND\u00d3N LAVERDE, \u00a0alias \u00a0 \u2018Pipe\u2019, \u00a0aceptaban \u00a0su \u00a0participaci\u00f3n en la \u00a0empresa, \u00a0 \u00a0ninguna \u00a0 \u00a0voz \u00a0 \u00a0discordante \u00a0 \u00a0fue \u00a0 \u00a0pronunciada \u00a0 contra \u00a0 dicho \u00a0acuerdo. \u00a0\u00a0<\/p>\n<p>111. \u00a0Aunque \u00a0la \u00a0responsabilidad \u00a0penal es \u00a0personal, \u00a0ello \u00a0no \u00a0obsta \u00a0para evidenciar a\u00fan m\u00e1s la relaci\u00f3n del procesado \u00a0con \u00a0las \u00a0autodefensas \u00a0del \u00a0Llano \u00a0comandadas \u00a0entre \u00a0otros, \u00a0por \u00a0\u2018Cuchillo\u2019, \u00a0pues \u00a0si \u00a0uno \u00a0de \u00a0los \u00a0principales \u00a0socios \u00a0en \u00a0la \u00a0empresa \u00a0minera, \u00a0esto \u00a0es, \u00a0V\u00cdCTOR FLORIANO, quien era amigo y \u00a0pariente \u00a0de \u00a0L\u00d3PEZ \u00a0CADAVID, \u00a0ten\u00eda \u00a0fuertes \u00a0v\u00ednculos \u00a0con dicho comandante \u00a0paramilitar, \u00a0seg\u00fan los testigos referenciados (en el p\u00e1rrafo 88), no se ve la \u00a0raz\u00f3n \u00a0por \u00a0la \u00a0cual \u00a0L\u00d3PEZ \u00a0CADAVID \u00a0hubiera podido estar al margen o ajeno a \u00a0similares \u00a0relaciones \u00a0con \u00a0dicho \u00a0sujeto y su agrupaci\u00f3n armada ilegal, con el \u00a0fin \u00a0protervo, \u00a0entre otros, de obtener su apoyo para las actividades pol\u00edticas \u00a0en las cuales se encontraba involucrado o pretend\u00eda estarlo. \u00a0\u00a0<\/p>\n<p>xxxxxxxxxxxxxxxxxxxx \u00a0<\/p>\n<p>De \u00a0la \u00a0reuni\u00f3n \u00a0en \u00a0las caballerizas del \u00a0municipio de San Mart\u00edn. \u00a0\u00a0<\/p>\n<p>112. \u00a0Como se analiz\u00f3 antes y sin que para \u00a0efectos \u00a0de lo que ha de exponerse sea importante determinar si para ese momento \u00a0estaban \u00a0desmovilizados y con salvoconducto, lo cierto es que alias \u2018Cuchillo\u2019 \u00a0 \u00a0 \u00a0y \u00a0 \u00a0 alias \u00a0 \u00a0 \u2018Pipe\u2019, \u00a0eran \u00a0sujetos que proven\u00edan de las \u00a0autodefensas, \u00a0hecho \u00a0que \u00a0deja en evidencia el grado de connivencia y relaci\u00f3n \u00a0del \u00a0acusado \u00a0con \u00a0dichas \u00a0personas, \u00a0que \u00a0facilit\u00f3 \u00a0y estimul\u00f3 el contubernio \u00a0gracias \u00a0al \u00a0cual \u00a0obtuvo \u00a0el \u00a0apoyo \u00a0de \u00a0las \u00a0autodefensas comandadas por PEDRO \u00a0OLIVEIRO \u00a0GUERRERO \u00a0CASTILLO \u00a0para \u00a0obtener, pese a la fuerte rivalidad de otros \u00a0oponentes, \u00a0la \u00a0Gobernaci\u00f3n \u00a0del \u00a0departamento \u00a0del \u00a0Guaviare \u00a0para el per\u00edodo \u00a0constitucional \u00a02008-2011, \u00a0raz\u00f3n por la cual pretendieron alejar de la misma a \u00a0contendores como el aqu\u00ed denunciante DAGOBERTO SU\u00c1REZ MELO. \u00a0\u00a0<\/p>\n<p>113. \u00a0Esa \u00a0fue \u00a0la \u00a0raz\u00f3n \u00a0por \u00a0la cual el \u00a0entonces \u00a0desmovilizado \u00a0GUERRERO \u00a0CASTILLO, oblig\u00f3 a acudir a las caballerizas \u00a0ubicadas \u00a0en \u00a0el \u00a0municipio \u00a0de San Mart\u00edn (Meta) a principios del 2007 al otro \u00a0fuerte \u00a0 candidato, \u00a0 DAGOBERTO \u00a0 SU\u00c1REZ \u00a0 MELO, \u00a0 a \u00a0 quien \u00a0increp\u00f3 \u00a0por \u00a0su \u00a0participaci\u00f3n \u00a0en \u00a0la \u00a0contienda electoral que se avecinaba, pues aspiraba a la \u00a0gobernaci\u00f3n \u00a0del \u00a0departamento \u00a0del \u00a0Guaviare, \u00a0con el fin de ahuyentarlo de la \u00a0misma, \u00a0al \u00a0punto \u00a0que \u00a0le \u00a0prohibi\u00f3, incluso bajo amenaza de muerte, que de su \u00a0campa\u00f1a \u00a0hiciera \u00a0parte \u00a0YESID NIETO, persona referida como un nuevo comandante \u00a0paramilitar.\u00a0 \u00a0\u00a0<\/p>\n<p>114. Efectivamente, para comienzos del a\u00f1o \u00a02007 \u00a0en \u00a0momentos \u00a0en \u00a0que SU\u00c1REZ MELO viajaba con su t\u00edo PEDRO SU\u00c1REZ y dos \u00a0amigos \u00a0ALIRIO MULET\u00d3N FEO y GABRIEL D\u00cdAZ BERNAL -para la \u00e9poca representante \u00a0a \u00a0la \u00a0C\u00e1mara \u00a0por el Guaviare-, hacia los Llanos, a la altura del municipio de \u00a0San \u00a0Mart\u00edn \u00a0(Meta) \u00a0fueron \u00a0interceptados por un sujeto quien se movilizaba en \u00a0motocicleta \u00a0y los condujo hasta las caballerizas ubicadas dentro del per\u00edmetro \u00a0urbano, \u00a0lugar \u00a0en \u00a0el \u00a0cual se encontraba GUERRERO CASTILLO, alias \u2018Cuchillo\u2019, \u00a0acompa\u00f1ado \u00a0de \u00a0OSCAR \u00a0DE \u00a0JES\u00daS \u00a0L\u00d3PEZ CADAVID y un hermano de este. \u00a0\u00a0<\/p>\n<p>115. Igual versi\u00f3n rindieron bajo juramento \u00a0los \u00a0referidos \u00a0acompa\u00f1antes, \u00a0quienes \u00a0fueron \u00a0contestes \u00a0en \u00a0aseverar que s\u00ed \u00a0acompa\u00f1aban \u00a0a \u00a0SU\u00c1REZ \u00a0MELO cuando todo ello ocurri\u00f3, solo que no ingresaron \u00a0al \u00a0recinto \u00a0mencionado, \u00a0por \u00a0ello \u00a0\u00fanicamente \u00a0vieron \u00a0a LOPEZ CADAVID cuando \u00a0sal\u00eda \u00a0de \u00a0las \u00a0caballerizas \u00a0junto \u00a0con un hermano, momentos despu\u00e9s de haber \u00a0ingresado a estas DAGOBERTO y su amigo D\u00cdAZ BERNAL. \u00a0\u00a0<\/p>\n<p>116. \u00a0La \u00a0presencia \u00a0en \u00a0el \u00a0lugar de alias \u00a0\u2018Cuchillo\u2019 ha sido seriamente cuestionada por la \u00a0defensa \u00a0y \u00a0el \u00a0acusado, \u00a0al \u00a0punto \u00a0que \u00a0solicitaron \u00a0los \u00a0testimonios \u00a0de \u00a0los \u00a0diferentes \u00a0comandantes \u00a0y \u00a0funcionarios \u00a0de \u00a0las entidades encargadas del orden \u00a0p\u00fablico \u00a0en \u00a0el lugar, para desmentir con ellos dicha presencia del fugitivo en \u00a0las \u00a0caballerizas \u00a0de \u00a0San \u00a0Mart\u00edn, \u00a0lo cual no logr\u00f3, pues a lo \u00fanico que se \u00a0limitaron \u00a0estos \u00a0deponentes \u00a0fue \u00a0a expresar sus consideraciones personales sin \u00a0que nada les constara al respecto. \u00a0\u00a0<\/p>\n<p>\u00a0 117. El testigo GABRIEL D\u00cdAZ BERNAL, \u00a0quien \u00a0 \u00a0 para \u00a0 \u00a0 ese \u00a0 \u00a0 momento \u00a0 \u00a0 del \u00a0 \u00a0 encuentro \u00a0 \u00a0 con \u00a0 \u00a0\u2018Cuchillo\u2019 ostentaba la curul de Representante a \u00a0la \u00a0C\u00e1mara \u00a0por \u00a0el \u00a0Guaviare, \u00a0coincidi\u00f3 \u00a0con DABOBERTO SU\u00c1REZ al afirmar la \u00a0presencia \u00a0en \u00a0ese \u00a0lugar \u00a0de \u00a0dicho \u00a0comandante \u00a0paramilitar, \u00a0incluso tambi\u00e9n \u00a0escuch\u00f3 \u00a0 la \u00a0 recriminaci\u00f3n \u00a0 que \u00a0le \u00a0hizo \u00a0a \u00a0SU\u00c1REZ \u00a0por \u00a0estar \u00a0haciendo \u00a0proselitismo \u00a0para \u00a0la gobernaci\u00f3n del departamento sin su permiso, no alcanz\u00f3 \u00a0a \u00a0escuchar \u00a0m\u00e1s, \u00a0pues \u00a0se retir\u00f3 un poco del lugar para permitir el di\u00e1logo \u00a0entre \u00a0aquellos, \u00a0por \u00a0ese \u00a0motivo no dio cuenta del otro tema de conversaci\u00f3n, \u00a0consistente \u00a0 \u00a0en \u00a0 \u00a0la \u00a0 amenaza \u00a0 de \u00a0 muerte \u00a0 proferida \u00a0 por \u00a0 \u2018Cuchillo\u2019 \u00a0en contra del candidato SU\u00c1REZ MELO \u00a0si lo ve\u00eda en compa\u00f1\u00eda del esmeraldero YESID NIETO. \u00a0\u00a0<\/p>\n<p>118. \u00a0No \u00a0existe \u00a0raz\u00f3n \u00a0plausible \u00a0para \u00a0demeritar \u00a0la \u00a0credibilidad \u00a0de estos testigos de cargo y resulta insuficiente a \u00a0esos \u00a0prop\u00f3sitos \u00a0lo \u00a0asegurado por el defensor y el acusado sobre la rivalidad \u00a0pol\u00edtica \u00a0existente \u00a0entre \u00a0ellos, \u00a0pues \u00a0tal \u00a0apreciaci\u00f3n carece de elementos \u00a0suasorios \u00a0fundantes \u00a0que \u00a0la \u00a0dejen \u00a0a \u00a0salvo de la subjetividad interesada del \u00a0acusado \u00a0y \u00a0su \u00a0defensa; \u00a0ahora, \u00a0es \u00a0bien sabido y no resulta extra\u00f1o, como lo \u00a0refiri\u00f3 \u00a0 \u00a0el \u00a0 \u00a0testigo \u00a0 \u00a0DANIEL \u00a0 \u00a0REND\u00d3N \u00a0 HERRERA, \u00a0 alias \u00a0 \u2018Don \u00a0 \u00a0 \u00a0 \u00a0 \u00a0Mario\u201926, \u00a0 \u00a0 que \u00a0 \u00a0 comandantes \u00a0paramilitares \u00a0 \u00a0 como \u00a0 \u00a0 alias \u00a0 \u00a0\u2018Didier\u2019 \u00a0 o \u00a0\u2018Cuchillo\u2019 aportaban suficientes sumas de dinero \u00a0a \u00a0ciertas\u00a0 \u00a0autoridades \u00a0lugare\u00f1as para poder pasar inadvertidos, lo cual \u00a0explicar\u00eda \u00a0satisfactoriamente \u00a0porqu\u00e9 alias \u201cCuchillo\u201d, siendo fugitivo y \u00a0buscado \u00a0por \u00a0las \u00a0autoridades, \u00a0pudiera \u00a0hacer presencia en el municipio de San \u00a0Mart\u00edn \u00a0(Meta) en los primeros meses del a\u00f1o 2007, tal como lo aseveraron bajo \u00a0juramento estos declarantes. \u00a0\u00a0<\/p>\n<p>119. \u00a0Desafortunadamente \u00a0no es extra\u00f1a ni \u00a0ajena \u00a0a \u00a0la \u00a0actividad oficial de ciertos servidores p\u00fablicos, esa reprochable \u00a0pr\u00e1ctica \u00a0de \u00a0percibir \u00a0dividendos \u00a0econ\u00f3micos por parte de los delincuentes a \u00a0quienes \u00a0se \u00a0debe \u00a0controlar \u00a0y atacar, y seguramente en parte esa delincuencial \u00a0actividad \u00a0 \u00a0 \u00a0fue \u00a0 \u00a0 lo \u00a0 \u00a0 que \u00a0 \u00a0 permiti\u00f3 \u00a0 \u00a0 a \u00a0 \u00a0 alias \u00a0 \u00a0 \u2018Cuchillo\u2019 \u00a0hacer \u00a0presencia \u00a0en el lugar cuando \u00a0era \u00a0requerido \u00a0en captura, sin que se diera cuenta de su presencia all\u00ed. A tal \u00a0punto \u00a0es \u00a0ello \u00a0posible, \u00a0que \u00a0el \u00a0propio testigo GUILLERMO QUI\u00d1ONEZ, quien se \u00a0desempe\u00f1\u00f3 \u00a0como \u00a0Comandante \u00a0de \u00a0la \u00a0Brigada \u00a0all\u00ed \u00a0destacada, admiti\u00f3 haber \u00a0tenido \u00a0que \u00a0retirar \u00a0del \u00a0servicio \u00a0a \u00a0m\u00e1s de un centenar de hombres por actos \u00a0precisamente \u00a0relacionados \u00a0con \u00a0dicho \u00a0asunto. \u00a0En igual sentido se refiri\u00f3 en \u00a0audiencia \u00a0p\u00fablica \u00a0el \u00a0Mayor \u00a0de \u00a0la Polic\u00eda LUIS HERNANDO BENAVIDES GUANCHA, \u00a0quien \u00a0afirm\u00f3: \u00a0\u201c\u2026Recib\u00ed del personal que estaba \u00a0laborando \u00a0all\u00e1\u2026me \u00a0ordenaron \u00a0recibir \u00a0con \u00a0acta\u2026pero \u00a0por \u00a0una situaci\u00f3n \u00a0especial \u00a0 \u00a0 no \u00a0 \u00a0le \u00a0 \u00a0recib\u00ed \u00a0 \u00a0a \u00a0 \u00a0nadie\u2026\u201d \u00a0(min.00:39:20\u2026). \u00a0\u00a0<\/p>\n<p>120. \u00a0 Adem\u00e1s, \u00a0 ning\u00fan \u00a0testigo \u00a0neg\u00f3 \u00a0enf\u00e1ticamente \u00a0 la \u00a0 presencia \u00a0 de \u00a0 GUERRERO \u00a0 CASTILLO, \u00a0alias \u00a0\u2018Didier\u2019 \u00a0 \u00a0 \u00a0 \u00a0 o \u00a0 \u00a0 \u00a0 \u00a0 \u2018Cuchillo\u2019, \u00a0en \u00a0las caballerizas de San Mart\u00edn \u00a0(Meta) \u00a0para \u00a0comienzos \u00a0del \u00a0a\u00f1o \u00a02007, solo se limitaron a expresar pareceres \u00a0tales \u00a0como: \u00a0\u201cno \u00a0creo \u00a0posible\u201d, \u00a0resulta \u00a0dif\u00edcil\u201d \u00a0y \u00a0otra \u00a0serie \u00a0de \u00a0aseveraciones \u00a0 que \u00a0 bien \u00a0 pueden \u00a0 admitirse \u00a0 en \u00a0 un \u00a0 contexto \u00a0normal \u00a0de \u00a0acontecimientos, \u00a0pero \u00a0advirtiendo \u00a0la \u00a0capacidad \u00a0corruptora \u00a0y \u00a0el \u00a0potencial \u00a0econ\u00f3mico \u00a0 de \u00a0 un \u00a0 sujeto \u00a0 como \u00a0\u2018Cuchillo\u2019 bien \u00a0puede \u00a0colegirse \u00a0la \u00a0viabilidad \u00a0de \u00a0su \u00a0presencia \u00a0en dicho lugar a efectos de \u00a0realizar \u00a0asuntos \u00a0personales, \u00a0pues no se olvide que incluso era, y seguramente \u00a0sigue \u00a0siendo, propietario de un gran n\u00famero de semovientes en dicho lugar, tal \u00a0como \u00a0lo \u00a0refiri\u00f3 \u00a0bajo \u00a0juramento \u00a0el desmovilizado MANUEL DE JES\u00daS PIRAB\u00c1N, \u00a0alias \u00a0\u2018Pirata\u2019, \u00a0quien tambi\u00e9n asegur\u00f3 que era ese \u00a0el \u00a0sitio \u00a0predilecto \u00a0para \u00a0sus \u00a0reuniones, obviamente cuando estaba legalmente \u00a0desmovilizado, \u00a0pero los hechos ocurrieron reci\u00e9n incumpli\u00f3 con su compromiso, \u00a0por \u00a0lo \u00a0cual \u00a0bien pudo hacer presencia all\u00ed, sin que su espor\u00e1dica visita al \u00a0lugar \u00a0tuviera \u00a0mayor \u00a0trascendencia \u00a0para la comunidad en general que ya estaba \u00a0acostumbrada a verlo. \u00a0\u00a0<\/p>\n<p>121. \u00a0Obviamente \u00a0no \u00a0puede \u00a0partirse \u00a0del \u00a0presupuesto, \u00a0 como \u00a0 s\u00ed \u00a0lo \u00a0hace \u00a0la \u00a0defensa, \u00a0seg\u00fan \u00a0el \u00a0cual\u00a0 \u00a0alias \u00a0\u2018Cuchillo\u2019 hizo presencia en las caballerizas de \u00a0San \u00a0Mart\u00edn \u00a0(Meta) \u00a0a comienzos del a\u00f1o 2007 de forma vistosa y p\u00fablica; por \u00a0el \u00a0contrario, \u00a0seg\u00fan \u00a0se colige de las propias manifestaciones de los testigos \u00a0de \u00a0cargo, \u00a0dicho \u00a0sujeto \u00a0transitaba \u00a0de \u00a0inc\u00f3gnito, \u00a0sin \u00a0escoltas ni hombres \u00a0armados \u00a0a \u00a0su \u00a0lado, \u00a0menos \u00a0a\u00fan \u00a0con armas largas, motivo por el cual resulta \u00a0razonable \u00a0admitir \u00a0que \u00a0se hizo presente en el lugar para esa \u00e9poca, seg\u00fan lo \u00a0aseverado por DAGOBERTO SU\u00c1REZ y otros. \u00a0\u00a0<\/p>\n<p>122. \u00a0Aunque \u00a0fue \u00a0enf\u00e1tico \u00a0en \u00a0negar \u00a0la \u00a0posibilidad \u00a0de \u00a0la \u00a0presencia \u00a0vistosa \u00a0en \u00a0ese \u00a0lugar y para esas calendas del \u00a0sujeto \u00a0en cuesti\u00f3n, el General (r) QUI\u00d1ONES QUIROZ admiti\u00f3 que ello s\u00ed pudo \u00a0haber \u00a0ocurrido \u00a0pero \u00a0en \u00a0forma \u201cclandestina\u201d (min.01:42:50\u2026). Igualmente \u00a0este \u00a0testigo \u00a0destac\u00f3 \u00a0como \u00a0dato de suma importancia, el hecho seg\u00fan el cual \u00a0alias \u00a0 \u00a0 \u00a0 \u00a0 \u00a0 \u00a0 \u00a0 \u00a0 \u00a0\u2018Cuchillo\u2019 \u00a0ven\u00eda \u00a0siendo catalogado como \u201cdelincuente buscado en nivel 1\u201d y solo pas\u00f3 \u00a0a \u00a0ser \u00a0de \u00a0nivel 5 a partir del a\u00f1o 2008, lo cual, entiende la Sala, significa \u00a0que \u00a0para el momento en que hizo presencia en San Mart\u00edn (Meta) a comienzos del \u00a02007, \u00a0no \u00a0ten\u00eda \u00a0la \u00a0notoriedad \u00a0que \u00a0se pudiera esperar, motivo por el que su \u00a0aprehensi\u00f3n \u00a0no \u00a0era catalogada de tan vital importancia y ello, evidentemente, \u00a0influy\u00f3 \u00a0en \u00a0que \u00a0el \u00a0fugitivo \u00a0pasara \u00a0desapercibido \u00a0ante \u00a0la \u00a0comunidad, que \u00a0despu\u00e9s \u00a0de todo era su propia gente y su lugar de domicilio, seg\u00fan lo afirm\u00f3 \u00a0en \u00a0audiencia \u00a0p\u00fablica \u00a0el \u00a0Sargento \u00a0(r) del Ej\u00e9rcito adscrito a San Mart\u00edn, \u00a0GUSTAVO BELTR\u00c1N ROMERO (min.00:17:15\u2026).\u00a0\u00a0 \u00a0\u00a0<\/p>\n<p>123. \u00a0As\u00ed \u00a0las \u00a0cosas, \u00a0no \u00a0se advierte la \u00a0raz\u00f3n \u00a0para \u00a0desestimar \u00a0la presencia de dicho sujeto en el lugar referido, por \u00a0el \u00a0contrario, exist\u00edan suficientes motivos para estar all\u00ed as\u00ed fuera de modo \u00a0pasajero, \u00a0pues \u00a0las \u00a0pruebas \u00a0testimoniales \u00a0indican \u00a0que \u00a0s\u00ed \u00a0estuvo \u00a0en \u00a0las \u00a0caballerizas \u00a0del \u00a0municipio \u00a0a \u00a0comienzos del 2007 y aprovech\u00f3 esa moment\u00e1nea \u00a0estad\u00eda \u00a0para \u00a0reunirse \u00a0con \u00a0el \u00a0procesado \u00a0al objeto de prestarle su apoyo, e \u00a0igualmente \u00a0para \u00a0amenazar \u00a0y \u00a0procurar \u00a0el retiro de la contienda electoral del \u00a0candidato \u00a0SU\u00c1REZ \u00a0MELO, a quien finalmente le permiti\u00f3 participar de la misma \u00a0con \u00a0la \u00a0condici\u00f3n de no recibir ayuda, bajo amenaza de muerte, del esmeraldero \u00a0YESID NIETO, con quien el denunciante jam\u00e1s pudo aliarse. \u00a0\u00a0<\/p>\n<p>124. La defensa arguye como contra-indicio, \u00a0el \u00a0resultado \u00a0electoral del denunciante DAGOBERTO SU\u00c1REZ MELO, con el precario \u00a0argumento \u00a0seg\u00fan \u00a0el \u00a0cual, \u00a0si \u00a0en realidad hubieran existido tales amenazas o \u00a0prohibiciones \u00a0 \u00a0 \u00a0de \u00a0 \u00a0 \u00a0parte \u00a0 \u00a0 del \u00a0 \u00a0 sujeto \u00a0 \u00a0 apodado \u00a0 \u00a0 \u2018Cuchillo\u2019 \u00a0en \u00a0contra de DAGOBERTO y su apoyo a \u00a0L\u00d3PEZ \u00a0CADAVID, no hubiese podido hacer campa\u00f1a y tampoco habr\u00eda obtenido esa \u00a0alta \u00a0votaci\u00f3n, \u00a0elaborando \u00a0con \u00a0ello \u00a0un \u00a0argumento \u00a0sof\u00edstico, \u00a0pues \u00a0en la \u00a0estructuraci\u00f3n \u00a0de \u00a0la \u00a0figura delictiva del concierto para delinquir agravado, \u00a0no \u00a0se \u00a0requieren \u00a0resultados espec\u00edficos como tipo de mera conducta que es, al \u00a0punto \u00a0que \u00a0a\u00fan \u00a0habiendo \u00a0salido \u00a0vencedor \u00a0el \u00a0denunciante, \u00a0ello \u00a0para \u00a0nada \u00a0desvirtuar\u00eda \u00a0la \u00a0responsabilidad \u00a0en \u00a0el \u00a0delito \u00a0investigado, adem\u00e1s no debe \u00a0olvidarse \u00a0 \u00a0 que \u00a0 \u00a0el \u00a0 \u00a0mismo \u00a0 \u00a0\u2018Cuchillo\u2019 fue \u00a0quien \u00a0le \u00a0permiti\u00f3 proseguir en la contienda electoral con la condici\u00f3n de no \u00a0recibir \u00a0colaboraci\u00f3n \u00a0de YESID NIETO y con la advertencia de que su candidato, \u00a0enti\u00e9ndase \u00a0 el \u00a0 de \u00a0 la \u00a0organizaci\u00f3n \u00a0paramilitar \u00a0por \u00a0\u00e9l \u00a0dirigida, \u00a0era \u00a0precisamente el all\u00ed presente L\u00d3PEZ CADAVID. \u00a0\u00a0<\/p>\n<p>\u00a0 \u00a0 \u00a0\u00a0 \u00a0 \u00a0\u00a0125. \u00a0 \u00a0En \u00a0 tales \u00a0 t\u00e9rminos, \u00a0 el \u00a0comportamiento \u00a0del ex gobernador OSCAR DE JES\u00daS L\u00d3PEZ CADAVID, se aviene a un \u00a0concierto \u00a0para \u00a0delinquir \u00a0bajo \u00a0la \u00a0modalidad \u00a0de promocionar o \u201cpromover\u201d \u00a0grupos \u00a0paramilitares, \u00a0como \u00a0lo \u00a0describe el art\u00edculo 340 inciso 2\u00ba de la Ley \u00a0599 \u00a0de \u00a02000. \u00a0No \u00a0est\u00e1 \u00a0por dem\u00e1s memorar que, frente al delito de concierto \u00a0para \u00a0la \u00a0promoci\u00f3n \u00a0de \u00a0grupos \u00a0ilegales, \u00a0cuando el acuerdo nace de consensos \u00a0entre congresistas y actores armados, la Sala ha expresado: \u00a0\u00a0<\/p>\n<p>\u201cTeniendo en cuenta lo anterior y lo que \u00a0de \u00a0 ordinario \u00a0 sucede \u00a0 en \u00a0 aparatos \u00a0 organizados \u00a0 de \u00a0 poder \u00a0\u2013 \u00a0todo \u00a0para \u00a0no \u00a0desconocer \u00a0el bien \u00a0jur\u00eddico, \u00a0el \u00a0sentido \u00a0del \u00a0tipo \u00a0penal, \u00a0o \u00a0los \u00a0contenidos \u00a0de \u00a0la \u00a0conducta \u00a027 \u00a0 \u2013, \u00a0el \u00a0aporte \u00a0del \u00a0pol\u00edtico a la causa paramilitar cuando coloca la funci\u00f3n p\u00fablica \u00a0a \u00a0 su \u00a0 servicio \u00a0debe \u00a0mirarse \u00a0no \u00a0tanto \u00a0en \u00a0la \u00a0creaci\u00f3n \u00a0de \u00a0disfunciones \u00a0institucionales \u00a0\u2013 \u00a0que, \u00a0claro, \u00a0le \u00a0agregan \u00a0mayor \u00a0gravedad al injusto -, sino en la medida que con esa \u00a0contribuci\u00f3n \u00a0se incrementa \u00a0el \u00a0riesgo \u00a0contra \u00a0la \u00a0seguridad \u00a0p\u00fablica \u00a0al \u00a0potenciar \u00a0la acci\u00f3n del grupo \u00a0ilegal, \u00a0como \u00a0puede \u00a0ocurrir \u00a0cuando \u00a0por \u00a0la influencia de las autodefensas se \u00a0crean \u00a0condiciones \u00a0materiales \u00a0mediante \u00a0inversi\u00f3n estatal en lugares donde la \u00a0acci\u00f3n del paramilitarismo es evidente. \u00a0\u00a0<\/p>\n<p>\u201cEn otras palabras: la distorsi\u00f3n de la \u00a0funci\u00f3n \u00a0estatal, \u00a0cuando eso sucede, es la prueba del acuerdo; as\u00ed como en el \u00a0concierto \u00a0simple, \u00a0los \u00a0delitos \u00a0ejecutados \u00a0en \u00a0funci\u00f3n \u00a0del \u00a0acuerdo \u00a0son la \u00a0manifestaci\u00f3n \u00a0 del \u00a0 consenso \u00a0 ilegal.\u00a0 \u00a0En \u00a0el \u00a0primer \u00a0evento, \u00a0si \u00a0la \u00a0distorsi\u00f3n \u00a0de \u00a0la \u00a0funci\u00f3n \u00a0estatal \u00a0implica \u00a0la \u00a0consumaci\u00f3n de un injusto, \u00a0concursar\u00e1 \u00a0con \u00a0el \u00a0concierto \u00a0para \u00a0delinquir agravado, as\u00ed como los delitos \u00a0comunes \u00a0 \u00a0lo \u00a0 \u00a0hacen \u00a0 \u00a0con \u00a0 \u00a0el \u00a0 delito \u00a0 de \u00a0 concierto \u00a0 para \u00a0 delinquir \u00a0simple.\u201d \u00a0 \u00a0 \u00a028 \u00a0\u00a0<\/p>\n<p>\u00a0 \u00a0 \u00a0\u00a0 \u00a0 \u00a0\u00a0126.\u00a0 \u00a0 As\u00ed \u00a0 pues \u00a0 que \u00a0 del \u00a0comportamiento \u00a0rese\u00f1ado \u00a0cabe pregonar, en el \u00e1mbito de lo injusto, tipicidad \u00a0(Art. \u00a010 \u00a0C.P.) \u00a0y \u00a0antijuridicidad. \u00a0Lo \u00a0primero por cuanto la acci\u00f3n, seg\u00fan \u00a0acaba \u00a0de \u00a0verse, \u00a0tiene \u00a0todos \u00a0los \u00a0rasgos \u00a0objetivos \u00a0que \u00a0la \u00a0subsumen en la \u00a0hip\u00f3tesis \u00a0penal \u00a0referida. Lo segundo, porque el supuesto de hecho t\u00edpico, en \u00a0su \u00a0forma \u00a0individual, \u00a0contravino \u00a0sin \u00a0justificaci\u00f3n \u00a0alguna \u00a0el \u00a0inter\u00e9s de \u00a0protecci\u00f3n \u00a0de \u00a0la \u00a0norma \u00a0vulnerada, \u00a0esto \u00a0es, \u00a0el \u00a0orden p\u00fablico, lo que se \u00a0verifica \u00a0cuando \u00a0claramente \u00a0y \u00a0por encima de cualquier discusi\u00f3n se advierte, \u00a0que \u00a0no \u00a0estuvo \u00a0justificado \u00a0por normas permisivas, legales o supralegales, que \u00a0como \u00a0excusas de exclusi\u00f3n de lo injusto, borren o eliminen su antijuridicidad. \u00a0\u00a0<\/p>\n<p>\u00a0 \u00a0 \u00a0\u00a0 \u00a0 \u00a0\u00a0<\/p>\n<p>127. \u00a0Verificado \u00a0entonces \u00a0que \u00a0la acci\u00f3n \u00a0juzgada \u00a0es t\u00edpica, por subsumirse la conducta humana objetivamente considerada \u00a0dentro \u00a0de \u00a0un \u00a0concreto \u00a0modelo \u00a0de \u00a0ilicitud, \u00a0pero adem\u00e1s antijur\u00eddica, por \u00a0haberse \u00a0realizado \u00a0un \u00a0tipo de injusto no cubierto por causal permisiva, marcha \u00a0la \u00a0Sala \u00a0a \u00a0examinar si se puede atribuir el hecho as\u00ed caracterizado al se\u00f1or \u00a0OSCAR \u00a0DE JES\u00daS L\u00d3PEZ CADAVID, su autor seg\u00fan la acusaci\u00f3n, esto es, si cabe \u00a0formular \u00a0en \u00a0su \u00a0contra \u00a0un \u00a0querer \u00a0de \u00a0resultado \u00a0t\u00edpico, \u00a0doloso, \u00a0adrede o \u00a0intencional, \u00a0\u00fanica \u00a0modalidad \u00a0de \u00a0conducta que admite el delito imputado, con \u00a0arreglo \u00a0al \u00a0principio \u00a0de culpabilidad (Art. 12 ib), erradicada del orden justo \u00a0toda \u00a0forma \u00a0de \u00a0responsabilidad \u00a0objetiva, d\u00e1ndose expresamente respuesta a la \u00a0defensa \u00a0que \u00a0aleg\u00f3 \u201cculpa\u201d y por contera ausencia de dolo, al baremo de lo \u00a0cual \u00a0 adujo \u00a0 atipicidad \u00a0 de \u00a0 la \u00a0conducta \u00a0por \u00a0carencia \u00a0de \u00a0su \u00a0componente \u00a0subjetivo.\u00a0\u00a0\u00a0 \u00a0\u00a0<\/p>\n<p>\u00a0 \u00a0 \u00a0\u00a0 \u00a0 \u00a0128. \u00a0 Y \u00a0es \u00a0ah\u00ed \u00a0donde \u00a0bien \u00a0puede \u00a0recabarse, \u00a0que \u00a0el \u00a0doctor \u00a0OSCAR DE JES\u00daS L\u00d3PEZ CADAVID se uni\u00f3 a una causa \u00a0paramilitar, \u00a0del \u00a0modo \u00a0ampliamente explicado, porque conscientemente lo quiso, \u00a0como \u00a0se \u00a0desprende \u00a0del \u00a0saber \u00a0que \u00a0estuvo y particip\u00f3 activamente, en por lo \u00a0menos \u00a0una de las reuniones convocadas y controladas por VICENTE CASTA\u00d1O, alias \u00a0\u2018Profesor \u00a0Yarumo\u2019, \u00a0 comandante \u00a0general \u00a0 de \u00a0 las \u00a0 Autodefensas \u00a0 Unidas \u00a0 de \u00a0Colombia \u00a0(AUC), \u00a0en \u00a0la \u00a0finca \u00a0\u201cVendaval\u201d \u00a0ubicada en el municipio de Paratebueno. Igualmente, el procesado \u00a0fue \u00a0socio \u00a0en la empresa minera \u201cExploraci\u00f3n y exportaci\u00f3n minera del Llano \u00a0Limitada\u201d \u00a0 con \u00a0 PEDRO \u00a0 OLIVEIRO \u00a0 GUERRERO \u00a0 CASTLLO, \u00a0 alias \u00a0\u2018Cuchillo\u2019 \u00a0con \u00a0quien \u00a0se \u00a0reuni\u00f3 \u00a0y pact\u00f3 su \u00a0apoyo \u00a0a \u00a0la \u00a0candidatura \u00a0a \u00a0la \u00a0gobernaci\u00f3n \u00a0del \u00a0Guaviare \u00a0para \u00a0el per\u00edodo \u00a02008-2011, \u00a0siguiendo los lineamientos de un proyecto pol\u00edtico-paramilitar, que \u00a0despu\u00e9s \u00a0se \u00a0materializ\u00f3; \u00a0no \u00a0realiz\u00f3 \u00a0esa alianza por falta de previsi\u00f3n o \u00a0negligencia, \u00a0en \u00a0tanto \u00a0que \u00a0la \u00a0propia naturaleza del hecho repele ese tipo de \u00a0conducta, sino guiado por la m\u00e1s genuina intenci\u00f3n. \u00a0\u00a0<\/p>\n<p>\u00a0 \u00a0 \u00a0\u00a0 \u00a0 \u00a0\u00a0<\/p>\n<p>129. Cabe considerar entonces, que contrario \u00a0a \u00a0lo \u00a0aducido por la defensa, la conducta de concierto para delinquir agravada, \u00a0bajo \u00a0la modalidad de promoci\u00f3n de grupos paramilitares, es disvaliosa respecto \u00a0del \u00a0doctor \u00a0OSCAR \u00a0DE JES\u00daS L\u00d3PEZ CADAVID, concurriendo la presencia del tipo \u00a0subjetivo \u00a0del \u00a0injusto, \u00a0a \u00a0t\u00edtulo \u00a0de \u00a0dolo \u00a0(Art. \u00a022 ib). Fue su lib\u00e9rrima \u00a0voluntad, \u00a0como \u00a0su \u00a0consciencia, \u00a0aferradas \u00a0a \u00a0la \u00a0ambici\u00f3n de poder, las que \u00a0determinaron \u00a0la \u00a0direcci\u00f3n y el fin de la acci\u00f3n, am\u00e9n de su intensidad. \u00c9l \u00a0se \u00a0represent\u00f3 \u00a0correctamente \u00a0la \u00a0realidad \u00a0f\u00e1ctica que estaba ejecutando, en \u00a0perfecta \u00a0armon\u00eda \u00a0con toda la descripci\u00f3n t\u00edpica que actualiz\u00f3, en cuanto a \u00a0la \u00a0confluencia \u00a0de \u00a0sujetos, \u00a0el \u00a0empleo \u00a0de armas, sus m\u00e9todos il\u00edcitos, sus \u00a0prop\u00f3sitos \u00a0corporativos habituales y coyunturales, traducidos \u00e9stos en afanes \u00a0de \u00a0 promoci\u00f3n \u00a0pol\u00edtica; \u00a0y \u00a0as\u00ed \u00a0asumi\u00f3 \u00a0la \u00a0alianza, \u00a0reconoci\u00e9ndose \u00a0la \u00a0presencia \u00a0de \u00a0los \u00a0elementos \u00a0cognoscitivo \u00a0y \u00a0volitivo \u00a0que \u00a0integran \u00a0el tipo \u00a0subjetivo. \u00a0\u00a0<\/p>\n<p>\u00a0 \u00a0 \u00a0\u00a0 \u00a0\u00a0130. \u00a0El \u00a0doctor \u00a0OSCAR DE JES\u00daS L\u00d3PEZ \u00a0CADAVID, \u00a0 adem\u00e1s, \u00a0 cuando \u00a0 se \u00a0 incorpor\u00f3 \u00a0a \u00a0la \u00a0causa \u00a0pol\u00edtica \u00a0de \u00a0los \u00a0paramilitares, \u00a0ten\u00eda \u00a0capacidad \u00a0de \u00a0culpabilidad \u00a0en \u00a0ejercicio \u00a0pleno de sus \u00a0facultades \u00a0 mentales, \u00a0 conocedor \u00a0de \u00a0las \u00a0relaciones \u00a0p\u00fablicas \u00a0y \u00a0sociales, \u00a0privilegiado \u00a0por \u00a0dem\u00e1s \u00a0en \u00a0habilidades \u00a0jur\u00eddicas \u00a0que \u00a0lo \u00a0facultaban para \u00a0comprender \u00a0y \u00a0determinarse \u00a0de \u00a0conformidad. \u00a0Era \u00a0consciente \u00a0de la ilicitud o \u00a0trascendencia \u00a0jur\u00eddica \u00a0de \u00a0su \u00a0actuar, porque sab\u00eda que una tal alianza para \u00a0arribar \u00a0al \u00a0poder Ejecutivo del departamento era contraria a la Constituci\u00f3n y \u00a0a \u00a0la \u00a0Ley. \u00a0Tampoco \u00a0hubo \u00a0entre \u00a0\u00e9l \u00a0y \u00a0su \u00a0acci\u00f3n \u00a0obst\u00e1culo alguno que le \u00a0impidiera \u00a0proceder conforme a derecho, por lo que en definitiva le era exigible \u00a0un \u00a0comportamiento \u00a0distinto, \u00a0el cual no realiz\u00f3, produci\u00e9ndose as\u00ed tambi\u00e9n \u00a0afectaci\u00f3n \u00a0a la categor\u00eda dogm\u00e1tica de la culpabilidad, lo cual le genera un \u00a0juicio \u00a0de \u00a0desaprobaci\u00f3n \u00a0colectiva, que en nombre de la Rep\u00fablica le formula \u00a0la Corte. \u00a0\u00a0<\/p>\n<p>\u00a0 \u00a0 \u00a0\u00a0 \u00a0 \u00a0\u00a0<\/p>\n<p>131. \u00a0Qued\u00f3 \u00a0desvirtuada la presunci\u00f3n de \u00a0inocencia \u00a0del \u00a0doctor \u00a0OSCAR DE JES\u00daS L\u00d3PEZ CADAVID y por eso, demostrada con \u00a0certeza \u00a0 su \u00a0 responsabilidad \u00a0 penal, \u00a0 no \u00a0hay \u00a0lugar \u00a0para \u00a0el \u00a0in \u00a0dubio \u00a0pro \u00a0reo \u00a0que \u00a0reclam\u00f3 \u00a0en su \u00a0defensa. \u00a0Conforme \u00a0los hechos de la acusaci\u00f3n, la Corte lo declara responsable \u00a0del \u00a0delito \u00a0de \u00a0concierto \u00a0para delinquir agravado, en la modalidad de promover \u00a0grupos \u00a0paramilitares, \u00a0acogiendo \u00a0la \u00a0solicitud \u00a0de \u00a0condena \u00a0que \u00a0en audiencia \u00a0p\u00fablica \u00a0 hizo \u00a0 la \u00a0Fiscal\u00eda \u00a0y \u00a0la \u00a0Procuradur\u00eda. \u00a0Quedaron \u00a0expuestos \u00a0los \u00a0argumentos \u00a0necesarios, \u00a0como \u00a0absueltas \u00a0las \u00a0inquietudes de las partes. Est\u00e1n \u00a0cumplidas \u00a0 cabalmente \u00a0 las \u00a0condiciones \u00a0del \u00a0art\u00edculo \u00a0232 \u00a0del \u00a0C\u00f3digo \u00a0de \u00a0Procedimiento \u00a0Penal \u00a0(Ley 600\/00), para emitir sentencia adversa; como ahora se \u00a0procede.\u00a0 \u00a0\u00a0<\/p>\n<p>VII. DE LAS PENAS\u00a0 \u00a0<\/p>\n<p>\u00a0 \u00a0 \u00a0\u00a0 \u00a0\u00a0132. \u00a0Para \u00a0el \u00a0efecto de cuantificar la \u00a0represi\u00f3n, \u00a0se \u00a0tiene en cuenta que el procesado OSCAR \u00a0DE \u00a0JES\u00daS \u00a0L\u00d3PEZ \u00a0CADAVID es declarado responsable y \u00a0condenado \u00a0por \u00a0el \u00a0delito \u00a0de \u00a0concierto para promover grupos armados ilegales, \u00a0contemplado \u00a0en \u00a0el \u00a0art\u00edculo \u00a0340 \u00a0inciso 2\u00ba de la Ley 599 de 2000, que tiene \u00a0prevista \u00a0pena de prisi\u00f3n que va de 6 a 12 a\u00f1os, o lo que es igual de 72 a 144 \u00a0meses, \u00a0y \u00a0multa \u00a0que \u00a0oscila \u00a0entre \u00a02.000 \u00a0y \u00a020.000 salarios m\u00ednimos legales \u00a0mensuales. \u00a0\u00a0<\/p>\n<p>\u00a0 \u00a0 \u00a0\u00a0 \u00a0\u00a0133. \u00a0Frente \u00a0a \u00a0la pena de prisi\u00f3n, se \u00a0procede \u00a0conforme \u00a0lo \u00a0ordenan los art\u00edculos 60 y 61 de la Ley 599 de 2000, por \u00a0lo \u00a0que \u00a0en \u00a0efecto, su espectro de aplicabilidad se divide en cuartos, as\u00ed: el \u00a0primero \u00a0va \u00a0de \u00a072 \u00a0a 90 meses; el segundo de 90 meses y 1 d\u00eda a 108 meses; el \u00a0tercero \u00a0de 108 meses y 1 d\u00eda a 126 meses; y, el cuarto de 126 meses y 1 d\u00eda a \u00a0144 \u00a0meses. Por lo atinente con la multa, siguiendo el mismo criterio, el primer \u00a0cuarto \u00a0va \u00a0de \u00a02.000 \u00a0a \u00a06.500, \u00a0los dos medios del anterior rubro a 15.500, el \u00a0cuarto \u00a0m\u00e1ximo \u00a0de \u00e9ste a 20.000, en todos los casos salarios m\u00ednimos legales \u00a0mensuales. \u00a0\u00a0<\/p>\n<p>\u00a0 \u00a0 \u00a0\u00a0 \u00a0\u00a0134. \u00a0Como \u00a0la Fiscal\u00eda no dedujo en el \u00a0pliego \u00a0 de \u00a0cargos \u00a0circunstancias \u00a0agravantes \u00a0o \u00a0atenuantes \u00a0gen\u00e9ricas, \u00a0los \u00a0primeros \u00a0cuartos, \u00a0tanto \u00a0de \u00a0la \u00a0prisi\u00f3n \u00a0como \u00a0de \u00a0la \u00a0multa, \u00a0o \u00a0sea, entre \u00a072 y \u00a090 \u00a0meses \u00a0y \u00a0entre \u00a02.000 \u00a0y \u00a06.500 salarios m\u00ednimos \u00a0legales \u00a0mensuales, \u00a0se \u00a0erigen como \u00e1mbitos de movilidad; y dentro de ellos se \u00a0impondr\u00e1n \u00a090 \u00a0meses \u00a0de \u00a0prisi\u00f3n \u00a0y \u00a06.500 salarios \u00a0m\u00ednimos \u00a0 legales \u00a0mensuales \u00a0de \u00a0multa, \u00a0el \u00a0m\u00e1ximo \u00a0permitido por la ley del Estado. \u00a0\u00a0<\/p>\n<p>\u00a0 \u00a0 \u00a0\u00a0 \u00a0\u00a0135. \u00a0Lo \u00a0anterior, \u00a0sobre \u00a0la \u00a0base \u00a0de \u00a0considerar \u00a0que la gravedad de la conducta juzgada se torna acentuada en m\u00e1xima \u00a0potencia, \u00a0en tanto signific\u00f3 cooptaci\u00f3n del poder ejecutivo departamental por \u00a0grupos \u00a0al \u00a0margen \u00a0de la Ley, con menoscabo de los valores que nutren un Estado \u00a0democr\u00e1tico; \u00a0el da\u00f1o fue superlativo, porque fundida en una misma persona las \u00a0condiciones \u00a0de \u00a0agente \u00a0de \u00a0grupos ilegales y del Estado, la seguridad p\u00fablica \u00a0sufri\u00f3 \u00a0un \u00a0ataque \u00a0frontal, am\u00e9n del despojo de su legitimidad; la intensidad \u00a0del \u00a0dolo \u00a0se \u00a0verific\u00f3 sostenida, a tal punto que no hall\u00f3 disuasivo, y surge \u00a0la \u00a0necesidad \u00a0de pena, a prop\u00f3sito de sus finalidades de prevenci\u00f3n general y \u00a0especial, reinserci\u00f3n social, protecci\u00f3n y justa retribuci\u00f3n. \u00a0\u00a0<\/p>\n<p>\u00a0 \u00a0 \u00a0\u00a0 \u00a0\u00a0136. \u00a0Por \u00faltimo, de conformidad con el \u00a0art\u00edculo \u00a052 \u00a0del \u00a0C\u00f3digo \u00a0Penal, \u00a0la \u00a0Sala condenar\u00e1 al acusado OSCAR \u00a0DE \u00a0JES\u00daS L\u00d3PEZ CADAVID, a la pena \u00a0accesoria \u00a0 de \u00a0inhabilitaci\u00f3n \u00a0para \u00a0el \u00a0ejercicio \u00a0de \u00a0derechos \u00a0y \u00a0funciones \u00a0p\u00fablicas, \u00a0por \u00a0un \u00a0tiempo \u00a0igual \u00a0al \u00a0de \u00a0la \u00a0pena \u00a0privativa \u00a0de \u00a0la libertad \u00a0impuesta. \u00a0\u00a0<\/p>\n<p>\u00a0 \u00a0\u00a0 \u00a0\u00a0 \u00a0 \u00a0\u00a0 \u00a0 \u00a0 \u00a0 \u00a0 \u00a0 \u00a0\u00a0 \u00a0VIII. DE LA LIBERTAD \u00a0\u00a0<\/p>\n<p>\u00a0 \u00a0 \u00a0\u00a0 \u00a0 \u00a0\u00a0<\/p>\n<p>137. \u00a0 No \u00a0hay \u00a0lugar \u00a0a \u00a0la \u00a0suspensi\u00f3n \u00a0condicional \u00a0de \u00a0la \u00a0ejecuci\u00f3n \u00a0de la pena ni a su sustituci\u00f3n por la prisi\u00f3n \u00a0domiciliaria, \u00a0por \u00a0impedirlo un requisito objetivo; en el primer caso porque la \u00a0ley \u00a0s\u00f3lo autoriza el subrogado frente a la imposici\u00f3n de una pena de prisi\u00f3n \u00a0no \u00a0 superior \u00a0 a \u00a03 \u00a0a\u00f1os \u00a0y, \u00a0en \u00a0el \u00a0segundo, \u00a0porque \u00a0s\u00f3lo \u00a0es \u00a0viable \u00a0la \u00a0consideraci\u00f3n \u00a0de \u00a0esa \u00a0sustituci\u00f3n \u00a0cuando la pena m\u00ednima prevista en la ley \u00a0para \u00a0el \u00a0delito \u00a0objeto \u00a0de \u00a0la \u00a0condena \u00a0sea de 5 a\u00f1os o menos, acorde con lo \u00a0establecido \u00a0en \u00a0los \u00a0art\u00edculos 63-1 y 38 del C\u00f3digo Penal; condiciones que no \u00a0se cumplen en el presente caso. \u00a0\u00a0<\/p>\n<p>\u00a0 \u00a0\u00a0 \u00a0\u00a0 \u00a0 \u00a0\u00a0 \u00a0 \u00a0 \u00a0 \u00a0 \u00a0 \u00a0\u00a0 \u00a0IX. OTRAS DECISIONES \u00a0\u00a0<\/p>\n<p>\u00a0 \u00a0 \u00a0\u00a0 \u00a0 \u00a0\u00a0138. \u00a0 Observado \u00a0 que \u00a0 OSCAR \u00a0 DE \u00a0 JES\u00daS \u00a0 L\u00d3PEZ \u00a0 CADAVID \u00a0es \u00a0responsable \u00a0del \u00a0delito \u00a0de \u00a0asociaci\u00f3n \u00a0para \u00a0delinquir \u00a0con \u00a0la finalidad de \u00a0promover \u00a0un \u00a0aparato \u00a0organizado de poder ilegal que lo apoy\u00f3 en sus proyectos \u00a0pol\u00edticos, \u00a0se \u00a0compulsar\u00e1n copias de lo pertinente a fin de que se investigue \u00a0la \u00a0ocurrencia \u00a0de \u00a0hechos \u00a0en \u00a0los cuales, en ejercicio del plan criminal de la \u00a0organizaci\u00f3n \u00a0a \u00a0la \u00a0cual \u00a0pertenec\u00eda, \u00a0haya \u00a0participado \u00a0y \u00a0se establezca su \u00a0eventual \u00a0grado \u00a0de \u00a0responsabilidad \u00a0\u2013autor\u00eda \u00a0o \u00a0participaci\u00f3n-, dentro de los que figuran ataques a la \u00a0dignidad \u00a0humana \u00a0y a la vida puestos de presente por los testigos, m\u00e1s a\u00fan, a \u00a0sabiendas \u00a0del \u00a0consecutivo accionar criminal en el cual permaneci\u00f3 y permanece \u00a0inmerso \u00a0el \u00a0comandante \u00a0paramilitar \u00a0PEDRO \u00a0OLIVEIRO \u00a0GUERRERO \u00a0CASTILLO, alias \u00a0\u2018Cuchillo\u2019 \u00a0 \u00a0 \u00a0 \u00a0 o \u00a0 \u00a0 \u00a0 \u00a0 \u2018Didier\u2019, \u00a0quien fue soporte en la aspiraci\u00f3n \u00a0del procesado a la gobernaci\u00f3n del Guaviare en 2007. \u00a0\u00a0<\/p>\n<p>\u00a0 \u00a0 \u00a0\u00a0 \u00a0\u00a0139. Al respecto la Sala, en la sentencia \u00a0que \u00a0emiti\u00f3 \u00a0contra el tambi\u00e9n ex congresista ALVARO ARAUJO CASTRO, dijo sobre \u00a0el particular, que: \u00a0\u00a0<\/p>\n<p>\u00a0 \u00a0\u00a0 \u00a0 \u00a0\u201cComo \u00a0se \u00a0ha \u00a0conocido, era designio de los grupos paramilitares \u00a0arrasar \u00a0ciudadanos \u00a0u \u00a0organismos \u00a0que \u00a0se \u00a0opusieran \u00a0a \u00a0consolidar su poder y \u00a0expansi\u00f3n \u00a0y, \u00a0por \u00a0ello, \u00a0dentro \u00a0de \u00a0sus \u00a0actividades \u00a0ordinarias \u00a0ejecutaron \u00a0m\u00faltiples \u00a0conductas \u00a0criminales, \u00a0entre otras calificadas como delitos de lesa \u00a0humanidad \u00a0 \u2013 \u00a0tortura, \u00a0desapariciones \u00a0forzadas, \u00a0desplazamiento \u00a0forzado, \u00a0etc. \u00a0-, \u00a0y \u00a0ataques \u00a0a \u00a0la \u00a0dignidad \u00a0de \u00a0las \u00a0personas, \u00a0sin que fuera ning\u00fan secreto para cada uno de sus \u00a0miembros, \u00a0dentro \u00a0de \u00a0los \u00a0cuales \u00a0inclusive \u00a0se \u00a0contaban servidores p\u00fablicos \u00a0vinculados \u00a0a \u00a0todas \u00a0las \u00a0instituciones \u00a0estatales, a\u00fan desde el momento de la \u00a0creaci\u00f3n \u00a0 \u00a0 \u00a0 de \u00a0 \u00a0 \u00a0 aquellas \u00a0 \u00a0 \u00a0 tropas.29 \u00a0\u00a0<\/p>\n<p>\u201cEn \u00a0 la \u00a0 estructura \u00a0de \u00a0los \u00a0grupos \u00a0paramilitares \u00a0 se \u00a0 ha \u00a0 constatado \u00a0 que \u00a0se \u00a0dan \u00a0los \u00a0siguientes \u00a0elementos: \u00a0\u00a0<\/p>\n<p>\u201c1). \u00a0Existencia \u00a0de \u00a0una \u00a0organizaci\u00f3n \u00a0integrada \u00a0por una pluralidad de personas sustituibles antes o durante el evento \u00a0criminal \u00a0las \u00a0cuales \u00a0mantienen \u00a0una \u00a0relaci\u00f3n jer\u00e1rquica con sus superiores. \u00a0Aquellas \u00a0personas \u00a0pueden \u00a0o \u00a0no tener cierta predisposici\u00f3n a la comisi\u00f3n de \u00a0delitos; \u00a0\u00a0<\/p>\n<p>\u201c2). \u00a0 Control \u00a0 (dominio) \u00a0 de \u00a0 la \u00a0organizaci\u00f3n \u00a0por \u00a0parte \u00a0del \u00a0hombre \u00a0de \u00a0atr\u00e1s \u00a0y \u00a0a \u00a0trav\u00e9s de ella de sus \u00a0integrantes \u00a0sustituibles. \u00a0Dicho \u00a0control \u00a0puede \u00a0manifestarse \u00a0bajo \u00a0distintas \u00a0modalidades: \u00a0a \u00a0trav\u00e9s \u00a0de la creaci\u00f3n de la organizaci\u00f3n, el no control del \u00a0mismo \u00a0pudiendo \u00a0hacerlo \u00a0dada su posici\u00f3n o a trav\u00e9s del impulso sostenido de \u00a0la \u00a0misma \u00a0con medidas dirigidas a autorizar sus actuaciones il\u00edcitas. En todos \u00a0estos \u00a0supuestos \u00a0se \u00a0evidencia, \u00a0por parte del hombre de atr\u00e1s, un dominio del \u00a0riesgo \u00a0(que \u00a0es \u00a0el \u00a0aparato \u00a0de \u00a0poder) \u00a0de \u00a0producci\u00f3n \u00a0de \u00a0actos il\u00edcitos; \u00a0y, \u00a0\u00a0<\/p>\n<p>3). \u00a0Conocimiento \u00a0de \u00a0la \u00a0organizaci\u00f3n o \u00a0aparato \u00a0de \u00a0poder \u00a0y \u00a0decisi\u00f3n \u00a0de \u00a0que \u00a0sus \u00a0miembros \u00a0ejecuten \u00a0o contin\u00faen \u00a0ejecutando \u00a0 \u00a0 \u00a0hechos \u00a0 \u00a0 il\u00edcitos \u00a0 \u00a0 penales30. \u00a0\u00a0<\/p>\n<p>Ahora, \u00a0el \u00a0pol\u00edtico \u00a0en su condici\u00f3n de \u00a0miembro \u00a0 de \u00a0 la \u00a0organizaci\u00f3n \u00a0criminal \u00a0impulsaba \u00a0no \u00a0s\u00f3lo \u00a0a \u00a0obtener \u00a0la \u00a0permanencia \u00a0del irregular grupo sino que pretend\u00eda ejercer en espacios o crear \u00a0los \u00a0mismos en procura de resultar funcionales a la empresa delictiva, en pro de \u00a0la \u00a0estrategia \u00a0del \u00a0crimen constituy\u00e9ndose en un paso m\u00e1s en el proceso de la \u00a0toma de todos los poderes e instancias de decisi\u00f3n del Estado. \u00a0\u00a0<\/p>\n<p>Entonces, de acuerdo con la opini\u00f3n de la \u00a0Sala31, \u00a0el aforado hac\u00eda parte de una estructura criminal integrada por \u00a0un \u00a0n\u00famero plural de personas articuladas de manera jer\u00e1rquica y subordinada a \u00a0una \u00a0organizaci\u00f3n criminal, quienes mediante divisi\u00f3n de tareas y concurrencia \u00a0de \u00a0 aportes \u00a0 (los \u00a0 cuales \u00a0 pueden \u00a0consistir \u00a0en \u00a0\u00f3rdenes \u00a0en \u00a0secuencia \u00a0y \u00a0descendentes) \u00a0 realizan \u00a0 conductas \u00a0 punibles, \u00a0 fen\u00f3meno \u00a0 que \u00a0es \u00a0factible \u00a0comprenderlo \u00a0a trav\u00e9s de la met\u00e1fora de la cadena32, \u00a0 motivo \u00a0 por \u00a0 el \u00a0cual \u00a0tambi\u00e9n \u00a0debe \u00a0responder \u00a0penalmente \u00a0por \u00a0el \u00a0conjunto \u00a0de cr\u00edmenes que se le \u00a0atribuyen \u00a0a \u00a0los \u00a0comandantes \u00a0o \u00a0jefes \u00a0de los bloques, frentes o unidades que \u00a0hac\u00edan parte de la asociaci\u00f3n criminal. \u00a0\u00a0<\/p>\n<p>(\u2026) \u00a0<\/p>\n<p>Esta soluci\u00f3n que se da al fen\u00f3meno de la \u00a0intervenci\u00f3n \u00a0de \u00a0m\u00faltiples \u00a0sujetos \u00a0en la acci\u00f3n criminal se aproxima a las \u00a0respuestas \u00a0 \u00a0dadas \u00a0 \u00a0por \u00a0 \u00a0la \u00a0 Corte \u00a0 a \u00a0 otros \u00a0 asuntos \u00a0 conocidos \u00a0 con \u00a0anterioridad33 \u00a0 y \u00a0 que \u00a0 resulta \u00a0 cercana \u00a0 a \u00a0 expresiones \u00a0recientes \u00a0de \u00a0la \u00a0doctrina34 \u00a0 \u00a0 \u00a0y \u00a0 \u00a0 \u00a0la \u00a0 \u00a0 \u00a0jurisprudencia35 \u00a0 for\u00e1neas \u00a0 aplicadas \u00a0a \u00a0fen\u00f3menos similares. \u00a0\u00a0<\/p>\n<p>\u201cEntre las organizaciones criminales cabe \u00a0distinguir: \u00a0las \u00a0desarrolladas \u00a0al amparo del poder pol\u00edtico de un determinado \u00a0Estado, \u00a0como \u00a0la del r\u00e9gimen nacional-socialista alem\u00e1n del III Reich; y, las \u00a0organizaciones \u00a0 criminales \u00a0 que \u00a0 operan \u00a0en \u00a0contra \u00a0del \u00a0poder \u00a0del \u00a0Estado, \u00a0enfrent\u00e1ndose \u00a0 al \u00a0 ordenamiento \u00a0 jur\u00eddico, \u00a0como \u00a0bandas \u00a0mafiosas, \u00a0grupos \u00a0terroristas, \u00a0 \u00a0etc. \u00a0 \u00a0En \u00a0 \u00a0el \u00a0 \u00a0primer \u00a0 caso \u00a0 hablamos \u00a0 de \u00a0 \u2018aparatos \u00a0 organizados \u00a0 de \u00a0 poder \u00a0estatales\u2019, \u00a0entendiendo \u00a0que \u00a0es \u00a0el propio Estado el que opera al margen del Derecho. En el segundo, nos \u00a0referimos \u00a0 \u00a0a \u00a0 \u00a0la \u00a0 \u00a0denominada \u00a0 \u2018criminalidad \u00a0 organizada\u2019, \u00a0t\u00e9rmino \u00a0que \u00a0en \u00a0principio \u00a0engloba \u00a0a \u00a0toda \u00a0organizaci\u00f3n no \u00a0estatal \u00a0que \u00a0act\u00faa \u00a0con \u00a0una \u00a0r\u00edgida estructura jer\u00e1rquica, con un mecanismo \u00a0\u00a0<\/p>\n<p>\u00a0 \u00a0 \u00a0 \u00a0 \u00a0<\/p>\n<p>estricto \u00a0de \u00a0mando \u00a0y \u00a0cumplimiento \u00a0de \u00a0\u00f3rdenes \u00a0y \u00a0con objetivos claramente criminales\u201d.36 \u00a0\u00a0<\/p>\n<p>\u00a0 \u00a0 \u00a0\u00a0 \u00a0 \u00a0\u00a0<\/p>\n<p>140. \u00a0Entonces, \u00a0ante \u00a0una \u00a0misma \u00a0situaci\u00f3n \u00a0f\u00e1ctica, \u00a0mutatis \u00a0 \u00a0 mutandis, \u00a0 \u00a0 la \u00a0 \u00a0misma \u00a0consideraci\u00f3n \u00a0y \u00a0consecuencia \u00a0jur\u00eddicas. \u00a0Comp\u00falsense \u00a0copias \u00a0para \u00a0que se \u00a0investigue \u00a0 al \u00a0 doctor \u00a0OSCAR DE JES\u00daS L\u00d3PEZ CADAVID, bajo los presupuestos \u00a0vistos \u00a0\u00a0<\/p>\n<p>\u00a0 \u00a0 \u00a0 \u00a0 \u00a0<\/p>\n<p>141. \u00a0Igualmente se compulsar\u00e1n copias de \u00a0la \u00a0 \u00a0declaraci\u00f3n \u00a0 \u00a0de \u00a0 \u00a0DANIEL \u00a0 \u00a0REND\u00d3N \u00a0 \u00a0HERRERA, \u00a0 alias \u00a0 \u2018Don \u00a0 \u00a0 \u00a0 \u00a0 Mario\u2019 \u00a0(en \u00a0audiencia p\u00fablica) y de NEBIO \u00a0DE \u00a0JES\u00daS \u00a0ECHEVERRY CADAVID, para la investigaci\u00f3n a que haya lugar en contra \u00a0de \u00a0este \u00faltimo, por el posible delito de falso testimonio en que pudo incurrir \u00a0en \u00a0su \u00a0declaraci\u00f3n \u00a0anterior \u00a0(del \u00a01\u00ba \u00a0de \u00a0julio \u00a0de 2009) -pues all\u00ed neg\u00f3 \u00a0enf\u00e1ticamente \u00a0cualquier \u00a0relaci\u00f3n \u00a0o \u00a0v\u00ednculo con paramilitares-,\u00a0 as\u00ed \u00a0como \u00a0 el \u00a0 probable \u00a0 concierto \u00a0 para \u00a0delinquir \u00a0agravado \u00a0por \u00a0promoci\u00f3n \u00a0y \u00a0financiaci\u00f3n \u00a0de \u00a0dichos grupos, tal como lo declar\u00f3 bajo juramento el testigo \u00a0REND\u00d3N HERRERA . \u00a0\u00a0<\/p>\n<p>142. \u00a0En m\u00e9rito \u00a0de \u00a0 \u00a0lo \u00a0 \u00a0expuesto, \u00a0 \u00a0la \u00a0 \u00a0CORTE \u00a0 SUPREMA \u00a0 DE \u00a0JUSTICIA, SALA DE CASACI\u00d3N \u00a0PENAL, \u00a0 administrando \u00a0justicia \u00a0en \u00a0nombre \u00a0de \u00a0la \u00a0Rep\u00fablica y por autoridad de la ley, \u00a0\u00a0<\/p>\n<p>\u00a0 \u00a0 \u00a0 \u00a0\u00a0RESUELVE \u00a0\u00a0<\/p>\n<p>\u00a0 \u00a0\u00a0 \u00a0 \u00a01.- \u00a0 \u00a0 DECLARAR \u00a0 \u00a0 a \u00a0 \u00a0OSCAR \u00a0 DE \u00a0 JES\u00daS \u00a0 L\u00d3PEZ \u00a0CADAVID, \u00a0de \u00a0condiciones \u00a0 civiles \u00a0 y \u00a0 personales \u00a0referidas \u00a0en \u00a0esta \u00a0determinaci\u00f3n, \u00a0ex \u00a0gobernador \u00a0del departamento del Guaviare, responsable del delito de \u00a0concierto \u00a0para \u00a0promover \u00a0grupos \u00a0armados \u00a0al \u00a0margen de la ley, \u00a0previstos \u00a0en \u00a0el art\u00edculo 340 inciso 2\u00ba de la Ley 599 de 2000, por el cual se \u00a0le \u00a0 \u00a0formul\u00f3 \u00a0 \u00a0resoluci\u00f3n \u00a0 de \u00a0 acusaci\u00f3n; \u00a0 y, \u00a0consecuencialmente, \u00a0 condenarlo \u00a0 a \u00a0 las \u00a0penas \u00a0principales \u00a0de \u00a090 \u00a0meses de prisi\u00f3n y 6.500 salarios m\u00ednimos legales mensuales de \u00a0multa, \u00a0m\u00e1s las accesorias \u00a0de \u00a0inhabilitaci\u00f3n \u00a0para \u00a0el \u00a0ejercicio \u00a0de \u00a0derechos y \u00a0funciones \u00a0 \u00a0p\u00fablicas \u00a0 \u00a0por \u00a0 \u00a0lapso \u00a0 \u00a0igual \u00a0 al \u00a0 de \u00a0 la \u00a0 privaci\u00f3n \u00a0 de \u00a0libertad. \u00a0\u00a0<\/p>\n<p>\u00a0 \u00a0\u00a0 \u00a0 \u00a02.- \u00a0 \u00a0 \u00a0 \u00a0 \u00a0 \u00a0 DECLARAR \u00a0que \u00a0no \u00a0son \u00a0procedentes \u00a0la \u00a0condena \u00a0de \u00a0ejecuci\u00f3n \u00a0condicional, la prisi\u00f3n ni la reclusi\u00f3n domiciliaria, \u00a0acorde \u00a0 con \u00a0 lo \u00a0 advertido \u00a0 en \u00a0 la \u00a0 fundamentaci\u00f3n; \u00a0 por \u00a0 consecuencia, \u00a0negarlas.\u00a0 \u00a0\u00a0<\/p>\n<p>\u00a0 \u00a0\u00a0 \u00a0 \u00a03.- \u00a0 EXPEDIR \u00a0copia \u00a0 de \u00a0 las \u00a0 piezas \u00a0 procesales \u00a0pertinentes37 \u00a0 para \u00a0 investigar \u00a0 por \u00a0separado \u00a0la \u00a0presunta \u00a0participaci\u00f3n de \u00a0 \u00a0OSCAR \u00a0DE \u00a0 \u00a0JES\u00daS \u00a0 \u00a0 \u00a0L\u00d3PEZ \u00a0 \u00a0 CADAVID \u00a0en los delitos perpetrados por el grupo armado ilegal con el cual \u00a0se \u00a0concert\u00f3, \u00a0con \u00a0ocasi\u00f3n \u00a0de \u00a0su \u00a0elecci\u00f3n \u00a0a la \u00a0Gobernaci\u00f3n \u00a0 \u00a0del \u00a0 \u00a0departamento \u00a0 \u00a0del \u00a0 \u00a0Guaviare \u00a0 \u00a0para \u00a0 \u00a0el \u00a0 \u00a0per\u00edodo \u00a02008-2011. \u00a0\u00a0<\/p>\n<p>\u00a0 \u00a0\u00a0 \u00a0 \u00a0Igualmente, \u00a0dar cumplimiento a lo dispuesto en los p\u00e1rrafos 141 y \u00a0142, \u00a0a \u00a0fin \u00a0de \u00a0que \u00a0se \u00a0adelanten \u00a0las investigaciones correspondientes en la \u00a0Fiscal\u00eda General de la Naci\u00f3n. \u00a0\u00a0<\/p>\n<p>\u00a0 \u00a0 \u00a0 \u00a0 \u00a0<\/p>\n<p>\u00a0 \u00a0\u00a0 \u00a0 \u00a04.- \u00a0En firme esta providencia, rem\u00edtase \u00a0la \u00a0 actuaci\u00f3n \u00a0 al \u00a0 Juzgado \u00a0 de \u00a0 Ejecuci\u00f3n \u00a0 de \u00a0 Penas \u00a0 y \u00a0 Medidas \u00a0 de \u00a0Seguridad \u00a0 \u00a0 \u00a0 \u00a0 \u00a0 \u00a0 \u00a0 \u00a0(reparto), \u00a0para lo de su cargo. \u00a0\u00a0<\/p>\n<p>5.- La Secretar\u00eda \u00a0de \u00a0la \u00a0Sala \u00a0remitir\u00e1 \u00a0las \u00a0copias \u00a0del \u00a0fallo \u00a0a las autoridades que alude el \u00a0art\u00edculo 472 del C. de P. Penal. \u00a0\u00a0<\/p>\n<p>6.- \u00a0Contra \u00a0esta \u00a0sentencia no procede recurso. \u00a0\u00a0<\/p>\n<p>NOTIF\u00cdQUESE \u00a0 Y \u00a0C\u00daMPLASE \u00a0\u00a0<\/p>\n<p>\u00a0 \u00a0MAR\u00cdA DEL ROSARIO GONZ\u00c1LEZ \u00a0DE LEMOS \u00a0\u00a0<\/p>\n<p>JOSE \u00a0 \u00a0 \u00a0 LEONIDAS \u00a0 \u00a0 \u00a0 BUSTOS \u00a0MART\u00cdNEZ\u00a0\u00a0\u00a0\u00a0\u00a0\u00a0\u00a0\u00a0\u00a0\u00a0\u00a0\u00a0\u00a0\u00a0\u00a0\u00a0\u00a0\u00a0\u00a0\u00a0\u00a0\u00a0\u00a0\u00a0\u00a0\u00a0\u00a0 \u00a0SIGIFREDO \u00a0 \u00a0 \u00a0 \u00a0 \u00a0 \u00a0 \u00a0 \u00a0 \u00a0 \u00a0 \u00a0 ESPINOSA \u00a0 \u00a0 \u00a0 \u00a0 \u00a0 \u00a0 \u00a0 \u00a0 \u00a0 \u00a0 \u00a0P\u00c9REZ\u00a0\u00a0\u00a0\u00a0\u00a0\u00a0\u00a0\u00a0\u00a0\u00a0\u00a0\u00a0\u00a0\u00a0\u00a0\u00a0\u00a0\u00a0\u00a0 \u00a0\u00a0<\/p>\n<p>ALFREDO \u00a0 \u00a0 \u00a0 \u00a0 \u00a0 G\u00d3MEZ \u00a0QUINTERO\u00a0\u00a0\u00a0\u00a0\u00a0\u00a0\u00a0\u00a0\u00a0\u00a0\u00a0\u00a0\u00a0\u00a0\u00a0\u00a0\u00a0\u00a0\u00a0\u00a0\u00a0\u00a0\u00a0\u00a0\u00a0\u00a0\u00a0\u00a0\u00a0\u00a0\u00a0\u00a0\u00a0\u00a0\u00a0\u00a0\u00a0 \u00a0AUGUSTO J. IB\u00c1\u00d1EZ GUZM\u00c1N \u00a0\u00a0<\/p>\n<p>JORGE \u00a0 \u00a0 \u00a0 LUIS \u00a0 \u00a0 \u00a0 QUINTERO \u00a0MILAN\u00c9S\u00a0\u00a0\u00a0\u00a0\u00a0\u00a0\u00a0\u00a0\u00a0\u00a0\u00a0\u00a0\u00a0\u00a0\u00a0\u00a0 \u00a0JULIO \u00a0 \u00a0 \u00a0 \u00a0 \u00a0 \u00a0 \u00a0 \u00a0 \u00a0 \u00a0 \u00a0 \u00a0 \u00a0 \u00a0 \u00a0 \u00a0ENRIQUE \u00a0 \u00a0 \u00a0 \u00a0 \u00a0 \u00a0 \u00a0 \u00a0 \u00a0 \u00a0 \u00a0 \u00a0 \u00a0 \u00a0 \u00a0 SOCHA \u00a0SALAMANCA\u00a0\u00a0\u00a0\u00a0\u00a0\u00a0\u00a0\u00a0\u00a0\u00a0\u00a0\u00a0\u00a0\u00a0\u00a0 \u00a0\u00a0<\/p>\n<p>JAVIER ZAPATA ORTIZ \u00a0<\/p>\n<p>TERESA \u00a0 \u00a0RUIZ \u00a0N\u00da\u00d1EZ \u00a0\u00a0<\/p>\n<p>Secretaria \u00a0<\/p>\n<p>\u00a0 \u00a0\u00a0<\/p>\n<p>1 \u00a0En \u00a0declaraci\u00f3n \u00a0 en \u00a0 audiencia \u00a0 p\u00fablica \u00a0este \u00a0testigo \u00a0expres\u00f3: \u00a0\u201c\u2026Cuando \u00a0ellos\u2026los \u00a0paramilitares\u2026me \u00a0dejaron la raz\u00f3n\u2026sino quiere tener problemas \u00a0con \u00a0 nosotros \u00a0no \u00a0venga \u00a0a \u00a0meterse \u00a0ac\u00e1\u2026porque \u00a0esta \u00a0finca \u00a0la \u00a0mitad \u00a0es \u00a0nuestra\u2026llegaron \u00a0 a \u00a0 la \u00a0 finca \u00a0\u201cLa \u00a0Argentina\u201d\u2026un \u00a0tal \u00a0\u2018Mateo\u2019\u2026me \u00a0 \u00a0desplazaron \u00a0 \u00a0de \u00a0 \u00a0\u201cLa \u00a0Argentina\u201d \u00a0 y \u00a0 no \u00a0 la \u00a0 compraba \u00a0 ni \u00a0 regalada\u2026por \u00a0 los \u00a0problemas \u00a0de \u00a0paramilitarismo de esa finca\u2026\u201d (min.00:48:40\u2026). \u00a0\u00a0<\/p>\n<p>2 \u00a0Aunque \u00a0posteriormente \u00a0los \u00a0socios: \u00a0Pedro \u00a0Oliveiro \u00a0Guerrero \u00a0Castillo, alias \u00a0\u2018Cuchillo\u2019; \u00a0Diego \u00a0Fernando \u00a0Rinc\u00f3n \u00a0Laverde, \u00a0alias \u00a0\u2018Pipe\u2019 \u00a0 y \u00a0 Laurentino \u00a0 Vanegas \u00a0Rubiano \u00a0(representado \u00a0por \u00a0V\u00edctor \u00a0Hugo \u00a0Floriano \u00a0Huertas), \u00a0hicieron \u00a0cesi\u00f3n de sus \u00a0cuotas \u00a0partes \u00a0de \u00a0la \u00a0sociedad comercial \u201cExploraci\u00f3n y exportaci\u00f3n minera \u00a0del \u00a0llano Ltda.\u201d, a Henry Su\u00e1rez Crisp\u00edn y Henry Rinc\u00f3n Jim\u00e9nez, mediante \u00a0escritura \u00a0p\u00fablica \u00a0n\u00fam. \u00a0986 \u00a0del \u00a030 de agosto de 2006 de la notar\u00eda de San \u00a0Jos\u00e9 del Guaviare (fl.232 c.1). \u00a0\u00a0<\/p>\n<p>3 \u00a0Se \u00a0sabe \u00a0mediante \u00a0testimonios, \u00a0entre otros, el del propio desmovilizado MANUEL DE \u00a0JES\u00daS \u00a0 \u00a0 PIRAB\u00c1N, \u00a0 \u00a0 alias \u00a0 \u00a0 \u2018Jorge \u00a0 \u00a0 \u00a0 \u00a0Pirata\u2019 \u00a0 \u00a0 \u00a0 \u00a0 o \u00a0 \u00a0 \u00a0 \u00a0 \u2018Pirata\u2019, que \u00a0alias \u00a0 \u00a0 \u00a0 \u00a0 \u00a0 \u00a0 \u00a0 \u00a0 \u00a0\u2018Cuchillo\u2019 \u00a0volvi\u00f3 \u00a0 a \u00a0 la \u00a0 clandestinidad \u00a0aproximadamente \u00a0para \u00a0el \u00a018 \u00a0de \u00a0agosto \u00a0de \u00a02006. \u00a0\u00a0<\/p>\n<p>4 \u00a0folios 90 a 121 c. anexo original 5. \u00a0\u00a0<\/p>\n<p>5 \u00a0Seg\u00fan \u00a0 lo \u00a0 declar\u00f3 \u00a0bajo \u00a0juramento \u00a0FREDY \u00a0VELOZA \u00a0GARC\u00cdA, \u00a0conocido \u00a0como \u00a0\u2018Loratuerta\u2019, \u00a0ALBEIRO \u00a0fue \u00a0quien \u00a0en \u00a0nombre de \u00a0OSCAR \u00a0DE \u00a0JES\u00daS \u00a0L\u00d3PEZ CADAVID lo abord\u00f3 para que le dijera a su hermano, el \u00a0comandante \u00a0 \u00a0paramilitar \u00a0 \u00a0alias \u00a0 \u2018HH\u2019, \u00a0que \u00a0variara \u00a0su \u00a0versi\u00f3n \u00a0en \u00a0Justicia \u00a0y Paz, y dijera que el OSCAR L\u00d3PEZ\u00a0 a \u00a0quien \u00a0se \u00a0refer\u00eda \u00a0era uno diferente al gobernador del Guaviare, es decir, que \u00a0se \u00a0trataba \u00a0de \u00a0un \u00a0hom\u00f3nimo, \u00a0petici\u00f3n \u00a0ante \u00a0la cual FREDDY VELOZA se neg\u00f3 \u00a0(declaraci\u00f3n del 2 de febrero de 2009, fl. 1-6 c.o.2). \u00a0\u00a0<\/p>\n<p>6 \u00a0La \u00a0defensa \u00a0solicit\u00f3 \u00a0que \u00a0se \u00a0enviara \u00a0por \u00a0competencia \u00a0no a la Corte Suprema de \u00a0Justicia, sino al Juez Especializado de reparto. \u00a0\u00a0<\/p>\n<p>7\u00a0 \u00a0Con \u00a0el fin de enervar los hechos denunciados por el ex gobernador Suarez Melo y \u00a0sus \u00a0acompa\u00f1amtes \u00a0sobre \u00a0la retenci\u00f3n de que fueron v\u00edctimas por parte de un \u00a0motociclista, \u00a0la \u00a0defensa \u00a0postula \u00a0la teor\u00eda de un \u201cret\u00e9n\u201d, a efectos de \u00a0tornar \u00a0inveros\u00edmil \u00a0el \u00a0dicho \u00a0del \u00a0denunciante considerando que \u00e9ste no pudo \u00a0haber \u00a0tenido \u00a0ocurrencia ante la presencia de la fuerza p\u00fablica y el lugar del \u00a0suceso \u00a0\u2013 casco urbano del \u00a0Municipio -. \u00a0\u00a0<\/p>\n<p>8 \u00a0Declaraci\u00f3n \u00a0bajo \u00a0juramento \u00a0de \u00a0DAMARIS \u00a0CRUZ \u00a0CONTRERAS \u00a0el \u00a015 \u00a0de \u00a0mayo de \u00a02009. \u00a0\u00a0<\/p>\n<p>9 Datos \u00a0obtenidos \u00a0mediante \u00a0las \u00a0diferentes \u00a0declaraciones, \u00a0entre otras las del propio \u00a0acusado. \u00a0\u00a0<\/p>\n<p>10 En \u00a0declaraci\u00f3n \u00a0del \u00a01\u00ba \u00a0de \u00a0julio \u00a0de \u00a02009, \u00a0en \u00a0referencia con la presencia de \u00a0algunos \u00a0comandantes \u00a0de \u00a0las autodefensas en su finca \u201cVendaval\u201d ubicada en \u00a0Paratebueno, \u00a0entre \u00a0otras, \u00a0expres\u00f3: \u00a0\u201c\u2026y \u00a0estaba \u00a0Vicente Casta\u00f1o\u2026y me \u00a0dice\u2026usted \u00a0es \u00a0Nebio Echeverry, el famoso \u201cChatarrito\u201d?&#8230;y le dije\u2026s\u00ed \u00a0se\u00f1or\u2026me \u00a0tocaba \u00a0saludarlo\u2026yo \u00a0con \u00a0el \u00a0susto \u00a0de \u00a0ver \u00a0gente armada\u2026\u201d \u00a0(min.00:25:15\u2026). \u00a0\u00a0<\/p>\n<p>11 \u00a0Declaraci\u00f3n bajo juramento del 5 de octubre de 2009. \u00a0\u00a0<\/p>\n<p>12 \u00a0ALBEIRO \u00a0MEJ\u00cdA \u00a0reviste \u00a0particular importancia, si se tiene en cuenta, como se \u00a0ver\u00e1 \u00a0luego, \u00a0que \u00a0fue la persona quien recibi\u00f3 las acciones de parte de alias \u00a0\u2018Cuchillo\u2019, cuando este sujeto se retir\u00f3 de la \u00a0empresa minera de la cual era socio con L\u00d3PEZ CADAVID. \u00a0\u00a0<\/p>\n<p>13 \u00a0Declaraci\u00f3n del 6 de febrero de 2009 (fl.1-6 c.o.2). \u00a0\u00a0<\/p>\n<p>14 \u00a0As\u00ed \u00a0 \u00a0lo \u00a0 \u00a0refiri\u00f3 \u00a0 \u00a0EFRA\u00cdN \u00a0 \u00a0P\u00c9REZ \u00a0 \u00a0CARDONA, \u00a0 \u00a0alias \u00a0 \u00a0\u2018400\u2019 \u00a0(declaraci\u00f3n \u00a0del \u00a05 de octubre de \u00a02009), \u00a0\u201c\u2026esperamos la llegada del \u2018Profesor \u00a0 \u00a0 \u00a0 Yarumo\u2019, \u00a0 y \u00a0 all\u00e1 \u00a0 estuvimos \u00a0comandantes, \u00a0todos \u00a0menos \u00a0\u2018Jorge \u00a0 \u00a0 \u00a0 \u00a0Pirata\u2019: \u00a0 \u00a0 \u00a0 \u00a0 \u00a0 \u00a0 \u2018Don \u00a0 \u00a0 \u00a0 \u00a0 Ra\u00fal\u2019, \u00a0 \u00a0 \u00a0 \u00a0 \u00a0 \u00a0 \u2018400\u2019, \u00a0 \u00a0 \u00a0 \u00a0 \u00a0 \u00a0 \u2018Guevoepisca\u2019 \u00a0 \u00a0 \u00a0 \u00a0 o \u00a0 \u00a0 \u00a0 \u00a0\u2018Alfonso\u2019, \u00a0 \u00a0 \u00a0 \u00a0 \u00a0 \u00a0 \u2018Pipe\u2019, \u00a0 \u00a0 \u00a0 \u00a0 \u00a0 \u00a0 \u2018Mauricio\u2019, \u00a0 \u00a0 \u00a0 \u00a0 \u00a0 \u00a0 \u201836\u2019, \u00a0 \u00a0 \u00a0 \u00a0 \u00a0 \u00a0 \u2018Gordo \u00a0 \u00a0 \u00a0 \u00a0 Pepe\u2019, \u00a0 \u00a0 \u00a0 \u00a0 \u00a0 \u00a0 \u2018Monoleche\u2019, \u00a0 \u2026\u00c9ver \u00a0Veloza \u00a0lleg\u00f3 \u00a0en \u00a0la \u00a0ma\u00f1ana\u2026\u201d. \u00a0En \u00a0igual \u00a0sentido \u00a0hizo \u00a0referencia a la fecha de las reuniones \u00a0aludidas \u00a0el \u00a0desmovilizado \u00a0JES\u00daS \u00a0IGNACIO \u00a0ROLD\u00c1N P\u00c9REZ, alias \u2018Monoleche\u2019, \u00a0en declaraci\u00f3n del 19 de junio de \u00a02009. \u00a0pues \u00a0all\u00ed \u00a0asegur\u00f3 \u00a0que \u00a0hab\u00edan \u00a0tenido \u00a0ocurrencia \u00a0en el a\u00f1o 2000. \u00a0\u00a0<\/p>\n<p>15 \u00a0Versi\u00f3n \u00a0 \u00a0Libre \u00a0 \u00a0rendida \u00a0 \u00a0por \u00a0 \u00a0\u00c9VER \u00a0 \u00a0VELOZA, \u00a0 \u00a0alias \u00a0 \u00a0\u2018HH\u2019 \u00a0en Justicia y Paz el 28 de enero de \u00a02009, trasladada a este proceso. \u00a0\u00a0<\/p>\n<p>16 \u00a0Declaraci\u00f3n del 18 de septiembre de 2009(min.00:22:30). \u00a0\u00a0<\/p>\n<p>17 \u00a0Declaraci\u00f3n \u00a0 del \u00a0 17 \u00a0 de \u00a0febrero \u00a0de \u00a02009 \u00a0en \u00a0Monter\u00eda \u00a0(fl.53 \u00a0y \u00a0s.s., \u00a0c.o.2). \u00a0\u00a0<\/p>\n<p>18 \u00a0Declaraci\u00f3n del 21 de abril de 2009 (fl.38 y s.s., c.o.4). \u00a0\u00a0<\/p>\n<p>19 \u00a0Declaraci\u00f3n del 17 de febrero de 2009 (fl.53. c.o.2). \u00a0\u00a0<\/p>\n<p>20 \u00a0Declaraci\u00f3n en audiencia p\u00fablica. \u00a0\u00a0<\/p>\n<p>21 \u00a0Declaraci\u00f3n del 5 de octubre de 2009 (min.00:44:45\u2026). \u00a0\u00a0<\/p>\n<p>22 En \u00a0audiencia \u00a0p\u00fablica este testigo manifest\u00f3 que los paramilitares lo desplazaron \u00a0de \u00a0la \u00a0finca \u00a0\u201cLa \u00a0Argentina\u201d \u00a0y \u00a0no \u00a0le \u00a0permitieron \u00a0adquirirla, \u00a0pues le \u00a0informaron que la mitad era de ellos. (min.00:48:00\u2026). \u00a0\u00a0<\/p>\n<p>23 \u00a0Declaraci\u00f3n del 14 de abril de 2009 (fl.239 c.o.3). \u00a0\u00a0<\/p>\n<p>24 \u00a0Allegados \u00a0a \u00a0este proceso, mediante labor de inspecci\u00f3n judicial realizada por \u00a0el \u00a0CTI \u00a0al \u00a0proceso \u00a0n\u00fam.200800288 que la Fiscal\u00eda 1\u00aa Delegada ante la Corte \u00a0Suprema \u00a0 de \u00a0 Justicia \u00a0adelanta \u00a0contra \u00a0BLAS \u00a0ARVELIO \u00a0ORT\u00cdZ \u00a0REBOLLEDO \u00a0(Ex \u00a0gobernador del Vichada) (cuaderno anexo No.15). \u00a0\u00a0<\/p>\n<p>25 \u00a0Declaraci\u00f3n en audiencia p\u00fablica (min.00:20:00\u2026). \u00a0\u00a0<\/p>\n<p>26 \u00a0Declaraci\u00f3n \u00a0en \u00a0audiencia \u00a0p\u00fablica, ante la pregunta de la Fiscal\u00eda admiti\u00f3 \u00a0que \u00a0las autodefensas s\u00ed le daban \u201cbonificaci\u00f3n\u201d a la fuerza p\u00fablica, por \u00a0ello su presencia era relativamente pac\u00edfica (min.00:51:40\u2026). \u00a0\u00a0<\/p>\n<p>27Welzel \u00a0 consideraba \u00a0 que \u00a0 las \u00a0 estructuras \u00a0 l\u00f3gico \u00a0objetivas \u00a0constitu\u00edan \u00a0 un \u00a0 l\u00edmite \u00a0 al \u00a0poder \u00a0de \u00a0configuraci\u00f3n \u00a0de \u00a0legislador. \u00a0En \u00a0consecuencia, \u00a0el \u00a0legislador \u00a0no \u00a0crea \u00a0las conductas sino que las extrae de la \u00a0vida \u00a0social. Por lo tanto, desde ese mismo punto de vista, que el juez no puede \u00a0desconocer el sentido ni el contenido de las conductas. \u00a0\u00a0<\/p>\n<p>28 \u00a0Sentencia\u00a0 09\/12\/2009 radicado 28.779. \u00a0\u00a0<\/p>\n<p>29 \u00a0Sentencia 03\/12\/2009 radicado 32.805. \u00a0\u00a0<\/p>\n<p>30 \u00a0Iv\u00e1n \u00a0 Montoya \u00a0 Vivanco, \u00a0 \u00abLa \u00a0 autor\u00eda \u00a0 mediata\u00a0 \u00a0 por \u00a0 dominio \u00a0de \u00a0organizaci\u00f3n: \u00a0 \u00a0 \u00a0 \u00a0a \u00a0 \u00a0 \u00a0 \u00a0prop\u00f3sito \u00a0 \u00a0 \u00a0 del \u00a0 \u00a0 \u00a0 caso \u00a0 \u00a0 \u00a0 Fujimori\u00bb, \u00a0http:\/blog.pucp.edu.pe\/item\/27749 \u00a0(17-11-2009). \u00a0La expresi\u00f3n te\u00f3rica alemana \u00a0mayoritaria \u00a0demanda: \u00a0(i) \u00a0autor\u00eda \u00a0mediata \u00a0como dominio de la organizaci\u00f3n; \u00a0(ii) \u00a0la \u00a0fungibilidad \u00a0en el\u00a0 marco del dominio de la organizaci\u00f3n; (iii) \u00a0la \u00a0necesidad \u00a0del \u00a0apartamento \u00a0del \u00a0Derecho \u00a0del \u00a0aparato \u00a0de \u00a0poder; \u00a0(iv) la \u00a0disponibilidad \u00a0hacia \u00a0el hecho espec\u00edfica de la organizaci\u00f3n; (v) el poder de \u00a0imposici\u00f3n \u00a0de \u00a0los \u00a0hombres de atr\u00e1s como soporte fundamental del dominio del \u00a0hecho; \u00a0 y, \u00a0 (vi) \u00a0 el \u00a0 dominio \u00a0del \u00a0resultado. \u00a0Claus \u00a0Rox\u00edn, \u00a0La \u00a0teor\u00eda \u00a0del \u00a0delito, Lima, Editorial \u00a0Jur\u00eddica Grijley, 2007, p. 513-534. \u00a0\u00a0<\/p>\n<p>31 \u00a0Casaci\u00f3n 02\/09\/2009 radicaci\u00f3n 29.221. \u00a0\u00a0<\/p>\n<p>32 \u00a0Ib\u00eddem. \u00a0\u00a0<\/p>\n<p>33 Por \u00a0ejemplo, \u00a0siguiendo \u00a0los ejes conceptuales de Jakobs se aplic\u00f3 la teor\u00eda de la \u00a0coautor\u00eda \u00a0impropia \u00a0que \u00a0permiti\u00f3 imponer similares penas a los ordenadores y \u00a0ejecutores \u00a0del hecho en los siguientes asuntos: Corte Suprema de Justicia, Sala \u00a0de \u00a0Casaci\u00f3n \u00a0Penal, sentencias de casaci\u00f3n de 7 de marzo de 2007, radicaci\u00f3n \u00a023825 \u00a0(Caso \u00a0de \u00a0la \u00a0Masacre \u00a0de \u00a0Machuca); \u00a0y \u00a0de \u00a012 \u00a0de \u00a0septiembre de 2007, \u00a0radicaci\u00f3n 24448 (Masacre de La Gabarra). \u00a0\u00a0<\/p>\n<p>34 \u00a0H\u00e9ctor \u00a0Ol\u00e1solo, \u00abReflexiones sobre la doctrina de la empresa criminal com\u00fan \u00a0en \u00a0derecho penal internacional\u00bb, Barcelona, Indret &#8211; Revista para el An\u00e1lisis \u00a0del \u00a0Derecho, \u00a0Universidad \u00a0Pompeu \u00a0Fabra, \u00a0julio de 2009, quien advierte que la \u00a0primera \u00a0 jurisprudencia \u00a0 de \u00a0 la \u00a0 Corte \u00a0Penal \u00a0Internacional \u00a0en \u00a0los \u00a0casos \u00a0Lubanga-Katanga \u00a0y \u00a0Ngudjolo, el art\u00edculo 25 (3) del Estatuto de Roma (ER): (i) \u00a0acoje \u00a0la \u00a0teor\u00eda \u00a0del \u00a0dominio \u00a0del hecho como criterio b\u00e1sico de distinci\u00f3n \u00a0entre \u00a0autor\u00eda \u00a0y \u00a0participaci\u00f3n; y (ii) configura la forma de responsabilidad \u00a0individual \u00a0que \u00a0m\u00e1s \u00a0parece \u00a0asemejarse \u00a0a \u00a0la doctrina de la empresa criminal \u00a0conjunta \u00a0(ECC) \u00a0de \u00a0las \u00a0recogidas en el art. 25 del ER (aquella prevista en el \u00a0p\u00e1rrafo \u00a0(3)(d) \u00a0del \u00a0art. \u00a025 \u00a0del ER) como una forma residual de complicidad. \u00a0V\u00e9ase \u00a0 tambi\u00e9n, \u00a0Silvana \u00a0Bacigalupo \u00a0Saggese, \u00a0La \u00a0responsabilidad \u00a0penal \u00a0de \u00a0las \u00a0personas \u00a0jur\u00eddicas, \u00a0Barcelona, Editorial Bosch, 1998, p. 35 y ss. \u00a0\u00a0<\/p>\n<p>35 En \u00a0la \u00a0sentencia \u00a0de condena proferida contra Alberto Fujimori se dijo que (i) para \u00a0atribuir \u00a0a \u00a0una \u00a0persona \u00a0la \u00a0realizaci\u00f3n de un hecho delictivo por dominio de \u00a0organizaci\u00f3n \u00a0no \u00a0se necesita probar el dominio del hecho concreto, esto es, el \u00a0control \u00a0del \u00a0curso \u00a0causal \u00a0del delito cometido (por ejemplo el control directo \u00a0sobre \u00a0el \u00a0desplazamiento \u00a0o \u00a0desaparici\u00f3n \u00a0forzada \u00a0de \u00a0personas), sino que se \u00a0necesita \u00a0demostrar \u00a0el control de la fuente del riesgo, es decir, el aparato de \u00a0poder; \u00a0(ii) \u00a0no \u00a0se \u00a0necesita \u00a0probar \u00a0la \u00a0orden directa de cometer los delitos \u00a0concretos, \u00a0dado \u00a0que \u00a0quien \u00a0est\u00e1 en la cabeza de la cadena tambi\u00e9n puede ser \u00a0imputado \u00a0por \u00a0la \u00a0omisi\u00f3n de controlar el aparato de poder pudiendo y debiendo \u00a0hacerlo. \u00a0Y, \u00a0(iii) tampoco se necesita probar que el hombre de atr\u00e1s quiso que \u00a0los \u00a0actos \u00a0il\u00edcitos se realizaran, porque basta con demostrar que el dirigente \u00a0conoc\u00eda \u00a0el \u00a0aparato de poder organizado y sus actividades il\u00edcitas y decidi\u00f3 \u00a0que \u00a0continuara \u00a0con ellas (V\u00e9ase Corte Suprema de la Rep\u00fablica de Per\u00fa, Sala \u00a0Penal \u00a0Especial, \u00a0expediente \u00a0N\u00b0 \u00a0AV \u00a019-2001, sentencia de 7 de abril de 2009, \u00a0hechos de Barrios Altos, La Cantuta y s\u00f3tanos SIE). \u00a0\u00a0<\/p>\n<p>36 \u00a0Carolina \u00a0Bolea \u00a0Bardon, \u00a0Autor\u00eda mediata en derecho \u00a0penal, Valencia, Editorial Tirant lo Blanch, 2000, p. \u00a0338. \u00a0\u00a0<\/p>\n<p>37 \u00a0numeral 152, parte considerativa. \u00a0 \u00a0\u00a0<\/p>\n<p><\/p>\n","protected":false},"excerpt":{"rendered":"<p>\u00a0 \u00a0 Proceso \u00a0 \u00a0 n.\u00ba \u00a033260 \u00a0\u00a0 CORTE \u00a0 SUPREMA \u00a0 DE \u00a0JUSTICIA \u00a0\u00a0 SALA \u00a0 DE \u00a0 CASACI\u00d3N \u00a0PENAL \u00a0\u00a0 Aprobado \u00a0 acta \u00a0 No. \u00a08 \u00a0\u00a0 Bogot\u00e1, \u00a0D. C., diecinueve (19) de enero de \u00a0dos mil once (2011). \u00a0\u00a0 I. OBJETO DE LA DECISION: \u00a0 \u00a0 \u00a0\u00a0 \u00a0\u00a0 \u00a0\u00a01. \u00a0Concluido \u00a0el \u00a0juicio, [&hellip;]<\/p>\n","protected":false},"author":1,"featured_media":0,"comment_status":"open","ping_status":"open","sticky":false,"template":"","format":"standard","meta":{"footnotes":""},"categories":[19],"tags":[],"class_list":["post-21788","post","type-post","status-publish","format-standard","hentry","category-19"],"_links":{"self":[{"href":"https:\/\/dmsjuridica.com\/buscador_20179478954\/salapenalcronologico20230723\/wp-json\/wp\/v2\/posts\/21788","targetHints":{"allow":["GET"]}}],"collection":[{"href":"https:\/\/dmsjuridica.com\/buscador_20179478954\/salapenalcronologico20230723\/wp-json\/wp\/v2\/posts"}],"about":[{"href":"https:\/\/dmsjuridica.com\/buscador_20179478954\/salapenalcronologico20230723\/wp-json\/wp\/v2\/types\/post"}],"author":[{"embeddable":true,"href":"https:\/\/dmsjuridica.com\/buscador_20179478954\/salapenalcronologico20230723\/wp-json\/wp\/v2\/users\/1"}],"replies":[{"embeddable":true,"href":"https:\/\/dmsjuridica.com\/buscador_20179478954\/salapenalcronologico20230723\/wp-json\/wp\/v2\/comments?post=21788"}],"version-history":[{"count":0,"href":"https:\/\/dmsjuridica.com\/buscador_20179478954\/salapenalcronologico20230723\/wp-json\/wp\/v2\/posts\/21788\/revisions"}],"wp:attachment":[{"href":"https:\/\/dmsjuridica.com\/buscador_20179478954\/salapenalcronologico20230723\/wp-json\/wp\/v2\/media?parent=21788"}],"wp:term":[{"taxonomy":"category","embeddable":true,"href":"https:\/\/dmsjuridica.com\/buscador_20179478954\/salapenalcronologico20230723\/wp-json\/wp\/v2\/categories?post=21788"},{"taxonomy":"post_tag","embeddable":true,"href":"https:\/\/dmsjuridica.com\/buscador_20179478954\/salapenalcronologico20230723\/wp-json\/wp\/v2\/tags?post=21788"}],"curies":[{"name":"wp","href":"https:\/\/api.w.org\/{rel}","templated":true}]}}