{"id":21745,"date":"2023-09-12T16:32:31","date_gmt":"2023-09-12T16:32:31","guid":{"rendered":"https:\/\/dmsjuridica.com\/buscador_20179478954\/salapenalcronologico20230723\/2023\/09\/12\/3247422-06-11\/"},"modified":"2023-09-12T16:32:31","modified_gmt":"2023-09-12T16:32:31","slug":"3247422-06-11","status":"publish","type":"post","link":"https:\/\/dmsjuridica.com\/buscador_20179478954\/salapenalcronologico20230723\/2023\/09\/12\/3247422-06-11\/","title":{"rendered":"32474(22-06-11)"},"content":{"rendered":"\n<p>\u00a0 \u00a0 Proceso n.\u00ba 32474 \u00a0<\/p>\n<p>CORTE SUPREMA DE JUSTICIA \u00a0<\/p>\n<p>SALA DE CASACION PENAL \u00a0<\/p>\n<p>Magistrado Ponente: \u00a0<\/p>\n<p>JOS\u00c9 LUIS BARCEL\u00d3 CAMACHO \u00a0<\/p>\n<p>Aprobado acta N\u00ba 209 \u00a0<\/p>\n<p>Bogot\u00e1, \u00a0D. C., veintid\u00f3s (22) de junio de \u00a0dos mil once (2011) \u00a0\u00a0<\/p>\n<p>V I S T O S \u00a0<\/p>\n<p>La \u00a0Sala \u00a0se \u00a0pronuncia de oficio en sede de \u00a0casaci\u00f3n \u00a0 acerca \u00a0de \u00a0la \u00a0eventual \u00a0violaci\u00f3n \u00a0de \u00a0garant\u00edas \u00a0del \u00a0procesado \u00a0Andr\u00e9s \u00a0 \u00a0Mauricio \u00a0 Oviedo \u00a0 Rueda, \u00a0 respecto \u00a0de \u00a0la \u00a0dosificaci\u00f3n \u00a0de \u00a0las \u00a0penas \u00a0accesorias de\u00a0 \u00a0inhabilitaci\u00f3n \u00a0para \u00a0el \u00a0ejercicio \u00a0de \u00a0derechos \u00a0y \u00a0funciones \u00a0p\u00fablicas \u00a0y privaci\u00f3n del derecho a la tenencia y porte de arma por \u00a0el \u00a0t\u00e9rmino \u00a0de \u00a0264 \u00a0meses, que le impuso el Tribunal \u00a0Superior \u00a0de \u00a0C\u00facuta, \u00a0cuando \u00a0el \u00a07 \u00a0de mayo de 2009 confirm\u00f3 la sentencia de \u00a0car\u00e1cter \u00a0 condenatorio \u00a0 emitida \u00a0 por \u00a0 el \u00a0Juzgado \u00a0Promiscuo \u00a0del \u00a0Circuito \u00a0con \u00a0funciones de conocimiento de Los Patios (Norte de \u00a0Santander), \u00a0por \u00a0cuyo \u00a0medio \u00a0lo encontr\u00f3 penalmente \u00a0responsable \u00a0a \u00a0t\u00edtulo \u00a0de \u00a0autor \u00a0de \u00a0los \u00a0delitos hurto calificado agravado y \u00a0fabricaci\u00f3n, \u00a0 tr\u00e1fico \u00a0 y \u00a0 porte \u00a0de \u00a0armas \u00a0de \u00a0fuego \u00a0o \u00a0municiones.\u00a0 \u00a0\u00a0<\/p>\n<p>HECHOS \u00a0Y \u00a0ACTUACI\u00d3N \u00a0PROCESAL \u00a0\u00a0<\/p>\n<p>1. \u201cSe presentaron \u00a0a \u00a0eso \u00a0de \u00a0las \u00a07:55 p.m. del d\u00eda 16 de junio de 2008, cuando la se\u00f1ora YENNI \u00a0JUDITH \u00a0ALVARADO \u00a0SANTAMAR\u00cdA se transportaba en su motocicleta de marca Yamaha, \u00a0placas \u00a0BWS \u00a0ZLW-93, a hacia su vivienda, a media cuadra del puente peatonal del \u00a0barrio \u00a0Lomitas \u00a0de \u00a0Villa \u00a0del \u00a0Rosario, \u00a0siendo \u00a0interceptada por dos hombres, \u00a0quienes \u00a0la \u00a0intimidaron \u00a0con \u00a0arma \u00a0de fuego, despoj\u00e1ndola del rodante y de un \u00a0bolso con sus pertenencias. \u00a0\u00a0<\/p>\n<p>\u201cLa \u00a0v\u00edctima \u00a0dio \u00a0inmediato \u00a0aviso \u00a0a la \u00a0Polic\u00eda \u00a0a trav\u00e9s de la l\u00ednea 112, estableci\u00e9ndose por parte de la Polic\u00eda, \u00a0quien \u00a0fue \u00a0enterada \u00a0del \u00a0ingreso \u00a0de \u00a0la \u00a0motocicleta con las caracter\u00edsticas \u00a0descritas, \u00a0a una vivienda ubicada en la calle 7\u00aa -06 del barrio Bogot\u00e1, hasta \u00a0donde \u00a0se \u00a0desplazaron, siendo atendidos por la se\u00f1ora ANA JOSEFA JAIMES, quien \u00a0confirm\u00f3 \u00a0 que \u00a0su \u00a0hijo \u00a0ELKIN \u00a0JAIR \u00a0CONTRERAS \u00a0JAIMES \u00a0hab\u00eda \u00a0ingresado \u00a0el \u00a0veloc\u00edpedo \u00a0a \u00a0su \u00a0casa, junto a su amigo PACHO, cuya identidad se estableci\u00f3, \u00a0siendo \u00a0 este \u00a0ANDR\u00c9S \u00a0MAURICIO \u00a0OVIEDO \u00a0RUEDAS, \u00a0se\u00f1alando \u00a0el \u00a0lugar \u00a0de \u00a0su \u00a0residencia, \u00a0 frente \u00a0a \u00a0la \u00a0cual, \u00a0entre \u00a0la \u00a0maleza \u00a0es \u00a0hallada \u00a0un \u00a0arma \u00a0de \u00a0fuego\u201d. \u00a0\u00a0<\/p>\n<p>2. \u00a0Por \u00a0los anteriores hechos, la fiscal\u00eda \u00a0present\u00f3 \u00a0 escrito \u00a0 de \u00a0 acusaci\u00f3n \u00a0contra \u00a0Andr\u00e9s \u00a0Mauricio \u00a0 Oviedo \u00a0Rueda \u00a0por \u00a0los \u00a0delitos \u00a0de \u00a0hurto \u00a0calificado \u00a0agravado \u00a0y \u00a0fabricaci\u00f3n, \u00a0tr\u00e1fico \u00a0y \u00a0porte \u00a0de \u00a0armas de fuego o \u00a0municiones. \u00a0\u00a0<\/p>\n<p>3. Celebradas las \u00a0audiencias \u00a0preparatoria \u00a0y \u00a0del \u00a0juicio oral, el Juzgado Promiscuo del Circuito \u00a0con \u00a0funciones \u00a0de \u00a0conocimiento \u00a0de \u00a0Los \u00a0Patios (Norte de Santander), el 24 de \u00a0marzo \u00a0 de \u00a0 2009, \u00a0 dict\u00f3 \u00a0 sentencia \u00a0 de \u00a0 primera \u00a0 instancia \u00a0 en \u00a0la \u00a0que \u00a0conden\u00f3\u00a0 \u00a0 \u00a0 a \u00a0Andr\u00e9s \u00a0 \u00a0Mauricio \u00a0 \u00a0Oviedo \u00a0 Rueda \u00a0 a \u00a0la \u00a0pena principal de 264 meses de prisi\u00f3n y a las accesorias de \u00a0inhabilitaci\u00f3n \u00a0 para \u00a0 el \u00a0ejercicio \u00a0de \u00a0derechos \u00a0y \u00a0funciones \u00a0p\u00fablicas \u00a0y \u00a0privaci\u00f3n \u00a0 del \u00a0 derecho \u00a0 a \u00a0 la \u00a0 tenencia \u00a0y \u00a0porte \u00a0de \u00a0arma \u00a0por \u00a0 264 \u00a0 meses, \u00a0como \u00a0coautor \u00a0de \u00a0las \u00a0conductas \u00a0punibles \u00a0de \u00a0hurto \u00a0calificado \u00a0agravado \u00a0y fabricaci\u00f3n, tr\u00e1fico y \u00a0porte de armas de fuego o municiones. \u00a0\u00a0<\/p>\n<p>4. Apelado el fallo, el Tribunal Superior de \u00a0C\u00facuta, \u00a0el \u00a07 \u00a0de \u00a0mayo \u00a0de \u00a02009, \u00a0al \u00a0desatar el recurso, lo confirm\u00f3 en su \u00a0integridad. \u00a0\u00a0<\/p>\n<p>5. \u00a0Contra \u00a0el fallo de segunda instancia el \u00a0defensor \u00a0del \u00a0enjuiciado \u00a0en \u00a0la oportunidad prevista en el art\u00edculo 183 de la \u00a0Ley \u00a0906 \u00a0de \u00a02004, \u00a0present\u00f3 \u00a0demanda \u00a0de \u00a0casaci\u00f3n \u00a0y \u00a0esta \u00a0Sala, \u00a0mediante \u00a0providencia \u00a0del \u00a019 \u00a0de \u00a0mayo del a\u00f1o en curso, no la \u00a0admiti\u00f3, \u00a0pero \u00a0dispuso \u00a0que, \u00a0una \u00a0vez \u00a0surtido \u00a0el \u00a0tr\u00e1mite \u00a0del \u00a0mecanismo \u00a0de insistencia, retornara el proceso al despacho a fin \u00a0de \u00a0proveer \u00a0de \u00a0oficio \u00a0acerca \u00a0de \u00a0la \u00a0posible \u00a0vulneraci\u00f3n de las garant\u00edas \u00a0fundamentales \u00a0del \u00a0procesado \u00a0en \u00a0lo \u00a0atinente \u00a0a la fijaci\u00f3n de las sanciones \u00a0accesorias \u00a0antes \u00a0enunciadas, a lo cual, en consecuencia, se circunscribir\u00e1 el \u00a0fallo. \u00a0\u00a0<\/p>\n<p>CONSIDERACIONES DE LA CORTE \u00a0<\/p>\n<p>De \u00a0acuerdo \u00a0con \u00a0el \u00a0art\u00edculo \u00a029 \u00a0de \u00a0la \u00a0Constituci\u00f3n \u00a0Pol\u00edtica, la preexistencia normativa respecto del delito y de la \u00a0pena, \u00a0se \u00a0constituye \u00a0en garant\u00eda fundamental, adem\u00e1s de ser l\u00edmite al poder \u00a0punitivo estatal. \u00a0\u00a0<\/p>\n<p>De \u00a0un \u00a0lado, \u00a0porque \u00a0los \u00a0ciudadanos deben \u00a0conocer \u00a0 los \u00a0comportamientos \u00a0prohibidos \u00a0elevados \u00a0por \u00a0el \u00a0legislador \u00a0a \u00a0la \u00a0categor\u00eda \u00a0de \u00a0delitos, \u00a0as\u00ed \u00a0como \u00a0la \u00a0correspondiente \u00a0sanci\u00f3n \u00a0previamente \u00a0establecida, \u00a0a \u00a0fin \u00a0de \u00a0contar \u00a0con \u00a0la \u00a0certeza \u00a0de \u00a0que \u00a0s\u00f3lo \u00a0podr\u00e1n \u00a0ser \u00a0sancionados \u00a0en \u00a0raz\u00f3n \u00a0de \u00a0la \u00a0comisi\u00f3n de una conducta punible dentro de los \u00a0l\u00edmites \u00a0cuantitativos \u00a0y cualitativos consagrados con antelaci\u00f3n en la ley y, \u00a0de \u00a0otro, \u00a0porque \u00a0el \u00a0funcionario \u00a0judicial \u00a0no \u00a0puede \u00a0salirse \u00a0de esos marcos \u00a0normativos, ni anteponer su capricho o discreci\u00f3n. \u00a0\u00a0<\/p>\n<p>En este caso, con ocasi\u00f3n de los mencionados \u00a0il\u00edcitos, \u00a0por \u00a0hechos \u00a0acaecidos \u00a0el \u00a016 \u00a0de \u00a0junio \u00a0de \u00a02008, \u00a0se le impuso a \u00a0Andr\u00e9s Mauricio Oviedo Rueda \u00a0pena \u00a0de \u00a0prisi\u00f3n \u00a0de \u00a0264 \u00a0meses, \u00a0mismo \u00a0t\u00e9rmino \u00a0que \u00a0se \u00a0le fij\u00f3 para las \u00a0sanciones \u00a0accesorias \u00a0de \u00a0inhabilitaci\u00f3n \u00a0para \u00a0el \u00a0ejercicio \u00a0de \u00a0derechos \u00a0y \u00a0funciones \u00a0p\u00fablicas \u00a0y \u00a0privaci\u00f3n \u00a0del \u00a0derecho \u00a0a \u00a0la \u00a0tenencia \u00a0y \u00a0porte \u00a0de \u00a0arma. \u00a0\u00a0<\/p>\n<p>El C\u00f3digo Penal aplicable (Ley 599 de 2000) \u00a0establece \u00a0en \u00a0el \u00a0art\u00edculo \u00a051 \u00a0la \u00a0duraci\u00f3n de las penas privativas de otros \u00a0derechos, \u00a0estableciendo para la inhabilitaci\u00f3n para el ejercicio de derechos y \u00a0funciones \u00a0p\u00fablicas\u00a0\u00a0 \u00a0m\u00ednimo \u00a0cinco (5) a\u00f1os y m\u00e1ximo veinte (20) \u00a0a\u00f1os, \u00a0 salvo \u00a0 lo \u00a0dispuesto \u00a0en \u00a0el \u00a0inciso \u00a05\u00b0 \u00a0del \u00a0art\u00edculo \u00a0122 \u00a0de \u00a0la \u00a0Constituci\u00f3n \u00a0Pol\u00edtica \u00a0respecto \u00a0de \u00a0los \u00a0delitos \u00a0contra \u00a0el \u00a0patrimonio del \u00a0Estado, evento que aqu\u00ed no ocurre. \u00a0\u00a0<\/p>\n<p>En \u00a0cuanto \u00a0a \u00a0la \u00a0sanci\u00f3n del derecho a la \u00a0tenencia \u00a0y porte de armas, el citado art\u00edculo dispone una duraci\u00f3n de uno (1) \u00a0a quince (15) a\u00f1os. \u00a0\u00a0<\/p>\n<p>Por \u00a0tanto,\u00a0 aqu\u00ed es palmario el error \u00a0de \u00a0los juzgadores, porque al determinar las sanciones adjuntas en una duraci\u00f3n \u00a0igual \u00a0a \u00a0la \u00a0principal \u00a0de prisi\u00f3n, incurrieron en flagrante violaci\u00f3n de las \u00a0garant\u00edas \u00a0fundamentales \u00a0del procesado, espec\u00edficamente, a la legalidad de la \u00a0pena, \u00a0 dejando \u00a0de \u00a0aplicar \u00a0el \u00a0tope \u00a0m\u00e1ximo \u00a0legalmente \u00a0establecido \u00a0en \u00a0la \u00a0ley. \u00a0\u00a0<\/p>\n<p>En \u00a0consecuencia, \u00a0corresponde \u00a0a \u00a0la \u00a0Corte \u00a0restaurar \u00a0tal \u00a0garant\u00eda \u00a0y por ello, dispondr\u00e1 casar de oficio y parcialmente \u00a0el \u00a0fallo, \u00a0en \u00a0cuanto \u00a0ata\u00f1e a las penas accesorias de inhabilitaci\u00f3n para el \u00a0ejercicio \u00a0 de \u00a0 derechos \u00a0 y \u00a0 funciones \u00a0p\u00fablicas \u00a0impuestas \u00a0a \u00a0Andr\u00e9s \u00a0Mauricio Oviedo Rueda, en su lugar \u00a0establecer \u00a0 su \u00a0 duraci\u00f3n \u00a0 en \u00a0veinte \u00a0(20) \u00a0a\u00f1os, \u00a0y la \u00a0privaci\u00f3n \u00a0 del \u00a0 derecho \u00a0a \u00a0la \u00a0tenencia \u00a0y \u00a0porte \u00a0de \u00a0armas \u00a0en quince (15) a\u00f1os. \u00a0\u00a0<\/p>\n<p>En \u00a0m\u00e9rito \u00a0de lo expuesto, la Sala \u00a0de Casaci\u00f3n Penal de la Corte Suprema de Justicia, \u00a0administrando justicia en nombre de la Rep\u00fablica y por autoridad \u00a0de la ley, \u00a0\u00a0<\/p>\n<p>R E S U E L V E \u00a0<\/p>\n<p>1. \u00a0\u00a0 \u00a0\u00a0 \u00a0\u00a0 \u00a0\u00a0CASAR\u00a0\u00a0 \u00a0PARCIALMENTE\u00a0 \u00a0Y \u00a0DE\u00a0\u00a0 \u00a0OFICIO\u00a0 el\u00a0 fallo\u00a0\u00a0 \u00a0de \u00a0segundo \u00a0grado, para reducir las penas accesorias de inhabilitaci\u00f3n para el \u00a0ejercicio \u00a0de derechos y funciones p\u00fablicas a veinte (20) a\u00f1os y la privaci\u00f3n \u00a0del \u00a0derecho \u00a0a \u00a0la \u00a0tenencia \u00a0y porte de armas en quince (15) a\u00f1os impuesta al \u00a0procesado \u00a0Andr\u00e9s \u00a0Mauricio \u00a0Oviedo Rueda, de conformidad con la argumentaci\u00f3n precedente. \u00a0\u00a0<\/p>\n<p>2. \u00a0\u00a0 \u00a0\u00a0 \u00a0\u00a0 \u00a0\u00a0PRECISAR que los \u00a0restantes \u00a0 \u00a0ordenamientos \u00a0 \u00a0de \u00a0 \u00a0la \u00a0 \u00a0sentencia \u00a0 impugnada \u00a0 se \u00a0 mantienen \u00a0inc\u00f3lumes. \u00a0\u00a0<\/p>\n<p>Contra \u00a0esta \u00a0decisi\u00f3n \u00a0no \u00a0procede recurso \u00a0alguno. \u00a0\u00a0<\/p>\n<p>C\u00f3piese, \u00a0 notif\u00edquese, \u00a0 c\u00famplase \u00a0 y \u00a0devu\u00e9lvase al Tribunal de origen. \u00a0\u00a0<\/p>\n<p>JAVIER\u00a0 ZAPATA ORTIZ \u00a0<\/p>\n<p>JOS\u00c9 \u00a0LUIS \u00a0BARCEL\u00d3 \u00a0CAMACHO \u00a0 \u00a0 \u00a0\u00a0 \u00a0\u00a0 \u00a0\u00a0 \u00a0\u00a0 \u00a0\u00a0 \u00a0 \u00a0\u00a0 \u00a0 \u00a0 \u00a0 \u00a0 \u00a0 \u00a0 \u00a0 \u00a0 \u00a0\u00a0JOS\u00c9 \u00a0LEONIDAS \u00a0BUSTOS \u00a0MART\u00cdNEZ \u00a0 \u00a0 \u00a0 \u00a0 \u00a0\u00a0<\/p>\n<p>\u00a0 \u00a0\u00a0 \u00a0\u00a0 \u00a0 \u00a0\u00a0 \u00a0\u00a0 \u00a0\u00a0 \u00a0\u00a0 \u00a0\u00a0 \u00a0\u00a0 \u00a0 \u00a0\u00a0 \u00a0 \u00a0 \u00a0 \u00a0 \u00a0 \u00a0 \u00a0 \u00a0 \u00a0\u00a0 \u00a0 \u00a0 \u00a0 \u00a0 \u00a0\u00a0 \u00a0\u00a0 \u00a0\u00a0 \u00a0\u00a0 \u00a0\u00a0 \u00a0\u00a0 \u00a0\u00a0 \u00a0\u00a0 \u00a0 \u00a0\u00a0 \u00a0 \u00a0 \u00a0 \u00a0 \u00a0 \u00a0 \u00a0 \u00a0 \u00a0\u00a0\u00a0\u00a0\u00a0 \u00a0 \u00a0 \u00a0 COMISI\u00d3N \u00a0 \u00a0 \u00a0DE \u00a0SERVICIO \u00a0\u00a0<\/p>\n<p>FERNANDO \u00a0 \u00a0 \u00a0ALBERTO \u00a0 \u00a0 \u00a0CASTRO \u00a0CABALLERO \u00a0\u00a0 \u00a0\u00a0 \u00a0\u00a0 \u00a0\u00a0 \u00a0\u00a0 \u00a0\u00a0 \u00a0\u00a0 \u00a0\u00a0SIGIFREDO \u00a0ESPINOSA \u00a0 \u00a0P\u00c9REZ \u00a0 \u00a0 \u00a0 \u00a0\u00a0 \u00a0 \u00a0\u00a0 \u00a0 \u00a0 \u00a0\u00a0 \u00a0\u00a0<\/p>\n<p>\u00a0 \u00a0\u00a0 \u00a0\u00a0 \u00a0\u00a0 PERMISO \u00a0\u00a0<\/p>\n<p>ALFREDO \u00a0 G\u00d3MEZ \u00a0 QUINTERO \u00a0\u00a0 \u00a0\u00a0 \u00a0\u00a0 \u00a0\u00a0 \u00a0\u00a0 \u00a0\u00a0 \u00a0\u00a0 \u00a0\u00a0MARIA \u00a0DEL ROSARIO GONZ\u00c1LEZ DE \u00a0LEMOS \u00a0\u00a0<\/p>\n<p>AUGUSTO \u00a0J. \u00a0IBA\u00d1EZ \u00a0GUZM\u00c1N \u00a0\u00a0 \u00a0\u00a0 \u00a0\u00a0 \u00a0\u00a0 \u00a0\u00a0 \u00a0\u00a0 \u00a0 \u00a0\u00a0 \u00a0 \u00a0 \u00a0 \u00a0 \u00a0 \u00a0 \u00a0 \u00a0 \u00a0\u00a0JULIO ENRIQUE SOCHA SALAMANCA \u00a0\u00a0<\/p>\n<p>\u00a0 \u00a0\u00a0 \u00a0\u00a0 \u00a0 \u00a0\u00a0 \u00a0\u00a0 \u00a0\u00a0 \u00a0\u00a0 \u00a0\u00a0 \u00a0\u00a0 \u00a0 \u00a0\u00a0 \u00a0 \u00a0 \u00a0 \u00a0 \u00a0 \u00a0 \u00a0 \u00a0 \u00a0\u00a0 \u00a0 \u00a0 \u00a0 \u00a0 \u00a0\u00a0 \u00a0\u00a0 \u00a0\u00a0 \u00a0\u00a0 \u00a0\u00a0 \u00a0\u00a0 \u00a0\u00a0 \u00a0\u00a0 \u00a0 \u00a0\u00a0 \u00a0 \u00a0 \u00a0 \u00a0 \u00a0 \u00a0 \u00a0 \u00a0 \u00a0\u00a0 \u00a0 \u00a0 \u00a0 \u00a0 \u00a0\u00a0 \u00a0\u00a0 \u00a0 \u00a0 \u00a0 \u00a0 \u00a0\u00a0<\/p>\n<p>NUBIA YOLANDA NOVA GARCIA \u00a0<\/p>\n<p>Secretaria \u00a0<\/p>\n<p>\u00a0 \u00a0\u00a0<\/p>\n<p><\/p>\n","protected":false},"excerpt":{"rendered":"<p>\u00a0 \u00a0 Proceso n.\u00ba 32474 \u00a0 CORTE SUPREMA DE JUSTICIA \u00a0 SALA DE CASACION PENAL \u00a0 Magistrado Ponente: \u00a0 JOS\u00c9 LUIS BARCEL\u00d3 CAMACHO \u00a0 Aprobado acta N\u00ba 209 \u00a0 Bogot\u00e1, \u00a0D. C., veintid\u00f3s (22) de junio de \u00a0dos mil once (2011) \u00a0\u00a0 V I S T O S \u00a0 La \u00a0Sala \u00a0se \u00a0pronuncia de oficio [&hellip;]<\/p>\n","protected":false},"author":1,"featured_media":0,"comment_status":"open","ping_status":"open","sticky":false,"template":"","format":"standard","meta":{"footnotes":""},"categories":[19],"tags":[],"class_list":["post-21745","post","type-post","status-publish","format-standard","hentry","category-19"],"_links":{"self":[{"href":"https:\/\/dmsjuridica.com\/buscador_20179478954\/salapenalcronologico20230723\/wp-json\/wp\/v2\/posts\/21745","targetHints":{"allow":["GET"]}}],"collection":[{"href":"https:\/\/dmsjuridica.com\/buscador_20179478954\/salapenalcronologico20230723\/wp-json\/wp\/v2\/posts"}],"about":[{"href":"https:\/\/dmsjuridica.com\/buscador_20179478954\/salapenalcronologico20230723\/wp-json\/wp\/v2\/types\/post"}],"author":[{"embeddable":true,"href":"https:\/\/dmsjuridica.com\/buscador_20179478954\/salapenalcronologico20230723\/wp-json\/wp\/v2\/users\/1"}],"replies":[{"embeddable":true,"href":"https:\/\/dmsjuridica.com\/buscador_20179478954\/salapenalcronologico20230723\/wp-json\/wp\/v2\/comments?post=21745"}],"version-history":[{"count":0,"href":"https:\/\/dmsjuridica.com\/buscador_20179478954\/salapenalcronologico20230723\/wp-json\/wp\/v2\/posts\/21745\/revisions"}],"wp:attachment":[{"href":"https:\/\/dmsjuridica.com\/buscador_20179478954\/salapenalcronologico20230723\/wp-json\/wp\/v2\/media?parent=21745"}],"wp:term":[{"taxonomy":"category","embeddable":true,"href":"https:\/\/dmsjuridica.com\/buscador_20179478954\/salapenalcronologico20230723\/wp-json\/wp\/v2\/categories?post=21745"},{"taxonomy":"post_tag","embeddable":true,"href":"https:\/\/dmsjuridica.com\/buscador_20179478954\/salapenalcronologico20230723\/wp-json\/wp\/v2\/tags?post=21745"}],"curies":[{"name":"wp","href":"https:\/\/api.w.org\/{rel}","templated":true}]}}