{"id":21723,"date":"2023-09-12T16:32:30","date_gmt":"2023-09-12T16:32:30","guid":{"rendered":"https:\/\/dmsjuridica.com\/buscador_20179478954\/salapenalcronologico20230723\/2023\/09\/12\/3200014-09-11\/"},"modified":"2023-09-12T16:32:30","modified_gmt":"2023-09-12T16:32:30","slug":"3200014-09-11","status":"publish","type":"post","link":"https:\/\/dmsjuridica.com\/buscador_20179478954\/salapenalcronologico20230723\/2023\/09\/12\/3200014-09-11\/","title":{"rendered":"32000(14-09-11)"},"content":{"rendered":"\n<p>\u00a0 \u00a0 Proceso n.\u00ba 32000 \u00a0<\/p>\n<p>CORTE SUPREMA DE JUSTICIA \u00a0<\/p>\n<p>SALA DE CASACI\u00d3N PENAL \u00a0<\/p>\n<p>\u00a0\u00a0\u00a0\u00a0\u00a0\u00a0\u00a0\u00a0\u00a0\u00a0\u00a0\u00a0\u00a0 \u00a0\u00a0<\/p>\n<p>\u00a0\u00a0\u00a0\u00a0\u00a0\u00a0\u00a0\u00a0\u00a0\u00a0\u00a0\u00a0 \u00a0Magistrado Ponente \u00a0\u00a0<\/p>\n<p>\u00a0\u00a0\u00a0\u00a0\u00a0\u00a0\u00a0\u00a0\u00a0\u00a0\u00a0\u00a0\u00a0\u00a0\u00a0\u00a0\u00a0\u00a0\u00a0\u00a0\u00a0\u00a0\u00a0\u00a0\u00a0\u00a0\u00a0\u00a0\u00a0\u00a0\u00a0\u00a0\u00a0\u00a0 \u00a0ALFREDO G\u00d3MEZ QUINTERO \u00a0\u00a0<\/p>\n<p>\u00a0\u00a0\u00a0\u00a0\u00a0\u00a0\u00a0\u00a0\u00a0\u00a0\u00a0\u00a0\u00a0\u00a0\u00a0\u00a0\u00a0\u00a0\u00a0\u00a0\u00a0\u00a0\u00a0\u00a0\u00a0\u00a0\u00a0\u00a0\u00a0\u00a0\u00a0\u00a0\u00a0\u00a0 \u00a0Acta No. 331 \u00a0\u00a0<\/p>\n<p>\u00a0 \u00a0 \u00a0 \u00a0 \u00a0<\/p>\n<p>Bogot\u00e1, \u00a0 \u00a0 \u00a0D.C., \u00a0 \u00a0 catorce \u00a0(14) \u00a0de \u00a0septiembre \u00a0de \u00a0dos \u00a0mil once (2011) \u00a0\u00a0<\/p>\n<p>VISTOS: \u00a0<\/p>\n<p>Terminada la audiencia p\u00fablica de juzgamiento \u00a0dentro \u00a0del \u00a0proceso \u00a0adelantado \u00a0contra JORGE AURELIO \u00a0NOGUERA \u00a0COTES, \u00a0procede la Sala a dictar sentencia de \u00a0conformidad \u00a0con \u00a0las \u00a0facultades conferidas en los art\u00edculos 235-4 de la Carta \u00a0Pol\u00edtica y 75-6\u00b0 de la Ley 600 de 2000. \u00a0\u00a0<\/p>\n<p>IDENTIFICACION DEL PROCESADO \u00a0<\/p>\n<p>JORGE \u00a0AURELIO \u00a0NOGUERA \u00a0COTES, \u00a0se \u00a0identifica \u00a0con \u00a0la c\u00e9dula de ciudadan\u00eda No. 12\u2019558.712, naci\u00f3 el 25 de septiembre de \u00a01963 \u00a0en Santa Marta, es hijo de Lu\u00eds Aurelio Noguera y Maruja Torres, tiene 47 \u00a0a\u00f1os, \u00a0es \u00a0casado \u00a0con \u00a0Lorena \u00a0Fl\u00f3rez Su\u00e1rez, tiene 3 hijos: Laura, Luc\u00eda y \u00a0Alejandro, \u00a0es \u00a0abogado \u00a0especializado \u00a0en derecho p\u00fablico y ocup\u00f3 el cargo de \u00a0Director \u00a0del Departamento Administrativo de Seguridad DAS entre el 16 de agosto \u00a0de 2002 y 26 de octubre de 2005. \u00a0\u00a0<\/p>\n<p>\u00a0\u00a0\u00a0 \u00a0<\/p>\n<p>HECHOS \u00a0<\/p>\n<p>En el segundo semestre del a\u00f1o 2005 y primer \u00a0semestre \u00a0del \u00a0a\u00f1o \u00a02006, \u00a0los \u00a0medios \u00a0de \u00a0comunicaci\u00f3n \u00a0dieron a conocer las \u00a0denuncias \u00a0que \u00a0formulaba \u00a0el \u00a0ex \u00a0Jefe \u00a0de la Oficina de\u00a0 Inform\u00e1tica del \u00a0Departamento \u00a0Administrativo \u00a0de \u00a0Seguridad \u00a0contra el ex Director del organismo \u00a0JORGE AURELIO NOGUERA COTES, \u00a0todas \u00a0ellas \u00a0relacionadas \u00a0con \u00a0los \u00a0supuestos \u00a0v\u00ednculos que habr\u00eda tenido su \u00a0administraci\u00f3n \u00a0con \u00a0el Bloque Norte de las Autodefensas, comandado por Rodrigo \u00a0Tovar Pupo, alias \u201cJorge 40\u201d. \u00a0\u00a0<\/p>\n<p>Estas \u00a0denuncias \u00a0daban \u00a0cuenta \u00a0de \u00a0diversas \u00a0irregularidades \u00a0cometidas al interior de la instituci\u00f3n, dirigidas a favorecer \u00a0el accionar paramilitar en la zona norte del pa\u00eds, as\u00ed: \u00a0\u00a0<\/p>\n<p>-Filtraci\u00f3n de informaci\u00f3n de inteligencia a \u00a0miembros de las autodefensas. \u00a0\u00a0<\/p>\n<p>-Entrega de informaci\u00f3n de polic\u00eda judicial, \u00a0relativa \u00a0al \u00a0proceso \u00a0de \u00a0acci\u00f3n \u00a0de \u00a0extinci\u00f3n \u00a0de \u00a0dominio que la Fiscal\u00eda \u00a0General \u00a0de \u00a0la \u00a0Naci\u00f3n \u00a0adelantaba \u00a0con \u00a0apoyo \u00a0de \u00a0investigadores \u00a0del \u00a0\u00c1rea \u00a0Especializada \u00a0de Investigaciones Financieras de la Direcci\u00f3n General Operativa \u00a0del \u00a0DAS, \u00a0contra \u00a0el \u00a0Frente \u00a0Resistencia Tayrona, al ide\u00f3logo pol\u00edtico de la \u00a0citada organizaci\u00f3n, Jos\u00e9 Gelves Albarrac\u00edn. \u00a0\u00a0<\/p>\n<p>&#8211; \u00a0Alteraci\u00f3n \u00a0y \u00a0borrados de anotaciones de \u00a0antecedentes y \u00f3rdenes de captura de miembros de las autodefensas \u00a0\u00a0<\/p>\n<p>&#8211; \u00a0Nombramientos \u00a0en los cargos de Directores \u00a0Seccionales \u00a0en \u00a0la Costa Norte del pa\u00eds, de personas cercanas a la asociaci\u00f3n \u00a0delictiva \u00a0 con \u00a0 el \u00a0 prop\u00f3sito \u00a0 de \u00a0favorecer \u00a0y \u00a0promover \u00a0sus \u00a0actividades \u00a0delictivas. \u00a0\u00a0<\/p>\n<p>&#8211; \u00a0Suministro \u00a0de \u00a0listas \u00a0de \u00a0sindicalistas, \u00a0estudiantes \u00a0y \u00a0dirigentes \u00a0de izquierda entre ellos, Fernando Piscioti, Alfredo \u00a0Correa \u00a0De \u00a0Andreis \u00a0y \u00a0Zully \u00a0Codina P\u00e9rez al bloque norte de las autodefensas \u00a0para que los ejecutaran. \u00a0\u00a0<\/p>\n<p>DE LA ACTUACION PROCESAL \u00a0<\/p>\n<p>1- \u00a0En \u00a0torno a la rese\u00f1a de este proceso es \u00a0importante \u00a0 precisar \u00a0 que \u00a0el \u00a0mismo \u00a0fue \u00a0objeto \u00a0de \u00a0nulidad \u00a0en \u00a0pret\u00e9rita \u00a0oportunidad, \u00a0pues \u00a0si \u00a0bien \u00a0el \u00a0Fiscal \u00a0General \u00a0de \u00a0la \u00a0Naci\u00f3n \u00a0calific\u00f3 la \u00a0actuaci\u00f3n \u00a0con \u00a0resoluci\u00f3n \u00a0de \u00a0acusaci\u00f3n \u00a0el \u00a01\u00ba de febrero de 2008, fue un \u00a0Delegado \u00a0ante \u00a0la Corte Suprema de Justicia quien dispuso la apertura formal de \u00a0investigaci\u00f3n \u00a0en \u00a0contra \u00a0de \u00a0JORGE AURELIO NOGUERA \u00a0COTES el 22 de enero de 2007. \u00a0\u00a0<\/p>\n<p>Por \u00a0esta \u00a0situaci\u00f3n \u00a0la \u00a0Sala \u00a0en audiencia \u00a0preparatoria \u00a0realizada \u00a0el \u00a011 \u00a0de \u00a0junio \u00a0de \u00a02008, \u00a0decret\u00f3 la nulidad de la \u00a0actuaci\u00f3n \u00a0a \u00a0partir \u00a0de \u00a0la \u00a0resoluci\u00f3n \u00a0de \u00a0apertura \u00a0de \u00a0instrucci\u00f3n, pues \u00a0funcionario \u00a0diferente \u00a0al \u00a0Fiscal \u00a0General \u00a0dispuso del ejercicio de la acci\u00f3n \u00a0penal \u00a0y ejecut\u00f3 actuaciones que correspond\u00edan de manera exclusiva y privativa \u00a0a \u00a0 \u00e9ste, \u00a0 en \u00a0 virtud \u00a0del \u00a0fuero \u00a0que \u00a0cobijaba \u00a0al \u00a0sindicado \u00a0NOGUERA COTES. \u00a0\u00a0<\/p>\n<p>En la aludida audiencia se dej\u00f3 claro que las \u00a0pruebas \u00a0acopiadas \u00a0durante \u00a0la \u00a0investigaci\u00f3n \u00a0permanec\u00edan \u00a0intactas, pues no \u00a0presentaban \u00a0vicios \u00a0en \u00a0su \u00a0producci\u00f3n y aducci\u00f3n, en tanto fueron recaudadas \u00a0por \u00a0un servidor con funciones judiciales, contaron con la participaci\u00f3n de los \u00a0sujetos \u00a0procesales \u00a0en ejercicio del derecho de contradicci\u00f3n y cumplieron con \u00a0los \u00a0requisitos \u00a0legales, \u00a0es \u00a0decir, carec\u00edan de vicios que las privaran de su \u00a0aptitud demostrativa. \u00a0\u00a0<\/p>\n<p>2- \u00a0En \u00a0cumplimiento de la decisi\u00f3n adoptada \u00a0por \u00a0la \u00a0Corporaci\u00f3n, \u00a0el \u00a018 \u00a0de junio de 2008 el Fiscal General de la Naci\u00f3n \u00a0abri\u00f3 \u00a0investigaci\u00f3n \u00a0formal en contra del ex Director del DAS por los delitos \u00a0de \u00a0concierto \u00a0para \u00a0delinquir \u00a0agravado; \u00a0homicidio \u00a0agravado; \u00a0utilizaci\u00f3n de \u00a0asunto \u00a0sometido \u00a0a \u00a0secreto \u00a0o reserva; falsedad por destrucci\u00f3n, supresi\u00f3n u \u00a0ocultamiento \u00a0de \u00a0documento \u00a0p\u00fablico; \u00a0abuso de autoridad por acto arbitrario e \u00a0injusto; \u00a0 \u00a0 concusi\u00f3n \u00a0 \u00a0y \u00a0 \u00a0cohecho \u00a0 \u00a0propio1. \u00a0\u00a0<\/p>\n<p>Vinculado \u00a0 con \u00a0 indagatoria \u00a0defini\u00f3 \u00a0la \u00a0situaci\u00f3n \u00a0jur\u00eddica \u00a0de \u00a0NOGUERA COTES con \u00a0medida \u00a0de \u00a0aseguramiento de detenci\u00f3n preventiva por\u00a0 el \u00a0delito \u00a0de \u00a0concierto \u00a0para \u00a0delinquir \u00a0agravado, absteni\u00e9ndose respecto de las \u00a0hip\u00f3tesis \u00a0 de \u00a0 homicidio \u00a0 agravado, \u00a0por \u00a0ausencia \u00a0de \u00a0indicios \u00a0graves \u00a0de \u00a0responsabilidad2.\u00a0 \u00a0\u00a0<\/p>\n<p>Finalmente \u00a0el \u00a0Fiscal \u00a0General de la Naci\u00f3n \u00a0acus\u00f3 \u00a0 mediante \u00a0 resoluci\u00f3n \u00a0 de \u00a0 6 \u00a0 de \u00a0 mayo \u00a0de \u00a02009, \u00a0a \u00a0JORGE \u00a0AURELIO NOGUERA COTES como presunto \u00a0coautor \u00a0responsable \u00a0de \u00a0los \u00a0delitos \u00a0de \u00a0concierto \u00a0para \u00a0delinquir \u00a0agravado \u00a0\u2013art\u00edculo \u00a0340 \u00a0inciso \u00a02-; \u00a0homicidio \u00a0agravado \u00a0por \u00a0los \u00a0decesos de Alfredo \u00a0Correa \u00a0De Andreis, Zully Esther Codina, Fernando Pisciotti Van Strahlen y Ad\u00e1n \u00a0Pacheco, \u00a0 \u00a0 \u00a0en \u00a0 \u00a0 concurso \u00a0 \u00a0 homog\u00e9neo \u00a0 \u00a0 y \u00a0 \u00a0 sucesivo \u00a0 \u00a0 \u2013art\u00edculo \u00a0 \u00a0103 \u00a0 \u00a0y \u00a0 \u00a0104 \u00a0 ord. \u00a010; cohecho propio; concusi\u00f3n; abuso de autoridad por \u00a0acto \u00a0 \u00a0arbitrario \u00a0 \u00a0e \u00a0 \u00a0injusto \u00a0 \u2013art. \u00a0 416-; \u00a0 utilizaci\u00f3n \u00a0 de \u00a0asunto \u00a0sometido \u00a0a \u00a0reserva \u2013art. \u00a0419- \u00a0y \u00a0destrucci\u00f3n, \u00a0supresi\u00f3n \u00a0u \u00a0ocultamiento de \u00a0documento \u00a0p\u00fablico \u00a0\u2013art. \u00a0292 \u00a0inciso \u00a02- 3. \u00a0\u00a0<\/p>\n<p>En \u00a0relaci\u00f3n \u00a0con \u00a0los \u00a0anteriores cargos es \u00a0importante \u00a0puntualizar \u00a0que \u00a0en \u00a0audiencia \u00a0preparatoria llevada a cabo el 8 de \u00a0septiembre \u00a0de \u00a02009, \u00a0la \u00a0Sala \u00a0decret\u00f3 \u00a0la \u00a0nulidad \u00a0por los\u00a0 siguientes \u00a0delitos: \u00a0homicidio \u00a0agravado \u00a0respecto \u00a0de \u00a0Ad\u00e1n \u00a0Pacheco, dado que durante la \u00a0instrucci\u00f3n \u00a0nunca se formul\u00f3 este cargo; concusi\u00f3n y cohecho propio, ante la \u00a0comprobada \u00a0existencia \u00a0de \u00a0otra \u00a0investigaci\u00f3n por los mismos hechos, aspectos \u00a0\u00e9stos \u00a0que \u00a0vulneraban \u00a0el \u00a0derecho \u00a0de \u00a0defensa \u00a0y \u00a0principio del non bis in idem. \u00a0\u00a0<\/p>\n<p>Ante \u00a0esta \u00a0realidad procesal y con el fin de \u00a0evitar \u00a0confusiones, \u00a0la \u00a0presente \u00a0providencia no har\u00e1 menci\u00f3n de los delitos \u00a0objeto de esa medida. \u00a0\u00a0<\/p>\n<p>3- \u00a0En \u00a0lo esencial la resoluci\u00f3n acusatoria \u00a0consign\u00f3: \u00a0\u00a0<\/p>\n<p>3.1. \u00a0Frente \u00a0al \u00a0delito \u00a0de \u00a0concierto \u00a0para \u00a0delinquir, \u00a0 estim\u00f3 \u00a0que \u00a0los \u00a0v\u00ednculos \u00a0del \u00a0ex \u00a0director \u00a0del \u00a0DAS \u00a0con \u00a0las \u00a0autodefensas \u00a0se \u00a0palpaban \u00a0con \u00a0el \u00a0entorpecimiento \u00a0que \u00a0sufri\u00f3 la operaci\u00f3n \u00a0Cicl\u00f3n, \u00a0dirigida \u00a0contra \u00a0Hern\u00e1n Giraldo Serna, pues el an\u00e1lisis conjunto de \u00a0la \u00a0prueba \u00a0testimonial \u00a0y \u00a0documental\u00a0 \u00a0revelaba \u00a0c\u00f3mo \u00a0la \u00a0remoci\u00f3n del \u00a0coordinador \u00a0 de \u00a0 esa \u00a0unidad \u00a0investigativa, \u00a0Sigifredo \u00a0Puentes, \u00a0ten\u00eda \u00a0ese \u00a0fin.\u00a0 \u00a0\u00a0<\/p>\n<p>Acudi\u00f3 \u00a0 a \u00a0 la \u00a0 declaraci\u00f3n \u00a0de \u00a0Gloria \u00a0Bornacelly, \u00a0Directora de la Seccional DAS en Santa Marta, para demostrar que la \u00a0llamada \u00a0realizada \u00a0desde \u00a0el \u00a0nivel \u00a0central \u00a0a \u00e9sta fue fulminante para hacer \u00a0comparecer \u00a0a \u00a0Sigifredo \u00a0Puentes \u00a0a \u00a0Bogot\u00e1, e impedir su participaci\u00f3n en el \u00a0operativo llamado en ese momento Rodadero. \u00a0\u00a0<\/p>\n<p>Agreg\u00f3 \u00a0que la revisi\u00f3n de los computadores \u00a0de \u00a0los \u00a0detectives \u00a0que \u00a0participaban \u00a0en la operaci\u00f3n, Juan Carlos S\u00e1nchez y \u00a0Juan \u00a0 Carlos \u00a0 Garz\u00f3n, \u00a0 no \u00a0 ten\u00eda \u00a0explicaci\u00f3n \u00a0alguna \u00a0y \u00a0s\u00ed \u00a0en \u00a0cambio \u00a0materializaba el deseo de torpedearla. \u00a0\u00a0<\/p>\n<p>En \u00a0este sentido acudi\u00f3 a los testimonios de \u00a0Rafael \u00a0Garc\u00eda \u00a0Torres \u00a0y \u00a0Lu\u00eds \u00a0Carlos \u00a0Barrag\u00e1n, \u00a0quienes \u00a0relataron que el \u00a0Director \u00a0 \u00a0JORGE \u00a0 AURELIO \u00a0 NOGUERA \u00a0 buscaba \u00a0impedir \u00a0la \u00a0ejecuci\u00f3n \u00a0del operativo en tanto afectaba la \u00a0seguridad de su familia, especialmente la de sus padres. \u00a0\u00a0<\/p>\n<p>Confront\u00f3 \u00a0la prueba documental del tr\u00e1mite \u00a0de \u00a0la \u00a0operaci\u00f3n \u00a0cicl\u00f3n \u00a0con \u00a0el \u00a0proceso 1669 de la Unidad Nacional para la \u00a0Extinci\u00f3n \u00a0del \u00a0Derecho de Dominio y contra el Lavado de Activos, para aseverar \u00a0que \u00a0raz\u00f3n \u00a0les \u00a0asist\u00eda a Juan Carlos S\u00e1nchez Cand\u00eda y Juan Carlos Garz\u00f3n, \u00a0cuando \u00a0se\u00f1alaban \u00a0que \u00a0el \u00a0proceso \u00a0de ocupaci\u00f3n contra Hern\u00e1n Giraldo no se \u00a0adelant\u00f3 en su totalidad. \u00a0\u00a0<\/p>\n<p>Consider\u00f3 \u00a0que \u00a0la \u00a0finalidad \u00a0del \u00a0traslado \u00a0intempestivo \u00a0 de \u00a0 Sigifredo \u00a0 Puentes \u00a0de \u00a0Santa \u00a0Marta \u00a0a \u00a0Bogot\u00e1 \u00a0fue \u00a0para \u00a0\u201cproteger, \u00a0auxiliar \u00a0o \u00a0controlar \u00a0las acciones en \u00a0contra \u00a0de \u00a0las \u00a0AUC \u00a0y \u00a0en \u00a0particular en\u00a0 contra de Hern\u00e1n Giraldo quien \u00a0ten\u00eda \u00a0 su \u00a0 sede \u00a0 en \u00a0 la \u00a0seccional \u00a0respectiva \u00a0y \u00a0quien \u00a0ten\u00eda \u00a0orden \u00a0de \u00a0captura\u201d4. \u00a0\u00a0<\/p>\n<p>Y \u00a0concluy\u00f3: \u201cno \u00a0es \u00a0coincidencia \u00a0la \u00a0actuaci\u00f3n \u00a0directa, \u00a0premeditada y dolosa de JORGE ARELIO \u00a0NOGUERA \u00a0al \u00a0pedir \u00a0informaci\u00f3n de la operaci\u00f3n, al requerir a Giancarlo Auque \u00a0sobre \u00a0esa \u00a0operaci\u00f3n \u00a0Cicl\u00f3n, \u00a0al \u00a0llamar a Ben\u00edtez o a obtener informaci\u00f3n \u00a0como \u00a0lo \u00a0atestigu\u00f3 \u00a0P\u00e9rez, \u00a0sino \u00a0que ten\u00eda un inter\u00e9s claro y determinado: \u00a0EVITAR \u00a0QUE \u00a0SE \u00a0LLEVARA A CABO LA OPERACI\u00d3N y lograr evitar que se capturara a \u00a0Hern\u00e1n \u00a0Giraldo \u00a0y \u00a0sus \u00a0parientes \u00a0o \u00a0amigos. \u00a0Y \u00a0si \u00a0vemos documentalmente el \u00a0recorrido, \u00a0la ambici\u00f3n del entonces director del DAS se logr\u00f3. No se ocuparon \u00a0los \u00a0bienes \u00a0en su totalidad, no se capturaron los que ten\u00edan orden de captura, \u00a0se \u00a0quit\u00f3 \u00a0del medio a Sigifredo Puentes y a los de Operaciones Financiera y se \u00a0conoci\u00f3 \u00a0a \u00a0cabalidad lo que las labores de inteligencia hab\u00edan arrojado, para \u00a0informar \u00a0 \u00a0cabalmente \u00a0 \u00a0a \u00a0 \u00a0sus \u00a0 \u00a0\u201ccompa\u00f1eros \u00a0 de \u00a0 andanzas5\u201d. \u00a0\u00a0<\/p>\n<p>3.2. \u00a0La acusaci\u00f3n por el delito de falsedad \u00a0por \u00a0supresi\u00f3n, destrucci\u00f3n u ocultamiento de documento p\u00fablico, se sustent\u00f3 \u00a0tanto \u00a0en \u00a0la \u00a0condena proferida por este il\u00edcito en contra de Rafael Garc\u00eda y \u00a0Ariel \u00a0Garz\u00f3n, como en las manifestaciones del primero, dirigidas a sostener el \u00a0conocimiento \u00a0que \u00a0ten\u00eda \u00a0el Director del DAS sobre la alteraci\u00f3n de datos que \u00a0realizaba \u00a0en \u00a0el \u00a0sistema \u00a0de informaci\u00f3n, como tambi\u00e9n en lo atestiguado por \u00a0Sandra \u00a0Esc\u00e1rraga, \u00a0Henry \u00a0Rubio \u00a0y \u00a0Luis \u00a0Carlos \u00a0Barrag\u00e1n Samper, quienes al \u00a0un\u00edsono \u00a0 indicaron \u00a0 que \u00a0 de \u00a0 tiempo \u00a0 atr\u00e1s \u00a0 al \u00a0 a\u00f1o \u00a02004, \u00a0detectaron \u00a0comportamientos \u00a0de esta \u00edndole por parte de Rafael Garc\u00eda, los cuales hab\u00edan \u00a0sido \u00a0 notificados \u00a0 a \u00a0 NOGUERA \u00a0 COTES, quien nada hizo al respecto. \u00a0\u00a0<\/p>\n<p>De \u00a0all\u00ed predic\u00f3 que si bien Rafael Garc\u00eda \u00a0era \u00a0la \u00a0persona \u00a0que \u00a0hac\u00eda \u00a0estas \u00a0modificaciones \u00a0en \u00a0el sistema del DAS, el \u00a0entonces \u00a0 Director \u00a0 las \u00a0 conoc\u00eda,\u00a0 \u00a0labor \u00a0con \u00a0la \u00a0cual, \u00a0NOGUERA \u00a0 \u201cpermiti\u00f3 \u00a0a \u00a0los \u00a0grupos \u00a0paramilitares \u00a0asegurar \u00a0su \u00a0impunidad, \u00a0recibir informaci\u00f3n de primera mano de un organismo de inteligencia \u00a0y \u00a0por lo mismo es cre\u00edble que el se\u00f1or NOGUERA conoc\u00eda lo que RAFAEL GARC\u00cdA \u00a0hac\u00eda \u00a0 y \u00a0 le \u00a0solicitaba \u00a0la \u00a0realizaci\u00f3n \u00a0de \u00a0esas \u00a0actividades6\u201d. \u00a0\u00a0<\/p>\n<p>Por \u00a0\u00faltimo, \u00a0integr\u00f3 \u00a0este \u00a0hecho \u00a0a \u00a0la \u00a0hip\u00f3tesis delictiva del concierto para delinquir. \u00a0\u00a0<\/p>\n<p>3.3. \u00a0 Los \u00a0 cargos \u00a0 de \u00a0homicidio \u00a0est\u00e1n \u00a0sustentados \u00a0en\u00a0 \u201chaber suministrado listas que \u00a0ten\u00eda \u00a0el \u00a0DAS \u00a0de \u00a0personas \u00a0protegidas \u00a0por \u00a0ser \u00a0de \u00a0grupos de izquierda, de \u00a0sindicalistas, \u00a0 profesores \u00a0 universitarios \u00a0 (Zully \u00a0Codina \u00a0P\u00e9rez, \u00a0Fernando \u00a0Pisciotti \u00a0y Alfredo Correa De Andreis) que aparecieron\u00a0 coincidencialmente \u00a0muertas \u00a0en forma violenta, supuestamente a manos de paramilitares bajo el mando \u00a0de Jorge 40\u201d \u00a0\u00a0<\/p>\n<p>\u201cLos casos aqu\u00ed \u00a0relacionados \u00a0tienen \u00a0como com\u00fan denominador acciones de inteligencia en contra \u00a0de \u00a0estas \u00a0personas, \u00a0con \u00a0afirmaci\u00f3n \u00a0por parte del DAS de pertenecer a grupos \u00a0subversivos, \u00a0su \u00a0captura, \u00a0y \u00a0ante la decisi\u00f3n de la fiscal\u00eda como en el caso \u00a0del homicidio de CORREA DE ANDREIS su muerte\u201d \u00a0\u00a0<\/p>\n<p>\u201cEmpiezan \u00a0 a \u00a0 interesar \u00a0entonces \u00a0las \u00a0condiciones \u00a0de \u00a0modo \u00a0tiempo y lugar, que permiten afirmar que el procedimiento \u00a0era muy singular en estos casos y coincidente.\u201d \u00a0\u00a0<\/p>\n<p>\u201cDe \u00a0igual \u00a0manera \u00a0debemos afirmar que el \u00a0se\u00f1or \u00a0RAFAEL \u00a0GARC\u00cdA \u00a0afirm\u00f3 \u00a0el conocimiento y la orden que hab\u00eda de JORGE \u00a0NOGUERA \u00a0 de \u00a0 entregar \u00a0la \u00a0lista \u00a0de \u00a0varios \u00a0miembros \u00a0del \u00a0sindicato \u00a0a \u00a0las \u00a0AUC\u201d \u00a0\u00a0<\/p>\n<p>\u201cTodos \u00a0estos \u00a0casos \u00a0han \u00a0sido atribuidos \u00a0judicialmente \u00a0a \u00a0las \u00a0AUC y por ende la prueba final demuestra que los indicios \u00a0son \u00a0de entidad para asegurar la participaci\u00f3n del se\u00f1or JORGE AURELIO NOGUERA \u00a0COTES \u00a0en \u00a0estos \u00a0hechos, \u00a0a \u00a0trav\u00e9s \u00a0de \u00a0la \u00a0entrega de la informaci\u00f3n que se \u00a0recuperaba \u00a0en \u00a0las \u00a0actividades \u00a0de \u00a0inteligencia \u00a0y \u00a0poniendo \u00a0la Direcci\u00f3n y \u00a0funci\u00f3n \u00a0del \u00a0DAS \u00a0al \u00a0servicio \u00a0de \u00a0grupos \u00a0al \u00a0margen \u00a0de la ley, que hab\u00edan \u00a0manifestado \u00a0p\u00fablicamente \u00a0su \u00a0decisi\u00f3n \u00a0de \u00a0acabar \u00a0con \u00a0estas personas, como \u00a0qued\u00f3 \u00a0 \u00a0 \u00a0 \u00a0acreditado \u00a0 \u00a0 \u00a0 probatoriamente7\u201d \u00a0\u00a0<\/p>\n<p>3.4. Respecto al delito de abuso de autoridad \u00a0por acto arbitrario e injusto asegur\u00f3: \u00a0\u00a0<\/p>\n<p>\u201cEst\u00e1 \u00a0demostrado \u00a0que \u00a0el \u00a0se\u00f1or \u00a0JORGE \u00a0NOGUERA \u00a0de \u00a0manera \u00a0injusta \u00a0y \u00a0excedi\u00e9ndose en el ejercicio de sus funciones, \u00a0remueve \u00a0al \u00a0se\u00f1or \u00a0Sigifredo \u00a0Puentes, \u00a0declara insubsistentes a varios de los \u00a0funcionarios \u00a0del \u00a0DAS \u00a0que \u00a0ven\u00edan \u00a0adelantando \u00a0labores \u00a0en \u00a0contra de grupos \u00a0armados al margen de la ley.\u201d \u00a0\u00a0<\/p>\n<p>La \u00a0declaraci\u00f3n \u00a0de \u00a0Sigifredo Puentes, las \u00a0declaraciones \u00a0de \u00a0Juan \u00a0Carlos \u00a0S\u00e1nchez \u00a0Cand\u00eda y Juan Carlos Garz\u00f3n permite \u00a0\u2013sic- \u00a0aseverar \u00a0que \u00a0la \u00a0remoci\u00f3n \u00a0del grupo financiero obedeci\u00f3 a actos de injusticia del se\u00f1or JORGE \u00a0AURELIO \u00a0NOGUERA \u00a0COTES, \u00a0pues \u00a0responden \u00a0a los propios fines personales del ex \u00a0director \u00a0del \u00a0DAS y no a la ley o inter\u00e9s p\u00fablico8\u201d. \u00a0\u00a0<\/p>\n<p>2.5. \u00a0En \u00a0lo \u00a0atinente \u00a0al \u00a0tipo \u00a0penal \u00a0de \u00a0utilizaci\u00f3n \u00a0de \u00a0asunto \u00a0sometido a reserva, hizo suyas las manifestaciones del \u00a0Ministerio \u00a0P\u00fablico \u00a0en \u00a0lo relativo a que \u201cNOGUERA \u00a0COTES, \u00a0 por \u00a0conducto \u00a0de \u00a0Garc\u00eda \u00a0Torres \u00a0utiliz\u00f3 \u00a0informaci\u00f3n \u00a0que \u00a0deb\u00eda \u00a0permanecer \u00a0 en \u00a0 secreto \u00a0 o \u00a0reserva, \u00a0a \u00a0la \u00a0cual \u00a0ten\u00eda \u00a0acceso, \u00a0\u00fanica \u00a0y \u00a0exclusivamente \u00a0por \u00a0fungir \u00a0como \u00a0jefe del organismo de inteligencia del Estado \u00a0Colombiano, \u00a0con \u00a0el \u00a0n\u00edtido \u00a0prop\u00f3sito \u00a0de \u00a0beneficiar \u00a0a \u00a0miembros de grupos \u00a0paramilitares, \u00a0 espec\u00edficamente \u00a0 a \u00a0 Hern\u00e1n \u00a0 Giraldo \u00a0 Serna, \u00a0alert\u00e1ndolo \u00a0acerca\u00a0 \u00a0del \u00a0procedimiento de ocupaci\u00f3n de bienes inmuebles que adelant\u00f3 \u00a0la \u00a0fiscal\u00eda 21 de la Unidad Nacional para la Extinci\u00f3n del Derecho de Dominio \u00a0y \u00a0 contra \u00a0 el \u00a0 Lavado \u00a0de \u00a0Activos, \u00a0al \u00a0interior \u00a0del \u00a0radicado \u00a01669 \u00a0ED \u00a0y \u00a0advirti\u00e9ndole \u00a0a \u00a0Nodier \u00a0Giraldo Giraldo sobre la orden de extradici\u00f3n que lo \u00a0afectaba\u201d. \u00a0\u00a0<\/p>\n<p>Finalmente \u00a0 \u00a0concluy\u00f3: \u00a0 \u00a0\u201cEsta \u00a0demostrado \u00a0que \u00a0JORGE \u00a0AURELIO \u00a0NOGUERA \u00a0COTES \u00a0desde \u00a0la \u00a0Direcci\u00f3n \u00a0del Departamento Administrativo de Seguridad D.A.S., llev\u00f3 personas \u00a0pertenecientes \u00a0a \u00a0las \u00a0AUC, como Rafael garc\u00eda, Gloria Bornacelli y otros para \u00a0que desde adentro colaboraran con esa estructura paramilitar\u201d \u00a0\u00a0<\/p>\n<p>\u201cImparti\u00f3 \u00a0\u00f3rdenes \u00a0en \u00a0concreto \u00a0para \u00a0entregar \u00a0informaci\u00f3n, \u00a0para \u00a0adulterar \u00a0base de datos, para informar sobre las \u00a0personas \u00a0que \u00a0resultaban \u00a0ser \u00a0objetivos \u00a0militares \u00a0de estas organizaciones al \u00a0margen \u00a0de \u00a0la ley. En una sola palabra, puso al servicio del paramilitarismo al \u00a0Departamento Administrativo de Seguridad DAS\u201d \u00a0\u00a0<\/p>\n<p>EL JUICIO \u00a0<\/p>\n<p>Durante \u00a0esta \u00a0etapa \u00a0la Sala, atendiendo las \u00a0pruebas \u00a0solicitadas \u00a0por \u00a0los \u00a0sujetos \u00a0procesales, \u00a0escuch\u00f3 en declaraci\u00f3n a \u00a0Salvatore \u00a0Mancuso, \u00a0Edgar \u00a0Ignacio Fierro Fl\u00f3rez y William Mayorga Su\u00e1rez, ex \u00a0integrantes de grupos de autodefensa. \u00a0\u00a0<\/p>\n<p>Asimismo fueron o\u00eddos en testimonio, algunos \u00a0ex \u00a0servidores \u00a0del \u00a0Departamento \u00a0Administrativo \u00a0de \u00a0Seguridad, \u00a0como \u00a0Andr\u00e9s \u00a0Mauricio \u00a0 Pe\u00f1ate \u00a0 Giraldo, \u00a0 Jorge \u00a0Alberto \u00a0Lagos \u00a0Le\u00f3n, \u00a0Gina \u00a0Auxiliadora \u00a0Sarmiento, \u00a0Giancarlo \u00a0Auque \u00a0de \u00a0Silvestre, \u00a0Carlos Arturo Ria\u00f1o, Emiro Rojas, \u00a0Gabriel \u00a0Sandoval \u00a0Pavajeau, \u00a0Luz \u00a0Marina \u00a0Rodr\u00edguez, Martha In\u00e9s Leal Llanos, \u00a0Juan \u00a0Carlos \u00a0S\u00e1nchez \u00a0Cand\u00eda, \u00a0Jos\u00e9 \u00a0Miguel \u00a0Narv\u00e1ez \u00a0y Guillermo de la Hoz \u00a0Carbon\u00f3. \u00a0\u00a0<\/p>\n<p>Frente \u00a0a \u00a0la \u00a0tem\u00e1tica de los homicidios de \u00a0Fernando \u00a0Pisciotti \u00a0Vanstrhalen \u00a0y \u00a0Alfredo Correa De Andreis, la Corte oy\u00f3 en \u00a0declaraci\u00f3n \u00a0a \u00a0Julio \u00a0C\u00e9sar \u00a0Pisciotti \u00a0Vanstrahlen, Nohora de Jes\u00fas Ospino, \u00a0Antonio \u00a0Jos\u00e9 Nieto G\u00fcete, Jos\u00e9 Dar\u00edo P\u00e9rez Murcia y Rebeca G\u00f3mez Navarro, \u00a0entre otros. \u00a0\u00a0<\/p>\n<p>De \u00a0 otra \u00a0 parte, \u00a0 se \u00a0realizaron \u00a0varias \u00a0inspecciones \u00a0a \u00a0las \u00a0instalaciones del Departamento Administrativo de Seguridad \u00a0\u2013DAS- \u00a0 y \u00a0a \u00a0despachos \u00a0judiciales \u00a0para \u00a0obtener \u00a0el material probatorio relacionado con los homicidios \u00a0de \u00a0 \u00a0 \u00a0Zully \u00a0 \u00a0 \u00a0Codina \u00a0 \u00a0 \u00a0P\u00e9rez, \u00a0 \u00a0 \u00a0Alfredo \u00a0 \u00a0 Correa \u00a0 \u00a0 D\u2019 \u00a0 Andreis \u00a0 y \u00a0 Fernando \u00a0 Pisciotti \u00a0Vanstrahlen. \u00a0\u00a0<\/p>\n<p>ALEGATOS DE LAS PARTES \u00a0<\/p>\n<p>INTERVENCI\u00d3N DE LA FISCAL\u00cdA \u00a0<\/p>\n<p>Comenz\u00f3 \u00a0su \u00a0alegato \u00a0solicitando \u00a0a la Sala \u00a0proferir \u00a0 \u00a0sentencia \u00a0 \u00a0de \u00a0 \u00a0car\u00e1cter \u00a0 \u00a0condenatorio \u00a0 contra \u00a0 JORGE \u00a0AURELIO \u00a0NOGUERA \u00a0COTES, \u00a0por \u00a0los \u00a0delitos se\u00f1alados en la resoluci\u00f3n de acusaci\u00f3n. \u00a0\u00a0<\/p>\n<p>-Sobre el concierto \u00a0para \u00a0delinquir \u00a0agravado, \u00a0asegur\u00f3 con fundamento en \u00a0las \u00a0declaraciones \u00a0rendidas \u00a0por \u00a0Rafael \u00a0Garc\u00eda, \u00a0Salvatore Mancuso y Rodrigo \u00a0Tovar \u00a0 Pupo, \u00a0 alias \u00a0\u201cJorge \u00a040\u201d, \u00a0que \u00a0est\u00e1 \u00a0demostrado \u00a0que \u00a0el procesado durante su desempe\u00f1o como \u00a0Director \u00a0 del \u00a0 DAS, \u00a0 promocion\u00f3 \u00a0 grupos \u00a0 paramilitares \u00a0al \u00a0margen \u00a0de \u00a0la \u00a0ley. \u00a0\u00a0<\/p>\n<p>Consider\u00f3 \u00a0cre\u00edble \u00a0todo \u00a0lo \u00a0noticiado por \u00a0Rafael \u00a0Garc\u00eda, \u00a0en \u00a0el \u00a0sentido \u00a0que \u00a0JORGE AURELIO \u00a0NOGUERA \u00a0le \u00a0hizo \u00a0saber \u00a0desde su llegada al DAS como \u00a0Jefe \u00a0de \u00a0Inform\u00e1tica, \u00a0que iba actuar como enlace de \u00e9l con las autodefensas, \u00a0aprovechando \u00a0su \u00a0cercan\u00eda al movimiento pol\u00edtico de la Provincia Unida de las \u00a0AUC \u00a0y al integrante del ala pol\u00edtica de esa organizaci\u00f3n ilegal, Jos\u00e9 Gelves \u00a0Albarrac\u00edn, \u00a0 \u00a0con \u00a0 \u00a0quien \u00a0 \u00a0Garc\u00eda \u00a0 \u00a0admiti\u00f3 \u00a0 haber \u00a0 tenido \u00a0 reuniones \u00a0peri\u00f3dicas\u00a0 \u00a0desde \u00a0finales \u00a0de \u00a02002 \u00a0en \u00a0Santa \u00a0Marta \u00a0y Bogot\u00e1, con el \u00a0prop\u00f3sito \u00a0de \u00a0suministrarle \u00a0informaciones producidas en desarrollo de labores \u00a0de \u00a0inteligencia \u00a0adelantadas \u00a0por \u00a0el \u00a0DAS, \u00a0tarea que no pod\u00eda hacer sino una \u00a0persona que gozara de la absoluta confianza del Director. \u00a0\u00a0<\/p>\n<p>Aludi\u00f3 \u00a0a \u00a0las \u00a0reuniones \u00a0personales \u00a0que \u00a0sostuvieron \u00a0 NOGUERA \u00a0 y \u00a0Rodrigo \u00a0Tovar \u00a0Pupo, alias, \u201cJorge 40\u201d, especialmente a la celebrada en las \u00a0fiestas \u00a0del \u00a0Mar \u00a0en \u00a0el \u00a0a\u00f1o \u00a02003, en el lugar de las antenas repetidoras de \u00a0televisi\u00f3n \u00a0de la Sierra Nevada, para asegurar que entre ellos s\u00ed exist\u00eda una \u00a0relaci\u00f3n cercana. \u00a0\u00a0<\/p>\n<p>De \u00a0otro \u00a0lado, \u00a0destac\u00f3 \u00a0c\u00f3mo \u00a0Garc\u00eda fue \u00a0testigo \u00a0de la contrariedad que le causaba al Director \u00a0saber \u00a0de los operativos adelantados por el Comandante \u00a0de \u00a0la \u00a0Polic\u00eda \u00a0Nacional \u00a0del Magdalena, Coronel Heriberto Pardo Ariza, contra \u00a0las autodefensas que operaban en Santa Marta. \u00a0\u00a0<\/p>\n<p>Asegur\u00f3 \u00a0que \u00a0es \u00a0un \u00a0hecho \u00a0probado \u00a0que el \u00a0movimiento \u00a0de \u00a0las Autodefensas Unidas de Colombia, conocido tambi\u00e9n como AUC, \u00a0ejerc\u00eda \u00a0notoria \u00a0influencia paramilitar y pol\u00edtica en varios departamentos de \u00a0la \u00a0costa \u00a0norte \u00a0de \u00a0nuestro \u00a0pa\u00eds, entre ellos el Magdalena, regi\u00f3n donde el \u00a0procesado \u00a0 hab\u00eda \u00a0 desempe\u00f1ado \u00a0 importantes \u00a0 cargos \u00a0 p\u00fablicos\u00a0\u00a0 \u00a0\u00a0<\/p>\n<p>Fue expl\u00edcito en cuestionar los nombramientos \u00a0en \u00a0el \u00a0cargo de Subdirector del DAS a Jos\u00e9 Miguel Narv\u00e1ez y en el de Director \u00a0Seccional \u00a0de Bol\u00edvar a R\u00f3mulo Betancurt, personajes mencionados por Salvatore \u00a0Mancuso como miembros adeptos a las autodefensas. \u00a0\u00a0<\/p>\n<p>En \u00a0todo este contexto, indic\u00f3 el Fiscal, no \u00a0son \u00a0extra\u00f1as \u00a0las \u00a0visitas \u00a0de \u00a0\u00c1lvaro \u00a0Eduardo Pupo Castro, primo de Rodrigo \u00a0Tovar \u00a0Pupo, \u00a0alias \u00a0\u201cJorge \u00a040\u201d al Departamento Administrativo de Seguridad \u00a0entre \u00a0el \u00a021 \u00a0de \u00a0agosto \u00a0de \u00a02003 \u00a0y \u00a011 de octubre de 2005, las cuales seg\u00fan \u00a0Garc\u00eda eran para suministrar informaci\u00f3n a las autodefensas. \u00a0\u00a0<\/p>\n<p>Finalmente \u00a0pidi\u00f3 \u00a0a \u00a0la \u00a0Corte \u00a0no tener en \u00a0cuenta \u00a0para \u00a0los \u00a0efectos punitivos, el art\u00edculo 19 de la Ley 1121 de 2006 que \u00a0modific\u00f3 \u00a0el \u00a0art\u00edculo \u00a0340 \u00a0de \u00a0la Ley 599 de 2000, por cuanto los hechos del \u00a0proceso \u00a0 acaecieron \u00a0 con \u00a0 anterioridad \u00a0 a \u00a0 la \u00a0 entrada \u00a0 en \u00a0 vigencia \u00a0de \u00a0aqu\u00e9lla. \u00a0\u00a0<\/p>\n<p>-Acerca \u00a0 \u00a0 de \u00a0 \u00a0 los \u00a0 \u00a0 delitos \u00a0de homicidio agravado, \u00a0afirm\u00f3 \u00a0que \u00a0se \u00a0logr\u00f3 \u00a0establecer la \u00a0efectiva \u00a0 \u00a0contribuci\u00f3n \u00a0 que \u00a0 procur\u00f3 \u00a0 NOGUERA \u00a0a \u00a0las \u00a0autodefensas, \u00a0conclusi\u00f3n \u00a0a \u00a0la que lleg\u00f3 a \u00a0trav\u00e9s \u00a0de \u00a0la declaraci\u00f3n rendida por Rafael Garc\u00eda, en lo concerniente a la \u00a0entrega \u00a0de listados a la mencionada organizaci\u00f3n ilegal, los cuales conten\u00edan \u00a0los \u00a0nombres \u00a0de \u00a0personas \u00a0de \u00a0ideolog\u00eda \u00a0de \u00a0izquierda \u00a0y \u00a0para facilitar los \u00a0asesinatos \u00a0de \u00a0Zully \u00a0Codina \u00a0P\u00e9rez, \u00a0Fernando Pisciotti Vanstrahlen y Alfredo \u00a0Correa De Andreis. \u00a0\u00a0<\/p>\n<p>Frente \u00a0al \u00a0homicidio de Zully Codina P\u00e9rez, \u00a0ocurrido \u00a0el \u00a011 \u00a0de \u00a0noviembre \u00a0de \u00a02003, \u00a0en \u00a0Santa \u00a0Marta, \u00a0asegur\u00f3 \u00a0que fue \u00a0perpetrado por el Bloque Norte de las Autodefensas. \u00a0\u00a0<\/p>\n<p>Apoyado \u00a0en \u00a0el \u00a0testimonio \u00a0de Wilson Poveda \u00a0Carre\u00f1o \u00a0sostuvo que Fernando Pisciotti Vanstrahlen era objetivo militar de las \u00a0autodefensas \u00a0y que fue el Comandante \u201cOmega\u201d quien dio la orden de ejecutar \u00a0su \u00a0 muerte. \u00a0 En \u00a0este \u00a0punto, \u00a0aludi\u00f3 \u00a0al \u00a0testimonio \u00a0de \u00a0Nohora \u00a0de \u00a0Jes\u00fas \u00a0Ospino,\u00a0 \u00a0para decir que este crimen ocurri\u00f3 poco tiempo despu\u00e9s de haber \u00a0dialogado \u00a0con \u00a0la \u00a0secretaria \u00a0del \u00a0ex Director del Departamento Administrativo \u00a0para \u00a0 \u00a0informarle \u00a0 \u00a0sobre \u00a0 \u00a0la \u00a0 \u00a0situaci\u00f3n \u00a0 de \u00a0 paramilitarismo \u00a0 en \u00a0 el \u00a0Magdalena. \u00a0\u00a0<\/p>\n<p>De Alfredo Rafael Correa De Andreis, mencion\u00f3 \u00a0que \u00a0previo \u00a0a su muerte estuvo detenido por el delito de rebeli\u00f3n, proceso que \u00a0seg\u00fan \u00a0Antonio \u00a0Jos\u00e9 \u00a0Nieto, \u00a0fue \u00a0un \u00a0\u201cvil\u201d montaje realizado por el DAS, \u00a0originado \u00a0en \u00a0supuestas \u00a0labores \u00a0de \u00a0inteligencia \u00a0y \u00a0de polic\u00eda judicial que \u00a0incluyeron \u00a0entre \u00a0otras, \u00a0reconocimientos \u00a0ilegales para los cuales se habr\u00edan \u00a0exhibido \u00a0 fotos \u00a0 previamente \u00a0 a \u00a0 las \u00a0personas \u00a0que \u00a0luego \u00a0reconocieron \u00a0al \u00a0catedr\u00e1tico. \u00a0\u00a0<\/p>\n<p>En relaci\u00f3n con estas tres personas, observ\u00f3 \u00a0varios \u00a0elementos comunes: i) Su ideolog\u00eda de pol\u00edtica de izquierda,\u00a0 ii) \u00a0La \u00a0responsabilidad \u00a0de las autodefensas en los homicidios y iii) la alusi\u00f3n de \u00a0Rafael \u00a0Garc\u00eda \u00a0en \u00a0cuanto que observ\u00f3 sus nombres en listados que flu\u00edan del \u00a0departamento \u00a0 \u00a0 \u00a0 \u00a0administrativo \u00a0 \u00a0 \u00a0 \u00a0de \u00a0 \u00a0 \u00a0 \u00a0seguridad \u00a0 \u00a0 \u00a0 \u2013 DAS. \u00a0\u00a0<\/p>\n<p>Por \u00a0 lo \u00a0 anterior \u00a0 consider\u00f3 \u00a0que\u00a0 \u00a0JORGE \u00a0AURELIO \u00a0NOGUERA \u00a0es \u00a0coautor \u00a0por \u00a0la \u00a0contribuci\u00f3n efectiva que prest\u00f3 en los homicidios agravados \u00a0de \u00a0las \u00a0personas \u00a0mencionadas, \u00a0de acuerdo con lo establecido en los art\u00edculos \u00a0103 y 104 numeral 10 del C\u00f3digo Penal. \u00a0\u00a0<\/p>\n<p>-Del \u00a0 \u00a0 il\u00edcito \u00a0 \u00a0de \u00a0 \u00a0abuso \u00a0de \u00a0autoridad \u00a0por \u00a0acto \u00a0arbitrario \u00a0e \u00a0injusto, \u00a0manifest\u00f3 \u00a0que durante la \u00e9poca de la \u00a0administraci\u00f3n \u00a0 de \u00a0 NOGUERA \u00a0COTES, \u00a0el \u00a0investigador \u00a0Sigifredo Puentes fue trasladado a la seccional de \u00a0Arauca sin que existiera una justa raz\u00f3n para ello. \u00a0\u00a0<\/p>\n<p>Es \u00a0as\u00ed como apoyado en las declaraciones de \u00a0Juan \u00a0Carlos \u00a0S\u00e1nchez \u00a0Candia, Juan Carlos Garz\u00f3n Garz\u00f3n, Rafael Garc\u00eda y el \u00a0Fiscal \u00a0 Alfonso \u00a0Trilleras \u00a0Matoma, \u00a0indic\u00f3 \u00a0que \u00a0el \u00a0traslado \u00a0del \u00a0detective \u00a0Sigifredo \u00a0Puentes \u00a0Ib\u00e1\u00f1ez a la seccional de Arauca, mediante resoluci\u00f3n 1390 \u00a0de \u00a012 \u00a0de \u00a0agosto \u00a0de \u00a02003, se llev\u00f3 a cabo en el desarrollo de la operaci\u00f3n \u00a0Cicl\u00f3n, con el prop\u00f3sito de obstaculizarla. \u00a0\u00a0<\/p>\n<p>Afirm\u00f3 que bajo las \u00f3rdenes de NOGUERA, \u00a0la \u00a0Directora \u00a0del \u00a0DAS \u00a0en \u00a0el \u00a0Magdalena, \u00a0 Gloria \u00a0 Bornacelli, \u00a0imparti\u00f3 \u00a0la \u00a0instrucci\u00f3n \u00a0de \u00a0que \u00a0ning\u00fan \u00a0investigador \u00a0pod\u00eda \u00a0ir uniformado a prestar colaboraci\u00f3n a la Fiscal\u00eda en la \u00a0acci\u00f3n \u00a0de \u00a0extinci\u00f3n \u00a0de \u00a0dominio \u00a0de \u00a0los \u00a0bienes \u00a0de Hern\u00e1n Giraldo Serna. \u00a0\u00a0<\/p>\n<p>Con \u00a0fundamento \u00a0en \u00a0estas \u00a0consideraciones \u00a0concluy\u00f3 \u00a0que \u00a0la \u00a0decisi\u00f3n de traslado de Sigifredo Puentes no se enmarc\u00f3 en \u00a0los \u00a0criterios \u00a0que \u00a0gu\u00edan la funci\u00f3n administrativa, de acuerdo a lo previsto \u00a0en \u00a0el \u00a0art\u00edculo \u00a0209 \u00a0de \u00a0la \u00a0Constituci\u00f3n \u00a0Pol\u00edtica, todo lo cual radica la \u00a0determinaci\u00f3n \u00a0en \u00a0arbitraria e injusta, configur\u00e1ndose as\u00ed la autor\u00eda de la \u00a0conducta \u00a0de \u00a0abuso \u00a0de \u00a0autoridad \u00a0de \u00a0que \u00a0trata \u00a0el art\u00edculo 416 del C\u00f3digo \u00a0Penal. \u00a0\u00a0<\/p>\n<p>-En \u00a0lo \u00a0atinente \u00a0a \u00a0la \u00a0conducta punible de \u00a0destrucci\u00f3n, \u00a0supresi\u00f3n u ocultamiento de documento \u00a0p\u00fablico, \u00a0aludi\u00f3 \u00a0al informe del DAS No. 240 de 3 de \u00a0diciembre \u00a0de \u00a02004, \u00a0el \u00a0cual \u00a0da \u00a0cuenta \u00a0de \u00a0los \u00a0permisos con que contaba el \u00a0usuario\u00a0 \u00a0 Rafael \u00a0 Garc\u00eda \u00a0 para \u00a0 modificar \u00a0 la \u00a0 base \u00a0 de \u00a0datos \u00a0del \u00a0DAS. \u00a0\u00a0<\/p>\n<p>A \u00a0partir \u00a0de \u00a0la declaraci\u00f3n del comandante \u00a0paramilitar \u00a0Hern\u00e1n \u00a0Giraldo \u00a0Serna, \u00a0refiere que Garc\u00eda en calidad de Jefe de \u00a0Inform\u00e1tica \u00a0borr\u00f3 los antecedentes en el sistema SIFDAS que registraba Nodier \u00a0Giraldo Giraldo. \u00a0\u00a0<\/p>\n<p>Rememor\u00f3 \u00a0c\u00f3mo Garc\u00eda hizo saber que desde \u00a0su \u00a0llegada \u00a0a \u00a0la instituci\u00f3n, el entonces Director le advirti\u00f3 llevar a cabo \u00a0ese \u00a0tipo \u00a0de actuaciones como parte de la colaboraci\u00f3n que se prestar\u00eda a las \u00a0autodefensas. \u00a0\u00a0<\/p>\n<p>Coligi\u00f3, \u00a0entonces, \u00a0que la participaci\u00f3n y \u00a0aceptaci\u00f3n \u00a0por parte de Rafael Garc\u00eda, en su condici\u00f3n de Jefe de la Oficina \u00a0Inform\u00e1tica, \u00a0de \u00a0estos hechos, acreditan la responsabilidad del ex Director en \u00a0los mismos. \u00a0\u00a0<\/p>\n<p>En \u00a0s\u00edntesis, \u00a0consider\u00f3 \u00a0que \u00a0NOGUERA \u00a0es coautor de la conducta punible \u00a0de \u00a0falsedad \u00a0por destrucci\u00f3n, supresi\u00f3n u ocultamiento de documento p\u00fablico, \u00a0prevista \u00a0en los incisos 1\u00ba y 2\u00ba del art\u00edculo 292 del C\u00f3digo Penal, pues las \u00a0informaciones \u00a0consignadas \u00a0en \u00a0el sistema SIFDAS\u00a0 corresponden al concepto \u00a0legal de documento. \u00a0\u00a0<\/p>\n<p>-Finalmente, \u00a0respecto \u00a0a \u00a0la \u00a0utilizaci\u00f3n \u00a0 \u00a0de \u00a0 \u00a0asunto \u00a0 sometido \u00a0 a \u00a0 secreto \u00a0 o \u00a0 reserva \u00a0legal,\u00a0 \u00a0 expres\u00f3 \u00a0que \u00a0Jorge \u00a0NOGUERA \u00a0filtr\u00f3 \u00a0informaciones \u00a0del \u00a0DAS \u00a0con \u00a0la \u00a0entrega \u00a0de listados de personas de ideolog\u00eda \u00a0pol\u00edtica \u00a0de \u00a0izquierda; \u00a0el suministro de documentos relativos a la operaci\u00f3n \u00a0cicl\u00f3n \u00a0a \u00a0Jos\u00e9 \u00a0Gelves Albarrac\u00edn, los cuales inclu\u00edan listados de bienes y \u00a0personas con \u00f3rdenes de captura. \u00a0\u00a0<\/p>\n<p>Mencion\u00f3 \u00a0las \u00a0declaraciones \u00a0de \u00a0Salvatore \u00a0Mancuso, \u00a0Rafael Garc\u00eda y Javier Ernesto Ochoa Qui\u00f1\u00f3nez, ex integrante de las \u00a0AUC, \u00a0quienes \u00a0corroboraron la colaboraci\u00f3n que JORGE \u00a0NOGUERA \u00a0como \u00a0Director \u00a0del \u00a0DAS \u00a0proporcion\u00f3 \u00a0a las \u00a0autodefensas \u00a0de una forma continua e incondicional durante su permanencia en la \u00a0instituci\u00f3n. \u00a0\u00a0<\/p>\n<p>INTERVENCI\u00d3N \u00a0 \u00a0 DEL \u00a0 \u00a0 MINISTERIO \u00a0P\u00daBLICO \u00a0\u00a0<\/p>\n<p>La \u00a0 \u00a0representante \u00a0 \u00a0del \u00a0 \u00a0Ministerio \u00a0P\u00fablico \u00a0 apoy\u00f3 \u00a0en \u00a0lo \u00a0fundamental \u00a0 los \u00a0 argumentos \u00a0 de \u00a0 la \u00a0 Fiscal\u00eda \u00a0para \u00a0solicitar \u00a0sentencia \u00a0condenatoria \u00a0contra el encartado, con excepci\u00f3n efectuada frente a los delitos \u00a0de \u00a0homicidio \u00a0agravado,\u00a0 \u00a0respecto \u00a0de \u00a0los cuales pidi\u00f3 absolverlo, pues \u00a0consider\u00f3 \u00a0que \u00a0la \u00a0actuaci\u00f3n \u00a0no \u00a0cuenta \u00a0con elementos de juicio dirigidos a \u00a0se\u00f1alar su compromiso penal. \u00a0\u00a0<\/p>\n<p>INTERVENCI\u00d3N DE LA PARTE CIVIL \u00a0<\/p>\n<p>El representante de la parte civil en extensa \u00a0intervenci\u00f3n \u00a0 se \u00a0 refiri\u00f3 \u00a0 a \u00a0 los \u00a0 temas \u00a0 que \u00a0 la \u00a0 Corte \u00a0sintetiza \u00a0a \u00a0continuaci\u00f3n.\u00a0 \u00a0\u00a0<\/p>\n<p>As\u00ed, mencion\u00f3 en primer t\u00e9rmino el tipo de \u00a0responsabilidad \u00a0que le asiste al procesado frente a los homicidios cometidos en \u00a0Zully \u00a0Codina \u00a0P\u00e9rez, \u00a0Fernando \u00a0Pisciotti \u00a0Vanstrahlen \u00a0y \u00a0Alfredo \u00a0Correa \u00a0De \u00a0Andreis. \u00a0\u00a0<\/p>\n<p>En esa direcci\u00f3n, despu\u00e9s de hacer alusi\u00f3n \u00a0a \u00a0decisiones de los Tribunales Penales Internacionales para Yugoslavia y Ruanda \u00a0como \u00a0a \u00a0la \u00a0teor\u00eda \u00a0la autor\u00eda mediata, estim\u00f3 que \u00a0JORGE \u00a0AURELIO \u00a0NOGUERA \u00a0COTES \u00a0debe \u00a0ser condenado en \u00a0calidad \u00a0 de \u00a0 coautor \u00a0 mediato \u00a0 por \u00a0los \u00a0cr\u00edmenes \u00a0de \u00a0las \u00a0personas \u00a0antes \u00a0mencionadas. \u00a0\u00a0<\/p>\n<p>Acto \u00a0seguido, se ocup\u00f3 de las declaraciones \u00a0rendidas \u00a0por \u00a0Rafael \u00a0Garc\u00eda \u00a0para \u00a0decir que es un testigo que merece toda la \u00a0credibilidad \u00a0por la estrecha amistad que manten\u00eda con el procesado, lo cual le \u00a0permit\u00eda \u00a0 conocer \u00a0 las \u00a0 actividades\u00a0 \u00a0desplegadas \u00a0al \u00a0interior \u00a0de \u00a0la \u00a0instituci\u00f3n en pro de las autodefensas. \u00a0\u00a0<\/p>\n<p>Resalt\u00f3 \u00a0que \u00a0de \u00a0manera gradual Garc\u00eda fue \u00a0aportando \u00a0datos en cuanto a las relaciones de NOGUERA \u00a0con \u00a0ese \u00a0grupo criminal en el campo de nombramientos, \u00a0entrega \u00a0 de \u00a0informaci\u00f3n \u00a0y \u00a0obstaculizaci\u00f3n \u00a0de \u00a0actividades \u00a0encaminadas \u00a0a \u00a0combatir \u00a0ese \u00a0grupo \u00a0delincuencial, \u00a0los \u00a0cuales \u00a0fueron corroborados con otros \u00a0medios de prueba en este proceso. \u00a0\u00a0<\/p>\n<p>Frente al delito de \u00a0concierto \u00a0para \u00a0delinquir \u00a0asegur\u00f3 \u00a0que JORGE \u00a0 NOGUERA \u00a0 puso \u00a0al \u00a0servicio \u00a0del \u00a0paramilitarismo \u00a0el \u00a0DAS, \u00a0para \u00a0convertirlo \u00a0en una estructura criminal que les \u00a0suministraba \u00a0 y \u00a0 facilitaba \u00a0 elementos \u00a0 t\u00e9cnicos, \u00a0 insumos \u00a0econ\u00f3micos \u00a0y \u00a0blancos. \u00a0\u00a0<\/p>\n<p>Desde esta perspectiva consider\u00f3 que tres son \u00a0los \u00a0 ejes \u00a0 fundamentales \u00a0 de \u00a0 esa \u00a0colaboraci\u00f3n: \u00a0suprimiendo \u00a0antecedentes \u00a0judiciales \u00a0que \u00a0inclu\u00edan \u00a0requerimientos \u00a0nacionales \u00a0e internacionales contra \u00a0miembros \u00a0del \u00a0paramilitarismos \u00a0y \u00a0narcotraficantes; saboteando las operaciones \u00a0que \u00a0se \u00a0planeaban \u00a0contra \u00a0estos \u00a0grupos \u00a0y \u00a0desviando \u00a0el \u00a0desarrollo \u00a0de \u00a0las \u00a0investigaciones \u00a0 cuando \u00a0 se \u00a0 observaba \u00a0 que \u00a0 iban \u00a0 dirigidas \u00a0 contra \u00a0 el \u00a0paramilitarismo. \u00a0\u00a0<\/p>\n<p>Estim\u00f3 \u00a0probada \u00a0la \u00a0existencia de reuniones \u00a0entre \u00a0NOGUERA \u00a0y \u00a0\u201cJorge \u00a040\u201d \u00a0como \u00a0l\u00edder \u00a0del Bloque Norte, una de ellas, durante las fiestas del mar \u00a0en \u00a0la \u00a0Sierra \u00a0Nevada \u00a0de \u00a0Santa \u00a0Marta, \u00a0lugar donde se encuentran las antenas \u00a0repetidoras de la televisi\u00f3n nacional. \u00a0\u00a0<\/p>\n<p>Del \u00a0mismo \u00a0modo \u00a0predic\u00f3 \u00a0que por orden del \u00a0implicado \u00a0 se\u00a0 \u00a0 suprimieron \u00a0antecedentes \u00a0y \u00a0se \u00a0suministr\u00f3 \u00a0de \u00a0manera \u00a0permanente \u00a0informaci\u00f3n \u00a0de \u00a0inteligencia a los grupos de autodefensa, aspectos \u00a0que \u00a0constituyen \u00a0prueba \u00a0del dominio del hecho en relaci\u00f3n con el cumplimiento \u00a0del destino criminal de este aparato organizado de poder. \u00a0\u00a0<\/p>\n<p>Hizo \u00a0alusi\u00f3n \u00a0a la declaraci\u00f3n rendida por \u00a0Javier \u00a0Ochoa \u00a0Qui\u00f1\u00f3nez, para decir que a trav\u00e9s de \u00e9l se conoce que Garc\u00eda \u00a0visit\u00f3 \u00a0 una \u00a0 finca \u00a0 en \u00a0 Pivijay \u00a0\u2013 \u00a0Magdalena, \u00a0lugar \u00a0en \u00a0el \u00a0cual entreg\u00f3 una documentaci\u00f3n y unos \u00a0diskettes \u00a0que \u00a0conten\u00edan \u00a0el \u00a0sistema \u00a0de \u00a0antecedentes a nivel nacional, para \u00a0consultar \u00a0las \u00a0c\u00e9dulas de los integrantes del grupo paramilitar y verificar si \u00a0ten\u00edan antecedentes penales u \u00f3rdenes de captura. \u00a0\u00a0<\/p>\n<p>Sobre \u00a0la \u00a0operaci\u00f3n \u00a0Cicl\u00f3n, \u00a0resalt\u00f3 \u00a0el \u00a0traslado \u00a0de que fue v\u00edctima el funcionario que la dirig\u00eda, Sigifredo Puentes, \u00a0como \u00a0las \u00a0dem\u00e1s \u00a0actividades \u00a0desplegadas \u00a0por JORGE \u00a0NOGUERA \u00a0 y \u00a0 Gloria \u00a0 Bornacelly \u00a0 para \u00a0 tratar \u00a0de \u00a0obstaculizarla. \u00a0Sostuvo \u00a0que \u00a0existen \u00a0dos versiones alrededor de ella, una del \u00a0Director, \u00a0 seg\u00fan \u00a0 la \u00a0 cual \u00a0 la \u00a0operaci\u00f3n \u00a0fue \u00a0exitosa, \u00a0y \u00a0otra \u00a0de \u00a0los \u00a0investigadores \u00a0del \u00a0DAS, \u00a0la \u00a0cre\u00edble, \u00a0pues ella ejemplifica los mecanismos a \u00a0trav\u00e9s \u00a0 de \u00a0 los \u00a0 cuales \u00a0 NOGUERA \u00a0 dominaba \u00a0el \u00a0aparato \u00a0criminal \u00a0organizado \u00a0de poder, suministrando \u00a0informaci\u00f3n estructural al paramilitarismo. \u00a0\u00a0<\/p>\n<p>En \u00a0lo \u00a0atinente \u00a0a \u00a0los \u00a0homicidios indic\u00f3: \u00a0\u201cfueron \u00a0 ejecutados \u00a0 por \u00a0el \u00a0DAS \u00a0como \u00a0aparato \u00a0organizado \u00a0de \u00a0poder \u00a0que \u00a0\u00e9l dirig\u00eda\u201d; y por ello \u00a0JORGE \u00a0 \u00a0AURELIO \u00a0 \u00a0NOGUERA \u00a0 \u00a0COTES \u00a0 debe \u00a0ser \u00a0condenado \u00a0como \u00a0autor \u00a0mediato \u00a0a \u00a0trav\u00e9s \u00a0de \u00a0aparatos \u00a0organizados \u00a0de poder, \u201ctoda vez que ocup\u00f3 un lugar \u00a0privilegiado \u00a0en esa estructura que le permiti\u00f3 tener el control del dominio de \u00a0esos \u00a0hechos \u00a0criminales, \u00a0en \u00a0virtud \u00a0de los cuales concurri\u00f3 con divisi\u00f3n de \u00a0trabajo \u00a0criminal, \u00a0as\u00ed \u00a0est\u00e1 \u00a0probado \u00a0que \u00a0realiz\u00f3 \u00a0inteligencia, \u00a0elabor\u00f3 \u00a0incluso \u00a0a \u00a0disposici\u00f3n \u00a0del \u00a0Bloque \u00a0Norte \u00a0listados \u00a0de \u00a0personas de supuesta \u00a0filiaci\u00f3n \u00a0de \u00a0izquierda, \u00a0para \u00a0que \u00a0fueran \u00a0asesinados, \u00a0colocando de paso al \u00a0organismo \u00a0 de \u00a0inteligencia \u00a0del \u00a0DAS \u00a0al \u00a0servicio \u00a0de \u00a0oscuros \u00a0intereses \u00a0de \u00a0narcotraficantes y paramilitares\u201d\u00a0 \u00a0\u00a0<\/p>\n<p>Agreg\u00f3 \u00a0que \u00a0\u201ces \u00a0precisamente \u00a0alias \u00a0\u201cDon \u00a0Antonio\u201d comandante paramilitar de alias \u201cJorge \u00a040\u201d, \u00a0ambos del Bloque Norte, las personas que reconocen y aceptan en justicia \u00a0y \u00a0paz \u00a0la \u00a0responsabilidad sobre estos cr\u00edmenes, lo que prueba una vez m\u00e1s la \u00a0existencia \u00a0de \u00a0ese \u00a0aparato \u00a0organizado \u00a0de \u00a0poder \u00a0y \u00a0como \u00a0se \u00a0ejecutaban las \u00a0personas\u201d.\u00a0\u00a0 \u00a0\u00a0<\/p>\n<p>En \u00a0cuanto \u00a0al homicidio de Alfredo Correa De \u00a0Andreis, \u00a0sostuvo \u00a0que Edgar Ignacio Fierro reconoci\u00f3 su responsabilidad frente \u00a0a \u00a0este hecho, personaje que adem\u00e1s, result\u00f3 ser amigo de Javier Alfredo Valle \u00a0Anaya,\u00a0 \u00a0investigador \u00a0del DAS responsable de fabricar el montaje contra el \u00a0profesor Correa De Andreis. \u00a0\u00a0<\/p>\n<p>Respecto a la responsabilidad del procesado en \u00a0el \u00a0homicidio \u00a0de \u00a0Fernando \u00a0Pisciotti \u00a0Vanstrahlen, \u00a0la apoy\u00f3 en la visita que \u00a0\u00e9ste \u00a0realizara \u00a0a \u00a0las \u00a0instalaciones \u00a0del \u00a0DAS \u00a0en \u00a0Bogot\u00e1, \u00a0lugar \u00a0donde se \u00a0entrevist\u00f3 \u00a0con \u00a0la secretaria privada del Director para ponerla al tanto de la \u00a0situaci\u00f3n \u00a0que \u00a0se viv\u00eda en El Banco, Magdalena y de la necesidad que exist\u00eda \u00a0de \u00a0retirar \u00a0las \u00a0mesas \u00a0de votaci\u00f3n de la zona rural del citado municipio, por \u00a0las presiones que ah\u00ed ejerc\u00edan los grupos paramilitares. \u00a0\u00a0<\/p>\n<p>En \u00a0el \u00a0caso \u00a0de \u00a0la \u00a0periodista Zully Codina \u00a0P\u00e9rez, \u00a0mencion\u00f3 \u00a0que ella era una dirigente sindical y que en el proceso obra \u00a0un \u00a0informe \u00a0del \u00a0Cuerpo \u00a0T\u00e9cnico \u00a0de \u00a0Investigaci\u00f3n \u00a0en \u00a0el \u00a0cual \u00a0se cita la \u00a0entrevista \u00a0a \u00a0un paramilitar llamado Polo Polanski, quien sobre los m\u00f3viles de \u00a0la \u00a0muerte \u00a0revel\u00f3 \u00a0que \u00a0obedeci\u00f3 \u00a0a \u00a0la \u00a0informaci\u00f3n \u00a0que \u00a0pose\u00eda de grupos \u00a0paramilitares \u00a0y \u00a0concretamente \u00a0del grupo de Hern\u00e1n Giraldo Serna, mencionando \u00a0igualmente \u00a0que la Sijin y el DAS trabajaban con las AUC, de donde concluy\u00f3 que \u00a0los \u00a0nombres \u00a0de \u00a0los \u00a0sindicalistas \u00a0asesinados \u00a0fueron \u00a0suministrados \u00a0por \u00a0el \u00a0organismo de seguridad. \u00a0\u00a0<\/p>\n<p>Por \u00a0 \u00faltimo, \u00a0 y \u00a0despu\u00e9s \u00a0de \u00a0referirse \u00a0nuevamente \u00a0a \u00a0las anteriores situaciones para considerarlas probadas, solicit\u00f3 \u00a0expedir \u00a0copia \u00a0para investigar al ex Presidente de la Rep\u00fablica, \u00c1lvaro Uribe \u00a0V\u00e9lez, \u00a0por \u00a0cuanto \u00a0en \u00a0su \u00a0criterio estos cr\u00edmenes y todos los dem\u00e1s que se \u00a0presentaron \u00a0contra \u00a0periodistas, \u00a0pol\u00edticos \u00a0de \u00a0oposici\u00f3n, \u00a0sindicalistas \u00a0e \u00a0incluso \u00a0jueces \u00a0tienen \u00a0como origen su pol\u00edtica de seguridad a nivel estatal y \u00a0nacional.\u00a0\u00a0 \u00a0\u00a0<\/p>\n<p>Asimismo, pidi\u00f3 expedir copia para investigar \u00a0a \u00a0los \u00a0ex \u00a0funcionarios \u00a0del \u00a0DAS,\u00a0 \u00a0Geancarlo \u00a0Auque de Silvestri, Javier \u00a0Alfredo valle Anaya, R\u00f3mulo Betancurt y Enrique Ariza.\u00a0 \u00a0\u00a0<\/p>\n<p>INTERVENCI\u00d3N DEL ACUSADO \u00a0<\/p>\n<p>A \u00a0trav\u00e9s \u00a0de \u00a0una \u00a0exposici\u00f3n did\u00e1ctica y \u00a0extensa, \u00a0procedi\u00f3 \u00a0a \u00a0confrontar \u00a0las diversas declaraciones de Rafael Garc\u00eda \u00a0Torres \u00a0con \u00a0el \u00a0prop\u00f3sito \u00a0de \u00a0hacer \u00a0ver las inconsistencias que a su juicio, \u00a0incurr\u00eda su \u201c\u00fanico\u201d testigo de cargo dentro de este proceso. \u00a0\u00a0<\/p>\n<p>Paso \u00a0seguido, \u00a0realiz\u00f3 \u00a0el \u00a0mismo ejercicio \u00a0entre \u00a0las \u00a0versiones \u00a0de \u00a0Rafael \u00a0Garc\u00eda \u00a0y \u00a0las personas que mencionaba, para \u00a0concluir \u00a0que ninguno de ellos corroboraba las acusaciones de Garc\u00eda y que todo \u00a0obedec\u00eda \u00a0 a \u00a0 que \u00a0 \u00e9l \u00a0 \u201crecib\u00eda \u00a0 libretos\u201d, \u00a0 los \u00a0 cuales \u00a0 despu\u00e9s \u00a0repet\u00eda. \u00a0\u00a0<\/p>\n<p>Resalt\u00f3 \u00a0su conocimiento y anuencia frente a \u00a0la \u00a0colaboraci\u00f3n \u00a0que \u00a0iban \u00a0a \u00a0prestar investigadores de la Direcci\u00f3n General \u00a0Operativa \u00a0al \u00a0proceso \u00a0de \u00a0acci\u00f3n \u00a0de \u00a0extinci\u00f3n de dominio que adelantaba la \u00a0fiscal\u00eda \u00a0contra los bienes de Hern\u00e1n Giraldo Serna y sus testaferros, la cual \u00a0se mantuvo hasta la culminaci\u00f3n del mismo. \u00a0\u00a0<\/p>\n<p>Para ello, aludi\u00f3 a los informes presentados \u00a0por \u00a0los \u00a0investigadores, al tr\u00e1mite del proceso, a la declaraci\u00f3n rendida por \u00a0Sigifredo Puentes y al \u00e9xito final de la operaci\u00f3n Rodadero. \u00a0\u00a0<\/p>\n<p>Descalific\u00f3 las declaraciones de Juan Carlos \u00a0S\u00e1nchez \u00a0Cand\u00eda, pues en su concepto, las afirmaciones efectuadas por \u00e9ste en \u00a0torno \u00a0a \u00a0los \u00a0obst\u00e1culos \u00a0que se presentaron en el desarrollo de la operaci\u00f3n \u00a0Rodadero \u00a0o \u00a0Cicl\u00f3n \u00a0por \u00a0culpa \u00a0del \u00a0procesado, \u00a0obedecen \u00a0a \u00a0un resentimiento \u00a0respecto del cual \u00e9l no tiene culpa alguna. \u00a0\u00a0<\/p>\n<p>Se\u00f1al\u00f3 como causa del traslado de Sigifredo \u00a0Puentes, \u00a0quien \u00a0actuaba \u00a0como \u00a0coordinador \u00a0del \u00a0grupo de polic\u00eda judicial que \u00a0colaboraba \u00a0a \u00a0la \u00a0Fiscal\u00eda \u00a0en el citado proceso de extinci\u00f3n, la filtraci\u00f3n \u00a0que \u00a0hizo \u00a0del \u00a0plan \u00a0operativo, pues dio cuenta de \u00e9l a su Secretario General, \u00a0Giancarlo \u00a0Auque, \u00a0servidor \u00a0que \u00a0por raz\u00f3n de sus funciones no ten\u00eda por qu\u00e9 \u00a0conocer \u00a0detalles \u00a0de las labores que se encontraban adelantando, actuaci\u00f3n por \u00a0la cual orden\u00f3 su relevo y traslado. \u00a0\u00a0<\/p>\n<p>En \u00a0su \u00a0concepto, \u00a0Sigifredo \u00a0Puentes \u00a0no era \u00a0necesario \u00a0en \u00a0esa \u00a0operaci\u00f3n \u00a0toda \u00a0vez \u00a0que \u00a0el \u00a0plan operativo permit\u00eda que \u00a0cualquier \u00a0investigador \u00a0asumiera \u00a0las \u00a0labores \u00a0que \u00a0ven\u00eda desarrollando. Para \u00a0corroborar \u00a0su \u00a0dicho, \u00a0reprodujo en la audiencia la declaraci\u00f3n rendida por el \u00a0Fiscal Alfonso Trilleras. \u00a0\u00a0<\/p>\n<p>Con \u00a0fundamento \u00a0en \u00a0este \u00a0an\u00e1lisis \u00a0y otras \u00a0pruebas \u00a0a las que aludi\u00f3, precis\u00f3 que nunca facilit\u00f3 la documentaci\u00f3n de la \u00a0operaci\u00f3n \u00a0 Rodadero \u00a0 a \u00a0 Rafael \u00a0 Garc\u00eda \u00a0para \u00a0entregarla \u00a0a \u00a0Jos\u00e9 \u00a0Gelves \u00a0Albarrac\u00edn, \u00a0mucho \u00a0m\u00e1s \u00a0si \u00a0se \u00a0ten\u00eda \u00a0en \u00a0cuenta \u00a0que \u00a0\u00e9ste lo desminti\u00f3. \u00a0\u00a0<\/p>\n<p>Por \u00a0ultimo, arguy\u00f3 que \u00e9l no publicit\u00f3 la \u00a0operaci\u00f3n \u00a0Rodadero \u00a0por \u00a0cuanto \u00a0\u00e9sta \u00a0hab\u00eda \u00a0sido iniciativa del Ej\u00e9rcito, \u00a0luego era esa instituci\u00f3n la que deb\u00eda mostrar los resultados. \u00a0\u00a0<\/p>\n<p>Se \u00a0ocup\u00f3 \u00a0igualmente \u00a0de los testimonios de \u00a0Jos\u00e9 \u00a0Gelves \u00a0Albarrac\u00edn, \u00a0Nodier \u00a0Giraldo \u00a0Giraldo, Rodrigo Tovar Pupo, alias \u00a0\u201cJorge \u00a040\u201d \u00a0y \u00a0Edgar Ignacio Fierro, alias \u201cDon Antonio\u201d, para resaltar \u00a0c\u00f3mo \u00a0todos al un\u00edsono negaron la existencia de nexos con \u00e9l y por ende haber \u00a0recibido su ayuda. \u00a0\u00a0<\/p>\n<p>Cuestion\u00f3 \u00a0las \u00a0manifestaciones de Salvatore \u00a0Mancuso \u00a0en \u00a0cuanto \u00a0a \u00a0su \u00a0conocimiento \u00a0sobre las relaciones que supuestamente \u00a0ten\u00eda \u00a0\u00e9l \u00a0con \u00a0\u201cJorge 40\u201d, haciendo hincapi\u00e9 en la respuesta que brind\u00f3 \u00a0el \u00a0testigo acerca de que nunca se hab\u00eda enterado, por parte de \u201cJorge 40\u201d, \u00a0de \u00a0 \u00a0 la \u00a0 \u00a0 existencia \u00a0 \u00a0 de \u00a0 \u00a0 contactos \u00a0 \u00a0entre \u00a0 \u00a0los \u00a0 \u00a0dos. \u00a0\u00a0<\/p>\n<p>Del \u00a0mismo \u00a0modo, \u00a0puso en entredicho aquella \u00a0otra \u00a0 manifestaci\u00f3n \u00a0 realizada \u00a0por \u00a0Mancuso, \u00a0dirigida \u00a0a \u00a0sostener \u00a0que \u00a0su \u00a0conocimiento \u00a0sobre \u00a0las \u00a0relaciones \u00a0del \u00a0DAS, \u00a0durante \u00a0la administraci\u00f3n del \u00a0procesado, \u00a0 con \u00a0 el \u00a0Bloque \u00a0Norte \u00a0de \u00a0las \u00a0Autodefensas, \u00a0provino \u00a0de \u00a0alias \u00a0\u201cFelipe\u201d, pues a su juicio, este personaje no existe. \u00a0\u00a0<\/p>\n<p>En \u00a0cuanto \u00a0a las reuniones con Rodrigo Tovar \u00a0Pupo, \u00a0 acot\u00f3 \u00a0 que \u00a0 \u00e9stas \u00a0 se \u00a0 realizaron \u00a0en \u00a0el \u00a0marco \u00a0del \u00a0proceso \u00a0de \u00a0desmovilizaci\u00f3n, \u00a0contaron \u00a0con la autorizaci\u00f3n del Comisionado de\u00a0 Paz y \u00a0las \u00a0conversaciones \u00a0giraron \u00a0alrededor \u00a0del \u00a0esquema \u00a0de \u00a0seguridad \u00a0que deb\u00eda \u00a0brind\u00e1rsele, \u00a0de \u00a0conformidad \u00a0con \u00a0el \u00a0Decreto \u00a04200 \u00a0de \u00a014 \u00a0de \u00a0diciembre de \u00a02004. \u00a0\u00a0<\/p>\n<p>Sobre \u00a0los \u00a0v\u00ednculos \u00a0de R\u00f3mulo Betancurt y \u00a0Emilio \u00a0Vence \u00a0Zabaleta \u00a0con \u00a0las \u00a0autodefensas, \u00a0dijo \u00a0que Salvatore Mancuso se \u00a0refiri\u00f3 \u00a0a \u00a0una \u00e9poca anterior a su administraci\u00f3n y que estos nombramientos, \u00a0adem\u00e1s, obedecieron a recomendaciones. \u00a0\u00a0<\/p>\n<p>Asegur\u00f3 \u00a0tambi\u00e9n, \u00a0con \u00a0fundamento \u00a0en \u00a0las \u00a0declaraciones \u00a0de Rodrigo Tovar Pupo, alias \u201cJorge 40\u201d, Edgar Ignacio Fierro \u00a0alias \u00a0\u201cDon \u00a0Antonio\u201d, \u00a0Salvatore \u00a0Mancuso \u00a0y \u00a0Hern\u00e1n \u00a0Giraldo, \u00a0que Rafael \u00a0Garc\u00eda no fue paramilitar. \u00a0\u00a0<\/p>\n<p>En \u00a0cuanto al ascenso al cargo de Subdirector \u00a0del \u00a0DAS en el Magdalena, de Javier Alfredo Valle Anaya, relat\u00f3 que lo conoci\u00f3 \u00a0en \u00a0una \u00a0reuni\u00f3n \u00a0de \u00a0Directores \u00a0en el Hotel Las Am\u00e9ricas de Cartagena, lugar \u00a0donde \u00a0\u00e9ste le solicit\u00f3 trasladarlo a otra ciudad, motivo por el cual, el 3 de \u00a0marzo \u00a0de \u00a02004 \u00a0lo \u00a0traslad\u00f3 \u00a0a \u00a0Cartagena, \u00a0y \u00a0despu\u00e9s, \u00a0ante sus constantes \u00a0solicitudes \u00a0de \u00a0ascenso, \u00a0lo \u00a0design\u00f3 \u00a0en \u00a0ese \u00a0cargo, \u00a0pues \u00a0no \u00a0le figuraban \u00a0sanciones \u00a0 sino \u00a0 felicitaciones, \u00a0 tipo \u00a0de \u00a0funcionarios \u00a0a \u00a0los \u00a0cuales \u00a0\u00e9l \u00a0promocionaba.\u00a0 \u00a0\u00a0<\/p>\n<p>De \u00a0Jos\u00e9 David Ribero G\u00f3mez asever\u00f3 que no \u00a0recordaba \u00a0conocerlo \u00a0y \u00a0menos \u00a0haberle \u00a0solicitado \u00a0un listado de las FARC para \u00a0entregarlo \u00a0a las autodefensas, se\u00f1alamiento a que a su juicio atenta contra el \u00a0sentido \u00a0com\u00fan. \u00a0Brind\u00f3 \u00a0como motivo de su desvinculaci\u00f3n la existencia de un \u00a0informe \u00a0de \u00a0inteligencia \u00a0que \u00a0daba \u00a0cuenta \u00a0de sus actividades ilegales, y que \u00a0finalmente, \u00a0muchos \u00a0de \u00a0los \u00a0que \u00a0lo \u00a0se\u00f1alan \u00a0son \u00a0quienes \u00a0s\u00ed \u00a0han cometido \u00a0infracciones. \u00a0\u00a0<\/p>\n<p>Respecto \u00a0al \u00a0borrado \u00a0de antecedentes de las \u00a0bases \u00a0de \u00a0datos \u00a0del \u00a0DAS, \u00a0apunt\u00f3 \u00a0que \u00a0Rafael \u00a0Garc\u00eda es responsable de esa \u00a0conducta, \u00a0la \u00a0cual \u00a0ejecut\u00f3 \u00a0a sus espaldas abusando de la\u00a0 confianza que \u00a0\u00e9l \u00a0le \u00a0depositaba, \u00a0aleg\u00f3 \u00a0as\u00ed \u00a0a \u00a0su \u00a0favor, \u00a0la cooperaci\u00f3n prestada a la \u00a0fiscal\u00eda \u00a0desde \u00a0el\u00a0 \u00a0mismo \u00a0momento \u00a0en que tuvo noticia por parte de dos \u00a0funcionarios \u00a0de la Oficina de Inform\u00e1tica del DAS de esas actuaciones, la cual \u00a0sirvi\u00f3 para judicializarlo. \u00a0\u00a0<\/p>\n<p>En \u00a0el \u00a0tema \u00a0de \u00a0los \u00a0homicidios, \u00a0cotej\u00f3 \u00a0nuevamente \u00a0 las \u00a0 declaraciones \u00a0 de \u00a0 Rafael \u00a0 Garc\u00eda \u00a0 para \u00a0hacer \u00a0ver \u00a0las \u00a0inconsistencias \u00a0que \u00a0ellas \u00a0reflejaban, \u00a0a\u00f1adiendo \u00a0que \u00a0a \u00a0pesar \u00a0de \u00a0que \u00a0la \u00a0Fiscal\u00eda \u00a0no \u00a0encontr\u00f3 la lista mencionada por Garc\u00eda, ni contaba con pruebas \u00a0que lo sindicaran, lo acus\u00f3 injustamente por estos delitos. \u00a0\u00a0<\/p>\n<p>Adujo \u00a0a \u00a0su \u00a0favor \u00a0las declaraciones del ex \u00a0Director \u00a0 del \u00a0 DAS, \u00a0 Andr\u00e9s \u00a0 Mauricio \u00a0Pe\u00f1ate \u00a0y \u00a0del \u00a0ex \u00a0Subdirector \u00a0de \u00a0Contrainteligencia \u00a0Jorge \u00a0Lagos, seg\u00fan las cuales, en el DAS no se encontraron \u00a0las listas de las personas mencionadas por Garc\u00eda. \u00a0\u00a0<\/p>\n<p>En \u00a0cuanto \u00a0al \u00a0archivo \u00a0encontrado \u00a0en \u00a0el \u00a0computador \u00a0de \u00a0Edgar \u00a0Ignacio Fierro, alias \u201cDon Antonio\u201d, recalc\u00f3 que esa \u00a0informaci\u00f3n, \u00a0seg\u00fan lo manifestado por \u00e9ste, se la vendi\u00f3 Rafael Garc\u00eda por \u00a0la \u00a0suma \u00a0de \u00a0$80\u2019000.000, \u00a0desconociendo \u00a0\u00e9l, \u00a0c\u00f3mo \u00a0pudo \u00a0obtener \u00a0el \u00a0Jefe de Inform\u00e1tica esa lista de \u00a0personas. \u00a0\u00a0<\/p>\n<p>Del \u00a0homicidio \u00a0de \u00a0Alfredo Correa De Andreis \u00a0destac\u00f3 \u00a0la \u00a0confesi\u00f3n \u00a0que \u00a0en \u00a0este \u00a0juicio hizo Edgar Ignacio Fierro, alias \u00a0\u201cDon \u00a0Antonio\u201d \u00a0sobre \u00a0su responsabilidad en el mismo,\u00a0 al igual que la \u00a0ausencia \u00a0 de \u00a0 participaci\u00f3n \u00a0 suya \u00a0 y \u00a0 de \u00a0 funcionarios \u00a0del \u00a0DAS \u00a0en \u00a0ese \u00a0hecho. \u00a0\u00a0<\/p>\n<p>Tambi\u00e9n \u00a0 se \u00a0 refiri\u00f3 \u00a0 al \u00a0 proceso \u00a0de \u00a0judicializaci\u00f3n \u00a0del profesor Correa De Andreis por parte de la Fiscal\u00eda, para \u00a0asegurar \u00a0que \u00a0son \u00a0cosas \u00a0distintas \u00a0las \u00a0que ocurrieron con la captura de este \u00a0ciudadano \u00a0y \u00a0con \u00a0el \u00a0homicidio, mucho m\u00e1s si se tiene en cuenta que el m\u00f3vil \u00a0fue \u00a0su \u00a0pertenencia \u00a0al partido comunista clandestino de las FARC, de all\u00ed que \u00a0en momento alguno podr\u00eda vincularse un hecho con el otro. \u00a0\u00a0<\/p>\n<p>Aclar\u00f3 \u00a0que \u00a0si quisiera vincularse a Javier \u00a0Amaya \u00a0como \u00a0part\u00edcipe \u00a0de ese homicidio, no tiene relaci\u00f3n con ese tema, pues \u00a0adem\u00e1s, \u00a0\u00e9l \u00a0nunca \u00a0se enter\u00f3 de qui\u00e9n hab\u00eda judicializado a Alfredo Correa \u00a0De Andreis. \u00a0\u00a0<\/p>\n<p>Para \u00a0analizar \u00a0el \u00a0homicidio de Zully Codina \u00a0examin\u00f3 \u00a0nuevamente \u00a0las \u00a0manifestaciones de Garc\u00eda en torno a este hecho como \u00a0las \u00a0 pruebas \u00a0del \u00a0proceso, \u00a0para \u00a0colegir \u00a0que \u00a0ninguna \u00a0hac\u00eda \u00a0referencia \u00a0a \u00a0\u00e9l.\u00a0\u00a0 \u00a0\u00a0<\/p>\n<p>Finalmente \u00a0se refiri\u00f3 a Fernando Pisciotti, \u00a0para \u00a0decir \u00a0que \u00a0\u00e9l \u00a0se \u00a0relacionaba \u00a0con las autodefensas, era su amigo, y en \u00a0virtud \u00a0de \u00a0esos \u00a0v\u00ednculos \u00a0hizo \u00a0pactos \u00a0pol\u00edticos \u00a0con \u00a0ellos para ocupar el \u00a0segundo \u00a0rengl\u00f3n \u00a0de \u00a0la \u00a0lista \u00a0encabezada \u00a0por \u00a0Alfonso \u00a0Campo Escobar en las \u00a0elecciones \u00a0al \u00a0Congreso \u00a0del \u00a0a\u00f1o \u00a02002, \u00a0afirmaciones \u00a0que \u00a0sustent\u00f3 \u00a0en las \u00a0declaraciones \u00a0de Nohora Ospino Torres, Rodrigo Tovar Pupo, alias \u201cJorge 40\u201d \u00a0y \u00a0Wilson \u00a0Poveda Carre\u00f1o, alias \u201cRafael\u201d, este \u00faltimo\u00a0 quien adem\u00e1s \u00a0atribuy\u00f3 al Comandante \u201cOmega\u201d, impartir la orden de matarlo. \u00a0\u00a0<\/p>\n<p>Bajo \u00a0ese \u00a0contexto \u00a0analiz\u00f3 las pruebas que \u00a0obraban \u00a0frente \u00a0al homicidio de Fernando Pisiciotti, para colegir que su muerte \u00a0obedeci\u00f3 \u00a0a \u00a0desavenencias \u00a0presentadas entre los candidatos a la Alcald\u00eda del \u00a0municipio \u00a0de \u00a0El Banco, Magdalena, Mat\u00edas Oliveros y Alberto Jos\u00e9 Puerta, las \u00a0cuales \u00a0 vinculaban \u00a0 a \u00a0 las \u00a0autodefensas. \u00a0As\u00ed, \u00a0cit\u00f3 \u00a0las \u00a0manifestaciones \u00a0efectuadas \u00a0por \u00a0los \u00a0hermanos \u00a0de \u00a0Fernando \u00a0Pisciotti, \u00a0Martha \u00a0Cecilia G\u00f3mez \u00a0Navarro \u00a0y \u00a0Nohora \u00a0Ospino, \u00a0como \u00a0el \u00a0informe \u00a0de \u00a0polic\u00eda \u00a0judicial \u00a0de 24 de \u00a0diciembre de 2003, entre otros. \u00a0\u00a0<\/p>\n<p>Con \u00a0 fundamento \u00a0 en \u00a0 estas \u00a0 y \u00a0 otras \u00a0consideraciones \u00a0solicit\u00f3 \u00a0a \u00a0la \u00a0Sala \u00a0proferir \u00a0sentencia absolutoria por los \u00a0delitos \u00a0de \u00a0concierto \u00a0para \u00a0delinquir \u00a0agravado, \u00a0abuso \u00a0de autoridad por acto \u00a0arbitrario \u00a0e \u00a0injusto, \u00a0revelaci\u00f3n \u00a0de asunto sometido a secreto, falsedad por \u00a0destrucci\u00f3n \u00a0supresi\u00f3n \u00a0y \u00a0ocultamiento \u00a0y por los homicidios de Zully Codina, \u00a0Fernando Pisiciotti y Alfredo Correa De Andreis. \u00a0\u00a0<\/p>\n<p>INTERVENCION \u00a0 DE \u00a0 LA \u00a0DEFENSA \u00a0\u00a0<\/p>\n<p>Con el mismo prop\u00f3sito del procesado, sostuvo \u00a0que \u00a0el delito de concierto para delinquir nunca se materializ\u00f3, pues Salvatore \u00a0Mancuso, \u00a0Hern\u00e1n Giraldo Serna y Rodrigo Tovar Pupo, negaron tajantemente haber \u00a0tenido relaciones con su defendido. \u00a0\u00a0<\/p>\n<p>En \u00a0punto \u00a0a \u00a0las \u00a0reuniones \u00a0de NOGUERA \u00a0y \u201cJorge 40\u201d, las consider\u00f3 \u00a0justificadas \u00a0por \u00a0el \u00a0Decreto 4200 de 2004, el cual le asignaba al Director del \u00a0DAS \u00a0unas funciones estatales que implicaban reunirse con estos l\u00edderes para el \u00a0proceso \u00a0de \u00a0negociaci\u00f3n, \u00a0de \u00a0all\u00ed \u00a0que \u00a0ellas \u00a0fueran \u00a0leg\u00edtimas, legales y \u00a0viables. \u00a0\u00a0<\/p>\n<p>En \u00a0ese \u00a0sentido \u00a0adujo \u00a0que \u00a0no \u00a0hay \u00a0pactos \u00a0il\u00edcitos \u00a0como tampoco pruebas directas dirigidas a establecer la existencia de \u00a0acuerdo \u00a0entre \u00a0su \u00a0poderdante \u00a0y los grupos de las autodefensas, pues todos los \u00a0llamados a declarar negaron conocer al ex Director del DAS. \u00a0\u00a0<\/p>\n<p>Para \u00a0la \u00a0defensa, \u00a0Garc\u00eda \u00a0minti\u00f3 sobre su \u00a0condici\u00f3n \u00a0de \u00a0delincuente \u00a0con el \u00fanico prop\u00f3sito de vincular a NOGUERA \u00a0con \u00a0las \u00a0autodefensas, \u00a0en este \u00a0sentido \u00a0llam\u00f3 \u00a0la \u00a0atenci\u00f3n \u00a0sobre \u00a0el \u00a0hecho \u00a0que \u00a0la \u00a0justicia \u00a0no adelante \u00a0investigaci\u00f3n \u00a0en \u00a0su contra por su condici\u00f3n de paramilitar, y a\u00fan m\u00e1s, que \u00a0ninguno \u00a0de \u00a0sus colegas lo reconozca como miembro de las aqu\u00e9llas. \u00a0\u00a0<\/p>\n<p>De \u00a0 manera \u00a0 concisa \u00a0se \u00a0refiri\u00f3 \u00a0a \u00a0las \u00a0declaraciones \u00a0de \u00a0Juan \u00a0Carlos \u00a0S\u00e1nchez \u00a0y \u00a0a \u00a0la \u00a0supuesta captura de Hern\u00e1n \u00a0Giraldo \u00a0dentro \u00a0del \u00a0proceso \u00a0de acci\u00f3n de extinci\u00f3n de dominio, para colegir \u00a0que la operaci\u00f3n cicl\u00f3n fue exitosa y cumpli\u00f3 su finalidad. \u00a0\u00a0<\/p>\n<p>En punto a la tem\u00e1tica de los nombramientos, \u00a0mencion\u00f3 \u00a0 que \u00a0los \u00a0cuestionados \u00a0ingresaron \u00a0al \u00a0DAS \u00a0por \u00a0recomendaci\u00f3n \u00a0de \u00a0diferentes \u00a0personas \u00a0y \u00a0servidores, \u00a0aspecto que en momento alguno involucra al \u00a0procesado, \u00a0quien \u00a0s\u00f3lo \u00a0se \u00a0equivoc\u00f3 \u00a0en \u00a0la \u00a0designaci\u00f3n \u00a0de Rafael Garc\u00eda \u00a0Torres, actuaci\u00f3n que debe mirarse desde la \u00f3ptica de un error. \u00a0\u00a0<\/p>\n<p>Frente a los delitos de abuso de autoridad por \u00a0acto \u00a0arbitrario \u00a0e injusto, utilizaci\u00f3n de asunto sometido a secreto, falsedad \u00a0por \u00a0destrucci\u00f3n, \u00a0supresi\u00f3n \u00a0y \u00a0ocultamiento y los homicidios, reiter\u00f3 en lo \u00a0fundamental \u00a0las \u00a0manifestaciones \u00a0del procesado, agregando solamente respecto a \u00a0los dos primeros, que se encontraban prescritos. \u00a0\u00a0<\/p>\n<p>CONSIDERACIONES: \u00a0<\/p>\n<p>De \u00a0conformidad con lo previsto en el numeral \u00a04\u00ba \u00a0 del \u00a0 art\u00edculo \u00a0235 \u00a0y \u00a0par\u00e1grafo \u00a0de \u00a0la \u00a0Constituci\u00f3n \u00a0Pol\u00edtica, \u00a0en \u00a0concordancia \u00a0con \u00a0el \u00a0numeral 6\u00ba del art\u00edculo\u00a0 75 de la Ley 600 de 2000, \u00a0la \u00a0Sala \u00a0de \u00a0Casaci\u00f3n Penal de la Corte Suprema de Justicia es competente para \u00a0emitir \u00a0el \u00a0presente pronunciamiento, como quiera que las conductas atribuidas a \u00a0JORGE AURELIO NOGUERA COTES, \u00a0adem\u00e1s \u00a0de \u00a0haber \u00a0sido cometidas durante el lapso en que fungi\u00f3 como Director \u00a0del \u00a0 \u00a0 \u00a0Departamento \u00a0 \u00a0 \u00a0Administrativo \u00a0 \u00a0 \u00a0de \u00a0 \u00a0 Seguridad \u00a0 \u00a0 \u2013DAS-, tienen relaci\u00f3n directa con las \u00a0funciones que desempe\u00f1\u00f3. \u00a0\u00a0<\/p>\n<p>Cuesti\u00f3n Preliminar \u00a0<\/p>\n<p>Previo \u00a0a \u00a0analizar \u00a0cada \u00a0uno \u00a0de los cargos \u00a0formulados \u00a0contra \u00a0el \u00a0ex \u00a0Director \u00a0del \u00a0DAS \u00a0JORGE \u00a0AURELIO \u00a0 NOGUERA \u00a0COTES, \u00a0es \u00a0importante \u00a0recordar \u00a0y \u00a0concretar \u00a0algunas \u00a0de \u00a0las vicisitudes que han antecedido y rodeado la presente \u00a0actuaci\u00f3n: \u00a0\u00a0<\/p>\n<p>1-En \u00a0 desarrollo \u00a0 de \u00a0varias \u00a0diligencias \u00a0judiciales \u00a0llevadas \u00a0a \u00a0cabo \u00a0ante \u00a0Fiscales \u00a0de \u00a0Justicia \u00a0y Paz, funcionarios \u00a0encargados \u00a0de \u00a0investigar \u00a0a \u00a0los \u00a0l\u00edderes de los grupos de autodefensa que se \u00a0desmovilizaron \u00a0en \u00a0cumplimiento \u00a0de \u00a0los \u00a0acuerdos \u00a0pactados \u00a0por \u00a0el \u00a0Gobierno \u00a0Nacional \u00a0de \u00a0la \u00a0\u00e9poca \u00a0-2002-2006 \u00a0y \u00a02006-2010, la sociedad pudo conocer que \u00a0servidores \u00a0de \u00a0algunas \u00a0instituciones \u00a0del \u00a0Estado \u00a0ven\u00edan \u00a0de \u00a0tiempo \u00a0atr\u00e1s \u00a0prest\u00e1ndole \u00a0colaboraci\u00f3n \u00a0a \u00a0estas \u00a0asociaciones delictivas, pues su violento \u00a0accionar \u00a0y \u00a0su \u00a0expansi\u00f3n, seg\u00fan las manifestaciones efectuadas por varios de \u00a0sus \u00a0miembros, \u00a0no \u00a0habr\u00eda \u00a0sido \u00a0posible sin el ilegal apoyo institucional que \u00a0recibieron. \u00a0\u00a0<\/p>\n<p>As\u00ed lo reiteraron Salvatore Mancuso y Rodrigo \u00a0Tovar Pupo, alias \u201cJorge 40\u201d en esta actuaci\u00f3n. \u00a0\u00a0<\/p>\n<p>Rodrigo \u00a0Tovar \u00a0Pupo, \u00a0alias \u00a0\u201cJorge 40\u201d \u00a0declar\u00f3 \u00a0que \u00a0ellos como \u201corganizaci\u00f3n pol\u00edtica y \u00a0militar \u00a0reemplazaron \u00a0al \u00a0Estado \u00a0en \u00a0sus funciones, tanto ejecutiva como en la \u00a0legislativa \u00a0y \u00a0judicial\u201d pues la lucha pol\u00edtica los \u00a0llev\u00f3 \u00a0a \u00a0\u201creestablecer las funciones que el Estado \u00a0deb\u00eda \u00a0 \u00a0cumplir \u00a0 \u00a09.\u201d \u00a0\u00a0<\/p>\n<p>Salvatore \u00a0Mancuso \u00a0por \u00a0su \u00a0parte, indic\u00f3: \u00a0\u201chubiese \u00a0 sido \u00a0 imposible \u00a0que \u00a0nosotros \u00a0y \u00a0las \u00a0autodefensas, \u00a0 \u2026 \u00a0 hubiesen \u00a0 crecido \u00a0de \u00a0la \u00a0forma \u00a0que \u00a0crecieron \u00a0sin \u00a0la \u00a0participaci\u00f3n \u00a0conjunta del Estado con las autodefensas, todas estas acciones y \u00a0el \u00a0crecimiento \u00a0del \u00a0paramilitarismo \u00a0resultan \u00a0una \u00a0pol\u00edtica oficial, estatal \u00a0social, \u00a0 sin \u00a0 ellos \u00a0 no \u00a0 se \u00a0 habr\u00eda \u00a0podido \u00a0ganar \u00a0la \u00a0guerra \u00a0contra \u00a0la \u00a0guerrilla\u2026\u2026 \u00a0as\u00ed \u00a0que para poder incursionar hasta all\u00e1 hubo una relaci\u00f3n \u00a0estrecha \u00a0con las instituciones de seguridad del Estado, con la Polic\u00eda, con el \u00a0Ej\u00e9rcito, \u00a0con el DAS, con \u00a0la \u00a0Fiscal\u00eda, \u00a0con \u00a0los \u00a0organismos \u00a0de \u00a0investigaci\u00f3n \u00a0del Estado10\u201d\u00a0\u00a0 \u00a0\u00a0<\/p>\n<p>2- \u00a0En \u00a0la \u00a0presente \u00a0actuaci\u00f3n \u00a0es un hecho \u00a0indiscutible \u00a0que la Fiscal\u00eda tom\u00f3 como fuente de los delitos se\u00f1alados en la \u00a0resoluci\u00f3n \u00a0de \u00a0acusaci\u00f3n \u00a0-concierto para delinquir \u00a0agravado, \u00a0homicidios \u00a0agravados, \u00a0el \u00a0abuso \u00a0de autoridad por acto arbitrario e \u00a0injusto,\u00a0 \u00a0falsedad \u00a0por \u00a0destrucci\u00f3n, \u00a0supresi\u00f3n \u00a0u \u00a0ocultamiento \u00a0y \u00a0la \u00a0revelaci\u00f3n \u00a0de \u00a0asunto \u00a0sometido \u00a0a secreto-\u00a0 las \u00a0funciones \u00a0que \u00a0cumpl\u00eda \u00a0JORGE AURELIO NOGUERA COTES \u00a0como \u00a0Director \u00a0del \u00a0Departamento \u00a0Administrativo \u00a0de \u00a0Seguridad \u00a0en \u00a0materia \u00a0de \u00a0informaci\u00f3n \u00a0de \u00a0inteligencia, \u00a0de \u00a0antecedentes \u00a0y \u00a0actividades de polic\u00eda judicial. \u00a0\u00a0<\/p>\n<p>3- \u00a0 Fue \u00a0 Rafael \u00a0 Garc\u00eda \u00a0 Torres \u00a0quien \u00a0p\u00fablicamente \u00a0hizo \u00a0saber \u00a0que \u00a0JORGE AURELIO NOGUERA \u00a0COTES \u00a0en \u00a0su \u00a0calidad \u00a0de Director del DAS prest\u00f3 su \u00a0colaboraci\u00f3n \u00a0al \u00a0bloque \u00a0norte \u00a0de \u00a0las autodefensas; y si bien algunas de sus \u00a0testificaciones \u00a0pueden \u00a0exteriorizar \u00a0divergencias, \u00a0no \u00a0es \u00a0cierto lo afirmado \u00a0reiteradamente \u00a0por \u00a0el procesado en su intervenci\u00f3n en el juicio en el sentido \u00a0que \u00a0ellas \u00a0carecen de corroboraci\u00f3n en el expediente; de hecho, algunas de las \u00a0conclusiones \u00a0a \u00a0que \u00a0llegar\u00e1 \u00a0la Sala en este prove\u00eddo tendr\u00e1n en cuenta sus \u00a0dicciones \u00a0 por \u00a0 haber \u00a0 sido \u00a0 validadas \u00a0a \u00a0trav\u00e9s \u00a0de \u00a0otros \u00a0elementos \u00a0de \u00a0juicio. \u00a0\u00a0<\/p>\n<p>4- En este sentido, pese a que el procesado de \u00a0manera \u00a0enf\u00e1tica \u00a0y \u00a0sucesiva \u00a0ha \u00a0asegurado \u00a0que \u00a0Rafael Garc\u00eda Torres no era \u00a0miembro \u00a0del \u00a0grupo \u00a0de \u00a0las autodefensas que lideraba Rodrigo Tovar Pupo, alias \u00a0\u201cJorge \u00a040\u201d, \u00a0como \u00a0lo \u00a0han pretendido hacer ver tambi\u00e9n todos aquellos que \u00a0resultaron \u00a0involucrados \u00a0de \u00a0una u otra forma con sus denuncias, es irrefutable \u00a0que \u00a0este \u00a0ingeniero, \u00a0calificado por muchas personas, entre ellas el procesado, \u00a0como \u00a0 un \u00a0profesional \u00a0inteligente \u00a0y \u00a0brillante, \u00a0jug\u00f3 \u00a0un \u00a0papel \u00a0importante \u00a0participando \u00a0de \u00a0manera \u00a0activa \u00a0y \u00a0eficaz, \u00a0en \u00a0el fraude electoral ideado por \u00a0Rodrigo \u00a0Tovar \u00a0Pupo, alias \u201cJorge 40\u201d para las elecciones al Congreso de la \u00a0Rep\u00fablica \u00a0en el a\u00f1o 2002, pues fue \u00e9l quien elabor\u00f3 el programa de c\u00f3mputo \u00a0que \u00a0sirvi\u00f3 \u00a0para alterar los resultados electorales en varios departamentos de \u00a0la zona norte del pa\u00eds. \u00a0\u00a0<\/p>\n<p>Las \u00a0dicciones \u00a0de Garc\u00eda sirvieron de pauta \u00a0para \u00a0las \u00a0investigaciones adelantadas contra varios congresistas del Magdalena, \u00a0\u00e9stas \u00a0y \u00a0otros \u00a0elementos \u00a0de \u00a0juicio, \u00a0como \u00a0el \u00a0an\u00e1lisis \u00a0efectuado \u00a0a \u00a0los \u00a0resultados \u00a0 electorales \u00a0 del \u00a0 departamento, \u00a0permitieron \u00a0a \u00a0las \u00a0autoridades \u00a0demostrar \u00a0que \u00a0candidatos como Jos\u00e9 Gamarra Sierra11, Jorge Luis Caballero, Jorge \u00a0de \u00a0 \u00a0 \u00a0 \u00a0Jes\u00fas \u00a0 \u00a0 \u00a0 \u00a0Castro \u00a0 \u00a0 \u00a0 \u00a0Pacheco12 \u00a0 \u00a0 y \u00a0 \u00a0Alfonso \u00a0 \u00a0Campo \u00a0Escobar13, \u00a0 entre \u00a0 otros, \u00a0lograron \u00a0su \u00a0triunfo \u00a0gracias \u00a0a \u00a0los \u00a0acuerdos \u00a0realizados \u00a0 \u00a0 \u00a0con \u00a0 \u00a0 \u00a0esta \u00a0 \u00a0 \u00a0organizaci\u00f3n \u00a0 \u00a0 \u00a0criminal \u00a0 \u00a0 \u00a0\u2013contenidos \u00a0 \u00a0en \u00a0 los \u00a0 documentos \u00a0conocidos \u00a0 con \u00a0 los \u00a0 nombres \u00a0 de \u00a0 Pactos \u00a0de \u00a0Chivolo, \u00a0Pivijay14-, \u00a0personajes \u00a0contra \u00a0quienes \u00a0hoy d\u00eda \u00a0pesan \u00a0sentencias \u00a0condenatorias \u00a0por \u00a0el \u00a0delito \u00a0de \u00a0concierto \u00a0para delinquir \u00a0agravado, \u00a0y \u00a0algunos \u00a0tambi\u00e9n \u00a0por \u00a0el \u00a0il\u00edcito \u00a0de alteraci\u00f3n de resultados \u00a0electorales. \u00a0\u00a0<\/p>\n<p>Estos antecedentes hacen cre\u00edble la versi\u00f3n \u00a0de \u00a0Rafael \u00a0Garc\u00eda, seg\u00fan la cual, lleg\u00f3 a la campa\u00f1a a la Presidencia de la \u00a0Rep\u00fablica \u00a0en \u00a0el \u00a0a\u00f1o \u00a02002 \u00a0en \u00a0el \u00a0Departamento \u00a0del Magdalena que lideraba \u00a0JORGE \u00a0 \u00a0AURELIO \u00a0 \u00a0NOGUERA \u00a0 COTES, \u00a0 en \u00a0 \u00a0 \u00a0 \u00a0 \u00a0virtud \u00a0 \u00a0 \u00a0 \u00a0 \u00a0de \u00a0 \u00a0 \u00a0 \u00a0 \u00a0las \u00a0 \u00a0 \u00a0 \u00a0 \u00a0\u201cinstrucciones\u201d \u00a0impartidas \u00a0a \u00a0\u00e9l \u00a0y a \u00a0Enrique \u00a0Osorio \u00a0de \u00a0la \u00a0Rosa \u00a0por \u00a0parte del reci\u00e9n elegido Representante a la \u00a0C\u00e1mara \u00a0Jos\u00e9 \u00a0Gamarra \u00a0Sierra, \u00a0de \u00a0incorporarse a ella y donde a la postre se \u00a0desempe\u00f1\u00f3 \u00a0 \u00a0como \u00a0 auditor \u00a0 de \u00a0 sistemas \u00a0 frente \u00a0 a \u00a0 la \u00a0 Registradur\u00eda \u00a0Nacional15. \u00a0\u00a0<\/p>\n<p>As\u00ed \u00a0las cosas, a la primera conclusi\u00f3n que \u00a0llega \u00a0la \u00a0Sala \u00a0es \u00a0que \u00a0Rafael \u00a0Garc\u00eda \u00a0Torres \u00a0no \u00a0era \u00a0un extra\u00f1o para las \u00a0autodefensas \u00a0de \u00a0Rodrigo \u00a0Tovar \u00a0Pupo, \u00a0alias \u00a0\u201cJorge \u00a040\u201d, \u00a0sino \u00a0un firme \u00a0colaborador. \u00a0\u00a0<\/p>\n<p>5- \u00a0A \u00a0lo \u00a0anterior es importante agregar que \u00a0NOGUERA \u00a0 y\u00a0 \u00a0Rafael \u00a0Garc\u00eda \u00a0Torres \u00a0se \u00a0conocieron en el a\u00f1o 1995 cuando trabajaron en la Sociedad \u00a0Portuaria \u00a0de \u00a0Santa \u00a0Marta, \u00a0lapso \u00a0en \u00a0el \u00a0cual el procesado pudo advertir las \u00a0calidades \u00a0profesionales \u00a0que ten\u00eda Garc\u00eda en el manejo del \u00e1rea de sistemas. \u00a0Posteriormente, \u00a0NOGUERA \u00a0se \u00a0relacion\u00f3 \u00a0 con \u00a0 Liliana \u00a0del \u00a0Castillo \u00a0Ospino, \u00a0esposa \u00a0de \u00a0Garc\u00eda, \u00a0en \u00a0la \u00a0Corporaci\u00f3n \u00a0Aut\u00f3noma \u00a0Regional de Santa Marta donde ella fungi\u00f3 como Jefe de \u00a0Control \u00a0Interno \u00a0y luego como Subdirectora Administrativa y \u00e9l como Secretario \u00a0General. \u00a0\u00a0<\/p>\n<p>El \u00a0 \u00a0reencuentro \u00a0 \u00a0de \u00a0 \u00a0NOGUERA \u00a0y Rafael Garc\u00eda en la campa\u00f1a a \u00a0la \u00a0Presidencia \u00a0fue \u00a0realmente \u00a0el inicio de una amistad entre estos personajes \u00a0como \u00a0lo \u00a0asegura \u00a0el \u00a0testigo \u00a0de cargo, tanto as\u00ed, que Garc\u00eda fue la primera \u00a0persona \u00a0que NOGUERA vincul\u00f3 \u00a0al \u00a0DAS, \u00a0incluso \u00a0sin \u00a0existir \u00a0el \u00a0estudio \u00a0de \u00a0confiabilidad \u00a0exigido \u00a0por la \u00a0instituci\u00f3n: \u00a0mientras \u00e9ste registra fecha de elaboraci\u00f3n 18 de septiembre de \u00a02002 \u00a0 recomendando \u00a0 en \u00a0 la \u00a0 parte \u00a0 final \u00a0 de \u00a0 observaciones \u00a0\u201cvigilar \u00a0 \u00a0 su \u00a0 \u00a0 comportamiento \u00a0 \u00a0y \u00a0 \u00a0desempe\u00f1o16\u201d, \u00a0su \u00a0nombramiento \u00a0y \u00a0posesi\u00f3n \u00a0se \u00a0produjeron \u00a0el \u00a04 \u00a0de \u00a0septiembre \u00a0del \u00a0citado \u00a0a\u00f1o17. \u00a0\u00a0<\/p>\n<p>No \u00a0obstante \u00a0que \u00a0existe \u00a0un oficio del 4 de \u00a0septiembre \u00a0de 2002 suscrito por el coordinador de estudios de confiabilidad, el \u00a0Subdirector \u00a0 de \u00a0 contrainteligencia, \u00a0 y \u00a0con \u00a0visto \u00a0bueno \u00a0del \u00a0Director \u00a0de \u00a0Inteligencia \u00a0del \u00a0DAS, indicando que \u201ca la fecha no \u00a0se \u00a0han \u00a0encontrado \u00a0aspectos \u00a0negativos \u00a0que \u00a0demeriten \u00a0la \u00a0vinculaci\u00f3n \u00a0a la \u00a0instituci\u00f3n \u00a0 \u00a0de \u00a0 \u00a0Rafael \u00a0 Garc\u00eda \u00a0 Torres\u201d18, \u00a0 \u00a0 \u00a0 \u00a0es \u00a0imposible que en un d\u00eda se hubieran adelantado actividades para \u00a0hacer \u00a0tal \u00a0afirmaci\u00f3n, \u00a0la cual incluso se encontraba acompa\u00f1ada de la frase: \u00a0\u201cse \u00a0 sugiere \u00a0 vigilar \u00a0 su \u00a0 comportamiento \u00a0 y \u00a0desempe\u00f1o\u201d. \u00a0\u00a0<\/p>\n<p>Esta \u00a0expresi\u00f3n \u00a0que \u00a0para \u00a0el \u00a0sucesor \u00a0de \u00a0NOGUERA \u00a0en \u00a0el DAS, doctor \u00a0Andr\u00e9s \u00a0 Mauricio \u00a0Pe\u00f1ate, \u00a0significaba \u00a0que \u00a0\u201cla \u00a0persona \u00a0no \u00a0era \u00a0confiable\u201d, \u00a0mucho \u00a0menos si iba a \u00a0ocupar \u00a0el cargo de Jefe de la Oficina de Inform\u00e1tica, no fue vista as\u00ed por el \u00a0procesado \u00a0quien \u00a0de \u00a0todas maneras lo design\u00f3, decisi\u00f3n reveladora de la poca \u00a0importancia \u00a0que \u00a0el reci\u00e9n Director otorgaba a las sugerencias presentadas por \u00a0sus \u00a0servidores cuando de sus amigos se trataba, y tambi\u00e9n, del inter\u00e9s porque \u00a0Garc\u00eda \u00a0lo acompa\u00f1ara durante su administraci\u00f3n, gesti\u00f3n que incluy\u00f3 ayudar \u00a0a \u00a0ingresar \u00a0a \u00a0su \u00a0hijo \u00a0al \u00a0colegio \u00a0donde \u00a0estudiaban \u00a0los suyos, aqu\u00ed en la \u00a0capital. \u00a0\u00a0<\/p>\n<p>4- \u00a0De las relaciones de amistad, confianza y \u00a0camarader\u00eda \u00a0que exist\u00edan entre NOGUERA y \u00a0Rafael \u00a0Garc\u00eda \u00a0en \u00a0el \u00a0Departamento Administrativo de Seguridad \u00a0\u2013DAS-, \u00a0dieron cuenta los \u00a0testigos \u00a0Luis Carlos Barrag\u00e1n Samper \u2013ex \u00a0Director \u00a0General \u00a0Operativo-, \u00a0Ariel \u00a0Garz\u00f3n \u00a0 \u00a0 \u00a0 \u00a0 Estrada \u00a0 \u00a0 \u00a0 \u00a0 \u2013profesional \u00a0en sistemas de la oficina de Inform\u00e1tica-, \u00a0Emilio \u00a0Vence \u00a0Zabaleta \u2013Director \u00a0Seccional \u00a0del \u00a0DAS Atl\u00e1ntico-, \u00a0Rodolfo \u00a0Enrique \u00a0Ben\u00edtez \u00a0Quintana \u00a0\u2013ex \u00a0 Jefe \u00a0 de \u00a0 la \u00a0 Oficina \u00a0de \u00a0Protecci\u00f3n-\u00a0 \u00a0y \u00a0 \u00a0 \u00a0 Liliana \u00a0 \u00a0 \u00a0del \u00a0 \u00a0 \u00a0Castillo \u00a0 \u00a0 \u00a0Ospino \u00a0 \u00a0 \u00a0\u2013c\u00f3nyuge \u00a0 \u00a0de \u00a0 \u00a0Rafael \u00a0 \u00a0Garc\u00eda \u00a0Torres-. \u00a0\u00a0<\/p>\n<p>Sobre \u00a0el \u00a0nivel \u00a0de \u00a0confianza \u00a0Emilio Vence \u00a0Zabaleta manifest\u00f3: \u00a0\u00a0<\/p>\n<p>\u201cyo si conoc\u00ed a Garc\u00eda en el despacho de \u00a0NOGUERA, \u00a0inclusive \u00a0me \u00a0llam\u00f3 \u00a0la \u00a0atenci\u00f3n \u00a0que \u00a0se \u00a0sentaba en la silla del \u00a0escritorio \u00a0del \u00a0doctor \u00a0NOGUERA, \u00a0eso \u00a0me \u00a0llev\u00f3 a pensar en esa \u00e9poca que yo \u00a0visitaba \u00a0el \u00a0DAS, \u00a0de \u00a0una amistad profunda entre ellos dos, quiero agregar que \u00a0jam\u00e1s \u00a0lo \u00a0llamaba \u00a0doctor NOGUERA como lo hace un subalterno, para referirse a \u00a0\u00e9l \u00a0le \u00a0dec\u00eda \u00a0Jorge, de ello pueden dar fe todos los funcionarios que ten\u00edan \u00a0cercan\u00eda \u00a0 o \u00a0 se \u00a0daban \u00a0cuenta \u00a0del \u00a0poder \u00a0que \u00a0ten\u00eda \u00a0Garc\u00eda \u00a0dentro \u00a0del \u00a0DAS19\u201d \u00a0\u00a0<\/p>\n<p>En \u00a0 cuanto \u00a0al \u00a0trato \u00a0entre \u00a0NOGUERA \u00a0y Garc\u00eda, Luis Carlos Barrag\u00e1n \u00a0Samper declar\u00f3: \u00a0\u00a0<\/p>\n<p>\u201cera de mucha confianza, Garc\u00eda le dec\u00eda \u00a0al \u00a0doctor \u00a0NOGUERA \u00a0\u201cviejo \u00a0George\u201d \u00a0y \u00a0NOGUERA \u00a0le dec\u00eda \u201cviejo Rafa\u201d \u00a0hab\u00eda \u00a0 \u00a0mucha \u00a0 \u00a0camarader\u00eda \u00a0 \u00a0entre \u00a0 \u00a0ellos20\u201d\u00a0 \u00a0\u00a0<\/p>\n<p>Del \u00a0mismo \u00a0modo, \u00a0Rodolfo \u00a0Enrique \u00a0Ben\u00edtez \u00a0Quintana \u00a0manifest\u00f3 \u00a0que \u00a0Garc\u00eda \u00a0era \u00a0amigo \u00a0\u00edntimo \u00a0y \u00a0personal \u00a0del doctor \u00a0NOGUERA \u00a0con \u00a0quien hablaba \u00a0con \u00a0 \u00a0 \u00a0 \u00a0 \u00a0 mucha \u00a0 \u00a0 \u00a0 \u00a0 \u00a0 familiaridad21. \u00a0\u00a0<\/p>\n<p>Respecto \u00a0del \u00a0poder que ten\u00eda Garc\u00eda en el \u00a0DAS, Ariel Garz\u00f3n relat\u00f3: \u00a0\u00a0<\/p>\n<p>\u201cel \u00a0doctor \u00a0Garc\u00eda \u00a0ten\u00eda mucho mando y \u00a0autoridad \u00a0dentro \u00a0de la oficina e inclusive en otras oficinas, tanto que cuando \u00a0\u00e9l \u00a0decid\u00eda \u00a0echar \u00a0a alguien la orden se cumpl\u00eda inmediatamente, e inclusive \u00a0los \u00a0hac\u00eda \u00a0trasladar, para desvincular a alguien de la entidad esto ten\u00eda que \u00a0ser \u00a0autorizado \u00a0por \u00a0el \u00a0doctor \u00a0NOGUERA, por tanto se notaba que s\u00ed hab\u00eda un \u00a0estrecho \u00a0lazo \u00a0de \u00a0amistad, \u00a0\u2026 el doctor Garc\u00eda ten\u00eda l\u00ednea directa con el \u00a0doctor \u00a0NOGUERA y el doctor Garc\u00eda no hac\u00eda fila para tener entrevistas con el \u00a0doctor \u00a0 \u00a0 \u00a0 \u00a0 \u00a0 \u00a0 \u00a0 \u00a0 \u00a0 \u00a0NOGUERA22\u201d. \u00a0\u00a0<\/p>\n<p>En \u00a0relaci\u00f3n con esta versi\u00f3n es importante \u00a0mencionar \u00a0que \u00a0Franklin Rodr\u00edguez Garay fue nombrado Subdirector del DAS en el \u00a0Magdalena por recomendaci\u00f3n de Garc\u00eda. \u00a0\u00a0<\/p>\n<p>Las precedentes manifestaciones, provenientes \u00a0de \u00a0testigos directos de ese trato, permiten otorgar tambi\u00e9n credibilidad a las \u00a0atestaciones \u00a0de \u00a0Rafael Garc\u00eda en cuanto a su estrecha amistad con \u00a0 NOGUERA, \u00a0 relaci\u00f3n \u00a0 de \u00a0 la \u00a0 cual \u00a0ciertamente\u00a0 \u00a0 proviene \u00a0 su \u00a0 conocimiento \u00a0sobre \u00a0temas \u00a0concernientes \u00a0a \u00a0operaciones \u00a0que \u00a0adelantaba \u00a0el \u00a0DAS contra las autodefensas, y respecto de los \u00a0cuales \u00a0\u00e9l \u00a0como Jefe de la Oficina de Inform\u00e1tica no deb\u00eda tener dato alguno \u00a0en \u00a0la \u00a0medida que correspond\u00edan a otras \u00e1reas que depend\u00edan directamente del \u00a0despacho del Director. \u00a0\u00a0<\/p>\n<p>Con este marco de referencia, la Sala pasar\u00e1 \u00a0a \u00a0 analizar \u00a0 inicialmente \u00a0 el \u00a0 delito \u00a0de \u00a0concierto \u00a0para \u00a0delinquir, \u00a0pues \u00a0irrefutablemente \u00e9ste es la matriz de los dem\u00e1s il\u00edcitos. \u00a0\u00a0<\/p>\n<p>1- \u00a0 \u00a0 CONCIERTO \u00a0 \u00a0 PARA \u00a0 \u00a0 DELINQUIR \u00a0AGRAVADO \u00a0\u00a0<\/p>\n<p>1.1. \u00a0 El \u00a0primer \u00a0cargo \u00a0formulado \u00a0en \u00a0la \u00a0resoluci\u00f3n \u00a0de \u00a0acusaci\u00f3n \u00a0proferida \u00a0contra \u00a0JORGE \u00a0AURELIO \u00a0NOGUERA \u00a0COTES \u00a0es el delito de concierto para \u00a0delinquir \u00a0en las modalidades de fomentar y promover, modalidades a que alude el \u00a0inciso \u00a0 2 \u00a0 del \u00a0art\u00edculo \u00a0340 \u00a0de \u00a0la \u00a0Ley \u00a0599 \u00a0de \u00a02000 \u00a0con \u00a0el \u00a0siguiente \u00a0tenor. \u00a0\u00a0<\/p>\n<p>ART\u00cdCULO \u00a0340. \u00a0Concierto \u00a0para \u00a0delinquir \u00a0(Modificado \u00a0por \u00a0la \u00a0Ley \u00a0733 \u00a0de \u00a0enero 29 De 2002). Cuando varias personas se \u00a0concierten \u00a0con \u00a0el \u00a0fin de cometer delitos, cada una de ellas ser\u00e1 penada, por \u00a0esa sola conducta, con prisi\u00f3n de tres (3) a seis (6) a\u00f1os. \u00a0\u00a0<\/p>\n<p>Cuando el concierto sea para cometer delitos \u00a0de \u00a0genocidio, \u00a0desaparici\u00f3n forzada de\u00a0 personas, tortura, desplazamiento \u00a0forzado, \u00a0homicidio, \u00a0terrorismo, narcotr\u00e1fico, secuestro extorsivo, extorsi\u00f3n \u00a0o \u00a0para \u00a0organizar, \u00a0promover, \u00a0armar o financiar grupos armados al margen de la \u00a0ley, \u00a0la pena ser\u00e1 de prisi\u00f3n de seis (6) a doce (12) a\u00f1os y multa de dos mil \u00a0(2.000) \u00a0 hasta \u00a0 veinte \u00a0 mil \u00a0(20.000) \u00a0salarios \u00a0m\u00ednimos \u00a0mensuales \u00a0legales \u00a0vigentes. \u00a0\u00a0<\/p>\n<p>La \u00a0pena \u00a0privativa \u00a0de \u00a0la \u00a0libertad \u00a0se \u00a0aumentar\u00e1 \u00a0en \u00a0la \u00a0mitad \u00a0para quienes organicen, fomenten, promuevan, dirijan, \u00a0encabecen, \u00a0 constituyan \u00a0 o \u00a0financien \u00a0el \u00a0concierto \u00a0o \u00a0la \u00a0asociaci\u00f3n \u00a0para \u00a0delinquir.\u201d \u00a0\u00a0<\/p>\n<p>Atendiendo el contenido de esta preceptiva la \u00a0Sala \u00a0ha \u00a0venido \u00a0explicando que existen tres formas de ataque al bien jur\u00eddico \u00a0de \u00a0la \u00a0seguridad \u00a0p\u00fablica, \u00a0en \u00a0una \u00a0escala \u00a0de \u00a0menor a mayor gravedad con un \u00a0tratamiento punitivo m\u00e1s severo. \u00a0\u00a0<\/p>\n<p>En \u00a0este \u00a0sentido \u00a0el \u00a0primer \u00a0inciso \u00a0hace \u00a0referencia \u00a0al \u00a0acuerdo \u00a0simple \u00a0para la comisi\u00f3n de delitos indeterminados; el \u00a0segundo \u00a0contempla \u00a0el \u00a0acuerdo \u00a0para \u00a0organizar, promocionar, armar o financiar \u00a0grupos \u00a0al \u00a0margen de la ley;\u00a0 y el \u00faltimo contiene la ejecuci\u00f3n material \u00a0de \u00a0 cualquiera \u00a0 de \u00a0 las \u00a0acciones\u00a0 \u00a0anteriormente \u00a0descritas23. \u00a0\u00a0<\/p>\n<p>A \u00a0 partir \u00a0de \u00a0esta \u00a0clasificaci\u00f3n \u00a0puede \u00a0colegirse \u00a0que \u00a0inscribe \u00a0su comportamiento en los denominados tipos de peligro, \u00a0quien \u00a0acuerda \u00a0armar, \u00a0financiar, \u00a0organizar \u00a0o promover grupos al margen de la \u00a0ley, \u00a0mientras \u00a0que, \u00a0quien \u00a0materializa \u00a0alguno \u00a0de los citados verbos rectores \u00a0descritos, \u00a0incurre \u00a0en \u00a0uno \u00a0de los llamados tipos de lesividad. De ah\u00ed que el \u00a0simple \u00a0acuerdo \u00a0satisface el injusto y la diferencia entre uno y otro radica en \u00a0la sanci\u00f3n a imponer. \u00a0\u00a0<\/p>\n<p>Puntualmente \u00a0en \u00a0torno \u00a0a \u00a0este \u00a0il\u00edcito la \u00a0Corporaci\u00f3n ha se\u00f1alado: \u00a0\u00a0<\/p>\n<p>\u201cEn \u00a0la \u00a0escala progresiva de protecci\u00f3n \u00a0de\u00a0 \u00a0bienes \u00a0jur\u00eddicos, \u00a0el \u00a0acuerdo \u00a0que \u00a0da \u00a0origen \u00a0al \u00a0concierto \u00a0para \u00a0organizar, \u00a0promover, \u00a0armar \u00a0o \u00a0financiar \u00a0grupos \u00a0al \u00a0margen \u00a0de \u00a0la \u00a0ley, \u00a0se \u00a0diferencia \u00a0de \u00a0la \u00a0efectiva \u00a0organizaci\u00f3n, \u00a0fomento, \u00a0promoci\u00f3n, direcci\u00f3n y \u00a0financiaci\u00f3n \u00a0del \u00a0concierto, moldeando diferentes penas seg\u00fan la ponderaci\u00f3n \u00a0del \u00a0aporte que se traduce en un mayor desvalor de la conducta y en un juicio de \u00a0exigibilidad \u00a0personal \u00a0y \u00a0social \u00a0mucho m\u00e1s dr\u00e1stico para quien efectivamente \u00a0organiza, \u00a0fomenta, \u00a0promueve, \u00a0arma o financia el concierto para delinquir, que \u00a0para \u00a0 \u00a0 quien \u00a0 \u00a0 s\u00f3lo \u00a0 \u00a0lo \u00a0 \u00a0acuerda.\u201d \u00a0 \u00a024 \u00a0\u00a0<\/p>\n<p>Ahora, dada la estructura dogm\u00e1tica del tipo, \u00a0hay \u00a0que \u00a0convenir en que el examen de la conducta no puede hacerse a partir del \u00a0estudio \u00a0de \u00a0episodios \u00a0a \u00a0los \u00a0cuales \u00a0se \u00a0les \u00a0confiere \u00a0autonom\u00eda, ejercicio \u00a0efectuado \u00a0en \u00a0sus \u00a0intervenciones \u00a0por \u00a0el procesado y su defensa, es necesario \u00a0conjugar \u00a0los distintos elementos de juicio que revela el expediente a efecto de \u00a0establecer \u00a0si \u00a0todos \u00a0ellos \u00a0permiten \u00a0acreditar la concreta imputaci\u00f3n de que \u00a0trata \u00a0la \u00a0acusaci\u00f3n, \u00a0esto \u00a0es, \u00a0que \u00a0JORGE AURELIO \u00a0NOGUERA \u00a0 COTES, \u00a0 en \u00a0su \u00a0calidad \u00a0de \u00a0Director \u00a0del \u00a0Departamento \u00a0 \u00a0 \u00a0 \u00a0Administrativo \u00a0 \u00a0 \u00a0 \u00a0de \u00a0 \u00a0 \u00a0 \u00a0Seguridad \u00a0 \u00a0 \u00a0 \u2013DAS- \u00a0puso \u00a0las funciones p\u00fablicas de \u00a0la \u00a0entidad \u00a0al \u00a0servicio del Bloque Norte de las Autodefensas, contribuyendo de \u00a0esa \u00a0manera \u00a0a incrementar el riesgo contra la seguridad p\u00fablica en tanto\u00a0 \u00a0habr\u00eda reforzado la acci\u00f3n del grupo ilegal.\u00a0 \u00a0\u00a0<\/p>\n<p>1.2. \u00a0Desde \u00a0la \u00a0anterior \u00a0perspectiva, \u00a0el \u00a0an\u00e1lisis \u00a0de \u00a0los diversos y numerosos elementos de juicio acopiados durante la \u00a0fase \u00a0instructiva \u00a0y \u00a0etapa del juicio, permiten afirmar en grado de certeza que \u00a0JORGE \u00a0 \u00a0AURELIO \u00a0 \u00a0NOGUERA \u00a0 \u00a0COTES \u00a0 en \u00a0su \u00a0condici\u00f3n \u00a0de \u00a0Director \u00a0del Departamento Administrativo de \u00a0Seguridad \u00a0 \u00a0\u2013 \u00a0 DAS-, \u00a0aprovech\u00f3 \u00a0el \u00a0poder \u00a0que \u00a0el cargo le confer\u00eda y las facultades propias de la \u00a0entidad, \u00a0 para \u00a0 promocionar \u00a0 y \u00a0 facilitar \u00a0las \u00a0actividades \u00a0delictivas \u00a0del \u00a0\u201cBloque \u00a0Norte \u00a0de \u00a0las Autodefensas\u201d \u00a0del \u00a0cual \u00a0hac\u00eda \u00a0parte \u00a0el \u00a0\u201cFrente \u00a0Resistencia \u00a0Tayrona\u201d, favoreciendo los intereses de \u00a0sus \u00a0dos \u00a0cabecillas: \u00a0Rodrigo \u00a0Tovar \u00a0Pupo, \u00a0alias \u00a0\u201cJorge \u00a040\u201d \u00a0y \u00a0Hern\u00e1n \u00a0Giraldo \u00a0Serna, alias \u201cel \u00a0viejo\u201d \u00a0 \u00a0 \u00a0 25. \u00a0\u00a0<\/p>\n<p>A \u00a0 trav\u00e9s \u00a0 de \u00a0 su \u00a0 poder \u00a0discrecional \u00a0NOGUERA \u00a0ayud\u00f3 \u00a0al \u00a0Bloque \u00a0Norte \u00a0de \u00a0las \u00a0Autodefensas, \u00a0haci\u00e9ndoles llegar informaci\u00f3n que el organismo \u00a0recolectaba \u00a0en \u00a0virtud \u00a0de \u00a0las \u00a0funciones \u00a0que \u00a0cumpl\u00eda; \u00a0nombrando \u00a0personas \u00a0allegadas \u00a0a \u00a0la \u00a0organizaci\u00f3n y, trasladando o declarando insubsistentes a los \u00a0servidores \u00a0que dirig\u00edan su labor contra ellos, sin importarle la experiencia y \u00a0a\u00f1os de servicio que llevaran en la instituci\u00f3n. \u00a0\u00a0<\/p>\n<p>Las dependencias m\u00e1s afectadas con la toma de \u00a0este \u00a0tipo \u00a0de \u00a0determinaciones fueron el \u00c1rea Especializada de Investigaciones \u00a0Financieras \u00a0y \u00a0las \u00a0Direcciones \u00a0Seccionales \u00a0de \u00a0la \u00a0costa \u00a0norte, \u00a0las cuales \u00a0ejerc\u00edan \u00a0funciones \u00a0de \u00a0polic\u00eda \u00a0judicial \u00a0en \u00a0coordinaci\u00f3n con la Fiscal\u00eda \u00a0General de la Naci\u00f3n y las dem\u00e1s autoridades judiciales. \u00a0\u00a0<\/p>\n<p>Conforme \u00a0al relato del ex Jefe de la Oficina \u00a0de \u00a0Inform\u00e1tica, \u00a0Rafael \u00a0Enrique \u00a0Garc\u00eda \u00a0Torres, \u00a0desde \u00a0el \u00a0momento \u00a0en que \u00a0NOGUERA \u00a0tom\u00f3 posesi\u00f3n del \u00a0cargo \u00a0de \u00a0Director \u00a0del \u00a0Departamento \u00a0Administrativo de Seguridad -16 \u00a0de agosto de 2002-, le hizo saber que \u00a0durante \u00a0su \u00a0gesti\u00f3n \u00a0\u201cse dedicar\u00eda\u00a0\u00a0 a \u00a0perseguir \u00a0a \u00a0las FARC, que no ten\u00eda ning\u00fan inter\u00e9s en perseguir autodefensas \u00a0ni \u00a0 \u00a0 \u00a0 \u00a0 \u00a0 \u00a0 \u00a0 \u00a0 \u00a0narcotraficantes26\u201d. \u00a0\u00a0<\/p>\n<p>Si \u00a0 bien \u00a0 funcionarios \u00a0como \u00a0Luz \u00a0Marina \u00a0Rodr\u00edguez \u00a0y \u00a0Gabriel \u00a0Sandoval \u00a0Pavajoy, entre otros, al un\u00edsono testificaron \u00a0que \u00a0la \u00a0directriz del Director era perseguir todos los flagelos delincuenciales \u00a0que \u00a0atacaban \u00a0al \u00a0pa\u00eds, \u00a0aspecto \u00a0resaltado \u00a0por el procesado para alegar a su \u00a0favor \u00a0la \u00a0imparcialidad \u00a0con \u00a0que \u00a0actu\u00f3 \u00a0contra \u00a0todas las bandas criminales, \u00a0tambi\u00e9n \u00a0 hay \u00a0 testigos \u00a0 que \u00a0 desde \u00a0sus \u00a0propias \u00a0vivencias \u00a0afirmaron \u00a0que \u00a0JORGE \u00a0 \u00a0AURELIO \u00a0 \u00a0NOGUERA \u00a0 \u00a0COTES \u00a0 s\u00ed \u00a0impuls\u00f3 \u00a0durante \u00a0su \u00a0administraci\u00f3n una pol\u00edtica dirigida a \u00a0perseguir a las FARC pero no a las autodefensas. \u00a0\u00a0<\/p>\n<p>En \u00a0este \u00a0sentido, el ex Director del DAS del \u00a0Cesar, \u00a0Audberto \u00a0Flabio \u00a0Dorado \u00a0manifest\u00f3 \u00a0que \u00a0eran las FARC el blanco\u00a0 \u00a0espec\u00edfico \u00a0de \u00a0la \u00a0agenda misional de JORGE NOGUERA, \u00a0tanto que, el Director de Inteligencia de la \u00e9poca le \u00a0dijo, \u00a0 refiri\u00e9ndose \u00a0 a \u00a0 los \u00a0 informes \u00a0alimentados \u00a0con \u00a0las \u00a0autodefensas, \u00a0\u201cque \u00a0al \u00a0Director \u00a0Nacional \u00a0no \u00a0le gustaban estos \u00a0informes27\u201d \u00a0\u00a0<\/p>\n<p>Asimismo, \u00a0el \u00a0ex \u00a0Director General Operativo \u00a0Luis \u00a0Carlos \u00a0Barrag\u00e1n \u00a0relat\u00f3 \u00a0que \u00a0el \u00a0\u00e9nfasis \u00a0del \u00a0Director: \u201cfue \u00a0que \u00a0procedi\u00e9ramos \u00a0contra \u00a0la \u00a0guerrilla, sobre las otras \u00a0organizaciones \u00a0argumentaba que estaban ya en tr\u00e1mite hacia un proceso de paz y \u00a0era \u00a0preciso \u00a0ser \u00a0cautos para no entorpecer un eventual proceso de negociaci\u00f3n \u00a0con \u00a0 \u00a0 \u00a0 \u00a0 \u00a0 \u00a0esas \u00a0 \u00a0 \u00a0 \u00a0 \u00a0 \u00a0estructuras28\u201d. \u00a0\u00a0<\/p>\n<p>Jos\u00e9 David Ribero, investigador de la entidad \u00a0en \u00a0 el \u00a0Cesar, \u00a0fue \u00a0enf\u00e1tico \u00a0en \u00a0afirmar: \u00a0\u201clas \u00a0exigencias \u00a0del \u00a0doctor NOGUERA, eran principalmente dirigidas al accionar de la \u00a0guerrilla, \u00a0por \u00a0su forma de pensar aparentemente, no estaba interesado en otros \u00a0flagelos \u00a0que afectan al pa\u00eds como es el caso del paramilitarismo y otros tipos \u00a0de \u00a0delincuencia, \u2026 cuando yo fui a las reuniones con \u00e9l, s\u00f3lo se hablaba de \u00a0investigaciones \u00a0en \u00a0contra \u00a0de \u00a0los \u00a0diferentes \u00a0frentes \u00a0de \u00a0la \u00a0guerrilla, no \u00a0mencionaba \u00a0a las autodefensas, se ve\u00eda el inter\u00e9s por todo lo relacionado con \u00a0la \u00a0guerrilla29\u201d \u00a0\u00a0<\/p>\n<p>Otro \u00a0investigador, \u00a0Luis \u00a0Ignacio \u00a0Beltr\u00e1n \u00a0Zapata, \u00a0narr\u00f3 \u00a0que \u00a0en la reuni\u00f3n de directores seccionales llevada a cabo en \u00a0las \u00a0instalaciones \u00a0de \u00a0la \u00a0Escuela \u00a0de \u00a0Inteligencia \u00a0de \u00a0Aquimindia \u00a0del \u00a0DAS, \u00a0JORGE \u00a0 AURELIO \u00a0 NOGUERA \u00a0recalc\u00f3 \u00a0que \u00a0las \u00a0actividades de esa entidad deb\u00edan estar enfocadas contra la \u00a0guerrilla y no contra los paramilitares. \u00a0\u00a0<\/p>\n<p>Actuando en consecuencia con esta directriz, a \u00a0continuaci\u00f3n \u00a0 se \u00a0observar\u00e1 \u00a0c\u00f3mo \u00a0las \u00a0labores \u00a0adelantadas \u00a0por \u00a0el \u00a0\u00c1rea \u00a0Especializada \u00a0de \u00a0Investigaciones \u00a0Financieras \u00a0para desarticular la estructura \u00a0financiera \u00a0del \u00a0grupo que lideraba Hern\u00e1n Giraldo Serna, fueron obstaculizadas \u00a0y \u00a0reveladas \u00a0a \u00a0esa \u00a0asociaci\u00f3n \u00a0por \u00a0JORGE AURELIO \u00a0NOGUERA \u00a0COTES \u00a0con \u00a0el \u00fanico prop\u00f3sito de favorecer \u00a0sus actividades delincuenciales. \u00a0\u00a0<\/p>\n<p>1.3. Esta operaci\u00f3n, llamada inicialmente al \u00a0interior \u00a0 \u00a0 del \u00a0 \u00a0 DAS \u00a0 \u00a0\u201cRodadero\u201d \u00a0 \u00a0 \u00a0y \u00a0 \u00a0 \u00a0que \u00a0 \u00a0 termin\u00f3 \u00a0 \u00a0 denomin\u00e1ndose \u00a0 \u00a0 \u201cCicl\u00f3n\u201d\u00a0 \u00a0por \u00a0el \u201ccaos\u201d o \u00a0las \u00a0 \u00a0\u201ctempestades\u201d \u00a0originadas \u00a0por \u00a0el \u00a0Director del DAS durante su ejecuci\u00f3n, seg\u00fan lo relataron \u00a0Juan \u00a0Carlos S\u00e1nchez Cand\u00eda y Juan Carlos Garz\u00f3n, detectives que participaron \u00a0en \u00a0ella, \u00a0tuvo \u00a0origen \u00a0en un informe remitido por el Grupo de Inteligencia del \u00a0Ej\u00e9rcito \u00a0 \u2013RIME- \u00a0a \u00a0la \u00a0Fiscal\u00eda \u00a0General \u00a0de \u00a0la \u00a0Naci\u00f3n a finales del a\u00f1o 2002, el cual daba cuenta \u00a0sobre \u00a0la \u00a0historia \u00a0delincuencial \u00a0del \u00a0narcotraficante \u00a0y \u00a0paramilitar Hern\u00e1n \u00a0Giraldo \u00a0Serna, \u00a0la \u00a0influencia \u00a0que \u00a0ejerc\u00eda en la ciudad de Santa Marta y las \u00a0propiedades \u00a0 que \u00a0 pose\u00eda \u00a0 en \u00a0 fachada \u00a0 y \u00a0a \u00a0nombre \u00a0de \u00a0terceros \u00a0en \u00a0esa \u00a0ciudad30. \u00a0\u00a0<\/p>\n<p>En virtud de este documento el Fiscal 21 de la \u00a0Unidad \u00a0Nacional \u00a0de \u00a0Fiscal\u00edas \u00a0para \u00a0la \u00a0Extinci\u00f3n \u00a0del Derecho de Dominio y \u00a0contra \u00a0el \u00a0Lavado \u00a0de \u00a0Activos, \u00a0dispuso \u00a0en \u00a0el radicado 1669 promover la fase \u00a0inicial \u00a0de \u00a0la acci\u00f3n de extinci\u00f3n del derecho de dominio sobre los bienes de \u00a0Hern\u00e1n \u00a0Giraldo \u00a0Serna -resoluci\u00f3n de 23 de enero de \u00a0200331-. \u00a0\u00a0<\/p>\n<p>Para \u00a0tal \u00a0fin \u00a0el funcionario solicit\u00f3 a la \u00a0Direcci\u00f3n \u00a0General Operativa del\u00a0 Departamento Administrativo de Seguridad \u00a0\u2013DAS-, la conformaci\u00f3n de \u00a0un \u00a0grupo \u00a0de trabajo con la finalidad de establecer los antecedentes penales de \u00a0Giraldo \u00a0Serna, \u00a0y verificar las propiedades que aparec\u00edan a nombre\u00a0\u00a0 \u00a0de\u00a0 \u00a0 terceros, \u00a0 de \u00a0 acuerdo \u00a0 con \u00a0 el \u00a0 informe \u00a0 de \u00a0inteligencia \u00a0del \u00a0Ej\u00e9rcito32. \u00a0\u00a0<\/p>\n<p>El \u00a0\u00c1rea \u00a0Especializada \u00a0de \u00a0Investigaciones \u00a0Financieras \u00a0de \u00a0la Direcci\u00f3n General Operativa del DAS, a trav\u00e9s de oficio de \u00a019 \u00a0de \u00a0marzo de 2003 inform\u00f3 al Fiscal que los detectives Juan Carlos S\u00e1nchez \u00a0Cand\u00eda, \u00a0Juan \u00a0Carlos \u00a0Garz\u00f3n \u00a0y \u00a0Sigifredo \u00a0Puentes \u00a0Ib\u00e1\u00f1ez \u00a0en \u00a0calidad de \u00a0Coordinador \u00a0del \u00a0grupo, \u00a0atender\u00edan \u00a0la \u00a0comisi\u00f3n33. \u00a0\u00a0<\/p>\n<p>Mediante \u00a0informes del 8 de mayo34, \u00a0 17 \u00a0de \u00a0julio35, \u00a0 \u00a0 \u00a0 \u00a0 \u00a0 \u00a0 \u00a0 \u00a0 \u00a0 \u00a0836 \u00a0 \u00a0 y \u00a0 \u00a0 1537 de agosto de \u00a02003, \u00a0 \u00a0los \u00a0 detectives \u00a0comisionados \u00a0presentaron \u00a0a \u00a0la \u00a0Fiscal\u00eda \u00a0los resultados de las indagaciones, \u00a0sintetizadas \u00a0 en \u00a0 los \u00a0datos \u00a0biogr\u00e1ficos \u00a0y \u00a0antecedentes \u00a0de \u00a0las \u00a0personas \u00a0vinculadas \u00a0con \u00a0dicho \u00a0grupo, junto con una relaci\u00f3n extensa de los bienes que \u00a0aparec\u00edan \u00a0a \u00a0sus \u00a0nombres, \u00a0y \u00a0actas \u00a0de inspecciones practicadas en despachos \u00a0judiciales \u00a0 \u00a0donde \u00a0 recolectaron \u00a0 prueba \u00a0 valiosa \u00a0 para \u00a0 la \u00a0 acci\u00f3n \u00a0 de \u00a0extinci\u00f3n. \u00a0\u00a0<\/p>\n<p>Todas estas labores ven\u00edan realiz\u00e1ndose de \u00a0manera \u00a0 pac\u00edfica \u00a0 y \u00a0 eficaz, \u00a0 hasta \u00a0 el \u00a0 momento \u00a0 en \u00a0 que \u00a0NOGUERA \u00a0se enter\u00f3 que Sigifredo Puentes \u00a0se \u00a0encontraba \u00a0en \u00a0Santa \u00a0Marta \u00a0apoyando \u00a0a \u00a0la Fiscal\u00eda para materializar la \u00a0acci\u00f3n \u00a0de extinci\u00f3n de dominio contra los bienes de la organizaci\u00f3n criminal \u00a0liderada por Hern\u00e1n Giraldo Serna. \u00a0\u00a0<\/p>\n<p>Es \u00a0un \u00a0hecho \u00a0ver\u00eddico \u00a0que \u00a0NOGUERA \u00a0tuvo \u00a0noticia de las actividades \u00a0que \u00a0realizaba \u00a0el \u00c1rea Especializada de Investigaciones Financieras, cuando el \u00a0entonces \u00a0Jefe \u00a0de \u00a0la Oficina de Protecci\u00f3n Rodolfo Enrique Ben\u00edtez Quintana, \u00a0llam\u00f3 \u00a0a \u00a0la \u00a0Directora del DAS en el Magdalena Gloria Bornacelly, para decirle \u00a0que \u00a0los escoltas se encontraban imposibilitados para participar en el operativo \u00a0que \u00a0Sigifredo \u00a0Puentes \u00a0iba \u00a0a adelantar contra esa banda criminal, por carecer \u00a0ellos \u00a0de \u00a0funciones \u00a0de polic\u00eda judicial, tema respecto del cual se enter\u00f3 en \u00a0virtud \u00a0de una consulta telef\u00f3nica efectuada con anterioridad por un escolta de \u00a0la seccional del Magdalena. \u00a0\u00a0<\/p>\n<p>Cuenta \u00a0 Ben\u00edtez \u00a0 que \u00a0 ese \u00a0mismo \u00a0d\u00eda \u00a0NOGUERA \u00a0 lo \u00a0llam\u00f3 \u00a0para \u00a0\u201cpreguntarme que qu\u00e9 era lo que pasaba, que qui\u00e9n \u00a0iba\u00a0 \u00a0a \u00a0realizar \u00a0un operativo contra Hern\u00e1n Giraldo, yo le cont\u00e9 que la \u00a0informaci\u00f3n \u00a0que \u00a0yo \u00a0ten\u00eda \u00a0era \u00a0que \u00a0el \u00a0detective \u00a0Sigifredo \u00a0Puentes iba a \u00a0realizar \u00a0unos \u00a0operativos, \u00a0allanamientos \u00a0contra \u00a0Hern\u00e1n \u00a0Giraldo \u00a0 \u00a0..\u201d, \u00a0 \u00a0relato \u00a0 \u00a0que\u00a0 \u00a0finaliz\u00f3 \u00a0con \u00a0un \u00a0juicio\u00a0 \u00a0valorativo \u00a0 consistente \u00a0 en \u00a0 que: \u00a0\u201cel \u00a0doctor \u00a0NOGUERA \u00a0se \u00a0molest\u00f3 mucho38\u201d \u00a0 \u00a0 \u00a0 por \u00a0 el \u00a0 hecho \u00a0 que \u00a0 adelantara \u00a0 un \u00a0 operativo \u00a0 contra \u00a0 este \u00a0sujeto. \u00a0\u00a0<\/p>\n<p>En \u00a0oposici\u00f3n \u00a0a \u00a0este \u00a0testimonio \u00a0obra la \u00a0versi\u00f3n \u00a0de \u00a0NOGUERA \u00a0quien \u00a0insistentemente \u00a0ha \u00a0se\u00f1alado que su conocimiento en torno a este procedimiento \u00a0deriv\u00f3 \u00a0del \u00a0informe verbal presentado por el Director General Operativo Carlos \u00a0Arturo \u00a0 Ria\u00f1o, \u00a0a \u00a0quien \u00a0incluso \u00a0dio \u00a0su \u00a0visto \u00a0bueno \u00a0para \u00a0que \u00a0el \u00a0\u00c1rea \u00a0Especializada \u00a0de Investigaciones Financieras realizara la misi\u00f3n impartida por \u00a0la \u00a0fiscal\u00eda39. \u00a0\u00a0<\/p>\n<p>Esta \u00a0 narraci\u00f3n \u00a0 la \u00a0vigoriza \u00a0con \u00a0las \u00a0aseveraciones \u00a0de \u00a0Sigifredo \u00a0Puentes, relativas a que inform\u00f3 a sus superiores \u00a0Carlos \u00a0Ria\u00f1o \u00a0y \u00a0Alberto \u00a0Alzate, ex Directores Generales Operativos, sobre la \u00a0operaci\u00f3n \u00a0 \u00a0 \u201cRodadero\u201d \u00a0 \u00a0 o \u00a0 \u00a0 \u201cCicl\u00f3n\u201d, \u00a0 \u00a0 pues \u00a0 \u00a0 \u201cera \u00a0de \u00a0especial \u00a0delicadeza el operativo porque en Santa Marta \u00a0vive \u00a0la \u00a0familia del Director y deb\u00edamos comunicarle por si el consideraba que \u00a0deb\u00eda \u00a0 \u00a0poner \u00a0 \u00a0seguridad \u00a0 \u00a0especial \u00a0 \u00a0a \u00a0 \u00a0su \u00a0 familia\u201d, \u00a0 funcionarios \u00a0que a su vez, supuestamente le comunicaron haber hecho \u00a0lo mismo con el Director. \u00a0\u00a0<\/p>\n<p>Sin \u00a0 embargo, \u00a0 Ria\u00f1o \u00a0contradice \u00a0estas \u00a0manifestaciones \u00a0cuando al preguntarle la Fiscal\u00eda si conoc\u00eda el informe del 8 \u00a0de \u00a0 mayo \u00a0 de \u00a0 2003 \u00a0 que \u00a0 daba \u00a0cuenta \u00a0sobre \u00a0labores \u00a0realizadas \u00a0por \u00a0los \u00a0investigadores, \u00a0 enf\u00e1ticamente \u00a0 contest\u00f3: \u00a0\u201cNo, \u00a0puesto \u00a0que \u00a0no \u00a0hay \u00a0ning\u00fan \u00a0aval por parte del Subdirector de Investigaciones \u00a0Estrat\u00e9gicas \u00a0ni \u00a0por la Direcci\u00f3n General Operativa, por lo cual el documento \u00a0f\u00edsico \u00a0que \u00a0me presentan nunca paso por estas oficinas y por ende no \u00a0 se \u00a0lo \u00a0pude \u00a0haber \u00a0presentado \u00a0al \u00a0Director \u00a0General \u00a0doctor \u00a0NOGUERA40.\u201d \u00a0 (destaca \u00a0la \u00a0Sala). \u00a0\u00a0<\/p>\n<p>En id\u00e9ntico sentido en declaraci\u00f3n rendida \u00a0el \u00a015 \u00a0de \u00a0abril \u00a0de \u00a02008, \u00a0a la pregunta acerca de si recordaba que Sigifredo \u00a0Puentes \u00a0hubiera \u00a0adelantado \u00a0alg\u00fan \u00a0tipo \u00a0de \u00a0operaci\u00f3n \u00a0relevante durante la \u00a0\u00e9poca \u00a0 en \u00a0que \u00a0fungi\u00f3 \u00a0como \u00a0Director \u00a0Operativo, \u00a0respondi\u00f3: \u00a0\u201cNo, \u00a0 \u00a0 \u00a0 \u00a0no \u00a0 \u00a0 \u00a0 recuerdo..41\u201d \u00a0\u00a0<\/p>\n<p>De \u00a0cara \u00a0a \u00a0estos \u00a0relatos \u00a0el \u00a0ex director \u00a0General \u00a0Operativo \u00a0Luis \u00a0Carlos \u00a0Barrag\u00e1n \u00a0Samper, \u00a0asegur\u00f3 que en esos d\u00edas \u00a0estaba \u00a0 recibiendo \u00a0la \u00a0Direcci\u00f3n \u00a0General \u00a0Operativa \u00a0por \u00a0orden \u00a0del \u00a0doctor \u00a0NOGUERA, \u00a0funcionario que de \u00a0manera \u00a0 vehemente \u00a0 le \u00a0 expres\u00f3 \u00a0 que \u00a0 \u201cestaba \u00a0molesto \u00a0con el detective Sigifredo Puentes, porque a \u00a0decir \u00a0del \u00a0doctor \u00a0NOGUERA, \u00a0se hab\u00eda desplazado a la ciudad de Santa Marta de \u00a0manera \u00a0inconsulta \u00a0a \u00a0realizar \u00a0unos \u00a0operativos \u00a0bajo \u00a0la \u00a0coordinaci\u00f3n de la \u00a0Fiscal\u00eda \u00a0 \u00a0 \u00a0General \u00a0 \u00a0 de \u00a0 \u00a0 la \u00a0 \u00a0 Naci\u00f3n42\u201d \u00a0\u00a0<\/p>\n<p>Cuenta igualmente Barrag\u00e1n Samper que en la \u00a0entidad \u00a0\u201chab\u00eda \u00a0instrucciones precisas, me consta \u00a0porque \u00a0me lo dijeron a mi, en el sentido de que cualquier actividad operativa a \u00a0realizarse \u00a0en \u00a0la \u00a0Costa \u00a0Atl\u00e1ntica \u00a0y \u00a0principalmente \u00a0en el Departamento del \u00a0Magdalena, \u00a0ten\u00eda \u00a0que \u00a0ser \u00a0conocida completamente y previamente por el doctor \u00a0NOGUERA \u00a0 \u00a0y \u00a0 \u00a0el \u00a0 \u00a0doctor \u00a0 Geancarlo43\u201d. \u00a0\u00a0<\/p>\n<p>Sobre\u00a0 \u00a0esta \u00a0instrucci\u00f3n \u00a0Juan Carlos \u00a0S\u00e1nchez \u00a0Cand\u00eda \u00a0refiri\u00f3 \u00a0que \u00a0en \u00a0la \u00a0oficina exist\u00eda la orden de presentar \u00a0continuamente \u00a0informes \u00a0en los cuales se relacionaran las personas y los bienes \u00a0que \u00a0estaban \u00a0siendo \u00a0objeto \u00a0de \u00a0cualquier tipo de averiguaci\u00f3n, especialmente \u00a0aquellos relacionados con el narcotr\u00e1fico y el paramilitarismo. \u00a0\u00a0<\/p>\n<p>Por \u00a0 manera \u00a0que, \u00a0consecuente \u00a0con \u00a0esta \u00a0directriz, \u00a0en \u00a0el \u00a0presente \u00a0caso \u00a0quien \u00a0deb\u00eda \u00a0enterar \u00a0al \u00a0Director \u00a0de \u00a0la \u00a0operaci\u00f3n \u00a0Rodadero \u00a0era \u00a0el \u00a0Director \u00a0General Operativo que en esa \u00e9poca era \u00a0Carlos \u00a0Arturo \u00a0Ria\u00f1o, \u00a0el \u00a0cual \u00a0seg\u00fan \u00a0sus propias palabras, no brind\u00f3 esta \u00a0informaci\u00f3n \u00a0a \u00a0su jefe inmediato por cuanto Puentes nunca le hizo saber que la \u00a0estaba adelantando. \u00a0\u00a0<\/p>\n<p>Fue tan evidente el disgusto que le caus\u00f3 a \u00a0NOGUERA \u00a0saber que Sigifredo \u00a0Puentes \u00a0se \u00a0encontraba \u00a0en \u00a0Santa \u00a0Marta \u00a0colabor\u00e1ndole a la Fiscal\u00eda, que el \u00a0propio Rafael Garc\u00eda relat\u00f3: \u00a0\u00a0<\/p>\n<p>\u201c.. \u00a0cuando \u00a0el se\u00f1or Auque regres\u00f3, me \u00a0dijo \u00a0 que \u00a0 Sigifredo \u00a0Puentes \u00a0quien \u00a0dirig\u00eda \u00a0el \u00a0\u00e1rea \u00a0de \u00a0investigaciones \u00a0financieras, \u00a0se \u00a0hab\u00eda \u00a0ido sin autorizaci\u00f3n para Santa Marta a participar en \u00a0el \u00a0operativo \u00a0\u2026.. \u00a0Giancarlo y yo nos dirigimos a la oficina del Dr. NOGUERA, \u00a0Giancarlo \u00a0le \u00a0inform\u00f3 \u00a0de \u00a0la \u00a0situaci\u00f3n que se estaba presentando, el doctor \u00a0NOGUERA \u00a0mostr\u00f3 \u00a0su \u00a0disgusto \u00a0le pidi\u00f3 a Auque que \u00a0ordenara \u00a0el \u00a0regreso \u00a0inmediato \u00a0del \u00a0detective \u00a0Sigifredo \u00a0Puentes44 \u00a0\u00a0<\/p>\n<p>Esta narraci\u00f3n coincide con lo expuesto por \u00a0el Secretario General Giancarlo Auque de Silvestre: \u00a0\u00a0<\/p>\n<p>\u201c\u00c9l \u00a0 \u00a0 \u00a0 \u00a0 \u2013NOGUERA- \u00a0se \u00a0molest\u00f3 \u00a0mucho \u00a0en ese \u00a0momento, \u00a0dijo \u00a0que \u00a0se separara de la investigaci\u00f3n que estaba haciendo, yo se \u00a0que \u00a0hubo \u00a0una orden a Santa Marta y le confieso que no se si yo la retransmit\u00ed \u00a0en \u00a0el \u00a0sentido de que Sigifredo Puentes se comunicara con el nivel central o se \u00a0regresara \u00a0al \u00a0nivel \u00a0central, \u00a0y \u00a0s\u00ed \u00a0lo \u00a0vi molesto con el asunto45\u201d \u00a0\u00a0<\/p>\n<p>Consecuente \u00a0con esta dicci\u00f3n, la Directora \u00a0del \u00a0DAS \u00a0en \u00a0el \u00a0Magdalena \u00a0Gloria Bornacelli refiri\u00f3 que recibi\u00f3 una llamada \u00a0\u201cdel \u00a0nivel central en el cual se me solicitaba que \u00a0ubicara \u00a0en \u00a0la \u00a0regional \u00a0de \u00a0inteligencia \u00a0militar \u00a0al \u00a0se\u00f1or \u00a0Sigifredo y le \u00a0informara \u00a0que \u00a0deb\u00eda trasladarse a la ciudad de Bogot\u00e1 y que en el aeropuerto \u00a0estaban \u00a0 \u00a0 \u00a0 situados \u00a0 \u00a0 \u00a0 los \u00a0 \u00a0 \u00a0 tiquetes46\u201d. \u00a0\u00a0<\/p>\n<p>Y \u00a0ciertamente \u00a0en momentos en que Sigifredo \u00a0Puentes \u00a0 se \u00a0 encontraba \u00a0 en \u00a0 las \u00a0 instalaciones \u00a0 del \u00a0 RIME \u00a0 \u2013Regional \u00a0de \u00a0Inteligencia \u00a0Militar- \u00a0de \u00a0Santa \u00a0Marta \u00a0apoyando \u00a0al \u00a0Fiscal 21 de la Unidad \u00a0Especializada \u00a0contra \u00a0el \u00a0Lavado de Activos y Acci\u00f3n de Extinci\u00f3n del Derecho \u00a0de \u00a0Dominio, \u00a0para \u00a0adelantar \u00a0algunas \u00a0diligencias \u00a0sobre el operativo de\u00a0 \u00a0incautaci\u00f3n \u00a0 y \u00a0ocupaci\u00f3n \u00a0de \u00a0dichos \u00a0bienes, \u00a0la \u00a0Directora \u00a0Seccional \u00a0del \u00a0Magdalena \u00a0Gloria Bornacelli le notific\u00f3 la resoluci\u00f3n 1390 de 12 de agosto de \u00a02003, \u00a0en \u00a0virtud \u00a0de \u00a0la \u00a0cual \u00a0el \u00a0Director \u00a0NOGUERA \u00a0COTES \u00a0 dispon\u00eda \u00a0 su \u00a0 traslado \u00a0 a \u00a0la \u00a0ciudad \u00a0de \u00a0Arauca47.\u00a0 \u00a0\u00a0<\/p>\n<p>Era \u00a0 tal \u00a0 la \u00a0 premura \u00a0de \u00a0NOGUERA \u00a0porque \u00a0el \u00a0detective Puentes no \u00a0continuara \u00a0 colabor\u00e1ndole \u00a0 a \u00a0la \u00a0fiscal\u00eda, \u00a0que \u00a0a \u00a0trav\u00e9s \u00a0de \u00a0la \u00a0citada \u00a0funcionaria le hizo saber que su decisi\u00f3n era perentoria. \u00a0\u00a0<\/p>\n<p>En \u00a0palabras \u00a0de \u00a0Sigifredo \u00a0Puentes, \u00a0dicho \u00a0traslado \u00a0\u201cdeb\u00eda \u00a0hacerse en forma inmediata, para \u00a0lo \u00a0cual, \u00a0la \u00a0Directora \u00a0me \u00a0entreg\u00f3 \u00a0la \u00a0resoluci\u00f3n \u00a0firmada \u00a0por el doctor NOGUERA, junto con unos nuevos \u00a0pasajes \u00a0a\u00e9reos \u00a0con destino a Bogot\u00e1. De all\u00ed deb\u00eda reclamar a la ciudad de \u00a0Arauca \u00a0 y \u00a0 reintegrarme \u00a0a \u00a0la \u00a0fila, \u00a0como \u00a0detective \u00a0en \u00a0la \u00a0poblaci\u00f3n \u00a0de \u00a0Saravena48\u201d\u00a0 \u00a0\u00a0<\/p>\n<p>De \u00a0lo \u00a0expuesto \u00a0puede \u00a0inferirse \u00a0que \u00a0la \u00a0decisi\u00f3n \u00a0de traslado de Sigifredo Puentes no obedeci\u00f3, como dijo NOGUERA\u00a0 \u00a0 y \u00a0 lo \u00a0 ratific\u00f3 \u00a0 su \u00a0Secretario \u00a0General \u00a0Giancarlo \u00a0Auque, \u00a0al conocimiento que tuvo \u00e9ste por parte \u00a0del \u00a0investigador \u00a0sobre \u00a0el \u00a0plan \u00a0operativo, \u00a0lo \u00a0cual \u00a0consider\u00f3 \u00a0un acto de \u00a0filtraci\u00f3n \u00a0que \u00a0pon\u00eda \u00a0en \u00a0peligro la misi\u00f3n, sino a su participaci\u00f3n en la \u00a0misma, \u00a0cuesti\u00f3n \u00a0que \u00a0no \u00a0le \u00a0interesaba \u00a0en la medida que atentaba contra sus \u00a0propios \u00a0intereses, \u00a0que \u00a0no \u00a0eran \u00a0otros que proteger las actividades del grupo \u00a0delincuencial. \u00a0\u00a0<\/p>\n<p>De \u00a0hecho, observa la Sala que para el 12 de \u00a0agosto de 2003, d\u00eda del traslado, el plan operativo no exist\u00eda: \u00a0\u00a0<\/p>\n<p>Seg\u00fan \u00a0lo \u00a0relat\u00f3 \u00a0Jes\u00fas \u00a0Rafael \u00a0P\u00e9rez \u00a0Acosta49, \u00a0la elaboraci\u00f3n de este documento se produjo como consecuencia de \u00a0la \u00a0orden \u00a0que \u00a0con \u00a0car\u00e1cter \u00a0de urgencia impartieron el Director \u2013NOGUERA- \u00a0y \u00a0el \u00a0 \u00a0 \u00a0Secretario \u00a0 \u00a0 General \u00a0 \u00a0 \u2013Auque- \u00a0para su presentaci\u00f3n50, \u00a0hecho que \u00a0sucedi\u00f3 \u00a0con \u00a0posterioridad \u00a0al traslado de Puentes, como puede colegirse de la \u00a0fecha \u00a0de \u00a0su \u00a0expedici\u00f3n, \u00a019 \u00a0de \u00a0agosto \u00a0de 200351, \u00a0esto es, d\u00edas despu\u00e9s de \u00a0la expedici\u00f3n de la resoluci\u00f3n de traslado. \u00a0\u00a0<\/p>\n<p>Obs\u00e9rvese \u00a0en \u00a0esta \u00a0exposici\u00f3n \u00a0que es el \u00a0Secretario \u00a0General \u00a0Giancarlo \u00a0Auque \u00a0quien solicit\u00f3 a Jes\u00fas Rafael P\u00e9rez la \u00a0entrega \u00a0de \u00a0ese documento, luego mal puede aceptarse que Sigifredo Puentes hizo \u00a0entrega \u00a0del \u00a0plan \u00a0operativo \u00a0al \u00a0Secretario \u00a0General \u00a0y \u00a0de \u00a0paso, \u00a0que fue la \u00a0revelaci\u00f3n de su contenido la causa del traslado. \u00a0\u00a0<\/p>\n<p>Adicional \u00a0a \u00a0lo anterior, se observa que la \u00a0decisi\u00f3n \u00a0de \u00a0inicio \u00a0formal \u00a0del tr\u00e1mite de extinci\u00f3n del derecho de dominio \u00a0fue \u00a0 adoptada \u00a0por \u00a0el \u00a0Fiscal \u00a021 \u00a0Especializado \u00a0solo \u00a0el \u00a020 \u00a0de \u00a0agosto \u00a0de \u00a0200352, \u00a0luego \u00a0es \u00a0indudable \u00a0que para el 12 de agosto del citado a\u00f1o se \u00a0desconoc\u00edan \u00a0cu\u00e1les \u00a0propiedades y\u00a0 establecimientos iban a ser objeto de \u00a0las medidas de embargo y secuestro. \u00a0\u00a0<\/p>\n<p>Este an\u00e1lisis permite calificar como falaces \u00a0las \u00a0explicaciones \u00a0rendidas \u00a0por \u00a0NOGUERA \u00a0y \u00a0el \u00a0Secretario \u00a0General \u00a0en \u00a0cuanto \u00a0a la causa del traslado de \u00a0Sigifredo \u00a0Puentes, \u00a0de \u00a0hecho, \u00a0puede \u00a0asegurarse \u00a0que \u00a0desde el punto de vista \u00a0laboral \u00a0no \u00a0exist\u00eda \u00a0motivo \u00a0alguno para que NOGUERA \u00a0relevara a Puentes de la comisi\u00f3n, pues \u00e9l junto con \u00a0los \u00a0detectives \u00a0S\u00e1nchez Cand\u00eda y Garz\u00f3n Garz\u00f3n, ven\u00eda realizando una tarea \u00a0eficaz \u00a0y \u00a0contundente \u00a0dentro \u00a0del proceso de acci\u00f3n de extinci\u00f3n, tal y como \u00a0puede \u00a0colegirse \u00a0de \u00a0los \u00a0informes\u00a0 \u00a0presentados \u00a0a \u00a0la Fiscal\u00eda 21 de la \u00a0Unidad \u00a0 \u00a0Especializada, \u00a0 \u00a0el \u00a0 \u00a08 \u00a0 \u00a0de \u00a0 \u00a0mayo53, \u00a017 \u00a0de \u00a0julio54 \u00a0y \u00a08 \u00a0de \u00a0agosto55 de 2003. \u00a0\u00a0<\/p>\n<p>En oposici\u00f3n, lo que s\u00ed se observa desde la \u00a0perspectiva \u00a0de \u00a0la pol\u00edtica institucional impulsada por el ex Director, es que \u00a0la \u00a0realizaci\u00f3n \u00a0de \u00a0este \u00a0operativo \u00a0afectaba \u00a0los \u00a0intereses de los grupos de \u00a0autodefensa, \u00a0como \u00a0lo \u00a0aseguraron \u00a0Rafael Garc\u00eda y los\u00a0 dem\u00e1s deponentes \u00a0cuando \u00a0 manifestaron \u00a0 que \u00a0 NOGUERA \u00a0 no \u00a0mostraba \u00a0disposici\u00f3n \u00a0alguna por atacar estos grupos al margen \u00a0de la ley. \u00a0\u00a0<\/p>\n<p>En \u00a0este \u00a0punto \u00a0debe tenerse presente que el \u00a0Director \u00a0de \u00a0la \u00a0Polic\u00eda \u00a0Nacional \u00a0en \u00a0el \u00a0Magdalena, Coronel Heriberto Pardo \u00a0Ariza, \u00a0fue claro en manifestar que mientras la instituci\u00f3n trabaj\u00f3 con el DAS \u00a0para \u00a0contrarrestar \u00a0a \u00a0las \u00a0FARC, \u00a0para \u00a0el tema de las autodefensas ten\u00edan un \u00a0grupo \u00a0especial \u00a0en \u00a0el \u00a0cual \u00a0esta \u00a0entidad \u00a0no \u00a0se \u00a0encontraba, \u00a0en \u00a0raz\u00f3n al \u00a0\u201ccelo \u00a0o \u00a0desconfianza\u201d \u00a0que \u00a0ten\u00edan \u00a0frente \u00a0a ella por sus \u201ctalvez algunas \u00a0relaciones con grupos paramilitares al margen de la ley\u201d. \u00a0\u00a0<\/p>\n<p>Este \u00a0relato \u00a0se \u00a0muestra \u00a0acorde \u00a0con \u00a0las \u00a0manifestaciones \u00a0de \u00a0Salvatore Mancuso cuando asegura que entre los a\u00f1os 2002 y \u00a02005 \u00a0el \u00a0control de las autodefensas sobre Santa Marta era casi absoluto, y con \u00a0la \u00a0entrevista \u00a0rendida \u00a0por Polaski de Jes\u00fas Polo, miembro de las autodefensas \u00a0de \u00a0Hern\u00e1n Giraldo, quien afirm\u00f3 \u201call\u00e1 no se sabe \u00a0quien \u00a0es \u00a0quien, \u00a0porque \u00a0lo \u00a0que \u00a0es la parte de la Sijin trabaja con las AUC, \u00a0lo \u00a0 que \u00a0es \u00a0la \u00a0parte \u00a0del \u00a0DAS \u00a0trabaja \u00a0con \u00a0las \u00a0AUC\u201d56, \u00a0mismas apreciaciones que coincidencialmente fueron percibidas por \u00a0el \u00a0investigador del DAS Juan Carlos S\u00e1nchez Cand\u00eda, durante el adelantamiento \u00a0de \u00a0las \u00a0labores \u00a0de \u00a0indagaci\u00f3n \u00a0de \u00a0la operaci\u00f3n Rodadero o Cicl\u00f3n en Santa \u00a0Marta. \u00a0\u00a0<\/p>\n<p>Era \u00a0tal \u00a0el \u00a0desconocimiento de \u00a0NOGUERA \u00a0sobre la acci\u00f3n de extinci\u00f3n \u00a0de \u00a0dominio que dispuso registrar y extraer del computador de los investigadores \u00a0Juan \u00a0Carlos S\u00e1nchez Candia y Juan Carlos Garz\u00f3n toda la informaci\u00f3n atinente \u00a0a \u00a0las \u00a0indagaciones \u00a0que ven\u00edan adelantando en asocio con la Fiscal\u00eda General \u00a0de la Naci\u00f3n, en momentos en que se hallaban en Santa Marta. \u00a0\u00a0<\/p>\n<p>Esto \u00a0dijo el detective Juan Carlos Garz\u00f3n: \u00a0\u201cvimos \u00a0que \u00a0el computador que utilizamos junto con \u00a0mi \u00a0compa\u00f1ero, \u00a0yo \u00a0como \u00a0poco entiendo de sistemas, estaba como reseteado y la \u00a0informaci\u00f3n \u00a0no \u00a0la \u00a0hab\u00edan borrado, un compa\u00f1ero que no se si todav\u00eda est\u00e1 \u00a0en \u00a0la \u00a0instituci\u00f3n \u00a0dijo \u00a0que hab\u00edan tratado de mirarla y como que no hab\u00edan \u00a0podido \u00a0 \u00a0obtener \u00a0 informaci\u00f3n \u00a0 de \u00a0 la \u00a0 misma57\u201d \u00a0\u00a0<\/p>\n<p>Lo \u00a0siguiente \u00a0Juan Carlos S\u00e1nchez Cand\u00eda: \u00a0\u201cnosotros \u00a0cuando \u00a0llegamos \u00a0de \u00a0Santa \u00a0Marta, \u00a0un \u00a0compa\u00f1ero \u00a0que \u00a0se \u00a0llama David V\u00e1squez \u2026.. nos dijo que los de inform\u00e1tica \u00a0hab\u00edan \u00a0tratado de acceder los archivos y que se hab\u00edan llevado el computador, \u00a0en \u00a0esa \u00e9poca el jefe de sistemas era el se\u00f1or Garc\u00eda, Rafael Garc\u00eda, cuando \u00a0trajeron \u00a0el \u00a0computador \u00a0estaba \u00a0totalmente \u00a0reseteado, no hab\u00eda nada, todo lo \u00a0borraron58\u201d \u00a0\u00a0<\/p>\n<p>En \u00a0relaci\u00f3n con estas aseveraciones, llama \u00a0la \u00a0atenci\u00f3n \u00a0c\u00f3mo \u00a0Rafael \u00a0Garc\u00eda \u00a0da \u00a0cuenta \u00a0de \u00a0la orden impartida por el \u00a0Director \u00a0 \u00a0al \u00a0 \u00a0Secretario \u00a0 \u00a0General, \u00a0 en \u00a0 el \u00a0 sentido \u00a0 de \u00a0 \u201cbuscar \u00a0en \u00a0los \u00a0computadores \u00a0del \u00a0\u00e1rea \u00a0especializada toda la \u00a0informaci\u00f3n \u00a0respecto \u00a0de \u00a0los \u00a0operativos \u00a0que \u00a0se \u00a0llevar\u00edan a cabo en Santa \u00a0Marta\u201d, \u00a0 agregando \u00a0 que, \u00a0delante \u00a0de \u00a0\u00e9l \u00a0Auque \u00a0transmiti\u00f3 \u00a0esa \u00a0disposici\u00f3n a Guillermo de la Hoz59. \u00a0\u00a0<\/p>\n<p>En \u00a0este \u00a0punto, \u00a0es importante se\u00f1alar que \u00a0Jes\u00fas \u00a0P\u00e9rez \u00a0Acosta, \u00a0funcionario \u00a0que reemplaz\u00f3 a Guillermo de la Hoz en el \u00a0cargo \u00a0por encontrarse en comisi\u00f3n de servicios, hizo alusi\u00f3n a esta tem\u00e1tica \u00a0pero, \u00a0impregn\u00e1ndole \u00a0visos \u00a0de \u00a0legalidad, \u00a0de \u00a0manera \u00a0confusa \u00a0este \u00a0testigo \u00a0entrelaz\u00f3 \u00a0la \u00a0elaboraci\u00f3n del plan operativo con la impresi\u00f3n de un informe, \u00a0para \u00a0 \u00a0aducir \u00a0 \u00a0que \u00a0 \u00a0ingresaron \u00a0 \u00a0al \u00a0 \u00a0computador \u00a0 y \u00a0 que \u00a0 \u201cinclusive \u00a0 la \u00a0 secretaria \u00a0y \u00a0otros \u00a0compa\u00f1eros \u00a0me \u00a0ayudaron \u00a0\u2026.\u00a0 \u00a0a \u00a0imprimir \u00a0ese \u00a0informe\u201d\u00a0 el cual \u00a0entreg\u00f3 \u00a0 a \u00a0 Giancarlo \u00a0Auque, \u00a0quien \u00a0le \u00a0pregunt\u00f3 \u00a0por \u00a0el \u00a0nombre \u00a0de \u00a0los \u00a0investigadores \u00a0 \u00a0 que \u00a0 \u00a0se \u00a0 \u00a0encontraban \u00a0 \u00a0participando \u00a0 \u00a0y \u00a0 \u00a0\u201cpor \u00a0el \u00a0procedimiento, \u00a0de \u00a0donde \u00a0naci\u00f3, \u00a0de donde surgi\u00f3 la \u00a0investigaci\u00f3n\u201d y si era del DAS. \u00a0\u00a0<\/p>\n<p>M\u00edrese, \u00a0entonces, c\u00f3mo en estas versiones \u00a0los \u00a0testigos \u00a0hacen \u00a0referencia \u00a0a \u00a0un \u00a0episodio \u00a0que efectivamente comprendi\u00f3 \u00a0registrar \u00a0el \u00a0computador \u00a0de \u00a0los investigadores, hecho \u00e9ste que consolida las \u00a0aseveraciones \u00a0efectuadas \u00a0con \u00a0anterioridad, \u00a0concernientes \u00a0a que NOGUERA \u00a0no ten\u00eda conocimiento alguno del \u00a0operativo \u00a0y \u00a0que \u00a0una \u00a0vez \u00a0supo \u00a0del \u00a0mismo \u00a0realiz\u00f3 una serie de actuaciones \u00a0dirigidas \u00a0a \u00a0obtener \u00a0de \u00a0manera \u00a0r\u00e1pida \u00a0los \u00a0resultados \u00a0de las indagaciones \u00a0adelantadas por los detectives del caso. \u00a0\u00a0<\/p>\n<p>Todo lo anterior hace cre\u00edble entonces\u00a0 \u00a0la \u00a0versi\u00f3n \u00a0de \u00a0Garc\u00eda, \u00a0seg\u00fan \u00a0la \u00a0cual, el prop\u00f3sito de esa actividad era \u00a0obtener \u00a0y\u00a0 \u00a0entregar \u00a0a \u00a0Jos\u00e9 \u00a0Gelves Albarrac\u00edn ide\u00f3logo pol\u00edtico del \u00a0Frente \u00a0Resistencia \u00a0Tayrona, \u00a0los \u00a0datos de los bienes que iban a ser objeto de \u00a0medidas \u00a0cautelares \u00a0por parte de la fiscal\u00eda, pues ninguna otra justificaci\u00f3n \u00a0tiene \u00a0la \u00a0premura con que actu\u00f3 NOGUERA para la obtenci\u00f3n de la misma. \u00a0\u00a0<\/p>\n<p>Corroborando \u00a0el significado y alcance de las \u00a0afirmaciones \u00a0precedentes, \u00a0los \u00a0detectives \u00a0Juan \u00a0Carlos Garz\u00f3n Garz\u00f3n y Juan \u00a0Carlos \u00a0S\u00e1nchez refirieron al un\u00edsono que su participaci\u00f3n en las diligencias \u00a0de \u00a0registros y allanamientos llevadas a cabo los d\u00edas 21, 22 y 23 de agosto en \u00a0Santa \u00a0Marta, \u00a0se \u00a0realiz\u00f3 \u00a0bajo \u00a0la \u00a0condici\u00f3n \u00a0de \u00a0no portar el uniforme, ni \u00a0insignias, \u00a0 como \u00a0 tambi\u00e9n \u00a0 de \u00a0 no \u00a0 identificarse \u00a0 como \u00a0funcionarios \u00a0del \u00a0DAS. \u00a0\u00a0<\/p>\n<p>En \u00a0palabras de Juan Carlos S\u00e1nchez Cand\u00eda: \u00a0\u201cninguno \u00a0fue uniformado \u2026 donde ellos entraban a \u00a0hacer \u00a0diligencias \u00a0ten\u00edan \u00a0que decir que eran de la fiscal\u00eda o del Ej\u00e9rcito, \u00a0fue \u00a0as\u00ed que se desarroll\u00f3 toda la operaci\u00f3n all\u00e1 en Santa Marta60\u201d.\u00a0\u00a0 \u00a0\u00a0<\/p>\n<p>Y en t\u00e9rminos de Juan Carlos Garz\u00f3n Garz\u00f3n: \u00a0\u201cno \u00a0pod\u00edamos utilizar distintivos del DAS para el \u00a0procedimiento \u00a0como \u00a0tal, \u00a0era \u00a0una directriz que hab\u00eda que cumplir61\u201d. \u00a0\u00a0<\/p>\n<p>Por \u00a0descontado \u00a0se da que la orden fue dada \u00a0por \u00a0el Representante Legal de la entidad, pues despu\u00e9s del relevo del Jefe del \u00a0\u00c1rea \u00a0de \u00a0Investigaciones Financieras, quien qued\u00f3 respondiendo por la misi\u00f3n \u00a0fue \u00a0 JORGE \u00a0 AURELIO \u00a0NOGUERA \u00a0COTES, \u00a0de \u00a0all\u00ed \u00a0que, \u00a0igual \u00a0como \u00a0sucedi\u00f3 \u00a0en \u00a0el \u00a0caso del traslado de \u00a0Sigifredo \u00a0Puentes, \u00a0la \u00a0Directora \u00a0del \u00a0DAS en el Magdalena, Gloria Bornacelly, \u00a0hubiera \u00a0 actuado \u00a0 siguiendo \u00a0 instrucciones \u00a0 del \u00a0 nivel \u00a0central. \u00a0\u00a0<\/p>\n<p>Y \u00a0 \u00a0la \u00a0 \u00a0raz\u00f3n \u00a0 de \u00a0 ser \u00a0 de \u00a0 esta \u00a0directriz \u00a0no \u00a0fue otra que \u00a0demostrar \u00a0a \u00a0los \u00a0l\u00edderes \u00a0de \u00a0la \u00a0organizaci\u00f3n \u00a0que la entidad bajo su mando \u00a0estaba \u00a0al \u00a0margen \u00a0de \u00a0las \u00a0operaciones \u00a0destinadas \u00a0a \u00a0desarticular su sistema \u00a0financiero, \u00a0hecho \u00a0este \u00a0que se muestra consecuente con su decisi\u00f3n de ocultar \u00a0la \u00a0participaci\u00f3n \u00a0del \u00a0DAS \u00a0en \u00a0esas \u00a0labores, las cuales se noticiaron por el \u00a0Ej\u00e9rcito, \u00a0no \u00a0obstante \u00a0que \u00a0fue \u00a0la \u00a0polic\u00eda \u00a0judicial \u00a0de \u00a0la entidad quien \u00a0adelant\u00f3 \u00a0las \u00a0pesquisas para obtener la informaci\u00f3n que hizo posible llevar a \u00a0cabo la acci\u00f3n de extinci\u00f3n. \u00a0\u00a0<\/p>\n<p>Por \u00a0\u00faltimo \u00a0es \u00a0importante acotar que la \u00a0determinaci\u00f3n \u00a0de \u00a0traslado \u00a0de \u00a0Sigifredo \u00a0Puentes \u00a0a \u00a0la \u00a0Seccional de Arauca \u00a0afect\u00f3 \u00a0 el \u00a0desarrollo \u00a0del \u00a0proceso \u00a0de \u00a0extinci\u00f3n, \u00a0pues \u00a0interrumpi\u00f3 \u00a0las \u00a0diligencias \u00a0 que \u00a0 en \u00a0ese \u00a0momento \u00a0adelantaba \u00a0el \u00a0Fiscal \u00a021 \u00a0de \u00a0la \u00a0Unidad \u00a0Especializada.\u00a0 \u00a0\u00a0<\/p>\n<p>As\u00ed \u00a0 se \u00a0 lee \u00a0 en \u00a0el \u00a0acta \u00a0de \u00a0visita \u00a0especializada \u00a0realizada \u00a0al proceso 1669 por parte de la Direcci\u00f3n Nacional de \u00a0Investigaciones \u00a0Especiales \u00a0de la Procuradur\u00eda General de la Naci\u00f3n, el 24 de \u00a0octubre \u00a0de \u00a02005, diligencia atendida por el doctor Alfonso Trilleras Matoma en \u00a0su \u00a0 calidad \u00a0 de \u00a0 Fiscal \u00a0 21: \u00a0 \u201c\u2026este \u00a0inconveniente \u00a0sucedi\u00f3 \u00a0sin haber terminado nuestra labor de \u00a0investigaci\u00f3n, \u00a0previo \u00a0al \u00a0operativo, \u00a0haciendo que se recurriera al apoyo del \u00a0ejercito \u00a0 nacional \u00a0 para \u00a0 terminar \u00a0 las \u00a0 labores \u00a0investigativas, toda vez que quedamos sin el apoyo de \u00a0polic\u00eda \u00a0 \u00a0 \u00a0 \u00a0 \u00a0 \u00a0 \u00a0 \u00a0 \u00a0 judicial62\u201d-resaltado \u00a0 fuera \u00a0 de \u00a0texto- \u00a0\u00a0<\/p>\n<p>Acerca \u00a0 de \u00a0 la \u00a0incidencia \u00a0que \u00a0tuvo \u00a0la \u00a0desvinculaci\u00f3n \u00a0de \u00a0Sigifredo \u00a0Puentes, \u00a0el \u00a0investigador \u00a0Juan Carlos S\u00e1nchez \u00a0Cand\u00eda \u00a0 \u00a0tambi\u00e9n \u00a0 \u00a0se\u00f1al\u00f3: \u00a0 \u00a0\u201ca \u00a0ra\u00edz de los hechos suscitados por la desvinculaci\u00f3n del doctor \u00a0Sigifredo \u00a0Puentes, \u00a0el \u00a0fiscal \u00a0opt\u00f3 \u00a0por \u00a0realizar unas ciertas rupturas y en \u00a0\u00e9sta \u00a0inicialmente \u00a0se \u00a0dio \u00a0sobre unas personas donde ten\u00edamos mucho material \u00a0probatorio63\u201d \u00a0\u00a0<\/p>\n<p>En \u00a0efecto, \u00a0de \u00a0las \u00a0102 \u00a0propiedades, \u00a023 \u00a0establecimientos \u00a0de \u00a0comercio, \u00a032 \u00a0veh\u00edculos \u00a0y \u00a0un \u00a0n\u00famero \u00a0considerable de \u00a0cuentas \u00a0que \u00a0daban \u00a0noticia \u00a0los \u00a0informes, \u00a0el \u00a0Fiscal \u00a0s\u00f3lo \u00a0orden\u00f3 iniciar \u00a0tr\u00e1mite \u00a0 de \u00a0 extinci\u00f3n \u00a0del \u00a0derecho \u00a0de \u00a0dominio \u00a0contra \u00a055 \u00a0bienes \u00a0y \u00a011 \u00a0establecimientos \u00a0de \u00a0comercio; \u00a0respecto \u00a0de los dem\u00e1s, dispuso expedir copias \u00a0para \u00a0investigar \u00a0por \u00a0separado \u00a0otros \u00a0\u201cbienes \u00a0de \u00a0personas \u00a0susceptibles \u00a0de \u00a0investigaci\u00f3n \u00a0mediante \u00a0acci\u00f3n \u00a0de extinci\u00f3n del \u00a0derecho \u00a0 \u00a0 \u00a0 \u00a0 \u00a0 \u00a0 de \u00a0 \u00a0 \u00a0 \u00a0 \u00a0 \u00a0dominio64\u201d \u00a0 \u00a0 \u00a0 como \u00a0lo \u00a0revela \u00a0la resoluci\u00f3n de 20 de agosto de 200365. \u00a0\u00a0<\/p>\n<p>\u00a0 \u00a0<\/p>\n<p>Ahora, \u00a0la \u00a0realizaci\u00f3n \u00a0del \u00a0operativo por \u00a0parte \u00a0de la Fiscal\u00eda 21 Especializada los d\u00edas 21, 22 y 23 de agosto de 2003, \u00a0en \u00a0 momento \u00a0alguno \u00a0constituye \u00a0prueba \u00a0del \u00a0\u00e9xito \u00a0de \u00a0la \u00a0acci\u00f3n \u00a0de\u00a0 \u00a0extinci\u00f3n \u00a0del \u00a0derecho \u00a0de \u00a0dominio \u00a0como \u00a0lo \u00a0aduce el incriminado. En primer \u00a0lugar, \u00a0porque \u00a0hubo \u00a0necesidad de dividir la actuaci\u00f3n, y en segundo t\u00e9rmino, \u00a0porque \u00a0no todos los bienes ordenados embargar y secuestrar en la resoluci\u00f3n de \u00a020 de agosto de 2003 se ocuparon. \u00a0\u00a0<\/p>\n<p>Baste \u00a0confrontar el informe de cumplimiento \u00a0de \u00a0la \u00a0misi\u00f3n \u00a0de trabajo No. 343 del Departamento Administrativo de Seguridad \u00a0\u2013DAS- \u00a0rendido \u00a0el \u00a025 de \u00a0agosto \u00a0de 2003 y el oficio de agosto 27 de 2003, para advertir c\u00f3mo uno y otro \u00a0dan \u00a0 \u00a0cuenta \u00a0 \u00a0de \u00a0 \u00a0la \u00a0 \u00a0no \u00a0 realizaci\u00f3n \u00a0 de \u00a0 todas \u00a0 las \u00a0 labores \u00a0 de \u00a0ocupaci\u00f3n. \u00a0\u00a0<\/p>\n<p>En \u00a0este sentido, el informe suscrito por el \u00a0profesional \u00a0operativo \u00a0Luis \u00a0Edgar \u00a0Mej\u00eda y el T\u00e9cnico Criminal\u00edstico Victor \u00a0Sanabria, \u00a0 \u00a0 \u00a0 deja \u00a0 \u00a0 \u00a0 la \u00a0 \u00a0 \u00a0 siguiente \u00a0 \u00a0 \u00a0constancia: \u00a0 \u00a0 \u00a0\u201cApreciaci\u00f3n: \u00a0De \u00a0la \u00a0presente \u00a0investigaci\u00f3n \u00a0se \u00a0realiz\u00f3 la \u00a0primera \u00a0fase, quedando pendiente una segunda en el \u00e1rea rural del Departamento \u00a0del \u00a0Magdalena \u00a0que ya se est\u00e1 elaborando el plan de ejecuci\u00f3n para elaborarla \u00a0en \u00a0 \u00a0 \u00a0 \u00a0 \u00a0 \u00a0 \u00a0corto \u00a0 \u00a0 \u00a0 \u00a0 \u00a0 \u00a0 \u00a0plazo66\u201d. \u00a0\u00a0<\/p>\n<p>Y \u00a0el \u00a0oficio, \u00a0suscrito \u00a0por \u00a0una \u00a0Fiscal \u00a0Especializada \u00a0de \u00a0la \u00a0Unidad \u00a0de \u00a0Extinci\u00f3n del Derecho de Dominio y Contra el \u00a0Lavado \u00a0de \u00a0activos, \u00a0quien colabor\u00f3 en las diligencias de ocupaci\u00f3n, inform\u00f3 \u00a0que \u00a0fue \u00a0imposible adelantar 10 diligencias de secuestro de bienes \u201cpor \u00a0cuanto \u00a0se \u00a0determin\u00f3 \u00a0que \u00e9stos no se hab\u00edan verificado \u00a0previamente \u00a0 por \u00a0 parte \u00a0 de \u00a0 los \u00a0 organismos \u00a0 que \u00a0 colaboraban \u00a0 en \u00a0 las \u00a0diligencias67\u201d,\u00a0 \u00a0el \u00a0cual en este caso probado \u00a0est\u00e1, era el DAS. \u00a0\u00a0<\/p>\n<p>Dest\u00e1quese \u00a0 adem\u00e1s, \u00a0que \u00a0culminado \u00a0el \u00a0operativo \u00a0el \u00a023 \u00a0de \u00a0agosto \u00a0de 2003, el DAS no volvi\u00f3 a tener participaci\u00f3n \u00a0alguna \u00a0en \u00a0el \u00a0proceso \u00a0de \u00a0acci\u00f3n \u00a0de \u00a0extinci\u00f3n \u00a0del derecho de dominio que \u00a0adelantaba \u00a0la \u00a0Fiscal\u00eda \u00a021 \u00a0Especializada \u00a0en \u00a0contra \u00a0de \u00a0los \u00a0bienes \u00a0de la \u00a0organizaci\u00f3n \u00a0de Hern\u00e1n Giraldo Serna, los investigadores Juan Carlos S\u00e1nchez \u00a0y \u00a0Juan \u00a0Carlos \u00a0Garz\u00f3n fueron retirados de la misi\u00f3n y la fiscal\u00eda continu\u00f3 \u00a0su \u00a0tarea \u00a0con \u00a0el \u00a0Cuerpo T\u00e9cnico de Investigaci\u00f3n, no obstante la anotaci\u00f3n \u00a0dejada \u00a0 en \u00a0 el \u00a0 informe\u00a0 \u00a0 de \u00a0 cumplimiento \u00a0 de \u00a0 la \u00a0 misi\u00f3n \u00a0atr\u00e1s \u00a0citado68. \u00a0\u00a0<\/p>\n<p>En \u00a0este \u00a0punto, \u00a0llama \u00a0la \u00a0atenci\u00f3n \u00a0la \u00a0designaci\u00f3n \u00a0 por \u00a0 parte \u00a0de \u00a0NOGUERA \u00a0de \u00a0Guillermo \u00a0de \u00a0la Hoz Carbon\u00f3 como Jefe del \u00c1rea Especializada \u00a0de Investigaciones Financieras, en reemplazo de Sigifredo Puentes. \u00a0\u00a0<\/p>\n<p>De la declaraci\u00f3n rendida ante esta Sala por \u00a0Guillermo \u00a0 \u00a0 \u00a0de \u00a0 \u00a0 \u00a0la \u00a0 \u00a0 \u00a0Hoz \u00a0 \u00a0 \u00a0Carbon\u00f369, \u00a0en \u00a0sesi\u00f3n \u00a0de \u00a0audiencia \u00a0p\u00fablica \u00a0llevada \u00a0a \u00a0cabo el 12 de abril de 2010, produce desconcierto su\u00a0 \u00a0desconocimiento \u00a0conceptual \u00a0respecto \u00a0de \u00a0las actividades que manejaba el \u00c1rea \u00a0Especializada \u00a0 de \u00a0 Investigaciones \u00a0 Financieras.\u00a0 \u00a0 Frente \u00a0a \u00a0preguntas \u00a0elementales \u00a0no supo dar raz\u00f3n de qui\u00e9n era su jefe inmediato, si hubo o no un \u00a0acto \u00a0administrativo para encargarlo, cu\u00e1ndo ocurri\u00f3 ello; si se levant\u00f3 acta \u00a0de \u00a0 entrega \u00a0de \u00a0la \u00a0dependencia, \u00a0y \u00a0menos, \u00a0a \u00a0qu\u00e9 \u00a0grupo \u00a0pertenec\u00edan \u00a0los \u00a0investigadores Juan Carlos S\u00e1nchez y Juan Carlos Garz\u00f3n. \u00a0\u00a0<\/p>\n<p>De \u00a0manera espont\u00e1nea este testigo confes\u00f3 \u00a0que \u00a0cuando ingres\u00f3 a la instituci\u00f3n en noviembre de 2002 por intermedio de su \u00a0coterr\u00e1neo \u00a0amigo \u00a0Geancarlo \u00a0Auque \u00a0de \u00a0Silvestre, \u00a0no entend\u00eda la diferencia \u00a0entre \u00a0un \u00a0proceso de extinci\u00f3n de dominio y uno de lavado de activos. Es m\u00e1s, \u00a0ante \u00a0 la \u00a0 pregunta \u00a0 \u201cQu\u00e9 \u00a0 era \u00a0la \u00a0operaci\u00f3n \u00a0cicl\u00f3n\u201d, \u00a0sorprendentemente contest\u00f3 que no sab\u00eda \u00a0\u201csi \u00a0era un procedimiento de lavado de activos o de \u00a0extinci\u00f3n de dominio\u201d.\u00a0 \u00a0\u00a0<\/p>\n<p>En cuanto a esta designaci\u00f3n, no puede pasar \u00a0desapercibido \u00a0lo \u00a0contrastante que resultan los perfiles de Guillermo de la Hoz \u00a0Carbon\u00f3 \u00a0y \u00a0Sigifredo \u00a0Puentes, \u00a0mientras \u00a0este \u00a0\u00faltimo \u00a0llevaba \u00a018 \u00a0a\u00f1os de \u00a0servicio \u00a0en \u00a0la \u00a0entidad \u00a0con \u00a0experiencia \u00a0en las \u00e1reas de lavado de activos, \u00a0extinci\u00f3n \u00a0de \u00a0dominio, \u00a0narcotr\u00e1fico \u00a0y \u00a0conoc\u00eda \u00a0todos los pormenores de la \u00a0operaci\u00f3n \u00a0Rodadero \u00a0en \u00a0tanto \u00a0era el coordinador del grupo designado para ese \u00a0fin, \u00a0el \u00a0primero \u00a0apenas \u00a0hac\u00eda \u00a09 meses hab\u00eda ingresado a la instituci\u00f3n, y \u00a0aunque \u00a0para \u00a0entonces se hab\u00eda desempe\u00f1ado como coordinador de un subgrupo de \u00a0la \u00a0unidad \u00a0de \u00a0lavado \u00a0de activos en la Fiscal\u00eda, sus respuestas dejan ver que \u00a0este \u00a0tema \u00a0no \u00a0era \u00a0su \u00a0fuerte, \u00a0lo cual permite concluir que no era la persona \u00a0id\u00f3nea para ocupar ese cargo. \u00a0\u00a0<\/p>\n<p>Agr\u00e9guese \u00a0que \u00a0una vez Guillermo de la Hoz \u00a0Carbon\u00f3 \u00a0 asumi\u00f3 \u00a0la \u00a0jefatura \u00a0del \u00a0\u00c1rea \u00a0Especializada \u00a0de \u00a0Investigaciones \u00a0Financieras \u00a0viaj\u00f3 \u00a0en \u00a0comisi\u00f3n \u00a0de servicios al exterior, motivo aducido por \u00a0\u00e9ste para negar su participaci\u00f3n en la operaci\u00f3n Rodadero. \u00a0\u00a0<\/p>\n<p>Adicional \u00a0a lo anterior, se tiene que, quien \u00a0reemplaz\u00f3 \u00a0a\u00a0 \u00a0De \u00a0la \u00a0Hoz \u00a0Carbon\u00f3 \u00a0fue \u00a0Jes\u00fas \u00a0Rafael \u00a0P\u00e9rez \u00a0Acosta, \u00a0funcionario \u00a0que, \u00a0seg\u00fan \u00a0se \u00a0desprende \u00a0de \u00a0lo \u00a0manifestado \u00a0por \u00a0\u00e9l \u00a0ante la \u00a0Fiscal\u00eda, \u00a0igualmente \u00a0estuvo al margen de la operaci\u00f3n Rodadero, limitando su \u00a0actuar \u00a0a firmar el plan operativo con la salvedad de que lo hac\u00eda \u201cpor \u00a0 \u00a0ausencia \u00a0 del \u00a0 titular\u201d70, \u00a0 es \u00a0decir, \u00a0sin \u00a0ning\u00fan \u00a0compromiso institucional. \u00a0\u00a0<\/p>\n<p>Entonces, si a la declaraci\u00f3n de Guillermo de \u00a0la \u00a0Hoz \u00a0Carbon\u00f3 \u00a0se \u00a0agregan \u00a0las atestaciones de P\u00e9rez Acosta, la inferencia \u00a0acerca \u00a0de que el operativo qued\u00f3 abandonado ante la ausencia de un funcionario \u00a0que \u00a0apoyara \u00a0las labores de polic\u00eda judicial que requer\u00eda el fiscal, se torna \u00a0incuestionable. \u00a0\u00a0<\/p>\n<p>Aqu\u00ed es importante clarificar que si bien es \u00a0el \u00a0Fiscal \u00a0el \u00a0director \u00a0de la\u00a0 investigaci\u00f3n, sus actividades se cumplen \u00a0con \u00a0la colaboraci\u00f3n de los funcionarios de polic\u00eda judicial quienes adelantan \u00a0las \u00a0labores de campo, luego las decisiones de NOGUERA \u00a0en \u00a0momentos \u00a0previos, \u00a0concomitantes y posteriores al \u00a0operativo, \u00a0como \u00a0viene \u00a0de \u00a0verse, \u00a0obstruyeron \u00a0la \u00a0acci\u00f3n \u00a0de la justicia en \u00a0beneficio de la organizaci\u00f3n delincuencial de Giraldo Serna. \u00a0\u00a0<\/p>\n<p>Todo \u00a0lo \u00a0anterior \u00a0prueba \u00a0por \u00a0encima \u00a0de \u00a0cualquier \u00a0discusi\u00f3n, \u00a0la \u00a0veracidad \u00a0de \u00a0los \u00a0hechos \u00a0relatados \u00a0por \u00a0Garc\u00eda; \u00a0obs\u00e9rvese \u00a0que \u00a0no se trata, como lo analiz\u00f3 el Ministerio P\u00fablico, de hechos \u00a0o \u00a0episodios \u00a0aislados \u00a0a \u00a0partir \u00a0de los cuales se pretenda ensamblar de manera \u00a0caprichosa \u00a0una \u00a0encrucijada \u00a0probatoria en contra del procesado, ni mucho menos \u00a0de \u00a0que \u00a0el \u00a0\u00fanico \u00a0sustento de la sindicaci\u00f3n en su contra lo constituyan los \u00a0se\u00f1alamientos \u00a0 de \u00a0 Rafael \u00a0Garc\u00eda. \u00a0Como \u00a0acab\u00f3 \u00a0de \u00a0verse, \u00a0existe \u00a0prueba \u00a0documental \u00a0y \u00a0testimonial \u00a0que consolida las atestaciones del testigo principal \u00a0de cargo. \u00a0\u00a0<\/p>\n<p>Ahora, \u00a0 es \u00a0 cierto \u00a0que \u00a0Hern\u00e1n \u00a0Giraldo \u00a0Serna71, \u00a0 \u00a0 Nodier \u00a0 \u00a0 Giraldo \u00a0 \u00a0 Giraldo72 \u00a0y \u00a0Jos\u00e9 del Carmen Gelv\u00e9s \u00a0Albarraci\u00f3n73, \u00a0-l\u00edderes de la organizaci\u00f3n criminal \u00a0contra \u00a0 la \u00a0 cual \u00a0 iba \u00a0dirigida \u00a0la \u00a0acci\u00f3n \u00a0de \u00a0extinci\u00f3n \u00a0de \u00a0derecho \u00a0de \u00a0dominio- \u00a0negaron \u00a0haber \u00a0obtenido \u00a0informaci\u00f3n \u00a0del \u00a0proceso, \u00a0como \u00a0lo resalta el acusado para restarle credibilidad a las denuncias \u00a0del \u00a0Jefe \u00a0de \u00a0Inform\u00e1tica; \u00a0sin embargo, s\u00ed aceptaron haber recibido ayuda de \u00a0Rafael \u00a0 Garc\u00eda \u00a0 para \u00a0 borrar \u00a0 sus \u00a0 antecedentes \u00a0 del \u00a0 sistema \u00a0del \u00a0DAS, \u00a0manifestaciones \u00a0\u00e9stas \u00a0que \u00a0contrastan \u00a0si se tiene en cuenta c\u00f3mo una y otra \u00a0actividad \u00a0se identificaban en su finalidad, esto es, en evadir la acci\u00f3n de la \u00a0justicia. \u00a0\u00a0<\/p>\n<p>La \u00a0raz\u00f3n de ser, entonces, de sus negativas \u00a0respecto \u00a0a \u00a0la \u00a0obtenci\u00f3n \u00a0de esa informaci\u00f3n, no es otra que sustraer a toda \u00a0costa \u00a0 de \u00a0cualquier \u00a0compromiso \u00a0penal \u00a0al \u00a0procesado, \u00a0pues \u00a0existen \u00a0pruebas \u00a0diferentes \u00a0al \u00a0testimonio de Rafael Garc\u00eda que hablan de la injerencia directa \u00a0de \u00a0JORGE AURELIO NOGUERA en \u00a0cada \u00a0una \u00a0de \u00a0las \u00a0situaciones \u00a0an\u00f3malas \u00a0presentadas, de all\u00ed que admitir la \u00a0ayuda \u00a0de \u00a0Rafael \u00a0Garc\u00eda \u00a0en \u00a0torno \u00a0a \u00a0la \u00a0obtenci\u00f3n de datos relativos a la \u00a0operaci\u00f3n, involucre de manera fehaciente al Director. \u00a0\u00a0<\/p>\n<p>A\u00f1\u00e1dese, que es directamente a JORGE \u00a0AURELIO \u00a0NOGUERA \u00a0COTES a quien le \u00a0deben \u00a0y \u00a0agradecen \u00a0que \u00a0la \u00a0acci\u00f3n \u00a0de \u00a0extinci\u00f3n \u00a0del \u00a0derecho \u00a0de \u00a0dominio \u00a0adelantada \u00a0por \u00a0la \u00a0Fiscal\u00eda \u00a0en \u00a0coordinaci\u00f3n \u00a0con el \u00c1rea Especializada de \u00a0Investigaciones \u00a0Financieras \u00a0del \u00a0DAS \u00a0sobre \u00a0sus \u00a0bienes no hubiera tenido los \u00a0alcances \u00a0esperados; \u00a0recu\u00e9rdese \u00a0que \u00a0es \u00a0debido \u00a0a \u00a0la \u00a0ausencia \u00a0de apoyo de \u00a0polic\u00eda \u00a0judicial, \u00a0que \u00a0el \u00a0Fiscal \u00a0se \u00a0vio \u00a0impedido \u00a0para \u00a0ordenar allanar y \u00a0embargar \u00a0todas \u00a0las propiedades mencionadas en los informes presentados por los \u00a0detectives. \u00a0\u00a0<\/p>\n<p>De \u00a0hecho, \u00a0fue tan fruct\u00edfera para Hern\u00e1n \u00a0Giraldo \u00a0 Serna \u00a0 la \u00a0 labor \u00a0realizada \u00a0por \u00a0NOGUERA \u00a0que \u00a0Rafael \u00a0Garc\u00eda \u00a0aludi\u00f3 \u00a0al \u00a0siguiente episodio: \u00a0\u201cPosteriormente \u00a0el \u00a0se\u00f1or \u00a0Gelves \u00a0me dijo que la \u00a0informaci\u00f3n \u00a0hab\u00eda \u00a0sido \u00a0\u00fatil \u00a0para \u00a0que \u00a0el \u00a0operativo \u00a0no \u00a0consiguiera sus \u00a0objetivos, \u00a0de \u00a0los cuales seg\u00fan entiendo uno de ellos era la captura de varios \u00a0miembros \u00a0 \u00a0 \u00a0 de \u00a0 \u00a0 \u00a0 las \u00a0 \u00a0 \u00a0 autodefensas74\u201d \u00a0\u00a0<\/p>\n<p>Efectivamente los informes de 8 de mayo y 17 \u00a0de \u00a0julio \u00a0de \u00a02003 \u00a0dan \u00a0cuenta \u00a0de las \u00f3rdenes de captura que registraban las \u00a0personas \u00a0vinculadas \u00a0con Hern\u00e1n Giraldo Serna, incluido \u00e9ste, luego al margen \u00a0que \u00a0la \u00a0finalidad \u00a0del procedimiento aludido consist\u00eda esencialmente en ocupar \u00a0bienes, \u00a0la \u00a0pr\u00e1ctica indica que una operaci\u00f3n de la magnitud rese\u00f1ada, puede \u00a0eventualmente \u00a0comportar \u00a0aprehensiones, \u00a0como \u00a0efectivamente \u00a0lo \u00a0se\u00f1alaron la \u00a0Fiscal\u00eda \u00a0y \u00a0el Ministerio P\u00fablico; por ello, no le asiste raz\u00f3n al procesado \u00a0cuando \u00a0argumenta \u00a0que \u00a0en \u00a0el \u00a0operativo \u00a0no \u00a0pod\u00eda \u00a0presentarse \u00a0este tipo de \u00a0medidas. \u00a0\u00a0<\/p>\n<p>Todo lo anterior desvirt\u00faa las explicaciones \u00a0de \u00a0 NOGUERA \u00a0 seg\u00fan \u00a0las \u00a0cuales, \u00a0las imputaciones de Rafael Garc\u00eda responden a represalias derivadas de \u00a0la \u00a0colaboraci\u00f3n \u00a0que \u00a0prest\u00f3 en la investigaci\u00f3n que la Fiscal\u00eda adelantaba \u00a0por \u00a0la alteraci\u00f3n de antecedentes en la base de datos del DAS, y\u00a0\u00a0 a \u00a0\u201clibretos\u201d \u00a0supuestamente \u00a0entregados \u00a0por \u00a0terceros al Jefe de Inform\u00e1tica \u00a0con el prop\u00f3sito de hacerle da\u00f1o. \u00a0\u00a0<\/p>\n<p>Si fueran ciertas sus aseveraciones, el Jefe \u00a0de \u00a0Inform\u00e1tica \u00a0no \u00a0habr\u00eda \u00a0tenido en su poder en el momento de su captura un \u00a0listado \u00a0de \u00a0un \u00a0grupo \u00a0de \u00a0personas \u00a0encabezado por Hern\u00e1n Giraldo75, \u00a0el \u00a0cual \u00a0guarda \u00a0correspondencia \u00a0exacta \u00a0tanto \u00a0en \u00a0los \u00a0nombres \u00a0como \u00a0en el orden, con \u00a0quienes \u00a0aparecen mencionados en el informe del 8 de agosto de 2003 \u2013operaci\u00f3n \u00a0 cicl\u00f3n-; \u00a0como \u00a0tampoco \u00a0informes \u00a0de inteligencia relativos a la presi\u00f3n que \u00a0ejerc\u00eda \u00a0el \u00a0grupo \u00a0denominado M\u00e1rtires del Cesar al mando de David Hern\u00e1ndez \u00a0Rojas, \u00a0alias \u00a0\u201c39\u201d, \u00a0sobre \u00a0el gobernador y algunos municipios aleda\u00f1os, y \u00a0las \u00a0transliteraciones \u00a0de \u00a0las \u00a0grabaciones de las\u00a0 llamadas entre Rodrigo \u00a0Tovar \u00a0Pupo \u00a0alias \u00a0\u201cJorge \u00a040\u201d \u00a0y \u00a0David \u00a0Hern\u00e1ndez Rojas, alias \u201c39\u201d, \u00a0alusivas \u00a0a \u00a0actividades \u00a0de \u00a0secuestro, \u00a0extorsi\u00f3n, \u00a0homicidios \u00a0y \u00a0hurtos que \u00a0perpetraban \u00a0 en \u00a0 el \u00a0 departamento \u00a0 del \u00a0 Cesar76. \u00a0\u00a0<\/p>\n<p>Estos \u00a0\u00faltimos documentos, entregados en el \u00a0mes \u00a0de \u00a0septiembre \u00a0de \u00a02002 \u00a0por \u00a0el ex Director del DAS en el Cesar, Jaime de \u00a0Jes\u00fas \u00a0 Ga\u00f1\u00e1n \u00a0 L\u00f3pez \u00a0a \u00a0JORGE \u00a0AURELIO \u00a0NOGUERA \u00a0mediante \u00a0 oficio \u00a00619077, \u00a0 fueron \u00a0aportados \u00a0a \u00a0la \u00a0Fiscal\u00eda \u00a0por \u00a0Rafael \u00a0Garc\u00eda, \u00a0como \u00a0prueba \u00a0demostrativa \u00a0de \u00a0que su amigo y \u00a0superior \u00a0s\u00ed \u00a0le \u00a0suministraba\u00a0 \u00a0este tipo de informaci\u00f3n para hac\u00e9rsela \u00a0llegar \u00a0 \u00a0 \u00a0 \u00a0a \u00a0 \u00a0 \u00a0 \u00a0las \u00a0 \u00a0 \u00a0 \u00a0autodefensas78. \u00a0\u00a0<\/p>\n<p>A \u00a0este \u00a0hecho \u00a0se \u00a0agrega \u00a0el testimonio que \u00a0rindi\u00f3 \u00a0 \u00a0Javier \u00a0 \u00a0Ernesto \u00a0 \u00a0Ochoa \u00a0 Qui\u00f1\u00f3nez79 el 23 de agosto de 2007 ante \u00a0la \u00a0 Unidad \u00a0 Delegada \u00a0 ante \u00a0 la \u00a0 Corte \u00a0 Suprema \u00a0 de \u00a0 Justicia80, \u00a0 donde \u00a0reconoci\u00f3 \u00a0haber pertenecido a las AUC como comandante de la Urbana de la Jagua \u00a0de \u00a0Ibirico, \u00a0las Palmitas y Comandante de un grupo rural que operaba en la zona \u00a0de \u00a0Perij\u00e1, \u00a0entre Codazzi y la Jagua para la persecuci\u00f3n del Frente 41 de las \u00a0FARC, entre otros.\u00a0 \u00a0\u00a0<\/p>\n<p>En \u00a0su dicci\u00f3n Ochoa Qui\u00f1\u00f3nez se\u00f1al\u00f3 que \u00a0en \u00a0el \u00a0segundo \u00a0semestre \u00a0de \u00a02003 \u00a0en \u00a0una \u00a0finca \u00a0de Pivijai en el Magdalena, \u00a0vio\u00a0 \u00a0a \u00a0Rafael \u00a0Garc\u00eda llevando unos documentos respecto de los cuales si \u00a0bien \u00a0no \u00a0conoci\u00f3 su contenido, se enter\u00f3 por su jefe inmediato, el comandante \u00a0Chitiva, \u00a0 que \u00a0 \u201ceran \u00a0investigaciones\u00a0 \u00a0que \u00a0llevaba \u00a0el DAS en el Magdalena sobre las AUC\u201d,\u00a0 \u00a0informaci\u00f3n \u00a0 que \u00a0 \u201cest\u00e1bamos \u00a0recibiendo \u00a0para \u00a0\u201cJorge \u00a04081\u201d. \u00a0\u00a0<\/p>\n<p>M\u00edrese c\u00f3mo la irregular actividad a la que \u00a0alude \u00a0Javier \u00a0Ernesto \u00a0Ochoa \u00a0Qui\u00f1\u00f3nez \u00a0se \u00a0identifica con lo relatado por el \u00a0propio \u00a0Rafael \u00a0Garc\u00eda, cuando indic\u00f3 que su jefe le proporcionaba informes de \u00a0diferentes \u00a0 \u00a0 \u00a0 \u00a0 tipos \u00a0 \u00a0 \u00a0 \u00a0\u2013ej\u00e9rcito, \u00a0polic\u00eda, DAS- e incluso actas de consejos de seguridad, \u00a0para \u00a0 que \u00a0 \u00e9l \u00a0 los \u00a0 entregara \u00a0 a \u00a0 las \u00a0 AUC82, afirmaci\u00f3n que a la postre \u00a0termina \u00a0justificando la desconfianza que ten\u00eda el Comandante de la Polic\u00eda en \u00a0el \u00a0Magdalena, \u00a0Coronel \u00a0Heriberto \u00a0Pardo \u00a0Ariza, \u00a0respecto \u00a0del \u00a0DAS, \u00a0por \u00a0sus \u00a0presuntos v\u00ednculos con las autodefensas. \u00a0\u00a0<\/p>\n<p>Aparte de lo expuesto, la prueba acopiada, da \u00a0cuenta \u00a0tambi\u00e9n \u00a0de \u00a0las \u00a0relaciones de JORGE AURELIO \u00a0NOGUERA \u00a0 y \u00a0 Rodrigo \u00a0 Tovar \u00a0Pupo, \u00a0alias \u00a0\u201cJorge \u00a040\u201d: \u00a0\u00a0<\/p>\n<p>Si \u00a0bien \u00a0ambos \u00a0personajes han sostenido al \u00a0un\u00edsono \u00a0que \u00a0sus \u00a0encuentros \u00a0obedecieron \u00a0al proceso de paz adelantado por el \u00a0Gobierno \u00a0Nacional, \u00a0es \u00a0lo cierto que todas sus reuniones no se llevaron a cabo \u00a0en \u00a0Santa \u00a0Fe \u00a0de \u00a0Ralito, \u00a0lugar \u00a0escogido por el Gobierno para adelantar dicho \u00a0proceso, \u00a0sino \u00a0en \u00a0sitios \u00a0ocultos y distantes respecto de los cuales no existe \u00a0registro \u00a0alguno \u00a0sobre \u00a0los desplazamientos, como tampoco documentos alusivos a \u00a0los\u00a0 \u00a0temas \u00a0reales \u00a0de \u00a0esas \u00a0conversaciones, \u00a0en \u00a0las cuales \u2013curiosamente- \u00a0s\u00f3lo \u00a0intervinieron el \u00a0procesado y Rodrigo Tovar Pupo. \u00a0\u00a0<\/p>\n<p>De all\u00ed que el Alto Comisionado para la Paz \u00a0hubiera \u00a0negado \u00a0tener noticia por ejemplo, de la reuni\u00f3n que sostuvieron\u00a0 \u00a0NOGUERA \u00a0y \u00a0Rodrigo \u00a0Tovar \u00a0Pupo, \u00a0alias \u00a0\u201cJorge \u00a040\u201d en las afueras de Santa Marta, encuentro \u00e9ste que \u00a0debi\u00f3 \u00a0ser \u00a0conocido \u00a0por el doctor Luis Carlos Restrepo, si se tiene en cuenta \u00a0que \u00a0una \u00a0de \u00a0sus \u00a0funciones \u00a0consist\u00eda en dirigir los di\u00e1logos de paz con los \u00a0voceros \u00a0y \u00a0representantes de los grupos alzados en armas, uno de los cuales era \u00a0precisamente \u00a0el \u00a0l\u00edder \u00a0del \u00a0Bloque \u00a0Norte \u00a0de \u00a0las \u00a0Autodefensas \u2013art. \u00a010 de la Ley 434 de 1998 y art. \u00a02 del Decreto 127 de 2001-. \u00a0\u00a0<\/p>\n<p>Luego la manifestaci\u00f3n efectuada por Rodrigo \u00a0Tovar \u00a0Pupo, \u00a0relativa \u00a0a \u00a0que \u00a0\u201c todo lo hac\u00edamos \u00a0previo \u00a0acuerdo \u00a0de \u00a0la \u00a0oficina \u00a0del alto comisionado para la paz quien era con \u00a0quien \u00a0 \u00a0 directamente \u00a0 \u00a0nosotros \u00a0 \u00a0trat\u00e1bamos \u00a0 \u00a0en \u00a0 \u00a0este \u00a0 \u00a0proceso \u00a0 \u00a0de \u00a0negociaci\u00f3n\u201d83, \u00a0pierde \u00a0consistencia \u00a0ante \u00a0el \u00a0desconocimiento \u00a0del Comisionado de Paz sobre la \u00a0realizaci\u00f3n de los encuentros privados. \u00a0\u00a0<\/p>\n<p>En este punto resultan adem\u00e1s inconsecuentes \u00a0las \u00a0 \u00a0explicaciones \u00a0 \u00a0de \u00a0 \u00a0NOGUERA \u00a0 en \u00a0cuanto \u00a0a \u00a0los \u00a0motivos \u00a0origen \u00a0de \u00a0estas reuniones, uno de los \u00a0cuales \u00a0fue \u00a0la seguridad que deb\u00eda brindar el DAS a los l\u00edderes de los grupos \u00a0de \u00a0autodefensa, \u00a0pues \u00a0si \u00a0bien \u00a0la \u00a0excusa \u00a0la orient\u00f3 a impregnarle visos de \u00a0legalidad \u00a0a \u00a0esos encuentros, ella resulta contradictoria con lo afirmado en su \u00a0versi\u00f3n \u00a0libre, donde de manera enf\u00e1tica neg\u00f3 que por virtud de sus funciones \u00a0hubiera \u00a0impartido \u00a0la orden de suministrar una camioneta Toyota y un esquema de \u00a0seguridad a Rodrigo Tovar Pupo, alias \u201cJorge 40\u201d. \u00a0\u00a0<\/p>\n<p>Automotor \u00a0que \u00a0adem\u00e1s, \u00a0fue \u00a0entregado \u00a0al \u00a0l\u00edder \u00a0paramilitar \u00a0sin \u00a0mediar \u00a0el acta de compromiso que el art\u00edculo 6\u00ba del \u00a0Decreto \u00a04200 \u00a0de \u00a02004 \u00a0impon\u00eda suscribir, cuando las medidas de protecci\u00f3n a \u00a0los \u00a0representantes \u00a0de \u00a0los \u00a0grupos \u00a0armados \u00a0organizados \u00a0al \u00a0margen de la ley \u00a0involucraba \u00a0entrega \u00a0de \u00a0bienes, \u00a0de \u00a0all\u00ed \u00a0que \u00a0una \u00a0vez posesionado el nuevo \u00a0Director, \u00a0 Andr\u00e9s \u00a0Mauricio \u00a0Pe\u00f1ate, \u00a0hubiera \u00a0formulado \u00a0la \u00a0correspondiente \u00a0denuncia \u00a0penal \u00a0por \u00a0este \u00a0hecho, \u00a0actuaci\u00f3n \u00a0que \u00a0por \u00a0s\u00ed \u00a0sola \u00a0explica \u00a0la \u00a0ilegalidad de lo actuado. \u00a0\u00a0<\/p>\n<p>As\u00ed \u00a0las \u00a0cosas, \u00a0refulge \u00a0evidente \u00a0que la \u00a0variaci\u00f3n \u00a0 de \u00a0 su \u00a0versi\u00f3n \u00a0tiene \u00a0como \u00a0prop\u00f3sitos \u00a0\u201coficializar\u201d \u00a0las \u00a0reuniones \u00a0privadas \u00a0sostenidas con \u201cJorge 40\u201d y negar sus v\u00ednculos con las \u00a0autodefensas. \u00a0\u00a0<\/p>\n<p>N\u00f3tese \u00a0adem\u00e1s \u00a0que \u00a0a\u00fan \u00a0cuando \u00a0el \u00a0ex \u00a0Director \u00a0se \u00a0muestra \u00a0lejano a Rodrigo Tovar Pupo, es el compa\u00f1ero de causa de \u00a0\u00e9ste, \u00a0Salvatore \u00a0Mancuso, \u00a0quien en audiencia p\u00fablica del 21 de abril de 2010 \u00a0revel\u00f3 \u00a0que \u00a0entre \u00a0ellos \u00a0hab\u00eda \u201cgran afinidad\u201d \u00a0y \u00a0que \u00a0su \u00a0trato \u00a0era\u201ccon \u00a0bastante \u00a0cari\u00f1o y con bastante amistad\u201d, explicando \u00a0m\u00e1s \u00a0adelante \u00a0que: \u00a0\u201ccuando \u00a0usted \u00a0conoce \u00a0a una \u00a0persona \u00a0la trata con familiaridad, cuando no la conoce, uno la trata con cierta \u00a0distancia, \u00a0 pues \u00a0 esa \u00a0 distancia \u00a0 yo \u00a0 no \u00a0la \u00a0vi \u00a0en \u00a0el \u00a0trato84\u201d. \u00a0\u00a0<\/p>\n<p>A \u00a0lo \u00a0anterior \u00a0se \u00a0suma la relaci\u00f3n entre \u00a0JORGE \u00a0AURELIO \u00a0NOGUERA \u00a0y \u00a0\u00c1lvaro \u00a0 \u00a0Eduardo \u00a0 \u00a0Pupo \u00a0 \u00a0Castro \u00a0 &#8211; \u00a0 primo \u00a0 hermano \u00a0 de \u00a0 Rodrigo \u00a0Tovar \u00a0Pupo-, \u00a0personaje que visit\u00f3 en nueve oportunidades a \u00a0JORGE AURELIO NOGUERA en las \u00a0instalaciones \u00a0del \u00a0DAS \u00a0entre \u00a0el \u00a021 \u00a0de \u00a0agosto \u00a0de \u00a02003 \u00a0y 11 de octubre de \u00a0200585.\u00a0 \u00a0\u00a0<\/p>\n<p>Seg\u00fan \u00a0el \u00a0procesado, sus di\u00e1logos con \u00e9l \u00a0versaron \u00a0alrededor del hurto de un cami\u00f3n con licor en cercan\u00edas de Cartagena \u00a0y \u00a0la \u00a0seguridad \u00a0del \u00a0alcalde \u00a0de Valledupar quien en ese momento era Ciro Pupo \u00a0Castro \u00a0 \u2013hermano \u00a0de \u00a0\u00c1lvaro \u00a0Pupo \u00a0Castro-; \u00a0sin \u00a0embargo, \u00a0esta \u00a0amistad \u00a0se \u00a0reanud\u00f3 \u00a0el \u00a021 \u00a0de agosto de 2003, primera visita \u00a0realizada \u00a0 por \u00a0 \u00c1lvaro \u00a0 Pupo \u00a0Castro \u00a0a \u00a0NOGUERA, \u00a0fecha \u00a0que \u00a0a \u00a0la \u00a0vez \u00a0coincide con el d\u00eda en que la \u00a0Fiscal\u00eda \u00a0inici\u00f3 \u00a0el \u00a0operativo \u00a0de \u00a0acci\u00f3n \u00a0de \u00a0extinci\u00f3n de dominio contra \u00a0bienes \u00a0del \u00a0Frente \u00a0Resistencia Tayrona, el cual hac\u00eda parte, recu\u00e9rdese, del \u00a0Bloque \u00a0Norte \u00a0de \u00a0las \u00a0Autodefensas \u00a0cuyo \u00a0l\u00edder era Rodrigo Tovar Pupo, alias \u00a0\u201cJorge 40\u201d. \u00a0\u00a0<\/p>\n<p>Estas \u00a0circunstancias \u00a0hacen \u00a0cre\u00edbles \u00a0las \u00a0manifestaciones \u00a0de \u00a0Rafael Garc\u00eda, relativas a que Pupo Castro era otro de los \u00a0enlaces \u00a0con \u00a0el \u00a0grupo \u00a0ilegal, \u00a0verdadera raz\u00f3n de las continuas visitas a su \u00a0superior, \u00a0cuyo \u00a0n\u00famero, como bien\u00a0 destaca la Procuradur\u00eda, no se aviene \u00a0a \u00a0 las \u00a0 reglas \u00a0 de \u00a0 la \u00a0 experiencia, \u00a0 atendidos \u00a0los \u00a0supuestos \u00a0temas \u00a0de \u00a0ellas. \u00a0\u00a0<\/p>\n<p>Con independencia de las razones que llevaron \u00a0a \u00a0Rafael \u00a0Garc\u00eda \u00a0a \u00a0delatar \u00a0a \u00a0su \u00a0amigo y su superior, es lo cierto que las \u00a0evidencias \u00a0 rese\u00f1adas \u00a0 exteriorizan \u00a0 comportamientos \u00a0dirigidos \u00a0a \u00a0entregar \u00a0informaci\u00f3n \u00a0a \u00a0esa \u00a0asociaci\u00f3n \u00a0delictiva, \u00a0l\u00f3gicamente \u00a0para enterarlas del \u00a0conocimiento \u00a0que \u00a0ten\u00eda \u00a0el \u00a0DAS \u00a0sobre sus actividades, lo cual les permit\u00eda \u00a0buscar \u00a0otros \u00a0medios \u00a0que \u00a0disimularan su accionar para evadir la acci\u00f3n de la \u00a0justicia. \u00a0\u00a0<\/p>\n<p>V\u00e9ase \u00a0adem\u00e1s \u00a0que \u00a0la \u00a0administraci\u00f3n de \u00a0JORGE \u00a0AURELIO NOGUERA COTES \u00a0se \u00a0caracteriz\u00f3 por trasladar o desvincular a todo servidor que en cumplimiento \u00a0de sus funciones atacara con tes\u00f3n a las autodefensas. \u00a0\u00a0<\/p>\n<p>Adem\u00e1s del caso de Sigifredo Puentes, pueden \u00a0citarse los siguientes: \u00a0\u00a0<\/p>\n<p>El \u00a0 ex \u00a0 Director \u00a0del \u00a0DAS \u00a0en \u00a0el\u00a0 \u00a0departamento \u00a0del \u00a0Cesar, \u00a0Jaime de Jes\u00fas Ga\u00f1an L\u00f3pez, declar\u00f3 que su salida \u00a0de \u00a0la \u00a0instituci\u00f3n \u00a0el \u00a018 \u00a0de \u00a0octubre \u00a0de \u00a02002 \u00a0obedeci\u00f3 a su \u201cposici\u00f3n \u00a0radical \u00a0y vertical frente al actuar de los grupos de \u00a0autodefensa \u00a0de \u00a0la \u00a0zona \u00a0y \u00a0en \u00a0especial \u00a0el \u00a0que \u00a0ejerc\u00eda \u00a0influencia \u00a0sobre \u00a0Valledupar, \u00a0al \u00a0mando \u00a0del \u00a0sujeto David Hern\u00e1ndez Rojas alias \u201c39\u201d, quien \u00a0era \u00a0la mano derecha en la regi\u00f3n del tambi\u00e9n sujeto RODRIGO TOVAR PUPO, alias \u00a0\u201cJorge \u00a0 \u00a0 \u00a0 \u00a0 \u00a0 \u00a0 \u00a0 \u00a0 \u00a0 \u00a040\u201d86\u201d \u00a0\u00a0<\/p>\n<p>Del \u00a0mismo modo, otro ex Director del DAS en \u00a0el \u00a0 Cesar, \u00a0 Audberto \u00a0 Flabio \u00a0 Dorado, \u00a0 quien \u00a0 llevaba \u00a0 23 \u00a0a\u00f1os \u00a0con \u00a0la \u00a0instituci\u00f3n87, \u00a0manifest\u00f3 \u00a0que a los pocos d\u00edas de entregar un\u00a0 informe de \u00a0inteligencia \u00a0sobre \u00a0las \u00a0AUC \u00a0en el Despacho de JORGE \u00a0NOGUERA, \u00a0le fue solicitada la renuncia por el Jefe de \u00a0Personal \u00a0 \u00a0 \u00a0 \u00a0 de \u00a0 \u00a0 \u00a0 \u00a0 la \u00a0 \u00a0 \u00a0 \u00a0entidad88. \u00a0\u00a0<\/p>\n<p>Asimismo, \u00a0la \u00a0funcionaria \u00a0Sonia Rodr\u00edguez \u00a0Brice\u00f1o \u00a0indic\u00f3 \u00a0que \u00a0a \u00a0los \u00a0quince \u00a0d\u00edas \u00a0de haber presentado un informe al \u00a0Subdirector \u00a0del \u00a0DAS \u00a0Jos\u00e9 \u00a0Miguel \u00a0Narv\u00e1ez, \u00a0haci\u00e9ndole saber que exist\u00edan \u00a0datos \u00a0 de \u00a0 inteligencia \u00a0 relacionados \u00a0 con \u00a0\u201cla \u00a0creaci\u00f3n \u00a0 de \u00a0 una \u00a0 sala \u00a0 t\u00e9cnica \u00a0 al \u00a0 servicio \u00a0de \u00a0los \u00a0grupos \u00a0armados \u00a0AUC\u201d \u00a0fue trasladada sorpresivamente por el Director \u00a0NOGUERA \u00a0a la Seccional del \u00a0DAS \u00a0 \u00a0 \u00a0 \u00a0 \u00a0 \u00a0 \u00a0en \u00a0 \u00a0 \u00a0 \u00a0 \u00a0 \u00a0 Riohacha89. \u00a0\u00a0<\/p>\n<p>Si \u00a0bien este episodio fue confirmado por el \u00a0propio \u00a0Narv\u00e1ez, \u00a0agregando \u00a0haberle \u00a0dado \u00a0a \u00a0conocer \u00a0esta \u00a0informaci\u00f3n a su \u00a0superior \u00a0quien \u00a0inmediatamente \u00a0en su presencia orden\u00f3 a la oficina de control \u00a0interno \u00a0adelantar \u00a0la \u00a0correspondiente \u00a0investigaci\u00f3n, \u00a0extra\u00f1amente ante una \u00a0solicitud \u00a0elevada \u00a0por \u00a0la fiscal\u00eda al DAS para conocer el estado de la misma, \u00a0la \u00a0oficina \u00a0de \u00a0control \u00a0disciplinario interno respondi\u00f3 que all\u00ed no exist\u00eda \u00a0registro \u00a0alguno que indicara apertura de investigaci\u00f3n disciplinaria en raz\u00f3n \u00a0de \u00a0 \u00a0 \u00a0 \u00a0 \u00a0 \u00a0 esta \u00a0 \u00a0 \u00a0 \u00a0 \u00a0 \u00a0 denuncia90. \u00a0\u00a0<\/p>\n<p>Estos casos, son palpable ejemplo de la manera \u00a0como \u00a0proced\u00eda \u00a0el \u00a0ex \u00a0Director \u00a0cuando \u00a0se \u00a0presentaban\u00a0 \u00a0situaciones de \u00a0peligro \u00a0contra \u00a0los \u00a0miembros del grupo de autodefensa que proteg\u00eda. A trav\u00e9s \u00a0de \u00a0su \u00a0poder \u00a0discrecional \u00a0trasladaba \u00a0o \u00a0declaraba \u00a0insubsistente \u00a0a quien en \u00a0desarrollo \u00a0de \u00a0sus \u00a0funciones dirig\u00eda su accionar contra ellas, sin importarle \u00a0la \u00a0 \u00a0experiencia \u00a0 \u00a0o \u00a0 \u00a0los \u00a0 a\u00f1os \u00a0 de \u00a0 servicio \u00a0 que \u00a0 llevaran \u00a0 en \u00a0 la \u00a0instituci\u00f3n. \u00a0\u00a0<\/p>\n<p>Con \u00a0 \u00a0esta \u00a0 \u00a0din\u00e1mica, \u00a0 \u00a0JORGE \u00a0 \u00a0AURELIO \u00a0 NOGUERA \u00a0 COTES\u00a0 \u00a0impidi\u00f3 \u00a0a los funcionarios que depend\u00edan de la Direcci\u00f3n General Operativa y \u00a0a \u00a0los \u00a0Directores \u00a0Seccionales, \u00a0cumplir libremente sus funciones especiales de \u00a0polic\u00eda \u00a0judicial \u00a0consagradas \u00a0para \u00a0esa \u00e9poca en el art\u00edculo 37 del Decreto \u00a0218 de 2000. \u00a0\u00a0<\/p>\n<p>Del \u00a0 \u00a0 mismo \u00a0 \u00a0 modo, \u00a0 \u00a0NOGUERA \u00a0 \u00a0tambi\u00e9n \u00a0 nombr\u00f3 \u00a0 personas \u00a0vinculadas con las autodefensas: \u00a0\u00a0<\/p>\n<p>-Emilio \u00a0 Vence \u00a0 Zabaleta, \u00a0amigo \u00a0del \u00a0ex \u00a0Representante \u00a0a \u00a0la \u00a0C\u00e1mara \u00a0Jorge \u00a0Castro \u00a0Pacheco \u00a0desde hace m\u00e1s de veinte \u00a0a\u00f1os, \u00a0fue \u00a0se\u00f1alado \u00a0por \u00a0Salvatore \u00a0Mancuso \u00a0como \u00a0el Director del DAS en el \u00a0departamento \u00a0 de \u00a0 C\u00f3rdoba \u00a0que \u00a0interactuaba \u00a0con \u00a0las \u00a0autodefensas \u00a0de \u00a0los \u00a0comandantes \u00a0Carlos, \u00a0Fidel \u00a0y \u00a0Vicente \u00a0Casta\u00f1o; cuenta incluso como an\u00e9cdota \u00a0que \u00a0le \u00a0gustaban los gallos y que en una ocasi\u00f3n le \u00a0quemaron \u00a0 \u00a0 \u00a0 \u00a0 \u00a0 \u00a0la \u00a0 \u00a0 \u00a0 \u00a0 \u00a0 galler\u00eda91\u201d, \u00a0 \u00a0 \u00a0 actividad \u00a0 esta \u00a0 que \u00a0compart\u00eda \u00a0con \u00a0Castro \u00a0Pacheco92. \u00a0\u00a0<\/p>\n<p>Ciertamente \u00a0como \u00a0lo \u00a0se\u00f1ala \u00a0el deponente, \u00a0Emilio \u00a0Vence Zabaleta fue Director del DAS en el Departamento de C\u00f3rdoba desde \u00a0el \u00a09 \u00a0de \u00a0junio de 1982 hasta el 7 de julio de 1993 cuando fue trasladado en el \u00a0mismo \u00a0 \u00a0 \u00a0 \u00a0 cargo \u00a0 \u00a0 \u00a0 \u00a0 al \u00a0 \u00a0 \u00a0 \u00a0 Cesar93. \u00a0\u00a0<\/p>\n<p>Sobre sus v\u00ednculos con las AUC el ex Director \u00a0del \u00a0DAS \u00a0en \u00a0el \u00a0Cesar, Jaime de Jes\u00fas Ga\u00f1\u00e1n L\u00f3pez manifest\u00f3, cuando se le \u00a0interrog\u00f3 \u00a0sobre \u00a0la \u00a0posible \u00a0infiltraci\u00f3n de grupos paramilitares en el DAS, \u00a0que \u00a0\u201cel caso m\u00e1s conocido de nombramientos fue el \u00a0del \u00a0ex \u00a0funcionario \u00a0Emilio \u00a0Vence \u00a0Zabaleta, \u00a0quien \u00a0en \u00a0la mayor parte de los \u00a0informes \u00a0de \u00a0inteligencia siempre figur\u00f3 como una de las personas que llevaron \u00a0las \u00a0 \u00a0 \u00a0 \u00a0 \u00a0AUC \u00a0 \u00a0 \u00a0 \u00a0 \u00a0al \u00a0 \u00a0 \u00a0 \u00a0 \u00a0Cesar94\u201d. \u00a0\u00a0<\/p>\n<p>Emilio \u00a0Vence \u00a0Zabaleta \u00a0fue \u00a0nombrado \u00a0como \u00a0Director \u00a0del \u00a0DAS \u00a0en \u00a0el Atl\u00e1ntico durante la administraci\u00f3n de JORGE AURELIO NOGUERA COTES. \u00a0\u00a0<\/p>\n<p>-R\u00f3mulo \u00a0Guillermo \u00a0de Jes\u00fas Betancurt. Fue \u00a0Director \u00a0del \u00a0DAS \u00a0en \u00a0Bol\u00edvar, \u00a0Sucre, Atl\u00e1ntico, C\u00f3rdoba y Risaralda\u00a0 \u00a0&#8211; \u00a0 entre \u00a0 los \u00a0 a\u00f1os \u00a0 1986 \u00a0y \u00a01998- \u00a0 \u00a0 \u00a0 y \u00a0 \u00a0 \u00a0 nombrado \u00a0 \u00a0 \u00a0 nuevamente \u00a0 \u00a0 \u00a0 por \u00a0 \u00a0 \u00a0NOGUERA\u00a0 \u00a0como \u00a0Director \u00a0del DAS de \u00a0Bol\u00edvar en el mes de junio de 2003. \u00a0\u00a0<\/p>\n<p>Respecto de sus v\u00ednculos con las autodefensas \u00a0Salvatore \u00a0Mancuso \u00a0manifest\u00f3 \u00a0que \u00a0lo \u00a0conoci\u00f3 \u00a0personalmente \u00a0en \u00a0tanto \u00a0les \u00a0entregaba \u00a0informes de inteligencia relacionados con movimientos de la guerrilla \u00a0y \u00a0la \u00a0subversi\u00f3n, \u00a0datos \u00a0que \u00a0utilizaban \u00a0para \u00a0llevar a cabo sus operaciones \u00a0militares. \u00a0\u00a0<\/p>\n<p>Frente a esta sindicaci\u00f3n es importante tener \u00a0en \u00a0cuenta \u00a0que el propio Betancurt en declaraci\u00f3n rendida ante la Fiscal\u00eda el \u00a07 \u00a0de \u00a0junio \u00a0de \u00a02006, cont\u00f3 que hab\u00eda sido objeto de investigaciones penales \u00a0por \u00a0 la \u00a0 desaparici\u00f3n \u00a0 de \u00a0 una \u00a0 persona \u00a0y \u00a0por \u00a0supuestos \u00a0v\u00ednculos \u00a0con \u00a0paramilitares, \u00a0 \u00a0las \u00a0 cuales \u00a0 fueron \u00a0 decididas \u00a0 a \u00a0 su \u00a0 favor95. \u00a0\u00a0<\/p>\n<p>&#8211; Jos\u00e9 Miguel Narv\u00e1ez, fue nombrado como Sub \u00a0Director \u00a0del \u00a0DAS durante la administraci\u00f3n de JORGE \u00a0AURELIO \u00a0 NOGUERA \u00a0 COTES. \u00a0 Salvatore \u00a0 Mancuso \u00a0 lo \u00a0identific\u00f3 \u00a0como \u00a0la \u00a0persona \u00a0que \u00a0suministraba adoctrinamiento ideol\u00f3gico no \u00a0s\u00f3lo \u00a0a \u00a0las \u00a0autodefensas \u00a0sino \u00a0a \u00a0las \u00a0Fuerzas \u00a0Militares, \u00a0agregando que su \u00a0colaboraci\u00f3n \u00a0se \u00a0mantuvo \u00a0durante \u00a0el \u00a0tiempo \u00a0en que ejerci\u00f3 como asesor del \u00a0Ministerio \u00a0de \u00a0Defensa, agregando que \u00e9ste y NOGUERA \u00a0conoc\u00edan \u00a0del\u00a0 \u00a0apoyo \u00a0que a ellos les brindaban \u00a0los \u00a0Directores \u00a0Seccionales \u00a0de \u00a0la \u00a0Costa \u00a0Atl\u00e1ntica, \u00a0tanto \u00a0que \u00a0cuando las \u00a0relaciones no eran buenas, se acud\u00eda a ellos para removerlos. \u00a0\u00a0<\/p>\n<p>Valga resaltar que en la actualidad distintas \u00a0autoridades\u00a0 \u00a0adelantan \u00a0investigaciones penales en su contra por el delito \u00a0de \u00a0concierto para delinquir agravado y los homicidios de Jaime Garz\u00f3n y Manuel \u00a0Cepeda Vargas. \u00a0\u00a0<\/p>\n<p>-Gloria \u00a0Mar\u00eda \u00a0Bornacelli \u00a0Llanos, amiga de \u00a0JORGE \u00a0 AURELIO \u00a0 NOGUERA, \u00a0trabaj\u00f3 \u00a0con \u00a0\u00e9l \u00a0en \u00a0la \u00a0Alcald\u00eda \u00a0de \u00a0Santa \u00a0Marta \u00a0y \u00a0en \u00a0la campa\u00f1a a la \u00a0Presidencia \u00a0de \u00a0la \u00a0Rep\u00fablica \u00a0de \u00a0\u00c1lvaro Uribe V\u00e9lez en el departamento del \u00a0Magdalena, \u00a0fue \u00a0nombrada \u00a0por \u00a0el procesado en el mes de octubre en el cargo de \u00a0Subdirectora \u00a0Seccional \u00a0del \u00a0DAS \u00a0en \u00a0el \u00a0Magdalena, \u00a0luego en abril de 2003 la \u00a0ascendi\u00f3 a Directora y en julio de 2004 la traslad\u00f3 a Sincelejo. \u00a0\u00a0<\/p>\n<p>En \u00a0relaci\u00f3n \u00a0con esta ex servidora se tiene \u00a0que \u00a0el Juzgado Penal del Circuito Especializado de Valledupar profiri\u00f3 el 8 de \u00a0octubre \u00a0de \u00a02010 \u00a0en sentencia anticipada, condena por los delitos de concierto \u00a0para \u00a0delinquir \u00a0agravado \u00a0y \u00a0peculado \u00a0por apropiaci\u00f3n a favor de terceros, en \u00a0raz\u00f3n \u00a0de \u00a0sus v\u00ednculos con el bloque norte de las autodefensas que operaba en \u00a0el \u00a0departamento \u00a0del \u00a0Cesar, \u00a0bajo el mando de Adolfo Enrique Guevara Cantillo, \u00a0alias \u00a0\u201c101\u201d \u00a0quien la conoci\u00f3 \u201cen el a\u00f1o 2003 \u00a0cuando \u00a0ella \u00a0se desempe\u00f1aba como Directora del DAS en la seccional Magdalena y \u00a0\u00e9l \u00a0era \u00a0segundo comandante del Gaula del Ej\u00e9rcito96\u201d. \u00a0\u00a0<\/p>\n<p>M\u00edrese, entonces, c\u00f3mo con independencia de \u00a0si \u00a0hubo \u00a0o \u00a0no recomendaciones que llevaron a NOGUERA \u00a0a \u00a0nombrar \u00a0a \u00a0estos \u00a0personajes \u00a0en \u00a0la instituci\u00f3n, \u00a0argumento \u00a0que \u00a0esgrimi\u00f3 \u00a0para colegir que sus vinculaciones no partieron de su \u00a0iniciativa, \u00a0no \u00a0puede \u00a0considerarse \u00a0una \u00a0casualidad \u00a0que estas personas tengan \u00a0efectivamente \u00a0v\u00ednculos \u00a0con las autodefensas, mucho m\u00e1s si se tiene en cuenta \u00a0que \u00a0algunos \u00a0de \u00a0ellos fueron llevados directamente por \u00e9l, como son los casos \u00a0de Rafael Garc\u00eda, Gloria Bornacelly y Jos\u00e9 Miguel Narv\u00e1ez. \u00a0\u00a0<\/p>\n<p>Esos \u00a0nombramientos simplemente demuestran su \u00a0inter\u00e9s \u00a0por \u00a0hacerse \u00a0acompa\u00f1ar de gente relacionada con las autodefensas, de \u00a0all\u00ed \u00a0que \u00a0no sea casual que le hubiera ofrecido el cargo de Director Seccional \u00a0del \u00a0DAS en el Magdalena a Enrique Osorio de la Rosa97, \u00a0personaje que le colabor\u00f3 \u00a0al \u00a0m\u00e1ximo jefe del Bloque Norte de las Autodefensas, Rodrigo Tovar Pupo, alias \u00a0\u201cJorge \u00a040\u201d, \u00a0con \u00a0la \u00a0adquisici\u00f3n \u00a0de \u00a0los \u00a0censos electorales, los cuales \u00a0fueron \u00a0utilizados \u00a0por \u00a0Rafael Garc\u00eda para configurar el programa inform\u00e1tico \u00a0que \u00a0permiti\u00f3 \u00a0la \u00a0llegada de los candidatos del movimiento clandestino llamado \u00a0la Provincia Unida al Congreso de la Rep\u00fablica. \u00a0\u00a0<\/p>\n<p>Valga \u00a0destacar que Osorio de la Rosa no pudo \u00a0posesionarse \u00a0en \u00a0dicho \u00a0cargo, \u00a0seg\u00fan \u00a0contaron \u00a0\u00e9l \u00a0y \u00a0el \u00a0procesado, porque \u00a0carec\u00eda \u00a0de \u00a0t\u00edtulo \u00a0profesional; sin embargo, ello no fue obst\u00e1culo para que \u00a0NOGUERA, \u00a0 entonces, \u00a0 le \u00a0ofreciera \u00a0servir \u00a0como \u00a0informante \u00a0en \u00a0el \u00a0DAS. \u00a0En \u00a0palabras \u00a0del testigo, el \u00a0Director \u00a0le \u00a0pidi\u00f3 \u00a0\u201cque le colaborara como fuente \u00a0humana\u201d, \u00a0servicio \u00a0por \u00a0el cual recibi\u00f3 la suma de \u00a0cinco \u00a0 \u00a0 o \u00a0 \u00a0 seis \u00a0 \u00a0 millones \u00a0 \u00a0 de \u00a0 \u00a0pesos98. \u00a0\u00a0<\/p>\n<p>En la actualidad, el Juzgado Penal de Circuito \u00a0Especializado \u00a0de \u00a0Santa \u00a0Marta \u00a0adelanta \u00a0juicio \u00a0contra \u00a0Osorio de la Rosa por \u00a0los\u00a0 \u00a0delitos \u00a0de \u00a0concierto \u00a0para delinquir agravado por sus v\u00ednculos con \u00a0las \u00a0 \u00a0autodefensas, \u00a0 en \u00a0 concurso \u00a0 con\u00a0 \u00a0 alteraci\u00f3n \u00a0 de \u00a0 resultados \u00a0electorales. \u00a0\u00a0<\/p>\n<p>Adicional \u00a0a lo expuesto, se tiene igualmente \u00a0la \u00a0declaraci\u00f3n \u00a0rendida \u00a0ante \u00a0esta \u00a0Sala \u00a0por \u00a0el ex Director del DAS Andr\u00e9s \u00a0Mauricio \u00a0 Pe\u00f1ate, \u00a0 sucesor \u00a0 de \u00a0 JORGE \u00a0NOGUERA, \u00a0quien de manera puntual se\u00f1al\u00f3 que a su llegada casi \u00a0todos \u00a0 los \u00a0Directores \u00a0Seccionales \u00a0de \u00a0la \u00a0Costa \u00a0hab\u00edan \u00a0sido \u00a0nombrados \u00a0y \u00a0posesionados \u00a0sin \u00a0el correspondiente estudio de inteligencia, citando como caso \u00a0particular \u00a0 el \u00a0 de \u00a0 R\u00f3mulo \u00a0Betancurt, \u00a0quien \u00a0antes \u00a0de \u00a0ser \u00a0nombrado \u00a0por \u00a0NOGUERA \u00a0en \u00a0el \u00a0cargo \u00a0de \u00a0Director \u00a0Seccional \u00a0de \u00a0Bol\u00edvar, \u00a0ejerc\u00eda \u00a0como \u00a0jefe \u00a0de seguridad de Enilce \u00a0L\u00f3pez, \u00a0alias \u00a0\u201c \u00a0la gata\u201d, quien \u2013recu\u00e9rdese- \u00a0 \u00a0fue \u00a0 \u00a0condenada \u00a0 \u00a0por \u00a0 sus \u00a0 nexos \u00a0 con \u00a0 grupos \u00a0paramilitares. \u00a0\u00a0<\/p>\n<p>Todo \u00a0lo \u00a0referido \u00a0permite \u00a0demostrar \u00a0que \u00a0JORGE \u00a0 \u00a0AURELIO \u00a0 \u00a0NOGUERA \u00a0 \u00a0COTES \u00a0 desde \u00a0la \u00a0direcci\u00f3n \u00a0del \u00a0Departamento Administrativo de Seguridad \u00a0vincul\u00f3 \u00a0personas \u00a0con \u00a0nexos \u00a0con \u00a0las autodefensas con el firme prop\u00f3sito de \u00a0que\u00a0 colaboraran con esa estructura paramilitar. \u00a0\u00a0<\/p>\n<p>De all\u00ed que Salvatore Mancuso haya asegurado \u00a0que \u00a0en \u00a0el per\u00edodo 2002 \u2013 \u00a02005 \u00a0contaron \u00a0con \u00a0la \u00a0ayuda del organismo de seguridad. V\u00e9ase adem\u00e1s, c\u00f3mo \u00a0ante \u00a0la \u00a0pregunta \u00a0de \u00a0la \u00a0Sala, \u00a0acerca \u00a0de si las directivas, casos concretos \u00a0JORGE NOGUERA y Jos\u00e9 Miguel \u00a0Narv\u00e1ez, \u00a0 ten\u00edan \u00a0 conocimiento \u00a0de \u00a0esa \u00a0ayuda, \u00a0enf\u00e1ticamente \u00a0respondi\u00f3: \u00a0\u201cS\u00ed \u00a0 \u00a0 tuvieron \u00a0 \u00a0 conocimiento \u00a0 \u00a0 de \u00a0 \u00a0ese \u00a0apoyo\u201d. \u00a0\u00a0<\/p>\n<p>Es as\u00ed como la Sala puede afirmar con certeza \u00a0que \u00a0 JORGE \u00a0 AURELIO \u00a0 NOGUERA \u00a0COTES \u00a0puso \u00a0 al \u00a0 servicio \u00a0 del \u00a0Bloque \u00a0Norte \u00a0de \u00a0las \u00a0Autodefensas \u00a0la \u00a0instituci\u00f3n \u00a0que regentaba, protegi\u00e9ndolos de las acciones que funcionarios de \u00a0la \u00a0entidad adelantaban en su contra, nombrando personas afines a su pol\u00edtica y \u00a0removiendo \u00a0servidores \u00a0que \u00a0no \u00a0lo estaban, comportamiento con el cual ayud\u00f3 a \u00a0promover y ocultar sus operaciones delincuenciales. \u00a0\u00a0<\/p>\n<p>El \u00a0proceder del ex Representante Legal de la \u00a0entidad \u00a0deja \u00a0ver \u00a0claramente \u00a0su \u00a0intervenci\u00f3n \u00a0directa \u00a0en las labores de la \u00a0instituci\u00f3n, \u00a0la \u00a0cual estaba ofreciendo resultados positivos, especialmente en \u00a0la \u00a0 \u00a0lucha \u00a0 \u00a0contra \u00a0 \u00a0las \u00a0 \u00a0actividades \u00a0 \u00a0del \u00a0 \u00a0Bloque \u00a0 \u00a0Norte \u00a0 de \u00a0 las \u00a0Autodefensas. \u00a0\u00a0<\/p>\n<p>Acierta \u00a0la \u00a0acusaci\u00f3n \u00a0al establecer que el \u00a0procesado \u00a0es responsable de promover las actividades delictivas determinadas en \u00a0el \u00a0inciso \u00a0segundo \u00a0del \u00a0art\u00edculo 340 del C\u00f3digo Penal, pues demostrado est\u00e1 \u00a0que \u00a0su \u00a0voluntad \u00a0estuvo dirigida a adelantar actos que favorec\u00edan el accionar \u00a0il\u00edcito \u00a0del \u00a0grupo paramilitar que estaba asentado en la zona norte del pa\u00eds, \u00a0reconocida \u00e1rea de influencia del Bloque de las Autodefensas. \u00a0\u00a0<\/p>\n<p>Con base, entonces, en el an\u00e1lisis probatorio \u00a0plasmado \u00a0en \u00a0precedencia, encuentra la Corte demostrado en grado de certeza que \u00a0el \u00a0ex \u00a0Director \u00a0del \u00a0Departamento \u00a0Administrativo \u00a0de \u00a0Seguridad \u00a0\u2013DAS- \u00a0promovi\u00f3 \u00a0el \u00a0accionar il\u00edcito \u00a0del \u00a0bloque \u00a0norte \u00a0de \u00a0las \u00a0autodefensas que lideraba Rodrigo Tovar Pupo, alias \u00a0\u201cJorge \u00a040\u201d, \u00a0raz\u00f3n \u00a0por \u00a0la cual ser\u00e1 declarado responsable en calidad de \u00a0coautor \u00a0del delito de concierto para delinquir agravado, de que trata el inciso \u00a02\u00b0 \u00a0del \u00a0art\u00edculo \u00a0340 \u00a0del C\u00f3digo Penal, sin las modificaciones y agravantes \u00a0introducidos \u00a0por \u00a0la \u00a0ley \u00a01122 \u00a0de 2006, en tanto los hechos aqu\u00ed juzgados se \u00a0cometieron \u00a0bajo \u00a0la vigencia de la Ley 599 de 2000 modificada por la Ley 733 de \u00a02002, \u00a0acat\u00e1ndose \u00a0as\u00ed el principio constitucional de favorabilidad consagrado \u00a0en \u00a0el \u00a0art\u00edculo \u00a029 \u00a0de \u00a0la \u00a0Carta \u00a0Pol\u00edtica \u00a0y \u00a0en los art\u00edculos 6\u00ba de los \u00a0C\u00f3digos Penal y de Procedimiento Penal. \u00a0\u00a0<\/p>\n<p>Por \u00a0absoluta \u00a0negligencia de la Fiscal\u00eda la \u00a0Corte \u00a0no \u00a0tendr\u00e1 \u00a0en \u00a0cuenta \u00a0para \u00a0los \u00a0efectos punitivos la circunstancia de \u00a0agravaci\u00f3n \u00a0establecida \u00a0en \u00a0el \u00a0art\u00edculo 342 de la Ley 599, el cual de manera \u00a0clara \u00a0consagra \u00a0que, cuando la conducta es cometida por un miembro de organismo \u00a0de \u00a0seguridad \u00a0del \u00a0Estado, \u00a0como \u00a0lo \u00a0es \u00a0el \u00a0DAS, la pena se aumentar\u00e1 en una \u00a0tercera parte. \u00a0\u00a0<\/p>\n<p>Finalmente, \u00a0se \u00a0consignan \u00a0las \u00a0siguientes \u00a0aclaraciones: \u00a0\u00a0<\/p>\n<p>&#8211; \u00a0En \u00a0la \u00a0presente \u00a0providencia \u00a0no \u00a0se hace \u00a0an\u00e1lisis \u00a0 alguno \u00a0 respecto \u00a0a \u00a0los \u00a0hechos \u00a0concernientes \u00a0a \u00a0la \u00a0cooperativa \u00a0Ayatawacoop, \u00a0en \u00a0raz\u00f3n \u00a0a que la Fiscal\u00eda en la resoluci\u00f3n de acusaci\u00f3n fue \u00a0enf\u00e1tica \u00a0 en \u00a0predicar \u00a0que \u00a0no \u00a0\u201cexist\u00eda \u00a0medio \u00a0probatorio \u00a0que \u00a0permita \u00a0relacionar \u00a0a Atayawacoop con grupos paramilitares\u201d, \u00a0tal \u00a0y como lo hab\u00eda sostenido al momento de resolver \u00a0situaci\u00f3n \u00a0 \u00a0jur\u00eddica. \u00a0\u00a0<\/p>\n<p>&#8211; En lo concerniente a la operaci\u00f3n Oterloo, \u00a0los \u00a0medios \u00a0probatorios \u00a0acopiados \u00a0no \u00a0permiten \u00a0realizar sindicaci\u00f3n alguna, \u00a0pues, \u00a0quienes participaron en ella aseguraron que \u00e9sta se desarroll\u00f3 conforme \u00a0a lo estipulado en el programa investigativo. \u00a0\u00a0<\/p>\n<p>\u00a0 \u00a0<\/p>\n<p>2-\u00a0 \u00a0 DESTRUCCI\u00d3N, \u00a0 SUPRESI\u00d3N \u00a0 Y \u00a0OCULTAMIENTO DE DOCUMENTO P\u00daBLICO. \u00a0\u00a0<\/p>\n<p>El \u00a0art\u00edculo \u00a0292 \u00a0de \u00a0la \u00a0Ley \u00a0600 \u00a0de 2000 \u00a0consagra este tipo penal en los siguientes t\u00e9rminos: \u00a0\u00a0<\/p>\n<p>El \u00a0que \u00a0destruya, suprima u oculte, total o \u00a0parcialmente\u00a0 \u00a0documento p\u00fablico que pueda servir de prueba, incurrir\u00e1 en \u00a0prisi\u00f3n de dos (2) a ocho (8) a\u00f1os de prisi\u00f3n\u201d. \u00a0\u00a0<\/p>\n<p>Si \u00a0la \u00a0conducta \u00a0fuere \u00a0realizada \u00a0por \u00a0un \u00a0servidor \u00a0p\u00fablico \u00a0en ejercicio de sus funciones, se impondr\u00e1 prisi\u00f3n de tres \u00a0(3) \u00a0a \u00a0seis \u00a0(6) \u00a0a\u00f1os \u00a0e \u00a0inhabilitaci\u00f3n \u00a0para \u00a0el \u00a0ejercicio \u00a0de derechos y \u00a0funciones por el mismo t\u00e9rmino\u201d \u00a0\u00a0<\/p>\n<p>Frente \u00a0a \u00a0esta \u00a0infracci\u00f3n se tiene como un \u00a0hecho \u00a0 incontrovertible \u00a0 que \u00a0 durante \u00a0 el \u00a0 per\u00edodo \u00a0 en \u00a0que \u00a0JORGE \u00a0AURELIO \u00a0NOGUERA \u00a0COTES regent\u00f3 el \u00a0Departamento \u00a0Administrativo \u00a0de \u00a0Seguridad, \u00a0las \u00a0bases de datos del Sistema de \u00a0Informaci\u00f3n \u00a0\u2013SIFDAS- que \u00a0conten\u00edan \u00a0las \u00a0anotaciones \u00a0de \u00a0antecedentes \u00a0y \u00a0\u00f3rdenes de captura con y sin \u00a0fines de extradici\u00f3n, fueron objeto de borrados y alteraciones. \u00a0\u00a0<\/p>\n<p>Atendiendo \u00a0el \u00a0contenido \u00a0del Decreto 218 de \u00a02000, \u00a0estas \u00a0bases \u00a0de \u00a0datos \u00a0tienen la categor\u00eda de documento p\u00fablico en la \u00a0medida \u00a0que \u00a0es el Departamento Administrativo de Seguridad la entidad encargada \u00a0de \u00a0llevar, \u00a0organizar, \u00a0actualizar \u00a0y \u00a0conservar \u00a0los registros delictivos y de \u00a0identificaci\u00f3n \u00a0nacionales \u00a0con \u00a0base en el canje interno y en los informes que \u00a0rinden las autoridades judiciales. \u00a0\u00a0<\/p>\n<p>De \u00a0conformidad \u00a0con \u00a0el proceso penal que se \u00a0adelant\u00f3 \u00a0contra \u00a0Rafael \u00a0Garc\u00eda \u00a0Torres, \u00a0\u00e9l \u00a0como \u00a0Jefe \u00a0de \u00a0la \u00a0Oficina de \u00a0Inform\u00e1tica \u00a0fue \u00a0responsable \u00a0de \u00a0las adulteraciones que sufri\u00f3 el sistema de \u00a0informaci\u00f3n \u00a0del Departamento administrativo de Seguridad, hecho frente al cual \u00a0tambi\u00e9n \u00a0 el \u00a0 Fiscal \u00a0 General \u00a0 de \u00a0la \u00a0Naci\u00f3n \u00a0formul\u00f3 \u00a0acusaci\u00f3n \u00a0contra \u00a0JORGE \u00a0 \u00a0 AURELIO \u00a0 \u00a0 NOGUERA \u00a0 \u00a0COTES. \u00a0\u00a0<\/p>\n<p>No \u00a0 \u00a0 obstante \u00a0 \u00a0 que \u00a0 \u00a0NOGUERA \u00a0 \u00a0 pretende \u00a0 \u00a0sustraer \u00a0 \u00a0su \u00a0responsabilidad \u00a0de \u00a0este \u00a0hecho \u00a0alegando \u00a0que \u00a0\u00e9l era ajeno a las actividades \u00a0delincuenciales \u00a0que \u00a0ven\u00eda \u00a0realizando \u00a0su \u00a0amigo, \u00a0es lo cierto que cuando el \u00a0Director \u00a0 design\u00f3 \u00a0a \u00a0Rafael \u00a0Garc\u00eda \u00a0Torres \u00a0como \u00a0Jefe \u00a0de \u00a0la \u00a0Oficina \u00a0de \u00a0Inform\u00e1tica, \u00a0ya ten\u00eda conocimiento de los alcances delictivos de este sujeto, \u00a0pues \u00a0fue \u00a0\u00e9l quien elabor\u00f3 el programa de c\u00f3mputo que utiliz\u00f3 Rodrigo Tovar \u00a0Pupo, \u00a0alias \u00a0\u201cJorge \u00a040\u201d \u00a0para llevar a cabo el fraude en las elecciones al \u00a0Congreso \u00a0 de \u00a0 la \u00a0 Rep\u00fablica \u00a0en \u00a0el \u00a0a\u00f1o \u00a0200299. \u00a0\u00a0<\/p>\n<p>Siendo ello as\u00ed, resulta indiscutible que el \u00a0nombramiento \u00a0de Garc\u00eda en dicho cargo se hizo con el firme prop\u00f3sito de\u00a0 \u00a0favorecer \u00a0las actividades delincuenciales del Bloque Norte de las Autodefensas, \u00a0en \u00a0la medida que a trav\u00e9s de \u00e9l ten\u00edan a su alcance toda la informaci\u00f3n que \u00a0registraban \u00a0las \u00a0autoridades \u00a0judiciales \u00a0del \u00a0pa\u00eds \u00a0contra \u00a0miembros \u00a0de \u00a0esa \u00a0organizaci\u00f3n delincuencial. \u00a0\u00a0<\/p>\n<p>De \u00a0all\u00ed \u00a0que \u00a0no \u00a0sea \u00a0ins\u00f3lito que Javier \u00a0Ernesto \u00a0Ochoa \u00a0Qui\u00f1\u00f3nez -Comandante de la Urbana de \u00a0la \u00a0Jagua de Ibirico, las Palmitas y Comandante de un grupo rural que operaba en \u00a0la \u00a0zona de Perij\u00e1, entre Codazzi y la Jagua para la persecuci\u00f3n del Frente 41 \u00a0de \u00a0 \u00a0las \u00a0 \u00a0FARC, \u00a0 \u00a0entre \u00a0 otros-, \u00a0 en \u00a0declaraci\u00f3n \u00a0rendida ante la Fiscal\u00eda el 23 de agosto de 2007, \u00a0hubiera \u00a0relatado \u00a0que en el segundo semestre de 2003 en una finca de Pivijai en \u00a0el \u00a0Magdalena, \u00a0conoci\u00f3 \u00a0a \u00a0Rafael \u00a0Garc\u00eda \u00a0cuando \u00a0llev\u00f3 \u00a0unos disquetes que \u00a0conten\u00edan \u00a0\u201cel \u00a0programa \u00a0que \u00a0utiliza el DAS para \u00a0verificar \u00a0antecedentes, \u00a0me \u00a0aparec\u00eda \u00a0una \u00a0orden \u00a0de captura cancelada por el \u00a0delito \u00a0 \u00a0 \u00a0 \u00a0 \u00a0 \u00a0 \u00a0de \u00a0 \u00a0 \u00a0 \u00a0 \u00a0 \u00a0 hurto100\u2026\u00a0 \u00a0nos \u00a0ped\u00edan los \u00a0n\u00fameros \u00a0de \u00a0c\u00e9dula y verificaban si ten\u00edamos antecedentes penales u \u00f3rdenes \u00a0de \u00a0captura, \u00a0debido a una copia de esas fue que las AUC se dieron cuenta que yo \u00a0trabajaba \u00a0 \u00a0 \u00a0 \u00a0con \u00a0 \u00a0 \u00a0 nombre \u00a0 \u00a0 \u00a0 propio101\u201d.\u00a0\u00a0\u00a0\u00a0 \u00a0\u00a0<\/p>\n<p>Como tampoco que Ariel Jos\u00e9 Garz\u00f3n Estrada, \u00a0ex \u00a0funcionario de la Oficina de Inform\u00e1tica, hubiera narrado que las consultas \u00a0de \u00a0las \u00a0bases \u00a0de \u00a0datos y los cambios que en ella se produc\u00edan, proven\u00edan de \u00a0las \u00a0 \u00f3rdenes \u00a0 impartidas \u00a0 por \u00a0 Rafael \u00a0Garc\u00eda, \u00a0quien \u00a0dec\u00eda \u00a0que \u00a0\u00e9stas \u00a0emanaban\u00a0 \u00a0del \u00a0Director \u00a0y \u00a0por \u00a0tanto \u00a0hab\u00eda \u00a0que cumplirlas102. \u00a0\u00a0<\/p>\n<p>Si \u00a0bien \u00a0NOGUERA \u00a0utiliza \u00a0como \u00a0argumento \u00a0defensivo \u00a0que \u00a0una \u00a0vez \u00a0se \u00a0enter\u00f3 \u00a0de \u00a0las \u00a0actividades \u00a0ilegales \u00a0que \u00a0ven\u00eda \u00a0realizando \u00a0su funcionario \u00a0colabor\u00f3 \u00a0con \u00a0la \u00a0investigaci\u00f3n que adelantaba la Fiscal\u00eda, es lo cierto que \u00a0desde \u00a0mucho \u00a0antes del inicio de la misma ya hab\u00eda sido alertado por parte del \u00a0Director \u00a0general \u00a0Operativo Luis Carlos Barrag\u00e1n Samper, sobre esta situaci\u00f3n \u00a0y \u00a0no \u00a0tom\u00f3 \u00a0acci\u00f3n alguna. Esto dijo el testigo cuando se le pregunt\u00f3 acerca \u00a0de \u00a0la \u00a0existencia de un sistema paralelo al legalmente establecido para incluir \u00a0o modificar la base de datos del DAS: \u00a0\u00a0<\/p>\n<p>: \u00a0\u201c \u00a0no \u00a0puedo \u00a0probarlo \u00a0pero \u00a0as\u00ed \u00a0se \u00a0lo \u00a0plante\u00e9 \u00a0al doctor NOGUERA y al doctor Giancarlo, \u00a0exist\u00edan \u00a0comentarios \u00a0an\u00f3nimos \u00a0incluso \u00a0en \u00a0el \u00a0sentido \u00a0de \u00a0que \u00a0el jefe de \u00a0inform\u00e1tica \u00a0 \u00a0 de \u00a0 \u00a0 una \u00a0 \u00a0 u \u00a0 \u00a0 otra \u00a0 \u00a0manera \u00a0 \u00a0accesaba \u00a0 \u00a0\u2013sic- \u00a0nuestros \u00a0archivos, \u00a0comentario \u00a0por \u00a0el \u00a0que el doctor NOGUERA se molestaba conmigo en forma dr\u00e1stica e incluso \u00a0me \u00a0 dec\u00edan \u00a0 que \u00a0 era \u00a0 que \u00a0 yo \u00a0 ten\u00eda \u00a0 cierta \u00a0 animadversi\u00f3n \u00a0 a \u00a0 sus \u00a0paisanos\u201d.\u00a0 \u00a0\u00a0<\/p>\n<p>Y \u00a0 \u00a0 \u00a0agreg\u00f3\u00a0 \u00a0 \u00a0 \u201centre \u00a0los \u00a0meses \u00a0de junio y julio de 2004 le manifest\u00e9 varias \u00a0veces \u00a0que \u00a0era \u00a0preciso \u00a0tratar \u00a0de establecer a trav\u00e9s de la subdirecci\u00f3n de \u00a0contrainteligencia \u00a0 qu\u00e9 \u00a0pasaba \u00a0realmente \u00a0con \u00a0la \u00a0oficina \u00a0de \u00a0inform\u00e1tica \u00a0dirigida \u00a0por \u00a0el doctor Garc\u00eda, si era cierto o no que \u00e9l ten\u00eda la manera de \u00a0acceder \u00a0el archivo de registros delictivos, siempre me dijo si, si, si, pero no \u00a0vi nunca ning\u00fan resultado\u201d \u00a0\u00a0<\/p>\n<p>M\u00edrese \u00a0entonces, \u00a0c\u00f3mo \u00a0el \u00a0comportamiento \u00a0complaciente \u00a0del \u00a0Director \u00a0frente \u00a0a \u00a0su \u00a0Jefe \u00a0de la Oficina de Inform\u00e1tica, \u00a0simplemente \u00a0se \u00a0muestra \u00a0acorde \u00a0con su pol\u00edtica de prestarle colaboraci\u00f3n al \u00a0Bloque \u00a0Norte \u00a0de \u00a0las \u00a0Autodefensas \u00a0liderado \u00a0por \u00a0\u201cJorge 40\u201d.\u00a0 Es en \u00a0virtud \u00a0de \u00a0esas \u00a0relaciones \u00a0que en varias oportunidades Nodier Giraldo Giraldo \u00a0sali\u00f3 \u00a0favorecido \u00a0con \u00a0los \u00a0borrados \u00a0que \u00a0se \u00a0hac\u00edan \u00a0de las anotaciones que \u00a0registraba \u00a0el \u00a0sistema de informaci\u00f3n del DAS en su contra, actuaciones \u00e9stas \u00a0que \u00a0le permitieron, seg\u00fan cuenta \u00e9l, viajar a Sur Am\u00e9rica y Europa a finales \u00a0del \u00a0 a\u00f1o \u00a0 2003 \u00a0 y \u00a0 principios \u00a0del \u00a0a\u00f1o \u00a02004103, \u00a0como tambi\u00e9n ocultar la \u00a0orden \u00a0 de \u00a0 captura \u00a0 con \u00a0fines \u00a0de \u00a0extradici\u00f3n104. \u00a0\u00a0<\/p>\n<p>Si \u00a0 no \u00a0hubiera \u00a0sido \u00a0en \u00a0raz\u00f3n \u00a0de \u00a0esa \u00a0colaboraci\u00f3n, \u00a0Nodier \u00a0Giraldo no habr\u00eda ingresado a las instalaciones del DAS \u00a0el \u00a028 \u00a0de \u00a0noviembre \u00a0de 2003 para tramitar tranquilamente y con prelaci\u00f3n, el \u00a0certificado \u00a0judicial \u00a0que \u00a0se \u00a0expidi\u00f3 \u00a0a su favor105. \u00a0\u00a0<\/p>\n<p>La \u00a0libertad \u00a0con \u00a0la cual actuaba el Jefe de \u00a0Inform\u00e1tica \u00a0en \u00a0el DAS,\u00a0 es prueba del benepl\u00e1cito que ten\u00eda de su jefe \u00a0para \u00a0la \u00a0realizaci\u00f3n \u00a0de \u00a0todo este tipo de actividades, las cuales incluyeron \u00a0borrar \u00a0las \u00f3rdenes de captura con fines de extradici\u00f3n que pesaban sobre Hugo \u00a0Fenel \u00a0Bernal \u00a0Molano, N\u00e9stor Caro Chaparro, Mario Fernando Camacho Mart\u00ednez y \u00a0Humberto Upegui Alzate. \u00a0\u00a0<\/p>\n<p>En \u00a0esas \u00a0condiciones, \u00a0al \u00a0acusado \u00a0se \u00a0le \u00a0condenar\u00e1 \u00a0tambi\u00e9n \u00a0por \u00a0este delito contra la fe p\u00fablica, en la modalidad de \u00a0supresi\u00f3n, \u00a0concurriendo en \u00e9l la circunstancia de agravaci\u00f3n contenida en el \u00a0inciso 2\u00ba del art\u00edculo 292 del C\u00f3digo Penal. \u00a0\u00a0<\/p>\n<p>3- UTILIZACI\u00d3N DE ASUNTO SOMETIDO A SECRETO O \u00a0RESERVA. \u00a0\u00a0<\/p>\n<p>A \u00a0tenor \u00a0del \u00a0art\u00edculo 419 de la Ley 599 de \u00a02000, \u00a0comete \u00a0este il\u00edcito el servidor p\u00fablico que utilice en provecho propio \u00a0o \u00a0ajeno, \u00a0descubrimiento \u00a0cient\u00edfico \u00a0u otra informaci\u00f3n o dato llegados a su \u00a0conocimiento \u00a0por \u00a0raz\u00f3n \u00a0de \u00a0sus funciones y que deban permanecer en secreto o \u00a0reserva. \u00a0\u00a0<\/p>\n<p>Conforme \u00a0a \u00a0la \u00a0redacci\u00f3n \u00a0gramatical \u00a0del \u00a0precepto, \u00a0este \u00a0delito \u00a0s\u00f3lo \u00a0puede \u00a0ser \u00a0cometido \u00a0por el funcionario que por \u00a0raz\u00f3n \u00a0de \u00a0su funci\u00f3n tuviere a su cargo la custodia intelectual del secreto o \u00a0la \u00a0informaci\u00f3n \u00a0de \u00a0car\u00e1cter confidencial, la cual, por disposici\u00f3n legal no \u00a0puede \u00a0ser \u00a0divulgada a terceros no legitimados para conocerla, por el riesgo de \u00a0afectar sensiblemente a la administraci\u00f3n p\u00fablica. \u00a0\u00a0<\/p>\n<p>Se \u00a0trata, \u00a0entonces, \u00a0de \u00a0un \u00a0tipo \u00a0penal en \u00a0blanco, \u00a0habida cuenta que surge indispensable acudir a otros ordenamientos para \u00a0establecer \u00a0si la informaci\u00f3n obtenida por el funcionario p\u00fablico en raz\u00f3n de \u00a0sus funciones, est\u00e1 sujeta a la reserva. \u00a0\u00a0<\/p>\n<p>Previo \u00a0 a \u00a0 realizar \u00a0 el \u00a0 an\u00e1lisis \u00a0que \u00a0corresponde, \u00a0la \u00a0Sala \u00a0aclara \u00a0a la defensa que este tipo penal no se encuentra \u00a0prescrito por la siguiente raz\u00f3n: \u00a0\u00a0<\/p>\n<p>El \u00a0inciso 4\u00ba del art\u00edculo 83 de la Ley 599 \u00a0de \u00a02000 \u00a0establece \u00a0que \u00a0\u201cen las conductas punibles \u00a0que \u00a0tengan \u00a0se\u00f1alada \u00a0pena \u00a0no \u00a0privativa \u00a0de \u00a0la \u00a0libertad, \u00a0la acci\u00f3n penal \u00a0prescribir\u00e1 en cinco (5) a\u00f1os\u201d \u00a0\u00a0<\/p>\n<p>A \u00a0su \u00a0turno \u00a0el art\u00edculo 86 consagra que la \u00a0prescripci\u00f3n \u00a0de \u00a0la \u00a0acci\u00f3n \u00a0penal \u00a0se \u00a0interrumpe \u00a0con la formulaci\u00f3n de la \u00a0imputaci\u00f3n, \u00a0 momento \u00a0 a \u00a0 partir \u00a0 del \u00a0 cual \u00a0 el \u00a0t\u00e9rmino \u00a0\u201cno podr\u00e1 ser inferior a cinco (5) a\u00f1os\u201d.\u00a0 \u00a0\u00a0<\/p>\n<p>As\u00ed \u00a0 las \u00a0cosas, \u00a0si \u00a0la \u00a0resoluci\u00f3n \u00a0de \u00a0acusaci\u00f3n \u00a0se profiri\u00f3 el 6 de mayo de 2009, y cobr\u00f3 ejecutoria el 22 de mayo \u00a0del \u00a0mismo a\u00f1o, es evidente que a la fecha no han transcurrido los cinco a\u00f1os, \u00a0luego, la petici\u00f3n del defensor no prospera. \u00a0\u00a0<\/p>\n<p>Aclarado \u00a0 lo \u00a0 anterior, \u00a0se \u00a0observa \u00a0que \u00a0JORGE \u00a0 \u00a0AURELIO \u00a0 \u00a0NOGUERA \u00a0 \u00a0COTES \u00a0 fue \u00a0designado Director del Departamento Administrativo de Seguridad \u00a0mediante \u00a0Decreto \u00a0Presidencial \u00a0No. \u00a01865 \u00a0de \u00a016 de agosto de 2002106, \u00a0mismo \u00a0d\u00eda \u00a0 en \u00a0 el \u00a0 cual \u00a0tom\u00f3 \u00a0posesi\u00f3n \u00a0del \u00a0cargo107. \u00a0\u00a0<\/p>\n<p>Seg\u00fan \u00a0el \u00a0art\u00edculo \u00a02\u00ba del Decreto 218 de \u00a02000, \u00a0 vigente \u00a0para \u00a0la \u00a0\u00e9poca \u00a0de \u00a0los \u00a0hechos \u00a0materia \u00a0de \u00a0investigaci\u00f3n, \u00a0correspond\u00eda \u00a0 al \u00a0 Departamento \u00a0 Administrativo \u00a0 de \u00a0Seguridad \u00a0\u2013DAS-, \u00a0entre \u00a0otras, \u00a0las \u00a0siguientes \u00a0funciones: \u00a0\u00a0<\/p>\n<p>&#8211; \u00a0Producir \u00a0la \u00a0Inteligencia \u00a0de \u00a0Estado que \u00a0requiere \u00a0el \u00a0Gobierno \u00a0Nacional para garantizar la seguridad nacional interna y \u00a0externa del Estado colombiano. \u00a0\u00a0<\/p>\n<p>&#8211; \u00a0Dirigir \u00a0la \u00a0actividad \u00a0de \u00a0inteligencia \u00a0estrat\u00e9gica de Estado en el \u00e1mbito nacional. \u00a0\u00a0<\/p>\n<p>&#8211; Coordinar el intercambio de informaci\u00f3n con \u00a0otros \u00a0 \u00a0 organismos \u00a0 \u00a0de \u00a0 \u00a0inteligencia \u00a0 \u00a0y \u00a0 \u00a0seguridad, \u00a0 \u00a0nacionales \u00a0 \u00a0e \u00a0internacionales. \u00a0\u00a0<\/p>\n<p>&#8211; \u00a0Adelantar \u00a0acciones \u00a0de contrainteligencia \u00a0tendientes \u00a0a \u00a0proteger \u00a0los intereses del Estado, frente a actividades hostiles \u00a0de origen interno o externo. \u00a0\u00a0<\/p>\n<p>&#8211; \u00a0Ejercer funciones de Polic\u00eda Judicial, en \u00a0coordinaci\u00f3n \u00a0con \u00a0la \u00a0Fiscal\u00eda General de la Naci\u00f3n, para investigaciones de \u00a0car\u00e1cter \u00a0 \u00a0criminal, \u00a0 \u00a0relacionadas \u00a0 \u00a0con \u00a0 \u00a0la \u00a0 naturaleza \u00a0 y \u00a0 finalidad \u00a0institucionales. \u00a0\u00a0<\/p>\n<p>En \u00a0raz\u00f3n \u00a0a la naturaleza de las anteriores \u00a0atribuciones, \u00a0el \u00a0art\u00edculo \u00a040 \u00a0de \u00a0la \u00a0preceptiva \u00a0citada, \u00a0establec\u00eda \u00a0que: \u00a0los documentos, mensajes, grabaciones, fotograf\u00edas y \u00a0material \u00a0clasificado \u00a0del Departamento tienen el car\u00e1cter secreto o reservado. \u00a0.. \u00a0El \u00a0servidor \u00a0p\u00fablico \u00a0que \u00a0indebidamente \u00a0los \u00a0d\u00e9 a conocer incurrir\u00e1 en \u00a0causal \u00a0de \u00a0mala \u00a0conducta, \u00a0sin \u00a0perjuicio \u00a0a \u00a0las sanciones penales a que haya \u00a0lugar\u201d. \u00a0\u00a0<\/p>\n<p>Es \u00a0incuestionable, \u00a0entonces, \u00a0que \u00a0el \u00a0ex \u00a0Director \u00a0del Departamento Administrativo de Seguridad por raz\u00f3n del cargo y de \u00a0las \u00a0funciones, \u00a0ten\u00eda \u00a0acceso a las labores de polic\u00eda judicial que adelantan \u00a0los \u00a0investigadores \u00a0en \u00a0coordinaci\u00f3n \u00a0con \u00a0la \u00a0Fiscal\u00eda, \u00a0como tambi\u00e9n a los \u00a0hallazgos \u00a0 obtenidos \u00a0 en \u00a0las \u00a0labores \u00a0de \u00a0inteligencia \u00a0adelantadas \u00a0por \u00a0el \u00a0organismo, \u00a0por \u00a0consiguiente, \u00a0dicha \u00a0informaci\u00f3n \u00a0se \u00a0encontraba \u00a0sometida \u00a0a \u00a0reserva \u00a0para \u00a0efecto \u00a0de \u00a0garantizar \u00a0el \u00a0\u00e9xito \u00a0de \u00a0las \u00a0investigaciones y la \u00a0seguridad nacional. \u00a0\u00a0<\/p>\n<p>En el presente proceso y conforme a los cargos \u00a0formulados \u00a0en \u00a0la \u00a0resoluci\u00f3n \u00a0de \u00a0acusaci\u00f3n, \u00a0el \u00a0an\u00e1lisis \u00a0de \u00a0los \u00a0medios \u00a0probatorios \u00a0realizado \u00a0en \u00a0p\u00e1rrafos \u00a0anteriores \u00a0acredita \u00a0suficientemente que \u00a0JORGE \u00a0 \u00a0AURELIO \u00a0 \u00a0NOGUERA \u00a0 \u00a0COTES \u00a0 en \u00a0calidad \u00a0de \u00a0Director \u00a0del mencionado organismo de seguridad, se \u00a0vali\u00f3 \u00a0de \u00a0su \u00a0amigo \u00a0Rafael Garc\u00eda Torres para suministrar al Bloque Norte de \u00a0las \u00a0Autodefensas\u00a0 \u00a0informaci\u00f3n \u00a0atinente \u00a0a \u00a0labores \u00a0de inteligencia, de \u00a0polic\u00eda \u00a0judicial y antecedentes, cuya propiedad era exclusiva del Departamento \u00a0Administrativo \u00a0 \u00a0de \u00a0 \u00a0Seguridad \u00a0 \u00a0\u2013DAS-. \u00a0\u00a0<\/p>\n<p>En relaci\u00f3n con la entrega de la informaci\u00f3n \u00a0de \u00a0la \u00a0acci\u00f3n \u00a0de \u00a0extinci\u00f3n de dominio a Jos\u00e9 Gelves Albarrac\u00edn, ide\u00f3logo \u00a0pol\u00edtico \u00a0del \u00a0Frente \u00a0Resistencia Tayrona, oportunas resultan las glosas de la \u00a0representante \u00a0del \u00a0Ministerio P\u00fablico cuando sostiene que resultar\u00eda bastante \u00a0comprometedor \u00a0 y, \u00a0 por \u00a0 ende, \u00a0 adverso \u00a0 para \u00a0 su \u00a0posici\u00f3n, \u00a0que \u00a0Gelv\u00e9z \u00a0Albarrac\u00edn\u00a0 \u00a0reconociera \u00a0lo que de \u00e9l sostiene Garc\u00eda Torres, en tanto, \u00a0seg\u00fan \u00a0su \u00a0propio \u00a0dicho, s\u00f3lo ten\u00eda injerencia en los asuntos pol\u00edticos del \u00a0frente \u00a0paramilitar comandado por Giraldo Serna y no en lo militar y financiero, \u00a0es \u00a0decir, \u00a0con el espectro operativo, luego, como era de esperarse, desconoci\u00f3 \u00a0de \u00a0manera \u00a0tajante \u00a0tal \u00a0situaci\u00f3n \u00a0cuando rindi\u00f3 declaraci\u00f3n en el presente \u00a0tr\u00e1mite. \u00a0\u00a0<\/p>\n<p>Igualmente, con independencia del lugar en el \u00a0cual \u00a0se llev\u00f3 a cabo por parte de Rafael Garc\u00eda la entrega de la informaci\u00f3n \u00a0Cicl\u00f3n, \u00a0es \u00a0lo \u00a0cierto \u00a0que \u00a0Nodier Giraldo Giraldo y Jos\u00e9 Gelves Albarrac\u00edn \u00a0admiten \u00a0haberse \u00a0entrevistado \u00a0en \u00a0varias oportunidades con Garc\u00eda, por lo que \u00a0razonable \u00a0es \u00a0inferir, \u00a0que \u00a0en cualquiera de esos encuentros se suministr\u00f3 la \u00a0aludida informaci\u00f3n. \u00a0\u00a0<\/p>\n<p>La \u00a0precedente secuencia argumental aunada al \u00a0examen\u00a0 \u00a0realizado en el cap\u00edtulo concerniente al delito de concierto para \u00a0delinquir, \u00a0 permiten \u00a0 proferir \u00a0 sentencia \u00a0condenatoria \u00a0contra \u00a0JORGE \u00a0AURELIO NOGUERA COTES por el delito \u00a0de utilizaci\u00f3n de asunto sometido a secreto o reserva.\u00a0 \u00a0\u00a0<\/p>\n<p>4-\u00a0 HOMICIDIOS \u00a0<\/p>\n<p>La resoluci\u00f3n de acusaci\u00f3n formul\u00f3 tambi\u00e9n \u00a0cargos \u00a0contra \u00a0el \u00a0ex \u00a0Director del DAS JORGE AURELIO \u00a0NOGUERA \u00a0COTES \u00a0por \u00a0los \u00a0homicidios de Alfredo Rafael \u00a0Francisco \u00a0Correa \u00a0de \u00a0Andreis, \u00a0Zully Esther Codina P\u00e9rez y Fernando Pisciotti \u00a0Vanstrhalen. \u00a0\u00a0<\/p>\n<p>La Fiscal\u00eda apoy\u00f3 estas imputaciones en las \u00a0acusaciones \u00a0 efectuadas \u00a0 por \u00a0 Rafael \u00a0 Garc\u00eda \u00a0 Torres, \u00a0seg\u00fan \u00a0las \u00a0cuales \u00a0\u201cexist\u00edan \u00a0 \u00a0 \u00a0 \u00a0 \u00a0 \u00a0 \u00a0 listados \u00a0 de \u00a0l\u00edderes \u00a0sindicalistas, \u00a0activistas \u00a0 de \u00a0 izquierda, \u00a0 profesores \u00a0 y \u00a0 estudiantes \u00a0 universitarios\u201d, \u00a0que \u00a0eran \u00a0entregados por el\u00a0 Director del DAS al \u00a0Bloque \u00a0Norte \u00a0de \u00a0las Autodefensas para que procedieran a ejecutarlos, y en los \u00a0se\u00f1alamientos \u00a0que \u00a0se hacen en las investigaciones adelantadas por las muertes \u00a0de \u00a0las \u00a0personas \u00a0atr\u00e1s citadas, en el sentido que fue por orden de este grupo \u00a0paramilitar que las mismas se produjeron . \u00a0\u00a0<\/p>\n<p>Si \u00a0bien en la investigaci\u00f3n nunca se hall\u00f3 \u00a0que \u00a0los \u00a0nombres \u00a0de \u00a0Zully Codina P\u00e9rez, Alfredo Correa De Andreis y Fernando \u00a0Pisciotti \u00a0hubieran \u00a0hecho \u00a0parte \u00a0de \u00a0una \u00a0lista \u00a0que \u00a0seg\u00fan \u00a0Rafael \u00a0Garc\u00eda, \u00a0supuestamente \u00a0fue entregada por su superior al Bloque Norte de las Autodefensas \u00a0para \u00a0que \u00a0los asesinaran, la Sala con fundamento en los elementos de juicio que \u00a0obran \u00a0respecto \u00a0de cada uno de estos homicidios, determinar\u00e1 si el DAS durante \u00a0la \u00a0 administraci\u00f3n \u00a0 de \u00a0 JORGE \u00a0 AURELIO \u00a0NOGUERA \u00a0COTES, \u00a0prest\u00f3 \u00a0su \u00a0colaboraci\u00f3n \u00a0a \u00a0la \u00a0asociaci\u00f3n \u00a0delictiva para estos fines. \u00a0\u00a0<\/p>\n<p>DEL \u00a0HOMICIDIO \u00a0DE \u00a0ALFREDO \u00a0RAFAEL FRANCISCO \u00a0CORREA DE ANDREIS. \u00a0\u00a0<\/p>\n<p>El \u00a017 \u00a0de septiembre de 2004, Alfredo Rafael \u00a0Francisco \u00a0Correa \u00a0de \u00a0Andr\u00e9is \u00a0y \u00a0su \u00a0escolta Edelberto Ochoa Mart\u00ednez fueron \u00a0objeto \u00a0de \u00a0varios \u00a0disparos \u00a0con \u00a0arma \u00a0de fuego por parte de un sujeto, cuando \u00a0circulaban \u00a0por \u00a0una v\u00eda p\u00fablica de la ciudad de Barranquilla, ocasion\u00e1ndoles \u00a0sus \u00a0muertes, \u00a0seg\u00fan \u00a0da \u00a0cuenta el acta de inspecci\u00f3n de cad\u00e1ver de la misma \u00a0fecha108 \u00a0y el protocolo de necropsia 2004P00963109. \u00a0\u00a0<\/p>\n<p>Correa \u00a0de Andr\u00e9is era soci\u00f3logo y profesor \u00a0de \u00a0las Universidades del Norte y Sim\u00f3n Bol\u00edvar de Barranquilla y se destacaba \u00a0por \u00a0desarrollar \u00a0un \u00a0intenso \u00a0trabajo \u00a0acad\u00e9mico \u00a0y \u00a0social \u00a0con poblaci\u00f3n en \u00a0situaci\u00f3n \u00a0de \u00a0desplazamiento \u00a0en \u00a0los Departamentos del Atl\u00e1ntico y Bol\u00edvar, \u00a0labor \u00a0que \u00a0le \u00a0origin\u00f3 \u00a0el se\u00f1alamiento inescrupuloso de ser ide\u00f3logo de las \u00a0FARC. \u00a0\u00a0<\/p>\n<p>El \u00a0an\u00e1lisis \u00a0de los elementos de juicio que \u00a0obran \u00a0en \u00a0el presente proceso, permite afirmar que el DAS actu\u00f3 en connivencia \u00a0con \u00a0el \u00a0Bloque \u00a0Norte \u00a0de \u00a0las \u00a0Autodefensas, \u00a0a trav\u00e9s del Frente Jos\u00e9 Pablo \u00a0D\u00edaz, \u00a0comandado \u00a0por \u00a0Edgar \u00a0Ignacio \u00a0Fierro, \u00a0alias \u00a0\u201cDon \u00a0Antonio\u201d, para \u00a0inicialmente \u00a0hacer \u00a0ver \u00a0al \u00a0profesor \u00a0Alfredo Rafael Correa De Andreis como un \u00a0subversivo y despu\u00e9s, proceder a ejecutarlo. \u00a0\u00a0<\/p>\n<p>En \u00a0este \u00a0sentido \u00a0es incontrovertible que el \u00a0profesor \u00a0Correa \u00a0De \u00a0Andreis \u00a0fue \u00a0objeto de seguimientos y tomas fotogr\u00e1ficas \u00a0ilegales \u00a0desde \u00a0el \u00a0mes \u00a0de \u00a0agosto \u00a0de \u00a02003, por parte del investigador de la \u00a0Direcci\u00f3n \u00a0 seccional \u00a0 del \u00a0 DAS \u00a0 de \u00a0 Valledupar, \u00a0 Javier \u00a0 Alfredo \u00a0 Valle \u00a0Amaya. \u00a0\u00a0<\/p>\n<p>Este \u00a0funcionario \u00a0de \u00a0quien se supo despu\u00e9s \u00a0ten\u00eda \u00a0v\u00ednculos \u00a0con el comandante del Frente Jos\u00e9 Pablo D\u00edaz, Edgar Ignacio \u00a0Fierro, \u00a0 alias \u00a0 \u201cDon \u00a0 Antonio\u201d, \u00a0personaje \u00a0que \u00a0orden\u00f3 \u00a0la \u00a0muerte \u00a0del \u00a0catedr\u00e1tico \u00a0 \u00a0 \u00a0 \u00a0 \u00a0 \u00a0 \u00a0 \u00a0 \u00a0Correa110, \u00a0 actu\u00f3 \u00a0sin \u00a0orden \u00a0de \u00a0superior \u00a0 \u00a0 \u00a0 \u00a0 \u00a0 \u00a0 \u00a0 \u00a0 \u00a0inmediato111 \u00a0 \u00a0 \u00a0para\u00a0 \u00a0tomar \u00a0declaraciones, incluso bajo \u00a0la \u00a0gravedad \u00a0de \u00a0juramento, \u00a0a dos reinsertados de las FARC de nombres Eli\u00e9cer \u00a0Vivas \u00a0 \u00a0 \u00a0 \u00a0 \u00a0 \u00a0 \u00a0 \u00a0 \u00a0 \u00a0 Cuervo112 \u00a0 \u00a0y \u00a0 \u00a0Yamile \u00a0 Barrios \u00a0Villegas113 el 13 y 20 de agosto de 2003, respectivamente. \u00a0\u00a0<\/p>\n<p>El propio Javier Alfredo Valle Anaya admiti\u00f3 \u00a0ante \u00a0un \u00a0Fiscal \u00a0Delegado \u00a0ante \u00a0la Corte Suprema de Justicia el 27 de marzo de \u00a02008, \u00a0que \u00a0nadie \u00a0le orden\u00f3 investigar al profesor Correa De Andreis, explic\u00f3 \u00a0en \u00a0esa \u00a0declaraci\u00f3n y en la rendida dentro del proceso adelantado contra \u00e9ste \u00a0por \u00a0 \u00a0 \u00a0 el \u00a0 \u00a0 \u00a0delito \u00a0 \u00a0 \u00a0de \u00a0 \u00a0 \u00a0rebeli\u00f3n114, \u00a0que \u00a0despu\u00e9s de recibir \u00a0las \u00a0\u201centrevistas\u201d \u00a0a \u00a0Vivas \u00a0Cuervo y Barrios Villegas, se contact\u00f3 con el \u00a0DAS \u00a0de Barranquilla para hacer labores de inteligencia en las universidades que \u00a0incluyeron \u00a0hacer \u00a0tomas fotogr\u00e1ficas al soci\u00f3logo115, \u00a0actividad respecto de la \u00a0cual \u00a0 no \u00a0 se \u00a0 hall\u00f3 \u00a0 reporte \u00a0 oficial \u00a0alguno116. \u00a0\u00a0<\/p>\n<p>Im\u00e1genes que adem\u00e1s, fueron exhibidas en un \u00a0escenario \u00a0clandestino \u00a0por \u00a0parte \u00a0del investigador a los aludidos declarantes, \u00a0quienes seg\u00fan Valle, lo se\u00f1alaron como alias \u201cEulogio\u201d. \u00a0\u00a0<\/p>\n<p>Todas estas acciones subrepticias, carentes de \u00a0vigilancia\u00a0 \u00a0 alguna \u00a0 por \u00a0 parte \u00a0 de \u00a0 las \u00a0 directivas \u00a0 del \u00a0 DAS \u00a0 en \u00a0Valledupar,\u00a0 \u00a0las continu\u00f3 Valle Anaya a\u00fan despu\u00e9s de ser trasladado por \u00a0JORGE \u00a0AURELIO NOGUERA en el \u00a0mes \u00a0de \u00a0mayo \u00a0de \u00a02004 \u00a0a la Seccional del Bol\u00edvar117, \u00a0lugar donde curiosamente \u00a0se \u00a0hallaba \u00a0como \u00a0Director \u00a0R\u00f3mulo \u00a0Betancurt, \u00a0otro \u00a0de \u00a0los funcionarios con \u00a0v\u00ednculos \u00a0de \u00a0vieja \u00a0data, \u00a0con \u00a0las \u00a0autodefensas.\u00a0 Fue en esta seccional \u00a0donde \u00a0finalmente Valle Anaya present\u00f3 ante la Fiscal\u00eda el 2 de junio de 2004, \u00a0el \u00a0informe \u00a0187 \u00a0acompa\u00f1ado de fotograf\u00edas de \u201cun \u00a0sujeto \u00a0 \u00a0conocido \u00a0 \u00a0con \u00a0 \u00a0el \u00a0 \u00a0alias \u00a0 Eulogio118\u201d \u00a0 \u00a0 \u00a0pero sin identificarlo como Alfredo Correa De Andreis. \u00a0\u00a0<\/p>\n<p>Era tal el inter\u00e9s del investigador porque la \u00a0Fiscal\u00eda \u00a0no \u00a0tuviera \u00a0dudas \u00a0sobre la identidad de la persona que aparec\u00eda en \u00a0las \u00a0fotograf\u00edas, que en el informe 192 de 17 de junio de 2004, oficializ\u00f3 los \u00a0datos \u00a0 biogr\u00e1ficos \u00a0 de \u00a0quien \u00a0sab\u00eda \u00a0con \u00a0extremada \u00a0anticipaci\u00f3n \u00a0era \u00a0el \u00a0soci\u00f3logo \u00a0 y\u00a0 \u00a0profesor \u00a0Correa \u00a0De \u00a0Andreis119. \u00a0\u00a0<\/p>\n<p>De \u00a0esta \u00a0manera \u00a0el \u00a0referido \u00a0investigador \u00a0utiliz\u00f3 \u00a0a \u00a0la \u00a0Fiscal\u00eda \u00a0para \u00a0que \u00a0abriera \u00a0investigaci\u00f3n \u00a0formal contra su \u00a0v\u00edctima \u00a0por \u00a0el \u00a0delito \u00a0de rebeli\u00f3n-17 de junio de \u00a02004-, \u00a0 \u00a0ordenara \u00a0 \u00a0su \u00a0 \u00a0captura \u00a0 \u00a0-17 \u00a0de \u00a0junio \u00a0de \u00a02004- \u00a0y \u00a0le impusiera \u00a0medida \u00a0de \u00a0aseguramiento de detenci\u00f3n preventiva -28 \u00a0de \u00a0 \u00a0 \u00a0 \u00a0 \u00a0junio \u00a0 \u00a0 \u00a0 \u00a0 \u00a0de \u00a0 \u00a0 \u00a0 \u00a0 \u00a02004-120; \u00a0proceso \u00a0en \u00a0el \u00a0cual \u00a0se evidencia sin duda alguna el montaje que fragu\u00f3 Valle \u00a0Anaya \u00a0contra \u00a0el catedr\u00e1tico. Basta leer los testimonios rendidos por Mayerlin \u00a0Torres \u00a0y \u00a0Javier \u00a0Larraz\u00e1bal, \u00a0testigos \u00a0conseguidos por el investigador, para \u00a0advertir \u00a0c\u00f3mo \u00a0los \u00a0dos \u00a0al \u00a0un\u00edsono en una extensi\u00f3n bien significativa, de \u00a0manera separada refirieron: \u00a0\u00a0<\/p>\n<p>\u201c\u00a0 \u00a0\u2026 \u00a0tambi\u00e9n \u00a0conoc\u00ed \u00a0a \u00a0muchas \u00a0personas \u00a0que \u00a0son\u00a0 \u00a0miembros de la guerrilla de las FARC, pero hacen parte \u00a0del \u00a0 movimiento \u00a0 clandestino, \u00a0 como \u00a0 es \u00a0 el \u00a0 caso \u00a0de \u00a0alias \u00a0Eulogio, \u00a0quien \u00a0es ide\u00f3logo del Bloque \u00a0Caribe \u00a0de \u00a0las \u00a0FARC, \u00a0\u00e9l \u00a0se desempe\u00f1a \u00a0 \u00a0como \u00a0 creador \u00a0 de \u00a0 n\u00facleos \u00a0 de \u00a0inteligencia \u00a0 \u00a0 clandestina, \u00a0 \u00a0y \u00a0 \u00a0reclutador \u00a0 de \u00a0 personas \u00a0para \u00a0luego \u00a0ingresarlas a dicho movimiento\u201d \u00a0\u00a0<\/p>\n<p>La \u00a0praxis judicial y la l\u00f3gica ense\u00f1an que \u00a0nunca \u00a0dos \u00a0personas \u00a0utilizan \u00a0id\u00e9nticas palabras en el mismo orden para hacer \u00a0una \u00a0narraci\u00f3n; \u00a0esto \u00a0s\u00f3lo \u00a0sucede cuando los testimonios obedecen a libretos \u00a0preparados \u00a0con \u00a0anterioridad, \u00a0que es exactamente lo evidenciado en este relato \u00a0donde \u00a0se \u00a0hacen \u00a0se\u00f1alamientos \u00a0contra una persona conocida supuestamente como \u00a0alias \u201cEulogio\u201d. \u00a0\u00a0<\/p>\n<p>De \u00a0all\u00ed \u00a0que \u00a0no \u00a0sea casual que las frases \u00a0usadas \u00a0por \u00a0los\u00a0 \u00a0declarantes \u00a0Mayerlin \u00a0Torres \u00a0y Javier Larraz\u00e1bal para \u00a0tachar \u00a0al \u00a0profesor \u00a0de \u00a0subversivo, \u00a0\u201ccreador \u00a0de \u00a0n\u00facleos \u00a0de \u00a0inteligencia\u201d\u00a0 \u00a0y \u201creclutador \u00a0 de \u00a0personas\u201d, \u00a0sean \u00a0casi \u00a0id\u00e9nticas \u00a0a \u00a0las \u00a0citadas \u00a0en \u00a0el reporte que se encontr\u00f3 en el computador de \u00a0Edgar \u00a0Ignacio Fierro, alias \u201cDon Antonio\u201d, donde \u00e9ste informaba a su\u00a0 \u00a0jefe Rodrigo Tovar Pupo alias \u201cJorge 40\u201d lo siguiente: \u00a0\u00a0<\/p>\n<p>\u201c \u00a0 \u2026\u00a0 \u00a0 ejecuci\u00f3n \u00a0 del \u00a0se\u00f1or \u00a0\u201cALFREDO \u00a0CORREA \u00a0DE \u00a0ANDREIS, \u00a0alias \u00a0EULOGIO. \u00a0Este sujeto representaba gran \u00a0importancia \u00a0 para \u00a0la \u00a0estructura \u00a0del \u00a0Partido \u00a0Comunista \u00a0Clandestino \u00a0PCC \u00a0y \u00a0se \u00a0 \u00a0 desempe\u00f1aba \u00a0como creador de n\u00facleos de inteligencia urbanos \u00a0 \u00a0 y \u00a0 \u00a0 reclutamiento \u00a0 \u00a0de \u00a0personas \u00a0para \u00a0el movimiento revolucionario, adem\u00e1s \u00a0era \u00a0 ide\u00f3logo \u00a0 y \u00a0realizaba \u00a0desplazamientos \u00a0frecuentes \u00a0a \u00a0campamentos \u00a0con \u00a0terroristas \u00a0de \u00a0los \u00a0diferentes \u00a0frentes del bloque caribe de las FARC\u201d. Caso \u00a0que \u00a0figura \u00a0en el anexo uno, acciones realizadas por la comisi\u00f3n metropolitana \u00a0que \u00a0 \u00a0 \u00a0 delinque \u00a0 \u00a0 \u00a0 en \u00a0 \u00a0 \u00a0 Barranquilla121\u201d \u00a0\u00a0<\/p>\n<p>M\u00edrese \u00a0 entonces, \u00a0 c\u00f3mo \u00a0 es \u00a0un \u00a0hecho \u00a0indiscutible \u00a0que \u00a0los \u00a0se\u00f1alamientos \u00a0efectuados \u00a0contra \u00a0Alfredo Correa en el \u00a0anterior \u00a0reporte, \u00a0provinieron de los testigos allegados por Javier Valle Anaya \u00a0para judicializar al profesor. \u00a0\u00a0<\/p>\n<p>De \u00a0all\u00ed que no resulte extra\u00f1o que a pesar \u00a0de \u00a0que \u00a0Mayerlin \u00a0Torres y Javier Larraz\u00e1bal hubieran negado ante la fiscal\u00eda \u00a0haber \u00a0 \u00a0recibido \u00a0 un \u00a0 pago \u00a0 por \u00a0 las \u00a0 declaraciones \u00a0 rendidas122, \u00a0obre el \u00a0comprobante \u00a0de \u00a0gastos reservados S.BOL.GOPE-0016 de 17 de junio de 2004, donde \u00a0Javier \u00a0Alfredo \u00a0Valle \u00a0Anaya aparece cancelando junto con R\u00f3mulo Betancurt, en \u00a0calidad \u00a0de \u00a0ordenador \u00a0del \u00a0gasto,\u00a0 \u00a0la \u00a0suma \u00a0de \u00a0$850.000 a \u201ccolaboradores \u00a0 del \u00a0 blanco \u00a0 subversivo \u00a0que \u00a0por \u00a0razones \u00a0de \u00a0seguridad \u00a0se \u00a0abstienen \u00a0a \u00a0estampar \u00a0su \u00a0firma \u00a0o \u00a0huella\u201d\u00a0 \u00a0por \u00a0\u201cconcepto de pago de informaci\u00f3n \u00a0que \u00a0dio \u00a0como \u00a0resultado la judicializaci\u00f3n y posterior captura de un presunto \u00a0ide\u00f3logo \u00a0 del \u00a0 bloque \u00a0 caribe \u00a0 de \u00a0las \u00a0FARC, \u00a0conocido \u00a0con \u00a0el \u00a0alias \u00a0de \u00a0\u201cEULOGIO\u201d, \u00a0el cual fue capturado en Barranquilla y actualmente se encuentra \u00a0a \u00a0 disposici\u00f3n \u00a0de \u00a0la \u00a0fiscal\u00eda \u00a0seccional \u00a036 \u00a0de \u00a0Barranquilla123\u201d\u00a0 \u00a0\u00a0<\/p>\n<p>Eran \u00a0tan \u00a0falaces \u00a0las \u00a0sindicaciones de los \u00a0testigos \u00a0aportados \u00a0por \u00a0el \u00a0DAS, que la defensa f\u00e1cilmente pudo demostrar con \u00a0fotos \u00a0y \u00a0certificaciones de las universidades donde laboraba su poderdante, que \u00a0los \u00a0d\u00edas \u00a0en los cuales supuestamente hab\u00eda estado ofreciendo adoctrinamiento \u00a0a \u00a0grupos \u00a0insurgentes, \u00a0se \u00a0encontraba \u00a0en \u00a0actividades \u00a0familiares \u00a0y dictando \u00a0c\u00e1tedra \u00a0a estudiantes de la Universidad del Norte, probanzas que llevaron a la \u00a0Fiscal\u00eda \u00a0a \u00a0revocar \u00a0la medida de aseguramiento de detenci\u00f3n preventiva el 14 \u00a0de \u00a0 \u00a0 \u00a0 \u00a0 \u00a0julio \u00a0 \u00a0 \u00a0 \u00a0 \u00a0de \u00a0 \u00a0 \u00a0 \u00a0 \u00a02004124. \u00a0\u00a0<\/p>\n<p>Todas estas actividades irregulares realizadas \u00a0por \u00a0Javier \u00a0Valle \u00a0Anaya, \u00a0se \u00a0encuentran \u00a0relacionadas \u00a0con \u00a0la\u00a0 estrecha \u00a0amistad \u00a0que manten\u00eda con los paramilitares, espec\u00edficamente con los jefes del \u00a0Frente \u00a0 \u00a0 Jos\u00e9 \u00a0 \u00a0 Pablo \u00a0 \u00a0D\u00edaz \u00a0 \u00a0\u2013Edgar \u00a0Ignacio \u00a0Fierro \u00a0alias \u00a0\u201cDon \u00a0Antonio\u201d- \u00a0y \u00a0de \u00a0la \u00a0Comisi\u00f3n Pol\u00edtica del Bloque \u00a0Norte \u00a0 \u00a0de \u00a0 \u00a0las \u00a0 \u00a0Autodefensas \u00a0 \u2013Carlos \u00a0 Mario \u00a0 Garc\u00eda \u00a0 \u00c1vila, \u00a0 alias \u00a0\u201cGonzalo\u201d \u00a0o \u00a0\u201cel \u00a0m\u00e9dico\u201d-, \u00a0a \u00a0quienes \u00a0transportaba en un veh\u00edculo \u00a0del \u00a0organismo \u00a0desde \u00a0Valledupar a Barranquilla o de \u00a0Barranquilla \u00a0 a \u00a0 Cartagena \u00a0 o \u00a0de \u00a0Barranquilla \u00a0a \u00a0Santa \u00a0Marta. \u00a0\u00a0<\/p>\n<p>Resulta imposible creer que la causa de estos \u00a0desplazamientos \u00a0obedeci\u00f3 \u00a0a \u00a0favores \u00a0de \u00a0\u00edndole personal, como lo pretendi\u00f3 \u00a0hacer \u00a0 ver \u00a0 Edgar \u00a0 Ignacio \u00a0 Fierro \u00a0 para \u00a0 proteger \u00a0 a \u00a0 quien \u00a0llam\u00f3 \u00a0su \u00a0\u201camigo\u201d125, \u00a0lo \u00a0que puede inferirse de la colaboraci\u00f3n prestada es que \u00e9sta \u00a0ten\u00eda \u00a0como \u00a0fundamento \u00a0su \u00a0v\u00ednculo \u00a0con \u00a0dos \u00a0reconocidos \u00a0miembros \u00a0de \u00a0las \u00a0autodefensas \u00a0 del \u00a0bloque \u00a0norte \u00a0que \u00a0ocupaban \u00a0un \u00a0rango \u00a0distinguido \u00a0en \u00a0la \u00a0organizaci\u00f3n; \u00a0no \u00a0de otra manera puede explicarse que un abogado, servidor del \u00a0Departamento \u00a0Administrativo \u00a0de \u00a0Seguridad, \u00a0quien \u00a0entre \u00a0sus funciones ten\u00eda \u00a0manejar \u00a0informaci\u00f3n reservada de inteligencia y colaborar a la Fiscal\u00eda en la \u00a0investigaci\u00f3n \u00a0y \u00a0judicializaci\u00f3n \u00a0de \u00a0los \u00a0grupos organizados al margen de la \u00a0ley, \u00a0 pusiera \u00a0al \u00a0servicio \u00a0de \u00a0\u00e9stos \u00a0su \u00a0tiempo \u00a0y \u00a0los \u00a0veh\u00edculos \u00a0de \u00a0la \u00a0instituci\u00f3n. \u00a0\u00a0<\/p>\n<p>De hecho, es en virtud de esas relaciones que \u00a0la \u00a0hoja \u00a0de vida de Javier Alfredo Valle Anaya fue encontrada en una operaci\u00f3n \u00a0realizada \u00a0los \u00a0d\u00edas 22, 23 y 24 de enero de 2006 en contra de las autodefensas \u00a0en \u00a0 \u00a0 \u00a0el \u00a0 \u00a0 \u00a0municipio \u00a0 \u00a0 \u00a0de \u00a0 \u00a0 \u00a0Ci\u00e9naga126, \u00a0y \u00a0que \u00a0el \u00a0estudio \u00a0de \u00a0lealtad \u00a0y confiabilidad practicado por el DAS, hubiera \u00a0indicado \u00a0que \u00a0ten\u00eda \u00a0v\u00ednculos con esa asociaci\u00f3n delictiva, como lo inform\u00f3 \u00a0en \u00a0declaraci\u00f3n \u00a0rendida \u00a0mediante certificaci\u00f3n jurada el 16 de julio de 2007 \u00a0el \u00a0ex Director del DAS Andr\u00e9s Mauricio Pe\u00f1ate, motivo que incluso origin\u00f3 su \u00a0insubsistencia127. \u00a0\u00a0<\/p>\n<p>Y \u00a0si \u00a0a \u00a0lo anterior se agrega que Salvatore \u00a0Mancuso \u00a0aludi\u00f3 \u00a0a \u00a0los \u00a0desplazamientos \u00a0que \u00a0se \u00a0hac\u00edan en los carros de las \u00a0entidades \u00a0estatales \u00a0como \u00a0el \u00a0DAS, \u00a0para \u00a0asegurar \u00a0que los integrantes de las \u00a0autodefensas \u00a0se \u00a0transportaban \u00a0en ellos con la finalidad de realizar de manera \u00a0mancomunada \u00a0 actividades \u00a0 ilegales, \u00a0 no \u00a0es \u00a0un azar entonces, que los traslados\u00a0 realizados a Edgar \u00a0Ignacio \u00a0Fierro \u00a0en \u00a0el \u00a0veh\u00edculo \u00a0del \u00a0DAS por Barranquilla, Cartagena y\u00a0 \u00a0Valledupar, \u00a0correspondan a las ciudades donde se llevaron a cabo las labores de \u00a0inteligencia contra el catedr\u00e1tico. \u00a0\u00a0<\/p>\n<p>Y pese a que \u00a0<\/p>\n<p>\u00a0 \u00a0\u00a0<\/p>\n<p>* Los \u00a0medios \u00a0de \u00a0comunicaci\u00f3n hicieron saber p\u00fablicamente las manifestaciones de la \u00a0familia \u00a0del catedr\u00e1tico, en cuanto a que su muerte se encontraba vinculada con \u00a0la \u00a0captura\u00a0\u00a0 \u00a0realizada \u00a0por \u00a0Javier \u00a0Alfredo Valle Anaya128, \u00a0 \u00a0\u00a0<\/p>\n<p>\u00a0 \u00a0\u00a0<\/p>\n<p>* Que \u00a0la \u00a0Oficina de Control Disciplinario Interno del DAS adelantaba bajo el radicado \u00a0595-04 \u00a0una \u00a0investigaci\u00f3n \u00a0contra \u00a0Javier \u00a0Valle \u00a0Anaya \u00a0por \u00a0las \u201cpresuntas \u00a0irregularidades \u00a0en \u00a0la retenci\u00f3n del se\u00f1or Alfredo \u00a0Rafael \u00a0 \u00a0 \u00a0 \u00a0Correa \u00a0 \u00a0 \u00a0 \u00a0De \u00a0 \u00a0 \u00a0 \u00a0Andreis129\u201d, \u00a0 \u00a0\u00a0<\/p>\n<p>\u00a0 \u00a0\u00a0<\/p>\n<p>* Que \u00a0el \u00a0 \u00a0ex \u00a0 \u00a0Director \u00a0 \u00a0General \u00a0 \u00a0de \u00a0 \u00a0Inteligencia \u00a0 \u00a0-Giancarlo \u00a0 Auque \u00a0 de \u00a0Silvestri130- \u00a0 y \u00a0 el \u00a0 ex \u00a0 Director \u00a0 Seccional \u00a0 de \u00a0 Bol\u00edvar \u00a0\u2013R\u00f3mulo \u00a0 \u00a0 \u00a0Betancurt131- trataron \u00a0el \u00a0tema de la captura del profesor Correa, y que despu\u00e9s del homicidio, seg\u00fan \u00a0cont\u00f3 \u00a0Valle \u00a0Anaya, del nivel central le ordenaron formular denuncia penal por \u00a0las \u00a0afirmaciones \u00a0de \u00a0la \u00a0prensa \u00a0en \u00a0torno \u00a0a \u00a0que \u00a0el \u00a0DAS \u00a0le \u00a0hab\u00eda puesto \u00a0\u201cla \u00a0lapida \u00a0en \u00a0el \u00a0cuello, \u00a0y \u00a0que \u00a0eso \u00a0hubo \u00a0un \u00a0montaje132\u201d, \u00a0 \u00a0\u00a0<\/p>\n<p>El \u00a0ex \u00a0Director \u00a0del \u00a0organismo JORGE \u00a0 \u00a0 \u00a0 AURELIO \u00a0 \u00a0 \u00a0NOGUERA \u00a0 \u00a0 \u00a0COTES\u00a0 \u00a0 \u00a0 \u00a0ascendi\u00f3 \u00a0mediante \u00a0resoluci\u00f3n \u00a00279 \u00a0del \u00a018 de febrero de 2005 a \u00a0Javier \u00a0Valle \u00a0Anaya \u00a0del \u00a0cargo \u00a0de \u00a0investigador \u00a0a \u00a0Subdirector del DAS en el \u00a0Magdalena, \u00a0seg\u00fan \u00a0\u00e9l, \u00a0porque \u00a0era \u00a0un \u00a0funcionario con una excelente hoja de \u00a0vida, personas a quienes como \u00e9l, m\u00e1s promov\u00eda. \u00a0\u00a0<\/p>\n<p>Esta explicaci\u00f3n como puede observarse, raya \u00a0con \u00a0el \u00a0manto \u00a0de \u00a0duda \u00a0que \u00a0pesaba sobre el comportamiento de Valle Anaya, su \u00a0ascenso \u00a0 simplemente \u00a0 se \u00a0 muestra \u00a0 acorde \u00a0con \u00a0las \u00a0relaciones \u00a0que \u00a0ten\u00eda \u00a0NOGUERA \u00a0con el Bloque Norte \u00a0de \u00a0las \u00a0Autodefensas, \u00a0organizaci\u00f3n \u00a0a la cual le hizo varios nombramientos de \u00a0personas \u00a0 \u00a0adeptas \u00a0 a \u00a0 ellas \u00a0 en \u00a0 aras \u00a0 de \u00a0 favorecer \u00a0 sus \u00a0 actividades \u00a0delictivas. \u00a0\u00a0<\/p>\n<p>Es \u00a0as\u00ed como con esta decisi\u00f3n NOGUERA \u00a0premi\u00f3 a quien al interior de la \u00a0instituci\u00f3n \u00a0comulgaba \u00a0con sus directrices, situaci\u00f3n que no sucedi\u00f3 con los \u00a0funcionarios \u00a0Sigifredo \u00a0Puentes, \u00a0Sonia \u00a0Rodr\u00edguez \u00a0Brice\u00f1o, \u00a0Jaime de Jes\u00fas \u00a0Ga\u00f1an \u00a0y \u00a0Audberto \u00a0Flabio \u00a0Dorado, \u00a0entre \u00a0otros, \u00a0quienes fueron v\u00edctimas de \u00a0traslados \u00a0e \u00a0insubsistencias, \u00a0precisamente por presentar resultados o informes \u00a0contra el grupo del cual hac\u00eda parte. \u00a0\u00a0<\/p>\n<p>Ninguna \u00a0coincidencia es que en los nexos del \u00a0Director \u00a0 con \u00a0 el \u00a0citado \u00a0grupo \u00a0armado \u00a0ilegal, \u00a0tambi\u00e9n \u00a0se \u00a0hallen \u00a0otros \u00a0funcionarios \u00a0como Javier Valle Anaya con las mismas relaciones, es indiscutible \u00a0que \u00a0NOGUERA no pod\u00eda actuar \u00a0para \u00a0la ejecuci\u00f3n de sus fines, \u00e9l necesitaba de servidores que cumplieran un \u00a0rol \u00a0 ante \u00a0 las \u00a0autodefensas, \u00a0garant\u00eda \u00a0que \u00a0ofrec\u00eda \u00a0sin \u00a0duda \u00a0alguna \u00a0el \u00a0funcionario \u00a0a \u00a0quien ascend\u00eda al cargo de Subdirector del DAS en el Magdalena, \u00a0territorio \u00a0donde \u00a0operaba \u00a0en \u00a0toda \u00a0su \u00a0extensi\u00f3n \u00a0el \u00a0grupo \u00a0ilegal \u00a0de \u00a0las \u00a0autodefensas con el cual uno y otro colaboraban. \u00a0\u00a0<\/p>\n<p>Lo anterior, permite otorgarle credibilidad a \u00a0las \u00a0manifestaciones \u00a0del \u00a0ex \u00a0investigador \u00a0Jos\u00e9 \u00a0David \u00a0Ribero \u00a0G\u00f3mez, quien \u00a0relat\u00f3 \u00a0que durante una reuni\u00f3n institucional celebrada el 23 de abril de 2004 \u00a0en \u00a0el \u00a0Hotel \u00a0Las \u00a0Am\u00e9ricas \u00a0en\u00a0 \u00a0la \u00a0ciudad \u00a0de \u00a0Cartagena, \u00a0sostuvo una \u00a0conversaci\u00f3n \u00a0privada con\u00a0 NOGUERA, quien \u00a0,luego \u00a0de \u00a0recibir parte de las labores investigativas\u00a0 \u00a0realizadas \u00a0 en \u00a0 la \u00a0 seccional \u00a0 de \u00a0 Valledupar, \u00a0le \u00a0propuso \u00a0colaborar \u00a0con \u00a0\u201clas \u00a0autodefensas \u00a0de \u00a0Rodrigo \u00a0Tovar \u00a0Pupo, alias \u00a0\u201cJorge \u00a040\u201d, mediante la entrega de un \u201clistado \u00a0 \u00a0 \u00a0 \u00a0 delincuencial133\u201d. \u00a0\u00a0<\/p>\n<p>Estas referencias exteriorizan el inter\u00e9s del \u00a0Director \u00a0por \u00a0tener \u00a0gente a su lado que materializara su alianza con el Bloque \u00a0Norte \u00a0de \u00a0las Autodefensas, ayuda que s\u00ed prestaba Javier Alfredo Valle Anaya y \u00a0no \u00a0Jos\u00e9 \u00a0David \u00a0Ribero \u00a0quien \u00a0se \u00a0neg\u00f3 \u00a0a hacerlo, por ello, no obstante que \u00a0Ribero \u00a0 se \u00a0destacaba \u00a0como \u00a0un \u00a0buen \u00a0funcionario134 \u00a0a \u00a0quien incluso el 31 de \u00a0octubre \u00a0de 2003 hab\u00eda condecorado, pero un mes y medio despu\u00e9s de la reuni\u00f3n \u00a0de Cartagena, declar\u00f3 insubsistente. \u00a0\u00a0<\/p>\n<p>Con \u00a0independencia de que hubiera existido un \u00a0informe \u00a0 \u00a0 \u00a0 \u00a0 \u00a0 de \u00a0 \u00a0 \u00a0 \u00a0 \u00a0 inteligencia135 recomendando separar de la \u00a0entidad \u00a0a \u00a0Ribero \u00a0G\u00f3mez, \u00a0es \u00a0lo \u00a0cierto que este investigador hace parte del \u00a0grupo \u00a0de \u00a0funcionarios a quienes NOGUERA desvincul\u00f3 \u00a0por realizar actividades diferentes a sus pol\u00edticas de \u00a0promover al Bloque Norte de las autodefensas. \u00a0\u00a0<\/p>\n<p>Ahora, \u00a0sobre \u00a0las relaciones de NOGUERA \u00a0 con \u00a0el \u00a0Bloque \u00a0Norte \u00a0de \u00a0las \u00a0Autodefensas \u00a0y \u00a0el \u00a0tipo \u00a0de \u00a0colaboraci\u00f3n \u00a0que \u00a0les \u00a0prestaba, \u00a0pertinente es \u00a0recordar las manifestaciones de Salvatore Mancuso: \u00a0\u00a0<\/p>\n<p>\u201cFelipe, uno de los comandantes del Bloque \u00a0Norte \u00a0que operaba en esta regi\u00f3n del Cesar, Magdalena, Atl\u00e1ntico, tambi\u00e9n me \u00a0dijo \u00a0que \u00a0tuvieron \u00a0excelentes \u00a0relaciones con el DAS en esa regi\u00f3n, Felipe me \u00a0contaba \u00a0que s\u00ed, que \u00e9l ten\u00eda contacto no solamente con Jos\u00e9 Miguel Narv\u00e1ez \u00a0sino \u00a0tambi\u00e9n \u00a0con \u00a0el \u00a0doctor NOGUERA, un \u00a0d\u00eda le ped\u00ed un favor, que me hiciera una investigaci\u00f3n sobre \u00a0un \u00a0listado \u00a0que \u00a0me \u00a0pas\u00f3 \u00a0el comandante Andr\u00e9s Angarita de unas personas que \u00a0estaban \u00a0en \u00a0el \u00a0departamento de C\u00f3rdoba, en la zona donde \u00e9l operaba, Andr\u00e9s \u00a0me \u00a0estaba \u00a0visitando \u00a0y precisamente Felipe estaba con nosotros, le dije Felipe \u00a0tu \u00a0puedes \u00a0hacernos \u00a0este \u00a0favor, \u00a0me dice si con mucho gusto, le pregunt\u00e9 con \u00a0quien \u00a0vas \u00a0a hacer la investigaci\u00f3n, y me dice yo la hago con el DAS que tengo \u00a0muy \u00a0buenas \u00a0relaciones \u00a0con el doctor Jos\u00e9 Miguel y con el doctor NOGUERA, fue \u00a0lo \u00a0 \u00a0 \u00a0 \u00a0 \u00a0que \u00a0 \u00a0 \u00a0 \u00a0 me \u00a0 \u00a0 \u00a0 \u00a0 contest\u00f3136\u201d. \u00a0\u00a0<\/p>\n<p>Si bien esta declaraci\u00f3n se enmarca en lo que \u00a0tradicionalmente \u00a0la \u00a0jurisprudencia \u00a0y \u00a0la \u00a0doctrina \u00a0conoce como testimonio de \u00a0o\u00eddas, \u00a0es \u00a0importante \u00a0indicar que sometido a las reglas de la sana cr\u00edtica y \u00a0contrastado \u00a0con \u00a0el \u00a0acervo \u00a0probatorio, \u00a0constituye \u00a0un \u00a0leg\u00edtimo \u00a0y \u00a0v\u00e1lido \u00a0elemento \u00a0de \u00a0convicci\u00f3n \u00a0para \u00a0la \u00a0Sala, \u00a0pues, como lo asegur\u00f3 la Fiscal\u00eda, \u00a0proviene \u00a0de \u00a0uno \u00a0de los m\u00e1ximos l\u00edderes de las autodefensas, quien de manera \u00a0detallada \u00a0hace \u00a0referencia \u00a0a \u00a0un \u00a0hecho \u00a0particular \u00a0que vincula al comandante \u00a0\u201cFelipe\u201d \u00a0 con \u00a0 el \u00a0 Director \u00a0 NOGUERA \u00a0 COTES \u00a0y \u00a0ex \u00a0Asesor y Subdirector Jos\u00e9 Miguel Narv\u00e1ez, los \u00a0dos vinculados con las autodefensas. \u00a0\u00a0<\/p>\n<p>Ahora, el procesado para dejar sin fundamento \u00a0las \u00a0atestaciones \u00a0de \u00a0Salvatore \u00a0Mancuso \u00a0argumenta \u00a0que \u00a0alias \u201cFelipe\u201d no \u00a0existe; \u00a0sin \u00a0embargo, \u00a0en \u00a0un \u00a0informe de la Secci\u00f3n de An\u00e1lisis Criminal del \u00a0Cuerpo \u00a0T\u00e9cnico \u00a0de \u00a0Investigaci\u00f3n \u00a0de \u00a0la \u00a0Fiscal\u00eda \u00a0General \u00a0de la Naci\u00f3n, \u00a0identifican \u00a0a este sujeto como el \u201csegundo al mando \u00a0del \u00a0 Bloque \u00a0 Norte\u201d \u00a0 y \u00a0\u201chombre \u00a0de \u00a0confianza \u00a0de \u00a0Jorge 40\u201d 137. \u00a0\u00a0<\/p>\n<p>Del mismo modo, en informe 199431 de noviembre \u00a022 \u00a0de \u00a02004, se\u00f1alan a Alias \u201cFelipe\u201d como un reconocido paramilitar de la \u00a0regi\u00f3n \u00a0del Magdalena que se desempe\u00f1a como jefe de sicarios bajo las \u00f3rdenes \u00a0de \u00a0\u201cJorge \u00a040\u201d, quien lo envi\u00f3 a Barranquilla con el fin de estructurar el \u00a0grupo \u00a0 \u00a0 \u00a0 \u00a0 \u00a0en \u00a0 \u00a0 \u00a0 \u00a0 esa \u00a0 \u00a0 \u00a0 \u00a0 ciudad138, \u00a0datos estos que permiten \u00a0creer las aseveraciones del l\u00edder m\u00e1ximo de las autodefensas. \u00a0\u00a0<\/p>\n<p>Por \u00a0si \u00a0todo \u00a0lo \u00a0anterior \u00a0fuera \u00a0poco, \u00a0es \u00a0importante \u00a0indicar \u00a0que el DAS durante la \u00e9poca en que estuvo regentado por el \u00a0incriminado, \u00a0se caracteriz\u00f3 por ejecutar actividades de inteligencia similares \u00a0a \u00a0las \u00a0que \u00a0se \u00a0iniciaron \u00a0en el a\u00f1o 2003 contra el profesor Correa; el propio \u00a0Andr\u00e9s \u00a0Mauricio \u00a0Pe\u00f1ate \u00a0narr\u00f3 \u00a0en \u00a0la \u00a0etapa del juicio de este proceso que \u00a0durante \u00a0la \u00a0\u00e9poca \u00a0en \u00a0que \u00a0se \u00a0desempe\u00f1\u00f3 \u00a0como \u00a0Viceministro de Defensa fue \u00a0v\u00edctima \u00a0de verificaciones, como sus hijos objeto de vigilancias, por parte del \u00a0DAS \u00a0durante la administraci\u00f3n de NOGUERA, \u00a0todo con el prop\u00f3sito de iniciar una campa\u00f1a de desprestigio en \u00a0su contra. \u00a0\u00a0<\/p>\n<p>Por hechos semejantes, la Fiscal\u00eda General de \u00a0la \u00a0Naci\u00f3n \u00a0profiri\u00f3 \u00a0resoluci\u00f3n \u00a0de acusaci\u00f3n contra varios ex funcionarios \u00a0del \u00a0 DAS \u00a0 de \u00a0 la \u00a0 administraci\u00f3n \u00a0 de \u00a0 NOGUERA, \u00a0por \u00a0 la \u00a0 creaci\u00f3n \u00a0de \u00a0un \u00a0Grupo \u00a0de \u00a0Inteligencia \u00a0denominado \u00a0G-3, \u00a0supuestamente \u00a0encargado \u00a0de \u00a0organizar, dirigir y promover de \u00a0manera \u00a0permanente la perpetraci\u00f3n de delitos, tales como seguimientos ilegales \u00a0e \u00a0interceptaciones \u00a0telef\u00f3nicas, \u00a0entre \u00a0otros, \u00a0en \u00a0contra \u00a0de integrantes de \u00a0organizaciones \u00a0 defensoras \u00a0 de \u00a0derechos \u00a0humanos139. \u00a0\u00a0<\/p>\n<p>En \u00a0ese \u00a0orden \u00a0de \u00a0ideas, puede inferirse en \u00a0torno \u00a0a la responsabilidad del aforado frente al homicidio de Alfredo Correa De \u00a0Andreis, \u00a0que \u00a0en \u00a0virtud \u00a0de \u00a0sus nexos con el Bloque Norte de las Autodefensas \u00a0permiti\u00f3 \u00a0y \u00a0consinti\u00f3 \u00a0la conducta desplegada por Javier Alfredo Valle Anaya, \u00a0de \u00a0quien \u00a0se \u00a0ha \u00a0probado, \u00a0actu\u00f3 \u00a0en \u00a0connivencia \u00a0con el referido grupo para \u00a0desprestigiar al catedr\u00e1tico, excusa utilizada para matarlo. \u00a0\u00a0<\/p>\n<p>En medio de dos aparatos organizados de poder \u00a0se \u00a0 encontraba \u00a0 Alfredo \u00a0 Correa \u00a0 De \u00a0 Andreis: \u00a0 uno \u00a0 estatal \u00a0-el \u00a0 \u00a0Departamento \u00a0 \u00a0Administrativo \u00a0 de \u00a0 Seguridad-, \u00a0en \u00a0cuya \u00a0c\u00fapula \u00a0se \u00a0encontraba JORGE \u00a0AURELIO \u00a0NOGUERA \u00a0COTES, \u00a0y \u00a0otro \u00a0ilegal \u2013Bloque \u00a0 \u00a0 \u00a0Norte \u00a0 \u00a0 \u00a0de \u00a0 \u00a0 las \u00a0Autodefensas- \u00a0comandado por Rodrigo Tovar Pupo, alias \u00a0\u201cJorge \u00a040\u201d, \u00a0mientras el primero a trav\u00e9s de sus funciones de inteligencia \u00a0y \u00a0de \u00a0polic\u00eda \u00a0judicial, fabric\u00f3 un montaje para hacerlo ver como subversivo, \u00a0el segundo ejecut\u00f3 a un falso guerrillero. \u00a0\u00a0<\/p>\n<p>Ciertamente \u00a0como \u00a0no funcion\u00f3 para ellos el \u00a0montaje \u00a0con que pretend\u00edan sacar al catedr\u00e1tico del contexto laboral y social \u00a0en \u00a0 el \u00a0 que \u00a0 se \u00a0 desempe\u00f1aba, \u00a0al \u00a0proferirse \u00a0a \u00a0su \u00a0favor \u00a0una \u00a0decisi\u00f3n \u00a0excarcelatoria \u00a0parad\u00f3jicamente ese \u00e9xito judicial constituy\u00f3 su condena a la \u00a0muerte. \u00a0\u00a0<\/p>\n<p>Cuando \u00a0 se \u00a0 est\u00e1 \u00a0 ante \u00a0 el \u00a0fen\u00f3meno \u00a0delincuencial \u00a0 \u00a0 derivado \u00a0 \u00a0 de \u00a0 \u00a0estructuras \u00a0 \u00a0o \u00a0 \u00a0aparatos \u00a0 \u00a0de \u00a0 \u00a0poder \u00a0organizados140, \u00a0los \u00a0delitos \u00a0ejecutados \u00a0son \u00a0imputables \u00a0tanto a sus dirigentes \u00a0-gestores, \u00a0patrocinadores, \u00a0comandantes- \u00a0a \u00a0t\u00edtulo \u00a0de \u00a0autores \u00a0mediatos, \u00a0a \u00a0sus coordinadores en cuanto \u00a0dominan \u00a0la \u00a0funci\u00f3n encargada -comandantes, jefes de \u00a0grupo- \u00a0a \u00a0t\u00edtulo \u00a0de \u00a0coautores \u00a0mediatos; \u00a0y \u00a0a los \u00a0directos \u00a0ejecutores \u00a0o subordinados -soldados, tropa, \u00a0patrulleros, \u00a0guerrilleros o milicianos-, en calidad de \u00a0autores \u00a0 materiales, \u00a0pues \u00a0toda \u00a0la \u00a0cadena \u00a0act\u00faa \u00a0con \u00a0verdadero \u00a0conocimiento y dominio del hecho y mal \u00a0podr\u00edan \u00a0salir \u00a0favorecidos \u00a0algunos \u00a0de ellos con una posici\u00f3n conceptual que \u00a0comporte \u00a0 \u00a0 \u00a0 \u00a0 \u00a0 \u00a0la \u00a0 \u00a0 \u00a0 \u00a0 \u00a0 impunidad141. \u00a0\u00a0<\/p>\n<p>En \u00a0estos supuestos la criminalidad, sostuvo \u00a0la \u00a0 Sala142,\u00a0 \u00a0puede incubarse dentro de aparatos \u00a0estatales \u00a0-casos \u00a0EICHMANN \u00a0-funcionario \u00a0administrativo \u00a0nazi encargado de ubicar, perseguir, seleccionar y \u00a0capturar \u00a0a \u00a0los \u00a0jud\u00edos \u00a0que \u00a0posteriormente \u00a0eran \u00a0llevados \u00a0a \u00a0los campos de \u00a0exterminio-, \u00a0Juntas \u00a0Militares \u00a0que \u00a0gobernaron \u00a0Argentina entre 1976 y 1983, y \u00a0Consejo \u00a0Nacional \u00a0de \u00a0Defensa \u00a0de \u00a0la \u00a0antigua \u00a0Rep\u00fablica Democr\u00e1tica Alemana \u00a0-disparos \u00a0en \u00a0el \u00a0muro \u00a0de \u00a0Berl\u00edn- o en estructuras \u00a0 propiamente \u00a0delincuenciales \u00a0-caso de la c\u00fapula de Sendero Luminoso en la masacre \u00a0de \u00a0Lucanamarca \u00a0-un grupo de hombres de dicha banda asesin\u00f3 a 69 campesinos en \u00a0Santiago \u00a0 \u00a0 \u00a0de \u00a0 \u00a0 \u00a0Lucanamarca, \u00a0 \u00a0 \u00a0regi\u00f3n \u00a0 \u00a0 \u00a0de \u00a0 \u00a0 Ayacucho-143. \u00a0\u00a0<\/p>\n<p>Atendiendo \u00a0 \u00a0 lo \u00a0 \u00a0expuesto, \u00a0 \u00a0puede \u00a0calificarse\u00a0 \u00a0 \u00a0jur\u00eddicamente \u00a0 \u00a0la \u00a0 \u00a0participaci\u00f3n \u00a0 \u00a0de \u00a0 JORGE \u00a0AURELIO \u00a0NOGUERA \u00a0COTES en el caso \u00a0sub \u00a0judice, \u00a0como \u00a0la \u00a0de \u00a0autor \u00a0mediato \u00a0que se vale de toda una estructura legal que se encontraba bajo su \u00a0mando, \u00a0esto es, el DAS, para ponerla a disposici\u00f3n\u00a0 de un aparato militar \u00a0ilegal, \u00a0con una cadena de mando jerarquizada como lo era el Bloque Norte de las \u00a0Autodefensas \u00a0cuyo \u00a0l\u00edder era Rodrigo Tovar Pupo, alias \u201cJorge 40\u201d del cual \u00a0depend\u00eda \u00a0el Frente Jos\u00e9 Pablo D\u00edaz comandado por Edgar Ignacio Fierro, alias \u00a0\u201cDon \u00a0Antonio\u201d, \u00a0quien \u00a0dio \u00a0la \u00a0orden \u00a0de \u00a0matar \u00a0al profesor y soci\u00f3logo. \u00a0\u00a0<\/p>\n<p>En \u00a0este sentido, la Sala debe aclarar que si \u00a0bien \u00a0NOGUERA COTES\u00a0 fue \u00a0acusado \u00a0 \u00a0por \u00a0 el \u00a0 Fiscal \u00a0 General \u00a0 de \u00a0 la \u00a0 Naci\u00f3n \u00a0 como \u00a0 coautor del delito de homicidio de Alfredo \u00a0Correa \u00a0De Andreis, las circunstancias que rodearon la conducta punible resumida \u00a0en \u00a0antecedencia, \u00a0permiten \u00a0colegir \u00a0que \u00a0dicho \u00a0comportamiento \u00a0se \u00a0ubica \u00a0en el \u00e1mbito de la autor\u00eda \u00a0mediata, \u00a0situaci\u00f3n que podr\u00eda \u00a0llevar \u00a0a que se plantee una discusi\u00f3n alrededor del principio de consonancia y \u00a0apego \u00a0que \u00a0debe \u00a0tener \u00a0el fallador respecto de los t\u00e9rminos de la acusaci\u00f3n. \u00a0\u00a0<\/p>\n<p>En \u00a0relaci\u00f3n con el principio de congruencia \u00a0es criterio reiterado que: \u00a0\u00a0<\/p>\n<p>\u201c\u2026 \u00a0 En \u00a0la \u00a0sistem\u00e1tica \u00a0de la Ley 600 de 2000, en cuyo imperio se adelant\u00f3 el proceso, la \u00a0Sala \u00a0ha reiterado que la congruencia como garant\u00eda y postulado estructural del \u00a0proceso, \u00a0implica \u00a0que \u00a0la sentencia debe guardar armon\u00eda con la resoluci\u00f3n de \u00a0acusaci\u00f3n \u00a0o \u00a0el \u00a0acta \u00a0de \u00a0formulaci\u00f3n \u00a0de \u00a0cargos, en los aspectos personal, \u00a0f\u00e1ctico \u00a0y \u00a0jur\u00eddico. \u00a0En \u00a0el \u00a0primero, debe haber identidad entre los sujetos \u00a0acusados \u00a0y los indicados en el fallo; en el segundo, identidad entre los hechos \u00a0y \u00a0circunstancias \u00a0plasmadas en la acusaci\u00f3n y los fundamentos de la sentencia; \u00a0y, \u00a0en \u00a0el \u00a0tercero, correspondencia entre la calificaci\u00f3n jur\u00eddica dada a los \u00a0hechos \u00a0 en \u00a0 la \u00a0 acusaci\u00f3n \u00a0y \u00a0la \u00a0consignada \u00a0en \u00a0el \u00a0fallo\u2026 \u00a0La \u00a0congruencia \u00a0personal \u00a0y f\u00e1ctica es \u00a0absoluta \u00a0y \u00a0la \u00a0jur\u00eddica es relativa porque el juez \u00a0puede \u00a0condenar por una conducta punible diferente a la imputada en el pliego de \u00a0cargos, siempre y cuando no \u00a0agrave \u00a0 la \u00a0 situaci\u00f3n \u00a0 del \u00a0 procesado \u00a0 con \u00a0 una \u00a0 pena \u00a0mayor.\u201d144 \u00a0\u00a0<\/p>\n<p>Con \u00a0 fundamento \u00a0 en \u00a0 lo \u00a0 anterior, \u00a0 la \u00a0modificaci\u00f3n \u00a0 que \u00a0 ahora\u00a0\u00a0 \u00a0 hace \u00a0 la \u00a0 Sala \u00a0sobre \u00a0la \u00a0forma \u00a0de \u00a0participaci\u00f3n \u00a0 de \u00a0 JORGE \u00a0AURELIO \u00a0NOGUERA \u00a0COTES \u00a0en \u00a0 el \u00a0 homicidio \u00a0de \u00a0Alfredo \u00a0Correa \u00a0De \u00a0Andreis \u00a0-de \u00a0 \u00a0coautor \u00a0 \u00a0a \u00a0 \u00a0autor \u00a0 \u00a0mediato-, \u00a0no \u00a0puede \u00a0ser \u00a0calificada \u00a0como \u00a0violatoria \u00a0del \u00a0principio \u00a0de \u00a0congruencia, \u00a0habida \u00a0cuenta \u00a0que \u00a0no \u00a0constituye agravaci\u00f3n para la situaci\u00f3n \u00a0jur\u00eddica \u00a0del procesado, pues \u00a0la \u00a0pena \u00a0fijada\u00a0 legalmente para tales formas de ejecuci\u00f3n de la conducta \u00a0punible \u00a0aparejan \u00a0la \u00a0misma \u00a0consecuencia \u00a0punitiva, \u00a0cuesti\u00f3n \u00a0desde \u00a0anta\u00f1o \u00a0estudiada \u00a0 \u00a0 \u00a0 \u00a0 por \u00a0 \u00a0 \u00a0 \u00a0 la \u00a0 \u00a0 \u00a0 \u00a0 Sala145. \u00a0\u00a0<\/p>\n<p>Pasando \u00a0 ahora \u00a0 a \u00a0 la \u00a0circunstancia \u00a0de \u00a0agravaci\u00f3n \u00a0bajo \u00a0la \u00a0cual \u00a0el Fiscal General Naci\u00f3n calific\u00f3 el homicidio de \u00a0Alfredo \u00a0Correa, \u00a0se \u00a0observa que \u00e9sta se hinc\u00f3 en el numeral 10 del art\u00edculo \u00a0104 que a la letra dice: \u00a0\u00a0<\/p>\n<p>\u00a0 \u00a0\u00a0 \u00a0\u00a0 \u00a0\u00a0 \u00a0 \u00a0 \u00a0 \u00a0 \u00a0\u00a0<\/p>\n<p>Art\u00edculo \u00a0 \u00a0104. \u00a0 Circunstancias \u00a0 de \u00a0agravaci\u00f3n. \u00a0La \u00a0pena \u00a0ser\u00e1 \u00a0de \u00a0veinticinco (25) a \u00a0cuarenta \u00a0(40) \u00a0a\u00f1os \u00a0de \u00a0prisi\u00f3n, \u00a0si \u00a0la \u00a0conducta \u00a0descrita en el art\u00edculo \u00a0anterior se cometiere: \u00a0\u00a0<\/p>\n<p>(\u2026) \u00a0<\/p>\n<p>10. \u00a0Si se comete en persona que sea o haya \u00a0sido \u00a0servidor \u00a0p\u00fablico, \u00a0periodista, \u00a0juez \u00a0de paz, \u00a0dirigente sindical, pol\u00edtico o religioso en raz\u00f3n de ello. \u00a0\u00a0<\/p>\n<p>Impera se\u00f1alar que ninguna de las anteriores \u00a0condiciones \u00a0ostentaba \u00a0u \u00a0ostent\u00f3 \u00a0Alfredo Rafael Francisco Correa De Andreis, \u00a0\u00e9ste \u00a0era \u00a0ingeniero \u00a0agr\u00f3nomo \u00a0y soci\u00f3logo con maestr\u00eda en educaci\u00f3n, y al \u00a0momento \u00a0de su muerte se desempe\u00f1aba como catedr\u00e1tico de las Universidades del \u00a0Norte \u00a0 \u00a0y \u00a0 Sim\u00f3n \u00a0 Bol\u00edvar \u00a0 de \u00a0 Barranquilla146. \u00a0\u00a0<\/p>\n<p>En ninguna parte del proceso adelantado por su \u00a0homicidio, \u00a0se \u00a0halla \u00a0informaci\u00f3n \u00a0relativa \u00a0a \u00a0que \u00a0ejerc\u00eda \u00a0como \u00a0dirigente \u00a0sindical, \u00a0si \u00a0bien estaba afiliado al Sindicato de Profesores de la Universidad \u00a0Sim\u00f3n \u00a0Bol\u00edvar, \u00a0esto \u00a0no \u00a0lo \u00a0sit\u00faa \u00a0en \u00a0el \u00a0rango \u00a0a \u00a0que \u00a0hace alusi\u00f3n la \u00a0preceptiva. \u00a0\u00a0<\/p>\n<p>Tampoco los trabajos acad\u00e9micos-sociales que \u00a0realizaba \u00a0con \u00a0la \u00a0poblaci\u00f3n \u00a0en situaci\u00f3n de desplazamiento como lo declar\u00f3 \u00a0Alba \u00a0 \u00a0 Luc\u00eda \u00a0 \u00a0 Glenn \u00a0 \u00a0 D\u00edaz \u00a0 \u00a0 Granados147, \u00a0se asientan en alguna de \u00a0las calidades referidas en la norma transcrita. \u00a0\u00a0<\/p>\n<p>En \u00a0 torno \u00a0 a \u00a0 este \u00a0 punto \u00a0sobra \u00a0hacer \u00a0disquisiciones, \u00a0si \u00a0se \u00a0tiene \u00a0en \u00a0cuenta \u00a0que \u00a0la \u00a0resoluci\u00f3n \u00a0de \u00a0acusaci\u00f3n \u00a0simplemente \u00a0cit\u00f3 \u00a0el numeral 10\u00ba del art\u00edculo 104 de la Ley 599 de 2000, sin \u00a0explicar \u00a0los \u00a0fundamentos en que sustentaba esta circunstancia agravaci\u00f3n para \u00a0el homicidio del profesor Correa. \u00a0\u00a0<\/p>\n<p>Por \u00a0tal motivo, para efectos de la tasaci\u00f3n \u00a0punitiva, \u00a0la Corte\u00a0 s\u00f3lo tendr\u00e1 en cuenta el art\u00edculo 103 de la Ley 599 \u00a0de 2000. \u00a0\u00a0<\/p>\n<p>DEL \u00a0 HOMICIDIO \u00a0 DE \u00a0ZULLY \u00a0ESTHER \u00a0CODINA \u00a0P\u00c9REZ \u00a0\u00a0<\/p>\n<p>1-El \u00a011 de noviembre de 2003 en la ciudad de \u00a0Santa \u00a0Marta \u00a0fue \u00a0asesinada Zully Esther Codina, cuando sal\u00eda de su residencia \u00a0hacia \u00a0el \u00a0Hospital \u00a0Central \u00a0Julio \u00a0M\u00e9ndez \u00a0donde \u00a0laboraba, \u00a0por unos sujetos \u00a0quienes le propinaron impactos de arma de fuego en su cuerpo. \u00a0\u00a0<\/p>\n<p>Su deceso se encuentra probado con el acta de \u00a0inspecci\u00f3n \u00a0con examen de cuerpo No. 403 de 11 de noviembre de 2003148, \u00a0 el \u00a0certificado \u00a0 \u00a0 \u00a0 \u00a0 \u00a0de \u00a0 \u00a0 \u00a0 \u00a0 \u00a0defunci\u00f3n149 \u00a0 y \u00a0 el \u00a0 protocolo \u00a0 de \u00a0necropsia \u00a0 \u00a0 \u00a0 \u00a0 \u00a0 No. \u00a0 \u00a0 \u00a0 \u00a0 \u00a0 421-2003150.\u00a0 \u00a0\u00a0<\/p>\n<p>Zully \u00a0Esther Codina P\u00e9rez, era comunicadora \u00a0social,\u00a0 \u00a0hizo \u00a0parte entre octubre de 1994 y noviembre de 2002 de la Junta \u00a0Directiva \u00a0del Sindicato Nacional de la Salud y la Seguridad Social \u2013SINDESS-, \u00a0 ocupando \u00a0 el \u00a0 cargo \u00a0de \u00a0tesorera;\u00a0 \u00a0en \u00a0el \u00a0momento \u00a0de \u00a0su \u00a0muerte \u00a0se \u00a0encontraba afiliada a esta \u00a0organizaci\u00f3n, \u00a0trabajaba \u00a0en \u00a0Santa \u00a0Marta en el Hospital Central Julio M\u00e9ndez \u00a0Barreneche \u00a0-departamento \u00a0de \u00a0facturaci\u00f3n- \u00a0y \u00a0ten\u00eda un programa radial en la \u00a0emisora \u00a0Radio Rodadero Todelar, donde transmit\u00eda temas de inter\u00e9s social a la \u00a0comunidad. \u00a0\u00a0<\/p>\n<p>2-La \u00a0formulaci\u00f3n \u00a0de \u00a0este \u00a0cargo contra el \u00a0aforado \u00a0se \u00a0apoya \u00a0pr\u00e1cticamente \u00a0en dos hechos: en las diversas declaraciones \u00a0rendidas \u00a0por Rafael Garc\u00eda Torres y en la autor\u00eda del crimen por parte de las \u00a0autodefensas. \u00a0\u00a0<\/p>\n<p>En relaci\u00f3n con este testigo debe resaltarse \u00a0que \u00a0gracias \u00a0a \u00a0los \u00a0datos suministrados en torno a las actividades irregulares \u00a0desarrolladas \u00a0al interior del DAS y en las cuales tuvo participaci\u00f3n, pudieron \u00a0corroborarse \u00a0a \u00a0trav\u00e9s \u00a0de \u00a0otros \u00a0medios \u00a0probatorios las relaciones entre el \u00a0procesado y el Bloque Norte de las Autodefensas. \u00a0\u00a0<\/p>\n<p>Empero, esa situaci\u00f3n no se presenta ya en el \u00a0homicidio \u00a0de \u00a0Zully \u00a0Codina, donde la informaci\u00f3n suministrada por Garc\u00eda fue \u00a0vaga e imprecisa. V\u00e9ase: \u00a0\u00a0<\/p>\n<p>Rafael \u00a0Garc\u00eda \u00a0empez\u00f3 \u00a0a hacer alusi\u00f3n al \u00a0tema \u00a0de los homicidios en diciembre 16 de 2005, oportunidad en la cual se\u00f1al\u00f3 \u00a0que \u00a0dos funcionarios de la Subdirecci\u00f3n de An\u00e1lisis, de quienes nunca dio los \u00a0nombres, \u00a0le \u00a0informaron \u00a0sobre \u00a0la \u00a0existencia \u00a0de \u00a0unos \u00a0listados \u00a0de l\u00edderes \u00a0sindicalistas, \u00a0profesores \u00a0y estudiantes universitarios, que eran entregados al \u00a0bloque \u00a0norte de las autodefensas para atentar contra sus vidas; posteriormente, \u00a0dijo, \u00a0los \u00a0mismos \u00a0investigadores \u00a0le \u00a0exhibieron \u201cfragmentos\u201d de una lista \u00a0donde \u00a0vio \u00a0el \u00a0nombre \u00a0de \u00a0Zully \u00a0Codina, \u00a0fecha \u00a0para \u00a0la \u00a0cual ya hab\u00eda sido \u00a0asesinada. \u00a0\u00a0<\/p>\n<p>Agreg\u00f3 \u00a0en \u00a0esa \u00a0misma \u00a0declaraci\u00f3n, que en \u00a0Santa \u00a0 \u00a0Marta \u00a0 \u00a0un \u00a0 \u00a0informante \u00a0 \u2013inc\u00f3gnito \u00a0tambi\u00e9n- \u00a0le \u00a0hizo saber que \u00a0\u201cal \u00a0 parecer\u201d \u00a0 eran \u00a0 hombres \u00a0 del \u00a0bloque \u00a0norte \u00a0los \u00a0responsables \u00a0del \u00a0crimen. \u00a0\u00a0<\/p>\n<p>En otra salida procesal- 25 de abril de 2006-, \u00a0mencion\u00f3 \u00a0a \u00a0la \u00a0funcionaria \u00a0del \u00a0DAS \u00a0Martha \u00a0In\u00e9s \u00a0Leal \u00a0para atribuirle la \u00a0responsabilidad \u00a0de \u00a0haber \u00a0sido \u00a0ella \u00a0quien \u00a0le \u00a0envi\u00f3 \u00a0a \u00a0trav\u00e9s de los dos \u00a0an\u00f3nimos \u00a0investigadores \u00a0de \u00a0la Subdirecci\u00f3n de An\u00e1lisis, la lista donde vio \u00a0el nombre de Zully, testigo que neg\u00f3 rotundamente esa afirmaci\u00f3n. \u00a0\u00a0<\/p>\n<p>Asimismo, nombr\u00f3 a Jos\u00e9 Gelv\u00e9s Albarrac\u00edn \u00a0para \u00a0comentar \u00a0que \u00a0en una ocasi\u00f3n le pregunt\u00f3 por este suceso, inform\u00e1ndole \u00a0\u00e9ste \u00a0que \u00a0\u201ceso \u00a0lo \u00a0hab\u00eda \u00a0hecho \u00a0gente \u00a0de \u00a0Hern\u00e1n Giraldo\u201d con base en \u00a0informaci\u00f3n suministrada por el DAS. \u00a0\u00a0<\/p>\n<p>Finalmente \u00a0en \u00a0declaraci\u00f3n rendida el 23 de \u00a0junio \u00a0de \u00a02006 \u00a0asegur\u00f3 \u00a0estar \u00a0\u201cen \u00a0capacidad de \u00a0suministrar \u00a0 informaci\u00f3n \u00a0que \u00a0contribuya \u00a0a \u00a0la \u00a0identificaci\u00f3n \u00a0de \u00a0autores \u00a0materiales \u00a0 e \u00a0intelectuales \u00a0y \u00a0las \u00a0circunstancias \u00a0del \u00a0homicidio \u00a0de \u00a0Zully \u00a0Codina\u201d;\u00a0 \u00a0 sin \u00a0embargo, \u00a0nunca \u00a0cumpli\u00f3 \u00a0su \u00a0promesa, \u00a0contrario \u00a0a \u00a0ello \u00a0sus narraciones siempre estuvieron acompa\u00f1adas de \u00a0frases \u00a0como \u00a0\u201cno \u00a0se\u201d, \u201cno me consta\u201d, \u201cal \u00a0parecer\u201d \u00a0 \u00a0 \u00a0 y \u00a0\u201csupongo\u201d.\u00a0 \u00a0\u00a0<\/p>\n<p>3- Ahora, la investigaci\u00f3n adelantada por el \u00a0homicidio \u00a0de \u00a0Zully \u00a0Codina \u00a0P\u00e9rez \u00a0Codina, fuera de los testimonios de Rafael \u00a0Garc\u00eda, \u00a0no \u00a0apuntala \u00a0indicios que permitan inferir la contribuci\u00f3n del DAS o \u00a0del \u00a0 \u00a0procesado \u00a0 \u00a0en \u00a0 esta \u00a0 conducta \u00a0 punible151. \u00a0\u00a0<\/p>\n<p>Esa \u00a0actuaci\u00f3n \u00a0informa \u00a0que \u00a0el \u00a0crimen fue \u00a0perpetrado \u00a0por \u00a0Jorge \u00a0Luis \u00a0Ortiz Garrido, alias \u201cel m\u00e9dico\u201d \u2013comandante \u00a0de \u00a0la \u00a0urbana \u00a0en \u00a0Santa \u00a0Marta-, \u00a0Willintong \u00a0Mora \u00a0Buenaver, alias \u201cWilli\u201d, Emilciades Torres, alias \u00a0\u201cel \u00a0ni\u00f1o\u201d, \u00a0Gabriel \u00a0Lobo \u00a0Angarita, \u00a0alias \u00a0\u201cGaby\u201d \u00a0y \u00a0Rolando Leonel \u00a0Bonilla, \u00a0alias \u00a0\u201cmono \u00a0Champeta\u201d, \u00a0l\u00edderes \u00a0unos \u00a0del \u00a0Frente \u00a0Resistencia \u00a0Tayrona y otros del Bloque Norte. \u00a0\u00a0<\/p>\n<p>Si bien Rolando Leonel Bonilla Guerrero, alias \u00a0\u201cmono \u00a0champeta\u201d, \u00a0confes\u00f3 \u00a0ante la fiscal\u00eda que Jorge Luis Garrido, alias \u00a0\u201cel \u00a0M\u00e9dico\u201d,\u00a0 \u00a0fue \u00a0quien \u00a0dio la orden de matar a Zully Codina y que \u00a0incluso \u00a0 \u00e9ste \u00a0 los \u00a0llev\u00f3 \u00a0hasta \u00a0el \u00a0hospital \u00a0donde \u00a0ella \u00a0trabajaba \u00a0para \u00a0se\u00f1al\u00e1rselas, \u00a0es lo cierto que la investigaci\u00f3n no fue m\u00e1s all\u00e1 en aras de \u00a0determinar \u00a0qu\u00e9 \u00a0otros \u00a0autores \u00a0se \u00a0encontraban relacionados con el crimen, de \u00a0hecho, \u00a0nunca \u00a0se \u00a0vincul\u00f3 a Hern\u00e1n Giraldo Serna a quien s\u00f3lo se escuch\u00f3 en \u00a0declaraci\u00f3n, \u00a0tampoco el proceso informa sobre cu\u00e1l l\u00edder de las autodefensas \u00a0se \u00a0atribuy\u00f3 \u00a0el \u00a0homicidio, \u00a0de \u00a0all\u00ed \u00a0que \u00a0no exista un eslab\u00f3n que permita \u00a0asociar al DAS con la muerte de esta comunicadora social. \u00a0\u00a0<\/p>\n<p>4- \u00a0 \u00a0 La \u00a0 \u00a0entrevista \u00a0 \u00a0\u2013no \u00a0declaraci\u00f3n- \u00a0a \u00a0la \u00a0cual \u00a0aluden \u00a0Fiscal\u00eda \u00a0y \u00a0parte civil para atribuir responsabilidad penal al procesado en el \u00a0homicidio \u00a0de \u00a0Zully \u00a0Codina, \u00a0tampoco \u00a0ofrece\u00a0 \u00a0informaci\u00f3n relevante. De \u00a0conformidad \u00a0con \u00a0la \u00a0transcripci\u00f3n \u00a0de \u00a0la \u00a0entrevista \u00a0realizada a Polasky de \u00a0Jes\u00fas \u00a0 Polo, \u00a0alias \u00a0\u201cEsteban \u00a0Fajardo\u201d, \u00a0el \u00a0homicidio \u00a0de \u00a0Zully \u00a0Codina \u00a0obedeci\u00f3 \u00a0a la probable difusi\u00f3n por parte de ella de una informaci\u00f3n valiosa \u00a0que \u00a0pose\u00eda \u00a0sobre los grupos de Hern\u00e1n Giraldo y Carlos Casta\u00f1o, en momentos \u00a0en \u00a0que se adelantaba el proceso de desmovilizaci\u00f3n152.\u00a0 \u00a0 La \u00a0menci\u00f3n \u00a0de \u00a0Jes\u00fas \u00a0Polo \u00a0sobre \u00a0la \u00a0SIJIN \u00a0y \u00a0del \u00a0DAS, \u00a0es atinente a la colaboraci\u00f3n que \u00a0recib\u00edan, \u00a0 \u00a0y \u00a0 \u00a0no \u00a0 \u00a0respecto \u00a0 \u00a0del \u00a0 \u00a0crimen153. \u00a0\u00a0<\/p>\n<p>5- \u00a0Los \u00a0datos \u00a0encontrados \u00a0en diligencia de \u00a0inspecci\u00f3n \u00a0practicada \u00a0en \u00a0la \u00a0Subdirecci\u00f3n \u00a0de An\u00e1lisis de la Direcci\u00f3n de \u00a0Inteligencia \u00a0del \u00a0Departamento \u00a0Administrativo \u00a0de \u00a0Seguridad, \u00a0tampoco brindan \u00a0luces \u00a0sobre \u00a0la \u00a0contribuci\u00f3n \u00a0del \u00a0DAS \u00a0en \u00a0este \u00a0hecho, \u00a0pues all\u00ed s\u00f3lo se \u00a0encontr\u00f3 \u00a0el \u00a0registro del homicidio de Zully Codina, actividad realizada el 26 \u00a0de \u00a0 \u00a0 \u00a0 \u00a0 diciembre \u00a0 \u00a0 \u00a0 \u00a0 de \u00a0 \u00a0 \u00a0 \u00a0 2003154. \u00a0\u00a0<\/p>\n<p>Agr\u00e9guese \u00a0que \u00a0esta anotaci\u00f3n no puede ser \u00a0tenida \u00a0como indicio en contra del aforado como lo pretendi\u00f3 hacer ver la parte \u00a0civil \u00a0en sus alegaciones, habida cuenta que las funciones de esta entidad lleva \u00a0impl\u00edcito \u00a0mantener \u00a0al \u00a0d\u00eda \u00a0las \u00a0bases \u00a0de \u00a0datos \u00a0de \u00a0las \u00a0personas que son \u00a0v\u00edctimas de atentados, caso Zully Codina.\u00a0 \u00a0\u00a0<\/p>\n<p>Como acaba de verse, las anteriores evidencias \u00a0en \u00a0momento \u00a0alguno \u00a0permiten se\u00f1alar al aforado como part\u00edcipe del repudiable \u00a0crimen, \u00a0pues \u00a0con \u00a0independencia \u00a0a que el DAS\u00a0 durante su administraci\u00f3n \u00a0mantuviera \u00a0relaciones con el Bloque Norte, es lo cierto que en el sub judice no \u00a0hay \u00a0el \u00a0hilo \u00a0conductor \u00a0entre \u00a0el \u00a0procesado, \u00a0la muerte de Zully Codina y las \u00a0autodefensas, \u00a0como \u00a0s\u00ed \u00a0suced\u00eda y pudo comprobarse en el homicidio de Alfredo \u00a0Correa De Andreis. \u00a0\u00a0<\/p>\n<p>As\u00ed \u00a0las \u00a0cosas, \u00a0con \u00a0fundamento \u00a0en \u00a0las \u00a0anteriores \u00a0consideraciones, \u00a0la \u00a0Corte \u00a0absolver\u00e1 \u00a0de \u00a0la \u00a0conducta punible de \u00a0homicidio \u00a0 agravado \u00a0 en \u00a0 la \u00a0 humanidad \u00a0 de \u00a0 Zully \u00a0Codina \u00a0a \u00a0JORGE \u00a0 AURELIO \u00a0 NOGUERA \u00a0 COTES.\u00a0 \u00a0\u00a0<\/p>\n<p>DEL \u00a0 HOMICIDIO \u00a0 DE \u00a0 FERNANDO \u00a0 PISCIOTTI \u00a0VANSTRAHLEN \u00a0\u00a0<\/p>\n<p>El \u00a0\u00faltimo cargo efectuado en la acusaci\u00f3n \u00a0en \u00a0 contra \u00a0 del \u00a0 ex \u00a0 Director \u00a0 del \u00a0DAS \u00a0NOGUERA \u00a0COTES, \u00a0hace \u00a0referencia \u00a0al \u00a0homicidio \u00a0de \u00a0Fernando \u00a0Pisciotti, \u00a0ocurrido \u00a0el \u00a09 \u00a0de \u00a0diciembre \u00a0de \u00a02003155, \u00a0 \u00a0cuyos \u00a0 antecedentes \u00a0relevantes son los siguientes: \u00a0\u00a0<\/p>\n<p>Fernando \u00a0 Pisciotti \u00a0 era \u00a0un \u00a0reconocido \u00a0pol\u00edtico \u00a0en \u00a0el \u00a0municipio \u00a0de \u00a0El Banco, Magdalena donde ocup\u00f3 los cargos de \u00a0Concejal, Diputado y Alcalde. \u00a0\u00a0<\/p>\n<p>Este \u00a0municipio, \u00a0al \u00a0igual que sucedi\u00f3 con \u00a0otras \u00a0regiones \u00a0del \u00a0pa\u00eds, se encontraba controlado por el Bloque Norte de las \u00a0autodefensas, \u00a0 comandado \u00a0 por \u00a0 Rodrigo \u00a0Tovar \u00a0Pupo, \u00a0alias \u00a0\u201cJorge \u00a040\u201d, \u00a0circunstancia \u00a0que serv\u00eda de excusa a los pol\u00edticos para iniciar relaciones de \u00a0amistad \u00a0con \u00a0este \u00a0grupo, situaci\u00f3n en la cual tambi\u00e9n tuvo cabida Pisciotti. \u00a0\u00a0<\/p>\n<p>En \u00a0ese \u00a0sentido \u00a0el \u00a0testigo Willson Poveda \u00a0Carre\u00f1o, \u00a0alias \u00a0\u201cRafael\u201d, \u00a0en \u00a0declaraci\u00f3n rendida el 16 de septiembre de \u00a02008 \u00a0ante \u00a0un \u00a0Fiscal \u00a0Delegado \u00a0ante la Corte Suprema de Justicia asegur\u00f3 que \u00a0Fernando \u00a0Pisciotti \u00a0era \u00a0\u201camigo de la organizaci\u00f3n \u00a0de \u00a0las \u00a0autodefensas\u201d, \u00a0referencia que se encuentra \u00a0acompa\u00f1ada \u00a0de las manifestaciones de Rodrigo Tovar Pupo, alias \u201cJorge 40\u201d, \u00a0quien \u00a0defini\u00f3 a Pisciotti como su: \u201camigo personal \u00a0a \u00a0quien \u00a0conoc\u00ed \u00a0en la regi\u00f3n del Banco Magdalena156\u201d.\u00a0 \u00a0\u00a0<\/p>\n<p>En \u00a0virtud \u00a0de \u00a0esas \u00a0relaciones, \u00a0cuenta el \u00a0testigo \u00a0Poveda \u00a0Carre\u00f1o, \u00a0alias \u201cRafael\u201d, que en una reuni\u00f3n celebrada en \u00a0la \u00a0 finca \u00a0Las \u00a0Mercedes, \u00a0liderada \u00a0por \u00a0Rodrigo \u00a0Tovar \u00a0Pupo,\u00a0 \u00a0Fernando \u00a0Pisciotti \u00a0recibi\u00f3 el apoyo de las autodefensas para presentarse como candidato \u00a0a \u00a0la \u00a0C\u00e1mara \u00a0de \u00a0Representantes \u00a0por el departamento del Magdalena en el a\u00f1o \u00a02002. \u00a0En la aludida reuni\u00f3n se acord\u00f3 que en el primer rengl\u00f3n ir\u00eda Alfonso \u00a0Campo \u00a0Escobar \u00a0(se acogi\u00f3 a sentencia anticipada por \u00a0los \u00a0delitos de concierto para delinquir, constre\u00f1imiento al sufragante\u00a0 y \u00a0alteraci\u00f3n \u00a0 \u00a0 de \u00a0 \u00a0 resultados \u00a0 \u00a0 electorales157) \u00a0 \u00a0 \u00a0 y \u00a0 en \u00a0 el \u00a0 segundo, \u00a0Fernando \u00a0Pisciotti \u00a0Vanstrahlen158, \u00a0quien \u00a0desempe\u00f1\u00f3 \u00a0ese \u00a0cargo \u00a0entre \u00a0el \u00a011 \u00a0de \u00a0diciembre \u00a0de \u00a02002 y 10 de marzo de \u00a02003159 . \u00a0\u00a0<\/p>\n<p>Ese \u00a0apoyo \u00a0se encuentra respaldado tambi\u00e9n \u00a0con \u00a0el \u00a0informe \u00a0reservado hallado en diligencia de inspecci\u00f3n realizada en el \u00a0DAS \u00a0el \u00a02 \u00a0de \u00a0octubre \u00a0de \u00a02009, \u00a0que \u00a0a \u00a0la \u00a0letra \u00a0en \u00a0uno \u00a0de sus p\u00e1rrafos \u00a0dice: \u00a0\u00a0<\/p>\n<p>\u201c18-ENE-02. \u00a0MAGDALENA. Por informaciones \u00a0de \u00a0 inteligencia \u00a0 de \u00a0 diversas \u00a0 fuentes \u00a0se \u00a0conoci\u00f3 \u00a0que \u00a0las \u00a0AUC \u00a0apoyan \u00a0pol\u00edticamente \u00a0para \u00a0las \u00a0elecciones \u00a0de \u00a0Senado a Luis Vives Lacouture, actual \u00a0Senador \u00a0y candidato a esa misma corporaci\u00f3n, Jorge Luis Caballero, candidato a \u00a0la \u00a0C\u00e1mara \u00a0de \u00a0Representantes, \u00a0Julio \u00a0Ram\u00f3n \u00a0Pe\u00f1aloza \u00a0segundo \u00a0rengl\u00f3n de \u00a0Caballero, \u00a0 Alfonso \u00a0 Campo \u00a0 Escobar \u00a0candidato \u00a0a \u00a0la \u00a0C\u00e1mara, \u00a0Fernando \u00a0 Pisciotti \u00a0 Vanstrahlen, \u00a0 suplente \u00a0de \u00a0Campo \u00a0Escobar, \u00a0Salom\u00f3n \u00a0Saade \u00a0Abdal\u00e1 \u00a0representante \u00a0y candidato, \u00a0Jos\u00e9 \u00a0 Gamarra \u00a0Sierra \u00a0suplente \u00a0de \u00a0Diebb \u00a0Malof160.\u201d \u00a0\u00a0<\/p>\n<p>Lo \u00a0anterior, \u00a0es \u00a0prueba \u00a0ineludible \u00a0de la \u00a0existencia \u00a0de las relaciones que para el a\u00f1o 2002 ten\u00eda Fernando Piscioti con \u00a0el grupo armado. \u00a0\u00a0<\/p>\n<p>2- \u00a0 De \u00a0 conformidad \u00a0 con \u00a0otros \u00a0medios \u00a0probatorios, \u00a0se advierte que los problemas entre Fernando Pisciotti y el Bloque \u00a0Norte \u00a0de \u00a0las \u00a0Autodefensas \u00a0empezaron \u00a0a \u00a0presentarse \u00a0en \u00a0el \u00a0a\u00f1o 2003 en la \u00a0campa\u00f1a \u00a0a \u00a0la \u00a0Alcald\u00eda de El Banco Magdalena, si bien, este grupo consinti\u00f3 \u00a0que \u00a0Mat\u00edas \u00a0Oliveros \u00a0del \u00a0Villar y Alberto Jos\u00e9 Puerta Rosado se presentaran \u00a0como \u00a0candidatos,\u00a0 realmente a quien ofreci\u00f3 su respaldo irrestricto fue a \u00a0Oliveros \u00a0del \u00a0Villar, \u00a0que era el candidato contrario al que apoyaba Pisciotti: \u00a0Puerta Rosado. \u00a0\u00a0<\/p>\n<p>\u00a0\u00a0 \u00a0<\/p>\n<p>De \u00a0all\u00ed \u00a0que la contienda electoral no fue \u00a0pacifica \u00a0ni \u00a0transparente, durante su desarrollo se presentaron enfrentamientos \u00a0ac\u00e9rrimos \u00a0entre \u00a0las \u00a0campa\u00f1as, \u00a0incluso el 11 de octubre de 2003 se realiz\u00f3 \u00a0allanamiento \u00a0a la residencia de la se\u00f1ora Nohora Ospino, secretaria privada de \u00a0Fernando \u00a0Pisciotti, \u00a0diligencia \u00a0en \u00a0la cual fueron encontradas varias c\u00e9dulas \u00a0falsas \u00a0que \u00a0originaron \u00a0la \u00a0captura \u00a0de esa persona161. \u00a0\u00a0<\/p>\n<p>Ante \u00a0este \u00a0hecho, \u00a0Pisciotti \u00a0emiti\u00f3 \u00a0un \u00a0comunicado a la opini\u00f3n p\u00fablica donde dec\u00eda: \u00a0\u00a0<\/p>\n<p>\u201cEn \u00a0el \u00a0d\u00eda \u00a0de hoy, dos amigos, Nohora \u00a0Ospino \u00a0y Gustavo Reyes, han sido v\u00edctimas de un burdo montaje para vincularlos \u00a0con \u00a0el \u00a0tr\u00e1fico \u00a0de \u00a0c\u00e9dulas \u00a0falsas, \u00a0orquestado \u00a0sin lugar a equ\u00edvocos por \u00a0personas \u00a0vinculadas \u00a0a \u00a0la \u00a0campa\u00f1a del candidato Mat\u00edas Oliveros como Amparo \u00a0Leyva \u00a0y Pen\u00e9lope P\u00e9rez, quienes repartieron p\u00fablicamente el an\u00f3nimo firmado \u00a0por \u00a0\u201csociedad \u00a0consternada\u201d, \u00a0en \u00a0el \u00a0que \u00a0se afirma irresponsablemente que \u00a0Gustavo \u00a0Reyes \u00a0fue \u00a0sorprendido \u00a0con \u00a03.500 \u00a0c\u00e9dulas. \u00a0Mienten \u00a0quienes \u00a0hacen \u00a0semejante \u00a0afirmaci\u00f3n, \u00a0se \u00a0nota \u00a0que \u00a0los \u00a0canallas que est\u00e1n detr\u00e1s de esta \u00a0infamia \u00a0son \u00a0capaces \u00a0de \u00a0utilizar \u00a0los \u00a0medios m\u00e1s bajos con tal de lograr el \u00a0prop\u00f3sito \u00a0de \u00a0la \u00a0alcald\u00eda. \u00a0El creciente apoyo popular que tiene hoy nuestro \u00a0candidato \u00a0a la alcald\u00eda es prueba suficiente de que no necesitamos recurrir al \u00a0f\u00e1cil \u00a0expediente \u00a0de \u00a0la \u00a0trampa. Es muy sospechoso que los pasquines hubiesen \u00a0sido \u00a0repartidos por las se\u00f1oras anteriormente mencionadas casi al mismo tiempo \u00a0en \u00a0que \u00a0se produc\u00edan los allanamientos. Tengo la certeza de que todo es un vil \u00a0montaje \u00a0y \u00a0una canallada que s\u00f3lo Dios y el pueblo sabr\u00e1 castigar162.\u201d \u00a0\u00a0<\/p>\n<p>Pese a que el candidato Alberto Jos\u00e9 Puerta \u00a0solicit\u00f3 \u00a0a \u00a0los organismos de control su intervenci\u00f3n para que las elecciones \u00a0fueran \u00a0transparentes \u00a0e \u00a0incluso, \u00a0seg\u00fan \u00a0dio \u00a0cuenta \u00a0Nohora Ospino, formul\u00f3 \u00a0varias \u00a0 \u00a0denuncias, \u00a0 \u00a0el \u00a0 \u00a0triunfo \u00a0 \u00a0finalmente \u00a0 \u00a0lo \u00a0 \u00a0alcanz\u00f3 \u00a0 \u00a0Mat\u00edas \u00a0Oliveros. \u00a0\u00a0<\/p>\n<p>\u00a0 \u00a0<\/p>\n<p>Pero \u00a0este \u00a0\u00e9xito no fue suficiente para el \u00a0grupo \u00a0de \u00a0las \u00a0autodefensas, \u00a0de \u00a0conformidad \u00a0con \u00a0la declaraci\u00f3n rendida por \u00a0Wilson \u00a0 Poveda \u00a0 Carre\u00f1o, \u00a0 alias \u00a0 \u201cRafael\u201d163, en una reuni\u00f3n llevada a \u00a0cabo \u00a0el 6 de diciembre de 2003, el comandante \u201cOmega\u201d le hizo saber a \u00e9l y \u00a0a \u00a0los \u00a0comandantes \u00a0\u201cHarold\u201d \u00a0y \u00a0\u201cDar\u00edo\u201d \u00a0o \u00a0\u201c010\u201d, \u00a0que declaraba \u00a0objetivos \u00a0militares \u00a0a \u00a0Fernando \u00a0Pisciotti \u00a0y \u00a0Alberto \u00a0Jos\u00e9 \u00a0Puerta \u00a0Rosado. \u00a0\u00a0<\/p>\n<p>Las \u00a0 razones, \u00a0explica \u00a0este \u00a0declarante, \u00a0obedec\u00edan \u00a0al \u00a0incumplimiento \u00a0por \u00a0parte de Pisciotti del pago de la cuota que \u00a0deb\u00eda \u00a0cancelar por una distribuidora de cerveza que ten\u00eda, a la no entrega de \u00a0$50\u2019000.000 \u00a0 que \u00a0 las \u00a0autodefensas \u00a0hab\u00edan \u00a0exigido \u00a0de \u00a0manera \u00a0extraordinaria, \u00a0y finalmente, a las \u00a0denuncias \u00a0presentadas \u00a0por \u00e9ste y el ex candidato Alberto Jos\u00e9 Puerta ante la \u00a0Fiscal\u00eda \u00a0 y \u00a0 el \u00a0DAS, \u00a0contra \u00a0alias \u00a0\u201cRub\u00e9n\u201d, \u00a0Jefe \u00a0Pol\u00edtico \u00a0de \u00a0las \u00a0Autodefensas en esa regi\u00f3n. \u00a0\u00a0<\/p>\n<p>Es \u00a0as\u00ed \u00a0como por intermedio del comandante \u00a0\u201cChucho\u201d, \u00a0 agreg\u00f3 \u00a0 el \u00a0 testigo, \u00a0citaron \u00a0a \u00a0Puerta \u00a0Rosado \u00a0y \u00a0a \u00a0Pisciotti \u00a0a \u00a0una reuni\u00f3n el 8 de \u00a0diciembre \u00a0de \u00a02003, \u00a0pero \u00a0a \u00a0\u00e9sta \u00a0s\u00f3lo \u00a0asisti\u00f3 \u00a0el \u00a0primero a quien no le \u00a0sucedi\u00f3 \u00a0nada, y luego, Puerta le hizo saber a Pisciotti que deb\u00eda cumplir una \u00a0cita \u00a0a \u00a0alias \u00a0\u201cRafael\u201d \u00a0al d\u00eda siguiente, fecha en la cual lo asesinaron. \u00a0\u00a0<\/p>\n<p>3- \u00a0Como \u00a0acaba \u00a0de \u00a0verse, \u00a0el homicidio de \u00a0Pisciotti \u00a0no \u00a0surgi\u00f3 como consecuencia de que\u00a0 hiciera parte de una lista \u00a0de \u00a0personas \u00a0vinculadas \u00a0con \u00a0la \u00a0subversi\u00f3n, \u00a0ni \u00a0de \u00a0labores de inteligencia \u00a0realizadas \u00a0por el DAS, que son la esencia de los homicidios en este proceso; su \u00a0muerte \u00a0se \u00a0produjo por situaciones diferentes, una alusiva al incumplimiento de \u00a0sus \u00a0compromisos \u00a0econ\u00f3micos con el grupo de las autodefensas que operaba en la \u00a0regi\u00f3n, \u00a0y \u00a0otra \u00a0referida \u00a0a \u00a0las \u00a0confrontaciones presentadas en el escenario \u00a0electoral, \u00a0 espec\u00edficamente \u00a0 a \u00a0la \u00a0denuncia\u00a0 \u00a0presentada \u00a0contra \u00a0alias \u00a0\u201cRub\u00e9n\u201d. \u00a0\u00a0<\/p>\n<p>Frente \u00a0a \u00a0estos \u00a0m\u00f3viles, \u00a0es \u00a0un \u00a0hecho \u00a0incontrovertible \u00a0que \u00a0Fernando \u00a0Pisciotti \u00a0s\u00ed \u00a0pagaba \u00a0una cuota mensual a ese \u00a0grupo \u00a0 armado, \u00a0la \u00a0cual \u00a0era \u00a0de \u00a0$3\u2019500.000 \u00a0 \u00a0seg\u00fan \u00a0 lo \u00a0 informado \u00a0 por \u00a0 Martha \u00a0 Cecilia \u00a0 G\u00f3mez \u00a0Navarro164, \u00a0 asimismo, \u00a0las \u00a0autodefensas \u00a0hab\u00eda \u00a0enviado \u00a0un \u00a0comunicado \u00a0a \u00a0Fernando \u00a0Pisciotti, en el cual se hac\u00eda alusi\u00f3n a su condici\u00f3n de amigo para \u00a0solicitarle \u00a0 \u00a0 \u00a0 colaborar \u00a0 \u00a0 \u00a0con \u00a0 \u00a0 \u00a0la \u00a0 \u00a0 \u00a0suma \u00a0 \u00a0 \u00a0de \u00a0 \u00a0 \u00a0\u201c$50\u2019000.000165\u201d,\u00a0 \u00a0 sumas \u00a0 que \u00a0 al \u00a0parecer \u00a0no \u00a0hab\u00edan \u00a0sido \u00a0canceladas \u00a0por \u00a0el \u00a0pol\u00edtico.\u00a0\u00a0 \u00a0\u00a0<\/p>\n<p>En \u00a0cuanto \u00a0al tema de la denuncia formulada \u00a0contra \u00a0alias \u00a0\u201cRafael\u201d, \u00a0nunca \u00a0se demostr\u00f3 que \u00e9sta hubiera existido; de \u00a0hecho, \u00a0el \u00a0informe \u00a0de polic\u00eda judicial No. 153 de noviembre 27 de 2004 brinda \u00a0la \u00a0 siguiente \u00a0 informaci\u00f3n: \u00a0 \u201cen \u00a0 los \u00a0libros \u00a0radicadores \u00a0 de \u00a0 denuncias \u00a0 de \u00a0la \u00a0fiscal\u00eda \u00a0seccional \u00a0de\u00a0 \u00a0El \u00a0Banco \u00a0\u2013 \u00a0Magdalena \u00a0no \u00a0existe \u00a0denuncia \u00a0penal \u00a0interpuesta \u00a0por \u00a0el \u00a0doctor \u00a0Puerta Rosado en contra de Rub\u00e9n \u00a0Ruizd\u00edaz \u00a0Ramos, conocido con el alias de Rub\u00e9n, jefe pol\u00edtico de las AUC que \u00a0delinque \u00a0 \u00a0 \u00a0 \u00a0en \u00a0 \u00a0 \u00a0 \u00a0esa \u00a0 \u00a0 \u00a0 \u00a0localidad166\u201d. \u00a0\u00a0<\/p>\n<p>En \u00a0lo \u00a0que \u00a0hace \u00a0referencia \u00a0al \u00a0DAS, \u00a0lo \u00a0constatado \u00a0en \u00a0el proceso es la visita realizada por Puerta Rosado y Pisciotti, \u00a0la \u00a0 cual \u00a0 fue \u00a0 relatada \u00a0 en \u00a0 los \u00a0siguientes \u00a0t\u00e9rminos \u00a0por \u00a0Julio \u00a0C\u00e9sar \u00a0Pisciotti: \u00a0\u00a0<\/p>\n<p>\u201cEl estuvo aqu\u00ed en Bogot\u00e1 acompa\u00f1ado de \u00a0Puerta \u00a0Rosado \u00a0para tratar de solicitar protecci\u00f3n para que se adelantaran una \u00a0elecciones \u00a0transparentes y sin presiones o violencia y en una reuni\u00f3n a la que \u00a0yo \u00a0los \u00a0acompa\u00f1\u00e9 \u00a0al \u00a0DAS \u00a0as\u00ed \u00a0se \u00a0requiri\u00f3, \u00a0ah\u00ed fuimos atendidos por la \u00a0secretaria \u00a0privada \u00a0de \u00a0el \u00a0Director de este organismo porque en una visita que \u00a0hicieron \u00a0al \u00a0Banco \u00a0una \u00a0comisi\u00f3n del alto gobierno pidieron ser escuchados; a \u00a0esta \u00a0reuni\u00f3n \u00a0tambi\u00e9n \u00a0asisti\u00f3 el doctor Luis Ortiz, quien es subdirector de \u00a0una \u00a0entidad \u00a0del \u00a0Estado \u00a0que \u00a0es el resultado entre la fusi\u00f3n del INCORA y el \u00a0INPA. \u00a0Bien, \u00a0en \u00a0esta reuni\u00f3n se ped\u00eda que el DAS, \u00a0como \u00a0miembro \u00a0de \u00a0la \u00a0comisi\u00f3n \u00a0nacional \u00a0de vigilancia electoral mediara para \u00a0trasladar \u00a0las \u00a0mesas \u00a0del \u00a0sector rural del Banco a la cabecera a fin de evitar \u00a0las \u00a0presiones \u00a0que \u00a0se \u00a0ejerc\u00edan \u00a0sobre \u00a0los \u00a0campesinos por votar libremente; \u00a0esto \u00a0no \u00a0se logr\u00f3 y se llevaron militares a algunas \u00a0partes \u00a0 y \u00a0 esto \u00a0 tambi\u00e9n \u00a0 motiv\u00f3 \u00a0 denuncias167\u201d \u00a0\u00a0<\/p>\n<p>Conforme a la anterior dicci\u00f3n, la visita al \u00a0DAS \u00a0fue \u00a0antes \u00a0de \u00a0las \u00a0elecciones \u00a0del 23 de octubre de 2003, y su prop\u00f3sito \u00a0consisti\u00f3 \u00a0en \u00a0solicitar el traslado de las mesas de votaci\u00f3n del sector rural \u00a0a \u00a0la \u00a0cabecera, \u00a0de \u00a0all\u00ed que sea desatinado vincular el homicidio de Fernando \u00a0Pisciotti, \u00a0hecho \u00a0ocurrido \u00a0el \u00a09 \u00a0de \u00a0diciembre \u00a0de \u00a02003, \u00a0con \u00a0una petici\u00f3n \u00a0eminentemente de tipo electoral. \u00a0\u00a0<\/p>\n<p>En \u00a0cuanto a las manifestaciones que hace la \u00a0parte \u00a0 civil, \u00a0 dirigidas \u00a0a \u00a0sostener \u00a0que \u00a0NOGUERA \u00a0fue \u00a0part\u00edcipe \u00a0del \u00a0homicidio \u00a0de \u00a0Pisciotti \u00a0por la \u00a0captura \u00a0de \u00a0que \u00a0fue \u00a0objeto \u00a0Nohora Ospino, pudo observarse que este suceso se \u00a0present\u00f3 \u00a0en medio de la campa\u00f1a electoral, y que el propio Fernando Pisciotti \u00a0a \u00a0trav\u00e9s \u00a0del \u00a0comunicado \u00a0a \u00a0la \u00a0opini\u00f3n \u00a0p\u00fablica, atribuy\u00f3 esa acci\u00f3n al \u00a0contendor \u00a0Mat\u00edas \u00a0Oliveros, \u00a0a quien efectivamente en diligencia de registro y \u00a0allanamiento \u00a0 se \u00a0 le \u00a0 encontraron \u00a0varios \u00a0documentos \u00a0relacionados \u00a0con \u00a0las \u00a0autodefensas: \u00a0\u00a0<\/p>\n<p>Uno \u00a0alusivo \u00a0a \u00a0la \u00a0manera \u00a0como \u00a0se iban a \u00a0distribuir \u00a0 \u00a0los \u00a0 \u00a0contratos \u00a0 \u00a0durante \u00a0 \u00a0la \u00a0 administraci\u00f3n \u00a0 \u2013 \u00a030% para AUC, 20% perdedor, 30% para \u00a0los \u00a0 grupos \u00a0 pol\u00edticos-;\u00a0 \u00a0 otro \u00a0de \u00a0cuatro \u00a0folios \u00a0con \u00a0el \u00a0enunciado \u00a0\u201cListado de personas fallecidas aptas para votar en \u00a0el \u00a0Banco, \u00a0Magdalena\u201d, \u00a0y el \u00faltimo con el t\u00edtulo \u00a0\u201cExitoso \u00a0 \u00a0 operativo \u00a0 \u00a0 de \u00a0 \u00a0 la \u00a0 \u00a0 fuerza \u00a0p\u00fablica\u201d \u00a0donde \u00a0se \u00a0habla \u00a0de la captura de Nohora \u00a0Ospino \u00a0y Gustavo Reyes con 3.500 c\u00e9dulas falsas\u201d168; \u00a0por \u00a0ende, \u00a0es imposible \u00a0ahora \u00a0vincular a NOGUERA con \u00a0este hecho para hacerlo part\u00edcipe del homicidio de Piscioti. \u00a0\u00a0<\/p>\n<p>Finalmente, no puede pasar por alto la Sala, \u00a0que \u00a0en \u00a0versi\u00f3n \u00a0rendida \u00a0por \u00a0Wilson \u00a0Poveda \u00a0Torres ante la Jurisdicci\u00f3n de \u00a0Justicia \u00a0y \u00a0Paz, \u00a0sindic\u00f3 \u00a0como \u00a0autores \u00a0del \u00a0homicidio de Fernando Pisciotti \u00a0Vanstrahlen \u00a0al \u00a0ex \u00a0Alcalde \u00a0del \u00a0Banco, \u00a0Magdalena, \u00a0Mat\u00edas \u00a0Oliveros, \u00a0al ex \u00a0Representante \u00a0a \u00a0la \u00a0C\u00e1mara, \u00a0Alfonso \u00a0Campo \u00a0Escobar, \u00a0al \u00a0ex \u00a0Gobernador del \u00a0Magdalena \u00a0Trino \u00a0Luna Correa y a su hermano Juan Carlos Luna Correa169. \u00a0\u00a0<\/p>\n<p>En \u00a0estas \u00a0condiciones, \u00a0la \u00a0Sala proferir\u00e1 \u00a0sentencia \u00a0 absolutoria \u00a0a \u00a0favor \u00a0de \u00a0JORGE \u00a0AURELIO \u00a0NOGUERA \u00a0COTES \u00a0por \u00a0el homicidio agravado de Fernando \u00a0Pisciotti Vanstrahlen. \u00a0\u00a0<\/p>\n<p>4- \u00a0ABUSO \u00a0DE AUTORIDAD POR ACTO ARBITRARIO E \u00a0INJUSTO \u00a0\u00a0<\/p>\n<p>De conformidad con el art\u00edculo 416 de la Ley \u00a0599 \u00a0de \u00a02000, incurre en este il\u00edcito \u201cel servidor \u00a0p\u00fablico \u00a0 que \u00a0fuera \u00a0de \u00a0los \u00a0casos \u00a0especialmente \u00a0previstos \u00a0como \u00a0conductas \u00a0punibles, \u00a0con \u00a0ocasi\u00f3n \u00a0de \u00a0sus \u00a0funciones \u00a0o excedi\u00e9ndose en el ejercicio de \u00a0ellas, \u00a0cometa acto arbitrario e injusto\u201d, caso en el \u00a0cual, \u00a0\u201cincurrir\u00e1 en multa y p\u00e9rdida del empleo o \u00a0cargo p\u00fablico\u201d. \u00a0\u00a0<\/p>\n<p>En torno a esta preceptiva la Corte ha venido \u00a0ofreciendo \u00a0herramientas \u00a0conceptuales \u00a0para \u00a0concretar \u00a0el contenido de las dos \u00a0modalidades \u00a0que \u00a0ha \u00a0de \u00a0revestir \u00a0el \u00a0acto \u00a0del servidor p\u00fablico que pretende \u00a0catalogarse \u00a0t\u00edpico \u00a0del delito de abuso de autoridad, es as\u00ed como ha indicado \u00a0que: \u00a0\u00a0<\/p>\n<p>\u201cel marco de referencia \u00a0para \u00a0predicar la arbitrariedad o injusticia debe estar referido al ordenamiento \u00a0jur\u00eddico \u00a0bajo \u00a0cuya \u00e9gida se desenvuelve la actuaci\u00f3n, y de ah\u00ed que ninguno \u00a0de \u00a0tales \u00a0conceptos pueda evaluarse tomando como gu\u00eda valores diferentes a los \u00a0imperativos \u00a0legales que rigen y sujetan el proceder de la administraci\u00f3n y sus \u00a0agentes170, \u00a0de \u00a0suerte \u00a0tal \u00a0que \u00a0tampoco ser\u00e1 posible tildar de arbitrario o de injusto el \u00a0obrar que se muestre conforme a dichas leyes. \u00a0\u00a0<\/p>\n<p>Adicionalmente se tiene \u00a0que \u00a0la \u00a0referida \u00a0y obligada remisi\u00f3n al ordenamiento jur\u00eddico, como criterio \u00a0l\u00edmite \u00a0en \u00a0el \u00a0juicio de tipicidad de la conducta, no se agota con el simple y \u00a0llano \u00a0ejercicio \u00a0de \u00a0comparaci\u00f3n \u00a0entre el texto de la ley y la actuaci\u00f3n del \u00a0servidor, \u00a0como \u00a0que \u00a0aqu\u00e9lla \u00a0vista \u00a0aisladamente puede ser objeto de diversas \u00a0interpretaciones \u00a0m\u00e1s o menos acertadas cuyo grado de validez no puede entrar a \u00a0discutirse \u00a0como \u00a0referente \u00a0de verificaci\u00f3n del injusto; por ello el examen se \u00a0ha \u00a0de \u00a0extender \u00a0a \u00a0los \u00a0fines \u00a0que \u00a0la norma cumple dentro de tal ordenamiento \u00a0superior \u00a0en \u00a0que \u00a0est\u00e1 \u00a0inscrita, \u00a0es \u00a0decir, \u00a0como parte de un sistema y como \u00a0instrumento \u00a0a \u00a0trav\u00e9s \u00a0del \u00a0cual \u00a0se realizan ciertos principios o valores por \u00a0cuya protecci\u00f3n propende. \u00a0\u00a0<\/p>\n<p>En ese contexto, si bien el acto arbitrario \u00a0tradicionalmente \u00a0se \u00a0ha \u00a0concebido \u00a0como \u00a0aqu\u00e9l \u00a0que \u00a0lleva a cabo el servidor \u00a0p\u00fablico \u00a0 de \u00a0manera \u00a0caprichosa \u00a0haciendo \u00a0prevalecer \u00a0su \u00a0propia \u00a0voluntad \u00a0o \u00a0privilegi\u00e1ndola, \u00a0es \u00a0decir, \u00a0sustituyendo \u00a0la \u00a0voluntad \u00a0de la ley por la suya \u00a0propia \u00a0para realizar fines personales que no corresponden al inter\u00e9s p\u00fablico, \u00a0de \u00a0esta \u00a0concepci\u00f3n \u00a0no \u00a0escapa \u00a0que \u00a0la \u00a0realizaci\u00f3n \u00a0de \u00a0la \u00a0funci\u00f3n \u00a0as\u00ed \u00a0verificada, \u00a0 se \u00a0 concrete \u00a0 externamente \u00a0a \u00a0trav\u00e9s \u00a0de \u00a0un \u00a0acto \u00a0que \u00a0pueda \u00a0identificarse \u00a0 \u00a0como \u00a0 \u00a0contrario \u00a0 \u00a0a \u00a0 la \u00a0 ley171, \u00a0vista ella como reflejo \u00a0fiel de los valores que la misma tutela.\u201d \u00a0\u00a0<\/p>\n<p>\u201cAs\u00ed \u00a0pues, \u00a0la \u00a0arbitrariedad \u00a0del acto \u00a0puede \u00a0manifestarse \u00a0como extralimitaci\u00f3n de la funci\u00f3n o como desv\u00edo de ella \u00a0hacia \u00a0fines \u00a0no \u00a0contemplados \u00a0en \u00a0la \u00a0ley, \u00a0lo que nuevamente sugiere que para \u00a0tildar \u00a0el \u00a0acto de arbitrario no basta con acudir a la especial motivaci\u00f3n que \u00a0gui\u00f3 \u00a0al \u00a0servidor p\u00fablico en la realizaci\u00f3n del acto oficial censurado, sino \u00a0que \u00a0es \u00a0necesario, \u00a0adem\u00e1s, que en el plano meramente externo se manifieste el \u00a0capricho como negaci\u00f3n de la ley. \u00a0\u00a0<\/p>\n<p>\u201cA \u00a0 su \u00a0 turno, \u00a0la \u00a0injusticia \u00a0suele \u00a0identificarse \u00a0a \u00a0trav\u00e9s de la disparidad entre los efectos que el acto oficial \u00a0produce \u00a0y \u00a0los \u00a0que \u00a0deseablemente \u00a0deb\u00edan haberse realizado si la funci\u00f3n se \u00a0hubiere \u00a0desarrollado \u00a0con \u00a0apego \u00a0al \u00a0ordenamiento \u00a0jur\u00eddico; \u00a0en \u00a0esencia, la \u00a0injusticia \u00a0debe buscarse en la afectaci\u00f3n que se genera como producto de obrar \u00a0caprichoso, \u00a0ya \u00a0porque \u00a0a \u00a0trav\u00e9s \u00a0suyo \u00a0se reconoce un derecho, una garant\u00eda \u00a0inmerecida, \u00a0ora \u00a0porque \u00a0se \u00a0niega uno u otra cuando eran exigibles172.\u201d \u00a0\u00a0<\/p>\n<p>En el caso que ocupa la atenci\u00f3n de la Sala, \u00a0es \u00a0un \u00a0hecho \u00a0incontrovertible \u00a0que \u00a0el \u00a0prop\u00f3sito \u00a0de \u00a0la \u00a0expedici\u00f3n \u00a0de la \u00a0resoluci\u00f3n \u00a0 01390 \u00a0 de \u00a0 agosto \u00a0 12 \u00a0 de \u00a0 2003173, \u00a0por \u00a0medio de la cual el \u00a0ex \u00a0 Director \u00a0 del \u00a0 Departamento \u00a0 Administrativo \u00a0de \u00a0Seguridad \u00a0\u2013DAS- \u00a0JORGE \u00a0AURELIO \u00a0NOGUERA \u00a0COTES \u00a0orden\u00f3 trasladar a Sigifredo \u00a0Puentes \u00a0de \u00a0la \u00a0Subdirecci\u00f3n \u00a0de Investigaciones Especiales, dependiente de la \u00a0Direcci\u00f3n \u00a0General \u00a0Operativa, \u00a0a \u00a0la seccional Arauca, fue impedirle continuar \u00a0apoyando \u00a0a \u00a0la \u00a0fiscal\u00eda en las labores de polic\u00eda judicial que adelantaba en \u00a0el \u00a0proceso \u00a0de \u00a0acci\u00f3n \u00a0de \u00a0extinci\u00f3n contra el grupo del paramilitar Hern\u00e1n \u00a0Giraldo Serna. \u00a0\u00a0<\/p>\n<p>Si \u00a0bien \u00a0la \u00a0real \u00a0motivaci\u00f3n \u00a0del entonces \u00a0Director \u00a0resulta \u00a0a \u00a0todas \u00a0luces \u00a0perversa, \u00a0es \u00a0lo cierto que esa resoluci\u00f3n \u00a0administrativa \u00a0frente \u00a0al \u00a0delito \u00a0de \u00a0abuso de autoridad no constituye un acto \u00a0arbitrario, \u00a0una \u00a0de \u00a0las \u00a0condiciones \u00a0que \u00a0exige \u00a0el tipo penal, pues \u00e9sta se \u00a0expidi\u00f3 \u00a0con fundamento en el art\u00edculo 11 del Decreto 2146 de 1989, el cual le \u00a0permit\u00eda \u00a0hacer \u00a0movimientos \u00a0de \u00a0personal \u00a0por \u00a0medio de traslados, encargos o \u00a0ascensos. \u00a0\u00a0<\/p>\n<p>Luego \u00a0 con \u00a0 independencia \u00a0 de \u00a0 la \u00a0real \u00a0motivaci\u00f3n, \u00a0es \u00a0una \u00a0verdad \u00a0incontrovertible \u00a0que \u00a0el procesado se encontraba \u00a0revestido \u00a0de \u00a0la \u00a0facultad legal para tomar de manera discrecional este tipo de \u00a0determinaciones, \u00a0tanto \u00a0que, \u00a0el \u00a0citado \u00a0ordenamiento \u00a0no le exig\u00eda requisito \u00a0alguno para trasladar a un funcionario de una dependencia a otra. \u00a0\u00a0<\/p>\n<p>En \u00a0 estas \u00a0 condiciones \u00a0el \u00a0procesado \u00a0no \u00a0sustituy\u00f3 \u00a0la \u00a0ley ni se excedi\u00f3 en el ejercicio de la atribuci\u00f3n, raz\u00f3n por \u00a0la \u00a0cual \u00a0se \u00a0proferir\u00e1 \u00a0sentencia \u00a0absolutoria \u00a0por atipicidad de la conducta. \u00a0\u00a0<\/p>\n<p>Para \u00a0terminar el an\u00e1lisis de los hechos que \u00a0conformaron \u00a0 el \u00a0 presente \u00a0 proceso, \u00a0 se \u00a0tiene \u00a0entonces, \u00a0que \u00a0JORGE \u00a0AURELIO \u00a0NOGUERA \u00a0COTES \u00a0actu\u00f3 con \u00a0conocimiento \u00a0y \u00a0voluntad en cada una de las conductas delictivas por las cuales \u00a0ser\u00e1 \u00a0 condenado, \u00a0 pues \u00a0como \u00a0Director \u00a0del \u00a0Departamento \u00a0Administrativo \u00a0de \u00a0Seguridad \u00a0\u2013DAS- sab\u00eda que \u00a0su \u00a0obligaci\u00f3n \u00a0constitucional \u00a0y \u00a0legal \u00a0no \u00a0era \u00a0otra \u00a0que \u00a0contrarrestar las \u00a0actividades \u00a0delictivas \u00a0de cualquier organizaci\u00f3n al margen de la ley, en aras \u00a0de \u00a0propender \u00a0por \u00a0la \u00a0paz, \u00a0la \u00a0justicia \u00a0y la seguridad interna y externa del \u00a0Estado; \u00a0compromiso \u00a0que \u00a0desech\u00f3 \u00a0de \u00a0manera \u00a0consciente \u00a0y \u00a0deleznable cuando \u00a0decidi\u00f3 \u00a0aliarse \u00a0con \u00a0el Bloque Norte de las Autodefensas para ayudarlos en su \u00a0accionar \u00a0contra \u00a0la \u00a0poblaci\u00f3n \u00a0civil, \u00a0hecho que gener\u00f3 lesi\u00f3n a los bienes \u00a0jur\u00eddicos \u00a0de la seguridad, la administraci\u00f3n y la fe p\u00fablica, as\u00ed como a la \u00a0vida e integridad personal. \u00a0\u00a0<\/p>\n<p>Parad\u00f3jicamente \u00a0quien \u00a0deb\u00eda \u00a0proteger \u00a0y \u00a0favorecer \u00a0a \u00a0la \u00a0comunidad \u00a0de \u00a0las \u00a0actividades de los grupos delincuenciales, \u00a0termin\u00f3 \u00a0asociado \u00a0con \u00a0uno \u00a0de \u00a0ellos \u00a0para \u00a0favorecer \u00a0en \u00a0forma decidida sus \u00a0intereses, \u00a0con \u00a0pleno \u00a0conocimiento \u00a0de \u00a0la \u00a0ilegalidad que ello comportaba, al \u00a0igual que, con la total voluntad de hacerlo. \u00a0\u00a0<\/p>\n<p>PUNIBILIDAD: \u00a0<\/p>\n<p>Como \u00a0resultado \u00a0de \u00a0las conclusiones a las \u00a0cuales \u00a0arrib\u00f3 \u00a0la \u00a0Sala \u00a0en \u00a0cap\u00edtulos \u00a0precedentes, \u00a0se \u00a0declarar\u00e1 \u00a0 \u00a0responsable \u00a0 \u00a0penalmente \u00a0 \u00a0a \u00a0JORGE \u00a0 \u00a0AURELIO \u00a0 \u00a0NOGUERA \u00a0 \u00a0COTES \u00a0 de los siguientes delitos: \u00a0\u00a0<\/p>\n<p>1. \u00a0Autor \u00a0del \u00a0concierto \u00a0para \u00a0delinquir \u00a0agravado \u00a0descrito \u00a0en \u00a0el \u00a0art\u00edculo \u00a0340 \u00a0inciso 2\u00ba de la Ley 599 de 2000. La \u00a0sanci\u00f3n \u00a0oscila entre seis (6) a doce (12) a\u00f1os de prisi\u00f3n y multa de dos mil \u00a0(2.000) a veinte mil (20.000) salarios m\u00ednimos legales vigentes. \u00a0\u00a0<\/p>\n<p>2. \u00a0Autor \u00a0mediato \u00a0del homicidio de \u00a0 \u00a0Alfredo \u00a0 \u00a0Correa \u00a0 De \u00a0 Andreis, \u00a0tipificado \u00a0en \u00a0el \u00a0art\u00edculo 103 del C\u00f3digo Penal de \u00a02000, \u00a0 cuya \u00a0 punibilidad \u00a0es \u00a0de \u00a0trece \u00a0(13) \u00a0a \u00a0veinticinco \u00a0(25) \u00a0a\u00f1os \u00a0de \u00a0prisi\u00f3n. \u00a0\u00a0<\/p>\n<p>3. Autor mediato de destrucci\u00f3n, supresi\u00f3n \u00a0y \u00a0ocultamiento \u00a0de documento p\u00fablico, contenido en el art\u00edculo 292 inciso 2\u00ba \u00a0de \u00a0la \u00a0Ley \u00a0600 \u00a0de \u00a02000, cuya pena oscila entre tres (3) y diez (10) a\u00f1os de \u00a0prisi\u00f3n \u00a0 e \u00a0 inhabilitaci\u00f3n \u00a0 para \u00a0el \u00a0ejercicio \u00a0de \u00a0derechos \u00a0y \u00a0funciones \u00a0p\u00fablicas. \u00a0\u00a0<\/p>\n<p>4. Autor de utilizaci\u00f3n de asunto sometido \u00a0a \u00a0secreto \u00a0o reserva, previsto en el art\u00edculo 419 de la codificaci\u00f3n punitiva \u00a0del \u00a0a\u00f1o \u00a02000, \u00a0cuya penalidad consiste en multa y p\u00e9rdida del empleo o cargo \u00a0p\u00fablico. \u00a0\u00a0<\/p>\n<p>DOSIFICACION DE LA PENA \u00a0<\/p>\n<p>Atendiendo \u00a0 \u00a0las \u00a0 \u00a0distintas \u00a0 \u00a0penas \u00a0correspondientes \u00a0a \u00a0las conductas por las que se juzg\u00f3 al procesado y teniendo \u00a0en \u00a0 cuenta \u00a0 que \u00a0son \u00a0m\u00e1s \u00a0favorables \u00a0los \u00a0criterios \u00a0de \u00a0dosimetr\u00eda \u00a0penal \u00a0consagrados \u00a0en la Ley 599 de 2000, se proceder\u00e1 a graduar la pena de prisi\u00f3n, \u00a0la \u00a0de \u00a0multa \u00a0y la de interdicci\u00f3n de derechos y funciones p\u00fablicas a trav\u00e9s \u00a0del \u00a0sistema de cuartos, frente a cada uno de los il\u00edcitos por los cuales se le \u00a0condena. As\u00ed: \u00a0\u00a0<\/p>\n<p>a- Homicidio simple \u00a0<\/p>\n<p>Este \u00a0 il\u00edcito \u00a0contempla \u00a0 la \u00a0 sanci\u00f3n \u00a0 m\u00e1s \u00a0severa, \u00a0esto \u00a0es, \u00a0trece \u00a0 \u00a0(13) \u00a0 \u00a0a \u00a0 veinticinco \u00a0 (25) \u00a0 a\u00f1os \u00a0 de \u00a0prisi\u00f3n. \u00a0\u00a0<\/p>\n<p>Partiendo de los extremos punitivos m\u00ednimo y \u00a0m\u00e1ximo \u00a0se\u00f1alados, \u00a0corresponde \u00a0en \u00a0primer t\u00e9rmino establecer los cuartos de \u00a0movilidad \u00a0en \u00a0los cuales habr\u00e1 de fijarse la pena de prisi\u00f3n por este delito. \u00a0As\u00ed \u00a0\u00a0<\/p>\n<p>Cuarto \u00a0m\u00ednimo, de \u00a0trece \u00a0 (13) \u00a0 a \u00a0 diecis\u00e9is \u00a0 (16) \u00a0 a\u00f1os; \u00a0Cuartos \u00a0medios \u00a0de \u00a0diecis\u00e9is (16) a veintid\u00f3s (22) a\u00f1os; y \u00a0el \u00a0 cuarto \u00a0 m\u00e1ximo \u00a0 de \u00a0veintid\u00f3s (22) a veinticinco (25) a\u00f1os. \u00a0\u00a0<\/p>\n<p>Como el acusador no imput\u00f3 circunstancias de \u00a0mayor \u00a0punibilidad, \u00a0corresponde \u00a0fijar \u00a0la pena en el primer cuarto m\u00ednimo, es \u00a0decir, entre 13 y 16 a\u00f1os. \u00a0\u00a0<\/p>\n<p>Partiendo de dicho \u00e1mbito de punibilidad y \u00a0de \u00a0 cara \u00a0 a \u00a0los \u00a0criterios \u00a0para \u00a0la \u00a0determinaci\u00f3n \u00a0final \u00a0de \u00a0la \u00a0pena \u00a0de \u00a0prisi\u00f3n174, \u00a0es \u00a0claro que esta conducta fue extremadamente grave, pues pese a \u00a0que \u00a0las \u00a0autoridades \u00a0del Estado se encuentran en la obligaci\u00f3n constitucional \u00a0de \u00a0proteger \u00a0a \u00a0todas \u00a0las \u00a0personas \u00a0en \u00a0su vida, el Director del departamento \u00a0Administrativo \u00a0 de \u00a0 Seguridad \u00a0 utiliz\u00f3 \u00a0las \u00a0funciones \u00a0del \u00a0organismo \u00a0para \u00a0contribuir \u00a0a \u00a0tan \u00a0execrable \u00a0crimen. \u00a0Es \u00a0indiscutible \u00a0que \u00a0la \u00a0voluntad \u00a0del \u00a0enjuiciado \u00a0estuvo \u00a0dirigida \u00a0a \u00a0permitir \u00a0que el catedr\u00e1tico Correa De Andreis \u00a0fuera \u00a0presentado \u00a0por \u00a0Javier Valle Anaya como un subversivo, para facilitar el \u00a0accionar \u00a0del \u00a0grupo \u00a0delictivo \u00a0en \u00a0su \u00a0contra, \u00a0situaci\u00f3n que denota la mayor \u00a0intensidad \u00a0del \u00a0dolo.\u00a0 Agr\u00e9guese que la muerte del profesor impidi\u00f3 a su \u00a0familia \u00a0contar \u00a0con el apoyo y la presencia de un ser querido, y a la comunidad \u00a0m\u00e1s \u00a0 necesitada, \u00a0los \u00a0desplazados, \u00a0de \u00a0quien \u00a0prestaba \u00a0un \u00a0servicio \u00a0social \u00a0desinteresado, incomodo para el grupo armado ilegal. \u00a0\u00a0<\/p>\n<p>En \u00a0 tales \u00a0 condiciones, \u00a0 JORGE \u00a0 AURELIO \u00a0 NOGUERA \u00a0COTES \u00a0deber\u00e1 \u00a0cumplir \u00a0por \u00a0el \u00a0delito \u00a0de homicidio una pena igual a diecis\u00e9is (16) a\u00f1os de \u00a0prisi\u00f3n, \u00a0en orden a la realizaci\u00f3n de sus fines y en especial, el relacionado \u00a0con la prevenci\u00f3n general. \u00a0\u00a0<\/p>\n<p>b- \u00a0 \u00a0 Concierto \u00a0 \u00a0 para \u00a0 \u00a0 delinquir \u00a0agravado \u00a0\u00a0<\/p>\n<p>El \u00a0inciso \u00a02\u00ba del art\u00edculo 340 del C\u00f3digo \u00a0Penal \u00a0 consagra \u00a0 una \u00a0 sanci\u00f3n \u00a0 de \u00a0 seis \u00a0 (6) \u00a0 a \u00a0 doce \u00a0 (12) \u00a0a\u00f1os \u00a0de \u00a0prisi\u00f3n. \u00a0\u00a0<\/p>\n<p>Los cuartos de movilidad en este il\u00edcito son: \u00a0Primer \u00a0cuarto: \u00a0Seis \u00a0(6) a \u00a0siete \u00a0(7) \u00a0a\u00f1os y 6 meses. Cuartos medios: \u00a0Siete \u00a0(7) \u00a0a\u00f1os, \u00a0seis \u00a0(6) \u00a0meses \u00a0a diez (10) a\u00f1os, seis (6) \u00a0meses. \u00a0\u00daltimo \u00a0cuarto: Diez \u00a0(10) a\u00f1os, seis (6) meses a doce (12) a\u00f1os. \u00a0\u00a0<\/p>\n<p>Ante la ausencia que revela la resoluci\u00f3n de \u00a0acusaci\u00f3n \u00a0en \u00a0cuanto \u00a0a circunstancias de mayor punibilidad, corresponde fijar \u00a0la \u00a0pena de prisi\u00f3n dentro de los l\u00edmites del primer cuarto, es decir, de seis \u00a0(6) a siete (7) a\u00f1os y 6 meses. \u00a0\u00a0<\/p>\n<p>Atendiendo el texto del inciso 3 del art\u00edculo \u00a061 \u00a0del C\u00f3digo Penal, es evidente la gravedad de esta conducta en la medida que \u00a0las \u00a0funciones \u00a0del \u00a0organismo de seguridad del Estado, concretadas en velar por \u00a0la \u00a0seguridad interna del pa\u00eds y colaborar con las autoridades judiciales en la \u00a0persecuci\u00f3n \u00a0del \u00a0crimen, fueron desviadas hacia fines protervos que pon\u00edan en \u00a0peligro \u00a0a \u00a0la sociedad civil, en especial a aquella de la costa norte del pa\u00eds \u00a0y \u00a0obstru\u00edan \u00a0la \u00a0labor \u00a0de \u00a0la \u00a0justicia; \u00a0es \u00a0irrefutable\u00a0 \u00a0que \u00a0con esa \u00a0colaboraci\u00f3n, \u00a0el procesado quien es abogado especializado en derecho p\u00fablico, \u00a0concedi\u00f3 \u00a0patente \u00a0de \u00a0corso \u00a0al \u00a0grupo \u00a0paramilitar \u00a0para \u00a0la comisi\u00f3n de sus \u00a0il\u00edcitos. \u00a0\u00a0<\/p>\n<p>En \u00a0este \u00a0orden \u00a0de \u00a0ideas, la pena para este \u00a0il\u00edcito \u00a0se fijar\u00e1 en el m\u00e1ximo del cuarto m\u00ednimo, es decir, siete (7) a\u00f1os \u00a0y seis (6) meses de prisi\u00f3n. \u00a0\u00a0<\/p>\n<p>La pena de multa fluct\u00faa entre 2000 y 20.000 \u00a0salarios \u00a0 m\u00ednimos \u00a0 legales \u00a0 mensuales \u00a0vigentes, \u00a0por \u00a0ende, \u00a0siguiendo \u00a0los \u00a0par\u00e1metros \u00a0establecidos \u00a0para \u00a0la \u00a0dosificaci\u00f3n \u00a0de \u00a0la \u00a0pena \u00a0de \u00a0prisi\u00f3n y \u00a0teniendo \u00a0en \u00a0cuenta \u00a0la \u00a0gravedad del hecho como la participaci\u00f3n que tiene el \u00a0procesado \u00a0en \u00a0una \u00a0sociedad de su familia, la sanci\u00f3n pecuniaria que se impone \u00a0es de 6500 salarios m\u00ednimos legales vigentes. \u00a0\u00a0<\/p>\n<p>c- Destrucci\u00f3n, supresi\u00f3n u ocultamiento de \u00a0documento p\u00fablico. \u00a0\u00a0<\/p>\n<p>De conformidad con el inciso 2\u00ba del art\u00edculo \u00a0292 \u00a0 la \u00a0 pena \u00a0oscila \u00a0entre \u00a0tres \u00a0(3) \u00a0y \u00a0diez \u00a0(10) \u00a0a\u00f1os \u00a0de \u00a0prisi\u00f3n \u00a0e \u00a0inhabilitaci\u00f3n \u00a0 \u00a0 para \u00a0 \u00a0 el \u00a0 \u00a0ejercicio \u00a0 \u00a0de \u00a0 \u00a0derechos \u00a0 \u00a0y \u00a0 \u00a0funciones \u00a0p\u00fablicas. \u00a0\u00a0<\/p>\n<p>Aplicando \u00a0la \u00a0misma \u00a0operaci\u00f3n \u00a0que \u00a0en los \u00a0anteriores \u00a0casos, el resultado es el siguiente: Primer \u00a0cuarto. \u00a0Tres \u00a0(3) \u00a0a \u00a0cuatro \u00a0(4) \u00a0a\u00f1os \u00a0y \u00a09 meses. \u00a0Cuartos \u00a0medios. \u00a0Cuatro (4) \u00a0a\u00f1os, \u00a0 9 \u00a0 meses \u00a0 a \u00a0 ocho \u00a0 (8) \u00a0 a\u00f1os \u00a0 y \u00a0tres \u00a0(3) \u00a0meses. \u00a0\u00daltimo \u00a0cuarto. \u00a0De \u00a0ocho (8) a\u00f1os, tres \u00a0(3) meses a diez (10) a\u00f1os. \u00a0\u00a0<\/p>\n<p>Por el motivo se\u00f1alado en el anterior delito \u00a0y \u00a0en \u00a0concordancia \u00a0con los argumentos esgrimidos en cuanto a la gravedad de la \u00a0conducta, \u00a0aplicables \u00a0a \u00a0este \u00a0caso, \u00a0corresponde \u00a0fijar \u00a0la \u00a0pena \u00a0de prisi\u00f3n \u00a0en\u00a0 cuatro (4) a\u00f1os, 9 meses. \u00a0\u00a0<\/p>\n<p>d- Revelaci\u00f3n de asunto sometido a secreto o \u00a0reserva \u00a0\u00a0<\/p>\n<p>La \u00a0sanci\u00f3n \u00a0para \u00a0este \u00a0il\u00edcito \u00a0se \u00a0hace \u00a0consistir en multa y p\u00e9rdida del empleo. \u00a0\u00a0<\/p>\n<p>En t\u00e9rminos del art\u00edculo 39 de la Ley 599 de \u00a02000, \u00a0esta \u00a0sanci\u00f3n \u00a0se \u00a0impone teniendo en cuenta la unidad de multa, la cual \u00a0oscila \u00a0entre el 1\u00ba y 3\u00ba grado seg\u00fan los ingresos percibidos por el procesado \u00a0en \u00a0el \u00faltimo a\u00f1o; desde esta perspectiva, teniendo en cuenta que JORGE \u00a0AURELIO \u00a0NOGUERA COTES se encuentra \u00a0privado \u00a0de \u00a0la \u00a0libertad, \u00a0como \u00a0tambi\u00e9n, \u00a0que recibe ingresos derivados de su \u00a0participaci\u00f3n \u00a0en \u00a0una \u00a0sociedad familiar, \u00e9sta se fija en el primer grado, es \u00a0decir, en diez (10) salarios m\u00ednimos legales mensuales vigentes. \u00a0\u00a0<\/p>\n<p>Igualmente \u00a0se declara que la desvinculaci\u00f3n \u00a0de \u00a0 JORGE \u00a0AURELIO \u00a0NOGUERA \u00a0COTES\u00a0 \u00a0 del \u00a0 cargo \u00a0 de \u00a0Director \u00a0del \u00a0Departamento \u00a0Administrativo \u00a0de \u00a0Seguridad, \u00a0obedece \u00a0a \u00a0lo \u00a0estatuido en esta norma, es decir, a la p\u00e9rdida del \u00a0empleo \u00a0o \u00a0cargo \u00a0p\u00fablico por raz\u00f3n de la comisi\u00f3n del punible de revelaci\u00f3n \u00a0de asunto sometido a secreto. \u00a0\u00a0<\/p>\n<p>Finalmente, \u00a0como \u00a0se \u00a0trata \u00a0de \u00a0un concurso \u00a0heterog\u00e9neo \u00a0de\u00a0 \u00a0conductas \u00a0punibles, \u00a0la \u00a0Sala atendiendo el mandato del \u00a0art\u00edculo \u00a0 \u00a0 \u00a031 \u00a0 \u00a0 \u00a0del \u00a0 \u00a0 C\u00f3digo \u00a0 \u00a0 Penal175 \u00a0 y \u00a0 partiendo \u00a0 de \u00a0los \u00a0diecis\u00e9is \u00a0 (16) \u00a0 a\u00f1os \u00a0 de \u00a0 prisi\u00f3n \u00a0 fijados \u00a0 para \u00a0el \u00a0delito \u00a0base \u00a0de \u00a0homicidio\u00a0 \u00a0se \u00a0aumentar\u00e1n \u00a0en \u00a0nueve \u00a0(9) \u00a0para \u00a0un \u00a0total \u00a0definitivo de \u00a0veinticinco (25) a\u00f1os de prisi\u00f3n. \u00a0\u00a0<\/p>\n<p>De \u00a0otro lado, la pena de multa, siguiendo lo \u00a0dispuesto \u00a0por \u00a0el \u00a0numeral 4\u00b0 del art\u00edculo 39 del C.P., ha de tasarse sumando \u00a0las \u00a0impuestas \u00a0individualmente, \u00a0esto \u00a0es, en 6.510 salarios m\u00ednimos mensuales \u00a0legales. \u00a0\u00a0<\/p>\n<p>De \u00a0conformidad con el art\u00edculo 52 de la Ley \u00a0599 \u00a0de \u00a02000, se fijar\u00e1 la pena accesoria de inhabilitaci\u00f3n para el ejercicio \u00a0para \u00a0el \u00a0ejercicio de derechos y funciones p\u00fablicas, por el t\u00e9rmino de veinte \u00a0(20) \u00a0 a\u00f1os, \u00a0 atendiendo \u00a0 el \u00a0 contenido \u00a0 del \u00a0 art\u00edculo \u00a0 51 \u00a0ibidem. \u00a0\u00a0<\/p>\n<p>Asimismo, se dispondr\u00e1 en la parte resolutiva \u00a0la \u00a0 p\u00e9rdida \u00a0 del \u00a0 cargo \u00a0 que \u00a0 ostentaba \u00a0como \u00a0Director \u00a0del \u00a0departamento \u00a0Administrativo \u00a0 \u00a0de \u00a0 \u00a0Seguridad \u00a0 \u00a0\u2013DAS- \u00a0\u00a0<\/p>\n<p>DETERMINACI\u00d3N \u00a0 DE \u00a0 LA \u00a0 RESPONSABILIDAD \u00a0CIVIL: \u00a0\u00a0<\/p>\n<p>El \u00a0art\u00edculo \u00a056 \u00a0de \u00a0la \u00a0Ley 600 de 2000, \u00a0prescribe \u00a0que \u00a0en todo proceso penal en que se haya demostrado la existencia de \u00a0perjuicios \u00a0provenientes \u00a0de \u00a0la conducta investigada, el funcionario condenar\u00e1 \u00a0al responsable al pago de los da\u00f1os ocasionados con el delito. \u00a0\u00a0<\/p>\n<p>En el presente proceso, frente al homicidio de \u00a0Alfredo \u00a0Correa \u00a0De Andreis, sus progenitores -Alfredo \u00a0Correa \u00a0Galindo \u00a0y Eloisa De Andreis de Correa-\u00a0 y \u00a0hermanos \u00a0\u2013Magda Cecilia y \u00a0Ra\u00fal \u00a0Correa \u00a0de \u00a0Andreis-, en calidad de parte civil \u00a0solicitaron \u00a0a \u00a0la \u00a0Sala reconocer una indemnizaci\u00f3n por concepto de perjuicios \u00a0morales, \u00a0en \u00a0una cuant\u00eda de 1000 salarios para cada \u00a0uno, \u00a0en \u00a0consideraci\u00f3n al grave da\u00f1o causado con la \u00a0perpetraci\u00f3n de la conducta punible. \u00a0\u00a0<\/p>\n<p>De \u00a0conformidad con el art\u00edculo 97 de la Ley \u00a0599 \u00a0de 2000, el juez podr\u00e1 se\u00f1alar como indemnizaci\u00f3n, una suma equivalente, \u00a0en \u00a0moneda \u00a0nacional, \u00a0hasta \u00a01.000 \u00a0salarios \u00a0m\u00ednimos \u00a0legales \u00a0mensuales, \u00a0en \u00a0trat\u00e1ndose \u00a0 de \u00a0perjuicios \u00a0morales \u00a0subjetivados176; sin embargo, la tasaci\u00f3n \u00a0debe \u00a0hacerse \u00a0teniendo en cuenta la naturaleza de la conducta y la magnitud del \u00a0da\u00f1o causado. \u00a0\u00a0<\/p>\n<p>Es \u00a0decir, que no obstante que hay un l\u00edmite \u00a0m\u00e1ximo, \u00a0el \u00a0juez cuenta con un amplio rango de movilidad dentro del cual puede \u00a0desplazarse \u00a0para \u00a0fijar \u00a0la indemnizaci\u00f3n por perjuicios morales subjetivados, \u00a0lo \u00a0cual no significa arbitrariedad o capricho, pues debe seguir los par\u00e1metros \u00a0fijados en la ley y en la jurisprudencia. \u00a0\u00a0<\/p>\n<p>Al \u00a0respecto, la Corporaci\u00f3n en sentencia de \u00a0abril \u00a0 \u00a0 \u00a0 \u00a0 \u00a027 \u00a0 \u00a0 \u00a0 \u00a0 \u00a0de \u00a0 \u00a0 \u00a0 \u00a0 \u00a02011177, \u00a0precis\u00f3 \u00a0que \u00a0en \u00a0estos \u00a0eventos \u00a0debe tenerse en cuenta \u201cc\u00f3mo la Sala Civil \u00a0de \u00a0 \u00a0 la \u00a0 \u00a0 Corte \u00a0 \u00a0 Suprema \u00a0 \u00a0de \u00a0 \u00a0Justicia178 normalmente fija un monto \u00a0m\u00e1ximo \u00a0de \u00a040 \u00a0millones \u00a0de \u00a0pesos \u00a0como \u00a0indemnizaci\u00f3n \u00a0por \u00a0este \u00a0concepto, \u00a0equivalentes \u00a0actualmente \u00a0a \u00a072,7 salarios m\u00ednimos legales mensuales, mientras \u00a0que \u00a0 \u00a0 \u00a0 el \u00a0 \u00a0 \u00a0 Consejo \u00a0 \u00a0 \u00a0 de \u00a0 \u00a0 \u00a0Estado179 \u00a0sugiere \u00a0fijar una cifra \u00a0m\u00e1xima, \u00a0para \u00a0los casos de mayor gravedad, equivalente a 100 salarios m\u00ednimos \u00a0legales mensuales\u201d. \u00a0\u00a0<\/p>\n<p>\u201cEn \u00a0igual \u00a0sentido, \u00a0cuando \u00a0esta Sala ha \u00a0debido \u00a0tasar \u00a0perjuicios de orden moral o pronunciarse sobre tal t\u00f3pico en los \u00a0procesos \u00a0que \u00a0conoce \u00a0en \u00a0virtud \u00a0del \u00a0recurso \u00a0extraordinario de casaci\u00f3n, ha \u00a0fijado \u00a0 sumas \u00a0 que \u00a0 oscilan \u00a0 entre \u00a0 1 \u00a0 y \u00a0312 \u00a0salarios \u00a0m\u00ednimos \u00a0legales \u00a0mensuales180\u201d. \u00a0\u00a0<\/p>\n<p>Teniendo en cuenta los anteriores par\u00e1metros, \u00a0relativos \u00a0al \u00a0da\u00f1o moral subjetivado, la Sala considera razonable, teniendo en \u00a0cuenta \u00a0la \u00a0grave modalidad de la infracci\u00f3n y la aflicci\u00f3n sufrida, reconocer \u00a0un \u00a0tope \u00a0de \u00a0200 \u00a0salarios m\u00ednimos legales mensuales para sus padres Eloisa De \u00a0Andreis \u00a0de \u00a0Correa, \u00a0Alfredo \u00a0Correa \u00a0Galindo \u00a0y la mitad de esta cifra para su \u00a0hermano Ra\u00fal Correa De Andreis. \u00a0\u00a0<\/p>\n<p>Lo anterior, por cuanto la indemnizaci\u00f3n del \u00a0perjuicio \u00a0moral \u00a0no \u00a0compensa \u00a0el \u00a0dolor, \u00a0angustia \u00a0y tristeza derivados de la \u00a0p\u00e9rdida \u00a0de \u00a0la \u00a0vida de un ser querido, pero con ella se trata de satisfacer o \u00a0mitigar \u00a0el \u00a0da\u00f1o ocasionado. En este sentido, la Sala Civil de la Corporaci\u00f3n \u00a0ha dicho: \u00a0\u00a0<\/p>\n<p>\u201cEn \u00a0torno \u00a0al \u00a0perjuicio \u00a0moral \u00a0es \u00a0de recordar que su indemnizaci\u00f3n no obedece a un criterio \u00a0compensatorio, \u00a0desde \u00a0luego \u00a0que \u00a0la vida humana es inconmensurable, sino a uno \u00a0satisfactorio, \u00a0destinado a mitigar en lo posible la enorme pena que en el fondo \u00a0queda \u00a0ante \u00a0la \u00a0ausencia de un ser amado, raz\u00f3n por la cual en su apreciaci\u00f3n \u00a0han \u00a0de considerarse el dolor de quien lo sufre, la intensidad de su congoja, la \u00a0cercan\u00eda \u00a0con \u00a0el \u00a0ser \u00a0perdido, \u00a0entre \u00a0otras \u00a0cosas, para, con cimiento en la \u00a0equidad, \u00a0arribar al m\u00e1s justo valor, distante por lo general de la matem\u00e1tica \u00a0exactitud \u00a0 \u00a0con \u00a0 \u00a0que \u00a0 \u00a0se \u00a0 \u00a0escruta \u00a0 \u00a0el \u00a0 \u00a0da\u00f1o \u00a0 \u00a0material.\u201d181. \u00a0\u00a0<\/p>\n<p>Finalmente, pese a que la Sala reconoci\u00f3 como \u00a0parte \u00a0civil \u00a0a \u00a0la \u00a0hermana \u00a0del \u00a0occiso, \u00a0Magda \u00a0Cecilia Correa De Andreis, no \u00a0dispondr\u00e1 \u00a0pago \u00a0alguno \u00a0a \u00a0su \u00a0favor \u00a0por concepto de perjuicios morales, como \u00a0quiera \u00a0que \u00a0en la sentencia de agosto 12 de 2008, proferida por el Juzgado Once \u00a0Penal \u00a0de Circuito Especializado, orden\u00f3 pagar por este hecho y por concepto de \u00a0perjuicios \u00a0 morales \u00a0la \u00a0suma \u00a0de \u00a0300 \u00a0salarios \u00a0m\u00ednimos \u00a0legales182, \u00a0luego \u00a0disponer \u00a0en \u00a0este \u00a0prove\u00eddo \u00a0otro \u00a0pago \u00a0por \u00a0el mismo concepto, constituir\u00eda \u00a0simplemente \u00a0un \u00a0reconocimiento \u00a0doble \u00a0por \u00a0la \u00a0misma \u00a0situaci\u00f3n \u00a0de dolor que \u00a0afect\u00f3 a esta demandante. \u00a0\u00a0<\/p>\n<p>DE \u00a0LOS \u00a0MECANISMOS \u00a0SUSTITUTIVOS \u00a0DE LA PENA \u00a0PRIVATIVA DE LA LIBERTAD \u00a0\u00a0<\/p>\n<p>Como \u00a0quiera \u00a0que \u00a0la \u00a0pena \u00a0por \u00a0imponer \u00a0a \u00a0JORGE \u00a0NOGUERA \u00a0COTES supera \u00a0los \u00a0tres \u00a0a\u00f1os de prisi\u00f3n, se declarar\u00e1 que el condenado no se hace acreedor \u00a0al \u00a0otorgamiento de la suspensi\u00f3n condicional de la ejecuci\u00f3n de la pena a que \u00a0hace \u00a0alusi\u00f3n \u00a0el \u00a0art\u00edculo 63 de la Ley 599 de 2000, dado que para ello deben \u00a0concurrir \u00a0acreditadas tanto la exigencia objetiva como subjetiva requeridas por \u00a0dicha disposici\u00f3n. \u00a0\u00a0<\/p>\n<p>Tampoco se conceder\u00e1 la prisi\u00f3n domiciliaria \u00a0como \u00a0sustitutiva \u00a0de la prisi\u00f3n, por cuanto no aparece satisfecho el requisito \u00a0objetivo \u00a0se\u00f1alado \u00a0en \u00a0el \u00a0art\u00edculo 38 de la Ley 599 de 2000, esto es, que la \u00a0pena \u00a0m\u00ednima \u00a0prevista \u00a0en \u00a0la \u00a0ley \u00a0para \u00a0el \u00a0delito \u00a0sea \u00a0de \u00a0cinco \u00a0a\u00f1os \u00a0o \u00a0menos. \u00a0\u00a0<\/p>\n<p>OTRAS DETERMINACIONES \u00a0<\/p>\n<p>1-Durante \u00a0la intervenci\u00f3n del representante \u00a0de \u00a0la \u00a0parte \u00a0civil \u00a0en \u00a0el \u00a0juicio, \u00a0solicit\u00f3 \u00a0a \u00a0la Sala expedir copias para \u00a0investigar \u00a0al \u00a0ex \u00a0Presidente \u00a0de \u00a0la \u00a0Rep\u00fablica, \u00c1lvaro Uribe V\u00e9lez, por su \u00a0presunta \u00a0participaci\u00f3n en estos hechos, toda vez que en su concepto los mismos \u00a0hacen \u00a0parte \u00a0la \u00a0pol\u00edtica \u00a0de \u00a0seguridad \u00a0democr\u00e1tica que impuls\u00f3 durante su \u00a0administraci\u00f3n; \u00a0 sin \u00a0embargo, \u00a0no \u00a0encuentra \u00a0la \u00a0Corporaci\u00f3n \u00a0motivos \u00a0para \u00a0despachar \u00a0favorablemente \u00a0esta \u00a0petici\u00f3n, \u00a0en \u00a0la \u00a0medida que la actuaci\u00f3n no \u00a0revela \u00a0su \u00a0participaci\u00f3n \u00a0en \u00a0ellos, decisi\u00f3n que en momento alguno coh\u00edbe o \u00a0impide \u00a0al \u00a0solicitante \u00a0acudir \u00a0ante \u00a0las \u00a0autoridades \u00a0respectivas \u00a0para dicho \u00a0fin. \u00a0\u00a0<\/p>\n<p>2- \u00a0Asimismo, \u00a0solicit\u00f3 este sujeto procesal \u00a0expedir \u00a0 copias \u00a0para \u00a0investigar \u00a0a \u00a0Geancarlo \u00a0Auque \u00a0de \u00a0Silvestri, \u00a0R\u00f3mulo \u00a0Betancurt, \u00a0Alfredo \u00a0Valle \u00a0Anaya \u00a0y \u00a0Enrique \u00a0Ariza por el homicidio de Alfredo \u00a0Correa De Andreis. \u00a0\u00a0<\/p>\n<p>La \u00a0 Corte \u00a0 al \u00a0observar \u00a0su \u00a0pertinencia, \u00a0dispondr\u00e1 \u00a0expedir \u00a0copia de la presente providencia, del audio que contiene la \u00a0declaraci\u00f3n \u00a0vertida \u00a0por \u00a0Javier \u00a0Valle Anaya el 28 de mayo de de 2008; de las \u00a0declaraciones \u00a0 rendidas \u00a0en \u00a0este \u00a0proceso \u00a0por \u00a0R\u00f3mulo \u00a0Betancurt183, Geancarlo \u00a0Auque \u00a0 \u00a0 \u00a0 \u00a0 \u00a0 \u00a0 de \u00a0 \u00a0 \u00a0 \u00a0 \u00a0 \u00a0Silvestri184 \u00a0y \u00a0Jos\u00e9 \u00a0Dar\u00edo \u00a0P\u00e9rez \u00a0Murcia185; \u00a0 del \u00a0 comprobante \u00a0 de \u00a0pago \u00a0de \u00a0gastos \u00a0reservados186 \u00a0y de los \u00a0informes \u00a0de \u00a0polic\u00eda \u00a0judicial \u00a0Nos. 390823 de 25 de marzo de 2008187; 400226 de \u00a019 \u00a0 \u00a0 \u00a0 \u00a0de \u00a0 \u00a0 \u00a0 \u00a0mayo \u00a0 \u00a0 \u00a0 \u00a0de \u00a0 \u00a0 \u00a0 \u00a02008188 y 411495 de 29 de julio de \u00a02008189, \u00a0para \u00a0que \u00a0la \u00a0Fiscal\u00eda \u00a012 \u00a0de \u00a0la \u00a0Unidad Nacional de Derechos \u00a0Humanos \u00a0 \u00a0 \u00a0y \u00a0 \u00a0 \u00a0Derecho \u00a0 \u00a0 \u00a0Internacional \u00a0 \u00a0 \u00a0Humanitario \u00a0 \u00a0 \u2013radicado \u00a0 2030- \u00a0 que \u00a0 adelanta \u00a0la \u00a0investigaci\u00f3n \u00a0por \u00a0el \u00a0homicidio \u00a0de \u00a0Alfredo \u00a0Correa \u00a0De \u00a0Andreis, adopte las \u00a0decisiones pertinentes. \u00a0\u00a0<\/p>\n<p>3- Como quiera que en la audiencia p\u00fablica de \u00a0juzgamiento \u00a0llevada \u00a0a \u00a0cabo \u00a0el \u00a030 \u00a0de \u00a0julio \u00a0de 2011, el procesado formul\u00f3 \u00a0denuncia \u00a0contra \u00a0el \u00a0ex \u00a0Fiscal \u00a0General de la Naci\u00f3n, Mario Iguar\u00e1n, y el ex \u00a0Ministro \u00a0de \u00a0Justicia \u00a0Sabas \u00a0Pretel de la Vega por la manera como la Fiscal\u00eda \u00a0tramit\u00f3 \u00a0el presente proceso, se ordenar\u00e1 expedir copia del audio donde reposa \u00a0aqu\u00e9lla, \u00a0ante la Comisi\u00f3n de Acusaciones de la C\u00e1mara de Representantes y el \u00a0Despacho \u00a0de \u00a0la \u00a0Fiscal \u00a0General \u00a0de la Naci\u00f3n, respectivamente, para lo de su \u00a0rigor. \u00a0\u00a0<\/p>\n<p>4- \u00a0De \u00a0conformidad \u00a0con \u00a0las manifestaciones \u00a0efectuadas \u00a0por \u00a0Salvatore Mancuso en cuanto a las relaciones que ten\u00edan Emilio \u00a0Vence \u00a0Zabaleta, \u00a0R\u00f3mulo \u00a0Betancurt \u00a0y Henry Rubio Conde con el Bloque Norte de \u00a0las \u00a0Autodefensas, \u00a0se \u00a0ordenar\u00e1 \u00a0expedir \u00a0copia \u00a0del \u00a0audio de la declaraci\u00f3n \u00a0rendida \u00a0ante \u00a0esta Sala el 21 de abril de 2010, ante la Fiscal\u00eda General de la \u00a0Naci\u00f3n, para su conocimiento y fines pertinentes. \u00a0\u00a0<\/p>\n<p>5- \u00a0 Como \u00a0 en \u00a0diligencia \u00a0de \u00a0registro \u00a0y \u00a0allanamiento \u00a0 a \u00a0 la \u00a0 residencia \u00a0 de \u00a0 Edgar \u00a0Ignacio \u00a0Fierro, \u00a0alias \u00a0\u201cdon \u00a0Antonio\u201d190 \u00a0-comandante del Frente Jos\u00e9 Pablo D\u00edaz \u00a0del \u00a0 Bloque \u00a0 Norte \u00a0 al \u00a0 mando \u00a0 de \u00a0 Rodrigo \u00a0 Tovar \u00a0Pupo, \u00a0alias \u00a0\u201cJORGE \u00a040\u201d- \u00a0se\u00a0 incaut\u00f3 un computador que ten\u00eda una \u00a0carpeta \u00a0 \u00a0 \u00a0 \u00a0denominada \u00a0 \u00a0 \u00a0 \u00a0\u201cinformaci\u00f3n \u00a0 amigo \u00a0DAS\u201d, \u00a0la \u00a0cual \u00a0se encontraba integrada por 12 archivos, cada uno con la \u00a0hoja \u00a0de \u00a0vida \u00a0de \u00a0una \u00a0persona \u00a0a \u00a0la \u00a0cual se tildaba como colaboradora de la \u00a0subversi\u00f3n, \u00a0integrante \u00a0de la Organizaci\u00f3n Fuerzas Armadas Revolucionarias de \u00a0Colombia \u00a0 \u00a0 \u2013FARC- \u00a0subestructura \u00a0Partido \u00a0Comunista \u00a0Clandestino Colombiano o PCC, y la primera de \u00a0ellas \u00a0Ad\u00e1n \u00a0Pacheco, \u00a0fue \u00a0efectivamente \u00a0ejecutada por el grupo, se decidir\u00e1 \u00a0expedir \u00a0 \u00a0 copia \u00a0 \u00a0de \u00a0 \u00a0esta \u00a0 \u00a0documentaci\u00f3n191, \u00a0del cuaderno anexo 16 de \u00a0la \u00a0Fiscal\u00eda \u00a0y \u00a0de \u00a0la \u00a0declaraci\u00f3n \u00a0rendida \u00a0en \u00a0el juicio por Edgar Ignacio \u00a0Fierro, \u00a0para \u00a0que la Fiscal\u00eda investigue a Javier Valle Anaya y Rafael Garc\u00eda \u00a0Torres, \u00a0por \u00a0sus presuntas participaciones en la entrega de estas hojas de vida \u00a0y consecuentemente en la muerte de Ad\u00e1n Pacheco. \u00a0\u00a0<\/p>\n<p>6- \u00a0Del mismo modo se ordenar\u00e1 expedir copia \u00a0de \u00a0esta providencia, del acta de visita especializada realizada al proceso 1669 \u00a0por \u00a0parte \u00a0de \u00a0la \u00a0Direcci\u00f3n \u00a0Nacional \u00a0de \u00a0Investigaciones \u00a0Especiales \u00a0de la \u00a0Procuradur\u00eda \u00a0General \u00a0de \u00a0la \u00a0Naci\u00f3n \u00a0del \u00a024 \u00a0de octubre de 2005192, \u00a0de \u00a0la \u00a0resoluci\u00f3n \u00a0 \u00a0 de \u00a0 \u00a0 agosto \u00a0 \u00a020 \u00a0 \u00a0de \u00a0 \u00a02003193 \u00a0y de las declaraciones de \u00a0Juan \u00a0Carlos \u00a0S\u00e1nchez \u00a0Cand\u00eda, \u00a0para \u00a0que \u00a0la \u00a0Fiscal\u00eda General de la Naci\u00f3n \u00a0investigue \u00a0al \u00a0Fiscal Alfonso Trilleras Matoma, por el presunto delito de falso \u00a0testimonio, \u00a0habida \u00a0cuenta \u00a0que \u00a0el \u00a0testimonio \u00a0rendido el 12 de septiembre de \u00a02008, \u00a0ante \u00a0la \u00a0Fiscal\u00eda \u00a0Delegada \u00a0ante la Corte Suprema de Justicia, resulta \u00a0contrario a lo establecido en el presente proceso. \u00a0\u00a0<\/p>\n<p>7- \u00a0Finalmente, \u00a0se \u00a0expedir\u00e1 \u00a0copia \u00a0de \u00a0la \u00a0versi\u00f3n \u00a0libre \u00a0rendida \u00a0por \u00a0Wilson \u00a0Poveda \u00a0Carre\u00f1o ante la Jurisdicci\u00f3n de \u00a0Justicia \u00a0 \u00a0 \u00a0 \u00a0 \u00a0 \u00a0 \u00a0y \u00a0 \u00a0 \u00a0 \u00a0 \u00a0 \u00a0 \u00a0Paz194, \u00a0para \u00a0ante \u00a0la Fiscal\u00eda \u00a0General \u00a0de \u00a0la \u00a0Naci\u00f3n, \u00a0a efecto de investigar a Mat\u00edas Oliveros del Villar, \u00a0Alfonso \u00a0Campo \u00a0Escobar, \u00a0Trino \u00a0y \u00a0Juan \u00a0Carlos \u00a0Luna \u00a0Correa, \u00a0por su presunta \u00a0participaci\u00f3n en el homicidio de Fernando Pisciotti Vanstrhalen. \u00a0\u00a0<\/p>\n<p>En \u00a0m\u00e9rito \u00a0de \u00a0lo \u00a0expuesto, \u00a0la \u00a0CORTE \u00a0SUPREMA DE JUSTICIA, Sala de Casaci\u00f3n Penal, \u00a0administrando \u00a0justicia en nombre de la Rep\u00fablica y por autoridad \u00a0de la ley, \u00a0\u00a0<\/p>\n<p>\u00a0\u00a0\u00a0\u00a0\u00a0 \u00a0<\/p>\n<p>RESUELVE: \u00a0<\/p>\n<p>PRIMERO. \u00a0Declarar \u00a0penalmente \u00a0 responsable \u00a0 a \u00a0 JORGE \u00a0 AURELIO\u00a0 \u00a0NOGUERA\u00a0 \u00a0COTES, \u00a0ex \u00a0Director \u00a0del \u00a0Departamento \u00a0Administrativo \u00a0 \u00a0de \u00a0 \u00a0Seguridad \u00a0 \u00a0\u2013DAS-, \u00a0 de\u00a0 \u00a0 condiciones\u00a0 \u00a0 civiles\u00a0 \u00a0 y \u00a0personales \u00a0conocidas en autos, como: \u00a0\u00a0<\/p>\n<p>Autor del concierto para delinquir agravado, \u00a0descrito \u00a0en \u00a0el \u00a0inciso \u00a02\u00ba\u00a0 \u00a0del \u00a0art\u00edculo \u00a0340 \u00a0del \u00a0C\u00f3digo \u00a0Penal de \u00a02000. \u00a0\u00a0<\/p>\n<p>Autor \u00a0mediato \u00a0del \u00a0homicidio \u00a0de \u00a0Alfredo \u00a0Rafael \u00a0Francisco \u00a0Correa \u00a0De \u00a0Andreis, previsto en el art\u00edculo 103 del C\u00f3digo \u00a0Penal de 2000. \u00a0\u00a0<\/p>\n<p>Autor mediato del il\u00edcito de destrucci\u00f3n, \u00a0supresi\u00f3n \u00a0u ocultamiento de documento p\u00fablico, contenido en el art\u00edculo 292, \u00a0inciso 2\u00ba del C\u00f3digo Penal 2000. \u00a0\u00a0<\/p>\n<p>Autor \u00a0de \u00a0revelaci\u00f3n de asunto sometido a \u00a0secreto, previsto en el art\u00edculo 419 de la Ley 599 de 2000. \u00a0\u00a0<\/p>\n<p>SEGUNDO: \u00a0 \u00a0 \u00a0 \u00a0 Condenar \u00a0 \u00a0a \u00a0JORGE \u00a0AURELIO NOGUERA COTES \u00a0a \u00a0veinticinco \u00a0(25) a\u00f1os de prisi\u00f3n y multa por valor de 6.510\u00a0 salarios \u00a0m\u00ednimos legales vigentes para el a\u00f1o 2006. \u00a0\u00a0<\/p>\n<p>La \u00a0multa \u00a0deber\u00e1 \u00a0cancelarse a \u00a0\u00f3rdenes \u00a0del \u00a0Consejo \u00a0Superior de la Judicatura, dentro de los \u00a0seis \u00a0(6) \u00a0meses \u00a0siguientes \u00a0a \u00a0la \u00a0ejecutoria de este fallo, para lo cual, por \u00a0conducto \u00a0de \u00a0la Secretar\u00eda \u00a0de la Sala, se remitir\u00e1 copia del mismo a dicha Corporaci\u00f3n. \u00a0\u00a0<\/p>\n<p>Condenar \u00a0a \u00a0JORGE \u00a0AURELIO \u00a0 NOGUERA \u00a0 a \u00a0la \u00a0inhabilitaci\u00f3n \u00a0para \u00a0el \u00a0ejercicio \u00a0de \u00a0derechos \u00a0y funciones p\u00fablicas por el \u00a0t\u00e9rmino \u00a0de \u00a0veinte \u00a0(20) \u00a0a\u00f1os \u00a0y \u00a0a \u00a0la \u00a0p\u00e9rdida \u00a0del cargo de Director del \u00a0Departamento Administrativo de Seguridad -DAS-. \u00a0\u00a0<\/p>\n<p>TERCERO. \u00a0Condenar a \u00a0JORGE \u00a0 \u00a0AURELIO \u00a0 \u00a0NOGUERA \u00a0 \u00a0COTES \u00a0 a \u00a0pagar \u00a0por \u00a0concepto de indemnizaci\u00f3n de perjuicios morales, una \u00a0suma \u00a0 equivalente \u00a0a \u00a0doscientos \u00a0(200) \u00a0salarios \u00a0m\u00ednimos \u00a0legales \u00a0mensuales \u00a0vigentes \u00a0a la fecha de su pago, a Alfredo Correa Galindo y Eloisa De Andreis de \u00a0Correa \u00a0y \u00a0cien \u00a0(100) \u00a0salarios \u00a0m\u00ednimos \u00a0legales \u00a0a \u00a0Ra\u00fal Correa De Andreis. \u00a0\u00a0<\/p>\n<p>CUARTO. Absolver a \u00a0JORGE \u00a0 \u00a0AURELIO \u00a0 \u00a0NOGUERA \u00a0 \u00a0COTES \u00a0 de \u00a0los \u00a0cargos \u00a0formulados \u00a0por \u00a0los \u00a0homicidios agravados de Zully \u00a0Codina \u00a0P\u00e9rez \u00a0y \u00a0Fernando \u00a0Pisciotti \u00a0Vanstrhalen, \u00a0y \u00a0del \u00a0delito de abuso de \u00a0autoridad por acto arbitrario e injusto. \u00a0\u00a0<\/p>\n<p>QUINTO: \u00a0 \u00a0 \u00a0 \u00a0 Declarar \u00a0que el \u00a0sentenciado \u00a0no \u00a0se \u00a0hace acreedor a la suspensi\u00f3n condicional de la ejecuci\u00f3n \u00a0de \u00a0la pena, ni a la prisi\u00f3n domiciliaria, conforme los razonamientos expuestos \u00a0en precedencia. \u00a0\u00a0<\/p>\n<p>SEXTO: \u00a0Expedir las \u00a0copias \u00a0a que se hizo alusi\u00f3n en la parte final de la sentencia a efecto de que \u00a0las autoridades competentes adelanten las investigaciones de rigor. \u00a0\u00a0<\/p>\n<p>S\u00c9PTIMO: \u00a0 \u00a0 \u00a0 \u00a0Librar \u00a0por \u00a0la \u00a0Secretar\u00eda \u00a0 de \u00a0 la \u00a0Sala \u00a0las \u00a0comunicaciones \u00a0de \u00a0rigor \u00a0a \u00a0las \u00a0autoridades \u00a0competentes, \u00a0 conforme \u00a0 lo \u00a0 normado \u00a0 en \u00a0 el \u00a0 art\u00edculo \u00a0 472 \u00a0Ley \u00a0600 \u00a0de \u00a02000. \u00a0\u00a0<\/p>\n<p>OCTAVO: Comunicar \u00a0esta \u00a0decisi\u00f3n \u00a0a la Sala Administrativa del Consejo Superior de la Judicatura, \u00a0para efecto del recaudo de la multa. \u00a0\u00a0<\/p>\n<p>NOVENO. \u00a0En firme esta providencia, rem\u00edtase la actuaci\u00f3n al \u00a0Juzgado \u00a0de \u00a0Ejecuci\u00f3n de Penas y Medidas de Seguridad que corresponda, para lo \u00a0de su cargo. \u00a0\u00a0<\/p>\n<p>Contra \u00a0 este \u00a0 fallo \u00a0no \u00a0procede \u00a0recurso \u00a0alguno. \u00a0\u00a0<\/p>\n<p>Notif\u00edquese y c\u00famplase. \u00a0<\/p>\n<p>JAVIER ZAPATA ORTIZ \u00a0<\/p>\n<p>JOS\u00c9 \u00a0 \u00a0 \u00a0 LUIS \u00a0 \u00a0 \u00a0 BARCEL\u00d3 \u00a0CAMACHO\u00a0\u00a0\u00a0\u00a0\u00a0\u00a0\u00a0\u00a0\u00a0\u00a0 JOS\u00c9 \u00a0LEONIDAS BUSTOS MART\u00cdNEZ\u00a0\u00a0\u00a0\u00a0\u00a0 \u00a0\u00a0<\/p>\n<p>FERNANDO \u00a0ALBERTO \u00a0CASTRO \u00a0CABALLERO\u00a0 \u00a0SIGIFREDO ESPINOSA \u00a0PEREZ\u00a0\u00a0\u00a0\u00a0\u00a0\u00a0\u00a0\u00a0\u00a0\u00a0\u00a0\u00a0\u00a0\u00a0\u00a0\u00a0\u00a0\u00a0\u00a0\u00a0\u00a0\u00a0\u00a0\u00a0\u00a0\u00a0\u00a0\u00a0\u00a0\u00a0\u00a0\u00a0\u00a0\u00a0\u00a0\u00a0\u00a0\u00a0\u00a0\u00a0\u00a0\u00a0\u00a0\u00a0\u00a0\u00a0\u00a0\u00a0\u00a0\u00a0\u00a0\u00a0\u00a0\u00a0\u00a0 \u00a0\u00a0<\/p>\n<p>ALFREDO \u00a0 G\u00d3MEZ \u00a0 QUINTERO\u00a0 \u00a0MARIA \u00a0DEL \u00a0ROSARIO \u00a0GONZALEZ DE \u00a0LEMOS\u00a0\u00a0\u00a0\u00a0\u00a0\u00a0\u00a0\u00a0\u00a0\u00a0\u00a0\u00a0\u00a0\u00a0\u00a0\u00a0\u00a0\u00a0 \u00a0\u00a0<\/p>\n<p>\u00a0\u00a0\u00a0 \u00a0 \u00a0 AUGUSTO IB\u00c1\u00d1EZ \u00a0GUZM\u00c1N\u00a0\u00a0\u00a0\u00a0\u00a0\u00a0\u00a0\u00a0\u00a0\u00a0\u00a0\u00a0\u00a0\u00a0\u00a0\u00a0\u00a0\u00a0\u00a0\u00a0 \u00a0JULIO E. SOCHA SALAMANCA \u00a0\u00a0<\/p>\n<p>NUBIA YOLANDA NOVA GARC\u00cdA \u00a0<\/p>\n<p>Secretaria \u00a0<\/p>\n<p>\u00a0 \u00a0\u00a0<\/p>\n<p>1 Fol. \u00a0261 del c.o. 17 Fiscal\u00eda \u00a0\u00a0<\/p>\n<p>2 \u00a0Decisi\u00f3n \u00a0del \u00a012 de diciembre de 2008. Fol. 75 y ss \u00a0del c.o. 21 Fiscal\u00eda \u00a0\u00a0<\/p>\n<p>3 \u00a0Folio 81 y ss del c. o. 25 Fiscal\u00eda \u00a0\u00a0<\/p>\n<p>4 \u00a0Fol. 129 de la resoluci\u00f3n de acusaci\u00f3n \u00a0\u00a0<\/p>\n<p>5 \u00a0Fol. 132 de la resoluci\u00f3n de acusaci\u00f3n \u00a0\u00a0<\/p>\n<p>6 \u00a0Fol. 138 de la resoluci\u00f3n de acusaci\u00f3n \u00a0\u00a0<\/p>\n<p>7 \u00a0Fol. 146 de la calificaci\u00f3n \u00a0\u00a0<\/p>\n<p>8 \u00a0Fol. 150 de la calificaci\u00f3n \u00a0\u00a0<\/p>\n<p>9 \u00a0Declaraci\u00f3n \u00a0del \u00a012 \u00a0de julio de 2006. Fol. 16 y ss \u00a0del c.o. 4 fiscal\u00eda \u00a0\u00a0<\/p>\n<p>10 \u00a0Versi\u00f3n libre recibida a Salvatore Mancuso G\u00f3mez en \u00a0el \u00a0marco \u00a0de \u00a0aplicaci\u00f3n \u00a0de la Ley 975 de 2005, el 18 de noviembre de 2008 en \u00a0Washingtong D.C. Obra en audio. \u00a0\u00a0<\/p>\n<p>11 \u00a0Sentencia \u00a0 \u00a0del \u00a0 Juzgado \u00a0 Penal \u00a0 del \u00a0 Circuito \u00a0Especializado de Santa Marta, 24 de octubre de 2008. \u00a0\u00a0<\/p>\n<p>12 \u00a0Sentencia \u00a0 de \u00a0la\u00a0 \u00a0Sala \u00a0de \u00a0Casaci\u00f3n \u00a0Penal \u00a0de \u00a0la \u00a0Corte \u00a0Suprema de \u00a0Justicia, mayo 12 de 2010\u00a0 \u00a0\u00a0<\/p>\n<p>13 \u00a0Sentencia \u00a0del \u00a0Juzgado \u00a06\u00ba \u00a0Penal \u00a0Especializado de \u00a0Bogot\u00e1, 23 de noviembre de 2007. \u00a0\u00a0<\/p>\n<p>14 \u00a0Fol. 51 y ss del c.o. 19 de la Fiscal\u00eda \u00a0\u00a0<\/p>\n<p>15 \u00a0Cfr. Declaraci\u00f3n del 25 de abril de 2006. C. O No. 1 \u00a0del rad. 10150. Fol. 98 y ss. \u00a0\u00a0<\/p>\n<p>16 \u00a0Fol. 63 del c.o. 10 Fiscal\u00eda \u00a0\u00a0<\/p>\n<p>17 \u00a0Resoluci\u00f3n \u00a0 \u00a0 de \u00a0 \u00a0nombramiento \u00a0 \u00a001836. \u00a0 Fol. \u00a020 \u00a0y \u00a021 \u00a0del \u00a0c.a. \u00a039 \u00a0Fiscal\u00eda \u00a0\u00a0<\/p>\n<p>18 \u00a0Fol. 18 del c.a. 39 fiscal\u00eda \u00a0\u00a0<\/p>\n<p>19 \u00a0Declaraci\u00f3n del 17 de abril de 2007. Fol. 8 del c.o. \u00a08 Fiscal\u00eda \u00a0\u00a0<\/p>\n<p>20 \u00a0Fol. 13 del c.o. 13 Fiscal\u00eda \u00a0\u00a0<\/p>\n<p>21 \u00a0Cfr. Fol. 85 y ss del c.o. 1 Fiscal\u00eda \u00a0\u00a0<\/p>\n<p>22 \u00a0Cfr. Fol. 52 y ss del c.o. 2 \u00a0\u00a0<\/p>\n<p>23 \u00a0Cfr. \u00a0 Providencias \u00a0 del \u00a014 \u00a0de \u00a0mayo \u00a0de \u00a02007, \u00a0radicados \u00a026.942 \u00a0y \u00a032805. \u00a0\u00a0<\/p>\n<p>24 \u00a0Sala \u00a0de Casaci\u00f3n penal, radicado 26942, auto del 14 \u00a0de mayo de 2007. \u00a0\u00a0<\/p>\n<p>25\u00a0 \u00a0 Rodrigo \u00a0 Tovar \u00a0 Pupo, \u00a0alias \u00a0\u201cJorge \u00a040\u201d, \u00a0asumi\u00f3 en el a\u00f1o 2002 la comandancia del Bloque Norte de las \u00a0Autodefensas \u00a0 que \u00a0 operaba \u00a0 en \u00a0la \u00a0Costa \u00a0Atl\u00e1ntica. \u00a0En \u00a0ese \u00a0momento \u00a0las \u00a0autodefensas \u00a0campesinas \u00a0de \u00a0la \u00a0Sierra \u00a0Nevada \u00a0de \u00a0Santa \u00a0Marta lideradas por \u00a0Hern\u00e1n \u00a0Giraldo Serna pasaron a formar parte de aqu\u00e9l bajo el nombre de Frente \u00a0Resistencia \u00a0Tayrona. \u00a0El \u00a0primero ejerc\u00eda como comandante militar y el segundo \u00a0como \u00a0comandante \u00a0pol\u00edtico \u00a0y subordinado de \u201cJorge 40\u201d. Cfr. Declaraciones \u00a0de \u00a0Hern\u00e1n Giraldo Serna del 24 de enero de 2007, Fol. 31 y ss del c.o. 5, y 28 \u00a0de \u00a0marzo \u00a0de 2007 Fol. 92 del c.a. 67.\u00a0\u00a0 Rodrigo Tovar Pupo Fol. 16 y \u00a0ss del c.o. 4, todos de la fiscal\u00eda. \u00a0\u00a0<\/p>\n<p>26 \u00a0Declaraci\u00f3n \u00a0del 13 de octubre de 2005. Fol. 31 y ss \u00a0del c.a. 39 \u00a0\u00a0<\/p>\n<p>27 \u00a0Fol. 254 del c.o. 11 Fiscal\u00eda \u00a0\u00a0<\/p>\n<p>28 \u00a0Fol. 7 del c.o. 13 de la Fiscal\u00eda \u00a0\u00a0<\/p>\n<p>29 \u00a0Folios 138 a 157 del c.o. 3 \u00a0\u00a0<\/p>\n<p>30 \u00a0Fol. 4 a 30 del c.a. 76 Fiscal\u00eda \u00a0\u00a0<\/p>\n<p>31 \u00a0Fol. 35 del c.a. 76 de la Fiscal\u00eda \u00a0\u00a0<\/p>\n<p>32 \u00a0Oficio \u00a0del \u00a029 \u00a0de \u00a0enero \u00a0de 2003. Fol. 38 del c.a. \u00a076 \u00a0\u00a0<\/p>\n<p>33 \u00a0Fol. 41 del c.a. 76 Fiscal\u00eda \u00a0\u00a0<\/p>\n<p>34 \u00a0Fol. 46 del c.a. 76 \u00a0\u00a0<\/p>\n<p>35 \u00a0Fol. 2 del c.a. 80 \u00a0\u00a0<\/p>\n<p>36 \u00a0Fol. 1 y ss. del c.a. 82 \u00a0\u00a0<\/p>\n<p>37 \u00a0Fol. 1 y ss del c.a. 83 \u00a0\u00a0<\/p>\n<p>38 \u00a0Cfr. Fol. 93 del c.o. 1 Fiscal\u00eda \u00a0\u00a0<\/p>\n<p>39 \u00a0Cfr. Indagatoria de agosto 22 de 2008 \u00a0\u00a0<\/p>\n<p>40 \u00a0Declaraci\u00f3n \u00a0del \u00a013 \u00a0de \u00a0julio de 2007. Fol. 13 del \u00a0c.o. 10 \u00a0\u00a0<\/p>\n<p>41 \u00a0Fol. 268 del c.o. 16 \u00a0\u00a0<\/p>\n<p>42 \u00a0Fol. 176 del c.a. 21 Fiscal\u00eda. \u00a0\u00a0<\/p>\n<p>43 \u00a0Fol. 177 del c.a. 21 de la Fiscal\u00eda \u00a0\u00a0<\/p>\n<p>44 \u00a0Declaraci\u00f3n \u00a0del \u00a031 \u00a0de enero de 2005. C.O. 3 de la \u00a0radicaci\u00f3n \u00a010150. \u00a0Fol 151. Se encuentra igualmente en copia en el fol. 80 del \u00a0c.o. 5 \u00a0\u00a0<\/p>\n<p>45 \u00a0Declaraci\u00f3n rendida el 16 de febrero de 2010 ante la \u00a0Sala. \u00a0\u00a0<\/p>\n<p>46 \u00a0Fol. 282 del c.o. 2 \u00a0\u00a0<\/p>\n<p>47 \u00a0Cfr. \u00a0Declaraci\u00f3n del 27 de octubre de 2005 Fol. 126 \u00a0y ss del c.o. 4 Fiscal\u00eda \u00a0\u00a0<\/p>\n<p>48 \u00a0Ver \u00a0declaraci\u00f3n\u00a0 \u00a0del \u00a027 \u00a0de octubre de 2005, \u00a0rendida \u00a0ante \u00a0la \u00a0Procuradur\u00eda \u00a0General \u00a0de \u00a0la \u00a0Naci\u00f3n. \u00a0Fol. 127 del c.o. 4 \u00a0fiscal\u00eda. \u00a0\u00a0<\/p>\n<p>49 \u00a0Funcionario \u00a0 que \u00a0 qued\u00f3 \u00a0 a \u00a0 cargo \u00a0 del \u00a0 \u00c1rea \u00a0Especializada \u00a0 de \u00a0 Investigaciones \u00a0 Financieras, \u00a0por \u00a0ausencia \u00a0del \u00a0titular \u00a0Guillermo \u00a0 de \u00a0 la \u00a0 Hoz \u00a0 Carbon\u00f3, \u00a0 servidor \u00a0 designado \u00a0 por \u00a0NOGUERA \u00a0para\u00a0 \u00a0reemplazar \u00a0a\u00a0 \u00a0Sigifredo Puentes \u00a0\u00a0<\/p>\n<p>50 \u00a0Cfr. \u00a0Declaraci\u00f3n \u00a0del \u00a016 \u00a0de marzo de 2009 ante la \u00a0Fiscal\u00eda. Obra en CD \u00a0\u00a0<\/p>\n<p>51 \u00a0Cfr. \u00a0 Folios \u00a0 81 \u00a0 a \u00a0 91 \u00a0 del \u00a0 c.a. \u00a039 \u00a0de \u00a0la \u00a0Fiscal\u00eda \u00a0\u00a0<\/p>\n<p>52 \u00a0Cfr. \u00a0 Resoluci\u00f3n. \u00a0 Fol. \u00a0 66 \u00a0 a \u00a0 94 \u00a0 del \u00a0c.a. \u00a076 \u00a0\u00a0<\/p>\n<p>53 \u00a0Fol. 46 del c.a. 76 \u00a0\u00a0<\/p>\n<p>54 \u00a0Fol. 2 del c.a. 80 \u00a0\u00a0<\/p>\n<p>55 \u00a0Fol. 1 y ss. del c.a. 82 \u00a0\u00a0<\/p>\n<p>56 \u00a0Cfr. \u00a0Fol 164 del c.a. 63 fiscal\u00eda con fol. 173 idem \u00a0que hace la transcripci\u00f3n de la grabaci\u00f3n de la entrevista. \u00a0\u00a0<\/p>\n<p>57 \u00a0Declaraci\u00f3n \u00a0del \u00a029 \u00a0de \u00a0septiembre de 2008 ante la \u00a0Fiscal\u00eda, reposa en audio. \u00a0\u00a0<\/p>\n<p>58 \u00a0Declaraci\u00f3n \u00a0del \u00a029 \u00a0de \u00a0septiembre de 2008 ante la \u00a0Fiscal\u00eda, reposa en audio. \u00a0\u00a0<\/p>\n<p>59 \u00a0Fol. 151 del c.o. 3 del radicado 10150 \u00a0\u00a0<\/p>\n<p>60 \u00a0CDs que contienen las declaraciones ante la Fiscal\u00eda \u00a0y la Corte \u00a0\u00a0<\/p>\n<p>61 \u00a0CD \u00a0que contiene declaraci\u00f3n ante la Fiscal\u00eda el 29 \u00a0de septiembre de 2008 \u00a0\u00a0<\/p>\n<p>62 \u00a0Fol. 66 del c.a. 39 Fiscal\u00eda. \u00a0\u00a0<\/p>\n<p>63 \u00a0Declaraci\u00f3n del \u00a0\u00a0<\/p>\n<p>64 \u00a0Fol.93 del c.a. 76 \u00a0\u00a0<\/p>\n<p>65 \u00a0Fol. 66 a 94 del c.a. 76 \u00a0\u00a0<\/p>\n<p>66 \u00a0Fol. 172 del c.o. 1 \u00a0\u00a0<\/p>\n<p>67 \u00a0Fol. 1 del c.a. 85 \u00a0\u00a0<\/p>\n<p>68 \u00a0Cfr. Cuadernos 76 a 88 de anexos. \u00a0\u00a0<\/p>\n<p>69 \u00a0Obra en CD \u00a0\u00a0<\/p>\n<p>70 \u00a0Fol. 169 del c.o. 1 \u00a0\u00a0<\/p>\n<p>71 \u00a0Fol. 31 y ss del c.o. 5 Fiscal\u00eda \u00a0\u00a0<\/p>\n<p>72 \u00a0Fol. 41 y ss del c.o. 5 Fiscal\u00eda \u00a0\u00a0<\/p>\n<p>73 \u00a0Fol. 182 y ss del c.o. 4 Fiscal\u00eda \u00a0\u00a0<\/p>\n<p>74 \u00a0Fol. 151 y 152 del c.o. 3 radicado 10150 \u00a0\u00a0<\/p>\n<p>75 \u00a0Esta \u00a0 lista \u00a0 fue \u00a0remitida \u00a0por \u00a0la \u00a0Fiscal\u00eda \u00a011 \u00a0Especializada \u00a0adscrita a Unidad para extinci\u00f3n del Derecho de Dominio y contra \u00a0el \u00a0Lavado \u00a0de \u00a0Activos \u00a0el \u00a01 \u00a0de \u00a0junio de 2006. Fol. 220 y 221 del c.o. 1 del \u00a0radicado 10150 anexado a este proceso. \u00a0\u00a0<\/p>\n<p>76 \u00a0P\u00e1gs. 87 a 127 del c.o. 16 fiscal\u00eda \u00a0\u00a0<\/p>\n<p>77 \u00a0Cfr. Fol 135 del c.o. 11 Fiscal\u00eda \u00a0\u00a0<\/p>\n<p>78 \u00a0Cfr. Fol. 63 a 127 del c.o. 16 Fiscal\u00eda \u00a0\u00a0<\/p>\n<p>79 \u00a0Para \u00a0 la \u00a0fecha \u00a0de \u00a0la \u00a0declaraci\u00f3n \u00a0hab\u00eda \u00a0sido \u00a0condenado \u00a0por \u00a0los \u00a0delitos \u00a0de \u00a0homicidio \u00a0y \u00a0concierto \u00a0para delinquir, ambos \u00a0agravados, por el Juzgado \u00danico Especializado de Valledupar. \u00a0\u00a0<\/p>\n<p>80 \u00a0Fol. 96 y ss del c.o. 11 \u00a0\u00a0<\/p>\n<p>81 \u00a0Fol. 98 del c.o. 11 Fiscal\u00eda \u00a0\u00a0<\/p>\n<p>82 \u00a0Fol. 79 del c.o. 16 Fiscal\u00eda \u00a0\u00a0<\/p>\n<p>83 \u00a0Declaraci\u00f3n \u00a0del \u00a030 \u00a0de marzo de 2007. Obra a folio \u00a0228 del c.o. 7 Fiscal\u00eda \u00a0\u00a0<\/p>\n<p>84 \u00a0Declaraci\u00f3n \u00a0de \u00a021 \u00a0de \u00a0abril \u00a0de \u00a02010. \u00a0Reposa en \u00a0audio \u00a0\u00a0<\/p>\n<p>85 \u00a0Cfr. \u00a0Acta \u00a0de \u00a0inspecci\u00f3n \u00a0de 25 de agosto de 2008. \u00a0Fol. 81 y ss del c.o. 19 fiscal\u00eda \u00a0\u00a0<\/p>\n<p>86 \u00a0Declaraci\u00f3n \u00a0de \u00a027 \u00a0de agosto de 2007. Fol. 122 del \u00a0c.o. 11 \u00a0\u00a0<\/p>\n<p>87 Fue \u00a0Director \u00a0de \u00a0las seccionales de Tolima, Atl\u00e1ntico, Valle del Cauca, Casanare y \u00a0Cundinamarca \u00a0\u00a0<\/p>\n<p>88 \u00a0Declaraci\u00f3n \u00a0del 4 de septiembre de 2007. Fol. 250 y \u00a0ss del c.o. 11 Fiscal\u00eda \u00a0\u00a0<\/p>\n<p>89 \u00a0Cfr. Fol. 225 y ss del c.o. 2 Corte \u00a0\u00a0<\/p>\n<p>90 \u00a0Declaraci\u00f3n del 20 de mayo de 2010 -obra en audio- y \u00a0oficio \u00a0de \u00a0enero \u00a07 \u00a0de \u00a02010 \u00a0aportado \u00a0por Jos\u00e9 Miguel Narv\u00e1ez \u2013fol. \u00a0 57 \u00a0 del \u00a0 c.a. \u00a0 1\/3 \u00a0de \u00a0la \u00a0Corte.\u00a0\u00a0 \u00a0\u00a0<\/p>\n<p>91 \u00a0Declaraci\u00f3n \u00a0de Salvatore Mancuso del 21 de abril de \u00a02010 \u00a0 ante \u00a0la \u00a0Sala \u00a0de \u00a0la \u00a0Corte \u00a0Suprema \u00a0de \u00a0Justicia, \u00a0reposa \u00a0en \u00a0audio. \u00a0\u00a0<\/p>\n<p>92 \u00a0Dec. \u00a0de \u00a0Jorge Castro Pacheco -11 de abril 2008 Fol. \u00a0207 del c.o. 16 fiscal\u00eda \u00a0\u00a0<\/p>\n<p>93 \u00a0Consultar informe 41969 del C.T.I de la Fiscal\u00eda del \u00a023-11-05. c.a. 14 de la fiscal\u00eda fol. 24. \u00a0\u00a0<\/p>\n<p>94 \u00a0Cfr. Fol. 128 del c.o. 11 Fiscal\u00eda \u00a0\u00a0<\/p>\n<p>95 \u00a0Fol. 112 del c.o. 3 de la Fiscal\u00eda \u00a0\u00a0<\/p>\n<p>96 \u00a0Leer \u00a0 Pag. \u00a0 10 \u00a0 de \u00a0 la \u00a0 Sentencia \u00a0del \u00a0Juzgado \u00a0Especializado de Valledupar de octubre 8 de 2010. \u00a0\u00a0<\/p>\n<p>97 \u00a0As\u00ed \u00a0lo \u00a0manifest\u00f3 \u00a0Osorio en declaraci\u00f3n de 18 de \u00a0agosto de 2006. Fol. 176 del c.o. 4 Fiscal\u00eda. \u00a0\u00a0<\/p>\n<p>98 \u00a0Cfr. \u00a0 Fol. \u00a0 176 \u00a0y \u00a0ss \u00a0del\u00a0 \u00a0c.o. \u00a04 \u00a0de \u00a0la \u00a0Fiscal\u00eda \u00a0\u00a0<\/p>\n<p>99 \u00a0Cfr. \u00a0Declaraciones \u00a0de \u00a0Rafael \u00a0Garc\u00eda de feb. 7 de \u00a02006 \u00a0y \u00a026 \u00a0de mayo de 2006. fol. 143 del c.a. 25 y Fol. 152 del c.a. 17, ambos \u00a0de la Fiscal\u00eda. \u00a0\u00a0<\/p>\n<p>100\u00a0 \u00a0Final \u00a0del \u00a0fol. \u00a0106, \u00a0inicio \u00a0del \u00a0folio \u00a0107 del c.o. 11 \u00a0Fiscal\u00eda \u00a0\u00a0<\/p>\n<p>101 \u00a0Fol. 97 del c.o. 11 Fiscal\u00eda \u00a0\u00a0<\/p>\n<p>102 \u00a0Declaraci\u00f3n \u00a0de \u00a04 de mayo de 2006. Fol. 52 y ss del \u00a0c.o. 2 Fiscal\u00eda. \u00a0\u00a0<\/p>\n<p>103 \u00a0Fol. 41 y ss del c.ao 4 de la Fiscal\u00eda \u00a0\u00a0<\/p>\n<p>104 \u00a0Declaraci\u00f3n \u00a0del \u00a014 \u00a0de \u00a0agosto \u00a0de \u00a02006 \u00a0ante \u00a0la \u00a0Procuradur\u00eda \u00a0General \u00a0de la Naci\u00f3n. Fol. 197 y ss del c.a. 21 de la Fiscal\u00eda \u00a0e \u00a0informe \u00a0041 \u00a0de \u00a026 \u00a0de \u00a0enero de 2005 Fol. 1 y ss del c.a 2 de la Fiscal\u00eda \u00a0\u00a0<\/p>\n<p>105 \u00a0Informe \u00a0041 \u00a0de 26 de enero de 2005. Fol. 1 y ss del \u00a0c.a 2 de la fiscal\u00eda. \u00a0\u00a0<\/p>\n<p>106 \u00a0Fol. 314 del c.a. 40 Fiscal\u00eda \u00a0\u00a0<\/p>\n<p>107 \u00a0Fol. 315 del c.a. 40 \u00a0\u00a0<\/p>\n<p>108 \u00a0C.a \u00a01 de la actuaci\u00f3n de la corte, inspecci\u00f3n rad. \u00a02030. \u00a0\u00a0<\/p>\n<p>109 \u00a0Fol. 97 y ss del c.a. 1 de la actuaci\u00f3n de la Corte, \u00a0inspecci\u00f3n rad. 2030 \u00a0\u00a0<\/p>\n<p>110 \u00a0En \u00a0 este \u00a0 sentido \u00a0obra \u00a0la \u00a0sentencia \u00a0anticipada \u00a0proferida \u00a0contra \u00a0Edgar Ignacio Fierro, alias \u201cDon Antonio\u201d, por el Juzgado \u00a0Once \u00a0Penal \u00a0del \u00a0Circuito \u00a0Especializado \u00a0de \u00a0Bogot\u00e1 \u00a0-Cuaderno \u00a0anexo \u00a0de \u00a0la \u00a0actuaci\u00f3n \u00a0de \u00a0la \u00a0Corte \u00a0donde \u00a0obra \u00a0fotocopias de la inspecci\u00f3n judicial al \u00a0radicado \u00a02030. \u00a0Cuadernos \u00a05 \u00a0a 17-, la declaraci\u00f3n que en ese sentido rindi\u00f3 \u00a0\u00e9ste \u00a0el \u00a02 de febrero de 2010 ante la Sala y las versiones que rindi\u00f3 ante la \u00a0jurisdicci\u00f3n de justicia y paz. \u00a0\u00a0<\/p>\n<p>111 \u00a0Cfr. \u00a0Informe de polic\u00eda judicial No. 400226 de 19 de mayo de 2008 \u2013Fol. \u00a0176 \u00a0y \u00a0ss \u00a0del \u00a0c.o. \u00a017 de la \u00a0Fiscal\u00eda. \u00a0\u00a0<\/p>\n<p>112 \u00a0Fol. 100 del c.a. 94 Fiscal\u00eda \u00a0\u00a0<\/p>\n<p>113 \u00a0Fol. 102 idem \u00a0\u00a0<\/p>\n<p>114 \u00a0El \u00a023 \u00a0de \u00a0junio \u00a0de 2004. \u00a0Fol. 125 del c.a. 94 Fiscal\u00eda \u00a0\u00a0<\/p>\n<p>115 \u00a0Cfr. Fol. 125 del c.a. 94 de la Fiscal\u00eda \u00a0\u00a0<\/p>\n<p>116 \u00a0Cfr. \u00a0Informe 400226 de mayo 19- 2008. Folio 176 y ss \u00a0del c.o. 17 Fiscal\u00eda \u00a0\u00a0<\/p>\n<p>117 \u00a0Es \u00a0importante \u00a0mencionar \u00a0que \u00a0en \u00a0los \u00a0oficios \u00a0de \u00a0traslado \u00a0se \u00a0advert\u00eda \u201cTodo funcionario del DAS al \u00a0ser \u00a0vinculado, \u00a0trasladado \u00a0o desvinculado de su cargo, recibir\u00e1 o entregar\u00e1, \u00a0seg\u00fan \u00a0el \u00a0caso, los documentos y archivos debidamente inventariados al jefe de \u00a0la \u00a0dependencia \u00a0para \u00a0garantizar \u00a0la \u00a0continuidad \u00a0de \u00a0la \u00a0gesti\u00f3n p\u00fablica\u201d \u00a0Fol. 191 y ss del c.o. 18 de la Fiscal\u00eda \u00a0\u00a0<\/p>\n<p>118 \u00a0Fol. 86 del c.a. 94 de la Fiscal\u00eda \u00a0\u00a0<\/p>\n<p>119 \u00a0Fol. 97 y ss del c.a. 94 Fiscal\u00eda \u00a0\u00a0<\/p>\n<p>120 \u00a0Fol. 127 del c.o. 94 de la Fiscal\u00eda \u00a0\u00a0<\/p>\n<p>121 \u00a0Fol. 37 del c.a. 16 de la fiscal\u00eda \u00a0\u00a0<\/p>\n<p>122 \u00a0Cfr. \u00a0Fol \u00a0117 \u00a0y \u00a0120 \u00a0del \u00a0c.a.94 \u00a0donde \u00a0obran las \u00a0declaraciones de Mayerline Torres y Javier Alfredo Larrazabal. \u00a0\u00a0<\/p>\n<p>123 \u00a0Fol. 46 del c.a. 13 de la Fiscal\u00eda \u00a0\u00a0<\/p>\n<p>124 \u00a0Fol. 146 del c.a. 94 \u00a0\u00a0<\/p>\n<p>125 \u00a0En \u00a0declaraci\u00f3n \u00a0de febrero de 2010, ante esta Sala, \u00a0reconoci\u00f3 \u00a0a \u00a0Valle \u00a0Anaya \u00a0como \u00a0\u201cuna persona que \u00a0conoci\u00f3 \u00a0a \u00a0mi \u00a0familia, \u00a0a \u00a0la \u00a0que \u00a0yo \u00a0le \u00a0conoc\u00ed \u00a0su \u00a0esposa, sus hijos\u201d \u00a0cuando \u00a0se \u00a0le \u00a0pregunta por la relaci\u00f3n entre Valle \u00a0Anaya \u00a0y \u00a0Carlos \u00a0Mario \u00a0Garc\u00eda \u00a0\u00c1vila, alias \u201cGonzalo o el M\u00e9dico\u201d\u00a0 \u00a0respondi\u00f3 \u00a0 que \u00a0 lo \u00a0 conoci\u00f3 \u00a0 a \u00a0 trav\u00e9s \u00a0de \u00a0\u00e9l \u00a0y \u00a0que \u00a0\u201cestuvimos\u00a0 \u00a0muchas \u00a0veces \u00a0reunidos con nuestras familias y en \u00a0varias oportunidades\u201d \u00a0\u00a0<\/p>\n<p>126 \u00a0Fol. 105 del c.o. 12 Fiscal\u00eda \u00a0\u00a0<\/p>\n<p>127 \u00a0Fol. 152 del c.o. 10 de la Fiscal\u00eda \u00a0\u00a0<\/p>\n<p>128 \u00a0El \u00a0espectador \u00a026 de sep. a 2 de oct. 2004. c.a. 1-4 \u00a0de la Corte insp. Rad. 2030\u00a0 \u00a0\u00a0<\/p>\n<p>129 \u00a0Ver \u00a0oficio de 20 de abril de 2006 por medio del cual \u00a0la \u00a0Coordinadora de la Secretar\u00eda Com\u00fan de la Oficina de Control Disciplinario \u00a0remite \u00a0al \u00a0Procurador \u00a0General \u00a0de la Naci\u00f3n la actuaci\u00f3n disciplinaria. Fol. \u00a0117 del c.a. 21 Fiscal\u00eda. \u00a0\u00a0<\/p>\n<p>130 \u00a0Declaraci\u00f3n \u00a0de \u00a016 \u00a0de \u00a0febrero \u00a0de \u00a02010. \u00a0obra en \u00a0audio \u00a0\u00a0<\/p>\n<p>131 \u00a0Fol. 110 del c.o 3 Fiscal\u00eda \u00a0\u00a0<\/p>\n<p>132 \u00a0Cfr. \u00a0Declaraci\u00f3n \u00a0de 27 de marzo de 2008. Reposa en \u00a0audio \u00a0\u00a0<\/p>\n<p>133 \u00a0Dec. del 9 de junio de 2006. Fol. 138 y ss del c.o. 3 \u00a0Fiscal\u00eda \u00a0\u00a0<\/p>\n<p>134 \u00a0Su \u00a0vida \u00a0laboral \u00a0no \u00a0ten\u00eda cuestionamiento alguno. Ex jefes suyos como los ex \u00a0Directores \u00a0de \u00a0la \u00a0Seccional \u00a0del \u00a0DAS \u00a0en \u00a0el \u00a0Cesar, Jaime de Jes\u00fas Ga\u00f1an y \u00a0Audberto \u00a0Flabio \u00a0Dorado \u00a0Daza, refirieron que su conducta y comportamiento eran \u00a0impecables; \u00a0 exaltando \u00a0incluso \u00a0el \u00a0segundo \u00a0su \u00a0desempe\u00f1o \u00a0como \u00a0coordinador \u00a0operativo \u00a0\u201ccon \u00a0eficacia, \u00a0eficiencia, \u00a0pundonor y \u00a0valent\u00eda \u00a0\u2013fol \u00a0251 del \u00a0c.o. \u00a011 \u00a0fiscal\u00eda-, \u00a0criterios \u00a0que \u00a0a la postre le \u00a0merecieron \u00a0del \u00a0primero \u00a0de \u00a0los \u00a0mencionados, la postulaci\u00f3n para el cargo de \u00a0Jefe de Polic\u00eda Judicial de la seccional DAS en el Cesar. \u00a0\u00a0<\/p>\n<p>135 \u00a0Fol. 156 y ss del c.o. 6 de la Corte \u00a0\u00a0<\/p>\n<p>136 \u00a0Declaraci\u00f3n \u00a0de \u00a021 \u00a0de \u00a0abril \u00a0de \u00a02010, \u00a0reposa en \u00a0audio. \u00a0\u00a0<\/p>\n<p>137 \u00a0Fol. \u00a0 274 \u00a0 y \u00a0 ss \u00a0del \u00a0c.o. \u00a021 \u00a0Fiscal\u00eda.\u00a0 \u00a0\u00a0<\/p>\n<p>138 \u00a0Fol \u00a0189 \u00a0y \u00a0ss del c.a 1- 4 de la Corte, inspecci\u00f3n \u00a0proceso \u00a02030. Igualmente en informe\u00a0 022 de abril 11 de 2005 ubicado en el \u00a0mismo \u00a0anexo, \u00a0se \u00a0dice \u00a0que \u00a0a trav\u00e9s de informe No 0722 de marzo 3 de 2005 se \u00a0estableci\u00f3 \u00a0que \u00a0alias Felipe era integrante del frente contrainsurgencia wayuu \u00a0de \u00a0las \u00a0AUC \u00a0que \u00a0en la actualidad lo ubicaban como segundo al mando del Bloque \u00a0Norte \u00a0de \u00a0las AUC y hombre de confianza de Rodrigo Tovar pupo. Finalmente en el \u00a0Informe 0702 de marzo 3 de 2005 reitera lo mismo. \u00a0\u00a0<\/p>\n<p>139 \u00a0En el c.o. 8 de la Corte obra la resoluci\u00f3n de 26 de \u00a0enero \u00a0de \u00a02010 proferida contra\u00a0 varios ex funcionarios del DAS durante la \u00a0administraci\u00f3n del Dr. NOGUERA. \u00a0\u00a0<\/p>\n<p>140 \u00a0Tambi\u00e9n \u00a0 referenciada \u00a0 como \u00a0\u201cdominio \u00a0del \u00a0hecho \u00a0a \u00a0trav\u00e9s \u00a0de \u00a0aparatos \u00a0organizados \u00a0de \u00a0poder\u201d, \u00a0\u201cautor\u00eda \u00a0a \u00a0trav\u00e9s \u00a0del \u00a0poder \u00a0de \u00a0mando\u201d \u00a0y \u00a0\u201cautor\u00eda por dominio de la organizaci\u00f3n\u201d, entre otros. \u00a0\u00a0<\/p>\n<p>141 \u00a0En el mismo sentido sentencia de 23 de febrero de 2010. Rad. 32805 \u00a0\u00a0<\/p>\n<p>142 \u00a0Cfr. Sentencia de 23 de febrero de 2010. Rad. 32805. \u00a0\u00a0<\/p>\n<p>143 \u00a0Claus \u00a0Roxin, \u00a0impulsor \u00a0de esta modalidad de autor\u00eda mediata, precisa que ella \u00a0se \u00a0puede \u00a0presentar tanto en delitos cometidos por \u00f3rganos del Estado como por \u00a0la \u00a0criminalidad \u00a0organizada \u00a0no estatal, m\u00e1s excluye los casos de criminalidad \u00a0empresarial \u00a0(La \u00a0autor\u00eda \u00a0mediata por dominio en la \u00a0organizaci\u00f3n, en Problemas \u00a0actuales \u00a0de \u00a0dogm\u00e1tica \u00a0penal, \u00a0Lima, Ara Editores, \u00a02004, p. 238. \u00a0\u00a0<\/p>\n<p>144 \u00a0Por \u00a0ejemplo, \u00a0Corte \u00a0Suprema \u00a0de \u00a0Justicia, \u00a0Sala de \u00a0Casaci\u00f3n \u00a0Penal, auto de 30 junio de 2004, radicaci\u00f3n 20965, reiterado en auto \u00a0de 20 de febrero de 2008, radicaci\u00f3n 28954. Negrillas agregadas \u00a0\u00a0<\/p>\n<p>145 \u00a0V\u00e9ase \u00a0Corte \u00a0Suprema \u00a0de \u00a0Justicia, \u00a0Sala \u00a0de \u00a0Casaci\u00f3n \u00a0Penal, \u00a0sentencia de \u00a0casaci\u00f3n \u00a0de \u00a015 \u00a0de junio de 2000, radicaci\u00f3n 12372. As\u00ed mismo, sentencia de \u00a0casaci\u00f3n \u00a0de \u00a012 \u00a0de \u00a0marzo \u00a0de \u00a02008, \u00a0radicaci\u00f3n 28158 y sentencia de \u00fanica \u00a0instancia 32805 de 23 de febrero de 2010. \u00a0\u00a0<\/p>\n<p>146Cfr. \u00a0Dil. \u00a0de indagatoria de Alfredo Correa. Fol. 110 y ss del ca. \u00a094 Fiscal\u00eda \u00a0\u00a0<\/p>\n<p>147 \u00a0C.a. \u00a01-4 \u00a0de \u00a0la \u00a0Corte, \u00a0inspecci\u00f3n \u00a0al \u00a0radicado \u00a02030. \u00a0\u00a0<\/p>\n<p>148 \u00a0Folio \u00a03 \u00a0del \u00a0c.a. \u00a01-2 \u00a0de \u00a0la \u00a0Corte \u00a0donde \u00a0obra \u00a0inspecci\u00f3n al proceso 1828 de la Fiscal\u00eda 12 de la UNDH. \u00a0\u00a0<\/p>\n<p>149 \u00a0Fol. 138 idem \u00a0\u00a0<\/p>\n<p>150 \u00a0Fol. 236 idem \u00a0\u00a0<\/p>\n<p>151 \u00a0C.a de la Corte donde obra la inspecci\u00f3n al radicado \u00a01828. \u00a0\u00a0<\/p>\n<p>152 \u00a0Ver \u00a0texto \u00a0en \u00a0el \u00a0c.a. \u00a0de \u00a0la \u00a0Corte. \u00a01-2.\u00a0 \u00a0inspecci\u00f3n al proceso 1828. Fol. 47 y ss \u00a0\u00a0<\/p>\n<p>153 \u00a0As\u00ed \u00a0se lee: Pregunta el entrevistador: \u201cA \u00a0ver \u00a0continuando con la entrevista \u2026manifiesta usted que el \u00a0Hospital \u00a0o \u00a0Cl\u00ednica \u00a0en \u00a0Santa \u00a0Marta \u00a0presta \u00a0colaboraci\u00f3n \u00a0o \u00a0ayuda \u00a0a \u00a0los \u00a0paramilitares \u00a0 que \u00a0se \u00a0encuentran \u00a0heridos\u2026 \u00a0o \u00a0que \u00a0vienen \u00a0heridos \u00a0de \u00a0la \u00a0monta\u00f1a?\u201d \u00a0Responde \u00a0el entrevistado: \u201cBueno \u00a0por \u00a0lo \u00a0general .. los que vienen heridos de la monta\u00f1a \u00a0se \u00a0legalizan \u00a0con accidente de trabajo \u2026 y \u2026 como all\u00e1 no se sabe quien es \u00a0quien, \u00a0porque \u00a0lo que es la parte de la Sijin trabaja con las AUC \u2026 lo que es \u00a0la \u00a0parte \u00a0del \u00a0DAS \u00a0trabaja \u00a0con \u00a0las \u00a0AUC\u00a0\u00a0 y toda la polic\u00eda est\u00e1 \u00a0\u2026pr\u00e1cticamente \u00a0mezclada \u00a0con \u00a0las \u00a0AUC\u2026 lo \u00fanico que no esta mezclado con \u00a0las \u00a0AUC \u00a0son \u00a0las \u00a0aduaneras \u00a0\u2026.\u201d. C.a. corte 1-4 \u00a0inspecci\u00f3n radicado 1828 . Fol. 53. \u00a0\u00a0<\/p>\n<p>154 \u00a0Fol. 9 del c.o. 6 de la Corte \u00a0\u00a0<\/p>\n<p>155 \u00a0Anexo \u00a01 \u00a0de la Corte, inspecci\u00f3n Fiscal\u00eda 32 de la \u00a0UNDH Barranquilla \u00a0\u00a0<\/p>\n<p>156 \u00a0Declaraci\u00f3n de 12 de julio de 2006. Fol. 21 del c.o. \u00a04 Fiscal\u00eda \u00a0\u00a0<\/p>\n<p>157 \u00a0Sentencia \u00a0de \u00a023 \u00a0de \u00a0noviembre de 2007. Juzgado 6\u00ba \u00a0Especializado de Bogot\u00e1 \u00a0\u00a0<\/p>\n<p>158 \u00a0As\u00ed \u00a0 lo \u00a0relat\u00f3 \u00a0Wilson \u00a0Poveda \u00a0Carre\u00f1o, \u00a0alias \u00a0\u201cRafael\u201d. Fol. 187 y ss del c.o. 1 Corte \u00a0\u00a0<\/p>\n<p>159 \u00a0Fol. \u00a074 \u00a0del c.a. 2 de la Corte, inspecci\u00f3n Proceso \u00a0Fernando Pisciotti \u00a0\u00a0<\/p>\n<p>160 \u00a0Fol. 283 del c.o. 5 de la Corte \u00a0\u00a0<\/p>\n<p>161 \u00a0As\u00ed \u00a0lo relat\u00f3 Nohora Ospino en dec. de 22 de enero \u00a0de \u00a02004. Fol. 208 y ss de c.a. 1 Corte, inspecci\u00f3n proceso fernando Pisciotti, \u00a0Fiscal\u00eda 32 de la UNDH \u00a0\u00a0<\/p>\n<p>162 \u00a0Fol. \u00a0234 del c.a 1 de la Corte inspecci\u00f3n fiscal\u00eda \u00a032 UNDH Barranquilla. \u00a0\u00a0<\/p>\n<p>163 \u00a0Fol. 187 y ss del c.o. 1 de la Corte \u00a0\u00a0<\/p>\n<p>164 \u00a0Fol. \u00a0188 \u00a0del \u00a0del \u00a0c.a. \u00a01 \u00a0de la Corte Inspecci\u00f3n \u00a0proceso Fernando Pisciotti \u00a0\u00a0<\/p>\n<p>165 \u00a0Fol. 106 del c.a 2 de la Corte, inspecci\u00f3n Fiscal\u00eda \u00a032 UNDH Barranquilla \u00a0\u00a0<\/p>\n<p>166 \u00a0Fol. \u00a0292 \u00a0del c.a\u00a0 3 de la Corte, insp. Proceso \u00a0Fernando Pisciotti \u00a0\u00a0<\/p>\n<p>167 \u00a0Fol. \u00a0258 \u00a0del \u00a0c.a \u00a01 \u00a0de \u00a0la \u00a0Corte, \u00a0insp, proceso \u00a0Fernando Pisciotti \u00a0\u00a0<\/p>\n<p>168 \u00a0Cfr. \u00a0Informe \u00a0de 24 de diciembre de 2003. Fol. 119 y \u00a0ss del c.a. Corte inspecci\u00f3n rad.1840 proceso Fernando Pisciotti. \u00a0\u00a0<\/p>\n<p>169 \u00a0Fol. 21 y ss del c.o. 12 de la Corte. \u00a0\u00a0<\/p>\n<p>170 \u00a0Corte \u00a0Suprema \u00a0de Justicia, Sala de Casaci\u00f3n penal, sentencias del 19 de julio \u00a0de \u00a0 2000 \u00a0y \u00a025 \u00a0de \u00a0julio \u00a0de \u00a02002;\u00a0 \u00a024 \u00a0de \u00a0noviembre \u00a0de \u00a02004.\u00a0 \u00a0\u00a0<\/p>\n<p>171 \u00a0Corte \u00a0Suprema \u00a0de \u00a0Justicia, Sala de Casaci\u00f3n Penal, Sentencias de abril 17 de \u00a01976; 23 de abril de 1982, 6 de junio de 1990. \u00a0\u00a0<\/p>\n<p>172 \u00a0Corte \u00a0Suprema \u00a0de justicia, Sala de Casaci\u00f3n Penal, \u00a0radicados \u00a023285 \u00a0y 31277, sentencias de 20 de abril de 2005 y 3 de diciembre de \u00a02009 \u00a0\u00a0<\/p>\n<p>173 \u00a0Fol. \u00a055 \u00a0del \u00a0c.o. \u00a010 \u00a0fiscal\u00eda \u00a0y 98 del c.a. 39. \u00a0\u00a0<\/p>\n<p>174 \u00a0referidos a la mayor o menor gravedad de la conducta, \u00a0el \u00a0da\u00f1o \u00a0real o potencial creado, la naturaleza de las causales de agravaci\u00f3n \u00a0o \u00a0atenuaci\u00f3n, la intensidad del dolo, necesidad de la pena y funci\u00f3n que ella \u00a0ha de cumplir en el caso concreto \u00a0\u00a0<\/p>\n<p>175 \u00a0\u201cEl \u00a0que \u00a0con \u00a0una \u00a0acci\u00f3n u omisi\u00f3n o con varias \u00a0acciones \u00a0u \u00a0omisiones \u00a0infrinja \u00a0varias \u00a0disposiciones de la ley penal o varias \u00a0veces \u00a0la \u00a0misma \u00a0disposici\u00f3n \u00a0de \u00a0la \u00a0ley \u00a0penal, \u00a0quedar\u00e1 \u00a0sometido a la que \u00a0establezca \u00a0la \u00a0pena \u00a0m\u00e1s \u00a0grave \u00a0seg\u00fan su naturaleza, aumentada hasta en otro \u00a0tanto, \u00a0sin \u00a0que \u00a0fuere \u00a0superior a la suma aritm\u00e9tica de la que correspondan a \u00a0las \u00a0 respectivas \u00a0 conductas \u00a0punibles \u00a0debidamente \u00a0dosificadas \u00a0cada \u00a0una \u00a0de \u00a0ellas\u201d. \u00a0\u00a0<\/p>\n<p>176 \u00a0Cfr. Sentencia C-916 de 2002. \u00a0\u00a0<\/p>\n<p>177 \u00a0Radicado 34547, caso Mampuj\u00e1n. \u00a0\u00a0<\/p>\n<p>178 \u00a0Corte \u00a0Suprema \u00a0de Justicia, Sala Civil, sentencia del 20 de enero de 2009. Rad. \u00a00215. \u00a0\u00a0<\/p>\n<p>179 \u00a0Consejo de Estado, sentencia de abril 23 de 2008. Rad. 17534. \u00a0\u00a0<\/p>\n<p>180 \u00a0En \u00a0las \u00a0siguientes \u00a0providencias \u00a0la \u00a0Sala \u00a0ha tasado perjuicios de orden moral \u00a0subjetivo \u00a0o \u00a0revisado el punto en proceso de casaci\u00f3n: a) Rad. 10342 del 21 de \u00a0noviembre \u00a0de \u00a02002 \u00a0los \u00a0tas\u00f3 en 70 S.M.M.L. en un homicidio agravado; b) Rad. \u00a023687 \u00a0del \u00a026 \u00a0de \u00a0enero \u00a0de \u00a02006, \u00a0ratifica \u00a0los \u00a024,3 \u00a0S.M.M.L fijados en la \u00a0sentencia \u00a0en un caso de extorsi\u00f3n agravada; c) Rad. 23687 del 20 de septiembre \u00a0de \u00a02006 \u00a0por homicidio, ratifica la cifra de 61,2 S.M.M.L; d) Rad. 24985 del 21 \u00a0de \u00a0marzo de 2007 por concurso acceso carnal violento, ratifica los 66.2 S.M.M.L \u00a0impuesto; \u00a0e) \u00a0Rad. \u00a029186 \u00a0del \u00a023 de abril de 2008 por homicidio, confirma los \u00a035.2 \u00a0S.M.M.L; \u00a0f) \u00a0Rad. \u00a027107 \u00a0del \u00a017 \u00a0de \u00a0julio \u00a0de 2008, homicidio culposo, \u00a0ratifica \u00a0los \u00a017.7 \u00a0S.M.M.L \u00a0fijados \u00a0en \u00a0la sentencia; g) Rad. 28268 del 12 de \u00a0diciembre \u00a0de \u00a02008, \u00a0lesiones, ratifica los 39.7 S.M.M.L fijados; h) Rad. 28085 \u00a0del \u00a04 \u00a0de febrero de 2009, lesiones, ratifica 1 S.M.M.L como indemnizaci\u00f3n; i) \u00a0Rad. \u00a032117 \u00a0del \u00a021 \u00a0de \u00a0octubre \u00a0de \u00a02009, \u00a0lesiones, \u00a0ratifica los 60 S.M.M.L \u00a0impuesto \u00a0en \u00a0la \u00a0sentencia; \u00a0j) \u00a0Rad. \u00a032007 \u00a0del \u00a011 \u00a0de \u00a0noviembre \u00a0de \u00a02009, \u00a0responsabilidad \u00a0m\u00e9dica \u00a0homicidio, considera razonable los 312 S.M.M.L tasados \u00a0en \u00a0la sentencia; k) Rad. 30862 del 10 de marzo de 2010, responsabilidad m\u00e9dica \u00a0homicidio, \u00a0confirma \u00a0los 175 S.M.M.L fijados sentencia; l) Rad. 32503 del 21 de \u00a0abril de 2010 homicidio, confirma los 150 S.M.M.L impuestos. \u00a0\u00a0<\/p>\n<p>181 \u00a0Corte \u00a0Suprema \u00a0de Justicia, Sala Civil, sentencia del 15 de abril de 2009. Rad. \u00a010351. \u00a0\u00a0<\/p>\n<p>182 \u00a0Fol. \u00a0335 \u00a0del \u00a0c.a \u00a05-17 \u00a0Corte, inspecci\u00f3n proceso \u00a02030 \u00a0\u00a0<\/p>\n<p>183 \u00a0Cuadernos de la Fiscal\u00eda No. 2 fol. 270 a 274;\u00a0 \u00a0No. 3 fol. 110 a 124 y No. 8 Fol. 19 a 25 \u00a0\u00a0<\/p>\n<p>184 \u00a016 de febrero de 2010. Reposa en audio \u00a0\u00a0<\/p>\n<p>185 \u00a05 de mayo de 2010, reposa en audio \u00a0\u00a0<\/p>\n<p>186 \u00a0Fol. 46 del c.a 13 de la Fiscal\u00eda. \u00a0\u00a0<\/p>\n<p>187 \u00a0Fol. 1 a 26 del c.o. 16 de la fiscal\u00eda \u00a0\u00a0<\/p>\n<p>188 \u00a0Fol. 176 y ss del c.o. 17 de la fiscal\u00eda \u00a0\u00a0<\/p>\n<p>189 \u00a0Fol. \u00a0 191 \u00a0 del \u00a0 c.o\u00a0 \u00a0 18 \u00a0de \u00a0la \u00a0fiscal\u00eda \u00a0\u00a0<\/p>\n<p>190 \u00a0Radicado \u00a01890 \u00a0Unidad Nal. de Derechos Humanos, c.a. \u00a016. Fiscal\u00eda. 14 de marzo de 2006. Fol. 1 y ss del c.a. 16 \u00a0\u00a0<\/p>\n<p>191 \u00a0Fol. 37 a 154 del c.o. 7 de la Corte. \u00a0\u00a0<\/p>\n<p>192 \u00a0Fol. 66 y ss del c.a. 39 de la Fiscal\u00eda \u00a0\u00a0<\/p>\n<p>193 \u00a0Fol 66 a 94 del c.a 76 de la Fiscal\u00eda \u00a0\u00a0<\/p>\n<p>194 \u00a0Fol. 15 a 29 del c.o. 12 de la Corte. \u00a0 \u00a0\u00a0<\/p>\n<p><\/p>\n","protected":false},"excerpt":{"rendered":"<p>\u00a0 \u00a0 Proceso n.\u00ba 32000 \u00a0 CORTE SUPREMA DE JUSTICIA \u00a0 SALA DE CASACI\u00d3N PENAL \u00a0 \u00a0\u00a0\u00a0\u00a0\u00a0\u00a0\u00a0\u00a0\u00a0\u00a0\u00a0\u00a0\u00a0 \u00a0\u00a0 \u00a0\u00a0\u00a0\u00a0\u00a0\u00a0\u00a0\u00a0\u00a0\u00a0\u00a0\u00a0 \u00a0Magistrado Ponente \u00a0\u00a0 \u00a0\u00a0\u00a0\u00a0\u00a0\u00a0\u00a0\u00a0\u00a0\u00a0\u00a0\u00a0\u00a0\u00a0\u00a0\u00a0\u00a0\u00a0\u00a0\u00a0\u00a0\u00a0\u00a0\u00a0\u00a0\u00a0\u00a0\u00a0\u00a0\u00a0\u00a0\u00a0\u00a0\u00a0 \u00a0ALFREDO G\u00d3MEZ QUINTERO \u00a0\u00a0 \u00a0\u00a0\u00a0\u00a0\u00a0\u00a0\u00a0\u00a0\u00a0\u00a0\u00a0\u00a0\u00a0\u00a0\u00a0\u00a0\u00a0\u00a0\u00a0\u00a0\u00a0\u00a0\u00a0\u00a0\u00a0\u00a0\u00a0\u00a0\u00a0\u00a0\u00a0\u00a0\u00a0\u00a0 \u00a0Acta No. 331 \u00a0\u00a0 \u00a0 \u00a0 \u00a0 \u00a0 \u00a0 Bogot\u00e1, \u00a0 \u00a0 \u00a0D.C., \u00a0 \u00a0 catorce \u00a0(14) \u00a0de \u00a0septiembre \u00a0de \u00a0dos \u00a0mil once (2011) \u00a0\u00a0 VISTOS: \u00a0 [&hellip;]<\/p>\n","protected":false},"author":1,"featured_media":0,"comment_status":"open","ping_status":"open","sticky":false,"template":"","format":"standard","meta":{"footnotes":""},"categories":[19],"tags":[],"class_list":["post-21723","post","type-post","status-publish","format-standard","hentry","category-19"],"_links":{"self":[{"href":"https:\/\/dmsjuridica.com\/buscador_20179478954\/salapenalcronologico20230723\/wp-json\/wp\/v2\/posts\/21723","targetHints":{"allow":["GET"]}}],"collection":[{"href":"https:\/\/dmsjuridica.com\/buscador_20179478954\/salapenalcronologico20230723\/wp-json\/wp\/v2\/posts"}],"about":[{"href":"https:\/\/dmsjuridica.com\/buscador_20179478954\/salapenalcronologico20230723\/wp-json\/wp\/v2\/types\/post"}],"author":[{"embeddable":true,"href":"https:\/\/dmsjuridica.com\/buscador_20179478954\/salapenalcronologico20230723\/wp-json\/wp\/v2\/users\/1"}],"replies":[{"embeddable":true,"href":"https:\/\/dmsjuridica.com\/buscador_20179478954\/salapenalcronologico20230723\/wp-json\/wp\/v2\/comments?post=21723"}],"version-history":[{"count":0,"href":"https:\/\/dmsjuridica.com\/buscador_20179478954\/salapenalcronologico20230723\/wp-json\/wp\/v2\/posts\/21723\/revisions"}],"wp:attachment":[{"href":"https:\/\/dmsjuridica.com\/buscador_20179478954\/salapenalcronologico20230723\/wp-json\/wp\/v2\/media?parent=21723"}],"wp:term":[{"taxonomy":"category","embeddable":true,"href":"https:\/\/dmsjuridica.com\/buscador_20179478954\/salapenalcronologico20230723\/wp-json\/wp\/v2\/categories?post=21723"},{"taxonomy":"post_tag","embeddable":true,"href":"https:\/\/dmsjuridica.com\/buscador_20179478954\/salapenalcronologico20230723\/wp-json\/wp\/v2\/tags?post=21723"}],"curies":[{"name":"wp","href":"https:\/\/api.w.org\/{rel}","templated":true}]}}