{"id":21687,"date":"2023-09-12T16:32:28","date_gmt":"2023-09-12T16:32:28","guid":{"rendered":"https:\/\/dmsjuridica.com\/buscador_20179478954\/salapenalcronologico20230723\/2023\/09\/12\/3068222-07-11\/"},"modified":"2023-09-12T16:32:28","modified_gmt":"2023-09-12T16:32:28","slug":"3068222-07-11","status":"publish","type":"post","link":"https:\/\/dmsjuridica.com\/buscador_20179478954\/salapenalcronologico20230723\/2023\/09\/12\/3068222-07-11\/","title":{"rendered":"30682(22-07-11)"},"content":{"rendered":"\n<p>\u00a0 \u00a0 Proceso n\u00ba 30682 \u00a0<\/p>\n<p>CORTE SUPREMA DE JUSTICIA \u00a0<\/p>\n<p>SALA DE CASACI\u00d3N PENAL \u00a0<\/p>\n<p>Magistrado Ponente \u00a0<\/p>\n<p>\u00a0 \u00a0\u00a0 \u00a0\u00a0 \u00a0\u00a0 \u00a0\u00a0 \u00a0 \u00a0 \u00a0 \u00a0 \u00a0 \u00a0\u00a0 \u00a0JULIO ENRIQUE SOCHA SALAMANCA \u00a0\u00a0<\/p>\n<p>\u00a0 \u00a0\u00a0 \u00a0\u00a0 \u00a0\u00a0 \u00a0\u00a0 \u00a0 \u00a0 \u00a0 \u00a0 \u00a0 \u00a0\u00a0 \u00a0Aprobado Acta No. 254 \u00a0\u00a0<\/p>\n<p>Bogot\u00e1, \u00a0D. \u00a0C., veintid\u00f3s (22) de julio de \u00a0dos mil once (2011). \u00a0\u00a0<\/p>\n<p>VISTOS \u00a0<\/p>\n<p>Se \u00a0pronuncia \u00a0la \u00a0Corte \u00a0 acerca \u00a0 de \u00a0 la \u00a0\u00faltima \u00a0 \u00a0 \u00a0 \u00a0 \u00a0 \u00a0 \u00a0 solicitud \u00a0allegada \u00a0por LUCERO CORT\u00c9S M\u00c9NDEZ, \u00a0sindicada \u00a0 a \u00a0 la \u00a0 actuaci\u00f3n \u00a0 por \u00a0el \u00a0delito \u00a0de \u00a0tr\u00e1fico \u00a0 \u00a0 de \u00a0 \u00a0 influencias \u00a0 \u00a0 de \u00a0 \u00a0servidor \u00a0p\u00fablico. \u00a0\u00a0<\/p>\n<p>ANTECEDENTES \u00a0<\/p>\n<p>1. \u00a0Dentro \u00a0del \u00a0t\u00e9rmino \u00a0de \u00a0instrucci\u00f3n, \u00a0la procesada present\u00f3 un \u00a0escrito en el que pide a la Sala: \u00a0\u00a0<\/p>\n<p>1.1. Practicar \u00a0el \u00a0testimonio \u00a0de \u00a0su \u00a0esposo, \u00a0Manuel \u00a0Arturo \u00a0Rinc\u00f3n \u00a0Guevara, \u00a0 para \u00a0 que \u00a0 se \u00a0 refiera \u00a0 a \u00a0 \u00a0 la \u00a0 \u00a0visita \u00a0 \u00a0por \u00a0 \u00a0\u00e9l \u00a0 \u00a0realizada \u00a0 \u00a0al \u00a0 \u00a0magistrado \u00a0Rafael \u00a0V\u00e9lez \u00a0Fern\u00e1ndez \u00a0en la Sala Disciplinaria del \u00a0Consejo \u00a0Seccional \u00a0de \u00a0la Judicatura de Cundinamarca, \u00a0as\u00ed \u00a0 como \u00a0al \u00a0papel \u00a0desempe\u00f1ado \u00a0por \u00a0 la \u00a0 persona \u00a0 que \u00a0 aquel \u00a0 d\u00eda \u00a0 lo \u00a0 acompa\u00f1aba. \u00a0\u00a0<\/p>\n<p>1.2.\u00a0 \u00a0Ser \u00a0escuchada en ampliaci\u00f3n de indagatoria. \u00a0\u00a0<\/p>\n<p>1.3. Y reiterar \u00a0la pr\u00e1ctica de la declaraci\u00f3n \u00a0del \u00a0 \u00a0 exmagistrado \u00a0 \u00a0Jorge \u00a0 \u00a0Alonso \u00a0 \u00a0Flechas \u00a0D\u00edaz, \u00a0 \u00a0 como \u00a0 \u00a0 lo \u00a0 \u00a0 hizo \u00a0 \u00a0 en \u00a0 \u00a0anterior \u00a0oportunidad, \u00a0con el fin de \u00a0\u201cconocer la actividad de los magistrados de la Sala \u00a0Disciplinaria \u00a0 \u00a0del \u00a0 \u00a0Consejo \u00a0 \u00a0Superior \u00a0 \u00a0de \u00a0 \u00a0la \u00a0 Judicatura\u201d1 \u00a0y \u00a0\u201cestablecer \u00a0si \u00a0se hizo \u00a0alg\u00fan \u00a0 \u00a0 \u00a0tipo \u00a0 \u00a0 \u00a0de \u00a0 \u00a0 \u00a0requerimiento \u00a0 \u00a0 \u00a0o \u00a0 \u00a0 \u00a0instrucci\u00f3n\u201d2 \u00a0en \u00a0el \u00a0proceso \u00a0adelantado \u00a0contra Rafael V\u00e9lez Fern\u00e1ndez. \u00a0\u00a0<\/p>\n<p>CONSIDERACIONES \u00a0<\/p>\n<p>Seg\u00fan lo previsto \u00a0en \u00a0el art\u00edculo 235 de la Ley 600 de 2000, C\u00f3digo de \u00a0Procedimiento \u00a0 \u00a0Penal \u00a0 \u00a0aplicable \u00a0 \u00a0para \u00a0 \u00a0este \u00a0caso, \u00a0los \u00a0funcionarios \u00a0judiciales \u00a0est\u00e1n obligados \u00a0a \u00a0decretar \u201clas \u00a0pruebas \u00a0que \u00a0no \u00a0conduzcan \u00a0a \u00a0establecer la verdad sobre los \u00a0hechos \u00a0 materia \u00a0 del \u00a0 proceso \u00a0o \u00a0las \u00a0que \u00a0hayan \u00a0sido \u00a0obtenidas \u00a0en \u00a0forma \u00a0ilegal\u201d \u00a0y, \u00a0al \u00a0mismo \u00a0tiempo, \u00a0 \u00a0a \u00a0 rechazar \u00a0\u201cla \u00a0pr\u00e1ctica \u00a0de \u00a0las \u00a0legalmente \u00a0prohibidas \u00a0o \u00a0ineficaces, \u00a0 \u00a0las \u00a0 que \u00a0 versen \u00a0 sobre \u00a0 hechos \u00a0 notoriamente \u00a0 impertinentes \u00a0 \u00a0y \u00a0 las \u00a0 manifiestamente \u00a0 superfluas\u201d. \u00a0\u00a0<\/p>\n<p>En \u00a0 el \u00a0 presente \u00a0 asunto, \u00a0 \u00a0la \u00a0 \u00a0Sala \u00a0 ordenar\u00e1 \u00a0el \u00a0testimonio de Manuel Arturo Rinc\u00f3n \u00a0Guevara, \u00a0 en \u00a0la \u00a0medida \u00a0en \u00a0que \u00a0la \u00a0circunstancia \u00a0aludida por la solicitante (la visita de su \u00a0esposo \u00a0y \u00a0de \u00a0Carmen Cecilia Moreno \u00a0Ara\u00fajo \u00a0al magistrado Rafael V\u00e9lez Fern\u00e1ndez) \u00a0 \u00a0 \u00a0fue \u00a0 \u00a0 \u00a0un \u00a0 \u00a0 \u00a0aspecto \u00a0f\u00e1ctico \u00a0estimado \u00a0en \u00a0la \u00a0resoluci\u00f3n \u00a0que \u00a0defini\u00f3 \u00a0la \u00a0situaci\u00f3n \u00a0jur\u00eddica \u00a0(como \u00a0 integrante \u00a0del \u00a0\u201cinter\u00e9s \u00a0exteriorizado por Manuel Arturo Rinc\u00f3n \u00a0Guevara \u00a0para \u00a0que \u00a0se resolviera con fallo de sanci\u00f3n el proceso disciplinario \u00a0contra \u00a0 \u00a0 \u00a0el \u00a0 \u00a0 \u00a0abogado \u00a0 \u00a0 \u00a0Juan \u00a0 \u00a0 \u00a0Carlos \u00a0 \u00a0 \u00a0Salazar \u00a0 \u00a0 \u00a0Torres\u201d3) \u00a0para \u00a0predicar \u00a0desde el \u00a0punto \u00a0 \u00a0de \u00a0 \u00a0vista \u00a0 \u00a0probatorio \u00a0 \u00a0la \u00a0 probable \u00a0participaci\u00f3n \u00a0 \u00a0de \u00a0 \u00a0la \u00a0 sindicada \u00a0 \u00a0 \u00a0en \u00a0 \u00a0 \u00a0la \u00a0 \u00a0 \u00a0conducta \u00a0 \u00a0 \u00a0punible materia de imputaci\u00f3n. \u00a0\u00a0<\/p>\n<p>As\u00ed \u00a0 \u00a0mismo, \u00a0 dispondr\u00e1 \u00a0escuchar \u00a0a \u00a0LUCERO CORT\u00c9S M\u00c9NDEZ en diligencia de ampliaci\u00f3n \u00a0de \u00a0indagatoria, \u00a0toda \u00a0vez \u00a0que el art\u00edculo 342 del \u00a0estatuto \u00a0 \u00a0adjetivo \u00a0 \u00a0se\u00f1ala \u00a0 que \u00a0 procede \u00a0 a \u00a0petici\u00f3n del procesado o \u00a0su \u00a0 defensor \u00a0 \u201csin \u00a0 necesidad \u00a0de \u00a0motivaci\u00f3n \u00a0alguna\u201d. \u00a0\u00a0<\/p>\n<p>En \u00a0 cuanto \u00a0 a \u00a0la \u00a0solicitud \u00a0 de \u00a0adelantar \u00a0el \u00a0testimonio \u00a0del \u00a0exmagistrado \u00a0Jorge Alonso Flechas D\u00edaz, \u00a0la \u00a0Corte la encuentra irrelevante, \u00a0por \u00a0cuanto esta persona \u00a0ya \u00a0 declar\u00f3 \u00a0 en \u00a0 la \u00a0actuaci\u00f3n \u00a0procesal \u00a0y \u00a0los \u00a0temas propuestos por \u00a0la \u00a0 solicitante \u00a0son \u00a0a \u00a0todas luces superfluos. \u00a0\u00a0<\/p>\n<p>En efecto, si de \u00a0lo \u00a0que \u00a0se trata con este \u00a0elemento \u00a0de convicci\u00f3n \u00a0es \u00a0 de \u00a0 \u201cconocer \u00a0 la \u00a0 actividad \u00a0 de \u00a0los \u00a0magistrados \u00a0 de \u00a0 la \u00a0 Sala \u00a0 Disciplinaria \u00a0 del \u00a0 Consejo \u00a0 Superior \u00a0 de \u00a0la \u00a0Judicatura\u201d4, \u00a0 \u00a0 \u00a0 cabe \u00a0anotar \u00a0que en la diligencia de 18 de \u00a0septiembre \u00a0de 2009 \u00e9l se refiri\u00f3 con suficiencia a \u00a0la \u00a0\u00edndole \u00a0de \u00a0sus \u00a0funciones \u00a0para \u00a0la \u00e9poca en que recibi\u00f3 la visita de la \u00a0procesada \u00a0 \u00a0 \u00a0y \u00a0 \u00a0 su \u00a0 \u00a0 acompa\u00f1ante. \u00a0 \u00a0 Por \u00a0ejemplo, \u00a0 el \u00a0testigo \u00a0sostuvo en esa ocasi\u00f3n lo siguiente: \u00a0\u00a0<\/p>\n<p>\u201c[\u2026] \u00a0por \u00a0lo \u00a0general \u00a0atend\u00eda \u00a0en \u00a0mi mismo despacho de \u00a0magistrado, \u00a0 donde \u00a0 ejerc\u00eda \u00a0 la \u00a0 funci\u00f3n \u00a0 de \u00a0 presidente, \u00a0y \u00a0[era] mi \u00a0funci\u00f3n \u00a0 ordinaria, \u00a0mi \u00a0funci\u00f3n \u00a0administrativa \u00a0como \u00a0representante \u00a0de \u00a0la \u00a0instituci\u00f3n, y recib\u00eda a todas las personas que me \u00a0visitaban\u201d5. \u00a0\u00a0<\/p>\n<p>Y, \u00a0 en \u00a0 segundo \u00a0 lugar, \u00a0 si \u00a0 lo \u00a0 buscado \u00a0 por \u00a0la \u00a0sindicada \u00a0es \u00a0 \u00a0 que \u00a0 \u00a0 el \u00a0deponente \u00a0se refiera en \u00a0esta \u00a0oportunidad al disciplinario que culmin\u00f3 el 9 \u00a0de \u00a0 abril \u00a0 de \u00a0 2008 \u00a0 con \u00a0sanci\u00f3n \u00a0al \u00a0 \u00a0magistrado \u00a0 \u00a0Rafael \u00a0 \u00a0V\u00e9lez \u00a0Fern\u00e1ndez, \u00a0 es \u00a0de \u00a0destacar \u00a0que \u00a0\u00e9l \u00a0no \u00a0hizo \u00a0parte de los funcionarios que suscribieron \u00a0 \u00a0 \u00a0dicho \u00a0 \u00a0 \u00a0fallo \u00a0 \u00a0 \u00a0 \u00a0(sino \u00a0 \u00a0 \u00a0 Tem\u00edstocles \u00a0Ortega Narv\u00e1ez, Mar\u00eda Mercedes L\u00f3pez Mora, Martha \u00a0Patricia \u00a0 Zea \u00a0Ramos \u00a0y \u00a0Julia \u00a0 \u00a0Emma \u00a0 \u00a0Garz\u00f3n \u00a0 de \u00a0 G\u00f3mez) \u00a0 \u00a0 \u00a0y, \u00a0 \u00a0 \u00a0adem\u00e1s, \u00a0 cuando \u00a0 fue \u00a0 interrogado \u00a0acerca \u00a0del \u00a0particular \u00a0 manifest\u00f3 \u00a0no \u00a0tener \u00a0espec\u00edficos \u00a0recuerdos \u00a0 \u00a0 \u00a0del \u00a0 \u00a0 \u00a0asunto. \u00a0 \u00a0 Seg\u00fan \u00a0 \u00a0 el \u00a0declarante: \u00a0\u00a0<\/p>\n<p>\u201cNo particip\u00e9 \u00a0en \u00a0la \u00a0sentencia \u00a0que \u00a0se \u00a0haya \u00a0proferido \u00a0en \u00a0contra \u00a0del \u00a0magistrado \u00a0V\u00e9lez \u00a0Fern\u00e1ndez, \u00a0 me \u00a0 enter\u00e9 \u00a0 por \u00a0medios \u00a0period\u00edsticos, \u00a0posterior \u00a0a la finalizaci\u00f3n de mi periodo, y en dichos se daba a entender \u00a0que \u00a0el \u00a0doctor V\u00e9lez estaba muy molesto e inconforme con su sentencia, pero la \u00a0le\u00ed \u00a0 como \u00a0cualquier \u00a0ciudadano \u00a0porque \u00a0ya \u00a0no \u00a0era \u00a0magistrado, \u00a0cuando \u00a0fui \u00a0magistrado \u00a0para \u00a0finales del 2007, no recuerdo si se \u00a0registr\u00f3 \u00a0la \u00a0ponencia \u00a0por \u00a0el \u00a0volumen de expedientes que se manejaban en las \u00a0salas, \u00a0que \u00a0yo \u00a0haya firmado esa sentencia, no [\u2026] \u00a0la \u00a0verdad \u00a0no \u00a0recuerdo \u00a0que \u00a0haya \u00a0sido ponente ni \u00a0interviniente \u00a0en \u00a0el \u00a0fallo, \u00a0si \u00a0acaso \u00a0hubo alg\u00fan \u00a0debate \u00a0no se tom\u00f3 decisi\u00f3n de fondo, pero, repito, cada magistrado llevaba un \u00a0promedio \u00a0de \u00a040-30 \u00a0procesos, entonces es muy dif\u00edcil recordar con precisi\u00f3n, \u00a0con \u00a0 \u00a0minucias, \u00a0 \u00a0cada \u00a0 \u00a0proceso\u201d6. \u00a0\u00a0<\/p>\n<p>En consecuencia, \u00a0ser\u00e1 \u00a0 \u00a0negado \u00a0 \u00a0el \u00a0testimonio \u00a0de Jorge Alonso Flechas D\u00edaz, \u00a0 \u00a0 \u00a0pedido \u00a0 \u00a0 \u00a0por \u00a0 \u00a0 la \u00a0 \u00a0 defensa \u00a0 \u00a0 material. \u00a0\u00a0<\/p>\n<p>Por \u00a0\u00faltimo, la \u00a0Sala \u00a0dispone comisionar a \u00a0Marco \u00a0Alfredo \u00a0Morales \u00a0Vela, Magistrado Auxiliar de \u00a0esta \u00a0 \u00a0 Corporaci\u00f3n, \u00a0 \u00a0 para \u00a0 \u00a0 llevar \u00a0 \u00a0 a \u00a0 \u00a0cabo \u00a0 \u00a0la \u00a0 \u00a0pr\u00e1ctica \u00a0 \u00a0de \u00a0 \u00a0las \u00a0 \u00a0diligencias \u00a0ordenadas, \u00a0 el \u00a0 d\u00eda \u00a0viernes \u00a029 \u00a0de julio del presente a\u00f1o; el testimonio a las nueve de la ma\u00f1ana \u00a0y la ampliaci\u00f3n a las dos de la tarde. \u00a0\u00a0<\/p>\n<p>En \u00a0m\u00e9rito de lo expuesto, la CORTE \u00a0SUPREMA DE JUSTICIA, \u00a0SALA \u00a0DE CASACI\u00d3N PENAL, \u00a0\u00a0<\/p>\n<p>RESUELVE \u00a0<\/p>\n<p>1. \u00a0 ORDENAR \u00a0la \u00a0 pr\u00e1ctica \u00a0 del \u00a0testimonio \u00a0 \u00a0 de \u00a0 \u00a0 Manuel \u00a0 \u00a0Arturo \u00a0 \u00a0Rinc\u00f3n \u00a0Guevara \u00a0el \u00a029 \u00a0de julio de 2011, a las nueve de la \u00a0ma\u00f1ana. \u00a0\u00a0<\/p>\n<p>2. \u00a0 ESCUCHAR \u00a0a \u00a0 LUCERO \u00a0 CORT\u00c9S \u00a0 M\u00c9NDEZ \u00a0en \u00a0ampliaci\u00f3n \u00a0de \u00a0indagatoria \u00a0el \u00a029 de julio de este a\u00f1o, a las dos \u00a0de la tarde. \u00a0\u00a0<\/p>\n<p>3. \u00a0NO PRACTICAR \u00a0la \u00a0 \u00a0declaraci\u00f3n \u00a0del \u00a0 \u00a0 \u00a0 \u00a0 \u00a0 \u00a0 \u00a0 \u00a0 \u00a0exmagistrado \u00a0 Jorge \u00a0 Alonso \u00a0 Flechas \u00a0D\u00edaz. \u00a0\u00a0<\/p>\n<p>Contra \u00a0el \u00a0 numeral \u00a0 tercero \u00a0de \u00a0 \u00a0 \u00a0 \u00a0 \u00a0 \u00a0esta \u00a0 \u00a0 \u00a0 \u00a0 \u00a0 \u00a0providencia, \u00a0 \u00a0procede \u00a0el recurso \u00a0de reposici\u00f3n. \u00a0\u00a0<\/p>\n<p>Notif\u00edquese y c\u00famplase \u00a0<\/p>\n<p>JAVIER \u00a0 \u00a0ZAPATA \u00a0ORTIZ \u00a0\u00a0<\/p>\n<p>JOS\u00c9 \u00a0LUIS \u00a0BARCEL\u00d3 \u00a0CAMACHO\u00a0\u00a0\u00a0\u00a0\u00a0\u00a0\u00a0\u00a0\u00a0\u00a0\u00a0\u00a0\u00a0\u00a0 \u00a0JOS\u00c9 \u00a0 \u00a0LEONIDAS \u00a0 \u00a0BUSTOS \u00a0 MART\u00cdNEZ \u00a0\u00a0<\/p>\n<p>\u00a0\u00a0\u00a0\u00a0\u00a0\u00a0\u00a0\u00a0\u00a0\u00a0\u00a0\u00a0\u00a0\u00a0\u00a0\u00a0\u00a0\u00a0\u00a0\u00a0\u00a0\u00a0\u00a0\u00a0\u00a0\u00a0\u00a0\u00a0\u00a0\u00a0\u00a0\u00a0\u00a0\u00a0\u00a0\u00a0\u00a0\u00a0\u00a0\u00a0\u00a0\u00a0\u00a0\u00a0\u00a0\u00a0\u00a0\u00a0\u00a0\u00a0\u00a0\u00a0\u00a0\u00a0\u00a0\u00a0\u00a0\u00a0\u00a0\u00a0\u00a0\u00a0\u00a0\u00a0\u00a0\u00a0\u00a0\u00a0\u00a0\u00a0\u00a0\u00a0\u00a0\u00a0\u00a0\u00a0\u00a0\u00a0\u00a0\u00a0\u00a0\u00a0\u00a0\u00a0\u00a0\u00a0\u00a0\u00a0\u00a0\u00a0\u00a0\u00a0\u00a0\u00a0\u00a0\u00a0\u00a0\u00a0\u00a0\u00a0 \u00a0Permiso \u00a0\u00a0<\/p>\n<p>FERNANDO \u00a0ALBERTO \u00a0 \u00a0 \u00a0 CASTRO \u00a0 \u00a0 \u00a0CABALLERO\u00a0\u00a0\u00a0\u00a0\u00a0\u00a0\u00a0\u00a0 \u00a0 \u00a0SIGIFREDO \u00a0 ESPINOSA \u00a0P\u00c9REZ \u00a0\u00a0<\/p>\n<p>\u00a0 \u00a0\u00a0 \u00a0\u00a0 \u00a0 \u00a0\u00a0 \u00a0\u00a0 \u00a0\u00a0 \u00a0\u00a0 \u00a0 \u00a0\u00a0 \u00a0 \u00a0 \u00a0 \u00a0 \u00a0 \u00a0 \u00a0 \u00a0 \u00a0 \u00a0 \u00a0\u00a0 \u00a0 \u00a0 \u00a0\u00a0 \u00a0\u00a0 \u00a0\u00a0 \u00a0\u00a0 \u00a0\u00a0 \u00a0\u00a0 \u00a0\u00a0 \u00a0 \u00a0\u00a0 \u00a0\u00a0 \u00a0\u00a0 \u00a0 \u00a0\u00a0 \u00a0 \u00a0 \u00a0 \u00a0\u00a0<\/p>\n<p>\u00a0 \u00a0\u00a0 \u00a0\u00a0 \u00a0 \u00a0\u00a0 \u00a0\u00a0 \u00a0\u00a0 \u00a0\u00a0 \u00a0 \u00a0\u00a0 \u00a0 \u00a0 \u00a0 \u00a0 \u00a0 \u00a0 \u00a0 \u00a0 \u00a0 \u00a0 \u00a0 \u00a0 \u00a0 \u00a0 \u00a0 \u00a0 \u00a0 \u00a0 \u00a0 \u00a0 \u00a0 \u00a0 \u00a0 \u00a0 \u00a0 \u00a0\u00a0\u00a0\u00a0\u00a0\u00a0\u00a0\u00a0\u00a0 \u00a0\u00a0<\/p>\n<p>ALFREDO \u00a0 G\u00d3MEZ \u00a0 QUINTERO\u00a0\u00a0\u00a0\u00a0\u00a0\u00a0 \u00a0 \u00a0 \u00a0 \u00a0 \u00a0 MAR\u00cdA DEL ROSARIO GONZ\u00c1LEZ DE LEMOS \u00a0\u00a0<\/p>\n<p>AUGUSTO \u00a0 \u00a0J. \u00a0 IB\u00c1\u00d1EZ \u00a0 GUZM\u00c1N\u00a0\u00a0\u00a0\u00a0\u00a0\u00a0\u00a0\u00a0\u00a0\u00a0 \u00a0JULIO ENRIQUE SOCHA SALAMANCA \u00a0\u00a0<\/p>\n<p>\u00a0\u00a0\u00a0\u00a0\u00a0\u00a0\u00a0\u00a0\u00a0\u00a0\u00a0\u00a0\u00a0\u00a0\u00a0\u00a0\u00a0\u00a0\u00a0\u00a0\u00a0\u00a0\u00a0 \u00a0Impedido \u00a0\u00a0<\/p>\n<p>\u00a0\u00a0\u00a0\u00a0\u00a0\u00a0\u00a0 \u00a0\u00a0<\/p>\n<p>NUBIA YOLANDA NOVA GARC\u00cdA \u00a0<\/p>\n<p>Secretaria \u00a0 \u00a0<\/p>\n<p>1 Folio 107 del cuaderno V de la actuaci\u00f3n principal. \u00a0\u00a0<\/p>\n<p>2 \u00a0Ib\u00eddem. \u00a0\u00a0<\/p>\n<p>3 Folio 238 del cuaderno IV de la actuaci\u00f3n principal. \u00a0\u00a0<\/p>\n<p>4 Folio \u00a0107 del cuaderno V de la actuaci\u00f3n principal. \u00a0\u00a0<\/p>\n<p>5 \u00a0 \u00a0Folios \u00a0 \u00a049-50 \u00a0 \u00a0del \u00a0 \u00a0cuaderno \u00a0 \u00a0I \u00a0 \u00a0de \u00a0 la \u00a0 actuaci\u00f3n \u00a0principal. \u00a0\u00a0<\/p>\n<p>6 \u00a0Folios 52-53 ib\u00eddem. \u00a0 \u00a0\u00a0<\/p>\n<p><\/p>\n","protected":false},"excerpt":{"rendered":"<p>\u00a0 \u00a0 Proceso n\u00ba 30682 \u00a0 CORTE SUPREMA DE JUSTICIA \u00a0 SALA DE CASACI\u00d3N PENAL \u00a0 Magistrado Ponente \u00a0 \u00a0 \u00a0\u00a0 \u00a0\u00a0 \u00a0\u00a0 \u00a0\u00a0 \u00a0 \u00a0 \u00a0 \u00a0 \u00a0 \u00a0\u00a0 \u00a0JULIO ENRIQUE SOCHA SALAMANCA \u00a0\u00a0 \u00a0 \u00a0\u00a0 \u00a0\u00a0 \u00a0\u00a0 \u00a0\u00a0 \u00a0 \u00a0 \u00a0 \u00a0 \u00a0 \u00a0\u00a0 \u00a0Aprobado Acta No. 254 \u00a0\u00a0 Bogot\u00e1, \u00a0D. \u00a0C., veintid\u00f3s [&hellip;]<\/p>\n","protected":false},"author":1,"featured_media":0,"comment_status":"open","ping_status":"open","sticky":false,"template":"","format":"standard","meta":{"footnotes":""},"categories":[19],"tags":[],"class_list":["post-21687","post","type-post","status-publish","format-standard","hentry","category-19"],"_links":{"self":[{"href":"https:\/\/dmsjuridica.com\/buscador_20179478954\/salapenalcronologico20230723\/wp-json\/wp\/v2\/posts\/21687","targetHints":{"allow":["GET"]}}],"collection":[{"href":"https:\/\/dmsjuridica.com\/buscador_20179478954\/salapenalcronologico20230723\/wp-json\/wp\/v2\/posts"}],"about":[{"href":"https:\/\/dmsjuridica.com\/buscador_20179478954\/salapenalcronologico20230723\/wp-json\/wp\/v2\/types\/post"}],"author":[{"embeddable":true,"href":"https:\/\/dmsjuridica.com\/buscador_20179478954\/salapenalcronologico20230723\/wp-json\/wp\/v2\/users\/1"}],"replies":[{"embeddable":true,"href":"https:\/\/dmsjuridica.com\/buscador_20179478954\/salapenalcronologico20230723\/wp-json\/wp\/v2\/comments?post=21687"}],"version-history":[{"count":0,"href":"https:\/\/dmsjuridica.com\/buscador_20179478954\/salapenalcronologico20230723\/wp-json\/wp\/v2\/posts\/21687\/revisions"}],"wp:attachment":[{"href":"https:\/\/dmsjuridica.com\/buscador_20179478954\/salapenalcronologico20230723\/wp-json\/wp\/v2\/media?parent=21687"}],"wp:term":[{"taxonomy":"category","embeddable":true,"href":"https:\/\/dmsjuridica.com\/buscador_20179478954\/salapenalcronologico20230723\/wp-json\/wp\/v2\/categories?post=21687"},{"taxonomy":"post_tag","embeddable":true,"href":"https:\/\/dmsjuridica.com\/buscador_20179478954\/salapenalcronologico20230723\/wp-json\/wp\/v2\/tags?post=21687"}],"curies":[{"name":"wp","href":"https:\/\/api.w.org\/{rel}","templated":true}]}}