{"id":21650,"date":"2023-09-12T16:32:26","date_gmt":"2023-09-12T16:32:26","guid":{"rendered":"https:\/\/dmsjuridica.com\/buscador_20179478954\/salapenalcronologico20230723\/2023\/09\/12\/2697013-04-11\/"},"modified":"2023-09-12T16:32:26","modified_gmt":"2023-09-12T16:32:26","slug":"2697013-04-11","status":"publish","type":"post","link":"https:\/\/dmsjuridica.com\/buscador_20179478954\/salapenalcronologico20230723\/2023\/09\/12\/2697013-04-11\/","title":{"rendered":"26970(13-04-11)"},"content":{"rendered":"\n<p>\u00a0 \u00a0 Proceso n.\u00ba 26970 \u00a0<\/p>\n<p>CORTE SUPREMA DE JUSTICIA \u00a0<\/p>\n<p>SALA DE CASACION PENAL \u00a0<\/p>\n<p>Aprobada acta n\u00famero 130 \u00a0<\/p>\n<p>Bogot\u00e1, \u00a0D.C, \u00a0trece \u00a0de \u00a0abril \u00a0de \u00a0dos mil \u00a0once. \u00a0\u00a0<\/p>\n<p>La \u00a0Sala \u00a0de \u00a0Casaci\u00f3n Penal dicta sentencia \u00a0dentro \u00a0del \u00a0juicio \u00a0contra \u00a0el \u00a0doctor \u00a0Oscar Leonidas \u00a0Wilches \u00a0 Carre\u00f1o, \u00a0acusado \u00a0de \u00a0ser \u00a0autor \u00a0del delito de concierto para delinquir \u00a0agravado, \u00a0despu\u00e9s\u00a0 \u00a0que \u00a0el Juzgado Primero Especializado de Cundinamarca \u00a0concluyera la diligencia de audiencia p\u00fablica. \u00a0\u00a0<\/p>\n<p>Hechos \u00a0<\/p>\n<p>Luego \u00a0de \u00a0su constante accionar militar y de \u00a0haber \u00a0logrado \u00a0dominar \u00a0el \u00a0sur del Departamento del Casanare, las Autodefensas \u00a0Campesinas \u00a0del \u00a0Casanare, organizaci\u00f3n paramilitar comandada en la d\u00e9cada del \u00a02000 \u00a0por Germ\u00e1n Buitrago Parada, alias \u201cMart\u00edn Llanos\u201d, decidi\u00f3 irradiar \u00a0su \u00a0influencia en la din\u00e1mica social de esa regi\u00f3n y en la actividad pol\u00edtica \u00a0y \u00a0administrativa \u00a0del \u00a0departamento. \u00a0En \u00a0ese \u00a0prop\u00f3sito, \u00a0Buitrago \u00a0Parada \u00a0o \u00a0\u201cMart\u00edn \u00a0 Llanos\u201d, \u00a0convoc\u00f3 \u00a0en \u00a0el \u00a0a\u00f1o \u00a02000 \u00a0a \u00a0los \u00a0aspirantes \u00a0a \u00a0la \u00a0Gobernaci\u00f3n \u00a0de \u00a0Casanare \u2013 \u00a0entre \u00a0ellos \u00a0al doctor Oscar Leonidas Carre\u00f1o Wilches \u00a0\u2013, \u00a0con el fin de negociar \u00a0la \u00a0coadministraci\u00f3n \u00a0del \u00a0departamento, a cambio de garantizar el debate entre \u00a0quienes aceptaran esos planteamientos. \u00a0\u00a0<\/p>\n<p>No \u00a0 satisfechos \u00a0con \u00a0eso, \u00a0empleando \u00a0sus \u00a0organizaciones \u00a0no gubernamentales, especialmente creadas para apoyar las tareas \u00a0\u201csociales \u00a0 y \u00a0 pol\u00edticas&#8221;, \u00a0 las \u00a0 Autodefensas \u00a0 Campesinas \u00a0 del \u00a0Casanare \u00a0persistieron \u00a0en \u00a0esos \u00a0objetivos, para lo cual o bien apoyaron las candidaturas \u00a0de \u00a0sus \u00a0aliados \u00a0a \u00a0la \u00a0C\u00e1mara \u00a0de \u00a0Representantes \u00a0en \u00a0el \u00a02002, \u00a0conforme \u00a0a \u00a0compromisos \u00a0que \u00a0ven\u00edan desde el pasado, o vetaron a quienes no compart\u00edan su \u00a0ideario, \u00a0incidiendo \u00a0de esa manera en la conformaci\u00f3n del poder institucional. \u00a0\u00a0<\/p>\n<p>Identificaci\u00f3n del Procesado \u00a0<\/p>\n<p>\u00a0 \u00a0\u00a0 \u00a0\u00a0 \u00a0\u00a0Oscar \u00a0 \u00a0Leonidas \u00a0 \u00a0Wilches \u00a0 \u00a0Carre\u00f1o, \u00a0identificado \u00a0con \u00a0la c\u00e9dula de ciudadan\u00eda n\u00famero 9.653.163 de Yopal, natural \u00a0de \u00a0Labranzagrande \u00a0(Boyac\u00e1), \u00a0lugar donde naci\u00f3 el d\u00eda 3 de octubre de 1960, \u00a0de \u00a0 profesi\u00f3n \u00a0abogado, \u00a0ex \u00a0gobernador \u00a0del \u00a0Departamento \u00a0del \u00a0Casanare, \u00a0ex \u00a0Representante a la C\u00e1mara y ex senador de la Rep\u00fablica. \u00a0\u00a0<\/p>\n<p>Actuaci\u00f3n Procesal \u00a0<\/p>\n<p>El \u00a023 \u00a0de \u00a0marzo \u00a0de \u00a02007, \u00a0con base en la \u00a0denuncia \u00a0formulada \u00a0por \u00a0Carlos \u00a0Guzm\u00e1n Daza, alias \u201cSalom\u00f3n\u201d, la Sala de \u00a0Casaci\u00f3n \u00a0 Penal \u00a0 decidi\u00f3 \u00a0abrir \u00a0investigaci\u00f3n \u00a0previa \u00a0contra \u00a0el \u00a0Senador \u00a0Oscar \u00a0 \u00a0Leonidas \u00a0 \u00a0Wilches \u00a0 \u00a0Carre\u00f1o \u00a0 (folio \u00a073 \u00a0cuaderno \u00a0uno). \u00a0\u00a0<\/p>\n<p>\u00a0 \u00a0\u00a0 \u00a0\u00a0 \u00a0El \u00a023 \u00a0de \u00a0mayo siguiente, la Sala dio apertura a la investigaci\u00f3n \u00a0penal \u00a0contra \u00a0el \u00a0doctor \u00a0Wilches Carre\u00f1o, \u00a0lo \u00a0escuch\u00f3 en diligencia de indagatoria el 5 de julio del mismo \u00a0a\u00f1o \u00a0 \u00a0(folio \u00a0 \u00a0193 \u00a0 cuaderno \u00a0 uno), \u00a0y le resolvi\u00f3 su situaci\u00f3n jur\u00eddica el 18 de julio de 2007 con \u00a0medida \u00a0de aseguramiento de detenci\u00f3n preventiva como probable autor del delito \u00a0de \u00a0concierto \u00a0para \u00a0delinquir \u00a0agravado, \u00a0ordenando \u00a0por \u00a0lo \u00a0tanto \u00a0su captura \u00a0(folio \u00a0 \u00a0 \u00a0159 \u00a0 \u00a0 cuaderno \u00a0 \u00a0 dos). \u00a0\u00a0<\/p>\n<p>\u00a0 \u00a0\u00a0 \u00a0\u00a0 \u00a0El \u00a0doctor \u00a0Wilches Carre\u00f1o \u00a0se \u00a0present\u00f3 el mismo d\u00eda ante funcionarios del Cuerpo T\u00e9cnico \u00a0de \u00a0 Investigaci\u00f3n \u00a0 de \u00a0 la \u00a0Fiscal\u00eda \u00a0General \u00a0de \u00a0la \u00a0Naci\u00f3n \u00a0(folio 190 cuaderno dos). \u00a0\u00a0<\/p>\n<p>\u00a0 \u00a0\u00a0 \u00a0\u00a0 \u00a0El \u00a010 \u00a0de \u00a0septiembre \u00a0de \u00a02007, \u00a0la Sala confirm\u00f3 la decisi\u00f3n al \u00a0resolver \u00a0el \u00a0recurso de reposici\u00f3n interpuesto por la defensa contra la medida \u00a0de \u00a0aseguramiento \u00a0(folio 1 cuaderno tres). \u00a0\u00a0<\/p>\n<p>\u00a0 \u00a0\u00a0 \u00a0\u00a0 \u00a0 \u00a0El \u00a019 \u00a0de \u00a0diciembre de 2007, la Corte \u00a0decidi\u00f3 \u00a0 negativamente \u00a0 la \u00a0 petici\u00f3n \u00a0 de \u00a0 revocatoria \u00a0de \u00a0la \u00a0medida \u00a0de \u00a0aseguramiento \u00a0y \u00a0cerr\u00f3 la\u00a0 investigativa (folio \u00a018 cuaderno cuatro). \u00a0\u00a0<\/p>\n<p>\u00a0 \u00a0\u00a0 \u00a0\u00a0 \u00a0El \u00a012 \u00a0de \u00a0febrero \u00a0de \u00a02008, \u00a0conforme \u00a0a \u00a0la jurisprudencia de la \u00a0\u00e9poca, \u00a0la \u00a0Sala \u00a0remiti\u00f3 \u00a0el asunto a la Fiscal\u00eda General de la Naci\u00f3n como \u00a0consecuencia \u00a0de \u00a0la \u00a0renuncia \u00a0del \u00a0procesado \u00a0a su condici\u00f3n de Senador de la \u00a0Rep\u00fablica \u00a0(folio \u00a0108 \u00a0cuaderno cuatro). \u00a0\u00a0<\/p>\n<p>El \u00a07 \u00a0de marzo siguiente, el Fiscal tercero \u00a0delegado \u00a0ante \u00a0la \u00a0Sala de Casaci\u00f3n Penal de la Corte, resolvi\u00f3 negativamente \u00a0el \u00a0recurso \u00a0de \u00a0reposici\u00f3n \u00a0interpuesto contra el auto que declar\u00f3 cerrada la \u00a0investigaci\u00f3n \u00a0 \u00a0penal \u00a0 \u00a0(folio \u00a0 \u00a0142 \u00a0 cuaderno \u00a0cuatro). \u00a0\u00a0<\/p>\n<p>Mediante \u00a0providencia \u00a0del 6 de mayo de 2008 \u00a0(folio \u00a046 \u00a0cuaderno cinco), \u00a0la \u00a0Fiscal\u00eda \u00a0acus\u00f3 \u00a0al doctor Oscar Leonidas Wilches \u00a0Carre\u00f1o \u00a0como \u00a0presunto autor del delito de concierto \u00a0para \u00a0delinquir con la finalidad de promover grupos armados al margen de la ley, \u00a0conducta \u00a0descrita \u00a0en \u00a0el Libro segundo, T\u00edtulo XII, cap\u00edtulo primero, inciso \u00a0segundo del art\u00edculo 340 del c\u00f3digo penal que dice: \u00a0\u00a0<\/p>\n<p>\u00a0 \u00a0\u00a0 \u00a0\u00a0 \u00a0\u00a0\u201cCuando \u00a0varias \u00a0personas \u00a0se \u00a0concierten \u00a0con \u00a0el fin de cometer \u00a0delitos, \u00a0cada una de ellas ser\u00e1 penada, por esa sola conducta, con prisi\u00f3n de \u00a0tres (3) a seis (6) a\u00f1os. \u00a0\u00a0<\/p>\n<p>\u00a0 \u00a0\u00a0 \u00a0\u00a0 \u00a0\u201cCuando \u00a0el \u00a0concierto \u00a0sea \u00a0para \u00a0cometer \u00a0delitos de genocidio, \u00a0desaparici\u00f3n \u00a0forzada \u00a0de personas, tortura, desplazamiento forzado, homicidio, \u00a0terrorismo, \u00a0narcotr\u00e1fico, \u00a0secuestro \u00a0extorsivo, \u00a0extorsi\u00f3n o para organizar, \u00a0promover, \u00a0armar \u00a0o \u00a0financiar grupos armados al margen de la ley, la pena ser\u00e1 \u00a0de \u00a0prisi\u00f3n \u00a0de \u00a0seis \u00a0(6) \u00a0a \u00a0doce (12) a\u00f1os y multa de dos mil (2.000) hasta \u00a0veinte mil salarios m\u00ednimos legales vigentes.\u201d \u00a0\u00a0<\/p>\n<p>\u00a0 \u00a0\u00a0 \u00a0\u00a0 \u00a0\u00a0Y \u00a0en \u00a0orden a establecer la relaci\u00f3n entre conducta y norma,\u00a0 \u00a0sostuvo: \u00a0 \u00a0 \u00a0 \u00a0 \u00a0\u00a0<\/p>\n<p>\u00a0 \u00a0\u00a0 \u00a0\u00a0 \u00a0\u00a0\u201cAdvierte \u00a0la \u00a0Sala \u00a0que \u00a0quien \u00a0acude a una organizaci\u00f3n armada \u00a0ilegal \u00a0con \u00a0el \u00a0objeto \u00a0de \u00a0que \u00a0se \u00a0le \u00a0facilite \u00a0o permita, mediante acuerdos \u00a0escritos \u00a0o \u00a0verbales, \u00a0el ejercicio de una determina actividad l\u00edcita, en este \u00a0caso la pol\u00edtica, acuerda con ella su promoci\u00f3n. \u00a0\u00a0<\/p>\n<p>\u00a0 \u00a0\u00a0 \u00a0\u00a0 \u00a0\u201cUn \u00a0comportamiento \u00a0de tal naturaleza no puede ser ajeno para el \u00a0derecho \u00a0penal, \u00a0en \u00a0la medida que con \u00e9l no solo se garantiza la supervivencia \u00a0sino \u00a0que \u00a0tambi\u00e9n \u00a0se contribuye al fortalecimiento de la organizaci\u00f3n armada \u00a0ilegal.\u201d \u00a0\u00a0<\/p>\n<p>\u00a0 \u00a0\u00a0 \u00a0\u00a0 \u00a0\u00a0El \u00a0asunto \u00a0se \u00a0remiti\u00f3 \u00a0al \u00a0Juzgado \u00a0Unico especializado de Yopal, \u00a0Departamento \u00a0del \u00a0Casanare, pero la Sala de Casaci\u00f3n Penal de la Corte Suprema \u00a0de \u00a0Justicia \u00a0mediante \u00a0decisi\u00f3n \u00a0del 14 de abril de 2009, orden\u00f3 el cambio de \u00a0radicaci\u00f3n \u00a0del proceso del \u201cDistrito Judicial de Yopal al de Cundinamarca\u201d \u00a0(folio \u00a0 \u00a0 148 \u00a0 \u00a0 cuaderno \u00a0 \u00a0 seis). \u00a0\u00a0<\/p>\n<p>\u00a0 \u00a0\u00a0 \u00a0\u00a0 \u00a0El \u00a0 Juzgado \u00a0 Primero \u00a0 Penal \u00a0 del \u00a0 Circuito \u00a0 Especializado \u00a0 de \u00a0Cundinamarca, \u00a0autoridad \u00a0a la cual le fue asignado el proceso, llev\u00f3 a cabo la \u00a0audiencia \u00a0preparatoria \u00a0el 30 de junio de 2009 (folio \u00a069 \u00a0cuaderno \u00a07), convocando a los sujetos procesales a \u00a0Audiencia \u00a0P\u00fablica, \u00a0diligencia \u00a0que \u00a0se inici\u00f3 el d\u00eda 24 de agosto del mismo \u00a0a\u00f1o \u00a0 \u00a0(folio \u00a0 157 \u00a0 cuaderno \u00a0 siete). \u00a0\u00a0<\/p>\n<p>\u00a0 \u00a0 \u00a0 \u00a0 \u00a0<\/p>\n<p>\u00a0 \u00a0\u00a0 \u00a0\u00a0 \u00a0El \u00a0 14 \u00a0 de \u00a0 septiembre \u00a0de \u00a02009, \u00a0de \u00a0conformidad \u00a0con \u00a0la \u00a0l\u00ednea \u00a0jurisprudencial \u00a0trazada \u00a0por \u00a0la \u00a0Corte \u00a0mediante \u00a0decisi\u00f3n \u00a0del \u00a01\u00ba, \u00a0de \u00a0septiembre del mismo a\u00f1o,1 \u00a0\u00a0<\/p>\n<p>el Juzgado remiti\u00f3 el asunto a la Sala de \u00a0Casaci\u00f3n \u00a0Penal \u00a0de \u00a0la \u00a0Corte \u00a0Suprema \u00a0de \u00a0Justicia, \u00a0autoridad \u00a0que el 23 de \u00a0septiembre \u00a0siguiente \u00a0determin\u00f3 \u00a0devolver \u00a0el \u00a0proceso \u00a0al \u00a0Juzgado \u00a0para \u00a0que \u00a0concluyera \u00a0la \u00a0diligencia \u00a0iniciada (folio 1 cuaderno \u00a0ocho).2 \u00a0 \u00a0 \u00a0 \u00a0 \u00a0 \u00a0 \u00a0\u00a0<\/p>\n<p>\u00a0 \u00a0\u00a0 \u00a0\u00a0 \u00a0Entre \u00a0tanto, \u00a0el \u00a011 de marzo de 2010, el Juzgado le reconoci\u00f3 al \u00a0doctor \u00a0Wilches Carre\u00f1o el \u00a0derecho \u00a0a \u00a0la \u00a0libertad \u00a0provisional \u00a0con \u00a0fundamento \u00a0en \u00a0el \u00a0numeral 2\u00ba, del \u00a0art\u00edculo \u00a0365 \u00a0de la ley 600 de 2000, determinaci\u00f3n que se hizo efectiva el 12 \u00a0de \u00a0marzo \u00a0siguiente \u00a0(folios 284 cuaderno nueve, y 6 \u00a0cuaderno \u00a0 \u00a0 diez).3 \u00a0\u00a0<\/p>\n<p>\u00a0 \u00a0\u00a0 \u00a0\u00a0 \u00a0El \u00a0d\u00eda \u00a027 de octubre de 2010 concluy\u00f3 \u00a0la \u00a0 diligencia \u00a0 de \u00a0audiencia \u00a0p\u00fablica \u00a0(folio \u00a053 \u00a0cuaderno \u00a010). \u00a0En \u00a0seguida, \u00a0de \u00a0conformidad \u00a0con la \u00a0determinaci\u00f3n \u00a0del \u00a023 de septiembre de 2009 de la Sala, el Juzgado remiti\u00f3 el \u00a0proceso a la Corte por competencia. \u00a0\u00a0<\/p>\n<p>Le corresponde a la Sala, entonces, definir \u00a0lo pertinente. \u00a0\u00a0<\/p>\n<p>Alegatos en Audiencia \u00a0<\/p>\n<p>La Fiscal\u00eda \u00a0<\/p>\n<p>Solicita \u00a0 que \u00a0 se \u00a0 condene \u00a0 al \u00a0doctor \u00a0Oscar \u00a0 \u00a0Leonidas \u00a0 \u00a0Wilches \u00a0 \u00a0Carre\u00f1o \u00a0por \u00a0los \u00a0cargos formulados en la resoluci\u00f3n de acusaci\u00f3n. En su \u00a0concepto, \u00a0 \u00a0la \u00a0 prueba \u00a0recopilada \u00a0es \u00a0suficiente \u00a0para condenar al acusado por la comisi\u00f3n del delito \u00a0de \u00a0concierto \u00a0para \u00a0delinquir agravado (art\u00edculo 340 \u00a0inciso \u00a02 \u00a0del \u00a0c\u00f3digo \u00a0penal), dado que se satisfacen \u00a0los presupuestos del art\u00edculo 232 de la ley 600 de 2000. \u00a0\u00a0<\/p>\n<p>Para \u00a0el se\u00f1or Fiscal, Carlos Guzm\u00e1n Daza, \u00a0alias \u00a0\u201cSalom\u00f3n\u201d, \u00a0directivo \u00a0de \u00a0la \u00a0Corporaci\u00f3n \u00a0especializada \u00a0para \u00a0el \u00a0desarrollo \u00a0 integral \u00a0agropecuaria \u00a0del \u00a0Casanare \u00a0y \u00a0Colombia, \u00a0Ceaccol, \u00a0 y \u00a0miembro \u00a0de \u00a0la \u00a0llamada \u00a0ala \u00a0pol\u00edtica \u00a0 \u00a0 \u00a0de \u00a0 \u00a0 \u00a0las \u00a0 \u00a0 autodefensas \u00a0 \u00a0 4, \u00a0 se \u00a0 constituy\u00f3 \u00a0 en \u00a0eje \u00a0fundamental \u00a0para \u00a0acusar \u00a0al \u00a0doctor \u00a0Oscar \u00a0Leonidas \u00a0Wilches \u00a0 Carre\u00f1o, \u00a0entre \u00a0otras \u00a0razones \u00a0por \u00a0haber \u00a0acudido \u00a0en \u00a0su \u00a0condici\u00f3n \u00a0de \u00a0candidato \u00a0a la Gobernaci\u00f3n del Casanare a una \u00a0reuni\u00f3n \u00a0con Germ\u00e1n Dar\u00edo Buitrago Parada, alias de \u201cMart\u00edn Llanos\u201d, que \u00a0se \u00a0dice \u00a0fue celebrada varias semanas antes del a\u00f1o 2000 en una zona rural del \u00a0municipio \u00a0de \u00a0Monterrey, \u00a0departamento \u00a0del \u00a0Casanare, \u00a0donde \u00a0se \u00a0negoci\u00f3 \u00a0la \u00a0participaci\u00f3n \u00a0 pol\u00edtica \u00a0 de \u00a0 las \u00a0 autodefensas \u00a0 en \u00a0la \u00a0Gobernaci\u00f3n \u00a0del \u00a0Casanare. \u00a0\u00a0<\/p>\n<p>A \u00a0dicho \u00a0encuentro, \u00a0adem\u00e1s \u00a0del \u00a0doctor \u00a0Wilches \u00a0 \u00a0 Carre\u00f1o, \u00a0concurrieron \u00a0William \u00a0P\u00e9rez, \u00a0Jacobo \u00a0Rivera G\u00f3mez, Javier Vargas Barrag\u00e1n y \u00a0Luz \u00a0Marina \u00a0Gonz\u00e1lez, \u00a0con \u00a0el \u00a0fin \u00a0de \u00a0obtener \u00a0el \u00a0aval de las autodefensas \u00a0campesinas \u00a0del \u00a0Casanare, \u00a0lo \u00a0que \u00a0en palabras de la Corte Suprema de Justicia \u00a0equivale \u00a0a \u00a0acordar \u00a0la \u00a0promoci\u00f3n del grupo armado al margen de la ley, en la \u00a0medida \u00a0 \u00a0que \u00a0 con \u00a0 dicha \u00a0 conducta \u00a0 se \u00a0 garantiza \u00a0 su \u00a0 supervivencia \u00a0 y \u00a0fortalecimiento.5 \u00a0\u00a0<\/p>\n<p>Pues bien: \u00a0<\/p>\n<p>En \u00a0relaci\u00f3n \u00a0con el aspecto objetivo de la \u00a0conducta, \u00a0est\u00e1 \u00a0demostrado que las Autodefensas campesinas del Casanare fueron \u00a0creadas \u00a0en \u00a0los a\u00f1os 90 por las familias Feliciano, Ram\u00edrez y Buitrago con el \u00a0prop\u00f3sito \u00a0inicial \u00a0de \u00a0contrarrestar \u00a0la \u00a0incursi\u00f3n \u00a0de \u00a0la \u00a0guerrilla en los \u00a0departamentos \u00a0del \u00a0Meta, \u00a0Casanare \u00a0y \u00a0Boyac\u00e1, \u00a0pero posteriormente decidieron \u00a0incidir \u00a0en \u00a0la \u00a0pol\u00edtica \u00a0de \u00a0esas \u00a0regiones, \u00a0seg\u00fan \u00a0lo \u00a0aseguraron \u00a0los \u00a0ex \u00a0integrantes \u00a0de \u00a0las \u00a0autodefensas, \u00a0Carlos \u00a0Guzm\u00e1n Daza, alias \u201cSalom\u00f3n\u201d, \u00a0Jhon \u00a0Alexander \u00a0Vargas \u00a0Buitrago, o \u201cJunior\u201d; Jos\u00e9 Meche Mendivelso, alias \u00a0\u201cGuadalupe\u201d; \u00a0Carlos \u00a0Alberto \u00a0Mart\u00ednez, \u00a0Hermes \u00a0R\u00edos Rodr\u00edguez y Carlos \u00a0Julio \u00a0Novoa \u00a0Alfonso; \u00a0y \u00a0los \u00a0pol\u00edticos Carlos Arturo Ram\u00edrez, Javier Vargas \u00a0Barrag\u00e1n y Jacobo Rivera G\u00f3mez. \u00a0\u00a0<\/p>\n<p>En \u00a0s\u00edntesis, \u00a0fue \u00a0tal su influencia en la \u00a0pol\u00edtica, \u00a0que entre los a\u00f1os 2000 y 2004, quienes aspiraban a ser elegidos en \u00a0cargos \u00a0p\u00fablicos, \u00a0deb\u00edan concurrir a sitios como \u201cEl Tropez\u00f3n\u201d, cerca de \u00a0Puerto \u00a0Lopez \u00a0en \u00a0el Meta o a un lugar cercano al restaurante \u201cEl Ca\u00f1ito\u201d, \u00a0en \u00a0Monterrey, \u00a0Casanare, \u00a0sitios \u00a0en donde el m\u00e1ximo jefe de las autodefensas, \u00a0Mart\u00edn \u00a0Llanos, \u00a0autorizaba \u00a0o \u00a0desautorizaba las aspiraciones pol\u00edticas, como \u00a0entre \u00a0otras \u00a0cosas \u00a0lo afirm\u00f3 Carlos Arturo Ram\u00edrez, ex alcalde de Aguazul, y \u00a0diputado del Casanare. \u00a0\u00a0<\/p>\n<p>Es \u00a0m\u00e1s, \u00a0Javier \u00a0Vargas \u00a0Barrag\u00e1n, Jacobo \u00a0Rivera \u00a0G\u00f3mez,\u00a0 \u00a0Arturo \u00a0Ram\u00edrez \u00a0y \u00a0Efr\u00e9n \u00a0Hern\u00e1ndez, \u00a0declararon \u00a0que \u00a0\u201cMart\u00edn \u00a0Llanos\u201d \u00a0ejerc\u00eda \u00a0intimidaciones, \u00a0amenazas \u00a0o \u00a0presiones \u00a0contra \u00a0candidatos \u00a0que \u00a0no \u00a0eran \u00a0afines \u00a0a \u00a0esa organizaci\u00f3n, tanto que Javier Vargas \u00a0Barrag\u00e1n \u00a0admiti\u00f3 \u00a0que \u00a0debi\u00f3 renunciar a su candidatura a la gobernaci\u00f3n en \u00a0el \u00a0a\u00f1o \u00a02000, \u00a0habiendo \u00a0tomado \u00a0esa \u00a0decisi\u00f3n\u00a0 \u00a0despu\u00e9s de la c\u00e9lebre \u00a0reuni\u00f3n llevada a cabo en el restaurante \u201cEl Ca\u00f1ito\u201d. \u00a0\u00a0<\/p>\n<p>Una hecho adicional que comprueba esa nefasta \u00a0influencia \u00a0ocurri\u00f3 \u00a0en \u00a0el \u00a0debate \u00a0electoral \u00a0de \u00a02002, en la cual adem\u00e1s de \u00a0Javier \u00a0Vargas \u00a0Barrag\u00e1n \u00a0y \u00a0Oscar Wilches \u00a0 \u00a0 \u00a0 \u00a0 \u00a0 \u00a0Carre\u00f1o, \u00a0 particip\u00f3 \u00a0Efr\u00e9n \u00a0Hern\u00e1ndez \u00a0D\u00edaz, quien pudo continuar con la ayuda de Walter Buitrago, \u00a0t\u00edo \u00a0de \u00a0\u201cMart\u00edn \u00a0Llanos\u201d, \u00a0y \u00a0de \u00a0Ricardo Ram\u00edrez, miembro de una de las \u00a0familias \u00a0fundadoras \u00a0de \u00a0ese grupo armado al margen de la ley, pero a cambio de \u00a0negociar \u00a0la \u00a0inclusi\u00f3n \u00a0de \u00a0una \u00a0persona \u00a0del sur del departamento en la lista \u00a0respectiva. \u00a0\u00a0<\/p>\n<p>En \u00a0 este \u00a0 orden \u00a0de \u00a0ideas \u00a0\u2013 sostiene el se\u00f1or fiscal \u2013 , se puede concluir que la alianza con \u00a0fines \u00a0de \u00a0mutuo beneficio entre Oscar Wilches y el grupo armado al margen de la \u00a0ley \u00a0deriva \u00a0de m\u00faltiples evidencias probatorias que provienen del dicho de los \u00a0miembros \u00a0de las autodefensas y de los pol\u00edticos indicados, sobre todo si est\u00e1 \u00a0sustentado \u00a0que adem\u00e1s de que los candidatos deb\u00edan contar con el asentimiento \u00a0del \u00a0jefe \u00a0de las autodefensas, tambi\u00e9n esta probado que el doctor Oscar \u00a0 Wilches \u00a0Carre\u00f1o \u00a0tuvo \u00a0v\u00ednculos \u00a0desde \u00a0antes \u00a0de elecciones, no precisamente para contrarrestar la extorsi\u00f3n de \u00a0la \u00a0que \u00a0ahora \u00a0dice \u00a0fue \u00a0objeto \u00a0y \u00a0que \u00a0lo llev\u00f3 a reunirse con ese grupo de \u00a0autodefensa, seg\u00fan afirma. \u00a0\u00a0<\/p>\n<p>En \u00a0todo ello, como en su momento lo sostuvo \u00a0la \u00a0fiscal\u00eda, no puede privarse de su merito los testimonios de los principales \u00a0testigos \u00a0de \u00a0la \u00a0acusaci\u00f3n \u00a0con \u00a0el \u00a0argumento \u00a0de que se trata de testigos de \u00a0o\u00eddas, \u00a0pues las reglas de la sana critica permiten sostener que constituyen un \u00a0valioso \u00a0elemento \u00a0de \u00a0juicio para el juzgador. En ese sentido, se debe destacar \u00a0que \u00a0Carlos \u00a0Guzm\u00e1n \u00a0Daza, \u00a0Carlos \u00a0Julio \u00a0y \u00a0Walter \u00a0Alfonso \u00a0Buitrago, fueron \u00a0enterados \u00a0 directamente \u00a0 por \u00a0 alias \u00a0\u201cMart\u00edn \u00a0Llanos\u201d \u00a0de \u00a0los \u00a0alcances \u00a0pol\u00edticos \u00a0de \u00a0sus \u00a0encuentros \u00a0con \u00a0el \u00a0doctor \u00a0Oscar \u00a0Wilches, \u00a0circunstancia \u00a0que \u00a0sumada a la coherencia y \u00a0detalles \u00a0de \u00a0tales \u00a0testimonios, \u00a0como \u00a0la \u00a0importancia \u00a0de \u00a0la fuente, permite \u00a0conferirles total credibilidad. \u00a0\u00a0<\/p>\n<p>Asimismo no se puede perder de vista que esos \u00a0testimonios \u00a0fueron \u00a0corroborados \u00a0por Javier Vargas Barrag\u00e1n, William Mayorga, \u00a0Carlos \u00a0 Arturo \u00a0 Ram\u00edrez \u00a0 y \u00a0Jacobo \u00a0Rivera, \u00a0quienes \u00a0dijeron \u00a0haber \u00a0tenido \u00a0conocimiento \u00a0 \u00a0directo \u00a0 \u00a0de \u00a0 \u00a0las \u00a0 \u00a0reuniones \u00a0 \u00a0del \u00a0 doctor \u00a0 Wilches \u00a0 \u00a0 \u00a0 \u00a0 \u00a0 \u00a0Carre\u00f1o \u00a0con el jefe de las Autodefensas, \u00a0lo \u00a0que \u00a0termina \u00a0por \u00a0acreditar \u00a0la seriedad de esos testimonios y confirmar la \u00a0realizaci\u00f3n del acuerdo ilegal. \u00a0\u00a0<\/p>\n<p>\u00a0 \u00a0\u00a0 \u00a0\u00a0 \u00a0\u00a0Acerca \u00a0del \u00a0aspecto \u00a0subjetivo \u00a0de la conducta en comento, no queda \u00a0duda \u00a0 que \u00a0 el \u00a0doctor \u00a0Wilches \u00a0Carre\u00f1o \u00a0actu\u00f3 \u00a0libremente. \u00a0En \u00a0efecto, aun cuando intent\u00f3 presentar sus \u00a0encuentros \u00a0con \u00a0\u201cMart\u00edn Llanos\u201d como el resultado de una extorsi\u00f3n de que \u00a0habr\u00eda \u00a0sido \u00a0objeto \u00a0en \u00a01999, \u00a0en \u00a0sus \u00a0primeras \u00a0declaraciones \u00a0ocult\u00f3 \u00a0los \u00a0pormenores \u00a0 de \u00a0 otras, \u00a0incluidas \u00a0aquellas \u00a0a \u00a0las \u00a0que \u00a0asisti\u00f3 \u00a0con \u00a0fines \u00a0pol\u00edticos, \u00a0y \u00a0las \u00a0que solo posteriormente trat\u00f3 de justificar como resultado \u00a0de \u00a0una \u00a0insuperable \u00a0coacci\u00f3n ajena, cuesti\u00f3n que de haber sucedido ha debido \u00a0manifestarla desde el principio. \u00a0\u00a0<\/p>\n<p>\u00a0 \u00a0\u00a0 \u00a0\u00a0 \u00a0\u00a0 \u00a0 Con \u00a0 todo, \u00a0en \u00a0la \u00a0acusaci\u00f3n \u00a0qued\u00f3 \u00a0claro \u00a0que \u00a0Oscar \u00a0 \u00a0 \u00a0 Wilches \u00a0 \u00a0 \u00a0Carre\u00f1o \u00a0 se \u00a0 reuni\u00f3 \u00a0 con \u00a0\u201cMart\u00edn \u00a0Llanos\u201d, \u00a0no \u00a0para \u00a0solucionar esos problemas que \u00e9l dice, sino con el fin de \u00a0poder \u00a0adelantar \u00a0sin \u00a0restricciones \u00a0su \u00a0campa\u00f1a a la gobernaci\u00f3n, primero, y \u00a0luego \u00a0a \u00a0la C\u00e1mara de Representantes. En el primer caso, est\u00e1 probado que sin \u00a0el \u00a0respaldo \u00a0de \u00a0las autodefensas, una tal aspiraci\u00f3n no habr\u00eda sido exitosa, \u00a0pero \u00a0s\u00ed \u00a0con \u00a0su \u00a0aval, \u00a0tanto \u00a0que \u00a0Carlos Guzm\u00e1n Daza, promovi\u00f3 incluso el \u00a0nombre \u00a0 \u00a0 de \u00a0 \u00a0Wilches \u00a0Carre\u00f1o \u00a0en \u00a0reuniones \u00a0de \u00a0naturaleza pol\u00edtica. \u00a0\u00a0<\/p>\n<p>\u00a0 \u00a0\u00a0 \u00a0\u00a0 \u00a0\u00a0Ante \u00a0esa \u00a0evidencia, \u00a0los \u00a0resultados \u00a0electorales \u00a0no \u00a0afectan \u00a0la \u00a0conclusi\u00f3n, \u00a0pues \u00a0est\u00e1 \u00a0probado \u00a0que \u00a0los \u00a0candidatos \u00a0William P\u00e9rez, Jacobo \u00a0Rivera \u00a0y \u00a0Wilches \u00a0Carre\u00f1o \u00a0participaron \u00a0de \u00a0ese \u00a0aval. \u00a0Por lo tanto, el triunfo de cualquiera garantizaba \u00a0los \u00a0objetivos \u00a0de las autodefensas. No en vano, William P\u00e9rez Espinel termin\u00f3 \u00a0siendo procesado por los v\u00ednculos con esa organizaci\u00f3n ilegal. \u00a0\u00a0<\/p>\n<p>\u00a0 \u00a0 \u00a0 \u00a0 \u00a0<\/p>\n<p>\u00a0 \u00a0\u00a0 \u00a0\u00a0 \u00a0\u00a0Con \u00a0el \u00a0fin \u00a0de \u00a0contrarrestar la acusaci\u00f3n, la defensa trajo a la \u00a0audiencia \u00a0de \u00a0juzgamiento \u00a0testimonios para tratar de favorecer a toda costa al \u00a0procesado. \u00a0En \u00a0ese orden, aparte de la supuesta coacci\u00f3n insuperable de la que \u00a0habr\u00eda \u00a0sido \u00a0objeto \u00a0el \u00a0doctor \u00a0Wilches, \u00a0se \u00a0pretendi\u00f3 demostrar una confabulaci\u00f3n orquestada por Miguel \u00a0Angel \u00a0P\u00e9rez \u00a0y \u00a0Efr\u00e9n \u00a0Hern\u00e1ndez, \u00a0de \u00a0la cual la denuncia de Carlos Guzm\u00e1n \u00a0Daza, alias \u201cSalom\u00f3n\u201d; ser\u00eda la principal manifestaci\u00f3n. \u00a0\u00a0<\/p>\n<p>En \u00a0relaci\u00f3n con ese supuesto complot, la \u00a0defensa \u00a0suministr\u00f3 \u00a0documentos \u00a0signados \u00a0por \u00a0Javier \u00a0Fernando Rivera, en los \u00a0cuales \u00a0alud\u00eda a una reuni\u00f3n en el a\u00f1o 2006 en la casa de Walter Buitrago con \u00a0Javier \u00a0 Vicente \u00a0Barrag\u00e1n, \u00a0Efr\u00e9n \u00a0Hern\u00e1ndez \u00a0y \u00a0el \u00a0propio \u00a0Rivera \u00a0G\u00f3mez, \u00a0especialmente \u00a0celebrada \u00a0para \u00a0concretar \u00a0un \u00a0plan \u00a0de \u00a0desprestigio ideado por \u00a0Efr\u00e9n \u00a0Hern\u00e1ndez D\u00edaz contra el doctor Oscar Wilches \u00a0Carre\u00f1o, \u00a0entre \u00a0otros \u00a0fines con el de torpedear las \u00a0aspiraciones \u00a0 de \u00a0 la \u00a0 esposa \u00a0 del \u00a0doctor \u00a0Wilches \u00a0Carre\u00f1o. \u00a0\u00a0<\/p>\n<p>\u00a0 \u00a0\u00a0 \u00a0\u00a0 \u00a0\u00a0Sin \u00a0embargo, \u00a0es \u00a0inveros\u00edmil que Javier Rivera Rojas hubiera sido \u00a0invitado \u00a0 a \u00a0 la \u00a0casa \u00a0de \u00a0Walter \u00a0Buitrago \u00a0con \u00a0personas \u00a0vinculadas \u00a0a \u00a0las \u00a0autodefensas, \u00a0siendo que el mismo testigo asegur\u00f3 que debi\u00f3 desplazarse desde \u00a0el \u00a02005 \u00a0del \u00a0Casanare \u00a0por las amenazas de que fue objeto por haber asumido la \u00a0defensa \u00a0de personas que sufrieron atropellos de esa organizaci\u00f3n ilegal, y que \u00a0a \u00a0ra\u00edz \u00a0de \u00a0no \u00a0haberse \u00a0prestado \u00a0para \u00a0colaborar en el plan contra el doctor \u00a0Wilches Carre\u00f1o se habr\u00edan recrudecido. \u00a0\u00a0<\/p>\n<p>\u00a0 \u00a0\u00a0 \u00a0\u00a0 \u00a0\u00a0Ahora, \u00a0la denuncia de Carlos Guzm\u00e1n Daza, alias \u201cSalom\u00f3n\u201d, no \u00a0concuerda \u00a0con \u00a0la \u00a0idea \u00a0del \u00a0supuesto complot, pues adem\u00e1s de vincular con el \u00a0grupo \u00a0ilegal a Javier Vargas Barrag\u00e1n y Oscar Wilches \u00a0Carre\u00f1o, \u00a0tambi\u00e9n \u00a0mencion\u00f3 \u00a0a \u00a0Efr\u00e9n \u00a0Hern\u00e1ndez \u00a0D\u00edaz, \u00a0lo \u00a0que significar\u00eda que el testigo termin\u00f3 vinculando al determinador \u00a0del complot, algo verdaderamente inaudito, e increible. \u00a0\u00a0<\/p>\n<p>\u00a0 \u00a0\u00a0 \u00a0\u00a0 \u00a0\u00a0Por \u00a0\u00faltimo, \u00a0la \u00a0defensa \u00a0pretende \u00a0encontrar \u00a0la \u00a0raz\u00f3n \u00a0de \u00a0sus \u00a0argumentos \u00a0 \u00a0en \u00a0 las \u00a0 retractaciones \u00a0 de \u00a0 Carlos \u00a0 Novoa \u00a0 Alfonso, \u00a0 alias \u00a0\u201cCachicamo\u201d; \u00a0Jhon \u00a0Alexander \u00a0Vargas \u00a0Buitrago, o \u201cJunior\u201d; Jos\u00e9 Meche \u00a0Mendivelso, \u00a0alias \u201cGuadalupe\u201d, y en las de William P\u00e9rez Espinel, personas \u00a0a \u00a0las \u00a0que Guzm\u00e1n Daza, tambi\u00e9n hizo serios se\u00f1alamientos, raz\u00f3n suficiente \u00a0para intentar ahora demeritar la declaraci\u00f3n de Guzm\u00e1n. \u00a0\u00a0<\/p>\n<p>\u00a0 \u00a0\u00a0 \u00a0\u00a0 \u00a0\u00a0Para \u00a0terminar, \u00a0en el juicio declararon Jorge Arturo Sierra G\u00f3mez, \u00a0Luis \u00a0Eduardo \u00a0Vargas, y Fidel Villalobos, todos concejales de Monterrey, quines \u00a0dijeron \u00a0 que \u00a0 en \u00a0el \u00a02001 \u00a0fueron \u00a0informados \u00a0de \u00a0que \u00a0la \u00a0organizaci\u00f3n \u00a0de \u00a0autodefensas \u00a0no \u00a0estaba de acuerdo con la candidatura de Wilches, cuesti\u00f3n que \u00a0nunca \u00a0fue referida durante la investigaci\u00f3n. Si el se\u00f1or Vargas le manifest\u00f3 \u00a0al \u00a0doctor \u00a0Wilches \u00a0Carre\u00f1o \u00a0esta \u00a0situaci\u00f3n inmediatamente, lo menos que ha debido es darlo a conocer en la \u00a0indagatoria, \u00a0en \u00a0la \u00a0cual \u00a0fue \u00a0expl\u00edcito en que no conoci\u00f3 de pol\u00edticos que \u00a0hubieran \u00a0sido \u00a0atemorizados \u00a0por \u00a0el \u00a0grupo \u00a0al \u00a0margen de la ley y que no tuvo \u00a0inconvenientes en su actividad pol\u00edtica. \u00a0\u00a0<\/p>\n<p>\u00a0 \u00a0\u00a0 \u00a0\u00a0 \u00a0\u00a0En \u00a0consecuencia, \u00a0no se les debe otorgar cr\u00e9dito alguno al intento \u00a0de \u00a0desacreditar a Carlos Guzm\u00e1n Daza, alias \u201cSalom\u00f3n\u201d y a la indemostrada \u00a0defensa \u00a0 del \u00a0 doctor \u00a0 Wilches \u00a0Carre\u00f1o, \u00a0 raz\u00f3n \u00a0por \u00a0la \u00a0cual \u00a0la \u00a0Fiscal\u00eda \u00a0reitera \u00a0su \u00a0petici\u00f3n \u00a0de \u00a0condena. \u00a0\u00a0<\/p>\n<p>La Procuradur\u00eda \u00a0<\/p>\n<p>En \u00a0su \u00a0opini\u00f3n, \u00a0el \u00a0testimonio \u00a0de Carlos \u00a0Guzm\u00e1n \u00a0 \u00a0Daza, \u00a0 alias \u00a0 \u201cSalom\u00f3n\u201d, \u00a0 permite \u00a0 demostrar \u00a0 la \u00a0 conducta \u00a0objetivamente. \u00a0Como \u00a0se \u00a0sabe, \u00a0Guzm\u00e1n \u00a0Daza \u00a0declar\u00f3 \u00a0que los pol\u00edticos del \u00a0departamento \u00a0del \u00a0Casanare \u00a0concurr\u00edan \u00a0voluntariamente al sitio conocido como \u00a0\u201cEl \u00a0Tropez\u00f3n\u201d \u00a0con \u00a0el \u00a0fin \u00a0de \u00a0conseguir \u00a0la \u00a0autorizaci\u00f3n o el aval de \u00a0\u201cMart\u00edn \u00a0Llanos\u201d \u00a0para adelantar sus proyectos pol\u00edticos, como entre otros \u00a0lo \u00a0hizo \u00a0el \u00a0doctor Oscar Wilches Carre\u00f1o \u00a0durante \u00a0los a\u00f1os 2000 y 2002, cuando aspir\u00f3 a la Gobernaci\u00f3n y \u00a0a la C\u00e1mara de Representantes, respectivamente. \u00a0\u00a0<\/p>\n<p>Si \u00a0bien \u00a0antes de esas fechas el testigo no \u00a0supo \u00a0 \u00a0de \u00a0 alianzas \u00a0 entre \u00a0 el \u00a0 doctor \u00a0 Wilches \u00a0Carre\u00f1o \u00a0y \u00a0los \u00a0grupos de autodefensa, s\u00ed le caus\u00f3 \u00a0inquietud \u00a0la \u00a0amistad \u00a0que \u00a0manten\u00eda \u00a0con \u00a0los \u00a0Feliciano, Buitrago y Ram\u00edrez \u00a0\u2013 \u00a0familias vinculadas con \u00a0la \u00a0 creaci\u00f3n \u00a0 de \u00a0 las \u00a0 autodefensas \u00a0 en \u00a0 el \u00a0 departamento \u00a0 \u2013, \u00a0por \u00a0lo \u00a0menos desde 1992 cuando fue \u00a0gobernador \u00a0y por eso para \u00e9l no fue ninguna novedad que lo apoyaran en 1998 en \u00a0su \u00a0 \u00a0pretensi\u00f3n \u00a0 \u00a0de \u00a0 \u00a0alcanzar \u00a0 \u00a0un \u00a0 esca\u00f1o \u00a0 en \u00a0 el \u00a0 Senado \u00a0 de \u00a0 la \u00a0Rep\u00fablica. \u00a0\u00a0<\/p>\n<p>A \u00a0ese \u00a0tipo \u00a0de \u00a0reuniones \u00a0a las cuales se \u00a0refiri\u00f3 \u00a0Carlos Guzm\u00e1n Daza, tambi\u00e9n hizo alusi\u00f3n el dirigente Javier Vargas \u00a0Barrag\u00e1n, \u00a0destacando \u00a0la \u00a0del \u00a0mes \u00a0de \u00a0agosto del a\u00f1o 2000 en el restaurante \u00a0\u201cEl \u00a0Ca\u00f1ito\u201d, \u00a0a \u00a0la cual asisti\u00f3 el doctor Oscar \u00a0Wilches \u00a0 Carre\u00f1o \u00a0y \u00a0en \u00a0la \u00a0que \u00a0las \u00a0autodefensas \u00a0discutieron \u00a0con \u00a0los \u00a0candidatos \u00a0a \u00a0esa \u00a0dignidad \u00a0la \u00a0manera \u00a0como las mismas \u00a0coadministrar\u00edan \u00a0los \u00a0recursos \u00a0y la burocracia de la gobernaci\u00f3n, asunto que \u00a0tambi\u00e9n \u00a0corrobor\u00f3 \u00a0William \u00a0Mayorga, \u00a0un ex agente de polic\u00eda miembro de las \u00a0autodefensas. 6 \u00a0\u00a0<\/p>\n<p>Con \u00a0lo \u00a0anterior, a su juicio, se demuestra \u00a0que \u00a0el \u00a0doctor Oscar Leonidas \u00a0Wilches Carre\u00f1o se reuni\u00f3 e \u00a0hizo \u00a0proselitismo \u00a0pol\u00edtico \u00a0con \u00a0las \u00a0autodefensas, \u00a0raz\u00f3n \u00a0por \u00a0la \u00a0cual su \u00a0conducta es reprochable social y penalmente. \u00a0\u00a0<\/p>\n<p>De \u00a0otra parte, el Departamento del Casanare \u00a0se \u00a0dividi\u00f3 \u00a0en \u00a0dos \u00a0zonas: \u00a0la \u00a0del \u00a0norte, \u00a0con \u00a0fuerte presencia del Bloque \u00a0Centauros \u00a0y \u00a0la \u00a0del \u00a0Sur \u00a0con \u00a0predominio \u00a0de \u00a0las \u00a0autodefensas de la familia \u00a0Buitrago, \u00a0regi\u00f3n \u00a0en \u00a0donde \u00a0fue \u00a0evidente la injerencia pol\u00edtico y social de \u00a0esta \u00a0corriente \u00a0paramilitar \u00a0liderada \u00a0por alias \u201cMart\u00edn Llanos\u201d, hasta el \u00a0punto \u00a0que, \u00a0seg\u00fan \u00a0lo han dicho algunos, \u201cnadie que quisiera hacer pol\u00edtica \u00a0pod\u00eda hacerlo sin contar con el aval de la autodefensa.\u201d \u00a0\u00a0<\/p>\n<p>Una \u00a0se\u00f1al \u00a0de \u00a0ese poder se pudo constatar \u00a0durante \u00a0la \u00a0campa\u00f1a \u00a0a \u00a0la \u00a0Gobernaci\u00f3n \u00a0del \u00a0Departamento \u00a0en \u00a0el a\u00f1o 2000, \u00a0ocasi\u00f3n \u00a0en \u00a0la \u00a0cual \u00a0los \u00a0candidatos \u00a0William \u00a0P\u00e9rez \u00a0Espinel, Jacobo Rivera \u00a0G\u00f3mez, \u00a0Javier \u00a0Vargas \u00a0Barrag\u00e1n \u00a0y Luz Marina Gonz\u00e1lez fueron convocados por \u00a0las \u00a0autodefensas \u00a0con \u00a0el \u00a0fin \u00a0de notificarles sus inquietudes contractuales y \u00a0burocr\u00e1ticas, \u00a0como \u00a0condici\u00f3n \u00a0para \u00a0continuar en el debate electoral, lo que \u00a0permite \u00a0inferir \u00a0que \u00a0quienes \u00a0persistieron \u00a0en \u00a0ese \u00a0proceso \u00a0compartieron \u00a0el \u00a0programa \u00a0del \u00a0grupo \u00a0ilegal, \u00a0excepci\u00f3n hecha de Javier Vargas Barrag\u00e1n y Luz \u00a0Marina Gonz\u00e1lez, quienes renunciaron a su candidatura. \u00a0\u00a0<\/p>\n<p>Se \u00a0precisa tambi\u00e9n que ese poder ilegal se \u00a0hizo \u00a0evidente \u00a0en \u00a0el a\u00f1o 2002 cuando el candidato Efr\u00e9n Hern\u00e1ndez, luego de \u00a0que \u00a0las \u00a0autodefensas \u00a0le \u00a0prohibieron \u00a0aspirar a la C\u00e1mara de Representantes, \u00a0pudo \u00a0hacerlo \u00a0gracias \u00a0a \u00a0los \u00a0\u201cbuenos oficios\u201d de Walter Buitrago, t\u00edo de \u00a0\u201cMart\u00edn \u00a0Llanos\u201d, \u00a0a \u00a0cambio \u00a0eso \u00a0s\u00ed, de incluir en el segundo rengl\u00f3n a \u00a0Hernando \u00a0Roa \u00a0Valero, \u00a0ex \u00a0diputado y ex concejal de Monterrey, municipio de la \u00a0regi\u00f3n de influencia de las Autodefensas del Casanare. \u00a0\u00a0<\/p>\n<p>En \u00a0ese \u00a0contexto, \u00a0el \u00a0doctor \u00a0Wilches \u00a0Carre\u00f1o \u00a0asume que asisti\u00f3 a la \u00a0reuni\u00f3n \u00a0de \u00a0candidatos \u00a0a la gobernaci\u00f3n presionado por la situaci\u00f3n general \u00a0de \u00a0intimidaci\u00f3n \u00a0y \u00a0por \u00a0explicables amenazas y extorsiones que habr\u00eda tenido \u00a0que \u00a0soportar por parte de ese grupo ilegal. Sin embargo, todo indica que no fue \u00a0as\u00ed, \u00a0pues de una parte, seg\u00fan Javier Vargas Barrag\u00e1n, no se supo de amenazas \u00a0antes \u00a0de \u00a0la \u00a0reuni\u00f3n, \u00a0y \u00a0de \u00a0otra, esa no fue la \u00fanica vez que Oscar \u00a0 \u00a0 \u00a0 Wilches \u00a0 \u00a0 \u00a0Carre\u00f1o \u00a0 asisti\u00f3 \u00a0a \u00a0donde \u00a0\u201cMart\u00edn \u00a0Llanos\u201d, \u00a0lo \u00a0que \u00a0demuestra que sus compromisos fueron libremente aceptados y \u00a0no el fruto de intimidaciones no probadas, adem\u00e1s. \u00a0\u00a0<\/p>\n<p>En \u00a0fin, \u00a0para \u00a0el Ministerio P\u00fablico est\u00e1 \u00a0probado \u00a0 \u00a0 que \u00a0 \u00a0 el \u00a0 \u00a0doctor \u00a0 \u00a0Oscar \u00a0 \u00a0Wilches \u00a0Carre\u00f1o \u00a0fue \u00a0apoyado \u00a0por las autodefensas, al menos \u00a0desde \u00a0el a\u00f1o 2000, seg\u00fan lo explic\u00f3 Carlos Guzm\u00e1n Daza, y que cont\u00f3 con el \u00a0aval \u00a0de \u00a0ese \u00a0grupo \u00a0ilegal \u00a0para \u00a0ejercer \u00a0la pol\u00edtica en el Departamento del \u00a0Casanare \u00a0y \u00a0para \u00a0aspirar \u00a0a \u00a0importantes \u00a0cargos \u00a0de elecci\u00f3n popular. Por lo \u00a0tanto, \u00a0 la \u00a0 Procuradur\u00eda \u00a0 no \u00a0 tiene \u00a0 duda \u00a0 que \u00a0 el \u00a0doctor \u00a0Wilches \u00a0Carre\u00f1o \u00a0incurri\u00f3 libremente en \u00a0el delito de concierto para delinquir agravado. \u00a0\u00a0<\/p>\n<p>Del \u00a0 \u00a0 \u00a0 \u00a0Procesado. \u00a0\u00a0<\/p>\n<p>A \u00a0su \u00a0juicio, \u00a0la \u00a0Corte \u00a0y la Fiscal\u00eda le \u00a0imputaron \u00a0un \u00a0delito \u00a0inexistente, \u00a0pues \u00a0el \u00a0descrito en el inciso segundo del \u00a0art\u00edculo \u00a0340 del c\u00f3digo penal fue derogado por el art\u00edculo 19 de la ley 1121 \u00a0de \u00a02009, \u00a0que \u00a0elimin\u00f3 la frase \u201co para organizar, \u00a0promover, \u00a0armar \u00a0o financiar grupos armados al margen de la ley\u201d. \u00a0De \u00a0manera \u00a0que \u00a0si \u00a0se \u00a0reconoce \u00a0la \u00a0aplicaci\u00f3n \u00a0favorable \u00a0del \u00a0art\u00edculo \u00a0340 \u00a0de \u00a0la ley 599 de 2000, la \u00fanica manera de honrar ese principio \u00a0ser\u00eda \u00a0admitiendo \u00a0que \u00a0solo \u00a0est\u00e1 \u00a0vigente \u00a0su \u00a0primer \u00a0inciso y por lo tanto \u00a0demostr\u00e1ndole \u00a0que \u00a0se concert\u00f3 para cometer delitos indeterminados, cuesti\u00f3n \u00a0que desde luego no se ha demostrado. \u00a0\u00a0<\/p>\n<p>Sin embargo, pasando por alto la vigencia de \u00a0la \u00a0ley, \u00a0la \u00a0Corte \u00a0y \u00a0la \u00a0Fiscal\u00eda \u00a0sostienen \u00a0que \u00a0el \u00a0injusto se estructura \u00a0porque, \u00a0\u00a0<\/p>\n<p>\u201c\u2026 \u00a0quien \u00a0acude \u00a0a \u00a0una organizaci\u00f3n \u00a0armada \u00a0ilegal \u00a0con el objeto de que se le facilite o permita, mediante acuerdos \u00a0escritos \u00a0o verbales, el ejercicio de una determinada actividad l\u00edcita, en este \u00a0caso la pol\u00edtica, acuerda con ella su promoci\u00f3n.\u201d \u00a0\u00a0<\/p>\n<p>Con \u00a0esa frase, en la acusaci\u00f3n parece que \u00a0se \u00a0admite \u00a0la \u00a0idea \u00a0de \u00a0que \u00a0para realizar una actividad l\u00edcita como lo es la \u00a0pol\u00edtica, \u00a0se \u00a0efectu\u00f3 \u00a0un \u00a0acuerdo \u00a0al \u00a0solicitarle \u00a0autorizaci\u00f3n a un grupo \u00a0armado \u00a0ilegal, \u00a0y que eso es delito. Sin embargo, a\u00fan as\u00ed, lo que se sanciona \u00a0es \u00a0el \u00a0acuerdo \u00a0para \u00a0cometer \u00a0delitos, \u00a0no \u00a0el \u201cpermiso\u201d para realizar una \u00a0actividad \u00a0l\u00edcita \u00a0en \u00a0medio \u00a0de \u00a0un \u00a0r\u00e9gimen \u00a0de terror que el Estado no pudo \u00a0contrarrestar, y menos el ciudadano del com\u00fan. \u00a0\u00a0<\/p>\n<p>Para \u00a0 resolver \u00a0 esa \u00a0 contraposici\u00f3n \u00a0conceptual, la Sala se vale del siguiente argumento: \u00a0\u00a0<\/p>\n<p>\u201cUn \u00a0comportamiento de tal naturaleza no \u00a0puede \u00a0ser \u00a0ajeno \u00a0para \u00a0el \u00a0derecho penal, en la medida que con \u00e9l no s\u00f3lo se \u00a0garantiza \u00a0la supervivencia sino tambi\u00e9n se contribuye al fortalecimiento de la \u00a0organizaci\u00f3n ilegal.\u201d \u00a0\u00a0<\/p>\n<p>Esa \u00a0 afirmaci\u00f3n, \u00a0 para \u00a0el \u00a0procesado, \u00a0corresponde \u00a0a una \u201cposici\u00f3n institucional infortunada para la judicatura\u201d, \u00a0sobre \u00a0todo \u00a0si \u00a0la \u00a0ley \u00a0penal es precisa y cierta y no admite interpretaciones \u00a0extensivas \u00a0destinadas \u00a0a \u00a0considerar delito lo que no es. \u00bfEs que si eso fuera \u00a0delito, \u00a0d\u00f3nde \u00a0se encuentra el sustento probatorio y legal de esa afirmaci\u00f3n? \u00a0\u00bfO \u00a0es que acaso se juzga seg\u00fan el criterio del funcionario y no por una norma \u00a0que \u00a0describe \u00a0conductas il\u00edcitas? \u00bfC\u00f3mo se puede promover o \u201cfortalecer\u201d \u00a0a un grupo ilegal sin impulsarlo; sin procurar sus fines? \u00a0\u00a0<\/p>\n<p>En \u00a0otro escenario, cuando la Procuradur\u00eda \u00a0sostiene \u00a0que \u00a0la \u00a0actuaci\u00f3n \u00a0es dolosa, esa afirmaci\u00f3n la deduce del hecho de \u00a0haber \u00a0realizado campa\u00f1as pol\u00edticas sin restricciones, y de la declaraci\u00f3n de \u00a0alias \u00a0\u201cSalom\u00f3n\u201d, \u00a0quien \u00a0dijo \u00a0haber \u00a0colaborado \u00a0en \u00a0ese \u00a0prop\u00f3sito. Sin \u00a0embargo, \u00a0esa \u00a0no \u00a0puede \u00a0ser \u00a0la \u00a0conclusi\u00f3n \u00a0de \u00a0la \u00a0asistencia forzada a dos \u00a0reuniones \u00a0para \u00a0salvar \u00a0la vida y el patrimonio del candidato. Basta saber como \u00a0se \u00a0tej\u00edan \u00a0las \u00a0relaciones \u00a0entre \u00a0ciudadanos \u00a0y \u00a0grupos armados ilegales para \u00a0comprender \u00a0que \u00a0no \u00a0puede haber responsabilidad cuando se obra bajo insuperable \u00a0coacci\u00f3n ajena. \u00a0\u00a0<\/p>\n<p>Tampoco se puede inferir de la asistencia a \u00a0una \u00a0reuni\u00f3n no consentida un delito para promover un grupo armado por fuera de \u00a0la \u00a0ley \u00a0y \u00a0menos \u00a0mediante \u00a0la \u00a0coadministraci\u00f3n \u00a0del departamento o de apoyos \u00a0indebidos \u00a0en \u00a0el \u00a0Congreso \u00a0de la Rep\u00fablica, por fortuna nunca probados.\u00a0 \u00a0\u00a0<\/p>\n<p>En todo ello se pasa por alto que no hab\u00eda \u00a0opci\u00f3n \u00a0distinta \u00a0a \u00a0asistir \u00a0a \u00a0las citaciones que hac\u00edan los grupos armados, \u00a07 y \u00a0que \u00a0continuar \u00a0la \u00a0campa\u00f1a \u00a0en esas circunstancias tampoco puede ser prueba de \u00a0ning\u00fan \u00a0acuerdo, \u00a0sino \u00a0de \u00a0un \u00a0\u201cacto \u00a0de valor de personas que desafiando el \u00a0peligro \u00a0defendimos \u00a0la \u00a0institucionalidad.\u201d \u00a0Por \u00a0eso la campa\u00f1a se hizo con \u00a0dificultades, \u00a0temor y en tertulias cerradas ante los aprietos de que dan cuenta \u00a0Delf\u00edn \u00a0Alfonso, \u00a0Luis \u00a0Eduardo \u00a0Vargas, Jorge Sierra y Fidel Villalobos, todos \u00a0pol\u00edticos del sur del departamento.\u00a0 \u00a0\u00a0<\/p>\n<p>De manera que, en una primera aproximaci\u00f3n, \u00a0por \u00a0la \u00a0atipicidad \u00a0de \u00a0la \u00a0conducta \u00a0o \u00a0por \u00a0ausencia \u00a0de \u00a0responsabilidad, la \u00a0sentencia debe ser absolutoria. \u00a0\u00a0<\/p>\n<p>De \u00a0otra \u00a0parte, \u00a0en \u00a0la \u00a0resoluci\u00f3n \u00a0de \u00a0acusaci\u00f3n \u00a0se \u00a0le \u00a0concedi\u00f3 \u00a0la \u00a0mayor importancia a la declaraci\u00f3n de Carlos \u00a0Guzm\u00e1n \u00a0Daza, \u00a0alias \u201cSalom\u00f3n\u201d y al criterio de que s\u00f3lo quienes pactaron \u00a0con \u00a0las \u00a0autodefensas \u00a0pod\u00edan \u00a0hacer pol\u00edtica e incluso se sostuvo, sin mayor \u00a0fundamento, \u00a0que \u00a0la \u00a0candidatura \u00a0de \u00a0Oscar \u00a0Leonidas \u00a0Wilches \u00a0Carre\u00f1o a la Gobernaci\u00f3n en el a\u00f1o 2000 era \u00a0parte \u00a0 de \u00a0 una \u00a0estrategia \u00a0destinada \u00a0a \u00a0garantizar \u00a0el \u00a0triunfo \u00a0de \u00a0William \u00a0P\u00e9rez. \u00a0\u00a0<\/p>\n<p>Pero \u00a0ni \u00a0la \u00a0fiscal\u00eda, \u00a0ni la Corte en su \u00a0momento, \u00a0tuvieron \u00a0en cuenta que Guzm\u00e1n Daza, alias \u201cSalom\u00f3n\u201d se vincul\u00f3 \u00a0en \u00a0 el \u00a0 2001 \u00a0 a \u00a0 las \u00a0 autodefensas \u00a0 como \u00a0gestor \u00a0de \u00a0Ceaccol,8 \u00a0\u00a0<\/p>\n<p>lo \u00a0que \u00a0significa que poco o nada pod\u00eda \u00a0saber \u00a0de lo que pudo ocurrir antes de ese a\u00f1o. Por el contrario, est\u00e1 probado \u00a0que \u00a0quien \u00a0sirvi\u00f3 \u00a0de \u00a0enlace \u00a0entre \u00a0la sociedad civil y las autodefensas fue \u00a0Jos\u00e9 \u00a0Meche \u00a0Mendivelso, \u00a0alias \u00a0\u201cGuadalupe\u201d, \u00a0por \u00a0lo menos hasta el 2002, \u00a0cuando \u00a0le \u00a0entreg\u00f3 \u00a0esa \u00a0responsabilidad a Jhon Vargas Buitrago, conocido como \u00a0\u201cjunior\u201d. 9 \u00a0\u00a0<\/p>\n<p>En \u00a0consecuencia, \u201cSalom\u00f3n\u201d, como se \u00a0dice, \u00a0no \u00a0fue \u00a0comandante \u00a0de \u00a0las Autodefensas del Casanare por lo menos hasta \u00a0finales \u00a0de \u00a0ese \u00a0a\u00f1o \u00a0ni \u00a0alguien \u00a0cercano \u00a0o de confianza de la organizaci\u00f3n \u00a0ilegal. \u00a0\u00a0<\/p>\n<p>Adem\u00e1s \u00a0del \u00a0descr\u00e9dito de ese testimonio \u00a0que \u00a0la \u00a0fiscal\u00eda \u00a0consider\u00f3 \u00a0fundamental, \u00a0es \u00a0falso \u00a0el \u00a0supuesto \u00a0de que el \u00a0ejercicio \u00a0de la pol\u00edtica se supedit\u00f3 a la autorizaci\u00f3n de grupos armados. En \u00a0ese \u00a0sentido, \u00a0Rodrigo P\u00e9rez, candidato al concejo de Yopal y Oswaldo C\u00e1ceres, \u00a0Diputado \u00a0a \u00a0la \u00a0Asamblea, \u00a0aseguraron \u00a0que \u00a0no asistieron a reuniones con grupo \u00a0armados \u00a0ni \u00a0necesitaron \u00a0de \u00a0autorizaciones \u00a0ileg\u00edtimas, \u00a0aspecto que tambi\u00e9n \u00a0destacaron \u00a0Delf\u00edn \u00a0Alfonso, \u00a0Luis \u00a0Eduardo Vargas, Jorge Arturo Sierra y Fidel \u00a0Villalobos, pol\u00edticos de Villanueva. \u00a0\u00a0<\/p>\n<p>Pol\u00edticos \u00a0de \u00a0la \u00a0talla de Miguel Angel \u00a0P\u00e9rez, \u00a0Javier Vargas Barrag\u00e1n y Efr\u00e9n Hern\u00e1ndez D\u00edaz tambi\u00e9n manifestaron \u00a0que \u00a0no \u00a0requirieron \u00a0de \u00a0permisos \u00a0o \u00a0avales, apreciaci\u00f3n que concuerda con el \u00a0testimonio \u00a0de \u00a0los \u00a0alias \u00a0\u201cGuadalupe\u201d, \u00a0\u201cCoplero\u201d, \u00a0\u201cCachicamo\u201d \u00a0y \u00a0\u201cSol\u00edn\u201d, \u00a0 integrantes \u00a0del \u00a0grupo \u00a0ilegal \u00a0que \u00a0descartaron \u00a0ese \u00a0tipo \u00a0de \u00a0injerencias. \u00a0\u00a0<\/p>\n<p>Tampoco puede ser cierto que, como lo expuso \u00a0el \u00a0 \u00a0 \u00a0 \u00a0 \u00a0 Ministerio \u00a0 \u00a0 \u00a0 \u00a0 \u00a0 P\u00fablico,10 \u00a0\u00a0<\/p>\n<p>la \u00a0supuesta \u00a0intimidaci\u00f3n \u00a0durante \u00a0el \u00a0proceso \u00a0electoral otorgara ventajas a los aliados de los paramilitares, como en \u00a0su \u00a0opini\u00f3n lo sugirieron Javier Vargas Barrag\u00e1n, Jacobo Rivera G\u00f3mez, Carlos \u00a0Arturo \u00a0Ram\u00edrez \u00a0y \u00a0Efr\u00e9n \u00a0Hern\u00e1ndez \u00a0D\u00edaz. \u00a0Aparte \u00a0de que no est\u00e1 probada \u00a0ninguna \u00a0alianza entre grupos ilegales y Oscar Leonidas \u00a0Wilches \u00a0Carre\u00f1o, se olvida que Carlos Arturo Ram\u00edrez \u00a0fue \u00a0 avalado \u00a0 por \u00a0 el \u00a0 grupo \u00a0pol\u00edtico \u00a0de \u00a0Oscar \u00a0Wilches \u00a0en \u00a0su aspiraci\u00f3n a la Alcald\u00eda de Aguazul, \u00a0lo \u00a0cual \u00a0significa que quien lo apoyaba no pod\u00eda ser al tiempo beneficiario de \u00a0intimidaciones \u00a0 \u00a0 \u00a0 en \u00a0 \u00a0 \u00a0 su \u00a0 \u00a0 \u00a0 contra.11 \u00a0\u00a0<\/p>\n<p>De \u00a0otra parte, Miguel Angel P\u00e9rez, quiz\u00e1 \u00a0el \u00a0candidato \u00a0con \u00a0mayor \u00a0opci\u00f3n \u00a0para \u00a0ocupar la Gobernaci\u00f3n en el a\u00f1o 2000 \u00a0renunci\u00f3 \u00a0a \u00a0su \u00a0aspiraci\u00f3n no por amenazas, sino por motivos personales y por \u00a0acuerdos \u00a0con William P\u00e9rez, ganador de la contienda electoral; y Javier Vargas \u00a0y \u00a0Luz Marina Gonz\u00e1lez Valc\u00e1rcel lo hicieron por falta de respaldo pol\u00edtico y \u00a0para \u00a0adherirse \u00a0a \u00a0la causa de William P\u00e9rez Espinel. C\u00f3mo se puede decir que \u00a0Oscar \u00a0Wilches \u00a0Carre\u00f1o fue \u00a0beneficiario \u00a0de \u00a0presiones \u00a0o \u00a0amenazas, si el tributario de esos \u201cfavores\u201d \u00a0tendr\u00eda \u00a0que \u00a0haber \u00a0sido \u00a0William P\u00e9rez, el ganador de las elecciones y no el \u00a0candidato \u00a0 \u00a0perdedor.12 \u00a0\u00a0<\/p>\n<p>Es \u00a0m\u00e1s, \u00a0confiri\u00e9ndole \u00a0credibilidad \u00a0a \u00a0Carlos \u00a0Guzm\u00e1n \u00a0Daza, \u00a0en \u00a0la \u00a0acusaci\u00f3n \u00a0se \u00a0sostiene \u00a0que \u00a0la candidatura de \u00a0Oscar \u00a0Wilches \u00a0Carre\u00f1o \u00a0 a \u00a0 la \u00a0gobernaci\u00f3n \u00a0tuvo \u00a0la \u00a0finalidad \u00a0de \u00a0cerrar \u00a0espacios a otros candidatos, pero lo que se prob\u00f3 es que \u00a0la \u00a0candidatura \u00a0a la Gobernaci\u00f3n del Departamento del Casanare en el a\u00f1o 2000 \u00a0surgi\u00f3 \u00a0de \u00a0un consenso p\u00fablico entre los militantes del grupo de Miguel Angel \u00a0P\u00e9rez \u00a0y \u00a0porque \u00a0la \u00a0candidatura \u00a0de \u00a0Oscar \u00a0Wilches \u00a0se \u00a0 \u00a0 \u00a0consider\u00f3 \u00a0\u201calternativa \u00a0de \u00a0poder \u00a0y \u00a0de \u00a0triunfo\u201d, \u00a0que s\u00f3lo \u00a0fracaso, \u00a0seg\u00fan \u00a0lo \u00a0que se ha probado, por la inclinaci\u00f3n de las autodefensas \u00a0hacia el proyecto de William P\u00e9rez. \u00a0\u00a0<\/p>\n<p>En \u00a0todo \u00a0ello, a pesar de que el documento \u00a0encontrado \u00a0en \u00a0el \u00a0expediente contra Miguel Angel P\u00e9rez y las declaraciones de \u00a0Javier \u00a0Vargas \u00a0Barrag\u00e1n, \u00a0Jacobo \u00a0Rivera \u00a0y \u00a0Miguel \u00a0Angel P\u00e9rez, parecer\u00edan \u00a0indicar \u00a0que \u00a0en \u00a0la \u00a0forzada \u00a0reuni\u00f3n \u00a0en \u00a0el \u00a0restaurante \u201cEl Ca\u00f1ito\u201d se \u00a0habr\u00edan \u00a0definido \u00a0compromisos \u00a0con los candidatos a la Gobernaci\u00f3n en el a\u00f1o \u00a02000, \u00a0 lo \u00a0 cierto \u00a0 es \u00a0 que \u00a0 seg\u00fan \u00a0 William \u00a0P\u00e9rez \u00a0Espinel \u00a0\u2013 \u00a0 \u00a0el \u00a0 \u00a0gobernador \u00a0 \u00a0\u2013;\u00a0 \u00a0Jos\u00e9 \u00a0Meche Valdivieso y Jhon \u00a0Alexander \u00a0 \u00a0Vargas \u00a0 \u00a0\u2013 \u00a0\u201cGuadalupe\u201d \u00a0 y \u00a0 \u201cJunior\u201d, \u00a0mandos \u00a0de \u00a0las \u00a0autodefensas \u00a0\u2013, \u00a0en \u00a0esa \u00a0reuni\u00f3n \u00a0no \u00a0se \u00a0discuti\u00f3 \u00a0ning\u00fan \u00a0documento \u00a0ni \u00a0hubo \u00a0acuerdos \u00a0entre los paramilitares y los pol\u00edticos \u00a0asistentes. \u00a0\u00a0<\/p>\n<p>De \u00a0 la \u00a0 campa\u00f1a \u00a0 a \u00a0 la \u00a0 C\u00e1mara \u00a0de \u00a0Representantes \u00a0en \u00a0el \u00a02002 no hay evidencia de apoyos il\u00edcitos a Oscar \u00a0Wilches \u00a0Carre\u00f1o. Por el contrario, \u00a0Javier \u00a0Vargas no fue amenazado, seguramente como contraprestaci\u00f3n al apoyo que \u00a0le \u00a0brind\u00f3 \u00a0a \u00a0William \u00a0P\u00e9rez \u00a0a \u00a0la \u00a0Gobernaci\u00f3n \u00a0en \u00a0el \u00a02000 y de ah\u00ed sus \u00a0excelentes \u00a0resultados \u00a0en \u00a0el \u00a0sur del departamento. Efr\u00e9n Hern\u00e1ndez tambi\u00e9n \u00a0pudo \u00a0aspirar sin contratiempos, salvo un episodio que pudo superar con la ayuda \u00a0de \u00a0Walter \u00a0Buitrago, t\u00edo de \u201cMart\u00edn Llanos\u201d, a cambio, seg\u00fan se dice, de \u00a0satisfacer \u00a0la exigencia de las autodefensas de incluir a Hernando Roa Valero en \u00a0el \u00a0segundo \u00a0rengl\u00f3n de su lista, como en efecto sucedi\u00f3, lo que demuestra que \u00a0el \u00a0beneficio \u00a0fue \u00a0para \u00a0otros y no para Oscar Wilches \u00a0Carre\u00f1o. \u00a0\u00a0<\/p>\n<p>\u00a0 \u00a0\u00a0 \u00a0\u00a0 \u00a0\u00a0Lo \u00a0que \u00a0se \u00a0diga, \u00a0entonces, \u00a0acerca \u00a0de \u00a0eventuales \u00a0apoyos \u00a0o \u00a0de \u00a0respaldos \u00a0no \u00a0pasa \u00a0de \u00a0ser \u00a0una suposici\u00f3n de la Fiscal\u00eda, autoridad que sin \u00a0respaldo \u00a0probatorio \u00a0se \u00a0atrevi\u00f3 incluso a sostener que no se pod\u00eda descartar \u00a0respaldos \u00a0il\u00edcitos \u00a0en \u00a01998 \u00a0y \u00a02006, \u00a0cuesti\u00f3n \u00a0que \u00a0no \u00a0deja \u00a0de llamar la \u00a0atenci\u00f3n \u00a0teniendo \u00a0en \u00a0cuenta \u00a0que \u00a0en \u00a01998 \u00a0las \u00a0autodefensas \u00a0no se hab\u00edan \u00a0consolidado \u00a0militarmente \u00a0en la regi\u00f3n y en el 2006, legal o de facto, hab\u00edan \u00a0dejado \u00a0de \u00a0presentarse como grupos ilegales a los que se pudiera promover desde \u00a0escenarios \u00a0 \u00a0 \u00a0 \u00a0 \u00a0 \u00a0 \u00a0 \u00a0 estatales.13 \u00a0\u00a0<\/p>\n<p>En \u00a0todo \u00a0esto \u00a0no \u00a0han faltado alusiones a \u00a0relaciones \u00a0 de \u00a0 Oscar \u00a0Wilches \u00a0Carre\u00f1o \u00a0con \u00a0las \u00a0familias \u00a0Feliciano, \u00a0Ram\u00edrez y Buitrago, de quienes se \u00a0dice \u00a0auspiciaron \u00a0el \u00a0surgimiento \u00a0de \u00a0las \u00a0autodefensas \u00a0en el Departamento de \u00a0Casanare. \u00a0Sin \u00a0embargo, \u00a0el testimonio de \u201cSalom\u00f3n\u201d en ese sentido ha sido \u00a0desmentido \u00a0por \u00a0la \u00a0evidencia \u00a0de \u00a0los \u00a0hechos, pues adem\u00e1s de que Luis Vargas \u00a0declar\u00f3 \u00a0que esas familias inicialmente no se ocupaban de causas pol\u00edticas, lo \u00a0cierto \u00a0es que fue Efr\u00e9n Hern\u00e1ndez D\u00edaz quien recibi\u00f3 el respaldo de Ricardo \u00a0Ram\u00edrez, \u00a0 y \u00a0 Miguel \u00a0Angel \u00a0P\u00e9rez \u00a0quien \u00a0sosten\u00eda \u00a0v\u00ednculos \u00a0con \u00a0V\u00edctor \u00a0Feliciano. \u00a0\u00a0<\/p>\n<p>De haber sido ciertas esas alianzas con las \u00a0fuerzas \u00a0ilegales, lo menos que se pod\u00eda esperar es que esos pactos se hubiesen \u00a0reflejado \u00a0en \u00a0resultados. \u00a0Empero, \u00a0las \u00a0cifras \u00a0de \u00a0los municipios del sur del \u00a0departamento, \u00a0regi\u00f3n \u00a0donde las autodefensas ten\u00edan su centro de operaciones, \u00a0indican \u00a0que \u00a0otros \u00a0fueron \u00a0los favorecidos y no Oscar \u00a0Wilches \u00a0Carre\u00f1o. \u00a0Sin embargo, pese a esa evidencia, \u00a0para \u00a0la Corte esos guarismos electorales carecen de importancia porque el apoyo \u00a0\u201cera \u00a0para el ejercicio de la actividad pol\u00edtica y \u00a0no para garantizar su elecci\u00f3n.\u201d \u00a0\u00a0<\/p>\n<p>En \u00a0fin, el \u00fanico testigo que se pronuncia \u00a0en \u00a0ese \u00a0sentido \u00a0es \u00a0Carlos \u00a0Guzm\u00e1n Daza, quien asegur\u00f3 que le solicit\u00f3 a la \u00a0comunidad \u00a0votar por Oscar Wilches Carre\u00f1o, \u00a0pero \u00a0esa afirmaci\u00f3n carece de peso porque en primer lugar no se \u00a0ha \u00a0establecido \u00a0ninguna \u00a0relaci\u00f3n \u00a0entre el procesado y las autodefensas y, de \u00a0otra \u00a0parte, \u00a0miembros \u00a0del \u00a0grupo \u00a0armado \u00a0con \u201cfunciones pol\u00edticas\u201d, como \u00a0Jos\u00e9 \u00a0Dar\u00edo \u00a0Orjuela, \u00a0alias \u201cSol\u00edn\u201d negaron que eso hubiera sucedido. Es \u00a0m\u00e1s, \u00a0Jorge Arturo Sierra se\u00f1al\u00f3 que eso no pudo ocurrir, porque \u201cla \u00a0directriz \u00a0de \u00a0esa \u00a0organizaci\u00f3n \u00a0al \u00a0margen \u00a0de la ley era \u00a0borrar \u00a0 totalmente \u00a0 del \u00a0 mapa \u00a0 al \u00a0 doctor \u00a0Oscar \u00a0Wilches.\u201d \u00a014 \u00a0\u00a0<\/p>\n<p>Por \u00a0lo \u00a0tanto, \u00a0la \u00a0declaraci\u00f3n de Carlos \u00a0Guzm\u00e1n \u00a0Daza \u00a0no \u00a0es \u00a0cre\u00edble \u00a0y \u00a0menos \u00a0para \u00a0sostener \u00a0que presenci\u00f3 varias \u00a0reuniones \u00a0entre \u00a0Oscar \u00a0Wilches \u00a0Carre\u00f1o \u00a0y \u00a0\u201cMart\u00edn Llanos\u201d, pues a su mentira se enfrenta la versi\u00f3n \u00a0de \u00a0 \u201cJunior\u201d, \u00a0 quien \u00a0 dijo \u00a0 que \u00a0 una \u00a0sola \u00a0vez \u00a0mir\u00f3 \u00a0a \u00a0Oscar \u00a0Wilches \u00a0por esos parajes a finales \u00a0de \u00a01999, \u00a0a\u00f1o \u00a0que \u00a0coincide \u00a0precisamente \u00a0con \u00a0el \u00a0momento \u00a0en que se debi\u00f3 \u00a0concurrir \u00a0a solucionar la extorsi\u00f3n del grupo ilegal y no para pactar acuerdos \u00a0ilegales. \u00a0\u00a0<\/p>\n<p>En \u00a0consecuencia, lo que queda es el rastro \u00a0de \u00a0 un \u00a0 complot \u00a0 contra \u00a0Oscar \u00a0Wilches \u00a0Carre\u00f1o urdido \u00a0por \u00a0Efr\u00e9n \u00a0Hern\u00e1ndez D\u00edaz, quien como se ha probado ofreci\u00f3 dinero a cambio \u00a0de \u00a0declarar \u00a0contra \u00a0Oscar \u00a0Wilches, logrando que Carlos Guzm\u00e1n Daza e incluso \u00a0Walter \u00a0Buitrago \u00a0lo \u00a0hicieran, \u00a0y \u00a0que gracias a una no muy entendible amistad, \u00a0Miguel \u00a0Angel \u00a0P\u00e9rez, William Mayorga, Jacobo Rivera y Javier Vargas Barrag\u00e1n, \u00a0secundaran esas acusaciones infundadas. \u00a0\u00a0<\/p>\n<p>Por \u00a0todo \u00a0eso \u00a0y \u00a0porque no existe ninguna \u00a0prueba \u00a0 de \u00a0 acuerdos \u00a0 y \u00a0 de \u00a0 pactos, \u00a0 solicita \u00a0 que \u00a0se \u00a0dicte \u00a0sentencia \u00a0absolutoria. \u00a0\u00a0<\/p>\n<p>Del defensor. \u00a0<\/p>\n<p>\u00a0 \u00a0 \u00a0 \u00a0 \u00a0<\/p>\n<p>\u00a0 \u00a0\u00a0 \u00a0\u00a0 \u00a0\u00a0Lo \u00a0primero \u00a0que \u00a0cuestiona \u00a0la \u00a0defensa \u00a0es \u00a0la indefinici\u00f3n de la \u00a0competencia, \u00a0pues \u00a0a pesar de que cuando el procesado renunci\u00f3 a su condici\u00f3n \u00a0de \u00a0Congresista \u00a0se \u00a0dijo que la conducta investigada no ten\u00eda relaci\u00f3n con la \u00a0funci\u00f3n, \u00a0ahora \u00a0con \u00a0respaldo \u00a0en la decisi\u00f3n del 1 de septiembre de 2009, se \u00a0asume \u00a0que \u00a0s\u00ed \u00a0lo \u00a0es \u00a0pese \u00a0a \u00a0tratarse de un delito com\u00fan. Pero lo que m\u00e1s \u00a0preocupa \u00a0a la defensa es que precisamente por ese tipo de decisiones, el juicio \u00a0se \u00a0adelante \u00a0ante \u00a0un \u00a0Juez \u00a0que \u00a0eventualmente \u00a0no se ocupar\u00e1 de la decisi\u00f3n \u00a0final. \u00a0\u00a0<\/p>\n<p>\u00a0 \u00a0\u00a0 \u00a0\u00a0 \u00a0\u00a0Al \u00a0 doctor \u00a0 Oscar \u00a0Leonidas \u00a0 \u00a0 Wilches \u00a0 \u00a0Carre\u00f1o \u00a0 \u00a0se \u00a0le \u00a0acus\u00f3 \u00a0del delito de concierto para delinquir agravado para \u00a0promover \u00a0un \u00a0grupo \u00a0armado \u00a0ilegal, \u00a0sobre \u00a0la \u00a0base de haberse reunido con las \u00a0autodefensas \u00a0una vez el 23 de agosto de 2000 en el restaurante \u201cEl Ca\u00f1ito\u201d \u00a0y \u00a0otras \u00a0con \u00a0alias \u00a0\u201cMart\u00edn \u00a0Llanos\u201d \u00a0en \u00a0un \u00a0sitio \u00a0conocido \u00a0como \u201cEl \u00a0Tropez\u00f3n\u201d. Esas supuestas reuniones, \u00a0\u00a0<\/p>\n<p>\u201cllevaron a la \u00a0fiscal\u00eda \u00a0a \u00a0circunstancializar \u00a0una \u00a0acusaci\u00f3n \u00a0por \u00a0concierto para delinquir \u00a0agravado \u00a0materializado en las elecciones para gobernador del Casanare y para la \u00a0C\u00e1mara \u00a0 \u00a0 de \u00a0 \u00a0 Representantes \u00a0 \u00a0 en \u00a0 \u00a0 los \u00a0 \u00a0 a\u00f1os \u00a0 \u00a0 2000 \u00a0 \u00a0y \u00a0 \u00a02002 \u00a0respectivamente.\u201d \u00a0\u00a0<\/p>\n<p>\u00a0 \u00a0\u00a0 \u00a0\u00a0 \u00a0Si \u00a0 \u00a0 \u00a0se \u00a0 \u00a0 \u00a0acepta \u00a0 \u00a0 \u00a0que \u00a0 \u00a0 \u00a0el \u00a0 \u00a0 \u00a0doctor \u00a0 \u00a0 Oscar \u00a0 Wilches \u00a0Carre\u00f1o \u00a0 actu\u00f3 \u00a0como \u00a0particular \u00a0en \u00a0los \u00a0debates \u00a0indicados, \u00a0lo menos que se puede decir, aun con fundamento en lo decidido en la \u00a0providencia \u00a0del \u00a01 \u00a0de \u00a0septiembre \u00a0de \u00a02009, \u00a0es \u00a0que \u00a0la \u00a0conducta del doctor \u00a0Wilches \u00a0 Carre\u00f1o \u00a0 tiene \u00a0relaci\u00f3n \u00a0con \u00a0la \u00a0funci\u00f3n, \u00a0pues la \u00fanica raz\u00f3n por la cual fue investigado \u00a0inicialmente \u00a0por \u00a0la \u00a0Corte, \u00a0es \u00a0porque \u00a0ostentaba la condici\u00f3n de aforado al \u00a0haber sido elegido como senador de la Rep\u00fablica en el a\u00f1o 2006. \u00a0\u00a0<\/p>\n<p>\u00a0 \u00a0\u00a0 \u00a0\u00a0 \u00a0\u00a0En \u00a0 consecuencia, \u00a0 el \u00a0 fuero \u00a0 sobrevino \u00a0 no \u00a0porque \u00a0el \u00a0doctor \u00a0Wilches \u00a0 Carre\u00f1o \u00a0hubiese \u00a0accedido \u00a0al \u00a0cargo \u00a0como Representante en el a\u00f1o 2002, sino porque lo fue para \u00a0el \u00a0periodo \u00a0constitucional que se inici\u00f3 el 20 de julio de 2010, de manera que \u00a0al \u00a0renunciar \u00a0a \u00a0esa \u00a0dignidad \u00a0el \u00a0Juez \u00a0natural \u00a0es \u00a0el de todo ciudadano sin \u00a0v\u00ednculos con la funci\u00f3n p\u00fablica. \u00a0\u00a0<\/p>\n<p>\u00a0 \u00a0\u00a0 \u00a0\u00a0 \u00a0\u00a0Esa \u00a0conclusi\u00f3n \u00a0es \u00a0evidente \u00a0si \u00a0se \u00a0tiene \u00a0en \u00a0cuenta \u00a0que en la \u00a0acusaci\u00f3n \u00a0 ninguna \u00a0 imputaci\u00f3n \u00a0 f\u00e1ctica \u00a0se \u00a0relaciona \u00a0con \u00a0la \u00a0actividad \u00a0congresional, \u00a0pues \u00a0lo \u00a0que \u00a0se \u00a0le increp\u00f3 fue haber participado en el debate \u00a0electoral \u00a0 \u00a0de \u00a0 \u00a02000 \u00a0 \u00a0y \u00a0 \u00a02002 \u00a0 con \u00a0 el \u00a0 supuesto \u00a0 respaldo \u00a0 de \u00a0 las \u00a0autodefensas. \u00a0\u00a0<\/p>\n<p>En \u00a0 relaci\u00f3n \u00a0 con \u00a0 los \u00a0 v\u00ednculos \u00a0o \u00a0acercamientos \u00a0 entre \u00a0 el \u00a0 doctor \u00a0 Oscar \u00a0 Wilches \u00a0Carre\u00f1o \u00a0y alias \u201cMart\u00edn Llanos\u201d, declararon los \u00a0integrantes \u00a0de \u00a0las \u00a0Autodefensas \u00a0campesinas de Casanare, Carlos Guzm\u00e1n Daza, \u00a0\u201cSalom\u00f3n\u201d; \u00a0Carlos \u00a0Novoa Alfonso, \u201cCachicamo\u201d y el ex polic\u00eda William \u00a0Mayorga, \u00a0conocido \u00a0como \u00a0el \u00a0\u201cnegro \u00a0Mayorga.\u201d \u00a0De la dirigencia pol\u00edtica, \u00a0Efr\u00e9n \u00a0Antonio \u00a0Hern\u00e1ndez, \u00a0Javier \u00a0Barrag\u00e1n \u00a0Vargas, \u00a0Jacobo \u00a0Rivera G\u00f3mez, \u00a0Miguel \u00a0Angel \u00a0P\u00e9rez \u00a0S\u00e1nchez \u00a0y \u00a0Carlos \u00a0Arturo \u00a0Ram\u00edrez, \u00a0e \u00a0incluso Walter \u00a0Buitrago, t\u00edo de \u201cMart\u00edn Llanos\u201d. \u00a0\u00a0<\/p>\n<p>La \u00a0acusaci\u00f3n \u00a0tiene fundamento en: (i) la \u00a0declaraci\u00f3n \u00a0 de\u00a0 \u00a0Carlos \u00a0Guzm\u00e1n \u00a0Daza, \u00a0testigo \u00a0de \u00a0referencia, \u00a0quien \u00a0se\u00f1al\u00f3 \u00a0que \u00a0por \u00a0boca \u00a0de \u201cMart\u00edn Llanos\u201d supo que Wilches compart\u00eda el \u00a0proyecto \u00a0pol\u00edtico \u00a0de las autodefensas y que se reun\u00eda con el pol\u00edtico en un \u00a0sitio \u00a0conocido como \u201cEl Tropez\u00f3n\u201d, y (ii) en otras fuentes probatorias que \u00a0hablan \u00a0de una reuni\u00f3n en El Ca\u00f1ito, en donde se socializ\u00f3 un documento de 17 \u00a0puntos, \u00a0seg\u00fan \u00a0el \u00a0cual \u00a0los aspirantes a la Gobernaci\u00f3n del Departamento del \u00a0Casanare \u00a0 en \u00a0 el \u00a0 2000, \u00a0 se \u00a0 compromet\u00edan \u00a0a \u00a0ejercer \u00a0el \u00a0poder \u00a0con \u00a0los \u00a0ilegales. \u00a0\u00a0<\/p>\n<p>Sin \u00a0embargo, \u00a0se \u00a0pasa \u00a0por \u00a0alto \u00a0que \u00a0la \u00a0asistencia \u00a0forzada \u00a0a \u00a0una reuni\u00f3n no permite tipificar el delito de concierto \u00a0para \u00a0delinquir \u00a0agravado, \u00a0como \u00a0infortunadamente \u00a0se \u00a0ha \u00a0cre\u00eddo \u00a0a partir la \u00a0reflexi\u00f3n \u00a0de \u00a0la \u00a0Sala de Casaci\u00f3n Penal de la Corte, que se\u00f1al\u00f3 al definir \u00a0la situaci\u00f3n jur\u00eddica del ex parlamentario, que \u00a0\u00a0<\/p>\n<p>\u201cquien acude a \u00a0una \u00a0organizaci\u00f3n \u00a0armada ilegal con el objeto de que se le facilite o permita, \u00a0mediante \u00a0 acuerdos \u00a0escritos \u00a0o \u00a0verbales, \u00a0el \u00a0ejercicio \u00a0de \u00a0una \u00a0determinada \u00a0actividad \u00a0 l\u00edcita, \u00a0 en \u00a0 este \u00a0 caso \u00a0 la \u00a0pol\u00edtica, \u00a0acuerda \u00a0con \u00a0ella \u00a0la \u00a0promoci\u00f3n.\u201d \u00a0\u00a0<\/p>\n<p>Esa \u00a0afirmaci\u00f3n solo puede admitirse en el \u00a0sentido \u00a0de \u00a0que la permisi\u00f3n para realizar una actividad l\u00edcita, en este caso \u00a0la \u00a0pol\u00edtica, conlleva un acuerdo verbal o escrito sobre otras actividades para \u00a0el \u00a0 beneficio \u00a0 de \u00a0 la \u00a0 actividad \u00a0 paramilitar, \u00a0pues \u00a0de \u00a0lo \u00a0contrario \u00a0se \u00a0desconfigurar\u00eda \u00a0el \u00a0car\u00e1cter protector de los bienes jur\u00eddicos, m\u00e1s a\u00fan si \u00a0se \u00a0tiene en cuenta que en la reciente decisi\u00f3n dictada en el proceso de Carlos \u00a0Garc\u00eda \u00a0 Orjuela, \u00a0 la \u00a0 Corte \u00a0 advirti\u00f3 \u00a0que \u00a0asistir \u00a0a \u00a0una \u00a0reuni\u00f3n \u00a0con \u00a0paramilitares \u00a0 \u00a0 \u00a0 \u00a0no \u00a0 \u00a0 \u00a0 es \u00a0 \u00a0 \u00a0 delito.15 \u00a0\u00a0<\/p>\n<p>Es \u00a0muy elocuente la decisi\u00f3n de la Corte: \u00a0el \u00a0concierto \u00a0se demuestra con un acopio probatorio que permite deducir ex ante \u00a0el \u00a0acuerdo. \u00a0Pero \u00a0en \u00a0el \u00a0expediente \u00a0no \u00a0hay \u00a0prueba \u00a0de ello. Tampoco se han \u00a0encontrado \u00a0en \u00a0el proceso expresiones de los miembros del grupo paramilitar que \u00a0muestren \u00a0que \u00a0Mart\u00edn Llanos irradi\u00f3 a sus tropas los beneficios de un acuerdo \u00a0pol\u00edtico \u00a0 con \u00a0 un \u00a0 dirigente \u00a0 de \u00a0 la \u00a0 talla \u00a0 del \u00a0 doctor \u00a0 Oscar \u00a0 Leonidas \u00a0Wilches \u00a0Carre\u00f1o, \u00a0como \u00a0se\u00f1al \u00a0indicativa \u00a0del \u00a0acuerdo delictivo. Esa manifestaci\u00f3n del acuerdo no se \u00a0puede soslayar, sobre todo si como ha dicho la Sala: \u00a0\u00a0<\/p>\n<p>\u201c\u2026 \u00a0no se puede omitir comentar que no \u00a0corresponde \u00a0a la din\u00e1mica propia de los grupos armados ilegales de autodefensa \u00a0que \u00a0 su \u00a0 comandante \u00a0 realice \u00a0 acuerdos \u00a0con \u00a0pol\u00edticos \u00a0sin \u00a0tener \u00a0ninguna \u00a0repercusi\u00f3n \u00a0en \u00a0la \u00a0tropa \u00a0bajo \u00a0su \u00a0mando; \u00a0la \u00a0experiencia \u00a0ense\u00f1a que como \u00a0consecuencia \u00a0directa \u00a0de \u00a0los \u00a0mismos \u00a0la \u00a0orden \u00a0desciende \u00a0a \u00a0cada una de sus \u00a0unidades para que enfoque su accionar en el sentido querido.\u201d \u00a0\u00a0<\/p>\n<p>En ese sentido, que el se\u00f1or Wilches \u00a0Carre\u00f1o \u00a0no \u00a0haya \u00a0tenido m\u00e1s \u00a0opci\u00f3n \u00a0que \u00a0asistir \u00a0al \u00a0Ca\u00f1ito, \u00a0no \u00a0es \u00a0delito. La defensa demostr\u00f3 que su \u00a0asistencia \u00a0era \u00a0inexcusable \u00a0y \u00a0no \u00a0voluntaria \u00a0como \u00a0se supone. Sino, c\u00f3mo se \u00a0explica \u00a0que \u00a0haya \u00a0perdido \u00a0electoralmente \u00a0en el sur del departamento, zona de \u00a0influencia \u00a0paramilitar. \u00a0Por \u00a0el \u00a0contrario, antes que recibir apoyo, el doctor \u00a0Wilches \u00a0Carre\u00f1o \u00a0fue \u00a0un \u00a0obst\u00e1culo \u00a0para \u00a0el \u00a0proyecto paramilitar. \u201cPor eso \u00a0tiene \u00a0que \u00a0ser \u00a0absuelto, \u00a0pese \u00a0a \u00a0que \u00a0su \u00a0nombre \u00a0ya se manch\u00f3, su honra se \u00a0mancill\u00f3 \u00a0y \u00a0su \u00a0trabajo se frustr\u00f3. Ahora, como lo proclam\u00f3 en el juicio, se \u00a0trata de su dignidad.\u201d \u00a0\u00a0<\/p>\n<p>As\u00ed \u00a0debe ser porque la defensa demostr\u00f3 \u00a0en \u00a0el \u00a0juicio que la prueba era fr\u00e1gil e insulsa y que algunos se confabularon \u00a0contra \u00a0 el \u00a0 doctor \u00a0 Wilches \u00a0Carre\u00f1o para someterlo a un proceso injusto. \u00a0\u00a0<\/p>\n<p>V\u00e9ase: \u00a0<\/p>\n<p>El \u00a0proceso \u00a0se \u00a0origin\u00f3 \u00a0con \u00a0base en la \u00a0declaraci\u00f3n \u00a0 de \u00a0Carlos \u00a0Guzm\u00e1n \u00a0Daza \u00a0&#8211; miembro de \u00a0las \u00a0 Autodefensas \u00a0Campesinas \u00a0del \u00a0Casanare, \u00a0organizaci\u00f3n \u00a0de \u00a0la \u00a0cual \u00a0fue \u00a0expulsado \u00a0en \u00a0marzo \u00a0de \u00a02002 \u00a0y \u00a0reintegrado \u00a0en \u00a0julio de 2003 -, quien en la \u00a0diligencia \u00a0de \u00a0indagatoria \u00a0ante la fiscal\u00eda el d\u00eda 7 de noviembre 7 de 2004, \u00a0neg\u00f3 su vinculaci\u00f3n con ese grupo ilegal. \u00a0\u00a0<\/p>\n<p>Pese \u00a0 a \u00a0 que \u00a0hab\u00eda \u00a0renegado \u00a0de \u00a0su \u00a0vinculaci\u00f3n \u00a0con ese grupo ilegal, en declaraci\u00f3n del 18 de noviembre de 2006, \u00a0Guzm\u00e1n \u00a0Daza \u00a0sostuvo \u00a0que \u00a0Oscar Wilches \u00a0fue \u00a0cercano \u00a0a las ACC y que prueba de ello son sus reuniones en \u00a0el \u00a0Tropez\u00f3n \u00a0con \u201cMart\u00edn Llanos\u201d, persona que le \u201crefiri\u00f3\u201d que el ex \u00a0congresista \u00a0era \u00a0parte \u00a0de su proyecto pol\u00edtico, y que perdi\u00f3 la gobernaci\u00f3n \u00a0en \u00a0el \u00a02000, \u00a0porque \u00a0con \u00a0su \u00a0candidatura \u00a0se buscaba garantizar el triunfo de \u00a0William P\u00e9rez. \u00a0\u00a0<\/p>\n<p>Con \u00a0base \u00a0en \u00a0la \u00a0declaraci\u00f3n de Guzm\u00e1n \u00a0Daza, \u00a0se \u00a0sostuvo \u00a0en \u00a0la \u00a0acusaci\u00f3n \u00a0que \u00a0era \u00a0falso que \u201cMart\u00edn Llanos\u201d \u00a0presionara \u00a0a \u00a0los pol\u00edticos, porque eran ellos quienes buscaban al paramilitar \u00a0a \u00a0cambio \u00a0del respaldo pol\u00edtico y financiero de la organizaci\u00f3n: \u201cped\u00edamos \u00a0que el electorado apoyara cualquier gui\u00f1o a favor de \u00a0un \u00a0candidato, que la comunidad lo interpretaba como una orden o imposici\u00f3n\u201d. \u00a0Sin \u00a0embargo, al \u00a0testigo \u00a0no \u00a0le \u00a0consta \u00a0que \u00a0ese \u00a0tipo \u00a0de \u00a0maniobras se hayan \u00a0realizado \u00a0 para \u00a0 favorecer \u00a0 al \u00a0 doctor \u00a0 Wilches \u00a0Carre\u00f1o. \u00a0\u00a0<\/p>\n<p>A\u00fan \u00a0as\u00ed \u00a0y pese a que el testigo y la \u00a0regla \u00a0judicial ense\u00f1an que con esta clase de compromisos se buscaba beneficios \u00a0por \u00a0parte \u00a0de los pol\u00edticos, la fiscal\u00eda pretende se\u00f1alar que en el caso del \u00a0doctor \u00a0Wilches Carre\u00f1o eso \u00a0no \u00a0importa, \u00a0porque \u00a0tratando \u00a0de \u00a0minimizar su debacle electoral en el sur del \u00a0departamento, \u00a0 vali\u00e9ndose \u00a0 de \u00a0alguna \u00a0expresi\u00f3n \u00a0de \u00a0alias \u00a0\u201cSalom\u00f3n\u201d, \u00a0sostiene \u00a0sin \u00a0fundamento \u00a0que \u00a0lo que pretend\u00eda la organizaci\u00f3n era cerrar el \u00a0espacio \u00a0a \u00a0otro pol\u00edtico con la aspiraci\u00f3n de Oscar \u00a0Wilches \u00a0 \u00a0a \u00a0 \u00a0la \u00a0 \u00a0gobernaci\u00f3n \u00a0 en \u00a0 el \u00a0 a\u00f1o \u00a02000. \u00a0\u00a0<\/p>\n<p>Si la fiscal\u00eda hubiese seguido en todo al \u00a0testigo, \u00a0cuando \u00a0dijo que \u201cpor las buenas o por las \u00a0malas \u00a0 pero \u00a0se \u00a0ejerc\u00eda \u00a0control \u00a0en \u00a0todo \u00a0el \u00a0territorio \u00a0donde \u00a0se \u00a0hac\u00eda \u00a0presencia\u201d, \u00a0habr\u00eda \u00a0tenido \u00a0que \u00a0admitir \u00a0que \u00a0el \u00a0doctor \u00a0Wilches Carre\u00f1o \u00a0no \u00a0tuvo \u00a0ning\u00fan \u00a0apoyo en la \u00a0zona \u00a0de \u00a0dominio \u00a0de \u00a0autodefensas, \u00a0sencillamente \u00a0porque \u00a0\u00e9l no hizo ning\u00fan \u00a0acuerdo \u00a0con esa organizaci\u00f3n ilegal en ese sentido ni en ning\u00fan otro, ni para \u00a0esa ni para otras elecciones. \u00a0\u00a0<\/p>\n<p>Pero \u00a0adem\u00e1s \u00a0la \u00a0fiscal\u00eda \u00a0soporta \u00a0sus \u00a0juicios \u00a0en \u00a0un \u00a0testigo \u00a0que no ha explicado con claridad sus v\u00ednculos con las \u00a0autodefensas, \u00a0pues \u00a0no \u00a0puede \u00a0perderse \u00a0de \u00a0vista \u00a0que \u00a0Carlos Guzm\u00e1n Daza, o \u00a0\u201cSalom\u00f3n\u201d, \u00a0reconoci\u00f3 \u00a0que \u00a0el \u00a0comandante pol\u00edtico era \u201cGuadalupe\u201d y \u00a0que \u00a0a \u00a0\u00e9ste \u00a0lo \u00a0sucedi\u00f3 \u201cjunior\u201d, lo cual demuestra que \u00e9l no ten\u00eda el \u00a0mando \u00a0y la importancia que se atribuye, y menos que haya sido comandante de esa \u00a0organizaci\u00f3n \u00a0ilegal \u00a0desde \u00a01999, \u00a0pues \u00a0a \u00a0lo \u00a0sumo \u00a0particip\u00f3 \u00a0en \u00a0trabajos \u00a0comunitarios desde 2001. \u00a0\u00a0<\/p>\n<p>Adem\u00e1s, las deducciones de la fiscal\u00eda no \u00a0se \u00a0pueden reducir a la escasa fiabilidad de ese testigo que si bien se refiri\u00f3 \u00a0a \u00a0la \u00a0trayectoria \u00a0pol\u00edtica del doctor Oscar Wilches \u00a0Carre\u00f1o, \u00a0 como \u00a0 cualquier \u00a0 persona \u00a0con \u00a0mediano \u00a0conocimiento \u00a0de la pol\u00edtica puede hacerlo, no le consta absolutamente nada que \u00a0le \u00a0 \u00a0permita \u00a0 \u00a0decir \u00a0 que \u00a0 el \u00a0 doctor \u00a0 Wilches \u00a0Carre\u00f1o \u00a0desde \u00a01998 \u00a0contaba con el respaldo de las \u00a0autodefensas, \u00a0o \u00a0que \u00a0el \u00a0pol\u00edtico \u00a0se \u00a0reun\u00eda peri\u00f3dicamente con \u201cMart\u00edn \u00a0Llanos\u201d en El Tropez\u00f3n. \u00a0\u00a0<\/p>\n<p>Pero \u00a0lo \u00a0que \u00a0termina por desacreditar su \u00a0dicho \u00a0es \u00a0que \u00a0pese a que se autoproclama como \u201ccomandante pol\u00edtico\u201d, dice \u00a0que \u00a0lo \u00a0que conoci\u00f3 del proyecto pol\u00edtico de las autodefensas lo supo por los \u00a0comentarios \u00a0que \u00a0le \u00a0hac\u00eda \u201cMart\u00edn Llanos\u201d, quien por la confianza que le \u00a0ten\u00eda \u00a0le \u00a0hablaba de sus relaciones con Oscar Wilches y William P\u00e9rez. En ese \u00a0lenguaje \u00a0 de \u00a0\u201co\u00eddas\u201d, \u00a0tambi\u00e9n \u00a0sostiene \u00a0que \u00a0\u201cMart\u00edn \u00a0Llanos\u201d \u00a0le \u00a0manifest\u00f3 \u00a0que \u00a0Efr\u00e9n \u00a0Hern\u00e1ndez era un opositor al proyecto pol\u00edtico de las \u00a0autodefensas, \u00a0y \u00a0que \u00a0lo \u00a0que \u00a0le \u00a0toc\u00f3 \u00a0padecer \u00a0a Hern\u00e1ndez obedec\u00eda a los \u00a0comentarios \u00a0de \u00a0Wilches. \u00a0Y \u00a0siguiendo por esa senda, asegura que le escuch\u00f3 a \u00a0\u201cGuadalupe\u201d \u00a0 que \u00a0 William \u00a0 P\u00e9rez \u00a0 fue \u00a0elegido \u00a0con \u00a0el \u00a0apoyo \u00a0de \u00a0las \u00a0autodefensas. \u00a0\u00a0<\/p>\n<p>Para la defensa no deja de ser extra\u00f1o que \u00a0el \u00a0testigo \u00a0base \u00a0la \u00a0ciencia de su dicho en lo que al parecer le hubiera dicho \u00a0\u201cLlanos\u201d \u00a0y no en lo que pudiera percibir, siendo el \u201ccomandante pol\u00edtico \u00a0de \u00a0 las \u00a0autodefensas\u201d \u00a0o \u00a0en \u00a0quien \u00a0por \u00a0decisi\u00f3n \u00a0de \u00a0los \u00a0mandos \u00a0deb\u00eda \u00a0\u201ccomunicar \u00a0a las comunidades y dirigentes las decisiones del Estado Mayor\u201d. \u00a0Si \u00a0la \u00a0jerarqu\u00eda \u00a0ilegal \u00a0que \u00a0se atribuye hubiera sido real, no ten\u00eda porque \u00a0referirse \u00a0a \u00a0hechos \u00a0por \u00a0boca \u00a0de \u00a0terceros, \u00a0pues si su misi\u00f3n consist\u00eda en \u00a0transmitir \u00a0a las comunidades las decisiones del \u201cEstado Mayor\u201d, nadie mejor \u00a0que \u00a0\u00e9l para saber a quien apoyaban o vetaban las autodefensas. Sin embargo, al \u00a0ser \u00a0preguntado sobre el respaldo de Llanos a Wilches, dijo que de pronto de eso \u00a0puede \u00a0 saber \u00a0 alias \u00a0\u201cGuadalupe\u201d \u00a0y \u00a0que \u00a0el \u00a0compromiso \u00a0de \u00a0Wilches en el Congreso era incidir en la \u00a0aprobaci\u00f3n de normas favorables a la organizaci\u00f3n. \u00a0\u00a0<\/p>\n<p>Con todo, en respuestas que corresponden a \u00a0un \u00a0\u201csonsonete\u201d \u00a0propio \u00a0del mentiroso y de escudarse en otros para decir lo \u00a0que \u00a0no \u00a0le \u00a0consta, asegura que la organizaci\u00f3n brindaba apoyo influyendo ante \u00a0las \u00a0comunidades, \u00a0concejales, \u00a0gremios, alcaldes y l\u00edderes pol\u00edticos, pero no \u00a0indic\u00f3 \u00a0con qui\u00e9nes, o con qu\u00e9 gremios o con cu\u00e1les comunidades, dejando ese \u00a0dato \u00a0al \u00a0vaiv\u00e9n de la imaginaci\u00f3n porque nunca se verific\u00f3 esa informaci\u00f3n. \u00a0\u00a0<\/p>\n<p>\u00a0 \u00a0\u00a0 \u00a0\u00a0 \u00a0En \u00a0el \u00a0af\u00e1n \u00a0de justificar su relato y para tratar de explicar la \u00a0escasa \u00a0 \u00a0votaci\u00f3n \u00a0 del \u00a0 doctor \u00a0 Oscar \u00a0 Wilches \u00a0Carre\u00f1o \u00a0en \u00a0el \u00a0sur \u00a0del \u00a0departamento, \u00a0donde \u00a0las \u00a0Autodefensas \u00a0Campesinas \u00a0de Casanare ten\u00edan su imperio, el testigo sostuvo que \u00a0se \u00a0le \u00a0entreg\u00f3 al candidato un auxilio econ\u00f3mico con el fin de facilitarle su \u00a0campa\u00f1a \u00a0en \u00a0el \u00a0norte, \u00a0es \u00a0decir, \u00a0en \u00a0la zona en donde se asentaba el Bloque \u00a0Centauros. \u00a0 Pero \u00a0c\u00f3mo \u00a0puede \u00a0admitirse \u00a0que \u00a0si \u00a0se \u00a0le \u00a0increpa \u00a0al \u00a0doctor \u00a0Wilches \u00a0Carre\u00f1o \u00a0haberse \u00a0aliado \u00a0con \u00a0las \u00a0autodefensas, \u00a0no \u00a0lo \u00a0apoyen \u00a0en \u00a0donde \u00a0ellas \u00a0dominan, sino \u00a0precisamente \u00a0donde \u00a0se \u00a0asientan \u00a0sus enemigos?\u00a0 \u00a0\u00a0<\/p>\n<p>Las \u00a0inconsistencias de ese testigo no son \u00a0las \u00a0\u00fanicas; \u00a0lo \u00a0mismo sucede con el testimonio de Carlos Julio Novoa Alfonso, \u00a0alias \u00a0\u201cCachicamo\u201d, \u00a0quien \u00a0si \u00a0bien \u00a0ingres\u00f3 \u00a0a \u00a0las autodefensas el 28 de \u00a0febrero \u00a0 \u00a0 \u00a0 \u00a0 \u00a0 \u00a0 \u00a0de \u00a0 \u00a0 \u00a0 \u00a0 \u00a0 \u00a0 200316, \u00a0 \u00a0sostiene \u00a0 \u00a0que \u00a0 \u00a0la \u00a0organizaci\u00f3n \u00a0le \u00a0brind\u00f3 \u00a0apoyo \u00a0a \u00a0Oscar \u00a0Leonidas \u00a0Wilches \u00a0en \u00a0las \u00a0elecciones \u00a0para Gobernaci\u00f3n en el \u00a0a\u00f1o \u00a02000 \u00a0y para la C\u00e1mara de Representantes en el 2002. C\u00f3mo lo iba a saber \u00a0si \u00a0antes \u00a0de \u00a0su ingreso a la organizaci\u00f3n ilegal fue funcionario p\u00fablico con \u00a0contactos \u00a0circunstanciales \u00a0con ese grupo ilegal: dos o tres veces dice haberse \u00a0reunido \u00a0 \u00a0por \u00a0 all\u00e1 \u00a0 en \u00a0 el \u00a0 a\u00f1o \u00a0 2001 \u00a0 con \u00a0 Mar\u00edn \u00a0 Llanos \u00a0 en \u00a0 EL \u00a0Tropez\u00f3n. \u00a0\u00a0<\/p>\n<p>Este \u00a0se\u00f1or no puede ser testigo directo, \u00a0bien \u00a0porque \u00a0dice \u00a0que \u00a0la \u00a0relaci\u00f3n \u00a0entre la comandancia y la asociaci\u00f3n de \u00a0trabajadores \u00a0estaba \u00a0a cargo del \u201cNegro Mauricio\u201d &#8211; quien dicho sea de paso \u00a0no \u00a0declar\u00f3 \u00a0contra \u00a0el doctor Wilches Carre\u00f1o -, o ya porque seg\u00fan su propio \u00a0decir \u00a0intervino en los procesos electorales de 2004 y 2007 y no antes. Si acaso \u00a0su \u00a0\u00fanica \u00a0referencia \u00a0al tema ser\u00eda la dudosa sugerencia que la habr\u00eda hecho \u00a0alias \u00a0\u201cSalom\u00f3n\u201d \u00a0de que votara por Oscar Wilches \u00a0Carre\u00f1o \u00a0a la Gobernaci\u00f3n, la cual dice no acept\u00f3. \u00a0\u00a0<\/p>\n<p>Si algo debe rescatarse de su testimonio es \u00a0su \u00a0conocimiento \u00a0acerca de los apoyos de organizaciones como Ceaccol a la causa \u00a0de \u00a0 \u00a0pol\u00edticos \u00a0 distintos \u00a0 al \u00a0 doctor \u00a0 Wilches \u00a0Carre\u00f1o, \u00a0y \u00a0en \u00a0particular \u00a0del \u00a0respaldo de Carlos \u00a0Guzm\u00e1n \u00a0Daza \u00a0a \u00a0William \u00a0P\u00e9rez \u00a0Espinel en las elecciones de 2000 y al doctor \u00a0Efr\u00e9n \u00a0Hern\u00e1ndez \u00a0en el 2002, lo que significa que alias \u201cSalom\u00f3n\u201d no fue \u00a0aliado \u00a0 \u00a0 de \u00a0 \u00a0Oscar \u00a0Wilches Carre\u00f1o en ninguno \u00a0de los procesos electorales por los cuales se le ha cuestionado. \u00a0\u00a0<\/p>\n<p>\u00a0 \u00a0\u00a0 \u00a0\u00a0 \u00a0\u00a0Es \u00a0m\u00e1s, \u00a0Carlos \u00a0Novoa \u00a0Alfonso asegur\u00f3 que ante la Corte dijo la \u00a0verdad \u00a0de \u00a0lo \u00a0que \u00a0sab\u00eda de Efr\u00e9n Hern\u00e1ndez y de los acuerdos en el sur del \u00a0departamento, \u00a0como \u00a0se \u00a0lo \u00a0hab\u00eda informado a alias \u201cSalom\u00f3n\u201d a quien por \u00a0\u201cfavor\u201d \u00a0 \u00a0secund\u00f3 \u00a0 \u00a0en \u00a0 \u00a0algunas \u00a0 \u00a0afirmaciones \u00a0 contra \u00a0 Oscar \u00a0 Wilches, \u00a0 tema \u00a0que \u00a0aclar\u00f3 \u00a0en \u00a0audiencia p\u00fablica cuando manifest\u00f3: \u00a0\u00a0<\/p>\n<p>\u00a0 \u00a0\u00a0 \u00a0\u00a0 \u00a0 \u00a0\u00a0 \u00a0\u00a0 \u00a0 \u00a0\u201cla verdad \u00a0nunca \u00a0pens\u00e9, \u00a0porque \u00a0solamente dije all\u00ed que Carlos era el que me dec\u00eda que \u00a0el \u00a0se\u00f1or \u00a0[Wilches Carre\u00f1o] estaba, acud\u00eda a reuniones, entonces no lo mir\u00e9 \u00a0de esa forma.\u201d \u00a0\u00a0<\/p>\n<p>\u00a0 \u00a0 \u00a0 \u00a0 \u00a0<\/p>\n<p>\u00a0 \u00a0\u00a0 \u00a0\u00a0 \u00a0\u00a0El \u00a0tercer \u00a0testigo es el ex polic\u00eda William Mayorga, quien empez\u00f3 \u00a0a \u00a0trabajar \u00a0con \u00a0Mart\u00edn Llanos en febrero de 2001, a\u00f1o en el cual fue dado de \u00a0baja \u00a0de \u00a0la \u00a0instituci\u00f3n \u00a0oficial, \u00a0lo \u00a0que \u00a0significa que no pertenec\u00eda a la \u00a0organizaci\u00f3n \u00a0ilegal cuando se celebr\u00f3 la conocida reuni\u00f3n en el a\u00f1o 2000 en \u00a0el \u00a0restaurante \u00a0El \u00a0Ca\u00f1ito, \u00a0sitio \u00a0en \u00a0donde \u00a0se dice se realiz\u00f3 el supuesto \u00a0acuerdo \u00a0entre \u00a0la clase pol\u00edtica del Casanare y las autodefensas de \u201cMart\u00edn \u00a0Llanos.\u201d \u00a0Tampoco \u00a0puede \u00a0conocer \u00a0mayores \u00a0detalles \u00a0de \u00a0lo \u00a0ocurrido \u00a0en las \u00a0elecciones \u00a0del \u00a0a\u00f1o \u00a02002, \u00a0pues \u00a0seg\u00fan \u00a0su \u00a0propio decir, para esa \u00e9poca se \u00a0encontraba \u00a0en \u00a0el \u00a0departamento \u00a0de \u00a0Boyac\u00e1. \u00a0\u00a0 \u00a0\u00a0 \u00a0 \u00a0\u00a0 \u00a0 \u00a0\u00a0 \u00a0 \u00a0 \u00a0 \u00a0 \u00a0 \u00a0 \u00a0\u00a0 \u00a0\u00a0<\/p>\n<p>\u00a0 \u00a0 \u00a0 \u00a0 \u00a0<\/p>\n<p>\u00a0 \u00a0\u00a0 \u00a0\u00a0 \u00a0\u00a0Si \u00a0 adem\u00e1s \u00a0de \u00a0la \u00a0\u00e9poca \u00a0indicada \u00a0se \u00a0tiene \u00a0que \u00a0\u201cel \u00a0negro \u00a0Mayorga\u201d \u00a0seg\u00fan \u00a0el \u00a0testimonio de Josu\u00e9 Dar\u00edo Orjuela, alias \u201cSol\u00edn\u201d, \u00a0pertenec\u00eda \u00a0m\u00e1s \u00a0al \u00a0ala \u00a0militar, \u00a0a \u00a0la \u00a0del \u00a0sicariato, que a la pol\u00edtica, \u00a0entonces \u00a0no puede ser testigo de nada y menos de acuerdos inexistentes entre el \u00a0doctor \u00a0Wilches Carre\u00f1o y las \u00a0autodefensas. \u00a0\u00a0<\/p>\n<p>\u00a0 \u00a0\u00a0 \u00a0\u00a0 \u00a0\u00a0Salvo \u00a0 las \u00a0 afirmaciones \u00a0 grotescas \u00a0 de \u00a0 personas \u00a0 sin \u00a0 mayor \u00a0credibilidad, \u00a0ninguna \u00a0otra \u00a0referencia \u00a0se \u00a0encuentra \u00a0en \u00a0el \u00a0expediente \u00a0que \u00a0comprometa \u00a0 al \u00a0doctor \u00a0Wilches \u00a0Carre\u00f1o: \u00a0en \u00a0lo electoral los resultados descartan esas supuestas alianzas \u00a0y \u00a0de \u00a0otra parte los actores pol\u00edticos descartan la posibilidad de que hubiera \u00a0existido \u00a0alg\u00fan \u00a0v\u00ednculo \u00a0entre \u00a0el procesado y ese grupo ilegal. As\u00ed, Miguel \u00a0Angel \u00a0P\u00e9rez, \u00a0candidato \u00a0favorito \u00a0a \u00a0la \u00a0gobernaci\u00f3n \u00a0del \u00a0departamento \u00a0que \u00a0declin\u00f3 \u00a0la \u00a0candidatura, \u00a0asegura \u00a0que \u00a0hasta \u00a0el \u00a0mes \u00a0de julio Oscar Wilches \u00a0Carre\u00f1o \u00a0no \u00a0se \u00a0hab\u00eda \u00a0postulado \u00a0como candidato y que por lo tanto no ten\u00eda \u00a0motivos para asistir a reuniones con \u201cMart\u00edn Llanos\u201d. \u00a0\u00a0<\/p>\n<p>\u00a0 \u00a0\u00a0 \u00a0\u00a0 \u00a0\u00a0Otros \u00a0pol\u00edticos como Jacobo Rivera G\u00f3mez tampoco saben del tema e \u00a0incluso \u00a0Efr\u00e9n Hern\u00e1ndez, permanente contradictor pol\u00edtico del procesado y de \u00a0no \u00a0 muy \u00a0 buenas \u00a0 relaciones \u00a0 de \u00a0 amistad, \u00a0 asegur\u00f3 \u00a0 que \u00a0\u201cpodr\u00e1n \u00a0haber \u00a0especulaciones, \u00a0pero no me consta, ni para bien ni \u00a0para \u00a0mal \u00a0de \u00a0ellos.\u201d \u00a0Javier \u00a0Vargas \u00a0Barrag\u00e1n se \u00a0pronunci\u00f3 \u00a0en \u00a0id\u00e9ntico \u00a0sentido \u00a0y \u00a0destac\u00f3 \u00a0que \u00a0la \u00a0consigna era demoler a \u00a0Oscar \u00a0Wilches pol\u00edticamente \u00a0y \u00a0obtener \u00a0el \u00a0respaldo \u00a0para \u00a0Javier \u00a0Vargas y Efr\u00e9n Hern\u00e1ndez en el sur del \u00a0departamento, \u00a0la \u00a0zona \u00a0de \u00a0influencia \u00a0de las autodefensas, como efectivamente \u00a0ocurri\u00f3. \u00a0\u00a0<\/p>\n<p>\u00a0 \u00a0\u00a0 \u00a0\u00a0 \u00a0\u00a0Si \u00a0por \u00a0caso, \u00a0solamente \u00a0Carlos \u00a0Ram\u00edrez \u00a0intent\u00f3 deducir alg\u00fan \u00a0v\u00ednculo \u00a0de \u00a0Oscar \u00a0Wilches \u00a0con \u00a0\u201cMart\u00edn \u00a0Llanos\u201d \u00a0a partir del siguiente \u00a0raciocinio: \u00a0\u00a0<\/p>\n<p>\u00a0 \u00a0\u00a0 \u00a0\u00a0 \u00a0 \u00a0\u00a0 \u00a0\u00a0 \u00a0\u00a0 \u00a0\u00a0\u201cToda la \u00a0clase \u00a0pol\u00edtica \u00a0dirigente \u00a0de \u00a0Casanare se comprometi\u00f3, porque para poder ser \u00a0candidato \u00a0a \u00a0una \u00a0gobernaci\u00f3n, a una alcald\u00eda, a la asamblea o a los concejos \u00a0municipales \u00a0ten\u00edan que ser amigos de \u2018Mart\u00edn \u00a0 \u00a0 \u00a0 Llanos\u2019, \u00a0si no, no llegaban, incluyendo los mismos representantes que hoy \u00a0est\u00e1n \u00a0por \u00a0Casanare, \u00a0como Oscar Wilches.\u201d \u00a0 \u00a0 \u00a0 \u00a0 \u00a0 \u00a0 \u00a0 \u00a0 \u00a017 \u00a0\u00a0<\/p>\n<p>\u00a0 \u00a0\u00a0 \u00a0\u00a0 \u00a0Sin \u00a0embargo despu\u00e9s, con presencia de la defensa t\u00e9cnica, sostuvo \u00a0que \u00a0por \u00a0temor \u00a0o \u00a0miedo la clase pol\u00edtica asist\u00eda a reuniones con \u201cMart\u00edn \u00a0Llanos\u201d, \u00a0 aclarando \u00a0 eso \u00a0 s\u00ed, \u00a0 porque \u00a0no \u00a0le \u00a0consta, \u00a0que \u00a0Oscar \u00a0Wilches hubiera asistido a alguna de \u00a0ellas. \u00a0\u00a0<\/p>\n<p>\u00a0 \u00a0\u00a0 \u00a0\u00a0 \u00a0\u00a0Por \u00a0\u00faltimo, \u00a0Walter \u00a0Buitrago, \u00a0t\u00edo \u00a0de \u00a0\u201cMart\u00edn \u00a0Llanos\u201d se \u00a0refiri\u00f3 \u00a0 al \u00a0comentario \u00a0que \u00a0le \u00a0hizo \u00a0su \u00a0sobrino, \u00a0en \u00a0el \u00a0sentido \u00a0de \u00a0que \u00a0Oscar \u00a0Wilches hab\u00eda estado \u00a0en \u00a0una \u00a0reuni\u00f3n con \u00e9l, pero sin que lo haya visto, o se haya percatado de su \u00a0presencia \u00a0 en \u00a0el \u00a0sitio \u00a0en \u00a0donde \u00a0el \u00a0jefe \u00a0paramilitar \u00a0sol\u00eda \u00a0permanecer. \u00a0\u00a0<\/p>\n<p>\u00a0 \u00a0 \u00a0 \u00a0 \u00a0<\/p>\n<p>\u00a0 \u00a0\u00a0 \u00a0\u00a0 \u00a0\u00a0En \u00a0fin, \u00a0los \u00a0cuatro \u00a0puntos \u00a0esenciales \u00a0de la acusaci\u00f3n han sido \u00a0desvirtuados: \u00a0las \u00a0presuntas \u00a0relaciones \u00a0entre las autodefensas y Oscar \u00a0Wilches \u00a0Carre\u00f1o; las reuniones con \u00a0el \u00a0 procesado; \u00a0los \u00a0resultados \u00a0electorales \u00a0y \u00a0las \u00a0referencias \u00a0documentales \u00a0relacionadas \u00a0con la ocurrencia de al menos un encuentro entre el grupo ilegal y \u00a0el \u00a0 procesado, \u00a0 supuestamente \u00a0 indicativos \u00a0 del \u00a0delito \u00a0de \u00a0concierto \u00a0para \u00a0delinquir. \u00a0\u00a0<\/p>\n<p>\u00a0 \u00a0\u00a0 \u00a0\u00a0 \u00a0\u00a0En \u00a0cuanto \u00a0a \u00a0lo primero, la poca fiabilidad de Carlos Guzm\u00e1n Daza \u00a0fue \u00a0desvirtuada \u00a0por \u00a0Javier \u00a0Fernando \u00a0Rivera \u00a0Rojas, \u00a0directivo \u00a0de Ceaccol y \u00a0asociado \u00a0a la estructura pol\u00edtico y social de las autodefensas entre los a\u00f1os \u00a02001 \u00a0y \u00a02005, \u00a0quien \u00a0declar\u00f3 \u00a0que \u00a0nunca \u00a0se \u00a0enter\u00f3 de relaciones entre las \u00a0autodefensas \u00a0y \u00a0Oscar Wilches \u00a0Carre\u00f1o, \u00a0pero \u00a0si \u00a0de \u00a0una \u00a0reuni\u00f3n \u00a0a \u00a0finales de octubre o noviembre de 2006 18 \u00a0propiciada \u00a0por \u00a0el abogado \u00a0Javier \u00a0Vicente \u00a0Barrag\u00e1n Negro en casa de Walter Buitrago, con la presencia de \u00a0\u201cSalom\u00f3n\u201d \u00a0y \u00a0Efr\u00e9n \u00a0Hern\u00e1ndez, \u00a0para \u00a0idear \u00a0una \u00a0estrategia destinada a \u00a0\u201csacar del camino\u201d a pol\u00edticos de la talla de Oscar Wilches. \u00a0\u00a0<\/p>\n<p>\u00a0 \u00a0\u00a0 \u00a0\u00a0 \u00a0\u00a0En \u00a0consecuencia, \u00a0si \u00a0el \u00a0testimonio \u00a0de \u00a0Carlos \u00a0Guzm\u00e1n \u00a0Daza era \u00a0cuestionable \u00a0por \u00a0ser de \u201co\u00eddas\u201d, ahora resulta inaceptable por sospechoso \u00a0y \u00a0mendaz \u00a0y \u00a0por \u00a0obedecer \u00a0a \u00a0una \u00a0trama \u00a0pagada por opositores pol\u00edticos del \u00a0sindicado.19 \u00a0\u00a0<\/p>\n<p>\u00a0 \u00a0 \u00a0 \u00a0 \u00a0<\/p>\n<p>\u00a0 \u00a0\u00a0 \u00a0\u00a0 \u00a0\u00a0Acerca \u00a0de \u00a0las \u00a0presuntas \u00a0reuniones tampoco existe mayor sustento, \u00a0porque \u00a0Carlos \u00a0Julio \u00a0Novoa, \u00a0alias \u00a0\u201cCachicamo\u201d a pesar de que sostuvo que \u00a0Oscar \u00a0Wilches \u00a0Carre\u00f1o sosten\u00eda reuniones con Mart\u00edn Llanos en El Tropez\u00f3n, \u00a0al \u00a0 final \u00a0se \u00a0\u201carrepinti\u00f3\u201d \u00a0y \u00a0denunci\u00f3 \u00a0el \u00a0complot \u00a0contra \u00a0el \u00a0doctor \u00a0Wilches \u00a0Carre\u00f1o. Lo que no \u00a0se \u00a0puede \u00a0negar \u00a0es \u00a0la \u00a0reuni\u00f3n en el restaurante El Ca\u00f1ito a la que adem\u00e1s \u00a0asistieron \u00a0William \u00a0P\u00e9rez \u00a0Espinel, \u00a0Javier \u00a0Vargas \u00a0Barrag\u00e1n, \u00a0Jacobo Rivera \u00a0G\u00f3mez \u00a0y \u00a0Luz Marina Gonz\u00e1lez Valc\u00e1rcel. Sin embargo, ese encuentro no prueba \u00a0nada, \u00a0sobre \u00a0todo \u00a0si el sindicado asisti\u00f3 bajo la insuperable coacci\u00f3n de la \u00a0que \u00a0fueron \u00a0objeto \u00a0la \u00a0sociedad toda y los pol\u00edticos en especial. \u00a0\u00a0<\/p>\n<p>\u00a0 \u00a0\u00a0 \u00a0\u00a0 \u00a0Se \u00a0ha \u00a0sostenido \u00a0que \u00a0en \u00a0esa \u00a0convocatoria \u00a0se discutieron puntos \u00a0referentes \u00a0al \u00a0cogobierno con las autodefensas, pero llama la atenci\u00f3n que ese \u00a0documento \u00a0hubiese \u00a0aparecido \u00a0a\u00f1os \u00a0despu\u00e9s \u00a0en poder de Miguel Angel P\u00e9rez, \u00a0registrando \u00a0una \u00a0reuni\u00f3n \u00a0ocurrida \u00a0en \u00a0el \u00a0a\u00f1o \u00a02003, \u00a0cuesti\u00f3n \u00a0por dem\u00e1s \u00a0extra\u00f1a \u00a0si \u00a0se tiene en cuenta adem\u00e1s que Miguel Angel P\u00e9rez culp\u00f3 de todas \u00a0sus \u00a0desgracias \u00a0al doctor Wilches Carre\u00f1o. \u00a0Pero \u00a0acerca \u00a0de \u00a0ese \u00a0papel no existe mayor consenso, pues Jos\u00e9 \u00a0Meche \u00a0Valdivieso, \u00a0asegur\u00f3 \u00a0que \u00a0en \u00a0esa \u00a0reuni\u00f3n \u00a0no \u00a0se \u00a0discuti\u00f3 \u00a0ning\u00fan \u00a0documento, \u00a0y \u00a0nadie, \u00a0salvo, \u00a0Miguel Angel P\u00e9rez y Jacobo Rivera dan raz\u00f3n de \u00a0\u00e9l. \u00a0\u00a0<\/p>\n<p>\u00a0 \u00a0 \u00a0 \u00a0 \u00a0<\/p>\n<p>\u00a0 \u00a0\u00a0 \u00a0\u00a0 \u00a0\u00a0Por \u00a0 \u00faltimo, \u00a0los \u00a0resultados \u00a0electorales \u00a0obtenidos \u00a0por \u00a0el \u00a0ex \u00a0congresista \u00a0en \u00a0el \u00a0sur del departamento en las \u00e9pocas de que trata el juicio, \u00a0fueron \u00a0adversas \u00a0a \u00a0su \u00a0causa, lo que significa que no pudo tener acuerdos para \u00a0ser \u00a0favorecido en lugares del dominio de las autodefensas. Si a eso se suma que \u00a0alias \u00a0\u201cGuadalupe\u201d y Jos\u00e9 Reynaldo C\u00e1rdenas, entre otros paramilitares, no \u00a0tienen \u00a0raz\u00f3n \u00a0de que las autodefensas hubiesen sugerido votar por Oscar \u00a0Wilches \u00a0Carre\u00f1o, no queda duda que \u00a0\u00e9l no tuvo ni apoyo, ni permiso, ni respaldo del paramilitarismo. \u00a0\u00a0<\/p>\n<p>\u00a0 \u00a0\u00a0 \u00a0\u00a0 \u00a0\u00a0Desvirtuados, \u00a0 entonces, \u00a0los \u00a0fundamentos \u00a0de \u00a0la \u00a0acusaci\u00f3n, \u00a0la \u00a0defensa solicita la absoluci\u00f3n de su defendido. \u00a0\u00a0<\/p>\n<p>CONSIDERACIONES DE LA CORTE \u00a0<\/p>\n<p>La \u00a0 \u00a0Sala \u00a0 precisar\u00e1: \u00a0 (i) \u00a0 \u00a0la \u00a0 \u00a0competencia \u00a0 \u00a0(ii) \u00a0 el \u00a0 injusto \u00a0 de \u00a0concierto \u00a0para \u00a0delinquir \u00a0agravado y (iii) la \u00a0situaci\u00f3n \u00a0jur\u00eddica del doctor Oscar Leonidas Wilches \u00a0Carre\u00f1o, \u00a0frente \u00a0a \u00a0las exigencias del art\u00edculo 232 \u00a0del c\u00f3digo de procedimiento penal. \u00a0\u00a0<\/p>\n<p>\u00a0 \u00a0\u00a0 \u00a0\u00a0 \u00a0Primero. La Competencia. \u00a0\u00a0<\/p>\n<p>\u00a0 \u00a0\u00a0 \u00a0\u00a0 \u00a0\u00a0El \u00a0defensor \u00a0del acusado, seg\u00fan ha quedado expuesto, considera que \u00a0la \u00a0competencia \u00a0radica \u00a0en el Juzgado especializado y no en la Corte Suprema de \u00a0Justicia, \u00a0pues \u00a0en \u00a0su \u00a0criterio \u00a0en \u00a0la \u00a0acusaci\u00f3n \u00a0el supuesto f\u00e1ctico gira \u00a0alrededor \u00a0del \u00a0posible \u00a0acuerdo \u00a0il\u00edcito \u00a0cuando aspir\u00f3 a la Gobernaci\u00f3n del \u00a0Departamento \u00a0del \u00a0Casanare \u00a0y \u00a0a \u00a0la C\u00e1mara de Representantes en el a\u00f1o 2002, \u00a0razones que en sus propios t\u00e9rminos, \u00a0\u00a0<\/p>\n<p>\u201cllevaron \u00a0 \u00a0a \u00a0 \u00a0la \u00a0 fiscal\u00eda \u00a0 a \u00a0circunstancializar \u00a0 una \u00a0 acusaci\u00f3n \u00a0por \u00a0concierto \u00a0para \u00a0delinquir \u00a0agravado \u00a0materializado \u00a0en \u00a0las elecciones para gobernador del Casanare y para la C\u00e1mara \u00a0de Representantes en los a\u00f1os 2000 y 2002 respectivamente.\u201d \u00a0\u00a0<\/p>\n<p>\u00a0 \u00a0\u00a0 \u00a0\u00a0 \u00a0\u00a0A \u00a0partir \u00a0de \u00a0ese \u00a0supuesto, \u00a0la \u00a0defensa \u00a0argumenta \u00a0que el doctor \u00a0Wilches \u00a0Carre\u00f1o \u00a0actu\u00f3 en \u00a0las \u00a0elecciones \u00a0como \u00a0particular \u00a0y \u00a0por \u00a0lo \u00a0tanto \u00a0su conducta no puede tener \u00a0relaci\u00f3n \u00a0con \u00a0la funci\u00f3n, como para afirmar que el juicio lo debe culminar la \u00a0Sala de Casaci\u00f3n Penal de la Corte Suprema de Justicia. \u00a0\u00a0<\/p>\n<p>El \u00a0planteamiento \u00a0de \u00a0la defensa parte del \u00a0supuesto \u00a0de \u00a0que \u00a0el concierto se inicia y termina con el debate electoral; sin \u00a0embargo, \u00a0no se puede perder de vista que una de las caracter\u00edsticas esenciales \u00a0del \u00a0 delito \u00a0 de \u00a0concierto \u00a0para \u00a0delinquir \u00a0es \u00a0su \u00a0permanencia, \u00a0y \u00a0que \u00a0las \u00a0autodefensas \u00a0no \u00a0buscaban \u00a0dirimir conflictos electorales, sino elegir aliados, \u00a0bien \u00a0para \u00a0coadministrar \u00a0el departamento o ya para que actuaran en el Congreso \u00a0Nacional, \u00a0y \u00a0precisamente \u00a0por \u00a0eso \u00a0vetaron \u00a0o \u00a0impusieron \u00a0candidatos \u00a0en las \u00a0elecciones \u00a0de \u00a02002, \u00a0como \u00a0ocurri\u00f3 \u00a0con \u00a0la \u00a0aspiraci\u00f3n de Efr\u00e9n Hern\u00e1ndez \u00a0D\u00edaz, \u00a0 inicialmente \u00a0 desautorizada, \u00a0 pero \u00a0 luego \u00a0admitida \u00a0bajo \u00a0concretas \u00a0exigencias. \u00a0\u00a0<\/p>\n<p>Desde \u00a0ese punto de vista, lo que indica el \u00a0expediente, \u00a0 es \u00a0 que \u00a0 el \u00a0doctor \u00a0Wilches \u00a0Carre\u00f1o \u00a0incursion\u00f3 \u00a0en \u00a0los linderos de la ley penal a partir \u00a0de \u00a0acuerdos como el que se manifest\u00f3 inicialmente con o durante el debate para \u00a0elegir \u00a0gobernador \u00a0del \u00a0Departamento \u00a0del \u00a0Casanare \u00a0en \u00a0el \u00a0a\u00f1o \u00a02000 \u00a0y \u00a0que \u00a0continu\u00f3, \u00a0 en \u00a0 esa \u00a0 l\u00ednea \u00a0de \u00a0pactos, \u00a0hasta \u00a0llevarlo \u00a0a \u00a0la \u00a0C\u00e1mara \u00a0de \u00a0Representantes \u00a0en \u00a0el \u00a02002. \u00a0Si se asume, con lo que sucedi\u00f3 en el a\u00f1o 2000, \u00a0que \u00a0 los \u00a0 candidatos \u00a0 pactaron \u00a0con \u00a0las \u00a0autodefensas \u00a0el \u00a0co \u00a0gobierno \u00a0del \u00a0departamento, \u00a0con \u00a0id\u00e9nticas \u00a0razones \u00a0es v\u00e1lido inferir que los pactos en el \u00a0a\u00f1o \u00a02002 \u00a0no \u00a0ten\u00edan \u00a0mero \u00a0acento \u00a0electoral \u00a0sino \u00a0el \u00a0inter\u00e9s \u00a0por lograr \u00a0beneficios \u00a0con la funci\u00f3n alcanzada por el aliado con el paramilitarismo, como \u00a0con mayor detalle se tratar\u00e1 en el contexto de la decisi\u00f3n. \u00a0\u00a0<\/p>\n<p>Por supuesto que el argumento de la defensa \u00a0es \u00a0sugestivo, \u00a0pero \u00a0solo en apariencia, pues la idea parte del concepto de que \u00a0el \u00a0delito \u00a0se inicia y agota con el acto de elecci\u00f3n, tal y como si se tratara \u00a0de \u00a0un \u00a0delito \u00a0instant\u00e1neo, \u00a0lo \u00a0cual es inaceptable de vista a la estructura, \u00a0sentido \u00a0y \u00a0efectos de un delito de car\u00e1cter permanente como lo es el concierto \u00a0para delinquir.\u00a0 \u00a0\u00a0<\/p>\n<p>De \u00a0otra \u00a0parte, \u00a0escindir \u00a0la \u00a0actividad \u00a0delincuencial \u00a0y \u00a0vincular el concierto \u00fanicamente al proceso de elecci\u00f3n para \u00a0destacar \u00a0la \u00a0condici\u00f3n de particular con que se act\u00faa es privar a la conducta \u00a0punible \u00a0de \u00a0su \u00a0finalidad y de su perspectiva, que en el contexto de lo probado \u00a0se \u00a0propon\u00eda \u00a0no \u00a0la \u00a0simple \u00a0participaci\u00f3n \u00a0en \u00a0el \u00a0proceso \u00a0electoral, \u00a0sino \u00a0vincular, \u00a0en \u00a0lo \u00a0fundamental, \u00a0a sus aliados con la funci\u00f3n p\u00fablica, como se \u00a0demuestra \u00a0 con \u00a0el \u00a0pacto \u00a0por \u00a0la \u00a0cogobernaci\u00f3n \u00a0del \u00a0departamento \u00a0con \u00a0los \u00a0candidatos a esa dignidad en el a\u00f1o 2000. \u00a0\u00a0<\/p>\n<p>A partir de esas reflexiones y de la lectura \u00a0del \u00a0par\u00e1grafo \u00a0del art\u00edculo 235 de la Constituci\u00f3n Pol\u00edtica, que autoriza a \u00a0la \u00a0Corte \u00a0a \u00a0conservar \u00a0la competencia frente a \u201cdelitos que tienen relaci\u00f3n \u00a0con \u00a0la \u00a0funci\u00f3n\u201d, \u00a0cuando \u00a0el Senador o Representante ha hecho dejaci\u00f3n del \u00a0cargo \u00a0por \u00a0la \u00a0raz\u00f3n \u00a0que \u00a0fuera, se concluye que le asiste competencia a esta \u00a0Corporaci\u00f3n \u00a0para \u00a0concluir \u00a0la \u00a0presente \u00a0investigaci\u00f3n \u00a0por \u00a0tratarse de una \u00a0conducta \u00a0 \u00a0realizada \u00a0 \u00a0\u201cpor \u00a0 \u00a0causa \u00a0del \u00a0servicio, \u00a0con ocasi\u00f3n del mismo o en ejercicio de funciones \u00a0inherentes \u00a0 \u00a0 \u00a0 \u00a0al \u00a0 \u00a0 \u00a0 \u00a0cargo.\u201d \u00a0 \u00a0 \u00a0 \u00a020 \u00a0\u00a0<\/p>\n<p>\u00a0 \u00a0\u00a0 \u00a0\u00a0 \u00a0\u00a0Por \u00a0lo tanto, la Corte es competente para \u00a0proferir el fallo de fondo. \u00a0\u00a0<\/p>\n<p>\u00a0 \u00a0\u00a0 \u00a0\u00a0 \u00a0Segundo. \u00a0El \u00a0injusto \u00a0de \u00a0concierto para \u00a0delinquir: vigencia y sentido normativo. \u00a0\u00a0<\/p>\n<p>\u00a0 \u00a0\u00a0 \u00a0\u00a0 \u00a0\u00a0De \u00a0dos \u00a0temas \u00a0debe \u00a0ocuparse la Sala con respecto al tipo penal de \u00a0concierto \u00a0 para \u00a0 delinquir. \u00a0Uno, \u00a0de \u00a0su \u00a0vigencia, \u00a0y \u00a0dos, \u00a0de \u00a0su \u00a0sentido \u00a0normativo. \u00a0\u00a0<\/p>\n<p>En \u00a0 cuanto \u00a0 a \u00a0lo \u00a0primero, \u00a0el \u00a0doctor \u00a0Wilches \u00a0Carre\u00f1o discute la \u00a0vigencia \u00a0del \u00a0tipo \u00a0penal \u00a0que \u00a0describe el injusto de concierto para delinquir \u00a0agravado, \u00a0con \u00a0el argumento de que la conducta que se le imputa, consistente en \u00a0concertarse \u00a0para \u00a0promover \u00a0a \u00a0un \u00a0grupo \u00a0armado ilegal fue \u201cdespenalizada\u201d \u00a0mediante \u00a0la \u00a0ley \u00a01121 de 2009. En torno de ese tema, conviene se\u00f1alar, en los \u00a0t\u00e9rminos \u00a0que \u00a0se \u00a0indicar\u00e1n, \u00a0que \u00a0la \u00a0Corte \u00a0ha \u00a0resuelto el punto desde una \u00a0perspectiva \u00a0dogm\u00e1tica \u00a0y \u00a0pol\u00edtico \u00a0criminal \u00a0distintas \u00a0a la expuesta por el \u00a0procesado: \u00a0\u00a0<\/p>\n<p>\u201c4.- La ley 1121 de 2006, expedida para \u00a0detectar, \u00a0investigar \u00a0y sancionar la financiaci\u00f3n de actividades de terrorismo \u00a0y \u00a0justicia \u00a0privada, \u00a0entre \u00a0otros \u00a0objetivos, \u00a0introdujo \u00a0una modificaci\u00f3n de \u00a0sistem\u00e1tica \u00a0legislativa \u00a0y de aumento de penas al inciso 2\u00ba del art\u00edculo 340 \u00a0del \u00a0C\u00f3digo \u00a0Penal. \u00a0Pero \u00a0tambi\u00e9n \u00a0volvi\u00f3 \u00a0a \u00a0retomar, \u00a0como tipo especial y \u00a0simple, \u00a0 a \u00a0 trav\u00e9s \u00a0del \u00a0art\u00edculo \u00a0345, \u00a0el \u00a0comportamiento \u00a0consistente \u00a0en \u00a0promocionar \u00a0y \u00a0financiar \u00a0grupos \u00a0armados al margen de la ley, esta vez con una \u00a0descripci\u00f3n \u00a0normativa \u00a0de \u00a0m\u00e1s \u00a0amplio \u00a0espectro \u00a0y \u00a0con \u00a0una mayor severidad \u00a0punitiva. \u00a0\u00a0<\/p>\n<p>\u201cEn \u00a0efecto, \u00a0el \u00a0art\u00edculo 16 de la ley \u00a01121 \u00a0de \u00a02006, \u00a0modific\u00f3 el art\u00edculo 345 del C\u00f3digo Penal, que sancionaba la \u00a0conducta \u00a0 \u00a0de \u00a0 \u00a0administrar \u00a0 &#8220;bienes \u00a0 relacionados\u00a0 \u00a0 con \u00a0 actividades \u00a0terroristas&#8221;, \u00a0 para\u00a0 \u00a0 integrar \u00a0 en \u00a0esa \u00a0disposici\u00f3n \u00a0distintos \u00a0verbos \u00a0alternativos \u00a0que \u00a0incluyen, \u00a0adem\u00e1s, \u00a0la \u00a0promoci\u00f3n, \u00a0apoyo, \u00a0mantenimiento y \u00a0financiaci\u00f3n de los grupos de justicia privada o sus integrantes. \u00a0\u00a0<\/p>\n<p>\u201cEl \u00a0 nuevo \u00a0 tipo \u00a0penal, \u00a0denominado \u00a0&#8220;financiaci\u00f3n \u00a0del \u00a0terrorismo \u00a0y \u00a0administraci\u00f3n de recursos relacionados con \u00a0actividades terroristas&#8221; es del siguiente tenor: \u00a0\u00a0<\/p>\n<p>&#8220;El \u00a0que \u00a0directa o indirectamente provea, \u00a0recolecte, \u00a0entregue, \u00a0reciba, \u00a0administre, \u00a0aporte, \u00a0custodie \u00a0o guarde fondos, \u00a0bienes \u00a0 o \u00a0 recursos, \u00a0 o \u00a0 realice \u00a0 cualquier \u00a0 otro \u00a0acto \u00a0que \u00a0promueva, \u00a0organice, \u00a0apoye, \u00a0mantenga, \u00a0financie \u00a0o \u00a0sostenga econ\u00f3micamente, a grupos armados al margen de la ley, o a \u00a0sus \u00a0 integrantes, \u00a0o \u00a0a \u00a0grupos \u00a0terroristas \u00a0nacionales \u00a0o \u00a0extranjeros, \u00a0o \u00a0a \u00a0terroristas \u00a0nacionales \u00a0o \u00a0extranjeros, o a actividades terroristas, incurrir\u00e1 \u00a0en \u00a0prisi\u00f3n \u00a0de \u00a0trece \u00a0(13) \u00a0a \u00a0veintid\u00f3s \u00a0(22) \u00a0a\u00f1os \u00a0y \u00a0multa de mil\u00a0 \u00a0trescientos \u00a0(1.300) \u00a0a \u00a0quince mil (15.000) salarios m\u00ednimos legales mensuales \u00a0vigentes&#8221;. \u00a0\u00a0<\/p>\n<p>\u201cEl legislador ha compendiado en un tipo \u00a0penal \u00a0todas \u00a0las \u00a0formas \u00a0de \u00a0vinculaci\u00f3n-promoci\u00f3n \u00a0de \u00a0grupos, \u00a0personas \u00a0y \u00a0actividades\u00a0 \u00a0de \u00a0justicia \u00a0privada \u00a0y terrorismo y ha hecho \u00e9nfasis en la \u00a0gravedad del financiamiento o sostenimiento. \u00a0\u00a0<\/p>\n<p>\u201cLo que antes \u00a0estaba \u00a0en \u00a0el \u00a0inciso \u00a0segundo \u00a0del \u00a0340 -organizar, \u00a0promover, \u00a0armar, \u00a0o \u00a0financiar grupos armados al margen de la ley- ahora \u00a0 \u00a0est\u00e1 \u00a0 en \u00a0 el \u00a0 art\u00edculo \u00a0 345 \u00a0 modificado, \u00a0y, \u00a0a su vez, esta nueva y nutrida disposici\u00f3n, por medio de su \u00a0m\u00e1s \u00a0amplia \u00a0denominaci\u00f3n \u00a0-&#8220;financiaci\u00f3n del terrorismo y administraci\u00f3n de \u00a0recursos \u00a0relacionados con actividades terroristas&#8221;- se mantiene como una de las \u00a0conductas \u00a0que \u00a0pueden \u00a0generar \u00a0sanci\u00f3n \u00a0m\u00e1s \u00a0fuerte frente al concierto para \u00a0delinquir, sustituyendo la anterior nominaci\u00f3n. \u00a0\u00a0<\/p>\n<p>\u201cComo \u00a0era natural, el legislador ten\u00eda \u00a0que \u00a0adecuar \u00a0el \u00a0art\u00edculo \u00a0340 \u00a0del \u00a0C\u00f3digo \u00a0Penal \u00a0a \u00a0la nueva denominaci\u00f3n \u00a0delictiva, \u00a0la \u00a0que est\u00e1 dada por el ep\u00edgrafe del nuevo art\u00edculo 345 ib\u00eddem. \u00a0Estas \u00a0nuevas denominaciones y el aumento de pena son la novedad introducida por \u00a0la ley 1121 de 2006\u2026\u201d \u00a0\u00a0<\/p>\n<p>\u201cSobre el alcance de esta ley en el tema \u00a0materia \u00a0de \u00a0an\u00e1lisis, \u00a0la \u00a0Corte \u00a0Suprema \u00a0de \u00a0Justicia \u00a0ya \u00a0ha \u00a0precisado \u00a0lo \u00a0siguiente: \u00a0\u00a0<\/p>\n<p>\u201cUno. Con su expedici\u00f3n se quiso regular \u00a0de \u00a0manera \u00a0m\u00e1s \u00a0t\u00e9cnica \u00a0los \u00a0comportamientos \u00a0que \u00a0tienen \u00a0que \u00a0ver \u00a0con \u00a0la \u00a0financiaci\u00f3n \u00a0del \u00a0terrorismo, \u00a0con \u00a0el \u00a0prop\u00f3sito de acomodarlos a las nuevas \u00a0necesidades \u00a0 y \u00a0 requerimientos \u00a0 surgidos \u00a0con \u00a0ocasi\u00f3n \u00a0de \u00a0los \u00a0compromisos \u00a0adquiridos a trav\u00e9s de la aprobaci\u00f3n de tratados internacionales. \u00a0\u00a0<\/p>\n<p>\u201cDos. \u00a0En \u00a0el \u00a0art\u00edculo \u00a0 16, \u00a0 el \u00a0 legislador \u00a0tipific\u00f3 \u00a0aut\u00f3nomamente \u00a0el \u00a0comportamiento \u00a0consistente \u00a0en \u00a0organizar, promover, armar o financiar grupos armados al margen \u00a0de \u00a0 \u00a0la \u00a0 \u00a0ley \u00a0 \u00a0(art\u00edculo \u00a0 345 \u00a0 del \u00a0 C\u00f3digo \u00a0Penal). \u00a0\u00a0<\/p>\n<p>\u201cTres. Para que el hecho de concertar la \u00a0comisi\u00f3n \u00a0de \u00a0tal conducta espec\u00edfica quedara incluido en el art\u00edculo 340 del \u00a0C\u00f3digo \u00a0Penal, \u00a0reform\u00f3 \u00a0su \u00a0inciso \u00a02\u00ba \u00a0reemplazando las alocuciones &#8220;o para \u00a0organizar, \u00a0promover, armar o financiar grupos armados al margen de la ley&#8221;, por \u00a0la \u00a0 modalidad \u00a0 conductual \u00a0 relativa \u00a0 al \u00a0&#8220;financiamiento \u00a0del \u00a0terrorismo \u00a0y \u00a0administraci\u00f3n \u00a0 \u00a0 \u00a0de \u00a0 \u00a0 \u00a0recursos \u00a0 \u00a0 \u00a0relacionados \u00a0 \u00a0 \u00a0con \u00a0 \u00a0 actividades \u00a0terroristas&#8221;. \u00a0\u00a0<\/p>\n<p>\u201cCuatro. \u00a0Lo \u00a0que \u00a0antes \u00a0se \u00a0denominaba \u00a0&#8220;Administraci\u00f3n \u00a0de \u00a0recursos \u00a0relacionados con actividades terroristas&#8221;, en la \u00a0nueva \u00a0normativa \u00a0se denomina &#8220;Financiaci\u00f3n del terrorismo y administraci\u00f3n de \u00a0recursos \u00a0relacionados \u00a0con actividades terroristas&#8221;, para incluir en el tipo de \u00a0una \u00a0 forma \u00a0 que \u00a0 resulte \u00a0 omnicomprensiva, \u00a0otras \u00a0conductas \u00a0compatibles \u00a0o \u00a0relacionadas \u00a0con \u00a0la \u00a0actividad \u00a0del \u00a0financiamiento \u00a0de \u00a0actos terroristas que \u00a0anteriormente \u00a0 no \u00a0estaban \u00a0descritas \u00a0como \u00a0delito \u00a0independiente, \u00a0sino \u00a0como \u00a0finalidades \u00a0espec\u00edficas \u00a0del concierto para delinquir, tal como se reconoce en \u00a0la \u00a0exposici\u00f3n \u00a0de motivos al proyecto que luego conociera la luz como ley 1121 \u00a0del 29 de diciembre del 2006. \u00a0\u00a0<\/p>\n<p>\u201cCinco. \u00a0Es \u00a0evidente, \u00a0entonces, \u00a0que \u00a0el \u00a0 \u00a0 \u00a0 concierto \u00a0 \u00a0 \u00a0 para \u00a0 \u00a0 \u00a0 organizar, \u00a0 \u00a0promover \u00a0 \u00a0o \u00a0financiar grupos armados al margen de \u00a0la \u00a0ley, \u00a0no \u00a0fue \u00a0suprimido \u00a0del \u00a0cat\u00e1logo \u00a0de \u00a0delitos que contempla la nueva \u00a0ley. \u00a0Todo \u00a0lo contrario: esa conducta fue readecuada \u00a0como \u00a0comportamiento \u00a0punible \u00a0aut\u00f3nomo \u00a0en \u00a0el \u00a0art\u00edculo 345, y su concierto, \u00a0calificado \u00a0como \u00a0circunstancia de agravaci\u00f3n del concierto para delinquir, con \u00a0una \u00a0pena \u00a0mucho \u00a0mayor \u00a0que la prevista en el art\u00edculo 340.2 de la ley 599 del \u00a02000, \u00a0modificado \u00a0por \u00a0la \u00a0ley \u00a0733 \u00a0del \u00a02002.\u201d 21 \u00a0\u00a0<\/p>\n<p>\u00a0 \u00a0\u00a0 \u00a0\u00a0 \u00a0\u00a0De \u00a0manera \u00a0que \u00a0no \u00a0s\u00f3lo \u00a0por \u00a0razones \u00a0dogm\u00e1ticas \u00a0el injusto de \u00a0concierto \u00a0para \u00a0delinquir \u00a0agravado \u00a0con \u00a0la \u00a0finalidad \u00a0de promover a un grupo \u00a0ilegal \u00a0no \u00a0ha \u00a0sido despenalizado, sino porque como tambi\u00e9n lo ha se\u00f1alado la \u00a0Corte, \u00a0pol\u00edtico \u00a0criminalmente \u00a0ser\u00eda insensato e incomprensible que la nueva \u00a0legislaci\u00f3n \u00a0destinada a enfrentar con mayor severidad tales comportamientos en \u00a0la \u00a0l\u00ednea \u00a0de \u00a0honrar \u00a0compromisos \u00a0internacionales, \u00a0terminara por derogar una \u00a0prohibici\u00f3n \u00a0 que \u00a0 se \u00a0 considera \u00a0indispensable \u00a0para \u00a0enfrentar \u00a0las \u00a0vastas \u00a0manifestaciones del crimen organizado. \u00a0\u00a0<\/p>\n<p>En \u00a0cuanto a lo segundo, esto es, frente al \u00a0sentido \u00a0del tipo penal, la Sala en reciente decisi\u00f3n, acaba de referir para lo \u00a0que es de inter\u00e9s lo siguiente: \u00a0\u00a0<\/p>\n<p>\u201cAl \u00a0respecto, \u00a0en \u00a0la \u00a0resoluci\u00f3n \u00a0de \u00a0acusaci\u00f3n \u00a0se \u00a0indic\u00f3 que el sistema penal se ocupa de delitos, con la idea de \u00a0mostrar \u00a0que \u00a0los \u00a0tipos \u00a0penales \u00a0no \u00a0se \u00a0refieren \u00a0a \u00a0estados \u00a0o cosas, sino a \u00a0conductas \u00a0que \u00a0en \u00a0la medida que afectan o ponen en riesgo un bien jur\u00eddico se \u00a0constituyen en un injusto. \u00a0\u00a0<\/p>\n<p>\u201cEsta \u00a0\u00faltima \u00a0precisi\u00f3n \u00a0es esencial, \u00a0pues \u00a0con ella se reconoce que el contenido del injusto no reside en una postura \u00a0moral \u00a0o \u00a0en \u00a0el \u00a0desacato \u00a0a la norma \u2013 \u00a0 quedando \u00a0 a \u00a0 salvo \u00a0la \u00a0preocupaci\u00f3n \u00a0del \u00a0Se\u00f1or \u00a0Procurador \u00a0\u2013\u00a0 sino en la puesta \u00a0en \u00a0riesgo \u00a0o \u00a0en \u00a0la \u00a0afectaci\u00f3n \u00a0de un bien jur\u00eddico, como la Sala ha tenido \u00a0ocasi\u00f3n de se\u00f1alarlo en los siguientes t\u00e9rminos: \u00a0\u00a0<\/p>\n<p>\u00a0 \u00a0\u00a0 \u00a0\u00a0 \u00a0\u201cAlrededor \u00a0de \u00a0esa discusi\u00f3n existe alg\u00fan grado de consenso en \u00a0que \u00a0por \u00a0el \u00a0grado \u00a0de \u00a0desarrollo \u00a0de \u00a0una \u00a0cultura \u00a0en torno al respeto a los \u00a0derechos \u00a0humanos, \u00a0la idea de protecci\u00f3n de bienes jur\u00eddicos que subyace a la \u00a0idea \u00a0de \u00a0intervenci\u00f3n \u00a0penal es la que mejor se aviene con una teor\u00eda liberal \u00a0de \u00a0la cuesti\u00f3n penal, sobre todo si se asume, como lo se\u00f1ala Roxin, que \u201cla \u00a0penalizaci\u00f3n \u00a0de una conducta tiene que poseer una legitimaci\u00f3n distinta de la \u00a0que \u00a0le \u00a0otorga \u00a0la \u00a0mera \u00a0voluntad \u00a0del \u00a0legislador.\u201d \u00a0Por \u00a0eso, el referente \u00a0material \u00a0de \u00a0las \u00a0prohibiciones ser\u00e1n \u201crealidades o fines que son necesarios \u00a0para \u00a0una \u00a0vida \u00a0social \u00a0libre \u00a0y \u00a0segura \u00a0que \u00a0garantice los derechos humanos y \u00a0fundamentales \u00a0del \u00a0individuo, \u00a0o \u00a0para \u00a0el \u00a0funcionamiento \u00a0del sistema estatal \u00a0erigido \u00a0para \u00a0la \u00a0conservaci\u00f3n \u00a0de \u00a0tal \u00a0fin.\u201d \u00a022 \u00a0\u00a0<\/p>\n<p>\u00a0 \u00a0\u00a0 \u00a0 \u00a0De \u00a0igual \u00a0manera, \u00a0desde la perspectiva del bien jur\u00eddico, con el \u00a0fin \u00a0de \u00a0deslindar \u00a0el sentido de la norma, se expuso: \u00a0\u00a0 \u00a0 \u00a0 \u00a0 \u00a0\u00a0<\/p>\n<p>\u201cEsa \u00a0 comprensi\u00f3n \u00a0del \u00a0concepto \u00a0de \u00a0seguridad \u00a0como \u00a0bien \u00a0jur\u00eddico, la relaci\u00f3n con la libertad y la ponderaci\u00f3n \u00a0entre \u00a0 \u00a0 \u00a0 \u00a0 \u00a0 esos \u00a0 \u00a0 \u00a0 \u00a0 \u00a0 principios,23 \u00a0permite \u00a0una aproximaci\u00f3n \u00a0distinta \u00a0al \u00a0tipo \u00a0penal \u00a0en \u00a0orden \u00a0a \u00a0determinar \u00a0dentro de la imprescindible \u00a0armon\u00eda \u00a0entre \u00a0conducta \u00a0y \u00a0tipicidad \u00a0estricta, \u00a0el actual sentido del aparte \u00a0segundo del art\u00edculo 340 del c\u00f3digo penal. \u00a0\u00a0<\/p>\n<p>Pues bien: \u00a0<\/p>\n<p>\u201cEn \u00a0ese \u00a0sentido, \u00a0recu\u00e9rdese \u00a0que \u00a0la \u00a0f\u00f3rmula \u00a0 acu\u00f1ada \u00a0 para \u00a0 enfrentar \u00a0 organizaciones \u00a0 ilegales \u00a0mediante \u00a0la \u00a0descripci\u00f3n \u00a0 del \u00a0 delito \u00a0 de \u00a0concierto \u00a0para \u00a0delinquir \u00a0agravado \u00a0como \u00a0un \u00a0\u201cacuerdo\u201d \u00a0para \u00a0cometer \u00a0delitos, \u00a0fue \u00a0superada \u00a0por \u00a0nuevas, \u00a0violentas y \u00a0din\u00e1micas \u00a0acciones \u00a0delictivas \u00a0que \u00a0rebasaron \u00a0la \u00a0capacidad de respuesta del \u00a0Estado, \u00a0y \u00a0que \u00a0llevaron \u00a0a \u00a0confrontar \u00a0nuevos \u00a0tipos \u00a0de asociaci\u00f3n il\u00edcita \u00a0mediante \u00a0 f\u00f3rmulas \u00a0 acu\u00f1adas \u00a0con \u00a0fundamento \u00a0en \u00a0las \u00a0siempre \u00a0discutibles \u00a0facultades \u00a0 propias \u00a0 del \u00a0 Ordenamiento \u00a0Constitucional \u00a0anterior.24 \u00a0\u00a0<\/p>\n<p>\u201cPero \u00a0lo \u00a0que \u00a0interesa resaltar de esa \u00a0legislaci\u00f3n \u00a0 es \u00a0que \u00a0se \u00a0constituye \u00a0en \u00a0uno \u00a0de \u00a0los \u00a0primeros \u00a0antecedentes \u00a0normativos \u00a0 con \u00a0 los \u00a0 cuales \u00a0 se \u00a0 intent\u00f3 \u00a0 enfrentar \u00a0 organizaciones \u00a0no \u00a0convencionales, \u00a0no \u00a0s\u00f3lo \u00a0para \u00a0sancionar a quienes la conformaban, sino a los \u00a0que \u00a0\u201cpromueven\u201d semejantes organizaciones al margen de la ley, en lo que se \u00a0constituye \u00a0en \u00a0el \u00a0principal \u00a0antecedente de lo que es hoy el art\u00edculo 340 del \u00a0c\u00f3digo \u00a0penal, \u00a0norma con la cual se calific\u00f3 el concierto para delinquir para \u00a0responder \u00a0a las alianzas il\u00edcitas entre actores del m\u00e1s diverso orden, sin la \u00a0cual \u00a0se \u00a0pod\u00eda \u00a0dejar \u00a0la \u00a0sensaci\u00f3n \u00a0de \u00a0que \u00a0la \u00a0respuesta \u00a0punitiva \u00a0no se \u00a0compadec\u00eda \u00a0con \u00a0la magnitud del riesgo que generan los aparatos organizados de \u00a0poder, \u00a0lo cual resultaba muy cuestionable desde el punto de vista del principio \u00a0de proporcionalidad y de la llamada prohibici\u00f3n por defecto. \u00a0\u00a0<\/p>\n<p>\u201cPor todas estas razones se dise\u00f1aron en \u00a0el \u00a0c\u00f3digo \u00a0penal \u00a0de 2000 tres propuestas dogm\u00e1ticas para enfrentar distintos \u00a0tipos \u00a0de \u00a0riesgo \u00a0para \u00a0el bien jur\u00eddico: en la primera se mantuvo la f\u00f3rmula \u00a0tradicional \u00a0para \u00a0el \u00a0concierto \u00a0simple, o para cometer delitos indeterminados, \u00a0con \u00a0la \u00a0que \u00a0se \u00a0enfrenta \u00a0la llamada delincuencia com\u00fan o convencional. En la \u00a0segunda \u00a0 se \u00a0 deline\u00f3 \u00a0 el \u00a0 concierto \u00a0 para \u00a0delinquir \u00a0agravado, \u00a0dise\u00f1ado \u00a0estrat\u00e9gicamente \u00a0para \u00a0sancionar, \u00a0entre \u00a0otras \u00a0conductas, \u00a0el \u00a0acuerdo \u00a0para \u00a0promover, \u00a0financiar, armar u organizar grupos armados al margen de la ley, y en \u00a0la \u00a0tercera un tipo especial que si bien no conserva la misma t\u00e9cnica penal, se \u00a0refiere \u00a0 \u00a0a \u00a0 \u00a0la \u00a0 efectiva \u00a0 materializaci\u00f3n \u00a0 del \u00a0 acuerdo. \u00a0 25 \u00a0\u00a0<\/p>\n<p>\u00a0\u00a0 \u00a0<\/p>\n<p>\u201cDe \u00a0ese modo se confirma la idea de que \u00a0las \u00a0f\u00f3rmulas \u00a0t\u00edpicas \u00a0deben \u00a0corresponder \u00a0a \u00a0la \u00a0manera como se manifiestan \u00a0relaciones \u00a0delincuenciales \u00a0esencialmente \u00a0din\u00e1micas, las cuales dentro de una \u00a0nueva \u00a0elaboraci\u00f3n \u00a0del \u00a0sentido del bien jur\u00eddico, permiten incluir novedosos \u00a0comportamientos \u00a0compatibles con la idea de promover grupos armados al margen de \u00a0la \u00a0ley, \u00a0como \u00a0corresponde \u00a0al \u00a0sentido \u00a0y teleolog\u00eda contempor\u00e1neas del tipo \u00a0penal.26\u00a0\u00a0\u00a0\u00a0 \u00a0\u00a0<\/p>\n<p>\u00a0\u00a0\u00a0\u00a0\u00a0\u00a0\u00a0 \u00a0\u201cPor \u00a0esa raz\u00f3n, estas nuevas modalidades de ilegalidad que colocan en riesgo \u00a0la \u00a0seguridad \u00a0p\u00fablica, \u00a0le \u00a0han \u00a0permitido \u00a0a \u00a0la \u00a0Sala \u00a0en la hora actual, al \u00a0interpretar \u00a0 el \u00a0 concierto \u00a0 entre \u00a0grupos \u00a0armados \u00a0y \u00a0representantes \u00a0de \u00a0la \u00a0institucionalidad, sostener lo siguiente: \u00a0\u00a0<\/p>\n<p>\u00a0\u00a0 \u00a0\u201cTeniendo \u00a0en \u00a0cuenta \u00a0lo \u00a0anterior \u00a0y \u00a0lo \u00a0que \u00a0de \u00a0ordinario \u00a0sucede \u00a0en \u00a0aparatos \u00a0organizados \u00a0de poder \u00a0\u2013 todo para no desconocer \u00a0el \u00a0bien \u00a0jur\u00eddico, \u00a0el \u00a0sentido \u00a0del \u00a0tipo \u00a0penal, \u00a0o \u00a0los \u00a0contenidos \u00a0de \u00a0la \u00a0conducta\u2013, el aporte del \u00a0pol\u00edtico \u00a0a \u00a0la \u00a0causa \u00a0paramilitar \u00a0cuando \u00a0coloca \u00a0la \u00a0funci\u00f3n p\u00fablica a su \u00a0servicio \u00a0debe \u00a0mirarse no tanto en la creaci\u00f3n de disfunciones institucionales \u00a0\u2013 que, claro, le agregan \u00a0mayor \u00a0gravedad \u00a0al \u00a0injusto \u00a0-, \u00a0sino en la medida que con esa contribuci\u00f3n se \u00a0incrementa el riesgo contra \u00a0la \u00a0seguridad \u00a0p\u00fablica \u00a0al \u00a0potenciar \u00a0la \u00a0acci\u00f3n del grupo ilegal, como puede \u00a0ocurrir \u00a0cuando \u00a0por \u00a0la \u00a0influencia \u00a0de \u00a0las \u00a0autodefensas se crean condiciones \u00a0materiales \u00a0 mediante \u00a0inversi\u00f3n \u00a0estatal \u00a0en \u00a0lugares \u00a0donde \u00a0la \u00a0acci\u00f3n \u00a0del \u00a0paramilitarismo es evidente.\u201d \u00a0\u00a0<\/p>\n<p>\u00a0 \u00a0 \u00a0 \u00a0 \u00a0<\/p>\n<p>\u00a0 \u00a0\u00a0 \u00a0 \u00a0\u201c\u2026Para \u00a0quedar \u00a0a salvo de nocivas interpretaciones, la Sala en \u00a0relaci\u00f3n \u00a0con situaciones en donde la carga \u00e9tica era a\u00fan mayor sostuvo en la \u00a0sentencia \u00a0de \u00a0\u00fanica \u00a0instancia \u00a0del \u00a025 de noviembre de 2008, radicado 26.942, \u00a0que: \u00a0\u00a0<\/p>\n<p>\u201c\u2026la \u00a0consecuencia \u00a0m\u00e1s importante de \u00a0definir \u00a0el contenido de los tipos penales a partir de un concepto vital de bien \u00a0jur\u00eddico, \u00a0es \u00a0la \u00a0de \u00a0permitir \u00a0diferenciar un delito de lo que no lo es, como \u00a0corresponde al principio de fragmentariedad del derecho penal.\u201d \u00a0\u00a0<\/p>\n<p>Y segundo, \u00a0<\/p>\n<p>\u201c\u2026 \u00a0los \u00a0contenidos \u00a0materiales \u00a0que \u00a0fundamentan \u00a0los tipos penales a partir del bien jur\u00eddico, permiten diferenciar \u00a0los \u00a0juicios \u00a0jur\u00eddicos \u00a0de \u00a0los de opini\u00f3n y de los meramente pol\u00edticos, los \u00a0cuales \u00a0 si \u00a0bien \u00a0pueden \u00a0coincidir, \u00a0presentan \u00a0serias \u00a0diferencias \u00a0desde \u00a0la \u00a0epistemolog\u00eda en que se fundan.\u201d \u00a0\u00a0<\/p>\n<p>\u201cPor \u00a0todo \u00a0ello, \u00a0en \u00a0relaci\u00f3n con los \u00a0acuerdos ilegales, se dijo lo siguiente: \u00a0\u00a0<\/p>\n<p>\u201c\u2026 \u00a0no \u00a0se \u00a0trata \u00a0de \u00a0una imputaci\u00f3n \u00a0\u00e9tica, \u00a0para \u00a0lo cual bastar\u00eda decir con Kant que \u201ca la aut\u00e9ntica pol\u00edtica \u00a0le \u00a0es \u00a0imposible \u00a0dar \u00a0un \u00a0solo \u00a0paso \u00a0sin \u00a0antes \u00a0haber \u00a0rendido homenaje a la \u00a0moral\u201d, \u00a0 27 \u00a0sino \u00a0de \u00a0una \u00a0imputaci\u00f3n \u00a0jur\u00eddica \u00a0que se construye como todo \u00a0proceso \u00a0de \u00a0alteridad, sobre la base del riesgo que generan las acciones de los \u00a0grupos \u00a0armados \u00a0al \u00a0margen \u00a0de \u00a0la ley contra el bien de la seguridad p\u00fablica, \u00a0entendido, \u00a0seg\u00fan \u00a0ya \u00a0se \u00a0indic\u00f3, \u00a0como el conjunto de condiciones materiales \u00a0m\u00ednimas \u00a0 para \u00a0garantizar \u00a0el \u00a0ejercicio \u00a0de \u00a0los \u00a0derechos \u00a0fundamentales.\u201d \u00a028 \u00a0\u00a0<\/p>\n<p>\u00a0 \u00a0 \u00a0 \u00a0 \u00a0<\/p>\n<p>Estas \u00a0alusiones, tanto a la vigencia de la \u00a0ley, \u00a0 como \u00a0 al \u00a0sentido \u00a0de \u00a0la \u00a0norma, \u00a0son \u00a0indispensables \u00a0para \u00a0comprender \u00a0materialmente \u00a0el \u00a0sentido de la imputaci\u00f3n f\u00e1ctica y jur\u00eddica, que seg\u00fan lo \u00a0expuso \u00a0la fiscal\u00eda en la resoluci\u00f3n de acusaci\u00f3n y en su intervenci\u00f3n oral, \u00a0se \u00a0sustenta \u00a0en \u00a0el \u201cacuerdo\u201d para \u201cpromover\u201d un grupo armado por fuera \u00a0de la ley. \u00a0\u00a0<\/p>\n<p>Sin \u00a0entrar \u00a0ahora en detalles acerca de la \u00a0manera \u00a0como \u00a0se \u00a0verific\u00f3 \u00a0el \u00a0acuerdo, \u00a0lo \u00a0que no puede admitir es que se le \u00a0conceda \u00a0una inusitada importancia a la reflexi\u00f3n plasmada en la definici\u00f3n de \u00a0la \u00a0situaci\u00f3n \u00a0jur\u00eddica \u00a0y que se reitera en la resoluci\u00f3n acusatoria, seg\u00fan \u00a0la cual, \u00a0\u00a0<\/p>\n<p>\u201c\u2026 \u00a0quien \u00a0acude \u00a0a \u00a0una organizaci\u00f3n \u00a0armada \u00a0ilegal \u00a0con el objeto de que se le facilite o permita, mediante acuerdos \u00a0escritos \u00a0o verbales, el ejercicio de una determinada actividad l\u00edcita, en este \u00a0caso la pol\u00edtica, acuerda con ella su promoci\u00f3n.\u201d \u00a0\u00a0<\/p>\n<p>\u201cUn \u00a0comportamiento de tal naturaleza no \u00a0puede \u00a0ser \u00a0ajeno \u00a0para \u00a0el \u00a0derecho penal, en la medida que con \u00e9l no s\u00f3lo se \u00a0garantiza \u00a0la supervivencia sino tambi\u00e9n se contribuye al fortalecimiento de la \u00a0organizaci\u00f3n ilegal.\u201d \u00a0\u00a0<\/p>\n<p>Seg\u00fan \u00a0la \u00a0defensa \u00a0material, \u00a0ese tipo de \u00a0reflexiones \u00a0indican \u00a0que \u00a0se juzga m\u00e1s por el \u201ccriterio del funcionario\u201d y \u00a0no \u00a0por \u00a0\u201cnormas \u00a0que \u00a0describen \u00a0conductas \u00a0il\u00edcitas\u201d. \u00a0Sin embargo, en el \u00a0estado \u00a0actual del arte, lejos est\u00e1 la Corte de auspiciar una imputaci\u00f3n en el \u00a0desvalor \u00a0de \u00a0intenci\u00f3n o en la mera idea o en el deseo de cometer un delito, y \u00a0prueba \u00a0de \u00a0ello \u00a0es \u00a0la \u00a0manera como la Sala en las decisiones que se acaban de \u00a0rese\u00f1ar \u00a0se \u00a0aparta \u00a0de criterios \u00e9ticos o morales para fundamentar un injusto \u00a0esencialmente jur\u00eddico. \u00a0\u00a0<\/p>\n<p>Menos \u00a0se \u00a0puede pensar que en procesos tan \u00a0sensibles \u00a0 como \u00a0 el \u00a0que \u00a0se \u00a0juzga \u00a0\u2013 \u00a0y \u00a0por \u00a0supuesto en todos \u2013, \u00a0se \u00a0pretenda \u00a0penalizar \u00a0la \u00a0reverencia \u00a0a una organizaci\u00f3n como \u00a0forma \u00a0de \u00a0inflingir \u00a0riesgos \u00a0o \u00a0lesiones \u00a0a los bienes jur\u00eddicos y por eso la \u00a0lectura \u00a0correcta frente a las frases que sustentan esa cr\u00edtica es la de que la \u00a0imputaci\u00f3n \u00a0radica \u00a0en el \u201cacuerdo verbal o escrito\u201d para promover al grupo \u00a0ilegal, \u00a0como \u00a0sucede \u00a0en este caso, en el cual desde el punto de vista f\u00e1ctico \u00a0est\u00e1 \u00a0 demostrado \u00a0que \u00a0el \u00a0doctor \u00a0Oscar \u00a0 \u00a0 Wilches \u00a0 \u00a0Carre\u00f1o \u00a0 \u00a0acudi\u00f3 \u00a0en \u00a0el \u00a0a\u00f1o \u00a02000 \u00a0al Restaurante El Ca\u00f1ito con el fin de \u00a0negociar \u00a0asuntos contractuales y burocr\u00e1ticos cuando aspir\u00f3 a la Gobernaci\u00f3n \u00a0del \u00a0Departamento del Casanare, mediante un pacto que le garantizaba presentarse \u00a0a la C\u00e1mara de Representantes en el a\u00f1o 2002. \u00a0\u00a0<\/p>\n<p>Delimitado \u00a0el \u00a0supuesto \u00a0f\u00e1ctico \u00a0y \u00a0la \u00a0imputaci\u00f3n \u00a0jur\u00eddica, las referencias de la fiscal\u00eda no convierten en ambigua \u00a0la \u00a0acusaci\u00f3n, \u00a0pues \u00a0el juicio de adecuaci\u00f3n t\u00edpica determina claramente que \u00a0es \u00a0haberse \u00a0concertado \u00a0para promover al grupo ilegal la conducta de la cual se \u00a0acusa \u00a0 \u00a0al \u00a0 doctor \u00a0 Wilches \u00a0 Carre\u00f1o, \u00a0con \u00a0ocasi\u00f3n de un pacto que se inicia durante su aspiraci\u00f3n en \u00a0el \u00a0a\u00f1o \u00a02000 \u00a0a \u00a0la \u00a0Gobernaci\u00f3n del Departamento del Casanare y que persiste \u00a0hasta \u00a0el \u00a02002, \u00a0cuando \u00a0se \u00a0postul\u00f3 \u00a0a \u00a0la \u00a0C\u00e1mara \u00a0de \u00a0Representantes, como \u00a0corresponde \u00a0a la noci\u00f3n de permanencia que es inherente al delito de concierto \u00a0para delinquir. \u00a0\u00a0<\/p>\n<p>No es, entonces, como supone la defensa, que \u00a0la \u00a0fiscal\u00eda \u00a0le \u00a0increpe \u00a0al doctor Oscar \u00a0 \u00a0 Wilches \u00a0Carre\u00f1o \u00a0haberle solicitado \u00a0permiso \u00a0a las autodefensas para realizar una actividad l\u00edcita, sino el haberse \u00a0comprometido \u00a0a \u00a0respetar \u00a0las \u00a0\u201csugerencias\u201d \u00a0de ese grupo armado ilegal en \u00a0materia \u00a0contractual \u00a0y \u00a0burocr\u00e1tica \u00a0a cambio de participar de un debate en el \u00a0que \u00a0s\u00f3lo \u00a0pod\u00edan hacerlo quienes estuvieran de acuerdo con las peticiones del \u00a0paramilitarismo, \u00a0lo \u00a0cual significa aceptar la coadministraci\u00f3n del Estado con \u00a0actores \u00a0armados, \u00a0que \u00a0es, \u00a0palabras \u00a0m\u00e1s \u00a0palabras \u00a0menos, \u00a0la manera como se \u00a0materializa el acuerdo para promover al grupo ilegal. \u00a0\u00a0<\/p>\n<p>Por \u00a0esas \u00a0razones \u00a0en \u00a0la acusaci\u00f3n no se \u00a0vislumbran \u00a0trazos \u00a0de juicios pol\u00edticos o \u00e9ticos, ni de injustos sin acci\u00f3n, \u00a0como \u00a0lo \u00a0sostiene \u00a0la \u00a0defensa \u00a0a \u00a0partir de una menci\u00f3n desfigurada del texto \u00a0utilizado \u00a0por \u00a0la Sala para destacar que es el \u201cacuerdo\u201d il\u00edcito lo que le \u00a0da \u00a0sentido \u00a0al \u00a0delito \u00a0de \u00a0concierto para delinquir y no el \u201crespeto\u201d o el \u00a0\u201cafecto\u201d \u00a0hacia la organizaci\u00f3n armada ilegal, que en la perspectiva que se \u00a0asume \u00a0seguramente \u00a0pueden \u00a0ser objeto de juicios o censuras por otros medios de \u00a0control social formal e informal. \u00a0\u00a0<\/p>\n<p>Tercero. \u00a0La \u00a0situaci\u00f3n \u00a0jur\u00eddica \u00a0del \u00a0procesado. \u00a0\u00a0<\/p>\n<p>Es un hecho que las Autodefensas Campesinas \u00a0del \u00a0Casanare, \u00a0lideradas \u00a0por \u00a0Germ\u00e1n Dar\u00edo Buitrago Parada, alias \u201cMart\u00edn \u00a0Llanos\u201d, \u00a0dominaron \u00a0a \u00a0su \u00a0antojo \u00a0militar \u00a0y \u00a0pol\u00edticamente \u00a0el \u00a0sur de ese \u00a0departamento. \u00a0Eso \u00a0no \u00a0quiere \u00a0decir \u00a0que en otras regiones la situaci\u00f3n\u00a0 \u00a0hubiese \u00a0sido \u00a0distinta, \u00a0sino \u00a0que \u00a0en el norte se asent\u00f3 el Bloque Centauros, \u00a0otra \u00a0 \u00a0organizaci\u00f3n \u00a0 \u00a0igualmente \u00a0 violenta \u00a0 bajo \u00a0 el \u00a0 mando \u00a0 de \u00a0 Miguel \u00a0Arroyabe.29 \u00a0\u00a0<\/p>\n<p>En \u00a0lo \u00a0que \u00a0interesa, \u00a0el \u00a0poder \u00a0de \u00a0la \u00a0organizaci\u00f3n \u00a0armada \u00a0ilegal \u00a0al \u00a0mando \u00a0de \u201cMart\u00edn Llanos\u201d no se redujo a \u00a0incidir \u00a0mediante \u00a0el uso de la violencia armada, sino que precisamente mediante \u00a0el \u00a0poder \u00a0\u201cmilitar\u201d \u00a0traz\u00f3 \u00a0una \u00a0pol\u00edtica \u00a0destinada \u00a0a \u00a0crear \u00a0una falsa \u00a0\u201ccohesi\u00f3n \u00a0social\u201d \u00a0alrededor \u00a0de \u00a0ese \u00a0grupo \u00a0ilegal. Esa tambi\u00e9n esa una \u00a0verdad \u00a0que \u00a0nadie \u00a0discute. \u00a0As\u00ed, \u00a0militantes de esa organizaci\u00f3n como Carlos \u00a0Guzm\u00e1n, \u00a0alias \u00a0\u201cSalom\u00f3n\u201d, \u00a0Jos\u00e9 \u00a0Ramiro \u00a0Meche Valdivieso, conocido como \u00a0\u201cGuadalupe\u201d, \u00a0o \u00a0Walter Buitrago, familiar del jefe m\u00e1ximo de ese colectivo \u00a0ilegal, \u00a0cuando \u00a0no \u00a0pol\u00edticos \u00a0del m\u00e1s encumbrado nivel o dirigentes locales, \u00a0admiten \u00a0que \u00a0las \u00a0Autodefensas \u00a0incidieron \u00a0en \u00a0el \u00a0quehacer \u00a0pol\u00edtico, ya sea \u00a0propiciando \u00a0 o \u00a0 prohibiendo \u00a0la \u00a0actividad \u00a0pol\u00edtica, \u00a0seg\u00fan \u00a0su \u00a0ideario \u00a0o \u00a0conveniencia, o pactando el ejercicio del poder. \u00a0\u00a0<\/p>\n<p>Precisamente la manifestaci\u00f3n m\u00e1s evidente \u00a0de \u00a0su capacidad de perturbaci\u00f3n ocurri\u00f3 en el a\u00f1o 2000, cuando Javier Vargas \u00a0Barrag\u00e1n \u00a0 y \u00a0 Luz \u00a0 Marina \u00a0Gonz\u00e1lez \u00a0Valc\u00e1rcel, \u00a0debieron \u00a0renunciar \u00a0a \u00a0su \u00a0aspiraci\u00f3n \u00a0a la Gobernaci\u00f3n del Departamento del Casanare, luego de que en el \u00a0restaurante \u00a0 \u00a0 \u00a0 \u201cEl \u00a0 \u00a0 \u00a0 Ca\u00f1ito\u201d \u00a0 \u00a0 \u00a0 30, la clase pol\u00edtica aceptara \u00a0los \u00a0planteamientos \u00a0burocr\u00e1ticos \u00a0y contractuales de la autodefensa en el caso \u00a0de \u00a0acceder \u00a0al \u00a0poder. \u00a0De \u00a0manera \u00a0que si en esa reuni\u00f3n se hicieron acuerdos \u00a0program\u00e1ticos \u00a0como \u00a0condici\u00f3n \u00a0para participar en el proceso electoral y para \u00a0un \u00a0eventual \u00a0ejercicio del poder, entonces eso significa que quienes asistieron \u00a0y \u00a0decidieron \u00a0persistir en ese empe\u00f1o \u2013 \u00a0 \u00a0entre \u00a0 ellos \u00a0 el \u00a0 doctor \u00a0 Wilches \u00a0Carre\u00f1o \u00a0y \u00a0William \u00a0P\u00e9rez Espinel, \u00e9ste \u00faltimo el \u00a0ganador \u00a0 \u00a0 \u2013,\u00a0 \u00a0consintieron \u00a0o \u00a0estuvieron \u00a0de acuerdo con el planteamiento de la organizaci\u00f3n \u00a0armada al margen de la ley. \u00a0\u00a0<\/p>\n<p>Sin \u00a0embargo, \u00a0el \u00a0procesado \u00a0y su defensor \u00a0pretenden \u00a0restarle \u00a0la \u00a0importancia \u00a0simb\u00f3lica \u00a0que \u00a0ese \u00a0episodio \u00a0tiene para \u00a0mostrarlo \u00a0como \u00a0un \u00a0acto \u00a0m\u00e1s del sometimiento de los ciudadanos al imperio de \u00a0esa \u00a0organizaci\u00f3n \u00a0armada \u00a0ilegal, que seg\u00fan refieren, utiliz\u00f3 la coacci\u00f3n y \u00a0un \u00a0estado \u00a0de \u00a0intimidaci\u00f3n \u00a0generalizada \u00a0para \u00a0someter a quienes como \u00e9l no \u00a0estuvieron \u00a0de \u00a0acuerdo \u00a0con \u00a0los \u00a0m\u00e9todos \u00a0de \u00a0los \u00a0actores violentos. Podr\u00eda \u00a0admitirse, \u00a0por \u00a0supuesto \u00a0en \u00a0la \u00a0hip\u00f3tesis \u00a0de que se hubieran demostrado los \u00a0supuestos \u00a0 de \u00a0 una \u00a0 causal \u00a0como \u00a0la \u00a0alegada, \u00a0que \u00a0al \u00a0doctor \u00a0Wilches \u00a0 Carre\u00f1o \u00a0 no \u00a0le \u00a0quedaba \u00a0otra \u00a0opci\u00f3n distinta que asistir al Restaurante \u201cEl Ca\u00f1ito\u201d. \u00a0\u00a0<\/p>\n<p>En \u00a0ese sentido, conviene se\u00f1alar, como lo \u00a0expres\u00f3 \u00a0la \u00a0Sala \u00a0en \u00a0una \u00a0situaci\u00f3n \u00a0muy similar31 \u00a0\u00a0<\/p>\n<p>, que la exculpante \u00a0<\/p>\n<p>\u201csupone \u00a0la \u00a0existencia \u00a0de \u00a0un riesgo, mal o peligro, la inminencia o actualidad del riesgo, \u00a0la \u00a0protecci\u00f3n \u00a0de un derecho propio o ajeno y la no evitabilidad del da\u00f1o por \u00a0otro \u00a0 \u00a0procedimiento \u00a0 \u00a0menos \u00a0 perjudicial\u201d \u00a0 32, \u00a0\u00a0<\/p>\n<p>Y, \u00a0en \u00a0segundo \u00a0lugar \u00a0que \u00a0el \u00a0juicio \u00a0de \u00a0exigibilidad \u00a0es \u00a0personal \u00a0y \u00a0social, \u00a0pues \u00a0se \u201ces \u00a0responsable \u00a0en \u00a0un \u00a0contexto \u00a0hist\u00f3rico \u00a0concreto y en funci\u00f3n de una gama de \u00a0condiciones \u00a0de \u00a0diverso \u00a0orden \u00a0que inciden en el comportamiento individual.\u201d \u00a033 \u00a0\u00a0<\/p>\n<p>Desde \u00a0ese \u00a0punto \u00a0de vista, como el doctor \u00a0Wilches Carre\u00f1o se escuda en \u00a0un \u00a0estado \u00a0de \u00a0intimidaci\u00f3n generalizado, ese ser\u00eda un motivo suficiente para \u00a0desestimar \u00a0la \u00a0eximente de responsabilidad, pero tambi\u00e9n porque la insuperable \u00a0coacci\u00f3n \u00a0ajena \u00a0supone \u00a0que el da\u00f1o no se pueda evitar por otro procedimiento \u00a0menos \u00a0perjudicial. \u00a0Si \u00a0se \u00a0asume \u00a0que \u00a0la \u00a0insuperable \u00a0coacci\u00f3n \u00a0ajena est\u00e1 \u00a0vinculada\u00a0 \u00a0con \u00a0un juicio de ponderaci\u00f3n de bienes en conflicto, entre el \u00a0que \u00a0se \u00a0sacrifica y el que se salva, la renuncia a su aspiraci\u00f3n solventaba un \u00a0ataque nunca demostrado contra su integridad o la de su familia. \u00a0\u00a0<\/p>\n<p>\u00a0\u00a0\u00a0\u00a0\u00a0\u00a0\u00a0\u00a0\u00a0 \u00a0\u00a0<\/p>\n<p>De \u00a0otra parte, no se puede perder de vista \u00a0que \u00a0 \u00a0el \u00a0 \u00a0doctor \u00a0 \u00a0Oscar \u00a0 Wilches \u00a0 no \u00a0hizo \u00a0alusi\u00f3n \u00a0a \u00a0intimidaciones \u00a0o \u00a0extorsiones, \u00a0sino ante la \u00a0evidencia \u00a0de \u00a0la c\u00e9lebre reuni\u00f3n en el Restaurante \u201cEl Ca\u00f1ito\u201d y como un \u00a0intento \u00a0de \u00a0quitarle presi\u00f3n a los nexos con una organizaci\u00f3n criminal que se \u00a0hacia \u00a0inocultable, \u00a0no \u00a0s\u00f3lo \u00a0por \u00a0haber \u00a0asistido \u00a0a \u00a0esa \u00a0reuni\u00f3n, sino por \u00a0compartir \u00a0la \u00a0pretensi\u00f3n \u00a0de \u00a0las \u00a0autodefensas \u00a0de \u00a0ser coadministradores del \u00a0departamento con el benepl\u00e1cito de la clase pol\u00edtica. \u00a0\u00a0<\/p>\n<p>Por \u00a0lo \u00a0dem\u00e1s, \u00a0esos \u00a0nexos \u00a0no \u00a0son \u00a0la \u00a0manifestaci\u00f3n \u00a0de \u00a0un \u00a0solo \u00a0encuentro,\u00a0 \u00a0en la medida que Walter Buitrago \u00a0Ru\u00edz, \u00a0t\u00edo \u00a0de \u00a0\u201cMart\u00edn \u00a0Llanos\u201d \u00a0con \u00a0fuerte \u00a0ascendencia \u00a0sobre el jefe \u00a0paramilitar, \u00a0se\u00f1al\u00f3 que en alguna oportunidad cuando visitaba a su sobrino en \u00a0\u201cEl \u00a0Tropez\u00f3n\u201d, \u00a0un \u00a0lugar \u00a0emblem\u00e1tico por ser el asiento del cuartel del \u00a0jefe \u00a0de \u00a0esa \u00a0organizaci\u00f3n \u00a0ilegal, \u00a0\u201cMart\u00edn \u00a0Llanos\u201d \u00a0le coment\u00f3 que el \u00a0doctor \u00a0 \u00a0 \u00a0Wilches \u00a0 \u00a0 Mart\u00ednez \u00a0 \u00a0 acababa \u00a0de \u00a0irse. \u00a0Esa \u00a0manifestaci\u00f3n, \u00a0que \u00a0no \u00a0es de una persona \u00a0cualquiera, \u00a0sino \u00a0de quien tuvo el poder de interceder ante su sobrino para que \u00a0le \u00a0permitiera \u00a0intervenir en la campa\u00f1a electoral de 2002 a Efr\u00e9n Hern\u00e1ndez, \u00a0no \u00a0se \u00a0puede \u00a0desestimar por ser un testimonio de \u201co\u00eddas\u201d, en primer lugar \u00a0por \u00a0la \u00a0fuente \u00a0de \u00a0conocimiento \u00a0y \u00a0de \u00a0otra \u00a0porque \u00a0est\u00e1 \u00a0probado \u00a0que esos \u00a0encuentros \u00a0eran \u00a0usuales, \u00a0si \u00a0se \u00a0atiene a que Jhon Alexander Vargas Buitrago, \u00a0alias \u00a0\u201cjunior\u201d, \u00a0otro \u00a0de \u00a0los enlaces pol\u00edticos entre Mart\u00edn Llanos y la \u00a0clase \u00a0dirigente \u00a0del \u00a0Casanare, \u00a0tambi\u00e9n \u00a0se \u00a0percat\u00f3 \u00a0de \u00a0una reuni\u00f3n entre \u00a0\u201cLlanos\u201d y el doctor \u201cWilches\u201d. \u00a0\u00a0<\/p>\n<p>En \u00a0ese contexto hist\u00f3rico, la reuni\u00f3n en \u00a0el \u00a0Restaurante \u00a0\u201cEl \u00a0Ca\u00f1ito\u201d es un hecho indicador suficientemente probado \u00a0del \u00a0cual \u00a0se \u00a0puede \u00a0inferir \u00a0que \u00a0el \u00a0doctor \u00a0Wilches \u00a0Mart\u00ednez \u00a0 se \u00a0concert\u00f3 \u00a0con \u00a0las \u00a0autodefensas \u00a0al \u00a0comprometerse \u00a0a \u00a0permitir \u00a0su \u00a0cogobierno \u00a0en \u00a0el \u00a0caso \u00a0de un eventual triunfo \u00a0electoral. \u00a0En \u00a0ese \u00a0sentido, \u00a0la \u00a0conducta \u00a0del \u00a0ex \u00a0congresista emerge como la \u00a0manifestaci\u00f3n \u00a0inequ\u00edvoca \u00a0de \u00a0un \u00a0acuerdo \u00a0para \u00a0promover \u00a0a un grupo ilegal, \u00a0incrementando \u00a0el riesgo contra la seguridad p\u00fablica ya evidente por la acci\u00f3n \u00a0militar del grupo armado ilegal. \u00a0\u00a0<\/p>\n<p>Como se comprende, no se trata de un asunto \u00a0en \u00a0el cual por el grado de dominaci\u00f3n de un aparato militar ilegal se solicita \u00a0en \u00a0condiciones \u00a0insuperables \u00a0un \u201cpermiso\u201d para hacer pol\u00edtica, sino de un \u00a0verdadero \u00a0acuerdo \u00a0o \u00a0pacto destinado a promover ese grupo armado, cuyo dominio \u00a0territorial \u00a0 y \u00a0militar \u00a0e \u00a0incluso \u00a0pol\u00edtico \u00a0era \u00a0evidente \u00a0en \u00a0el \u00a0sur \u00a0del \u00a0departamento \u00a0del \u00a0Casanare. Con todo, la defensa, tanto material como t\u00e9cnica, \u00a0en \u00a0un intento por desdibujar la verdad, han resaltado a manera de contraindicio \u00a0los \u00a0resultados \u00a0electorales \u00a0en \u00a0el sur del departamento, zona en donde se dice \u00a0fracas\u00f3 \u00a0 \u00a0la \u00a0 aspiraci\u00f3n \u00a0 del \u00a0 doctor \u00a0 Wilches \u00a0Carre\u00f1o, \u00a0lo \u00a0cual \u00a0a su juicio determinar\u00eda que ese \u00a0acuerdo no existi\u00f3. \u00a0\u00a0<\/p>\n<p>Pero \u00a0a \u00a0tales resultados electorales no se \u00a0les \u00a0puede \u00a0otorgar \u00a0una \u00a0importancia \u00a0que no tienen, pues est\u00e1 suficientemente \u00a0probado \u00a0que \u00a0adem\u00e1s \u00a0del \u00a0ex \u00a0congresista \u00a0tambi\u00e9n asisti\u00f3 a la reuni\u00f3n del \u00a0restaurante \u00a0\u201cEl \u00a0Ca\u00f1ito\u201d, \u00a0William \u00a0P\u00e9rez \u00a0Espinel, quien al igual que el \u00a0doctor \u00a0 \u00a0 \u00a0Wilches \u00a0 \u00a0 \u00a0Carre\u00f1o \u00a0 \u00a0 particip\u00f3 \u00a0 bajo \u00a0 las \u00a0 mismas \u00a0 condiciones \u00a0 y \u00a0con \u00a0los \u00a0mismos \u00a0compromisos, \u00a0de \u00a0manera \u00a0que estaba garantizada la pretensi\u00f3n del grupo ilegal \u00a0de \u00a0coadministrar \u00a0el \u00a0departamento, \u00a0sea quien fuera el ganador de la contienda \u00a0electoral. \u00a0\u00a0<\/p>\n<p>De \u00a0 manera \u00a0que \u00a0seg\u00fan \u00a0lo \u00a0que \u00a0se \u00a0ha \u00a0demostrado, \u00a0la \u00a0reuni\u00f3n \u00a0del \u00a0\u201cEl \u00a0Ca\u00f1ito\u201d se constituye en un moj\u00f3n que \u00a0permite \u00a0identificar \u00a0los \u00a0trazos \u00a0de \u00a0la \u00a0conducta il\u00edcita que se le imputa al \u00a0doctor \u00a0 \u00a0 Oscar \u00a0 \u00a0Wilches \u00a0 \u00a0Carre\u00f1o, \u00a0que \u00a0tal \u00a0como \u00a0se \u00a0dijo \u00a0antes, \u00a0se \u00a0prolonga en el tiempo, como \u00a0corresponde \u00a0a \u00a0los \u00a0acuerdos \u00a0que \u00a0le \u00a0dan \u00a0sentido al delito de concierto para \u00a0delinquir, \u00a0sobre \u00a0todo \u00a0si \u00a0se puede aseverar fundadamente con el testimonio de \u00a0Carlos \u00a0Guzm\u00e1n \u00a0Daza, que la participaci\u00f3n de Wilches \u00a0Carre\u00f1o \u00a0en \u00a0el \u00a0proceso \u00a0electoral \u00a0de \u00a02002, estaba \u00a0destinada \u00a0m\u00e1s \u00a0que a alcanzar la gobernaci\u00f3n, a garantizar el apoyo del grupo \u00a0ilegal \u00a0en el proceso que lo llevar\u00eda a la C\u00e1mara de Representantes en el a\u00f1o \u00a02002, \u00a0perspectiva \u00a0desde \u00a0la \u00a0cual \u00a0se \u00a0puede percibir la posibilidad cierta de \u00a0interferir \u00a0con \u00a0la \u00a0funci\u00f3n \u00a0congresional, \u00a0m\u00e1xime \u00a0si \u00a0se tiene en cuenta la \u00a0manera \u00a0 \u00a0 como \u00a0 \u00a0se \u00a0 \u00a0concret\u00f3 \u00a0 \u00a0la \u00a0 \u00a0coadministraci\u00f3n \u00a0 \u00a0del \u00a0 \u00a0gobierno \u00a0departamental. \u00a0\u00a0<\/p>\n<p>Esta conclusi\u00f3n no se infiere \u00fanicamente \u00a0de \u00a0la \u00a0declaraci\u00f3n de Carlos Guzm\u00e1n Daza, alias \u201cSalom\u00f3n\u201d, sino tambi\u00e9n \u00a0de \u00a0las \u00a0alusiones \u00a0que \u00a0en \u00a0ese \u00a0sentido hizo Carlos Julio Novoa Alfonso, alias \u00a0\u201cCachicamo\u201d, \u00a0quien \u00a0sostuvo \u00a0que por pertenecer al grupo armado ilegal como \u00a0enlace \u00a0 entre \u00a0 el \u00a0paramilitarismo \u00a0y \u00a0partidos \u00a0pol\u00edticos \u00a0y \u00a0organizaciones \u00a0sociales, \u00a0tambi\u00e9n supo de las continuas reuniones entre el doctor Wilches \u00a0Carre\u00f1o y \u201cMart\u00edn Llanos\u201d, y \u00a0del \u00a0apoyo \u00a0de \u00a0las Autodefensas a la causa pol\u00edtica del ex congresista durante \u00a0su \u00a0 campa\u00f1a \u00a0 pol\u00edtica \u00a0 a \u00a0 la \u00a0 C\u00e1mara \u00a0 de \u00a0 Representantes \u00a0en \u00a0el \u00a0a\u00f1o \u00a02002. \u00a0\u00a0<\/p>\n<p>Al \u00a0igual que como en su momento la defensa \u00a0le \u00a0reproch\u00f3 \u00a0a \u00a0Carlos \u00a0Guzm\u00e1n \u00a0Daza \u00a0la raz\u00f3n de la ciencia de su dicho, el \u00a0embate \u00a0contra \u00a0Carlos \u00a0Julio Novoa Alfonso tiene el mismo fundamento: que es un \u00a0testigo \u00a0de \u00a0o\u00eddas \u00a0en \u00a0cadena. \u00a0Sin embargo, esa cr\u00edtica no es tan aguda como \u00a0parece, \u00a0pues \u00a0William \u00a0Mayorga \u00a0Suarez, \u00a0alias \u00a0el \u00a0\u201cnegro \u00a0Mayorga\u201d, un ex \u00a0oficial \u00a0 de \u00a0 la \u00a0 fuerza \u00a0p\u00fablica \u00a0que \u00a0se \u00a0vincul\u00f3 \u00a0decididamente \u00a0con \u00a0las \u00a0autodefensas \u00a0a \u00a0partir \u00a0del \u00a02001, \u00a0fue \u00a0testigo \u00a0de \u00a0varias reuniones en \u201cEl \u00a0tropez\u00f3n\u201d \u00a0 \u00a0 entre \u00a0 \u00a0 el \u00a0 \u00a0 doctor \u00a0 \u00a0 Wilches \u00a0Carre\u00f1o \u00a0y \u00a0\u201cMart\u00edn Llanos\u201d, const\u00e1ndole que en \u00a0una \u00a0 de \u00a0 ellas \u00a0 se \u00a0 les \u00a0 dio \u00a0 el \u00a0aval \u00a0a \u00a0Oscar \u00a0Wilches \u00a0y \u00a0El\u00ed \u00a0Cala, \u00a0m\u00e1s no a Efr\u00e9n Hern\u00e1ndez y \u00a0Javier Vargas Barrag\u00e1n. \u00a0\u00a0<\/p>\n<p>Varias circunstancias permiten entender que \u00a0la \u00a0reuni\u00f3n \u00a0y \u00a0los compromisos a los que se refiere el \u201cnegro Mayorga\u201d son \u00a0veraces, \u00a0pues \u00a0de \u00a0una \u00a0parte \u00a0la \u00a0reuni\u00f3n \u00a0que \u00a0menciona \u00a0es \u00a0posterior a las \u00a0elecciones \u00a0para \u00a0gobernaci\u00f3n \u00a0del departamento, lo que sit\u00faan en contexto del \u00a0debate \u00a0 electoral \u00a0para \u00a0la \u00a0C\u00e1mara \u00a0de \u00a0Representantes, \u00a0y \u00a0de \u00a0otra, \u00a0Efr\u00e9n \u00a0Hern\u00e1ndez \u00a0ciertamente \u00a0no pudo en principio aspirar al Congreso, como no fuera \u00a0por \u00a0la \u00a0intervenci\u00f3n \u00a0de \u00a0Walter Buitrago, t\u00edo de \u201cMart\u00edn Llanos\u201d, quien \u00a0efectivamente \u00a0admiti\u00f3 \u00a0que \u00a0intercedi\u00f3 ante su familiar para que autorizara a \u00a0Efr\u00e9n \u00a0Hern\u00e1ndez \u00a0a participar en el proceso electoral, a cambio eso si de que \u00a0el \u00a0segundo \u00a0rengl\u00f3n \u00a0lo \u00a0ocupara \u00a0Hernando \u00a0Roa \u00a0Valero, \u00a0ganadero del sur del \u00a0departamento del Casanare. \u00a0\u00a0<\/p>\n<p>La \u00a0declaraci\u00f3n \u00a0del \u00a0\u201cNegro \u00a0Mayorga\u201d \u00a0tiene \u00a0una importancia superlativa, no solamente porque confirma la persistencia \u00a0de \u00a0la \u00a0alianza \u00a0entre el doctor Oscar Leonidas Wilches \u00a0Carre\u00f1o \u00a0y las autodefensas, sino porque reafirma que \u00a0al \u00a0igual \u00a0que \u00a0en \u00a0el \u00a0proceso \u00a0electoral del a\u00f1o 2000, el doctor Wilches \u00a0Carre\u00f1o \u00a0se \u00a0concert\u00f3 \u00a0con \u00a0las \u00a0autodefensas, \u00a0persistiendo \u00a0en \u00a0acuerdos \u201cpol\u00edticos\u201d con esa organizaci\u00f3n \u00a0con \u00a0la \u00a0pretensi\u00f3n \u00a0de \u00a0alcanzar \u00a0con \u00a0su \u00a0apoyo \u00a0una \u00a0curul \u00a0en la C\u00e1mara de \u00a0Representantes, \u00a0tema \u00a0al \u00a0cual \u00a0incluso \u00a0se refiri\u00f3 Carlos Guzm\u00e1n Daza en sus \u00a0iniciales declaraciones. \u00a0\u00a0<\/p>\n<p>La \u00a0 conclusi\u00f3n \u00a0 se \u00a0 reafirma: \u00a0el \u00a0ex \u00a0congresista \u00a0 \u00a0 \u00a0 Oscar \u00a0 \u00a0 \u00a0Leonidas \u00a0 \u00a0 \u00a0Wilches \u00a0Carre\u00f1o \u00a0se concert\u00f3 con las Autodefensas Campesinas \u00a0del \u00a0Casanare \u00a0con \u00a0la \u00a0finalidad \u00a0de \u00a0promover al grupo amado ilegal y debe ser \u00a0condenado por ello. \u00a0\u00a0<\/p>\n<p>Esa decisi\u00f3n, como lo pretende la defensa, \u00a0no \u00a0la \u00a0perturban \u00a0las \u00a0declaraci\u00f3n \u00a0que \u00a0ofreci\u00f3 \u00a0en un acto de retractaci\u00f3n \u00a0Carlos \u00a0Julio \u00a0Novoa, \u00a0alias \u201cCachicamo\u201d, quien denunci\u00f3 un complot del que \u00a0solo \u00a0se \u00a0vino \u00a0a \u00a0tener \u00a0noticia tard\u00edamente, pero que es inveros\u00edmil, porque \u00a0como \u00a0con \u00a0impecable \u00a0l\u00f3gica \u00a0lo \u00a0denunci\u00f3 \u00a0la \u00a0fiscal\u00eda en su intervenci\u00f3n, \u00a0resulta \u00a0que \u00a0el art\u00edfice de esa maniobra habr\u00eda sido Efr\u00e9n Hern\u00e1ndez D\u00edaz, \u00a0curiosamente \u00a0tambi\u00e9n \u00a0se\u00f1alado \u00a0de ser aliado de las autodefensas por Guzm\u00e1n \u00a0Daza \u00a0en \u00a0su primera declaraci\u00f3n, lo que denota que la idea del complot es algo \u00a0verdaderamente inaudito e inadmisible. \u00a0\u00a0<\/p>\n<p>Menos se pueden aceptar las declaraciones de \u00a0Jorge \u00a0Arturo \u00a0Sierra G\u00f3mez, Luis Eduardo Vargas y Fidel Villalobos, concejales \u00a0de \u00a0Monterrey \u00a0quienes \u00a0aseguran \u00a0que \u00a0durante \u00a0la \u00a0campa\u00f1a \u00a0al \u00a0Congreso de la \u00a0Rep\u00fablica \u00a0 fueron \u00a0notificados \u00a0por \u00a0las \u00a0autodefensas \u00a0de \u00a0su \u00a0repudio \u00a0a \u00a0la \u00a0candidatura \u00a0 de \u00a0 Wilches, \u00a0aseveraci\u00f3n \u00a0a \u00a0la \u00a0cual \u00a0el \u00a0doctor \u00a0Wilches \u00a0Carre\u00f1o nunca hizo menci\u00f3n, pese \u00a0a \u00a0que el se\u00f1or Luis Eduardo Vargas le habr\u00eda notificado de ese acontecimiento \u00a0en su momento. \u00a0\u00a0<\/p>\n<p>Lo \u00a0 que \u00a0 se \u00a0 observa, \u00a0 tanto \u00a0en \u00a0las \u00a0retractaciones \u00a0de \u00a0Carlos \u00a0Julio \u00a0Novoa \u00a0Alfonso, \u00a0alias \u00a0\u201cCachicamo\u201d; Jhon \u00a0Alexander \u00a0 Vargas, \u00a0 alias \u00a0 \u201cjunior\u201d; \u00a0Jos\u00e9 \u00a0Meche \u00a0Mendivelso, \u00a0y \u00a0alias \u00a0\u201cGuadalupe\u201d, \u00a0en \u00a0las declaraciones de los testigos arriba indicados, cuando \u00a0no \u00a0en \u00a0el \u00a0testimonio \u00a0de \u00a0William \u00a0P\u00e9rez \u00a0Espinel, \u00a0es \u00a0un \u00a0vano esfuerzo por \u00a0presentar \u00a0 al \u00a0 doctor \u00a0 Oscar \u00a0Leonidas \u00a0Wilches Carre\u00f1o \u00a0como \u00a0un \u00a0pol\u00edtico \u00a0que \u00a0porfi\u00f3 en su trasegar pol\u00edtico contra la voluntad de \u00a0las \u00a0 autodefensas \u00a0y \u00a0contra \u00a0la \u00a0oposici\u00f3n \u00a0del \u00a0grupo \u00a0armado, \u00a0pese \u00a0a \u00a0que \u00a0curiosamente \u00a0 \u00a0 el \u00a0 \u00a0 mismo \u00a0 \u00a0 doctor \u00a0 \u00a0 Wilches \u00a0Carre\u00f1o sostuvo en su primera indagatoria que no tuvo \u00a0contratiempos \u00a0ni presiones o amenazas de parte del grupo ilegal, contradiciendo \u00a0precisamente a quienes ahora hablan por \u00e9l. \u00a0\u00a0<\/p>\n<p>En \u00a0conclusi\u00f3n, \u00a0la \u00a0prueba que obra en el \u00a0expediente, \u00a0permite \u00a0demostrar \u00a0la \u00a0comisi\u00f3n \u00a0del \u00a0delito \u00a0de \u00a0concierto \u00a0para \u00a0delinquir \u00a0por \u00a0parte del implicado con la certeza que exige el art\u00edculo 232 de \u00a0la ley 600 de 2000. \u00a0\u00a0<\/p>\n<p>La \u00a0Corte, \u00a0entonces, \u00a0condenar\u00e1 al doctor \u00a0Wilches \u00a0Carre\u00f1o como autor \u00a0responsable \u00a0 por \u00a0 el \u00a0 cargo \u00a0 que \u00a0le \u00a0fue \u00a0imputado \u00a0en \u00a0la \u00a0resoluci\u00f3n \u00a0de \u00a0acusaci\u00f3n. \u00a0\u00a0<\/p>\n<p>V.- Dosificaci\u00f3n punitiva \u00a0<\/p>\n<p>\u00a0 \u00a0\u00a0 \u00a0\u00a0 \u00a0\u00a0Seg\u00fan \u00a0el \u00a0art\u00edculo 61 del C\u00f3digo Penal, naturaleza y gravedad de \u00a0la \u00a0conducta \u00a0son categor\u00edas que expresan la antijuridicidad del comportamiento \u00a0y \u00a0la \u00a0dimensi\u00f3n \u00a0del \u00a0injusto, indispensables en orden a brindar una respuesta \u00a0proporcional a la agresi\u00f3n causada. \u00a0\u00a0<\/p>\n<p>\u00a0 \u00a0\u00a0 \u00a0\u00a0 \u00a0\u00a0Si \u00a0bien \u00a0no \u00a0se \u00a0dedujeron agravantes de ninguna especie, la pena a \u00a0imponer \u00a0ser\u00e1 \u00a0de \u00a090 \u00a0meses de prisi\u00f3n, correspondiente al m\u00e1ximo par\u00e1metro \u00a0del \u00a0primer \u00a0cuarto; \u00a0quantum que constituye una respuesta punitiva sim\u00e9trica a \u00a0la \u00a0gravedad \u00a0de la conducta en concreto, debido al incremento del riesgo contra \u00a0la \u00a0seguridad \u00a0p\u00fablica, y por la intensidad del dolo que se refleja en el hecho \u00a0de \u00a0pactar \u00a0voluntariamente \u00a0la \u00a0promoci\u00f3n \u00a0de \u00a0grupos \u00a0armados por fuera de la \u00a0institucionalidad. \u00a0\u00a0<\/p>\n<p>\u00a0 \u00a0\u00a0 \u00a0\u00a0 \u00a0\u00a0Agr\u00e9guese \u00a0que \u00a0la\u00a0 persistencia del acuerdo, algo que si bien \u00a0es \u00a0consustancial al delito de concierto para delinquir, refleja la gravedad del \u00a0injusto \u00a0y \u00a0la \u00a0intensidad \u00a0del \u00a0riesgo \u00a0contra \u00a0la \u00a0seguridad \u00a0p\u00fablica, lo que \u00a0reafirma el quantum de la pena a imponer. \u00a0\u00a0<\/p>\n<p>\u00a0 \u00a0\u00a0 \u00a0\u00a0 \u00a0\u00a0Siendo \u00a0consecuente \u00a0con \u00a0esa definici\u00f3n, la pena de multa ser\u00e1 de \u00a06.500 salarios m\u00ednimos legales mensuales vigentes. \u00a0\u00a0<\/p>\n<p>\u00a0 \u00a0 \u00a0 \u00a0 \u00a0<\/p>\n<p>Por \u00faltimo, de conformidad con el art\u00edculo \u00a052 \u00a0 del \u00a0 C\u00f3digo \u00a0 Penal, \u00a0 la \u00a0 Sala \u00a0 condenar\u00e1 \u00a0 al \u00a0 doctor \u00a0Wilches \u00a0Carre\u00f1o \u00a0a \u00a0la pena accesoria de \u00a0inhabilitaci\u00f3n \u00a0para \u00a0el \u00a0ejercicio \u00a0de \u00a0derechos \u00a0y funciones p\u00fablicas por un \u00a0tiempo igual al de la pena principal. \u00a0\u00a0<\/p>\n<p>Es \u00a0igualmente \u00a0claro que de acuerdo con el \u00a0art\u00edculo \u00a056 \u00a0del \u00a0C\u00f3digo de Procedimiento Penal, al no haberse probado que se \u00a0hubiesen \u00a0causado perjuicios materiales y morales, no procede la condena por ese \u00a0aspecto. \u00a0\u00a0<\/p>\n<p>\u00a0 \u00a0\u00a0 \u00a0 \u00a0De \u00a0 otra \u00a0parte, \u00a0no \u00a0hay \u00a0lugar \u00a0a \u00a0la \u00a0suspensi\u00f3n \u00a0condicional de la ejecuci\u00f3n de la pena ni a su sustituci\u00f3n por la \u00a0prisi\u00f3n \u00a0domiciliaria. \u00a0En ambos casos, por impedirlo un requisito objetivo. En \u00a0el \u00a0primero, \u00a0porque \u00a0la \u00a0ley \u00a0s\u00f3lo \u00a0autoriza \u00a0el \u00a0subrogado \u00a0frente a penas de \u00a0prisi\u00f3n \u00a0impuestas \u00a0no \u00a0superiores \u00a0a \u00a03 a\u00f1os y en el segundo, porque s\u00f3lo es \u00a0viable \u00a0la consideraci\u00f3n de esa sustituci\u00f3n cuando la pena m\u00ednima prevista en \u00a0la \u00a0ley \u00a0para \u00a0el \u00a0delito \u00a0objeto \u00a0de condena sea de 5 a\u00f1os o menos, seg\u00fan los \u00a0t\u00e9rminos de los art\u00edculos 38 y 63-1 del C\u00f3digo Penal. \u00a0\u00a0<\/p>\n<p>\u00a0 \u00a0\u00a0 \u00a0 \u00a0Durante el curso del proceso, \u00a0 \u00a0 al \u00a0 \u00a0 doctor \u00a0 \u00a0 Wilches \u00a0 \u00a0 \u00a0Carre\u00f1o \u00a0 \u00a0 le \u00a0 \u00a0 fue \u00a0reconocida \u00a0la \u00a0 libertad \u00a0 provisional \u00a0con \u00a0el \u00a0argumento de que hab\u00eda cumplido las tres quintas partes \u00a0de \u00a0 \u00a0la \u00a0 \u00a0eventual \u00a0 \u00a0pena \u00a0 \u00a0a \u00a0 imponer \u00a0 que \u00a0 el \u00a0 juzgador \u00a0 en \u00a0su \u00a0criterio \u00a0estim\u00f3 en 78 meses de \u00a0prisi\u00f3n. \u00a0Sin \u00a0embargo, \u00a0como \u00a0la \u00a0pena \u00a0impuesta es superior, se revocar\u00e1 esa \u00a0decisi\u00f3n \u00a0y \u00a0se \u00a0ordenar\u00e1 la captura del sentenciado, con el fin de que cumpla \u00a0el \u00a0saldo \u00a0de \u00a0la sanci\u00f3n en la prisi\u00f3n que determine la Direcci\u00f3n General de \u00a0Prisiones. \u00a0\u00a0<\/p>\n<p>\u00a0 \u00a0\u00a0 \u00a0 \u00a0En \u00a0m\u00e9rito \u00a0de \u00a0lo \u00a0expuesto, \u00a0la \u00a0CORTE \u00a0SUPREMA \u00a0DE \u00a0JUSTICIA, SALA \u00a0DE \u00a0CASACI\u00d3N \u00a0PENAL, administrando justicia en nombre \u00a0de la Rep\u00fablica y por autoridad de la ley, \u00a0\u00a0<\/p>\n<p>Resuelve \u00a0<\/p>\n<p>\u00a0 \u00a0\u00a0 \u00a0 \u00a0Primero. \u00a0Condenar \u00a0 a \u00a0Oscar \u00a0Leonidas \u00a0Wilches Carre\u00f1o, persona \u00a0de \u00a0notas \u00a0civiles y personales conocidas, a las pena principal de noventa meses \u00a0de \u00a0prisi\u00f3n \u00a0y \u00a0multa \u00a0de \u00a06.500 salarios m\u00ednimos legales mensuales vigentes e \u00a0inhabilitaci\u00f3n \u00a0de \u00a0derechos \u00a0y \u00a0funciones \u00a0p\u00fablicas \u00a0por el mismo lapso, como \u00a0autor \u00a0del \u00a0delito \u00a0de concierto para promover grupos \u00a0armados \u00a0al \u00a0margen de la ley de que trata el art\u00edculo 340 inciso 2\u00b0 de la Ley \u00a0599 de 2000. \u00a0\u00a0<\/p>\n<p>\u00a0 \u00a0\u00a0 \u00a0 \u00a0Segundo. \u00a0 \u00a0 \u00a0 \u00a0 \u00a0 Declarar \u00a0que \u00a0no \u00a0hay \u00a0lugar \u00a0a \u00a0condena \u00a0por \u00a0el \u00a0pago de da\u00f1os y \u00a0perjuicios \u00a0y \u00a0que no son procedentes la condena de ejecuci\u00f3n condicional ni la \u00a0prisi\u00f3n domiciliaria. \u00a0\u00a0<\/p>\n<p>\u00a0 \u00a0\u00a0 \u00a0 \u00a0Tercero.\u00a0 \u00a0 \u00a0 \u00a0 \u00a0Revocar, \u00a0 por \u00a0 las \u00a0razones \u00a0anotadas, \u00a0la \u00a0libertad \u00a0provisional \u00a0reconocida \u00a0al \u00a0doctor \u00a0Wilches \u00a0Carre\u00f1o. \u00a0Se librar\u00e1, \u00a0en consecuencia, la correspondiente boleta de captura. \u00a0\u00a0<\/p>\n<p>\u00a0 \u00a0 \u00a0 \u00a0 \u00a0<\/p>\n<p>Cuarto. \u00a0L\u00edbrese \u00a0las \u00f3rdenes correspondientes \u00a0\u00a0<\/p>\n<p>Notif\u00edquese y C\u00famplase \u00a0<\/p>\n<p>JAVIER DE JESUS ZAPATA ORTIZ \u00a0<\/p>\n<p>Comisi\u00f3n de servicio \u00a0<\/p>\n<p>JOSE \u00a0 \u00a0 \u00a0 \u00a0LUIS \u00a0 \u00a0 \u00a0 BARCEL\u00d3 \u00a0CAMACHO\u00a0\u00a0\u00a0\u00a0\u00a0\u00a0\u00a0\u00a0\u00a0\u00a0\u00a0\u00a0\u00a0\u00a0\u00a0\u00a0\u00a0\u00a0\u00a0\u00a0 \u00a0JOSE LEONIDAS BUSTOS MART\u00cdNEZ \u00a0\u00a0<\/p>\n<p>Permiso \u00a0<\/p>\n<p>FERNANDO \u00a0 \u00a0 \u00a0ALBERTO \u00a0 \u00a0 \u00a0CASTRO \u00a0CABALLERO\u00a0\u00a0\u00a0\u00a0\u00a0\u00a0\u00a0\u00a0\u00a0\u00a0 SIGIFREDO \u00a0ESPINOSA \u00a0PEREZ\u00a0\u00a0\u00a0\u00a0\u00a0\u00a0\u00a0\u00a0\u00a0\u00a0\u00a0\u00a0\u00a0\u00a0\u00a0\u00a0\u00a0\u00a0\u00a0\u00a0\u00a0\u00a0\u00a0\u00a0\u00a0\u00a0\u00a0\u00a0\u00a0\u00a0\u00a0\u00a0\u00a0\u00a0\u00a0 \u00a0\u00a0<\/p>\n<p>ALFREDO \u00a0 \u00a0 \u00a0 \u00a0 \u00a0 G\u00d3MEZ \u00a0QUINTERO\u00a0\u00a0\u00a0\u00a0\u00a0\u00a0\u00a0\u00a0\u00a0\u00a0\u00a0\u00a0\u00a0\u00a0\u00a0 \u00a0MAR\u00cdA \u00a0 \u00a0 \u00a0 \u00a0 \u00a0 \u00a0 \u00a0DEL \u00a0 \u00a0 \u00a0 \u00a0 \u00a0 \u00a0 ROSARIO \u00a0 \u00a0 \u00a0 \u00a0 \u00a0 \u00a0 GONZ\u00c1LEZ \u00a0 \u00a0 \u00a0 \u00a0 \u00a0 \u00a0 DE \u00a0LEMOS\u00a0\u00a0\u00a0\u00a0\u00a0\u00a0\u00a0\u00a0\u00a0\u00a0\u00a0\u00a0\u00a0\u00a0\u00a0\u00a0 \u00a0\u00a0<\/p>\n<p>AUGUSTO \u00a0 \u00a0 \u00a0 \u00a0 \u00a0IB\u00c1\u00d1EZ \u00a0GUZM\u00c1N\u00a0\u00a0\u00a0\u00a0\u00a0\u00a0\u00a0\u00a0\u00a0\u00a0\u00a0\u00a0\u00a0\u00a0\u00a0\u00a0\u00a0\u00a0\u00a0\u00a0\u00a0\u00a0\u00a0\u00a0\u00a0\u00a0\u00a0\u00a0\u00a0\u00a0\u00a0\u00a0\u00a0\u00a0 \u00a0JULIO \u00a0 \u00a0 \u00a0 \u00a0 \u00a0 \u00a0 \u00a0 \u00a0 \u00a0 \u00a0 \u00a0 \u00a0 \u00a0 \u00a0 \u00a0 \u00a0 \u00a0 E \u00a0 \u00a0 \u00a0 \u00a0 \u00a0 \u00a0 \u00a0 \u00a0 \u00a0 \u00a0 \u00a0 \u00a0 \u00a0 \u00a0 \u00a0 \u00a0 \u00a0SOCHA \u00a0SALAMANCA\u00a0\u00a0\u00a0\u00a0\u00a0\u00a0\u00a0\u00a0\u00a0\u00a0\u00a0\u00a0\u00a0\u00a0\u00a0\u00a0\u00a0\u00a0\u00a0\u00a0 \u00a0\u00a0<\/p>\n<p>\u00a0 Comisi\u00f3n de servicio \u00a0<\/p>\n<p>TERESA RUIZ N\u00da\u00d1EZ \u00a0<\/p>\n<p>Secretaria \u00a0<\/p>\n<p>\u00a0 \u00a0\u00a0<\/p>\n<p>1 \u00a0Radicado 31.653. \u00a0\u00a0<\/p>\n<p>2 \u00a0En \u00a0auto \u00a0del 15 de septiembre de 2009, que complement\u00f3 el del 1\u00ba, del mismo mes y \u00a0a\u00f1o, \u00a0la \u00a0Sala \u00a0dispuso, \u00a0entre \u00a0otros \u00a0eventos, que \u201csi la actuaci\u00f3n que se \u00a0adelanta \u00a0 es \u00a0 iii) \u00a0la \u00a0audiencia \u00a0p\u00fablica \u00a0de \u00a0juzgamiento \u00a0del \u00a0art\u00edculo 403 ib., el correspondiente \u00a0juzgado \u00a0deber\u00e1 agotar en su totalidad el t\u00e9rmino o la diligencia \u2013seg\u00fan \u00a0 \u00a0el \u00a0 \u00a0caso \u00a0 \u2013 \u00a0y \u00a0luego si remitir el expediente a \u00a0la Corte.\u201d (cfr, radicado 27.032) \u00a0\u00a0<\/p>\n<p>3De \u00a0acuerdo \u00a0con \u00a0el juzgado, ante una eventual pena de 78 meses de \u00a0prisi\u00f3n, \u00a0el \u00a0procesado \u00a0habr\u00eda \u00a0cumplido las tres quintas partes de la pena a \u00a0imponer.\u00a0\u00a0 \u00a0\u00a0<\/p>\n<p>4 \u00a0La \u00a0vinculaci\u00f3n \u00a0de Guzm\u00e1n Daza con las autodefensas la confirmaron Carlos Alberto \u00a0Mart\u00ednez \u00a0Mahecha, Carlos Julio Novoa Alfonso, Josu\u00e9 Dar\u00edo Orjuela Mart\u00ednez, \u00a0alias \u00a0\u201cSol\u00edn\u201d, \u00a0y \u00a0Carlos Arturo Ram\u00edrez, personas todas con alguna clase \u00a0de vinculaci\u00f3n con el grupo armado ilegal. \u00a0\u00a0<\/p>\n<p>5 \u00a0 Despu\u00e9s \u00a0de \u00a0la \u00a0referida \u00a0reuni\u00f3n, \u00a0Javier \u00a0Vargas Barrag\u00e1n y Luz Marina Gonz\u00e1lez declinaron para apoyar a William \u00a0P\u00e9rez, gobernador finalmente elegido. \u00a0\u00a0<\/p>\n<p>6 \u00a0Le \u00a0consta \u00a0que \u00a0esa \u00a0actividad se llev\u00f3 a cabo en el Tropez\u00f3n (fs, 37 de alegatos \u00a0de \u00a0 la \u00a0 Procuradur\u00eda). \u00a0 Seg\u00fan \u00a0Javier \u00a0Vargas \u00a0fue \u00a0en \u00a0el \u00a0restaurante \u00a0El \u00a0Ca\u00f1ito. \u00a0\u00a0<\/p>\n<p>7 \u00a0Miguel \u00a0Angel \u00a0P\u00e9rez, Efr\u00e9n Hern\u00e1ndez, Javier Vargas Barrag\u00e1n, Jacobo Rivera \u00a0y \u00a0Carlos \u00a0Ram\u00edrez \u00a0reconocen ese tipo de imposiciones, y\u00a0 de igual manera \u00a0los \u00a0concejales \u00a0de \u00a0Monterrey \u00a0Delf\u00edn \u00a0Alfonso \u00a0y \u00a0Luis \u00a0Eduardo \u00a0Vargas, y de \u00a0Villanueva, Fidel Villalobos. \u00a0\u00a0<\/p>\n<p>8 ONG \u00a0creada \u00a0por las autodefensas para impulsar el trabajo social con las comunidades \u00a0y \u00a0de \u00a0la \u00a0que \u00a0Carlos \u00a0Guzm\u00e1n \u00a0Daza, \u00a0alias \u00a0\u201cSalom\u00f3n\u201d \u00a0fue \u00a0uno \u00a0de \u00a0sus \u00a0principales\u00a0 directivos. \u00a0\u00a0<\/p>\n<p>9 \u00a0Javier \u00a0 Fernando \u00a0 Rivera, \u00a0 Carlos \u00a0 Julio \u00a0Novoa, \u00a0\u201cCachicamo\u201d \u00a0y Jos\u00e9 Dar\u00edo Orjuela \u201cSol\u00edn\u201d, afirmaron que Guzm\u00e1n Daza \u00a0se \u00a0incorpor\u00f3 \u00a0a \u00a0las \u00a0filas de las autodefensas en el a\u00f1o 2001 y fue retirado \u00a0por \u00a0manejos \u00a0indebidos un a\u00f1os despu\u00e9s, siendo reintegrado a la organizaci\u00f3n \u00a0ilegal en el 2003. \u00a0\u00a0<\/p>\n<p>10\u00a0 \u00a0La \u00a0Procuradur\u00eda \u00a0expres\u00f3: \u00a0\u201cel \u00a0ahora \u00a0procesado \u00a0pudo \u00a0adelantar \u00a0en \u00a0condici\u00f3n \u00a0favorable \u00a0su \u00a0campa\u00f1a \u00a0pol\u00edtica \u00a0a \u00a0la \u00a0C\u00e1mara de \u00a0Representantes \u00a0por \u00a0el \u00a0Casanare, \u00a0a costa de la intimidaci\u00f3n a otras personas \u00a0con \u00a0la misma aspiraci\u00f3n a \u00a0quienes \u00a0se \u00a0hizo \u00a0declinar \u00a0la candidatura, de modo similar a como ocurri\u00f3 con \u00a0ocasi\u00f3n \u00a0de \u00a0la \u00a0contienda electoral del a\u00f1o 2000 a la gobernaci\u00f3n del citado \u00a0departamento.\u201d \u00a0\u00a0<\/p>\n<p>11 \u00a0 \u00a0Alias \u00a0 \u201cSol\u00edn\u201d \u00a0 se\u00f1al\u00f3: \u00a0 [Ram\u00edrez]\u201c\u00e9l \u00a0 tuvo \u00a0 un \u00a0inconveniente \u00a0con \u00a0HK, \u00a0pero \u00a0\u00e9l \u00a0se que se reuni\u00f3 posteriormente con HK y no \u00a0supe \u00a0a \u00a0que \u00a0acuerdo \u00a0hayan \u00a0llegado; \u00e9l sigui\u00f3 haciendo su campa\u00f1a no se si \u00a0bajo presi\u00f3n o la hizo con orden\u201d \u00a0\u00a0<\/p>\n<p>12 \u00a0Javier \u00a0Fernando \u00a0Rivera dijo en declaraci\u00f3n que alias \u201cFox\u201d \u00a0le \u00a0coment\u00f3 que Javier Vargas retir\u00f3 su candidatura por el compromiso que hizo \u00a0con \u00a0las \u00a0Auc \u00a0de respaldar a William P\u00e9rez, a cambio del apoyo a la C\u00e1mara en \u00a0el a\u00f1o 2002. \u00a0\u00a0<\/p>\n<p>13 La \u00a0Fiscal\u00eda \u00a0sostuvo \u00a0en \u00a0relaci\u00f3n con esos a\u00f1os: \u201c\u2026de las que si bien no se \u00a0puede \u00a0descartar \u00a0de manera absoluta la existencia de nexos de dicha persona con \u00a0grupos \u00a0 armados \u00a0al \u00a0margen \u00a0de \u00a0la \u00a0ley, \u00a0tampoco \u00a0afirmar \u00a0su \u00a0presencia \u00a0con \u00a0probabilidad \u00a0de \u00a0verdad \u00a0con \u00a0base en los medios de convicci\u00f3n acopiados hasta \u00a0este \u00a0momento \u00a0procesal.\u201d\u00a0 \u00a0Para \u00a0contrarrestar \u00a0esa \u00a0suposici\u00f3n, \u00a0alias \u00a0\u201cGuadalupe\u201d, \u00a0sostuvo: \u00a0\u201c&#8230; \u00a0no \u00a0\u00e9ramos \u00a0m\u00e1s \u00a0de doscientos hasta el 98, 99 m\u00e1s o menos, ya lo que \u00a0tiene \u00a0que ver directamente con\u00a0 ya, a mi me comenzaron incluso, en el 2000 \u00a0es \u00a0que \u00a0ya \u00a0se \u00a0comienza \u00a0directamente pues digamos como a manejar la cuesti\u00f3n \u00a0pol\u00edtica\u2026\u201d \u00a0(minuto \u00a011:42 \u00a0en \u00a0adelante). Carlos \u00a0Julio \u00a0 \u00a0 Novoa, \u00a0 \u00a0 alias \u00a0 \u00a0 \u201c \u00a0 \u00a0Cachicamo\u201d, \u00a0manifest\u00f3: \u201cEn el a\u00f1o \u00a02000 \u00a0es \u00a0cuando \u00a0se \u00a0empieza a conocer de que ellos empiezan a incursionar y de \u00a0empezar a citar candidatos\u2026\u201d (minuto 2:06:28). \u00a0\u00a0<\/p>\n<p>14 \u00a0Cfr, declaraci\u00f3n a partir del minuto 29:24. \u00a0\u00a0<\/p>\n<p>15 En \u00a0la \u00a0sentencia del 29 de septiembre de 2010, la Corte expres\u00f3: \u201cDe ah\u00ed que la \u00a0jurisprudencia \u00a0 de \u00a0 la \u00a0 Sala, \u00a0 tambi\u00e9n \u00a0 ha \u00a0se\u00f1alado \u00a0que \u00a0algunos \u00a0actos \u00a0aparentemente \u00a0neutrales \u00a0explican \u00a0otros que si tienen relevancia t\u00edpica y por \u00a0eso \u00a0algunos \u00a0sucesos en principio inocuos terminan perfilando el sentido de una \u00a0conducta \u00a0relevante \u00a0para \u00a0el \u00a0derecho penal. En ese sentido se debe convenir en \u00a0que \u00a0conversar \u00a0con un paramilitar no necesariamente significa desde el punto de \u00a0vista \u00a0penal \u00a0que ese hecho configure un delito, pero ese acontecimiento unido a \u00a0otros \u00a0elementos \u00a0de \u00a0juicio \u00a0si \u00a0puede \u00a0interpretarse \u00a0como \u00a0indicio de un acto \u00a0ilegal.\u201d \u00a0\u00a0<\/p>\n<p>16El \u00a0testigo \u00a0ingres\u00f3 \u00a0a \u00a0las autodefensas en el mes de febrero de 2003 a dirigir la \u00a0Asociaci\u00f3n \u00a0de \u00a0desempleados \u00a0de \u00a0Monterrey, organizaci\u00f3n de ese grupo ilegal. \u00a0\u00a0<\/p>\n<p>17 \u00a0Declaraci\u00f3n \u00a0rendida \u00a0ante \u00a0la fiscal\u00eda\u00a0 el d\u00eda 23 de enero de 2007, sin \u00a0presencia de la Procuradur\u00eda, la defensa, ni acusado. \u00a0\u00a0<\/p>\n<p>18 \u00a0Fecha \u00a0 que \u00a0 concuerda \u00a0 precisamente \u00a0 con \u00a0la \u00a0aparici\u00f3n \u00a0de \u00a0\u201cSalom\u00f3n\u201d \u00a0refiri\u00e9ndose a Oscar Wilches. \u00a0\u00a0<\/p>\n<p>19 \u00a0El \u00a0candidato \u00a0al \u00a0concejo \u00a0municipal \u00a0de Yopal en el 2007,\u00a0 \u00a0Cristi\u00e1n \u00a0Rodrigo \u00a0P\u00e9rez record\u00f3 que cuando Miguel Angel P\u00e9rez fue detenido, \u00a0se \u00a0inici\u00f3 \u00a0una campa\u00f1a de desprestigio contra Oscar \u00a0Wilches. \u00a0Jorge \u00a0Arturo \u00a0Sierra Guerrero, concejal de \u00a0Monterrey, \u00a0manifest\u00f3 \u00a0que la directriz de las ACC era \u201cborrar totalmente del \u00a0mapa \u00a0 \u00a0al \u00a0 \u00a0doctor \u00a0 \u00a0Oscar \u00a0 Wilches, quien nunca tuvo pactos con ACC.\u201d \u00a0\u00a0<\/p>\n<p>20 \u00a0Corte \u00a0Suprema \u00a0de \u00a0Justicia, auto del 1 de septiembre de 2009, radicado 31.653. \u00a0De \u00a0igual \u00a0manera \u00a0en la decisi\u00f3n del\u00a0 la Corte sostuvo en providencia del \u00a028 \u00a0de \u00a0abril \u00a0de \u00a02010, \u00a0que: \u00a0\u201c\u2026 el papel de un Congresista en las citadas \u00a0organizaciones \u00a0armadas \u00a0al margen de la ley, cuyo objetivo era el de acceder al \u00a0poder \u00a0por medios no ortodoxos e ilegales ajenos a los canales democr\u00e1ticos, no \u00a0pod\u00eda \u00a0ser diverso al de poner al servicio del grupo ilegal el andamiaje de sus \u00a0funciones \u00a0como \u00a0senador \u00a0de \u00a0la \u00a0rep\u00fablica; \u00a0entonces, \u00a0ingenuo resulta pensar \u00a0solamente \u00a0en \u00a0asistencias \u00a0aleatorias a las reuniones, o en calidad de simple y \u00a0llano \u00a0espectador \u00a0o \u00a0bien \u00a0porque \u00a0los delincuentes lo consideraba \u2018importante\u2019 para la sociedad.\u201d \u00a0\u00a0<\/p>\n<p>21 \u00a0Corte \u00a0Suprema \u00a0de \u00a0Justicia, Sala de Casaci\u00f3n Penal, sentencia del 26 de marzo \u00a0de 2007, radicado 25.629. \u00a0\u00a0<\/p>\n<p>22 \u00a0Rox\u00edn \u00a0Claus \u00a0y \u00a0otros, La teor\u00eda del Bien Jur\u00eddico. Marcial Pons, Barcelona, \u00a02007, pag. 449. \u00a0\u00a0<\/p>\n<p>23 \u00a0En \u00a0este \u00a0punto, \u00a0para \u00a0establecer \u00a0la \u00a0necesidad \u00a0 \u00a0 de \u00a0 \u00a0 intervenci\u00f3n \u00a0 \u00a0y \u00a0la \u00a0prohibici\u00f3n \u00a0de \u00a0exceso se debe considerar que: \u00a0\u201cLa libertad fue una conquista de las \u00a0revoluciones \u00a0 pol\u00edticas \u00a0liberales, \u00a0mientras \u00a0la \u00a0seguridad \u00a0lo \u00a0fue \u00a0de \u00a0las \u00a0revoluciones \u00a0sociales. \u00a0Ambas \u00a0se \u00a0han \u00a0convertido \u00a0en derechos fundamentales y \u00a0ambas \u00a0 han \u00a0 exigido \u00a0 la \u00a0 prestaci\u00f3n \u00a0 de \u00a0las \u00a0necesarias \u00a0garant\u00edas \u00a0para \u00a0afianzarlas.\u201d \u00a0 Bergalli \u00a0 Roberto, \u00a0 Libertad \u00a0 y \u00a0Seguridad, \u00a0un \u00a0equilibrio \u00a0extraviado. \u00a0En \u00a0el derecho ante la globalizaci\u00f3n y el terrorismo.\u201d Valencia, \u00a02004.\u00a0 \u00a0\u00a0<\/p>\n<p>24 En \u00a0el \u00a0art\u00edculo 7 del\u00a0 decreto 180 de 1988, conocido como \u201cEstatuto para la \u00a0defensa \u00a0de \u00a0la \u00a0Democracia\u201d, \u00a0se \u00a0deline\u00f3 \u00a0la \u00a0siguiente \u00a0f\u00f3rmula: \u00a0 \u00a0 \u00a0 \u00a0\u201cConcierto \u00a0 \u00a0 para \u00a0delinquir. \u00a0El \u00a0que \u00a0forme \u00a0parte \u00a0de \u00a0un grupo de sicarios o de una organizaci\u00f3n terrorista incurrir\u00e1 por \u00a0este solo hecho en prisi\u00f3n de diez (10) quince (15) a\u00f1os. \u00a0\u00a0<\/p>\n<p>\u201cLa \u00a0pena \u00a0se aumentar\u00e1 en una tercera \u00a0parte \u00a0 \u00a0 para \u00a0 \u00a0 quienes \u00a0 \u00a0promuevan, \u00a0encabecen \u00a0o \u00a0dirijan \u00a0a \u00a0los \u00a0integrantes \u00a0de \u00a0estos \u00a0grupos \u00a0u \u00a0organizaciones.\u201d \u00a0\u00a0<\/p>\n<p>25 \u00a0Cfr., \u00a0 Corte \u00a0 Suprema \u00a0 de \u00a0 Justicia, \u00a0Sala de Casaci\u00f3n Penal, radicado 26.942, auto del 14 de mayo de \u00a02007, \u00a0reiterada \u00a0en \u00a0la \u00a0sentencia \u00a0del \u00a025 de noviembre de 2008, en la cual se \u00a0indic\u00f3: \u00a0\u00a0<\/p>\n<p>\u201cEl \u00a0art\u00edculo \u00a0340 \u00a0del C\u00f3digo Penal \u00a0define \u00a0diversas \u00a0formas \u00a0de \u00a0ataque \u00a0al \u00a0bien \u00a0jur\u00eddico \u00a0que denotan la manera \u00a0progresiva \u00a0como \u00a0se \u00a0atenta \u00a0contra \u00a0la \u00a0seguridad p\u00fablica. As\u00ed, en el inciso \u00a0segundo, \u00a0es \u00a0el \u00a0acuerdo de voluntades para promocionar, organizar, financiar o \u00a0armar \u00a0grupos armados al margen de la ley lo que le da sentido al injusto, en el \u00a0contexto \u00a0de \u00a0una modalidad muy propia de los tipos de peligro; y en el tercero, \u00a0desde \u00a0la \u00a0\u00f3ptica \u00a0de \u00a0la \u00a0efectiva \u00a0lesi\u00f3n, se sanciona la conducta de armar, \u00a0financiar \u00a0o \u00a0promocionar a tales grupos. Eso implica que se describen conductas \u00a0secuenciales \u00a0en \u00a0escala \u00a0de \u00a0menor \u00a0a \u00a0mayor gravedad cuya lesividad se refleja \u00a0precisamente \u00a0en \u00a0el \u00a0tratamiento \u00a0punitivo, \u00a0como \u00a0corresponde \u00a0al principio de \u00a0proporcionalidad.\u201d \u00a0\u00a0<\/p>\n<p>De igual manera, se\u00f1al\u00f3: \u00a0<\/p>\n<p>\u201cEn \u00a0la escala progresiva de protecci\u00f3n \u00a0de\u00a0 \u00a0bienes \u00a0jur\u00eddicos, \u00a0el \u00a0acuerdo \u00a0que \u00a0da \u00a0origen \u00a0al \u00a0concierto \u00a0para \u00a0organizar, \u00a0promover, \u00a0armar \u00a0o \u00a0financiar \u00a0grupos \u00a0al \u00a0margen \u00a0de \u00a0la \u00a0ley, \u00a0se \u00a0diferencia \u00a0de \u00a0la \u00a0efectiva \u00a0organizaci\u00f3n, \u00a0fomento, \u00a0promoci\u00f3n, direcci\u00f3n y \u00a0financiaci\u00f3n \u00a0del \u00a0concierto, moldeando diferentes penas seg\u00fan la ponderaci\u00f3n \u00a0del \u00a0aporte que se traduce en un mayor desvalor de la conducta y en un juicio de \u00a0exigibilidad \u00a0personal \u00a0y \u00a0social \u00a0mucho m\u00e1s dr\u00e1stico para quien efectivamente \u00a0organiza, \u00a0fomenta, \u00a0promueve, \u00a0arma o financia el concierto para delinquir, que \u00a0para quien s\u00f3lo lo acuerda.\u201d 25 \u00a0\u00a0<\/p>\n<p>26 \u00a0\u201cDesde la perspectiva positivista, toda norma es un \u00a0momento \u00a0con \u00a0vocaci\u00f3n \u00a0de \u00a0eternidad \u00a0o \u00a0una eternidad provisional\u2026 Entre la \u00a0promulgaci\u00f3n\u00a0 \u00a0y \u00a0la \u00a0derogaci\u00f3n \u00a0de \u00a0la \u00a0ley \u00a0no \u00a0sucede \u00a0nada. \u00a0No \u00a0hay \u00a0tiempo\u2026Pero \u00a0el \u00a0tiempo hecho cultura impregna la aplicaci\u00f3n del derecho y lo \u00a0va \u00a0 transformando \u00a0 tanto \u00a0 desde \u00a0 fuera \u00a0 como \u00a0desde \u00a0dentro\u201d.\u00a0 \u00a0 Postmodernidad \u00a0y \u00a0derecho, \u00a0De \u00a0Trazegnies Granda. Ed. Temis. 1993. \u00a0\u00a0<\/p>\n<p>27 \u00a0Kant, Emmanuel, La Paz Perpetua. \u00a0\u00a0<\/p>\n<p>28 \u00a0Corte \u00a0Suprema de Justicia, Sala de casaci\u00f3n Penal, sentencia del 21 de febrero \u00a0de 2011, radicado 27.918. \u00a0\u00a0<\/p>\n<p>29 \u00a0Oswaldo \u00a0C\u00e1ceres, \u00a0ex \u00a0alcalde de san Luis de Palenque y Diputado del Casanare, \u00a0se\u00f1al\u00f3: \u00a0\u201cEn \u00a0el departamento tuvimos la desfortuna de sufrir la presi\u00f3n de \u00a0grupos \u00a0armados \u00a0ilegales \u00a0que \u00a0surgieron aproximadamente en el a\u00f1o 95 y que se \u00a0desmovilizaron \u00a0hacia \u00a0el \u00a0a\u00f1o 2004. En ese entonces hab\u00edan en el departamento \u00a0dos \u00a0grupos \u00a0de autodefensa que inicialmente llegaron al departamento en la zona \u00a0norte, \u00a0despu\u00e9s \u00a0en \u00a0la \u00a0zona \u00a0sur; dos grupos que se respetaban y digamos as\u00ed \u00a0ten\u00edan \u00a0repartido \u00a0el \u00a0departamento\u2026En \u00a0ese \u00a0entonces en el norte, en nuestra \u00a0\u00e1rea, \u00a0estaba un grupo que se hac\u00eda llamar autodefensas Urabe\u00f1as, y en el sur \u00a0hab\u00eda \u00a0 \u00a0un \u00a0 grupo \u00a0 que \u00a0 tengo \u00a0 entendido \u00a0 el \u00a0 comandante \u00a0 era \u00a0 Mart\u00edn \u00a0Llanos.\u201d \u00a0\u00a0<\/p>\n<p>30 \u00a0Sitio ubicado en la v\u00eda a Tauramena, Departamento del Casanare. \u00a0\u00a0<\/p>\n<p>31 \u00a0Cfr, \u00a0Sentencia \u00a0de \u00a0\u00fanica \u00a0instancia de fecha 25 de noviembre de 2008, proceso \u00a026.942. \u00a0\u00a0<\/p>\n<p>32 \u00a0Vel\u00e1squez \u00a0Vel\u00e1squez, \u00a0Fernando, \u00a0Derecho \u00a0Penal \u00a0General, \u00a0tercera \u00a0edici\u00f3n, \u00a0Temis, pags., 563 y 564 \u00a0\u00a0<\/p>\n<p>33 \u00a0Idem, pag. 548, \u00a0 \u00a0\u00a0<\/p>\n<p><\/p>\n","protected":false},"excerpt":{"rendered":"<p>\u00a0 \u00a0 Proceso n.\u00ba 26970 \u00a0 CORTE SUPREMA DE JUSTICIA \u00a0 SALA DE CASACION PENAL \u00a0 Aprobada acta n\u00famero 130 \u00a0 Bogot\u00e1, \u00a0D.C, \u00a0trece \u00a0de \u00a0abril \u00a0de \u00a0dos mil \u00a0once. \u00a0\u00a0 La \u00a0Sala \u00a0de \u00a0Casaci\u00f3n Penal dicta sentencia \u00a0dentro \u00a0del \u00a0juicio \u00a0contra \u00a0el \u00a0doctor \u00a0Oscar Leonidas \u00a0Wilches \u00a0 Carre\u00f1o, \u00a0acusado \u00a0de \u00a0ser \u00a0autor \u00a0del delito [&hellip;]<\/p>\n","protected":false},"author":1,"featured_media":0,"comment_status":"open","ping_status":"open","sticky":false,"template":"","format":"standard","meta":{"footnotes":""},"categories":[19],"tags":[],"class_list":["post-21650","post","type-post","status-publish","format-standard","hentry","category-19"],"_links":{"self":[{"href":"https:\/\/dmsjuridica.com\/buscador_20179478954\/salapenalcronologico20230723\/wp-json\/wp\/v2\/posts\/21650","targetHints":{"allow":["GET"]}}],"collection":[{"href":"https:\/\/dmsjuridica.com\/buscador_20179478954\/salapenalcronologico20230723\/wp-json\/wp\/v2\/posts"}],"about":[{"href":"https:\/\/dmsjuridica.com\/buscador_20179478954\/salapenalcronologico20230723\/wp-json\/wp\/v2\/types\/post"}],"author":[{"embeddable":true,"href":"https:\/\/dmsjuridica.com\/buscador_20179478954\/salapenalcronologico20230723\/wp-json\/wp\/v2\/users\/1"}],"replies":[{"embeddable":true,"href":"https:\/\/dmsjuridica.com\/buscador_20179478954\/salapenalcronologico20230723\/wp-json\/wp\/v2\/comments?post=21650"}],"version-history":[{"count":0,"href":"https:\/\/dmsjuridica.com\/buscador_20179478954\/salapenalcronologico20230723\/wp-json\/wp\/v2\/posts\/21650\/revisions"}],"wp:attachment":[{"href":"https:\/\/dmsjuridica.com\/buscador_20179478954\/salapenalcronologico20230723\/wp-json\/wp\/v2\/media?parent=21650"}],"wp:term":[{"taxonomy":"category","embeddable":true,"href":"https:\/\/dmsjuridica.com\/buscador_20179478954\/salapenalcronologico20230723\/wp-json\/wp\/v2\/categories?post=21650"},{"taxonomy":"post_tag","embeddable":true,"href":"https:\/\/dmsjuridica.com\/buscador_20179478954\/salapenalcronologico20230723\/wp-json\/wp\/v2\/tags?post=21650"}],"curies":[{"name":"wp","href":"https:\/\/api.w.org\/{rel}","templated":true}]}}