{"id":21572,"date":"2023-09-11T22:55:30","date_gmt":"2023-09-11T22:55:30","guid":{"rendered":"https:\/\/dmsjuridica.com\/buscador_20179478954\/salapenalcronologico20230723\/2023\/09\/11\/3540309-12-10\/"},"modified":"2023-09-11T22:55:30","modified_gmt":"2023-09-11T22:55:30","slug":"3540309-12-10","status":"publish","type":"post","link":"https:\/\/dmsjuridica.com\/buscador_20179478954\/salapenalcronologico20230723\/2023\/09\/11\/3540309-12-10\/","title":{"rendered":"35403(09-12-10)"},"content":{"rendered":"\n<p>\u00a0 \u00a0 Proceso n.\u00ba 35403 \u00a0<\/p>\n<p>CORTE SUPREMA DE JUSTICIA \u00a0<\/p>\n<p>SALA DE CASACI\u00d3N PENAL \u00a0<\/p>\n<p>\u00a0 \u00a0 \u00a0 \u00a0 \u00a0<\/p>\n<p>Magistrado \u00a0Ponente \u00a0\u00a0<\/p>\n<p>JORGE \u00a0 LUIS \u00a0QUINTERO \u00a0MILAN\u00c9S \u00a0\u00a0<\/p>\n<p>Aprobado \u00a0 \u00a0Acta \u00a0N\u00b0 \u00a0 413. \u00a0\u00a0<\/p>\n<p>Bogot\u00e1, \u00a0 \u00a0 D. \u00a0 \u00a0C., \u00a0 \u00a0diciembre nueve (9) de dos mil diez (2010). \u00a0\u00a0<\/p>\n<p>VISTOS: \u00a0<\/p>\n<p>\u00a0\u00a0\u00a0\u00a0\u00a0\u00a0\u00a0\u00a0\u00a0 Proceder\u00eda \u00a0la \u00a0Sala \u00a0a \u00a0pronunciarse \u00a0sobre \u00a0la \u00a0admisibilidad \u00a0de \u00a0la demanda de casaci\u00f3n \u00a0presentada \u00a0por \u00a0el \u00a0defensor \u00a0del \u00a0procesado \u00a0Carlos \u00a0Guillermo Rubio Fandi\u00f1o, \u00a0contra \u00a0la sentencia proferida por el Tribunal Superior de Bogot\u00e1 que confirm\u00f3 \u00a0la \u00a0dictada por el Juzgado Octavo Penal del Circuito de esta misma ciudad que lo \u00a0conden\u00f3 \u00a0como \u00a0autor responsable de las conductas punibles de falsedad material \u00a0de \u00a0documento \u00a0p\u00fablico \u00a0agravada por el uso y estafa simple, si no se observara \u00a0que \u00a0la \u00a0acci\u00f3n \u00a0penal \u00a0(y \u00a0civil) \u00a0derivada de tales delitos prescribi\u00f3 en el \u00a0traslado \u00a0al \u00a0recurrente, \u00a0situaci\u00f3n \u00a0que \u00a0pas\u00f3 \u00a0por \u00a0alto \u00a0la Corporaci\u00f3n de \u00a0segundo grado. \u00a0\u00a0<\/p>\n<p>HECHOS \u00a0 Y \u00a0ACTUACI\u00d3N \u00a0PROCESAL: \u00a0\u00a0<\/p>\n<p>1. Los primeros fueron tratados en el fallo \u00a0impugnado de la siguiente forma: \u00a0\u00a0<\/p>\n<p>Los \u00a0hechos que dieron origen a la presente \u00a0actuaci\u00f3n \u00a0tuvieron \u00a0ocurrencia el seis de junio de dos mil uno, d\u00eda en el que \u00a0los \u00a0se\u00f1ores \u00a0Carlos Guillermo Rubio Fandi\u00f1o y Fernando Antonio Rubio Fandi\u00f1o \u00a0suscribieron \u00a0contrato de compraventa del tracto cami\u00f3n de placas UFQ 377 marca \u00a0Kenworth, \u00a0modelo \u00a01994, \u00a0con \u00a0Gerardo \u00a0Antonio \u00a0Alvarado Parra, no obstante que \u00a0sobre \u00a0el \u00a0automotor pesaba el embargo decretado y comunicado, seg\u00fan oficio 648 \u00a0del \u00a015 \u00a0de \u00a0marzo \u00a0de \u00a02001, \u00a0por \u00a0el Juzgado 38 Civil del Circuito de Bogot\u00e1. \u00a0\u00a0<\/p>\n<p>A \u00a0fin de facilitar la venta del veh\u00edculo, \u00a0el \u00a0supuesto \u00a0oficio \u00a0de \u00a0levantamiento \u00a0del \u00a0embargo N\u00b0 874 del 20 de junio de \u00a02001, \u00a0 aparentemente \u00a0emitido \u00a0por \u00a0el \u00a0Juzgado \u00a038 \u00a0Civil \u00a0del \u00a0Circuito, \u00a0fue \u00a0registrado \u00a0en \u00a0la \u00a0Secretar\u00eda \u00a0de \u00a0Tr\u00e1nsito \u00a0y \u00a0Transportes de La Calera. Tal \u00a0documento a la postre result\u00f3 ser falso. \u00a0\u00a0<\/p>\n<p>El \u00a0precio \u00a0acordado por la compraventa del \u00a0tracto cami\u00f3n fue de ciento diez millones de pesos ($110.000.000). \u00a0\u00a0<\/p>\n<p>\u00a0 \u00a0\u00a0<\/p>\n<p>1. Por los anteriores episodios, el 24 \u00a0de \u00a0junio de 2005 la Fiscal\u00eda 138 Seccional de Bogot\u00e1 profiri\u00f3 resoluci\u00f3n de \u00a0acusaci\u00f3n \u00a0contra \u00a0el \u00a0vinculado \u00a0Carlos Guillermo Rubio Fandi\u00f1o como presunto \u00a0autor \u00a0de los delitos de falsedad material en documento p\u00fablico agravada por el \u00a0uso \u00a0y \u00a0estafa \u00a0simple \u00a0(arts. \u00a0220, \u00a0222-2 \u00a0y \u00a0356 \u00a0del Decreto 100 de 1980), y \u00a0precluy\u00f3 \u00a0la \u00a0investigaci\u00f3n \u00a0a \u00a0favor de Fernando Arturo Rubio Fandi\u00f1o,\u00a0 \u00a0pronunciamiento \u00a0que \u00a0alcanz\u00f3 \u00a0ejecutoria \u00a0el \u00a027 \u00a0de \u00a0septiembre \u00a0 siguiente \u00a0cuando \u00a0qued\u00f3 \u00a0en \u00a0firme \u00a0el \u00a0prove\u00eddo \u00a0que \u00a0declar\u00f3 \u00a0desierto \u00a0el recurso de apelaci\u00f3n interpuesto pero no \u00a0sustentado por su defensor. \u00a0 \u00a0\u00a0<\/p>\n<p>3. Correspondi\u00f3 el conocimiento del proceso \u00a0al \u00a0Juzgado \u00a08\u00b0 \u00a0Penal \u00a0del \u00a0Circuito \u00a0de Bogot\u00e1, que cumplidas las audiencias \u00a0preparatoria \u00a0y \u00a0de juzgamiento, mediante sentencia de julio 31 de 2009 conden\u00f3 \u00a0al \u00a0acusado \u00a0como \u00a0autor \u00a0responsable \u00a0de \u00a0las \u00a0conductas punibles materia de la \u00a0acusaci\u00f3n \u00a0a \u00a0las \u00a0penas de treinta y dos (32) meses de prisi\u00f3n, multa de cien \u00a0mil \u00a0pesos \u00a0($100.000),\u00a0 \u00a0inhabilitaci\u00f3n \u00a0para \u00a0el ejercicio de derechos y \u00a0funciones \u00a0p\u00fablicas \u00a0por \u00a0un \u00a0tiempo \u00a0igual \u00a0al \u00a0de la sanci\u00f3n privativa de la \u00a0libertad, \u00a0al pago de indemnizaci\u00f3n de perjuicios y le concedi\u00f3 la suspensi\u00f3n \u00a0condicional de la ejecuci\u00f3n de la pena. \u00a0\u00a0<\/p>\n<p>4. \u00a0Esa \u00a0providencia \u00a0fue \u00a0apelada \u00a0por \u00a0el \u00a0defensor \u00a0del \u00a0procesado Rubio Fandi\u00f1o y el Tribunal Superior de esta ciudad el \u00a016 \u00a0de \u00a0junio de 2010 la confirm\u00f3, pero la adicion\u00f3 en el sentido de compulsar \u00a0copias \u00a0con \u00a0destino a la Fiscal\u00eda General de la Naci\u00f3n para que se investigue \u00a0la posible ejecuci\u00f3n del delito de fraude procesal. \u00a0\u00a0<\/p>\n<p>5. Contra el fallo de segundo grado el mismo \u00a0recurrente \u00a0en\u00a0 \u00a0primera \u00a0instancia \u00a0interpuso el recurso extraordinario de \u00a0casaci\u00f3n, \u00a0 el \u00a0 cual \u00a0 fue \u00a0 concedido \u00a0por \u00a0el \u00a0ad \u00a0quem \u00a0en auto del 23 de julio siguiente, corriendo el \u00a0traslado \u00a0para \u00a0presentar la demanda entre el 25 de agosto y el 5 de octubre, en \u00a0esta \u00a0\u00faltima \u00a0fecha \u00a0fue \u00a0presentado \u00a0el \u00a0libelo, \u00a0el \u00a06 \u00a0de octubre comenz\u00f3 a \u00a0surtirse \u00a0el \u00a0traslado previsto para los no recurrentes el cual venci\u00f3 el 27 de \u00a0octubre, \u00a0y \u00a0el \u00a018 \u00a0de \u00a0noviembre se orden\u00f3 que el asunto fuera enviado a esta \u00a0Corporaci\u00f3n \u00a0a \u00a0donde arrib\u00f3 en la misma fecha ya estando prescrita la acci\u00f3n \u00a0penal \u00a0como \u00a0se \u00a0analizar\u00e1 \u00a0adelante, sin que el Tribunal se hubiese ocupado de \u00a0tal situaci\u00f3n como era su deber. \u00a0\u00a0<\/p>\n<p>CONSIDERACIONES \u00a0DE \u00a0LA \u00a0CORTE: \u00a0\u00a0<\/p>\n<p>1.- En relaci\u00f3n con la prescripci\u00f3n de la \u00a0acci\u00f3n \u00a0penal \u00a0cuando \u00a0ella \u00a0se \u00a0presenta \u00a0con \u00a0posterioridad a la sentencia de \u00a0segundo \u00a0grado, \u00a0o \u00a0antes \u00a0en \u00a0los \u00a0eventos de simple constataci\u00f3n objetiva, la \u00a0jurisprudencia \u00a0de \u00a0la \u00a0Sala \u00a0tiene \u00a0definido que su declaraci\u00f3n corresponde al \u00a0juez \u00a0de \u00a0segunda \u00a0instancia \u00a0o a esta Corporaci\u00f3n, cuando aqu\u00e9l pasa por alto \u00a0tal situaci\u00f3n. \u00a0\u00a0<\/p>\n<p>Es \u00a0as\u00ed \u00a0como frente a esta tem\u00e1tica, una \u00a0vez \u00a0constatado que la prescripci\u00f3n de la acci\u00f3n penal solicitada no implicaba \u00a0una verificaci\u00f3n meramente objetiva, la Corte expres\u00f3: \u00a0\u00a0<\/p>\n<p>(&#8230;), \u00a0la \u00a0denuncia \u00a0en \u00a0sede \u00a0de \u00a0casaci\u00f3n \u00a0sobre \u00a0la \u00a0consolidaci\u00f3n del fen\u00f3meno de la \u00a0prescripci\u00f3n \u00a0de \u00a0la \u00a0acci\u00f3n penal ocurrida en la fase instructiva o antes del \u00a0proferimiento \u00a0del \u00a0fallo \u00a0de \u00a0segundo \u00a0grado, \u00a0debe plantearse en la demanda al \u00a0amparo de la causal tercera. \u00a0\u00a0<\/p>\n<p>Y \u00a0es \u00a0que \u00a0de \u00a0haberse \u00a0continuado \u00a0con el \u00a0ejercicio \u00a0del \u00a0poder \u00a0punitivo \u00a0del Estado despu\u00e9s de que, por virtud del mero \u00a0transcurso \u00a0del \u00a0tiempo \u00a0perdi\u00f3 \u00a0dicha \u00a0facultad, la actuaci\u00f3n posterior a ese \u00a0momento \u00a0deviene \u00a0inv\u00e1lida. Pero, adem\u00e1s, su demostraci\u00f3n corresponde hacerse \u00a0por \u00a0los \u00a0derroteros \u00a0de \u00a0la \u00a0causal \u00a0primera \u00a0en \u00a0cualquiera \u00a0de sus sentidos y \u00a0modalidades. \u00a0\u00a0<\/p>\n<p>(\u2026) \u00a0Tal \u00a0ha \u00a0sido \u00a0el pac\u00edfico criterio \u00a0jurisprudencial \u00a0contenido, \u00a0entre \u00a0otros, en los siguientes pronunciamientos de \u00a0la Sala: \u00a0\u00a0<\/p>\n<p>\u2026 \u00a0(&#8230;) \u00a0repugnar\u00eda \u00a0a \u00a0un \u00a0sentimiento \u00a0general \u00a0de \u00a0justicia \u00a0que \u00a0se considerada v\u00e1lida una sentencia proferida en un \u00a0proceso \u00a0que \u00a0no \u00a0pod\u00eda \u00a0adelantar \u00a0el \u00a0juez \u00a0por \u00a0haberse extinguido en \u00e9l la \u00a0facultad punitiva del Estado. \u00a0\u00a0<\/p>\n<p>Por otros aspectos, pretender la alegaci\u00f3n \u00a0de \u00a0este vicio por la causal primera de casaci\u00f3n resultar\u00eda contradictorio con \u00a0la \u00a0naturaleza \u00a0de \u00a0esa \u00a0formulaci\u00f3n y el fin que en ese caso se persigue, pues \u00a0quien \u00a0alega \u00a0violaci\u00f3n directa o indirecta parte del presupuesto de la validez \u00a0del \u00a0proceso \u00a0centrando \u00a0su ataque en la ocurrencia de errores al interior de la \u00a0sentencia, \u00a0y \u00a0adem\u00e1s \u00a0persigue \u00a0la expedici\u00f3n de un fallo de sustituci\u00f3n que \u00a0obviamente \u00a0se \u00a0hace \u00a0de \u00a0imposible \u00a0proferimiento \u00a0a falta de una acci\u00f3n penal \u00a0vigente1. \u00a0\u00a0<\/p>\n<p>Luego \u00a0 \u00a0 se \u00a0 \u00a0 indic\u00f3: \u00a0\u00a0<\/p>\n<p>La \u00a0Corte \u00a0no advierte en esta propuesta de \u00a0ataque \u00a0contradicci\u00f3n intr\u00ednseca alguna que impida su estudio, como lo postula \u00a0el \u00a0Procurador \u00a0Delegado \u00a0en \u00a0su \u00a0concepto. \u00a0Por \u00a0el contrario, considera que la \u00a0solicitud \u00a0de \u00a0prescripci\u00f3n \u00a0al \u00a0interior \u00a0del mismo cargo resulta correcta, en \u00a0cuanto \u00a0se \u00a0presenta \u00a0como \u00a0consecuencia \u00a0de \u00a0su \u00a0prosperidad. \u00a0Tampoco advierte \u00a0equivocaci\u00f3n \u00a0en la selecci\u00f3n de la causal invocada, pues la prescripci\u00f3n, en \u00a0los \u00a0t\u00e9rminos \u00a0que \u00a0ha \u00a0sido \u00a0planteada \u00a0en \u00a0la \u00a0demanda, solo se consolida con \u00a0ocasi\u00f3n \u00a0de \u00a0la \u00a0decisi\u00f3n \u00a0que \u00a0llegare a tomarse en esta sede como motivo del \u00a0recurso \u00a0de casaci\u00f3n, situaci\u00f3n que resulta ser distinta de aquella en la cual \u00a0el \u00a0fen\u00f3meno se ha consolidado antes de ser proferido\u00a0 el fallo de segundo \u00a0grado, \u00a0en \u00a0cuyo \u00a0caso \u00a0la \u00a0causal \u00a0a \u00a0invocar \u00a0debe ser la tercera.2 \u00a0\u00a0<\/p>\n<p>En \u00a0 \u00a0 posterior \u00a0 \u00a0 ocasi\u00f3n \u00a0 \u00a0 se \u00a0expres\u00f3: \u00a0\u00a0<\/p>\n<p>La extinci\u00f3n de la acci\u00f3n penal por raz\u00f3n \u00a0de \u00a0la \u00a0prescripci\u00f3n debe plantarse a trav\u00e9s de la causal tercera de casaci\u00f3n \u00a0por \u00a0violaci\u00f3n \u00a0del \u00a0debido \u00a0proceso, \u00a0no \u00a0obstante \u00a0que se hubiera admitido en \u00a0providencia \u00a0del \u00a021 de marzo de 2001 con ponencia del magistrado Carlos Eduardo \u00a0Mej\u00eda \u00a0 Escobar, \u00a0 Rdo. \u00a0 17.106, \u00a0 que \u00a0 tambi\u00e9n \u00a0 pod\u00eda \u00a0 hacerse \u00a0 por \u00a0la \u00a0primera. \u00a0\u00a0<\/p>\n<p>As\u00ed, \u00a0ha dicho la Sala que la prosecuci\u00f3n \u00a0de \u00a0una \u00a0actuaci\u00f3n \u00a0no empece haberse extinguido la acci\u00f3n penal constituye un \u00a0error \u00a0de \u00a0actividad \u00a0y \u00a0no de juicio, en cuanto al entrar a operar el fen\u00f3meno \u00a0prescriptivo \u00a0el \u00a0Estado pierde la facultad de adelantar el proceso. Cuando esto \u00a0ocurre, \u00a0lo pertinente es disponer la cesaci\u00f3n de todo procedimiento criminal y \u00a0no \u00a0dictar \u00a0el \u00a0fallo \u00a0de \u00a0reemplazo, \u00a0que \u00a0ser\u00eda \u00a0el resultado en el evento de \u00a0prosperar \u00a0un \u00a0cargo fundado en la causal primera, atribuci\u00f3n de la cual carece \u00a0la \u00a0Corte \u00a0de \u00a0presentarse \u00a0el \u00a0caso \u00a0\u2013Cfr. \u00a0Sentencia \u00a0del 29 de octubre de 2001, Rdo. 15.570, M.P. Jorge \u00a0E. \u00a0C\u00f3rdoba \u00a0Poveda, \u00a0reiterada \u00a0en \u00a0la del 13 de enero del a\u00f1o en curso, Rdo. \u00a020200, M.P. \u00c1lvaro Orlando P\u00e9rez Pinz\u00f3n. \u00a0\u00a0<\/p>\n<p>De esta manera retom\u00f3 la Sala la tesis que \u00a0de \u00a0anta\u00f1o ven\u00eda pregonando, al sostener, entre otros pronunciamientos, el que \u00a0la \u00a0Delegada evoca, de que la alegaci\u00f3n de la prescripci\u00f3n de la acci\u00f3n penal \u00a0en \u00a0casaci\u00f3n \u00a0debe \u00a0encausarse al auspicio de la causal tercera, por la v\u00eda de \u00a0la \u00a0 nulidad3. \u00a0\u00a0<\/p>\n<p>\u2026 \u00a0Cuando \u00a0la prescripci\u00f3n de la acci\u00f3n \u00a0penal \u00a0ocurre \u00a0durante \u00a0la\u00a0 \u00a0etapa \u00a0de \u00a0instrucci\u00f3n o en el per\u00edodo de la \u00a0causa, \u00a0pero \u00a0de \u00a0todas \u00a0maneras \u00a0antes \u00a0de \u00a0proferirse \u00a0la sentencia de segunda \u00a0instancia, \u00a0la \u00a0Sala \u00a0tiene \u00a0dicho \u00a0que\u00a0 \u00a0\u201crecurrida \u00e9sta en casaci\u00f3n y \u00a0admitida \u00a0 la \u00a0respectiva \u00a0demanda \u00a0por \u00a0cumplir \u00a0con \u00a0los \u00a0requisitos \u00a0formales \u00a0se\u00f1alados \u00a0en \u00a0la \u00a0ley (arts. 212 y 132 P.P., antes 225 y 226) lo procedente es \u00a0casarla \u00a0oficiosamente, &#8230;, si, como en este caso, no fue objeto de espec\u00edfica \u00a0acusaci\u00f3n, \u00a0pues \u00a0resulta \u00a0incuestionable \u00a0que \u00a0fue \u00a0dictada \u00a0respecto \u00a0de \u00a0una \u00a0acci\u00f3n, \u00a0que \u00a0por \u00a0el fen\u00f3meno prescriptivo aludido, ya no pod\u00eda proseguirse. \u00a0La \u00a0presunci\u00f3n de legalidad que ampara los fallos de instancia, se quiebra ante \u00a0la \u00a0vulneraci\u00f3n \u00a0del debido proceso, dado que no pueden culminar las instancias \u00a0mediante \u00a0decisiones que jur\u00eddicamente no pueden proferirse y, como quiera que, \u00a0por \u00a0la calificaci\u00f3n y admisi\u00f3n de la demanda se ha iniciado el debido proceso \u00a0de \u00a0 la \u00a0 casaci\u00f3n, \u00a0\u00e9ste \u00a0debe \u00a0culminar \u00a0en \u00a0sentencia \u00a0que \u00a0le \u00a0ponga \u00a0fin. \u00a0\u00a0<\/p>\n<p>Situaci\u00f3n \u00a0distinta \u00a0se presenta cuando la \u00a0prescripci\u00f3n \u00a0de \u00a0la \u00a0acci\u00f3n es sobreviniente a la sentencia del ad quem, caso \u00a0en \u00a0el \u00a0cual, \u00a0a \u00a0la \u00a0sentencia \u00a0de \u00a0segunda \u00a0instancia \u00a0no se le puede atribuir \u00a0ilegalidad \u00a0alguna, \u00a0pues \u00a0el \u00a0Estado \u00a0conservaba inc\u00f3lume su facultad punitiva \u00a0para \u00a0dictarla, \u00a0por \u00a0consiguiente, en dicha situaci\u00f3n, lo indicado es acudir a \u00a0la \u00a0 \u00a0 \u00a0 cesaci\u00f3n \u00a0 \u00a0 \u00a0 de \u00a0 \u00a0 \u00a0 procedimiento4. \u00a0\u00a0<\/p>\n<p>Y, \u00a0 \u00a0en \u00a0 \u00a0reciente \u00a0 oportunidad \u00a0 se \u00a0precis\u00f3: \u00a0\u00a0<\/p>\n<p>(&#8230;) La prescripci\u00f3n desde la perspectiva \u00a0de \u00a0la \u00a0casaci\u00f3n, \u00a0puede \u00a0producirse: \u00a0a) \u00a0antes \u00a0de \u00a0la \u00a0sentencia \u00a0de segunda \u00a0instancia; \u00a0b) \u00a0como \u00a0consecuencia \u00a0de \u00a0alguna \u00a0decisi\u00f3n \u00a0adoptada \u00a0en ella con \u00a0repercusi\u00f3n \u00a0en la punibilidad; o, c) con posterioridad a la misma, vale decir, \u00a0entre el d\u00eda de su proferimiento y el de su ejecutoria. \u00a0\u00a0<\/p>\n<p>Si \u00a0en las dos primeras hip\u00f3tesis se dicta \u00a0el \u00a0fallo, \u00a0su \u00a0ilegalidad \u00a0es \u00a0demandable \u00a0a \u00a0trav\u00e9s del recurso de casaci\u00f3n, \u00a0porque \u00a0el \u00a0mismo \u00a0no \u00a0se \u00a0pod\u00eda \u00a0dictar \u00a0en consideraci\u00f3n a la p\u00e9rdida de la \u00a0potestad punitiva del Estado originada en el transcurso del tiempo. \u00a0\u00a0<\/p>\n<p>Frente a la tercera hip\u00f3tesis la soluci\u00f3n \u00a0es \u00a0diferente. \u00a0En \u00a0tal \u00a0evento \u00a0la \u00a0acci\u00f3n \u00a0penal estaba vigente al momento de \u00a0producirse \u00a0el fallo y su legalidad en esa medida resulta indiscutible a trav\u00e9s \u00a0de \u00a0la \u00a0casaci\u00f3n, \u00a0porque \u00a0la \u00a0misma \u00a0se \u00a0encuentra \u00a0instituida \u00a0para juzgar la \u00a0correcci\u00f3n \u00a0de \u00a0la \u00a0sentencia y eso no incluye eventualidades posteriores, como \u00a0la \u00a0 \u00a0prescripci\u00f3n \u00a0 \u00a0de \u00a0 \u00a0la \u00a0 acci\u00f3n \u00a0 penal \u00a0 dentro \u00a0 del \u00a0 t\u00e9rmino \u00a0 de \u00a0ejecutoria. \u00a0\u00a0<\/p>\n<p>Cuando as\u00ed sucede, es deber del funcionario \u00a0judicial \u00a0de \u00a0segunda \u00a0instancia \u00a0o de la Corte si el fen\u00f3meno se produce en el \u00a0tr\u00e1mite \u00a0del recurso de casaci\u00f3n, declarar extinguida la acci\u00f3n en el momento \u00a0en \u00a0el \u00a0cual \u00a0se \u00a0cumpla \u00a0el \u00a0t\u00e9rmino \u00a0prescriptivo, de oficio o a petici\u00f3n de \u00a0parte. \u00a0Pero \u00a0si \u00a0no \u00a0se \u00a0advierte \u00a0la \u00a0circunstancia \u00a0y la sentencia alcanza la \u00a0categor\u00eda \u00a0 de \u00a0cosa \u00a0juzgada, \u00a0la \u00a0\u00fanica \u00a0forma \u00a0de \u00a0remover \u00a0sus \u00a0efectos \u00a0e \u00a0invalidarla \u00a0es \u00a0acudiendo \u00a0a la segunda de las causales que hacen procedente la \u00a0acci\u00f3n \u00a0 \u00a0 \u00a0 \u00a0 \u00a0 \u00a0de \u00a0 \u00a0 \u00a0 \u00a0 \u00a0 \u00a0revisi\u00f3n5\u201d6. \u00a0\u00a0<\/p>\n<p>2.- \u00a0En \u00a0el \u00a0presente \u00a0asunto \u00a0el fen\u00f3meno jur\u00eddico de la prescripci\u00f3n de la acci\u00f3n penal \u00a0se \u00a0consolid\u00f3 \u00a0con \u00a0posterioridad \u00a0al \u00a0proferimiento de la sentencia de segunda \u00a0instancia \u00a0y \u00a0antes \u00a0de \u00a0que \u00a0el \u00a0asunto \u00a0llegara \u00a0a la Corte, luego entonces de \u00a0acuerdo \u00a0con \u00a0el marco jurisprudencial antes indicado, le corresponde a la Corte \u00a0su definici\u00f3n. \u00a0\u00a0<\/p>\n<p>3.- \u00a0De \u00a0conformidad \u00a0con la preceptiva del \u00a0art\u00edculo \u00a083 \u00a0de \u00a0la \u00a0ley \u00a0599 de 2000, la acci\u00f3n penal prescribe en un tiempo \u00a0igual \u00a0al \u00a0m\u00e1ximo \u00a0de \u00a0la \u00a0pena \u00a0fijada \u00a0en \u00a0la \u00a0ley, \u00a0si fuere privativa de la \u00a0libertad, \u00a0pero \u00a0en \u00a0ning\u00fan \u00a0caso \u00a0ese lapso podr\u00eda ser inferior a 5 a\u00f1os, ni \u00a0exceder \u00a0de \u00a020, \u00a0salvo \u00a0para las conductas punibles de genocidio, desaparici\u00f3n \u00a0forzada, \u00a0tortura \u00a0y \u00a0desplazamiento \u00a0forzado, \u00a0que ser\u00e1 de treinta (30) a\u00f1os. \u00a0\u00a0<\/p>\n<p>La iniciaci\u00f3n del t\u00e9rmino de prescripci\u00f3n \u00a0comienza \u00a0a \u00a0contarse, \u00a0para \u00a0los \u00a0delitos \u00a0instant\u00e1neos, \u00a0desde \u00a0el d\u00eda de la \u00a0consumaci\u00f3n, \u00a0y \u00a0desde \u00a0la \u00a0perpetraci\u00f3n \u00a0del \u00a0\u00faltimo \u00a0acto en los tentados o \u00a0permanentes. \u00a0Este \u00a0tiempo \u00a0se interrumpe por la resoluci\u00f3n de acusaci\u00f3n, o su \u00a0equivalente, debidamente ejecutoriada. \u00a0\u00a0<\/p>\n<p>Producida \u00a0la \u00a0interrupci\u00f3n \u00a0del \u00a0t\u00e9rmino \u00a0prescriptivo, \u00a0el \u00a0t\u00e9rmino \u00a0de \u00a0prescripci\u00f3n comienza a correr de nuevo por un \u00a0per\u00edodo \u00a0igual \u00a0a \u00a0la \u00a0mitad \u00a0del se\u00f1alado en el art\u00edculo 83 ib\u00eddem, pero en \u00a0ning\u00fan caso podr\u00e1 ser inferior a 5 a\u00f1os, ni superior a 10. \u00a0\u00a0<\/p>\n<p>4.- \u00a0Si \u00a0bien al procesado Carlos Guillermo \u00a0Rubio \u00a0Fandi\u00f1o en la resoluci\u00f3n de acusaci\u00f3n y en las sentencias de instancia \u00a0se \u00a0le \u00a0atribuy\u00f3 \u00a0las \u00a0conductas punibles de falsedad material de particular en \u00a0documento \u00a0p\u00fablico \u00a0agravada \u00a0por \u00a0el \u00a0uso \u00a0y \u00a0estafa \u00a0simple \u00a0previstas en los \u00a0art\u00edculos \u00a0220, \u00a0222-2 \u00a0y \u00a0356 del decreto ley 100 de 1980, pese a que frente a \u00a0esta \u00a0\u00faltima \u00a0se \u00a0daba \u00a0la \u00a0circunstancia \u00a0de \u00a0agravaci\u00f3n \u00a0establecida \u00a0en \u00a0el \u00a0art\u00edculo \u00a0372-1, \u00a0aspecto que fue omitido tanto en la providencia calificatoria \u00a0como \u00a0la \u00a0posibilidad \u00a0de \u00a0su variaci\u00f3n, para efectos de la prescripci\u00f3n de la \u00a0acci\u00f3n \u00a0penal \u00a0por \u00a0principio de favorabilidad operan los art\u00edculos 287, 291 y \u00a0246 \u00a0de \u00a0la ley 599 de 2000, preceptos que establecen una pena m\u00e1xima privativa \u00a0de \u00a0la \u00a0libertad \u00a0de nueve (9) a\u00f1os y ocho (8) a\u00f1os de prisi\u00f3n, para cada uno \u00a0de \u00a0tales \u00a0delitos, \u00a0mientras que en las disposiciones del cp de 1980 ser\u00edan de \u00a0doce (12) y diez (10) a\u00f1os, respectivamente. \u00a0\u00a0<\/p>\n<p>Para efectos de establecer el t\u00e9rmino de la \u00a0prescripci\u00f3n \u00a0en \u00a0este \u00a0caso, \u00a0se \u00a0parte \u00a0del \u00a0m\u00e1ximo de pena se\u00f1alado en las \u00a0normas \u00a0infringidas, \u00a0esto \u00a0es, 9 y 8 a\u00f1os, t\u00e9rmino que disminuido en la mitad \u00a0por \u00a0raz\u00f3n \u00a0de \u00a0la \u00a0interrupci\u00f3n de la resoluci\u00f3n de acusaci\u00f3n ejecutoriada, \u00a0queda \u00a0reducido \u00a0a \u00a04 \u00a0a\u00f1os \u00a0y \u00a06 \u00a0meses \u00a0y \u00a04 \u00a0a\u00f1os, en su orden. Lo anterior \u00a0significa \u00a0 que \u00a0en \u00a0este \u00a0particular \u00a0asunto, \u00a0el \u00a0fen\u00f3meno \u00a0jur\u00eddico \u00a0de \u00a0la \u00a0prescripci\u00f3n \u00a0respecto \u00a0de los delitos objeto del fallo opera en un t\u00e9rmino de \u00a05 a\u00f1os (art\u00edculo 86, inciso 2\u00b0, cp de 2000). \u00a0\u00a0<\/p>\n<p>Como la resoluci\u00f3n de acusaci\u00f3n, tal como \u00a0ya \u00a0se advirti\u00f3, alcanz\u00f3 ejecutoria el 27 de septiembre de 2005, lo que quiere \u00a0significar \u00a0que \u00a0el \u00a0tiempo \u00a0m\u00ednimo \u00a0se\u00f1alado \u00a0por \u00a0la ley para que operara la \u00a0prescripci\u00f3n \u00a0de \u00a0la \u00a0acci\u00f3n \u00a0penal \u00a0en \u00a0el \u00a0juicio \u00a0(5 a\u00f1os), se cumpli\u00f3 el \u00a026\u00a0 \u00a0 \u00a0de \u00a0 \u00a0septiembre \u00a0 de \u00a0 2010, \u00a0es \u00a0decir, antes de que venciera el traslado para el recurrente, \u00a0situaci\u00f3n \u00a0que \u00a0pas\u00f3 \u00a0por \u00a0alto \u00a0el Tribunal Superior de Bogot\u00e1, y obviamente \u00a0antes de que el proceso llegara a la Corte. \u00a0\u00a0<\/p>\n<p>Lo \u00a0anterior, \u00a0entonces, \u00a0constituye raz\u00f3n \u00a0suficiente \u00a0para que la Sala proceda a declarar la prescripci\u00f3n y la extinci\u00f3n \u00a0de \u00a0las \u00a0acciones penal y civil, derivadas de las conductas punibles de falsedad \u00a0material \u00a0en documento p\u00fablico agravada por el uso y estafa simple, porque esta \u00a0\u00faltima \u00a0se\u00a0 \u00a0ejercit\u00f3 dentro del proceso penal (art\u00edculo 98 ib\u00eddem) y a \u00a0ordenar, \u00a0en \u00a0consecuencia, la cesaci\u00f3n del procedimiento seguido contra Carlos \u00a0Guillermo Rubio Fandi\u00f1o. \u00a0\u00a0<\/p>\n<p>El \u00a0juzgado de primera instancia realizar\u00e1 \u00a0las \u00a0anotaciones \u00a0y \u00a0cancelaciones \u00a0que \u00a0se \u00a0deriven \u00a0de \u00a0lo \u00a0decidido \u00a0en \u00a0esta \u00a0providencia, contra la cual procede el recurso de reposici\u00f3n. \u00a0\u00a0<\/p>\n<p>5.- \u00a0Encuentra \u00a0la \u00a0Sala que en el presente \u00a0asunto \u00a0la fase del juicio se inicio el 5 de diciembre de 2005 y la audiencia de \u00a0juzgamiento \u00a0termin\u00f3 \u00a0el 21 de julio de 2009, esto es, pasados tres (3) a\u00f1os y \u00a0siete \u00a0(7) \u00a0meses. La sentencia de primera instancia se dict\u00f3 el 31 de julio de \u00a02009 \u00a0por \u00a0el \u00a0Juzgado Octavo Penal del Circuito Adjunto, providencia que al ser \u00a0recurrida \u00a0origin\u00f3 \u00a0que \u00a0el proceso llegara al Tribunal Superior de esta ciudad \u00a0el \u00a031 \u00a0de agosto siguiente, y la decisi\u00f3n de segundo grado fue proferida el 16 \u00a0de \u00a0junio \u00a0de 2010, al cabo de m\u00e1s de nueve (9) meses, a pesar de la inminencia \u00a0de \u00a0la \u00a0prescripci\u00f3n \u00a0que, como qued\u00f3 visto, se consolid\u00f3 el 26 de septiembre \u00a0de \u00a02010. \u00a0Por \u00a0lo anterior, se dispondr\u00e1 que la Secretar\u00eda compulse copias de \u00a0la \u00a0 actuaci\u00f3n \u00a0 correspondiente \u00a0 con \u00a0destino \u00a0al \u00a0Consejo \u00a0Seccional \u00a0de \u00a0la \u00a0Judicatura, \u00a0Sala \u00a0Jurisdiccional \u00a0Disciplinaria \u00a0de \u00a0Cundinamarca \u00a0y \u00a0a la Sala \u00a0Jurisdiccional \u00a0Disciplinaria \u00a0del \u00a0Consejo \u00a0Superior de la Judicatura, para los \u00a0fines que estimen pertinente. \u00a0\u00a0<\/p>\n<p>A \u00a0m\u00e9rito de lo expuesto, la Corte Suprema \u00a0de Justicia, Sala de Casaci\u00f3n Penal, \u00a0\u00a0<\/p>\n<p>RESUELVE: \u00a0\u00a0<\/p>\n<p>1.- \u00a0Declarar \u00a0prescritas y extinguidas las \u00a0acciones \u00a0penal y civil derivadas de las conductas punibles de falsedad material \u00a0en \u00a0documento \u00a0p\u00fablico \u00a0agravada \u00a0por \u00a0el \u00a0uso \u00a0y \u00a0estafa \u00a0simple atribuidas al \u00a0procesado\u00a0 Carlos Guillermo Rubio Fandi\u00f1o. \u00a0\u00a0<\/p>\n<p>2.- \u00a0Ordenar, en consecuencia, la cesaci\u00f3n \u00a0del procedimiento adelantado contra el mencionado acusado. \u00a0\u00a0<\/p>\n<p>3.- \u00a0Disponer que por el Juzgado de primera \u00a0instancia se realicen las anotaciones y cancelaciones pertinentes. \u00a0\u00a0<\/p>\n<p>4.- \u00a0Ordenar \u00a0que la Secretar\u00eda de la Sala \u00a0compulse las copias con la finalidad y los destinos indicados. \u00a0\u00a0<\/p>\n<p>Contra \u00a0esta providencia procede el recurso \u00a0de reposici\u00f3n. \u00a0\u00a0<\/p>\n<p>C\u00f3piese, \u00a0notif\u00edquese \u00a0y \u00a0devu\u00e9lvase \u00a0al \u00a0Juzgado de origen.\u00a0\u00a0\u00a0 C\u00famplase. \u00a0\u00a0<\/p>\n<p>MAR\u00cdA \u00a0DEL \u00a0ROSARIO \u00a0GONZ\u00c1LEZ \u00a0DE \u00a0LEMOS \u00a0\u00a0<\/p>\n<p>JOS\u00c9 LEONIDAS BUSTOS MART\u00cdNEZ \u00a0\u00a0 \u00a0\u00a0 \u00a0\u00a0 \u00a0\u00a0 \u00a0\u00a0 \u00a0\u00a0 \u00a0 \u00a0 \u00a0 \u00a0 \u00a0SIGIFREDO \u00a0ESPINOSA \u00a0P\u00c9REZ \u00a0\u00a0<\/p>\n<p>\u00a0\u00a0\u00a0\u00a0\u00a0\u00a0\u00a0\u00a0\u00a0\u00a0 \u00a0Salvamento \u00a0 \u00a0 \u00a0 \u00a0 \u00a0 \u00a0 \u00a0 \u00a0 \u00a0 \u00a0 \u00a0 \u00a0 \u00a0 \u00a0 \u00a0 parcial \u00a0 \u00a0 \u00a0 \u00a0 \u00a0 \u00a0 \u00a0 \u00a0 \u00a0 \u00a0 \u00a0 \u00a0 \u00a0 \u00a0 \u00a0de \u00a0voto\u00a0\u00a0\u00a0\u00a0\u00a0\u00a0\u00a0\u00a0\u00a0\u00a0\u00a0\u00a0\u00a0\u00a0\u00a0\u00a0\u00a0\u00a0\u00a0\u00a0\u00a0\u00a0\u00a0\u00a0\u00a0\u00a0\u00a0\u00a0\u00a0\u00a0\u00a0\u00a0\u00a0\u00a0\u00a0\u00a0\u00a0\u00a0\u00a0\u00a0\u00a0\u00a0\u00a0\u00a0\u00a0\u00a0\u00a0\u00a0\u00a0\u00a0\u00a0\u00a0\u00a0\u00a0\u00a0\u00a0\u00a0\u00a0\u00a0\u00a0\u00a0\u00a0\u00a0\u00a0\u00a0\u00a0\u00a0\u00a0\u00a0\u00a0\u00a0\u00a0\u00a0\u00a0\u00a0\u00a0\u00a0\u00a0\u00a0\u00a0\u00a0\u00a0 \u00a0\u00a0<\/p>\n<p>ALFREDO \u00a0 \u00a0 \u00a0 \u00a0 \u00a0 G\u00d3MEZ \u00a0QUINTERO\u00a0\u00a0\u00a0\u00a0\u00a0\u00a0\u00a0\u00a0\u00a0\u00a0\u00a0\u00a0\u00a0\u00a0\u00a0\u00a0\u00a0\u00a0\u00a0\u00a0\u00a0\u00a0\u00a0\u00a0\u00a0\u00a0\u00a0\u00a0 \u00a0AUGUSTO \u00a0 \u00a0 \u00a0 \u00a0 \u00a0 \u00a0 \u00a0 \u00a0 \u00a0 \u00a0 \u00a0 \u00a0 \u00a0 \u00a0 \u00a0 \u00a0J. \u00a0 \u00a0 \u00a0 \u00a0 \u00a0 \u00a0 \u00a0 \u00a0 \u00a0 \u00a0 \u00a0 \u00a0 \u00a0 \u00a0 \u00a0 IB\u00c1\u00d1EZ \u00a0GUZM\u00c1N\u00a0\u00a0\u00a0\u00a0\u00a0\u00a0\u00a0\u00a0\u00a0\u00a0\u00a0\u00a0\u00a0\u00a0\u00a0\u00a0\u00a0\u00a0\u00a0\u00a0\u00a0\u00a0\u00a0\u00a0\u00a0\u00a0\u00a0\u00a0\u00a0 \u00a0\u00a0<\/p>\n<p>JORGE \u00a0 \u00a0 \u00a0 LUIS \u00a0 \u00a0 \u00a0 QUINTERO \u00a0MILAN\u00c9S\u00a0\u00a0\u00a0\u00a0\u00a0\u00a0\u00a0\u00a0\u00a0\u00a0\u00a0\u00a0\u00a0\u00a0\u00a0\u00a0\u00a0\u00a0\u00a0\u00a0\u00a0 \u00a0JULIO \u00a0 \u00a0 \u00a0 \u00a0 \u00a0 \u00a0 \u00a0 \u00a0 \u00a0 \u00a0 \u00a0 \u00a0 \u00a0 \u00a0 \u00a0 \u00a0 \u00a0E. \u00a0 \u00a0 \u00a0 \u00a0 \u00a0 \u00a0 \u00a0 \u00a0 \u00a0 \u00a0 \u00a0 \u00a0 \u00a0 \u00a0 \u00a0 \u00a0 \u00a0SOCHA \u00a0SALAMANCA\u00a0\u00a0\u00a0\u00a0\u00a0\u00a0\u00a0\u00a0\u00a0\u00a0\u00a0\u00a0\u00a0\u00a0\u00a0\u00a0\u00a0\u00a0\u00a0\u00a0\u00a0\u00a0\u00a0\u00a0\u00a0\u00a0\u00a0\u00a0\u00a0\u00a0\u00a0\u00a0\u00a0\u00a0\u00a0\u00a0\u00a0\u00a0\u00a0 \u00a0\u00a0<\/p>\n<p>JAVIER ZAPATA ORTIZ \u00a0<\/p>\n<p>TERESA \u00a0 \u00a0RUIZ \u00a0N\u00da\u00d1EZ \u00a0\u00a0<\/p>\n<p>Secretaria \u00a0\u00a0<\/p>\n<p>\u00a0 \u00a0\u00a0<\/p>\n<p>1 CORTE \u00a0SUPREMA \u00a0 \u00a0 DE \u00a0 \u00a0JUSTICIA, \u00a0 \u00a0Sala \u00a0 \u00a0de \u00a0 \u00a0Casaci\u00f3n \u00a0 \u00a0Penal, \u00a0 \u00a0sentencia \u00a0octubre \u00a013 de 1994, Radicado \u00a08690. \u00a0\u00a0<\/p>\n<p>2 CORTE \u00a0SUPREMA \u00a0 \u00a0 DE \u00a0 \u00a0JUSTICIA, \u00a0 \u00a0Sala \u00a0 \u00a0de \u00a0 \u00a0Casaci\u00f3n \u00a0 \u00a0Penal, \u00a0 \u00a0sentencia\u00a0 \u00a0mayo \u00a028 de 2000,\u00a0 \u00a0Radicado 16.441. \u00a0\u00a0<\/p>\n<p>3 CORTE \u00a0SUPREMA \u00a0DE \u00a0JUSTICIA, \u00a0Sala de Casaci\u00f3n Penal,\u00a0 \u00a0sentencia\u00a0 \u00a0marzo \u00a024 \u00a0de 2003, Radicado 20.164, \u00a0reiterada \u00a0en \u00a0auto de junio \u00a02 de 2004, Radicado 21.484. \u00a0\u00a0<\/p>\n<p>4 CORTE \u00a0SUPREMA \u00a0 \u00a0 DE \u00a0 \u00a0JUSTICIA, \u00a0 \u00a0Sala \u00a0 \u00a0de \u00a0 \u00a0Casaci\u00f3n \u00a0 \u00a0Penal, \u00a0 \u00a0sentencia \u00a0octubre \u00a024 de 2003, Radicado \u00a017.466. \u00a0\u00a0<\/p>\n<p>5 CORTE \u00a0SUPREMA \u00a0 \u00a0 DE \u00a0 \u00a0JUSTICIA, \u00a0 \u00a0Sala \u00a0 \u00a0de \u00a0 \u00a0Casaci\u00f3n \u00a0 \u00a0Penal, \u00a0 \u00a0sentencia \u00a0junio \u00a030 \u00a0de \u00a02004, Radicado \u00a018.368. \u00a0\u00a0<\/p>\n<p>6 CORTE \u00a0SUPREMA \u00a0DE \u00a0JUSTICIA, \u00a0Sala \u00a0de Casaci\u00f3n Penal, auto \u00a0septiembre 8 de 2004, Radicado 22.588. \u00a0 \u00a0\u00a0<\/p>\n<p><\/p>\n","protected":false},"excerpt":{"rendered":"<p>\u00a0 \u00a0 Proceso n.\u00ba 35403 \u00a0 CORTE SUPREMA DE JUSTICIA \u00a0 SALA DE CASACI\u00d3N PENAL \u00a0 \u00a0 \u00a0 \u00a0 \u00a0 \u00a0 Magistrado \u00a0Ponente \u00a0\u00a0 JORGE \u00a0 LUIS \u00a0QUINTERO \u00a0MILAN\u00c9S \u00a0\u00a0 Aprobado \u00a0 \u00a0Acta \u00a0N\u00b0 \u00a0 413. \u00a0\u00a0 Bogot\u00e1, \u00a0 \u00a0 D. \u00a0 \u00a0C., \u00a0 \u00a0diciembre nueve (9) de dos mil diez (2010). \u00a0\u00a0 VISTOS: \u00a0 [&hellip;]<\/p>\n","protected":false},"author":1,"featured_media":0,"comment_status":"open","ping_status":"open","sticky":false,"template":"","format":"standard","meta":{"footnotes":""},"categories":[18],"tags":[],"class_list":["post-21572","post","type-post","status-publish","format-standard","hentry","category-18"],"_links":{"self":[{"href":"https:\/\/dmsjuridica.com\/buscador_20179478954\/salapenalcronologico20230723\/wp-json\/wp\/v2\/posts\/21572","targetHints":{"allow":["GET"]}}],"collection":[{"href":"https:\/\/dmsjuridica.com\/buscador_20179478954\/salapenalcronologico20230723\/wp-json\/wp\/v2\/posts"}],"about":[{"href":"https:\/\/dmsjuridica.com\/buscador_20179478954\/salapenalcronologico20230723\/wp-json\/wp\/v2\/types\/post"}],"author":[{"embeddable":true,"href":"https:\/\/dmsjuridica.com\/buscador_20179478954\/salapenalcronologico20230723\/wp-json\/wp\/v2\/users\/1"}],"replies":[{"embeddable":true,"href":"https:\/\/dmsjuridica.com\/buscador_20179478954\/salapenalcronologico20230723\/wp-json\/wp\/v2\/comments?post=21572"}],"version-history":[{"count":0,"href":"https:\/\/dmsjuridica.com\/buscador_20179478954\/salapenalcronologico20230723\/wp-json\/wp\/v2\/posts\/21572\/revisions"}],"wp:attachment":[{"href":"https:\/\/dmsjuridica.com\/buscador_20179478954\/salapenalcronologico20230723\/wp-json\/wp\/v2\/media?parent=21572"}],"wp:term":[{"taxonomy":"category","embeddable":true,"href":"https:\/\/dmsjuridica.com\/buscador_20179478954\/salapenalcronologico20230723\/wp-json\/wp\/v2\/categories?post=21572"},{"taxonomy":"post_tag","embeddable":true,"href":"https:\/\/dmsjuridica.com\/buscador_20179478954\/salapenalcronologico20230723\/wp-json\/wp\/v2\/tags?post=21572"}],"curies":[{"name":"wp","href":"https:\/\/api.w.org\/{rel}","templated":true}]}}