{"id":21545,"date":"2023-09-11T22:55:28","date_gmt":"2023-09-11T22:55:28","guid":{"rendered":"https:\/\/dmsjuridica.com\/buscador_20179478954\/salapenalcronologico20230723\/2023\/09\/11\/3532416-11-10\/"},"modified":"2023-09-11T22:55:28","modified_gmt":"2023-09-11T22:55:28","slug":"3532416-11-10","status":"publish","type":"post","link":"https:\/\/dmsjuridica.com\/buscador_20179478954\/salapenalcronologico20230723\/2023\/09\/11\/3532416-11-10\/","title":{"rendered":"35324(16-11-10)"},"content":{"rendered":"\n<p>\u00a0 \u00a0 \u00a0\u00a0<\/p>\n<p>Proceso \u00a0 \u00a0 n.\u00ba \u00a035324 \u00a0\u00a0<\/p>\n<p>CORTE \u00a0 SUPREMA \u00a0 DE \u00a0JUSTICIA \u00a0\u00a0<\/p>\n<p>SALA \u00a0 DE \u00a0 CASACI\u00d3N \u00a0PENAL \u00a0\u00a0<\/p>\n<p>Magistrado Ponente: \u00a0<\/p>\n<p>JULIO ENRIQUE SOCHA SALAMANCA \u00a0<\/p>\n<p>Aprobado Acta No. 369 \u00a0<\/p>\n<p>Bogot\u00e1 D.C., diecis\u00e9is (16) de noviembre de \u00a0dos mil diez (2010). \u00a0\u00a0<\/p>\n<p>VISTOS \u00a0<\/p>\n<p>Resuelve la Sala la solicitud elevada por la \u00a0Fiscal \u00a0Veintis\u00e9is \u00a0Especializada \u00a0de \u00a0la Unidad Nacional de Derechos Humanos y \u00a0Derecho \u00a0Internacional \u00a0Humanitario \u00a0encaminada \u00a0a \u00a0que se disponga el cambio de \u00a0radicaci\u00f3n \u00a0del \u00a0proceso \u00a0que \u00a0se \u00a0adelanta \u00a0en contra de EL\u00cdAS ENRIQUE GUERRA \u00a0MART\u00cdNEZ \u00a0por \u00a0el \u00a0concurso \u00a0de \u00a0delitos de homicidio agravado, el cual una vez \u00a0calificado \u00a0el \u00a0m\u00e9rito \u00a0sumarial, \u00a0fue \u00a0remitido \u00a0a los Juzgados Promiscuos del \u00a0Circuito de Saravena (Arauca). \u00a0\u00a0<\/p>\n<p>ANTECEDENTES \u00a0F\u00c1CTICOS Y \u00a0PROCESALES \u00a0\u00a0<\/p>\n<p>Seg\u00fan la petici\u00f3n, por hechos acaecidos el \u00a027 \u00a0 de \u00a0 noviembre \u00a0 de \u00a0 2007 \u00a0 en \u00a0 la \u00a0 vereda \u00a0El \u00a0Silencio \u00a0del municipio de Saravena (Arauca),\u00a0 en \u00a0desarrollo \u00a0de \u00a0una \u00a0misi\u00f3n, tropas de la Brigada N\u00b0 18 del Batall\u00f3n Especial \u00a0Energ\u00e9tico \u00a0y \u00a0Vial, Grupo de Localizaci\u00f3n \u201cBisonte \u00a0N\u00b06\u201d, \u00a0al mando del Sargento Segundo EL\u00cdAS ENRIQUE \u00a0GUERRA \u00a0MART\u00cdNEZ \u00a0dieron muerte a los se\u00f1ores Jhon Carlos Nocua Rueda y Samuel \u00a0Navia \u00a0Moreno \u00a0en un supuesto enfrentamiento con milicianos del grupo denominado \u00a0Ej\u00e9rcito de Liberaci\u00f3n Nacional. \u00a0\u00a0<\/p>\n<p>En desarrollo de la investigaci\u00f3n se logr\u00f3 \u00a0determinar \u00a0que \u00a0las \u00a0v\u00edctimas \u00a0eran moradores de la regi\u00f3n que alquilaron dos \u00a0motos \u00a0y \u00a0que \u00a0momentos \u00a0antes \u00a0de \u00a0su muerte hab\u00edan sido vistos en la cabecera \u00a0municipal de Saravena. \u00a0\u00a0<\/p>\n<p>Por \u00a0 lo \u00a0 anterior, \u00a0 una \u00a0vez \u00a0vinculado \u00a0formalmente \u00a0a \u00a0la instrucci\u00f3n GUERRA MART\u00cdNEZ, el 29 de septiembre de 2010 se \u00a0dict\u00f3 \u00a0en \u00a0su \u00a0contra \u00a0resoluci\u00f3n \u00a0de \u00a0acusaci\u00f3n \u00a0como \u00a0coautor del delito de \u00a0homicidio agravado en concurso homog\u00e9neo. \u00a0\u00a0<\/p>\n<p>DE LA SOLICITUD \u00a0<\/p>\n<p>La \u00a0representante \u00a0del ente acusador se\u00f1ala \u00a0que \u00a0existen \u00a0circunstancias \u00a0que \u00a0pueden \u00a0afectar \u00a0la \u00a0seguridad \u00a0o \u00a0integridad \u00a0personal \u00a0de los sujetos procesales ante los diversos reportes noticiosos acerca \u00a0de \u00a0que \u00a0en \u00a0el \u00a0municipio \u00a0de \u00a0Saravena frecuentemente se presentan situaciones \u00a0alteradoras \u00a0 del \u00a0 orden \u00a0 p\u00fablico, \u00a0 tales \u00a0 como \u00a0 combates, \u00a0 secuestros \u00a0y \u00a0homicidios. \u00a0\u00a0<\/p>\n<p>Para el fin anterior, se\u00f1ala que al hacer la \u00a0b\u00fasqueda \u00a0de \u00a0la \u00a0palabra \u201csaravena\u201d por internet se reportan 56 resultados \u00a0para \u00a0los a\u00f1os 2009 y 2010 los cuales tienen que ver con alteraciones del orden \u00a0p\u00fablico \u00a0 (anexa \u00a0algunas \u00a0copia \u00a0de \u00a0los \u00a0mismos \u00a0correspondientes \u00a0al \u00a0diario \u00a0eltiempo.com). \u00a0\u00a0<\/p>\n<p>Aduce \u00a0que \u00a0para tramitar la fase del juicio \u00a0ella \u00a0tendr\u00eda \u00a0que \u00a0trasladarse \u00a0a \u00a0esa \u00a0ciudad y alojarse en las instalaciones \u00a0militares, \u00a0lo \u00a0que \u00a0representa \u00a0un \u00a0peligro \u00a0para su integridad toda vez que el \u00a0procesado es precisamente un miembro del Ej\u00e9rcito Nacional. \u00a0\u00a0<\/p>\n<p>Y \u00a0que \u00a0el Juzgado Promiscuo del Circuito de \u00a0Saravena \u00a0no \u00a0resulta el escenario propicio para adelantar la audiencia p\u00fablica \u00a0por \u00a0la \u00a0influencia \u00a0que han tenido agrupaciones armadas ilegales las cuales han \u00a0repercutido en la administraci\u00f3n de justicia. \u00a0\u00a0<\/p>\n<p>Por \u00a0lo \u00a0tanto, \u00a0pide \u00a0a \u00a0la Sala asignar el \u00a0diligenciamiento a otro juzgado en la ciudad que a bien estime. \u00a0\u00a0<\/p>\n<p>CONSIDERACIONES \u00a0DE \u00a0LA \u00a0CORTE \u00a0\u00a0<\/p>\n<p>De \u00a0acuerdo con lo normado en el numeral 8\u00b0 \u00a0del \u00a0art\u00edculo 75 de la Ley 600 de 2000, la Corte es competente para resolver la \u00a0petici\u00f3n \u00a0 de \u00a0 cambio \u00a0de \u00a0radicaci\u00f3n \u00a0en \u00a0atenci\u00f3n \u00a0a \u00a0que \u00a0implicar\u00eda \u00a0la \u00a0asignaci\u00f3n \u00a0de \u00a0un \u00a0distrito judicial diferente del que actualmente adelanta el \u00a0juicio contra el procesado EL\u00cdAS ENRIQUE GUERRA MART\u00cdNEZ. \u00a0\u00a0<\/p>\n<p>La \u00a0Sala ha insistido en que el cambio\u00a0 \u00a0de\u00a0 \u00a0radicaci\u00f3n\u00a0 \u00a0es\u00a0 \u00a0un \u00a0mecanismo residual y extremo por cuyo \u00a0medio \u00a0se \u00a0alteran \u00a0las reglas de competencia por raz\u00f3n del territorio, el cual \u00a0s\u00f3lo \u00a0procede cuando se demuestra fehacientemente que en la sede donde se surte \u00a0la \u00a0actuaci\u00f3n \u00a0procesal \u00a0existen \u00a0circunstancias \u00a0que \u00a0afectan de manera real y \u00a0efectiva \u00a0 el \u00a0orden \u00a0p\u00fablico, \u00a0la \u00a0imparcialidad \u00a0o \u00a0la \u00a0independencia \u00a0de \u00a0la \u00a0administraci\u00f3n \u00a0de \u00a0justicia, \u00a0las \u00a0garant\u00edas \u00a0procesales, \u00a0la \u00a0publicidad del \u00a0juzgamiento, \u00a0la \u00a0seguridad o integridad personal de los sujetos procesales o de \u00a0los \u00a0servidores \u00a0judiciales, \u00a0tal como lo dispone el art\u00edculo 86 del C\u00f3digo de \u00a0Procedimiento Penal (Ley 600 de 2000). \u00a0\u00a0<\/p>\n<p>El car\u00e1cter teleol\u00f3gico, entonces, es el de \u00a0asegurar \u00a0que \u00a0el fallo sea proferido por un juez que est\u00e9 en un medio propicio \u00a0para \u00a0dispensar \u00a0una recta, cumplida y eficiente administraci\u00f3n de justicia, lo \u00a0cual \u00a0implica \u00a0que el motivo aducido por el solicitante tenga soporte probatorio \u00a0con \u00a0aptitud \u00a0suficiente \u00a0para \u00a0variar el factor de competencia precisamente por \u00a0vulnerar \u00a0o \u00a0poner \u00a0en \u00a0grave \u00a0peligro la funci\u00f3n judicial en el lugar donde se \u00a0tramita \u00a0el \u00a0proceso \u00a0o amenazar la objetividad e imparcialidad que debe imperar \u00a0en \u00a0el \u00a0curso \u00a0del juicio con real trascendencia en el tr\u00e1mite cuya radicaci\u00f3n \u00a0se desea trasladar. \u00a0\u00a0<\/p>\n<p>Las anteriores premisas le permiten a la Sala \u00a0advertir \u00a0que \u00a0los \u00a0motivos \u00a0aducidos \u00a0por \u00a0la \u00a0peticionaria \u00a0responden \u00a0a meras \u00a0hip\u00f3tesis \u00a0o \u00a0conjeturas \u00a0respecto \u00a0de \u00a0la \u00a0posibilidad \u00a0de \u00a0afectaci\u00f3n \u00a0a \u00a0la \u00a0imparcialidad \u00a0de \u00a0los \u00a0administradores \u00a0de justicia o a\u00fan la integridad de los \u00a0sujetos \u00a0procesales, \u00a0al \u00a0punto \u00a0que \u00a0t\u00e1cita \u00a0e \u00a0indiscriminadamente se\u00f1ala la \u00a0eventual \u00a0influencia \u00a0tanto \u00a0de \u00a0miembros del propio Ej\u00e9rcito Nacional, como de \u00a0grupos armados al margen de la ley. \u00a0\u00a0<\/p>\n<p>En \u00a0efecto, \u00a0lejos \u00a0de \u00a0referir \u00a0factores de \u00a0riesgo \u00a0actuales \u00a0con \u00a0aptitud suficiente para mudar la radicaci\u00f3n del proceso, \u00a0resalta \u00a0los hechos noticiosos registrados en Saravena entre 2009 y 2010, de los \u00a0cuales \u00a0no \u00a0es \u00a0posible \u00a0establecer \u00a0alguna \u00a0relaci\u00f3n directa con el hecho ac\u00e1 \u00a0investigado. \u00a0\u00a0<\/p>\n<p>Tampoco se avizora un nexo necesario entre los \u00a0diversos \u00a0factores \u00a0perturbadores \u00a0del \u00a0orden p\u00fablico acerca de los homicidios, \u00a0secuestros \u00a0y combates all\u00ed suscitados, con el tr\u00e1mite procesal cuyo cambio de \u00a0sede \u00a0anhela \u00a0como causa que har\u00eda viable una medida de tal naturaleza, pues no \u00a0indica \u00a0en qu\u00e9 consiste lo anormal que podr\u00eda ocurrir a futuro si se llegare a \u00a0adelantar \u00a0 la \u00a0 causa \u00a0 hasta \u00a0su \u00a0culminaci\u00f3n \u00a0en \u00a0el \u00a0Distrito \u00a0Judicial \u00a0de \u00a0Saravena. \u00a0\u00a0<\/p>\n<p>Ahora, \u00a0 el \u00a0 eventual \u00a0peligro \u00a0sobre \u00a0la \u00a0integridad \u00a0personal \u00a0de \u00a0la \u00a0Fiscal, \u00a0quien \u00a0debe sustentar la acusaci\u00f3n en la \u00a0etapa \u00a0del \u00a0juicio \u00a0al \u00a0tener \u00a0que \u00a0trasladarse \u00a0a \u00a0Saravena \u00a0y \u00a0alojarse \u00a0en la \u00a0guarnici\u00f3n \u00a0militar \u00a0ante \u00a0el hecho de que precisamente se procesa a un miembro \u00a0de \u00a0 las \u00a0 fuerzas \u00a0 armadas, \u00a0 tambi\u00e9n \u00a0tiene \u00a0la \u00a0categor\u00eda \u00a0de \u00a0una \u00a0simple \u00a0especulaci\u00f3n, \u00a0sin alg\u00fan soporte probatorio, pues no se\u00f1ala una intimidaci\u00f3n \u00a0directa que haya recibido. \u00a0\u00a0<\/p>\n<p>Adem\u00e1s, \u00a0en caso de existir alguna amenaza, \u00a0tal \u00a0situaci\u00f3n \u00a0la \u00a0puede \u00a0poner \u00a0de \u00a0presente \u00a0a las \u00a0autoridades \u00a0para \u00a0que \u00a0se \u00a0adopten \u00a0los \u00a0mecanismos de protecci\u00f3n respectivos, \u00a0incluso, \u00a0existen \u00a0soluciones en la propia Fiscal\u00eda General de la Naci\u00f3n, bien \u00a0sea \u00a0con \u00a0el \u00a0Cuerpo \u00a0T\u00e9cnico \u00a0de \u00a0Investigaci\u00f3n \u00a0a \u00a0fin \u00a0de \u00a0prodigarle \u00a0a la \u00a0funcionaria \u00a0la \u00a0seguridad \u00a0necesaria, \u00a0ora \u00a0permitiendo \u00a0su alojamiento en sede \u00a0diferente a la guarnici\u00f3n castrense. \u00a0\u00a0<\/p>\n<p>En \u00a0este \u00a0orden, \u00a0al \u00a0no versar alguno de los \u00a0motivos \u00a0expuestos \u00a0por \u00a0la \u00a0Fiscal \u00a0con \u00a0factores de alteraci\u00f3n de la funci\u00f3n \u00a0judicial \u00a0 en \u00a0 la \u00a0 sede \u00a0 actual \u00a0 del \u00a0 proceso, \u00a0 se \u00a0negar\u00e1 \u00a0la \u00a0petici\u00f3n \u00a0elevada. \u00a0\u00a0<\/p>\n<p>En \u00a0m\u00e9rito \u00a0de \u00a0lo \u00a0expuesto, \u00a0la \u00a0Sala \u00a0de \u00a0Casaci\u00f3n Penal de la Corte Suprema de Justicia, \u00a0\u00a0<\/p>\n<p>RESUELVE \u00a0\u00a0<\/p>\n<p>NEGAR el cambio de \u00a0radicaci\u00f3n \u00a0 \u00a0solicitado \u00a0 \u00a0por \u00a0 \u00a0la \u00a0 \u00a0representante \u00a0 de \u00a0 la \u00a0 Fiscal \u00a0Veintis\u00e9is \u00a0Especializada de la Unidad Nacional de Derechos \u00a0Humanos y Derecho Internacional Humanitario. \u00a0\u00a0<\/p>\n<p>Contra \u00a0esta \u00a0providencia no procede recurso \u00a0alguno. \u00a0\u00a0<\/p>\n<p>Devu\u00e9lvase a su lugar de \u00a0origen. \u00a0\u00a0<\/p>\n<p>Notif\u00edquese y c\u00famplase. \u00a0<\/p>\n<p>MAR\u00cdA \u00a0 DEL \u00a0 ROSARIO \u00a0 GONZ\u00c1LEZ \u00a0 DE \u00a0LEMOS \u00a0\u00a0<\/p>\n<p>Comisi\u00f3n de servicio \u00a0<\/p>\n<p>JOS\u00c9 LEONIDAS BUSTOS \u00a0MART\u00cdNEZ\u00a0\u00a0\u00a0\u00a0\u00a0\u00a0\u00a0\u00a0\u00a0\u00a0\u00a0\u00a0\u00a0\u00a0 \u00a0SIGIFREDO ESPINOSA P\u00c9REZ \u00a0\u00a0<\/p>\n<p>Comisi\u00f3n de servicio \u00a0<\/p>\n<p>ALFREDO \u00a0 \u00a0 \u00a0 \u00a0 \u00a0 G\u00d3MEZ \u00a0QUINTERO\u00a0\u00a0\u00a0\u00a0\u00a0\u00a0\u00a0\u00a0\u00a0\u00a0\u00a0\u00a0\u00a0\u00a0\u00a0\u00a0\u00a0\u00a0\u00a0\u00a0\u00a0\u00a0\u00a0\u00a0\u00a0\u00a0\u00a0\u00a0\u00a0 \u00a0AUGUSTO J. IB\u00c1\u00d1EZ GUZM\u00c1N \u00a0\u00a0<\/p>\n<p>Comisi\u00f3n de servicio \u00a0<\/p>\n<p>\u00a0 \u00a0 \u00a0 \u00a0 \u00a0<\/p>\n<p>JORGE \u00a0 \u00a0 \u00a0 \u00a0LUIS \u00a0 \u00a0 \u00a0 QUINTERO \u00a0MILAN\u00c9S\u00a0\u00a0\u00a0\u00a0\u00a0\u00a0\u00a0\u00a0\u00a0\u00a0\u00a0\u00a0\u00a0\u00a0\u00a0\u00a0\u00a0\u00a0 \u00a0JULIO \u00a0 \u00a0ENRIQUE \u00a0 \u00a0SOCHA \u00a0 \u00a0SALAMANCA\u00a0\u00a0\u00a0\u00a0\u00a0\u00a0\u00a0\u00a0\u00a0\u00a0\u00a0\u00a0\u00a0 \u00a0\u00a0<\/p>\n<p>JAVIER ZAPATA ORTIZ \u00a0<\/p>\n<p>TERESA RUIZ N\u00da\u00d1EZ \u00a0<\/p>\n<p>Secretaria \u00a0<\/p>\n<p>\u00a0 \u00a0\u00a0<\/p>\n<p><\/p>\n","protected":false},"excerpt":{"rendered":"<p>\u00a0 \u00a0 \u00a0\u00a0 Proceso \u00a0 \u00a0 n.\u00ba \u00a035324 \u00a0\u00a0 CORTE \u00a0 SUPREMA \u00a0 DE \u00a0JUSTICIA \u00a0\u00a0 SALA \u00a0 DE \u00a0 CASACI\u00d3N \u00a0PENAL \u00a0\u00a0 Magistrado Ponente: \u00a0 JULIO ENRIQUE SOCHA SALAMANCA \u00a0 Aprobado Acta No. 369 \u00a0 Bogot\u00e1 D.C., diecis\u00e9is (16) de noviembre de \u00a0dos mil diez (2010). \u00a0\u00a0 VISTOS \u00a0 Resuelve la Sala la solicitud [&hellip;]<\/p>\n","protected":false},"author":1,"featured_media":0,"comment_status":"open","ping_status":"open","sticky":false,"template":"","format":"standard","meta":{"footnotes":""},"categories":[18],"tags":[],"class_list":["post-21545","post","type-post","status-publish","format-standard","hentry","category-18"],"_links":{"self":[{"href":"https:\/\/dmsjuridica.com\/buscador_20179478954\/salapenalcronologico20230723\/wp-json\/wp\/v2\/posts\/21545","targetHints":{"allow":["GET"]}}],"collection":[{"href":"https:\/\/dmsjuridica.com\/buscador_20179478954\/salapenalcronologico20230723\/wp-json\/wp\/v2\/posts"}],"about":[{"href":"https:\/\/dmsjuridica.com\/buscador_20179478954\/salapenalcronologico20230723\/wp-json\/wp\/v2\/types\/post"}],"author":[{"embeddable":true,"href":"https:\/\/dmsjuridica.com\/buscador_20179478954\/salapenalcronologico20230723\/wp-json\/wp\/v2\/users\/1"}],"replies":[{"embeddable":true,"href":"https:\/\/dmsjuridica.com\/buscador_20179478954\/salapenalcronologico20230723\/wp-json\/wp\/v2\/comments?post=21545"}],"version-history":[{"count":0,"href":"https:\/\/dmsjuridica.com\/buscador_20179478954\/salapenalcronologico20230723\/wp-json\/wp\/v2\/posts\/21545\/revisions"}],"wp:attachment":[{"href":"https:\/\/dmsjuridica.com\/buscador_20179478954\/salapenalcronologico20230723\/wp-json\/wp\/v2\/media?parent=21545"}],"wp:term":[{"taxonomy":"category","embeddable":true,"href":"https:\/\/dmsjuridica.com\/buscador_20179478954\/salapenalcronologico20230723\/wp-json\/wp\/v2\/categories?post=21545"},{"taxonomy":"post_tag","embeddable":true,"href":"https:\/\/dmsjuridica.com\/buscador_20179478954\/salapenalcronologico20230723\/wp-json\/wp\/v2\/tags?post=21545"}],"curies":[{"name":"wp","href":"https:\/\/api.w.org\/{rel}","templated":true}]}}