{"id":21544,"date":"2023-09-11T22:55:28","date_gmt":"2023-09-11T22:55:28","guid":{"rendered":"https:\/\/dmsjuridica.com\/buscador_20179478954\/salapenalcronologico20230723\/2023\/09\/11\/3532301-12-10\/"},"modified":"2023-09-11T22:55:28","modified_gmt":"2023-09-11T22:55:28","slug":"3532301-12-10","status":"publish","type":"post","link":"https:\/\/dmsjuridica.com\/buscador_20179478954\/salapenalcronologico20230723\/2023\/09\/11\/3532301-12-10\/","title":{"rendered":"35323(01-12-10)"},"content":{"rendered":"\n<p>\u00a0 \u00a0 \u00a0\u00a0<\/p>\n<p>Proceso n.\u00ba 35323 \u00a0<\/p>\n<p>CORTE SUPREMA DE JUSTICIA \u00a0<\/p>\n<p>SALA DE CASACI\u00d3N PENAL \u00a0<\/p>\n<p>Magistrado Ponente: \u00a0<\/p>\n<p>JAVIER ZAPATA ORTIZ \u00a0<\/p>\n<p>Aprobado Acta No. 396 \u00a0<\/p>\n<p>Bogot\u00e1 \u00a0 \u00a0 D. \u00a0 \u00a0C., \u00a0 \u00a0primero (1) de diciembre de dos mil diez (2010) \u00a0\u00a0<\/p>\n<p>\u00a0 VISTOS \u00a0<\/p>\n<p>Se \u00a0pronuncia \u00a0la Sala sobre el impedimento \u00a0manifestado \u00a0 por \u00a0 el \u00a0 Magistrado \u00a0 del \u00a0 Tribunal \u00a0Superior \u00a0de \u00a0Neiva, \u00a0Hernando \u00a0Quintero Delgado, \u00a0el \u00a0cual \u00a0no \u00a0fue aceptado por los dem\u00e1s integrantes de la correspondiente Sala \u00a0de \u00a0 Decisi\u00f3n, \u00a0 para \u00a0 conocer \u00a0del \u00a0recurso \u00a0de \u00a0apelaci\u00f3n \u00a0interpuesto \u00a0por \u00a0la \u00a0 Fiscal\u00eda \u00a0 Primera \u00a0Delegada, \u00a0 \u00a0en \u00a0 \u00a0contra \u00a0 \u00a0de \u00a0 la \u00a0 sentencia \u00a0 \u00a0 \u00a0emitida \u00a0 \u00a0 por \u00a0 \u00a0 el \u00a0Juzgado \u00a0 \u00a0 Primero \u00a0Penal \u00a0 \u00a0 \u00a0 del \u00a0 \u00a0 \u00a0 Circuito \u00a0 \u00a0 \u00a0Especializado \u00a0 \u00a0 de \u00a0 \u00a0 la \u00a0 \u00a0 misma \u00a0ciudad, \u00a0el \u00a018 \u00a0de \u00a0enero \u00a0de \u00a02010, \u00a0por cuyo medio \u00a0absolvi\u00f3 \u00a0 a \u00a0 ESTHER \u00a0 NAVIA \u00a0de \u00a0los \u00a0delitos \u00a0de \u00a0\u201cconcierto \u00a0para \u00a0delinquir y destinaci\u00f3n il\u00edcita \u00a0de \u00a0muebles \u00a0o inmuebles\u201d dentro de la causa rituada \u00a0bajo la Ley 600 de 2000. \u00a0\u00a0<\/p>\n<p>HECHOS \u00a0 Y \u00a0ANTECEDENTES RELEVANTES \u00a0\u00a0<\/p>\n<p>Con oficio No. 095 \u00a0de \u00a0 \u00a020 \u00a0 \u00a0de \u00a0 \u00a0junio \u00a0 \u00a0de \u00a0 2006 \u00a0 la \u00a0 Polic\u00eda \u00a0Judicial \u00a0 \u00a0de \u00a0 \u00a0Neiva \u00a0 SIJIN \u00a0 DEUIL, \u00a0present\u00f3 \u00a0informe \u00a0 al \u00a0 Fiscal \u00a0 de \u00a0la \u00a0Unidad \u00a0de \u00a0Reacci\u00f3n \u00a0Inmediata, \u00a0relatando \u00a0que \u00a0en \u00a0el \u00a0inmueble \u00a0ubicado \u00a0en \u00a0la Calle 1 A Sur con \u00a0carrera \u00a08 \u00a0A \u00a0Barrio \u00a0el \u00a0Bosque, atr\u00e1s de las bodegas de Alpina, se expend\u00eda \u00a0estupefacientes, \u00a0 \u00a0 a \u00a0 \u00a0 su \u00a0 \u00a0 vez, \u00a0 \u00a0 \u00a0 \u00a0 \u00a0 \u00a0 \u00a0solicit\u00f3 \u00a0se \u00a0les \u00a0comisionara \u00a0para aportar las pruebas necesarias \u00a0de \u00a0los \u00a0sucesos, decisi\u00f3n \u00a0adoptada \u00a0 en \u00a0 tal \u00a0sentido \u00a0por \u00a0el \u00a0Fiscal \u00a0 7\u00ba \u00a0 de \u00a0 la \u00a0 URI \u00a0 mediante \u00a0 resoluci\u00f3n \u00a0del \u00a0 \u00a023 \u00a0 \u00a0de \u00a0 junio \u00a0 siguiente \u00a0con \u00a0el \u00a0 prop\u00f3sito \u00a0 que \u00a0 la \u00a0SIJIN \u00a0\u201cestablezca \u00a0las \u00a0circunstancias \u00a0 de \u00a0tiempo \u00a0y \u00a0modo \u00a0en \u00a0que \u00a0ocurren \u00a0los \u00a0hechos, \u00a0recepcionar \u00a0las \u00a0declaraciones \u00a0necesarias \u00a0y \u00a0hacer \u00a0las \u00a0filmaciones o fotograf\u00edas que se \u00a0consideren necesarias\u201d. \u00a0\u00a0<\/p>\n<p>El \u00a0 17 \u00a0 de \u00a0 julio \u00a0 de \u00a0 esa \u00a0 \u00a0anualidad, \u00a0 la \u00a0 SIJIN \u00a0 DEUIL \u00a0en \u00a0respuesta a la misi\u00f3n \u00a0de \u00a0trabajo \u00a0emanada \u00a0de \u00a0la \u00a0Fiscal\u00eda \u00a07\u00aa \u00a0 \u00a0 \u00a0 \u00a0 \u00a0 \u00a0 URI, \u00a0realiz\u00f3 \u00a0 labores \u00a0 f\u00edlmicas, \u00a0 fotogr\u00e1ficas \u00a0 y \u00a0testimoniales, \u00a0en donde se corrobor\u00f3 que en dicho lugar funcionaba un expendio \u00a0de \u00a0estupefacientes.\u00a0 \u00a0En \u00a0 el \u00a0 ac\u00e1pite \u00a0de \u00a0\u201cantecedentes\u201d, el informe advierte que la \u00a0familia \u00a0Navia desde hace varios a\u00f1os atr\u00e1s se ha dedicado a \u00a0la \u00a0venta \u00a0de alucin\u00f3genos seg\u00fan los documentos que \u00a0reposan \u00a0 en \u00a0la \u00a0unidad \u00a0as\u00ed: \u00a0\u00a0<\/p>\n<p>\u201ca. \u00a0Diligencia \u00a0de \u00a0allanamiento \u00a0y registro al inmueble \u00a0ubicado \u00a0en \u00a0la \u00a0Calle \u00a01 \u00a0Sur No. 8-29 Barrio el Bosque el 22 de enero de 1999, \u00a0habitada \u00a0 por \u00a0 RUBEN \u00a0MART\u00cdNEZ, \u00a0CARLOS MANRIQUE Y PAOLA S\u00c1NCHEZ NAVIA.1 \u00a0\u00a0<\/p>\n<p>\u00a0 \u00a0\u00a0 \u00a0 \u00a0b. \u00a0 Diligencia \u00a0 de \u00a0allanamiento \u00a0y \u00a0registro \u00a0al \u00a0inmueble ubicado en el barrio el Bosque, detr\u00e1s de las bodegas de \u00a0Alpina, \u00a0el 23 de abril de 1999, habitado \u00a0 por \u00a0 LOURDES \u00a0 NAVIA \u00a0 Y \u00a0RUBEN \u00a0DAR\u00cdO \u00a0MART\u00cdNEZ2 \u00a0\u00a0<\/p>\n<p>\u00a0 \u00a0\u00a0 \u00a0 \u00a0c. \u00a0Diligencia \u00a0de \u00a0allanamiento y registro al inmueble ubicado en \u00a0la \u00a0Calle \u00a01 \u00a0con \u00a0carrera 7, el 12 de julio de 2000, \u00a0residencia\u00a0 de LOURDES NAVIA, incaut\u00e1ndose \u00a0papeletas \u00a0de \u00a0marihuana \u00a0y \u00a0bazuco.3\u201d \u00a0\u00a0<\/p>\n<p>Verificado que en la direcci\u00f3n anotada se \u00a0expend\u00edan \u00a0 sustancias \u00a0 psicotr\u00f3picas, \u00a0la \u00a0Fiscal \u00a015 \u00a0Seccional \u00a0 de \u00a0 Neiva, \u00a0el \u00a03 \u00a0de \u00a0agosto \u00a0de \u00a020064, avoc\u00f3 el \u00a0conocimiento \u00a0de \u00a0la \u00a0investigaci\u00f3n \u00a0y \u00a0orden\u00f3 \u00a0la \u00a0pr\u00e1ctica \u00a0de \u00a0algunas \u00a0pruebas, \u00a0posteriormente \u00a0el \u00a012 de octubre de \u00a0la \u00a0misma \u00a0anualidad, \u00a0dispuso \u00a0el \u00a0allanamiento \u00a0y \u00a0registro \u00a0de \u00a0los \u00a0inmuebles \u00a0ubicados \u00a0en la Calle 1 A Sur con \u00a0carrera \u00a07 \u00a0y \u00a08 \u00a0Barrio \u00a0el \u00a0Bosque \u00a0por \u00a0detr\u00e1s de las bodegas de Alpina y un \u00a0segundo \u00a0 inmueble \u00a0 ubicado \u00a0 en \u00a0 la \u00a0 parte \u00a0 posterior \u00a0del \u00a0antes \u00a0mencionado, diligencia realizada al \u00a0d\u00eda \u00a0 siguiente \u00a0 (13 \u00a0 de \u00a0 octubre), \u00a0en \u00a0donde \u00a0se \u00a0incaut\u00f3 \u00a0sustancia \u00a0alucin\u00f3gena \u00a0y \u00a0captur\u00f3 \u00a0a \u00a0Rub\u00e9n \u00a0Dar\u00edo \u00a0Mart\u00ednez \u00a0Mu\u00f1oz, Omar Navia, Paola \u00a0S\u00e1nchez Navia y ESTHER NAVIA. \u00a0\u00a0<\/p>\n<p>Mediante \u00a0resoluci\u00f3n del 13 de octubre de \u00a02006 \u00a0la \u00a0Fiscal \u00a015 \u00a0Seccional de Neiva, \u00a0profiere \u00a0Resoluci\u00f3n de Apertura de \u00a0Instrucci\u00f3n \u00a0y \u00a0ordena \u00a0escuchar en indagatoria a Rub\u00e9n Dar\u00edo Mart\u00ednez, Omar \u00a0Navia, \u00a0 \u00a0 ESTHER \u00a0 \u00a0 NAVIA \u00a0 \u00a0 y \u00a0 \u00a0Paola \u00a0 \u00a0S\u00e1nchez \u00a0 \u00a0Navia, \u00a0 \u00a0igualmente \u00a0el pesaje y destrucci\u00f3n de \u00a0la \u00a0droga \u00a0incautada, \u00a0y \u00a0la \u00a0 \u00a0 rese\u00f1a \u00a0 \u00a0e \u00a0identificaci\u00f3n de los capturados, entre otras. \u00a0\u00a0<\/p>\n<p>En \u00a0resoluci\u00f3n \u00a0del \u00a018 \u00a0de \u00a0octubre \u00a0 \u00a0 \u00a0 \u00a0 \u00a0siguiente5, \u00a0la \u00a0 \u00a0Fiscal\u00eda \u00a0 \u00a015 \u00a0 \u00a0Seccional \u00a0 \u00a0resolvi\u00f3 \u00a0situaci\u00f3n \u00a0jur\u00eddica \u00a0a \u00a0ESTHER \u00a0NAVIA, \u00a0Rub\u00e9n Dar\u00edo \u00a0Mart\u00ednez, \u00a0Omar \u00a0Navia, \u00a0y Paola S\u00e1nchez Navia, con \u00a0medida \u00a0de \u00a0aseguramiento de detenci\u00f3n preventiva sin beneficio de libertad por \u00a0el \u00a0delito \u00a0de \u00a0tr\u00e1fico, fabricaci\u00f3n y \u00a0 \u00a0 \u00a0 \u00a0 \u00a0 porte \u00a0 \u00a0 \u00a0 \u00a0 \u00a0 de \u00a0 \u00a0 \u00a0 \u00a0 \u00a0estupefacientes.\u00a0 \u00a0 \u00a0 \u00a0 \u00a0 \u00a0Luego, \u00a0mediante \u00a0decisi\u00f3n \u00a0del 26 de \u00a0octubre6, \u00a0 \u00a0en \u00a0 \u00a0relaci\u00f3n \u00a0 \u00a0con \u00a0 ESTHER \u00a0NAVIA \u00a0 sustituy\u00f3 \u00a0la \u00a0detenci\u00f3n \u00a0intramural \u00a0por \u00a0domiciliaria. \u00a0\u00a0<\/p>\n<p>El \u00a0 16 \u00a0 de \u00a0 noviembre \u00a0 de \u00a02006 la Fiscal\u00eda Quince Seccional, \u00a0realiz\u00f3 \u00a0 \u00a0diligencia \u00a0 \u00a0de \u00a0 \u00a0aceptaci\u00f3n \u00a0 \u00a0de \u00a0cargos7 \u00a0para sentencia anticipada, solicitada \u00a0por \u00a0Rub\u00e9n Dar\u00edo Mart\u00ednez Mu\u00f1oz, Omar Navia y Paola S\u00e1nchez Navia a quienes \u00a0se \u00a0les atribuy\u00f3 el delito de tr\u00e1fico, fabricaci\u00f3n \u00a0o \u00a0 \u00a0porte \u00a0 \u00a0de \u00a0 \u00a0estupefaciente \u00a0 \u00a0\u201cpor \u00a0 \u201cconservar\u201d \u00a0 para \u00a0 su \u00a0comercializaci\u00f3n \u00a0 \u00a0 \u00a0 \u00a0 \u00a0 \u00a0 \u00a0sustancia \u00a0estupefaciente \u00a0coca\u00edna \u00a0en cantidad de 103 gramos, \u00a0sin \u00a0permiso \u00a0de \u00a0autoridad \u00a0competente; \u00a0en \u00a0hechos \u00a0ocurridos \u00a0en \u00a0esta ciudad el 13 de octubre en la residencia ubicada en la calle \u00a01 \u00a0A \u00a0Sur \u00a0entre \u00a0carreras \u00a07 \u00a0y \u00a08 \u00a0tal como quedara \u00a0establecido \u00a0en \u00a0la \u00a0resoluci\u00f3n \u00a0que \u00a0se \u00a0les resolvi\u00f3 la situaci\u00f3n jur\u00eddica \u00a0\u2026\u201d; \u00a0seguidamente se \u00a0dispuso \u00a0romper la unidad procesal para continuar por \u00a0separado \u00a0el \u00a0tr\u00e1mite \u00a0a \u00a0ESTHER \u00a0NAVIA \u00a0(no \u00a0acept\u00f3 los cargos) \u00a0quien \u00a0en \u00a0\u00e9se \u00a0momento se encontraba en detenci\u00f3n \u00a0domiciliaria y pendiente por resolver \u00a0la \u00a0 situaci\u00f3n \u00a0 jur\u00eddica \u00a0 por \u00a0los \u00a0delitos \u00a0de \u00a0utilizaci\u00f3n \u00a0de \u00a0inmueble \u00a0y \u00a0menores \u00a0para \u00a0 \u00a0la \u00a0 \u00a0comercializaci\u00f3n \u00a0 \u00a0de \u00a0estupefacientes. \u00a0\u00a0<\/p>\n<p>Mediante \u00a0resoluci\u00f3n \u00a0de \u00a06 de febrero de \u00a02007, \u00a0el Director Seccional de Fiscal\u00edas dispuso redistribuir la carga laboral \u00a0de \u00a0 \u00a0ese \u00a0 organismo, \u00a0correspondi\u00e9ndole \u00a0esta investigaci\u00f3n a la Primera \u00a0Especializada, \u00a0quien \u00a0en \u00a0dicha labor, el 6 de marzo avoc\u00f3 conocimiento de las \u00a0diligencias \u00a0contra \u00a0ESTHER \u00a0NAVIA \u00a0por \u00a0la \u00a0presunta conducta de concierto para \u00a0delinquir \u00a0y \u00a0orden\u00f3 \u00a0la \u00a0captura \u00a0de Esther Luc\u00eda \u00a0S\u00e1nchez\u00a0 \u00a0Navia, \u00a0Jhon \u00a0Freddy \u00a0Pinz\u00f3n \u00a0Cabanzo, \u00a0Lourdes \u00a0Navia, \u00a0Nelson \u00a0S\u00e1nchez \u00a0Navia, \u00a0Yina \u00a0Marcela \u00a0Losada Guevara, Luis Eduardo Gonz\u00e1lez Bonilla, \u00a0Gladis \u00a0 Garc\u00eda \u00a0 \u00c1lvarez, \u00a0Jaime \u00a0S\u00e1nchez \u00a0Navia \u00a0y \u00a0V\u00edctor \u00a0Hugo \u00a0Bola\u00f1os \u00a0G\u00f3mez\u00a0 por los mismos hechos. \u00a0\u00a0<\/p>\n<p>En resoluci\u00f3n del 1\u00ba de agosto de 2008 la \u00a0Fiscal\u00eda \u00a0Primera \u00a0Especializada \u00a0resolvi\u00f3 \u00a0la \u00a0situaci\u00f3n jur\u00eddica de ESTHER \u00a0NAVIA \u00a0con \u00a0medida \u00a0de \u00a0aseguramiento \u00a0de detenci\u00f3n \u00a0domiciliaria \u00a0por \u00a0los \u00a0delitos \u00a0de \u00a0concierto \u00a0para \u00a0delinquir \u00a0 agravado, \u00a0 tr\u00e1fico \u00a0fabricaci\u00f3n \u00a0o \u00a0porte \u00a0de \u00a0estupefacientes \u00a0y \u00a0destinaci\u00f3n \u00a0 \u00a0il\u00edcita \u00a0 \u00a0de \u00a0 \u00a0bien \u00a0 \u00a0mueble \u00a0 \u00a0e \u00a0 inmueble, \u00a0 cargos \u00a0 que \u00a0 confirm\u00f3 \u00a0 en \u00a0la \u00a0resoluci\u00f3n \u00a0de \u00a0acusaci\u00f3n \u00a0de \u00a0febrero \u00a0 \u00a0 \u00a0 12 \u00a0 \u00a0 \u00a0 de \u00a0 \u00a0 \u00a02009. \u00a0\u00a0<\/p>\n<p>La \u00a0 etapa \u00a0 del \u00a0 juicio \u00a0correspondi\u00f3 \u00a0tramitarla \u00a0 \u00a0al \u00a0 Juzgado \u00a0 Primero \u00a0 Penal \u00a0 \u00a0 \u00a0 \u00a0del \u00a0 \u00a0 \u00a0 \u00a0Circuito \u00a0Especializado \u00a0 \u00a0de \u00a0 \u00a0la \u00a0 capital \u00a0 Huilense con el traslado del art\u00edculo \u00a0400 \u00a0 de \u00a0 la \u00a0 Ley \u00a0600 \u00a0de \u00a02000 \u00a0y \u00a0la \u00a0audiencia \u00a0preparatoria \u00a0en \u00a0cuyo \u00a0desarrollo \u00a0el 28 \u00a0 de \u00a0 julio \u00a0de \u00a02009 \u00a0el \u00a0 \u00a0 \u00a0defensor \u00a0 \u00a0 \u00a0apel\u00f3 \u00a0la \u00a0decisi\u00f3n \u00a0que \u00a0neg\u00f3 \u00a0las \u00a0pruebas \u00a0por extempor\u00e1neas, decisi\u00f3n confirmada por \u00a0el \u00a0Magistrado \u00a0Hernando \u00a0Quintero \u00a0 \u00a0 \u00a0Delgado, \u00a0 \u00a0 \u00a0del \u00a0 \u00a0 Tribunal \u00a0Superior de Distrito Judicial \u00a0de la sede. \u00a0\u00a0<\/p>\n<p>El \u00a018 de enero \u00a0de \u00a02010 \u00a0el \u00a0juzgado \u00a0a \u00a0cargo \u00a0 \u00a0 \u00a0 \u00a0 \u00a0 \u00a0 del \u00a0 \u00a0 \u00a0 \u00a0 \u00a0 \u00a0 asunto8 \u00a0absolvi\u00f3 a ESTHER NAVIA de \u00a0las \u00a0conductas \u00a0punibles \u00a0de \u00a0concierto \u00a0para \u00a0delinquir agravado y destinaci\u00f3n \u00a0il\u00edcita \u00a0de \u00a0muebles \u00a0e \u00a0inmuebles, \u00a0decisi\u00f3n \u00a0apelada \u00a0por \u00a0el Fiscal Primero \u00a0Especializado. \u00a0\u00a0<\/p>\n<p>Enviado el expediente al Tribunal Superior, \u00a0le \u00a0 \u00a0 correspondi\u00f3 \u00a0nuevamente \u00a0 \u00a0 al \u00a0 \u00a0 Magistrado \u00a0 \u00a0Hernando \u00a0 \u00a0Quintero \u00a0 Delgado \u00a0 quien \u00a0ahora \u00a0 se \u00a0abstuvo \u00a0de \u00a0conocer \u00a0al \u00a0manifestarse \u00a0incurso \u00a0dentro \u00a0de la causal 11 del art\u00edculo 99 del \u00a0C\u00f3digo \u00a0 de \u00a0 Procedimiento \u00a0 Penal\u00a0 \u00a0 -Ley \u00a0 600 \u00a0 de \u00a0 2000-\u00a0 \u00a0\u201cQue \u00a0el \u00a0juez \u00a0haya actuado \u00a0como \u00a0fiscal \u00a0dentro \u00a0del \u00a0proceso\u201d, raz\u00f3n por la \u00a0cual, \u00a0 de \u00a0 conformidad \u00a0con \u00a0el \u00a0tr\u00e1mite \u00a0previsto \u00a0en \u00a0la \u00a0Ley \u00a0citada, \u00a0remiti\u00f3 \u00a0la actuaci\u00f3n a los \u00a0dem\u00e1s \u00a0 \u00a0integrantes \u00a0 de \u00a0 la \u00a0 Sala, \u00a0quienes \u00a0por \u00a0auto \u00a0del \u00a0pasado 2 de \u00a0noviembre \u00a0 \u00a0 \u00a0no \u00a0 \u00a0 aceptaron \u00a0 \u00a0 los \u00a0 fundamentos \u00a0 del \u00a0 impedimento, \u00a0determinando \u00a0en \u00a0 consecuencia \u00a0su \u00a0env\u00edo \u00a0a \u00a0esta \u00a0Corporaci\u00f3n \u00a0\u201cpara \u00a0lo \u00a0de \u00a0 su \u00a0cargo \u00a0y \u00a0conforme \u00a0lo \u00a0establece \u00a0el \u00a0art\u00edculo \u00a0103 \u00a0del \u00a0C\u00f3digo \u00a0de \u00a0Procedimiento \u00a0Penal\u201d. \u00a0\u00a0<\/p>\n<p>RAZONES DEL IMPEDIMENTO \u00a0<\/p>\n<p>Aduce \u00a0 \u00a0 \u00a0 el \u00a0 \u00a0 \u00a0Magistrado \u00a0 \u00a0 \u00a0 \u00a0 \u00a0 Quintero \u00a0Delgado \u00a0que \u00a0se \u00a0encuentra impedido para desatar el \u00a0recurso \u00a0de \u00a0apelaci\u00f3n \u00a0referido \u00a0por \u00a0haber \u00a0actuado \u00a0como fiscal 13 \u00a0y \u00a017 \u00a0Delegado \u00a0ante los Juzgados \u00a0Penales \u00a0 del \u00a0 Circuito \u00a0 de \u00a0 Neiva, \u00a0 \u00a0en \u00a0 \u00a0cuyo \u00a0 cargo \u00a0 \u201cpractiqu\u00e9 \u00a0diligencia \u00a0de allanamiento a los inmuebles que son \u00a0motivo \u00a0 de \u00a0 la \u00a0 presente \u00a0 investigaci\u00f3n \u00a0 folio \u00a0 91 \u00a0 a \u00a0101 \u00a0C.1.\u00a0 \u00a0 \u00a0En \u00a0 \u00a0consecuencia \u00a0 para \u00a0garantizar \u00a0 \u00a0 \u00a0a \u00a0 \u00a0 la \u00a0 \u00a0 sociedad \u00a0 \u00a0 una \u00a0 \u00a0 recta \u00a0 \u00a0 justicia\u201d, \u00a0 \u00a0 \u00a0 \u00a0 \u00a0 \u00a0solicit\u00f3 \u00a0\u201cse \u00a0 \u00a0acepte \u00a0 el \u00a0impedimento \u00a0 \u00a0declarado \u00a0 \u00a0y \u00a0 \u00a0se \u00a0 \u00a0proceda \u00a0 conforme \u00a0 al \u00a0 art\u00edculo \u00a0 103 \u00a0ib\u00eddem\u201d. \u00a0\u00a0<\/p>\n<p>Los dem\u00e1s Magistrados que componen la Sala \u00a0de \u00a0Decisi\u00f3n, \u00a0mediante \u00a0providencia del pasado 2 de \u00a0noviembre, \u00a0no aceptaron la manifestaci\u00f3n anterior, \u00a0argumentando \u00a0que \u00a0de \u00a0conformidad \u00a0con la l\u00ednea jurisprudencial sentada por la \u00a0Corte, \u00a0su \u00a0actuaci\u00f3n \u00a0como fiscal seccional dentro del presente asunto no tuvo \u00a0la trascendencia suficiente para comprometer su criterio. \u00a0\u00a0<\/p>\n<p>CONSIDERACIONES DE LA SALA \u00a0<\/p>\n<p>1. \u00a0La Corte es competente para conocer de \u00a0este \u00a0asunto de conformidad con lo establecido en el art\u00edculo 101 de la Ley 600 \u00a0de \u00a02000, \u00a0por \u00a0tener \u00a0la condici\u00f3n de superior jer\u00e1rquico de los funcionarios \u00a0que se encuentran en desacuerdo acerca del impedimento manifestado. \u00a0\u00a0<\/p>\n<p>2. \u00a0 En \u00a0 orden \u00a0 a \u00a0 resolver \u00a0 acerca \u00a0del \u00a0 \u00a0 \u00a0obst\u00e1culo \u00a0 \u00a0 expresado \u00a0 \u00a0 por \u00a0 \u00a0 el \u00a0Magistrado \u00a0 \u00a0 \u00a0Quintero \u00a0 \u00a0 Delgado \u00a0 para \u00a0 conocer \u00a0 del \u00a0 recurso \u00a0 de \u00a0apelaci\u00f3n \u00a0interpuesto \u00a0por \u00a0el \u00a0ente \u00a0acusador, en \u00a0contra \u00a0de \u00a0la \u00a0decisi\u00f3n \u00a0absolutoria \u00a0adoptada \u00a0 por \u00a0 el \u00a0 Juzgado \u00a0Primero \u00a0Penal \u00a0 \u00a0 \u00a0 del \u00a0 \u00a0 \u00a0Circuito \u00a0 \u00a0 \u00a0Especializado \u00a0 \u00a0 \u00a0 de \u00a0Neiva \u00a0el \u00a018 de enero de 2010, bien \u00a0est\u00e1 \u00a0precisar \u00a0que \u00a0esta \u00a0figura \u00a0tiene \u00a0por \u00a0fin \u00a0\u201cgarantizar \u00a0 al \u00a0 conglomerado \u00a0 social \u00a0que \u00a0el \u00a0funcionario \u00a0judicial \u00a0llamado \u00a0a \u00a0resolver \u00a0el \u00a0conflicto jur\u00eddico, es ajeno a \u00a0cualquier \u00a0inter\u00e9s \u00a0distinto \u00a0al \u00a0de \u00a0administrar \u00a0una \u00a0recta \u00a0justicia \u00a0y, \u00a0en \u00a0consecuencia, \u00a0que \u00a0su \u00a0imparcialidad \u00a0y \u00a0ponderaci\u00f3n \u00a0no \u00a0est\u00e1n afectadas por \u00a0circunstancias \u00a0 \u00a0 extraprocesales\u201d9. \u00a0\u00a0<\/p>\n<p>Desde \u00a0esa perspectiva, lo que se pretende \u00a0concretamente \u00a0con \u00a0la \u00a0causal \u00a0de \u00a0impedimento \u00a0contenida \u00a0en el numeral 11 del \u00a0art\u00edculo \u00a099 \u00a0de \u00a0la \u00a0Ley \u00a0600 \u00a0de 2000, \u00a0invocada \u00a0en \u00a0este \u00a0caso, \u00a0es que el funcionario de la causa, en \u00a0cualquiera \u00a0de las instancias de decisi\u00f3n, no tenga contaminado su criterio por \u00a0su \u00a0gesti\u00f3n \u00a0previa \u00a0como \u00a0fiscal en el sumario, pero para ello es menester que \u00a0realmente \u00a0 \u00a0 haya \u00a0 \u00a0 comprometido \u00a0 \u00a0su \u00a0 \u00a0juicio \u00a0 \u00a0en \u00a0 \u00a0virtud \u00a0 \u00a0de \u00a0 \u00a0esa \u00a0intervenci\u00f3n. \u00a0\u00a0<\/p>\n<p>En consecuencia, la causal en cuesti\u00f3n no \u00a0opera \u00a0autom\u00e1ticamente, \u00a0como \u00a0lo \u00a0ha \u00a0se\u00f1alado reiteradamente la Sala, por el \u00a0mero \u00a0hecho \u00a0de \u00a0que \u00a0el \u00a0funcionario \u00a0ostent\u00f3 la condici\u00f3n de fiscal en etapa \u00a0previa, \u00a0sino \u00a0que \u00a0es \u00a0indispensable \u00a0que \u00a0haya cumplido, cuando menos, un acto \u00a0procesal sustancial que incida en menoscabo de su imparcialidad. \u00a0\u00a0<\/p>\n<p>3. Definidos los par\u00e1metros en torno a la \u00a0causal \u00a0que \u00a0se invoca, procede ocuparse del caso sub \u00a0examine, \u00a0a \u00a0efecto \u00a0de \u00a0determinar la viabilidad de \u00a0separar \u00a0 al \u00a0Magistrado \u00a0Hernando \u00a0 \u00a0Quintero \u00a0Delgado \u00a0del \u00a0conocimiento del recurso de apelaci\u00f3n \u00a0interpuesto \u00a0en \u00a0contra \u00a0de \u00a0la \u00a0decisi\u00f3n \u00a0adoptada por el Juzgado Primero \u00a0Penal del Circuito \u00a0Especializado \u00a0de la misma ciudad el \u00a018 \u00a0 \u00a0 \u00a0de \u00a0 \u00a0 enero \u00a0 \u00a0 de \u00a0 \u00a0 2010. \u00a0\u00a0<\/p>\n<p>Sobre el particular se tiene que si bien es \u00a0cierto \u00a0 en \u00a0el \u00a0aludido \u00a0proceso \u00a0 se \u00a0 registran \u00a0 unas \u00a0 actuaciones \u00a0 del \u00a0actual \u00a0Magistrado \u00a0como \u00a0Fiscal, \u00a0 concretamente \u00a0suscribiendo \u00a03 \u00a0diligencias \u00a0de allanamiento y registro practicadas en los a\u00f1os \u00a01999 \u00a0y \u00a02000, \u00a0ellas \u00a0no \u00a0corresponden \u00a0a \u00a0los \u00a0hechos \u00a0investigados dentro del \u00a0radicado \u00a0que \u00a0se estudia, \u00a0los \u00a0cuales \u00a0tuvieron \u00a0ocurrencia el 13 de octubre de \u00a02006\u00a0 \u00a0como \u00a0se \u00a0desprende \u00a0de \u00a0la \u00a0diligencia \u00a0de formulaci\u00f3n de cargos \u00a0realizada \u00a0por \u00a0el \u00a0Fiscal \u00a015 seccional a \u00a0Rub\u00e9n Dar\u00edo Mart\u00ednez Mu\u00f1oz, Omar \u00a0Navia \u00a0y \u00a0Paola \u00a0S\u00e1nchez \u00a0Navia, \u00a0detenidos \u00a0junto con ESTHER NAVIA \u00a0(quien no acept\u00f3 cargos) \u00a0 \u00a0y \u00a0 \u00a0que \u00a0 \u00a0dice: \u00a0 \u201cpor \u00a0 \u201cconservar\u201d \u00a0 para \u00a0 su \u00a0comercializaci\u00f3n \u00a0sustancia \u00a0estupefaciente coca\u00edna en cantidad de 103 gramos, \u00a0sin \u00a0permiso \u00a0de \u00a0autoridad competente; en hechos ocurridos en esta ciudad el 13 \u00a0de \u00a0octubre \u00a0en \u00a0la \u00a0residencia ubicada en la calle 1 A Sur entre carreras 7 y 8 \u00a0tal \u00a0como \u00a0quedara \u00a0establecido \u00a0en \u00a0la \u00a0resoluci\u00f3n \u00a0que \u00a0se \u00a0les \u00a0resolvi\u00f3 la \u00a0situaci\u00f3n jur\u00eddica \u2026\u201d. \u00a0\u00a0<\/p>\n<p>Recu\u00e9rdese que \u00a0el \u00a017 \u00a0de \u00a0julio \u00a0de \u00a02006 \u00a0la SIJIN DEUIL en respuesta a la misi\u00f3n de trabajo \u00a0emanada \u00a0 \u00a0de \u00a0 la \u00a0 Fiscal\u00eda \u00a0 7\u00ba \u00a0 URI \u00a0present\u00f3 un documento con registros f\u00edlmicos, fotogr\u00e1ficos \u00a0y \u00a0testimoniales, para corroborar que en la Calle 1 A \u00a0Sur \u00a0con \u00a0carrera \u00a07 \u00a0y \u00a08 \u00a0Barrio \u00a0el \u00a0Bosque \u00a0por \u00a0detr\u00e1s \u00a0de \u00a0las bodegas de \u00a0Alpina funcionaba un expendio de estupefacientes; en \u00a0el \u00a0 ac\u00e1pite \u00a0 de \u00a0 \u201cantecedentes\u201d \u00a0tal \u00a0informe \u00a0advierte \u00a0que \u00a0la \u00a0familia Navia desde hace varios \u00a0a\u00f1os \u00a0atr\u00e1s \u00a0se \u00a0ha dedicado a la venta de alucin\u00f3genos seg\u00fan los documentos \u00a0que reposan en esa unidad tales como: \u00a0\u00a0<\/p>\n<p>a. Diligencia \u00a0de \u00a0allanamiento \u00a0y \u00a0registro \u00a0al \u00a0inmueble \u00a0ubicado \u00a0en la Calle 1 Sur No. 8-29 \u00a0Barrio \u00a0el \u00a0Bosque \u00a0el \u00a022 de enero de 1999, habitada \u00a0por \u00a0 RUBEN \u00a0MART\u00cdNEZ, \u00a0CARLOS \u00a0MANRIQUE \u00a0Y \u00a0PAOLA \u00a0S\u00c1NCHEZ \u00a0 \u00a0 \u00a0 \u00a0 \u00a0 \u00a0 \u00a0 \u00a0 \u00a0 NAVIA.10 \u00a0\u00a0<\/p>\n<p>\u00a0 \u00a0\u00a0 \u00a0 \u00a0b. \u00a0Diligencia \u00a0de \u00a0allanamiento y registro al inmueble ubicado en \u00a0el \u00a0barrio \u00a0el Bosque, detr\u00e1s de las bodegas de Alpina, el 23 de abril de 1999, \u00a0habitado \u00a0por \u00a0LOURDES \u00a0NAVIA \u00a0 \u00a0 \u00a0Y \u00a0 \u00a0 RUBEN \u00a0 \u00a0 DAR\u00cdO \u00a0 \u00a0 MART\u00cdNEZ11 \u00a0\u00a0<\/p>\n<p>\u00a0 \u00a0\u00a0 \u00a0 \u00a0c. \u00a0Diligencia \u00a0de \u00a0allanamiento y registro al inmueble ubicado en \u00a0la \u00a0Calle \u00a01 \u00a0con \u00a0carrera 7, el 12 de julio de 2000, \u00a0residencia\u00a0 de LOURDES NAVIA, incaut\u00e1ndose \u00a0papeletas \u00a0de \u00a0marihuana \u00a0y \u00a0bazuco.12 \u00a0\u00a0<\/p>\n<p>Lo \u00a0 anterior \u00a0 evidencia \u00a0 que \u00a0 dichas \u00a0diligencias \u00a0 no \u00a0 constituyen \u00a0 un \u00a0 acto \u00a0 \u00a0procesal \u00a0 \u00a0sustancial \u00a0 sino \u00a0que \u00a0 se \u00a0 allegaron \u00a0 como \u00a0 soporte \u00a0al \u00a0 \u00a0 \u00a0 informe \u00a0 \u00a0 \u00a0presentado \u00a0por \u00a0la \u00a0Polic\u00eda \u00a0Judicial \u00a0con \u00a0 el \u00a0 prop\u00f3sito \u00a0de acreditar la \u00a0actividad \u00a0que \u00a0la \u00a0familia \u00a0Navia ven\u00eda realizando de tiempo \u00a0atr\u00e1s, \u00a0sin \u00a0embargo, \u00a0los hechos por los cuales se inici\u00f3 este averiguativo y \u00a0se \u00a0absolvi\u00f3 \u00a0a ESTHER NAVIA son los ocurridos el 13 de octubre de 2006 como lo \u00a0menciona \u00a0 el \u00a0 Juez \u00a0 1\u00ba \u00a0 Penal \u00a0 del \u00a0 circuito \u00a0Especializado en el relato de los hechos de la sentencia impugnada: \u00a0\u00a0<\/p>\n<p>\u201cLa investigaci\u00f3n encontrar\u00eda sustento \u00a0cuando \u00a0el \u00a013 \u00a0de \u00a0octubre \u00a0de \u00a02006, \u00a0a \u00a0las \u00a09:50 de la ma\u00f1ana, se practic\u00f3 \u00a0diligencia \u00a0 de \u00a0 allanamiento \u00a0 a \u00a0 la \u00a0 residencia \u00a0de \u00a0 \u00a0la \u00a0 familia \u00a0 NAVIA, \u00a0 encontrando \u00a0sustancia \u00a0estupefaciente \u00a0en \u00a0diferentes \u00a0presentaciones, \u00a0por \u00a0lo \u00a0que \u00a0se \u00a0procedi\u00f3 \u00a0a la captura de varios \u00a0miembros \u00a0 del \u00a0 n\u00facleo \u00a0 familiar \u00a0 ente \u00a0 ellos \u00a0 ESTER \u00a0NAVIA\u201d. \u00a0\u00a0<\/p>\n<p>Esta situaci\u00f3n \u00a0ya \u00a0hab\u00eda \u00a0sido \u00a0analizada por el Magistrado Quintero Delgado cuando al desatar \u00a0la \u00a0alzada \u00a0presentada por el defensor de ESTHER NAVIA en contra de la decisi\u00f3n \u00a0en \u00a0 la \u00a0 que \u00a0 el \u00a0 a \u00a0quo \u00a0neg\u00f3 \u00a0la pr\u00e1ctica de unas pruebas, los hechos \u00a0los resumi\u00f3 de la siguiente manera: \u00a0\u00a0<\/p>\n<p>\u201cEl \u00a0 15 \u00a0(leer \u00a0el 13) \u00a0de \u00a0octubre \u00a0de \u00a02006, \u00a0se efectu\u00f3 \u00a0diligencia \u00a0de allanamiento y registro al inmueble ubicado en la calle 1 Sur No. \u00a08-29, \u00a0del \u00a0Barrio \u00a0el \u00a0Bosque de la ciudad de Neiva, se incaut\u00f3 25.5 gramos de \u00a0marihuana \u00a0y \u00a0103 \u00a0gramos de coca\u00edna y sus derivados, logr\u00e1ndose la captura de \u00a0ESTHER NAVIA\u201d . \u00a0\u00a0<\/p>\n<p>4. \u00a0Por tanto, \u00a0ninguna \u00a0duda \u00a0surge \u00a0en \u00a0cuanto \u00a0a \u00a0la intrascendencia \u00a0absoluta \u00a0que deviene \u00a0de \u00a0 \u00a0 \u00a0 las \u00a0 \u00a0 \u00a0 diligencias \u00a0 \u00a0 \u00a0ocasionalmente \u00a0 \u00a0 adjuntadas \u00a0 \u00a0 a \u00a0esta \u00a0actuaci\u00f3n\u00a0 y \u00a0que \u00a0 \u00a0 practic\u00f3 \u00a0 \u00a0 el \u00a0 \u00a0doctor \u00a0 \u00a0Hernando \u00a0Quintero Delgado en \u00a0 1999 \u00a0 y \u00a0 2000 \u00a0 frente \u00a0 a \u00a0la \u00a0determinaci\u00f3n \u00a0que \u00a0ahora \u00a0corresponde tomar por los \u00a0hechos \u00a0 \u00a0realizados \u00a0 el \u00a0 13 \u00a0 de \u00a0 octubre \u00a0 de \u00a02006, \u00a0 \u00a0 momento \u00a0en \u00a0el cual \u00e9l \u00a0 ya \u00a0no \u00a0fung\u00eda como fiscal. \u00a0\u00a0<\/p>\n<p>En \u00a0esa direcci\u00f3n, significativa utilidad \u00a0reporta \u00a0 \u00a0 el \u00a0 \u00a0 antecedente \u00a0 \u00a0 jurisprudencial \u00a0 \u00a0de \u00a0 \u00a0esta \u00a0 \u00a0Corporaci\u00f3n, \u00a0en el cual se plasma el \u00a0criterio \u00a0que \u00a0de \u00a0anta\u00f1o \u00a0tiene \u00a0la \u00a0Sala sobre la \u00a0tem\u00e1tica debatida: \u00a0\u00a0<\/p>\n<p>\u201c(S)i \u00a0lo \u00a0realizado \u00a0en \u00a0el sumario fue \u00a0ocasional, \u00a0tangencial, \u00a0intrascendente \u00a0y \u00a0-as\u00ed-, conceptualmente, sin ninguna \u00a0incidencia \u00a0en \u00a0el \u00a0criterio del juzgador, no existe ninguna raz\u00f3n para dar por \u00a0existente \u00a0la \u00a0causal impediente de que se trata\u201d13.\u00a0\u00a0 \u00a0\u00a0<\/p>\n<p>Adem\u00e1s, \u00a0 recu\u00e9rdese \u00a0 que \u00a0el \u00a0Magistrado \u00a0Quintero \u00a0 \u00a0Delgado \u00a0 \u00a0ya \u00a0 \u00a0hab\u00eda \u00a0 actuado \u00a0como segunda instancia dentro \u00a0de \u00a0la \u00a0apelaci\u00f3n que presentara la defensa ante la negativa de unas pr\u00e1cticas \u00a0probatorias, \u00a0 sin \u00a0 que \u00a0 hubiese \u00a0 hecho \u00a0 manifestaci\u00f3n \u00a0alguna \u00a0por \u00a0sentir \u00a0comprometida \u00a0 \u00a0su \u00a0imparcialidad. \u00a0\u00a0<\/p>\n<p>Es \u00a0de \u00a0mencionar \u00a0que \u00a0el \u00a0proceso \u00a0fue \u00a0enviado \u00a0al \u00a0Magistrado \u00a0Quintero \u00a0Delgado desde el \u00a05 \u00a0 de \u00a0 febrero \u00a0 de \u00a02010 \u00a0para \u00a0que \u00a0conociera \u00a0el \u00a0recurso \u00a0de \u00a0apelaci\u00f3n \u00a0mencionado \u00a0y \u00a0solo \u00a0hasta el 29 de octubre siguiente \u00a0se \u00a0 \u00a0 declara \u00a0 \u00a0 \u201cimpedido\u201d \u00a0 \u00a0haciendo \u00a0a\u00fan \u00a0mas \u00a0morosa \u00a0su decisi\u00f3n, raz\u00f3n por la cual esta \u00a0Corporaci\u00f3n \u00a0llama \u00a0la \u00a0atenci\u00f3n de manera en\u00e9rgica al Funcionario para que a \u00a0la \u00a0mayor brevedad emita el pronunciamiento\u00a0 que \u00a0en derecho corresponda. \u00a0\u00a0<\/p>\n<p>5. \u00a0As\u00ed \u00a0las \u00a0cosas, \u00a0de conformidad con las razones que vienen de consignarse, la conclusi\u00f3n \u00a0a \u00a0la \u00a0que \u00a0sin \u00a0dificultad \u00a0se llega es \u00a0 que \u00a0el \u00a0doctor \u00a0Hernando \u00a0Quintero \u00a0Delgado \u00a0no \u00a0se \u00a0encuentra \u00a0incurso \u00a0en \u00a0la \u00a0causal \u00a0impeditiva \u00a0 \u00a0 \u00a0 \u00a0 \u00a0 \u00a0invocada,\u00a0 \u00a0 numeral \u00a011 \u00a0del \u00a0art\u00edculo \u00a099 \u00a0de \u00a0la \u00a0Ley \u00a0600 \u00a0de \u00a02000 \u00a0y \u00a0lo \u00a0procedente \u00a0es \u00a0declarar infundada su manifestaci\u00f3n. \u00a0\u00a0<\/p>\n<p>\u00a0 \u00a0 \u00a0 \u00a0En \u00a0m\u00e9rito \u00a0a \u00a0lo expuesto, la CORTE SUPREMA DE JUSTICIA, Sala de \u00a0Casaci\u00f3n Penal, \u00a0\u00a0<\/p>\n<p>RESUELVE \u00a0\u00a0<\/p>\n<p>DECLARAR \u00a0 \u00a0INFUNDADO \u00a0 \u00a0el \u00a0 \u00a0 impedimento \u00a0 \u00a0 manifestado \u00a0 \u00a0 por \u00a0 \u00a0 el \u00a0 \u00a0 Magistrado \u00a0de \u00a0la Sala Penal del Tribunal Superior de \u00a0 \u00a0 \u00a0 \u00a0Neiva, \u00a0 \u00a0 \u00a0 Hernando \u00a0 Quintero \u00a0 Delgado, \u00a0 para \u00a0conocer \u00a0 de \u00a0 este \u00a0 asunto, \u00a0 por \u00a0las \u00a0razones \u00a0consignadas \u00a0en \u00a0la \u00a0anterior \u00a0motivaci\u00f3n.\u00a0 \u00a0 En \u00a0consecuencia, se dispone que intervenga en su tr\u00e1mite y decisi\u00f3n. \u00a0\u00a0<\/p>\n<p>C\u00f3piese \u00a0y \u00a0devu\u00e9lvase \u00a0al \u00a0Tribunal de \u00a0origen. C\u00famplase. \u00a0\u00a0<\/p>\n<p>MAR\u00cdA \u00a0 DEL \u00a0 ROSARIO \u00a0 GONZ\u00c1LEZ \u00a0 DE \u00a0LEMOS \u00a0\u00a0<\/p>\n<p>JOS\u00c9 LEONIDAS \u00a0BUSTOS \u00a0 \u00a0 MART\u00cdNEZ \u00a0 \u00a0\u00a0 \u00a0 \u00a0\u00a0 \u00a0 \u00a0\u00a0 \u00a0\u00a0 \u00a0 \u00a0 \u00a0\u00a0 \u00a0\u00a0 \u00a0\u00a0 \u00a0 \u00a0 \u00a0 \u00a0\u00a0 \u00a0 \u00a0 \u00a0 \u00a0\u00a0 \u00a0 \u00a0 \u00a0 \u00a0 \u00a0 \u00a0 \u00a0 \u00a0\u00a0\u00a0\u00a0\u00a0 \u00a0 \u00a0SIGIFREDO \u00a0ESPINOSA P\u00c9REZ \u00a0\u00a0<\/p>\n<p>ALFREDO G\u00d3MEZ QUINTERO\u00a0 \u00a0 \u00a0 \u00a0\u00a0 \u00a0\u00a0 \u00a0\u00a0 \u00a0 \u00a0\u00a0 \u00a0 \u00a0 \u00a0 \u00a0 \u00a0 \u00a0 \u00a0 \u00a0 \u00a0 \u00a0 \u00a0\u00a0 \u00a0 \u00a0 \u00a0\u00a0 \u00a0\u00a0 \u00a0\u00a0\u00a0\u00a0\u00a0\u00a0 \u00a0 AUGUSTO \u00a0J. \u00a0IB\u00c1\u00d1EZ GUZM\u00c1N \u00a0\u00a0<\/p>\n<p>JORGE \u00a0LUIS \u00a0QUINTERO \u00a0 \u00a0MILAN\u00c9S \u00a0 \u00a0\u00a0 \u00a0 \u00a0\u00a0 \u00a0 \u00a0\u00a0 \u00a0\u00a0 \u00a0 \u00a0 \u00a0\u00a0 \u00a0\u00a0 \u00a0\u00a0 \u00a0 \u00a0 \u00a0 \u00a0\u00a0 \u00a0 \u00a0 \u00a0 \u00a0\u00a0 \u00a0 \u00a0 \u00a0 \u00a0 \u00a0 \u00a0 \u00a0 \u00a0\u00a0\u00a0\u00a0 \u00a0JULIO ENRIQUE SOCHA \u00a0SALAMANCA \u00a0\u00a0<\/p>\n<p>JAVIER ZAPATA ORTIZ \u00a0<\/p>\n<p>TERESA RUIZ N\u00da\u00d1EZ \u00a0<\/p>\n<p>Secretaria \u00a0 \u00a0<\/p>\n<p>1 \u00a0Folio 24 cuaderno original 1 \u00a0\u00a0<\/p>\n<p>2 \u00a0Folio 25 cuaderno original 1 \u00a0\u00a0<\/p>\n<p>3 \u00a0Folio 25 ib\u00eddem \u00a0\u00a0<\/p>\n<p>4 \u00a0Folio 134 ib\u00eddem \u00a0\u00a0<\/p>\n<p>5 \u00a0Folio 190 cuaderno original 1. \u00a0\u00a0<\/p>\n<p>6 \u00a0Folio 223 ib\u00eddem \u00a0\u00a0<\/p>\n<p>7 \u00a0Folio 257 ib\u00eddem \u00a0\u00a0<\/p>\n<p>8 \u00a0Folio 32 cuaderno 5 \u00a0\u00a0<\/p>\n<p>9 \u00a0Cfr. Auto mayo 7\/02, rad. 19.328. \u00a0\u00a0<\/p>\n<p>10 \u00a0Folio 24 cuaderno original 1 \u00a0\u00a0<\/p>\n<p>11 \u00a0Folio 25 cuaderno original 1 \u00a0\u00a0<\/p>\n<p>12 \u00a0Folio 25 ib\u00eddem \u00a0\u00a0<\/p>\n<p>13 \u00a0Auto \u00a0del 20 de mayo de 1997. rad. 13134\u00a0 y auto del\u00a0 24 de septiembre \u00a0de 2008\u00a0 radicado 30586 \u00a0 \u00a0\u00a0<\/p>\n<p><\/p>\n","protected":false},"excerpt":{"rendered":"<p>\u00a0 \u00a0 \u00a0\u00a0 Proceso n.\u00ba 35323 \u00a0 CORTE SUPREMA DE JUSTICIA \u00a0 SALA DE CASACI\u00d3N PENAL \u00a0 Magistrado Ponente: \u00a0 JAVIER ZAPATA ORTIZ \u00a0 Aprobado Acta No. 396 \u00a0 Bogot\u00e1 \u00a0 \u00a0 D. \u00a0 \u00a0C., \u00a0 \u00a0primero (1) de diciembre de dos mil diez (2010) \u00a0\u00a0 \u00a0 VISTOS \u00a0 Se \u00a0pronuncia \u00a0la Sala sobre el [&hellip;]<\/p>\n","protected":false},"author":1,"featured_media":0,"comment_status":"open","ping_status":"open","sticky":false,"template":"","format":"standard","meta":{"footnotes":""},"categories":[18],"tags":[],"class_list":["post-21544","post","type-post","status-publish","format-standard","hentry","category-18"],"_links":{"self":[{"href":"https:\/\/dmsjuridica.com\/buscador_20179478954\/salapenalcronologico20230723\/wp-json\/wp\/v2\/posts\/21544","targetHints":{"allow":["GET"]}}],"collection":[{"href":"https:\/\/dmsjuridica.com\/buscador_20179478954\/salapenalcronologico20230723\/wp-json\/wp\/v2\/posts"}],"about":[{"href":"https:\/\/dmsjuridica.com\/buscador_20179478954\/salapenalcronologico20230723\/wp-json\/wp\/v2\/types\/post"}],"author":[{"embeddable":true,"href":"https:\/\/dmsjuridica.com\/buscador_20179478954\/salapenalcronologico20230723\/wp-json\/wp\/v2\/users\/1"}],"replies":[{"embeddable":true,"href":"https:\/\/dmsjuridica.com\/buscador_20179478954\/salapenalcronologico20230723\/wp-json\/wp\/v2\/comments?post=21544"}],"version-history":[{"count":0,"href":"https:\/\/dmsjuridica.com\/buscador_20179478954\/salapenalcronologico20230723\/wp-json\/wp\/v2\/posts\/21544\/revisions"}],"wp:attachment":[{"href":"https:\/\/dmsjuridica.com\/buscador_20179478954\/salapenalcronologico20230723\/wp-json\/wp\/v2\/media?parent=21544"}],"wp:term":[{"taxonomy":"category","embeddable":true,"href":"https:\/\/dmsjuridica.com\/buscador_20179478954\/salapenalcronologico20230723\/wp-json\/wp\/v2\/categories?post=21544"},{"taxonomy":"post_tag","embeddable":true,"href":"https:\/\/dmsjuridica.com\/buscador_20179478954\/salapenalcronologico20230723\/wp-json\/wp\/v2\/tags?post=21544"}],"curies":[{"name":"wp","href":"https:\/\/api.w.org\/{rel}","templated":true}]}}