{"id":21509,"date":"2023-09-11T22:55:26","date_gmt":"2023-09-11T22:55:26","guid":{"rendered":"https:\/\/dmsjuridica.com\/buscador_20179478954\/salapenalcronologico20230723\/2023\/09\/11\/3519621-10-10\/"},"modified":"2023-09-11T22:55:26","modified_gmt":"2023-09-11T22:55:26","slug":"3519621-10-10","status":"publish","type":"post","link":"https:\/\/dmsjuridica.com\/buscador_20179478954\/salapenalcronologico20230723\/2023\/09\/11\/3519621-10-10\/","title":{"rendered":"35196(21-10-10)"},"content":{"rendered":"\n<p>\u00a0 \u00a0 \u00a0\u00a0<\/p>\n<p>Proceso n.\u00ba 35196 \u00a0<\/p>\n<p>CORTE SUPREMA DE JUSTICIA \u00a0<\/p>\n<p>SALA DE CASACI\u00d3N PENAL \u00a0<\/p>\n<p>Magistrado Ponente: \u00a0<\/p>\n<p>SIGIFREDO \u00a0 ESPINOSA \u00a0P\u00c9REZ \u00a0\u00a0<\/p>\n<p>\u00a0\u00a0\u00a0\u00a0\u00a0\u00a0\u00a0\u00a0\u00a0\u00a0\u00a0\u00a0\u00a0\u00a0\u00a0\u00a0\u00a0\u00a0\u00a0\u00a0\u00a0\u00a0\u00a0\u00a0\u00a0\u00a0\u00a0\u00a0\u00a0\u00a0\u00a0\u00a0\u00a0\u00a0\u00a0\u00a0\u00a0\u00a0\u00a0\u00a0\u00a0\u00a0\u00a0\u00a0\u00a0 \u00a0Aprobado Acta No. 346 \u00a0\u00a0<\/p>\n<p>Bogot\u00e1, D. C., veintiuno \u00a0(21) de octubre de dos mil diez (2010) \u00a0\u00a0<\/p>\n<p>V \u00a0 \u00a0I \u00a0 \u00a0S \u00a0 T \u00a0 O \u00a0S \u00a0\u00a0<\/p>\n<p>Procede la Sala de acuerdo con lo previsto en \u00a0el \u00a0numeral \u00a04 \u00a0del art\u00edculo 32 de la ley 906 de 2004, a definir la competencia \u00a0del \u00a0 \u00a0proceso \u00a0 \u00a0adelantado \u00a0 \u00a0a \u00a0 \u00a0JAIR \u00a0 \u00a0VARELA \u00a0JARAMILLO por el delito de tortura. \u00a0\u00a0<\/p>\n<p>ANTECEDENTES \u00a0<\/p>\n<p>1. \u00a0El \u00a010 \u00a0de \u00a0abril \u00a0de \u00a02008 \u00a0hacia \u00a0las \u00a0ocho \u00a0 de \u00a0 la \u00a0 noche, \u00a0Andr\u00e9s \u00a0Arturo \u00a0Fl\u00f3rez Guti\u00e9rrez acudi\u00f3 a la casa \u00a0con \u00a0 nomenclatura \u00a08-166 \u00a0ubicada \u00a0en el callej\u00f3n \u00a0La \u00a0Esmeralda \u00a0de \u00a0Rozo \u00a0corregimiento de la comprensi\u00f3n \u00a0municipal \u00a0 de \u00a0 Palmira \u00a0 (Valle), \u00a0 en \u00a0 raz\u00f3n \u00a0a \u00a0que el acusado JAIR \u00a0 VARELA \u00a0 JARAMILLO \u00a0sospechaba \u00a0 de \u00a0\u00e9l \u00a0como \u00a0uno \u00a0de \u00a0los \u00a0autores \u00a0del latrocinio a un \u00a0establecimiento \u00a0suyo \u00a0cometido en la madrugada del d\u00eda ocho de ese mes y a\u00f1o; \u00a0all\u00ed, \u00a0dos \u00a0encapuchados \u00a0armados \u00a0lo \u00a0llevaron a una habitaci\u00f3n de atr\u00e1s del \u00a0patio, \u00a0buscando \u00a0mediante \u00a0el \u00a0maltrato \u00a0 f\u00edsico \u00a0 y \u00a0 sicol\u00f3gico \u00a0 que confesara y dijera d\u00f3nde ten\u00eda las \u00a0cosas hurtadas. \u00a0\u00a0<\/p>\n<p>2. \u00a0 \u00a0 \u00a0 \u00a0El \u00a0 \u00a0 \u00a0 25 \u00a0 \u00a0 \u00a0 \u00a0 de \u00a0 \u00a0 \u00a0 \u00a0agosto \u00a0de 2010, la Fiscal 21 \u00a0 \u00a0Especializada \u00a0 \u00a0de \u00a0 \u00a0la \u00a0 \u00a0ciudad \u00a0 de \u00a0 Cali \u00a0 present\u00f3 \u00a0escrito \u00a0de \u00a0acusaci\u00f3n contra \u00a0JAIR \u00a0VARELA \u00a0JARAMILLO por el delito de tortura \u00a0 descrito \u00a0 en \u00a0 el \u00a0 art\u00edculo \u00a0178 \u00a0de \u00a0la \u00a0ley \u00a0599 \u00a0de \u00a02000. \u00a0\u00a0<\/p>\n<p>3. \u00a0El \u00a029 \u00a0de \u00a0septiembre de 2010, al d\u00eda \u00a0siguiente \u00a0de \u00a0la \u00a0audiencia \u00a0de \u00a0formulaci\u00f3n \u00a0de la \u00a0acusaci\u00f3n1,la \u00a0Juez \u00a0Cuarto \u00a0Penal \u00a0del \u00a0Circuito \u00a0Especializado \u00a0 con \u00a0Funciones \u00a0de \u00a0Conocimiento, \u00a0manifest\u00f3 \u00a0que \u00a0\u201ceste \u00a0Despacho \u00a0no \u00a0es \u00a0el \u00a0competente por el factor territorial \u00a0para \u00a0conocer \u00a0de \u00a0este \u00a0asunto, \u00a0y \u00a0as\u00ed lo declara, en raz\u00f3n a que los hechos \u00a0acaecieron \u00a0en \u00a0Rozo \u00a0perteneciente \u00a0al municipio de Palmira (Valle), siendo por \u00a0tanto \u00a0los \u00a0Juzgados \u00a0Penales \u00a0del \u00a0Circuito \u00a0Especializados de Buga (Valle) los \u00a0competentes \u00a0para \u00a0conocer \u00a0de este caso,\u201d y dispuso \u00a0la \u00a0remisi\u00f3n \u00a0del \u00a0proceso \u00a0a dichos despachos judiciales para la continuaci\u00f3n \u00a0del \u00a0 juicio2. \u00a0\u00a0<\/p>\n<p>4. \u00a0 \u00a0 \u00a0 \u00a0El \u00a0 \u00a0 \u00a0 12 \u00a0 \u00a0 \u00a0 \u00a0 de \u00a0 \u00a0 \u00a0 \u00a0octubre \u00a0 \u00a0de \u00a0 \u00a02010, \u00a0 el \u00a0Juez \u00a0Primero \u00a0Penal del Circuito Especializado de Buga, a quien \u00a0por \u00a0reparto correspondi\u00f3 el conocimiento de este asunto orden\u00f3 su remisi\u00f3n a \u00a0esta \u00a0Corte, ya que la Juez \u00a0al \u00a0declararse \u00a0incompetente \u00a0no \u00a0s\u00f3lo \u00a0omiti\u00f3 \u00a0el \u00a0tr\u00e1mite \u00a0previsto en el art\u00edculo 54 de la ley 906 de \u00a02004, \u00a0sino \u00a0que \u00a0tampoco \u00a0se \u00a0percat\u00f3 \u00a0de \u00a0\u201clo \u00a0previsto \u00a0en \u00a0el art\u00edculo 55 \u00a0ejusdem \u00a0donde \u00a0prorroga \u00a0la \u00a0competencia \u00a0si \u00a0no \u00a0es \u00a0manifestada \u00a0 \u00a0o \u00a0 \u00a0alegada \u00a0 \u00a0al \u00a0 \u00a0momento \u00a0 \u00a0de \u00a0 la \u00a0 formulaci\u00f3n \u00a0 de \u00a0 la \u00a0acusaci\u00f3n.\u201d3. \u00a0\u00a0<\/p>\n<p>CONSIDERACIONES \u00a0<\/p>\n<p>Trat\u00e1ndose \u00a0de \u00a0un \u00a0 \u00a0 problema \u00a0 \u00a0de \u00a0competencia \u00a0por \u00a0el \u00a0factor \u00a0territorial, \u00a0en \u00a0el cual \u00a0los \u00a0jueces involucrados corresponden a diferentes distritos judiciales, ninguna \u00a0duda \u00a0existe \u00a0en \u00a0cuanto \u00a0a \u00a0que la definici\u00f3n de competencia en este asunto le \u00a0corresponde \u00a0a la Sala, seg\u00fan lo previsto \u00a0 en \u00a0 el \u00a0 numeral \u00a0 4 \u00a0 del \u00a0art\u00edculo \u00a032 \u00a0de \u00a0la \u00a0ley \u00a0906 \u00a0de \u00a02004. \u00a0\u00a0<\/p>\n<p>La \u00a0competencia \u00a0por \u00a0el factor territorial \u00a0para \u00a0 continuar \u00a0 con \u00a0 el \u00a0 tr\u00e1mite \u00a0del \u00a0juicio \u00a0adelantado \u00a0a \u00a0VARELA \u00a0JARAMILLO \u00a0corresponde \u00a0a \u00a0los \u00a0juzgados \u00a0 \u00a0de \u00a0 \u00a0circuito \u00a0 \u00a0especializado \u00a0 de \u00a0 Buga, \u00a0 porque \u00a0 para \u00a0efectos \u00a0del \u00a0juzgamiento \u00a0tiene competencia en ese distrito \u00a0-art\u00edculo \u00a042 \u00a0de la ley 906 de 2004-; en \u00a0 su \u00a0 jurisdicci\u00f3n \u00a0 ocurri\u00f3 \u00a0el \u00a0hecho \u00a0punible -art\u00edculo \u00a043 \u00a0de \u00a0la \u00a0ley \u00a0906 \u00a0de \u00a02004-; \u00a0 y, \u00a0el delito de tortura esta atribuido \u00a0a \u00a0 \u00a0juzgados \u00a0 \u00a0de \u00a0esa \u00a0 misma \u00a0categor\u00eda \u00a0-numeral 8, art\u00edculo 35 \u00a0de la misma ley-. \u00a0\u00a0<\/p>\n<p>En \u00a0efecto, \u00a0el \u00a0hecho \u00a0imputado \u00a0a \u00a0JAIR VARELA JARAMILLO \u00a0ocurri\u00f3 \u00a0en \u00a0su \u00a0residencia ubicada en el corregimiento Rozo de \u00a0Palmira, \u00a0sin \u00a0que ninguno de los intervinientes haya discutido o puesto en duda \u00a0ese \u00a0 \u00a0 \u00a0sitio \u00a0 \u00a0 \u00a0como \u00a0 \u00a0 su \u00a0 \u00a0 lugar \u00a0 \u00a0de \u00a0 \u00a0comisi\u00f3n4. \u00a0 As\u00ed \u00a0mismo, \u00a0el \u00a0circuito \u00a0de \u00a0Palmira \u00a0 (Valle) \u00a0 pertenece \u00a0 al \u00a0 Distrito \u00a0 Judicial \u00a0 de \u00a0 Buga, \u00a0 \u00a0de \u00a0acuerdo \u00a0 \u00a0 con \u00a0 \u00a0la \u00a0 \u00a0divisi\u00f3n \u00a0 \u00a0del \u00a0 territorio \u00a0 nacional \u00a0para \u00a0efectos \u00a0judiciales5. \u00a0\u00a0<\/p>\n<p>Conforme a los anteriores presupuestos, la \u00a0manifestaci\u00f3n \u00a0de \u00a0incompetencia \u00a0por \u00a0el \u00a0factor territorial de la Juez Cuarto \u00a0Penal \u00a0del \u00a0Circuito \u00a0Especializada de Cali para continuar conociendo del juicio \u00a0adelantado \u00a0 \u00a0a \u00a0 \u00a0VARELA \u00a0 \u00a0JARAMILLO \u00a0tiene \u00a0asidero \u00a0legal, \u00a0sin \u00a0que \u00a0la \u00a0circunstancia \u00a0de \u00a0haberla \u00a0puesto \u00a0de \u00a0presente \u00a0al \u00a0d\u00eda \u00a0siguiente \u00a0de \u00a0la audiencia de formulaci\u00f3n de la acusaci\u00f3n y no en ella, \u00a0prorrogue \u00a0ipso \u00a0facto \u00a0su competencia como parece entenderlo el Juez al que por \u00a0reparto le correspondi\u00f3 el conocimiento de este asunto. \u00a0\u00a0<\/p>\n<p>El \u00a0art\u00edculo \u00a055 \u00a0de \u00a0la \u00a0ley 906 de 2004 \u00a0aducido para la remisi\u00f3n del asunto a esta Sala, es \u00a0inaplicable \u00a0 \u00a0 \u00a0 \u00a0a \u00a0 \u00a0 \u00a0 \u00a0este \u00a0 \u00a0 \u00a0 \u00a0caso6. \u00a0\u00a0<\/p>\n<p>La \u00a0competencia \u00a0por el factor territorial \u00a0est\u00e1 \u00a0determinada \u00a0por \u00a0el \u00a0lugar \u00a0de comisi\u00f3n del \u00a0delito, \u00a0de \u00a0manera \u00a0que \u00a0la \u00a0falta \u00a0de \u00a0manifestaci\u00f3n \u00a0o \u00a0impugnaci\u00f3n \u00a0de \u00a0la \u00a0competencia, \u00a0incluso \u00a0de \u00a0su tard\u00eda declaraci\u00f3n por fuera del escenario ideal \u00a0de \u00a0la audiencia de formulaci\u00f3n de la acusaci\u00f3n, no \u00a0la \u00a0prorroga; \u00a0si \u00a0la misma no fuera imperativa, no \u00a0existir\u00eda \u00a0la \u00a0competencia excepcional a \u00a0que \u00a0se \u00a0refiere el art\u00edculo 44 del \u00a0C\u00f3digo \u00a0de \u00a0Procedimiento \u00a0Penal, con la cual se busca preservar los principios \u00a0inherentes al sistema acusatorio. \u00a0\u00a0<\/p>\n<p>Adem\u00e1s, \u00a0la \u00a0pr\u00f3rroga \u00a0 \u00a0de \u00a0 \u00a0la \u00a0 \u00a0competencia \u00a0 \u00a0en \u00a0 \u00a0este \u00a0caso, afectar\u00eda \u00a0 \u00a0principios \u00a0 \u00a0y \u00a0 \u00a0garant\u00edas \u00a0fundamentales \u00a0tales como \u00a0el \u00a0 de \u00a0juez \u00a0natural7 \u00a0 \u00a0y \u00a0 \u00a0el \u00a0 \u00a0derecho \u00a0a \u00a0ser \u00a0juzgado \u201cante juez o \u00a0tribunal \u00a0 \u00a0 \u00a0 \u00a0 \u00a0 \u00a0 \u00a0 \u00a0competente\u201d8, \u00a0de \u00a0modo \u00a0que \u00a0no \u00a0es \u00a0posible \u00a0acudir a \u00a0 \u00a0la \u00a0disposici\u00f3n \u00a0en el cual se ampara el Juez Penal del \u00a0Circuito \u00a0Especializado \u00a0de \u00a0Buga, \u00a0para \u00a0sustraerse \u00a0al \u00a0conocimiento \u00a0de \u00a0este \u00a0asunto. \u00a0\u00a0<\/p>\n<p>No hay duda que \u00a0la \u00a0competencia \u00a0territorial \u00a0diferida \u00a0por \u00a0la \u00a0ley es inmodificable, salvo los \u00a0motivos \u00a0que \u00a0dan \u00a0lugar al cambio de radicaci\u00f3n -art\u00edculo 46 de la ley 906 de \u00a02004-, \u00a0de manera que la \u00a0misma \u00a0 \u00a0 \u00a0no \u00a0 \u00a0 \u00a0puede \u00a0 \u00a0 \u00a0depender \u00a0de \u00a0la \u00a0actitud \u00a0o \u00a0no \u00a0del juez o de los intervinientes; la \u00a0pr\u00f3rroga \u00a0de \u00a0la \u00a0competencia \u00a0por \u00a0falta \u00a0de \u00a0manifestaci\u00f3n \u00a0o \u00a0alegaci\u00f3n de \u00a0causales \u00a0de incompetencia en la audiencia de formulaci\u00f3n de la acusaci\u00f3n o de \u00a0preclusi\u00f3n, \u00a0 \u00a0 -se \u00a0 \u00a0 insiste- \u00a0 \u00a0no \u00a0 \u00a0 comprende \u00a0 \u00a0 a \u00a0 \u00a0la \u00a0 \u00a0competencia \u00a0 \u00a0por \u00a0 \u00a0el \u00a0 \u00a0factor \u00a0territorial. \u00a0\u00a0<\/p>\n<p>Establecido \u00a0que \u00a0el \u00a0hecho \u00a0ocurri\u00f3 \u00a0en \u00a0jurisdicci\u00f3n \u00a0 \u00a0del \u00a0 \u00a0municipio \u00a0 \u00a0de \u00a0 \u00a0Palmira \u00a0 \u00a0(Valle), \u00a0 \u00a0que \u00a0 \u00a0ninguno \u00a0controvierte el sitio de \u00a0comisi\u00f3n \u00a0 \u00a0de \u00a0 \u00a0la \u00a0 \u00a0conducta \u00a0 punible \u00a0 como \u00a0 tampoco \u00a0 existe \u00a0 duda \u00a0 acerca \u00a0del \u00a0lugar \u00a0de \u00a0su \u00a0ejecuci\u00f3n, \u00a0 la \u00a0competencia \u00a0por \u00a0el \u00a0factor \u00a0territorial \u00a0y \u00a0funcional \u00a0est\u00e1 \u00a0atribuida \u00a0a los jueces del circuito especializado de \u00a0Buga. \u00a0\u00a0<\/p>\n<p>En \u00a0el asunto que llama la atenci\u00f3n de la \u00a0Sala, \u00a0 \u00a0el \u00a0 \u00a0delito \u00a0 \u00a0de \u00a0 \u00a0tortura \u00a0 \u00a0 \u00a0se \u00a0 \u00a0 \u00a0cometi\u00f3 \u00a0 en \u00a0el \u00a0corregimiento \u00a0el \u00a0Rozo \u00a0de \u00a0Palmira, por lo que la competencia se determina \u00a0seg\u00fan \u00a0la \u00a0regla \u00a0del inciso \u00a01\u00ba \u00a0del art\u00edculo 43 de \u00a0la ley 906 de 2004. \u00a0\u00a0<\/p>\n<p>En \u00a0consecuencia, \u00a0la \u00a0Sala \u00a0define \u00a0 la \u00a0competencia \u00a0y \u00a0 \u00a0atribuye \u00a0 \u00a0la \u00a0 prosecuci\u00f3n \u00a0 del \u00a0 juzgamiento \u00a0 \u00a0al \u00a0 \u00a0Juez \u00a0 \u00a0Primero \u00a0Penal \u00a0del Circuito Especializado de \u00a0Buga \u00a0con \u00a0Funciones \u00a0de \u00a0Conocimiento, \u00a0para \u00a0lo \u00a0cual \u00a0dispondr\u00e1 la\u00a0 \u00a0devoluci\u00f3n \u00a0inmediata \u00a0de \u00a0 \u00a0la \u00a0 \u00a0 \u00a0 \u00a0actuaci\u00f3n a dicho despacho. \u00a0\u00a0<\/p>\n<p>En \u00a0 m\u00e9rito \u00a0de \u00a0lo \u00a0expuesto, \u00a0 \u00a0la \u00a0 \u00a0Corte \u00a0 \u00a0Suprema \u00a0 de \u00a0 Justicia, \u00a0 Sala \u00a0 de \u00a0 Casaci\u00f3n \u00a0Penal, \u00a0\u00a0<\/p>\n<p>RESUELVE \u00a0<\/p>\n<p>Primero.-\u00a0ASIGNAR \u00a0 la \u00a0competencia \u00a0 \u00a0para \u00a0 \u00a0conocer \u00a0 \u00a0del \u00a0 \u00a0proceso \u00a0 adelantado \u00a0 a \u00a0 JAIR \u00a0 VARELA \u00a0JARAMILLO \u00a0por \u00a0el \u00a0delito \u00a0tortura \u00a0al \u00a0Juez Primero Penal del Circuito Especializado de Buga con Funciones \u00a0de \u00a0 Conocimiento, \u00a0 conforme \u00a0 con \u00a0 las \u00a0 consideraciones \u00a0expuestas \u00a0en \u00a0esta \u00a0decisi\u00f3n. \u00a0\u00a0<\/p>\n<p>Segundo.- \u00a0DEVOLVER \u00a0la \u00a0actuaci\u00f3n, \u00a0al \u00a0Juez \u00a0Primero \u00a0Penal del Circuito Especializado de Buga con \u00a0Funciones de Conocimiento. \u00a0\u00a0<\/p>\n<p>Contra \u00a0 esta \u00a0 providencia \u00a0 no \u00a0proceden \u00a0recursos. \u00a0\u00a0<\/p>\n<p>C\u00f3piese, \u00a0 \u00a0 \u00a0comun\u00edquese \u00a0 \u00a0 \u00a0y \u00a0c\u00famplase. \u00a0\u00a0<\/p>\n<p>MAR\u00cdA \u00a0DEL \u00a0ROSARIO \u00a0GONZ\u00c1LEZ \u00a0DE \u00a0LEMOS \u00a0\u00a0<\/p>\n<p>JOS\u00c9\u00a0 \u00a0 \u00a0 LEONIDAS \u00a0 \u00a0 BUSTOS \u00a0MART\u00cdNEZ\u00a0\u00a0\u00a0\u00a0\u00a0\u00a0\u00a0\u00a0\u00a0\u00a0\u00a0\u00a0\u00a0\u00a0\u00a0\u00a0\u00a0 \u00a0SIGIFREDO ESPINOSA P\u00c9REZ \u00a0\u00a0<\/p>\n<p>\u00a0\u00a0\u00a0\u00a0\u00a0\u00a0\u00a0\u00a0\u00a0\u00a0\u00a0\u00a0\u00a0\u00a0\u00a0\u00a0\u00a0\u00a0\u00a0 \u00a0Comisi\u00f3n de servicio \u00a0\u00a0<\/p>\n<p>ALFREDO \u00a0 \u00a0 \u00a0 \u00a0 \u00a0 G\u00d3MEZ \u00a0QUINTERO\u00a0\u00a0\u00a0\u00a0\u00a0\u00a0\u00a0\u00a0\u00a0\u00a0\u00a0\u00a0\u00a0\u00a0\u00a0\u00a0\u00a0\u00a0\u00a0\u00a0\u00a0\u00a0\u00a0\u00a0\u00a0\u00a0\u00a0\u00a0\u00a0\u00a0\u00a0 \u00a0AUGUSTO J. IB\u00c1\u00d1EZ GUZM\u00c1N \u00a0\u00a0<\/p>\n<p>\u00a0\u00a0\u00a0\u00a0\u00a0\u00a0\u00a0\u00a0\u00a0\u00a0\u00a0\u00a0\u00a0\u00a0\u00a0\u00a0\u00a0\u00a0\u00a0\u00a0\u00a0 \u00a0Comisi\u00f3n de servicio \u00a0\u00a0<\/p>\n<p>JORGE \u00a0 \u00a0 \u00a0 LUIS \u00a0 \u00a0 \u00a0 QUINTERO \u00a0MILAN\u00c9S\u00a0\u00a0\u00a0\u00a0\u00a0\u00a0\u00a0\u00a0\u00a0\u00a0\u00a0\u00a0\u00a0\u00a0\u00a0\u00a0\u00a0\u00a0\u00a0 \u00a0JULIO \u00a0 \u00a0ENRIQUE \u00a0 \u00a0SOCHA \u00a0 \u00a0SALAMANCA\u00a0\u00a0\u00a0\u00a0\u00a0\u00a0\u00a0\u00a0\u00a0\u00a0\u00a0\u00a0 \u00a0\u00a0<\/p>\n<p>JAVIER DE JES\u00daS ZAPATA ORTIZ \u00a0<\/p>\n<p>Teresa Ruiz N\u00fa\u00f1ez \u00a0<\/p>\n<p>Secretaria \u00a0<\/p>\n<p>\u00a0 \u00a0\u00a0<\/p>\n<p>1 \u00a0En \u00a0esta \u00a0audiencia, \u00a0los \u00a0intervinientes \u00a0al \u00a0ser interrogados por la juez sobre la \u00a0existencia \u00a0de \u00a0causales de incompetencia, manifestaron que ninguna observaci\u00f3n \u00a0ten\u00edan por hacer. \u00a0\u00a0<\/p>\n<p>2 Folio \u00a038 de la carpeta. \u00a0\u00a0<\/p>\n<p>3 Folio \u00a041 de la misma carpeta original. \u00a0\u00a0<\/p>\n<p>4 En el \u00a0registro \u00a0de \u00a0audio de la audiencia de legalizaci\u00f3n de captura, formulaci\u00f3n de \u00a0la \u00a0imputaci\u00f3n \u00a0e imposici\u00f3n de la medida de aseguramiento, al igual que en la \u00a0audiencia \u00a0de \u00a0formulaci\u00f3n de la acusaci\u00f3n, se se\u00f1ala como lugar de comisi\u00f3n \u00a0del \u00a0hecho la residencia del indiciado ubicada en Rozo Callej\u00f3n de la Esmeralda \u00a0n\u00famero 8-166. \u00a0\u00a0<\/p>\n<p>5 \u00a0Directorio \u00a0de \u00a0Organismos \u00a0Judiciales, \u00a02005; Consejo Superior de la Judicatura \u00a0-Sala Administrativa-, p\u00e1g. 104. \u00a0\u00a0<\/p>\n<p>6 Auto \u00a0de octubre 10 de 2006, radicaci\u00f3n 26203. \u00a0\u00a0<\/p>\n<p>7 \u00a0Art\u00edculo \u00a019, \u00a0ley 906 de 2004. \u201cNadie podr\u00e1 ser juzgado por juez o tribunal \u00a0ad-hoc \u00a0o especial, instituido con posterioridad a la comisi\u00f3n de un delito por \u00a0fuera de la estructura judicial ordinaria\u201d. \u00a0\u00a0<\/p>\n<p>8 \u00a0Art\u00edculo 29 de la Constituci\u00f3n Pol\u00edtica de Colombia. \u00a0 \u00a0\u00a0<\/p>\n<p><\/p>\n","protected":false},"excerpt":{"rendered":"<p>\u00a0 \u00a0 \u00a0\u00a0 Proceso n.\u00ba 35196 \u00a0 CORTE SUPREMA DE JUSTICIA \u00a0 SALA DE CASACI\u00d3N PENAL \u00a0 Magistrado Ponente: \u00a0 SIGIFREDO \u00a0 ESPINOSA \u00a0P\u00c9REZ \u00a0\u00a0 \u00a0\u00a0\u00a0\u00a0\u00a0\u00a0\u00a0\u00a0\u00a0\u00a0\u00a0\u00a0\u00a0\u00a0\u00a0\u00a0\u00a0\u00a0\u00a0\u00a0\u00a0\u00a0\u00a0\u00a0\u00a0\u00a0\u00a0\u00a0\u00a0\u00a0\u00a0\u00a0\u00a0\u00a0\u00a0\u00a0\u00a0\u00a0\u00a0\u00a0\u00a0\u00a0\u00a0\u00a0\u00a0 \u00a0Aprobado Acta No. 346 \u00a0\u00a0 Bogot\u00e1, D. C., veintiuno \u00a0(21) de octubre de dos mil diez (2010) \u00a0\u00a0 V \u00a0 \u00a0I \u00a0 \u00a0S \u00a0 T \u00a0 O \u00a0S \u00a0\u00a0 [&hellip;]<\/p>\n","protected":false},"author":1,"featured_media":0,"comment_status":"open","ping_status":"open","sticky":false,"template":"","format":"standard","meta":{"footnotes":""},"categories":[18],"tags":[],"class_list":["post-21509","post","type-post","status-publish","format-standard","hentry","category-18"],"_links":{"self":[{"href":"https:\/\/dmsjuridica.com\/buscador_20179478954\/salapenalcronologico20230723\/wp-json\/wp\/v2\/posts\/21509","targetHints":{"allow":["GET"]}}],"collection":[{"href":"https:\/\/dmsjuridica.com\/buscador_20179478954\/salapenalcronologico20230723\/wp-json\/wp\/v2\/posts"}],"about":[{"href":"https:\/\/dmsjuridica.com\/buscador_20179478954\/salapenalcronologico20230723\/wp-json\/wp\/v2\/types\/post"}],"author":[{"embeddable":true,"href":"https:\/\/dmsjuridica.com\/buscador_20179478954\/salapenalcronologico20230723\/wp-json\/wp\/v2\/users\/1"}],"replies":[{"embeddable":true,"href":"https:\/\/dmsjuridica.com\/buscador_20179478954\/salapenalcronologico20230723\/wp-json\/wp\/v2\/comments?post=21509"}],"version-history":[{"count":0,"href":"https:\/\/dmsjuridica.com\/buscador_20179478954\/salapenalcronologico20230723\/wp-json\/wp\/v2\/posts\/21509\/revisions"}],"wp:attachment":[{"href":"https:\/\/dmsjuridica.com\/buscador_20179478954\/salapenalcronologico20230723\/wp-json\/wp\/v2\/media?parent=21509"}],"wp:term":[{"taxonomy":"category","embeddable":true,"href":"https:\/\/dmsjuridica.com\/buscador_20179478954\/salapenalcronologico20230723\/wp-json\/wp\/v2\/categories?post=21509"},{"taxonomy":"post_tag","embeddable":true,"href":"https:\/\/dmsjuridica.com\/buscador_20179478954\/salapenalcronologico20230723\/wp-json\/wp\/v2\/tags?post=21509"}],"curies":[{"name":"wp","href":"https:\/\/api.w.org\/{rel}","templated":true}]}}