{"id":21446,"date":"2023-09-11T22:55:23","date_gmt":"2023-09-11T22:55:23","guid":{"rendered":"https:\/\/dmsjuridica.com\/buscador_20179478954\/salapenalcronologico20230723\/2023\/09\/11\/3496417-11-10\/"},"modified":"2023-09-11T22:55:23","modified_gmt":"2023-09-11T22:55:23","slug":"3496417-11-10","status":"publish","type":"post","link":"https:\/\/dmsjuridica.com\/buscador_20179478954\/salapenalcronologico20230723\/2023\/09\/11\/3496417-11-10\/","title":{"rendered":"34964(17-11-10)"},"content":{"rendered":"\n<p>\u00a0 \u00a0 Proceso n.\u00ba 34964 \u00a0<\/p>\n<p>CORTE SUPREMA DE JUSTICIA \u00a0<\/p>\n<p>SALA DE CASACION PENAL \u00a0<\/p>\n<p>Magistrado Ponente: \u00a0<\/p>\n<p>JORGE LUIS QUINTERO MILAN\u00c9S \u00a0<\/p>\n<p>Aprobado acta N\u00ba 371 \u00a0<\/p>\n<p>Bogot\u00e1, D. C., diecisiete (17) de noviembre \u00a0de dos mil diez (2010) \u00a0\u00a0<\/p>\n<p>VISTOS \u00a0<\/p>\n<p>La \u00a0Corte \u00a0resuelve \u00a0la \u00a0admisibilidad de la \u00a0demanda \u00a0de \u00a0casaci\u00f3n \u00a0presentada \u00a0por \u00a0el apoderado de las v\u00edctimas contra la \u00a0sentencia \u00a0dictada \u00a0por el Tribunal Superior de Santa Marta, el 24 de febrero de \u00a02010, \u00a0mediante \u00a0la \u00a0cual \u00a0confirm\u00f3 la proferida por el Juzgado Promiscuo\u00a0 \u00a0del \u00a0Circuito \u00a0de \u00a0Plato, \u00a0el \u00a015 \u00a0de \u00a0diciembre de 2009, que absolvi\u00f3 a Wilmar \u00a0Rafael \u00a0D\u00edaz \u00a0Lora \u00a0de \u00a0las \u00a0conductas \u00a0punibles \u00a0de \u00a0homicidio y fabricaci\u00f3n, \u00a0tr\u00e1fico y porte de armas de fuego o municiones. \u00a0\u00a0<\/p>\n<p>HECHOS \u00a0<\/p>\n<p>Fueron \u00a0sintetizados \u00a0por \u00a0el Tribunal de la \u00a0siguiente manera: \u00a0\u00a0<\/p>\n<p>\u201c\u2026 \u00a0 tuvieron \u00a0 ocurrencia \u00a0el \u00a023 \u00a0de \u00a0septiembre \u00a0de 2009 en horas de la noche, en la residencia ubicada en la carrera \u00a08 \u00a0No \u00a07 \u00a0&#8211; \u00a0123 \u00a0del \u00a0barrio \u00a0Alto \u00a0Prado o instituto del Municipio de Tenerife \u00a0(Magdalena) \u00a0donde \u00a0fue \u00a0ultimado el se\u00f1or Oswaldo Rafael Ospino Saumeth por un \u00a0desconocido \u00a0que \u00a0se \u00a0traspas\u00f3 \u00a0la \u00a0paredilla \u00a0de su casa, dispar\u00e1ndole en dos \u00a0ocasiones, ocasion\u00e1ndole la muerte\u201d. \u00a0\u00a0<\/p>\n<p>\u00a0 \u00a0\u00a0 \u00a0\u00a0 \u00a0\u00a0 \u00a0\u00a0<\/p>\n<p>A N T E C E D E N T E S \u00a0<\/p>\n<p>1. \u00a0Por \u00a0los anteriores hechos, la fiscal\u00eda \u00a0present\u00f3 \u00a0escrito \u00a0de \u00a0acusaci\u00f3n en contra de Wilmar Rafael D\u00edaz Lora por las \u00a0conductas \u00a0punibles \u00a0de \u00a0homicidio \u00a0y fabricaci\u00f3n, tr\u00e1fico y porte de armas de \u00a0fuego o municiones. \u00a0\u00a0<\/p>\n<p>2. \u00a0Celebradas \u00a0las \u00a0audiencias \u00a0 \u00a0preparatoria \u00a0 \u00a0y \u00a0 \u00a0del \u00a0 juicio \u00a0oral, \u00a0 \u00a0 \u00a0 el \u00a0 \u00a0 \u00a0 Juzgado \u00a0 \u00a0 \u00a0 Promiscuo \u00a0del Circuito con funciones de \u00a0conocimiento \u00a0 \u00a0 \u00a0 \u00a0de \u00a0 \u00a0 \u00a0 \u00a0Plato\u00a0 \u00a0 \u00a0 \u00a0(Magdalena), \u00a0el \u00a015 \u00a0de \u00a0diciembre \u00a0 \u00a0 \u00a0de \u00a02009, \u00a0dict\u00f3 sentencia de \u00a0primera \u00a0instancia \u00a0en \u00a0la \u00a0que \u00a0absolvi\u00f3 \u00a0a Wilmar Rafael D\u00edaz Lora de los cargos \u00a0formulados en la acusaci\u00f3n. \u00a0\u00a0<\/p>\n<p>3. \u00a0Apelado \u00a0el \u00a0fallo \u00a0por \u00a0la \u00a0fiscal\u00eda \u00a0y \u00a0el representante de las \u00a0v\u00edctimas, \u00a0el \u00a0Tribunal \u00a0Superior \u00a0de \u00a0Santa \u00a0 \u00a0Marta, \u00a0 \u00a0el \u00a0 \u00a024 \u00a0 \u00a0 \u00a0 \u00a0 de \u00a0 \u00a0 \u00a0 \u00a0 febrero \u00a0 de \u00a02010, \u00a0 al \u00a0 desatar \u00a0el \u00a0recurso, lo confirm\u00f3. \u00a0\u00a0<\/p>\n<p>Contra \u00a0 la \u00a0 anterior \u00a0 decisi\u00f3n, \u00a0 el \u00a0representante de las v\u00edctimas present\u00f3 demanda de casaci\u00f3n. \u00a0\u00a0<\/p>\n<p>S \u00a0\u00cd \u00a0N \u00a0T \u00a0E S I S\u00a0\u00a0\u00a0 D E \u00a0L\u00a0\u00a0\u00a0 L I B E L O \u00a0\u00a0<\/p>\n<p>El \u00a0apoderado de las v\u00edctimas, al amparo de \u00a0las \u00a0 causales \u00a0 segunda \u00a0 y \u00a0 tercera \u00a0 de \u00a0 casaci\u00f3n, \u00a0presenta \u00a0dos \u00a0cargos, \u00a0as\u00ed: \u00a0\u00a0<\/p>\n<p>Primer cargo \u00a0<\/p>\n<p>Acusa al Tribunal de haber dictado sentencia \u00a0en un juicio viciado de nulidad. \u00a0\u00a0<\/p>\n<p>Luego \u00a0de \u00a0referirse \u00a0al \u00a0instituto \u00a0de \u00a0los \u00a0impedimentos \u00a0y \u00a0recusaciones, \u00a0manifiesta \u00a0que \u00a0se \u00a0conserva \u00a0el \u00a0principio \u00a0de \u00a0imparcialidad \u00a0cuando \u00a0el \u00a0servidor \u00a0p\u00fablico ha\u00a0 tenido conocimiento de un \u00a0asunto \u00a0litigioso \u00a0y \u00a0as\u00ed \u00a0lo \u00a0declara; \u00a0de ah\u00ed la existencia de la causal 6\u00b0 \u00a0reglada \u00a0 en \u00a0 el \u00a0 art\u00edculo \u00a0 56 \u00a0 del \u00a0 C\u00f3digo \u00a0de \u00a0Procedimiento \u00a0Penal \u00a0de \u00a02004. \u00a0\u00a0<\/p>\n<p>\u00a0\u00a0 \u00a0<\/p>\n<p>Advierte que el funcionario que conoci\u00f3 por \u00a0v\u00eda \u00a0de \u00a0apelaci\u00f3n \u00a0de la medida de aseguramiento fue el Juzgado Promiscuo del \u00a0Circuito \u00a0de \u00a0Plato, \u00a0quien le imparti\u00f3 confirmaci\u00f3n a la dictada por el\u00a0 \u00a0juez de control de garant\u00edas. \u00a0\u00a0<\/p>\n<p>Considera \u00a0que \u00a0bajo \u00a0esa \u00a0apreciaci\u00f3n \u00a0el \u00a0mentado \u00a0juez \u00a0promiscuo \u00a0del \u00a0circuito \u00a0ya \u00a0hab\u00eda prejuzgado al resolver dicho \u00a0recurso \u00a0de \u00a0apelaci\u00f3n, \u00a0situaci\u00f3n que ulteriormente le sirvi\u00f3 para dictar el \u00a0correspondiente \u00a0 fallo \u00a0 de \u00a0m\u00e9rito \u00a0de \u00a0car\u00e1cter \u00a0absolutorio \u00a0a \u00a0favor \u00a0del \u00a0acusado. \u00a0\u00a0<\/p>\n<p>Comenta \u00a0que la intervenci\u00f3n del juez no se \u00a0debi\u00f3 \u00a0a situaciones accidentales, motivo por el cual concluye que el juicio no \u00a0se adelant\u00f3 con la debida imparcialidad. \u00a0\u00a0<\/p>\n<p>De tal manera, asevera que dicho funcionario \u00a0debi\u00f3 \u00a0apartase \u00a0de \u00a0tramitar \u00a0el \u00a0juicio \u00a0por \u00a0haber \u00a0conocido \u00a0del recurso de \u00a0apelaci\u00f3n anteriormente citado. \u00a0\u00a0<\/p>\n<p>Segundo cargo \u00a0<\/p>\n<p>Acusa al Tribunal de haber violado, de manera \u00a0indirecta, \u00a0la \u00a0ley \u00a0sustancial, \u00a0toda vez que hay una manifiesta contradicci\u00f3n \u00a0entre \u00a0lo \u00a0dicho \u00a0por \u00a0el \u00a0Tribunal \u00a0y \u00a0lo \u00a0reglado en la ley con relaci\u00f3n a la \u00a0individualizaci\u00f3n \u00a0de \u00a0la \u00a0persona, puesto que la testigo Leticia Jim\u00e9nez Vega \u00a0identific\u00f3 al acusado como el autor del hecho. \u00a0\u00a0<\/p>\n<p>Despu\u00e9s \u00a0de \u00a0referirse a la identificaci\u00f3n \u00a0del \u00a0acusado \u00a0apoyado en las correspondientes normas legales y en jurisprudencia \u00a0de \u00a0 la \u00a0 Corte, \u00a0dice \u00a0que \u00a0el \u00a0se\u00f1alamiento \u00a0incriminatorio \u00a0no \u00a0depende \u00a0del \u00a0reconocimiento \u00a0que \u00a0por \u00a0medio de fotograf\u00edas, videos o en fila de personas se \u00a0hubiere adelantado previamente. \u00a0\u00a0<\/p>\n<p>Aduce que el reconocimiento que se realiza en \u00a0el \u00a0juicio \u00a0resulta \u00a0valido como parte del interrogatorio directo adelantado por \u00a0la \u00a0fiscal\u00eda, \u00a0toda \u00a0vez \u00a0que comporta \u201cuna pregunta \u00a0destinada \u00a0a \u00a0la \u00a0verificaci\u00f3n de las proposiciones f\u00e1cticas de su teor\u00eda del \u00a0caso \u00a0a \u00a0trav\u00e9s de la solidez y credibilidad de testigo al que se le interrogue \u00a0sobre el particular\u2026\u201d. \u00a0\u00a0<\/p>\n<p>Reconoce que si bien el acusado tiene derecho \u00a0a \u00a0asistir \u00a0a \u00a0las \u00a0audiencias, \u00a0de todos modos el mismo no es absoluto, m\u00e1xime \u00a0cuando \u00a0en \u00a0este \u00a0asunto \u00a0por \u00a0pasividad \u00a0del juez de primera instancia y con la \u00a0anuencia \u00a0del Tribunal permitieron que Daza Lora no se presentara a la audiencia \u00a0del \u00a0juicio \u00a0oral \u00a0porque \u00a0sab\u00edan \u00a0que \u00a0iba \u00a0a \u00a0ser objeto de observaci\u00f3n y de \u00a0se\u00f1alamiento por la testigo. \u00a0\u00a0<\/p>\n<p>En consecuencia, solicita a la Corte casar la \u00a0sentencia \u00a0 impugnada \u00a0 y, \u00a0por \u00a0lo \u00a0mismo, \u00a0dictar \u00a0el \u00a0fallo \u00a0que \u00a0en \u00a0derecho \u00a0corresponda. \u00a0\u00a0<\/p>\n<p>\u00a0 \u00a0<\/p>\n<p>CONSIDERACIONES DE LA CORTE \u00a0<\/p>\n<p>1.\u00a0 \u00a0En el sistema procesal de 2004, la \u00a0casaci\u00f3n \u00a0se \u00a0concibe \u00a0como \u00a0un \u00a0medio \u00a0de \u00a0control \u00a0constitucional y legal que \u00a0procede \u00a0contra \u00a0las \u00a0sentencias \u00a0dictadas \u00a0en segunda instancia en los procesos \u00a0adelantados \u00a0por \u00a0delitos \u00a0cuando \u00a0afectan \u00a0derechos \u00a0o \u00a0garant\u00edas \u00a0procesales. \u00a0\u00a0<\/p>\n<p>De \u00a0manera \u00a0que \u00a0se \u00a0puede \u00a0colegir que este \u00a0recurso \u00a0fue \u00a0concebido como control constitucional, dada la funci\u00f3n que ejerce \u00a0la \u00a0Corte \u00a0Suprema \u00a0de \u00a0Justicia como Tribunal de Casaci\u00f3n, seg\u00fan lo prev\u00e9 el \u00a0art\u00edculo \u00a0235 \u00a0de \u00a0la \u00a0Carta \u00a0y, \u00a0por ende, guardiana de los fines primordiales \u00a0contemplados en el art\u00edculo 180 de la Ley 906 de 2004. \u00a0\u00a0<\/p>\n<p>De acuerdo con lo que estatuye la citada Ley \u00a0906, \u00a0para \u00a0que la demanda sea admitida se requiere que el libelista, adem\u00e1s de \u00a0contar \u00a0con \u00a0inter\u00e9s,\u00a0 \u00a0acredite \u00a0la \u00a0afectaci\u00f3n de derechos o garant\u00edas \u00a0fundamentales, \u00a0para \u00a0lo \u00a0cual \u00a0tambi\u00e9n \u00a0deber\u00e1 \u00a0formular \u00a0y \u00a0desarrollar \u00a0los \u00a0correspondientes\u00a0 \u00a0cargos\u00a0 \u00a0y,\u00a0 \u00a0por\u00a0 supuesto, demostrar la \u00a0necesidad \u00a0de \u00a0intervenci\u00f3n \u00a0de \u00a0la \u00a0Corte \u00a0para \u00a0lograr \u00a0algunos \u00a0de los fines \u00a0establecidos \u00a0para \u00a0la \u00a0casaci\u00f3n, seg\u00fan lo previsto en el art\u00edculo 180 de esa \u00a0normatividad, \u00a0es \u00a0decir, la efectividad del derecho material, el respeto de las \u00a0garant\u00edas \u00a0de \u00a0los \u00a0intervinientes, la reparaci\u00f3n de los agravios sufridos por \u00a0\u00e9stos \u00a0y \u00a0la \u00a0unificaci\u00f3n de la jurisprudencia, prop\u00f3sitos que, como lo tiene \u00a0dicho \u00a0la \u00a0Sala, \u00a0son \u00a0los \u00a0mismos \u00a0del \u00a0proceso \u00a0penal, \u00a0lo que explica que las \u00a0causales \u00a0 de \u00a0 casaci\u00f3n \u00a0 tengan \u00a0 un \u00a0 dise\u00f1o \u00a0 dirigido \u00a0 a \u00a0 lograr \u00a0 esos \u00a0fines. \u00a0\u00a0<\/p>\n<p>Por\u00a0 \u00a0 ello,\u00a0 \u00a0 \u201cel\u00a0 \u00a0 \u00a0 \u00a0 recurso\u00a0 \u00a0 \u00a0 \u00a0extraordinario\u00a0 \u00a0 \u00a0 \u00a0de\u00a0 \u00a0casaci\u00f3n\u00a0 \u00a0no\u00a0 \u00a0puede\u00a0 \u00a0ser interpretado s\u00f3lo desde, por y para \u00a0las \u00a0causales, \u00a0sino \u00a0tambi\u00e9n \u00a0desde \u00a0sus \u00a0fines, \u00a0con \u00a0lo \u00a0cual \u00a0adquiere \u00a0una \u00a0axiolog\u00eda \u00a0mayor \u00a0vinculada \u00a0con \u00a0los \u00a0prop\u00f3sitos \u00a0del \u00a0proceso penal y con el \u00a0modelo \u00a0 \u00a0 de \u00a0 \u00a0 Estado \u00a0 \u00a0en \u00a0 \u00a0el \u00a0 \u00a0que \u00a0 \u00a0\u00e9l \u00a0 \u00a0se \u00a0 \u00a0inscribe. \u00a0\u00a0<\/p>\n<p>\u201cEn \u00a0 otros \u00a0t\u00e9rminos, \u00a0las \u00a0causales \u00a0determinan \u00a0la \u00a0forma \u00a0en \u00a0que \u00a0procede \u00a0denunciar la \u00a0ilegalidad \u00a0o \u00a0inconstitucionalidad \u00a0del \u00a0fallo \u00a0y \u00a0de \u00a0conducir el debate\u00a0 \u00a0en\u00a0 \u00a0 sede\u00a0 \u00a0 extraordinaria,\u00a0 \u00a0pero\u00a0 \u00a0ellas\u00a0 \u00a0no\u00a0 \u00a0son\u00a0 \u00a0un\u00a0 \u00a0fin\u00a0 \u00a0en\u00a0 \u00a0s\u00ed\u00a0 mismo para la viabilidad del \u00a0recurso, \u00a0 \u00a0pues \u00a0 \u00a0\u00e9sta \u00a0 \u00a0debe \u00a0 \u00a0determinarse \u00a0 \u00a0por \u00a0 la \u00a0 manifiesta\u00a0 \u00a0configuraci\u00f3n\u00a0 \u00a0de\u00a0 uno\u00a0 o\u00a0 varios\u00a0 de\u00a0 los\u00a0 \u00a0motivos \u00a0normativamente \u00a0establecidos \u00a0para \u00a0lograr \u00a0el \u00a0desquiciamiento \u00a0de \u00a0la \u00a0decisi\u00f3n impugnada. \u00a0\u00a0<\/p>\n<p>\u201cClaro \u00a0que \u00a0por \u00a0raz\u00f3n \u00a0de esto no puede llegar a entenderse que el recurso haya sido morigerado \u00a0en \u00a0extremo, \u00a0al \u00a0punto de quedar librado a la simple voluntad de las partes sin \u00a0referencia \u00a0a \u00a0ning\u00fan \u00a0par\u00e1metro \u00a0legal, \u00a0y \u00a0que \u00a0se convierta en una f\u00f3rmula \u00a0abierta \u00a0 para \u00a0controvertir \u00a0sin \u00a0m\u00e1s \u00a0las \u00a0decisiones \u00a0judiciales \u00a0seg\u00fan \u00a0el \u00a0albedr\u00edo \u00a0del \u00a0casacionista, \u00a0lo \u00a0cual \u00a0repugna \u00a0a la noci\u00f3n de debido proceso \u00a0constitucional, \u00a0pues \u00a0la \u00a0admisibilidad \u00a0al \u00a0tr\u00e1mite \u00a0y \u00a0la \u00a0prosperidad de la \u00a0pretensi\u00f3n \u00a0queda condicionada a la demostraci\u00f3n del inter\u00e9s en el censor, la \u00a0correcta \u00a0selecci\u00f3n \u00a0de \u00a0las \u00a0causales, la coherencia de los\u00a0 cargos\u00a0 \u00a0que\u00a0 \u00a0a\u00a0 \u00a0su\u00a0 \u00a0amparo\u00a0 \u00a0pretenda\u00a0 aducir,\u00a0 y\u00a0 \u00a0la\u00a0 \u00a0debida \u00a0fundamentaci\u00f3n \u00a0f\u00e1ctica y jur\u00eddica de \u00e9stos, adem\u00e1s de la \u00a0necesidad \u00a0de \u00a0acreditar \u00a0c\u00f3mo con su estudio se cumplir\u00e1n uno o varios de los \u00a0fines \u00a0de \u00a0la casaci\u00f3n\u201d.1 \u00a0\u00a0<\/p>\n<p>En consecuencia, el recurso extraordinario no \u00a0es \u00a0un \u00a0instrumento \u00a0que \u00a0permita \u00a0continuar \u00a0con el debate f\u00e1ctico y jur\u00eddico \u00a0llevado \u00a0a \u00a0cabo \u00a0en \u00a0el \u00a0agotado \u00a0proceso, \u00a0raz\u00f3n por la cual no es procedente \u00a0realizar \u00a0toda \u00a0clase \u00a0de cuestionamientos a manera de instancia adicional a las \u00a0ordinarias \u00a0del tr\u00e1mite, sino que debe ser un escrito claro, l\u00f3gico, coherente \u00a0y \u00a0sistem\u00e1tico \u00a0en \u00a0el \u00a0que, \u00a0al \u00a0tenor \u00a0de los motivos expresa y taxativamente \u00a0se\u00f1alados \u00a0 en \u00a0 la \u00a0ley, \u00a0se \u00a0denuncian \u00a0errores \u00a0bien \u00a0sea \u00a0de \u00a0juicio \u00a0o \u00a0de \u00a0procedimiento \u00a0en \u00a0que \u00a0haya \u00a0podido \u00a0incurrir \u00a0el \u00a0sentenciador, \u00a0procediendo a \u00a0demostrarlos \u00a0dial\u00e9cticamente \u00a0y \u00a0evidenciando \u00a0su \u00a0trascendencia, \u00a0para de esa \u00a0manera \u00a0concluir \u00a0que \u00a0la \u00a0sentencia no es acorde con el ordenamiento jur\u00eddico, \u00a0cuya desvirtuaci\u00f3n, se reitera, compete al libelista. \u00a0\u00a0<\/p>\n<p>2. En el evento que ocupa la atenci\u00f3n de la \u00a0Sala, \u00a0surge \u00a0n\u00edtido que el censor no cumpli\u00f3 con los anteriores presupuestos, \u00a0en \u00a0tanto \u00a0que \u00a0no \u00a0demostr\u00f3 la existencia del vicio y, menos, los conect\u00f3 con \u00a0los \u00a0fines \u00a0que informan la casaci\u00f3n de acuerdo con el sistema consagrado en la \u00a0Ley 906 de 2004. \u00a0\u00a0<\/p>\n<p>En primer lugar, surge oportuno recordar que \u00a0este \u00a0recurso \u00a0fue \u00a0estatuido \u00a0para \u00a0denunciar \u00a0vicios de derecho o de actividad \u00a0cometidos \u00a0en la construcci\u00f3n de la sentencia o en el tr\u00e1mite judicial, seg\u00fan \u00a0el \u00a0caso. \u00a0De ah\u00ed que le compete al casacionista que postule el yerro a trav\u00e9s \u00a0de \u00a0las \u00a0causales de casaci\u00f3n contempladas para el efecto, demostrando c\u00f3mo el \u00a0mismo \u00a0logra \u00a0resquebrajar \u00a0el fallo, al punto que se impone su quebrantamiento, \u00a0con \u00a0el objeto de cumplir con los fines estatuidos en el art\u00edculo 180 de la Ley \u00a0906 de 2004. \u00a0\u00a0<\/p>\n<p>Vale \u00a0recalcar \u00a0que \u00a0la \u00a0casaci\u00f3n \u00a0no es el \u00a0escenario \u00a0natural\u00a0 \u00a0para \u00a0increpar el grado de estimaci\u00f3n probatoria sino \u00a0para \u00a0denunciar \u00a0los \u00a0anteriores \u00a0vicios, \u00a0en \u00a0la \u00a0medida en que se trata de una \u00a0impugnaci\u00f3n \u00a0 de \u00a0 car\u00e1cter \u00a0 rogada, \u00a0 correspondi\u00e9ndole \u00a0 al \u00a0libelista \u00a0la \u00a0postulaci\u00f3n \u00a0del \u00a0vicio \u00a0y \u00a0la \u00a0demostraci\u00f3n \u00a0del \u00a0mismo frente a las plurales \u00a0conclusiones adoptadas en el fallo. \u00a0\u00a0<\/p>\n<p>En lo relativo a los presupuestos de l\u00f3gica \u00a0y \u00a0debida \u00a0fundamentaci\u00f3n \u00a0de la nulidad la Sala ha puntualizado que si bien la \u00a0acreditaci\u00f3n \u00a0 de \u00a0 esta \u00a0 causal \u00a0 de \u00a0casaci\u00f3n \u00a0es \u00a0menos \u00a0exigente \u00a0que \u00a0la \u00a0demostraci\u00f3n \u00a0de \u00a0las otras, lo cierto es que impone al demandante proceder con \u00a0precisi\u00f3n, \u00a0 claridad \u00a0y \u00a0nitidez \u00a0a \u00a0identificar \u00a0la \u00a0clase \u00a0de \u00a0irregularidad \u00a0sustancial \u00a0que \u00a0determina la invalidaci\u00f3n, plantear sus fundamentos f\u00e1cticos, \u00a0indicar \u00a0los \u00a0preceptos \u00a0que \u00a0considera \u00a0conculcados \u00a0y expresar la raz\u00f3n de su \u00a0quebranto, \u00a0especificar el l\u00edmite de la actuaci\u00f3n a partir del cual se produjo \u00a0el \u00a0vicio, \u00a0as\u00ed como la cobertura de la nulidad, demostrar que procesalmente no \u00a0existe \u00a0manera diversa de restablecer el derecho afectado y, lo m\u00e1s importante, \u00a0evidenciar \u00a0que \u00a0la \u00a0anomal\u00eda denunciada tuvo injerencia perjudicial y decisiva \u00a0en \u00a0la \u00a0declaraci\u00f3n \u00a0de \u00a0justicia contenida en el fallo impugnado (principio de \u00a0trascendencia), \u00a0dado \u00a0que \u00a0este \u00a0recurso \u00a0extraordinario \u00a0no \u00a0puede fundarse en \u00a0especulaciones, \u00a0 conjeturas, \u00a0 afirmaciones \u00a0carentes \u00a0de \u00a0demostraci\u00f3n \u00a0o \u00a0en \u00a0situaciones ausentes de quebranto. \u00a0\u00a0<\/p>\n<p>De \u00a0otro \u00a0lado, \u00a0los errores en la actividad \u00a0probatoria \u00a0pueden \u00a0tener \u00a0como \u00a0g\u00e9nesis \u00a0yerros \u00a0de \u00a0hecho \u00a0o \u00a0de derecho. Los \u00a0primeros, \u00a0relacionados \u00a0con \u00a0la \u00a0contemplaci\u00f3n \u00a0o \u00a0apreciaci\u00f3n \u00a0del \u00a0medio de \u00a0prueba, \u00a0en tanto que se excluye un medio de convicci\u00f3n allegado validamente al \u00a0juicio \u00a0oral \u00a0o, \u00a0se supone otro que no desfil\u00f3 en el debate, que se tergiversa \u00a0su \u00a0contenido material haci\u00e9ndose derivar una verdad que no emerge del mismo o, \u00a0cuando \u00a0se \u00a0aprecia \u00a0en \u00a0abierta contrariedad con las reglas que rigen a la sana \u00a0cr\u00edtica. \u00a0\u00a0<\/p>\n<p>En \u00a0cambio, el error de derecho se configura \u00a0en \u00a0dos momentos, a saber: cuando en el proceso de producci\u00f3n y aducci\u00f3n de la \u00a0prueba \u00a0se \u00a0desconoce el rito establecido en la ley que condiciona su validez, y \u00a0cuando \u00a0el \u00a0juzgador \u00a0al \u00a0valorar \u00a0la \u00a0probanza \u00a0se aparta de la tarifa legal de \u00a0pruebas o se inventa una que no regula la ley. \u00a0\u00a0<\/p>\n<p>As\u00ed mismo, en el punto de la postulaci\u00f3n de \u00a0la \u00a0censura \u00a0el \u00a0actor \u00a0debe \u00a0ense\u00f1ar \u00a0a la Corte la clase del error y el falso \u00a0juicio \u00a0que \u00a0lo \u00a0determin\u00f3. \u00a0De \u00a0igual \u00a0manera, respecto a la trascendencia del \u00a0vicio, \u00a0debe \u00a0evidenciar c\u00f3mo los medios de prueba de haber sido incorporados y \u00a0valorados \u00a0correctamente, \u00a0necesariamente \u00a0el fallo habr\u00eda sido favorable a los \u00a0intereses que representa. \u00a0\u00a0<\/p>\n<p>Y, por \u00faltimo, tambi\u00e9n deb\u00eda indicar a la \u00a0Corte \u00a0c\u00f3mo \u00a0el \u00a0mentado vicio incidi\u00f3 en la aplicaci\u00f3n del derecho, esto es, \u00a0que \u00a0se \u00a0seleccion\u00f3 \u00a0una norma que no era la llamada a gobernar el asunto\u00a0 \u00a0o, \u00a0que \u00a0se \u00a0excluy\u00f3 \u00a0otra que s\u00ed resolv\u00eda todos los extremos de la relaci\u00f3n \u00a0jur\u00eddico-procesal. \u00a0\u00a0<\/p>\n<p>En \u00a0 lo \u00a0 que \u00a0 ata\u00f1e \u00a0 al \u00a0 primer \u00a0cargo que el libelista postula por \u00a0la \u00a0v\u00eda \u00a0de \u00a0la \u00a0causal \u00a0segunda \u00a0de \u00a0casaci\u00f3n por una presunta violaci\u00f3n del \u00a0debido \u00a0proceso, \u00a0por \u00a0cuanto \u00a0el \u00a0juez \u00a0de \u00a0primera \u00a0instancia \u00a0hab\u00eda conocido \u00a0previamente \u00a0del \u00a0recurso \u00a0apelaci\u00f3n \u00a0interpuesto contra la providencia dictada \u00a0por \u00a0el \u00a0juez \u00a0de \u00a0control \u00a0de \u00a0garant\u00edas \u00a0mediante la cual se impuso medida de \u00a0aseguramiento \u00a0de \u00a0detenci\u00f3n \u00a0preventiva en contra del acusado, el libelista lo \u00a0dej\u00f3 \u00a0a \u00a0mitad \u00a0de \u00a0camino, \u00a0en \u00a0la \u00a0medida \u00a0en \u00a0que no demostr\u00f3 que el citado \u00a0funcionario \u00a0 judicial \u00a0 al \u00a0 desatar \u00a0 dicha \u00a0 impugnaci\u00f3n \u00a0 comprometi\u00f3 \u00a0 su \u00a0imparcialidad y perturbo su objetividad para resolver el litigio. \u00a0\u00a0<\/p>\n<p>Como \u00a0lo \u00a0ha \u00a0dicho \u00a0la jurisprudencia de la \u00a0Corte, \u00a0los \u00a0motivos \u00a0de \u00a0exclusi\u00f3n de funcionarios judiciales del conocimiento \u00a0del \u00a0asunto, \u00a0como figuras jur\u00eddicas instituidas para garantizar la objetividad \u00a0e \u00a0independencia \u00a0en la funci\u00f3n de administrar justicia, de manera reiterada ha \u00a0precisado \u00a0que \u00a0no \u00a0genera \u00a0nulidad \u00a0cuando un funcionario obligado a declararse \u00a0impedido \u00a0no \u00a0lo \u00a0hace\u00a0 \u00a0dado \u00a0que \u00a0los \u00a0intervinientes \u00a0pueden \u00a0acudir \u00a0al \u00a0instituto \u00a0de \u00a0la \u00a0recusaci\u00f3n, \u00a0am\u00e9n \u00a0de \u00a0mediar otros mecanismos de car\u00e1cter \u00a0disciplinario \u00a0 \u00a0 \u00a0 \u00a0 \u00a0 \u00a0y \u00a0 \u00a0 \u00a0 \u00a0 \u00a0 penal2. \u00a0\u00a0<\/p>\n<p>Como \u00a0 el \u00a0apoderado \u00a0de \u00a0la \u00a0v\u00edctima \u00a0no \u00a0evidenci\u00f3 \u00a0 que \u00a0el \u00a0desafuero \u00a0procesal \u00a0denunciado \u00a0produjo \u00a0unos \u00a0resultados \u00a0adversos \u00a0y \u00a0lesivos \u00a0a \u00a0los \u00a0intereses \u00a0y \u00a0derechos \u00a0del \u00a0incriminado, falencia \u00a0argumentativa \u00a0que \u00a0la \u00a0Corte \u00a0no \u00a0puede \u00a0enmendar, \u00a0en \u00a0virtud \u00a0al principio de \u00a0limitaci\u00f3n, la censura no ser\u00e1 admitida. \u00a0\u00a0<\/p>\n<p>Respecto al segundo \u00a0cargo \u00a0que \u00a0el libelista plantea por la causal tercera \u00a0de \u00a0casaci\u00f3n, \u00a0esto \u00a0es, \u00a0por \u00a0el sendero de la infracci\u00f3n indirecta de la ley \u00a0sustancial, \u00a0 varios \u00a0 reparos \u00a0 de \u00a0 l\u00f3gica \u00a0 y \u00a0debida \u00a0fundamentacion \u00a0deben \u00a0hacerse: \u00a0\u00a0<\/p>\n<p>En primer t\u00e9rmino, no se\u00f1al\u00f3 cu\u00e1l fue la \u00a0clase \u00a0de \u00a0error \u00a0que \u00a0cometi\u00f3 el sentenciador en el acto de apreciaci\u00f3n de la \u00a0prueba, as\u00ed como tampoco el falso juicio que lo determin\u00f3. \u00a0\u00a0<\/p>\n<p>Del \u00a0mismo \u00a0modo, \u00a0de \u00a0las \u00a0argumentaciones \u00a0expuestas \u00a0no \u00a0se \u00a0puede \u00a0inferir \u00a0el \u00a0anterior \u00a0presupuesto\u00a0 \u00a0y \u00a0menos \u00a0la \u00a0existencia \u00a0de \u00a0un \u00a0vicio \u00a0que \u00a0lleve \u00a0a \u00a0la \u00a0Sala a intervenir como Tribunal de \u00a0casaci\u00f3n. \u00a0\u00a0<\/p>\n<p>De otro lado, se colige que la inconformidad \u00a0del \u00a0demandante \u00a0radica \u00a0en el m\u00e9rito dado a la testigo de cargo, circunstancia \u00a0esta \u00a0que, \u00a0como \u00a0se sabe, no constituye vicio para ser postulado en esta sede a \u00a0menos \u00a0que \u00a0se \u00a0concluya \u00a0la \u00a0violaci\u00f3n \u00a0de \u00a0las \u00a0leyes \u00a0que informan a la sana \u00a0cr\u00edtica, \u00a0 \u00a0 \u00a0 \u00a0 \u00a0 \u00a0 \u00a0evento \u00a0 \u00a0 \u00a0 \u00a0 \u00a0 \u00a0 \u00a0que \u00a0 \u00a0 \u00a0 \u00a0 \u00a0 \u00a0 \u00a0aqu\u00ed \u00a0 \u00a0 \u00a0 \u00a0 \u00a0 \u00a0 no \u00a0ocurri\u00f3.\u00a0\u00a0\u00a0\u00a0\u00a0\u00a0\u00a0 \u00a0\u00a0<\/p>\n<p>En \u00a0el supuesto que ocupa la atenci\u00f3n de la \u00a0Sala \u00a0resulta \u00a0claro \u00a0que \u00a0el \u00a0cargo \u00a0se \u00a0fundamenta \u00a0con \u00a0el fin de cuestionar, \u00a0contrario \u00a0a \u00a0lo \u00a0se\u00f1alado \u00a0por \u00a0las \u00a0instancias, \u00a0que \u00a0el \u00a0acusado no pudo ser \u00a0identificado \u00a0por \u00a0la \u00a0testigo \u00a0de cargo por cuanto no compareci\u00f3 al acto de la \u00a0audiencia p\u00fablica. \u00a0\u00a0<\/p>\n<p>Empero, \u00a0de ese supuesto no se puede colegir \u00a0que \u00a0los \u00a0falladores de instancia hubiesen incurrido en un error de apreciaci\u00f3n \u00a0probatoria, \u00a0m\u00e1xime cuando el propio libelista se\u00f1ala que comparecer o no a la \u00a0audiencia constituye un acto discrecional del acusado. \u00a0\u00a0<\/p>\n<p>As\u00ed, como est\u00e1 planteada la censura, surge \u00a0oportuno \u00a0reiterar \u00a0que \u00a0la \u00a0simple \u00a0discrepancia \u00a0de \u00a0criterios \u00a0no \u00a0constituye \u00a0argumento \u00a0suficiente \u00a0para acudir a esta sede, habida cuenta que, como se sabe, \u00a0la \u00a0sentencia \u00a0arriba \u00a0a la Corte amparada por la doble presunci\u00f3n de acierto y \u00a0legalidad, \u00a0presunci\u00f3n de hecho que s\u00f3lo se derrumba a trav\u00e9s de las causales \u00a0de \u00a0casaci\u00f3n \u00a0y \u00a0demostrando \u00a0la trascendencia del vicio respecto a la plurales \u00a0decisiones \u00a0adoptadas \u00a0en \u00a0el \u00a0fallo, \u00a0evento que aqu\u00ed no ocurri\u00f3.\u00a0\u00a0 \u00a0\u00a0<\/p>\n<p>De \u00a0tal manera, los cargos formulados contra \u00a0la \u00a0sentencia \u00a0no \u00a0re\u00fanen \u00a0los \u00a0requisitos de l\u00f3gica y debida fundamentaci\u00f3n, \u00a0como se anunci\u00f3, motivo por el cual se inadmitir\u00e1 la demanda. \u00a0\u00a0<\/p>\n<p>Resta\u00a0 se\u00f1alar\u00a0 que\u00a0 no\u00a0 \u00a0se\u00a0 \u00a0 observa\u00a0 \u00a0que\u00a0 \u00a0con\u00a0 \u00a0ocasi\u00f3n\u00a0 \u00a0del\u00a0 \u00a0fallo \u00a0impugnado \u00a0o \u00a0dentro \u00a0de la actuaci\u00f3n se violaron los derechos o las garant\u00edas \u00a0de \u00a0los \u00a0intervinientes, \u00a0como \u00a0para \u00a0que \u00a0tal circunstancia\u00a0 imponga\u00a0 \u00a0superar\u00a0 \u00a0 los\u00a0 \u00a0 defectos\u00a0 \u00a0 del\u00a0 \u00a0libelo\u00a0 \u00a0para\u00a0 \u00a0decidir\u00a0 \u00a0de \u00a0fondo,\u00a0 \u00a0seg\u00fan\u00a0 \u00a0lo\u00a0 \u00a0dispone\u00a0 \u00a0el\u00a0 \u00a0inciso\u00a0 \u00a03\u00b0\u00a0 \u00a0del\u00a0 \u00a0art\u00edculo\u00a0 \u00a0184\u00a0 de\u00a0 la\u00a0 \u00a0Ley\u00a0 906 de\u00a0 2004. \u00a0\u00a0<\/p>\n<p>Acotaci\u00f3n final \u00a0<\/p>\n<p>Habida \u00a0cuenta \u00a0que \u00a0contra \u00a0la decisi\u00f3n de \u00a0inadmitir \u00a0la \u00a0demanda \u00a0de \u00a0casaci\u00f3n \u00a0presentada \u00a0a \u00a0nombre del apoderado de la \u00a0v\u00edctima procede el mecanismo \u00a0de \u00a0insistencia \u00a0de conformidad con lo establecido en el art\u00edculo 186 de la Ley \u00a0906 \u00a0de \u00a02004, impera precisar que como dicha legislaci\u00f3n no regula el tr\u00e1mite \u00a0a \u00a0seguir \u00a0para \u00a0que \u00a0se \u00a0aplique \u00a0el \u00a0referido \u00a0instituto \u00a0procesal, la Sala ha \u00a0definido \u00a0las \u00a0reglas \u00a0que \u00a0habr\u00e1n de seguirse para su aplicaci\u00f3n,3 \u00a0 \u00a0como \u00a0sigue: \u00a0\u00a0<\/p>\n<p>a)\u00a0 \u00a0La \u00a0insistencia \u00a0es \u00a0un \u00a0mecanismo \u00a0especial \u00a0que \u00a0s\u00f3lo \u00a0puede ser promovido por el demandante, dentro de los cinco \u00a0(5) \u00a0d\u00edas \u00a0siguientes \u00a0a \u00a0la \u00a0notificaci\u00f3n de la providencia por cuyo medio la \u00a0Sala \u00a0decida \u00a0no seleccionar la demanda de casaci\u00f3n, con el fin de provocar que \u00a0\u00e9sta \u00a0 reconsidere \u00a0 lo \u00a0 decidido. \u00a0 Tambi\u00e9n\u00a0 \u00a0 podr\u00e1\u00a0 \u00a0 ser\u00a0 \u00a0provocado\u00a0 \u00a0oficiosamente\u00a0 dentro\u00a0 del\u00a0 mismo\u00a0 t\u00e9rmino \u00a0por \u00a0alguno \u00a0de \u00a0los \u00a0Delegados \u00a0del Ministerio P\u00fablico para la Casaci\u00f3n\u00a0 \u00a0Penal\u00a0 \u00a0\u2013siempre\u00a0 \u00a0que\u00a0 \u00a0el\u00a0 \u00a0recurso\u00a0 no\u00a0 hubiera\u00a0 sido\u00a0 interpuesto \u00a0por\u00a0 \u00a0 \u00a0 \u00a0 \u00a0 el\u00a0 \u00a0 \u00a0 \u00a0 \u00a0 Procurador\u00a0 \u00a0 \u00a0 \u00a0 \u00a0 Judicial\u2013,\u00a0 \u00a0 el\u00a0 \u00a0 Magistrado\u00a0 \u00a0disidente\u00a0 \u00a0o\u00a0 \u00a0el\u00a0 \u00a0Magistrado \u00a0que \u00a0no \u00a0haya participado en los \u00a0debates y suscrito la providencia inadmisoria. \u00a0\u00a0<\/p>\n<p>b)\u00a0 \u00a0La \u00a0solicitud de insistencia puede \u00a0elevarse \u00a0ante \u00a0el \u00a0Ministerio \u00a0P\u00fablico, \u00a0a \u00a0trav\u00e9s \u00a0de \u00a0sus Delegados para la \u00a0Casaci\u00f3n \u00a0Penal, o ante uno de los Magistrados que hayan salvado voto en cuanto \u00a0a \u00a0la \u00a0decisi\u00f3n \u00a0mayoritaria \u00a0de \u00a0inadmitir \u00a0la \u00a0demanda \u00a0o \u00a0ante \u00a0uno \u00a0de \u00a0los \u00a0Magistrados que no haya intervenido en la discusi\u00f3n. \u00a0\u00a0<\/p>\n<p>c)\u00a0 \u00a0Es \u00a0potestativo \u00a0del \u00a0Magistrado \u00a0disidente, \u00a0del \u00a0que \u00a0no \u00a0intervino en los debates o del Delegado del Ministerio \u00a0P\u00fablico \u00a0ante \u00a0quien \u00a0se \u00a0formula la insistencia, optar por someter el asunto a \u00a0consideraci\u00f3n \u00a0de la Sala o no presentarlo para su revisi\u00f3n, evento \u00faltimo en \u00a0que \u00a0 informar\u00e1 \u00a0 de \u00a0 ello \u00a0 al \u00a0peticionario \u00a0en \u00a0un \u00a0plazo \u00a0de \u00a0quince \u00a0(15) \u00a0d\u00edas. \u00a0\u00a0<\/p>\n<p>d)\u00a0 \u00a0El \u00a0auto \u00a0a trav\u00e9s del cual no se \u00a0selecciona \u00a0la \u00a0demanda \u00a0de \u00a0casaci\u00f3n \u00a0trae \u00a0como consecuencia la firmeza de la \u00a0sentencia \u00a0de \u00a0segunda \u00a0instancia \u00a0contra \u00a0la \u00a0cual \u00a0se \u00a0formul\u00f3 \u00a0el recurso de \u00a0casaci\u00f3n, \u00a0salvo \u00a0que \u00a0la \u00a0insistencia prospere y conlleve a la admisi\u00f3n de la \u00a0demanda. \u00a0\u00a0<\/p>\n<p>En \u00a0m\u00e9rito de lo expuesto, la CORTE \u00a0SUPREMA \u00a0DE JUSTICIA, SALA DE CASACI\u00d3N PENAL, \u00a0\u00a0<\/p>\n<p>R \u00a0 E \u00a0S \u00a0U \u00a0E \u00a0L \u00a0V \u00a0E \u00a0\u00a0<\/p>\n<p>INADMITIR\u00a0 \u00a0la \u00a0demanda de casaci\u00f3n presentada por el apoderado de \u00a0la v\u00edctima. \u00a0\u00a0<\/p>\n<p>De\u00a0 \u00a0conformidad\u00a0 con lo dispuesto \u00a0en \u00a0el \u00a0art\u00edculo \u00a0184 \u00a0de \u00a0la \u00a0Ley 906 de 2004, es viable la interposici\u00f3n del \u00a0mecanismo \u00a0de \u00a0insistencia \u00a0en \u00a0los \u00a0t\u00e9rminos \u00a0precisados\u00a0 \u00a0atr\u00e1s \u00a0por la \u00a0Sala. \u00a0\u00a0<\/p>\n<p>C\u00f3piese, \u00a0 \u00a0 \u00a0notif\u00edquese \u00a0 \u00a0 \u00a0y \u00a0c\u00famplase. \u00a0\u00a0<\/p>\n<p>COMISI\u00d3N DE SERVICIO \u00a0<\/p>\n<p>MARIA \u00a0 DEL \u00a0 ROSARIO \u00a0 GONZ\u00c1LEZ \u00a0 DE \u00a0LEMOS \u00a0\u00a0<\/p>\n<p>\u00a0 \u00a0\u00a0 \u00a0 \u00a0 \u00a0 \u00a0 \u00a0 \u00a0\u00a0 \u00a0 \u00a0 \u00a0 \u00a0\u00a0 \u00a0 \u00a0 \u00a0 \u00a0\u00a0 \u00a0 \u00a0 \u00a0 \u00a0PERMISO \u00a0\u00a0<\/p>\n<p>JOS\u00c9 LEONIDAS BUSTOS MART\u00cdNEZ \u00a0\u00a0 \u00a0\u00a0 \u00a0\u00a0 \u00a0\u00a0 \u00a0\u00a0 \u00a0\u00a0 \u00a0 \u00a0\u00a0 \u00a0 \u00a0 \u00a0 \u00a0 \u00a0 \u00a0 \u00a0 \u00a0 \u00a0\u00a0SIGIFREDO ESPINOSA P\u00c9REZ \u00a0\u00a0<\/p>\n<p>\u00a0 \u00a0\u00a0 \u00a0 \u00a0\u00a0\u00a0\u00a0\u00a0\u00a0\u00a0\u00a0 PERMISO \u00a0\u00a0<\/p>\n<p>ALFREDO \u00a0 G\u00d3MEZ \u00a0 QUINTERO \u00a0\u00a0 \u00a0\u00a0 \u00a0\u00a0 \u00a0\u00a0 \u00a0\u00a0 \u00a0\u00a0 \u00a0 \u00a0\u00a0 \u00a0 \u00a0 \u00a0 \u00a0 \u00a0 \u00a0 \u00a0 \u00a0 \u00a0\u00a0 \u00a0 \u00a0 \u00a0 \u00a0 \u00a0\u00a0 \u00a0\u00a0AUGUSTO \u00a0J. IBA\u00d1EZ GUZM\u00c1N \u00a0 \u00a0 \u00a0\u00a0 \u00a0 \u00a0\u00a0<\/p>\n<p>JORGE \u00a0LUIS \u00a0QUINTERO MILAN\u00c9S \u00a0\u00a0 \u00a0\u00a0 \u00a0\u00a0 \u00a0\u00a0 \u00a0\u00a0 \u00a0\u00a0 \u00a0 \u00a0\u00a0 \u00a0 \u00a0\u00a0JULIO \u00a0 \u00a0ENRIQUE \u00a0 \u00a0SOCHA \u00a0SALAMANCA \u00a0\u00a0<\/p>\n<p>JAVIER\u00a0 ZAPATA ORTIZ \u00a0<\/p>\n<p>\u00a0 \u00a0\u00a0 \u00a0 \u00a0 \u00a0\u00a0 \u00a0\u00a0 \u00a0\u00a0 \u00a0\u00a0 \u00a0\u00a0 \u00a0\u00a0 \u00a0 \u00a0\u00a0 \u00a0 \u00a0 \u00a0 \u00a0 \u00a0 \u00a0 \u00a0 \u00a0 \u00a0\u00a0 \u00a0 \u00a0 \u00a0 \u00a0 \u00a0\u00a0 \u00a0\u00a0 \u00a0\u00a0 \u00a0\u00a0 \u00a0\u00a0 \u00a0\u00a0 \u00a0\u00a0 \u00a0\u00a0 \u00a0 \u00a0\u00a0 \u00a0 \u00a0 \u00a0 \u00a0 \u00a0 \u00a0 \u00a0 \u00a0 \u00a0\u00a0 \u00a0 \u00a0 \u00a0 \u00a0 \u00a0\u00a0 \u00a0\u00a0 \u00a0 \u00a0 \u00a0 \u00a0 \u00a0\u00a0<\/p>\n<p>TERESA RUIZ NU\u00d1EZ \u00a0<\/p>\n<p>Secretaria \u00a0 \u00a0<\/p>\n<p>1 \u00a0Casaci\u00f3n \u00a024026 \u00a0del 20 de octubre de 2005, casaci\u00f3n 24610 del 12 de diciembre \u00a0de 2005, entre otras. \u00a0\u00a0<\/p>\n<p>2 \u00a0Casaci\u00f3n\u00a0 del 9 de marzo de 2010. Radicado 28545. \u00a0\u00a0<\/p>\n<p>3 \u00a0Providencia del 12 de diciembre de 2005. Rad. 24322. \u00a0 \u00a0\u00a0<\/p>\n<p><\/p>\n","protected":false},"excerpt":{"rendered":"<p>\u00a0 \u00a0 Proceso n.\u00ba 34964 \u00a0 CORTE SUPREMA DE JUSTICIA \u00a0 SALA DE CASACION PENAL \u00a0 Magistrado Ponente: \u00a0 JORGE LUIS QUINTERO MILAN\u00c9S \u00a0 Aprobado acta N\u00ba 371 \u00a0 Bogot\u00e1, D. C., diecisiete (17) de noviembre \u00a0de dos mil diez (2010) \u00a0\u00a0 VISTOS \u00a0 La \u00a0Corte \u00a0resuelve \u00a0la \u00a0admisibilidad de la \u00a0demanda \u00a0de \u00a0casaci\u00f3n \u00a0presentada [&hellip;]<\/p>\n","protected":false},"author":1,"featured_media":0,"comment_status":"open","ping_status":"open","sticky":false,"template":"","format":"standard","meta":{"footnotes":""},"categories":[18],"tags":[],"class_list":["post-21446","post","type-post","status-publish","format-standard","hentry","category-18"],"_links":{"self":[{"href":"https:\/\/dmsjuridica.com\/buscador_20179478954\/salapenalcronologico20230723\/wp-json\/wp\/v2\/posts\/21446","targetHints":{"allow":["GET"]}}],"collection":[{"href":"https:\/\/dmsjuridica.com\/buscador_20179478954\/salapenalcronologico20230723\/wp-json\/wp\/v2\/posts"}],"about":[{"href":"https:\/\/dmsjuridica.com\/buscador_20179478954\/salapenalcronologico20230723\/wp-json\/wp\/v2\/types\/post"}],"author":[{"embeddable":true,"href":"https:\/\/dmsjuridica.com\/buscador_20179478954\/salapenalcronologico20230723\/wp-json\/wp\/v2\/users\/1"}],"replies":[{"embeddable":true,"href":"https:\/\/dmsjuridica.com\/buscador_20179478954\/salapenalcronologico20230723\/wp-json\/wp\/v2\/comments?post=21446"}],"version-history":[{"count":0,"href":"https:\/\/dmsjuridica.com\/buscador_20179478954\/salapenalcronologico20230723\/wp-json\/wp\/v2\/posts\/21446\/revisions"}],"wp:attachment":[{"href":"https:\/\/dmsjuridica.com\/buscador_20179478954\/salapenalcronologico20230723\/wp-json\/wp\/v2\/media?parent=21446"}],"wp:term":[{"taxonomy":"category","embeddable":true,"href":"https:\/\/dmsjuridica.com\/buscador_20179478954\/salapenalcronologico20230723\/wp-json\/wp\/v2\/categories?post=21446"},{"taxonomy":"post_tag","embeddable":true,"href":"https:\/\/dmsjuridica.com\/buscador_20179478954\/salapenalcronologico20230723\/wp-json\/wp\/v2\/tags?post=21446"}],"curies":[{"name":"wp","href":"https:\/\/api.w.org\/{rel}","templated":true}]}}