{"id":21423,"date":"2023-09-11T22:55:22","date_gmt":"2023-09-11T22:55:22","guid":{"rendered":"https:\/\/dmsjuridica.com\/buscador_20179478954\/salapenalcronologico20230723\/2023\/09\/11\/3489506-10-10\/"},"modified":"2023-09-11T22:55:22","modified_gmt":"2023-09-11T22:55:22","slug":"3489506-10-10","status":"publish","type":"post","link":"https:\/\/dmsjuridica.com\/buscador_20179478954\/salapenalcronologico20230723\/2023\/09\/11\/3489506-10-10\/","title":{"rendered":"34895(06-10-10)"},"content":{"rendered":"\n<p>\u00a0 \u00a0 Proceso n.\u00ba 34895 \u00a0<\/p>\n<p>CORTE SUPREMA DE JUSTICIA \u00a0<\/p>\n<p>SALA DE CASACI\u00d3N PENAL \u00a0<\/p>\n<p>-SALA \u00a0 DE \u00a0 DECISI\u00d3N \u00a0 DE \u00a0 TUTELAS \u00a0 N\u00ba \u00a01- \u00a0\u00a0<\/p>\n<p>MAGISTRADO PONENTE \u00a0<\/p>\n<p>AUGUSTO \u00a0IB\u00c1\u00d1EZ GUZM\u00c1N \u00a0\u00a0<\/p>\n<p>APROBADO ACTA No\u00a0 321 \u00a0<\/p>\n<p>Bogot\u00e1, D. C., seis (6) de octubre de dos mil \u00a0diez (2010). \u00a0\u00a0<\/p>\n<p>ASUNTO \u00a0<\/p>\n<p>La \u00a0Sala \u00a0se \u00a0pronuncia acerca del recurso de \u00a0reposici\u00f3n \u00a0interpuesto \u00a0por \u00a0el procesado NIXON JAIME RAMOS MONTENEGRO, contra \u00a0la \u00a0providencia \u00a0del 15 de septiembre del a\u00f1o en curso, por medio de la cual se \u00a0inadmiti\u00f3 \u00a0 \u00a0la \u00a0 \u00a0demanda \u00a0 de \u00a0 revisi\u00f3n \u00a0 presentada \u00a0 por \u00a0 su \u00a0 apoderado \u00a0judicial. \u00a0\u00a0<\/p>\n<p>ANTECEDENTES Y CONSIDERACIONES \u00a0<\/p>\n<p>1. El 20 de octubre de 2005, el Juzgado Penal \u00a0del \u00a0Circuito \u00a0de \u00a0Barranquilla \u00a0absolvi\u00f3 a NIXON JAIME RAMOS MONTENEGRO de los \u00a0cargos \u00a0formulados \u00a0por \u00a0la \u00a0fiscal\u00eda \u00a0por el delito de extorsi\u00f3n agravada, en \u00a0aplicaci\u00f3n al principio in dubio pro reo. \u00a0\u00a0<\/p>\n<p>2. \u00a0El \u00a08 \u00a0de \u00a0febrero \u00a0de \u00a02006, el Tribunal \u00a0Superior \u00a0de \u00a0esta \u00a0ciudad, al resolver el recurso de apelaci\u00f3n interpuesto por \u00a0la \u00a0se\u00f1ora \u00a0Fiscal Segunda Especializada, revoc\u00f3 la decisi\u00f3n del A \u00a0quo \u00a0y, \u00a0en \u00a0consecuencia, le impuso la \u00a0pena \u00a0de \u00a0ciento \u00a0sesenta \u00a0y \u00a0nueve \u00a0(169) meses de prisi\u00f3n y multa de tres mil \u00a0(3000) \u00a0salarios \u00a0m\u00ednimos \u00a0legales mensuales vigentes, como autor de la aludida \u00a0conducta punible. \u00a0\u00a0<\/p>\n<p>3. \u00a0El 15 de septiembre del a\u00f1o en curso, la \u00a0Sala \u00a0inadmiti\u00f3 \u00a0la \u00a0demanda \u00a0de revisi\u00f3n presentada por el apoderado judicial \u00a0del \u00a0sentenciado \u00a0contra \u00a0el \u00a0fallo del Tribunal, por ausencia de los requisitos \u00a0legalmente \u00a0establecidos \u00a0para \u00a0la \u00a0procedencia \u00a0del \u00a0mecanismo, \u00a0en punto de la \u00a0causal 6\u00aa del art\u00edculo 192 de la Ley 906 de 2004. \u00a0\u00a0<\/p>\n<p>4. Realizadas las notificaciones de rigor, el \u00a0sentenciado \u00a0NIXON \u00a0JAIME \u00a0RAMOS \u00a0MONTENEGRO \u00a0manifest\u00f3 su deseo de recurrir la \u00a0anterior \u00a0decisi\u00f3n, \u00a0sin \u00a0que \u00a0en \u00a0ese \u00a0momento \u00a0ni \u00a0en el t\u00e9rmino de traslado \u00a0hubiese \u00a0expresado \u00a0las \u00a0razones\u00a0 \u00a0de \u00a0su discrepancia, situaci\u00f3n que hace \u00a0inoperante el recurso de reposici\u00f3n por falta de sustentaci\u00f3n. \u00a0\u00a0<\/p>\n<p>De \u00a0esa \u00a0manera, \u00a0incumpli\u00f3 \u00a0con \u00a0la \u00a0carga \u00a0procesal \u00a0de \u00a0demostrar \u00a0la \u00a0ocurrencia \u00a0de \u00a0alg\u00fan \u00a0error \u00a0de \u00a0orden f\u00e1ctico o \u00a0jur\u00eddico \u00a0que forzosamente conduzca a la revocatoria de la decisi\u00f3n censurada, \u00a0sin \u00a0que \u00a0para \u00a0ejercer \u00a0el \u00a0derecho \u00a0de \u00a0impugnaci\u00f3n, se muestre suficiente la \u00a0simple expresi\u00f3n del interesado. \u00a0\u00a0<\/p>\n<p>Recu\u00e9rdese \u00a0 que \u00a0 la \u00a0reposici\u00f3n \u00a0es \u00a0un \u00a0instrumento \u00a0al que pueden acudir los sujetos procesales para que el funcionario \u00a0judicial \u00a0reexamine \u00a0su \u00a0decisi\u00f3n con miras a corregir los desaciertos\u00a0 en \u00a0que \u00a0haya \u00a0podido \u00a0incurrir. \u00a0Para ese efecto, es menester que en el t\u00e9rmino de \u00a0ejecutoria, \u00a0el \u00a0recurrente \u00a0fundamente \u00a0el \u00a0recurso \u00a0para \u00a0que \u00a0el \u00a0funcionario \u00a0judicial examine las razones del disenso. \u00a0\u00a0<\/p>\n<p>Por \u00a0 consiguiente, \u00a0la \u00a0Corte \u00a0Suprema \u00a0de \u00a0Justicia, Sala de Casaci\u00f3n Penal, \u00a0\u00a0<\/p>\n<p>RESUELVE \u00a0<\/p>\n<p>DECLARAR DESIERTO el \u00a0recurso \u00a0 de \u00a0 reposici\u00f3n \u00a0interpuesto \u00a0por \u00a0el \u00a0procesado \u00a0NIXON \u00a0JAIME \u00a0RAMOS \u00a0MONTENEGRO, \u00a0contra \u00a0el \u00a0auto \u00a0del \u00a015 \u00a0de \u00a0septiembre \u00a0de \u00a02010, \u00a0por \u00a0falta de \u00a0sustentaci\u00f3n. \u00a0\u00a0<\/p>\n<p>Contra \u00a0esta \u00a0decisi\u00f3n \u00a0no \u00a0procede \u00a0ning\u00fan \u00a0recurso. \u00a0\u00a0<\/p>\n<p>Notif\u00edquese y c\u00famplase \u00a0<\/p>\n<p>MAR\u00cdA \u00a0 \u00a0DEL \u00a0 ROSARIO \u00a0 GONZ\u00c1LEZ \u00a0 DE \u00a0LEMOS \u00a0\u00a0<\/p>\n<p>\u00a0\u00a0\u00a0\u00a0\u00a0\u00a0\u00a0\u00a0\u00a0\u00a0 \u00a0COMISI\u00d2N DE SERVICIOS \u00a0\u00a0<\/p>\n<p>JOS\u00c9 \u00a0 \u00a0 \u00a0 LEONIDAS \u00a0 \u00a0 \u00a0 BUSTOS \u00a0MART\u00cdNEZ\u00a0\u00a0\u00a0\u00a0\u00a0\u00a0\u00a0\u00a0\u00a0\u00a0\u00a0\u00a0\u00a0\u00a0\u00a0\u00a0\u00a0\u00a0\u00a0\u00a0\u00a0\u00a0 \u00a0SIGIFREDO ESPINOSA P\u00c9REZ \u00a0\u00a0<\/p>\n<p>\u00a0\u00a0 \u00a0 \u00a0 \u00a0COMISI\u00d2N \u00a0 \u00a0 \u00a0DE \u00a0SERVICIOS \u00a0\u00a0<\/p>\n<p>ALFREDO \u00a0 \u00a0 \u00a0 \u00a0 \u00a0 G\u00d3MEZ \u00a0QUINTERO\u00a0\u00a0\u00a0\u00a0\u00a0\u00a0\u00a0\u00a0\u00a0\u00a0\u00a0\u00a0\u00a0\u00a0\u00a0\u00a0\u00a0\u00a0\u00a0\u00a0\u00a0\u00a0\u00a0\u00a0\u00a0\u00a0\u00a0\u00a0\u00a0 \u00a0AUGUSTO J. IBA\u00d1EZ GUZM\u00c1N \u00a0\u00a0<\/p>\n<p>JORGE \u00a0LUIS \u00a0QUINTERO \u00a0MIILANES\u00a0\u00a0\u00a0\u00a0\u00a0\u00a0\u00a0\u00a0\u00a0\u00a0\u00a0\u00a0\u00a0\u00a0\u00a0\u00a0\u00a0\u00a0\u00a0\u00a0\u00a0\u00a0\u00a0\u00a0\u00a0\u00a0\u00a0\u00a0\u00a0 \u00a0JULIO ENRIQUE SOCHA SALAMANCA \u00a0\u00a0<\/p>\n<p>\u00a0\u00a0\u00a0\u00a0\u00a0\u00a0\u00a0\u00a0\u00a0\u00a0\u00a0\u00a0\u00a0\u00a0\u00a0\u00a0\u00a0\u00a0\u00a0\u00a0\u00a0\u00a0\u00a0\u00a0\u00a0\u00a0\u00a0\u00a0\u00a0\u00a0\u00a0\u00a0\u00a0\u00a0\u00a0\u00a0\u00a0\u00a0\u00a0\u00a0\u00a0\u00a0\u00a0\u00a0\u00a0\u00a0\u00a0\u00a0\u00a0\u00a0\u00a0\u00a0\u00a0\u00a0\u00a0 \u00a0\u00a0<\/p>\n<p>JAVIER ZAPATA ORT\u00cdZ \u00a0<\/p>\n<p>TERESA RUIZ NU\u00d1EZ \u00a0<\/p>\n<p>Secretaria \u00a0<\/p>\n<p>\u00a0 \u00a0\u00a0<\/p>\n<p><\/p>\n","protected":false},"excerpt":{"rendered":"<p>\u00a0 \u00a0 Proceso n.\u00ba 34895 \u00a0 CORTE SUPREMA DE JUSTICIA \u00a0 SALA DE CASACI\u00d3N PENAL \u00a0 -SALA \u00a0 DE \u00a0 DECISI\u00d3N \u00a0 DE \u00a0 TUTELAS \u00a0 N\u00ba \u00a01- \u00a0\u00a0 MAGISTRADO PONENTE \u00a0 AUGUSTO \u00a0IB\u00c1\u00d1EZ GUZM\u00c1N \u00a0\u00a0 APROBADO ACTA No\u00a0 321 \u00a0 Bogot\u00e1, D. C., seis (6) de octubre de dos mil \u00a0diez (2010). \u00a0\u00a0 ASUNTO [&hellip;]<\/p>\n","protected":false},"author":1,"featured_media":0,"comment_status":"open","ping_status":"open","sticky":false,"template":"","format":"standard","meta":{"footnotes":""},"categories":[18],"tags":[],"class_list":["post-21423","post","type-post","status-publish","format-standard","hentry","category-18"],"_links":{"self":[{"href":"https:\/\/dmsjuridica.com\/buscador_20179478954\/salapenalcronologico20230723\/wp-json\/wp\/v2\/posts\/21423","targetHints":{"allow":["GET"]}}],"collection":[{"href":"https:\/\/dmsjuridica.com\/buscador_20179478954\/salapenalcronologico20230723\/wp-json\/wp\/v2\/posts"}],"about":[{"href":"https:\/\/dmsjuridica.com\/buscador_20179478954\/salapenalcronologico20230723\/wp-json\/wp\/v2\/types\/post"}],"author":[{"embeddable":true,"href":"https:\/\/dmsjuridica.com\/buscador_20179478954\/salapenalcronologico20230723\/wp-json\/wp\/v2\/users\/1"}],"replies":[{"embeddable":true,"href":"https:\/\/dmsjuridica.com\/buscador_20179478954\/salapenalcronologico20230723\/wp-json\/wp\/v2\/comments?post=21423"}],"version-history":[{"count":0,"href":"https:\/\/dmsjuridica.com\/buscador_20179478954\/salapenalcronologico20230723\/wp-json\/wp\/v2\/posts\/21423\/revisions"}],"wp:attachment":[{"href":"https:\/\/dmsjuridica.com\/buscador_20179478954\/salapenalcronologico20230723\/wp-json\/wp\/v2\/media?parent=21423"}],"wp:term":[{"taxonomy":"category","embeddable":true,"href":"https:\/\/dmsjuridica.com\/buscador_20179478954\/salapenalcronologico20230723\/wp-json\/wp\/v2\/categories?post=21423"},{"taxonomy":"post_tag","embeddable":true,"href":"https:\/\/dmsjuridica.com\/buscador_20179478954\/salapenalcronologico20230723\/wp-json\/wp\/v2\/tags?post=21423"}],"curies":[{"name":"wp","href":"https:\/\/api.w.org\/{rel}","templated":true}]}}