{"id":21413,"date":"2023-09-11T22:55:21","date_gmt":"2023-09-11T22:55:21","guid":{"rendered":"https:\/\/dmsjuridica.com\/buscador_20179478954\/salapenalcronologico20230723\/2023\/09\/11\/3488017-11-10\/"},"modified":"2023-09-11T22:55:21","modified_gmt":"2023-09-11T22:55:21","slug":"3488017-11-10","status":"publish","type":"post","link":"https:\/\/dmsjuridica.com\/buscador_20179478954\/salapenalcronologico20230723\/2023\/09\/11\/3488017-11-10\/","title":{"rendered":"34880(17-11-10)"},"content":{"rendered":"\n<p>\u00a0 \u00a0 \u00a0\u00a0<\/p>\n<p>Proceso n.\u00ba 34880 \u00a0<\/p>\n<p>CORTE SUPREMA DE JUSTICIA \u00a0<\/p>\n<p>SALA DE CASACI\u00d3N PENAL \u00a0<\/p>\n<p>Magistrado Ponente: \u00a0<\/p>\n<p>JAVIER ZAPATA ORTIZ \u00a0<\/p>\n<p>Aprobado \u00a0 \u00a0Acta \u00a0 \u00a0No. \u00a0 \u00a0371 \u00a0\u00a0<\/p>\n<p>Bogot\u00e1 \u00a0 \u00a0 D. \u00a0 \u00a0C., \u00a0 \u00a0diecisiete (17) de noviembre de dos mil diez (2010) \u00a0\u00a0<\/p>\n<p>VISTOS: \u00a0\u00a0<\/p>\n<p>Surtido \u00a0el \u00a0traslado \u00a0que \u00a0establece \u00a0el \u00a0art\u00edculo \u00a0500 \u00a0del \u00a0C\u00f3digo de Procedimiento Penal, Ley 906 de 2004, \u00a0corresponde \u00a0a \u00a0la Corte decidir sobre la solicitud de pr\u00e1ctica \u00a0de \u00a0pruebas elevada por el Procurador Segundo Delegado \u00a0para \u00a0la \u00a0Casaci\u00f3n \u00a0Penal, \u00a0dentro \u00a0del \u00a0tr\u00e1mite \u00a0de extradici\u00f3n que se sigue \u00a0contra RUB\u00c9N DAR\u00cdO \u00c1VILA \u00a0ARMERO. \u00a0\u00a0<\/p>\n<p>ANTECEDENTES: \u00a0\u00a0<\/p>\n<p>1. \u00a0 \u00a0 \u00a0 \u00a0 \u00a0 Mediante \u00a0Nota \u00a0Verbal \u00a0No. 1193 \u00a0del \u00a04 de junio 2010, aclarada con \u00a0Nota \u00a0Verbal \u00a0No. \u00a01335 \u00a0del \u00a021 \u00a0de junio de 2010, el \u00a0Gobierno \u00a0 de \u00a0 los \u00a0 Estados \u00a0 Unidos \u00a0de \u00a0Am\u00e9rica \u00a0a \u00a0trav\u00e9s \u00a0de \u00a0su embajada \u00a0en nuestro pa\u00eds, solicit\u00f3 \u00a0la \u00a0detenci\u00f3n \u00a0provisional \u00a0con fines de extradici\u00f3n, del ciudadano colombiano \u00a0RUB\u00c9N \u00a0 \u00a0 DAR\u00cdO \u00a0 \u00a0D\u00c1VILA \u00a0 \u00a0ARMERO \u00a0identificado con Cedula de Ciudadan\u00eda \u00a0No \u00a07.697.170 por \u00a0 delitos \u00a0federales \u00a0de \u00a0 lavado \u00a0de \u00a0dinero \u00a0relacionados \u00a0con \u00a0narc\u00f3ticos. \u00a0\u00a0<\/p>\n<p>2. \u00a0Con \u00a0base en \u00a0esa \u00a0petici\u00f3n, \u00a0el \u00a0Fiscal \u00a0General \u00a0de \u00a0la \u00a0Naci\u00f3n, \u00a0mediante \u00a0resoluci\u00f3n \u00a0del \u00a023 \u00a0 de \u00a0 junio \u00a0de \u00a02010 \u00a0decret\u00f3 \u00a0la \u00a0captura, \u00a0que \u00a0se \u00a0hizo \u00a0efectiva el 24 \u00a0siguiente \u00a0por miembros del Departamento Administrativo \u00a0 \u00a0de \u00a0 \u00a0Seguridad \u00a0 \u00a0D. \u00a0A. \u00a0 \u00a0 S. \u00a0\u00a0<\/p>\n<p>3. La Embajada de \u00a0los \u00a0Estados \u00a0Unidos \u00a0de \u00a0Am\u00e9rica, \u00a0en Nota \u00a0 \u00a0 Verbal \u00a0 \u00a0No. \u00a0 \u00a01891 \u00a0 \u00a0 \u00a0 del \u00a0 \u00a0 \u00a020 \u00a0 \u00a0 \u00a0de \u00a0 \u00a0 \u00a0agosto \u00a0 \u00a0 \u00a0de \u00a0 \u00a0 \u00a02010,\u00a0 \u00a0 \u00a0 \u00a0formaliz\u00f3 \u00a0 \u00a0 \u00a0la \u00a0solicitud \u00a0de extradici\u00f3n, \u00a0en \u00a0 la \u00a0cual \u00a0sintetiz\u00f3 \u00a0los \u00a0 hechos \u00a0y \u00a0las \u00a0pruebas \u00a0que \u00a0fundamentan \u00a0las \u00a0imputaciones \u00a0 \u00a0delictivas \u00a0 \u00a0contenidas \u00a0 \u00a0en \u00a0 \u00a0la \u00a0 Acusaci\u00f3n \u00a0 Formal \u00a0 \u00a0Sellada \u00a0 \u00a0No. \u00a0 S1 \u00a0 \u00a009 \u00a0 \u00a0Cr. \u00a0 \u00a0610, \u00a0 dictada \u00a0el \u00a02 \u00a0de \u00a0 abril \u00a0 de \u00a02010 \u00a0por \u00a0el Tribunal de Distrito de los Estados Unidos para el \u00a0Distrito \u00a0 \u00a0Sur \u00a0 \u00a0de \u00a0 \u00a0Nueva \u00a0 \u00a0York, \u00a0 \u00a0 \u00a0 \u00a0 indicando, \u00a0que \u00a0el requerido es miembro de una \u00a0organizaci\u00f3n \u00a0 \u00a0 \u00a0 \u00a0 \u00a0 \u00a0delictiva \u00a0 de \u00a0lavado \u00a0 \u00a0 \u00a0 \u00a0 de \u00a0 \u00a0 \u00a0 \u00a0 dinero. \u00a0\u00a0<\/p>\n<p>4. Mediante \u00a0auto \u00a0del \u00a02 \u00a0de \u00a0septiembre \u00a0siguiente, \u00a0la \u00a0 Corte \u00a0asumi\u00f3 \u00a0conocimiento \u00a0del \u00a0tr\u00e1mite \u00a0 \u00a0y \u00a0 \u00a0requiri\u00f3 \u00a0 \u00a0al \u00a0 se\u00f1or \u00a0 D\u00c1VILA \u00a0ARMERO, \u00a0 \u00a0para \u00a0 \u00a0que \u00a0 \u00a0nombrara \u00a0 \u00a0un \u00a0defensor \u00a0que \u00a0lo \u00a0asistiera en el \u00a0curso \u00a0de \u00a0la \u00a0presente \u00a0actuaci\u00f3n, \u00a0profesional de \u00a0confianza \u00a0que \u00a0dentro \u00a0del \u00a0traslado \u00a0probatorio \u00a0no \u00a0present\u00f3 \u00a0 ninguna \u00a0solicitud, \u00a0siendo \u00a0 el \u00a0 mismo \u00a0D\u00c1VILA \u00a0ARMERO \u00a0quien \u00a0renunci\u00f3 \u00a0a \u00a0t\u00e9rminos, \u00a0concedi\u00e9ndosele \u00a0mediante \u00a0auto \u00a0del \u00a022 de septiembre cursante; sin embargo el \u00a0Ministerio \u00a0 \u00a0 \u00a0 \u00a0P\u00fablico \u00a0 \u00a0 \u00a0 \u00a0present\u00f3 \u00a0 \u00a0 \u00a0 la \u00a0 \u00a0 \u00a0 siguiente: \u00a0\u00a0<\/p>\n<p>PETICI\u00d3N \u00a0PROBATORIA \u00a0\u00a0<\/p>\n<p>1. \u00a0 \u00a0 \u00a0 Se \u00a0 \u00a0 \u00a0 \u201coficie a la Fiscal\u00eda General de la \u00a0Naci\u00f3n \u00a0 \u00a0 para \u00a0 \u00a0 que \u00a0 \u00a0informe \u00a0 \u00a0si \u00a0 \u00a0contra \u00a0 \u00a0RUB\u00c9N \u00a0 \u00a0DAR\u00cdO \u00a0D\u00c1VILA \u00a0ARMERO \u00a0se \u00a0adelant\u00f3 \u00a0o \u00a0actualmente \u00a0 se \u00a0tramita \u00a0alguna \u00a0investigaci\u00f3n \u00a0o \u00a0juicio \u00a0 penal, \u00a0 o \u00a0 ha \u00a0 sido \u00a0 absuelto \u00a0 o \u00a0 condenado \u00a0por \u00a0alg\u00fan \u00a0 \u00a0 \u00a0 \u00a0delito\u201d, \u00a0ello con el prop\u00f3sito de evitar se \u00a0viole \u00a0 \u00a0el \u00a0 \u00a0non \u00a0 \u00a0bis \u00a0 in \u00a0 \u00eddem. \u00a0\u00a0<\/p>\n<p>2. Se \u201coficie \u00a0a \u00a0la \u00a0Registradur\u00eda \u00a0General \u00a0del Estado Civil, para que remita con destino al \u00a0mismo \u00a0la \u00a0tarjeta \u00a0decadactilar \u00a0a \u00a0nombre \u00a0del requerido RUB\u00c9N DAR\u00cdO D\u00c1VILA \u00a0ARMERO, \u00a0identificado \u00a0con \u00a0la \u00a0C\u00e9dula \u00a0de \u00a0ciudadan\u00eda \u00a0n\u00famero \u00a07\u2019697.170. \u00a0\u00a0<\/p>\n<p>CONSIDERACIONES \u00a0DE \u00a0LA \u00a0SALA \u00a0\u00a0<\/p>\n<p>En raz\u00f3n a que \u00a0la \u00a0doctrina \u00a0en \u00a0vigor de la Corte exige \u00a0tener \u00a0como \u00a0circunstancia impediente de la extradici\u00f3n, que en \u00a0Colombia \u00a0 \u00a0la \u00a0 \u00a0persona \u00a0 \u00a0requerida \u00a0por \u00a0un \u00a0Gobierno \u00a0extranjero haya sido condenada por los mismos \u00a0hechos \u00a0por los cuales est\u00e1 siendo reclamado con anterioridad a la petici\u00f3n de \u00a0entrega1, \u00a0 \u00a0 \u00a0estim\u00f3\u00a0 \u00a0 \u00a0 pertinente \u00a0el \u00a0 \u00a0 Ministerio \u00a0P\u00fablico \u00a0verificar \u00a0si \u00a0respecto \u00a0de \u00a0RUB\u00c9N \u00a0DAR\u00cdO D\u00c1VILA ARMERO\u00a0 se \u00a0presenta tal situaci\u00f3n. \u00a0\u00a0<\/p>\n<p>Sin \u00a0 embargo, \u00a0 se \u00a0reitera \u00a0al \u00a0se\u00f1or \u00a0Procurador \u00a0 \u00a0 \u00a0 \u00a0 Segundo \u00a0 \u00a0 \u00a0 \u00a0que \u00a0 \u00a0 \u00a0 para \u00a0 \u00a0 \u00a0 que \u00a0 solicite \u00a0 la \u00a0aplicaci\u00f3n \u00a0del \u00a0principio \u00a0de \u00a0la \u00a0cosa \u00a0juzgada \u00a0penal \u00a0en \u00a0su \u00a0sentido \u00a0excluyente, \u00a0 \u00a0 \u00a0 \u00a0debe \u00a0 \u00a0 \u00a0 cotejar \u00a0 \u00a0 previamente unos requisitos definidos por la Sala as\u00ed. \u00a0\u00a0<\/p>\n<p>\u201cTal \u00a0prohibici\u00f3n \u00a0s\u00f3lo opera, desde luego, cuando se cumplen todos los presupuestos \u00a0para \u00a0declarar \u00a0la \u00a0existencia \u00a0de \u00a0la \u00a0cosa juzgada penal, es decir, (i) cuando \u00a0exista \u00a0sentencia \u00a0en \u00a0firme o providencia que tenga su misma fuerza vinculante, \u00a0tambi\u00e9n \u00a0en \u00a0firme, \u00a0(ii) \u00a0cuando \u00a0la \u00a0persona \u00a0contra \u00a0la cual se adelant\u00f3 el \u00a0proceso \u00a0sea la misma que es solicitada en extradici\u00f3n, y (iii) cuando el hecho \u00a0objeto \u00a0 de \u00a0 juzgamiento \u00a0 sea \u00a0 el \u00a0 mismo \u00a0 que \u00a0 motiva \u00a0 la \u00a0 solicitud \u00a0de \u00a0extradici\u00f3n. \u00a0\u00a0<\/p>\n<p>En los dem\u00e1s casos, verbigracia, cuando no \u00a0se \u00a0ha iniciado proceso, o cuando habi\u00e9ndose iniciado no ha concluido, o cuando \u00a0la \u00a0persona \u00a0solicitada no es la misma, o cuando no existe correspondencia entre \u00a0los \u00a0hechos \u00a0de \u00a0la \u00a0extradici\u00f3n \u00a0y \u00a0los \u00a0de la decisi\u00f3n en firme, el Gobierno \u00a0Nacional \u00a0goza \u00a0de \u00a0total \u00a0libertad \u00a0para \u00a0tomar la decisi\u00f3n que considere m\u00e1s \u00a0acertada, \u00a0 en \u00a0 aplicaci\u00f3n \u00a0 de \u00a0los \u00a0criterios \u00a0de \u00a0conveniencia \u00a0nacional \u00a0y \u00a0cooperaci\u00f3n \u00a0 \u00a0 \u00a0 internacional.\u201d \u00a0 \u00a0 \u00a0 \u00a0 \u00a0 \u00a0 \u00a0 \u00a0 \u00a0 2 \u00a0\u00a0<\/p>\n<p>Es \u00a0 \u00a0por \u00a0 \u00a0ello \u00a0 que \u00a0 la \u00a0Corte3 \u00a0\u00a0<\/p>\n<p>ha \u00a0 venido \u00a0 sosteniendo, \u00a0 que \u00a0 las \u00a0pruebas \u00a0orientadas \u00a0a \u00a0establecer \u00a0si \u00a0en contra de la persona solicitada en extradici\u00f3n se adelanta o \u00a0adelant\u00f3 \u00a0un \u00a0proceso \u00a0en Colombia por los mismos hechos, s\u00f3lo son procedentes \u00a0en \u00a0la \u00a0medida \u00a0que \u00a0el \u00a0memorial \u00a0de \u00a0solicitud \u00a0de \u00a0pruebas \u00a0o \u00a0el \u00a0expediente \u00a0suministren \u00a0 o \u00a0contengan \u00a0informaci\u00f3n \u00a0espec\u00edfica \u00a0que \u00a0permita \u00a0inferir \u00a0de \u00a0antemano \u00a0su \u00a0existencia, \u00a0y \u00a0por \u00a0ende, \u00a0la \u00a0eventual \u00a0violaci\u00f3n del principio \u00a0non \u00a0 \u00a0 \u00a0 \u00a0 bis \u00a0 \u00a0 \u00a0 \u00a0in \u00a0 \u00a0 \u00a0 \u00a0\u00eddem, \u00a0o \u00a0que \u00a0por \u00a0cualquier otro medio fundadamente se pueda suponer el ejercicio previo \u00a0de \u00a0jurisdicci\u00f3n, \u00a0por \u00a0ejemplo, \u00a0porque \u00a0la \u00a0orden \u00a0de \u00a0captura \u00a0con \u00a0fines de \u00a0extradici\u00f3n \u00a0se \u00a0cumple \u00a0estando \u00a0la \u00a0persona \u00a0privada \u00a0de \u00a0libertad \u00a0y resulte \u00a0necesario \u00a0establecer \u00a0la \u00a0raz\u00f3n \u00a0por la cu\u00e1l se dispuso la limitaci\u00f3n de ese \u00a0derecho al requerido. \u00a0\u00a0<\/p>\n<p>En \u00a0 \u00a0el \u00a0 presente \u00a0 asunto \u00a0 ni \u00a0 el \u00a0solicitado ni su defensor suministraron informaci\u00f3n \u00a0relacionada \u00a0con \u00a0la \u00a0posibilidad \u00a0de \u00a0que el Estado \u00a0colombiano \u00a0lo hubiere investigado, juzgado \u00a0y \u00a0sentenciado, \u00a0absolvi\u00e9ndolo o \u00a0conden\u00e1ndolo \u00a0por \u00a0los \u00a0mismos \u00a0 hechos \u00a0a \u00a0los \u00a0que \u00a0alude \u00a0el \u00a0pedido \u00a0de \u00a0extradici\u00f3n \u00a0 elevado \u00a0 por \u00a0 el \u00a0 gobierno \u00a0de \u00a0Estados \u00a0Unidos \u00a0de \u00a0Am\u00e9rica, \u00a0circunstancia \u00a0que \u00a0resulta \u00a0suficiente \u00a0para desvirtuar la lesi\u00f3n o la amenaza \u00a0del \u00a0 derecho \u00a0fundamental \u00a0al \u00a0debido \u00a0proceso \u00a0del \u00a0ciudadano \u00a0RUB\u00c9N DAR\u00cdO \u00a0D\u00c1VILA \u00a0 \u00a0 ARMERO, \u00a0presentada \u00a0por \u00a0el Ministerio P\u00fablico en lo relacionado con el principio de cosa juzgada. \u00a0\u00a0<\/p>\n<p>Referente \u00a0a la \u00a0solicitud \u00a0de allegar la tarjeta decadactilar, la Sala la considera in\u00fatil toda \u00a0vez \u00a0que se encuentra comprobada la plena identidad del requerido, como se puede \u00a0establecer \u00a0 del \u00a0 cotejo \u00a0 dactilosc\u00f3pico \u00a0 realizado \u00a0por \u00a0el \u00a0D. \u00a0 \u00a0A. \u00a0S. \u00a0 obrante \u00a0 a \u00a0 folio \u00a0 25 \u00a0a \u00a028 \u00a0del \u00a0cuaderno \u00a0anexo. \u00a0\u00a0<\/p>\n<p>Se \u00a0 \u00a0 \u00a0 \u00a0advierten, \u00a0entonces, inconducentes \u00a0 \u00a0 \u00a0 \u00a0 \u00a0 \u00a0las \u00a0 \u00a0 \u00a0 \u00a0 \u00a0pruebas \u00a0 \u00a0 \u00a0 \u00a0solicitadas \u00a0 por \u00a0el \u00a0Procurador \u00a0Segundo \u00a0Delegado, \u00a0raz\u00f3n por la cual \u00a0no \u00a0se ordenar\u00e1 recaudar la informaci\u00f3n que demanda de la Fiscal\u00eda General de \u00a0la \u00a0Naci\u00f3n \u00a0y \u00a0de \u00a0la \u00a0Registradur\u00eda \u00a0Nacional del \u00a0Estado Civil. \u00a0\u00a0<\/p>\n<p>\u00a0 \u00a0\u00a0 \u00a0 \u00a0 \u00a0 Dado \u00a0 entonces \u00a0que \u00a0no \u00a0existen \u00a0pruebas \u00a0por \u00a0practicar, \u00a0de \u00a0conformidad \u00a0con \u00a0lo \u00a0previsto por el art\u00edculo 500 del C\u00f3digo de Procedimiento \u00a0Penal \u00a0de \u00a02004 \u00a0y \u00a0la \u00a0Sala \u00a0no considera necesario \u00a0decretarlas \u00a0de \u00a0oficio, es del caso disponer que por \u00a0la \u00a0Secretar\u00eda \u00a0de \u00a0la Sala SE CORRA TRASLADO, durante el t\u00e9rmino de cinco (5) \u00a0d\u00edas, \u00a0al \u00a0solicitado en extradici\u00f3n, RUB\u00c9N DAR\u00cdO \u00a0D\u00c1VILA \u00a0 \u00a0 ARMERO, \u00a0 \u00a0 a \u00a0 \u00a0 su \u00a0 \u00a0 defensor \u00a0y \u00a0al \u00a0Procurador \u00a0Delegado, \u00a0para \u00a0 \u00a0 que \u00a0 \u00a0 presenten \u00a0 \u00a0 sus \u00a0 \u00a0 correspondientes \u00a0 \u00a0 alegatos, \u00a0 previos \u00a0 al \u00a0 concepto \u00a0 de \u00a0 la \u00a0Corte. \u00a0\u00a0<\/p>\n<p>\u00a0 \u00a0\u00a0 \u00a0 \u00a0En \u00a0 \u00a0 \u00a0 m\u00e9rito \u00a0 \u00a0 \u00a0 de \u00a0 \u00a0 \u00a0lo \u00a0 \u00a0 \u00a0expuesto, \u00a0 \u00a0 \u00a0la \u00a0CORTE SUPREMA DE JUSTICIA, SALA DE \u00a0CASACI\u00d3N PENAL, \u00a0\u00a0<\/p>\n<p>RESUELVE \u00a0\u00a0<\/p>\n<p>1. Negar \u00a0por \u00a0improcedente \u00a0la pr\u00e1ctica de las pruebas solicitadas \u00a0por \u00a0 el \u00a0 Procurador \u00a0Segundo \u00a0Delegado, \u00a0dentro del tr\u00e1mite de extradici\u00f3n \u00a0seguido contra RUB\u00c9N DAR\u00cdO D\u00c1VILA ARMERO. \u00a0\u00a0<\/p>\n<p>2. Correr \u00a0 \u00a0traslado \u00a0 \u00a0del \u00a0 \u00a0 \u00a0 expediente \u00a0 \u00a0 \u00a0a \u00a0 \u00a0 \u00a0los \u00a0intervinientes \u00a0 \u00a0 \u00a0para \u00a0 \u00a0 \u00a0que \u00a0 \u00a0 \u00a0presenten \u00a0alegatos \u00a0de \u00a0conformidad \u00a0con \u00a0el art\u00edculo 500 del C\u00f3digo de Procedimiento \u00a0Penal, \u00a0Ley \u00a0906 \u00a0de \u00a02004, \u00a0una \u00a0vez \u00a0haya \u00a0cobrado \u00a0ejecutoria. \u00a0\u00a0<\/p>\n<p>Contra esta decisi\u00f3n procede el recurso de \u00a0reposici\u00f3n. \u00a0\u00a0<\/p>\n<p>Notif\u00edquese y \u00a0c\u00famplase \u00a0\u00a0<\/p>\n<p>MAR\u00cdA \u00a0 DEL \u00a0 ROSARIO \u00a0 GONZ\u00c1LEZ \u00a0 DE \u00a0LEMOS \u00a0\u00a0<\/p>\n<p>Comisi\u00f3n de servicio \u00a0<\/p>\n<p>JOS\u00c9 \u00a0LEONIDAS \u00a0BUSTOS \u00a0MART\u00cdNEZ\u00a0\u00a0\u00a0 \u00a0 \u00a0\u00a0 \u00a0 \u00a0\u00a0 \u00a0\u00a0\u00a0\u00a0\u00a0\u00a0 \u00a0 \u00a0\u00a0 \u00a0 \u00a0 \u00a0 SIGIFREDO \u00a0ESPINOSA P\u00c9REZ \u00a0\u00a0<\/p>\n<p>\u00a0 \u00a0\u00a0 \u00a0 \u00a0 \u00a0 \u00a0 \u00a0 \u00a0\u00a0 \u00a0 \u00a0 \u00a0 \u00a0\u00a0 \u00a0 \u00a0 \u00a0 \u00a0 \u00a0 \u00a0 \u00a0 \u00a0Permiso \u00a0\u00a0<\/p>\n<p>ALFREDO G\u00d3MEZ QUINTERO\u00a0 \u00a0 \u00a0 \u00a0\u00a0 \u00a0\u00a0 \u00a0\u00a0 \u00a0 \u00a0\u00a0 \u00a0 \u00a0 \u00a0 \u00a0 \u00a0 \u00a0 \u00a0 \u00a0 \u00a0 \u00a0 \u00a0\u00a0AUGUSTO \u00a0 J. \u00a0 IB\u00c1\u00d1EZ \u00a0 GUZM\u00c1N \u00a0\u00a0<\/p>\n<p>\u00a0 \u00a0\u00a0 \u00a0 \u00a0 \u00a0 \u00a0 \u00a0 \u00a0\u00a0 \u00a0 \u00a0 \u00a0 \u00a0\u00a0 \u00a0 \u00a0 \u00a0 \u00a0 \u00a0 \u00a0 \u00a0 \u00a0Permiso \u00a0\u00a0<\/p>\n<p>JORGE \u00a0LUIS \u00a0QUINTERO MILAN\u00c9S \u00a0\u00a0 \u00a0\u00a0 \u00a0\u00a0 \u00a0\u00a0 \u00a0 \u00a0\u00a0 \u00a0 \u00a0\u00a0 \u00a0 \u00a0\u00a0JULIO \u00a0 \u00a0ENRIQUE \u00a0 SOCHA \u00a0SALAMANCA \u00a0\u00a0<\/p>\n<p>JAVIER \u00a0ZAPATA \u00a0ORTIZ \u00a0\u00a0<\/p>\n<p>TERESA RUIZ N\u00da\u00d1EZ \u00a0<\/p>\n<p>Secretaria \u00a0 \u00a0<\/p>\n<p>1 \u00a0Concepto del 19 de febrero de 2009, radicaci\u00f3n 30.374 \u00a0\u00a0<\/p>\n<p>2 \u00a0Extradici\u00f3n\u00a0 radicado 30377 auto del 19 de febrero de 2009 \u00a0\u00a0<\/p>\n<p>3 \u00a0Extradici\u00f3n \u00a0radicado \u00a032262 \u00a0auto \u00a0del \u00a018 \u00a0de \u00a0noviembre \u00a0de 2009 \u00a0Extradici\u00f3n \u00a031951, \u00a0auto \u00a0de 26 de \u00a0agosto \u00a0de \u00a02009. \u00a0En el mismo sentido extradici\u00f3n 32321, auto de 14 de octubre \u00a0de 2009, entre otras. \u00a0 \u00a0\u00a0<\/p>\n<p><\/p>\n","protected":false},"excerpt":{"rendered":"<p>\u00a0 \u00a0 \u00a0\u00a0 Proceso n.\u00ba 34880 \u00a0 CORTE SUPREMA DE JUSTICIA \u00a0 SALA DE CASACI\u00d3N PENAL \u00a0 Magistrado Ponente: \u00a0 JAVIER ZAPATA ORTIZ \u00a0 Aprobado \u00a0 \u00a0Acta \u00a0 \u00a0No. \u00a0 \u00a0371 \u00a0\u00a0 Bogot\u00e1 \u00a0 \u00a0 D. \u00a0 \u00a0C., \u00a0 \u00a0diecisiete (17) de noviembre de dos mil diez (2010) \u00a0\u00a0 VISTOS: \u00a0\u00a0 Surtido \u00a0el \u00a0traslado \u00a0que [&hellip;]<\/p>\n","protected":false},"author":1,"featured_media":0,"comment_status":"open","ping_status":"open","sticky":false,"template":"","format":"standard","meta":{"footnotes":""},"categories":[18],"tags":[],"class_list":["post-21413","post","type-post","status-publish","format-standard","hentry","category-18"],"_links":{"self":[{"href":"https:\/\/dmsjuridica.com\/buscador_20179478954\/salapenalcronologico20230723\/wp-json\/wp\/v2\/posts\/21413","targetHints":{"allow":["GET"]}}],"collection":[{"href":"https:\/\/dmsjuridica.com\/buscador_20179478954\/salapenalcronologico20230723\/wp-json\/wp\/v2\/posts"}],"about":[{"href":"https:\/\/dmsjuridica.com\/buscador_20179478954\/salapenalcronologico20230723\/wp-json\/wp\/v2\/types\/post"}],"author":[{"embeddable":true,"href":"https:\/\/dmsjuridica.com\/buscador_20179478954\/salapenalcronologico20230723\/wp-json\/wp\/v2\/users\/1"}],"replies":[{"embeddable":true,"href":"https:\/\/dmsjuridica.com\/buscador_20179478954\/salapenalcronologico20230723\/wp-json\/wp\/v2\/comments?post=21413"}],"version-history":[{"count":0,"href":"https:\/\/dmsjuridica.com\/buscador_20179478954\/salapenalcronologico20230723\/wp-json\/wp\/v2\/posts\/21413\/revisions"}],"wp:attachment":[{"href":"https:\/\/dmsjuridica.com\/buscador_20179478954\/salapenalcronologico20230723\/wp-json\/wp\/v2\/media?parent=21413"}],"wp:term":[{"taxonomy":"category","embeddable":true,"href":"https:\/\/dmsjuridica.com\/buscador_20179478954\/salapenalcronologico20230723\/wp-json\/wp\/v2\/categories?post=21413"},{"taxonomy":"post_tag","embeddable":true,"href":"https:\/\/dmsjuridica.com\/buscador_20179478954\/salapenalcronologico20230723\/wp-json\/wp\/v2\/tags?post=21413"}],"curies":[{"name":"wp","href":"https:\/\/api.w.org\/{rel}","templated":true}]}}