{"id":21403,"date":"2023-09-11T22:55:21","date_gmt":"2023-09-11T22:55:21","guid":{"rendered":"https:\/\/dmsjuridica.com\/buscador_20179478954\/salapenalcronologico20230723\/2023\/09\/11\/3484606-09-10\/"},"modified":"2023-09-11T22:55:21","modified_gmt":"2023-09-11T22:55:21","slug":"3484606-09-10","status":"publish","type":"post","link":"https:\/\/dmsjuridica.com\/buscador_20179478954\/salapenalcronologico20230723\/2023\/09\/11\/3484606-09-10\/","title":{"rendered":"34846(06-09-10)"},"content":{"rendered":"\n<p>\u00a0 \u00a0 Proceso n.\u00ba 34846 \u00a0<\/p>\n<p>CORTE SUPREMA DE JUSTICIA \u00a0<\/p>\n<p>SALA DE CASACI\u00d3N PENAL \u00a0<\/p>\n<p>\u00a0 \u00a0\u00a0 \u00a0\u00a0 \u00a0\u00a0Magistrado Ponente \u00a0\u00a0<\/p>\n<p>ALFREDO G\u00d3MEZ QUINTERO \u00a0<\/p>\n<p>Aprobado Acta No. \u00a0283 \u00a0\u00a0<\/p>\n<p>Bogot\u00e1, D.C., seis \u00a0(6) de septiembre de dos mil diez (2010) \u00a0\u00a0<\/p>\n<p>VISTOS: \u00a0<\/p>\n<p>Se \u00a0pronuncia la Corte sobre la impugnaci\u00f3n \u00a0de \u00a0competencia \u00a0promovida \u00a0por \u00a0el defensor de C\u00e9sar Tulio Gonz\u00e1lez P\u00e9rez en \u00a0relaci\u00f3n \u00a0con \u00a0el \u00a0proceso \u00a0que a \u00e9ste le adelanta el Juzgado Cuarto Penal del \u00a0Circuito \u00a0 Especializado \u00a0 de \u00a0Cali \u00a0por \u00a0el \u00a0punible \u00a0de \u00a0secuestro \u00a0extorsivo. \u00a0\u00a0<\/p>\n<p>\u00a0 ANTECEDENTES \u00a0 \u00a0Y \u00a0CONSIDERACIONES: \u00a0\u00a0<\/p>\n<p>1. \u00a0Desde \u00a0el \u00a028 \u00a0de mayo del a\u00f1o en curso \u00a0hasta \u00a0el \u00a01\u00ba \u00a0de \u00a0junio \u00a0cuando logr\u00f3 huir, Jaime Andr\u00e9s Garz\u00f3n Su\u00e1rez fue \u00a0privado \u00a0de \u00a0su \u00a0libertad al arribar a la ciudad de Cali procedente de Bogot\u00e1 y \u00a0trasladado \u00a0luego \u00a0a \u00a0jurisdicci\u00f3n \u00a0del \u00a0municipio \u00a0de \u00a0Tulu\u00e1, por sujetos que \u00a0exig\u00edan \u00a0a \u00a0cambio \u00a0de \u00a0su \u00a0liberaci\u00f3n \u00a0el \u00a0pago \u00a0por parte de su primo Daniel \u00a0Restrepo \u00a0Garz\u00f3n \u00a0de \u00a0un dinero que la v\u00edctima entiende ascend\u00eda a doscientos \u00a0millones de pesos. \u00a0\u00a0<\/p>\n<p>Por \u00a0dichos \u00a0acontecimientos fue aprehendido \u00a0C\u00e9sar \u00a0Tulio \u00a0Gonz\u00e1lez \u00a0P\u00e9rez \u00a0a \u00a0quien en audiencia de junio 2 de 2010 se le \u00a0legaliz\u00f3 \u00a0la \u00a0captura, \u00a0formul\u00f3 \u00a0imputaci\u00f3n \u00a0por \u00a0el \u00a0referido delito y se le \u00a0impuso \u00a0 medida \u00a0de \u00a0aseguramiento \u00a0privativa \u00a0de \u00a0libertad \u00a0en \u00a0establecimiento \u00a0carcelario. \u00a0\u00a0<\/p>\n<p>Seguidamente \u00a0en \u00a0junio \u00a021 \u00a0la \u00a0Fiscal\u00eda \u00a0present\u00f3 \u00a0escrito \u00a0de \u00a0acusaci\u00f3n y la correspondiente audiencia se celebr\u00f3 el \u00a030 \u00a0de \u00a0julio, \u00a0oportunidad \u00a0en \u00a0la \u00a0que el defensor impugn\u00f3 la competencia del \u00a0juzgado \u00a0de \u00a0conocimiento por considerar que el asunto concierne a los despachos \u00a0especializados \u00a0del \u00a0Distrito \u00a0Judicial \u00a0de \u00a0Buga, \u00a0pues \u00a0su prohijado -dice- no \u00a0solamente \u00a0fue \u00a0capturado \u00a0en \u00a0flagrancia \u00a0en \u00a0el \u00a0municipio de Tul\u00faa, sino que \u00a0adem\u00e1s all\u00ed se encuentran los elementos probatorios. \u00a0\u00a0<\/p>\n<p>2. El cuestionamiento de competencia que as\u00ed \u00a0plantea \u00a0el \u00a0defensor \u00a0del imputado por v\u00eda de la impugnaci\u00f3n en t\u00e9rminos del \u00a0art\u00edculo \u00a0341 \u00a0de \u00a0la Ley 906 de 2004, si\u00e9ndolo en el elemento territorial por \u00a0considerar \u00a0que \u00a0el \u00a0asunto \u00a0ata\u00f1e \u00a0a \u00a0un juzgado de diverso distrito, de donde \u00a0adem\u00e1s \u00a0deviene \u00a0la \u00a0facultad de la Sala para definir a qu\u00e9 despacho concierne \u00a0el \u00a0conocimiento, encuentra evidenciado el supuesto f\u00e1ctico que lo sustenta por \u00a0la \u00a0sencilla \u00a0raz\u00f3n \u00a0que \u00a0los \u00a0hechos que constituyen el delito imputado fueron \u00a0cometidos \u00a0en \u00a0varios \u00a0lugares \u00a0y aunque la acusaci\u00f3n fue formulada en Cali los \u00a0elementos \u00a0de \u00a0prueba \u00a0que \u00a0la \u00a0fundamentan \u00a0se \u00a0hallan, \u00a0conforme \u00a0a \u00a0su propio \u00a0contenido \u00a0 en \u00a0 la \u00a0 ciudad \u00a0 de \u00a0 Tul\u00faa, \u00a0 jurisdicci\u00f3n \u00a0 del \u00a0 Distrito \u00a0de \u00a0Buga. \u00a0\u00a0<\/p>\n<p>Es \u00a0que entendido que el referido delito fue \u00a0realizado \u00a0en varios lugares en tanto la v\u00edctima fue sustra\u00edda en Cali y luego \u00a0trasladada \u00a0a \u00a0Tul\u00faa \u00a0donde se le retuvo hasta que logr\u00f3 huir de sus captores, \u00a0es \u00a0incuestionable \u00a0que para efectos de fijar territorialmente la competencia ha \u00a0de \u00a0acudirse \u00a0al factor a prevenci\u00f3n dispuesto en el art\u00edculo 43 de la Ley 906 \u00a0de \u00a02004 \u00a0de \u00a0acuerdo \u00a0con \u00a0el cual \u201ccuando no fuere \u00a0posible \u00a0determinar el lugar de ocurrencia del hecho, \u00e9ste se hubiere realizado \u00a0en \u00a0varios \u00a0lugares, en uno incierto o en el extranjero, la competencia del juez \u00a0de \u00a0conocimiento \u00a0se \u00a0fija por el lugar donde se formule acusaci\u00f3n por parte de \u00a0la \u00a0Fiscal\u00eda \u00a0General \u00a0de \u00a0la \u00a0Naci\u00f3n, \u00a0lo \u00a0cual har\u00e1 donde se encuentren los \u00a0elementos \u00a0fundamentales \u00a0de \u00a0la \u00a0acusaci\u00f3n\u201d, lo que \u00a0significa \u00a0en principio que en este asunto la competencia deber\u00eda atribuirse al \u00a0Juzgado \u00a0Especializado \u00a0de Cali por ser all\u00ed donde la Fiscal\u00eda ha formulado la \u00a0acusaci\u00f3n. \u00a0\u00a0<\/p>\n<p>Sin \u00a0embargo, \u00a0ha \u00a0comprendido \u00a0la \u00a0Sala que \u00a0aunque \u00a0tal \u00a0facultad \u00a0radica \u00a0en \u00a0cabeza \u00a0de \u00a0la \u00a0Fiscal\u00eda, \u00e9sta no puede ser \u00a0arbitraria \u00a0ni \u00a0onn\u00edmoda, pues la ponderaci\u00f3n que en ese aspecto debe hacer se \u00a0condiciona \u00a0a la ubicaci\u00f3n de los elementos fundamentales de la acusaci\u00f3n y es \u00a0all\u00ed \u00a0donde la situaci\u00f3n de este tr\u00e1mite var\u00eda tal como lo aleg\u00f3 la defensa \u00a0del procesado. \u00a0\u00a0<\/p>\n<p>As\u00ed, \u00a0con vista en la naturaleza del delito \u00a0imputado, \u00a0en \u00a0la relaci\u00f3n de pruebas que la Fiscal\u00eda pretende hacer valer, en \u00a0la \u00a0condici\u00f3n \u00a0de \u00a0las personas que se propone llevar como testigos, las cuales \u00a0son \u00a0servidoras \u00a0p\u00fablicas \u00a0pertenecientes \u00a0al Gaula de la Polic\u00eda de Tul\u00faa, a \u00a0m\u00e1s \u00a0de \u00a0que \u00a0otros \u00a0elementos \u00a0de \u00a0prueba fueron recogidos en dicha ciudad, es \u00a0indudable \u00a0que territorialmente el asunto concierne conocerlo a los despachos de \u00a0Buga \u00a0por \u00a0ser \u00a0all\u00ed \u00a0donde \u00a0se \u00a0encuentran \u00a0los \u00a0elementos fundamentales de la \u00a0acusaci\u00f3n y a donde por ende ser\u00e1 remitido el proceso. \u00a0\u00a0<\/p>\n<p>En \u00a0m\u00e9rito de lo expuesto, la CORTE SUPREMA \u00a0DE JUSTICIA, Sala de Casaci\u00f3n Penal, \u00a0\u00a0<\/p>\n<p>RESUELVE: \u00a0<\/p>\n<p>Declarar \u00a0que \u00a0compete \u00a0al Juzgado Penal del \u00a0Circuito \u00a0Especializado \u00a0de \u00a0Buga \u00a0conocer \u00a0del \u00a0proceso penal adelantado contra \u00a0C\u00e9sar \u00a0Tulio \u00a0Gonz\u00e1lez \u00a0P\u00e9rez \u00a0por \u00a0el \u00a0punible \u00a0de \u00a0secuestro \u00a0extorsivo. En \u00a0consecuencia rem\u00edtasele la actuaci\u00f3n. \u00a0\u00a0<\/p>\n<p>Contra esta decisi\u00f3n no \u00a0procede recurso alguno. \u00a0\u00a0<\/p>\n<p>C\u00famplase, \u00a0\u00a0<\/p>\n<p>MAR\u00cdA \u00a0DEL \u00a0ROSARIO \u00a0GONZ\u00c1LEZ \u00a0DE \u00a0LEMOS \u00a0\u00a0<\/p>\n<p>JOS\u00c9\u00a0 \u00a0 \u00a0 LEONIDAS \u00a0 \u00a0 BUSTOS \u00a0MART\u00cdNEZ\u00a0\u00a0\u00a0\u00a0\u00a0\u00a0\u00a0\u00a0\u00a0\u00a0\u00a0\u00a0\u00a0\u00a0\u00a0\u00a0 \u00a0SIGIFREDO ESPINOSA P\u00c9REZ \u00a0\u00a0<\/p>\n<p>\u00a0\u00a0\u00a0\u00a0\u00a0\u00a0\u00a0\u00a0\u00a0\u00a0\u00a0\u00a0\u00a0\u00a0\u00a0\u00a0\u00a0\u00a0\u00a0\u00a0 \u00a0 \u00a0\u00a0 \u00a0 \u00a0 \u00a0 \u00a0\u00a0 \u00a0\u00a0 \u00a0\u00a0 \u00a0\u00a0 \u00a0\u00a0 \u00a0\u00a0 \u00a0\u00a0 \u00a0\u00a0 \u00a0 \u00a0 \u00a0 \u00a0 \u00a0 \u00a0 \u00a0\u00a0 \u00a0\u00a0 \u00a0 \u00a0 \u00a0 \u00a0 \u00a0 \u00a0\u00a0 \u00a0 Permiso \u00a0\u00a0<\/p>\n<p>ALFREDO \u00a0 \u00a0 \u00a0 \u00a0 \u00a0 G\u00d3MEZ \u00a0QUINTERO\u00a0\u00a0\u00a0\u00a0\u00a0\u00a0\u00a0\u00a0\u00a0\u00a0\u00a0\u00a0\u00a0\u00a0\u00a0\u00a0\u00a0\u00a0\u00a0\u00a0\u00a0\u00a0\u00a0\u00a0\u00a0\u00a0\u00a0\u00a0\u00a0 \u00a0AUGUSTO \u00a0 \u00a0 \u00a0 \u00a0 \u00a0 \u00a0 \u00a0 \u00a0 \u00a0 \u00a0 \u00a0 \u00a0 \u00a0 \u00a0 \u00a0 \u00a0J. \u00a0 \u00a0 \u00a0 \u00a0 \u00a0 \u00a0 \u00a0 \u00a0 \u00a0 \u00a0 \u00a0 \u00a0 \u00a0 \u00a0 \u00a0 IB\u00c1\u00d1EZ \u00a0GUZM\u00c1N\u00a0\u00a0\u00a0\u00a0\u00a0\u00a0\u00a0\u00a0\u00a0\u00a0\u00a0\u00a0\u00a0\u00a0\u00a0\u00a0\u00a0\u00a0\u00a0\u00a0\u00a0\u00a0 \u00a0\u00a0<\/p>\n<p>\u00a0\u00a0\u00a0\u00a0\u00a0\u00a0\u00a0\u00a0\u00a0\u00a0\u00a0\u00a0\u00a0\u00a0\u00a0\u00a0\u00a0\u00a0\u00a0\u00a0 \u00a0 \u00a0\u00a0 \u00a0 \u00a0 \u00a0 \u00a0\u00a0 \u00a0\u00a0 \u00a0\u00a0 \u00a0\u00a0 \u00a0\u00a0 \u00a0\u00a0 \u00a0\u00a0 \u00a0\u00a0 \u00a0 \u00a0 \u00a0 \u00a0 \u00a0 \u00a0 \u00a0\u00a0 \u00a0\u00a0 \u00a0 \u00a0 \u00a0 \u00a0 \u00a0 \u00a0\u00a0 \u00a0 Permiso \u00a0\u00a0<\/p>\n<p>JORGE \u00a0 \u00a0 \u00a0 LUIS \u00a0 \u00a0 \u00a0 QUINTERO \u00a0MILAN\u00c9S\u00a0\u00a0\u00a0\u00a0\u00a0\u00a0\u00a0\u00a0\u00a0\u00a0\u00a0\u00a0\u00a0\u00a0\u00a0\u00a0\u00a0\u00a0\u00a0\u00a0\u00a0\u00a0\u00a0\u00a0\u00a0\u00a0\u00a0 \u00a0YESID RAM\u00cdREZ \u00a0BASTIDAS\u00a0\u00a0\u00a0\u00a0\u00a0\u00a0\u00a0\u00a0\u00a0\u00a0\u00a0\u00a0\u00a0\u00a0\u00a0\u00a0\u00a0\u00a0\u00a0\u00a0\u00a0\u00a0\u00a0\u00a0\u00a0\u00a0\u00a0 \u00a0\u00a0<\/p>\n<p>JULIO \u00a0 \u00a0 \u00a0 ENRIQUE \u00a0 \u00a0 \u00a0 SOCHA \u00a0SALAMANCA\u00a0\u00a0\u00a0\u00a0\u00a0\u00a0\u00a0\u00a0 \u00a0 JAVIER \u00a0 DE \u00a0 JES\u00daS \u00a0ZAPATA ORTIZ \u00a0\u00a0<\/p>\n<p>\u00a0\u00a0\u00a0\u00a0\u00a0\u00a0\u00a0\u00a0\u00a0\u00a0\u00a0\u00a0\u00a0\u00a0\u00a0\u00a0\u00a0\u00a0\u00a0\u00a0\u00a0 \u00a0Permiso \u00a0\u00a0<\/p>\n<p>Teresa Ruiz N\u00fa\u00f1ez \u00a0<\/p>\n<p>Secretaria \u00a0<\/p>\n<p>\u00a0 \u00a0\u00a0<\/p>\n<p><\/p>\n","protected":false},"excerpt":{"rendered":"<p>\u00a0 \u00a0 Proceso n.\u00ba 34846 \u00a0 CORTE SUPREMA DE JUSTICIA \u00a0 SALA DE CASACI\u00d3N PENAL \u00a0 \u00a0 \u00a0\u00a0 \u00a0\u00a0 \u00a0\u00a0Magistrado Ponente \u00a0\u00a0 ALFREDO G\u00d3MEZ QUINTERO \u00a0 Aprobado Acta No. \u00a0283 \u00a0\u00a0 Bogot\u00e1, D.C., seis \u00a0(6) de septiembre de dos mil diez (2010) \u00a0\u00a0 VISTOS: \u00a0 Se \u00a0pronuncia la Corte sobre la impugnaci\u00f3n \u00a0de \u00a0competencia \u00a0promovida [&hellip;]<\/p>\n","protected":false},"author":1,"featured_media":0,"comment_status":"open","ping_status":"open","sticky":false,"template":"","format":"standard","meta":{"footnotes":""},"categories":[18],"tags":[],"class_list":["post-21403","post","type-post","status-publish","format-standard","hentry","category-18"],"_links":{"self":[{"href":"https:\/\/dmsjuridica.com\/buscador_20179478954\/salapenalcronologico20230723\/wp-json\/wp\/v2\/posts\/21403","targetHints":{"allow":["GET"]}}],"collection":[{"href":"https:\/\/dmsjuridica.com\/buscador_20179478954\/salapenalcronologico20230723\/wp-json\/wp\/v2\/posts"}],"about":[{"href":"https:\/\/dmsjuridica.com\/buscador_20179478954\/salapenalcronologico20230723\/wp-json\/wp\/v2\/types\/post"}],"author":[{"embeddable":true,"href":"https:\/\/dmsjuridica.com\/buscador_20179478954\/salapenalcronologico20230723\/wp-json\/wp\/v2\/users\/1"}],"replies":[{"embeddable":true,"href":"https:\/\/dmsjuridica.com\/buscador_20179478954\/salapenalcronologico20230723\/wp-json\/wp\/v2\/comments?post=21403"}],"version-history":[{"count":0,"href":"https:\/\/dmsjuridica.com\/buscador_20179478954\/salapenalcronologico20230723\/wp-json\/wp\/v2\/posts\/21403\/revisions"}],"wp:attachment":[{"href":"https:\/\/dmsjuridica.com\/buscador_20179478954\/salapenalcronologico20230723\/wp-json\/wp\/v2\/media?parent=21403"}],"wp:term":[{"taxonomy":"category","embeddable":true,"href":"https:\/\/dmsjuridica.com\/buscador_20179478954\/salapenalcronologico20230723\/wp-json\/wp\/v2\/categories?post=21403"},{"taxonomy":"post_tag","embeddable":true,"href":"https:\/\/dmsjuridica.com\/buscador_20179478954\/salapenalcronologico20230723\/wp-json\/wp\/v2\/tags?post=21403"}],"curies":[{"name":"wp","href":"https:\/\/api.w.org\/{rel}","templated":true}]}}