{"id":21352,"date":"2023-09-11T22:55:18","date_gmt":"2023-09-11T22:55:18","guid":{"rendered":"https:\/\/dmsjuridica.com\/buscador_20179478954\/salapenalcronologico20230723\/2023\/09\/11\/3471310-08-10\/"},"modified":"2023-09-11T22:55:18","modified_gmt":"2023-09-11T22:55:18","slug":"3471310-08-10","status":"publish","type":"post","link":"https:\/\/dmsjuridica.com\/buscador_20179478954\/salapenalcronologico20230723\/2023\/09\/11\/3471310-08-10\/","title":{"rendered":"34713(10-08-10)"},"content":{"rendered":"\n<p>\u00a0 \u00a0 \u00a0\u00a0<\/p>\n<p>Proceso n.\u00ba 34713 \u00a0<\/p>\n<p>CORTE SUPREMA DE JUSTICIA \u00a0<\/p>\n<p>SALA DE CASACI\u00d3N PENAL \u00a0<\/p>\n<p>Bogot\u00e1, \u00a0D. \u00a0C., diez (10) de agosto de dos \u00a0mil diez (2010). \u00a0\u00a0<\/p>\n<p>\u00a0 \u00a0\u00a0 \u00a0\u00a0 \u00a0\u00a0Los \u00a0suscritos \u00a0Magistrados, MAR\u00cdA DEL ROSARIO GONZ\u00c1LEZ DE LEMOS, \u00a0JOS\u00c9 \u00a0 \u00a0LEONIDAS \u00a0 BUSTOS \u00a0 MART\u00cdNEZ, \u00a0SIGIFREDO \u00a0ESPINOSA \u00a0P\u00c9REZ, \u00a0ALFREDO G\u00d3MEZ QUINTERO, AUGUSTO J. \u00a0IB\u00c1\u00d1EZ \u00a0GUZM\u00c1N, \u00a0JORGE LUIS QUINTERO MILAN\u00c9S, YESID RAM\u00cdREZ BASTIDAS, JULIO \u00a0ENRIQUE \u00a0SOCHA SALAMANCA y JAVIER ZAPATA ORTIZ, manifestamos nuestro impedimento \u00a0conjunto \u00a0para \u00a0conocer \u00a0de \u00a0la acci\u00f3n de revisi\u00f3n instaurada por el apoderado \u00a0del \u00a0 \u00a0 \u00a0condenado \u00a0 \u00a0 \u00a0JIMMY \u00a0 \u00a0 \u00a0FERNANDO \u00a0 \u00a0 \u00a0RECALDE \u00a0 \u00a0 MORILLO, \u00a0 contra \u00a0 la \u00a0sentencia \u00a0de \u00a0segunda \u00a0instancia \u00a0proferida \u00a0por \u00a0el Tribunal Superior del Distrito Judicial de Cali el \u00a028 \u00a0 \u00a0 de \u00a0 \u00a0 julio \u00a0 \u00a0 de \u00a0 \u00a02008, \u00a0 \u00a0mediante \u00a0la cual confirm\u00f3 la del Juzgado 21 Penal del Circuito de \u00a0la \u00a0misma ciudad,\u00a0 que lo conden\u00f3 como responsable del delito de homicidio \u00a0culposo \u00a0a \u00a0una \u00a0pena \u00a0principal \u00a0de dos (2) a\u00f1os de \u00a0prisi\u00f3n \u00a0y multa de un mil pesos; as\u00ed como a la de interdicci\u00f3n de derechos y \u00a0funciones \u00a0p\u00fablicas \u00a0por \u00a0el \u00a0mismo \u00a0t\u00e9rmino \u00a0de la pena principal; al pago de \u00a0perjuicios \u00a0materiales y morales, as\u00ed mismo le fue concedido el subrogado de la \u00a0suspensi\u00f3n de la ejecuci\u00f3n de la pena. \u00a0\u00a0<\/p>\n<p>Lo anterior, con fundamento en el numeral 6\u00ba \u00a0del \u00a0art\u00edculo \u00a099 \u00a0de la Ley 600 de 2000, pues como se consider\u00f3 en auto de 16 \u00a0de \u00a0diciembre \u00a0de 2008, radicaci\u00f3n 30798, en demanda de casaci\u00f3n, participamos \u00a0acerca \u00a0de \u00a0la \u00a0inadmisibilidad \u00a0de la misma presentada por la defensa del aqu\u00ed \u00a0citado \u00a0JIMMY \u00a0FERNANDO RECALME MORILLO, por carecer de los condicionamientos de \u00a0viabilidad \u00a0se\u00f1alados \u00a0en \u00a0el \u00a0art\u00edculo \u00a0212 \u00a0ib\u00eddem, \u00a0(folio \u00a095-116 \u00a0de \u00a0la \u00a0demanda). \u00a0\u00a0<\/p>\n<p>Es evidente que los suscritos Magistrados de \u00a0la \u00a0Sala \u00a0de \u00a0Casaci\u00f3n \u00a0Penal \u00a0en \u00a0esa \u00a0oportunidad \u00a0compartimos los argumentos \u00a0expuestos \u00a0por \u00a0el \u00a0ad \u00a0quem, \u00a0al \u00a0punto \u00a0que \u00a0no \u00a0se \u00a0advirti\u00f3 quebranto a las \u00a0garant\u00edas \u00a0 \u00a0fundamentales \u00a0 que \u00a0 oficiosamente \u00a0 permitieran \u00a0 ocuparse \u00a0 del \u00a0asunto. \u00a0\u00a0<\/p>\n<p>Por dicha raz\u00f3n, las diligencias pasar\u00e1n a \u00a0una \u00a0Sala de Conjueces que compondr\u00e1 la Presidencia de la Sala, para que decida \u00a0acerca \u00a0del presente impedimento, as\u00ed como de la admisibilidad de la demanda de \u00a0revisi\u00f3n presentada. \u00a0\u00a0<\/p>\n<p>C\u00famplase \u00a0<\/p>\n<p>MAR\u00cdA \u00a0 \u00a0DEL \u00a0 ROSARIO \u00a0 GONZ\u00c1LEZ \u00a0 DE \u00a0LEMOS \u00a0\u00a0<\/p>\n<p>\u00a0\u00a0 \u00a0JOS\u00c9\u00a0 \u00a0LEONIDAS \u00a0BUSTOS \u00a0MART\u00cdNEZ\u00a0\u00a0\u00a0\u00a0\u00a0\u00a0\u00a0\u00a0\u00a0\u00a0\u00a0\u00a0\u00a0\u00a0 \u00a0SIGIFREDO ESPINOSA P\u00c9REZ \u00a0\u00a0<\/p>\n<p>\u00a0\u00a0\u00a0 \u00a0 \u00a0ALFREDO \u00a0 \u00a0G\u00d3MEZ \u00a0QUINTERO\u00a0 \u00a0 \u00a0 \u00a0 \u00a0 \u00a0\u00a0 \u00a0 \u00a0\u00a0 \u00a0 \u00a0\u00a0 \u00a0\u00a0\u00a0\u00a0\u00a0 \u00a0 \u00a0\u00a0 \u00a0\u00a0 \u00a0\u00a0 \u00a0\u00a0\u00a0\u00a0 AUGUSTO J. \u00a0IB\u00c1\u00d1EZ GUZM\u00c1N \u00a0\u00a0<\/p>\n<p>\u00a0 \u00a0 \u00a0 JORGE \u00a0 \u00a0 LUIS \u00a0 \u00a0 QUINTERO \u00a0MILAN\u00c9S \u00a0\u00a0 \u00a0\u00a0 \u00a0\u00a0 \u00a0\u00a0YESID RAM\u00cdREZ BASTIDAS \u00a0\u00a0<\/p>\n<p>JULIO \u00a0ENRIQUE \u00a0SOCHA \u00a0SALAMANCA \u00a0\u00a0 \u00a0 \u00a0 \u00a0\u00a0\u00a0 \u00a0JAVIER ZAPATA ORTIZ \u00a0\u00a0<\/p>\n<p>TERESA RUIZ N\u00da\u00d1EZ \u00a0<\/p>\n<p>Secretaria \u00a0 \u00a0\u00a0<\/p>\n<p><\/p>\n","protected":false},"excerpt":{"rendered":"<p>\u00a0 \u00a0 \u00a0\u00a0 Proceso n.\u00ba 34713 \u00a0 CORTE SUPREMA DE JUSTICIA \u00a0 SALA DE CASACI\u00d3N PENAL \u00a0 Bogot\u00e1, \u00a0D. \u00a0C., diez (10) de agosto de dos \u00a0mil diez (2010). \u00a0\u00a0 \u00a0 \u00a0\u00a0 \u00a0\u00a0 \u00a0\u00a0Los \u00a0suscritos \u00a0Magistrados, MAR\u00cdA DEL ROSARIO GONZ\u00c1LEZ DE LEMOS, \u00a0JOS\u00c9 \u00a0 \u00a0LEONIDAS \u00a0 BUSTOS \u00a0 MART\u00cdNEZ, \u00a0SIGIFREDO \u00a0ESPINOSA \u00a0P\u00c9REZ, \u00a0ALFREDO G\u00d3MEZ QUINTERO, [&hellip;]<\/p>\n","protected":false},"author":1,"featured_media":0,"comment_status":"open","ping_status":"open","sticky":false,"template":"","format":"standard","meta":{"footnotes":""},"categories":[18],"tags":[],"class_list":["post-21352","post","type-post","status-publish","format-standard","hentry","category-18"],"_links":{"self":[{"href":"https:\/\/dmsjuridica.com\/buscador_20179478954\/salapenalcronologico20230723\/wp-json\/wp\/v2\/posts\/21352","targetHints":{"allow":["GET"]}}],"collection":[{"href":"https:\/\/dmsjuridica.com\/buscador_20179478954\/salapenalcronologico20230723\/wp-json\/wp\/v2\/posts"}],"about":[{"href":"https:\/\/dmsjuridica.com\/buscador_20179478954\/salapenalcronologico20230723\/wp-json\/wp\/v2\/types\/post"}],"author":[{"embeddable":true,"href":"https:\/\/dmsjuridica.com\/buscador_20179478954\/salapenalcronologico20230723\/wp-json\/wp\/v2\/users\/1"}],"replies":[{"embeddable":true,"href":"https:\/\/dmsjuridica.com\/buscador_20179478954\/salapenalcronologico20230723\/wp-json\/wp\/v2\/comments?post=21352"}],"version-history":[{"count":0,"href":"https:\/\/dmsjuridica.com\/buscador_20179478954\/salapenalcronologico20230723\/wp-json\/wp\/v2\/posts\/21352\/revisions"}],"wp:attachment":[{"href":"https:\/\/dmsjuridica.com\/buscador_20179478954\/salapenalcronologico20230723\/wp-json\/wp\/v2\/media?parent=21352"}],"wp:term":[{"taxonomy":"category","embeddable":true,"href":"https:\/\/dmsjuridica.com\/buscador_20179478954\/salapenalcronologico20230723\/wp-json\/wp\/v2\/categories?post=21352"},{"taxonomy":"post_tag","embeddable":true,"href":"https:\/\/dmsjuridica.com\/buscador_20179478954\/salapenalcronologico20230723\/wp-json\/wp\/v2\/tags?post=21352"}],"curies":[{"name":"wp","href":"https:\/\/api.w.org\/{rel}","templated":true}]}}