{"id":21332,"date":"2023-09-11T22:55:17","date_gmt":"2023-09-11T22:55:17","guid":{"rendered":"https:\/\/dmsjuridica.com\/buscador_20179478954\/salapenalcronologico20230723\/2023\/09\/11\/3465817-11-10\/"},"modified":"2023-09-11T22:55:17","modified_gmt":"2023-09-11T22:55:17","slug":"3465817-11-10","status":"publish","type":"post","link":"https:\/\/dmsjuridica.com\/buscador_20179478954\/salapenalcronologico20230723\/2023\/09\/11\/3465817-11-10\/","title":{"rendered":"34658(17-11-10)"},"content":{"rendered":"\n<p>\u00a0 \u00a0 Proceso n.\u00ba 34658 \u00a0<\/p>\n<p>CORTE SUPREMA DE JUSTICIA \u00a0<\/p>\n<p>SALA DE CASACI\u00d3N PENAL \u00a0<\/p>\n<p>\u00a0 \u00a0\u00a0 \u00a0\u00a0 \u00a0\u00a0 \u00a0\u00a0 \u00a0 \u00a0 \u00a0 \u00a0 \u00a0 \u00a0\u00a0 \u00a0 \u00a0\u00a0<\/p>\n<p>Magistrado Ponente \u00a0<\/p>\n<p>JORGE \u00a0LUIS \u00a0QUINTERO \u00a0MILAN\u00c9S \u00a0\u00a0<\/p>\n<p>Aprobado \u00a0 acta \u00a0 N\u00b0 \u00a0371 \u00a0\u00a0<\/p>\n<p>Bogot\u00e1, D. C., diecisiete (17) de noviembre \u00a0de dos mil diez (2010) \u00a0\u00a0<\/p>\n<p>\u00a0\u00a0\u00a0\u00a0\u00a0\u00a0\u00a0\u00a0\u00a0\u00a0\u00a0\u00a0\u00a0\u00a0\u00a0\u00a0 \u00a0V I S T O S \u00a0\u00a0<\/p>\n<p>La \u00a0Corte \u00a0concept\u00faa \u00a0sobre la solicitud de \u00a0extradici\u00f3n \u00a0del \u00a0ciudadano \u00a0colombiano JOS\u00c9 EMILIANO \u00a0MORENO \u00a0MONTENEGRO, \u00a0elevada \u00a0por \u00a0el \u00a0Gobierno de los \u00a0Estados Unidos de Am\u00e9rica. \u00a0\u00a0<\/p>\n<p>L \u00a0A\u00a0\u00a0\u00a0\u00a0 S O L I C I T U D \u00a0\u00a0<\/p>\n<p>El \u00a0Gobierno \u00a0de \u00a0los \u00a0Estados \u00a0Unidos \u00a0de \u00a0Am\u00e9rica, \u00a0mediante \u00a0Nota Verbal n\u00famero 1545 del 16 de julio de 2010, solicit\u00f3 \u00a0la \u00a0 extradici\u00f3n \u00a0 del \u00a0 ciudadano \u00a0colombiano \u00a0Jos\u00e9 \u00a0Emiliano \u00a0Moreno \u00a0Montenegro, \u00a0a quien requiere con el \u00a0fin \u00a0de \u00a0que \u00a0comparezca \u00a0en \u00a0juicio \u00a0por \u00a0delitos federales relacionados con el \u00a0narcotr\u00e1fico, \u00a0conforme \u00a0a \u00a0la acusaci\u00f3n n\u00famero 06-CR-0775 (RJD) proferida el \u00a021 \u00a0de \u00a0noviembre \u00a0de \u00a02006 \u00a0por \u00a0el Tribunal de Distrito de los Estados Unidos, \u00a0Distrito Este de Nueva York. \u00a0\u00a0<\/p>\n<p>1.\u00a0 \u00a0 La \u00a0acusaci\u00f3n dictada en contra del solicitado \u00a0\u00a0<\/p>\n<p>1.1.\u00a0 \u00a0El Gran Jurado del Distrito Este \u00a0de \u00a0Nueva \u00a0York, \u00a0el \u00a021 \u00a0de \u00a0noviembre \u00a0de \u00a02006, \u00a0dict\u00f3 la acusaci\u00f3n n\u00famero \u00a006-CR-0775 \u00a0(RJD) \u00a0a \u00a0trav\u00e9s \u00a0de \u00a0la \u00a0cual formul\u00f3 en contra del solicitado en \u00a0extradici\u00f3n, \u00a0 ciudadano \u00a0colombiano \u00a0Jos\u00e9 \u00a0Emiliano \u00a0Moreno Montenegro, los siguientes cargos: \u00a0\u00a0<\/p>\n<p>\u201cCARGO\u00a0\u00a0 \u00a0UNO \u00a0\u00a0<\/p>\n<p>\u201cEntre el mes de \u00a0mayo \u00a0de \u00a02005 \u00a0y \u00a0el mes de febrero de 2006, o alrededor de esas fechas, siendo \u00a0ambas \u00a0fechas aproximadas e inclusivas, dentro del Distrito Este de Nueva York y \u00a0en \u00a0otros \u00a0lugares, \u00a0el \u00a0acusado JOS\u00c9 EMILIANO MORENO \u00a0MONTENEGRO, \u00a0conjuntamente \u00a0con \u00a0otras \u00a0personas, \u00a0a \u00a0sabiendas \u00a0e \u00a0intencionalmente \u00a0particip\u00f3 \u00a0en \u00a0un concierto para delinquir para \u00a0importar \u00a0una sustancia controlada a los Estados Unidos desde un lugar fuera del \u00a0mismo, \u00a0tal delito involucr\u00f3 un kilogramo o m\u00e1s de una sustancia que conten\u00eda \u00a0hero\u00edna, \u00a0una \u00a0sustancia controlada de la Lista I, en violaci\u00f3n del T\u00edtulo 21 \u00a0del \u00a0 \u00a0C\u00f3digo \u00a0 \u00a0de \u00a0 \u00a0los \u00a0 \u00a0Estados \u00a0 Unidos, \u00a0 Secci\u00f3n \u00a0 952(a). \u00a0\u00a0<\/p>\n<p>\u201c(T\u00edtulo 21 del \u00a0C\u00f3digo \u00a0de los Estados Unidos, Secciones 963, 960(a)(1) y 960(b)(1)(A); T\u00edtulo \u00a018 \u00a0 \u00a0del \u00a0 \u00a0C\u00f3digo \u00a0 \u00a0de \u00a0 \u00a0los \u00a0 \u00a0Estados \u00a0 \u00a0Unidos, \u00a0 \u00a0Secciones \u00a0 \u00a03551 \u00a0 y \u00a0subsiguientes). \u00a0\u00a0<\/p>\n<p>\u201cCARGO\u00a0\u00a0 \u00a0DOS \u00a0\u00a0<\/p>\n<p>\u201cEntre el mes de \u00a0mayo \u00a0de \u00a02005 \u00a0y \u00a0el mes de febrero de 2006, o alrededor de esas fechas, siendo \u00a0ambas \u00a0fechas aproximadas e inclusivas, dentro del Distrito Este de Nueva York y \u00a0en \u00a0otros \u00a0lugares, \u00a0el \u00a0acusado JOS\u00c9 EMILIANO MORENO \u00a0MONTENEGRO, \u00a0conjuntamente \u00a0con \u00a0otras \u00a0personas, \u00a0a \u00a0sabiendas \u00a0e \u00a0intencionalmente \u00a0particip\u00f3 \u00a0en \u00a0un concierto para delinquir para \u00a0distribuir \u00a0una \u00a0sustancia \u00a0controlada \u00a0con \u00a0la \u00a0intenci\u00f3n de que tal sustancia \u00a0controlada \u00a0 se \u00a0importara \u00a0il\u00edcitamente \u00a0a \u00a0los \u00a0Estados \u00a0Unidos, \u00a0tal \u00a0delito \u00a0involucr\u00f3 \u00a0un \u00a0kilogramo \u00a0o \u00a0m\u00e1s \u00a0de una sustancia que conten\u00eda hero\u00edna, una \u00a0sustancia \u00a0controlada de la Lista I, en violaci\u00f3n del T\u00edtulo 21 del C\u00f3digo de \u00a0los Estados Unidos, Secci\u00f3n 952(a)(1). \u00a0\u00a0<\/p>\n<p>\u201c(T\u00edtulo 21 del \u00a0C\u00f3digo \u00a0de los Estados Unidos, Secciones 963, 960(a)(3) y 960(b)(1)(A); T\u00edtulo \u00a018 \u00a0 \u00a0del \u00a0 \u00a0C\u00f3digo \u00a0 \u00a0de \u00a0 \u00a0los \u00a0 \u00a0Estados \u00a0 \u00a0Unidos, \u00a0 \u00a0Secciones \u00a0 \u00a03551 \u00a0 y \u00a0subsiguientes)\u201d. \u00a0\u00a0<\/p>\n<p>1.2.\u00a0 \u00a0 \u00a0Los \u00a0 hechos \u00a0 objeto \u00a0 de \u00a0investigaci\u00f3n \u00a0e \u00a0imputaci\u00f3n \u00a0de \u00a0los \u00a0citados cargos formulados en su contra, \u00a0motivo de la solicitud de extradici\u00f3n, son los siguientes: \u00a0\u00a0<\/p>\n<p>\u201cLos hechos del \u00a0caso \u00a0indican \u00a0que \u00a0desde \u00a0por \u00a0lo \u00a0menos \u00a0mayo \u00a0de \u00a02005 hasta febrero de 2006, \u00a0Jos\u00e9 \u00a0 \u00a0Emiliano \u00a0 Moreno \u00a0 Montenegro \u00a0 particip\u00f3 \u00a0en \u00a0la \u00a0importaci\u00f3n \u00a0de \u00a0m\u00faltiples \u00a0kilogramos \u00a0de \u00a0hero\u00edna \u00a0desde \u00a0Colombia, \u00a0v\u00eda \u00a0M\u00e9xico y otros lugares, a los Estados Unidos. \u00a0Moreno \u00a0 \u00a0 Montenegro \u00a0particip\u00f3 \u00a0en conversaciones grabadas desde Colombia con dos diferentes fuentes \u00a0confidenciales \u00a0de \u00a0la \u00a0Agencia para el Control de las Drogas (DEA) en relaci\u00f3n \u00a0con \u00a0sus \u00a0actividades \u00a0de \u00a0tr\u00e1fico \u00a0de \u00a0narc\u00f3ticos con el objeto de apoyar sus \u00a0esfuerzos \u00a0para \u00a0importar \u00a0y \u00a0distribuir \u00a0hero\u00edna \u00a0en \u00a0el \u00a0\u00e1rea de Nueva York. \u00a0Moreno \u00a0 Montenegro \u00a0 era \u00a0asistido \u00a0por \u00a0otros \u00a0individuos \u00a0no \u00a0conocidos \u00a0en \u00a0Colombia \u00a0y \u00a0en Nueva York, \u00a0incluyendo \u00a0 \u00a0 un \u00a0 \u00a0 hombre \u00a0 \u00a0 conocido \u00a0 \u00a0 solamente \u00a0 \u00a0 como \u00a0 \u00a0\u2018Fercho\u2019, \u00a0quien \u00a0se \u00a0reuni\u00f3 \u00a0con una fuente \u00a0confidencial \u00a0de \u00a0la \u00a0DEA \u00a0en \u00a0mayo \u00a0de 2005. Por ejemplo, el mismo Moreno \u00a0Montenegro \u00a0se \u00a0reuni\u00f3 \u00a0con una \u00a0segunda \u00a0fuente \u00a0confidencial \u00a0en \u00a0Colombia \u00a0en \u00a0febrero de 2006, y discuti\u00f3 la \u00a0importaci\u00f3n \u00a0 \u00a0 de \u00a0 \u00a0 narc\u00f3ticos \u00a0 \u00a0a \u00a0 \u00a0los \u00a0 \u00a0Estados \u00a0 \u00a0Unidos. \u00a0\u00a0<\/p>\n<p>\u201cTodas \u00a0 las \u00a0acciones \u00a0adelantadas \u00a0por \u00a0el \u00a0acusado \u00a0en \u00a0este \u00a0caso \u00a0fueron \u00a0realizadas \u00a0con \u00a0posterioridad \u00a0 \u00a0 \u00a0al \u00a0 \u00a0 \u00a017 \u00a0 \u00a0 \u00a0de \u00a0 \u00a0 \u00a0diciembre \u00a0 \u00a0 de \u00a0 \u00a0 1997\u201d. \u00a0\u00a0<\/p>\n<p>2.\u00a0 \u00a0 Los \u00a0documentos allegados \u00a0\u00a0<\/p>\n<p>La documentaci\u00f3n remitida por el Gobierno de \u00a0los \u00a0Estados \u00a0Unidos \u00a0de \u00a0Am\u00e9rica que sustenta la solicitud de extradici\u00f3n del \u00a0ciudadano \u00a0 \u00a0colombiano \u00a0 \u00a0Jos\u00e9 \u00a0 Emiliano \u00a0 Moreno \u00a0Montenegro, es la siguiente: \u00a0\u00a0<\/p>\n<p>2.1.\u00a0 \u00a0Copia \u00a0de \u00a0la acusaci\u00f3n n\u00famero \u00a006-CR-0775 \u00a0(RJD) \u00a0proferida \u00a0el \u00a021 \u00a0de \u00a0noviembre \u00a0de \u00a02006 por el Tribunal de \u00a0Distrito \u00a0 de \u00a0 los \u00a0 Estados \u00a0 Unidos, \u00a0 Distrito \u00a0 Este \u00a0 de \u00a0Nueva \u00a0York, \u00a0en \u00a0contra \u00a0 de \u00a0 Jos\u00e9 \u00a0 \u00a0 \u00a0 \u00a0 Emiliano \u00a0 \u00a0 \u00a0 \u00a0 Moreno \u00a0 \u00a0 \u00a0 \u00a0 Montenegro. \u00a0\u00a0<\/p>\n<p>2.2.\u00a0 \u00a0Las \u00a0declaraciones \u00a0juradas \u00a0de \u00a0Bonnie \u00a0S. \u00a0Klapper, Fiscal Auxiliar de los Estados Unidos, y de Alex X. Col\u00f3n, \u00a0Agente \u00a0Especial \u00a0de la Administraci\u00f3n para el Control de Drogas (DEA), las que \u00a0respaldan \u00a0la \u00a0acusaci\u00f3n \u00a0en \u00a0contra de Jos\u00e9 Emiliano \u00a0Moreno Montenegro. \u00a0\u00a0<\/p>\n<p>La Fiscal Auxiliar de los Estados Unidos para \u00a0el \u00a0Distrito \u00a0de \u00a0Nueva \u00a0York, \u00a0se\u00f1ora \u00a0Bonnie \u00a0S. \u00a0Klapper, en su declaraci\u00f3n \u00a0explica \u00a0los \u00a0alcances \u00a0jur\u00eddicos \u00a0de \u00a0la \u00a0acusaci\u00f3n, \u00a0hace una descripci\u00f3n y \u00a0vigencia \u00a0de \u00a0los tipos penales imputados y realiza una s\u00edntesis de los hechos, \u00a0de \u00a0la \u00a0actuaci\u00f3n \u00a0procesal \u00a0y \u00a0de \u00a0los \u00a0cargos \u00a0atribuidos \u00a0al \u00a0solicitado \u00a0en \u00a0extradici\u00f3n. \u00a0\u00a0<\/p>\n<p>A \u00a0su vez, el Agente Especial Alex X. Col\u00f3n \u00a0relata, \u00a0de \u00a0manera \u00a0detallada,\u00a0 \u00a0los \u00a0hechos \u00a0objeto \u00a0de \u00a0investigaci\u00f3n y \u00a0juzgamiento \u00a0ante el citado Tribunal y la participaci\u00f3n en los mismos por parte \u00a0del \u00a0requerido \u00a0en \u00a0extradici\u00f3n, \u00a0respecto \u00a0de quien suministra la informaci\u00f3n \u00a0necesaria sobre su identidad. \u00a0\u00a0<\/p>\n<p>2.3.\u00a0 \u00a0 Copia \u00a0 del \u00a0 texto \u00a0 de \u00a0las \u00a0disposiciones \u00a0del \u00a0C\u00f3digo de los Estados Unidos que se afirman fueron violadas \u00a0por \u00a0el \u00a0solicitado en extradici\u00f3n y que se encontraban vigentes para la \u00e9poca \u00a0de los hechos. \u00a0\u00a0<\/p>\n<p>2.4.\u00a0 \u00a0Por \u00faltimo, se alleg\u00f3 copia de \u00a0la \u00a0 \u00a0orden \u00a0 \u00a0de \u00a0 \u00a0arresto \u00a0 \u00a0dictada \u00a0 \u00a0en \u00a0 \u00a0contra \u00a0 \u00a0del \u00a0 \u00a0requerido \u00a0 en \u00a0extradici\u00f3n. \u00a0\u00a0<\/p>\n<p>2.5.\u00a0 En la Nota Verbal N\u00b0 1545 del 16 \u00a0de \u00a0julio \u00a0de 2010, mediante la cual se formaliz\u00f3 la solicitud de extradici\u00f3n, \u00a0se \u00a0 \u00a0inform\u00f3 \u00a0 \u00a0que \u00a0 \u00a0Jos\u00e9 \u00a0 \u00a0Emiliano \u00a0 \u00a0Moreno \u00a0Montenegro, \u00a0 \u201ces \u00a0ciudadano de Colombia, nacido el 4 \u00a0de \u00a0diciembre \u00a0de \u00a01962, en Colombia. Es portador de\u00a0 la c\u00e9dula colombiana \u00a0N\u00b0 79.123.226\u201d. \u00a0\u00a0<\/p>\n<p>2.6.\u00a0 La Embajada de los Estados Unidos \u00a0de \u00a0Am\u00e9rica, mediante Nota Verbal N\u00b0 2271 del 2 de agosto de 2007 solicit\u00f3 la \u00a0captura \u00a0 con \u00a0 fines \u00a0 de \u00a0 extradici\u00f3n \u00a0 de \u00a0Moreno \u00a0Montenegro, \u00a0documento que el Ministerio de Relaciones \u00a0Exteriores \u00a0 remiti\u00f3 \u00a0 al \u00a0 Fiscal \u00a0General \u00a0de \u00a0la \u00a0Naci\u00f3n, \u00a0quien, \u00a0mediante \u00a0resoluci\u00f3n del 8 de agosto siguiente, orden\u00f3 su aprehensi\u00f3n. \u00a0\u00a0<\/p>\n<p>Seg\u00fan\u00a0 \u00a0 \u00a0 \u00a0informaci\u00f3n\u00a0 \u00a0suministrada\u00a0 \u00a0por\u00a0 \u00a0la\u00a0 \u00a0Fiscal\u00eda\u00a0 \u00a0General\u00a0 de\u00a0 \u00a0la\u00a0 \u00a0 Naci\u00f3n, \u00a0 la \u00a0resoluci\u00f3n \u00a0que \u00a0dispuso \u00a0la \u00a0captura \u00a0de \u00a0 Jos\u00e9 \u00a0 Emiliano \u00a0 Moreno \u00a0 Montenegro, \u00a0identificado \u00a0con \u00a0la \u00a0c\u00e9dula \u00a0de \u00a0ciudadan\u00eda N\u00b0 79.123.226\u00a0 expedida en \u00a0Fontib\u00f3n \u00a0(Bogot\u00e1, \u00a0D. \u00a0C.), \u00a0le fue notificada personalmente el 22 de mayo de \u00a02010. \u00a0\u00a0<\/p>\n<p>2.7.\u00a0 \u00a0La solicitud de extradici\u00f3n fue \u00a0formalizada \u00a0mediante la Nota Verbal\u00a0 n\u00famero 1545 del 16 de julio de 2010, \u00a0emitida \u00a0por \u00a0la \u00a0Embajada de los\u00a0 Estados Unidos de Am\u00e9rica y dirigida al \u00a0Ministerio \u00a0de \u00a0Relaciones\u00a0 \u00a0Exteriores de Colombia, con la que se adjunt\u00f3 \u00a0la \u00a0documentaci\u00f3n \u00a0que \u00a0apoya\u00a0 \u00a0el \u00a0pedido \u00a0de extradici\u00f3n de \u00a0 \u00a0 \u00a0 Jos\u00e9 \u00a0 \u00a0 \u00a0 Emiliano \u00a0 \u00a0 \u00a0 Moreno \u00a0 \u00a0 \u00a0Montenegro. \u00a0\u00a0<\/p>\n<p>3.\u00a0 La normatividad que rige al presente \u00a0tr\u00e1mite \u00a0es \u00a0la \u00a0contemplada \u00a0en \u00a0Libro \u00a0V, \u00a0Cap\u00edtulo \u00a0Segundo, del C\u00f3digo de \u00a0Procedimiento \u00a0Penal \u00a0de \u00a02004, \u00a0en \u00a0la\u00a0 medida que no existe en el momento \u00a0convenio \u00a0aplicable \u00a0que \u00a0regule \u00a0el\u00a0 \u00a0asunto, \u00a0como \u00a0as\u00ed lo conceptu\u00f3 la \u00a0Directora \u00a0de \u00a0Asuntos \u00a0Jur\u00eddicos \u00a0Internacionales del Ministerio de Relaciones \u00a0Exteriores, \u00a0seg\u00fan \u00a0oficio n\u00famero\u00a0 DAJI.E. 01422 del 19 de julio de 2010, \u00a0quien \u00a0adem\u00e1s certific\u00f3 que \u00a0la \u00a0documentaci\u00f3n \u00a0del \u00a0expediente \u00a0procedente \u00a0de \u00a0la \u00a0Embajada de los Estados \u00a0Unidos \u00a0de \u00a0Am\u00e9rica, \u00a0fue \u00a0presentada \u00a0\u201cdebidamente \u00a0autenticada\u201d. \u00a0\u00a0<\/p>\n<p>PER\u00cdODO\u00a0\u00a0 \u00a0PROBATORIO \u00a0\u00a0<\/p>\n<p>Los sujetos procesales no solicitaron pruebas \u00a0ni la Corte consider\u00f3 necesario decretar ninguna de oficio. \u00a0\u00a0<\/p>\n<p>LAS\u00a0 \u00a0 ALEGACIONES\u00a0 \u00a0 DE\u00a0 \u00a0LAS\u00a0 PARTES \u00a0\u00a0<\/p>\n<p>1. \u00a0Las presentadas \u00a0por la Procuradora Tercera Delegada para la Casaci\u00f3n Penal \u00a0\u00a0<\/p>\n<p>La \u00a0representante \u00a0del \u00a0Ministerio P\u00fablico, \u00a0luego \u00a0de \u00a0relacionar de manera\u00a0 detallada los hechos, los antecedentes, el \u00a0tr\u00e1mite \u00a0adelantado, \u00a0los \u00a0instrumentos \u00a0allegados a este diligenciamiento y de \u00a0mencionar \u00a0las \u00a0normas \u00a0aplicables \u00a0al \u00a0caso, dice que, en lo relacionado con la \u00a0validez \u00a0formal \u00a0de \u00a0los \u00a0documentos, el Estado solicitante aport\u00f3, debidamente \u00a0traducidas \u00a0y \u00a0autenticadas, la providencia acusatoria, en la cual se rese\u00f1a el \u00a0lugar \u00a0y \u00a0las \u00a0fechas \u00a0donde \u00a0ocurrieron \u00a0los \u00a0hechos \u00a0y el delito imputado, las \u00a0distintas \u00a0normas \u00a0penales, \u00a0las \u00a0declaraciones de apoyo a la\u00a0 solicitud de \u00a0extradici\u00f3n \u00a0y \u00a0la \u00a0orden de captura, motivo por el cual concluye que se cumple \u00a0cabalmente con esta exigencia legal. \u00a0\u00a0<\/p>\n<p>Respecto \u00a0a \u00a0la \u00a0demostraci\u00f3n \u00a0plena \u00a0de la \u00a0identidad \u00a0del \u00a0requerido, \u00a0asevera \u00a0que \u00a0es \u00a0otra \u00a0exigencia \u00a0que \u00a0se encuentra \u00a0satisfecha, \u00a0toda \u00a0vez que los datos suministrados por las autoridades del pa\u00eds \u00a0requirente \u00a0coinciden con los de la persona que fue notificada de la resoluci\u00f3n \u00a0expedida \u00a0por \u00a0la \u00a0Fiscal\u00eda \u00a0General \u00a0de \u00a0la \u00a0Naci\u00f3n, \u00a0por medio de la cual se \u00a0orden\u00f3 \u00a0su \u00a0captura \u00a0y \u00a0que en este momento se encuentra privada de la libertad \u00a0con fines de extradici\u00f3n. \u00a0\u00a0<\/p>\n<p>Agrega \u00a0que \u00a0los \u00a0documentos \u00a0allegados \u00a0al \u00a0presente \u00a0tr\u00e1mite se consignaron sus datos personales, los cuales coinciden con \u00a0los \u00a0 \u00a0que \u00a0 \u00a0suministr\u00f3 \u00a0 Jos\u00e9 \u00a0 Emiliano \u00a0 Moreno \u00a0Montenegro. \u00a0\u00a0<\/p>\n<p>En \u00a0lo que tiene que ver con el principio de \u00a0la \u00a0 doble \u00a0 incriminaci\u00f3n, \u00a0 sostiene \u00a0que \u00a0los \u00a0dos \u00a0cargos \u00a0imputados \u00a0a \u00a0Jos\u00e9 \u00a0Emiliano \u00a0 Moreno \u00a0Montenegro \u00a0encuentran \u00a0adecuaci\u00f3n \u00a0t\u00edpica \u00a0en \u00a0el \u00a0art\u00edculo \u00a0340, \u00a0en \u00a0concordancia con el 376, del\u00a0 C\u00f3digo \u00a0Penal, \u00a0el \u00a0cual \u00a0consagra el delito de concierto para delinquir relacionado con \u00a0el \u00a0tr\u00e1fico \u00a0de \u00a0estupefacientes, \u00a0sancionado \u00a0con pena\u00a0 superior a cuatro \u00a0a\u00f1os, \u00a0aspecto \u00a0que \u00a0conlleva \u00a0a \u00a0concluir \u00a0que \u00a0tambi\u00e9n \u00a0se \u00a0cumple \u00a0con este \u00a0postulado. \u00a0\u00a0<\/p>\n<p>En\u00a0 \u00a0lo\u00a0 \u00a0que\u00a0 \u00a0respecta a la \u00a0equivalencia \u00a0de \u00a0la \u00a0providencia dictada en el pa\u00eds\u00a0 solicitante, tampoco \u00a0encuentra \u00a0inconveniente \u00a0alguno, \u00a0por \u00a0cuanto la\u00a0 acusaci\u00f3n dictada en el \u00a0extranjero \u00a0contiene \u00a0el \u00a0cargo \u00a0del cual se debe\u00a0 defender el acusado, sin \u00a0olvidar \u00a0que \u00a0dicha \u00a0pieza \u00a0se \u00a0constituye en\u00a0 presupuesto procesal para la \u00a0iniciaci\u00f3n \u00a0 de \u00a0la \u00a0etapa \u00a0de \u00a0juzgamiento, \u00a0que \u00a0culmina \u00a0con \u00a0la \u00a0respectiva \u00a0sentencia, \u00a0 adem\u00e1s \u00a0de \u00a0que \u00a0contiene \u00a0una \u00a0relaci\u00f3n \u00a0de \u00a0los \u00a0hechos \u00a0y \u00a0la calificaci\u00f3n jur\u00eddica de la \u00a0conducta, \u00a0 lo \u00a0 cual \u00a0 permite \u00a0 colegir \u00a0 que \u00a0 dicha \u00a0pieza \u00a0procesal \u00a0guarda \u00a0correspondencia \u00a0 \u00a0con \u00a0 \u00a0la \u00a0 \u00a0acusaci\u00f3n \u00a0 \u00a0prevista \u00a0 \u00a0en \u00a0 nuestro \u00a0 sistema \u00a0penal. \u00a0\u00a0<\/p>\n<p>En \u00a0consecuencia, \u00a0estima \u00a0la \u00a0Delegada \u00a0del \u00a0Ministerio \u00a0P\u00fablico \u00a0que en este\u00a0 caso las formalidades legales se cumplen \u00a0cabalmente \u00a0para que la Corte\u00a0 proceda a emitir concepto favorable respecto \u00a0de \u00a0la \u00a0solicitud \u00a0de \u00a0extradici\u00f3n\u00a0 \u00a0del \u00a0ciudadano colombiano \u00a0 \u00a0 \u00a0 Jos\u00e9 \u00a0 \u00a0 \u00a0 Emiliano \u00a0 \u00a0 \u00a0 Moreno \u00a0 \u00a0 \u00a0Montenegro. \u00a0\u00a0<\/p>\n<p>En \u00a0 orden \u00a0 a \u00a0 garantizar \u00a0los \u00a0derechos \u00a0fundamentales \u00a0 del \u00a0 ciudadano \u00a0 colombiano \u00a0 requerido \u00a0 en \u00a0extradici\u00f3n, \u00a0la \u00a0Procuradora \u00a0Delegada sugiere a la Corte exhortar al Gobierno Nacional para que, \u00a0en \u00a0caso \u00a0de \u00a0que \u00a0se \u00a0conceda, \u00a0se \u00a0condicione la misma en el sentido de que el \u00a0solicitado \u00a0no \u00a0sea juzgado por hechos anteriores ni distintos a los que motivan \u00a0la \u00a0extradici\u00f3n, \u00a0ni \u00a0sometido \u00a0a \u00a0prisi\u00f3n \u00a0perpetua, \u00a0ni \u00a0a \u00a0tratos \u00a0crueles, \u00a0inhumanos o degradantes. \u00a0\u00a0<\/p>\n<p>2.\u00a0 \u00a0 Las \u00a0presentadas por la defensa \u00a0\u00a0<\/p>\n<p>El \u00a0 ciudadano \u00a0requerido \u00a0y \u00a0su \u00a0defensor \u00a0guardaron silencio. \u00a0\u00a0<\/p>\n<p>CONCEPTO\u00a0\u00a0 \u00a0DE\u00a0\u00a0 LA\u00a0\u00a0 CORTE \u00a0\u00a0<\/p>\n<p>El art\u00edculo 502 del C\u00f3digo de Procedimiento \u00a0Penal \u00a0(Ley \u00a0906 \u00a0de 2004) estatuye que el concepto que emite\u00a0 la Sala debe \u00a0estar \u00a0centrado en establecer la validez formal de la documentaci\u00f3n presentada, \u00a0la \u00a0demostraci\u00f3n plena de la identidad del solicitado, el principio de la doble \u00a0incriminaci\u00f3n, \u00a0 la \u00a0equivalencia \u00a0de \u00a0la\u00a0 \u00a0providencia \u00a0proferida \u00a0en \u00a0el \u00a0extranjero \u00a0y, \u00a0cuando \u00a0fuere \u00a0el \u00a0caso, \u00a0el \u00a0cumplimiento de lo previsto en los \u00a0tratados p\u00fablicos. \u00a0\u00a0<\/p>\n<p>En \u00a0esas condiciones, se procede a emitir el \u00a0concepto, as\u00ed: \u00a0\u00a0<\/p>\n<p>1.\u00a0 \u00a0La\u00a0 \u00a0validez\u00a0 \u00a0 \u00a0 \u00a0formal\u00a0 \u00a0 \u00a0 \u00a0de\u00a0 \u00a0 \u00a0 los\u00a0 \u00a0 \u00a0 documentos\u00a0 \u00a0aportados \u00a0\u00a0<\/p>\n<p>Advierte \u00a0la \u00a0Sala \u00a0que \u00a0la \u00a0documentaci\u00f3n \u00a0presentada \u00a0 como \u00a0 soporte \u00a0de \u00a0la \u00a0petici\u00f3n \u00a0de \u00a0extradici\u00f3n \u00a0de \u00a0Jos\u00e9 \u00a0Emiliano Moreno Montenegro, cumple \u00a0con \u00a0las \u00a0exigencias legales contempladas en los C\u00f3digos de Procedimiento Penal \u00a0y Civil para tenerla como apta para fundar el respectivo concepto. \u00a0\u00a0<\/p>\n<p>En efecto, no hay duda que los documentos se \u00a0allegaron \u00a0 por \u00a0v\u00eda \u00a0diplom\u00e1tica, \u00a0habiendo \u00a0sido \u00a0debidamente \u00a0traducidos \u00a0y \u00a0autenticados, \u00a0dentro \u00a0de \u00a0los \u00a0cuales \u00a0obra \u00a0la \u00a0copia de la acusaci\u00f3n n\u00famero \u00a006-CR-0775 \u00a0(RJD), \u00a0proferida \u00a0el \u00a021 \u00a0de \u00a0noviembre \u00a0de 2006 por el Tribunal de \u00a0Distrito \u00a0de \u00a0los \u00a0Estados \u00a0Unidos, \u00a0Distrito \u00a0Este \u00a0de \u00a0Nueva York, la cual fue \u00a0firmada \u00a0por \u00a0el \u00a0Presidente \u00a0del Gran Jurado y el Fiscal de los Estados Unidos, \u00a0Distrito \u00a0Este \u00a0de \u00a0Nueva \u00a0York, \u00a0se\u00f1or \u00a0Roslyn \u00a0R. \u00a0Maoskopf, \u00a0documento \u00a0cuya \u00a0autenticidad \u00a0 de \u00a0su \u00a0contenido \u00a0fue \u00a0certificado \u00a0con \u00a0la \u00a0firma \u00a0y \u00a0el \u00a0sello \u00a0pertenecientes \u00a0al \u00a0Secretario \u00a0de \u00a0dicho \u00a0Tribunal, se\u00f1or Robert C. Heinemann. \u00a0\u00a0<\/p>\n<p>A su vez, obran las declaraciones juradas de \u00a0Bonnie \u00a0S. \u00a0Klapper, \u00a0Fiscal \u00a0Auxiliar \u00a0de \u00a0los Estados Unidos, Distrito Este de \u00a0Nueva \u00a0York, \u00a0y de Alex X. Col\u00f3n, Agente Especial de la Administraci\u00f3n para el \u00a0Control \u00a0de \u00a0Drogas \u00a0(DEA), \u00a0rendidas, \u00a0el \u00a030 \u00a0de \u00a0junio \u00a0de 2010, ante un Juez \u00a0Magistrado \u00a0de los Estados Unidos, Distrito Este de Nueva York, cuyos contenidos \u00a0y \u00a0traducci\u00f3n \u00a0al \u00a0espa\u00f1ol, \u00a0junto \u00a0con \u00a0el resto de la documentaci\u00f3n que las \u00a0acompa\u00f1a, \u00a0fueron \u00a0certificados, el 12 de julio siguiente, por Thomas C. Black, \u00a0Director \u00a0Asociado \u00a0de \u00a0la \u00a0Oficina \u00a0de Asuntos Internacionales, Divisi\u00f3n de lo \u00a0Penal, del Departamento de Justicia de los Estados Unidos. \u00a0\u00a0<\/p>\n<p>As\u00ed \u00a0mismo \u00a0aparece \u00a0que la documentaci\u00f3n \u00a0anexa \u00a0hace \u00a0referencia \u00a0a \u00a0la \u00a0orden de arresto, a la acusaci\u00f3n y a las normas \u00a0aplicables \u00a0al caso, esto es, T\u00edtulo 18, Secciones 3282 (delitos sin la pena de \u00a0muerte) \u00a0y \u00a03551 (punibilidad), y T\u00edtulo 21, Secciones 812 (lista de sustancias \u00a0controladas),\u00a0 \u00a0 952 \u00a0 (importaci\u00f3n \u00a0 de \u00a0 sustancias \u00a0 controladas), \u00a0959 \u00a0(fabricaci\u00f3n \u00a0o \u00a0distribuci\u00f3n \u00a0con fines de importaci\u00f3n il\u00edcita), 960 (actos \u00a0prohibidos) \u00a0 y \u00a0 963 \u00a0(tentativa \u00a0y \u00a0concierto) \u00a0del \u00a0C\u00f3digo \u00a0de \u00a0los \u00a0Estados \u00a0Unidos. \u00a0\u00a0<\/p>\n<p>Por \u00a0su \u00a0parte, \u00a0la r\u00fabrica y el cargo del \u00a0se\u00f1or \u00a0Thomas \u00a0C. \u00a0Black fueron certificados por el se\u00f1or Eric H. Holder, Jr., \u00a0Procurador \u00a0 de \u00a0 los \u00a0Estados \u00a0Unidos \u00a0de \u00a0Am\u00e9rica, \u00a0quien \u00a0seg\u00fan \u00a0su \u00a0propia \u00a0afirmaci\u00f3n \u00a0escrita, \u00a0orden\u00f3 \u00a0que \u00a0se \u00a0estampara \u00a0el sello del Departamento de \u00a0Justicia \u00a0de \u00a0los \u00a0Estados \u00a0Unidos, \u00a0siendo \u00a0atestada \u00a0la firma de aqu\u00e9l por el \u00a0Director \u00a0Adjunto \u00a0de \u00a0la \u00a0Oficina \u00a0de \u00a0Asuntos Internacionales, Divisi\u00f3n de lo \u00a0Penal, \u00a0y \u00a0el sello del Departamento de Estado fue ordenado por la Secretaria de \u00a0Estado, \u00a0se\u00f1ora \u00a0Hillary \u00a0Rodham \u00a0Clinton, de cuyo nombre dio fe la Auxiliar de \u00a0Autenticaciones de la misma oficina, se\u00f1ora Sonya N. Johnson. \u00a0\u00a0<\/p>\n<p>Por \u00a0\u00faltimo, \u00a0dichos \u00a0documentos \u00a0fueron \u00a0presentados \u00a0para su autenticaci\u00f3n ante la C\u00f3nsul de Colombia en Washington D. \u00a0C., \u00a0se\u00f1ora \u00a0Libia \u00a0Mosquera \u00a0Viveros, \u00a0como \u00a0as\u00ed \u00a0lo constat\u00f3 y lo aval\u00f3 la \u00a0Oficina \u00a0 de \u00a0 Legalizaciones \u00a0 del \u00a0 Ministerio \u00a0 de \u00a0 Relaciones \u00a0 Exteriores, \u00a0cumpli\u00e9ndose \u00a0con \u00a0lo \u00a0establecido \u00a0por \u00a0el \u00a0art\u00edculo \u00a0259 del C. de P. Civil, \u00a0modificado \u00a0por \u00a0el \u00a01\u00b0, \u00a0numeral \u00a0118 \u00a0del \u00a0D. \u00a0E. \u00a02282 \u00a0de \u00a01989 \u00a0que \u00a0dice: \u00a0\u201cLos \u00a0 documentos \u00a0p\u00fablicos \u00a0otorgados \u00a0en \u00a0pa\u00eds \u00a0extranjero \u00a0 por \u00a0funcionario \u00a0de \u00a0\u00e9ste \u00a0o \u00a0con\u00a0 \u00a0su \u00a0intervenci\u00f3n,\u00a0 \u00a0deber\u00e1n \u00a0presentarse \u00a0debidamente \u00a0autenticados \u00a0por \u00a0el c\u00f3nsul o agente\u00a0 \u00a0diplom\u00e1tico \u00a0de \u00a0la \u00a0Rep\u00fablica, \u00a0y \u00a0en su defecto por el de una naci\u00f3n amiga, \u00a0lo\u00a0 \u00a0 cual \u00a0 hace \u00a0 presumir\u00a0 \u00a0 que\u00a0 \u00a0 se\u00a0 \u00a0 otorgaron\u00a0 \u00a0conforme\u00a0 \u00a0 \u00a0a\u00a0 \u00a0 \u00a0la\u00a0 \u00a0 ley\u00a0 \u00a0 del\u00a0 \u00a0 respectivo\u00a0 \u00a0pa\u00eds.\u00a0 \u00a0La \u00a0firma \u00a0del \u00a0c\u00f3nsul \u00a0o \u00a0agente diplom\u00e1tico se abonar\u00e1 por el \u00a0Ministerio \u00a0de \u00a0Relaciones \u00a0Exteriores \u00a0de \u00a0Colombia, \u00a0y \u00a0si se trata de agentes \u00a0consulares \u00a0 de \u00a0 un \u00a0 pa\u00eds\u00a0 \u00a0 amigo,\u00a0 \u00a0 se\u00a0 \u00a0autenticar\u00e1\u00a0 \u00a0previamente\u00a0 \u00a0por\u00a0 \u00a0el\u00a0 \u00a0funcionario\u00a0 \u00a0competente \u00a0del\u00a0 \u00a0mismo\u00a0 \u00a0 y\u00a0 \u00a0 los\u00a0 \u00a0 de\u00a0 \u00a0 \u00e9ste\u00a0 \u00a0 por\u00a0 \u00a0el\u00a0 \u00a0c\u00f3nsul\u00a0 \u00a0 \u00a0colombiano\u201d,\u00a0 \u00a0 disposici\u00f3n \u00a0aplicable \u00a0al \u00a0caso \u00a0en \u00a0virtud \u00a0del \u00a0principio \u00a0de integraci\u00f3n previsto en los \u00a0art\u00edculos \u00a025 \u00a0y \u00a0495, \u00a0\u00faltimo \u00a0inciso, \u00a0del C\u00f3digo de Procedimiento Penal de \u00a02004. \u00a0\u00a0<\/p>\n<p>Adem\u00e1s,\u00a0 \u00a0la\u00a0 \u00a0Directora\u00a0 \u00a0de\u00a0 \u00a0Asuntos\u00a0 Jur\u00eddicos\u00a0 Internacionales\u00a0 del Ministerio de \u00a0Relaciones \u00a0Exteriores, \u00a0mediante oficio DIAJI.E. 01422 del 19 de julio de 2010, \u00a0certific\u00f3 \u00a0que \u00a0la \u00a0documentaci\u00f3n \u00a0procedente \u00a0de \u00a0la \u00a0Embajada de los Estados \u00a0Unidos \u00a0de \u00a0Am\u00e9rica \u00a0fue \u00a0presentada \u00a0\u201cdebidamente \u00a0autenticada\u201d. \u00a0\u00a0<\/p>\n<p>Por \u00a0lo \u00a0tanto, \u00a0teniendo \u00a0en cuenta que la \u00a0solicitud \u00a0de \u00a0extradici\u00f3n \u00a0de \u00a0Jos\u00e9 Emiliano Moreno \u00a0Montenegro \u00a0se \u00a0hizo por la v\u00eda diplom\u00e1tica y que en \u00a0la \u00a0expedici\u00f3n \u00a0y \u00a0tr\u00e1mite \u00a0de \u00a0los \u00a0mencionados \u00a0documentos, \u00a0as\u00ed como en su \u00a0traducci\u00f3n, \u00a0se \u00a0cumplieron \u00a0todos \u00a0los \u00a0ritos \u00a0formales \u00a0de \u00a0la \u00a0legalizaci\u00f3n \u00a0prescritos \u00a0por \u00a0las \u00a0normas \u00a0de \u00a0los \u00a0Estados \u00a0Unidos de Am\u00e9rica, la Corte los \u00a0tendr\u00e1 \u00a0como aptos para servir de prueba en este asunto, cumpli\u00e9ndose as\u00ed con \u00a0la primera exigencia legal. \u00a0\u00a0<\/p>\n<p>2.\u00a0 La\u00a0 \u00a0identificaci\u00f3n\u00a0 \u00a0 \u00a0plena\u00a0 \u00a0 \u00a0del\u00a0 \u00a0 \u00a0solicitado\u00a0 \u00a0 en\u00a0 \u00a0extradici\u00f3n \u00a0\u00a0<\/p>\n<p>No \u00a0hay \u00a0duda \u00a0que \u00a0el ciudadano colombiano \u00a0Jos\u00e9 \u00a0 \u00a0Emiliano \u00a0 \u00a0Moreno \u00a0 Montenegro, \u00a0a \u00a0quien \u00a0se \u00a0refiere \u00a0este tr\u00e1mite, es la persona solicitada en \u00a0extradici\u00f3n por el Gobierno de los Estados Unidos de Am\u00e9rica. \u00a0\u00a0<\/p>\n<p>En efecto, de la documentaci\u00f3n remitida por \u00a0v\u00eda \u00a0 diplom\u00e1tica \u00a0se \u00a0colige \u00a0claramente, \u00a0como \u00a0lo \u00a0destaca \u00a0la \u00a0Procuradora \u00a0Delegada, \u00a0que \u00a0se \u00a0trata \u00a0de \u00a0Jos\u00e9 \u00a0Emiliano \u00a0Moreno \u00a0Montenegro, \u00a0pues \u00a0basta \u00a0observar \u00a0que \u00a0el n\u00famero de \u00a0c\u00e9dula \u00a0de \u00a0ciudadan\u00eda \u00a0que \u00a0suministr\u00f3 \u00a0la Embajada de los Estados Unidos de \u00a0Am\u00e9rica, \u00a0a \u00a0trav\u00e9s de las Notas Verbales n\u00fameros 2271 y 1545 del 2 de agosto \u00a0de \u00a02007 \u00a0y \u00a0del \u00a016 \u00a0de \u00a0julio \u00a0de \u00a02010, respectivamente, concuerda con el que \u00a0aparece \u00a0en \u00a0el \u00a0informe \u00a0de \u00a0captura \u00a0rendido por funcionarios del Departamento \u00a0Administrativo \u00a0de \u00a0Seguridad \u00a0(DAS), en el acta de notificaci\u00f3n personal de la \u00a0providencia \u00a0por \u00a0medio \u00a0de \u00a0la \u00a0cual \u00a0se \u00a0dispuso su captura y en la diligencia \u00a0mediante \u00a0la \u00a0cual \u00a0se \u00a0le \u00a0comunic\u00f3 \u00a0sus \u00a0derechos de capturado (79.123.226 de \u00a0Fontib\u00f3n), \u00a0adem\u00e1s \u00a0de \u00a0que \u00a0dicho \u00a0aspecto \u00a0no \u00a0ha \u00a0sido \u00a0cuestionado \u00a0por el \u00a0solicitado ni por su defensor. \u00a0\u00a0<\/p>\n<p>Igualmente, \u00a0todos \u00a0los datos suministrados \u00a0coinciden \u00a0con los que obran en la documentaci\u00f3n, es decir, que naci\u00f3 en Apulo \u00a0(Cundinamarca) \u00a0el \u00a04 \u00a0de \u00a0diciembre \u00a0de \u00a01962 y se identifica con la c\u00e9dula de \u00a0ciudadan\u00eda \u00a0colombiana \u00a0N\u00b0 \u00a079.123.226 \u00a0expedida en Fontib\u00f3n (Bogot\u00e1, D.C.), \u00a0informaci\u00f3n \u00a0que \u00a0concuerda integralmente con aquella que aparece registrada en \u00a0el \u00a0acta \u00a0a \u00a0trav\u00e9s \u00a0de la cual se le enter\u00f3 de sus derechos de capturado, sin \u00a0dejar \u00a0pasar \u00a0por alto que se aport\u00f3 copia de su c\u00e9dula de ciudadan\u00eda y de la \u00a0tarjeta decadactilar. \u00a0\u00a0<\/p>\n<p>En\u00a0 \u00a0 esas\u00a0 \u00a0condiciones,\u00a0 \u00a0resulta\u00a0 \u00a0evidente\u00a0 \u00a0que\u00a0 \u00a0la\u00a0 \u00a0persona\u00a0 detenida\u00a0 \u00a0es \u00a0 Jos\u00e9 \u00a0 Emiliano \u00a0Moreno \u00a0Montenegro, \u00a0de \u00a0nacionalidad \u00a0colombiana \u00a0y \u00a0es \u00a0el \u00a0ciudadano \u00a0requerido \u00a0en \u00a0extradici\u00f3n por el Gobierno de los Estados Unidos de Am\u00e9rica. \u00a0\u00a0<\/p>\n<p>3.\u00a0 El\u00a0 \u00a0principio\u00a0 de\u00a0 la\u00a0 doble\u00a0 incriminaci\u00f3n \u00a0\u00a0<\/p>\n<p>De \u00a0conformidad \u00a0con \u00a0el \u00a0numeral \u00a01\u00b0 \u00a0del \u00a0art\u00edculo \u00a0493 \u00a0del \u00a0C\u00f3digo \u00a0de \u00a0Procedimiento \u00a0Penal \u00a0de \u00a02004, \u00a0para \u00a0que \u00a0la \u00a0extradici\u00f3n \u00a0se \u00a0pueda \u00a0conceder \u00a0se \u00a0requiere que el hecho que la motiva est\u00e9 \u00a0previsto \u00a0como \u00a0delito \u00a0en \u00a0Colombia \u00a0y \u00a0reprimido \u00a0con sanci\u00f3n privativa de la \u00a0libertad cuyo m\u00ednimo no sea inferior a cuatro (4) a\u00f1os. \u00a0\u00a0<\/p>\n<p>Teniendo \u00a0en \u00a0cuenta \u00a0la acusaci\u00f3n n\u00famero \u00a006-CR-0775 \u00a0(RJD), \u00a0proferida \u00a0el \u00a021 \u00a0de \u00a0noviembre \u00a0de 2006 por el Tribunal de \u00a0Distrito \u00a0de \u00a0los \u00a0Estados \u00a0Unidos, \u00a0Distrito \u00a0Este de Nueva York, se sabe que a \u00a0Jos\u00e9 \u00a0 \u00a0Emiliano \u00a0 \u00a0Moreno \u00a0 Montenegro \u00a0 \u00a0 \u00a0 \u00a0 se \u00a0 \u00a0 \u00a0 \u00a0le \u00a0 \u00a0 \u00a0 \u00a0acus\u00f3 \u00a0 \u00a0 \u00a0 \u00a0de \u00a0 \u00a0 \u00a0 \u00a0\u201cconcertarse\u201d \u00a0 para \u00a0 \u201cimportar \u00a0a \u00a0los Estados Unidos desde un lugar fuera de los Estados \u00a0Unidos \u00a0un \u00a0kilogramo o m\u00e1s de una sustancia que conten\u00eda hero\u00edna\u201d \u00a0(CARGO UNO) \u00a0y \u00a0para \u00a0\u201cdistribuir \u00a0un \u00a0kilogramo \u00a0o \u00a0m\u00e1s de una \u00a0sustancia \u00a0que conten\u00eda hero\u00edna\u201d, seg\u00fan las normas \u00a0penales del pa\u00eds requirente en precedencia citadas. \u00a0\u00a0<\/p>\n<p>En \u00a0esas \u00a0condiciones, advierte la Sala que \u00a0las \u00a0conductas \u00a0referidas \u00a0en \u00a0dichos \u00a0cargos, \u00a0de acuerdo con los hechos que se \u00a0imputan \u00a0y \u00a0las \u00a0normas \u00a0allegadas, \u00a0encuentran \u00a0adecuaci\u00f3n \u00a0t\u00edpica en nuestro \u00a0sistema \u00a0 penal \u00a0en \u00a0lo \u00a0reglado \u00a0en \u00a0el \u00a0art\u00edculo \u00a0340, \u00a0inciso \u00a0segundo, \u00a0(en \u00a0concordancia \u00a0con \u00a0el \u00a0art\u00edculo \u00a0376) \u00a0del \u00a0C\u00f3digo \u00a0Penal \u00a0(Ley \u00a0599 de 2000), \u00a0modificado \u00a0por \u00a0el art\u00edculo 8\u00b0 de la Ley 733 de 2002 y por el art\u00edculo 19 de \u00a0la \u00a0 Ley \u00a0 1121 \u00a0 de \u00a0 2006, \u00a0 el \u00a0 cual \u00a0consagra \u00a0el \u00a0delito \u00a0de \u00a0concierto \u00a0para \u00a0delinquir \u00a0con \u00a0el fin de \u00a0cometer \u00a0el \u00a0delito \u00a0tr\u00e1fico de estupefacientes, habida cuenta que, como qued\u00f3 \u00a0visto, \u00a0Jos\u00e9 \u00a0Emiliano \u00a0Moreno Montenegro, \u00a0 \u00a0\u201cjunto \u00a0 con \u00a0 otros\u201d, \u00a0con \u00a0conocimiento de causa e intencionalmente, se concert\u00f3 \u00a0 \u00a0 para \u00a0 \u00a0 \u201c \u00a0importar \u00a0y \u00a0distribuir \u00a0un kilogramo o m\u00e1s de una sustancia que \u00a0conten\u00eda \u00a0 \u00a0 \u00a0una \u00a0 \u00a0 \u00a0cantidad \u00a0 \u00a0 \u00a0detectable \u00a0 \u00a0 de \u00a0 \u00a0 hero\u00edna\u201d. \u00a0\u00a0<\/p>\n<p>Cabe \u00a0agregar \u00a0que \u00a0la \u00a0mencionada conducta \u00a0punible \u00a0 de \u00a0 concierto \u00a0 para \u00a0 delinquir \u00a0(relacionado \u00a0con \u00a0el \u00a0tr\u00e1fico \u00a0de \u00a0estupefacientes), \u00a0en \u00a0nuestra \u00a0legislaci\u00f3n penal contempla una pena que oscila \u00a0entre 8 y 18 a\u00f1os de prisi\u00f3n. \u00a0\u00a0<\/p>\n<p>As\u00ed, entonces, surge evidente que se cumple \u00a0con el principio de la doble incriminaci\u00f3n. \u00a0\u00a0<\/p>\n<p>4.\u00a0 \u00a0 \u00a0Equivalencia\u00a0 \u00a0 \u00a0de\u00a0 \u00a0la\u00a0 \u00a0 \u00a0 \u00a0providencia\u00a0 \u00a0 \u00a0 \u00a0proferida\u00a0 \u00a0 \u00a0 \u00a0en\u00a0 \u00a0 \u00a0 \u00a0el\u00a0 \u00a0extranjero \u00a0\u00a0<\/p>\n<p>Advierte \u00a0la Corte que no existe dificultad \u00a0alguna \u00a0para \u00a0concluir \u00a0que \u00a0se \u00a0cumple \u00a0con \u00a0el \u00a0requisito \u00a0de \u00a0la equivalencia \u00a0contemplado \u00a0en \u00a0el \u00a0numeral \u00a02\u00b0 del art\u00edculo 493 del C\u00f3digo de Procedimiento \u00a0Penal \u00a0de \u00a02004, \u00a0el cual exige \u201cque por lo menos se \u00a0haya \u00a0 \u00a0dictado \u00a0 \u00a0en \u00a0 \u00a0el \u00a0 \u00a0exterior \u00a0 resoluci\u00f3n \u00a0 de \u00a0 acusaci\u00f3n \u00a0 o \u00a0 su \u00a0equivalente\u201d. \u00a0\u00a0<\/p>\n<p>En \u00a0efecto, \u00a0en \u00a0este caso no queda ninguna \u00a0duda que la acusaci\u00f3n n\u00famero \u00a0\u00a0<\/p>\n<p>06-CR-0775 \u00a0(RJD), \u00a0proferida \u00a0el \u00a021 \u00a0de \u00a0noviembre \u00a0de \u00a02006 \u00a0por el Tribunal de Distrito de los Estados Unidos, Distrito \u00a0Este \u00a0de \u00a0Nueva \u00a0York, \u00a0en \u00a0contra \u00a0del ciudadano Jos\u00e9 \u00a0Emiliano \u00a0Moreno Montenegro y con fundamento en la cual \u00a0se \u00a0solicita \u00a0su \u00a0extradici\u00f3n, \u00a0corresponde \u00a0a la acusaci\u00f3n en la legislaci\u00f3n \u00a0colombiana, \u00a0 pues \u00a0adem\u00e1s \u00a0de \u00a0que \u00a0con \u00a0dicho \u00a0acto \u00a0procesal \u00a0la \u00a0actuaci\u00f3n \u00a0subsiguiente \u00a0no \u00a0es otra distinta al juicio oral que finaliza con el respectivo \u00a0fallo \u00a0de \u00a0m\u00e9rito, \u00a0como \u00a0aqu\u00ed \u00a0sucede, \u00a0desde \u00a0el \u00a0punto \u00a0de \u00a0vista formal es \u00a0espec\u00edfica \u00a0en se\u00f1alar el lugar y la fecha o \u00e9poca en que los hechos tuvieron \u00a0lugar, \u00a0el nombre del part\u00edcipe y la calificaci\u00f3n jur\u00eddica de la conducta, lo \u00a0cual \u00a0satisface \u00a0en \u00a0suficiencia \u00a0los \u00a0aspectos \u00a0f\u00e1cticos \u00a0y \u00a0jur\u00eddicos \u00a0de la \u00a0imputaci\u00f3n. \u00a0\u00a0<\/p>\n<p>Adem\u00e1s, \u00a0en \u00a0la \u00a0documentaci\u00f3n \u00a0anexa que \u00a0sirve \u00a0de \u00a0apoyo a la solicitud de extradici\u00f3n no s\u00f3lo se indica el nombre del \u00a0acusado, \u00a0sino \u00a0los \u00a0lugares \u00a0y \u00a0fechas o \u00e9pocas en que tuvieron ocurrencia los \u00a0actos \u00a0determinantes \u00a0del \u00a0delito por el cual se convoca a juicio, datos que son \u00a0recogidos en el indictment que profiri\u00f3 el Gran Jurado. \u00a0\u00a0<\/p>\n<p>Si \u00a0a \u00a0ello \u00a0se \u00a0agrega que la legislaci\u00f3n \u00a0procesal \u00a0de \u00a0los \u00a0Estados \u00a0Unidos \u00a0de \u00a0Am\u00e9rica \u00a0se estructura sobre el sistema \u00a0acusatorio, \u00a0y \u00a0que el proyecto de acusaci\u00f3n lo presenta el fiscal y lo aprueba \u00a0el \u00a0gran \u00a0jurado \u00a0despu\u00e9s \u00a0de examinar la evidencia allegada por aqu\u00e9l, que en \u00a0\u00e9ste \u00a0la \u00a0acusaci\u00f3n \u00a0es \u00a0un escrito que contiene un pliego de cargos formulado \u00a0por \u00a0la \u00a0Fiscal\u00eda \u00a0en \u00a0contra \u00a0del \u00a0procesado \u00a0para que se defienda de ellos en \u00a0juicio, \u00a0que \u00a0incluye \u00a0la \u00a0individualizaci\u00f3n del acusado, una relaci\u00f3n clara y \u00a0sucinta \u00a0de \u00a0los \u00a0hechos jur\u00eddicamente relevantes, es decir, la descripci\u00f3n de \u00a0la \u00a0conducta \u00a0t\u00edpica \u00a0imputada, con las circunstancias que la especifican y las \u00a0disposiciones \u00a0sustanciales \u00a0realizadas, \u00a0as\u00ed como el lugar y la fecha o \u00e9poca \u00a0de \u00a0su \u00a0ocurrencia, es evidente que la persona reclamada en extradici\u00f3n en este \u00a0caso, \u00a0ha \u00a0sido \u00a0acusada \u00a0y \u00a0llamada \u00a0a \u00a0responder en juicio por las autoridades \u00a0judiciales \u00a0 \u00a0 \u00a0 \u00a0 \u00a0de \u00a0 \u00a0 \u00a0 \u00a0 \u00a0los \u00a0 \u00a0 \u00a0 \u00a0 \u00a0Estados \u00a0 \u00a0 \u00a0 \u00a0 \u00a0Unidos \u00a0 \u00a0 \u00a0 \u00a0 \u00a0de \u00a0Am\u00e9rica.\u00a0\u00a0\u00a0\u00a0\u00a0\u00a0\u00a0\u00a0\u00a0\u00a0 \u00a0\u00a0<\/p>\n<p>En \u00a0 consecuencia, \u00a0 la \u00a0Corte \u00a0encuentra \u00a0satisfecho \u00a0 el \u00a0requisito \u00a0examinado, \u00a0m\u00e1xime \u00a0cuando \u00a0lo \u00a0que \u00a0exige \u00a0la \u00a0ley \u00a0colombiana \u00a0 \u00a0 \u00a0es \u00a0 \u00a0 \u201cequivalencia\u201d \u00a0 \u00a0entre \u00a0 \u00a0las \u00a0 \u00a0dos \u00a0 piezas \u00a0 procesales, \u00a0 y \u00a0 no \u00a0\u201cidentidad \u00a0absoluta\u201d \u00a0 \u00a0 \u00a0 entre \u00a0 \u00a0 \u00a0el \u00a0 \u00a0 \u00a0indictment \u00a0del sistema procesal penal de \u00a0los \u00a0Estados \u00a0Unidos \u00a0y \u00a0la \u00a0acusaci\u00f3n \u00a0a que alude el modelo de enjuiciamiento \u00a0colombiano. \u00a0\u00a0<\/p>\n<p>5.\u00a0 Acotaci\u00f3n \u00a0final \u00a0\u00a0<\/p>\n<p>Como \u00a0lo \u00a0destac\u00f3 \u00a0la \u00a0se\u00f1ora Procuradora \u00a0Delegada, \u00a0se pone de presente al Gobierno Nacional que en caso de concederse la \u00a0extradici\u00f3n, \u00a0debe \u00a0condicionar \u00a0la \u00a0entrega \u00a0en \u00a0el sentido de que \u00a0Jos\u00e9 Emiliano Moreno Montenegro no ser\u00e1 \u00a0juzgado \u00a0por \u00a0hechos distintos a los que originaron la reclamaci\u00f3n, ni sometido \u00a0a \u00a0tratos crueles, inhumanos o degradantes, ni se le impondr\u00e1 la pena capital o \u00a0perpetua, \u00a0al \u00a0tenor \u00a0del \u00a0art\u00edculo 494 del C\u00f3digo de Procedimiento Penal (Ley \u00a0906 de 2004). \u00a0\u00a0<\/p>\n<p>As\u00ed \u00a0 mismo, \u00a0al \u00a0Gobierno \u00a0Nacional \u00a0le \u00a0corresponde \u00a0condicionar \u00a0la \u00a0entrega \u00a0a que el pa\u00eds reclamante, de acuerdo con \u00a0sus \u00a0pol\u00edticas internas sobre la materia, le ofrezca posibilidades racionales y \u00a0reales \u00a0para \u00a0que \u00a0el \u00a0requerido pueda tener contacto regular con sus familiares \u00a0m\u00e1s \u00a0cercanos, \u00a0considerando \u00a0que el art\u00edculo 42 de la Constituci\u00f3n Pol\u00edtica \u00a0de \u00a01991 \u00a0reconoce \u00a0a la familia como n\u00facleo esencial de la sociedad, garantiza \u00a0su \u00a0protecci\u00f3n \u00a0y \u00a0reconoce su honra, dignidad e intimidad, lo cual se refuerza \u00a0con \u00a0la protecci\u00f3n que a ese n\u00facleo tambi\u00e9n prodigan la Convenci\u00f3n Americana \u00a0de \u00a0Derechos \u00a0Humanos \u00a0en \u00a0su \u00a0art\u00edculo 17 y el Pacto Internacional de Derechos \u00a0Civiles y Pol\u00edticos en su canon 23. \u00a0\u00a0<\/p>\n<p>Adem\u00e1s, conforme lo precis\u00f3 la Corte en el \u00a0concepto \u00a0 fechado \u00a0 el \u00a0 15 \u00a0 de \u00a0 mayo \u00a0de \u00a02008,1 \u00a0 como \u00a0el \u00a0mecanismo \u00a0de \u00a0la \u00a0extradici\u00f3n \u00a0entre \u00a0Estados \u00a0Unidos de Am\u00e9rica y Colombia se rige, en ausencia \u00a0de \u00a0un \u00a0instrumento internacional que la regule, por las normas contenidas en la \u00a0Constituci\u00f3n \u00a0Pol\u00edtica \u00a0(art\u00edculo \u00a035) y en el C\u00f3digo de Procedimiento Penal \u00a0(art\u00edculos \u00a0490 \u00a0a \u00a0514 de la Ley 906 de 2004), el Gobierno Nacional debe hacer \u00a0las \u00a0exigencias \u00a0que \u00a0estime convenientes en orden a que en el Estado reclamante \u00a0se \u00a0le \u00a0reconozcan \u00a0todos \u00a0los derechos y garant\u00edas inherentes a la persona del \u00a0solicitado, \u00a0en \u00a0especial \u00a0las \u00a0contenidas \u00a0en \u00a0la \u00a0Carta \u00a0Fundamental \u00a0y \u00a0en el \u00a0denominado \u00a0bloque \u00a0de \u00a0constitucionalidad, \u00a0es \u00a0decir, \u00a0en \u00a0aquellos \u00a0convenios \u00a0internacionales \u00a0ratificados \u00a0por \u00a0Colombia que consagran y desarrollan derechos \u00a0humanos \u00a0(art\u00edculo \u00a093 de la Carta, Declaraci\u00f3n Universal de Derechos Humanos, \u00a0Convenci\u00f3n \u00a0Americana \u00a0de \u00a0Derechos \u00a0Humanos, \u00a0Pacto \u00a0Internacional de Derechos \u00a0Civiles \u00a0y \u00a0Pol\u00edticos), \u00a0en virtud del deber de protecci\u00f3n a esos derechos que \u00a0para \u00a0 \u00a0todas \u00a0 \u00a0las \u00a0 \u00a0autoridades \u00a0 \u00a0p\u00fablicas \u00a0 emana \u00a0 del \u00a0 art\u00edculo \u00a0 2\u00b0 \u00a0ibidem. \u00a0\u00a0<\/p>\n<p>De la misma manera, se exhorta al Gobierno, \u00a0encabezado \u00a0por \u00a0se\u00f1or \u00a0Presidente de la Rep\u00fablica como supremo director de la \u00a0pol\u00edtica \u00a0exterior \u00a0y \u00a0las \u00a0relaciones \u00a0internacionales, \u00a0para \u00a0que efect\u00fae el \u00a0respectivo \u00a0seguimiento \u00a0a los condicionamientos que se impongan a la concesi\u00f3n \u00a0de \u00a0la \u00a0extradici\u00f3n \u00a0y \u00a0determinar \u00a0las \u00a0consecuencias que se derivar\u00edan de su \u00a0eventual \u00a0incumplimiento, \u00a0al \u00a0tenor \u00a0de \u00a0lo \u00a0se\u00f1alado \u00a0en \u00a0el \u00a0numeral 2\u00b0 del \u00a0art\u00edculo 189 de la Constituci\u00f3n Pol\u00edtica. \u00a0\u00a0<\/p>\n<p>En \u00a0caso \u00a0de \u00a0que \u00a0Jos\u00e9 \u00a0 Emiliano \u00a0 Moreno \u00a0 Montenegro \u00a0sea \u00a0absuelto, \u00a0sobrese\u00eddo \u00a0o declarado no culpable por cualquier otra v\u00eda legal del cargo que \u00a0dio \u00a0origen \u00a0a \u00a0su extradici\u00f3n y dejado en libertad, al regresar \u00e9ste al pa\u00eds \u00a0de \u00a0origen, \u00a0el \u00a0Estado \u00a0requirente \u00a0deber\u00e1 \u00a0asumir \u00a0los gastos de transporte y \u00a0manutenci\u00f3n \u00a0del \u00a0extraditado de acuerdo con su dignidad humana (art\u00edculos 1\u00b0 \u00a0y 93 de la Carta Pol\u00edtica). \u00a0\u00a0<\/p>\n<p>Por \u00a0\u00faltimo, \u00a0se \u00a0pide \u00a0al \u00a0ejecutivo \u00a0que \u00a0recomiende \u00a0al \u00a0Estado \u00a0requirente que, en caso de condena, tenga en cuenta como \u00a0parte \u00a0de \u00a0la \u00a0pena el tiempo que el solicitado ha estado privado de la libertad \u00a0con motivo del tr\u00e1mite de extradici\u00f3n. \u00a0\u00a0<\/p>\n<p>En \u00a0consecuencia, \u00a0como la totalidad de los \u00a0requisitos \u00a0 formales \u00a0 contemplados\u00a0 \u00a0 en\u00a0 \u00a0el\u00a0 \u00a0art\u00edculo\u00a0 \u00a0502\u00a0 \u00a0del\u00a0 C\u00f3digo\u00a0 de\u00a0 Procedimiento\u00a0 Penal (Ley\u00a0 \u00a0906\u00a0 \u00a0de\u00a0 2004)\u00a0 se\u00a0 cumplen\u00a0 satisfactoriamente,\u00a0 \u00a0la\u00a0 \u00a0Sala \u00a0CONCEPT\u00daA FAVORABLEMENTE \u00a0a \u00a0la \u00a0solicitud de extradici\u00f3n elevada \u00a0por \u00a0el \u00a0Gobierno \u00a0de \u00a0los \u00a0Estados \u00a0Unidos \u00a0de Am\u00e9rica, respecto del ciudadano \u00a0colombiano \u00a0 \u00a0 \u00a0 JOS\u00c9 \u00a0 \u00a0 \u00a0 EMILIANO \u00a0 \u00a0 \u00a0MORENO \u00a0MONTENEGRO, \u00a0en \u00a0cuanto tiene que con los DOS \u00a0CARGOS \u00a0que \u00a0le \u00a0fueron \u00a0imputados en la acusaci\u00f3n n\u00famero 06-CR-0775 (RJD), proferida el 21 \u00a0de \u00a0noviembre \u00a0de \u00a02006 \u00a0por \u00a0el \u00a0Tribunal \u00a0de \u00a0Distrito \u00a0de los Estados Unidos, \u00a0Distrito Este de Nueva York. \u00a0\u00a0<\/p>\n<p>Comun\u00edquese \u00a0 esta \u00a0 determinaci\u00f3n \u00a0 al \u00a0requerido, \u00a0 \u00a0ciudadano \u00a0 \u00a0Jos\u00e9 \u00a0 Emiliano \u00a0 Moreno \u00a0Montenegro, \u00a0 quien \u00a0 se \u00a0encuentra \u00a0recluido \u00a0en \u00a0el \u00a0Establecimiento \u00a0Penitenciario \u00a0y \u00a0Carcelario \u00a0de \u00a0Alta \u00a0y \u00a0Mediana Seguridad de \u00a0C\u00f3mbita, \u00a0a \u00a0su \u00a0defensor, \u00a0a \u00a0la \u00a0se\u00f1ora \u00a0Agente del Ministerio P\u00fablico y al \u00a0Fiscal \u00a0General de la Naci\u00f3n, para lo de su cargo. Devu\u00e9lvase el expediente al \u00a0Ministerio del Interior y de Justicia, para lo de ley. \u00a0\u00a0<\/p>\n<p>COMISI\u00d3N DE SERVICIO \u00a0<\/p>\n<p>MAR\u00cdA \u00a0 DEL \u00a0 ROSARIO \u00a0 GONZ\u00c1LEZ \u00a0 DE \u00a0LEMOS \u00a0\u00a0<\/p>\n<p>\u00a0\u00a0\u00a0\u00a0\u00a0\u00a0\u00a0\u00a0\u00a0\u00a0\u00a0\u00a0\u00a0\u00a0\u00a0\u00a0\u00a0\u00a0\u00a0\u00a0\u00a0\u00a0 \u00a0PERMISO \u00a0\u00a0<\/p>\n<p>JOS\u00c9 LEONIDAS BUSTOS MART\u00cdNEZ \u00a0\u00a0 \u00a0\u00a0 \u00a0\u00a0 \u00a0\u00a0 \u00a0\u00a0 \u00a0\u00a0 \u00a0 \u00a0 \u00a0 \u00a0 \u00a0 \u00a0SIGIFREDO \u00a0 \u00a0 ESPINOSA \u00a0P\u00c9REZ \u00a0\u00a0<\/p>\n<p>\u00a0 \u00a0\u00a0 \u00a0 \u00a0\u00a0\u00a0\u00a0\u00a0\u00a0\u00a0\u00a0 PERMISO \u00a0\u00a0<\/p>\n<p>ALFREDO \u00a0 G\u00d3MEZ \u00a0 QUINTERO \u00a0\u00a0 \u00a0\u00a0 \u00a0\u00a0 \u00a0\u00a0 \u00a0\u00a0 \u00a0\u00a0 \u00a0 \u00a0\u00a0 \u00a0 \u00a0 \u00a0 \u00a0 \u00a0 \u00a0 \u00a0 \u00a0 \u00a0\u00a0AUGUSTO J. IBA\u00d1EZ GUZM\u00c1N \u00a0\u00a0<\/p>\n<p>JORGE \u00a0LUIS \u00a0QUINTERO MILAN\u00c9S \u00a0\u00a0 \u00a0\u00a0 \u00a0\u00a0 \u00a0\u00a0 \u00a0\u00a0 \u00a0\u00a0 \u00a0 \u00a0\u00a0 \u00a0 \u00a0\u00a0JULIO \u00a0 \u00a0ENRIQUE \u00a0 \u00a0SOCHA \u00a0SALAMANCA \u00a0\u00a0 \u00a0\u00a0 \u00a0\u00a0 \u00a0\u00a0 \u00a0 \u00a0 \u00a0 \u00a0 \u00a0\u00a0<\/p>\n<p>JAVIER\u00a0 ZAPATA ORTIZ \u00a0<\/p>\n<p>\u00a0 \u00a0\u00a0 \u00a0 \u00a0 \u00a0\u00a0 \u00a0\u00a0 \u00a0\u00a0 \u00a0\u00a0 \u00a0\u00a0 \u00a0\u00a0 \u00a0 \u00a0\u00a0 \u00a0 \u00a0 \u00a0 \u00a0 \u00a0 \u00a0 \u00a0 \u00a0 \u00a0\u00a0 \u00a0 \u00a0 \u00a0 \u00a0 \u00a0\u00a0 \u00a0\u00a0 \u00a0\u00a0 \u00a0\u00a0 \u00a0\u00a0 \u00a0\u00a0 \u00a0\u00a0 \u00a0\u00a0 \u00a0 \u00a0\u00a0 \u00a0 \u00a0 \u00a0 \u00a0 \u00a0 \u00a0 \u00a0 \u00a0 \u00a0\u00a0 \u00a0 \u00a0 \u00a0 \u00a0 \u00a0\u00a0 \u00a0\u00a0 \u00a0 \u00a0 \u00a0 \u00a0 \u00a0\u00a0<\/p>\n<p>TERESA RUIZ N\u00da\u00d1EZ \u00a0<\/p>\n<p>Secretaria \u00a0 \u00a0<\/p>\n<p>1 \u00a0Extradici\u00f3n radicada bajo el n\u00famero 29024. \u00a0 \u00a0\u00a0<\/p>\n<p><\/p>\n","protected":false},"excerpt":{"rendered":"<p>\u00a0 \u00a0 Proceso n.\u00ba 34658 \u00a0 CORTE SUPREMA DE JUSTICIA \u00a0 SALA DE CASACI\u00d3N PENAL \u00a0 \u00a0 \u00a0\u00a0 \u00a0\u00a0 \u00a0\u00a0 \u00a0\u00a0 \u00a0 \u00a0 \u00a0 \u00a0 \u00a0 \u00a0\u00a0 \u00a0 \u00a0\u00a0 Magistrado Ponente \u00a0 JORGE \u00a0LUIS \u00a0QUINTERO \u00a0MILAN\u00c9S \u00a0\u00a0 Aprobado \u00a0 acta \u00a0 N\u00b0 \u00a0371 \u00a0\u00a0 Bogot\u00e1, D. C., diecisiete (17) de noviembre \u00a0de dos mil diez [&hellip;]<\/p>\n","protected":false},"author":1,"featured_media":0,"comment_status":"open","ping_status":"open","sticky":false,"template":"","format":"standard","meta":{"footnotes":""},"categories":[18],"tags":[],"class_list":["post-21332","post","type-post","status-publish","format-standard","hentry","category-18"],"_links":{"self":[{"href":"https:\/\/dmsjuridica.com\/buscador_20179478954\/salapenalcronologico20230723\/wp-json\/wp\/v2\/posts\/21332","targetHints":{"allow":["GET"]}}],"collection":[{"href":"https:\/\/dmsjuridica.com\/buscador_20179478954\/salapenalcronologico20230723\/wp-json\/wp\/v2\/posts"}],"about":[{"href":"https:\/\/dmsjuridica.com\/buscador_20179478954\/salapenalcronologico20230723\/wp-json\/wp\/v2\/types\/post"}],"author":[{"embeddable":true,"href":"https:\/\/dmsjuridica.com\/buscador_20179478954\/salapenalcronologico20230723\/wp-json\/wp\/v2\/users\/1"}],"replies":[{"embeddable":true,"href":"https:\/\/dmsjuridica.com\/buscador_20179478954\/salapenalcronologico20230723\/wp-json\/wp\/v2\/comments?post=21332"}],"version-history":[{"count":0,"href":"https:\/\/dmsjuridica.com\/buscador_20179478954\/salapenalcronologico20230723\/wp-json\/wp\/v2\/posts\/21332\/revisions"}],"wp:attachment":[{"href":"https:\/\/dmsjuridica.com\/buscador_20179478954\/salapenalcronologico20230723\/wp-json\/wp\/v2\/media?parent=21332"}],"wp:term":[{"taxonomy":"category","embeddable":true,"href":"https:\/\/dmsjuridica.com\/buscador_20179478954\/salapenalcronologico20230723\/wp-json\/wp\/v2\/categories?post=21332"},{"taxonomy":"post_tag","embeddable":true,"href":"https:\/\/dmsjuridica.com\/buscador_20179478954\/salapenalcronologico20230723\/wp-json\/wp\/v2\/tags?post=21332"}],"curies":[{"name":"wp","href":"https:\/\/api.w.org\/{rel}","templated":true}]}}