{"id":21260,"date":"2023-09-11T22:55:12","date_gmt":"2023-09-11T22:55:12","guid":{"rendered":"https:\/\/dmsjuridica.com\/buscador_20179478954\/salapenalcronologico20230723\/2023\/09\/11\/3443918-08-10\/"},"modified":"2023-09-11T22:55:12","modified_gmt":"2023-09-11T22:55:12","slug":"3443918-08-10","status":"publish","type":"post","link":"https:\/\/dmsjuridica.com\/buscador_20179478954\/salapenalcronologico20230723\/2023\/09\/11\/3443918-08-10\/","title":{"rendered":"34439(18-08-10)"},"content":{"rendered":"\n<p>\u00a0 \u00a0 Proceso n.\u00ba 34439 \u00a0<\/p>\n<p>CORTE SUPREMA DE JUSTICIA \u00a0<\/p>\n<p>SALA DE CASACI\u00d3N PENAL \u00a0<\/p>\n<p>\u00a0 \u00a0 \u00a0 \u00a0 \u00a0<\/p>\n<p>Magistrado \u00a0Ponente \u00a0\u00a0<\/p>\n<p>YESID \u00a0RAM\u00cdREZ \u00a0BASTIDAS \u00a0\u00a0<\/p>\n<p>Aprobado \u00a0 \u00a0Acta \u00a0N\u00b0 \u00a0 260. \u00a0\u00a0<\/p>\n<p>Bogot\u00e1, \u00a0 \u00a0 D. \u00a0 \u00a0C., \u00a0 \u00a0agosto dieciocho (18) de dos mil diez (2010). \u00a0\u00a0<\/p>\n<p>VISTOS: \u00a0<\/p>\n<p>\u00a0\u00a0\u00a0\u00a0\u00a0\u00a0\u00a0\u00a0\u00a0 Proceder\u00eda \u00a0la \u00a0Sala \u00a0a \u00a0pronunciarse \u00a0sobre \u00a0la \u00a0admisibilidad \u00a0de \u00a0la demanda de casaci\u00f3n \u00a0presentada \u00a0por \u00a0el \u00a0defensor del procesado Francisco Hern\u00e1n Cruz Zarta, contra \u00a0la \u00a0sentencia \u00a0proferida \u00a0por el Tribunal Superior de Bogot\u00e1 que confirm\u00f3, con \u00a0algunas \u00a0modificaciones, la dictada por el Juzgado Primero Penal del Circuito de \u00a0Descongesti\u00f3n \u00a0de \u00a0esta \u00a0misma \u00a0ciudad \u00a0que \u00a0lo \u00a0conden\u00f3, junto con Jacqueline \u00a0Fl\u00f3rez \u00a0Ram\u00edrez, \u00a0como \u00a0coautores \u00a0responsables \u00a0de \u00a0las conductas punibles de \u00a0hurto \u00a0agravado \u00a0y \u00a0falsedad material de documento p\u00fablico agravada por el uso, \u00a0si \u00a0no \u00a0se \u00a0observara \u00a0que \u00a0la acci\u00f3n penal (y civil) derivada de tales delitos \u00a0prescribi\u00f3 incluso antes de que el asunto llegara a la Corte. \u00a0\u00a0<\/p>\n<p>HECHOS \u00a0 Y \u00a0ACTUACI\u00d3N \u00a0PROCESAL: \u00a0\u00a0<\/p>\n<p>1. Los primeros fueron tratados en el fallo \u00a0impugnado de la siguiente forma: \u00a0\u00a0<\/p>\n<p>El \u00a0apoderado judicial de la empresa TIT\u00c1N \u00a0INTERCONTINENTAL \u00a0S.A., \u00a0cuyo \u00a0objeto \u00a0social \u00a0es \u00a0el \u00a0pago \u00a0de giros en divisas \u00a0extranjeras, \u00a0denunci\u00f3 \u00a0ante \u00a0la \u00a0Fiscal\u00eda General de la Naci\u00f3n que entre los \u00a0meses \u00a0de \u00a0enero \u00a0a \u00a0marzo \u00a0del \u00a0a\u00f1o \u00a02002 \u00a0se realiz\u00f3 una auditoria contable, \u00a0arrojando \u00a0como \u00a0resultado \u00a0que en las sucursales del Centro, Niza y Granahorrar \u00a0de \u00a0Bogot\u00e1 \u00a0fueron cancelados de forma irregular 16 giros por un valor total de \u00a0$20.276.209, \u00a0para \u00a0lo \u00a0cual \u00a0utilizaron \u00a0los \u00a0nombres \u00a0de \u00a0sus \u00a0receptores, sus \u00a0n\u00fameros \u00a0de \u00a0c\u00e9dulas \u00a0que \u00a0resultaron ileg\u00edtimos y las claves privadas que la \u00a0entidad le asign\u00f3 a sus usuarios. \u00a0\u00a0<\/p>\n<p>Esas irregularidades acontecieron en la sede \u00a0donde \u00a0laboraban \u00a0Francisco \u00a0Hern\u00e1n \u00a0Cruz \u00a0Zarta y Jacqueline Fl\u00f3rez Ram\u00edrez, \u00a0quienes \u00a0 se \u00a0desempe\u00f1aban \u00a0como \u00a0cajero \u00a0principal \u00a0y \u00a0auxiliar \u00a0de \u00a0servicios \u00a0generales respectivamente. \u00a0\u00a0<\/p>\n<p>\u00a0 \u00a0\u00a0<\/p>\n<p>1. Por los anteriores episodios, el 29 \u00a0de \u00a0octubre \u00a0de 2004 la Fiscal\u00eda 151 Seccional de Bogot\u00e1 profiri\u00f3 resoluci\u00f3n \u00a0de \u00a0acusaci\u00f3n \u00a0contra \u00a0los \u00a0vinculados \u00a0Cruz \u00a0Zarta \u00a0y \u00a0Fl\u00f3rez \u00a0Ram\u00edrez \u00a0como \u00a0presuntos \u00a0coautores de los delito de hurto agravado por la confianza y falsedad \u00a0en \u00a0documento \u00a0p\u00fablico \u00a0agravada \u00a0por el uso\u00a0 tipificados en los art\u00edculo \u00a0239, \u00a0241-2, \u00a0287 \u00a0y \u00a0290 \u00a0de la ley 599 de 2000, con penas de 2 a 6, y de 3 a 6 \u00a0a\u00f1os \u00a0 de \u00a0 prisi\u00f3n, \u00a0 respectivamente, \u00a0 aumentadas \u00a0 hasta \u00a0 en \u00a0 la \u00a0mitad, \u00a0pronunciamiento \u00a0que alcanz\u00f3 ejecutoria el 20 de junio \u00a0de \u00a02005 cuando la Fiscal\u00eda Cuarenta Delegada ante el \u00a0Tribunal \u00a0Superior \u00a0de \u00a0esta \u00a0ciudad \u00a0la \u00a0confirm\u00f3 \u00a0al \u00a0resolver \u00a0el recurso de \u00a0apelaci\u00f3n \u00a0 interpuesto \u00a0por \u00a0el \u00a0defensor \u00a0de\u00a0 \u00a0Francisco \u00a0Hern\u00e1n.\u00a0 \u00a0 \u00a0\u00a0<\/p>\n<p>3. Tramitada la etapa de la causa el Juzgado \u00a0Primero \u00a0Penal \u00a0del \u00a0Circuito \u00a0Descongesti\u00f3n \u00a0de Bogot\u00e1, mediante sentencia de \u00a0octubre \u00a0 15 \u00a0de \u00a02008 \u00a0resolvi\u00f3 \u00a0condenar \u00a0a \u00a0los \u00a0procesados \u00a0como \u00a0coautores \u00a0responsables \u00a0de \u00a0las conductas punibles materia de la acusaci\u00f3n a las penas de \u00a0cuarenta \u00a0y \u00a0cinco \u00a0(45) meses de prisi\u00f3n, inhabilitaci\u00f3n para el ejercicio de \u00a0derechos \u00a0y \u00a0funciones p\u00fablicas por un tiempo igual al de la sanci\u00f3n privativa \u00a0de \u00a0la \u00a0libertad, \u00a0al \u00a0pago \u00a0de \u00a0indemnizaci\u00f3n de perjuicios y les concedi\u00f3 la \u00a0prisi\u00f3n domiciliaria. \u00a0\u00a0<\/p>\n<p>4. \u00a0Esa \u00a0providencia \u00a0fue \u00a0apelada \u00a0por \u00a0el \u00a0defensor \u00a0del \u00a0procesado \u00a0Cruz \u00a0Zarta y el Tribunal Superior de Bogot\u00e1 el 21 de \u00a0enero \u00a0de 2010 la confirm\u00f3, pero modific\u00f3 la pena privativa de la libertad que \u00a0fij\u00f3 en cuarenta y tres punto ocho (43.8) meses de prisi\u00f3n. \u00a0\u00a0<\/p>\n<p>5. Contra el fallo de segundo grado el mismo \u00a0recurrente \u00a0en\u00a0 \u00a0primera \u00a0instancia \u00a0interpuso el recurso extraordinario de \u00a0casaci\u00f3n, \u00a0 el \u00a0 cual \u00a0 fue \u00a0 concedido \u00a0por \u00a0el \u00a0ad \u00a0quem \u00a0en auto del 10 de marzo siguiente, corriendo el \u00a0traslado \u00a0para \u00a0presentar \u00a0la \u00a0demanda \u00a0entre \u00a0el \u00a013 \u00a0de \u00a0abril y el 25 de mayo \u00a0siguiente, \u00a0el \u00a024 \u00a0de \u00a0este mismo mes y a\u00f1o fue presentado el libelo, el 26 de \u00a0mayo \u00a0comenz\u00f3 \u00a0a \u00a0surtirse el traslado previsto para los no recurrentes el cual \u00a0venci\u00f3 \u00a0el \u00a017 \u00a0de \u00a0junio, \u00a0y \u00a0al d\u00eda siguiente se orden\u00f3 que el asunto fuera \u00a0enviado \u00a0a esta Corporaci\u00f3n a donde arrib\u00f3 el 23 de junio ya estando prescrita \u00a0la acci\u00f3n penal como se analizar\u00e1 adelante. \u00a0\u00a0<\/p>\n<p>Cabe anotar que por auto del 13 de abril del \u00a0presente \u00a0a\u00f1o \u00a0el \u00a0Tribunal \u00a0declar\u00f3 \u00a0extempor\u00e1neo \u00a0el \u00a0recurso \u00a0de casaci\u00f3n \u00a0interpuesto \u00a0por \u00a0el defensor de la procesada Jacqueline Fl\u00f3rez Ram\u00edrez.\u00a0 \u00a0\u00a0<\/p>\n<p>CONSIDERACIONES \u00a0DE \u00a0LA \u00a0CORTE: \u00a0\u00a0<\/p>\n<p>1.- En relaci\u00f3n con la prescripci\u00f3n de la \u00a0acci\u00f3n \u00a0penal \u00a0cuando \u00a0ella \u00a0se \u00a0presenta \u00a0con \u00a0posterioridad a la sentencia de \u00a0segundo \u00a0grado, \u00a0o \u00a0antes \u00a0en \u00a0los \u00a0eventos de simple constataci\u00f3n objetiva, la \u00a0jurisprudencia \u00a0de \u00a0la \u00a0Sala \u00a0tiene \u00a0definido que su declaraci\u00f3n corresponde al \u00a0juez \u00a0de \u00a0segunda \u00a0instancia \u00a0o a esta Corporaci\u00f3n, cuando aqu\u00e9l pasa por alto \u00a0tal situaci\u00f3n. \u00a0\u00a0<\/p>\n<p>Es \u00a0as\u00ed \u00a0como frente a esta tem\u00e1tica, una \u00a0vez \u00a0constatado que la prescripci\u00f3n de la acci\u00f3n penal solicitada no implicaba \u00a0una verificaci\u00f3n meramente objetiva, la Corte expres\u00f3: \u00a0\u00a0<\/p>\n<p>(&#8230;), \u00a0la \u00a0denuncia \u00a0en \u00a0sede \u00a0de \u00a0casaci\u00f3n \u00a0sobre \u00a0la \u00a0consolidaci\u00f3n del fen\u00f3meno de la \u00a0prescripci\u00f3n \u00a0de \u00a0la \u00a0acci\u00f3n penal ocurrida en la fase instructiva o antes del \u00a0proferimiento \u00a0del \u00a0fallo \u00a0de \u00a0segundo \u00a0grado, \u00a0debe plantearse en la demanda al \u00a0amparo de la causal tercera. \u00a0\u00a0<\/p>\n<p>Y \u00a0es \u00a0que \u00a0de \u00a0haberse \u00a0continuado \u00a0con el \u00a0ejercicio \u00a0del \u00a0poder \u00a0punitivo \u00a0del Estado despu\u00e9s de que, por virtud del mero \u00a0transcurso \u00a0del \u00a0tiempo \u00a0perdi\u00f3 \u00a0dicha \u00a0facultad, la actuaci\u00f3n posterior a ese \u00a0momento \u00a0deviene \u00a0inv\u00e1lida. Pero, adem\u00e1s, su demostraci\u00f3n corresponde hacerse \u00a0por \u00a0los \u00a0derroteros \u00a0de \u00a0la \u00a0causal \u00a0primera \u00a0en \u00a0cualquiera \u00a0de sus sentidos y \u00a0modalidades. \u00a0\u00a0<\/p>\n<p>(\u2026) \u00a0Tal \u00a0ha \u00a0sido \u00a0el pac\u00edfico criterio \u00a0jurisprudencial \u00a0contenido, \u00a0entre \u00a0otros, en los siguientes pronunciamientos de \u00a0la Sala: \u00a0\u00a0<\/p>\n<p>\u2026 \u00a0(&#8230;) \u00a0repugnar\u00eda \u00a0a \u00a0un \u00a0sentimiento \u00a0general \u00a0de \u00a0justicia \u00a0que \u00a0se considerada v\u00e1lida una sentencia proferida en un \u00a0proceso \u00a0que \u00a0no \u00a0pod\u00eda \u00a0adelantar \u00a0el \u00a0juez \u00a0por \u00a0haberse extinguido en \u00e9l la \u00a0facultad punitiva del Estado. \u00a0\u00a0<\/p>\n<p>Por otros aspectos, pretender la alegaci\u00f3n \u00a0de \u00a0este vicio por la causal primera de casaci\u00f3n resultar\u00eda contradictorio con \u00a0la \u00a0naturaleza \u00a0de \u00a0esa \u00a0formulaci\u00f3n y el fin que en ese caso se persigue, pues \u00a0quien \u00a0alega \u00a0violaci\u00f3n directa o indirecta parte del presupuesto de la validez \u00a0del \u00a0proceso \u00a0centrando \u00a0su ataque en la ocurrencia de errores al interior de la \u00a0sentencia, \u00a0y \u00a0adem\u00e1s \u00a0persigue \u00a0la expedici\u00f3n de un fallo de sustituci\u00f3n que \u00a0obviamente \u00a0se \u00a0hace \u00a0de \u00a0imposible \u00a0proferimiento \u00a0a falta de una acci\u00f3n penal \u00a0vigente1. \u00a0\u00a0<\/p>\n<p>Luego \u00a0 \u00a0 se \u00a0 \u00a0 indic\u00f3: \u00a0\u00a0<\/p>\n<p>La \u00a0Corte \u00a0no advierte en esta propuesta de \u00a0ataque \u00a0contradicci\u00f3n intr\u00ednseca alguna que impida su estudio, como lo postula \u00a0el \u00a0Procurador \u00a0Delegado \u00a0en \u00a0su \u00a0concepto. \u00a0Por \u00a0el contrario, considera que la \u00a0solicitud \u00a0de \u00a0prescripci\u00f3n \u00a0al \u00a0interior \u00a0del mismo cargo resulta correcta, en \u00a0cuanto \u00a0se \u00a0presenta \u00a0como \u00a0consecuencia \u00a0de \u00a0su \u00a0prosperidad. \u00a0Tampoco advierte \u00a0equivocaci\u00f3n \u00a0en la selecci\u00f3n de la causal invocada, pues la prescripci\u00f3n, en \u00a0los \u00a0t\u00e9rminos \u00a0que \u00a0ha \u00a0sido \u00a0planteada \u00a0en \u00a0la \u00a0demanda, solo se consolida con \u00a0ocasi\u00f3n \u00a0de \u00a0la \u00a0decisi\u00f3n \u00a0que \u00a0llegare a tomarse en esta sede como motivo del \u00a0recurso \u00a0de casaci\u00f3n, situaci\u00f3n que resulta ser distinta de aquella en la cual \u00a0el \u00a0fen\u00f3meno se ha consolidado antes de ser proferido\u00a0 el fallo de segundo \u00a0grado, \u00a0en \u00a0cuyo \u00a0caso \u00a0la \u00a0causal \u00a0a \u00a0invocar \u00a0debe ser la tercera.2 \u00a0\u00a0<\/p>\n<p>En \u00a0 \u00a0 posterior \u00a0 \u00a0 ocasi\u00f3n \u00a0 \u00a0 se \u00a0expres\u00f3: \u00a0\u00a0<\/p>\n<p>La extinci\u00f3n de la acci\u00f3n penal por raz\u00f3n \u00a0de \u00a0la \u00a0prescripci\u00f3n debe plantarse a trav\u00e9s de la causal tercera de casaci\u00f3n \u00a0por \u00a0violaci\u00f3n \u00a0del \u00a0debido \u00a0proceso, \u00a0no \u00a0obstante \u00a0que se hubiera admitido en \u00a0providencia \u00a0del \u00a021 de marzo de 2001 con ponencia del magistrado Carlos Eduardo \u00a0Mej\u00eda \u00a0 Escobar, \u00a0 Rdo. \u00a0 17.106, \u00a0 que \u00a0 tambi\u00e9n \u00a0 pod\u00eda \u00a0 hacerse \u00a0 por \u00a0la \u00a0primera. \u00a0\u00a0<\/p>\n<p>As\u00ed, \u00a0ha dicho la Sala que la prosecuci\u00f3n \u00a0de \u00a0una \u00a0actuaci\u00f3n \u00a0no empece haberse extinguido la acci\u00f3n penal constituye un \u00a0error \u00a0de \u00a0actividad \u00a0y \u00a0no de juicio, en cuanto al entrar a operar el fen\u00f3meno \u00a0prescriptivo \u00a0el \u00a0Estado pierde la facultad de adelantar el proceso. Cuando esto \u00a0ocurre, \u00a0lo pertinente es disponer la cesaci\u00f3n de todo procedimiento criminal y \u00a0no \u00a0dictar \u00a0el \u00a0fallo \u00a0de \u00a0reemplazo, \u00a0que \u00a0ser\u00eda \u00a0el resultado en el evento de \u00a0prosperar \u00a0un \u00a0cargo fundado en la causal primera, atribuci\u00f3n de la cual carece \u00a0la \u00a0Corte \u00a0de \u00a0presentarse \u00a0el \u00a0caso \u00a0\u2013Cfr. \u00a0Sentencia \u00a0del 29 de octubre de 2001, Rdo. 15.570, M.P. Jorge \u00a0E. \u00a0C\u00f3rdoba \u00a0Poveda, \u00a0reiterada \u00a0en \u00a0la del 13 de enero del a\u00f1o en curso, Rdo. \u00a020200, M.P. \u00c1lvaro Orlando P\u00e9rez Pinz\u00f3n. \u00a0\u00a0<\/p>\n<p>De esta manera retom\u00f3 la Sala la tesis que \u00a0de \u00a0anta\u00f1o ven\u00eda pregonando, al sostener, entre otros pronunciamientos, el que \u00a0la \u00a0Delegada evoca, de que la alegaci\u00f3n de la prescripci\u00f3n de la acci\u00f3n penal \u00a0en \u00a0casaci\u00f3n \u00a0debe \u00a0encausarse al auspicio de la causal tercera, por la v\u00eda de \u00a0la \u00a0 nulidad3. \u00a0\u00a0<\/p>\n<p>\u2026 \u00a0Cuando \u00a0la prescripci\u00f3n de la acci\u00f3n \u00a0penal \u00a0ocurre \u00a0durante \u00a0la\u00a0 \u00a0etapa \u00a0de \u00a0instrucci\u00f3n o en el per\u00edodo de la \u00a0causa, \u00a0pero \u00a0de \u00a0todas \u00a0maneras \u00a0antes \u00a0de \u00a0proferirse \u00a0la sentencia de segunda \u00a0instancia, \u00a0la \u00a0Sala \u00a0tiene \u00a0dicho \u00a0que\u00a0 \u00a0\u201crecurrida \u00e9sta en casaci\u00f3n y \u00a0admitida \u00a0 la \u00a0respectiva \u00a0demanda \u00a0por \u00a0cumplir \u00a0con \u00a0los \u00a0requisitos \u00a0formales \u00a0se\u00f1alados \u00a0en \u00a0la \u00a0ley (arts. 212 y 132 P.P., antes 225 y 226) lo procedente es \u00a0casarla \u00a0oficiosamente, &#8230;, si, como en este caso, no fue objeto de espec\u00edfica \u00a0acusaci\u00f3n, \u00a0pues \u00a0resulta \u00a0incuestionable \u00a0que \u00a0fue \u00a0dictada \u00a0respecto \u00a0de \u00a0una \u00a0acci\u00f3n, \u00a0que \u00a0por \u00a0el fen\u00f3meno prescriptivo aludido, ya no pod\u00eda proseguirse. \u00a0La \u00a0presunci\u00f3n de legalidad que ampara los fallos de instancia, se quiebra ante \u00a0la \u00a0vulneraci\u00f3n \u00a0del debido proceso, dado que no pueden culminar las instancias \u00a0mediante \u00a0decisiones que jur\u00eddicamente no pueden proferirse y, como quiera que, \u00a0por \u00a0la calificaci\u00f3n y admisi\u00f3n de la demanda se ha iniciado el debido proceso \u00a0de \u00a0 la \u00a0 casaci\u00f3n, \u00a0\u00e9ste \u00a0debe \u00a0culminar \u00a0en \u00a0sentencia \u00a0que \u00a0le \u00a0ponga \u00a0fin. \u00a0\u00a0<\/p>\n<p>Situaci\u00f3n \u00a0distinta \u00a0se presenta cuando la \u00a0prescripci\u00f3n \u00a0de \u00a0la \u00a0acci\u00f3n es sobreviniente a la sentencia del ad quem, caso \u00a0en \u00a0el \u00a0cual, \u00a0a \u00a0la \u00a0sentencia \u00a0de \u00a0segunda \u00a0instancia \u00a0no se le puede atribuir \u00a0ilegalidad \u00a0alguna, \u00a0pues \u00a0el \u00a0Estado \u00a0conservaba inc\u00f3lume su facultad punitiva \u00a0para \u00a0dictarla, \u00a0por \u00a0consiguiente, en dicha situaci\u00f3n, lo indicado es acudir a \u00a0la \u00a0 \u00a0 \u00a0 cesaci\u00f3n \u00a0 \u00a0 \u00a0 de \u00a0 \u00a0 \u00a0 procedimiento4. \u00a0\u00a0<\/p>\n<p>Y, \u00a0 \u00a0en \u00a0 \u00a0reciente \u00a0 oportunidad \u00a0 se \u00a0precis\u00f3: \u00a0\u00a0<\/p>\n<p>(&#8230;) La prescripci\u00f3n desde la perspectiva \u00a0de \u00a0la \u00a0casaci\u00f3n, \u00a0puede \u00a0producirse: \u00a0a) \u00a0antes \u00a0de \u00a0la \u00a0sentencia \u00a0de segunda \u00a0instancia; \u00a0b) \u00a0como \u00a0consecuencia \u00a0de \u00a0alguna \u00a0decisi\u00f3n \u00a0adoptada \u00a0en ella con \u00a0repercusi\u00f3n \u00a0en la punibilidad; o, c) con posterioridad a la misma, vale decir, \u00a0entre el d\u00eda de su proferimiento y el de su ejecutoria. \u00a0\u00a0<\/p>\n<p>Si \u00a0en las dos primeras hip\u00f3tesis se dicta \u00a0el \u00a0fallo, \u00a0su \u00a0ilegalidad \u00a0es \u00a0demandable \u00a0a \u00a0trav\u00e9s del recurso de casaci\u00f3n, \u00a0porque \u00a0el \u00a0mismo \u00a0no \u00a0se \u00a0pod\u00eda \u00a0dictar \u00a0en consideraci\u00f3n a la p\u00e9rdida de la \u00a0potestad punitiva del Estado originada en el transcurso del tiempo. \u00a0\u00a0<\/p>\n<p>Frente a la tercera hip\u00f3tesis la soluci\u00f3n \u00a0es \u00a0diferente. \u00a0En \u00a0tal \u00a0evento \u00a0la \u00a0acci\u00f3n \u00a0penal estaba vigente al momento de \u00a0producirse \u00a0el fallo y su legalidad en esa medida resulta indiscutible a trav\u00e9s \u00a0de \u00a0la \u00a0casaci\u00f3n, \u00a0porque \u00a0la \u00a0misma \u00a0se \u00a0encuentra \u00a0instituida \u00a0para juzgar la \u00a0correcci\u00f3n \u00a0de \u00a0la \u00a0sentencia y eso no incluye eventualidades posteriores, como \u00a0la \u00a0 \u00a0prescripci\u00f3n \u00a0 \u00a0de \u00a0 \u00a0la \u00a0 acci\u00f3n \u00a0 penal \u00a0 dentro \u00a0 del \u00a0 t\u00e9rmino \u00a0 de \u00a0ejecutoria. \u00a0\u00a0<\/p>\n<p>Cuando as\u00ed sucede, es deber del funcionario \u00a0judicial \u00a0de \u00a0segunda \u00a0instancia \u00a0o de la Corte si el fen\u00f3meno se produce en el \u00a0tr\u00e1mite \u00a0del recurso de casaci\u00f3n, declarar extinguida la acci\u00f3n en el momento \u00a0en \u00a0el \u00a0cual \u00a0se \u00a0cumpla \u00a0el \u00a0t\u00e9rmino \u00a0prescriptivo, de oficio o a petici\u00f3n de \u00a0parte. \u00a0Pero \u00a0si \u00a0no \u00a0se \u00a0advierte \u00a0la \u00a0circunstancia \u00a0y la sentencia alcanza la \u00a0categor\u00eda \u00a0 de \u00a0cosa \u00a0juzgada, \u00a0la \u00a0\u00fanica \u00a0forma \u00a0de \u00a0remover \u00a0sus \u00a0efectos \u00a0e \u00a0invalidarla \u00a0es \u00a0acudiendo \u00a0a la segunda de las causales que hacen procedente la \u00a0acci\u00f3n \u00a0 \u00a0 \u00a0 \u00a0 \u00a0 \u00a0de \u00a0 \u00a0 \u00a0 \u00a0 \u00a0 \u00a0revisi\u00f3n5\u201d6. \u00a0\u00a0<\/p>\n<p>2.- \u00a0En \u00a0el \u00a0presente \u00a0asunto \u00a0el fen\u00f3meno jur\u00eddico de la prescripci\u00f3n de la acci\u00f3n penal \u00a0se \u00a0consolid\u00f3 \u00a0con \u00a0posterioridad \u00a0al \u00a0proferimiento de la sentencia de segunda \u00a0instancia \u00a0y \u00a0antes \u00a0de \u00a0que \u00a0el \u00a0asunto \u00a0llegara \u00a0a la Corte, luego entonces de \u00a0acuerdo \u00a0con \u00a0el marco jurisprudencial antes indicado, le corresponde a la Corte \u00a0su definici\u00f3n. \u00a0\u00a0<\/p>\n<p>3.- \u00a0De \u00a0conformidad \u00a0con la preceptiva del \u00a0art\u00edculo \u00a083 \u00a0de \u00a0la \u00a0ley \u00a0599 de 2000, la acci\u00f3n penal prescribe en un tiempo \u00a0igual \u00a0al \u00a0m\u00e1ximo \u00a0de \u00a0la \u00a0pena \u00a0fijada \u00a0en \u00a0la \u00a0ley, \u00a0si fuere privativa de la \u00a0libertad, \u00a0pero \u00a0en \u00a0ning\u00fan \u00a0caso \u00a0ese lapso podr\u00eda ser inferior a 5 a\u00f1os, ni \u00a0exceder \u00a0de \u00a020, \u00a0salvo \u00a0para las conductas punibles de genocidio, desaparici\u00f3n \u00a0forzada, \u00a0tortura \u00a0y \u00a0desplazamiento \u00a0forzado, que ser\u00e1 de treinta (30) a\u00f1os.. \u00a0\u00a0<\/p>\n<p>La iniciaci\u00f3n del t\u00e9rmino de prescripci\u00f3n \u00a0comienza \u00a0a \u00a0contarse, \u00a0para \u00a0los \u00a0delitos \u00a0instant\u00e1neos, \u00a0desde \u00a0el d\u00eda de la \u00a0consumaci\u00f3n, \u00a0y \u00a0desde \u00a0la \u00a0perpetraci\u00f3n \u00a0del \u00a0\u00faltimo \u00a0acto en los tentados o \u00a0permanentes. \u00a0Este \u00a0tiempo \u00a0se interrumpe por la resoluci\u00f3n de acusaci\u00f3n, o su \u00a0equivalente, debidamente ejecutoriada. \u00a0\u00a0<\/p>\n<p>Producida \u00a0la \u00a0interrupci\u00f3n \u00a0del \u00a0t\u00e9rmino \u00a0prescriptivo, \u00a0el \u00a0t\u00e9rmino \u00a0de \u00a0prescripci\u00f3n comienza a correr de nuevo por un \u00a0per\u00edodo \u00a0igual \u00a0a \u00a0la \u00a0mitad \u00a0del se\u00f1alado en el art\u00edculo 83 ib\u00eddem, pero en \u00a0ning\u00fan caso podr\u00e1 ser inferior a 5 a\u00f1os, ni superior a 10. \u00a0\u00a0<\/p>\n<p>4.- A los procesados Francisco Hern\u00e1n Cruz \u00a0Zarta \u00a0(recurrente) \u00a0y \u00a0a \u00a0Jacqueline \u00a0Fl\u00f3rez \u00a0Mart\u00ednez \u00a0(no recurrente) en la \u00a0resoluci\u00f3n \u00a0de acusaci\u00f3n y en las sentencias de instancia se les atribuy\u00f3 las \u00a0conductas \u00a0punibles \u00a0de \u00a0hurto \u00a0agravado por la confianza y falsedad material en \u00a0documento \u00a0p\u00fablico agravada por el uso\u00a0 (art\u00edculos 239, 241-2, 287 y 290, \u00a0ley \u00a0599 \u00a0de \u00a02000), \u00a0preceptos \u00a0que establecen una pena m\u00e1xima privativa de la \u00a0libertad de nueve (9) a\u00f1os, para cada uno de tales delitos. \u00a0\u00a0<\/p>\n<p>Para efectos de establecer el t\u00e9rmino de la \u00a0prescripci\u00f3n \u00a0en \u00a0este caso, se parte del m\u00e1ximo de pena se\u00f1alado en la norma \u00a0infringida, \u00a0esto \u00a0es,\u00a0 \u00a09 \u00a0a\u00f1os, \u00a0t\u00e9rmino que disminuido en la mitad por \u00a0raz\u00f3n \u00a0de \u00a0la interrupci\u00f3n de la resoluci\u00f3n de acusaci\u00f3n ejecutoriada, queda \u00a0reducido \u00a0a \u00a04 \u00a0a\u00f1os. \u00a0Lo \u00a0anterior significa que en este particular asunto, el \u00a0fen\u00f3meno \u00a0jur\u00eddico \u00a0de \u00a0la \u00a0prescripci\u00f3n \u00a0respecto \u00a0de los delitos objeto del \u00a0fallo \u00a0opera \u00a0en \u00a0un \u00a0t\u00e9rmino \u00a0de \u00a05 \u00a0a\u00f1os \u00a0(art\u00edculo \u00a086, \u00a0inciso 2\u00b0, cp de \u00a02000). \u00a0\u00a0<\/p>\n<p>Como la resoluci\u00f3n de acusaci\u00f3n, tal como \u00a0ya \u00a0se \u00a0advirti\u00f3, \u00a0alcanz\u00f3 \u00a0ejecutoria \u00a0el \u00a020 de junio de 2005, lo que quiere \u00a0significar \u00a0que \u00a0el \u00a0tiempo \u00a0m\u00ednimo \u00a0se\u00f1alado \u00a0por \u00a0la ley para que operara la \u00a0prescripci\u00f3n \u00a0de \u00a0la \u00a0acci\u00f3n \u00a0penal \u00a0en \u00a0el \u00a0juicio \u00a0(5 a\u00f1os), se cumpli\u00f3 el \u00a019 \u00a0de \u00a0junio \u00a0de \u00a02010, es \u00a0decir, antes de que el proceso llegara a la Corte. \u00a0\u00a0<\/p>\n<p>Lo \u00a0anterior, \u00a0entonces, \u00a0constituye raz\u00f3n \u00a0suficiente \u00a0para que la Sala proceda a declarar la prescripci\u00f3n y la extinci\u00f3n \u00a0de \u00a0las \u00a0acciones \u00a0penal \u00a0y civil, derivadas de las conductas punibles del hurto \u00a0agravado \u00a0por \u00a0la \u00a0confianza y la falsedad en documento p\u00fablico agravada por el \u00a0uso, \u00a0porque esta \u00faltima se\u00a0 ejercit\u00f3 dentro del proceso penal (art\u00edculo \u00a098 \u00a0ib\u00eddem) \u00a0y \u00a0a \u00a0ordenar, \u00a0en \u00a0consecuencia, \u00a0la \u00a0cesaci\u00f3n del procedimiento \u00a0seguido \u00a0contra \u00a0Francisco \u00a0Hern\u00e1n \u00a0Cruz \u00a0Zarta, decisi\u00f3n que se extiende a la \u00a0coprocesada \u00a0no \u00a0recurrente \u00a0Jacqueline Fl\u00f3rez Mart\u00ednez,\u00a0 en tanto que el \u00a0fallo no admite ejecutorias parciales. \u00a0\u00a0<\/p>\n<p>El \u00a0juzgado de primera instancia realizar\u00e1 \u00a0las \u00a0anotaciones \u00a0y \u00a0cancelaciones \u00a0que \u00a0se \u00a0deriven \u00a0de \u00a0lo \u00a0decidido \u00a0en \u00a0esta \u00a0providencia, contra la cual procede el recurso de reposici\u00f3n. \u00a0\u00a0<\/p>\n<p>5.- \u00a0Encuentra \u00a0la \u00a0Sala que en el presente \u00a0asunto \u00a0la actuaci\u00f3n que aparece del juez de conocimiento comenz\u00f3 el 9 de mayo \u00a0de \u00a02008, \u00a0esto \u00a0es, \u00a0despu\u00e9s \u00a0de \u00a0casi \u00a0tres \u00a0(3) \u00a0a\u00f1os \u00a0de \u00a0ejecutoria de la \u00a0resoluci\u00f3n \u00a0de \u00a0acusaci\u00f3n \u00a0(junio 20 de 2005), la sentencia de primer grado se \u00a0profiri\u00f3 \u00a0el 15 de octubre de 2008 y tan s\u00f3lo hasta el 8 de mayo de 2009, esto \u00a0es, \u00a0despu\u00e9s \u00a0de \u00a0siete \u00a0(7) \u00a0meses \u00a0se \u00a0concedi\u00f3 el recurso de apelaci\u00f3n. El \u00a0asunto \u00a0arrib\u00f3 \u00a0al\u00a0 \u00a0Tribunal \u00a0Superior de Bogot\u00e1 en mayo 18 de 2009 y el \u00a0fallo \u00a0de segundo grado se dict\u00f3 el 21 de enero de 2010, es decir, pasados ocho \u00a0(8) \u00a0meses, a pesar de la inminencia de la prescripci\u00f3n que, como qued\u00f3 visto, \u00a0se \u00a0consolid\u00f3 \u00a0el \u00a019 \u00a0de \u00a0junio de 2010. Por lo anterior, se dispondr\u00e1 que la \u00a0Secretar\u00eda \u00a0compulse \u00a0copias \u00a0de \u00a0la \u00a0actuaci\u00f3n correspondiente con destino al \u00a0Consejo \u00a0Seccional \u00a0de \u00a0la \u00a0Judicatura, \u00a0Sala \u00a0Jurisdiccional \u00a0Disciplinaria \u00a0de \u00a0Cundinamarca \u00a0y \u00a0a \u00a0la Sala Jurisdiccional Disciplinaria del Consejo Superior de \u00a0la Judicatura, para los fines que estimen pertinente. \u00a0\u00a0<\/p>\n<p>A \u00a0m\u00e9rito de lo expuesto, la Corte Suprema \u00a0de Justicia, Sala de Casaci\u00f3n Penal, \u00a0\u00a0<\/p>\n<p>RESUELVE: \u00a0\u00a0<\/p>\n<p>1.- \u00a0Declarar \u00a0prescritas y extinguidas las \u00a0acciones \u00a0penal \u00a0y civil derivadas de las conductas punibles de hurto agravado y \u00a0falsedad \u00a0en \u00a0documento \u00a0p\u00fablico \u00a0agravada \u00a0atribuidas \u00a0a \u00a0los procesados\u00a0 \u00a0Francisco Hern\u00e1n Sarta Cruz y Jacqueline Fl\u00f3rez Mart\u00ednez. \u00a0\u00a0<\/p>\n<p>2.- \u00a0Ordenar, en consecuencia, la cesaci\u00f3n \u00a0del procedimiento adelantado contra los mencionados acusados. \u00a0\u00a0<\/p>\n<p>3.- \u00a0Disponer que por el Juzgado de primera \u00a0instancia se realicen las anotaciones y cancelaciones pertinentes. \u00a0\u00a0<\/p>\n<p>4.- \u00a0Ordenar \u00a0que la Secretar\u00eda de la Sala \u00a0compulse las copias con la finalidad y los destinos indicados. \u00a0\u00a0<\/p>\n<p>Contra \u00a0esta providencia procede el recurso \u00a0de reposici\u00f3n. \u00a0\u00a0<\/p>\n<p>C\u00f3piese, \u00a0notif\u00edquese \u00a0y \u00a0devu\u00e9lvase \u00a0al \u00a0Juzgado de origen.\u00a0\u00a0\u00a0 C\u00famplase. \u00a0\u00a0<\/p>\n<p>MAR\u00cdA \u00a0DEL \u00a0ROSARIO \u00a0GONZ\u00c1LEZ \u00a0DE \u00a0LEMOS \u00a0\u00a0<\/p>\n<p>Comisi\u00f3n de servicio \u00a0<\/p>\n<p>JOS\u00c9 LEONIDAS BUSTOS MART\u00cdNEZ \u00a0\u00a0 \u00a0\u00a0 \u00a0\u00a0 \u00a0\u00a0 \u00a0\u00a0 \u00a0\u00a0 \u00a0 \u00a0 \u00a0 \u00a0 \u00a0SIGIFREDO \u00a0ESPINOSA \u00a0P\u00c9REZ \u00a0\u00a0<\/p>\n<p>\u00a0\u00a0\u00a0\u00a0\u00a0\u00a0\u00a0\u00a0\u00a0\u00a0 \u00a0Salvamento \u00a0 \u00a0 \u00a0 \u00a0 \u00a0 \u00a0 \u00a0 \u00a0 \u00a0 \u00a0 \u00a0 \u00a0 \u00a0 \u00a0 \u00a0 parcial \u00a0 \u00a0 \u00a0 \u00a0 \u00a0 \u00a0 \u00a0 \u00a0 \u00a0 \u00a0 \u00a0 \u00a0 \u00a0 \u00a0 \u00a0de \u00a0voto\u00a0\u00a0\u00a0\u00a0\u00a0\u00a0\u00a0\u00a0\u00a0\u00a0\u00a0\u00a0\u00a0\u00a0\u00a0\u00a0\u00a0\u00a0\u00a0\u00a0\u00a0\u00a0\u00a0\u00a0\u00a0\u00a0\u00a0\u00a0\u00a0\u00a0\u00a0\u00a0\u00a0\u00a0\u00a0\u00a0\u00a0\u00a0\u00a0\u00a0\u00a0\u00a0\u00a0\u00a0\u00a0\u00a0\u00a0\u00a0\u00a0\u00a0\u00a0\u00a0\u00a0\u00a0\u00a0\u00a0\u00a0\u00a0\u00a0\u00a0\u00a0\u00a0\u00a0\u00a0\u00a0\u00a0\u00a0\u00a0\u00a0\u00a0\u00a0\u00a0\u00a0\u00a0\u00a0\u00a0\u00a0\u00a0\u00a0\u00a0\u00a0\u00a0 \u00a0\u00a0<\/p>\n<p>ALFREDO \u00a0 \u00a0 \u00a0 \u00a0 \u00a0 G\u00d3MEZ \u00a0QUINTERO\u00a0\u00a0\u00a0\u00a0\u00a0\u00a0\u00a0\u00a0\u00a0\u00a0\u00a0\u00a0\u00a0\u00a0\u00a0\u00a0\u00a0\u00a0\u00a0\u00a0\u00a0\u00a0\u00a0\u00a0\u00a0\u00a0\u00a0\u00a0 \u00a0AUGUSTO \u00a0 \u00a0 \u00a0 \u00a0 \u00a0 \u00a0 \u00a0 \u00a0 \u00a0 \u00a0 \u00a0 \u00a0 \u00a0 \u00a0 \u00a0 \u00a0J. \u00a0 \u00a0 \u00a0 \u00a0 \u00a0 \u00a0 \u00a0 \u00a0 \u00a0 \u00a0 \u00a0 \u00a0 \u00a0 \u00a0 \u00a0 IB\u00c1\u00d1EZ \u00a0GUZM\u00c1N\u00a0\u00a0\u00a0\u00a0\u00a0\u00a0\u00a0\u00a0\u00a0\u00a0\u00a0\u00a0\u00a0\u00a0\u00a0\u00a0\u00a0\u00a0\u00a0\u00a0\u00a0\u00a0\u00a0\u00a0\u00a0\u00a0\u00a0\u00a0\u00a0 \u00a0\u00a0<\/p>\n<p>JORGE \u00a0 \u00a0 \u00a0 LUIS \u00a0 \u00a0 \u00a0 QUINTERO \u00a0MILAN\u00c9S\u00a0\u00a0\u00a0\u00a0\u00a0\u00a0\u00a0\u00a0\u00a0\u00a0\u00a0\u00a0\u00a0\u00a0\u00a0\u00a0\u00a0\u00a0\u00a0\u00a0\u00a0\u00a0 \u00a0YESID \u00a0 RAM\u00cdREZ \u00a0 BASTIDAS \u00a0 \u00a0 \u00a0\u00a0 \u00a0\u00a0 \u00a0\u00a0 \u00a0 \u00a0 \u00a0 \u00a0 \u00a0\u00a0 \u00a0\u00a0 \u00a0 \u00a0 \u00a0 \u00a0\u00a0 \u00a0 \u00a0 \u00a0 \u00a0\u00a0 \u00a0 \u00a0 \u00a0 \u00a0\u00a0 \u00a0 \u00a0 \u00a0 \u00a0\u00a0\u00a0\u00a0\u00a0\u00a0\u00a0\u00a0\u00a0\u00a0 \u00a0\u00a0<\/p>\n<p>JULIO \u00a0 \u00a0 \u00a0 \u00a0E. \u00a0 \u00a0 \u00a0 \u00a0SOCHA \u00a0SALAMANCA\u00a0\u00a0\u00a0\u00a0\u00a0\u00a0\u00a0\u00a0\u00a0\u00a0\u00a0\u00a0\u00a0\u00a0\u00a0\u00a0\u00a0\u00a0\u00a0\u00a0\u00a0\u00a0\u00a0\u00a0\u00a0\u00a0\u00a0\u00a0\u00a0\u00a0\u00a0\u00a0\u00a0\u00a0\u00a0\u00a0\u00a0\u00a0\u00a0 \u00a0JAVIER ZAPATA ORTIZ \u00a0\u00a0<\/p>\n<p>TERESA \u00a0 \u00a0RUIZ \u00a0N\u00da\u00d1EZ \u00a0\u00a0<\/p>\n<p>Secretaria \u00a0\u00a0<\/p>\n<p>\u00a0 \u00a0\u00a0<\/p>\n<p>1 CORTE \u00a0SUPREMA \u00a0 \u00a0 DE \u00a0 \u00a0JUSTICIA, \u00a0 \u00a0Sala \u00a0 \u00a0de \u00a0 \u00a0Casaci\u00f3n \u00a0 \u00a0Penal, \u00a0 \u00a0sentencia \u00a0octubre \u00a013 de 1994, Radicado \u00a08690. \u00a0\u00a0<\/p>\n<p>2 CORTE \u00a0SUPREMA \u00a0 \u00a0 DE \u00a0 \u00a0JUSTICIA, \u00a0 \u00a0Sala \u00a0 \u00a0de \u00a0 \u00a0Casaci\u00f3n \u00a0 \u00a0Penal, \u00a0 \u00a0sentencia\u00a0 \u00a0mayo \u00a028 de 2000,\u00a0 \u00a0Radicado 16.441. \u00a0\u00a0<\/p>\n<p>3 CORTE \u00a0SUPREMA \u00a0DE \u00a0JUSTICIA, \u00a0Sala de Casaci\u00f3n Penal,\u00a0 \u00a0sentencia\u00a0 \u00a0marzo \u00a024 \u00a0de 2003, Radicado 20.164, \u00a0reiterada \u00a0en \u00a0auto de junio \u00a02 de 2004, Radicado 21.484. \u00a0\u00a0<\/p>\n<p>4 CORTE \u00a0SUPREMA \u00a0 \u00a0 DE \u00a0 \u00a0JUSTICIA, \u00a0 \u00a0Sala \u00a0 \u00a0de \u00a0 \u00a0Casaci\u00f3n \u00a0 \u00a0Penal, \u00a0 \u00a0sentencia \u00a0octubre \u00a024 de 2003, Radicado \u00a017.466. \u00a0\u00a0<\/p>\n<p>5 CORTE \u00a0SUPREMA \u00a0 \u00a0 DE \u00a0 \u00a0JUSTICIA, \u00a0 \u00a0Sala \u00a0 \u00a0de \u00a0 \u00a0Casaci\u00f3n \u00a0 \u00a0Penal, \u00a0 \u00a0sentencia \u00a0junio \u00a030 \u00a0de \u00a02004, Radicado \u00a018.368. \u00a0\u00a0<\/p>\n<p>6 CORTE \u00a0SUPREMA \u00a0DE \u00a0JUSTICIA, \u00a0Sala \u00a0de Casaci\u00f3n Penal, auto \u00a0septiembre 8 de 2004, Radicado 22.588. \u00a0 \u00a0\u00a0<\/p>\n<p><\/p>\n","protected":false},"excerpt":{"rendered":"<p>\u00a0 \u00a0 Proceso n.\u00ba 34439 \u00a0 CORTE SUPREMA DE JUSTICIA \u00a0 SALA DE CASACI\u00d3N PENAL \u00a0 \u00a0 \u00a0 \u00a0 \u00a0 \u00a0 Magistrado \u00a0Ponente \u00a0\u00a0 YESID \u00a0RAM\u00cdREZ \u00a0BASTIDAS \u00a0\u00a0 Aprobado \u00a0 \u00a0Acta \u00a0N\u00b0 \u00a0 260. \u00a0\u00a0 Bogot\u00e1, \u00a0 \u00a0 D. \u00a0 \u00a0C., \u00a0 \u00a0agosto dieciocho (18) de dos mil diez (2010). \u00a0\u00a0 VISTOS: \u00a0 \u00a0\u00a0\u00a0\u00a0\u00a0\u00a0\u00a0\u00a0\u00a0 Proceder\u00eda [&hellip;]<\/p>\n","protected":false},"author":1,"featured_media":0,"comment_status":"open","ping_status":"open","sticky":false,"template":"","format":"standard","meta":{"footnotes":""},"categories":[18],"tags":[],"class_list":["post-21260","post","type-post","status-publish","format-standard","hentry","category-18"],"_links":{"self":[{"href":"https:\/\/dmsjuridica.com\/buscador_20179478954\/salapenalcronologico20230723\/wp-json\/wp\/v2\/posts\/21260","targetHints":{"allow":["GET"]}}],"collection":[{"href":"https:\/\/dmsjuridica.com\/buscador_20179478954\/salapenalcronologico20230723\/wp-json\/wp\/v2\/posts"}],"about":[{"href":"https:\/\/dmsjuridica.com\/buscador_20179478954\/salapenalcronologico20230723\/wp-json\/wp\/v2\/types\/post"}],"author":[{"embeddable":true,"href":"https:\/\/dmsjuridica.com\/buscador_20179478954\/salapenalcronologico20230723\/wp-json\/wp\/v2\/users\/1"}],"replies":[{"embeddable":true,"href":"https:\/\/dmsjuridica.com\/buscador_20179478954\/salapenalcronologico20230723\/wp-json\/wp\/v2\/comments?post=21260"}],"version-history":[{"count":0,"href":"https:\/\/dmsjuridica.com\/buscador_20179478954\/salapenalcronologico20230723\/wp-json\/wp\/v2\/posts\/21260\/revisions"}],"wp:attachment":[{"href":"https:\/\/dmsjuridica.com\/buscador_20179478954\/salapenalcronologico20230723\/wp-json\/wp\/v2\/media?parent=21260"}],"wp:term":[{"taxonomy":"category","embeddable":true,"href":"https:\/\/dmsjuridica.com\/buscador_20179478954\/salapenalcronologico20230723\/wp-json\/wp\/v2\/categories?post=21260"},{"taxonomy":"post_tag","embeddable":true,"href":"https:\/\/dmsjuridica.com\/buscador_20179478954\/salapenalcronologico20230723\/wp-json\/wp\/v2\/tags?post=21260"}],"curies":[{"name":"wp","href":"https:\/\/api.w.org\/{rel}","templated":true}]}}