{"id":21227,"date":"2023-09-11T22:55:11","date_gmt":"2023-09-11T22:55:11","guid":{"rendered":"https:\/\/dmsjuridica.com\/buscador_20179478954\/salapenalcronologico20230723\/2023\/09\/11\/3434314-07-10\/"},"modified":"2023-09-11T22:55:11","modified_gmt":"2023-09-11T22:55:11","slug":"3434314-07-10","status":"publish","type":"post","link":"https:\/\/dmsjuridica.com\/buscador_20179478954\/salapenalcronologico20230723\/2023\/09\/11\/3434314-07-10\/","title":{"rendered":"34343(14-07-10)"},"content":{"rendered":"\n<p>\u00a0 \u00a0 Proceso n.\u00ba 34343 \u00a0<\/p>\n<p>CORTE SUPREMA DE JUSTICIA \u00a0<\/p>\n<p>SALA DE CASACI\u00d3N PENAL \u00a0<\/p>\n<p>Magistrado Ponente: \u00a0<\/p>\n<p>Dr. SIGIFREDO ESPINOSA P\u00c9REZ \u00a0<\/p>\n<p>Aprobado Acta N\u00b0 224. \u00a0<\/p>\n<p>Bogot\u00e1, \u00a0D.C., \u00a0catorce \u00a0de julio de dos mil \u00a0diez. \u00a0\u00a0<\/p>\n<p>V I S T O S \u00a0<\/p>\n<p>Se \u00a0pronuncia \u00a0la \u00a0Corte sobre la renuncia a \u00a0t\u00e9rminos \u00a0para \u00a0el \u00a0ejercicio \u00a0de \u00a0sus \u00a0derechos, \u00a0aducida \u00a0por el defensor del \u00a0solicitado en extradici\u00f3n ALEJANDRO TASC\u00d3N RODR\u00cdGUEZ. \u00a0\u00a0<\/p>\n<p>ANTECEDENTES\u00a0 PROCESALES \u00a0<\/p>\n<p>El \u00a0Gobierno \u00a0de \u00a0los \u00a0Estados \u00a0Unidos \u00a0de \u00a0Am\u00e9rica, \u00a0por \u00a0conducto \u00a0de \u00a0su \u00a0embajada en Colombia, mediante nota verbal N\u00b0 \u00a00672 \u00a0del \u00a027 de marzo de 2009, solicit\u00f3 al Ministerio de Relaciones Exteriores \u00a0la \u00a0detenci\u00f3n \u00a0provisional, \u00a0con fines de extradici\u00f3n, del ciudadano ALEJANDRO \u00a0TASC\u00d3N \u00a0RODR\u00cdGUEZ, \u00a0pues \u00a0la \u00a0Corte \u00a0Distrital \u00a0de \u00a0los Estados Unidos para el \u00a0Distrito \u00a0de \u00a0Columbia lo requiere para comparecer en juicio, toda vez que all\u00ed \u00a0se \u00a0emiti\u00f3 \u00a0en \u00a0su \u00a0contra \u00a0la \u00a0acusaci\u00f3n N\u00b0 CR-05-439 (JDB), dictada el 8 de \u00a0diciembre \u00a0de \u00a02005, \u00a0en \u00a0la cual se le formulan cargos por delitos federales de \u00a0narc\u00f3ticos. \u00a0\u00a0<\/p>\n<p>El \u00a0se\u00f1or Fiscal General de la Naci\u00f3n, con \u00a0resoluci\u00f3n \u00a0del \u00a030 \u00a0de \u00a0marzo de 2009, orden\u00f3 la captura de ALEJANDRO TASC\u00d3N \u00a0RODR\u00cdGUEZ, \u00a0diligencia que se llev\u00f3 a cabo el 31 de marzo de 2010 por miembros \u00a0del \u00a0Cuerpo \u00a0T\u00e9cnico de Investigaci\u00f3n en el restaurante de nombre \u201cMi \u00a0Ranchito\u201d, ubicado en la v\u00eda que \u00a0de Medell\u00edn conduce a Girardota (Antioquia). \u00a0\u00a0<\/p>\n<p>La \u00a0mencionada \u00a0representaci\u00f3n diplom\u00e1tica \u00a0formaliz\u00f3 \u00a0la petici\u00f3n de extradici\u00f3n de ALEJANDRO TASC\u00d3N RODR\u00cdGUEZ, lo que \u00a0hizo a trav\u00e9s de la nota verbal N\u00b0 1156 del 28 de mayo de 2010. \u00a0\u00a0<\/p>\n<p>El \u00a0Ministerio \u00a0de \u00a0Relaciones \u00a0Exteriores, \u00a0anotando \u00a0que \u00a0\u201cpor no existir Convenio aplicable al \u00a0caso \u00a0es \u00a0procedente \u00a0obrar \u00a0de \u00a0conformidad \u00a0con el ordenamiento procesal penal \u00a0colombiano\u201d, \u00a0remiti\u00f3 \u00a0la \u00a0mencionada \u00a0nota verbal y los documentos anexos al del \u00a0Interior \u00a0y \u00a0de \u00a0Justicia, entidad que a su vez envi\u00f3 tal documentaci\u00f3n a esta \u00a0Corte, \u00a0 donde \u00a0 se \u00a0 dispuso \u00a0que \u00a0el \u00a0solicitado \u00a0designara \u00a0un \u00a0defensor \u00a0que \u00a0representara sus intereses en este tr\u00e1mite. \u00a0\u00a0<\/p>\n<p>El \u00a0solicitado le otorg\u00f3 poder a un abogado \u00a0de \u00a0confianza, \u00a0quien \u00a0presenta memorial manifestando su voluntad de renunciar a \u00a0los \u00a0\u201ct\u00e9rminos de notificaci\u00f3n y ejecutoria de los \u00a0autos \u00a0que \u00a0se dicten en el tr\u00e1mite de extradici\u00f3n, a pruebas, (sic) e incluso \u00a0a \u00a0la \u00a0presentaci\u00f3n \u00a0de alegaciones\u201d, manifestaci\u00f3n \u00a0que \u00a0dice \u00a0hacer siguiendo las instrucciones de su representado, luego de que se \u00a0venciera \u00a0el \u00a0lapso \u00a0otorgado para la solicitud de pr\u00e1ctica de pruebas, sin que \u00a0se \u00a0hiciera \u00a0requerimiento \u00a0de \u00a0esta \u00a0naturaleza \u00a0por \u00a0parte \u00a0suya, \u00a0de \u00a0TASC\u00d3N \u00a0RODR\u00cdGUEZ ni del Agente del Ministerio P\u00fablico. \u00a0\u00a0<\/p>\n<p>C O N S I D E R A C I O N E S \u00a0<\/p>\n<p>Como \u00a0lo estim\u00f3 el Ministerio de Relaciones \u00a0Exteriores, \u00a0este \u00a0tr\u00e1mite \u00a0de \u00a0extradici\u00f3n \u00a0se rige por las disposiciones del \u00a0C\u00f3digo \u00a0 de \u00a0Procedimiento \u00a0Penal. \u00a0Lo \u00a0anterior \u00a0implica \u00a0que, \u00a0a\u00fan \u00a0en \u00a0esta \u00a0actuaci\u00f3n \u00a0especial, \u00a0todos \u00a0los \u00a0intervinientes gozan de los mismos derechos e \u00a0id\u00e9nticas \u00a0garant\u00edas \u00a0y \u00a0facultades \u00a0concebidas \u00a0por \u00a0el \u00a0legislador \u00a0para los \u00a0sujetos procesales al interior del proceso. \u00a0\u00a0<\/p>\n<p>Por \u00a0eso \u00a0es \u00a0viable \u00a0que \u00a0cualquier \u00a0sujeto \u00a0procesal \u00a0renuncie \u00a0a \u00a0los \u00a0t\u00e9rminos \u00a0consagrados \u00a0por \u00a0la ley en su favor para \u00a0ejercer \u00a0alg\u00fan \u00a0derecho, \u00a0ya que as\u00ed lo admite el art\u00edculo 122 del C\u00f3digo de \u00a0Procedimiento \u00a0Civil, aplicable en virtud del principio de integraci\u00f3n previsto \u00a0en el art\u00edculo 25 de la Ley 906 de 2004. \u00a0\u00a0<\/p>\n<p>Pero \u00a0tal \u00a0renuncia \u00a0no \u00a0puede \u00a0afectar \u00a0el \u00a0eventual \u00a0inter\u00e9s \u00a0abrigado \u00a0por otros sujetos procesales o intervinientes para \u00a0hacer \u00a0uso, \u00a0de \u00a0acuerdo \u00a0con \u00a0sus particulares perspectivas, de los \u00e1mbitos de \u00a0intervenci\u00f3n \u00a0procesal \u00a0que \u00a0la ley estatuye, como son los que, en el escenario \u00a0del \u00a0tr\u00e1mite \u00a0de \u00a0extradici\u00f3n, \u00a0se\u00f1ala \u00a0para solicitar o presentar pruebas, o \u00a0aportar alegatos. \u00a0\u00a0<\/p>\n<p>Adem\u00e1s \u00a0del \u00a0defensor \u00a0y \u00a0el \u00a0solicitado en \u00a0extradici\u00f3n, \u00a0el Agente del Ministerio P\u00fablico tiene la facultad de intervenir \u00a0ante \u00a0esta \u00a0Corte dentro del tr\u00e1mite de extradici\u00f3n, seg\u00fan lo dispuesto en el \u00a0art\u00edculo \u00a087, literal d) de la Ley 201 de 1995 y en el art\u00edculo 29 del Decreto \u00a0262 \u00a0de \u00a02000, \u00a0por \u00a0manera \u00a0que \u00a0la \u00a0aceptaci\u00f3n de la renuncia que presenta el \u00a0apoderado \u00a0del \u00a0requerido ALEJANDRO TASC\u00d3N RODR\u00cdGUEZ a los t\u00e9rminos que en su \u00a0favor \u00a0prev\u00e9 \u00a0el \u00a0art\u00edculo \u00a0500, \u00a0incisos \u00a01 \u00a0y \u00a03, \u00a0de la Ley 906 de 2004, no \u00a0afectar\u00e1 \u00a0 la \u00a0 prosecuci\u00f3n \u00a0 normal \u00a0de \u00a0esta \u00a0actuaci\u00f3n, \u00a0ni \u00a0alterar\u00e1 \u00a0la \u00a0posibilidad \u00a0de que el Agente del Ministerio P\u00fablico y el requerido intervengan \u00a0en \u00a0 \u00a0cada \u00a0 \u00a0un \u00a0 de \u00a0 las \u00a0 fases \u00a0 \u2013solicitud \u00a0de \u00a0pr\u00e1ctica \u00a0de \u00a0pruebas \u00a0y presentaci\u00f3n de alegatos-, \u00a0m\u00e1xime \u00a0 cuando \u00a0 este \u00a0 \u00faltimo \u00a0 no \u00a0 coadyuv\u00f3 \u00a0 de \u00a0 manera \u00a0 expresa \u00a0 tal \u00a0renuncia. \u00a0\u00a0<\/p>\n<p>De \u00a0otro \u00a0lado, \u00a0comoquiera \u00a0que \u00a0vencido el \u00a0t\u00e9rmino \u00a0de \u00a0traslado \u00a0para \u00a0que \u00a0los \u00a0intervinientes \u00a0dentro \u00a0de este tr\u00e1mite \u00a0solicitaran \u00a0pruebas, \u00a0ninguno hizo petici\u00f3n alguna, y en vista de que la Corte \u00a0no \u00a0 observa \u00a0 la \u00a0necesidad \u00a0de \u00a0incorporar \u00a0ning\u00fan \u00a0elemento \u00a0probatorio, \u00a0se \u00a0dispondr\u00e1 \u00a0correrles \u00a0traslado \u00a0por \u00a0el \u00a0t\u00e9rmino \u00a0de cinco (5) d\u00edas, para que \u00a0presenten \u00a0alegatos, \u00a0de \u00a0conformidad con el inciso tercero del art\u00edculo 500 de \u00a0la Ley 906 de 2004. \u00a0\u00a0<\/p>\n<p>En \u00a0m\u00e9rito \u00a0de lo expuesto, la CORTE SUPREMA DE JUSTICIA, Sala de Casaci\u00f3n Penal, \u00a0\u00a0<\/p>\n<p>R \u00a0 E \u00a0 S \u00a0U \u00a0E \u00a0L \u00a0V \u00a0E \u00a0\u00a0<\/p>\n<p>1\u00b0.\u00a0 \u00a0 \u00a0 \u00a0 \u00a0ACEPTAR \u00a0la \u00a0renuncia que el defensor del \u00a0solicitado \u00a0en \u00a0extradici\u00f3n \u00a0ALEJANDRO \u00a0TASC\u00d3N RODR\u00cdGUEZ hace a los t\u00e9rminos \u00a0previstos en la ley dentro del presente tr\u00e1mite. \u00a0\u00a0<\/p>\n<p>2\u00b0.\u00a0 \u00a0Una vez \u00a0cobre \u00a0 ejecutoria \u00a0 esta \u00a0 determinaci\u00f3n, \u00a0 c\u00f3rrase \u00a0traslado \u00a0a \u00a0los \u00a0dem\u00e1s \u00a0intervinientes, \u00a0por \u00a0el \u00a0lapso de cinco (5) d\u00edas, para que presenten alegatos, \u00a0de \u00a0conformidad \u00a0con \u00a0el \u00a0inciso \u00a0tercero \u00a0del \u00a0art\u00edculo \u00a0500 \u00a0de la Ley 906 de \u00a02004. \u00a0\u00a0<\/p>\n<p>C\u00f3piese, \u00a0 \u00a0 \u00a0notif\u00edquese \u00a0 \u00a0 \u00a0y \u00a0c\u00famplase. \u00a0\u00a0<\/p>\n<p>MARIA \u00a0 \u00a0DEL \u00a0 \u00a0ROSARIO \u00a0 \u00a0GONZALEZ \u00a0 DE \u00a0LEMOS \u00a0\u00a0<\/p>\n<p>Comisi\u00f3n de servicio \u00a0<\/p>\n<p>JOS\u00c9 \u00a0LEONIDAS BUSTOS MART\u00cdNEZ \u00a0\u00a0 \u00a0\u00a0 \u00a0\u00a0 \u00a0\u00a0 \u00a0\u00a0 \u00a0\u00a0 \u00a0 \u00a0 \u00a0 \u00a0 \u00a0 \u00a0SIGIFREDO \u00a0 \u00a0 ESPINOSA \u00a0P\u00c9REZ \u00a0\u00a0<\/p>\n<p>ALFREDO \u00a0 G\u00d3MEZ \u00a0 QUINTERO \u00a0\u00a0 \u00a0\u00a0 \u00a0\u00a0 \u00a0\u00a0 \u00a0\u00a0 \u00a0\u00a0 \u00a0 \u00a0\u00a0 \u00a0 \u00a0\u00a0JULIO \u00a0 \u00a0ENRIQUE \u00a0 \u00a0SOCHA \u00a0SALAMANCA \u00a0\u00a0<\/p>\n<p>AUGUSTO \u00a0J. \u00a0IB\u00c1\u00d1EZ \u00a0GUZM\u00c1N \u00a0\u00a0 \u00a0\u00a0 \u00a0\u00a0 \u00a0\u00a0 \u00a0\u00a0 \u00a0\u00a0 \u00a0 \u00a0\u00a0 \u00a0 \u00a0\u00a0JORGE \u00a0 \u00a0LUIS \u00a0 \u00a0QUINTERO \u00a0MILAN\u00c9S \u00a0\u00a0<\/p>\n<p>Comisi\u00f3n de servicio \u00a0<\/p>\n<p>YESID \u00a0 \u00a0RAM\u00cdREZ \u00a0 BASTIDAS \u00a0\u00a0 \u00a0\u00a0 \u00a0\u00a0 \u00a0\u00a0 \u00a0\u00a0 \u00a0\u00a0 \u00a0 \u00a0 \u00a0 \u00a0JAVIER \u00a0 DE \u00a0 JES\u00daS \u00a0ZAPATA \u00a0ORTIZ \u00a0\u00a0<\/p>\n<p>Cita medica \u00a0<\/p>\n<p>TERESA RUIZ N\u00da\u00d1EZ \u00a0<\/p>\n<p>Secretaria \u00a0 \u00a0<\/p>\n<p><\/p>\n","protected":false},"excerpt":{"rendered":"<p>\u00a0 \u00a0 Proceso n.\u00ba 34343 \u00a0 CORTE SUPREMA DE JUSTICIA \u00a0 SALA DE CASACI\u00d3N PENAL \u00a0 Magistrado Ponente: \u00a0 Dr. SIGIFREDO ESPINOSA P\u00c9REZ \u00a0 Aprobado Acta N\u00b0 224. \u00a0 Bogot\u00e1, \u00a0D.C., \u00a0catorce \u00a0de julio de dos mil \u00a0diez. \u00a0\u00a0 V I S T O S \u00a0 Se \u00a0pronuncia \u00a0la \u00a0Corte sobre la renuncia a \u00a0t\u00e9rminos [&hellip;]<\/p>\n","protected":false},"author":1,"featured_media":0,"comment_status":"open","ping_status":"open","sticky":false,"template":"","format":"standard","meta":{"footnotes":""},"categories":[18],"tags":[],"class_list":["post-21227","post","type-post","status-publish","format-standard","hentry","category-18"],"_links":{"self":[{"href":"https:\/\/dmsjuridica.com\/buscador_20179478954\/salapenalcronologico20230723\/wp-json\/wp\/v2\/posts\/21227","targetHints":{"allow":["GET"]}}],"collection":[{"href":"https:\/\/dmsjuridica.com\/buscador_20179478954\/salapenalcronologico20230723\/wp-json\/wp\/v2\/posts"}],"about":[{"href":"https:\/\/dmsjuridica.com\/buscador_20179478954\/salapenalcronologico20230723\/wp-json\/wp\/v2\/types\/post"}],"author":[{"embeddable":true,"href":"https:\/\/dmsjuridica.com\/buscador_20179478954\/salapenalcronologico20230723\/wp-json\/wp\/v2\/users\/1"}],"replies":[{"embeddable":true,"href":"https:\/\/dmsjuridica.com\/buscador_20179478954\/salapenalcronologico20230723\/wp-json\/wp\/v2\/comments?post=21227"}],"version-history":[{"count":0,"href":"https:\/\/dmsjuridica.com\/buscador_20179478954\/salapenalcronologico20230723\/wp-json\/wp\/v2\/posts\/21227\/revisions"}],"wp:attachment":[{"href":"https:\/\/dmsjuridica.com\/buscador_20179478954\/salapenalcronologico20230723\/wp-json\/wp\/v2\/media?parent=21227"}],"wp:term":[{"taxonomy":"category","embeddable":true,"href":"https:\/\/dmsjuridica.com\/buscador_20179478954\/salapenalcronologico20230723\/wp-json\/wp\/v2\/categories?post=21227"},{"taxonomy":"post_tag","embeddable":true,"href":"https:\/\/dmsjuridica.com\/buscador_20179478954\/salapenalcronologico20230723\/wp-json\/wp\/v2\/tags?post=21227"}],"curies":[{"name":"wp","href":"https:\/\/api.w.org\/{rel}","templated":true}]}}